{"id":13541,"date":"2014-12-28T12:37:01","date_gmt":"2014-12-28T11:37:01","guid":{"rendered":"https:\/\/www.fcgueugnon.fr\/wp\/?p=13541"},"modified":"2015-07-14T12:46:28","modified_gmt":"2015-07-14T10:46:28","slug":"jeunes-interviews-des-coachs-a-mi-saison","status":"publish","type":"post","link":"https:\/\/www.fcgueugnon.fr\/wp\/jeunes-interviews-des-coachs-a-mi-saison\/13541","title":{"rendered":"[Jeunes] Interviews des coachs \u00e0 mi-saison"},"content":{"rendered":"<p>Malgr\u00e9 les d\u00e9boires connus il y a quelques saisons, le FCGueugnon reste un club formateur pas moins de 150 jeunes r\u00e9partis dans une douzaine d&rsquo;\u00e9quipes&#8230;<br \/>\nDurant cette tr\u00eave hivernale, retrouvez les interviews des coachs et responsable des cat\u00e9gories jeunes \u00e9voquant les r\u00e9sultats, les ambitions et les valeurs qu&rsquo;ils transmettent quotidiennement aux jeunes forgerons !<\/p>\n<p><a href=\"http:\/\/bit.ly\/1Exr8wZ\"><img loading=\"lazy\" decoding=\"async\" class=\"alignnone  wp-image-13530\" src=\"https:\/\/www.fcgueugnon.fr\/wp\/wp-content\/uploads\/2014\/12\/LogoFCGU18-coach-300x125.png\" alt=\"LogoFCGU18-coach\" width=\"200\" height=\"83\" \/><\/a><a href=\"http:\/\/bit.ly\/1BheX1s\"><img loading=\"lazy\" decoding=\"async\" class=\"alignnone  wp-image-13538\" src=\"https:\/\/www.fcgueugnon.fr\/wp\/wp-content\/uploads\/2014\/12\/LogoFCGU17-coach-300x125.png\" alt=\"LogoFCGU17-coach\" width=\"200\" height=\"83\" \/><\/a><a href=\"http:\/\/bit.ly\/1D1lgHY\"><img loading=\"lazy\" decoding=\"async\" class=\"alignnone wp-image-13537\" src=\"https:\/\/www.fcgueugnon.fr\/wp\/wp-content\/uploads\/2014\/12\/LogoFCGU16-coach-300x125.png\" alt=\"LogoFCGU16-coach\" width=\"200\" height=\"84\" \/><\/a><a href=\"http:\/\/bit.ly\/16Xw9jJ\"><img loading=\"lazy\" decoding=\"async\" class=\"alignnone wp-image-13535\" src=\"https:\/\/www.fcgueugnon.fr\/wp\/wp-content\/uploads\/2014\/12\/LogoFCGU14-coach-300x125.png\" alt=\"LogoFCGU14-coach\" width=\"200\" height=\"84\" \/><\/a><a href=\"http:\/\/bit.ly\/1D1lrTw\"><img loading=\"lazy\" decoding=\"async\" class=\"alignnone wp-image-13534\" src=\"https:\/\/www.fcgueugnon.fr\/wp\/wp-content\/uploads\/2014\/12\/LogoFCGU13-coach-300x125.png\" alt=\"LogoFCGU13-coach\" width=\"200\" height=\"84\" \/><\/a><a href=\"http:\/\/bit.ly\/1JWbPhG\"><img loading=\"lazy\" decoding=\"async\" class=\"alignnone wp-image-13533\" src=\"https:\/\/www.fcgueugnon.fr\/wp\/wp-content\/uploads\/2014\/12\/LogoFCGU11-coach-300x125.png\" alt=\"LogoFCGU11-coach\" width=\"200\" height=\"84\" \/><\/a><a href=\"http:\/\/bit.ly\/1zKZSIh\"><img loading=\"lazy\" decoding=\"async\" class=\"alignnone wp-image-13532\" src=\"https:\/\/www.fcgueugnon.fr\/wp\/wp-content\/uploads\/2014\/12\/LogoFCGU9-coach-300x125.png\" alt=\"LogoFCGU9-coach\" width=\"200\" height=\"84\" \/><\/a><a href=\"http:\/\/bit.ly\/1vBWetW\"><img loading=\"lazy\" decoding=\"async\" class=\"alignnone wp-image-13531\" src=\"https:\/\/www.fcgueugnon.fr\/wp\/wp-content\/uploads\/2014\/12\/LogoFCGU7-coach-300x125.png\" alt=\"LogoFCGU7-coach\" width=\"200\" height=\"84\" \/><\/a><\/p>\n<p style=\"text-align: center;\">===<\/p>\n<p style=\"text-align: center;\"><a href=\"https:\/\/www.fcgueugnon.fr\/wp\/wp-content\/uploads\/2013\/06\/LogoFCGJeunes.png\"><img loading=\"lazy\" decoding=\"async\" class=\"alignnone size-medium wp-image-12266\" src=\"https:\/\/www.fcgueugnon.fr\/wp\/wp-content\/uploads\/2013\/06\/LogoFCGJeunes-300x254.png\" alt=\"LogoFCGJeunes\" width=\"300\" height=\"254\" \/><\/a><\/p>\n","protected":false},"excerpt":{"rendered":"<p>Malgr\u00e9 les d\u00e9boires connus il y a quelques saisons, le FCGueugnon reste un club formateur pas moins de 150 jeunes r\u00e9partis dans une douzaine d&rsquo;\u00e9quipes&#8230; Durant cette tr\u00eave hivernale, retrouvez les interviews des coachs et responsable des cat\u00e9gories jeunes \u00e9voquant les r\u00e9sultats, les ambitions et les valeurs qu&rsquo;ils transmettent quotidiennement aux jeunes forgerons ! ===<\/p>\n","protected":false},"author":1,"featured_media":12266,"comment_status":"closed","ping_status":"closed","sticky":false,"template":"","format":"standard","meta":{"_coblocks_attr":"","_coblocks_dimensions":"","_coblocks_responsive_height":"","_coblocks_accordion_ie_support":"","footnotes":""},"categories":[186,12],"tags":[97,166],"_links":{"self":[{"href":"https:\/\/www.fcgueugnon.fr\/wp\/wp-json\/wp\/v2\/posts\/13541"}],"collection":[{"href":"https:\/\/www.fcgueugnon.fr\/wp\/wp-json\/wp\/v2\/posts"}],"about":[{"href":"https:\/\/www.fcgueugnon.fr\/wp\/wp-json\/wp\/v2\/types\/post"}],"author":[{"embeddable":true,"href":"https:\/\/www.fcgueugnon.fr\/wp\/wp-json\/wp\/v2\/users\/1"}],"replies":[{"embeddable":true,"href":"https:\/\/www.fcgueugnon.fr\/wp\/wp-json\/wp\/v2\/comments?post=13541"}],"version-history":[{"count":0,"href":"https:\/\/www.fcgueugnon.fr\/wp\/wp-json\/wp\/v2\/posts\/13541\/revisions"}],"wp:featuredmedia":[{"embeddable":true,"href":"https:\/\/www.fcgueugnon.fr\/wp\/wp-json\/wp\/v2\/media\/12266"}],"wp:attachment":[{"href":"https:\/\/www.fcgueugnon.fr\/wp\/wp-json\/wp\/v2\/media?parent=13541"}],"wp:term":[{"taxonomy":"category","embeddable":true,"href":"https:\/\/www.fcgueugnon.fr\/wp\/wp-json\/wp\/v2\/categories?post=13541"},{"taxonomy":"post_tag","embeddable":true,"href":"https:\/\/www.fcgueugnon.fr\/wp\/wp-json\/wp\/v2\/tags?post=13541"}],"curies":[{"name":"wp","href":"https:\/\/api.w.org\/{rel}","templated":true}]}}