{"id":13170,"date":"2014-11-22T23:00:05","date_gmt":"2014-11-22T22:00:05","guid":{"rendered":"https:\/\/www.fcgueugnon.fr\/wp\/?p=13170"},"modified":"2015-07-14T12:46:29","modified_gmt":"2015-07-14T10:46:29","slug":"cfa2-j9-andrezieux-fcg-revivre-le-live-video","status":"publish","type":"post","link":"https:\/\/www.fcgueugnon.fr\/wp\/cfa2-j9-andrezieux-fcg-revivre-le-live-video\/13170","title":{"rendered":"[CFA2 J9] Andr\u00e9zieux &#8211; FCG : Revivre le live vid\u00e9o"},"content":{"rendered":"<p style=\"text-align: left;\">A l&rsquo;occasion de la rencontre entre l&rsquo;<strong>ASF Andr\u00e9zieux-Bouth\u00e9on<\/strong> et le<strong> FCGueugnon<\/strong> (2-2) qui a eu lieu ce <strong>samedi 22 novembre \u00e0 17h<\/strong> au stade Baudras, les cam\u00e9ras de la webTV de la F\u00e9d\u00e9ration Fran\u00e7aise de Football \u00e9taient pr\u00e9sentes pour diffuser la rencontre.<\/p>\n<p style=\"text-align: left;\">Revivez la rencontre via la vid\u00e9o suivante<\/p>\n<p style=\"text-align: center;\"><iframe loading=\"lazy\" src=\"\/\/www.dailymotion.com\/embed\/video\/x2atn0k\" width=\"480\" height=\"270\" frameborder=\"0\" allowfullscreen=\"allowfullscreen\"><\/iframe><br \/>\n<a href=\"http:\/\/www.dailymotion.com\/video\/x2atn0k_samedi-22-novembre-a-17h-asf-andrezieux-fc-gueugnon-cfa-2-groupe-f-j9-replay_sport\" target=\"_blank\">Samedi 22 Novembre \u00e0 17h &#8211; ASF Andr\u00e9zieux &#8211; FC&#8230;<\/a> <i>par <a href=\"http:\/\/www.dailymotion.com\/fff-football-amateur-tv\" target=\"_blank\">fff-football-amateur-tv<\/a><\/i><\/p>\n","protected":false},"excerpt":{"rendered":"<p>A l&rsquo;occasion de la rencontre entre l&rsquo;ASF Andr\u00e9zieux-Bouth\u00e9on et le FCGueugnon (2-2) qui a eu lieu ce samedi 22 novembre \u00e0 17h au stade Baudras, les cam\u00e9ras de la webTV de la F\u00e9d\u00e9ration Fran\u00e7aise de Football \u00e9taient pr\u00e9sentes pour diffuser la rencontre. Revivez la rencontre via la vid\u00e9o suivante Samedi 22 Novembre \u00e0 17h &#8211; &#8230; <\/p>\n<p class=\"read-more-container\"><a title=\"[CFA2 J9] Andr\u00e9zieux &#8211; FCG : Revivre le live vid\u00e9o\" class=\"read-more button\" href=\"https:\/\/www.fcgueugnon.fr\/wp\/cfa2-j9-andrezieux-fcg-revivre-le-live-video\/13170#more-13170\">Lire la suite<span class=\"screen-reader-text\">[CFA2 J9] Andr\u00e9zieux &#8211; FCG : Revivre le live vid\u00e9o<\/span><\/a><\/p>\n","protected":false},"author":1,"featured_media":13171,"comment_status":"closed","ping_status":"closed","sticky":false,"template":"","format":"standard","meta":{"_coblocks_attr":"","_coblocks_dimensions":"","_coblocks_responsive_height":"","_coblocks_accordion_ie_support":"","footnotes":""},"categories":[186,12],"tags":[111],"_links":{"self":[{"href":"https:\/\/www.fcgueugnon.fr\/wp\/wp-json\/wp\/v2\/posts\/13170"}],"collection":[{"href":"https:\/\/www.fcgueugnon.fr\/wp\/wp-json\/wp\/v2\/posts"}],"about":[{"href":"https:\/\/www.fcgueugnon.fr\/wp\/wp-json\/wp\/v2\/types\/post"}],"author":[{"embeddable":true,"href":"https:\/\/www.fcgueugnon.fr\/wp\/wp-json\/wp\/v2\/users\/1"}],"replies":[{"embeddable":true,"href":"https:\/\/www.fcgueugnon.fr\/wp\/wp-json\/wp\/v2\/comments?post=13170"}],"version-history":[{"count":0,"href":"https:\/\/www.fcgueugnon.fr\/wp\/wp-json\/wp\/v2\/posts\/13170\/revisions"}],"wp:featuredmedia":[{"embeddable":true,"href":"https:\/\/www.fcgueugnon.fr\/wp\/wp-json\/wp\/v2\/media\/13171"}],"wp:attachment":[{"href":"https:\/\/www.fcgueugnon.fr\/wp\/wp-json\/wp\/v2\/media?parent=13170"}],"wp:term":[{"taxonomy":"category","embeddable":true,"href":"https:\/\/www.fcgueugnon.fr\/wp\/wp-json\/wp\/v2\/categories?post=13170"},{"taxonomy":"post_tag","embeddable":true,"href":"https:\/\/www.fcgueugnon.fr\/wp\/wp-json\/wp\/v2\/tags?post=13170"}],"curies":[{"name":"wp","href":"https:\/\/api.w.org\/{rel}","templated":true}]}}