{"id":1252,"date":"2012-04-18T19:30:00","date_gmt":"2012-04-18T19:30:00","guid":{"rendered":"http:\/\/fcgueugnon.fr\/wordpress\/?p=215"},"modified":"2013-10-25T10:49:09","modified_gmt":"2013-10-25T08:49:09","slug":"une-belle-soiree-sponsors-pour-st-marcel","status":"publish","type":"post","link":"https:\/\/www.fcgueugnon.fr\/wp\/une-belle-soiree-sponsors-pour-st-marcel\/1252","title":{"rendered":"Une belle \u00ab\u00a0soir\u00e9e sponsors\u00a0\u00bb pour St Marcel !"},"content":{"rendered":"<p>Le Comit\u00e9 Directeur du Club,\u00a0 avait d\u00e9cid\u00e9 depuis plusieurs semaines d&rsquo;organiser une <strong>\u00ab\u00a0soir\u00e9e sponsors et partenaires\u00a0\u00bb<\/strong> \u00e0 l&rsquo;occasion d&rsquo;un match \u00e0 domicile et si possible un samedi en soir\u00e9e &#8230; <img decoding=\"async\" class=\"alignnone\" title=\"\" alt=\"\" src=\"\/wp\/news\/une_belle_soiree_sponsors_pour_st_marcel_-2012-04-18\/soiree_sponsors_site.png\" \/><!--more--><\/p>\n<p>Ce fut donc chose faite, pour la venue de St Marcel, <strong>le samedi 14 avril dernier,<\/strong> pour le compte de la 21\u00e8me journ\u00e9e du championnat Honneur de Bourgogne. Une tr\u00e8s belle victoire 4-0 \u00e0 la cl\u00e9. La r\u00e9ception ne pouvait pas mieux commencer !<\/p>\n<p>M\u00eame si plusieurs d&rsquo;entre eux n&rsquo;avaient pas pu se lib\u00e9rer et participer \u00e0 cette soir\u00e9e, c&rsquo;est dans une bonne ambiance et dans le superbe <strong>Salon Bourgogne<\/strong> (*) de la tribune Nord du stade Jean Laville que nous avons eu le plaisir d&rsquo;accueillir nos nombreux partenaires.<\/p>\n<p><strong>Chacun \u00e0 sa fa\u00e7on, s&rsquo;est engag\u00e9 aupr\u00e8s du FCG pour apporter son aide et son soutien envers le Club<\/strong>, &#8230; soit par un panneau publicitaire, soit par l&rsquo;op\u00e9ration \u00ab\u00a0ballon du match\u00a0\u00bb, soit par le m\u00e9c\u00e9nat \u00e0 titre de particulier ou au titre de leur entreprise, soit par une aide mat\u00e9riel ou technique, soit par des op\u00e9rations de communication &#8230;<br \/>\nCommer\u00e7ants du centre ville gueugnonnais ou des communes voisines, chefs d&rsquo;entreprises de PME de la r\u00e9gion, artisans locaux, &#8230;\u00a0 et bien sur les dirigeants du Club, <strong>TOUS<\/strong>, \u00e9taient ravis de faire revivre cette magnifique salle de r\u00e9ception !<br \/>\nLe St Benoit, partenaire lui aussi, avait pr\u00e9par\u00e9 un excellent menu pour l&rsquo;occasion, plus de 100 repas furent servis et ceci pour une premi\u00e8re exp\u00e9rience du tout nouveau Club, redevenu amateur et en situation de relance.<\/p>\n<p><strong>Le Pr\u00e9sident Bernard Canard<\/strong> a profit\u00e9 d&rsquo;une pause en cours du repas pour dresser un bilan interm\u00e9diaire de la saison, relater les difficult\u00e9s de relancer le Club rencontr\u00e9es au quotidien, expliquer les \u00e9preuves de \u00ab\u00a0casse-t\u00eate\u00a0\u00bb des coachs, chaque vendredi soir, pour effectuer les convocations en fonction des mutations &#8230; \u00e9clairer l&rsquo;assembl\u00e9e sur les difficult\u00e9s pour b\u00e2tir le budget et assurer la tr\u00e9sorerie &#8230; indiquer que le groupe de dirigeants en place faisait de son mieux pour animer cette saison compliqu\u00e9e &#8230; rappela bien \u00e9videmment que l&rsquo;objectif sportif restait le maintien des 2 \u00e9quipes S\u00e9nior dans leur championnat respectif.<\/p>\n<p>Un grand moment aussi dans la soir\u00e9e, restera <strong>la pr\u00e9sentation des joueurs par les 2 entraineurs, Vincent et William<\/strong>, pr\u00e9sentation tr\u00e8s simple, mais tr\u00e8s sympathique et attachante,\u00a0 pour ce groupe de Jeunes joueurs talentueux et en devenir, entour\u00e9s par quelques anciens &#8230;<\/p>\n<p><strong>Piero<\/strong>, le \u00ab\u00a0speaker animateur\u00a0\u00bb des matchs, proc\u00e9dait \u00e0 quelques interview et invitait quelques partenaires \u00e0 donner leur opinion sur le Club et un petit mot sur leur entreprise &#8230;<\/p>\n<p>En conclusion, le Pr\u00e9sident, <strong>remercia bien sur, les sponsors et partenaires pr\u00e9sents<\/strong> &#8230; <strong>Donatien lan\u00e7ait<\/strong> <strong>le traditionnel banc bourguignon<\/strong>, tout le monde levait son verre &#8230; en croisant les doigts pour que cette fin de saison soit en phase avec l&rsquo;objectif vis\u00e9 &#8230;.<\/p>\n<p>(*) <em>derni\u00e8rement, la Municipalit\u00e9 \u00e0 r\u00e9-am\u00e9nag\u00e9 le \u00ab\u00a0Club Privil\u00e8ge\u00a0\u00bb en mobilier et par la m\u00eame occasion, lui a donn\u00e9 son nouveau nom de bapt\u00e8me, sous l&rsquo;appellation : \u00ab\u00a0Salon Bourgogne\u00a0\u00bb.<\/em><\/p>\n","protected":false},"excerpt":{"rendered":"<p>Le Comit\u00e9 Directeur du Club,\u00a0 avait d\u00e9cid\u00e9 depuis plusieurs semaines d&rsquo;organiser une \u00ab\u00a0soir\u00e9e sponsors et partenaires\u00a0\u00bb \u00e0 l&rsquo;occasion d&rsquo;un match \u00e0 domicile et si possible un samedi en soir\u00e9e &#8230;<\/p>\n","protected":false},"author":1,"featured_media":0,"comment_status":"closed","ping_status":"closed","sticky":false,"template":"","format":"standard","meta":{"_coblocks_attr":"","_coblocks_dimensions":"","_coblocks_responsive_height":"","_coblocks_accordion_ie_support":"","footnotes":""},"categories":[14,84],"tags":[108],"_links":{"self":[{"href":"https:\/\/www.fcgueugnon.fr\/wp\/wp-json\/wp\/v2\/posts\/1252"}],"collection":[{"href":"https:\/\/www.fcgueugnon.fr\/wp\/wp-json\/wp\/v2\/posts"}],"about":[{"href":"https:\/\/www.fcgueugnon.fr\/wp\/wp-json\/wp\/v2\/types\/post"}],"author":[{"embeddable":true,"href":"https:\/\/www.fcgueugnon.fr\/wp\/wp-json\/wp\/v2\/users\/1"}],"replies":[{"embeddable":true,"href":"https:\/\/www.fcgueugnon.fr\/wp\/wp-json\/wp\/v2\/comments?post=1252"}],"version-history":[{"count":0,"href":"https:\/\/www.fcgueugnon.fr\/wp\/wp-json\/wp\/v2\/posts\/1252\/revisions"}],"wp:attachment":[{"href":"https:\/\/www.fcgueugnon.fr\/wp\/wp-json\/wp\/v2\/media?parent=1252"}],"wp:term":[{"taxonomy":"category","embeddable":true,"href":"https:\/\/www.fcgueugnon.fr\/wp\/wp-json\/wp\/v2\/categories?post=1252"},{"taxonomy":"post_tag","embeddable":true,"href":"https:\/\/www.fcgueugnon.fr\/wp\/wp-json\/wp\/v2\/tags?post=1252"}],"curies":[{"name":"wp","href":"https:\/\/api.w.org\/{rel}","templated":true}]}}