{"id":11869,"date":"2014-07-28T00:03:30","date_gmt":"2014-07-27T22:03:30","guid":{"rendered":"https:\/\/www.fcgueugnon.fr\/wp\/?p=11869"},"modified":"2014-07-28T09:20:55","modified_gmt":"2014-07-28T07:20:55","slug":"necrologie-jean-francois-cognard-nous-a-quitte","status":"publish","type":"post","link":"https:\/\/www.fcgueugnon.fr\/wp\/necrologie-jean-francois-cognard-nous-a-quitte\/11869","title":{"rendered":"[N\u00e9crologie] Jean Fran\u00e7ois Cognard nous a quitt\u00e9 \u2026"},"content":{"rendered":"<p><strong>&#8211; Nous avons appris le d\u00e9c\u00e8s ce dimanche apr\u00e8s midi de notre Ami et Ancien Joueur Jean Fran\u00e7ois Cognard \u00e0 l&rsquo;\u00e2ge de 70 ans.<\/strong><\/p>\n<p>La nouvelle a fait l&rsquo;effet d&rsquo;une bombe dans Gueugnon ! notre ami \u00ab\u00a0Mimi\u00a0\u00bb Cognard nous a quitt\u00e9 cet apr\u00e8s midi &#8230;<\/p>\n<p>\u00ab\u00a0Mimi\u00a0\u00bb \u00e9tait un ancien joueur de l&rsquo;\u00e9quipe premi\u00e8re du FC Gueugnon des ann\u00e9es 1960, rugueux d\u00e9fenseur, courageux et pugnace &#8230; Il a fait partie de l&rsquo;\u00e9quipe junior qui avait fait une belle carri\u00e8re en Gambardella en 1962 (1\/16\u00e8me) &#8230;<br \/>\nSa carri\u00e8re fut interrompue par une grave blessure en 1968 contre Mulhouse \u00e0 Jean Laville, double fracture tibia p\u00e9ron\u00e9 suite \u00e0 un violent choc avec le mulhousien Parodi.<\/p>\n<p>Pilier incontournable de l&rsquo;atelier des essais m\u00e9caniques au labo des Forges de Gueugnon ou il a effectu\u00e9 quasiment toute sa carri\u00e8re &#8230; il devint un peu avant l&rsquo;heure de la retraite, correspondant de presse au Dauphin\u00e9\/Progr\u00e8s puis au JSL !!! (comme sa maman d&rsquo;ailleurs). Il a couvert\u00a0 un grand nombre de rencontres du FCG \u00e0 travers toute la France, pour le compte de la rubrique sportive du Journal.<\/p>\n<p>Jean Fran\u00e7ois Cognard est d\u00e9c\u00e9d\u00e9 \u00e0 son domicile ce dimanche apr\u00e8s midi 27 juillet 2014 \u00e0 l&rsquo;\u00e2ge de 71 ans (n\u00e9 \u00e0 Chassy en f\u00e9vrier 1944). Une pens\u00e9e pour son \u00e9pouse Annie, disparue il y a quelques ann\u00e9es &#8230;<\/p>\n<div class=\"_5pbx userContent\" data-ft=\"{&quot;tn&quot;:&quot;K&quot;}\">\n<p>Condol\u00e9ances \u00e0 ses enfants, \u00e0 son fr\u00e8re Yves (surnomm\u00e9 \u00ab\u00a0Vava\u00a0\u00bb) ancien joueur du FCG \u00e9galement, ainsi qu&rsquo;\u00e0 toute la famille.<\/p>\n<p>Pour les passionn\u00e9s de foot, retrouvez sa fiche sur le site de l&rsquo;Amicale des Anciens du FCG\u00a0 \u00ab\u00a0Glorieux FCG\u00a0\u00bb<br \/>\n<a href=\"http:\/\/amicalefcg.free.fr\/site\/?page_id=27&amp;mytreasureid=170\" target=\"_blank\" rel=\"nofollow\">http:\/\/amicalefcg.free.fr\/site\/?page_id=27&amp;mytreasureid=170<\/a><\/p>\n<\/div>\n<p>&nbsp;<\/p>\n","protected":false},"excerpt":{"rendered":"<p>&#8211; Nous avons appris le d\u00e9c\u00e8s ce dimanche apr\u00e8s midi de notre Ami et Ancien Joueur Jean Fran\u00e7ois Cognard \u00e0 l&rsquo;\u00e2ge de 70 ans. La nouvelle a fait l&rsquo;effet d&rsquo;une bombe dans Gueugnon ! notre ami \u00ab\u00a0Mimi\u00a0\u00bb Cognard nous a quitt\u00e9 cet apr\u00e8s midi &#8230; \u00ab\u00a0Mimi\u00a0\u00bb \u00e9tait un ancien joueur de l&rsquo;\u00e9quipe premi\u00e8re du FC &#8230; <\/p>\n<p class=\"read-more-container\"><a title=\"[N\u00e9crologie] Jean Fran\u00e7ois Cognard nous a quitt\u00e9 \u2026\" class=\"read-more button\" href=\"https:\/\/www.fcgueugnon.fr\/wp\/necrologie-jean-francois-cognard-nous-a-quitte\/11869#more-11869\">Lire la suite<span class=\"screen-reader-text\">[N\u00e9crologie] Jean Fran\u00e7ois Cognard nous a quitt\u00e9 \u2026<\/span><\/a><\/p>\n","protected":false},"author":7,"featured_media":11870,"comment_status":"closed","ping_status":"closed","sticky":false,"template":"","format":"standard","meta":{"_coblocks_attr":"","_coblocks_dimensions":"","_coblocks_responsive_height":"","_coblocks_accordion_ie_support":"","footnotes":""},"categories":[186,12],"tags":[148],"_links":{"self":[{"href":"https:\/\/www.fcgueugnon.fr\/wp\/wp-json\/wp\/v2\/posts\/11869"}],"collection":[{"href":"https:\/\/www.fcgueugnon.fr\/wp\/wp-json\/wp\/v2\/posts"}],"about":[{"href":"https:\/\/www.fcgueugnon.fr\/wp\/wp-json\/wp\/v2\/types\/post"}],"author":[{"embeddable":true,"href":"https:\/\/www.fcgueugnon.fr\/wp\/wp-json\/wp\/v2\/users\/7"}],"replies":[{"embeddable":true,"href":"https:\/\/www.fcgueugnon.fr\/wp\/wp-json\/wp\/v2\/comments?post=11869"}],"version-history":[{"count":0,"href":"https:\/\/www.fcgueugnon.fr\/wp\/wp-json\/wp\/v2\/posts\/11869\/revisions"}],"wp:featuredmedia":[{"embeddable":true,"href":"https:\/\/www.fcgueugnon.fr\/wp\/wp-json\/wp\/v2\/media\/11870"}],"wp:attachment":[{"href":"https:\/\/www.fcgueugnon.fr\/wp\/wp-json\/wp\/v2\/media?parent=11869"}],"wp:term":[{"taxonomy":"category","embeddable":true,"href":"https:\/\/www.fcgueugnon.fr\/wp\/wp-json\/wp\/v2\/categories?post=11869"},{"taxonomy":"post_tag","embeddable":true,"href":"https:\/\/www.fcgueugnon.fr\/wp\/wp-json\/wp\/v2\/tags?post=11869"}],"curies":[{"name":"wp","href":"https:\/\/api.w.org\/{rel}","templated":true}]}}