{"id":11696,"date":"2014-07-02T20:55:34","date_gmt":"2014-07-02T18:55:34","guid":{"rendered":"https:\/\/www.fcgueugnon.fr\/wp\/?p=11696"},"modified":"2014-12-16T15:06:48","modified_gmt":"2014-12-16T14:06:48","slug":"intersaison-2-nouveaux-joueurs-arrivent-au-fcgueugnon","status":"publish","type":"post","link":"https:\/\/www.fcgueugnon.fr\/wp\/intersaison-2-nouveaux-joueurs-arrivent-au-fcgueugnon\/11696","title":{"rendered":"[Intersaison] 2 nouveaux joueurs arrivent au FCGueugnon"},"content":{"rendered":"<p>Le club \u00e0 travers notre responsable sportif Guy Clopin (dont vous pouvez retrouver l&rsquo;interview sur &gt; <a title=\"[Intersaison] Interview de Guy Clopin (Resp. Sportif)\" href=\"https:\/\/www.fcgueugnon.fr\/wp\/?p=11622\" target=\"_blank\">le lien suivant : fcgueugnon.fr\/wp\/?p=11622<\/a>) a officialis\u00e9 aujourd&rsquo;hui l&rsquo;arriv\u00e9e de 2 nouveaux joueurs au FCGueugnon.<\/p>\n<p><a href=\"https:\/\/www.fcgueugnon.fr\/wp\/wp-content\/uploads\/2014\/07\/photo1.jpg\"><img loading=\"lazy\" decoding=\"async\" class=\"aligncenter size-medium wp-image-11730\" alt=\"Yoan bon au FCGueugnon\" src=\"https:\/\/www.fcgueugnon.fr\/wp\/wp-content\/uploads\/2014\/07\/photo1-300x224.jpg\" width=\"300\" height=\"224\" \/><\/a><\/p>\n<p>Il s&rsquo;agit de <strong>Yoan Bon<\/strong>, attaquant en provenance de Montceau-les-Mines (photo) ainsi que <strong>Sekou Coumar\u00e9<\/strong>, jeune malien de 21 ans qui vient lui aussi renforcer le secteur offensif.<\/p>\n<p>D&rsquo;autres arriv\u00e9es viendront compl\u00e9ter le groupe s\u00e9nior au sein de nos \u00e9quipes A et B&#8230;. A suivre&#8230;!<\/p>\n<p>&nbsp;<\/p>\n","protected":false},"excerpt":{"rendered":"<p>Le club \u00e0 travers notre responsable sportif Guy Clopin (dont vous pouvez retrouver l&rsquo;interview sur &gt; le lien suivant : fcgueugnon.fr\/wp\/?p=11622) a officialis\u00e9 aujourd&rsquo;hui l&rsquo;arriv\u00e9e de 2 nouveaux joueurs au FCGueugnon. Il s&rsquo;agit de Yoan Bon, attaquant en provenance de Montceau-les-Mines (photo) ainsi que Sekou Coumar\u00e9, jeune malien de 21 ans qui vient lui aussi &#8230; <\/p>\n<p class=\"read-more-container\"><a title=\"[Intersaison] 2 nouveaux joueurs arrivent au FCGueugnon\" class=\"read-more button\" href=\"https:\/\/www.fcgueugnon.fr\/wp\/intersaison-2-nouveaux-joueurs-arrivent-au-fcgueugnon\/11696#more-11696\">Lire la suite<span class=\"screen-reader-text\">[Intersaison] 2 nouveaux joueurs arrivent au FCGueugnon<\/span><\/a><\/p>\n","protected":false},"author":1,"featured_media":11725,"comment_status":"closed","ping_status":"closed","sticky":false,"template":"","format":"standard","meta":{"_coblocks_attr":"","_coblocks_dimensions":"","_coblocks_responsive_height":"","_coblocks_accordion_ie_support":"","footnotes":""},"categories":[186,12],"tags":[107],"_links":{"self":[{"href":"https:\/\/www.fcgueugnon.fr\/wp\/wp-json\/wp\/v2\/posts\/11696"}],"collection":[{"href":"https:\/\/www.fcgueugnon.fr\/wp\/wp-json\/wp\/v2\/posts"}],"about":[{"href":"https:\/\/www.fcgueugnon.fr\/wp\/wp-json\/wp\/v2\/types\/post"}],"author":[{"embeddable":true,"href":"https:\/\/www.fcgueugnon.fr\/wp\/wp-json\/wp\/v2\/users\/1"}],"replies":[{"embeddable":true,"href":"https:\/\/www.fcgueugnon.fr\/wp\/wp-json\/wp\/v2\/comments?post=11696"}],"version-history":[{"count":0,"href":"https:\/\/www.fcgueugnon.fr\/wp\/wp-json\/wp\/v2\/posts\/11696\/revisions"}],"wp:featuredmedia":[{"embeddable":true,"href":"https:\/\/www.fcgueugnon.fr\/wp\/wp-json\/wp\/v2\/media\/11725"}],"wp:attachment":[{"href":"https:\/\/www.fcgueugnon.fr\/wp\/wp-json\/wp\/v2\/media?parent=11696"}],"wp:term":[{"taxonomy":"category","embeddable":true,"href":"https:\/\/www.fcgueugnon.fr\/wp\/wp-json\/wp\/v2\/categories?post=11696"},{"taxonomy":"post_tag","embeddable":true,"href":"https:\/\/www.fcgueugnon.fr\/wp\/wp-json\/wp\/v2\/tags?post=11696"}],"curies":[{"name":"wp","href":"https:\/\/api.w.org\/{rel}","templated":true}]}}