{"id":11143,"date":"2014-05-17T18:56:27","date_gmt":"2014-05-17T16:56:27","guid":{"rendered":"https:\/\/www.fcgueugnon.fr\/wp\/?p=11143"},"modified":"2014-05-18T19:10:23","modified_gmt":"2014-05-18T17:10:23","slug":"agenda-les-premiers-resultats-du-week-end-du-17-et-18-mai","status":"publish","type":"post","link":"https:\/\/www.fcgueugnon.fr\/wp\/agenda-les-premiers-resultats-du-week-end-du-17-et-18-mai\/11143","title":{"rendered":"[Agenda] Les r\u00e9sultats du week-end du 17 et 18 mai \u2026"},"content":{"rendered":"<p>Voici les r\u00e9sultats des rencontres pr\u00e9vues pour ce week-end du 17 et 18 mai 2014.<br \/>\n<strong><\/strong><\/p>\n<p><a href=\"https:\/\/www.fcgueugnon.fr\/wp\/?p=11145\" target=\"_blank\"><span style=\"color: #0000ff;\"><strong>Retrouvez le \u00ab\u00a0fil d&rsquo;infos du match FCG &#8211; Clermont en direct de Jean Laville\u00a0\u00bb<\/strong><\/span><\/a><\/p>\n<p><span style=\"text-decoration: underline;\"><strong>Samedi 17 mai 2014<\/strong><\/span><\/p>\n<p><strong>Equipe S\u00e9niors A<\/strong> : Championnat CFA2 \u00e0 Gueugnon \u00e0 <strong>18h00<\/strong>.<br \/>\n<strong><strong>FC Gueugnon<\/strong>\u00a0\u00a0 1\u00a0 &#8211;\u00a0 2\u00a0 Clermont Foot B<br \/>\n<\/strong>But : Fr Revuelta (47\u00e8)<strong><br \/>\n<\/strong><\/p>\n<p><strong>Equipe\u00a0 U15 Access Ligue<\/strong> :\u00a0 Championnat contre Sens\u00a0 \u00e0 <strong>16h00<\/strong><br \/>\n<strong>FC Gueugnon\u00a0\u00a0 3\u00a0 &#8211;\u00a0 5 \u00a0 FC Sens<br \/>\n<\/strong>Buts : Doumbouya (3)<strong><br \/>\n<\/strong><\/p>\n<p><strong>Equipe\u00a0 U15 District<\/strong> :\u00a0 Coupe Sport 2000 contre Le Breuil \u00e0 <strong>15h30<\/strong><br \/>\n<strong>FC Gueugnon\u00a0 1 \u00a0 &#8211;\u00a0 4 \u00a0 Le Breuil<br \/>\n<\/strong>But : Royer<strong><br \/>\n<\/strong><\/p>\n<p><strong>Equipe\u00a0 U14 Ligue<\/strong> :\u00a0 Championnat \u00e0 Dijon \u00e0 <strong>16h00<\/strong><br \/>\n<strong>Fontaine les Dijon\u00a0 0 \u00a0 &#8211;\u00a0\u00a0 3 \u00a0 F<\/strong><strong>C Gueugnon<br \/>\n<\/strong>Buts : Feug\u00e8re &#8211; Pira &#8211; Teixeira<strong><br \/>\n<\/strong><\/p>\n<p><strong>Equipe U13 D\u00e9partemental\u00a0 <\/strong>: Championnat contre Varennes le Grand<strong><strong> \u00e0 <strong>15h00<\/strong><br \/>\n<\/strong><\/strong><strong>FC Gueugnon\u00a0\u00a0 1\u00a0 &#8211;\u00a0 7\u00a0 Varennes le Grand<br \/>\n<\/strong>But :<strong><br \/>\n<\/strong><\/p>\n<p><strong>Equipe U13 District <\/strong>: Championnat contre St Vallier <strong><strong>\u00e0 <strong>14h30<\/strong><br \/>\n<\/strong><\/strong><strong>FC Gueugnon\u00a0\u00a0 2\u00a0 &#8211;\u00a0 2\u00a0 St Vallier<br \/>\n<\/strong>Buts : Fernand\u00e8s (2)<strong><br \/>\n<\/strong><\/p>\n<p><strong>Equipe U10-U11 <\/strong>: <strong>Plateau \u00e0 La Chapelle \u00e0<strong> 14h00<\/strong><\/strong><\/p>\n<p><strong>Equipe U08-U09 <\/strong>: <strong>Plateau \u00e0 Gueugnon (Club Accueil)\u00a0 \u00e0<strong> 10h30<br \/>\n<\/strong><br \/>\n<\/strong><strong><\/strong><\/p>\n<p><strong><span style=\"text-decoration: underline;\">Dimanche 18 mai 2014<\/span><\/strong><\/p>\n<p><strong>Equipe S\u00e9niors B<\/strong> : Championnat PL contre Sud Foot 71 \u00e0 <strong>15h00<\/strong>.<br \/>\n<strong><strong>FC Gueugnon\u00a0\u00a0 3 &#8211; 1 \u00a0\u00a0 Sud Foot 71<br \/>\n<\/strong><\/strong>Buts :\u00a0Sissoko, Benameur, Cyr. G<\/p>\n<p>&nbsp;<\/p>\n<p>&nbsp;<\/p>\n<p>&nbsp;<\/p>\n","protected":false},"excerpt":{"rendered":"<p>Voici les r\u00e9sultats des rencontres pr\u00e9vues pour ce week-end du 17 et 18 mai 2014. Retrouvez le \u00ab\u00a0fil d&rsquo;infos du match FCG &#8211; Clermont en direct de Jean Laville\u00a0\u00bb Samedi 17 mai 2014 Equipe S\u00e9niors A : Championnat CFA2 \u00e0 Gueugnon \u00e0 18h00. FC Gueugnon\u00a0\u00a0 1\u00a0 &#8211;\u00a0 2\u00a0 Clermont Foot B But : Fr Revuelta &#8230; <\/p>\n<p class=\"read-more-container\"><a title=\"[Agenda] Les r\u00e9sultats du week-end du 17 et 18 mai \u2026\" class=\"read-more button\" href=\"https:\/\/www.fcgueugnon.fr\/wp\/agenda-les-premiers-resultats-du-week-end-du-17-et-18-mai\/11143#more-11143\">Lire la suite<span class=\"screen-reader-text\">[Agenda] Les r\u00e9sultats du week-end du 17 et 18 mai \u2026<\/span><\/a><\/p>\n","protected":false},"author":7,"featured_media":0,"comment_status":"closed","ping_status":"closed","sticky":false,"template":"","format":"standard","meta":{"_coblocks_attr":"","_coblocks_dimensions":"","_coblocks_responsive_height":"","_coblocks_accordion_ie_support":"","footnotes":""},"categories":[13,12],"tags":[98],"_links":{"self":[{"href":"https:\/\/www.fcgueugnon.fr\/wp\/wp-json\/wp\/v2\/posts\/11143"}],"collection":[{"href":"https:\/\/www.fcgueugnon.fr\/wp\/wp-json\/wp\/v2\/posts"}],"about":[{"href":"https:\/\/www.fcgueugnon.fr\/wp\/wp-json\/wp\/v2\/types\/post"}],"author":[{"embeddable":true,"href":"https:\/\/www.fcgueugnon.fr\/wp\/wp-json\/wp\/v2\/users\/7"}],"replies":[{"embeddable":true,"href":"https:\/\/www.fcgueugnon.fr\/wp\/wp-json\/wp\/v2\/comments?post=11143"}],"version-history":[{"count":0,"href":"https:\/\/www.fcgueugnon.fr\/wp\/wp-json\/wp\/v2\/posts\/11143\/revisions"}],"wp:attachment":[{"href":"https:\/\/www.fcgueugnon.fr\/wp\/wp-json\/wp\/v2\/media?parent=11143"}],"wp:term":[{"taxonomy":"category","embeddable":true,"href":"https:\/\/www.fcgueugnon.fr\/wp\/wp-json\/wp\/v2\/categories?post=11143"},{"taxonomy":"post_tag","embeddable":true,"href":"https:\/\/www.fcgueugnon.fr\/wp\/wp-json\/wp\/v2\/tags?post=11143"}],"curies":[{"name":"wp","href":"https:\/\/api.w.org\/{rel}","templated":true}]}}