{"id":10955,"date":"2014-05-05T23:27:35","date_gmt":"2014-05-05T21:27:35","guid":{"rendered":"https:\/\/www.fcgueugnon.fr\/wp\/?p=10955"},"modified":"2014-05-05T23:26:03","modified_gmt":"2014-05-05T21:26:03","slug":"pl-j21-les-groupes-pour-evian-tg-et-luzy-millay","status":"publish","type":"post","link":"https:\/\/www.fcgueugnon.fr\/wp\/pl-j21-les-groupes-pour-evian-tg-et-luzy-millay\/10955","title":{"rendered":"[PL &#8211; J21] le groupe pour Dornes Neuville &#8230;"},"content":{"rendered":"<p><strong>L&rsquo;\u00e9quipe B<\/strong>, se rend \u00e0 Dornes-Neuville dans la Ni\u00e8vre alors que l&rsquo;\u00e9quipe A ne joue pas ce week-end\u00a0 &#8230;<br \/>\nBernard Martin ne pourra donc pas \u00ab\u00a0piocher\u00a0\u00bb \u00e0 souhait dans le groupe s\u00e9nior et devra s&rsquo;appuyer sur l&rsquo;ossature de son \u00e9quipe qui a battu Luzy-Millay la semaine derni\u00e8re.<\/p>\n<p>Seuls Terry Rammou et Romain Gourlier, tous les deux sortis de convalescence suite \u00e0 de grosses blessures, pourront compl\u00e8ter le groupe.<br \/>\nCe groupe semble en mesure de faire un bon r\u00e9sultat &#8230; si bien s\u00fbr, nos jeunes joueurs font preuve de combativit\u00e9 et d&rsquo;efficacit\u00e9 &#8230; et ne rechignent pas \u00e0 la t\u00e2che !<\/p>\n<p>Vol\u00e0 le le groupe annonc\u00e9 ce soir par B.Martin :<br \/>\nMinet &#8211; Janicki Ben &#8211; De M\u00e9lo &#8211; Gourlier &#8211; Coelho &#8211; Benameur Zak &#8211; Avinain &#8211; Guerekoyazande Chr &#8211; Soulier PY &#8211; Daneirole &#8211; Goncalves &#8211; Sissoko &#8211; Rammou &#8211; Perraudin.<\/p>\n<p><strong>Promotion de Ligue &#8211; Journ\u00e9e 21 &#8211; Groupe B<br \/>\nDornes Neuville\u00a0 &#8211; FC Gueugnon <\/strong>\u00e0 <strong>15h00<\/strong>.<br \/>\nDimanche 4 mai &#8211; Stade Municipal <strong><strong><\/strong><br \/>\n<\/strong><span style=\"text-decoration: underline;\">Arbitre du centre\u00a0<\/span>\u00a0\u00a0 :\u00a0 VACHEZ Alexandre<br \/>\n<span style=\"text-decoration: underline;\">Arbitres assistants<\/span> :\u00a0LECOANET Cyril et COLAS Pascal<\/p>\n<p>&nbsp;<\/p>\n","protected":false},"excerpt":{"rendered":"<p>L&rsquo;\u00e9quipe B, se rend \u00e0 Dornes-Neuville dans la Ni\u00e8vre alors que l&rsquo;\u00e9quipe A ne joue pas ce week-end\u00a0 &#8230; Bernard Martin ne pourra donc pas \u00ab\u00a0piocher\u00a0\u00bb \u00e0 souhait dans le groupe s\u00e9nior et devra s&rsquo;appuyer sur l&rsquo;ossature de son \u00e9quipe qui a battu Luzy-Millay la semaine derni\u00e8re. Seuls Terry Rammou et Romain Gourlier, tous les &#8230; <\/p>\n<p class=\"read-more-container\"><a title=\"[PL &#8211; J21] le groupe pour Dornes Neuville &#8230;\" class=\"read-more button\" href=\"https:\/\/www.fcgueugnon.fr\/wp\/pl-j21-les-groupes-pour-evian-tg-et-luzy-millay\/10955#more-10955\">Lire la suite<span class=\"screen-reader-text\">[PL &#8211; J21] le groupe pour Dornes Neuville &#8230;<\/span><\/a><\/p>\n","protected":false},"author":7,"featured_media":0,"comment_status":"closed","ping_status":"closed","sticky":false,"template":"","format":"standard","meta":{"_coblocks_attr":"","_coblocks_dimensions":"","_coblocks_responsive_height":"","_coblocks_accordion_ie_support":"","footnotes":""},"categories":[13,12],"tags":[150],"_links":{"self":[{"href":"https:\/\/www.fcgueugnon.fr\/wp\/wp-json\/wp\/v2\/posts\/10955"}],"collection":[{"href":"https:\/\/www.fcgueugnon.fr\/wp\/wp-json\/wp\/v2\/posts"}],"about":[{"href":"https:\/\/www.fcgueugnon.fr\/wp\/wp-json\/wp\/v2\/types\/post"}],"author":[{"embeddable":true,"href":"https:\/\/www.fcgueugnon.fr\/wp\/wp-json\/wp\/v2\/users\/7"}],"replies":[{"embeddable":true,"href":"https:\/\/www.fcgueugnon.fr\/wp\/wp-json\/wp\/v2\/comments?post=10955"}],"version-history":[{"count":0,"href":"https:\/\/www.fcgueugnon.fr\/wp\/wp-json\/wp\/v2\/posts\/10955\/revisions"}],"wp:attachment":[{"href":"https:\/\/www.fcgueugnon.fr\/wp\/wp-json\/wp\/v2\/media?parent=10955"}],"wp:term":[{"taxonomy":"category","embeddable":true,"href":"https:\/\/www.fcgueugnon.fr\/wp\/wp-json\/wp\/v2\/categories?post=10955"},{"taxonomy":"post_tag","embeddable":true,"href":"https:\/\/www.fcgueugnon.fr\/wp\/wp-json\/wp\/v2\/tags?post=10955"}],"curies":[{"name":"wp","href":"https:\/\/api.w.org\/{rel}","templated":true}]}}