{"id":9802,"date":"2024-05-11T16:55:00","date_gmt":"2024-05-11T14:55:00","guid":{"rendered":"https:\/\/www.fcgueugnon.fr\/site\/?p=9802"},"modified":"2024-05-11T11:53:04","modified_gmt":"2024-05-11T09:53:04","slug":"interview-forgeron-mag-14-avec-yannick-mambo","status":"publish","type":"post","link":"https:\/\/www.fcgueugnon.fr\/site\/interview-forgeron-mag-14-avec-yannick-mambo\/9802","title":{"rendered":"[Interview] Forgeron Mag #14 avec Yannick MAMBO"},"content":{"rendered":"\n<h3 class=\"wp-block-heading\">D\u00e9couvrez en int\u00e9gralit\u00e9 l&rsquo;interview de Yannick MAMBO diffus\u00e9e lors de la derni\u00e8re journ\u00e9e de cette saison 2023 2024 \u00e0 domicile face au FC Vesoul.<\/h3>\n\n\n\n<div style=\"height:75px\" aria-hidden=\"true\" class=\"wp-block-spacer\"><\/div>\n\n\n<div class=\"wp-block-image\">\n<figure class=\"aligncenter size-full is-resized\"><img loading=\"lazy\" decoding=\"async\" width=\"2560\" height=\"1707\" src=\"https:\/\/www.fcgueugnon.fr\/site\/wp-content\/uploads\/2024\/05\/image-scaled.jpeg\" alt=\"\" class=\"wp-image-9803\" style=\"width:768px;height:512px\" srcset=\"https:\/\/www.fcgueugnon.fr\/site\/wp-content\/uploads\/2024\/05\/image-scaled.jpeg 2560w, https:\/\/www.fcgueugnon.fr\/site\/wp-content\/uploads\/2024\/05\/image-400x267.jpeg 400w, https:\/\/www.fcgueugnon.fr\/site\/wp-content\/uploads\/2024\/05\/image-1024x683.jpeg 1024w, https:\/\/www.fcgueugnon.fr\/site\/wp-content\/uploads\/2024\/05\/image-768x512.jpeg 768w, https:\/\/www.fcgueugnon.fr\/site\/wp-content\/uploads\/2024\/05\/image-1536x1024.jpeg 1536w, https:\/\/www.fcgueugnon.fr\/site\/wp-content\/uploads\/2024\/05\/image-2048x1365.jpeg 2048w, https:\/\/www.fcgueugnon.fr\/site\/wp-content\/uploads\/2024\/05\/image-1320x880.jpeg 1320w, https:\/\/www.fcgueugnon.fr\/site\/wp-content\/uploads\/2024\/05\/image-600x400.jpeg 600w\" sizes=\"auto, (max-width: 2560px) 100vw, 2560px\" \/><\/figure>\n<\/div>\n\n\n<div style=\"height:75px\" aria-hidden=\"true\" class=\"wp-block-spacer\"><\/div>\n\n\n\n<p><strong>Peux-tu nous parler de ton parcours dans le football ? <\/strong><br>\u00ab J&rsquo;ai commenc\u00e9 \u00e0 jouer au football \u00e0 Langres \u00e0 l&rsquo;\u00e2ge de 7 ans, puis j&rsquo;ai int\u00e9gr\u00e9 le centre de formation de Troyes jusqu&rsquo;\u00e0 mes 13 ans. J&rsquo;y ai poursuivi ma formation jusqu&rsquo;\u00e0 la r\u00e9serve en N3, mais suite \u00e0 une blessure, je n&rsquo;ai pas \u00e9t\u00e9 conserv\u00e9. Ensuite, j&rsquo;ai rejoint Is Selongey o\u00f9 j&rsquo;ai jou\u00e9 pendant 2 ans avant d&rsquo;arriver au FCG cette saison. \u00bb<\/p>\n\n\n\n<p><strong>Comment s&rsquo;est pass\u00e9e ton arriv\u00e9e \u00e0 Gueugnon en provenance d&rsquo;Is Selongey ?<\/strong><br>\u00ab J&rsquo;ai \u00e9t\u00e9 contact\u00e9 d&rsquo;abord par Bakeba Bayo, puis par Richard Trivino. Ils \u00e9taient int\u00e9ress\u00e9s par mon profil, et j&rsquo;ai \u00e9t\u00e9 s\u00e9duit par le projet du club malgr\u00e9 la saison difficile pr\u00e9c\u00e9dente. Je pensais que c&rsquo;\u00e9tait un bon projet avec de nombreuses possibilit\u00e9s, d&rsquo;autant plus que le FCG est un grand club historique. \u00bb<\/p>\n\n\n\n<p><strong>Quel est ton meilleur souvenir avant ton arriv\u00e9e au FCG ?<\/strong><br>\u00ab Mon passage \u00e0 Troyes reste un bon souvenir, j&rsquo;y ai pass\u00e9 une grande partie de ma vie et j&rsquo;y connais encore beaucoup de monde. J&rsquo;ai \u00e9galement appr\u00e9ci\u00e9 ma saison avec les U19 nationaux, malgr\u00e9 son interruption \u00e0 cause du Covid. \u00c0 Selongey, nous avons \u00e9galement r\u00e9alis\u00e9 une tr\u00e8s bonne saison l&rsquo;ann\u00e9e derni\u00e8re, bien que nous ayons termin\u00e9 cinqui\u00e8mes avec un retrait de points. \u00bb<\/p>\n\n\n\n<figure class=\"wp-block-pullquote\"><blockquote><p>\u00ab Si nous maintenons ce niveau, nous pouvons y arriver. \u00bb<\/p><\/blockquote><\/figure>\n\n\n\n<p><strong>Quelle \u00e9tait ton impression sur le FCG lorsque tu affrontais l&rsquo;\u00e9quipe ?<\/strong><br>\u00ab La premi\u00e8re ann\u00e9e, j&rsquo;ai trouv\u00e9 l&rsquo;\u00e9quipe tr\u00e8s athl\u00e9tique et forte dans les duels. Nous avons perdu les deux fois. L&rsquo;an dernier, nous avons r\u00e9ussi \u00e0 imposer notre jeu et \u00e0 gagner chez nous. Le FCG est consid\u00e9r\u00e9 comme un grand club historique et chaque ann\u00e9e, il est impr\u00e9visible, ce qui fait sa force. \u00bb<\/p>\n\n\n\n<p><strong>Comment t&rsquo;adaptes-tu \u00e0 Gueugnon et comment occupes-tu ton temps libre ?<\/strong><br>\u00ab Gueugnon est une ville calme, ce qui est diff\u00e9rent pour moi, mais j&rsquo;aime cette atmosph\u00e8re tranquille. J&rsquo;aime passer mon temps libre \u00e0 regarder des s\u00e9ries sur le sport, \u00e0 lire parfois, et \u00e0 jouer aux jeux vid\u00e9o. J&rsquo;utilise aussi les r\u00e9seaux sociaux pour partager divers contenus. \u00bb<\/p>\n\n\n\n<p><strong>As-tu d&rsquo;autres projets en dehors du football ?<\/strong><br>\u00ab Je suis en train de passer une formation de charg\u00e9 d&rsquo;administratif et d&rsquo;accueil. Pour le moment, je saisis toutes les opportunit\u00e9s de formation qui se pr\u00e9sentent \u00e0 moi. \u00bb<\/p>\n\n\n\n<p><strong>Comment expliques-tu la s\u00e9rie de victoires r\u00e9cente de l&rsquo;\u00e9quipe ?<\/strong><br>\u00ab Nous ressentons une r\u00e9elle coh\u00e9sion de groupe et une d\u00e9termination commune. Le coach nous a fix\u00e9 des objectifs clairs et nous savons que nous ne pouvons pas nous permettre de faire descendre le club. Nous avons intensifi\u00e9 notre agressivit\u00e9 et notre mentalit\u00e9, et cela porte ses fruits. \u00bb<\/p>\n\n\n\n<figure class=\"wp-block-pullquote\"><blockquote><p>\u00ab J&rsquo;aimerais encourager tout le monde \u00e0 venir nous soutenir, car nous avons besoin de chacun. \u00bb<\/p><\/blockquote><\/figure>\n\n\n\n<p><strong>Quelles sont les \u00e9quipes que tu consid\u00e8res comme des adversaires directs dans la lutte pour le maintien ?<\/strong><br>\u00ab Je dirais que La Chapelle de Guinchay et Selongey sont un peu plus bas, mais rien n&rsquo;est jou\u00e9 entre Vesoul, le FCG, l&rsquo;Asptt Dijon et Louhans Cuiseaux. Pour rester dans le top 10, il faudra gagner des matchs, et c&rsquo;est ce que nous essaierons de faire contre Vesoul. \u00bb<\/p>\n\n\n\n<p><strong>Quel est ton avis sur l&rsquo;\u00e9quipe de Vesoul, qui se battra pour le maintien lors du prochain match ?<\/strong><br>\u00ab Nous aborderons ce match avec beaucoup d&rsquo;envie et d&rsquo;engagement. Nous savons que ce ne sera pas facile, mais nous continuerons sur la lanc\u00e9e des pr\u00e9c\u00e9dents matchs avec la m\u00eame d\u00e9termination. Si nous maintenons ce niveau, nous pouvons y arriver. \u00bb<\/p>\n\n\n\n<p><strong>Un dernier mot pour les supporters ?<\/strong><br>\u00ab J&rsquo;aimerais encourager tout le monde \u00e0 venir nous soutenir, car nous avons besoin de chacun. Nous ferons de notre mieux pour le club, car nous n&rsquo;avons pas d&rsquo;autre choix. Merci \u00e0 tous ceux qui nous suivent et qui esp\u00e8rent avec nous. \u00bb<\/p>\n\n\n\n<div style=\"height:100px\" aria-hidden=\"true\" class=\"wp-block-spacer\"><\/div>\n\n\n\n<hr class=\"wp-block-separator has-alpha-channel-opacity\"\/>\n\n\n\n<h3 class=\"wp-block-heading\">Retrouvez le Forgeron Mag #14 en int\u00e9gralit\u00e9<\/h3>\n\n\n\n<div class=\"wp-block-pdf-viewer-block-standard\" style=\"text-align:left\"><div class=\"uploaded-pdf\"><a href=\"https:\/\/www.fcgueugnon.fr\/site\/wp-content\/uploads\/2024\/05\/forgeron-mag-fcg-fc-vesoul-j25.pdf\" data-width=\"\" data-height=\"\"><\/a><\/div><\/div>\n\n\n\n<div class=\"wp-block-buttons is-layout-flex wp-block-buttons-is-layout-flex\">\n<div class=\"wp-block-button alignright is-style-circular\"><a class=\"wp-block-button__link wp-element-button\" href=\"https:\/\/www.fcgueugnon.fr\/site\/wp-content\/uploads\/2024\/05\/forgeron-mag-fcg-fc-vesoul-j25.pdf\">T\u00e9l\u00e9charger<\/a><\/div>\n<\/div>\n","protected":false},"excerpt":{"rendered":"<p>D\u00e9couvrez en int\u00e9gralit\u00e9 l&rsquo;interview de Yannick MAMBO diffus\u00e9e lors de la derni\u00e8re journ\u00e9e de cette saison 2023 2024 \u00e0 domicile face au FC Vesoul. Peux-tu nous parler de ton parcours dans le football ? \u00ab J&rsquo;ai commenc\u00e9 \u00e0 jouer au football \u00e0 Langres \u00e0 l&rsquo;\u00e2ge de 7 ans, puis j&rsquo;ai int\u00e9gr\u00e9 le centre de formation &#8230; <\/p>\n<p class=\"read-more-container\"><a title=\"[Interview] Forgeron Mag #14 avec Yannick MAMBO\" class=\"read-more button\" href=\"https:\/\/www.fcgueugnon.fr\/site\/interview-forgeron-mag-14-avec-yannick-mambo\/9802#more-9802\" aria-label=\"Plus sur [Interview] Forgeron Mag #14 avec Yannick MAMBO\">Lire la suite<\/a><\/p>\n","protected":false},"author":2,"featured_media":9803,"comment_status":"closed","ping_status":"closed","sticky":false,"template":"","format":"standard","meta":{"footnotes":""},"categories":[4,55],"tags":[24,11],"class_list":["post-9802","post","type-post","status-publish","format-standard","has-post-thumbnail","hentry","category-news","category-news-2023-2024","tag-forgeron-mag","tag-interview","infinite-scroll-item","generate-columns","tablet-grid-50","mobile-grid-100","grid-parent","grid-25"],"yoast_head":"<!-- This site is optimized with the Yoast SEO plugin v26.6 - https:\/\/yoast.com\/wordpress\/plugins\/seo\/ -->\n<title>[Interview] Forgeron Mag #14 avec Yannick MAMBO &#8226; FOOTBALL CLUB GUEUGNON<\/title>\n<meta name=\"robots\" content=\"index, follow, max-snippet:-1, max-image-preview:large, max-video-preview:-1\" \/>\n<link rel=\"canonical\" href=\"https:\/\/www.fcgueugnon.fr\/site\/interview-forgeron-mag-14-avec-yannick-mambo\/9802\" \/>\n<meta property=\"og:locale\" content=\"fr_FR\" \/>\n<meta property=\"og:type\" content=\"article\" \/>\n<meta property=\"og:title\" content=\"[Interview] Forgeron Mag #14 avec Yannick MAMBO &#8226; FOOTBALL CLUB GUEUGNON\" \/>\n<meta property=\"og:description\" content=\"D\u00e9couvrez en int\u00e9gralit\u00e9 l&rsquo;interview de Yannick MAMBO diffus\u00e9e lors de la derni\u00e8re journ\u00e9e de cette saison 2023 2024 \u00e0 domicile face au FC Vesoul. Peux-tu nous parler de ton parcours dans le football ? \u00ab J&rsquo;ai commenc\u00e9 \u00e0 jouer au football \u00e0 Langres \u00e0 l&rsquo;\u00e2ge de 7 ans, puis j&rsquo;ai int\u00e9gr\u00e9 le centre de formation ... Lire la suite\" \/>\n<meta property=\"og:url\" content=\"https:\/\/www.fcgueugnon.fr\/site\/interview-forgeron-mag-14-avec-yannick-mambo\/9802\" \/>\n<meta property=\"og:site_name\" content=\"FOOTBALL CLUB GUEUGNON\" \/>\n<meta property=\"article:publisher\" content=\"http:\/\/facebook.com\/FCGueugnon\" \/>\n<meta property=\"article:published_time\" content=\"2024-05-11T14:55:00+00:00\" \/>\n<meta property=\"og:image\" content=\"https:\/\/www.fcgueugnon.fr\/site\/wp-content\/uploads\/2024\/05\/image-scaled.jpeg\" \/>\n\t<meta property=\"og:image:width\" content=\"2560\" \/>\n\t<meta property=\"og:image:height\" content=\"1707\" \/>\n\t<meta property=\"og:image:type\" content=\"image\/jpeg\" \/>\n<meta name=\"author\" content=\"FC Gueugnon\" \/>\n<meta name=\"twitter:card\" content=\"summary_large_image\" \/>\n<meta name=\"twitter:creator\" content=\"@FCGueugnon_off\" \/>\n<meta name=\"twitter:site\" content=\"@FCGueugnon_off\" \/>\n<meta name=\"twitter:label1\" content=\"\u00c9crit par\" \/>\n\t<meta name=\"twitter:data1\" content=\"FC Gueugnon\" \/>\n\t<meta name=\"twitter:label2\" content=\"Dur\u00e9e de lecture estim\u00e9e\" \/>\n\t<meta name=\"twitter:data2\" content=\"4 minutes\" \/>\n<script type=\"application\/ld+json\" class=\"yoast-schema-graph\">{\"@context\":\"https:\/\/schema.org\",\"@graph\":[{\"@type\":\"Article\",\"@id\":\"https:\/\/www.fcgueugnon.fr\/site\/interview-forgeron-mag-14-avec-yannick-mambo\/9802#article\",\"isPartOf\":{\"@id\":\"https:\/\/www.fcgueugnon.fr\/site\/interview-forgeron-mag-14-avec-yannick-mambo\/9802\"},\"author\":{\"name\":\"FC Gueugnon\",\"@id\":\"https:\/\/www.fcgueugnon.fr\/site\/#\/schema\/person\/d342d0c35e8e8f04740b9bdd734eeb20\"},\"headline\":\"[Interview] Forgeron Mag #14 avec Yannick MAMBO\",\"datePublished\":\"2024-05-11T14:55:00+00:00\",\"mainEntityOfPage\":{\"@id\":\"https:\/\/www.fcgueugnon.fr\/site\/interview-forgeron-mag-14-avec-yannick-mambo\/9802\"},\"wordCount\":718,\"publisher\":{\"@id\":\"https:\/\/www.fcgueugnon.fr\/site\/#organization\"},\"image\":{\"@id\":\"https:\/\/www.fcgueugnon.fr\/site\/interview-forgeron-mag-14-avec-yannick-mambo\/9802#primaryimage\"},\"thumbnailUrl\":\"https:\/\/www.fcgueugnon.fr\/site\/wp-content\/uploads\/2024\/05\/image-scaled.jpeg\",\"keywords\":[\"Forgeron Mag\",\"Interview\"],\"articleSection\":[\"News\",\"News 2023\/2024\"],\"inLanguage\":\"fr-FR\"},{\"@type\":\"WebPage\",\"@id\":\"https:\/\/www.fcgueugnon.fr\/site\/interview-forgeron-mag-14-avec-yannick-mambo\/9802\",\"url\":\"https:\/\/www.fcgueugnon.fr\/site\/interview-forgeron-mag-14-avec-yannick-mambo\/9802\",\"name\":\"[Interview] Forgeron Mag #14 avec Yannick MAMBO &#8226; FOOTBALL CLUB GUEUGNON\",\"isPartOf\":{\"@id\":\"https:\/\/www.fcgueugnon.fr\/site\/#website\"},\"primaryImageOfPage\":{\"@id\":\"https:\/\/www.fcgueugnon.fr\/site\/interview-forgeron-mag-14-avec-yannick-mambo\/9802#primaryimage\"},\"image\":{\"@id\":\"https:\/\/www.fcgueugnon.fr\/site\/interview-forgeron-mag-14-avec-yannick-mambo\/9802#primaryimage\"},\"thumbnailUrl\":\"https:\/\/www.fcgueugnon.fr\/site\/wp-content\/uploads\/2024\/05\/image-scaled.jpeg\",\"datePublished\":\"2024-05-11T14:55:00+00:00\",\"breadcrumb\":{\"@id\":\"https:\/\/www.fcgueugnon.fr\/site\/interview-forgeron-mag-14-avec-yannick-mambo\/9802#breadcrumb\"},\"inLanguage\":\"fr-FR\",\"potentialAction\":[{\"@type\":\"ReadAction\",\"target\":[\"https:\/\/www.fcgueugnon.fr\/site\/interview-forgeron-mag-14-avec-yannick-mambo\/9802\"]}]},{\"@type\":\"ImageObject\",\"inLanguage\":\"fr-FR\",\"@id\":\"https:\/\/www.fcgueugnon.fr\/site\/interview-forgeron-mag-14-avec-yannick-mambo\/9802#primaryimage\",\"url\":\"https:\/\/www.fcgueugnon.fr\/site\/wp-content\/uploads\/2024\/05\/image-scaled.jpeg\",\"contentUrl\":\"https:\/\/www.fcgueugnon.fr\/site\/wp-content\/uploads\/2024\/05\/image-scaled.jpeg\",\"width\":2560,\"height\":1707},{\"@type\":\"BreadcrumbList\",\"@id\":\"https:\/\/www.fcgueugnon.fr\/site\/interview-forgeron-mag-14-avec-yannick-mambo\/9802#breadcrumb\",\"itemListElement\":[{\"@type\":\"ListItem\",\"position\":1,\"name\":\"Accueil\",\"item\":\"https:\/\/www.fcgueugnon.fr\/site\/\"},{\"@type\":\"ListItem\",\"position\":2,\"name\":\"[Interview] Forgeron Mag #14 avec Yannick MAMBO\"}]},{\"@type\":\"WebSite\",\"@id\":\"https:\/\/www.fcgueugnon.fr\/site\/#website\",\"url\":\"https:\/\/www.fcgueugnon.fr\/site\/\",\"name\":\"FOOTBALL CLUB GUEUGNON\",\"description\":\"Le Site Officiel des Forgerons\",\"publisher\":{\"@id\":\"https:\/\/www.fcgueugnon.fr\/site\/#organization\"},\"potentialAction\":[{\"@type\":\"SearchAction\",\"target\":{\"@type\":\"EntryPoint\",\"urlTemplate\":\"https:\/\/www.fcgueugnon.fr\/site\/?s={search_term_string}\"},\"query-input\":{\"@type\":\"PropertyValueSpecification\",\"valueRequired\":true,\"valueName\":\"search_term_string\"}}],\"inLanguage\":\"fr-FR\"},{\"@type\":\"Organization\",\"@id\":\"https:\/\/www.fcgueugnon.fr\/site\/#organization\",\"name\":\"FC Gueugnon\",\"url\":\"https:\/\/www.fcgueugnon.fr\/site\/\",\"logo\":{\"@type\":\"ImageObject\",\"inLanguage\":\"fr-FR\",\"@id\":\"https:\/\/www.fcgueugnon.fr\/site\/#\/schema\/logo\/image\/\",\"url\":\"https:\/\/www.fcgueugnon.fr\/site\/wp-content\/uploads\/2022\/07\/cropped-Logo-FCGUEUGNON-low-350x350-1.png\",\"contentUrl\":\"https:\/\/www.fcgueugnon.fr\/site\/wp-content\/uploads\/2022\/07\/cropped-Logo-FCGUEUGNON-low-350x350-1.png\",\"width\":350,\"height\":350,\"caption\":\"FC Gueugnon\"},\"image\":{\"@id\":\"https:\/\/www.fcgueugnon.fr\/site\/#\/schema\/logo\/image\/\"},\"sameAs\":[\"http:\/\/facebook.com\/FCGueugnon\",\"https:\/\/x.com\/FCGueugnon_off\",\"https:\/\/www.instagram.com\/fcgueugnon\/\",\"https:\/\/www.linkedin.com\/company\/football-club-de-gueugnon\/\",\"https:\/\/www.youtube.com\/user\/FCGueugnonnais\",\"https:\/\/fr.wikipedia.org\/wiki\/Football_Club_de_Gueugnon\"]},{\"@type\":\"Person\",\"@id\":\"https:\/\/www.fcgueugnon.fr\/site\/#\/schema\/person\/d342d0c35e8e8f04740b9bdd734eeb20\",\"name\":\"FC Gueugnon\",\"url\":\"https:\/\/www.fcgueugnon.fr\/site\/author\/s-rod\"}]}<\/script>\n<!-- \/ Yoast SEO plugin. -->","yoast_head_json":{"title":"[Interview] Forgeron Mag #14 avec Yannick MAMBO &#8226; FOOTBALL CLUB GUEUGNON","robots":{"index":"index","follow":"follow","max-snippet":"max-snippet:-1","max-image-preview":"max-image-preview:large","max-video-preview":"max-video-preview:-1"},"canonical":"https:\/\/www.fcgueugnon.fr\/site\/interview-forgeron-mag-14-avec-yannick-mambo\/9802","og_locale":"fr_FR","og_type":"article","og_title":"[Interview] Forgeron Mag #14 avec Yannick MAMBO &#8226; FOOTBALL CLUB GUEUGNON","og_description":"D\u00e9couvrez en int\u00e9gralit\u00e9 l&rsquo;interview de Yannick MAMBO diffus\u00e9e lors de la derni\u00e8re journ\u00e9e de cette saison 2023 2024 \u00e0 domicile face au FC Vesoul. Peux-tu nous parler de ton parcours dans le football ? \u00ab J&rsquo;ai commenc\u00e9 \u00e0 jouer au football \u00e0 Langres \u00e0 l&rsquo;\u00e2ge de 7 ans, puis j&rsquo;ai int\u00e9gr\u00e9 le centre de formation ... Lire la suite","og_url":"https:\/\/www.fcgueugnon.fr\/site\/interview-forgeron-mag-14-avec-yannick-mambo\/9802","og_site_name":"FOOTBALL CLUB GUEUGNON","article_publisher":"http:\/\/facebook.com\/FCGueugnon","article_published_time":"2024-05-11T14:55:00+00:00","og_image":[{"width":2560,"height":1707,"url":"https:\/\/www.fcgueugnon.fr\/site\/wp-content\/uploads\/2024\/05\/image-scaled.jpeg","type":"image\/jpeg"}],"author":"FC Gueugnon","twitter_card":"summary_large_image","twitter_creator":"@FCGueugnon_off","twitter_site":"@FCGueugnon_off","twitter_misc":{"\u00c9crit par":"FC Gueugnon","Dur\u00e9e de lecture estim\u00e9e":"4 minutes"},"schema":{"@context":"https:\/\/schema.org","@graph":[{"@type":"Article","@id":"https:\/\/www.fcgueugnon.fr\/site\/interview-forgeron-mag-14-avec-yannick-mambo\/9802#article","isPartOf":{"@id":"https:\/\/www.fcgueugnon.fr\/site\/interview-forgeron-mag-14-avec-yannick-mambo\/9802"},"author":{"name":"FC Gueugnon","@id":"https:\/\/www.fcgueugnon.fr\/site\/#\/schema\/person\/d342d0c35e8e8f04740b9bdd734eeb20"},"headline":"[Interview] Forgeron Mag #14 avec Yannick MAMBO","datePublished":"2024-05-11T14:55:00+00:00","mainEntityOfPage":{"@id":"https:\/\/www.fcgueugnon.fr\/site\/interview-forgeron-mag-14-avec-yannick-mambo\/9802"},"wordCount":718,"publisher":{"@id":"https:\/\/www.fcgueugnon.fr\/site\/#organization"},"image":{"@id":"https:\/\/www.fcgueugnon.fr\/site\/interview-forgeron-mag-14-avec-yannick-mambo\/9802#primaryimage"},"thumbnailUrl":"https:\/\/www.fcgueugnon.fr\/site\/wp-content\/uploads\/2024\/05\/image-scaled.jpeg","keywords":["Forgeron Mag","Interview"],"articleSection":["News","News 2023\/2024"],"inLanguage":"fr-FR"},{"@type":"WebPage","@id":"https:\/\/www.fcgueugnon.fr\/site\/interview-forgeron-mag-14-avec-yannick-mambo\/9802","url":"https:\/\/www.fcgueugnon.fr\/site\/interview-forgeron-mag-14-avec-yannick-mambo\/9802","name":"[Interview] Forgeron Mag #14 avec Yannick MAMBO &#8226; FOOTBALL CLUB GUEUGNON","isPartOf":{"@id":"https:\/\/www.fcgueugnon.fr\/site\/#website"},"primaryImageOfPage":{"@id":"https:\/\/www.fcgueugnon.fr\/site\/interview-forgeron-mag-14-avec-yannick-mambo\/9802#primaryimage"},"image":{"@id":"https:\/\/www.fcgueugnon.fr\/site\/interview-forgeron-mag-14-avec-yannick-mambo\/9802#primaryimage"},"thumbnailUrl":"https:\/\/www.fcgueugnon.fr\/site\/wp-content\/uploads\/2024\/05\/image-scaled.jpeg","datePublished":"2024-05-11T14:55:00+00:00","breadcrumb":{"@id":"https:\/\/www.fcgueugnon.fr\/site\/interview-forgeron-mag-14-avec-yannick-mambo\/9802#breadcrumb"},"inLanguage":"fr-FR","potentialAction":[{"@type":"ReadAction","target":["https:\/\/www.fcgueugnon.fr\/site\/interview-forgeron-mag-14-avec-yannick-mambo\/9802"]}]},{"@type":"ImageObject","inLanguage":"fr-FR","@id":"https:\/\/www.fcgueugnon.fr\/site\/interview-forgeron-mag-14-avec-yannick-mambo\/9802#primaryimage","url":"https:\/\/www.fcgueugnon.fr\/site\/wp-content\/uploads\/2024\/05\/image-scaled.jpeg","contentUrl":"https:\/\/www.fcgueugnon.fr\/site\/wp-content\/uploads\/2024\/05\/image-scaled.jpeg","width":2560,"height":1707},{"@type":"BreadcrumbList","@id":"https:\/\/www.fcgueugnon.fr\/site\/interview-forgeron-mag-14-avec-yannick-mambo\/9802#breadcrumb","itemListElement":[{"@type":"ListItem","position":1,"name":"Accueil","item":"https:\/\/www.fcgueugnon.fr\/site\/"},{"@type":"ListItem","position":2,"name":"[Interview] Forgeron Mag #14 avec Yannick MAMBO"}]},{"@type":"WebSite","@id":"https:\/\/www.fcgueugnon.fr\/site\/#website","url":"https:\/\/www.fcgueugnon.fr\/site\/","name":"FOOTBALL CLUB GUEUGNON","description":"Le Site Officiel des Forgerons","publisher":{"@id":"https:\/\/www.fcgueugnon.fr\/site\/#organization"},"potentialAction":[{"@type":"SearchAction","target":{"@type":"EntryPoint","urlTemplate":"https:\/\/www.fcgueugnon.fr\/site\/?s={search_term_string}"},"query-input":{"@type":"PropertyValueSpecification","valueRequired":true,"valueName":"search_term_string"}}],"inLanguage":"fr-FR"},{"@type":"Organization","@id":"https:\/\/www.fcgueugnon.fr\/site\/#organization","name":"FC Gueugnon","url":"https:\/\/www.fcgueugnon.fr\/site\/","logo":{"@type":"ImageObject","inLanguage":"fr-FR","@id":"https:\/\/www.fcgueugnon.fr\/site\/#\/schema\/logo\/image\/","url":"https:\/\/www.fcgueugnon.fr\/site\/wp-content\/uploads\/2022\/07\/cropped-Logo-FCGUEUGNON-low-350x350-1.png","contentUrl":"https:\/\/www.fcgueugnon.fr\/site\/wp-content\/uploads\/2022\/07\/cropped-Logo-FCGUEUGNON-low-350x350-1.png","width":350,"height":350,"caption":"FC Gueugnon"},"image":{"@id":"https:\/\/www.fcgueugnon.fr\/site\/#\/schema\/logo\/image\/"},"sameAs":["http:\/\/facebook.com\/FCGueugnon","https:\/\/x.com\/FCGueugnon_off","https:\/\/www.instagram.com\/fcgueugnon\/","https:\/\/www.linkedin.com\/company\/football-club-de-gueugnon\/","https:\/\/www.youtube.com\/user\/FCGueugnonnais","https:\/\/fr.wikipedia.org\/wiki\/Football_Club_de_Gueugnon"]},{"@type":"Person","@id":"https:\/\/www.fcgueugnon.fr\/site\/#\/schema\/person\/d342d0c35e8e8f04740b9bdd734eeb20","name":"FC Gueugnon","url":"https:\/\/www.fcgueugnon.fr\/site\/author\/s-rod"}]}},"rttpg_featured_image_url":{"full":["https:\/\/www.fcgueugnon.fr\/site\/wp-content\/uploads\/2024\/05\/image-scaled.jpeg",2560,1707,false],"landscape":["https:\/\/www.fcgueugnon.fr\/site\/wp-content\/uploads\/2024\/05\/image-scaled.jpeg",2560,1707,false],"portraits":["https:\/\/www.fcgueugnon.fr\/site\/wp-content\/uploads\/2024\/05\/image-scaled.jpeg",2560,1707,false],"thumbnail":["https:\/\/www.fcgueugnon.fr\/site\/wp-content\/uploads\/2024\/05\/image-150x150.jpeg",150,150,true],"medium":["https:\/\/www.fcgueugnon.fr\/site\/wp-content\/uploads\/2024\/05\/image-400x267.jpeg",400,267,true],"large":["https:\/\/www.fcgueugnon.fr\/site\/wp-content\/uploads\/2024\/05\/image-1024x683.jpeg",1024,683,true],"1536x1536":["https:\/\/www.fcgueugnon.fr\/site\/wp-content\/uploads\/2024\/05\/image-1536x1024.jpeg",1536,1024,true],"2048x2048":["https:\/\/www.fcgueugnon.fr\/site\/wp-content\/uploads\/2024\/05\/image-2048x1365.jpeg",2048,1365,true]},"rttpg_author":{"display_name":"FC Gueugnon","author_link":"https:\/\/www.fcgueugnon.fr\/site\/author\/s-rod"},"rttpg_comment":0,"rttpg_category":"<a href=\"https:\/\/www.fcgueugnon.fr\/site\/category\/news\" rel=\"category tag\">News<\/a> <a href=\"https:\/\/www.fcgueugnon.fr\/site\/category\/news\/news-2023-2024\" rel=\"category tag\">News 2023\/2024<\/a>","rttpg_excerpt":"D\u00e9couvrez en int\u00e9gralit\u00e9 l&rsquo;interview de Yannick MAMBO diffus\u00e9e lors de la derni\u00e8re journ\u00e9e de cette saison 2023 2024 \u00e0 domicile face au FC Vesoul. Peux-tu nous parler de ton parcours dans le football ? \u00ab J&rsquo;ai commenc\u00e9 \u00e0 jouer au football \u00e0 Langres \u00e0 l&rsquo;\u00e2ge de 7 ans, puis j&rsquo;ai int\u00e9gr\u00e9 le centre de formation\u2026","_links":{"self":[{"href":"https:\/\/www.fcgueugnon.fr\/site\/wp-json\/wp\/v2\/posts\/9802","targetHints":{"allow":["GET"]}}],"collection":[{"href":"https:\/\/www.fcgueugnon.fr\/site\/wp-json\/wp\/v2\/posts"}],"about":[{"href":"https:\/\/www.fcgueugnon.fr\/site\/wp-json\/wp\/v2\/types\/post"}],"author":[{"embeddable":true,"href":"https:\/\/www.fcgueugnon.fr\/site\/wp-json\/wp\/v2\/users\/2"}],"replies":[{"embeddable":true,"href":"https:\/\/www.fcgueugnon.fr\/site\/wp-json\/wp\/v2\/comments?post=9802"}],"version-history":[{"count":1,"href":"https:\/\/www.fcgueugnon.fr\/site\/wp-json\/wp\/v2\/posts\/9802\/revisions"}],"predecessor-version":[{"id":9805,"href":"https:\/\/www.fcgueugnon.fr\/site\/wp-json\/wp\/v2\/posts\/9802\/revisions\/9805"}],"wp:featuredmedia":[{"embeddable":true,"href":"https:\/\/www.fcgueugnon.fr\/site\/wp-json\/wp\/v2\/media\/9803"}],"wp:attachment":[{"href":"https:\/\/www.fcgueugnon.fr\/site\/wp-json\/wp\/v2\/media?parent=9802"}],"wp:term":[{"taxonomy":"category","embeddable":true,"href":"https:\/\/www.fcgueugnon.fr\/site\/wp-json\/wp\/v2\/categories?post=9802"},{"taxonomy":"post_tag","embeddable":true,"href":"https:\/\/www.fcgueugnon.fr\/site\/wp-json\/wp\/v2\/tags?post=9802"}],"curies":[{"name":"wp","href":"https:\/\/api.w.org\/{rel}","templated":true}]}}