{"id":9664,"date":"2024-05-02T16:02:51","date_gmt":"2024-05-02T14:02:51","guid":{"rendered":"https:\/\/www.fcgueugnon.fr\/site\/?p=9664"},"modified":"2024-05-02T16:02:54","modified_gmt":"2024-05-02T14:02:54","slug":"sport-e-leclerc-academie-portes-ouvertes-ecole-de-foot","status":"publish","type":"post","link":"https:\/\/www.fcgueugnon.fr\/site\/sport-e-leclerc-academie-portes-ouvertes-ecole-de-foot\/9664","title":{"rendered":"[Sport E.Leclerc Acad\u00e9mie] Portes ouvertes Ecole de Foot !"},"content":{"rendered":"\n<h4 class=\"wp-block-heading\"><strong>L&rsquo;\u00c9cole de Foot du FC Gueugnon vous ouvre ses portes le mercredi 15 mai !<\/strong><\/h4>\n\n\n\n<div style=\"height:20px\" aria-hidden=\"true\" class=\"wp-block-spacer\"><\/div>\n\n\n\n<p>L&rsquo;Ecole de Foot du FC Gueugnon organise une matin\u00e9e portes ouvertes le mercredi 15 mai, de 10h \u00e0 12h, afin de constituer ses \u00e9quipes de foot \u00e0 8 pour la saison 2024-2025 (U9, U10, U11).<\/p>\n\n\n\n<p><strong>Nouveaut\u00e9 cette ann\u00e9e : l&rsquo;Ecole de Foot lance une \u00e9quipe f\u00e9minine U11 en foot \u00e0 8 !  <\/strong><\/p>\n\n\n\n<p>Pour vous inscrire, merci de remplir le formulaire ci-dessous, un sms de convocation vous sera envoy\u00e9 \u00e0 la suite de votre inscription.<\/p>\n\n\n\n<p>Ce formulaire s\u2019adresse aux enfants, gar\u00e7ons et filles, n\u00e9(e)s entre 2014 et 2016 (futurs U9 \u00e0 U11).<\/p>\n\n\n\n<p>Pour obtenir davantage d&rsquo;informations ou inscrire votre enfant dans une autre cat\u00e9gorie, n&rsquo;h\u00e9sitez pas \u00e0 contacter le Responsable de l&rsquo;\u00c9cole de Football du FC Gueugnon : Geoffray RICHELET au 06.08.11.03.22.<\/p>\n\n\n\n<div style=\"height:20px\" aria-hidden=\"true\" class=\"wp-block-spacer\"><\/div>\n\n\n\n<div style=\"height:15px\" aria-hidden=\"true\" class=\"wp-block-spacer\"><\/div>\n\n\n\n<p class=\"has-text-align-center\">*** <strong>Inscription <\/strong>***<\/p>\n\n\n\n<p class=\"has-text-align-center\"><strong>Matin\u00e9e portes ouvertes | Mercredi 15 Mai de 10h \u00e0 12h :<\/strong><\/p>\n\n\n\n<p class=\"has-text-align-center\">09h30 : Accueil futurs U9 &#8211; U10 &#8211; U11 (Ann\u00e9e de naissance 2016 &#8211; 2015 &#8211; 2014)\u00a0&#8211; Vieux Fresne<\/p>\n\n\n\n<div class=\"wp-block-columns is-layout-flex wp-container-core-columns-is-layout-9d6595d7 wp-block-columns-is-layout-flex\">\n<div class=\"wp-block-column is-layout-flow wp-block-column-is-layout-flow\">\n<div style=\"height:100px\" aria-hidden=\"true\" class=\"wp-block-spacer\"><\/div>\n<\/div>\n\n\n\n<div class=\"wp-block-column is-vertically-aligned-center is-layout-flow wp-block-column-is-layout-flow\" style=\"flex-basis:100%\">\n<center><iframe loading=\"lazy\" src=\"https:\/\/docs.google.com\/forms\/d\/e\/1FAIpQLScnc0d2i7Jo9aJLhCgRIJ-VVZoiwcT40YLkCCqN9c5kxDvcyA\/viewform?embedded=true\" width=\"640\" height=\"1967\" frameborder=\"0\" marginheight=\"0\" marginwidth=\"0\">Chargement\u2026<\/iframe><\/center>\n<\/div>\n<\/div>\n\n\n\n<p class=\"has-text-align-center\">*****<\/p>\n\n\n<div class=\"wp-block-image\">\n<figure class=\"aligncenter size-large\"><img loading=\"lazy\" decoding=\"async\" width=\"1024\" height=\"724\" src=\"https:\/\/www.fcgueugnon.fr\/site\/wp-content\/uploads\/2024\/04\/1-1024x724.png\" alt=\"\" class=\"wp-image-9665\" srcset=\"https:\/\/www.fcgueugnon.fr\/site\/wp-content\/uploads\/2024\/04\/1-1024x724.png 1024w, https:\/\/www.fcgueugnon.fr\/site\/wp-content\/uploads\/2024\/04\/1-400x283.png 400w, https:\/\/www.fcgueugnon.fr\/site\/wp-content\/uploads\/2024\/04\/1-768x543.png 768w, https:\/\/www.fcgueugnon.fr\/site\/wp-content\/uploads\/2024\/04\/1-1536x1086.png 1536w, https:\/\/www.fcgueugnon.fr\/site\/wp-content\/uploads\/2024\/04\/1-1320x933.png 1320w, https:\/\/www.fcgueugnon.fr\/site\/wp-content\/uploads\/2024\/04\/1-600x424.png 600w, https:\/\/www.fcgueugnon.fr\/site\/wp-content\/uploads\/2024\/04\/1.png 2000w\" sizes=\"auto, (max-width: 1024px) 100vw, 1024px\" \/><\/figure>\n<\/div>\n\n\n<div style=\"height:15px\" aria-hidden=\"true\" class=\"wp-block-spacer\"><\/div>\n\n\n\n<div style=\"height:67px\" aria-hidden=\"true\" class=\"wp-block-spacer\"><\/div>\n\n\n<div class=\"wp-block-image\">\n<figure class=\"aligncenter size-large\"><img loading=\"lazy\" decoding=\"async\" width=\"1024\" height=\"724\" src=\"https:\/\/www.fcgueugnon.fr\/site\/wp-content\/uploads\/2024\/04\/2-1024x724.png\" alt=\"\" class=\"wp-image-9666\" srcset=\"https:\/\/www.fcgueugnon.fr\/site\/wp-content\/uploads\/2024\/04\/2-1024x724.png 1024w, https:\/\/www.fcgueugnon.fr\/site\/wp-content\/uploads\/2024\/04\/2-400x283.png 400w, https:\/\/www.fcgueugnon.fr\/site\/wp-content\/uploads\/2024\/04\/2-768x543.png 768w, https:\/\/www.fcgueugnon.fr\/site\/wp-content\/uploads\/2024\/04\/2-1536x1086.png 1536w, https:\/\/www.fcgueugnon.fr\/site\/wp-content\/uploads\/2024\/04\/2-1320x933.png 1320w, https:\/\/www.fcgueugnon.fr\/site\/wp-content\/uploads\/2024\/04\/2-600x424.png 600w, https:\/\/www.fcgueugnon.fr\/site\/wp-content\/uploads\/2024\/04\/2.png 2000w\" sizes=\"auto, (max-width: 1024px) 100vw, 1024px\" \/><\/figure>\n<\/div>","protected":false},"excerpt":{"rendered":"<p>L&rsquo;\u00c9cole de Foot du FC Gueugnon vous ouvre ses portes le mercredi 15 mai ! L&rsquo;Ecole de Foot du FC Gueugnon organise une matin\u00e9e portes ouvertes le mercredi 15 mai, de 10h \u00e0 12h, afin de constituer ses \u00e9quipes de foot \u00e0 8 pour la saison 2024-2025 (U9, U10, U11). Nouveaut\u00e9 cette ann\u00e9e : l&rsquo;Ecole &#8230; <\/p>\n<p class=\"read-more-container\"><a title=\"[Sport E.Leclerc Acad\u00e9mie] Portes ouvertes Ecole de Foot !\" class=\"read-more button\" href=\"https:\/\/www.fcgueugnon.fr\/site\/sport-e-leclerc-academie-portes-ouvertes-ecole-de-foot\/9664#more-9664\" aria-label=\"Plus sur [Sport E.Leclerc Acad\u00e9mie] Portes ouvertes Ecole de Foot !\">Lire la suite<\/a><\/p>\n","protected":false},"author":4,"featured_media":9681,"comment_status":"closed","ping_status":"closed","sticky":true,"template":"","format":"standard","meta":{"footnotes":""},"categories":[4,55],"tags":[14],"class_list":["post-9664","post","type-post","status-publish","format-standard","has-post-thumbnail","hentry","category-news","category-news-2023-2024","tag-sport-e-leclerc-academie-jeunes-formation","infinite-scroll-item","generate-columns","tablet-grid-50","mobile-grid-100","grid-parent","grid-25","resize-featured-image"],"yoast_head":"<!-- This site is optimized with the Yoast SEO plugin v26.6 - https:\/\/yoast.com\/wordpress\/plugins\/seo\/ -->\n<title>[Sport E.Leclerc Acad\u00e9mie] Portes ouvertes Ecole de Foot ! &#8226; FOOTBALL CLUB GUEUGNON<\/title>\n<meta name=\"robots\" content=\"index, follow, max-snippet:-1, max-image-preview:large, max-video-preview:-1\" \/>\n<link rel=\"canonical\" href=\"https:\/\/www.fcgueugnon.fr\/site\/sport-e-leclerc-academie-portes-ouvertes-ecole-de-foot\/9664\" \/>\n<meta property=\"og:locale\" content=\"fr_FR\" \/>\n<meta property=\"og:type\" content=\"article\" \/>\n<meta property=\"og:title\" content=\"[Sport E.Leclerc Acad\u00e9mie] Portes ouvertes Ecole de Foot ! &#8226; FOOTBALL CLUB GUEUGNON\" \/>\n<meta property=\"og:description\" content=\"L&rsquo;\u00c9cole de Foot du FC Gueugnon vous ouvre ses portes le mercredi 15 mai ! L&rsquo;Ecole de Foot du FC Gueugnon organise une matin\u00e9e portes ouvertes le mercredi 15 mai, de 10h \u00e0 12h, afin de constituer ses \u00e9quipes de foot \u00e0 8 pour la saison 2024-2025 (U9, U10, U11). Nouveaut\u00e9 cette ann\u00e9e : l&rsquo;Ecole ... Lire la suite\" \/>\n<meta property=\"og:url\" content=\"https:\/\/www.fcgueugnon.fr\/site\/sport-e-leclerc-academie-portes-ouvertes-ecole-de-foot\/9664\" \/>\n<meta property=\"og:site_name\" content=\"FOOTBALL CLUB GUEUGNON\" \/>\n<meta property=\"article:publisher\" content=\"http:\/\/facebook.com\/FCGueugnon\" \/>\n<meta property=\"article:published_time\" content=\"2024-05-02T14:02:51+00:00\" \/>\n<meta property=\"article:modified_time\" content=\"2024-05-02T14:02:54+00:00\" \/>\n<meta property=\"og:image\" content=\"https:\/\/www.fcgueugnon.fr\/site\/wp-content\/uploads\/2024\/05\/PORTES-OUVERTES-ECOLE-DE-FOOT-23.24-1024x576.png\" \/>\n\t<meta property=\"og:image:width\" content=\"1024\" \/>\n\t<meta property=\"og:image:height\" content=\"576\" \/>\n\t<meta property=\"og:image:type\" content=\"image\/png\" \/>\n<meta name=\"author\" content=\"FC Gueugnon\" \/>\n<meta name=\"twitter:card\" content=\"summary_large_image\" \/>\n<meta name=\"twitter:creator\" content=\"@FCGueugnon_off\" \/>\n<meta name=\"twitter:site\" content=\"@FCGueugnon_off\" \/>\n<meta name=\"twitter:label1\" content=\"\u00c9crit par\" \/>\n\t<meta name=\"twitter:data1\" content=\"FC Gueugnon\" \/>\n\t<meta name=\"twitter:label2\" content=\"Dur\u00e9e de lecture estim\u00e9e\" \/>\n\t<meta name=\"twitter:data2\" content=\"2 minutes\" \/>\n<script type=\"application\/ld+json\" class=\"yoast-schema-graph\">{\"@context\":\"https:\/\/schema.org\",\"@graph\":[{\"@type\":\"Article\",\"@id\":\"https:\/\/www.fcgueugnon.fr\/site\/sport-e-leclerc-academie-portes-ouvertes-ecole-de-foot\/9664#article\",\"isPartOf\":{\"@id\":\"https:\/\/www.fcgueugnon.fr\/site\/sport-e-leclerc-academie-portes-ouvertes-ecole-de-foot\/9664\"},\"author\":{\"name\":\"FC Gueugnon\",\"@id\":\"https:\/\/www.fcgueugnon.fr\/site\/#\/schema\/person\/6b88acb9354d23e86675fc81c54ed359\"},\"headline\":\"[Sport E.Leclerc Acad\u00e9mie] Portes ouvertes Ecole de Foot !\",\"datePublished\":\"2024-05-02T14:02:51+00:00\",\"dateModified\":\"2024-05-02T14:02:54+00:00\",\"mainEntityOfPage\":{\"@id\":\"https:\/\/www.fcgueugnon.fr\/site\/sport-e-leclerc-academie-portes-ouvertes-ecole-de-foot\/9664\"},\"wordCount\":172,\"publisher\":{\"@id\":\"https:\/\/www.fcgueugnon.fr\/site\/#organization\"},\"image\":{\"@id\":\"https:\/\/www.fcgueugnon.fr\/site\/sport-e-leclerc-academie-portes-ouvertes-ecole-de-foot\/9664#primaryimage\"},\"thumbnailUrl\":\"https:\/\/www.fcgueugnon.fr\/site\/wp-content\/uploads\/2024\/05\/PORTES-OUVERTES-ECOLE-DE-FOOT-23.24.png\",\"keywords\":[\"Sport E.Leclerc Acad\u00e9mie : Jeunes \/ Formation\"],\"articleSection\":[\"News\",\"News 2023\/2024\"],\"inLanguage\":\"fr-FR\"},{\"@type\":\"WebPage\",\"@id\":\"https:\/\/www.fcgueugnon.fr\/site\/sport-e-leclerc-academie-portes-ouvertes-ecole-de-foot\/9664\",\"url\":\"https:\/\/www.fcgueugnon.fr\/site\/sport-e-leclerc-academie-portes-ouvertes-ecole-de-foot\/9664\",\"name\":\"[Sport E.Leclerc Acad\u00e9mie] Portes ouvertes Ecole de Foot ! &#8226; FOOTBALL CLUB GUEUGNON\",\"isPartOf\":{\"@id\":\"https:\/\/www.fcgueugnon.fr\/site\/#website\"},\"primaryImageOfPage\":{\"@id\":\"https:\/\/www.fcgueugnon.fr\/site\/sport-e-leclerc-academie-portes-ouvertes-ecole-de-foot\/9664#primaryimage\"},\"image\":{\"@id\":\"https:\/\/www.fcgueugnon.fr\/site\/sport-e-leclerc-academie-portes-ouvertes-ecole-de-foot\/9664#primaryimage\"},\"thumbnailUrl\":\"https:\/\/www.fcgueugnon.fr\/site\/wp-content\/uploads\/2024\/05\/PORTES-OUVERTES-ECOLE-DE-FOOT-23.24.png\",\"datePublished\":\"2024-05-02T14:02:51+00:00\",\"dateModified\":\"2024-05-02T14:02:54+00:00\",\"breadcrumb\":{\"@id\":\"https:\/\/www.fcgueugnon.fr\/site\/sport-e-leclerc-academie-portes-ouvertes-ecole-de-foot\/9664#breadcrumb\"},\"inLanguage\":\"fr-FR\",\"potentialAction\":[{\"@type\":\"ReadAction\",\"target\":[\"https:\/\/www.fcgueugnon.fr\/site\/sport-e-leclerc-academie-portes-ouvertes-ecole-de-foot\/9664\"]}]},{\"@type\":\"ImageObject\",\"inLanguage\":\"fr-FR\",\"@id\":\"https:\/\/www.fcgueugnon.fr\/site\/sport-e-leclerc-academie-portes-ouvertes-ecole-de-foot\/9664#primaryimage\",\"url\":\"https:\/\/www.fcgueugnon.fr\/site\/wp-content\/uploads\/2024\/05\/PORTES-OUVERTES-ECOLE-DE-FOOT-23.24.png\",\"contentUrl\":\"https:\/\/www.fcgueugnon.fr\/site\/wp-content\/uploads\/2024\/05\/PORTES-OUVERTES-ECOLE-DE-FOOT-23.24.png\",\"width\":1920,\"height\":1080},{\"@type\":\"BreadcrumbList\",\"@id\":\"https:\/\/www.fcgueugnon.fr\/site\/sport-e-leclerc-academie-portes-ouvertes-ecole-de-foot\/9664#breadcrumb\",\"itemListElement\":[{\"@type\":\"ListItem\",\"position\":1,\"name\":\"Accueil\",\"item\":\"https:\/\/www.fcgueugnon.fr\/site\/\"},{\"@type\":\"ListItem\",\"position\":2,\"name\":\"[Sport E.Leclerc Acad\u00e9mie] Portes ouvertes Ecole de Foot !\"}]},{\"@type\":\"WebSite\",\"@id\":\"https:\/\/www.fcgueugnon.fr\/site\/#website\",\"url\":\"https:\/\/www.fcgueugnon.fr\/site\/\",\"name\":\"FOOTBALL CLUB GUEUGNON\",\"description\":\"Le Site Officiel des Forgerons\",\"publisher\":{\"@id\":\"https:\/\/www.fcgueugnon.fr\/site\/#organization\"},\"potentialAction\":[{\"@type\":\"SearchAction\",\"target\":{\"@type\":\"EntryPoint\",\"urlTemplate\":\"https:\/\/www.fcgueugnon.fr\/site\/?s={search_term_string}\"},\"query-input\":{\"@type\":\"PropertyValueSpecification\",\"valueRequired\":true,\"valueName\":\"search_term_string\"}}],\"inLanguage\":\"fr-FR\"},{\"@type\":\"Organization\",\"@id\":\"https:\/\/www.fcgueugnon.fr\/site\/#organization\",\"name\":\"FC Gueugnon\",\"url\":\"https:\/\/www.fcgueugnon.fr\/site\/\",\"logo\":{\"@type\":\"ImageObject\",\"inLanguage\":\"fr-FR\",\"@id\":\"https:\/\/www.fcgueugnon.fr\/site\/#\/schema\/logo\/image\/\",\"url\":\"https:\/\/www.fcgueugnon.fr\/site\/wp-content\/uploads\/2022\/07\/cropped-Logo-FCGUEUGNON-low-350x350-1.png\",\"contentUrl\":\"https:\/\/www.fcgueugnon.fr\/site\/wp-content\/uploads\/2022\/07\/cropped-Logo-FCGUEUGNON-low-350x350-1.png\",\"width\":350,\"height\":350,\"caption\":\"FC Gueugnon\"},\"image\":{\"@id\":\"https:\/\/www.fcgueugnon.fr\/site\/#\/schema\/logo\/image\/\"},\"sameAs\":[\"http:\/\/facebook.com\/FCGueugnon\",\"https:\/\/x.com\/FCGueugnon_off\",\"https:\/\/www.instagram.com\/fcgueugnon\/\",\"https:\/\/www.linkedin.com\/company\/football-club-de-gueugnon\/\",\"https:\/\/www.youtube.com\/user\/FCGueugnonnais\",\"https:\/\/fr.wikipedia.org\/wiki\/Football_Club_de_Gueugnon\"]},{\"@type\":\"Person\",\"@id\":\"https:\/\/www.fcgueugnon.fr\/site\/#\/schema\/person\/6b88acb9354d23e86675fc81c54ed359\",\"name\":\"FC Gueugnon\",\"url\":\"https:\/\/www.fcgueugnon.fr\/site\/author\/man-antu\"}]}<\/script>\n<!-- \/ Yoast SEO plugin. -->","yoast_head_json":{"title":"[Sport E.Leclerc Acad\u00e9mie] Portes ouvertes Ecole de Foot ! &#8226; FOOTBALL CLUB GUEUGNON","robots":{"index":"index","follow":"follow","max-snippet":"max-snippet:-1","max-image-preview":"max-image-preview:large","max-video-preview":"max-video-preview:-1"},"canonical":"https:\/\/www.fcgueugnon.fr\/site\/sport-e-leclerc-academie-portes-ouvertes-ecole-de-foot\/9664","og_locale":"fr_FR","og_type":"article","og_title":"[Sport E.Leclerc Acad\u00e9mie] Portes ouvertes Ecole de Foot ! &#8226; FOOTBALL CLUB GUEUGNON","og_description":"L&rsquo;\u00c9cole de Foot du FC Gueugnon vous ouvre ses portes le mercredi 15 mai ! L&rsquo;Ecole de Foot du FC Gueugnon organise une matin\u00e9e portes ouvertes le mercredi 15 mai, de 10h \u00e0 12h, afin de constituer ses \u00e9quipes de foot \u00e0 8 pour la saison 2024-2025 (U9, U10, U11). Nouveaut\u00e9 cette ann\u00e9e : l&rsquo;Ecole ... Lire la suite","og_url":"https:\/\/www.fcgueugnon.fr\/site\/sport-e-leclerc-academie-portes-ouvertes-ecole-de-foot\/9664","og_site_name":"FOOTBALL CLUB GUEUGNON","article_publisher":"http:\/\/facebook.com\/FCGueugnon","article_published_time":"2024-05-02T14:02:51+00:00","article_modified_time":"2024-05-02T14:02:54+00:00","og_image":[{"width":1024,"height":576,"url":"https:\/\/www.fcgueugnon.fr\/site\/wp-content\/uploads\/2024\/05\/PORTES-OUVERTES-ECOLE-DE-FOOT-23.24-1024x576.png","type":"image\/png"}],"author":"FC Gueugnon","twitter_card":"summary_large_image","twitter_creator":"@FCGueugnon_off","twitter_site":"@FCGueugnon_off","twitter_misc":{"\u00c9crit par":"FC Gueugnon","Dur\u00e9e de lecture estim\u00e9e":"2 minutes"},"schema":{"@context":"https:\/\/schema.org","@graph":[{"@type":"Article","@id":"https:\/\/www.fcgueugnon.fr\/site\/sport-e-leclerc-academie-portes-ouvertes-ecole-de-foot\/9664#article","isPartOf":{"@id":"https:\/\/www.fcgueugnon.fr\/site\/sport-e-leclerc-academie-portes-ouvertes-ecole-de-foot\/9664"},"author":{"name":"FC Gueugnon","@id":"https:\/\/www.fcgueugnon.fr\/site\/#\/schema\/person\/6b88acb9354d23e86675fc81c54ed359"},"headline":"[Sport E.Leclerc Acad\u00e9mie] Portes ouvertes Ecole de Foot !","datePublished":"2024-05-02T14:02:51+00:00","dateModified":"2024-05-02T14:02:54+00:00","mainEntityOfPage":{"@id":"https:\/\/www.fcgueugnon.fr\/site\/sport-e-leclerc-academie-portes-ouvertes-ecole-de-foot\/9664"},"wordCount":172,"publisher":{"@id":"https:\/\/www.fcgueugnon.fr\/site\/#organization"},"image":{"@id":"https:\/\/www.fcgueugnon.fr\/site\/sport-e-leclerc-academie-portes-ouvertes-ecole-de-foot\/9664#primaryimage"},"thumbnailUrl":"https:\/\/www.fcgueugnon.fr\/site\/wp-content\/uploads\/2024\/05\/PORTES-OUVERTES-ECOLE-DE-FOOT-23.24.png","keywords":["Sport E.Leclerc Acad\u00e9mie : Jeunes \/ Formation"],"articleSection":["News","News 2023\/2024"],"inLanguage":"fr-FR"},{"@type":"WebPage","@id":"https:\/\/www.fcgueugnon.fr\/site\/sport-e-leclerc-academie-portes-ouvertes-ecole-de-foot\/9664","url":"https:\/\/www.fcgueugnon.fr\/site\/sport-e-leclerc-academie-portes-ouvertes-ecole-de-foot\/9664","name":"[Sport E.Leclerc Acad\u00e9mie] Portes ouvertes Ecole de Foot ! &#8226; FOOTBALL CLUB GUEUGNON","isPartOf":{"@id":"https:\/\/www.fcgueugnon.fr\/site\/#website"},"primaryImageOfPage":{"@id":"https:\/\/www.fcgueugnon.fr\/site\/sport-e-leclerc-academie-portes-ouvertes-ecole-de-foot\/9664#primaryimage"},"image":{"@id":"https:\/\/www.fcgueugnon.fr\/site\/sport-e-leclerc-academie-portes-ouvertes-ecole-de-foot\/9664#primaryimage"},"thumbnailUrl":"https:\/\/www.fcgueugnon.fr\/site\/wp-content\/uploads\/2024\/05\/PORTES-OUVERTES-ECOLE-DE-FOOT-23.24.png","datePublished":"2024-05-02T14:02:51+00:00","dateModified":"2024-05-02T14:02:54+00:00","breadcrumb":{"@id":"https:\/\/www.fcgueugnon.fr\/site\/sport-e-leclerc-academie-portes-ouvertes-ecole-de-foot\/9664#breadcrumb"},"inLanguage":"fr-FR","potentialAction":[{"@type":"ReadAction","target":["https:\/\/www.fcgueugnon.fr\/site\/sport-e-leclerc-academie-portes-ouvertes-ecole-de-foot\/9664"]}]},{"@type":"ImageObject","inLanguage":"fr-FR","@id":"https:\/\/www.fcgueugnon.fr\/site\/sport-e-leclerc-academie-portes-ouvertes-ecole-de-foot\/9664#primaryimage","url":"https:\/\/www.fcgueugnon.fr\/site\/wp-content\/uploads\/2024\/05\/PORTES-OUVERTES-ECOLE-DE-FOOT-23.24.png","contentUrl":"https:\/\/www.fcgueugnon.fr\/site\/wp-content\/uploads\/2024\/05\/PORTES-OUVERTES-ECOLE-DE-FOOT-23.24.png","width":1920,"height":1080},{"@type":"BreadcrumbList","@id":"https:\/\/www.fcgueugnon.fr\/site\/sport-e-leclerc-academie-portes-ouvertes-ecole-de-foot\/9664#breadcrumb","itemListElement":[{"@type":"ListItem","position":1,"name":"Accueil","item":"https:\/\/www.fcgueugnon.fr\/site\/"},{"@type":"ListItem","position":2,"name":"[Sport E.Leclerc Acad\u00e9mie] Portes ouvertes Ecole de Foot !"}]},{"@type":"WebSite","@id":"https:\/\/www.fcgueugnon.fr\/site\/#website","url":"https:\/\/www.fcgueugnon.fr\/site\/","name":"FOOTBALL CLUB GUEUGNON","description":"Le Site Officiel des Forgerons","publisher":{"@id":"https:\/\/www.fcgueugnon.fr\/site\/#organization"},"potentialAction":[{"@type":"SearchAction","target":{"@type":"EntryPoint","urlTemplate":"https:\/\/www.fcgueugnon.fr\/site\/?s={search_term_string}"},"query-input":{"@type":"PropertyValueSpecification","valueRequired":true,"valueName":"search_term_string"}}],"inLanguage":"fr-FR"},{"@type":"Organization","@id":"https:\/\/www.fcgueugnon.fr\/site\/#organization","name":"FC Gueugnon","url":"https:\/\/www.fcgueugnon.fr\/site\/","logo":{"@type":"ImageObject","inLanguage":"fr-FR","@id":"https:\/\/www.fcgueugnon.fr\/site\/#\/schema\/logo\/image\/","url":"https:\/\/www.fcgueugnon.fr\/site\/wp-content\/uploads\/2022\/07\/cropped-Logo-FCGUEUGNON-low-350x350-1.png","contentUrl":"https:\/\/www.fcgueugnon.fr\/site\/wp-content\/uploads\/2022\/07\/cropped-Logo-FCGUEUGNON-low-350x350-1.png","width":350,"height":350,"caption":"FC Gueugnon"},"image":{"@id":"https:\/\/www.fcgueugnon.fr\/site\/#\/schema\/logo\/image\/"},"sameAs":["http:\/\/facebook.com\/FCGueugnon","https:\/\/x.com\/FCGueugnon_off","https:\/\/www.instagram.com\/fcgueugnon\/","https:\/\/www.linkedin.com\/company\/football-club-de-gueugnon\/","https:\/\/www.youtube.com\/user\/FCGueugnonnais","https:\/\/fr.wikipedia.org\/wiki\/Football_Club_de_Gueugnon"]},{"@type":"Person","@id":"https:\/\/www.fcgueugnon.fr\/site\/#\/schema\/person\/6b88acb9354d23e86675fc81c54ed359","name":"FC Gueugnon","url":"https:\/\/www.fcgueugnon.fr\/site\/author\/man-antu"}]}},"rttpg_featured_image_url":{"full":["https:\/\/www.fcgueugnon.fr\/site\/wp-content\/uploads\/2024\/05\/PORTES-OUVERTES-ECOLE-DE-FOOT-23.24.png",1920,1080,false],"landscape":["https:\/\/www.fcgueugnon.fr\/site\/wp-content\/uploads\/2024\/05\/PORTES-OUVERTES-ECOLE-DE-FOOT-23.24.png",1920,1080,false],"portraits":["https:\/\/www.fcgueugnon.fr\/site\/wp-content\/uploads\/2024\/05\/PORTES-OUVERTES-ECOLE-DE-FOOT-23.24.png",1920,1080,false],"thumbnail":["https:\/\/www.fcgueugnon.fr\/site\/wp-content\/uploads\/2024\/05\/PORTES-OUVERTES-ECOLE-DE-FOOT-23.24-150x150.png",150,150,true],"medium":["https:\/\/www.fcgueugnon.fr\/site\/wp-content\/uploads\/2024\/05\/PORTES-OUVERTES-ECOLE-DE-FOOT-23.24-400x225.png",400,225,true],"large":["https:\/\/www.fcgueugnon.fr\/site\/wp-content\/uploads\/2024\/05\/PORTES-OUVERTES-ECOLE-DE-FOOT-23.24-1024x576.png",1024,576,true],"1536x1536":["https:\/\/www.fcgueugnon.fr\/site\/wp-content\/uploads\/2024\/05\/PORTES-OUVERTES-ECOLE-DE-FOOT-23.24-1536x864.png",1536,864,true],"2048x2048":["https:\/\/www.fcgueugnon.fr\/site\/wp-content\/uploads\/2024\/05\/PORTES-OUVERTES-ECOLE-DE-FOOT-23.24.png",1920,1080,false]},"rttpg_author":{"display_name":"FC Gueugnon","author_link":"https:\/\/www.fcgueugnon.fr\/site\/author\/man-antu"},"rttpg_comment":0,"rttpg_category":"<a href=\"https:\/\/www.fcgueugnon.fr\/site\/category\/news\" rel=\"category tag\">News<\/a> <a href=\"https:\/\/www.fcgueugnon.fr\/site\/category\/news\/news-2023-2024\" rel=\"category tag\">News 2023\/2024<\/a>","rttpg_excerpt":"L&rsquo;\u00c9cole de Foot du FC Gueugnon vous ouvre ses portes le mercredi 15 mai ! L&rsquo;Ecole de Foot du FC Gueugnon organise une matin\u00e9e portes ouvertes le mercredi 15 mai, de 10h \u00e0 12h, afin de constituer ses \u00e9quipes de foot \u00e0 8 pour la saison 2024-2025 (U9, U10, U11). Nouveaut\u00e9 cette ann\u00e9e : l&rsquo;Ecole\u2026","_links":{"self":[{"href":"https:\/\/www.fcgueugnon.fr\/site\/wp-json\/wp\/v2\/posts\/9664","targetHints":{"allow":["GET"]}}],"collection":[{"href":"https:\/\/www.fcgueugnon.fr\/site\/wp-json\/wp\/v2\/posts"}],"about":[{"href":"https:\/\/www.fcgueugnon.fr\/site\/wp-json\/wp\/v2\/types\/post"}],"author":[{"embeddable":true,"href":"https:\/\/www.fcgueugnon.fr\/site\/wp-json\/wp\/v2\/users\/4"}],"replies":[{"embeddable":true,"href":"https:\/\/www.fcgueugnon.fr\/site\/wp-json\/wp\/v2\/comments?post=9664"}],"version-history":[{"count":8,"href":"https:\/\/www.fcgueugnon.fr\/site\/wp-json\/wp\/v2\/posts\/9664\/revisions"}],"predecessor-version":[{"id":9683,"href":"https:\/\/www.fcgueugnon.fr\/site\/wp-json\/wp\/v2\/posts\/9664\/revisions\/9683"}],"wp:featuredmedia":[{"embeddable":true,"href":"https:\/\/www.fcgueugnon.fr\/site\/wp-json\/wp\/v2\/media\/9681"}],"wp:attachment":[{"href":"https:\/\/www.fcgueugnon.fr\/site\/wp-json\/wp\/v2\/media?parent=9664"}],"wp:term":[{"taxonomy":"category","embeddable":true,"href":"https:\/\/www.fcgueugnon.fr\/site\/wp-json\/wp\/v2\/categories?post=9664"},{"taxonomy":"post_tag","embeddable":true,"href":"https:\/\/www.fcgueugnon.fr\/site\/wp-json\/wp\/v2\/tags?post=9664"}],"curies":[{"name":"wp","href":"https:\/\/api.w.org\/{rel}","templated":true}]}}