{"id":9310,"date":"2024-04-06T16:55:00","date_gmt":"2024-04-06T14:55:00","guid":{"rendered":"https:\/\/www.fcgueugnon.fr\/site\/?p=9310"},"modified":"2024-04-06T14:41:27","modified_gmt":"2024-04-06T12:41:27","slug":"interview-forgeron-mag-12-avec-anthony-njock","status":"publish","type":"post","link":"https:\/\/www.fcgueugnon.fr\/site\/interview-forgeron-mag-12-avec-anthony-njock\/9310","title":{"rendered":"[Interview] Forgeron Mag #12 avec Anthony Njock"},"content":{"rendered":"\n<h3 class=\"wp-block-heading\">D\u00e9couvrez en int\u00e9gralit\u00e9 l&rsquo;interview d&rsquo;Anthony Njock diffus\u00e9e lors du derby Boeuf ou Poulet face au FC Louhans Cuiseaux pour cette 21e journ\u00e9e de N3.<\/h3>\n\n\n\n<div style=\"height:75px\" aria-hidden=\"true\" class=\"wp-block-spacer\"><\/div>\n\n\n<div class=\"wp-block-image\">\n<figure class=\"aligncenter size-full is-resized\"><img loading=\"lazy\" decoding=\"async\" width=\"2560\" height=\"1707\" src=\"https:\/\/www.fcgueugnon.fr\/site\/wp-content\/uploads\/2023\/12\/Gardiens-FC-Gueugnon-Anthony-NJOCK-scaled.jpg\" alt=\"\" class=\"wp-image-7607\" style=\"width:768px;height:512px\" srcset=\"https:\/\/www.fcgueugnon.fr\/site\/wp-content\/uploads\/2023\/12\/Gardiens-FC-Gueugnon-Anthony-NJOCK-scaled.jpg 2560w, https:\/\/www.fcgueugnon.fr\/site\/wp-content\/uploads\/2023\/12\/Gardiens-FC-Gueugnon-Anthony-NJOCK-400x267.jpg 400w, https:\/\/www.fcgueugnon.fr\/site\/wp-content\/uploads\/2023\/12\/Gardiens-FC-Gueugnon-Anthony-NJOCK-1024x683.jpg 1024w, https:\/\/www.fcgueugnon.fr\/site\/wp-content\/uploads\/2023\/12\/Gardiens-FC-Gueugnon-Anthony-NJOCK-768x512.jpg 768w, https:\/\/www.fcgueugnon.fr\/site\/wp-content\/uploads\/2023\/12\/Gardiens-FC-Gueugnon-Anthony-NJOCK-1536x1024.jpg 1536w, https:\/\/www.fcgueugnon.fr\/site\/wp-content\/uploads\/2023\/12\/Gardiens-FC-Gueugnon-Anthony-NJOCK-2048x1365.jpg 2048w, https:\/\/www.fcgueugnon.fr\/site\/wp-content\/uploads\/2023\/12\/Gardiens-FC-Gueugnon-Anthony-NJOCK-1320x880.jpg 1320w, https:\/\/www.fcgueugnon.fr\/site\/wp-content\/uploads\/2023\/12\/Gardiens-FC-Gueugnon-Anthony-NJOCK-600x400.jpg 600w\" sizes=\"auto, (max-width: 2560px) 100vw, 2560px\" \/><\/figure>\n<\/div>\n\n\n<div style=\"height:75px\" aria-hidden=\"true\" class=\"wp-block-spacer\"><\/div>\n\n\n\n<p><strong>Anthony, D\u00e9j\u00e0 3 saison au FCG, tu es l\u2019un des cadres du groupe d\u00e9sormais\u00a0!<\/strong><br>\u00ab Oui, je suis rest\u00e9 fid\u00e8le au FCG. On m&rsquo;a offert le poste de gardien num\u00e9ro 1 pour la troisi\u00e8me saison cons\u00e9cutive. J&rsquo;ai pu disputer quelques matchs lors de ma deuxi\u00e8me saison ici, totalisant 11 rencontres, en raison de la blessure d&rsquo;Anthony Lamonge. \u00bb<\/p>\n\n\n\n<p><strong>Qu\u2019est-ce qui t\u2019a fait choisir le poste de gardien de but\u00a0? L\u2019es-tu depuis tes d\u00e9buts dans le foot\u00a0?<\/strong><br><strong>\u00ab<\/strong> Non, je n&rsquo;ai pas commenc\u00e9 \u00e0 jouer au poste de gardien d\u00e8s mon plus jeune \u00e2ge. C&rsquo;est plut\u00f4t arriv\u00e9 lorsque j&rsquo;avais entre 10 et 11 ans, lors d&rsquo;un tournoi. \u00c0 cette \u00e9poque, notre gardien s&rsquo;est bless\u00e9 et personne n&rsquo;\u00e9tait volontaire pour le remplacer. C&rsquo;est alors que l&rsquo;entra\u00eeneur a d\u00e9cid\u00e9 de me d\u00e9signer comme gardien, m\u00eame si j&rsquo;\u00e9tais habituellement attaquant ! (Rires) Malgr\u00e9 cela, j&rsquo;ai r\u00e9ussi \u00e0 r\u00e9aliser de bons matchs tout au long du tournoi et j&rsquo;ai fini par rester dans les cages. Par la suite, j&rsquo;ai suivi des entra\u00eenements sp\u00e9cifiques dans les diff\u00e9rents clubs o\u00f9 j&rsquo;ai \u00e9volu\u00e9, ce qui m&rsquo;a permis de progresser jusqu&rsquo;\u00e0 atteindre le niveau national 3 o\u00f9 je suis aujourd&rsquo;hui. \u00bb<\/p>\n\n\n\n<p><strong>Quand tu \u00e9tais le second gardien, comment cela se passait\u00a0?<\/strong><br>\u00ab Je dirais que cela s&rsquo;est d\u00e9roul\u00e9 tr\u00e8s bien. Lorsque vous \u00eates proche d&rsquo;un gardien de tr\u00e8s bon niveau comme Anthony Lamonge, vous ne pouvez que progresser et apprendre beaucoup, et je pense que c&rsquo;est ce qui m&rsquo;a permis d&rsquo;atteindre ce niveau aujourd&rsquo;hui. D&rsquo;ailleurs, lors de sa blessure, tout s&rsquo;est bien pass\u00e9 malgr\u00e9 une l\u00e9g\u00e8re pression au d\u00e9but, et j&rsquo;ai pu m&rsquo;adapter par la suite. En tant que gardien rempla\u00e7ant, il est toujours important d&rsquo;\u00eatre pr\u00eat \u00e0 entrer en jeu. \u00bb<\/p>\n\n\n\n<figure class=\"wp-block-pullquote\"><blockquote><p>\u00ab En tant que gardien rempla\u00e7ant, il est toujours important d&rsquo;\u00eatre pr\u00eat \u00e0 entrer en jeu.  \u00bb<\/p><\/blockquote><\/figure>\n\n\n\n<p><strong>Et en dehors du Foot, comment tu occupes ton temps\u00a0?<\/strong><br>\u00ab Lorsque je suis arriv\u00e9 ici au d\u00e9but, j&rsquo;ai eu la chance d&rsquo;accueillir la naissance de ma premi\u00e8re enfant, ma petite fille. Cela m&rsquo;a beaucoup occup\u00e9, car avoir un enfant change beaucoup de choses. Nous avons fait quelques balades ici et l\u00e0 \u00e0 Lyon et \u00e0 Dijon, et nous avons pass\u00e9 du temps en famille. Parfois, nous pouvons \u00e9galement partir en week-end lorsque nous n&rsquo;avons pas de matchs. J&rsquo;appr\u00e9cie les balades en famille, les parcs d&rsquo;attractions, et les jeux en famille \u00e9galement. \u00bb<\/p>\n\n\n\n<p><strong>Comment est-ce que tu juges le r\u00f4le du gardien par rapport au reste de la d\u00e9fense et l\u2019\u00e9quipe au global\u00a0?<\/strong><br>\u00ab En tant que gardien, j&rsquo;ai une certaine vision du jeu. Je communique r\u00e9guli\u00e8rement avec mes d\u00e9fenseurs pour corriger leur placement lorsque n\u00e9cessaire, en particulier s&rsquo;ils sont d\u00e9pass\u00e9s par un joueur adverse. La communication est essentielle entre nous, car nous avons un r\u00f4le sp\u00e9cifique, un peu comme une vigie, pour organiser la d\u00e9fense et mettre en place le mur, par exemple. \u00bb<\/p>\n\n\n\n<p><strong>Peux-tu nous faire une analyse de la saison jusqu\u2019\u00e0 pr\u00e9sent\u00a0?<\/strong><br>\u00ab Nous \u00e9tions la meilleure d\u00e9fense en d\u00e9but de saison, tr\u00e8s solides dans notre organisation. Cependant, nous nous sommes retrouv\u00e9s dans cette situation sans vraiment comprendre pourquoi. Quoi qu&rsquo;il en soit, nous mettrons tout en \u0153uvre pour assurer notre maintien le plus rapidement possible, car il ne nous reste que six matchs. Nous savons que nous avons la capacit\u00e9 de r\u00e9aliser de bons matchs, comme contre Sochaux et Selongey, o\u00f9 nous avons obtenu de bons r\u00e9sultats. Il sera donc important de reproduire ce type de performance lors de tous nos prochains matchs. \u00bb<\/p>\n\n\n\n<figure class=\"wp-block-pullquote\"><blockquote><p>\u00ab Nous sommes tous dans une mentalit\u00e9 de combat&#8230; \u00bb<\/p><\/blockquote><\/figure>\n\n\n\n<p><strong>Et dans l\u2019\u00e9quipe, comment va le mental\u00a0?<\/strong><br>\u00ab Nous sommes tous dans une mentalit\u00e9 de combat, pr\u00eats \u00e0 nous investir pleinement ensemble avec le m\u00eame \u00e9tat d&rsquo;esprit. Nous sommes bien mentalement et continuons \u00e0 maintenir une atmosph\u00e8re positive, malgr\u00e9 notre classement actuel. Dans l&rsquo;ensemble, tout se passe bien et nous restons unis. \u00bb<\/p>\n\n\n\n<p><br><strong>Prochaine rencontre, Louhans-Cuiseaux, une \u00e9quipe que l\u2019on conna\u00eet bien et qui vient d\u2019\u00e9craser l\u2019ASPTT Dijon 4-0, un match difficile\u00a0?<\/strong><br>\u00ab Nous avons r\u00e9alis\u00e9 un bon match nul \u00e0 l&rsquo;ext\u00e9rieur contre eux, et nous savons que ce sera un match difficile car ils sont \u00e9galement dans une situation o\u00f9 ils ont besoin de r\u00e9colter des points. Les deux \u00e9quipes vont se battre pour cela, mais nous allons tout donner sur le terrain. C&rsquo;est une \u00e9quipe solide, d&rsquo;ailleurs ils ont obtenu deux nuls contre des \u00e9quipes tr\u00e8s comp\u00e9titives, Rumilly et Pontarlier. Nous devons donc viser les trois points. \u00bb <\/p>\n\n\n\n<p><strong>Pour terminer, le mot de la fin\u00a0:<\/strong><br>\u00ab Merci de nous soutenir, nous avons besoin de vous jusqu\u2019\u00e0 la fin de cette saison\u00a0! On va maintenir notre \u00e9quipe\u00a0! \u00bb<\/p>\n\n\n\n<p>Merci Anthony<\/p>\n\n\n\n<div style=\"height:100px\" aria-hidden=\"true\" class=\"wp-block-spacer\"><\/div>\n\n\n\n<hr class=\"wp-block-separator has-alpha-channel-opacity\"\/>\n\n\n\n<h3 class=\"wp-block-heading\">Retrouvez le Forgeron Mag #12 en int\u00e9gralit\u00e9<\/h3>\n\n\n\n<div class=\"wp-block-pdf-viewer-block-standard\" style=\"text-align:left\"><div class=\"uploaded-pdf\"><a href=\"https:\/\/www.fcgueugnon.fr\/site\/wp-content\/uploads\/2024\/04\/Forgeron-mag-FCG-Louhans-Cuiseaux-J21.pdf\" data-width=\"\" data-height=\"\"><\/a><\/div><\/div>\n\n\n\n<div class=\"wp-block-buttons is-layout-flex wp-block-buttons-is-layout-flex\">\n<div class=\"wp-block-button alignright is-style-circular\"><a class=\"wp-block-button__link wp-element-button\" href=\"https:\/\/www.fcgueugnon.fr\/site\/wp-content\/uploads\/2024\/04\/Forgeron-mag-FCG-Louhans-Cuiseaux-J21.pdf\">T\u00e9l\u00e9charger<\/a><\/div>\n<\/div>\n","protected":false},"excerpt":{"rendered":"<p>D\u00e9couvrez en int\u00e9gralit\u00e9 l&rsquo;interview d&rsquo;Anthony Njock diffus\u00e9e lors du derby Boeuf ou Poulet face au FC Louhans Cuiseaux pour cette 21e journ\u00e9e de N3. Anthony, D\u00e9j\u00e0 3 saison au FCG, tu es l\u2019un des cadres du groupe d\u00e9sormais\u00a0!\u00ab Oui, je suis rest\u00e9 fid\u00e8le au FCG. On m&rsquo;a offert le poste de gardien num\u00e9ro 1 pour &#8230; <\/p>\n<p class=\"read-more-container\"><a title=\"[Interview] Forgeron Mag #12 avec Anthony Njock\" class=\"read-more button\" href=\"https:\/\/www.fcgueugnon.fr\/site\/interview-forgeron-mag-12-avec-anthony-njock\/9310#more-9310\" aria-label=\"Plus sur [Interview] Forgeron Mag #12 avec Anthony Njock\">Lire la suite<\/a><\/p>\n","protected":false},"author":2,"featured_media":7607,"comment_status":"closed","ping_status":"closed","sticky":false,"template":"","format":"standard","meta":{"footnotes":""},"categories":[4,55],"tags":[24,11],"class_list":["post-9310","post","type-post","status-publish","format-standard","has-post-thumbnail","hentry","category-news","category-news-2023-2024","tag-forgeron-mag","tag-interview","infinite-scroll-item","generate-columns","tablet-grid-50","mobile-grid-100","grid-parent","grid-25"],"yoast_head":"<!-- This site is optimized with the Yoast SEO plugin v26.6 - https:\/\/yoast.com\/wordpress\/plugins\/seo\/ -->\n<title>[Interview] Forgeron Mag #12 avec Anthony Njock &#8226; FOOTBALL CLUB GUEUGNON<\/title>\n<meta name=\"robots\" content=\"index, follow, max-snippet:-1, max-image-preview:large, max-video-preview:-1\" \/>\n<link rel=\"canonical\" href=\"https:\/\/www.fcgueugnon.fr\/site\/interview-forgeron-mag-12-avec-anthony-njock\/9310\" \/>\n<meta property=\"og:locale\" content=\"fr_FR\" \/>\n<meta property=\"og:type\" content=\"article\" \/>\n<meta property=\"og:title\" content=\"[Interview] Forgeron Mag #12 avec Anthony Njock &#8226; FOOTBALL CLUB GUEUGNON\" \/>\n<meta property=\"og:description\" content=\"D\u00e9couvrez en int\u00e9gralit\u00e9 l&rsquo;interview d&rsquo;Anthony Njock diffus\u00e9e lors du derby Boeuf ou Poulet face au FC Louhans Cuiseaux pour cette 21e journ\u00e9e de N3. Anthony, D\u00e9j\u00e0 3 saison au FCG, tu es l\u2019un des cadres du groupe d\u00e9sormais\u00a0!\u00ab Oui, je suis rest\u00e9 fid\u00e8le au FCG. On m&rsquo;a offert le poste de gardien num\u00e9ro 1 pour ... Lire la suite\" \/>\n<meta property=\"og:url\" content=\"https:\/\/www.fcgueugnon.fr\/site\/interview-forgeron-mag-12-avec-anthony-njock\/9310\" \/>\n<meta property=\"og:site_name\" content=\"FOOTBALL CLUB GUEUGNON\" \/>\n<meta property=\"article:publisher\" content=\"http:\/\/facebook.com\/FCGueugnon\" \/>\n<meta property=\"article:published_time\" content=\"2024-04-06T14:55:00+00:00\" \/>\n<meta property=\"og:image\" content=\"https:\/\/www.fcgueugnon.fr\/site\/wp-content\/uploads\/2023\/12\/Gardiens-FC-Gueugnon-Anthony-NJOCK-scaled.jpg\" \/>\n\t<meta property=\"og:image:width\" content=\"2560\" \/>\n\t<meta property=\"og:image:height\" content=\"1707\" \/>\n\t<meta property=\"og:image:type\" content=\"image\/jpeg\" \/>\n<meta name=\"author\" content=\"FC Gueugnon\" \/>\n<meta name=\"twitter:card\" content=\"summary_large_image\" \/>\n<meta name=\"twitter:creator\" content=\"@FCGueugnon_off\" \/>\n<meta name=\"twitter:site\" content=\"@FCGueugnon_off\" \/>\n<meta name=\"twitter:label1\" content=\"\u00c9crit par\" \/>\n\t<meta name=\"twitter:data1\" content=\"FC Gueugnon\" \/>\n\t<meta name=\"twitter:label2\" content=\"Dur\u00e9e de lecture estim\u00e9e\" \/>\n\t<meta name=\"twitter:data2\" content=\"5 minutes\" \/>\n<script type=\"application\/ld+json\" class=\"yoast-schema-graph\">{\"@context\":\"https:\/\/schema.org\",\"@graph\":[{\"@type\":\"Article\",\"@id\":\"https:\/\/www.fcgueugnon.fr\/site\/interview-forgeron-mag-12-avec-anthony-njock\/9310#article\",\"isPartOf\":{\"@id\":\"https:\/\/www.fcgueugnon.fr\/site\/interview-forgeron-mag-12-avec-anthony-njock\/9310\"},\"author\":{\"name\":\"FC Gueugnon\",\"@id\":\"https:\/\/www.fcgueugnon.fr\/site\/#\/schema\/person\/d342d0c35e8e8f04740b9bdd734eeb20\"},\"headline\":\"[Interview] Forgeron Mag #12 avec Anthony Njock\",\"datePublished\":\"2024-04-06T14:55:00+00:00\",\"mainEntityOfPage\":{\"@id\":\"https:\/\/www.fcgueugnon.fr\/site\/interview-forgeron-mag-12-avec-anthony-njock\/9310\"},\"wordCount\":888,\"publisher\":{\"@id\":\"https:\/\/www.fcgueugnon.fr\/site\/#organization\"},\"image\":{\"@id\":\"https:\/\/www.fcgueugnon.fr\/site\/interview-forgeron-mag-12-avec-anthony-njock\/9310#primaryimage\"},\"thumbnailUrl\":\"https:\/\/www.fcgueugnon.fr\/site\/wp-content\/uploads\/2023\/12\/Gardiens-FC-Gueugnon-Anthony-NJOCK-scaled.jpg\",\"keywords\":[\"Forgeron Mag\",\"Interview\"],\"articleSection\":[\"News\",\"News 2023\/2024\"],\"inLanguage\":\"fr-FR\"},{\"@type\":\"WebPage\",\"@id\":\"https:\/\/www.fcgueugnon.fr\/site\/interview-forgeron-mag-12-avec-anthony-njock\/9310\",\"url\":\"https:\/\/www.fcgueugnon.fr\/site\/interview-forgeron-mag-12-avec-anthony-njock\/9310\",\"name\":\"[Interview] Forgeron Mag #12 avec Anthony Njock &#8226; FOOTBALL CLUB GUEUGNON\",\"isPartOf\":{\"@id\":\"https:\/\/www.fcgueugnon.fr\/site\/#website\"},\"primaryImageOfPage\":{\"@id\":\"https:\/\/www.fcgueugnon.fr\/site\/interview-forgeron-mag-12-avec-anthony-njock\/9310#primaryimage\"},\"image\":{\"@id\":\"https:\/\/www.fcgueugnon.fr\/site\/interview-forgeron-mag-12-avec-anthony-njock\/9310#primaryimage\"},\"thumbnailUrl\":\"https:\/\/www.fcgueugnon.fr\/site\/wp-content\/uploads\/2023\/12\/Gardiens-FC-Gueugnon-Anthony-NJOCK-scaled.jpg\",\"datePublished\":\"2024-04-06T14:55:00+00:00\",\"breadcrumb\":{\"@id\":\"https:\/\/www.fcgueugnon.fr\/site\/interview-forgeron-mag-12-avec-anthony-njock\/9310#breadcrumb\"},\"inLanguage\":\"fr-FR\",\"potentialAction\":[{\"@type\":\"ReadAction\",\"target\":[\"https:\/\/www.fcgueugnon.fr\/site\/interview-forgeron-mag-12-avec-anthony-njock\/9310\"]}]},{\"@type\":\"ImageObject\",\"inLanguage\":\"fr-FR\",\"@id\":\"https:\/\/www.fcgueugnon.fr\/site\/interview-forgeron-mag-12-avec-anthony-njock\/9310#primaryimage\",\"url\":\"https:\/\/www.fcgueugnon.fr\/site\/wp-content\/uploads\/2023\/12\/Gardiens-FC-Gueugnon-Anthony-NJOCK-scaled.jpg\",\"contentUrl\":\"https:\/\/www.fcgueugnon.fr\/site\/wp-content\/uploads\/2023\/12\/Gardiens-FC-Gueugnon-Anthony-NJOCK-scaled.jpg\",\"width\":2560,\"height\":1707},{\"@type\":\"BreadcrumbList\",\"@id\":\"https:\/\/www.fcgueugnon.fr\/site\/interview-forgeron-mag-12-avec-anthony-njock\/9310#breadcrumb\",\"itemListElement\":[{\"@type\":\"ListItem\",\"position\":1,\"name\":\"Accueil\",\"item\":\"https:\/\/www.fcgueugnon.fr\/site\/\"},{\"@type\":\"ListItem\",\"position\":2,\"name\":\"[Interview] Forgeron Mag #12 avec Anthony Njock\"}]},{\"@type\":\"WebSite\",\"@id\":\"https:\/\/www.fcgueugnon.fr\/site\/#website\",\"url\":\"https:\/\/www.fcgueugnon.fr\/site\/\",\"name\":\"FOOTBALL CLUB GUEUGNON\",\"description\":\"Le Site Officiel des Forgerons\",\"publisher\":{\"@id\":\"https:\/\/www.fcgueugnon.fr\/site\/#organization\"},\"potentialAction\":[{\"@type\":\"SearchAction\",\"target\":{\"@type\":\"EntryPoint\",\"urlTemplate\":\"https:\/\/www.fcgueugnon.fr\/site\/?s={search_term_string}\"},\"query-input\":{\"@type\":\"PropertyValueSpecification\",\"valueRequired\":true,\"valueName\":\"search_term_string\"}}],\"inLanguage\":\"fr-FR\"},{\"@type\":\"Organization\",\"@id\":\"https:\/\/www.fcgueugnon.fr\/site\/#organization\",\"name\":\"FC Gueugnon\",\"url\":\"https:\/\/www.fcgueugnon.fr\/site\/\",\"logo\":{\"@type\":\"ImageObject\",\"inLanguage\":\"fr-FR\",\"@id\":\"https:\/\/www.fcgueugnon.fr\/site\/#\/schema\/logo\/image\/\",\"url\":\"https:\/\/www.fcgueugnon.fr\/site\/wp-content\/uploads\/2022\/07\/cropped-Logo-FCGUEUGNON-low-350x350-1.png\",\"contentUrl\":\"https:\/\/www.fcgueugnon.fr\/site\/wp-content\/uploads\/2022\/07\/cropped-Logo-FCGUEUGNON-low-350x350-1.png\",\"width\":350,\"height\":350,\"caption\":\"FC Gueugnon\"},\"image\":{\"@id\":\"https:\/\/www.fcgueugnon.fr\/site\/#\/schema\/logo\/image\/\"},\"sameAs\":[\"http:\/\/facebook.com\/FCGueugnon\",\"https:\/\/x.com\/FCGueugnon_off\",\"https:\/\/www.instagram.com\/fcgueugnon\/\",\"https:\/\/www.linkedin.com\/company\/football-club-de-gueugnon\/\",\"https:\/\/www.youtube.com\/user\/FCGueugnonnais\",\"https:\/\/fr.wikipedia.org\/wiki\/Football_Club_de_Gueugnon\"]},{\"@type\":\"Person\",\"@id\":\"https:\/\/www.fcgueugnon.fr\/site\/#\/schema\/person\/d342d0c35e8e8f04740b9bdd734eeb20\",\"name\":\"FC Gueugnon\",\"url\":\"https:\/\/www.fcgueugnon.fr\/site\/author\/s-rod\"}]}<\/script>\n<!-- \/ Yoast SEO plugin. -->","yoast_head_json":{"title":"[Interview] Forgeron Mag #12 avec Anthony Njock &#8226; FOOTBALL CLUB GUEUGNON","robots":{"index":"index","follow":"follow","max-snippet":"max-snippet:-1","max-image-preview":"max-image-preview:large","max-video-preview":"max-video-preview:-1"},"canonical":"https:\/\/www.fcgueugnon.fr\/site\/interview-forgeron-mag-12-avec-anthony-njock\/9310","og_locale":"fr_FR","og_type":"article","og_title":"[Interview] Forgeron Mag #12 avec Anthony Njock &#8226; FOOTBALL CLUB GUEUGNON","og_description":"D\u00e9couvrez en int\u00e9gralit\u00e9 l&rsquo;interview d&rsquo;Anthony Njock diffus\u00e9e lors du derby Boeuf ou Poulet face au FC Louhans Cuiseaux pour cette 21e journ\u00e9e de N3. Anthony, D\u00e9j\u00e0 3 saison au FCG, tu es l\u2019un des cadres du groupe d\u00e9sormais\u00a0!\u00ab Oui, je suis rest\u00e9 fid\u00e8le au FCG. On m&rsquo;a offert le poste de gardien num\u00e9ro 1 pour ... Lire la suite","og_url":"https:\/\/www.fcgueugnon.fr\/site\/interview-forgeron-mag-12-avec-anthony-njock\/9310","og_site_name":"FOOTBALL CLUB GUEUGNON","article_publisher":"http:\/\/facebook.com\/FCGueugnon","article_published_time":"2024-04-06T14:55:00+00:00","og_image":[{"width":2560,"height":1707,"url":"https:\/\/www.fcgueugnon.fr\/site\/wp-content\/uploads\/2023\/12\/Gardiens-FC-Gueugnon-Anthony-NJOCK-scaled.jpg","type":"image\/jpeg"}],"author":"FC Gueugnon","twitter_card":"summary_large_image","twitter_creator":"@FCGueugnon_off","twitter_site":"@FCGueugnon_off","twitter_misc":{"\u00c9crit par":"FC Gueugnon","Dur\u00e9e de lecture estim\u00e9e":"5 minutes"},"schema":{"@context":"https:\/\/schema.org","@graph":[{"@type":"Article","@id":"https:\/\/www.fcgueugnon.fr\/site\/interview-forgeron-mag-12-avec-anthony-njock\/9310#article","isPartOf":{"@id":"https:\/\/www.fcgueugnon.fr\/site\/interview-forgeron-mag-12-avec-anthony-njock\/9310"},"author":{"name":"FC Gueugnon","@id":"https:\/\/www.fcgueugnon.fr\/site\/#\/schema\/person\/d342d0c35e8e8f04740b9bdd734eeb20"},"headline":"[Interview] Forgeron Mag #12 avec Anthony Njock","datePublished":"2024-04-06T14:55:00+00:00","mainEntityOfPage":{"@id":"https:\/\/www.fcgueugnon.fr\/site\/interview-forgeron-mag-12-avec-anthony-njock\/9310"},"wordCount":888,"publisher":{"@id":"https:\/\/www.fcgueugnon.fr\/site\/#organization"},"image":{"@id":"https:\/\/www.fcgueugnon.fr\/site\/interview-forgeron-mag-12-avec-anthony-njock\/9310#primaryimage"},"thumbnailUrl":"https:\/\/www.fcgueugnon.fr\/site\/wp-content\/uploads\/2023\/12\/Gardiens-FC-Gueugnon-Anthony-NJOCK-scaled.jpg","keywords":["Forgeron Mag","Interview"],"articleSection":["News","News 2023\/2024"],"inLanguage":"fr-FR"},{"@type":"WebPage","@id":"https:\/\/www.fcgueugnon.fr\/site\/interview-forgeron-mag-12-avec-anthony-njock\/9310","url":"https:\/\/www.fcgueugnon.fr\/site\/interview-forgeron-mag-12-avec-anthony-njock\/9310","name":"[Interview] Forgeron Mag #12 avec Anthony Njock &#8226; FOOTBALL CLUB GUEUGNON","isPartOf":{"@id":"https:\/\/www.fcgueugnon.fr\/site\/#website"},"primaryImageOfPage":{"@id":"https:\/\/www.fcgueugnon.fr\/site\/interview-forgeron-mag-12-avec-anthony-njock\/9310#primaryimage"},"image":{"@id":"https:\/\/www.fcgueugnon.fr\/site\/interview-forgeron-mag-12-avec-anthony-njock\/9310#primaryimage"},"thumbnailUrl":"https:\/\/www.fcgueugnon.fr\/site\/wp-content\/uploads\/2023\/12\/Gardiens-FC-Gueugnon-Anthony-NJOCK-scaled.jpg","datePublished":"2024-04-06T14:55:00+00:00","breadcrumb":{"@id":"https:\/\/www.fcgueugnon.fr\/site\/interview-forgeron-mag-12-avec-anthony-njock\/9310#breadcrumb"},"inLanguage":"fr-FR","potentialAction":[{"@type":"ReadAction","target":["https:\/\/www.fcgueugnon.fr\/site\/interview-forgeron-mag-12-avec-anthony-njock\/9310"]}]},{"@type":"ImageObject","inLanguage":"fr-FR","@id":"https:\/\/www.fcgueugnon.fr\/site\/interview-forgeron-mag-12-avec-anthony-njock\/9310#primaryimage","url":"https:\/\/www.fcgueugnon.fr\/site\/wp-content\/uploads\/2023\/12\/Gardiens-FC-Gueugnon-Anthony-NJOCK-scaled.jpg","contentUrl":"https:\/\/www.fcgueugnon.fr\/site\/wp-content\/uploads\/2023\/12\/Gardiens-FC-Gueugnon-Anthony-NJOCK-scaled.jpg","width":2560,"height":1707},{"@type":"BreadcrumbList","@id":"https:\/\/www.fcgueugnon.fr\/site\/interview-forgeron-mag-12-avec-anthony-njock\/9310#breadcrumb","itemListElement":[{"@type":"ListItem","position":1,"name":"Accueil","item":"https:\/\/www.fcgueugnon.fr\/site\/"},{"@type":"ListItem","position":2,"name":"[Interview] Forgeron Mag #12 avec Anthony Njock"}]},{"@type":"WebSite","@id":"https:\/\/www.fcgueugnon.fr\/site\/#website","url":"https:\/\/www.fcgueugnon.fr\/site\/","name":"FOOTBALL CLUB GUEUGNON","description":"Le Site Officiel des Forgerons","publisher":{"@id":"https:\/\/www.fcgueugnon.fr\/site\/#organization"},"potentialAction":[{"@type":"SearchAction","target":{"@type":"EntryPoint","urlTemplate":"https:\/\/www.fcgueugnon.fr\/site\/?s={search_term_string}"},"query-input":{"@type":"PropertyValueSpecification","valueRequired":true,"valueName":"search_term_string"}}],"inLanguage":"fr-FR"},{"@type":"Organization","@id":"https:\/\/www.fcgueugnon.fr\/site\/#organization","name":"FC Gueugnon","url":"https:\/\/www.fcgueugnon.fr\/site\/","logo":{"@type":"ImageObject","inLanguage":"fr-FR","@id":"https:\/\/www.fcgueugnon.fr\/site\/#\/schema\/logo\/image\/","url":"https:\/\/www.fcgueugnon.fr\/site\/wp-content\/uploads\/2022\/07\/cropped-Logo-FCGUEUGNON-low-350x350-1.png","contentUrl":"https:\/\/www.fcgueugnon.fr\/site\/wp-content\/uploads\/2022\/07\/cropped-Logo-FCGUEUGNON-low-350x350-1.png","width":350,"height":350,"caption":"FC Gueugnon"},"image":{"@id":"https:\/\/www.fcgueugnon.fr\/site\/#\/schema\/logo\/image\/"},"sameAs":["http:\/\/facebook.com\/FCGueugnon","https:\/\/x.com\/FCGueugnon_off","https:\/\/www.instagram.com\/fcgueugnon\/","https:\/\/www.linkedin.com\/company\/football-club-de-gueugnon\/","https:\/\/www.youtube.com\/user\/FCGueugnonnais","https:\/\/fr.wikipedia.org\/wiki\/Football_Club_de_Gueugnon"]},{"@type":"Person","@id":"https:\/\/www.fcgueugnon.fr\/site\/#\/schema\/person\/d342d0c35e8e8f04740b9bdd734eeb20","name":"FC Gueugnon","url":"https:\/\/www.fcgueugnon.fr\/site\/author\/s-rod"}]}},"rttpg_featured_image_url":{"full":["https:\/\/www.fcgueugnon.fr\/site\/wp-content\/uploads\/2023\/12\/Gardiens-FC-Gueugnon-Anthony-NJOCK-scaled.jpg",2560,1707,false],"landscape":["https:\/\/www.fcgueugnon.fr\/site\/wp-content\/uploads\/2023\/12\/Gardiens-FC-Gueugnon-Anthony-NJOCK-scaled.jpg",2560,1707,false],"portraits":["https:\/\/www.fcgueugnon.fr\/site\/wp-content\/uploads\/2023\/12\/Gardiens-FC-Gueugnon-Anthony-NJOCK-scaled.jpg",2560,1707,false],"thumbnail":["https:\/\/www.fcgueugnon.fr\/site\/wp-content\/uploads\/2023\/12\/Gardiens-FC-Gueugnon-Anthony-NJOCK-150x150.jpg",150,150,true],"medium":["https:\/\/www.fcgueugnon.fr\/site\/wp-content\/uploads\/2023\/12\/Gardiens-FC-Gueugnon-Anthony-NJOCK-400x267.jpg",400,267,true],"large":["https:\/\/www.fcgueugnon.fr\/site\/wp-content\/uploads\/2023\/12\/Gardiens-FC-Gueugnon-Anthony-NJOCK-1024x683.jpg",1024,683,true],"1536x1536":["https:\/\/www.fcgueugnon.fr\/site\/wp-content\/uploads\/2023\/12\/Gardiens-FC-Gueugnon-Anthony-NJOCK-1536x1024.jpg",1536,1024,true],"2048x2048":["https:\/\/www.fcgueugnon.fr\/site\/wp-content\/uploads\/2023\/12\/Gardiens-FC-Gueugnon-Anthony-NJOCK-2048x1365.jpg",2048,1365,true]},"rttpg_author":{"display_name":"FC Gueugnon","author_link":"https:\/\/www.fcgueugnon.fr\/site\/author\/s-rod"},"rttpg_comment":0,"rttpg_category":"<a href=\"https:\/\/www.fcgueugnon.fr\/site\/category\/news\" rel=\"category tag\">News<\/a> <a href=\"https:\/\/www.fcgueugnon.fr\/site\/category\/news\/news-2023-2024\" rel=\"category tag\">News 2023\/2024<\/a>","rttpg_excerpt":"D\u00e9couvrez en int\u00e9gralit\u00e9 l&rsquo;interview d&rsquo;Anthony Njock diffus\u00e9e lors du derby Boeuf ou Poulet face au FC Louhans Cuiseaux pour cette 21e journ\u00e9e de N3. Anthony, D\u00e9j\u00e0 3 saison au FCG, tu es l\u2019un des cadres du groupe d\u00e9sormais\u00a0!\u00ab Oui, je suis rest\u00e9 fid\u00e8le au FCG. On m&rsquo;a offert le poste de gardien num\u00e9ro 1 pour\u2026","_links":{"self":[{"href":"https:\/\/www.fcgueugnon.fr\/site\/wp-json\/wp\/v2\/posts\/9310","targetHints":{"allow":["GET"]}}],"collection":[{"href":"https:\/\/www.fcgueugnon.fr\/site\/wp-json\/wp\/v2\/posts"}],"about":[{"href":"https:\/\/www.fcgueugnon.fr\/site\/wp-json\/wp\/v2\/types\/post"}],"author":[{"embeddable":true,"href":"https:\/\/www.fcgueugnon.fr\/site\/wp-json\/wp\/v2\/users\/2"}],"replies":[{"embeddable":true,"href":"https:\/\/www.fcgueugnon.fr\/site\/wp-json\/wp\/v2\/comments?post=9310"}],"version-history":[{"count":1,"href":"https:\/\/www.fcgueugnon.fr\/site\/wp-json\/wp\/v2\/posts\/9310\/revisions"}],"predecessor-version":[{"id":9312,"href":"https:\/\/www.fcgueugnon.fr\/site\/wp-json\/wp\/v2\/posts\/9310\/revisions\/9312"}],"wp:featuredmedia":[{"embeddable":true,"href":"https:\/\/www.fcgueugnon.fr\/site\/wp-json\/wp\/v2\/media\/7607"}],"wp:attachment":[{"href":"https:\/\/www.fcgueugnon.fr\/site\/wp-json\/wp\/v2\/media?parent=9310"}],"wp:term":[{"taxonomy":"category","embeddable":true,"href":"https:\/\/www.fcgueugnon.fr\/site\/wp-json\/wp\/v2\/categories?post=9310"},{"taxonomy":"post_tag","embeddable":true,"href":"https:\/\/www.fcgueugnon.fr\/site\/wp-json\/wp\/v2\/tags?post=9310"}],"curies":[{"name":"wp","href":"https:\/\/api.w.org\/{rel}","templated":true}]}}