{"id":8988,"date":"2024-03-19T10:02:32","date_gmt":"2024-03-19T09:02:32","guid":{"rendered":"https:\/\/www.fcgueugnon.fr\/site\/?p=8988"},"modified":"2024-03-19T10:02:35","modified_gmt":"2024-03-19T09:02:35","slug":"n3-j19-fc-gueugnon-besancon-foot-ecouter-voir-et-locatrans-genelardais-partenaires-de-la-rencontre-2","status":"publish","type":"post","link":"https:\/\/www.fcgueugnon.fr\/site\/n3-j19-fc-gueugnon-besancon-foot-ecouter-voir-et-locatrans-genelardais-partenaires-de-la-rencontre-2\/8988","title":{"rendered":"[N3 J19 : FC Gueugnon \u2013 Besan\u00e7on Foot] Ecouter Voir et Locatrans G\u00e9nelardais, partenaires de la rencontre"},"content":{"rendered":"\n<h3 class=\"wp-block-heading\"><strong>Retour en images sur le coup d&rsquo;envoi fictif de la rencontre face \u00e0 Besan\u00e7on Foot donn\u00e9 par nos partenaires Ecouter Voir et Locatrans G\u00e9nelardais, accompagn\u00e9s de Louis et son <a href=\"https:\/\/www.facebook.com\/profile.php?id=100070728439396&amp;__cft__[0]=AZWU3CDd9xKZK9z9aHiUfUJthYkaXq2dzMVn0QmfYk-U1HARLDy9j0zlgJnH-BrcmQnx2fPVptnIb6MhlsLvjkout5HBJpGOPHSBoCLiCZGXmCqd_iMpkWMccQqp35jN1If-6DP_zwf31LyjtznsS0jYrgrhSoHL4pNyvxAGTOmblXylaXdTHq_Fj3pQFVtCe3w&amp;__tn__=-UC%2CP-R\" target=\"_blank\" rel=\"noreferrer noopener\"><strong>Association Le sourire de Louis<\/strong><\/a>.<\/strong><\/h3>\n\n\n\n<div style=\"height:20px\" aria-hidden=\"true\" class=\"wp-block-spacer\"><\/div>\n\n\n\n<figure class=\"wp-block-gallery has-nested-images columns-2 is-cropped wp-block-gallery-1 is-layout-flex wp-block-gallery-is-layout-flex\">\n<figure class=\"wp-block-image size-large\"><a href=\"https:\/\/www.fcgueugnon.fr\/site\/wp-content\/uploads\/2024\/03\/ECOUTER-VOIR-LOCATRANS-GENELARDAIS-4.png\"><img loading=\"lazy\" decoding=\"async\" width=\"1024\" height=\"682\" data-id=\"8992\" src=\"https:\/\/www.fcgueugnon.fr\/site\/wp-content\/uploads\/2024\/03\/ECOUTER-VOIR-LOCATRANS-GENELARDAIS-4-1024x682.png\" alt=\"Image gallery image\" class=\"wp-image-8992\" srcset=\"https:\/\/www.fcgueugnon.fr\/site\/wp-content\/uploads\/2024\/03\/ECOUTER-VOIR-LOCATRANS-GENELARDAIS-4-1024x682.png 1024w, https:\/\/www.fcgueugnon.fr\/site\/wp-content\/uploads\/2024\/03\/ECOUTER-VOIR-LOCATRANS-GENELARDAIS-4-400x267.png 400w, https:\/\/www.fcgueugnon.fr\/site\/wp-content\/uploads\/2024\/03\/ECOUTER-VOIR-LOCATRANS-GENELARDAIS-4-768x512.png 768w, https:\/\/www.fcgueugnon.fr\/site\/wp-content\/uploads\/2024\/03\/ECOUTER-VOIR-LOCATRANS-GENELARDAIS-4-1536x1024.png 1536w, https:\/\/www.fcgueugnon.fr\/site\/wp-content\/uploads\/2024\/03\/ECOUTER-VOIR-LOCATRANS-GENELARDAIS-4-1320x880.png 1320w, https:\/\/www.fcgueugnon.fr\/site\/wp-content\/uploads\/2024\/03\/ECOUTER-VOIR-LOCATRANS-GENELARDAIS-4-600x400.png 600w, https:\/\/www.fcgueugnon.fr\/site\/wp-content\/uploads\/2024\/03\/ECOUTER-VOIR-LOCATRANS-GENELARDAIS-4.png 1772w\" sizes=\"auto, (max-width: 1024px) 100vw, 1024px\" \/><\/a><\/figure>\n\n\n\n<figure class=\"wp-block-image size-large\"><a href=\"https:\/\/www.fcgueugnon.fr\/site\/wp-content\/uploads\/2024\/03\/ECOUTER-VOIR-LOCATRANS-GENELARDAIS-3.png\"><img loading=\"lazy\" decoding=\"async\" width=\"1024\" height=\"682\" data-id=\"8989\" src=\"https:\/\/www.fcgueugnon.fr\/site\/wp-content\/uploads\/2024\/03\/ECOUTER-VOIR-LOCATRANS-GENELARDAIS-3-1024x682.png\" alt=\"Image gallery image\" class=\"wp-image-8989\" srcset=\"https:\/\/www.fcgueugnon.fr\/site\/wp-content\/uploads\/2024\/03\/ECOUTER-VOIR-LOCATRANS-GENELARDAIS-3-1024x682.png 1024w, https:\/\/www.fcgueugnon.fr\/site\/wp-content\/uploads\/2024\/03\/ECOUTER-VOIR-LOCATRANS-GENELARDAIS-3-400x267.png 400w, https:\/\/www.fcgueugnon.fr\/site\/wp-content\/uploads\/2024\/03\/ECOUTER-VOIR-LOCATRANS-GENELARDAIS-3-768x512.png 768w, https:\/\/www.fcgueugnon.fr\/site\/wp-content\/uploads\/2024\/03\/ECOUTER-VOIR-LOCATRANS-GENELARDAIS-3-1536x1024.png 1536w, https:\/\/www.fcgueugnon.fr\/site\/wp-content\/uploads\/2024\/03\/ECOUTER-VOIR-LOCATRANS-GENELARDAIS-3-1320x880.png 1320w, https:\/\/www.fcgueugnon.fr\/site\/wp-content\/uploads\/2024\/03\/ECOUTER-VOIR-LOCATRANS-GENELARDAIS-3-600x400.png 600w, https:\/\/www.fcgueugnon.fr\/site\/wp-content\/uploads\/2024\/03\/ECOUTER-VOIR-LOCATRANS-GENELARDAIS-3.png 1772w\" sizes=\"auto, (max-width: 1024px) 100vw, 1024px\" \/><\/a><\/figure>\n\n\n\n<figure class=\"wp-block-image size-large\"><a href=\"https:\/\/www.fcgueugnon.fr\/site\/wp-content\/uploads\/2024\/03\/ECOUTER-VOIR-LOCATRANS-GENELARDAIS-2.png\"><img loading=\"lazy\" decoding=\"async\" width=\"1024\" height=\"682\" data-id=\"8991\" src=\"https:\/\/www.fcgueugnon.fr\/site\/wp-content\/uploads\/2024\/03\/ECOUTER-VOIR-LOCATRANS-GENELARDAIS-2-1024x682.png\" alt=\"Image gallery image\" class=\"wp-image-8991\" srcset=\"https:\/\/www.fcgueugnon.fr\/site\/wp-content\/uploads\/2024\/03\/ECOUTER-VOIR-LOCATRANS-GENELARDAIS-2-1024x682.png 1024w, https:\/\/www.fcgueugnon.fr\/site\/wp-content\/uploads\/2024\/03\/ECOUTER-VOIR-LOCATRANS-GENELARDAIS-2-400x267.png 400w, https:\/\/www.fcgueugnon.fr\/site\/wp-content\/uploads\/2024\/03\/ECOUTER-VOIR-LOCATRANS-GENELARDAIS-2-768x512.png 768w, https:\/\/www.fcgueugnon.fr\/site\/wp-content\/uploads\/2024\/03\/ECOUTER-VOIR-LOCATRANS-GENELARDAIS-2-1536x1024.png 1536w, https:\/\/www.fcgueugnon.fr\/site\/wp-content\/uploads\/2024\/03\/ECOUTER-VOIR-LOCATRANS-GENELARDAIS-2-1320x880.png 1320w, https:\/\/www.fcgueugnon.fr\/site\/wp-content\/uploads\/2024\/03\/ECOUTER-VOIR-LOCATRANS-GENELARDAIS-2-600x400.png 600w, https:\/\/www.fcgueugnon.fr\/site\/wp-content\/uploads\/2024\/03\/ECOUTER-VOIR-LOCATRANS-GENELARDAIS-2.png 1772w\" sizes=\"auto, (max-width: 1024px) 100vw, 1024px\" \/><\/a><\/figure>\n\n\n\n<figure class=\"wp-block-image size-large\"><a href=\"https:\/\/www.fcgueugnon.fr\/site\/wp-content\/uploads\/2024\/03\/ECOUTER-VOIR-LOCATRANS-GENELARDAIS-1.png\"><img loading=\"lazy\" decoding=\"async\" width=\"1024\" height=\"682\" data-id=\"8990\" src=\"https:\/\/www.fcgueugnon.fr\/site\/wp-content\/uploads\/2024\/03\/ECOUTER-VOIR-LOCATRANS-GENELARDAIS-1-1024x682.png\" alt=\"Image gallery image\" class=\"wp-image-8990\" srcset=\"https:\/\/www.fcgueugnon.fr\/site\/wp-content\/uploads\/2024\/03\/ECOUTER-VOIR-LOCATRANS-GENELARDAIS-1-1024x682.png 1024w, https:\/\/www.fcgueugnon.fr\/site\/wp-content\/uploads\/2024\/03\/ECOUTER-VOIR-LOCATRANS-GENELARDAIS-1-400x267.png 400w, https:\/\/www.fcgueugnon.fr\/site\/wp-content\/uploads\/2024\/03\/ECOUTER-VOIR-LOCATRANS-GENELARDAIS-1-768x512.png 768w, https:\/\/www.fcgueugnon.fr\/site\/wp-content\/uploads\/2024\/03\/ECOUTER-VOIR-LOCATRANS-GENELARDAIS-1-1536x1024.png 1536w, https:\/\/www.fcgueugnon.fr\/site\/wp-content\/uploads\/2024\/03\/ECOUTER-VOIR-LOCATRANS-GENELARDAIS-1-1320x880.png 1320w, https:\/\/www.fcgueugnon.fr\/site\/wp-content\/uploads\/2024\/03\/ECOUTER-VOIR-LOCATRANS-GENELARDAIS-1-600x400.png 600w, https:\/\/www.fcgueugnon.fr\/site\/wp-content\/uploads\/2024\/03\/ECOUTER-VOIR-LOCATRANS-GENELARDAIS-1.png 1772w\" sizes=\"auto, (max-width: 1024px) 100vw, 1024px\" \/><\/a><\/figure>\n<\/figure>\n\n\n\n<div style=\"height:20px\" aria-hidden=\"true\" class=\"wp-block-spacer\"><\/div>\n\n\n\n<p><strong>Besoin de conseils pour votre nouvelle paire de lunettes ou vos lentilles ?<\/strong> D\u00e9couvrez un large choix de montures dans tous les styles, de nombreuses marques et des prix justes toute l\u2019ann\u00e9e dans votre magasin<strong> \u00c9couter Voir<\/strong> \u00e0 Gueugnon. Des opticiens \u00e0 l\u2019\u00e9coute sauront vous conseiller au mieux, pour vous faire profiter d\u2019un confort optimal et d\u2019un \u00e9quipement adapt\u00e9 \u00e0 vos besoins.<\/p>\n\n\n\n<p>La boutique de Gueugnon vous accueille du mardi au vendredi, de 9h00 \u00e0 19h00 et le samedi jusqu\u2019\u00e0 18h00.<\/p>\n\n\n\n<p>Le club remercie chaleureusement \u00c9couter Voir pour son soutien.<\/p>\n\n\n\n<div style=\"height:20px\" aria-hidden=\"true\" class=\"wp-block-spacer\"><\/div>\n\n\n<div class=\"wp-block-image\">\n<figure class=\"aligncenter is-resized\"><img loading=\"lazy\" decoding=\"async\" width=\"930\" height=\"207\" src=\"https:\/\/www.fcgueugnon.fr\/site\/wp-content\/uploads\/2023\/03\/image.png\" alt=\"\" class=\"wp-image-3786\" style=\"width:352px;height:auto\" srcset=\"https:\/\/www.fcgueugnon.fr\/site\/wp-content\/uploads\/2023\/03\/image.png 930w, https:\/\/www.fcgueugnon.fr\/site\/wp-content\/uploads\/2023\/03\/image-400x89.png 400w, https:\/\/www.fcgueugnon.fr\/site\/wp-content\/uploads\/2023\/03\/image-768x171.png 768w, https:\/\/www.fcgueugnon.fr\/site\/wp-content\/uploads\/2023\/03\/image-600x134.png 600w\" sizes=\"auto, (max-width: 930px) 100vw, 930px\" \/><\/figure>\n<\/div>\n\n\n<div style=\"height:20px\" aria-hidden=\"true\" class=\"wp-block-spacer\"><\/div>\n\n\n\n<p class=\"has-text-align-center\"><strong>\u00c9couter Voir<br><\/strong>15 rue de la Libert\u00e9<br>71130 Gueugnon<br>T\u00e9l\u00e9phone :&nbsp;03 85 85 28 25<\/p>\n\n\n\n<div style=\"height:20px\" aria-hidden=\"true\" class=\"wp-block-spacer\"><\/div>\n\n\n\n<hr class=\"wp-block-separator has-alpha-channel-opacity\"\/>\n\n\n\n<div style=\"height:20px\" aria-hidden=\"true\" class=\"wp-block-spacer\"><\/div>\n\n\n\n<p>Install\u00e9s \u00e0 Palinges, Torcy et Longic,&nbsp;<strong>Locatrans G\u00e9nelardais&nbsp;<\/strong>poss\u00e8de une exp\u00e9rience de pr\u00e8s de 15 ans sp\u00e9cialis\u00e9e dans le&nbsp;<strong>transport de toutes marchandises&nbsp;<\/strong>comme les mati\u00e8res dangereuses, les \u00e9quipements industriels, les denr\u00e9es non p\u00e9rissables. Ils interviennent au niveau d\u00e9partemental, r\u00e9gional, national et international depuis 2008 !<\/p>\n\n\n\n<div style=\"height:20px\" aria-hidden=\"true\" class=\"wp-block-spacer\"><\/div>\n\n\n<div class=\"wp-block-image\">\n<figure class=\"aligncenter is-resized\"><img loading=\"lazy\" decoding=\"async\" width=\"400\" height=\"135\" src=\"https:\/\/www.fcgueugnon.fr\/site\/wp-content\/uploads\/2023\/02\/LocaTransGenelardais-400x135.png\" alt=\"\" class=\"wp-image-3052\" style=\"width:297px;height:auto\" srcset=\"https:\/\/www.fcgueugnon.fr\/site\/wp-content\/uploads\/2023\/02\/LocaTransGenelardais-400x135.png 400w, https:\/\/www.fcgueugnon.fr\/site\/wp-content\/uploads\/2023\/02\/LocaTransGenelardais-1024x346.png 1024w, https:\/\/www.fcgueugnon.fr\/site\/wp-content\/uploads\/2023\/02\/LocaTransGenelardais-768x260.png 768w, https:\/\/www.fcgueugnon.fr\/site\/wp-content\/uploads\/2023\/02\/LocaTransGenelardais-1536x520.png 1536w, https:\/\/www.fcgueugnon.fr\/site\/wp-content\/uploads\/2023\/02\/LocaTransGenelardais-2048x693.png 2048w, https:\/\/www.fcgueugnon.fr\/site\/wp-content\/uploads\/2023\/02\/LocaTransGenelardais-1320x446.png 1320w, https:\/\/www.fcgueugnon.fr\/site\/wp-content\/uploads\/2023\/02\/LocaTransGenelardais-600x203.png 600w\" sizes=\"auto, (max-width: 400px) 100vw, 400px\" \/><\/figure>\n<\/div>\n\n\n<div style=\"height:20px\" aria-hidden=\"true\" class=\"wp-block-spacer\"><\/div>\n\n\n\n<p class=\"has-text-align-center\"><strong>Locatrans G\u00e9nelardais<\/strong><br>Si\u00e8ge : Avenue des Ferrancins \u2013 71210 Torcy<br>Agence : Rue de Romelet \u2013 21600 Longvic<br>Agence : Lev\u00e9e du Canal \u2013 71430 Palinges<\/p>\n\n\n\n<p class=\"has-text-align-center\">Tel : 03 85 79 91 06<br>Mail :&nbsp;<a href=\"mailto:cyril.gilot@groupltg.com\">cyril.gilot@groupltg.com<\/a><a href=\"http:\/\/www.locatrans-genelardais.com\/\" target=\"_blank\" rel=\"noreferrer noopener\"><br><\/a>Site Web :&nbsp;<a href=\"https:\/\/www.groupltg.com\/\" target=\"_blank\" rel=\"noreferrer noopener\">www.groupltg.com<\/a><\/p>\n\n\n\n<div style=\"height:20px\" aria-hidden=\"true\" class=\"wp-block-spacer\"><\/div>\n\n\n\n<hr class=\"wp-block-separator has-alpha-channel-opacity\"\/>\n\n\n\n<p class=\"has-text-align-center\"><strong>Supporters forgerons,&nbsp;<a href=\"https:\/\/www.fcgueugnon.fr\/site\/partenaires\">r\u00e9servez vos achats et vos sorties chez nos partenaires<\/a><\/strong><\/p>\n","protected":false},"excerpt":{"rendered":"<p>Retour en images sur le coup d&rsquo;envoi fictif de la rencontre face \u00e0 Besan\u00e7on Foot donn\u00e9 par nos partenaires Ecouter Voir et Locatrans G\u00e9nelardais, accompagn\u00e9s de Louis et son Association Le sourire de Louis. Besoin de conseils pour votre nouvelle paire de lunettes ou vos lentilles ? D\u00e9couvrez un large choix de montures dans tous &#8230; <\/p>\n<p class=\"read-more-container\"><a title=\"[N3 J19 : FC Gueugnon \u2013 Besan\u00e7on Foot] Ecouter Voir et Locatrans G\u00e9nelardais, partenaires de la rencontre\" class=\"read-more button\" href=\"https:\/\/www.fcgueugnon.fr\/site\/n3-j19-fc-gueugnon-besancon-foot-ecouter-voir-et-locatrans-genelardais-partenaires-de-la-rencontre-2\/8988#more-8988\" aria-label=\"Plus sur [N3 J19 : FC Gueugnon \u2013 Besan\u00e7on Foot] Ecouter Voir et Locatrans G\u00e9nelardais, partenaires de la rencontre\">Lire la suite<\/a><\/p>\n","protected":false},"author":3,"featured_media":8989,"comment_status":"closed","ping_status":"closed","sticky":true,"template":"","format":"standard","meta":{"footnotes":""},"categories":[4,55],"tags":[23],"class_list":["post-8988","post","type-post","status-publish","format-standard","has-post-thumbnail","hentry","category-news","category-news-2023-2024","tag-partenaires","infinite-scroll-item","generate-columns","tablet-grid-50","mobile-grid-100","grid-parent","grid-25"],"yoast_head":"<!-- This site is optimized with the Yoast SEO plugin v26.6 - https:\/\/yoast.com\/wordpress\/plugins\/seo\/ -->\n<title>[N3 J19 : FC Gueugnon \u2013 Besan\u00e7on Foot] Ecouter Voir et Locatrans G\u00e9nelardais, partenaires de la rencontre &#8226; FOOTBALL CLUB GUEUGNON<\/title>\n<meta name=\"robots\" content=\"index, follow, max-snippet:-1, max-image-preview:large, max-video-preview:-1\" \/>\n<link rel=\"canonical\" href=\"https:\/\/www.fcgueugnon.fr\/site\/n3-j19-fc-gueugnon-besancon-foot-ecouter-voir-et-locatrans-genelardais-partenaires-de-la-rencontre-2\/8988\" \/>\n<meta property=\"og:locale\" content=\"fr_FR\" \/>\n<meta property=\"og:type\" content=\"article\" \/>\n<meta property=\"og:title\" content=\"[N3 J19 : FC Gueugnon \u2013 Besan\u00e7on Foot] Ecouter Voir et Locatrans G\u00e9nelardais, partenaires de la rencontre &#8226; FOOTBALL CLUB GUEUGNON\" \/>\n<meta property=\"og:description\" content=\"Retour en images sur le coup d&rsquo;envoi fictif de la rencontre face \u00e0 Besan\u00e7on Foot donn\u00e9 par nos partenaires Ecouter Voir et Locatrans G\u00e9nelardais, accompagn\u00e9s de Louis et son Association Le sourire de Louis. Besoin de conseils pour votre nouvelle paire de lunettes ou vos lentilles ? D\u00e9couvrez un large choix de montures dans tous ... Lire la suite\" \/>\n<meta property=\"og:url\" content=\"https:\/\/www.fcgueugnon.fr\/site\/n3-j19-fc-gueugnon-besancon-foot-ecouter-voir-et-locatrans-genelardais-partenaires-de-la-rencontre-2\/8988\" \/>\n<meta property=\"og:site_name\" content=\"FOOTBALL CLUB GUEUGNON\" \/>\n<meta property=\"article:publisher\" content=\"http:\/\/facebook.com\/FCGueugnon\" \/>\n<meta property=\"article:published_time\" content=\"2024-03-19T09:02:32+00:00\" \/>\n<meta property=\"article:modified_time\" content=\"2024-03-19T09:02:35+00:00\" \/>\n<meta property=\"og:image\" content=\"https:\/\/www.fcgueugnon.fr\/site\/wp-content\/uploads\/2024\/03\/ECOUTER-VOIR-LOCATRANS-GENELARDAIS-3-1024x682.png\" \/>\n\t<meta property=\"og:image:width\" content=\"1024\" \/>\n\t<meta property=\"og:image:height\" content=\"682\" \/>\n\t<meta property=\"og:image:type\" content=\"image\/png\" \/>\n<meta name=\"author\" content=\"FC Gueugnon\" \/>\n<meta name=\"twitter:card\" content=\"summary_large_image\" \/>\n<meta name=\"twitter:creator\" content=\"@FCGueugnon_off\" \/>\n<meta name=\"twitter:site\" content=\"@FCGueugnon_off\" \/>\n<meta name=\"twitter:label1\" content=\"\u00c9crit par\" \/>\n\t<meta name=\"twitter:data1\" content=\"FC Gueugnon\" \/>\n\t<meta name=\"twitter:label2\" content=\"Dur\u00e9e de lecture estim\u00e9e\" \/>\n\t<meta name=\"twitter:data2\" content=\"3 minutes\" \/>\n<script type=\"application\/ld+json\" class=\"yoast-schema-graph\">{\"@context\":\"https:\/\/schema.org\",\"@graph\":[{\"@type\":\"Article\",\"@id\":\"https:\/\/www.fcgueugnon.fr\/site\/n3-j19-fc-gueugnon-besancon-foot-ecouter-voir-et-locatrans-genelardais-partenaires-de-la-rencontre-2\/8988#article\",\"isPartOf\":{\"@id\":\"https:\/\/www.fcgueugnon.fr\/site\/n3-j19-fc-gueugnon-besancon-foot-ecouter-voir-et-locatrans-genelardais-partenaires-de-la-rencontre-2\/8988\"},\"author\":{\"name\":\"FC Gueugnon\",\"@id\":\"https:\/\/www.fcgueugnon.fr\/site\/#\/schema\/person\/829630bfb5d6f3ebe4d296b75687c01a\"},\"headline\":\"[N3 J19 : FC Gueugnon \u2013 Besan\u00e7on Foot] Ecouter Voir et Locatrans G\u00e9nelardais, partenaires de la rencontre\",\"datePublished\":\"2024-03-19T09:02:32+00:00\",\"dateModified\":\"2024-03-19T09:02:35+00:00\",\"mainEntityOfPage\":{\"@id\":\"https:\/\/www.fcgueugnon.fr\/site\/n3-j19-fc-gueugnon-besancon-foot-ecouter-voir-et-locatrans-genelardais-partenaires-de-la-rencontre-2\/8988\"},\"wordCount\":257,\"publisher\":{\"@id\":\"https:\/\/www.fcgueugnon.fr\/site\/#organization\"},\"image\":{\"@id\":\"https:\/\/www.fcgueugnon.fr\/site\/n3-j19-fc-gueugnon-besancon-foot-ecouter-voir-et-locatrans-genelardais-partenaires-de-la-rencontre-2\/8988#primaryimage\"},\"thumbnailUrl\":\"https:\/\/www.fcgueugnon.fr\/site\/wp-content\/uploads\/2024\/03\/ECOUTER-VOIR-LOCATRANS-GENELARDAIS-3.png\",\"keywords\":[\"Partenaires\"],\"articleSection\":[\"News\",\"News 2023\/2024\"],\"inLanguage\":\"fr-FR\"},{\"@type\":\"WebPage\",\"@id\":\"https:\/\/www.fcgueugnon.fr\/site\/n3-j19-fc-gueugnon-besancon-foot-ecouter-voir-et-locatrans-genelardais-partenaires-de-la-rencontre-2\/8988\",\"url\":\"https:\/\/www.fcgueugnon.fr\/site\/n3-j19-fc-gueugnon-besancon-foot-ecouter-voir-et-locatrans-genelardais-partenaires-de-la-rencontre-2\/8988\",\"name\":\"[N3 J19 : FC Gueugnon \u2013 Besan\u00e7on Foot] Ecouter Voir et Locatrans G\u00e9nelardais, partenaires de la rencontre &#8226; FOOTBALL CLUB GUEUGNON\",\"isPartOf\":{\"@id\":\"https:\/\/www.fcgueugnon.fr\/site\/#website\"},\"primaryImageOfPage\":{\"@id\":\"https:\/\/www.fcgueugnon.fr\/site\/n3-j19-fc-gueugnon-besancon-foot-ecouter-voir-et-locatrans-genelardais-partenaires-de-la-rencontre-2\/8988#primaryimage\"},\"image\":{\"@id\":\"https:\/\/www.fcgueugnon.fr\/site\/n3-j19-fc-gueugnon-besancon-foot-ecouter-voir-et-locatrans-genelardais-partenaires-de-la-rencontre-2\/8988#primaryimage\"},\"thumbnailUrl\":\"https:\/\/www.fcgueugnon.fr\/site\/wp-content\/uploads\/2024\/03\/ECOUTER-VOIR-LOCATRANS-GENELARDAIS-3.png\",\"datePublished\":\"2024-03-19T09:02:32+00:00\",\"dateModified\":\"2024-03-19T09:02:35+00:00\",\"breadcrumb\":{\"@id\":\"https:\/\/www.fcgueugnon.fr\/site\/n3-j19-fc-gueugnon-besancon-foot-ecouter-voir-et-locatrans-genelardais-partenaires-de-la-rencontre-2\/8988#breadcrumb\"},\"inLanguage\":\"fr-FR\",\"potentialAction\":[{\"@type\":\"ReadAction\",\"target\":[\"https:\/\/www.fcgueugnon.fr\/site\/n3-j19-fc-gueugnon-besancon-foot-ecouter-voir-et-locatrans-genelardais-partenaires-de-la-rencontre-2\/8988\"]}]},{\"@type\":\"ImageObject\",\"inLanguage\":\"fr-FR\",\"@id\":\"https:\/\/www.fcgueugnon.fr\/site\/n3-j19-fc-gueugnon-besancon-foot-ecouter-voir-et-locatrans-genelardais-partenaires-de-la-rencontre-2\/8988#primaryimage\",\"url\":\"https:\/\/www.fcgueugnon.fr\/site\/wp-content\/uploads\/2024\/03\/ECOUTER-VOIR-LOCATRANS-GENELARDAIS-3.png\",\"contentUrl\":\"https:\/\/www.fcgueugnon.fr\/site\/wp-content\/uploads\/2024\/03\/ECOUTER-VOIR-LOCATRANS-GENELARDAIS-3.png\",\"width\":1772,\"height\":1181},{\"@type\":\"BreadcrumbList\",\"@id\":\"https:\/\/www.fcgueugnon.fr\/site\/n3-j19-fc-gueugnon-besancon-foot-ecouter-voir-et-locatrans-genelardais-partenaires-de-la-rencontre-2\/8988#breadcrumb\",\"itemListElement\":[{\"@type\":\"ListItem\",\"position\":1,\"name\":\"Accueil\",\"item\":\"https:\/\/www.fcgueugnon.fr\/site\/\"},{\"@type\":\"ListItem\",\"position\":2,\"name\":\"[N3 J19 : FC Gueugnon \u2013 Besan\u00e7on Foot] Ecouter Voir et Locatrans G\u00e9nelardais, partenaires de la rencontre\"}]},{\"@type\":\"WebSite\",\"@id\":\"https:\/\/www.fcgueugnon.fr\/site\/#website\",\"url\":\"https:\/\/www.fcgueugnon.fr\/site\/\",\"name\":\"FOOTBALL CLUB GUEUGNON\",\"description\":\"Le Site Officiel des Forgerons\",\"publisher\":{\"@id\":\"https:\/\/www.fcgueugnon.fr\/site\/#organization\"},\"potentialAction\":[{\"@type\":\"SearchAction\",\"target\":{\"@type\":\"EntryPoint\",\"urlTemplate\":\"https:\/\/www.fcgueugnon.fr\/site\/?s={search_term_string}\"},\"query-input\":{\"@type\":\"PropertyValueSpecification\",\"valueRequired\":true,\"valueName\":\"search_term_string\"}}],\"inLanguage\":\"fr-FR\"},{\"@type\":\"Organization\",\"@id\":\"https:\/\/www.fcgueugnon.fr\/site\/#organization\",\"name\":\"FC Gueugnon\",\"url\":\"https:\/\/www.fcgueugnon.fr\/site\/\",\"logo\":{\"@type\":\"ImageObject\",\"inLanguage\":\"fr-FR\",\"@id\":\"https:\/\/www.fcgueugnon.fr\/site\/#\/schema\/logo\/image\/\",\"url\":\"https:\/\/www.fcgueugnon.fr\/site\/wp-content\/uploads\/2022\/07\/cropped-Logo-FCGUEUGNON-low-350x350-1.png\",\"contentUrl\":\"https:\/\/www.fcgueugnon.fr\/site\/wp-content\/uploads\/2022\/07\/cropped-Logo-FCGUEUGNON-low-350x350-1.png\",\"width\":350,\"height\":350,\"caption\":\"FC Gueugnon\"},\"image\":{\"@id\":\"https:\/\/www.fcgueugnon.fr\/site\/#\/schema\/logo\/image\/\"},\"sameAs\":[\"http:\/\/facebook.com\/FCGueugnon\",\"https:\/\/x.com\/FCGueugnon_off\",\"https:\/\/www.instagram.com\/fcgueugnon\/\",\"https:\/\/www.linkedin.com\/company\/football-club-de-gueugnon\/\",\"https:\/\/www.youtube.com\/user\/FCGueugnonnais\",\"https:\/\/fr.wikipedia.org\/wiki\/Football_Club_de_Gueugnon\"]},{\"@type\":\"Person\",\"@id\":\"https:\/\/www.fcgueugnon.fr\/site\/#\/schema\/person\/829630bfb5d6f3ebe4d296b75687c01a\",\"name\":\"FC Gueugnon\",\"url\":\"https:\/\/www.fcgueugnon.fr\/site\/author\/g-avin1\"}]}<\/script>\n<!-- \/ Yoast SEO plugin. -->","yoast_head_json":{"title":"[N3 J19 : FC Gueugnon \u2013 Besan\u00e7on Foot] Ecouter Voir et Locatrans G\u00e9nelardais, partenaires de la rencontre &#8226; FOOTBALL CLUB GUEUGNON","robots":{"index":"index","follow":"follow","max-snippet":"max-snippet:-1","max-image-preview":"max-image-preview:large","max-video-preview":"max-video-preview:-1"},"canonical":"https:\/\/www.fcgueugnon.fr\/site\/n3-j19-fc-gueugnon-besancon-foot-ecouter-voir-et-locatrans-genelardais-partenaires-de-la-rencontre-2\/8988","og_locale":"fr_FR","og_type":"article","og_title":"[N3 J19 : FC Gueugnon \u2013 Besan\u00e7on Foot] Ecouter Voir et Locatrans G\u00e9nelardais, partenaires de la rencontre &#8226; FOOTBALL CLUB GUEUGNON","og_description":"Retour en images sur le coup d&rsquo;envoi fictif de la rencontre face \u00e0 Besan\u00e7on Foot donn\u00e9 par nos partenaires Ecouter Voir et Locatrans G\u00e9nelardais, accompagn\u00e9s de Louis et son Association Le sourire de Louis. Besoin de conseils pour votre nouvelle paire de lunettes ou vos lentilles ? D\u00e9couvrez un large choix de montures dans tous ... Lire la suite","og_url":"https:\/\/www.fcgueugnon.fr\/site\/n3-j19-fc-gueugnon-besancon-foot-ecouter-voir-et-locatrans-genelardais-partenaires-de-la-rencontre-2\/8988","og_site_name":"FOOTBALL CLUB GUEUGNON","article_publisher":"http:\/\/facebook.com\/FCGueugnon","article_published_time":"2024-03-19T09:02:32+00:00","article_modified_time":"2024-03-19T09:02:35+00:00","og_image":[{"width":1024,"height":682,"url":"https:\/\/www.fcgueugnon.fr\/site\/wp-content\/uploads\/2024\/03\/ECOUTER-VOIR-LOCATRANS-GENELARDAIS-3-1024x682.png","type":"image\/png"}],"author":"FC Gueugnon","twitter_card":"summary_large_image","twitter_creator":"@FCGueugnon_off","twitter_site":"@FCGueugnon_off","twitter_misc":{"\u00c9crit par":"FC Gueugnon","Dur\u00e9e de lecture estim\u00e9e":"3 minutes"},"schema":{"@context":"https:\/\/schema.org","@graph":[{"@type":"Article","@id":"https:\/\/www.fcgueugnon.fr\/site\/n3-j19-fc-gueugnon-besancon-foot-ecouter-voir-et-locatrans-genelardais-partenaires-de-la-rencontre-2\/8988#article","isPartOf":{"@id":"https:\/\/www.fcgueugnon.fr\/site\/n3-j19-fc-gueugnon-besancon-foot-ecouter-voir-et-locatrans-genelardais-partenaires-de-la-rencontre-2\/8988"},"author":{"name":"FC Gueugnon","@id":"https:\/\/www.fcgueugnon.fr\/site\/#\/schema\/person\/829630bfb5d6f3ebe4d296b75687c01a"},"headline":"[N3 J19 : FC Gueugnon \u2013 Besan\u00e7on Foot] Ecouter Voir et Locatrans G\u00e9nelardais, partenaires de la rencontre","datePublished":"2024-03-19T09:02:32+00:00","dateModified":"2024-03-19T09:02:35+00:00","mainEntityOfPage":{"@id":"https:\/\/www.fcgueugnon.fr\/site\/n3-j19-fc-gueugnon-besancon-foot-ecouter-voir-et-locatrans-genelardais-partenaires-de-la-rencontre-2\/8988"},"wordCount":257,"publisher":{"@id":"https:\/\/www.fcgueugnon.fr\/site\/#organization"},"image":{"@id":"https:\/\/www.fcgueugnon.fr\/site\/n3-j19-fc-gueugnon-besancon-foot-ecouter-voir-et-locatrans-genelardais-partenaires-de-la-rencontre-2\/8988#primaryimage"},"thumbnailUrl":"https:\/\/www.fcgueugnon.fr\/site\/wp-content\/uploads\/2024\/03\/ECOUTER-VOIR-LOCATRANS-GENELARDAIS-3.png","keywords":["Partenaires"],"articleSection":["News","News 2023\/2024"],"inLanguage":"fr-FR"},{"@type":"WebPage","@id":"https:\/\/www.fcgueugnon.fr\/site\/n3-j19-fc-gueugnon-besancon-foot-ecouter-voir-et-locatrans-genelardais-partenaires-de-la-rencontre-2\/8988","url":"https:\/\/www.fcgueugnon.fr\/site\/n3-j19-fc-gueugnon-besancon-foot-ecouter-voir-et-locatrans-genelardais-partenaires-de-la-rencontre-2\/8988","name":"[N3 J19 : FC Gueugnon \u2013 Besan\u00e7on Foot] Ecouter Voir et Locatrans G\u00e9nelardais, partenaires de la rencontre &#8226; FOOTBALL CLUB GUEUGNON","isPartOf":{"@id":"https:\/\/www.fcgueugnon.fr\/site\/#website"},"primaryImageOfPage":{"@id":"https:\/\/www.fcgueugnon.fr\/site\/n3-j19-fc-gueugnon-besancon-foot-ecouter-voir-et-locatrans-genelardais-partenaires-de-la-rencontre-2\/8988#primaryimage"},"image":{"@id":"https:\/\/www.fcgueugnon.fr\/site\/n3-j19-fc-gueugnon-besancon-foot-ecouter-voir-et-locatrans-genelardais-partenaires-de-la-rencontre-2\/8988#primaryimage"},"thumbnailUrl":"https:\/\/www.fcgueugnon.fr\/site\/wp-content\/uploads\/2024\/03\/ECOUTER-VOIR-LOCATRANS-GENELARDAIS-3.png","datePublished":"2024-03-19T09:02:32+00:00","dateModified":"2024-03-19T09:02:35+00:00","breadcrumb":{"@id":"https:\/\/www.fcgueugnon.fr\/site\/n3-j19-fc-gueugnon-besancon-foot-ecouter-voir-et-locatrans-genelardais-partenaires-de-la-rencontre-2\/8988#breadcrumb"},"inLanguage":"fr-FR","potentialAction":[{"@type":"ReadAction","target":["https:\/\/www.fcgueugnon.fr\/site\/n3-j19-fc-gueugnon-besancon-foot-ecouter-voir-et-locatrans-genelardais-partenaires-de-la-rencontre-2\/8988"]}]},{"@type":"ImageObject","inLanguage":"fr-FR","@id":"https:\/\/www.fcgueugnon.fr\/site\/n3-j19-fc-gueugnon-besancon-foot-ecouter-voir-et-locatrans-genelardais-partenaires-de-la-rencontre-2\/8988#primaryimage","url":"https:\/\/www.fcgueugnon.fr\/site\/wp-content\/uploads\/2024\/03\/ECOUTER-VOIR-LOCATRANS-GENELARDAIS-3.png","contentUrl":"https:\/\/www.fcgueugnon.fr\/site\/wp-content\/uploads\/2024\/03\/ECOUTER-VOIR-LOCATRANS-GENELARDAIS-3.png","width":1772,"height":1181},{"@type":"BreadcrumbList","@id":"https:\/\/www.fcgueugnon.fr\/site\/n3-j19-fc-gueugnon-besancon-foot-ecouter-voir-et-locatrans-genelardais-partenaires-de-la-rencontre-2\/8988#breadcrumb","itemListElement":[{"@type":"ListItem","position":1,"name":"Accueil","item":"https:\/\/www.fcgueugnon.fr\/site\/"},{"@type":"ListItem","position":2,"name":"[N3 J19 : FC Gueugnon \u2013 Besan\u00e7on Foot] Ecouter Voir et Locatrans G\u00e9nelardais, partenaires de la rencontre"}]},{"@type":"WebSite","@id":"https:\/\/www.fcgueugnon.fr\/site\/#website","url":"https:\/\/www.fcgueugnon.fr\/site\/","name":"FOOTBALL CLUB GUEUGNON","description":"Le Site Officiel des Forgerons","publisher":{"@id":"https:\/\/www.fcgueugnon.fr\/site\/#organization"},"potentialAction":[{"@type":"SearchAction","target":{"@type":"EntryPoint","urlTemplate":"https:\/\/www.fcgueugnon.fr\/site\/?s={search_term_string}"},"query-input":{"@type":"PropertyValueSpecification","valueRequired":true,"valueName":"search_term_string"}}],"inLanguage":"fr-FR"},{"@type":"Organization","@id":"https:\/\/www.fcgueugnon.fr\/site\/#organization","name":"FC Gueugnon","url":"https:\/\/www.fcgueugnon.fr\/site\/","logo":{"@type":"ImageObject","inLanguage":"fr-FR","@id":"https:\/\/www.fcgueugnon.fr\/site\/#\/schema\/logo\/image\/","url":"https:\/\/www.fcgueugnon.fr\/site\/wp-content\/uploads\/2022\/07\/cropped-Logo-FCGUEUGNON-low-350x350-1.png","contentUrl":"https:\/\/www.fcgueugnon.fr\/site\/wp-content\/uploads\/2022\/07\/cropped-Logo-FCGUEUGNON-low-350x350-1.png","width":350,"height":350,"caption":"FC Gueugnon"},"image":{"@id":"https:\/\/www.fcgueugnon.fr\/site\/#\/schema\/logo\/image\/"},"sameAs":["http:\/\/facebook.com\/FCGueugnon","https:\/\/x.com\/FCGueugnon_off","https:\/\/www.instagram.com\/fcgueugnon\/","https:\/\/www.linkedin.com\/company\/football-club-de-gueugnon\/","https:\/\/www.youtube.com\/user\/FCGueugnonnais","https:\/\/fr.wikipedia.org\/wiki\/Football_Club_de_Gueugnon"]},{"@type":"Person","@id":"https:\/\/www.fcgueugnon.fr\/site\/#\/schema\/person\/829630bfb5d6f3ebe4d296b75687c01a","name":"FC Gueugnon","url":"https:\/\/www.fcgueugnon.fr\/site\/author\/g-avin1"}]}},"rttpg_featured_image_url":{"full":["https:\/\/www.fcgueugnon.fr\/site\/wp-content\/uploads\/2024\/03\/ECOUTER-VOIR-LOCATRANS-GENELARDAIS-3.png",1772,1181,false],"landscape":["https:\/\/www.fcgueugnon.fr\/site\/wp-content\/uploads\/2024\/03\/ECOUTER-VOIR-LOCATRANS-GENELARDAIS-3.png",1772,1181,false],"portraits":["https:\/\/www.fcgueugnon.fr\/site\/wp-content\/uploads\/2024\/03\/ECOUTER-VOIR-LOCATRANS-GENELARDAIS-3.png",1772,1181,false],"thumbnail":["https:\/\/www.fcgueugnon.fr\/site\/wp-content\/uploads\/2024\/03\/ECOUTER-VOIR-LOCATRANS-GENELARDAIS-3-150x150.png",150,150,true],"medium":["https:\/\/www.fcgueugnon.fr\/site\/wp-content\/uploads\/2024\/03\/ECOUTER-VOIR-LOCATRANS-GENELARDAIS-3-400x267.png",400,267,true],"large":["https:\/\/www.fcgueugnon.fr\/site\/wp-content\/uploads\/2024\/03\/ECOUTER-VOIR-LOCATRANS-GENELARDAIS-3-1024x682.png",1024,682,true],"1536x1536":["https:\/\/www.fcgueugnon.fr\/site\/wp-content\/uploads\/2024\/03\/ECOUTER-VOIR-LOCATRANS-GENELARDAIS-3-1536x1024.png",1536,1024,true],"2048x2048":["https:\/\/www.fcgueugnon.fr\/site\/wp-content\/uploads\/2024\/03\/ECOUTER-VOIR-LOCATRANS-GENELARDAIS-3.png",1772,1181,false]},"rttpg_author":{"display_name":"FC Gueugnon","author_link":"https:\/\/www.fcgueugnon.fr\/site\/author\/g-avin1"},"rttpg_comment":0,"rttpg_category":"<a href=\"https:\/\/www.fcgueugnon.fr\/site\/category\/news\" rel=\"category tag\">News<\/a> <a href=\"https:\/\/www.fcgueugnon.fr\/site\/category\/news\/news-2023-2024\" rel=\"category tag\">News 2023\/2024<\/a>","rttpg_excerpt":"Retour en images sur le coup d&rsquo;envoi fictif de la rencontre face \u00e0 Besan\u00e7on Foot donn\u00e9 par nos partenaires Ecouter Voir et Locatrans G\u00e9nelardais, accompagn\u00e9s de Louis et son Association Le sourire de Louis. Besoin de conseils pour votre nouvelle paire de lunettes ou vos lentilles ? D\u00e9couvrez un large choix de montures dans tous\u2026","_links":{"self":[{"href":"https:\/\/www.fcgueugnon.fr\/site\/wp-json\/wp\/v2\/posts\/8988","targetHints":{"allow":["GET"]}}],"collection":[{"href":"https:\/\/www.fcgueugnon.fr\/site\/wp-json\/wp\/v2\/posts"}],"about":[{"href":"https:\/\/www.fcgueugnon.fr\/site\/wp-json\/wp\/v2\/types\/post"}],"author":[{"embeddable":true,"href":"https:\/\/www.fcgueugnon.fr\/site\/wp-json\/wp\/v2\/users\/3"}],"replies":[{"embeddable":true,"href":"https:\/\/www.fcgueugnon.fr\/site\/wp-json\/wp\/v2\/comments?post=8988"}],"version-history":[{"count":2,"href":"https:\/\/www.fcgueugnon.fr\/site\/wp-json\/wp\/v2\/posts\/8988\/revisions"}],"predecessor-version":[{"id":8994,"href":"https:\/\/www.fcgueugnon.fr\/site\/wp-json\/wp\/v2\/posts\/8988\/revisions\/8994"}],"wp:featuredmedia":[{"embeddable":true,"href":"https:\/\/www.fcgueugnon.fr\/site\/wp-json\/wp\/v2\/media\/8989"}],"wp:attachment":[{"href":"https:\/\/www.fcgueugnon.fr\/site\/wp-json\/wp\/v2\/media?parent=8988"}],"wp:term":[{"taxonomy":"category","embeddable":true,"href":"https:\/\/www.fcgueugnon.fr\/site\/wp-json\/wp\/v2\/categories?post=8988"},{"taxonomy":"post_tag","embeddable":true,"href":"https:\/\/www.fcgueugnon.fr\/site\/wp-json\/wp\/v2\/tags?post=8988"}],"curies":[{"name":"wp","href":"https:\/\/api.w.org\/{rel}","templated":true}]}}