{"id":8945,"date":"2024-03-16T16:55:00","date_gmt":"2024-03-16T15:55:00","guid":{"rendered":"https:\/\/www.fcgueugnon.fr\/site\/?p=8945"},"modified":"2024-03-16T14:17:39","modified_gmt":"2024-03-16T13:17:39","slug":"interview-forgeron-mag-11-avec-marius-zampa","status":"publish","type":"post","link":"https:\/\/www.fcgueugnon.fr\/site\/interview-forgeron-mag-11-avec-marius-zampa\/8945","title":{"rendered":"[Interview] Forgeron Mag #11 avec Marius ZAMPA"},"content":{"rendered":"\n<h3 class=\"wp-block-heading\">D\u00e9couvrez en int\u00e9gralit\u00e9 l&rsquo;entretien de Marius ZAMPA diffus\u00e9 \u00e0 l&rsquo;occasion de la r\u00e9ception de la r\u00e9serve du Besan\u00e7on Football pour la 19e journ\u00e9ee de N3<\/h3>\n\n\n\n<div style=\"height:75px\" aria-hidden=\"true\" class=\"wp-block-spacer\"><\/div>\n\n\n<div class=\"wp-block-image\">\n<figure class=\"aligncenter size-full is-resized\"><img loading=\"lazy\" decoding=\"async\" width=\"1772\" height=\"1181\" src=\"https:\/\/www.fcgueugnon.fr\/site\/wp-content\/uploads\/2024\/01\/Marius-Zampa-2-FC-Gueugnon-23.24.png\" alt=\"\" class=\"wp-image-8333\" style=\"width:768px;height:512px\" srcset=\"https:\/\/www.fcgueugnon.fr\/site\/wp-content\/uploads\/2024\/01\/Marius-Zampa-2-FC-Gueugnon-23.24.png 1772w, https:\/\/www.fcgueugnon.fr\/site\/wp-content\/uploads\/2024\/01\/Marius-Zampa-2-FC-Gueugnon-23.24-400x267.png 400w, https:\/\/www.fcgueugnon.fr\/site\/wp-content\/uploads\/2024\/01\/Marius-Zampa-2-FC-Gueugnon-23.24-1024x682.png 1024w, https:\/\/www.fcgueugnon.fr\/site\/wp-content\/uploads\/2024\/01\/Marius-Zampa-2-FC-Gueugnon-23.24-768x512.png 768w, https:\/\/www.fcgueugnon.fr\/site\/wp-content\/uploads\/2024\/01\/Marius-Zampa-2-FC-Gueugnon-23.24-1536x1024.png 1536w, https:\/\/www.fcgueugnon.fr\/site\/wp-content\/uploads\/2024\/01\/Marius-Zampa-2-FC-Gueugnon-23.24-1320x880.png 1320w, https:\/\/www.fcgueugnon.fr\/site\/wp-content\/uploads\/2024\/01\/Marius-Zampa-2-FC-Gueugnon-23.24-600x400.png 600w\" sizes=\"auto, (max-width: 1772px) 100vw, 1772px\" \/><\/figure>\n<\/div>\n\n\n<div style=\"height:75px\" aria-hidden=\"true\" class=\"wp-block-spacer\"><\/div>\n\n\n\n<p><strong>Bonjour Marius, peux-tu te pr\u00e9senter \u00e0 nos supporters\u00a0:<\/strong><br>\u00ab \u00c0 l&rsquo;\u00e2ge de 20 ans, je suis originaire de Digoin. J&rsquo;ai d\u00e9but\u00e9 ma carri\u00e8re de footballeur dans ma ville natale avant de rejoindre le FC Gueugnon pendant quelques ann\u00e9es. Cette exp\u00e9rience m&rsquo;a ensuite permis d&rsquo;int\u00e9grer le p\u00f4le sportif de Dijon, o\u00f9 j&rsquo;ai \u00e9volu\u00e9 au sein du p\u00f4le espoir en semaine, tout en jouant avec le FC Gueugnon les week-ends. Par la suite, j&rsquo;ai sign\u00e9 un contrat de trois ans avec le LOSC, mon premier club professionnel, \u00e0 Lille, avant de rejoindre le N\u00eemes Olympique pour deux saisons. Et me voil\u00e0 de retour au FC Gueugnon. \u00bb<\/p>\n\n\n\n<p><strong>Pourquoi es-tu revenus au FCG\u00a0?<\/strong><br>\u00ab M\u00eame si ce n\u2019\u00e9tait pas forc\u00e9ment ma premi\u00e8re id\u00e9e, j\u2019ai toujours eu l\u2019envie de revenir au FCG&#8230; J\u2019ai eu ici le souvenir de mes premi\u00e8res\u00a0ann\u00e9es et l&rsquo;opportunit\u00e9 s&rsquo;est pr\u00e9sent\u00e9 quand le staff du FCG m\u2019a appel\u00e9 pour revenir ! \u00bb<\/p>\n\n\n\n<figure class=\"wp-block-pullquote\"><blockquote><p>\u00ab \u2019ai eu ici le souvenir de mes premi\u00e8res\u00a0ann\u00e9es et l&rsquo;opportunit\u00e9 s&rsquo;est pr\u00e9sent\u00e9 quand le staff du FCG m\u2019a appel\u00e9 pour revenir. \u00bb<\/p><\/blockquote><\/figure>\n\n\n\n<p><strong>Tu reviens au club en cours de saison, comment cela se passe dans le groupe\u00a0?<\/strong><br>\u00ab Lorsque je suis arriv\u00e9, les r\u00e9sultats n&rsquo;\u00e9taient pas aussi bons qu&rsquo;esp\u00e9r\u00e9s, mais j&rsquo;ai toujours per\u00e7u un r\u00e9el engagement de la part du groupe, avec une volont\u00e9 in\u00e9branlable de donner le meilleur de soi-m\u00eame. Nous \u00e9tions constamment \u00e0 la recherche des meilleures solutions pour d\u00e9crocher la victoire. C&rsquo;\u00e9tait gratifiant de recommencer au club par une victoire, et l&rsquo;enthousiasme \u00e9tait palpable chez tout le monde ! \u00bb<\/p>\n\n\n\n<p><strong>Tu joues au milieu est ce ton poste de pr\u00e9dilection plut\u00f4t offensif ou d\u00e9fensif, as-tu un joueur mod\u00e8le <\/strong>\u00a0:<br>\u00ab Oui, en effet, j&rsquo;ai toujours \u00e9volu\u00e9 au milieu de terrain depuis mon plus jeune \u00e2ge, c&rsquo;est le poste o\u00f9 je me sens le plus \u00e0 l&rsquo;aise. Je peux aussi bien jouer en phase offensive que d\u00e9fensive ; mon objectif est de participer au jeu autant que possible. Depuis toujours, je suis un grand admirateur de Marco Verrati, et j&rsquo;essaie de m&rsquo;inspirer de lui autant que je le peux. Mon but est d&rsquo;\u00eatre un combattant sur le terrain, de ne jamais abandonner, tout comme lui, et je suis pr\u00eat \u00e0 donner le meilleur de moi-m\u00eame pour l&rsquo;\u00e9quipe. \u00bb<\/p>\n\n\n\n<figure class=\"wp-block-pullquote\"><blockquote><p>\u00ab une volont\u00e9 in\u00e9branlable de donner le meilleur de soi-m\u00eame. \u00bb<\/p><\/blockquote><\/figure>\n\n\n\n<p><strong>Entre Lilles et N\u00eemes, le retour \u00e0 Gueugnon, la campagne Charolaise doit te faire un sacr\u00e9 changement\u00a0:<\/strong><br>\u00ab Oui, au cours de ma carri\u00e8re, j&rsquo;ai d\u00e9j\u00e0 eu l&rsquo;occasion de vivre diff\u00e9rentes exp\u00e9riences, et bien s\u00fbr, chaque club a ses particularit\u00e9s. M\u00eame si certains aspects peuvent varier d&rsquo;un club \u00e0 l&rsquo;autre, pour moi, le FCG demeure un grand club et l&rsquo;essence du football reste la m\u00eame. Bien s\u00fbr, il y a des diff\u00e9rences au niveau des structures et de l&rsquo;intensit\u00e9 des entra\u00eenements, mais ce ne sont que des d\u00e9tails. En fin de compte, on s&rsquo;adapte rapidement, que ce soit dans un club de haut niveau ou dans un autre contexte. \u00bb<\/p>\n\n\n\n<p><strong>Et en dehors du foot\u00a0? Comment tu t\u2019occupes dans la vie\u00a0? parle nous de tes hobbies\u00a0:<\/strong><br>\u00ab Tout d&rsquo;abord, j&rsquo;ai eu l&rsquo;occasion de retrouver ma famille que j&rsquo;avais quitt\u00e9e tr\u00e8s jeune. Je suis particuli\u00e8rement proche de mes petits cousins ainsi que de mes amis que je c\u00f4toie r\u00e9guli\u00e8rement. Par ailleurs, je suis passionn\u00e9 par le sport en g\u00e9n\u00e9ral et j&rsquo;y consacre la majeure partie de mon temps libre. \u00bb<\/p>\n\n\n\n<p><strong>Revenons au championnat, comment allez-vous aborder ce prochain match\u00a0:<\/strong><br>\u00ab On va faire en sorte d\u2019aller d\u00e9crocher une victoire \u00e0 domicile\u00a0! \u00bb<\/p>\n\n\n\n<figure class=\"wp-block-pullquote\"><blockquote><p>\u00ab  On va faire en sorte d\u2019aller d\u00e9crocher une victoire \u00e0 domicile\u00a0! \u00bb<\/p><\/blockquote><\/figure>\n\n\n\n<p><strong>Et dans l\u2019\u00e9quipe, comment l\u2019\u00e9quipe se sent pour la fin de saison\u00a0?<\/strong><br>\u00ab On a une \u00e9quipe de qualit\u00e9 et notre classement actuel ne refl\u00e8te pas notre v\u00e9ritable potentiel. Nous disposons de joueurs talentueux et d&rsquo;un excellent \u00e9tat d&rsquo;esprit, ce qui fait de nous un groupe solide. Je suis convaincu que nous pouvons rapidement progresser et atteindre des r\u00e9sultats qui feront plaisir aux supporters. \u00bb<\/p>\n\n\n\n<p><strong>Parle nous de tes meilleurs souvenirs de ta carri\u00e8re\u00a0:<\/strong><br>\u00ab Je consid\u00e8re que mon meilleur souvenir a \u00e9t\u00e9 l&rsquo;annonce de mon contrat de trois ans au LOSC, marquant mes d\u00e9buts dans le monde professionnel. En tant que joueur senior, ma meilleure exp\u00e9rience a \u00e9t\u00e9 ma premi\u00e8re apparition en Ligue 2 contre Grenoble, entour\u00e9 de ma famille. Jouer au milieu de terrain en Ligue 2 a \u00e9t\u00e9 une exp\u00e9rience inoubliable pour moi, marquant le d\u00e9but d&rsquo;une nouvelle aventure dans un monde du football diff\u00e9rent. \u00bb<\/p>\n\n\n\n<p><strong>8 matchs avant la fin de saison, as-tu un mot pour nos supporters\u00a0?<\/strong><br>\u00ab 8 matchs, 8 finales, on va faire notre maximum pour ramener le plus de points possibles. On esp\u00e8re \u00e9galement que vous viendrez en masse nous supporter, votre soutien contre Sochaux a \u00e9t\u00e9 un vrai plus\u00a0! On va le faire ensemble\u00a0! \u00bb<\/p>\n\n\n\n<p><br>Merci Marius<\/p>\n\n\n\n<div style=\"height:100px\" aria-hidden=\"true\" class=\"wp-block-spacer\"><\/div>\n\n\n\n<hr class=\"wp-block-separator has-alpha-channel-opacity\"\/>\n\n\n\n<h3 class=\"wp-block-heading\">Retrouvez le Forgeron Mag #11 en int\u00e9gralit\u00e9<\/h3>\n\n\n\n<div class=\"wp-block-pdf-viewer-block-standard\" style=\"text-align:left\"><div class=\"uploaded-pdf\"><a href=\"https:\/\/www.fcgueugnon.fr\/site\/wp-content\/uploads\/2024\/03\/Forgeron-mag-11-FCG-Besancon-Foot-J19.pdf\" data-width=\"\" data-height=\"\"><\/a><\/div><\/div>\n\n\n\n<div class=\"wp-block-buttons is-layout-flex wp-block-buttons-is-layout-flex\">\n<div class=\"wp-block-button alignright is-style-circular\"><a class=\"wp-block-button__link wp-element-button\" href=\"https:\/\/www.fcgueugnon.fr\/site\/wp-content\/uploads\/2024\/03\/Forgeron-mag-11-FCG-Besancon-Foot-J19.pdf\">T\u00e9l\u00e9charger<\/a><\/div>\n<\/div>\n","protected":false},"excerpt":{"rendered":"<p>D\u00e9couvrez en int\u00e9gralit\u00e9 l&rsquo;entretien de Marius ZAMPA diffus\u00e9 \u00e0 l&rsquo;occasion de la r\u00e9ception de la r\u00e9serve du Besan\u00e7on Football pour la 19e journ\u00e9ee de N3 Bonjour Marius, peux-tu te pr\u00e9senter \u00e0 nos supporters\u00a0:\u00ab \u00c0 l&rsquo;\u00e2ge de 20 ans, je suis originaire de Digoin. J&rsquo;ai d\u00e9but\u00e9 ma carri\u00e8re de footballeur dans ma ville natale avant de &#8230; <\/p>\n<p class=\"read-more-container\"><a title=\"[Interview] Forgeron Mag #11 avec Marius ZAMPA\" class=\"read-more button\" href=\"https:\/\/www.fcgueugnon.fr\/site\/interview-forgeron-mag-11-avec-marius-zampa\/8945#more-8945\" aria-label=\"Plus sur [Interview] Forgeron Mag #11 avec Marius ZAMPA\">Lire la suite<\/a><\/p>\n","protected":false},"author":2,"featured_media":8333,"comment_status":"closed","ping_status":"closed","sticky":false,"template":"","format":"standard","meta":{"footnotes":""},"categories":[4,55],"tags":[24,11],"class_list":["post-8945","post","type-post","status-publish","format-standard","has-post-thumbnail","hentry","category-news","category-news-2023-2024","tag-forgeron-mag","tag-interview","infinite-scroll-item","generate-columns","tablet-grid-50","mobile-grid-100","grid-parent","grid-25"],"yoast_head":"<!-- This site is optimized with the Yoast SEO plugin v26.6 - https:\/\/yoast.com\/wordpress\/plugins\/seo\/ -->\n<title>[Interview] Forgeron Mag #11 avec Marius ZAMPA &#8226; FOOTBALL CLUB GUEUGNON<\/title>\n<meta name=\"robots\" content=\"index, follow, max-snippet:-1, max-image-preview:large, max-video-preview:-1\" \/>\n<link rel=\"canonical\" href=\"https:\/\/www.fcgueugnon.fr\/site\/interview-forgeron-mag-11-avec-marius-zampa\/8945\" \/>\n<meta property=\"og:locale\" content=\"fr_FR\" \/>\n<meta property=\"og:type\" content=\"article\" \/>\n<meta property=\"og:title\" content=\"[Interview] Forgeron Mag #11 avec Marius ZAMPA &#8226; FOOTBALL CLUB GUEUGNON\" \/>\n<meta property=\"og:description\" content=\"D\u00e9couvrez en int\u00e9gralit\u00e9 l&rsquo;entretien de Marius ZAMPA diffus\u00e9 \u00e0 l&rsquo;occasion de la r\u00e9ception de la r\u00e9serve du Besan\u00e7on Football pour la 19e journ\u00e9ee de N3 Bonjour Marius, peux-tu te pr\u00e9senter \u00e0 nos supporters\u00a0:\u00ab \u00c0 l&rsquo;\u00e2ge de 20 ans, je suis originaire de Digoin. J&rsquo;ai d\u00e9but\u00e9 ma carri\u00e8re de footballeur dans ma ville natale avant de ... Lire la suite\" \/>\n<meta property=\"og:url\" content=\"https:\/\/www.fcgueugnon.fr\/site\/interview-forgeron-mag-11-avec-marius-zampa\/8945\" \/>\n<meta property=\"og:site_name\" content=\"FOOTBALL CLUB GUEUGNON\" \/>\n<meta property=\"article:publisher\" content=\"http:\/\/facebook.com\/FCGueugnon\" \/>\n<meta property=\"article:published_time\" content=\"2024-03-16T15:55:00+00:00\" \/>\n<meta property=\"og:image\" content=\"https:\/\/www.fcgueugnon.fr\/site\/wp-content\/uploads\/2024\/01\/Marius-Zampa-2-FC-Gueugnon-23.24-1024x682.png\" \/>\n\t<meta property=\"og:image:width\" content=\"1024\" \/>\n\t<meta property=\"og:image:height\" content=\"682\" \/>\n\t<meta property=\"og:image:type\" content=\"image\/png\" \/>\n<meta name=\"author\" content=\"FC Gueugnon\" \/>\n<meta name=\"twitter:card\" content=\"summary_large_image\" \/>\n<meta name=\"twitter:creator\" content=\"@FCGueugnon_off\" \/>\n<meta name=\"twitter:site\" content=\"@FCGueugnon_off\" \/>\n<meta name=\"twitter:label1\" content=\"\u00c9crit par\" \/>\n\t<meta name=\"twitter:data1\" content=\"FC Gueugnon\" \/>\n\t<meta name=\"twitter:label2\" content=\"Dur\u00e9e de lecture estim\u00e9e\" \/>\n\t<meta name=\"twitter:data2\" content=\"5 minutes\" \/>\n<script type=\"application\/ld+json\" class=\"yoast-schema-graph\">{\"@context\":\"https:\/\/schema.org\",\"@graph\":[{\"@type\":\"Article\",\"@id\":\"https:\/\/www.fcgueugnon.fr\/site\/interview-forgeron-mag-11-avec-marius-zampa\/8945#article\",\"isPartOf\":{\"@id\":\"https:\/\/www.fcgueugnon.fr\/site\/interview-forgeron-mag-11-avec-marius-zampa\/8945\"},\"author\":{\"name\":\"FC Gueugnon\",\"@id\":\"https:\/\/www.fcgueugnon.fr\/site\/#\/schema\/person\/d342d0c35e8e8f04740b9bdd734eeb20\"},\"headline\":\"[Interview] Forgeron Mag #11 avec Marius ZAMPA\",\"datePublished\":\"2024-03-16T15:55:00+00:00\",\"mainEntityOfPage\":{\"@id\":\"https:\/\/www.fcgueugnon.fr\/site\/interview-forgeron-mag-11-avec-marius-zampa\/8945\"},\"wordCount\":927,\"publisher\":{\"@id\":\"https:\/\/www.fcgueugnon.fr\/site\/#organization\"},\"image\":{\"@id\":\"https:\/\/www.fcgueugnon.fr\/site\/interview-forgeron-mag-11-avec-marius-zampa\/8945#primaryimage\"},\"thumbnailUrl\":\"https:\/\/www.fcgueugnon.fr\/site\/wp-content\/uploads\/2024\/01\/Marius-Zampa-2-FC-Gueugnon-23.24.png\",\"keywords\":[\"Forgeron Mag\",\"Interview\"],\"articleSection\":[\"News\",\"News 2023\/2024\"],\"inLanguage\":\"fr-FR\"},{\"@type\":\"WebPage\",\"@id\":\"https:\/\/www.fcgueugnon.fr\/site\/interview-forgeron-mag-11-avec-marius-zampa\/8945\",\"url\":\"https:\/\/www.fcgueugnon.fr\/site\/interview-forgeron-mag-11-avec-marius-zampa\/8945\",\"name\":\"[Interview] Forgeron Mag #11 avec Marius ZAMPA &#8226; FOOTBALL CLUB GUEUGNON\",\"isPartOf\":{\"@id\":\"https:\/\/www.fcgueugnon.fr\/site\/#website\"},\"primaryImageOfPage\":{\"@id\":\"https:\/\/www.fcgueugnon.fr\/site\/interview-forgeron-mag-11-avec-marius-zampa\/8945#primaryimage\"},\"image\":{\"@id\":\"https:\/\/www.fcgueugnon.fr\/site\/interview-forgeron-mag-11-avec-marius-zampa\/8945#primaryimage\"},\"thumbnailUrl\":\"https:\/\/www.fcgueugnon.fr\/site\/wp-content\/uploads\/2024\/01\/Marius-Zampa-2-FC-Gueugnon-23.24.png\",\"datePublished\":\"2024-03-16T15:55:00+00:00\",\"breadcrumb\":{\"@id\":\"https:\/\/www.fcgueugnon.fr\/site\/interview-forgeron-mag-11-avec-marius-zampa\/8945#breadcrumb\"},\"inLanguage\":\"fr-FR\",\"potentialAction\":[{\"@type\":\"ReadAction\",\"target\":[\"https:\/\/www.fcgueugnon.fr\/site\/interview-forgeron-mag-11-avec-marius-zampa\/8945\"]}]},{\"@type\":\"ImageObject\",\"inLanguage\":\"fr-FR\",\"@id\":\"https:\/\/www.fcgueugnon.fr\/site\/interview-forgeron-mag-11-avec-marius-zampa\/8945#primaryimage\",\"url\":\"https:\/\/www.fcgueugnon.fr\/site\/wp-content\/uploads\/2024\/01\/Marius-Zampa-2-FC-Gueugnon-23.24.png\",\"contentUrl\":\"https:\/\/www.fcgueugnon.fr\/site\/wp-content\/uploads\/2024\/01\/Marius-Zampa-2-FC-Gueugnon-23.24.png\",\"width\":1772,\"height\":1181},{\"@type\":\"BreadcrumbList\",\"@id\":\"https:\/\/www.fcgueugnon.fr\/site\/interview-forgeron-mag-11-avec-marius-zampa\/8945#breadcrumb\",\"itemListElement\":[{\"@type\":\"ListItem\",\"position\":1,\"name\":\"Accueil\",\"item\":\"https:\/\/www.fcgueugnon.fr\/site\/\"},{\"@type\":\"ListItem\",\"position\":2,\"name\":\"[Interview] Forgeron Mag #11 avec Marius ZAMPA\"}]},{\"@type\":\"WebSite\",\"@id\":\"https:\/\/www.fcgueugnon.fr\/site\/#website\",\"url\":\"https:\/\/www.fcgueugnon.fr\/site\/\",\"name\":\"FOOTBALL CLUB GUEUGNON\",\"description\":\"Le Site Officiel des Forgerons\",\"publisher\":{\"@id\":\"https:\/\/www.fcgueugnon.fr\/site\/#organization\"},\"potentialAction\":[{\"@type\":\"SearchAction\",\"target\":{\"@type\":\"EntryPoint\",\"urlTemplate\":\"https:\/\/www.fcgueugnon.fr\/site\/?s={search_term_string}\"},\"query-input\":{\"@type\":\"PropertyValueSpecification\",\"valueRequired\":true,\"valueName\":\"search_term_string\"}}],\"inLanguage\":\"fr-FR\"},{\"@type\":\"Organization\",\"@id\":\"https:\/\/www.fcgueugnon.fr\/site\/#organization\",\"name\":\"FC Gueugnon\",\"url\":\"https:\/\/www.fcgueugnon.fr\/site\/\",\"logo\":{\"@type\":\"ImageObject\",\"inLanguage\":\"fr-FR\",\"@id\":\"https:\/\/www.fcgueugnon.fr\/site\/#\/schema\/logo\/image\/\",\"url\":\"https:\/\/www.fcgueugnon.fr\/site\/wp-content\/uploads\/2022\/07\/cropped-Logo-FCGUEUGNON-low-350x350-1.png\",\"contentUrl\":\"https:\/\/www.fcgueugnon.fr\/site\/wp-content\/uploads\/2022\/07\/cropped-Logo-FCGUEUGNON-low-350x350-1.png\",\"width\":350,\"height\":350,\"caption\":\"FC Gueugnon\"},\"image\":{\"@id\":\"https:\/\/www.fcgueugnon.fr\/site\/#\/schema\/logo\/image\/\"},\"sameAs\":[\"http:\/\/facebook.com\/FCGueugnon\",\"https:\/\/x.com\/FCGueugnon_off\",\"https:\/\/www.instagram.com\/fcgueugnon\/\",\"https:\/\/www.linkedin.com\/company\/football-club-de-gueugnon\/\",\"https:\/\/www.youtube.com\/user\/FCGueugnonnais\",\"https:\/\/fr.wikipedia.org\/wiki\/Football_Club_de_Gueugnon\"]},{\"@type\":\"Person\",\"@id\":\"https:\/\/www.fcgueugnon.fr\/site\/#\/schema\/person\/d342d0c35e8e8f04740b9bdd734eeb20\",\"name\":\"FC Gueugnon\",\"url\":\"https:\/\/www.fcgueugnon.fr\/site\/author\/s-rod\"}]}<\/script>\n<!-- \/ Yoast SEO plugin. -->","yoast_head_json":{"title":"[Interview] Forgeron Mag #11 avec Marius ZAMPA &#8226; FOOTBALL CLUB GUEUGNON","robots":{"index":"index","follow":"follow","max-snippet":"max-snippet:-1","max-image-preview":"max-image-preview:large","max-video-preview":"max-video-preview:-1"},"canonical":"https:\/\/www.fcgueugnon.fr\/site\/interview-forgeron-mag-11-avec-marius-zampa\/8945","og_locale":"fr_FR","og_type":"article","og_title":"[Interview] Forgeron Mag #11 avec Marius ZAMPA &#8226; FOOTBALL CLUB GUEUGNON","og_description":"D\u00e9couvrez en int\u00e9gralit\u00e9 l&rsquo;entretien de Marius ZAMPA diffus\u00e9 \u00e0 l&rsquo;occasion de la r\u00e9ception de la r\u00e9serve du Besan\u00e7on Football pour la 19e journ\u00e9ee de N3 Bonjour Marius, peux-tu te pr\u00e9senter \u00e0 nos supporters\u00a0:\u00ab \u00c0 l&rsquo;\u00e2ge de 20 ans, je suis originaire de Digoin. J&rsquo;ai d\u00e9but\u00e9 ma carri\u00e8re de footballeur dans ma ville natale avant de ... Lire la suite","og_url":"https:\/\/www.fcgueugnon.fr\/site\/interview-forgeron-mag-11-avec-marius-zampa\/8945","og_site_name":"FOOTBALL CLUB GUEUGNON","article_publisher":"http:\/\/facebook.com\/FCGueugnon","article_published_time":"2024-03-16T15:55:00+00:00","og_image":[{"width":1024,"height":682,"url":"https:\/\/www.fcgueugnon.fr\/site\/wp-content\/uploads\/2024\/01\/Marius-Zampa-2-FC-Gueugnon-23.24-1024x682.png","type":"image\/png"}],"author":"FC Gueugnon","twitter_card":"summary_large_image","twitter_creator":"@FCGueugnon_off","twitter_site":"@FCGueugnon_off","twitter_misc":{"\u00c9crit par":"FC Gueugnon","Dur\u00e9e de lecture estim\u00e9e":"5 minutes"},"schema":{"@context":"https:\/\/schema.org","@graph":[{"@type":"Article","@id":"https:\/\/www.fcgueugnon.fr\/site\/interview-forgeron-mag-11-avec-marius-zampa\/8945#article","isPartOf":{"@id":"https:\/\/www.fcgueugnon.fr\/site\/interview-forgeron-mag-11-avec-marius-zampa\/8945"},"author":{"name":"FC Gueugnon","@id":"https:\/\/www.fcgueugnon.fr\/site\/#\/schema\/person\/d342d0c35e8e8f04740b9bdd734eeb20"},"headline":"[Interview] Forgeron Mag #11 avec Marius ZAMPA","datePublished":"2024-03-16T15:55:00+00:00","mainEntityOfPage":{"@id":"https:\/\/www.fcgueugnon.fr\/site\/interview-forgeron-mag-11-avec-marius-zampa\/8945"},"wordCount":927,"publisher":{"@id":"https:\/\/www.fcgueugnon.fr\/site\/#organization"},"image":{"@id":"https:\/\/www.fcgueugnon.fr\/site\/interview-forgeron-mag-11-avec-marius-zampa\/8945#primaryimage"},"thumbnailUrl":"https:\/\/www.fcgueugnon.fr\/site\/wp-content\/uploads\/2024\/01\/Marius-Zampa-2-FC-Gueugnon-23.24.png","keywords":["Forgeron Mag","Interview"],"articleSection":["News","News 2023\/2024"],"inLanguage":"fr-FR"},{"@type":"WebPage","@id":"https:\/\/www.fcgueugnon.fr\/site\/interview-forgeron-mag-11-avec-marius-zampa\/8945","url":"https:\/\/www.fcgueugnon.fr\/site\/interview-forgeron-mag-11-avec-marius-zampa\/8945","name":"[Interview] Forgeron Mag #11 avec Marius ZAMPA &#8226; FOOTBALL CLUB GUEUGNON","isPartOf":{"@id":"https:\/\/www.fcgueugnon.fr\/site\/#website"},"primaryImageOfPage":{"@id":"https:\/\/www.fcgueugnon.fr\/site\/interview-forgeron-mag-11-avec-marius-zampa\/8945#primaryimage"},"image":{"@id":"https:\/\/www.fcgueugnon.fr\/site\/interview-forgeron-mag-11-avec-marius-zampa\/8945#primaryimage"},"thumbnailUrl":"https:\/\/www.fcgueugnon.fr\/site\/wp-content\/uploads\/2024\/01\/Marius-Zampa-2-FC-Gueugnon-23.24.png","datePublished":"2024-03-16T15:55:00+00:00","breadcrumb":{"@id":"https:\/\/www.fcgueugnon.fr\/site\/interview-forgeron-mag-11-avec-marius-zampa\/8945#breadcrumb"},"inLanguage":"fr-FR","potentialAction":[{"@type":"ReadAction","target":["https:\/\/www.fcgueugnon.fr\/site\/interview-forgeron-mag-11-avec-marius-zampa\/8945"]}]},{"@type":"ImageObject","inLanguage":"fr-FR","@id":"https:\/\/www.fcgueugnon.fr\/site\/interview-forgeron-mag-11-avec-marius-zampa\/8945#primaryimage","url":"https:\/\/www.fcgueugnon.fr\/site\/wp-content\/uploads\/2024\/01\/Marius-Zampa-2-FC-Gueugnon-23.24.png","contentUrl":"https:\/\/www.fcgueugnon.fr\/site\/wp-content\/uploads\/2024\/01\/Marius-Zampa-2-FC-Gueugnon-23.24.png","width":1772,"height":1181},{"@type":"BreadcrumbList","@id":"https:\/\/www.fcgueugnon.fr\/site\/interview-forgeron-mag-11-avec-marius-zampa\/8945#breadcrumb","itemListElement":[{"@type":"ListItem","position":1,"name":"Accueil","item":"https:\/\/www.fcgueugnon.fr\/site\/"},{"@type":"ListItem","position":2,"name":"[Interview] Forgeron Mag #11 avec Marius ZAMPA"}]},{"@type":"WebSite","@id":"https:\/\/www.fcgueugnon.fr\/site\/#website","url":"https:\/\/www.fcgueugnon.fr\/site\/","name":"FOOTBALL CLUB GUEUGNON","description":"Le Site Officiel des Forgerons","publisher":{"@id":"https:\/\/www.fcgueugnon.fr\/site\/#organization"},"potentialAction":[{"@type":"SearchAction","target":{"@type":"EntryPoint","urlTemplate":"https:\/\/www.fcgueugnon.fr\/site\/?s={search_term_string}"},"query-input":{"@type":"PropertyValueSpecification","valueRequired":true,"valueName":"search_term_string"}}],"inLanguage":"fr-FR"},{"@type":"Organization","@id":"https:\/\/www.fcgueugnon.fr\/site\/#organization","name":"FC Gueugnon","url":"https:\/\/www.fcgueugnon.fr\/site\/","logo":{"@type":"ImageObject","inLanguage":"fr-FR","@id":"https:\/\/www.fcgueugnon.fr\/site\/#\/schema\/logo\/image\/","url":"https:\/\/www.fcgueugnon.fr\/site\/wp-content\/uploads\/2022\/07\/cropped-Logo-FCGUEUGNON-low-350x350-1.png","contentUrl":"https:\/\/www.fcgueugnon.fr\/site\/wp-content\/uploads\/2022\/07\/cropped-Logo-FCGUEUGNON-low-350x350-1.png","width":350,"height":350,"caption":"FC Gueugnon"},"image":{"@id":"https:\/\/www.fcgueugnon.fr\/site\/#\/schema\/logo\/image\/"},"sameAs":["http:\/\/facebook.com\/FCGueugnon","https:\/\/x.com\/FCGueugnon_off","https:\/\/www.instagram.com\/fcgueugnon\/","https:\/\/www.linkedin.com\/company\/football-club-de-gueugnon\/","https:\/\/www.youtube.com\/user\/FCGueugnonnais","https:\/\/fr.wikipedia.org\/wiki\/Football_Club_de_Gueugnon"]},{"@type":"Person","@id":"https:\/\/www.fcgueugnon.fr\/site\/#\/schema\/person\/d342d0c35e8e8f04740b9bdd734eeb20","name":"FC Gueugnon","url":"https:\/\/www.fcgueugnon.fr\/site\/author\/s-rod"}]}},"rttpg_featured_image_url":{"full":["https:\/\/www.fcgueugnon.fr\/site\/wp-content\/uploads\/2024\/01\/Marius-Zampa-2-FC-Gueugnon-23.24.png",1772,1181,false],"landscape":["https:\/\/www.fcgueugnon.fr\/site\/wp-content\/uploads\/2024\/01\/Marius-Zampa-2-FC-Gueugnon-23.24.png",1772,1181,false],"portraits":["https:\/\/www.fcgueugnon.fr\/site\/wp-content\/uploads\/2024\/01\/Marius-Zampa-2-FC-Gueugnon-23.24.png",1772,1181,false],"thumbnail":["https:\/\/www.fcgueugnon.fr\/site\/wp-content\/uploads\/2024\/01\/Marius-Zampa-2-FC-Gueugnon-23.24-150x150.png",150,150,true],"medium":["https:\/\/www.fcgueugnon.fr\/site\/wp-content\/uploads\/2024\/01\/Marius-Zampa-2-FC-Gueugnon-23.24-400x267.png",400,267,true],"large":["https:\/\/www.fcgueugnon.fr\/site\/wp-content\/uploads\/2024\/01\/Marius-Zampa-2-FC-Gueugnon-23.24-1024x682.png",1024,682,true],"1536x1536":["https:\/\/www.fcgueugnon.fr\/site\/wp-content\/uploads\/2024\/01\/Marius-Zampa-2-FC-Gueugnon-23.24-1536x1024.png",1536,1024,true],"2048x2048":["https:\/\/www.fcgueugnon.fr\/site\/wp-content\/uploads\/2024\/01\/Marius-Zampa-2-FC-Gueugnon-23.24.png",1772,1181,false]},"rttpg_author":{"display_name":"FC Gueugnon","author_link":"https:\/\/www.fcgueugnon.fr\/site\/author\/s-rod"},"rttpg_comment":0,"rttpg_category":"<a href=\"https:\/\/www.fcgueugnon.fr\/site\/category\/news\" rel=\"category tag\">News<\/a> <a href=\"https:\/\/www.fcgueugnon.fr\/site\/category\/news\/news-2023-2024\" rel=\"category tag\">News 2023\/2024<\/a>","rttpg_excerpt":"D\u00e9couvrez en int\u00e9gralit\u00e9 l&rsquo;entretien de Marius ZAMPA diffus\u00e9 \u00e0 l&rsquo;occasion de la r\u00e9ception de la r\u00e9serve du Besan\u00e7on Football pour la 19e journ\u00e9ee de N3 Bonjour Marius, peux-tu te pr\u00e9senter \u00e0 nos supporters\u00a0:\u00ab \u00c0 l&rsquo;\u00e2ge de 20 ans, je suis originaire de Digoin. J&rsquo;ai d\u00e9but\u00e9 ma carri\u00e8re de footballeur dans ma ville natale avant de\u2026","_links":{"self":[{"href":"https:\/\/www.fcgueugnon.fr\/site\/wp-json\/wp\/v2\/posts\/8945","targetHints":{"allow":["GET"]}}],"collection":[{"href":"https:\/\/www.fcgueugnon.fr\/site\/wp-json\/wp\/v2\/posts"}],"about":[{"href":"https:\/\/www.fcgueugnon.fr\/site\/wp-json\/wp\/v2\/types\/post"}],"author":[{"embeddable":true,"href":"https:\/\/www.fcgueugnon.fr\/site\/wp-json\/wp\/v2\/users\/2"}],"replies":[{"embeddable":true,"href":"https:\/\/www.fcgueugnon.fr\/site\/wp-json\/wp\/v2\/comments?post=8945"}],"version-history":[{"count":1,"href":"https:\/\/www.fcgueugnon.fr\/site\/wp-json\/wp\/v2\/posts\/8945\/revisions"}],"predecessor-version":[{"id":8947,"href":"https:\/\/www.fcgueugnon.fr\/site\/wp-json\/wp\/v2\/posts\/8945\/revisions\/8947"}],"wp:featuredmedia":[{"embeddable":true,"href":"https:\/\/www.fcgueugnon.fr\/site\/wp-json\/wp\/v2\/media\/8333"}],"wp:attachment":[{"href":"https:\/\/www.fcgueugnon.fr\/site\/wp-json\/wp\/v2\/media?parent=8945"}],"wp:term":[{"taxonomy":"category","embeddable":true,"href":"https:\/\/www.fcgueugnon.fr\/site\/wp-json\/wp\/v2\/categories?post=8945"},{"taxonomy":"post_tag","embeddable":true,"href":"https:\/\/www.fcgueugnon.fr\/site\/wp-json\/wp\/v2\/tags?post=8945"}],"curies":[{"name":"wp","href":"https:\/\/api.w.org\/{rel}","templated":true}]}}