{"id":8647,"date":"2024-02-24T17:55:00","date_gmt":"2024-02-24T16:55:00","guid":{"rendered":"https:\/\/www.fcgueugnon.fr\/site\/?p=8647"},"modified":"2024-02-23T21:29:05","modified_gmt":"2024-02-23T20:29:05","slug":"interview-forgeron-mag-10-avec-guy-clopin","status":"publish","type":"post","link":"https:\/\/www.fcgueugnon.fr\/site\/interview-forgeron-mag-10-avec-guy-clopin\/8647","title":{"rendered":"[Interview] Forgeron Mag #10 avec Guy CLOPIN"},"content":{"rendered":"\n<h3 class=\"wp-block-heading\">D\u00e9couvrez en int\u00e9gralit\u00e9 l&rsquo;entretien de Guy CLOPIN diffus\u00e9 \u00e0 l&rsquo;occasion de la r\u00e9ception de la r\u00e9serve du FC Sochaux Montb\u00e9liard pour la 17e journ\u00e9ee de N3<\/h3>\n\n\n\n<div style=\"height:75px\" aria-hidden=\"true\" class=\"wp-block-spacer\"><\/div>\n\n\n<div class=\"wp-block-image\">\n<figure class=\"aligncenter size-full is-resized\"><img loading=\"lazy\" decoding=\"async\" width=\"1600\" height=\"1067\" src=\"https:\/\/www.fcgueugnon.fr\/site\/wp-content\/uploads\/2022\/10\/Guy-Clopin.png\" alt=\"\" class=\"wp-image-1733\" style=\"width:768px;height:512px\" srcset=\"https:\/\/www.fcgueugnon.fr\/site\/wp-content\/uploads\/2022\/10\/Guy-Clopin.png 1600w, https:\/\/www.fcgueugnon.fr\/site\/wp-content\/uploads\/2022\/10\/Guy-Clopin-400x267.png 400w, https:\/\/www.fcgueugnon.fr\/site\/wp-content\/uploads\/2022\/10\/Guy-Clopin-1024x683.png 1024w, https:\/\/www.fcgueugnon.fr\/site\/wp-content\/uploads\/2022\/10\/Guy-Clopin-768x512.png 768w, https:\/\/www.fcgueugnon.fr\/site\/wp-content\/uploads\/2022\/10\/Guy-Clopin-1536x1024.png 1536w, https:\/\/www.fcgueugnon.fr\/site\/wp-content\/uploads\/2022\/10\/Guy-Clopin-1320x880.png 1320w\" sizes=\"auto, (max-width: 1600px) 100vw, 1600px\" \/><\/figure>\n<\/div>\n\n\n<div style=\"height:75px\" aria-hidden=\"true\" class=\"wp-block-spacer\"><\/div>\n\n\n\n<p><strong>Bonjour Guy, revenons un peu en arri\u00e8re, en particulier sur ton parcours dans le foot\u00a0:<\/strong><br><strong>\u00ab<\/strong> Apr\u00e8s avoir d\u00e9but\u00e9 dans un petit club de la banlieue sud de Lyon, Saint-Fons, d\u00e8s l&rsquo;\u00e2ge de pupille U11 jusqu&rsquo;\u00e0 cadet U17, j&rsquo;ai int\u00e9gr\u00e9 l&rsquo;Olympique Lyonnais \u00e0 l&rsquo;\u00e2ge de 18 ans en tant que junior U18. J&rsquo;ai pass\u00e9 quatre saisons \u00e0 l&rsquo;OL avec l&rsquo;\u00e9quipe de CFA (ex-National) et j&rsquo;ai eu l&rsquo;opportunit\u00e9 de participer \u00e0 huit matchs de Division 1 (ex-Ligue 1), notamment une finale de Coupe de France contre Rennes. Par la suite, j&rsquo;ai \u00e9t\u00e9 pr\u00eat\u00e9 une saison en deuxi\u00e8me division (ex-Ligue 2) au RC Besan\u00e7on avant de rejoindre le FC Gueugnon en 1973, qui \u00e9voluait \u00e9galement en deuxi\u00e8me division. Apr\u00e8s avoir pass\u00e9 dix ann\u00e9es dans ce championnat, j&rsquo;ai mis fin \u00e0 ma carri\u00e8re sportive suite \u00e0 une rupture des ligaments crois\u00e9s du genou, avant de me tourner vers le monde professionnel aux Forges de Gueugnon, actuellement APERAM. <strong>\u00bb<\/strong><\/p>\n\n\n\n<p><strong>Avant d&rsquo;arriver au FC Gueugnon quels sont tes meilleurs souvenirs :<\/strong><br><strong>\u00ab<\/strong> La finale de la Coupe de France Cadets (U17) avec la s\u00e9lection Cadets du Lyonnais contre la s\u00e9lection d&rsquo;Alsace. La finale de la Coupe Gambardella (U18) contre Saint-\u00c9tienne. La finale du Championnat Universitaire avec la Facult\u00e9 de Droit de Lyon contre celle de Rennes. L&rsquo;ann\u00e9e pass\u00e9e au Bataillon de Joinville o\u00f9 j&rsquo;ai pu c\u00f4toyer de grands joueurs. <br>Mon premier match en premi\u00e8re division contre Nantes \u00e0 Lyon. <strong>\u00bb<\/strong><\/p>\n\n\n\n<p><strong>Et au FCG, quel a \u00e9t\u00e9 ton meilleur souvenir\u00a0?<\/strong><br> <strong><span style=\"font-size:11.0pt;line-height:115%;\nfont-family:&quot;Arial&quot;,sans-serif;mso-fareast-font-family:Calibri;mso-fareast-theme-font:\nminor-latin;color:#444444;mso-ansi-language:FR;mso-fareast-language:EN-US;\nmso-bidi-language:AR-SA\">\u00ab<\/span><\/strong> <style>@font-face {font-family:\"Cambria Math\"; panose-1:2 4 5 3 5 4 6 3 2 4; mso-font-charset:0; mso-generic-font-family:roman; mso-font-pitch:variable; mso-font-signature:-536870145 1107305727 0 0 415 0;}@font-face {font-family:Calibri; panose-1:2 15 5 2 2 2 4 3 2 4; mso-font-charset:0; mso-generic-font-family:swiss; mso-font-pitch:variable; mso-font-signature:-469750017 -1073732485 9 0 511 0;}p.MsoNormal, li.MsoNormal, div.MsoNormal {mso-style-unhide:no; mso-style-qformat:yes; mso-style-parent:\"\"; margin-top:0cm; margin-right:0cm; margin-bottom:10.0pt; margin-left:0cm; line-height:115%; mso-pagination:widow-orphan; font-size:11.0pt; font-family:\"Calibri\",sans-serif; mso-ascii-font-family:Calibri; mso-ascii-theme-font:minor-latin; mso-fareast-font-family:Calibri; mso-fareast-theme-font:minor-latin; mso-hansi-font-family:Calibri; mso-hansi-theme-font:minor-latin; mso-bidi-font-family:\"Times New Roman\"; mso-bidi-theme-font:minor-bidi; mso-fareast-language:EN-US;}.MsoChpDefault {mso-style-type:export-only; mso-default-props:yes; font-size:11.0pt; mso-ansi-font-size:11.0pt; mso-bidi-font-size:11.0pt; font-family:\"Calibri\",sans-serif; mso-ascii-font-family:Calibri; mso-ascii-theme-font:minor-latin; mso-fareast-font-family:Calibri; mso-fareast-theme-font:minor-latin; mso-hansi-font-family:Calibri; mso-hansi-theme-font:minor-latin; mso-bidi-font-family:\"Times New Roman\"; mso-bidi-theme-font:minor-bidi; mso-fareast-language:EN-US;}.MsoPapDefault {mso-style-type:export-only; margin-bottom:10.0pt; line-height:115%;}div.WordSection1 {page:WordSection1;}<\/style>Le titre de Champion de France de deuxi\u00e8me division en 1979 et l&rsquo;\u00e9pop\u00e9e en Coupe de France contre Saint-\u00c9tienne et Strasbourg. <strong>\u00bb<\/strong><\/p>\n\n\n\n<figure class=\"wp-block-pullquote\"><blockquote><p>\u00ab La passion pour le football et le plaisir de c\u00f4toyer la jeunesse m&rsquo;ont encourag\u00e9 \u00e0 poursuivre cette aventure au sein du club. \u00bb<\/p><\/blockquote><\/figure>\n\n\n\n<p><strong>Malgr\u00e9 la chute du club en 2011, tu es rest\u00e9 l\u2019un des fid\u00e8les du club, qu\u2019est-ce qui t\u2019anime au FCG\u00a0?<br>\u00ab<\/strong> Suite \u00e0 mon d\u00e9part \u00e0 la retraite, j&rsquo;ai \u00e9t\u00e9 sollicit\u00e9 pour rejoindre le FCG au moment de la liquidation du club en 2011, avec pour objectif d&rsquo;\u00e9viter la descente aux enfers. J&rsquo;ai accept\u00e9 cette t\u00e2che avec conviction, souhaitant ainsi rendre au club ce qu&rsquo;il m&rsquo;avait donn\u00e9 tout au long de ma carri\u00e8re. La passion pour le football et le plaisir de c\u00f4toyer la jeunesse m&rsquo;ont encourag\u00e9 \u00e0 poursuivre cette aventure au sein du club. <strong>\u00bb<\/strong><\/p>\n\n\n\n<p><strong>Quels sont tes r\u00f4les au FCG\u00a0?<\/strong><br><strong>\u00ab<\/strong> En tant que Vice-Pr\u00e9sident, je suis responsable des aspects administratifs et juridiques du club, notamment de l&rsquo;\u00e9tablissement des contrats de travail, de la gestion des r\u00e9mun\u00e9rations et de la paie de nos 36 salari\u00e9s, ainsi que du traitement des cong\u00e9s maladie et de la gestion des \u00e9ventuels litiges devant la commission de discipline. De plus, je suis \u00e9galement dirigeant de notre \u00e9quipe N3, accompagnant l&rsquo;\u00e9quipe lors de ses d\u00e9placements tout en assurant la logistique. Et enfin, je remplis le r\u00f4le de d\u00e9l\u00e9gu\u00e9 suppl\u00e9ant des clubs nationaux au sein de la Ligue de Bourgogne. <strong>\u00bb<\/strong><\/p>\n\n\n\n<p><strong>Le r\u00f4le de dirigeant de l&rsquo;\u00e9quipe consiste en quoi\u00a0 :<br>\u00ab<\/strong> Mon r\u00f4le consiste \u00e0 accompagner les joueurs dans leurs d\u00e9marches administratives et \u00e0 les aider \u00e0 r\u00e9soudre d&rsquo;\u00e9ventuels probl\u00e8mes sportifs et personnels. En tant qu&rsquo;interlocuteur privil\u00e9gi\u00e9 aupr\u00e8s de l&rsquo;\u00e9quipe dirigeante, je veille \u00e0 assurer la logistique lors des d\u00e9placements, notamment en ce qui concerne la collation, la restauration et la conduite des minibus. De plus, je suis charg\u00e9 des relations avec les d\u00e9l\u00e9gu\u00e9s et les arbitres les jours de match, en assurant notamment la gestion de la feuille de match informatis\u00e9e. <strong>\u00bb<\/strong><\/p>\n\n\n\n<figure class=\"wp-block-pullquote\"><blockquote><p>\u00ab Nous devons nous concentrer sur notre \u00e9quipe sans nous soucier de l&rsquo;adversaire. \u00bb<\/p><\/blockquote><\/figure>\n\n\n\n<p><strong>Les championnats nationaux connaissent de nombreux changements, notamment avec la r\u00e9duction du nombre d&rsquo;\u00e9quipes. Quel est ton avis \u00e0 ce sujet ?<\/strong><br><strong>\u00ab<\/strong> La r\u00e9organisation des championnats nationaux sur une p\u00e9riode de trois ans initi\u00e9s par la FFF, avec un nombre important de rel\u00e9gations vers les \u00e9chelons inf\u00e9rieurs, va entra\u00eener une \u00e9l\u00e9vation du niveau de la comp\u00e9tition et de la qualit\u00e9 des championnats. Je consid\u00e8re que c&rsquo;est une \u00e9volution positive. <strong>\u00bb<\/strong><\/p>\n\n\n\n<p><strong>La premi\u00e8re partie de saison est d\u00e9j\u00e0 termin\u00e9e, qu\u2019en as-tu pens\u00e9\u00a0?<br>\u00ab<\/strong> Nous avons eu un bon d\u00e9but de saison malgr\u00e9 trois contre-performances : la d\u00e9faite \u00e0 domicile contre Moulins apr\u00e8s avoir men\u00e9 2 \u00e0 0, le match nul contre Selongey conc\u00e9d\u00e9 \u00e0 la 96\u00e8me minute et cette derni\u00e8re rencontre \u00e0 la Chapelle. Sans ces deux r\u00e9sultats d\u00e9cevants, notre position au classement g\u00e9n\u00e9ral serait meilleure. Notre premi\u00e8re victoire \u00e0 l&rsquo;ext\u00e9rieur contre Vesoul en d\u00e9but d&rsquo;ann\u00e9e laissait entrevoir de bonnes perspectives. Malheureusement, la d\u00e9faite \u00e0 domicile contre le leader, malgr\u00e9 une bonne prestation, et la d\u00e9faite s\u00e9v\u00e8re \u00e0 Pontarlier nous ont mis dans une situation plus que compliqu\u00e9e, aggrav\u00e9e par notre \u00e9limination en Coupe de Bourgogne face \u00e0 une \u00e9quipe de R2. <strong>\u00bb<\/strong><\/p>\n\n\n\n<figure class=\"wp-block-pullquote\"><blockquote><p>\u00ab  Faites confiance \u00e0 notre \u00e9quipe qui saura r\u00e9pondre \u00e0 vos attentes, continuez d\u2019encourager les jaunes et bleus ! \u00bb<\/p><\/blockquote><\/figure>\n\n\n\n<p><strong>Focus sur ce prochain match, la r\u00e9serve de Sochaux, comment vous pr\u00e9parez cette rencontre\u00a0?<br>\u00ab<\/strong> Les rencontres, quel que soit l&rsquo;adversaire, sont abord\u00e9es de la m\u00eame fa\u00e7on, avec pour seul objectif de tout mettre en \u0153uvre pour gagner, peu importe la mani\u00e8re. Sochaux est une r\u00e9serve professionnelle compos\u00e9e de jeunes joueurs en devenir, dont les performances varient d&rsquo;un match \u00e0 l&rsquo;autre en fonction des professionnels qui descendent de l&rsquo;\u00e9chelon sup\u00e9rieur. Malgr\u00e9 cela, nous devons nous concentrer sur notre \u00e9quipe sans nous soucier de l&rsquo;adversaire.<strong> \u00bb<\/strong><\/p>\n\n\n\n<p><strong>Comment vois-tu la fin de saison\u00a0?<\/strong><br><strong>\u00ab<\/strong> Je ne suis pas Madame IRMA qui lit l&rsquo;avenir dans les boules de cristal. En revanche, j&rsquo;ai enti\u00e8rement confiance en notre \u00e9quipe qui, \u00e0 mon sens, est largement capable d&rsquo;assurer le maintien en N3. Cependant, il faudra avoir un parcours moins mouvement\u00e9. <strong>\u00bb<\/strong><\/p>\n\n\n\n<p><strong>Un dernier mot pour terminer cet entretien\u00a0?<\/strong><br><strong>\u00ab<\/strong> Faites confiance \u00e0 notre \u00e9quipe qui saura r\u00e9pondre \u00e0 vos attentes, continuez d\u2019encourager les jaunes et bleus, ils ont besoin de votre soutien. Allez Gueugnon ! <strong>\u00bb<\/strong><\/p>\n\n\n\n<p><strong>Merci Guy&nbsp;<\/strong><\/p>\n\n\n\n<p><br><\/p>\n\n\n\n<div style=\"height:100px\" aria-hidden=\"true\" class=\"wp-block-spacer\"><\/div>\n\n\n\n<hr class=\"wp-block-separator has-alpha-channel-opacity\"\/>\n\n\n\n<h3 class=\"wp-block-heading\">Retrouvez le Forgeron Mag #10 en int\u00e9gralit\u00e9<\/h3>\n\n\n\n<div class=\"wp-block-pdf-viewer-block-standard\" style=\"text-align:left\"><div class=\"uploaded-pdf\"><a href=\"https:\/\/www.fcgueugnon.fr\/site\/wp-content\/uploads\/2024\/02\/Forgeron-mag-N3-J17.pdf\" data-width=\"\" data-height=\"\"><\/a><\/div><\/div>\n\n\n\n<div class=\"wp-block-buttons is-layout-flex wp-block-buttons-is-layout-flex\">\n<div class=\"wp-block-button alignright is-style-circular\"><a class=\"wp-block-button__link wp-element-button\" href=\"https:\/\/www.fcgueugnon.fr\/site\/wp-content\/uploads\/2024\/02\/Forgeron-mag-N3-J17.pdf\">T\u00e9l\u00e9charger<\/a><\/div>\n<\/div>\n","protected":false},"excerpt":{"rendered":"<p>D\u00e9couvrez en int\u00e9gralit\u00e9 l&rsquo;entretien de Guy CLOPIN diffus\u00e9 \u00e0 l&rsquo;occasion de la r\u00e9ception de la r\u00e9serve du FC Sochaux Montb\u00e9liard pour la 17e journ\u00e9ee de N3 Bonjour Guy, revenons un peu en arri\u00e8re, en particulier sur ton parcours dans le foot\u00a0:\u00ab Apr\u00e8s avoir d\u00e9but\u00e9 dans un petit club de la banlieue sud de Lyon, Saint-Fons, &#8230; <\/p>\n<p class=\"read-more-container\"><a title=\"[Interview] Forgeron Mag #10 avec Guy CLOPIN\" class=\"read-more button\" href=\"https:\/\/www.fcgueugnon.fr\/site\/interview-forgeron-mag-10-avec-guy-clopin\/8647#more-8647\" aria-label=\"Plus sur [Interview] Forgeron Mag #10 avec Guy CLOPIN\">Lire la suite<\/a><\/p>\n","protected":false},"author":2,"featured_media":1733,"comment_status":"closed","ping_status":"closed","sticky":false,"template":"","format":"standard","meta":{"footnotes":""},"categories":[4,55],"tags":[24,11],"class_list":["post-8647","post","type-post","status-publish","format-standard","has-post-thumbnail","hentry","category-news","category-news-2023-2024","tag-forgeron-mag","tag-interview","infinite-scroll-item","generate-columns","tablet-grid-50","mobile-grid-100","grid-parent","grid-25"],"yoast_head":"<!-- This site is optimized with the Yoast SEO plugin v26.6 - https:\/\/yoast.com\/wordpress\/plugins\/seo\/ -->\n<title>[Interview] Forgeron Mag #10 avec Guy CLOPIN &#8226; FOOTBALL CLUB GUEUGNON<\/title>\n<meta name=\"robots\" content=\"index, follow, max-snippet:-1, max-image-preview:large, max-video-preview:-1\" \/>\n<link rel=\"canonical\" href=\"https:\/\/www.fcgueugnon.fr\/site\/interview-forgeron-mag-10-avec-guy-clopin\/8647\" \/>\n<meta property=\"og:locale\" content=\"fr_FR\" \/>\n<meta property=\"og:type\" content=\"article\" \/>\n<meta property=\"og:title\" content=\"[Interview] Forgeron Mag #10 avec Guy CLOPIN &#8226; FOOTBALL CLUB GUEUGNON\" \/>\n<meta property=\"og:description\" content=\"D\u00e9couvrez en int\u00e9gralit\u00e9 l&rsquo;entretien de Guy CLOPIN diffus\u00e9 \u00e0 l&rsquo;occasion de la r\u00e9ception de la r\u00e9serve du FC Sochaux Montb\u00e9liard pour la 17e journ\u00e9ee de N3 Bonjour Guy, revenons un peu en arri\u00e8re, en particulier sur ton parcours dans le foot\u00a0:\u00ab Apr\u00e8s avoir d\u00e9but\u00e9 dans un petit club de la banlieue sud de Lyon, Saint-Fons, ... Lire la suite\" \/>\n<meta property=\"og:url\" content=\"https:\/\/www.fcgueugnon.fr\/site\/interview-forgeron-mag-10-avec-guy-clopin\/8647\" \/>\n<meta property=\"og:site_name\" content=\"FOOTBALL CLUB GUEUGNON\" \/>\n<meta property=\"article:publisher\" content=\"http:\/\/facebook.com\/FCGueugnon\" \/>\n<meta property=\"article:published_time\" content=\"2024-02-24T16:55:00+00:00\" \/>\n<meta property=\"og:image\" content=\"https:\/\/www.fcgueugnon.fr\/site\/wp-content\/uploads\/2022\/10\/Guy-Clopin-1024x683.png\" \/>\n\t<meta property=\"og:image:width\" content=\"1024\" \/>\n\t<meta property=\"og:image:height\" content=\"683\" \/>\n\t<meta property=\"og:image:type\" content=\"image\/png\" \/>\n<meta name=\"author\" content=\"FC Gueugnon\" \/>\n<meta name=\"twitter:card\" content=\"summary_large_image\" \/>\n<meta name=\"twitter:creator\" content=\"@FCGueugnon_off\" \/>\n<meta name=\"twitter:site\" content=\"@FCGueugnon_off\" \/>\n<meta name=\"twitter:label1\" content=\"\u00c9crit par\" \/>\n\t<meta name=\"twitter:data1\" content=\"FC Gueugnon\" \/>\n\t<meta name=\"twitter:label2\" content=\"Dur\u00e9e de lecture estim\u00e9e\" \/>\n\t<meta name=\"twitter:data2\" content=\"6 minutes\" \/>\n<script type=\"application\/ld+json\" class=\"yoast-schema-graph\">{\"@context\":\"https:\/\/schema.org\",\"@graph\":[{\"@type\":\"Article\",\"@id\":\"https:\/\/www.fcgueugnon.fr\/site\/interview-forgeron-mag-10-avec-guy-clopin\/8647#article\",\"isPartOf\":{\"@id\":\"https:\/\/www.fcgueugnon.fr\/site\/interview-forgeron-mag-10-avec-guy-clopin\/8647\"},\"author\":{\"name\":\"FC Gueugnon\",\"@id\":\"https:\/\/www.fcgueugnon.fr\/site\/#\/schema\/person\/d342d0c35e8e8f04740b9bdd734eeb20\"},\"headline\":\"[Interview] Forgeron Mag #10 avec Guy CLOPIN\",\"datePublished\":\"2024-02-24T16:55:00+00:00\",\"mainEntityOfPage\":{\"@id\":\"https:\/\/www.fcgueugnon.fr\/site\/interview-forgeron-mag-10-avec-guy-clopin\/8647\"},\"wordCount\":1100,\"publisher\":{\"@id\":\"https:\/\/www.fcgueugnon.fr\/site\/#organization\"},\"image\":{\"@id\":\"https:\/\/www.fcgueugnon.fr\/site\/interview-forgeron-mag-10-avec-guy-clopin\/8647#primaryimage\"},\"thumbnailUrl\":\"https:\/\/www.fcgueugnon.fr\/site\/wp-content\/uploads\/2022\/10\/Guy-Clopin.png\",\"keywords\":[\"Forgeron Mag\",\"Interview\"],\"articleSection\":[\"News\",\"News 2023\/2024\"],\"inLanguage\":\"fr-FR\"},{\"@type\":\"WebPage\",\"@id\":\"https:\/\/www.fcgueugnon.fr\/site\/interview-forgeron-mag-10-avec-guy-clopin\/8647\",\"url\":\"https:\/\/www.fcgueugnon.fr\/site\/interview-forgeron-mag-10-avec-guy-clopin\/8647\",\"name\":\"[Interview] Forgeron Mag #10 avec Guy CLOPIN &#8226; FOOTBALL CLUB GUEUGNON\",\"isPartOf\":{\"@id\":\"https:\/\/www.fcgueugnon.fr\/site\/#website\"},\"primaryImageOfPage\":{\"@id\":\"https:\/\/www.fcgueugnon.fr\/site\/interview-forgeron-mag-10-avec-guy-clopin\/8647#primaryimage\"},\"image\":{\"@id\":\"https:\/\/www.fcgueugnon.fr\/site\/interview-forgeron-mag-10-avec-guy-clopin\/8647#primaryimage\"},\"thumbnailUrl\":\"https:\/\/www.fcgueugnon.fr\/site\/wp-content\/uploads\/2022\/10\/Guy-Clopin.png\",\"datePublished\":\"2024-02-24T16:55:00+00:00\",\"breadcrumb\":{\"@id\":\"https:\/\/www.fcgueugnon.fr\/site\/interview-forgeron-mag-10-avec-guy-clopin\/8647#breadcrumb\"},\"inLanguage\":\"fr-FR\",\"potentialAction\":[{\"@type\":\"ReadAction\",\"target\":[\"https:\/\/www.fcgueugnon.fr\/site\/interview-forgeron-mag-10-avec-guy-clopin\/8647\"]}]},{\"@type\":\"ImageObject\",\"inLanguage\":\"fr-FR\",\"@id\":\"https:\/\/www.fcgueugnon.fr\/site\/interview-forgeron-mag-10-avec-guy-clopin\/8647#primaryimage\",\"url\":\"https:\/\/www.fcgueugnon.fr\/site\/wp-content\/uploads\/2022\/10\/Guy-Clopin.png\",\"contentUrl\":\"https:\/\/www.fcgueugnon.fr\/site\/wp-content\/uploads\/2022\/10\/Guy-Clopin.png\",\"width\":1600,\"height\":1067},{\"@type\":\"BreadcrumbList\",\"@id\":\"https:\/\/www.fcgueugnon.fr\/site\/interview-forgeron-mag-10-avec-guy-clopin\/8647#breadcrumb\",\"itemListElement\":[{\"@type\":\"ListItem\",\"position\":1,\"name\":\"Accueil\",\"item\":\"https:\/\/www.fcgueugnon.fr\/site\/\"},{\"@type\":\"ListItem\",\"position\":2,\"name\":\"[Interview] Forgeron Mag #10 avec Guy CLOPIN\"}]},{\"@type\":\"WebSite\",\"@id\":\"https:\/\/www.fcgueugnon.fr\/site\/#website\",\"url\":\"https:\/\/www.fcgueugnon.fr\/site\/\",\"name\":\"FOOTBALL CLUB GUEUGNON\",\"description\":\"Le Site Officiel des Forgerons\",\"publisher\":{\"@id\":\"https:\/\/www.fcgueugnon.fr\/site\/#organization\"},\"potentialAction\":[{\"@type\":\"SearchAction\",\"target\":{\"@type\":\"EntryPoint\",\"urlTemplate\":\"https:\/\/www.fcgueugnon.fr\/site\/?s={search_term_string}\"},\"query-input\":{\"@type\":\"PropertyValueSpecification\",\"valueRequired\":true,\"valueName\":\"search_term_string\"}}],\"inLanguage\":\"fr-FR\"},{\"@type\":\"Organization\",\"@id\":\"https:\/\/www.fcgueugnon.fr\/site\/#organization\",\"name\":\"FC Gueugnon\",\"url\":\"https:\/\/www.fcgueugnon.fr\/site\/\",\"logo\":{\"@type\":\"ImageObject\",\"inLanguage\":\"fr-FR\",\"@id\":\"https:\/\/www.fcgueugnon.fr\/site\/#\/schema\/logo\/image\/\",\"url\":\"https:\/\/www.fcgueugnon.fr\/site\/wp-content\/uploads\/2022\/07\/cropped-Logo-FCGUEUGNON-low-350x350-1.png\",\"contentUrl\":\"https:\/\/www.fcgueugnon.fr\/site\/wp-content\/uploads\/2022\/07\/cropped-Logo-FCGUEUGNON-low-350x350-1.png\",\"width\":350,\"height\":350,\"caption\":\"FC Gueugnon\"},\"image\":{\"@id\":\"https:\/\/www.fcgueugnon.fr\/site\/#\/schema\/logo\/image\/\"},\"sameAs\":[\"http:\/\/facebook.com\/FCGueugnon\",\"https:\/\/x.com\/FCGueugnon_off\",\"https:\/\/www.instagram.com\/fcgueugnon\/\",\"https:\/\/www.linkedin.com\/company\/football-club-de-gueugnon\/\",\"https:\/\/www.youtube.com\/user\/FCGueugnonnais\",\"https:\/\/fr.wikipedia.org\/wiki\/Football_Club_de_Gueugnon\"]},{\"@type\":\"Person\",\"@id\":\"https:\/\/www.fcgueugnon.fr\/site\/#\/schema\/person\/d342d0c35e8e8f04740b9bdd734eeb20\",\"name\":\"FC Gueugnon\",\"url\":\"https:\/\/www.fcgueugnon.fr\/site\/author\/s-rod\"}]}<\/script>\n<!-- \/ Yoast SEO plugin. -->","yoast_head_json":{"title":"[Interview] Forgeron Mag #10 avec Guy CLOPIN &#8226; FOOTBALL CLUB GUEUGNON","robots":{"index":"index","follow":"follow","max-snippet":"max-snippet:-1","max-image-preview":"max-image-preview:large","max-video-preview":"max-video-preview:-1"},"canonical":"https:\/\/www.fcgueugnon.fr\/site\/interview-forgeron-mag-10-avec-guy-clopin\/8647","og_locale":"fr_FR","og_type":"article","og_title":"[Interview] Forgeron Mag #10 avec Guy CLOPIN &#8226; FOOTBALL CLUB GUEUGNON","og_description":"D\u00e9couvrez en int\u00e9gralit\u00e9 l&rsquo;entretien de Guy CLOPIN diffus\u00e9 \u00e0 l&rsquo;occasion de la r\u00e9ception de la r\u00e9serve du FC Sochaux Montb\u00e9liard pour la 17e journ\u00e9ee de N3 Bonjour Guy, revenons un peu en arri\u00e8re, en particulier sur ton parcours dans le foot\u00a0:\u00ab Apr\u00e8s avoir d\u00e9but\u00e9 dans un petit club de la banlieue sud de Lyon, Saint-Fons, ... Lire la suite","og_url":"https:\/\/www.fcgueugnon.fr\/site\/interview-forgeron-mag-10-avec-guy-clopin\/8647","og_site_name":"FOOTBALL CLUB GUEUGNON","article_publisher":"http:\/\/facebook.com\/FCGueugnon","article_published_time":"2024-02-24T16:55:00+00:00","og_image":[{"width":1024,"height":683,"url":"https:\/\/www.fcgueugnon.fr\/site\/wp-content\/uploads\/2022\/10\/Guy-Clopin-1024x683.png","type":"image\/png"}],"author":"FC Gueugnon","twitter_card":"summary_large_image","twitter_creator":"@FCGueugnon_off","twitter_site":"@FCGueugnon_off","twitter_misc":{"\u00c9crit par":"FC Gueugnon","Dur\u00e9e de lecture estim\u00e9e":"6 minutes"},"schema":{"@context":"https:\/\/schema.org","@graph":[{"@type":"Article","@id":"https:\/\/www.fcgueugnon.fr\/site\/interview-forgeron-mag-10-avec-guy-clopin\/8647#article","isPartOf":{"@id":"https:\/\/www.fcgueugnon.fr\/site\/interview-forgeron-mag-10-avec-guy-clopin\/8647"},"author":{"name":"FC Gueugnon","@id":"https:\/\/www.fcgueugnon.fr\/site\/#\/schema\/person\/d342d0c35e8e8f04740b9bdd734eeb20"},"headline":"[Interview] Forgeron Mag #10 avec Guy CLOPIN","datePublished":"2024-02-24T16:55:00+00:00","mainEntityOfPage":{"@id":"https:\/\/www.fcgueugnon.fr\/site\/interview-forgeron-mag-10-avec-guy-clopin\/8647"},"wordCount":1100,"publisher":{"@id":"https:\/\/www.fcgueugnon.fr\/site\/#organization"},"image":{"@id":"https:\/\/www.fcgueugnon.fr\/site\/interview-forgeron-mag-10-avec-guy-clopin\/8647#primaryimage"},"thumbnailUrl":"https:\/\/www.fcgueugnon.fr\/site\/wp-content\/uploads\/2022\/10\/Guy-Clopin.png","keywords":["Forgeron Mag","Interview"],"articleSection":["News","News 2023\/2024"],"inLanguage":"fr-FR"},{"@type":"WebPage","@id":"https:\/\/www.fcgueugnon.fr\/site\/interview-forgeron-mag-10-avec-guy-clopin\/8647","url":"https:\/\/www.fcgueugnon.fr\/site\/interview-forgeron-mag-10-avec-guy-clopin\/8647","name":"[Interview] Forgeron Mag #10 avec Guy CLOPIN &#8226; FOOTBALL CLUB GUEUGNON","isPartOf":{"@id":"https:\/\/www.fcgueugnon.fr\/site\/#website"},"primaryImageOfPage":{"@id":"https:\/\/www.fcgueugnon.fr\/site\/interview-forgeron-mag-10-avec-guy-clopin\/8647#primaryimage"},"image":{"@id":"https:\/\/www.fcgueugnon.fr\/site\/interview-forgeron-mag-10-avec-guy-clopin\/8647#primaryimage"},"thumbnailUrl":"https:\/\/www.fcgueugnon.fr\/site\/wp-content\/uploads\/2022\/10\/Guy-Clopin.png","datePublished":"2024-02-24T16:55:00+00:00","breadcrumb":{"@id":"https:\/\/www.fcgueugnon.fr\/site\/interview-forgeron-mag-10-avec-guy-clopin\/8647#breadcrumb"},"inLanguage":"fr-FR","potentialAction":[{"@type":"ReadAction","target":["https:\/\/www.fcgueugnon.fr\/site\/interview-forgeron-mag-10-avec-guy-clopin\/8647"]}]},{"@type":"ImageObject","inLanguage":"fr-FR","@id":"https:\/\/www.fcgueugnon.fr\/site\/interview-forgeron-mag-10-avec-guy-clopin\/8647#primaryimage","url":"https:\/\/www.fcgueugnon.fr\/site\/wp-content\/uploads\/2022\/10\/Guy-Clopin.png","contentUrl":"https:\/\/www.fcgueugnon.fr\/site\/wp-content\/uploads\/2022\/10\/Guy-Clopin.png","width":1600,"height":1067},{"@type":"BreadcrumbList","@id":"https:\/\/www.fcgueugnon.fr\/site\/interview-forgeron-mag-10-avec-guy-clopin\/8647#breadcrumb","itemListElement":[{"@type":"ListItem","position":1,"name":"Accueil","item":"https:\/\/www.fcgueugnon.fr\/site\/"},{"@type":"ListItem","position":2,"name":"[Interview] Forgeron Mag #10 avec Guy CLOPIN"}]},{"@type":"WebSite","@id":"https:\/\/www.fcgueugnon.fr\/site\/#website","url":"https:\/\/www.fcgueugnon.fr\/site\/","name":"FOOTBALL CLUB GUEUGNON","description":"Le Site Officiel des Forgerons","publisher":{"@id":"https:\/\/www.fcgueugnon.fr\/site\/#organization"},"potentialAction":[{"@type":"SearchAction","target":{"@type":"EntryPoint","urlTemplate":"https:\/\/www.fcgueugnon.fr\/site\/?s={search_term_string}"},"query-input":{"@type":"PropertyValueSpecification","valueRequired":true,"valueName":"search_term_string"}}],"inLanguage":"fr-FR"},{"@type":"Organization","@id":"https:\/\/www.fcgueugnon.fr\/site\/#organization","name":"FC Gueugnon","url":"https:\/\/www.fcgueugnon.fr\/site\/","logo":{"@type":"ImageObject","inLanguage":"fr-FR","@id":"https:\/\/www.fcgueugnon.fr\/site\/#\/schema\/logo\/image\/","url":"https:\/\/www.fcgueugnon.fr\/site\/wp-content\/uploads\/2022\/07\/cropped-Logo-FCGUEUGNON-low-350x350-1.png","contentUrl":"https:\/\/www.fcgueugnon.fr\/site\/wp-content\/uploads\/2022\/07\/cropped-Logo-FCGUEUGNON-low-350x350-1.png","width":350,"height":350,"caption":"FC Gueugnon"},"image":{"@id":"https:\/\/www.fcgueugnon.fr\/site\/#\/schema\/logo\/image\/"},"sameAs":["http:\/\/facebook.com\/FCGueugnon","https:\/\/x.com\/FCGueugnon_off","https:\/\/www.instagram.com\/fcgueugnon\/","https:\/\/www.linkedin.com\/company\/football-club-de-gueugnon\/","https:\/\/www.youtube.com\/user\/FCGueugnonnais","https:\/\/fr.wikipedia.org\/wiki\/Football_Club_de_Gueugnon"]},{"@type":"Person","@id":"https:\/\/www.fcgueugnon.fr\/site\/#\/schema\/person\/d342d0c35e8e8f04740b9bdd734eeb20","name":"FC Gueugnon","url":"https:\/\/www.fcgueugnon.fr\/site\/author\/s-rod"}]}},"rttpg_featured_image_url":{"full":["https:\/\/www.fcgueugnon.fr\/site\/wp-content\/uploads\/2022\/10\/Guy-Clopin.png",1600,1067,false],"landscape":["https:\/\/www.fcgueugnon.fr\/site\/wp-content\/uploads\/2022\/10\/Guy-Clopin.png",1600,1067,false],"portraits":["https:\/\/www.fcgueugnon.fr\/site\/wp-content\/uploads\/2022\/10\/Guy-Clopin.png",1600,1067,false],"thumbnail":["https:\/\/www.fcgueugnon.fr\/site\/wp-content\/uploads\/2022\/10\/Guy-Clopin-150x150.png",150,150,true],"medium":["https:\/\/www.fcgueugnon.fr\/site\/wp-content\/uploads\/2022\/10\/Guy-Clopin-400x267.png",400,267,true],"large":["https:\/\/www.fcgueugnon.fr\/site\/wp-content\/uploads\/2022\/10\/Guy-Clopin-1024x683.png",1024,683,true],"1536x1536":["https:\/\/www.fcgueugnon.fr\/site\/wp-content\/uploads\/2022\/10\/Guy-Clopin-1536x1024.png",1536,1024,true],"2048x2048":["https:\/\/www.fcgueugnon.fr\/site\/wp-content\/uploads\/2022\/10\/Guy-Clopin.png",1600,1067,false]},"rttpg_author":{"display_name":"FC Gueugnon","author_link":"https:\/\/www.fcgueugnon.fr\/site\/author\/s-rod"},"rttpg_comment":0,"rttpg_category":"<a href=\"https:\/\/www.fcgueugnon.fr\/site\/category\/news\" rel=\"category tag\">News<\/a> <a href=\"https:\/\/www.fcgueugnon.fr\/site\/category\/news\/news-2023-2024\" rel=\"category tag\">News 2023\/2024<\/a>","rttpg_excerpt":"D\u00e9couvrez en int\u00e9gralit\u00e9 l&rsquo;entretien de Guy CLOPIN diffus\u00e9 \u00e0 l&rsquo;occasion de la r\u00e9ception de la r\u00e9serve du FC Sochaux Montb\u00e9liard pour la 17e journ\u00e9ee de N3 Bonjour Guy, revenons un peu en arri\u00e8re, en particulier sur ton parcours dans le foot\u00a0:\u00ab Apr\u00e8s avoir d\u00e9but\u00e9 dans un petit club de la banlieue sud de Lyon, Saint-Fons,\u2026","_links":{"self":[{"href":"https:\/\/www.fcgueugnon.fr\/site\/wp-json\/wp\/v2\/posts\/8647","targetHints":{"allow":["GET"]}}],"collection":[{"href":"https:\/\/www.fcgueugnon.fr\/site\/wp-json\/wp\/v2\/posts"}],"about":[{"href":"https:\/\/www.fcgueugnon.fr\/site\/wp-json\/wp\/v2\/types\/post"}],"author":[{"embeddable":true,"href":"https:\/\/www.fcgueugnon.fr\/site\/wp-json\/wp\/v2\/users\/2"}],"replies":[{"embeddable":true,"href":"https:\/\/www.fcgueugnon.fr\/site\/wp-json\/wp\/v2\/comments?post=8647"}],"version-history":[{"count":1,"href":"https:\/\/www.fcgueugnon.fr\/site\/wp-json\/wp\/v2\/posts\/8647\/revisions"}],"predecessor-version":[{"id":8649,"href":"https:\/\/www.fcgueugnon.fr\/site\/wp-json\/wp\/v2\/posts\/8647\/revisions\/8649"}],"wp:featuredmedia":[{"embeddable":true,"href":"https:\/\/www.fcgueugnon.fr\/site\/wp-json\/wp\/v2\/media\/1733"}],"wp:attachment":[{"href":"https:\/\/www.fcgueugnon.fr\/site\/wp-json\/wp\/v2\/media?parent=8647"}],"wp:term":[{"taxonomy":"category","embeddable":true,"href":"https:\/\/www.fcgueugnon.fr\/site\/wp-json\/wp\/v2\/categories?post=8647"},{"taxonomy":"post_tag","embeddable":true,"href":"https:\/\/www.fcgueugnon.fr\/site\/wp-json\/wp\/v2\/tags?post=8647"}],"curies":[{"name":"wp","href":"https:\/\/api.w.org\/{rel}","templated":true}]}}