{"id":8338,"date":"2024-01-30T15:53:41","date_gmt":"2024-01-30T14:53:41","guid":{"rendered":"https:\/\/www.fcgueugnon.fr\/site\/?p=8338"},"modified":"2024-05-09T09:00:36","modified_gmt":"2024-05-09T07:00:36","slug":"unicef-plus-que-24h-pour-beneficier-des-tarifs-preferentiels","status":"publish","type":"post","link":"https:\/\/www.fcgueugnon.fr\/site\/unicef-plus-que-24h-pour-beneficier-des-tarifs-preferentiels\/8338","title":{"rendered":"[UNICEF] Plus que 24h pour b\u00e9n\u00e9ficier des tarifs pr\u00e9f\u00e9rentiels !"},"content":{"rendered":"\n<h2 class=\"wp-block-heading\"><strong>Plus que quelques heures pour saisir vos places \u00e0 tarifs pr\u00e9f\u00e9rentiels pour le match de la Team Unicef au stade Jean Laville de Gueugnon !<\/strong><\/h2>\n\n\n\n<div style=\"height:30px\" aria-hidden=\"true\" class=\"wp-block-spacer\"><\/div>\n\n\n\n<h3 class=\"wp-block-heading has-text-align-center\"><strong>\ud83c\udf9f\ufe0f<\/strong> <strong>Infos &#8211; Billetterie \ud83c\udfab<\/strong><\/h3>\n\n\n\n<p>Une <strong>p\u00e9riode de pr\u00e9vente<\/strong> est mise en place. Jusqu\u2019au <strong>31 Janvier 2024 \u00e0 23h55<\/strong>, les tickets sont disponibles \u00e0 tarifs r\u00e9duits.<\/p>\n\n\n\n<ul class=\"wp-block-list\">\n<li>Grand public<ul><li>Tribune Nord Officielle&nbsp;: 12\u20ac puis 15\u20ac TTC<\/li><\/ul><ul><li>Tribune Ouest&nbsp;: 8\u20ac puis 10\u20ac TTC<\/li><\/ul>\n<ul class=\"wp-block-list\">\n<li>Tribune Est&nbsp;: 4\u20ac puis 5\u20ac TTC<\/li>\n<\/ul>\n<\/li>\n<\/ul>\n\n\n\n<div style=\"height:30px\" aria-hidden=\"true\" class=\"wp-block-spacer\"><\/div>\n\n\n\n<h3 class=\"wp-block-heading has-text-align-center\"><strong><b>\ud83d\udc47R\u00e9servez vos places d\u00e8s maintenant !<\/b>  \ud83d\udc47<\/strong><\/h3>\n\n\n<div class=\"wp-block-image\">\n<figure class=\"aligncenter size-large\"><img loading=\"lazy\" decoding=\"async\" width=\"1024\" height=\"582\" src=\"https:\/\/www.fcgueugnon.fr\/site\/wp-content\/uploads\/2024\/01\/Visuel-allonge-Match-Team-71-vs-Team-Unicef-Gueugnon-1er-Avril-2024-1024x582.png\" alt=\"\" class=\"wp-image-8170\" srcset=\"https:\/\/www.fcgueugnon.fr\/site\/wp-content\/uploads\/2024\/01\/Visuel-allonge-Match-Team-71-vs-Team-Unicef-Gueugnon-1er-Avril-2024-1024x582.png 1024w, https:\/\/www.fcgueugnon.fr\/site\/wp-content\/uploads\/2024\/01\/Visuel-allonge-Match-Team-71-vs-Team-Unicef-Gueugnon-1er-Avril-2024-400x227.png 400w, https:\/\/www.fcgueugnon.fr\/site\/wp-content\/uploads\/2024\/01\/Visuel-allonge-Match-Team-71-vs-Team-Unicef-Gueugnon-1er-Avril-2024-768x437.png 768w, https:\/\/www.fcgueugnon.fr\/site\/wp-content\/uploads\/2024\/01\/Visuel-allonge-Match-Team-71-vs-Team-Unicef-Gueugnon-1er-Avril-2024-1536x873.png 1536w, https:\/\/www.fcgueugnon.fr\/site\/wp-content\/uploads\/2024\/01\/Visuel-allonge-Match-Team-71-vs-Team-Unicef-Gueugnon-1er-Avril-2024-1320x750.png 1320w, https:\/\/www.fcgueugnon.fr\/site\/wp-content\/uploads\/2024\/01\/Visuel-allonge-Match-Team-71-vs-Team-Unicef-Gueugnon-1er-Avril-2024-600x341.png 600w, https:\/\/www.fcgueugnon.fr\/site\/wp-content\/uploads\/2024\/01\/Visuel-allonge-Match-Team-71-vs-Team-Unicef-Gueugnon-1er-Avril-2024.png 1900w\" sizes=\"auto, (max-width: 1024px) 100vw, 1024px\" \/><\/figure>\n<\/div>\n\n\n<a title=\"Vente de billets en ligne\" href=\"https:\/\/www.billetweb.fr\/shop.php?event=match-team-71-vs-team-unicef\" class=\"shop_frame\" target=\"_blank\" data-src=\"https:\/\/www.billetweb.fr\/shop.php?event=match-team-71-vs-team-unicef\" data-max-width=\"100%\" data-initial-height=\"600\" data-scrolling=\"no\" data-id=\"match-team-71-vs-team-unicef\" data-resize=\"1\" rel=\"noopener\">Vente de billets en ligne<\/a><script type=\"text\/javascript\" src=\"https:\/\/www.billetweb.fr\/js\/export.js\"><\/script>\n\n\n\n<div style=\"height:39px\" aria-hidden=\"true\" class=\"wp-block-spacer\"><\/div>\n","protected":false},"excerpt":{"rendered":"<p>Plus que quelques heures pour saisir vos places \u00e0 tarifs pr\u00e9f\u00e9rentiels pour le match de la Team Unicef au stade Jean Laville de Gueugnon ! \ud83c\udf9f\ufe0f Infos &#8211; Billetterie \ud83c\udfab Une p\u00e9riode de pr\u00e9vente est mise en place. Jusqu\u2019au 31 Janvier 2024 \u00e0 23h55, les tickets sont disponibles \u00e0 tarifs r\u00e9duits. \ud83d\udc47R\u00e9servez vos places d\u00e8s &#8230; <\/p>\n<p class=\"read-more-container\"><a title=\"[UNICEF] Plus que 24h pour b\u00e9n\u00e9ficier des tarifs pr\u00e9f\u00e9rentiels !\" class=\"read-more button\" href=\"https:\/\/www.fcgueugnon.fr\/site\/unicef-plus-que-24h-pour-beneficier-des-tarifs-preferentiels\/8338#more-8338\" aria-label=\"Plus sur [UNICEF] Plus que 24h pour b\u00e9n\u00e9ficier des tarifs pr\u00e9f\u00e9rentiels !\">Lire la suite<\/a><\/p>\n","protected":false},"author":3,"featured_media":8170,"comment_status":"closed","ping_status":"closed","sticky":false,"template":"","format":"standard","meta":{"footnotes":""},"categories":[4,55],"tags":[20,61],"class_list":["post-8338","post","type-post","status-publish","format-standard","has-post-thumbnail","hentry","category-news","category-news-2023-2024","tag-forgeronfamily","tag-match-unicef","infinite-scroll-item","generate-columns","tablet-grid-50","mobile-grid-100","grid-parent","grid-25","resize-featured-image"],"yoast_head":"<!-- This site is optimized with the Yoast SEO plugin v26.6 - https:\/\/yoast.com\/wordpress\/plugins\/seo\/ -->\n<title>[UNICEF] Plus que 24h pour b\u00e9n\u00e9ficier des tarifs pr\u00e9f\u00e9rentiels ! &#8226; FOOTBALL CLUB GUEUGNON<\/title>\n<meta name=\"robots\" content=\"index, follow, max-snippet:-1, max-image-preview:large, max-video-preview:-1\" \/>\n<link rel=\"canonical\" href=\"https:\/\/www.fcgueugnon.fr\/site\/unicef-plus-que-24h-pour-beneficier-des-tarifs-preferentiels\/8338\" \/>\n<meta property=\"og:locale\" content=\"fr_FR\" \/>\n<meta property=\"og:type\" content=\"article\" \/>\n<meta property=\"og:title\" content=\"[UNICEF] Plus que 24h pour b\u00e9n\u00e9ficier des tarifs pr\u00e9f\u00e9rentiels ! &#8226; FOOTBALL CLUB GUEUGNON\" \/>\n<meta property=\"og:description\" content=\"Plus que quelques heures pour saisir vos places \u00e0 tarifs pr\u00e9f\u00e9rentiels pour le match de la Team Unicef au stade Jean Laville de Gueugnon ! \ud83c\udf9f\ufe0f Infos &#8211; Billetterie \ud83c\udfab Une p\u00e9riode de pr\u00e9vente est mise en place. Jusqu\u2019au 31 Janvier 2024 \u00e0 23h55, les tickets sont disponibles \u00e0 tarifs r\u00e9duits. \ud83d\udc47R\u00e9servez vos places d\u00e8s ... Lire la suite\" \/>\n<meta property=\"og:url\" content=\"https:\/\/www.fcgueugnon.fr\/site\/unicef-plus-que-24h-pour-beneficier-des-tarifs-preferentiels\/8338\" \/>\n<meta property=\"og:site_name\" content=\"FOOTBALL CLUB GUEUGNON\" \/>\n<meta property=\"article:publisher\" content=\"http:\/\/facebook.com\/FCGueugnon\" \/>\n<meta property=\"article:published_time\" content=\"2024-01-30T14:53:41+00:00\" \/>\n<meta property=\"article:modified_time\" content=\"2024-05-09T07:00:36+00:00\" \/>\n<meta property=\"og:image\" content=\"https:\/\/www.fcgueugnon.fr\/site\/wp-content\/uploads\/2024\/01\/Visuel-allonge-Match-Team-71-vs-Team-Unicef-Gueugnon-1er-Avril-2024-1024x582.png\" \/>\n\t<meta property=\"og:image:width\" content=\"1024\" \/>\n\t<meta property=\"og:image:height\" content=\"582\" \/>\n\t<meta property=\"og:image:type\" content=\"image\/png\" \/>\n<meta name=\"author\" content=\"FC Gueugnon\" \/>\n<meta name=\"twitter:card\" content=\"summary_large_image\" \/>\n<meta name=\"twitter:creator\" content=\"@FCGueugnon_off\" \/>\n<meta name=\"twitter:site\" content=\"@FCGueugnon_off\" \/>\n<meta name=\"twitter:label1\" content=\"\u00c9crit par\" \/>\n\t<meta name=\"twitter:data1\" content=\"FC Gueugnon\" \/>\n\t<meta name=\"twitter:label2\" content=\"Dur\u00e9e de lecture estim\u00e9e\" \/>\n\t<meta name=\"twitter:data2\" content=\"1 minute\" \/>\n<script type=\"application\/ld+json\" class=\"yoast-schema-graph\">{\"@context\":\"https:\/\/schema.org\",\"@graph\":[{\"@type\":\"Article\",\"@id\":\"https:\/\/www.fcgueugnon.fr\/site\/unicef-plus-que-24h-pour-beneficier-des-tarifs-preferentiels\/8338#article\",\"isPartOf\":{\"@id\":\"https:\/\/www.fcgueugnon.fr\/site\/unicef-plus-que-24h-pour-beneficier-des-tarifs-preferentiels\/8338\"},\"author\":{\"name\":\"FC Gueugnon\",\"@id\":\"https:\/\/www.fcgueugnon.fr\/site\/#\/schema\/person\/829630bfb5d6f3ebe4d296b75687c01a\"},\"headline\":\"[UNICEF] Plus que 24h pour b\u00e9n\u00e9ficier des tarifs pr\u00e9f\u00e9rentiels !\",\"datePublished\":\"2024-01-30T14:53:41+00:00\",\"dateModified\":\"2024-05-09T07:00:36+00:00\",\"mainEntityOfPage\":{\"@id\":\"https:\/\/www.fcgueugnon.fr\/site\/unicef-plus-que-24h-pour-beneficier-des-tarifs-preferentiels\/8338\"},\"wordCount\":92,\"publisher\":{\"@id\":\"https:\/\/www.fcgueugnon.fr\/site\/#organization\"},\"image\":{\"@id\":\"https:\/\/www.fcgueugnon.fr\/site\/unicef-plus-que-24h-pour-beneficier-des-tarifs-preferentiels\/8338#primaryimage\"},\"thumbnailUrl\":\"https:\/\/www.fcgueugnon.fr\/site\/wp-content\/uploads\/2024\/01\/Visuel-allonge-Match-Team-71-vs-Team-Unicef-Gueugnon-1er-Avril-2024.png\",\"keywords\":[\"#ForgeronFamily\",\"Match Unicef\"],\"articleSection\":[\"News\",\"News 2023\/2024\"],\"inLanguage\":\"fr-FR\"},{\"@type\":\"WebPage\",\"@id\":\"https:\/\/www.fcgueugnon.fr\/site\/unicef-plus-que-24h-pour-beneficier-des-tarifs-preferentiels\/8338\",\"url\":\"https:\/\/www.fcgueugnon.fr\/site\/unicef-plus-que-24h-pour-beneficier-des-tarifs-preferentiels\/8338\",\"name\":\"[UNICEF] Plus que 24h pour b\u00e9n\u00e9ficier des tarifs pr\u00e9f\u00e9rentiels ! &#8226; FOOTBALL CLUB GUEUGNON\",\"isPartOf\":{\"@id\":\"https:\/\/www.fcgueugnon.fr\/site\/#website\"},\"primaryImageOfPage\":{\"@id\":\"https:\/\/www.fcgueugnon.fr\/site\/unicef-plus-que-24h-pour-beneficier-des-tarifs-preferentiels\/8338#primaryimage\"},\"image\":{\"@id\":\"https:\/\/www.fcgueugnon.fr\/site\/unicef-plus-que-24h-pour-beneficier-des-tarifs-preferentiels\/8338#primaryimage\"},\"thumbnailUrl\":\"https:\/\/www.fcgueugnon.fr\/site\/wp-content\/uploads\/2024\/01\/Visuel-allonge-Match-Team-71-vs-Team-Unicef-Gueugnon-1er-Avril-2024.png\",\"datePublished\":\"2024-01-30T14:53:41+00:00\",\"dateModified\":\"2024-05-09T07:00:36+00:00\",\"breadcrumb\":{\"@id\":\"https:\/\/www.fcgueugnon.fr\/site\/unicef-plus-que-24h-pour-beneficier-des-tarifs-preferentiels\/8338#breadcrumb\"},\"inLanguage\":\"fr-FR\",\"potentialAction\":[{\"@type\":\"ReadAction\",\"target\":[\"https:\/\/www.fcgueugnon.fr\/site\/unicef-plus-que-24h-pour-beneficier-des-tarifs-preferentiels\/8338\"]}]},{\"@type\":\"ImageObject\",\"inLanguage\":\"fr-FR\",\"@id\":\"https:\/\/www.fcgueugnon.fr\/site\/unicef-plus-que-24h-pour-beneficier-des-tarifs-preferentiels\/8338#primaryimage\",\"url\":\"https:\/\/www.fcgueugnon.fr\/site\/wp-content\/uploads\/2024\/01\/Visuel-allonge-Match-Team-71-vs-Team-Unicef-Gueugnon-1er-Avril-2024.png\",\"contentUrl\":\"https:\/\/www.fcgueugnon.fr\/site\/wp-content\/uploads\/2024\/01\/Visuel-allonge-Match-Team-71-vs-Team-Unicef-Gueugnon-1er-Avril-2024.png\",\"width\":1900,\"height\":1080},{\"@type\":\"BreadcrumbList\",\"@id\":\"https:\/\/www.fcgueugnon.fr\/site\/unicef-plus-que-24h-pour-beneficier-des-tarifs-preferentiels\/8338#breadcrumb\",\"itemListElement\":[{\"@type\":\"ListItem\",\"position\":1,\"name\":\"Accueil\",\"item\":\"https:\/\/www.fcgueugnon.fr\/site\/\"},{\"@type\":\"ListItem\",\"position\":2,\"name\":\"[UNICEF] Plus que 24h pour b\u00e9n\u00e9ficier des tarifs pr\u00e9f\u00e9rentiels !\"}]},{\"@type\":\"WebSite\",\"@id\":\"https:\/\/www.fcgueugnon.fr\/site\/#website\",\"url\":\"https:\/\/www.fcgueugnon.fr\/site\/\",\"name\":\"FOOTBALL CLUB GUEUGNON\",\"description\":\"Le Site Officiel des Forgerons\",\"publisher\":{\"@id\":\"https:\/\/www.fcgueugnon.fr\/site\/#organization\"},\"potentialAction\":[{\"@type\":\"SearchAction\",\"target\":{\"@type\":\"EntryPoint\",\"urlTemplate\":\"https:\/\/www.fcgueugnon.fr\/site\/?s={search_term_string}\"},\"query-input\":{\"@type\":\"PropertyValueSpecification\",\"valueRequired\":true,\"valueName\":\"search_term_string\"}}],\"inLanguage\":\"fr-FR\"},{\"@type\":\"Organization\",\"@id\":\"https:\/\/www.fcgueugnon.fr\/site\/#organization\",\"name\":\"FC Gueugnon\",\"url\":\"https:\/\/www.fcgueugnon.fr\/site\/\",\"logo\":{\"@type\":\"ImageObject\",\"inLanguage\":\"fr-FR\",\"@id\":\"https:\/\/www.fcgueugnon.fr\/site\/#\/schema\/logo\/image\/\",\"url\":\"https:\/\/www.fcgueugnon.fr\/site\/wp-content\/uploads\/2022\/07\/cropped-Logo-FCGUEUGNON-low-350x350-1.png\",\"contentUrl\":\"https:\/\/www.fcgueugnon.fr\/site\/wp-content\/uploads\/2022\/07\/cropped-Logo-FCGUEUGNON-low-350x350-1.png\",\"width\":350,\"height\":350,\"caption\":\"FC Gueugnon\"},\"image\":{\"@id\":\"https:\/\/www.fcgueugnon.fr\/site\/#\/schema\/logo\/image\/\"},\"sameAs\":[\"http:\/\/facebook.com\/FCGueugnon\",\"https:\/\/x.com\/FCGueugnon_off\",\"https:\/\/www.instagram.com\/fcgueugnon\/\",\"https:\/\/www.linkedin.com\/company\/football-club-de-gueugnon\/\",\"https:\/\/www.youtube.com\/user\/FCGueugnonnais\",\"https:\/\/fr.wikipedia.org\/wiki\/Football_Club_de_Gueugnon\"]},{\"@type\":\"Person\",\"@id\":\"https:\/\/www.fcgueugnon.fr\/site\/#\/schema\/person\/829630bfb5d6f3ebe4d296b75687c01a\",\"name\":\"FC Gueugnon\",\"url\":\"https:\/\/www.fcgueugnon.fr\/site\/author\/g-avin1\"}]}<\/script>\n<!-- \/ Yoast SEO plugin. -->","yoast_head_json":{"title":"[UNICEF] Plus que 24h pour b\u00e9n\u00e9ficier des tarifs pr\u00e9f\u00e9rentiels ! &#8226; FOOTBALL CLUB GUEUGNON","robots":{"index":"index","follow":"follow","max-snippet":"max-snippet:-1","max-image-preview":"max-image-preview:large","max-video-preview":"max-video-preview:-1"},"canonical":"https:\/\/www.fcgueugnon.fr\/site\/unicef-plus-que-24h-pour-beneficier-des-tarifs-preferentiels\/8338","og_locale":"fr_FR","og_type":"article","og_title":"[UNICEF] Plus que 24h pour b\u00e9n\u00e9ficier des tarifs pr\u00e9f\u00e9rentiels ! &#8226; FOOTBALL CLUB GUEUGNON","og_description":"Plus que quelques heures pour saisir vos places \u00e0 tarifs pr\u00e9f\u00e9rentiels pour le match de la Team Unicef au stade Jean Laville de Gueugnon ! \ud83c\udf9f\ufe0f Infos &#8211; Billetterie \ud83c\udfab Une p\u00e9riode de pr\u00e9vente est mise en place. Jusqu\u2019au 31 Janvier 2024 \u00e0 23h55, les tickets sont disponibles \u00e0 tarifs r\u00e9duits. \ud83d\udc47R\u00e9servez vos places d\u00e8s ... Lire la suite","og_url":"https:\/\/www.fcgueugnon.fr\/site\/unicef-plus-que-24h-pour-beneficier-des-tarifs-preferentiels\/8338","og_site_name":"FOOTBALL CLUB GUEUGNON","article_publisher":"http:\/\/facebook.com\/FCGueugnon","article_published_time":"2024-01-30T14:53:41+00:00","article_modified_time":"2024-05-09T07:00:36+00:00","og_image":[{"width":1024,"height":582,"url":"https:\/\/www.fcgueugnon.fr\/site\/wp-content\/uploads\/2024\/01\/Visuel-allonge-Match-Team-71-vs-Team-Unicef-Gueugnon-1er-Avril-2024-1024x582.png","type":"image\/png"}],"author":"FC Gueugnon","twitter_card":"summary_large_image","twitter_creator":"@FCGueugnon_off","twitter_site":"@FCGueugnon_off","twitter_misc":{"\u00c9crit par":"FC Gueugnon","Dur\u00e9e de lecture estim\u00e9e":"1 minute"},"schema":{"@context":"https:\/\/schema.org","@graph":[{"@type":"Article","@id":"https:\/\/www.fcgueugnon.fr\/site\/unicef-plus-que-24h-pour-beneficier-des-tarifs-preferentiels\/8338#article","isPartOf":{"@id":"https:\/\/www.fcgueugnon.fr\/site\/unicef-plus-que-24h-pour-beneficier-des-tarifs-preferentiels\/8338"},"author":{"name":"FC Gueugnon","@id":"https:\/\/www.fcgueugnon.fr\/site\/#\/schema\/person\/829630bfb5d6f3ebe4d296b75687c01a"},"headline":"[UNICEF] Plus que 24h pour b\u00e9n\u00e9ficier des tarifs pr\u00e9f\u00e9rentiels !","datePublished":"2024-01-30T14:53:41+00:00","dateModified":"2024-05-09T07:00:36+00:00","mainEntityOfPage":{"@id":"https:\/\/www.fcgueugnon.fr\/site\/unicef-plus-que-24h-pour-beneficier-des-tarifs-preferentiels\/8338"},"wordCount":92,"publisher":{"@id":"https:\/\/www.fcgueugnon.fr\/site\/#organization"},"image":{"@id":"https:\/\/www.fcgueugnon.fr\/site\/unicef-plus-que-24h-pour-beneficier-des-tarifs-preferentiels\/8338#primaryimage"},"thumbnailUrl":"https:\/\/www.fcgueugnon.fr\/site\/wp-content\/uploads\/2024\/01\/Visuel-allonge-Match-Team-71-vs-Team-Unicef-Gueugnon-1er-Avril-2024.png","keywords":["#ForgeronFamily","Match Unicef"],"articleSection":["News","News 2023\/2024"],"inLanguage":"fr-FR"},{"@type":"WebPage","@id":"https:\/\/www.fcgueugnon.fr\/site\/unicef-plus-que-24h-pour-beneficier-des-tarifs-preferentiels\/8338","url":"https:\/\/www.fcgueugnon.fr\/site\/unicef-plus-que-24h-pour-beneficier-des-tarifs-preferentiels\/8338","name":"[UNICEF] Plus que 24h pour b\u00e9n\u00e9ficier des tarifs pr\u00e9f\u00e9rentiels ! &#8226; FOOTBALL CLUB GUEUGNON","isPartOf":{"@id":"https:\/\/www.fcgueugnon.fr\/site\/#website"},"primaryImageOfPage":{"@id":"https:\/\/www.fcgueugnon.fr\/site\/unicef-plus-que-24h-pour-beneficier-des-tarifs-preferentiels\/8338#primaryimage"},"image":{"@id":"https:\/\/www.fcgueugnon.fr\/site\/unicef-plus-que-24h-pour-beneficier-des-tarifs-preferentiels\/8338#primaryimage"},"thumbnailUrl":"https:\/\/www.fcgueugnon.fr\/site\/wp-content\/uploads\/2024\/01\/Visuel-allonge-Match-Team-71-vs-Team-Unicef-Gueugnon-1er-Avril-2024.png","datePublished":"2024-01-30T14:53:41+00:00","dateModified":"2024-05-09T07:00:36+00:00","breadcrumb":{"@id":"https:\/\/www.fcgueugnon.fr\/site\/unicef-plus-que-24h-pour-beneficier-des-tarifs-preferentiels\/8338#breadcrumb"},"inLanguage":"fr-FR","potentialAction":[{"@type":"ReadAction","target":["https:\/\/www.fcgueugnon.fr\/site\/unicef-plus-que-24h-pour-beneficier-des-tarifs-preferentiels\/8338"]}]},{"@type":"ImageObject","inLanguage":"fr-FR","@id":"https:\/\/www.fcgueugnon.fr\/site\/unicef-plus-que-24h-pour-beneficier-des-tarifs-preferentiels\/8338#primaryimage","url":"https:\/\/www.fcgueugnon.fr\/site\/wp-content\/uploads\/2024\/01\/Visuel-allonge-Match-Team-71-vs-Team-Unicef-Gueugnon-1er-Avril-2024.png","contentUrl":"https:\/\/www.fcgueugnon.fr\/site\/wp-content\/uploads\/2024\/01\/Visuel-allonge-Match-Team-71-vs-Team-Unicef-Gueugnon-1er-Avril-2024.png","width":1900,"height":1080},{"@type":"BreadcrumbList","@id":"https:\/\/www.fcgueugnon.fr\/site\/unicef-plus-que-24h-pour-beneficier-des-tarifs-preferentiels\/8338#breadcrumb","itemListElement":[{"@type":"ListItem","position":1,"name":"Accueil","item":"https:\/\/www.fcgueugnon.fr\/site\/"},{"@type":"ListItem","position":2,"name":"[UNICEF] Plus que 24h pour b\u00e9n\u00e9ficier des tarifs pr\u00e9f\u00e9rentiels !"}]},{"@type":"WebSite","@id":"https:\/\/www.fcgueugnon.fr\/site\/#website","url":"https:\/\/www.fcgueugnon.fr\/site\/","name":"FOOTBALL CLUB GUEUGNON","description":"Le Site Officiel des Forgerons","publisher":{"@id":"https:\/\/www.fcgueugnon.fr\/site\/#organization"},"potentialAction":[{"@type":"SearchAction","target":{"@type":"EntryPoint","urlTemplate":"https:\/\/www.fcgueugnon.fr\/site\/?s={search_term_string}"},"query-input":{"@type":"PropertyValueSpecification","valueRequired":true,"valueName":"search_term_string"}}],"inLanguage":"fr-FR"},{"@type":"Organization","@id":"https:\/\/www.fcgueugnon.fr\/site\/#organization","name":"FC Gueugnon","url":"https:\/\/www.fcgueugnon.fr\/site\/","logo":{"@type":"ImageObject","inLanguage":"fr-FR","@id":"https:\/\/www.fcgueugnon.fr\/site\/#\/schema\/logo\/image\/","url":"https:\/\/www.fcgueugnon.fr\/site\/wp-content\/uploads\/2022\/07\/cropped-Logo-FCGUEUGNON-low-350x350-1.png","contentUrl":"https:\/\/www.fcgueugnon.fr\/site\/wp-content\/uploads\/2022\/07\/cropped-Logo-FCGUEUGNON-low-350x350-1.png","width":350,"height":350,"caption":"FC Gueugnon"},"image":{"@id":"https:\/\/www.fcgueugnon.fr\/site\/#\/schema\/logo\/image\/"},"sameAs":["http:\/\/facebook.com\/FCGueugnon","https:\/\/x.com\/FCGueugnon_off","https:\/\/www.instagram.com\/fcgueugnon\/","https:\/\/www.linkedin.com\/company\/football-club-de-gueugnon\/","https:\/\/www.youtube.com\/user\/FCGueugnonnais","https:\/\/fr.wikipedia.org\/wiki\/Football_Club_de_Gueugnon"]},{"@type":"Person","@id":"https:\/\/www.fcgueugnon.fr\/site\/#\/schema\/person\/829630bfb5d6f3ebe4d296b75687c01a","name":"FC Gueugnon","url":"https:\/\/www.fcgueugnon.fr\/site\/author\/g-avin1"}]}},"rttpg_featured_image_url":{"full":["https:\/\/www.fcgueugnon.fr\/site\/wp-content\/uploads\/2024\/01\/Visuel-allonge-Match-Team-71-vs-Team-Unicef-Gueugnon-1er-Avril-2024.png",1900,1080,false],"landscape":["https:\/\/www.fcgueugnon.fr\/site\/wp-content\/uploads\/2024\/01\/Visuel-allonge-Match-Team-71-vs-Team-Unicef-Gueugnon-1er-Avril-2024.png",1900,1080,false],"portraits":["https:\/\/www.fcgueugnon.fr\/site\/wp-content\/uploads\/2024\/01\/Visuel-allonge-Match-Team-71-vs-Team-Unicef-Gueugnon-1er-Avril-2024.png",1900,1080,false],"thumbnail":["https:\/\/www.fcgueugnon.fr\/site\/wp-content\/uploads\/2024\/01\/Visuel-allonge-Match-Team-71-vs-Team-Unicef-Gueugnon-1er-Avril-2024-150x150.png",150,150,true],"medium":["https:\/\/www.fcgueugnon.fr\/site\/wp-content\/uploads\/2024\/01\/Visuel-allonge-Match-Team-71-vs-Team-Unicef-Gueugnon-1er-Avril-2024-400x227.png",400,227,true],"large":["https:\/\/www.fcgueugnon.fr\/site\/wp-content\/uploads\/2024\/01\/Visuel-allonge-Match-Team-71-vs-Team-Unicef-Gueugnon-1er-Avril-2024-1024x582.png",1024,582,true],"1536x1536":["https:\/\/www.fcgueugnon.fr\/site\/wp-content\/uploads\/2024\/01\/Visuel-allonge-Match-Team-71-vs-Team-Unicef-Gueugnon-1er-Avril-2024-1536x873.png",1536,873,true],"2048x2048":["https:\/\/www.fcgueugnon.fr\/site\/wp-content\/uploads\/2024\/01\/Visuel-allonge-Match-Team-71-vs-Team-Unicef-Gueugnon-1er-Avril-2024.png",1900,1080,false]},"rttpg_author":{"display_name":"FC Gueugnon","author_link":"https:\/\/www.fcgueugnon.fr\/site\/author\/g-avin1"},"rttpg_comment":0,"rttpg_category":"<a href=\"https:\/\/www.fcgueugnon.fr\/site\/category\/news\" rel=\"category tag\">News<\/a> <a href=\"https:\/\/www.fcgueugnon.fr\/site\/category\/news\/news-2023-2024\" rel=\"category tag\">News 2023\/2024<\/a>","rttpg_excerpt":"Plus que quelques heures pour saisir vos places \u00e0 tarifs pr\u00e9f\u00e9rentiels pour le match de la Team Unicef au stade Jean Laville de Gueugnon ! \ud83c\udf9f\ufe0f Infos &#8211; Billetterie \ud83c\udfab Une p\u00e9riode de pr\u00e9vente est mise en place. Jusqu\u2019au 31 Janvier 2024 \u00e0 23h55, les tickets sont disponibles \u00e0 tarifs r\u00e9duits. \ud83d\udc47R\u00e9servez vos places d\u00e8s\u2026","_links":{"self":[{"href":"https:\/\/www.fcgueugnon.fr\/site\/wp-json\/wp\/v2\/posts\/8338","targetHints":{"allow":["GET"]}}],"collection":[{"href":"https:\/\/www.fcgueugnon.fr\/site\/wp-json\/wp\/v2\/posts"}],"about":[{"href":"https:\/\/www.fcgueugnon.fr\/site\/wp-json\/wp\/v2\/types\/post"}],"author":[{"embeddable":true,"href":"https:\/\/www.fcgueugnon.fr\/site\/wp-json\/wp\/v2\/users\/3"}],"replies":[{"embeddable":true,"href":"https:\/\/www.fcgueugnon.fr\/site\/wp-json\/wp\/v2\/comments?post=8338"}],"version-history":[{"count":1,"href":"https:\/\/www.fcgueugnon.fr\/site\/wp-json\/wp\/v2\/posts\/8338\/revisions"}],"predecessor-version":[{"id":8339,"href":"https:\/\/www.fcgueugnon.fr\/site\/wp-json\/wp\/v2\/posts\/8338\/revisions\/8339"}],"wp:featuredmedia":[{"embeddable":true,"href":"https:\/\/www.fcgueugnon.fr\/site\/wp-json\/wp\/v2\/media\/8170"}],"wp:attachment":[{"href":"https:\/\/www.fcgueugnon.fr\/site\/wp-json\/wp\/v2\/media?parent=8338"}],"wp:term":[{"taxonomy":"category","embeddable":true,"href":"https:\/\/www.fcgueugnon.fr\/site\/wp-json\/wp\/v2\/categories?post=8338"},{"taxonomy":"post_tag","embeddable":true,"href":"https:\/\/www.fcgueugnon.fr\/site\/wp-json\/wp\/v2\/tags?post=8338"}],"curies":[{"name":"wp","href":"https:\/\/api.w.org\/{rel}","templated":true}]}}