{"id":8277,"date":"2024-01-29T11:50:00","date_gmt":"2024-01-29T10:50:00","guid":{"rendered":"https:\/\/www.fcgueugnon.fr\/site\/?p=8277"},"modified":"2024-01-29T11:24:27","modified_gmt":"2024-01-29T10:24:27","slug":"agenda-resultats-week-end-du-27-et-28-janvier-2024","status":"publish","type":"post","link":"https:\/\/www.fcgueugnon.fr\/site\/agenda-resultats-week-end-du-27-et-28-janvier-2024\/8277","title":{"rendered":"[Agenda] R\u00e9sultats du week-end du 27 et 28 Janvier 2024"},"content":{"rendered":"\n<h2 class=\"wp-block-heading\">Au programme de nos forgerons ce week-end :<\/h2>\n\n\n\n<div style=\"height:35px\" aria-hidden=\"true\" class=\"wp-block-spacer\"><\/div>\n\n\n\n<h3 class=\"wp-block-heading blue-underline-title\">S\u00e9niors<\/h3>\n\n\n\n<p><em>Groupe N3  \u2013 N3 J14 <em><em>\u2611<\/em><\/em><br><\/em>Samedi 27\/01 &#8211; 18h00<br><strong>FC Gueugnon \/ GFA Rumilly Valli\u00e8res <\/strong>: 0-1<\/p>\n\n\n\n<div style=\"height:14px\" aria-hidden=\"true\" class=\"wp-block-spacer\"><\/div>\n\n\n<div class=\"wp-block-image\">\n<figure class=\"aligncenter size-large is-resized\"><img loading=\"lazy\" decoding=\"async\" width=\"819\" height=\"1024\" src=\"https:\/\/www.fcgueugnon.fr\/site\/wp-content\/uploads\/2024\/01\/score-FCG-GFA-819x1024.jpg\" alt=\"\" class=\"wp-image-8296\" style=\"width:361px;height:auto\" srcset=\"https:\/\/www.fcgueugnon.fr\/site\/wp-content\/uploads\/2024\/01\/score-FCG-GFA-819x1024.jpg 819w, https:\/\/www.fcgueugnon.fr\/site\/wp-content\/uploads\/2024\/01\/score-FCG-GFA-320x400.jpg 320w, https:\/\/www.fcgueugnon.fr\/site\/wp-content\/uploads\/2024\/01\/score-FCG-GFA-768x960.jpg 768w, https:\/\/www.fcgueugnon.fr\/site\/wp-content\/uploads\/2024\/01\/score-FCG-GFA-1229x1536.jpg 1229w, https:\/\/www.fcgueugnon.fr\/site\/wp-content\/uploads\/2024\/01\/score-FCG-GFA-1320x1650.jpg 1320w, https:\/\/www.fcgueugnon.fr\/site\/wp-content\/uploads\/2024\/01\/score-FCG-GFA-600x750.jpg 600w, https:\/\/www.fcgueugnon.fr\/site\/wp-content\/uploads\/2024\/01\/score-FCG-GFA.jpg 1638w\" sizes=\"auto, (max-width: 819px) 100vw, 819px\" \/><\/figure>\n<\/div>\n\n\n<div style=\"height:14px\" aria-hidden=\"true\" class=\"wp-block-spacer\"><\/div>\n\n\n\n<p><em>Groupe Espoirs \u2013 R1 Match de pr\u00e9paration <em><em>\u2705<\/em><\/em><br><\/em>Samedi 27\/01 &#8211; 15h00<br><strong>JS Montchanin Odra \/ FC Gueugnon<\/strong> : 0-3<\/p>\n\n\n\n<div style=\"height:15px\" aria-hidden=\"true\" class=\"wp-block-spacer\"><\/div>\n\n\n\n<div style=\"height:19px\" aria-hidden=\"true\" class=\"wp-block-spacer\"><\/div>\n\n\n\n<h3 class=\"wp-block-heading blue-underline-title\">Sport E.Leclerc Acad\u00e9mie<\/h3>\n\n\n\n<p><em>U18 \u2013 R1&nbsp;Amical<\/em> <em><em>\u2705<\/em><\/em><br>Dimanche 28\/01 &#8211; 11h00<br><strong>FC Montceau \/ FC Gueugnon<\/strong> : 1-3<\/p>\n\n\n\n<p><em>U16 \u2013 R1&nbsp;Amical<\/em> <em><em>\u2705<\/em><\/em><br>Samedi 27\/01 &#8211; 17h00<br><strong>AS Chatenoy \/ FC Gueugnon<\/strong> : 3-5 <\/p>\n\n\n\n<div style=\"height:14px\" aria-hidden=\"true\" class=\"wp-block-spacer\"><\/div>\n\n\n<div class=\"wp-block-image\">\n<figure class=\"aligncenter size-large is-resized\"><img loading=\"lazy\" decoding=\"async\" width=\"1024\" height=\"768\" src=\"https:\/\/www.fcgueugnon.fr\/site\/wp-content\/uploads\/2024\/01\/U16-Chatenoy-1024x768.jpeg\" alt=\"\" class=\"wp-image-8291\" style=\"width:504px;height:auto\" srcset=\"https:\/\/www.fcgueugnon.fr\/site\/wp-content\/uploads\/2024\/01\/U16-Chatenoy-1024x768.jpeg 1024w, https:\/\/www.fcgueugnon.fr\/site\/wp-content\/uploads\/2024\/01\/U16-Chatenoy-400x300.jpeg 400w, https:\/\/www.fcgueugnon.fr\/site\/wp-content\/uploads\/2024\/01\/U16-Chatenoy-768x576.jpeg 768w, https:\/\/www.fcgueugnon.fr\/site\/wp-content\/uploads\/2024\/01\/U16-Chatenoy-1536x1152.jpeg 1536w, https:\/\/www.fcgueugnon.fr\/site\/wp-content\/uploads\/2024\/01\/U16-Chatenoy-1320x990.jpeg 1320w, https:\/\/www.fcgueugnon.fr\/site\/wp-content\/uploads\/2024\/01\/U16-Chatenoy-600x450.jpeg 600w, https:\/\/www.fcgueugnon.fr\/site\/wp-content\/uploads\/2024\/01\/U16-Chatenoy.jpeg 1600w\" sizes=\"auto, (max-width: 1024px) 100vw, 1024px\" \/><\/figure>\n<\/div>\n\n\n<div style=\"height:14px\" aria-hidden=\"true\" class=\"wp-block-spacer\"><\/div>\n\n\n\n<p><em>U15 \u2013 R1\u00a0Amical<\/em><br>Mercredi 24\/01 &#8211;<em> Journ\u00e9e<\/em><br><strong>Tournoi Section Sportive \u00e0 Chatenoy : <\/strong>3\u00e8me<strong><br><\/strong>Dimanche 28\/01 &#8211; 13h00 <em><em>\u2611<\/em><\/em><br><strong>MYF \/ FC Gueugnon<\/strong> : 5-0<\/p>\n\n\n\n<p><em>U14 \u2013 R1\u00a0<\/em><br>Mercredi 24\/01 &#8211;<em> Journ\u00e9e<\/em> <br><strong>Tournoi Section Sportive \u00e0 Chatenoy <\/strong>: 3\u00e8me<\/p>\n\n\n\n<p><em>U13 \u2013 D1 <\/em><br>Samedi 27\/01 &#8211; 14h00<em><em>\u2611<\/em><\/em><br><strong>Plateau \u00e0 Gueugnon<\/strong> : D\u00e9faite 3-1<br>Dimanche 28\/01 &#8211;<em> Journ\u00e9e<\/em> <em><em>\u2705<\/em><\/em><br><strong>Tournoi Futsal au Creusot<\/strong> : Vainqueur du tournoi<\/p>\n\n\n\n<div style=\"height:14px\" aria-hidden=\"true\" class=\"wp-block-spacer\"><\/div>\n\n\n\n<figure class=\"wp-block-gallery has-nested-images columns-default is-cropped wp-block-gallery-1 is-layout-flex wp-block-gallery-is-layout-flex\">\n<figure class=\"wp-block-image size-large\"><img loading=\"lazy\" decoding=\"async\" width=\"665\" height=\"532\" data-id=\"8295\" src=\"https:\/\/www.fcgueugnon.fr\/site\/wp-content\/uploads\/2024\/01\/Tournoi-futsal-Creusot.jpeg\" alt=\"\" class=\"wp-image-8295\" srcset=\"https:\/\/www.fcgueugnon.fr\/site\/wp-content\/uploads\/2024\/01\/Tournoi-futsal-Creusot.jpeg 665w, https:\/\/www.fcgueugnon.fr\/site\/wp-content\/uploads\/2024\/01\/Tournoi-futsal-Creusot-400x320.jpeg 400w, https:\/\/www.fcgueugnon.fr\/site\/wp-content\/uploads\/2024\/01\/Tournoi-futsal-Creusot-600x480.jpeg 600w\" sizes=\"auto, (max-width: 665px) 100vw, 665px\" \/><\/figure>\n\n\n\n<figure class=\"wp-block-image size-large\"><img loading=\"lazy\" decoding=\"async\" width=\"663\" height=\"530\" data-id=\"8294\" src=\"https:\/\/www.fcgueugnon.fr\/site\/wp-content\/uploads\/2024\/01\/Tournoi-futsal-Creusot-1.jpeg\" alt=\"\" class=\"wp-image-8294\" srcset=\"https:\/\/www.fcgueugnon.fr\/site\/wp-content\/uploads\/2024\/01\/Tournoi-futsal-Creusot-1.jpeg 663w, https:\/\/www.fcgueugnon.fr\/site\/wp-content\/uploads\/2024\/01\/Tournoi-futsal-Creusot-1-400x320.jpeg 400w, https:\/\/www.fcgueugnon.fr\/site\/wp-content\/uploads\/2024\/01\/Tournoi-futsal-Creusot-1-600x480.jpeg 600w\" sizes=\"auto, (max-width: 663px) 100vw, 663px\" \/><\/figure>\n<\/figure>\n\n\n\n<div style=\"height:14px\" aria-hidden=\"true\" class=\"wp-block-spacer\"><\/div>\n\n\n\n<p><em>U13 \u2013 D<\/em>2<br>Samedi 27\/01 &#8211; 14h00 <em><em>\u2611<\/em><\/em><br><strong>Plateau \u00e0 Gueugnon<\/strong> : D\u00e9faite 3-0<\/p>\n\n\n\n<div style=\"height:14px\" aria-hidden=\"true\" class=\"wp-block-spacer\"><\/div>\n\n\n<div class=\"wp-block-image\">\n<figure class=\"aligncenter size-large is-resized\"><img loading=\"lazy\" decoding=\"async\" width=\"1024\" height=\"819\" src=\"https:\/\/www.fcgueugnon.fr\/site\/wp-content\/uploads\/2024\/01\/U13-D1-et-D2-Plateau-Gueugnon-1024x819.jpeg\" alt=\"\" class=\"wp-image-8293\" style=\"width:584px;height:auto\" srcset=\"https:\/\/www.fcgueugnon.fr\/site\/wp-content\/uploads\/2024\/01\/U13-D1-et-D2-Plateau-Gueugnon-1024x819.jpeg 1024w, https:\/\/www.fcgueugnon.fr\/site\/wp-content\/uploads\/2024\/01\/U13-D1-et-D2-Plateau-Gueugnon-400x320.jpeg 400w, https:\/\/www.fcgueugnon.fr\/site\/wp-content\/uploads\/2024\/01\/U13-D1-et-D2-Plateau-Gueugnon-768x614.jpeg 768w, https:\/\/www.fcgueugnon.fr\/site\/wp-content\/uploads\/2024\/01\/U13-D1-et-D2-Plateau-Gueugnon-1320x1056.jpeg 1320w, https:\/\/www.fcgueugnon.fr\/site\/wp-content\/uploads\/2024\/01\/U13-D1-et-D2-Plateau-Gueugnon-600x480.jpeg 600w, https:\/\/www.fcgueugnon.fr\/site\/wp-content\/uploads\/2024\/01\/U13-D1-et-D2-Plateau-Gueugnon.jpeg 1500w\" sizes=\"auto, (max-width: 1024px) 100vw, 1024px\" \/><\/figure>\n<\/div>\n\n\n<div style=\"height:14px\" aria-hidden=\"true\" class=\"wp-block-spacer\"><\/div>\n\n\n\n<p><em>U13 \u2013 D<\/em>3 <em>Amical<\/em> <em><em>\u2705<\/em><\/em><br>Mercredi 24\/01 &#8211; 14h45<br><strong>FC Gueugnon \/ DFCA <\/strong>: 6-2<br><strong>FC Gueugnon \/ US Rigny<\/strong> : 2-1<\/p>\n\n\n\n<div style=\"height:14px\" aria-hidden=\"true\" class=\"wp-block-spacer\"><\/div>\n\n\n\n<figure class=\"wp-block-gallery has-nested-images columns-default is-cropped wp-block-gallery-2 is-layout-flex wp-block-gallery-is-layout-flex\">\n<figure class=\"wp-block-image size-large\"><img loading=\"lazy\" decoding=\"async\" width=\"1024\" height=\"819\" data-id=\"8282\" src=\"https:\/\/www.fcgueugnon.fr\/site\/wp-content\/uploads\/2024\/01\/U13-D2-Rigny-1-1024x819.jpeg\" alt=\"\" class=\"wp-image-8282\" srcset=\"https:\/\/www.fcgueugnon.fr\/site\/wp-content\/uploads\/2024\/01\/U13-D2-Rigny-1-1024x819.jpeg 1024w, https:\/\/www.fcgueugnon.fr\/site\/wp-content\/uploads\/2024\/01\/U13-D2-Rigny-1-400x320.jpeg 400w, https:\/\/www.fcgueugnon.fr\/site\/wp-content\/uploads\/2024\/01\/U13-D2-Rigny-1-768x615.jpeg 768w, https:\/\/www.fcgueugnon.fr\/site\/wp-content\/uploads\/2024\/01\/U13-D2-Rigny-1-1320x1056.jpeg 1320w, https:\/\/www.fcgueugnon.fr\/site\/wp-content\/uploads\/2024\/01\/U13-D2-Rigny-1-600x480.jpeg 600w, https:\/\/www.fcgueugnon.fr\/site\/wp-content\/uploads\/2024\/01\/U13-D2-Rigny-1.jpeg 1536w\" sizes=\"auto, (max-width: 1024px) 100vw, 1024px\" \/><\/figure>\n\n\n\n<figure class=\"wp-block-image size-large\"><img loading=\"lazy\" decoding=\"async\" width=\"1024\" height=\"819\" data-id=\"8281\" src=\"https:\/\/www.fcgueugnon.fr\/site\/wp-content\/uploads\/2024\/01\/U13-DFCA-1-1024x819.jpeg\" alt=\"\" class=\"wp-image-8281\" srcset=\"https:\/\/www.fcgueugnon.fr\/site\/wp-content\/uploads\/2024\/01\/U13-DFCA-1-1024x819.jpeg 1024w, https:\/\/www.fcgueugnon.fr\/site\/wp-content\/uploads\/2024\/01\/U13-DFCA-1-400x320.jpeg 400w, https:\/\/www.fcgueugnon.fr\/site\/wp-content\/uploads\/2024\/01\/U13-DFCA-1-768x615.jpeg 768w, https:\/\/www.fcgueugnon.fr\/site\/wp-content\/uploads\/2024\/01\/U13-DFCA-1-1320x1056.jpeg 1320w, https:\/\/www.fcgueugnon.fr\/site\/wp-content\/uploads\/2024\/01\/U13-DFCA-1-600x480.jpeg 600w, https:\/\/www.fcgueugnon.fr\/site\/wp-content\/uploads\/2024\/01\/U13-DFCA-1.jpeg 1536w\" sizes=\"auto, (max-width: 1024px) 100vw, 1024px\" \/><\/figure>\n<\/figure>\n\n\n\n<div style=\"height:14px\" aria-hidden=\"true\" class=\"wp-block-spacer\"><\/div>\n\n\n\n<p><em>U11\u2013 Niveau 1<\/em> <em><em>\u2705<\/em><\/em><br>Samedi 27\/01 &#8211; 10h30<br><strong>Plateau \u00e0 Clermont<\/strong> : victoire 6-3<\/p>\n\n\n\n<p><em>U11 \u2013 Niveau 2 <em><em>\u2705<\/em><\/em><br><\/em>Samedi 27\/01-<em> Journ\u00e9e<\/em> <br><strong>Tournoi Futsal au Creusot <\/strong>: vainqueur du tournoi <\/p>\n\n\n\n<p><em>U11 \u2013 Niveau 3<br><\/em>Samedi 27\/01 &#8211;<em> Journ\u00e9e<\/em><br><strong>Tournoi <strong>Futsal <\/strong>\u00e0 Blanzy <\/strong>: \u00e9quipe gar\u00e7ons : 3\u00e8me &#8211;  \u00e9quipe f\u00e9minine : 6\u00e8me<\/p>\n\n\n\n<div style=\"height:14px\" aria-hidden=\"true\" class=\"wp-block-spacer\"><\/div>\n\n\n<div class=\"wp-block-image\">\n<figure class=\"aligncenter size-large is-resized\"><img loading=\"lazy\" decoding=\"async\" width=\"1024\" height=\"819\" src=\"https:\/\/www.fcgueugnon.fr\/site\/wp-content\/uploads\/2024\/01\/U11-Tournoi-fustal-Blanzy-1024x819.jpeg\" alt=\"\" class=\"wp-image-8292\" style=\"width:496px;height:auto\" srcset=\"https:\/\/www.fcgueugnon.fr\/site\/wp-content\/uploads\/2024\/01\/U11-Tournoi-fustal-Blanzy-1024x819.jpeg 1024w, https:\/\/www.fcgueugnon.fr\/site\/wp-content\/uploads\/2024\/01\/U11-Tournoi-fustal-Blanzy-400x320.jpeg 400w, https:\/\/www.fcgueugnon.fr\/site\/wp-content\/uploads\/2024\/01\/U11-Tournoi-fustal-Blanzy-768x614.jpeg 768w, https:\/\/www.fcgueugnon.fr\/site\/wp-content\/uploads\/2024\/01\/U11-Tournoi-fustal-Blanzy-1320x1056.jpeg 1320w, https:\/\/www.fcgueugnon.fr\/site\/wp-content\/uploads\/2024\/01\/U11-Tournoi-fustal-Blanzy-600x480.jpeg 600w, https:\/\/www.fcgueugnon.fr\/site\/wp-content\/uploads\/2024\/01\/U11-Tournoi-fustal-Blanzy.jpeg 1500w\" sizes=\"auto, (max-width: 1024px) 100vw, 1024px\" \/><\/figure>\n<\/div>\n\n\n<div style=\"height:14px\" aria-hidden=\"true\" class=\"wp-block-spacer\"><\/div>\n\n\n\n<p><em>U08-U09 <br><\/em>Samedi 27\/01 &#8211;<em> Journ\u00e9e<\/em><br><strong>Tournoi <strong>Futsal <\/strong>\u00e0 Blanzy<\/strong> : 10\u00e8me et 15\u00e8me place <br>Samedi 27\/01 &#8211; 10h30<br><strong>Plateau U8 \u00e0 Clermont <\/strong>: \u00e9quipe 1 : 2 victoires, 1 nul et 2 d\u00e9faites &#8211; \u00e9quipe 2 : 4 d\u00e9faites <br>Samedi 27\/01 &#8211; 10h00<br><strong>Plateau U9 \u00e0 Clermont <\/strong> : 1 nul et 3 d\u00e9faites <\/p>\n\n\n\n<div style=\"height:14px\" aria-hidden=\"true\" class=\"wp-block-spacer\"><\/div>\n\n\n\n<figure class=\"wp-block-gallery has-nested-images columns-default is-cropped wp-block-gallery-3 is-layout-flex wp-block-gallery-is-layout-flex\">\n<figure class=\"wp-block-image size-large\"><img loading=\"lazy\" decoding=\"async\" width=\"1024\" height=\"819\" data-id=\"8285\" src=\"https:\/\/www.fcgueugnon.fr\/site\/wp-content\/uploads\/2024\/01\/U8-U9-Blanzy-5-1024x819.jpeg\" alt=\"\" class=\"wp-image-8285\" srcset=\"https:\/\/www.fcgueugnon.fr\/site\/wp-content\/uploads\/2024\/01\/U8-U9-Blanzy-5-1024x819.jpeg 1024w, https:\/\/www.fcgueugnon.fr\/site\/wp-content\/uploads\/2024\/01\/U8-U9-Blanzy-5-400x320.jpeg 400w, https:\/\/www.fcgueugnon.fr\/site\/wp-content\/uploads\/2024\/01\/U8-U9-Blanzy-5-768x614.jpeg 768w, https:\/\/www.fcgueugnon.fr\/site\/wp-content\/uploads\/2024\/01\/U8-U9-Blanzy-5-600x480.jpeg 600w, https:\/\/www.fcgueugnon.fr\/site\/wp-content\/uploads\/2024\/01\/U8-U9-Blanzy-5.jpeg 1200w\" sizes=\"auto, (max-width: 1024px) 100vw, 1024px\" \/><\/figure>\n\n\n\n<figure class=\"wp-block-image size-large\"><img loading=\"lazy\" decoding=\"async\" width=\"1024\" height=\"819\" data-id=\"8283\" src=\"https:\/\/www.fcgueugnon.fr\/site\/wp-content\/uploads\/2024\/01\/U8-U9-Blanzy-4-1024x819.jpeg\" alt=\"\" class=\"wp-image-8283\" srcset=\"https:\/\/www.fcgueugnon.fr\/site\/wp-content\/uploads\/2024\/01\/U8-U9-Blanzy-4-1024x819.jpeg 1024w, https:\/\/www.fcgueugnon.fr\/site\/wp-content\/uploads\/2024\/01\/U8-U9-Blanzy-4-400x320.jpeg 400w, https:\/\/www.fcgueugnon.fr\/site\/wp-content\/uploads\/2024\/01\/U8-U9-Blanzy-4-768x614.jpeg 768w, https:\/\/www.fcgueugnon.fr\/site\/wp-content\/uploads\/2024\/01\/U8-U9-Blanzy-4-600x480.jpeg 600w, https:\/\/www.fcgueugnon.fr\/site\/wp-content\/uploads\/2024\/01\/U8-U9-Blanzy-4.jpeg 1200w\" sizes=\"auto, (max-width: 1024px) 100vw, 1024px\" \/><\/figure>\n\n\n\n<figure class=\"wp-block-image size-large\"><img loading=\"lazy\" decoding=\"async\" width=\"1024\" height=\"819\" data-id=\"8284\" src=\"https:\/\/www.fcgueugnon.fr\/site\/wp-content\/uploads\/2024\/01\/U8-U9-Blanzy-3-1024x819.jpeg\" alt=\"\" class=\"wp-image-8284\" srcset=\"https:\/\/www.fcgueugnon.fr\/site\/wp-content\/uploads\/2024\/01\/U8-U9-Blanzy-3-1024x819.jpeg 1024w, https:\/\/www.fcgueugnon.fr\/site\/wp-content\/uploads\/2024\/01\/U8-U9-Blanzy-3-400x320.jpeg 400w, https:\/\/www.fcgueugnon.fr\/site\/wp-content\/uploads\/2024\/01\/U8-U9-Blanzy-3-768x614.jpeg 768w, https:\/\/www.fcgueugnon.fr\/site\/wp-content\/uploads\/2024\/01\/U8-U9-Blanzy-3-1320x1056.jpeg 1320w, https:\/\/www.fcgueugnon.fr\/site\/wp-content\/uploads\/2024\/01\/U8-U9-Blanzy-3-600x480.jpeg 600w, https:\/\/www.fcgueugnon.fr\/site\/wp-content\/uploads\/2024\/01\/U8-U9-Blanzy-3.jpeg 1500w\" sizes=\"auto, (max-width: 1024px) 100vw, 1024px\" \/><\/figure>\n\n\n\n<figure class=\"wp-block-image size-large\"><img loading=\"lazy\" decoding=\"async\" width=\"1024\" height=\"819\" data-id=\"8288\" src=\"https:\/\/www.fcgueugnon.fr\/site\/wp-content\/uploads\/2024\/01\/U8-U9-Blanzy-2-1024x819.jpeg\" alt=\"\" class=\"wp-image-8288\" srcset=\"https:\/\/www.fcgueugnon.fr\/site\/wp-content\/uploads\/2024\/01\/U8-U9-Blanzy-2-1024x819.jpeg 1024w, https:\/\/www.fcgueugnon.fr\/site\/wp-content\/uploads\/2024\/01\/U8-U9-Blanzy-2-400x320.jpeg 400w, https:\/\/www.fcgueugnon.fr\/site\/wp-content\/uploads\/2024\/01\/U8-U9-Blanzy-2-768x614.jpeg 768w, https:\/\/www.fcgueugnon.fr\/site\/wp-content\/uploads\/2024\/01\/U8-U9-Blanzy-2-1320x1056.jpeg 1320w, https:\/\/www.fcgueugnon.fr\/site\/wp-content\/uploads\/2024\/01\/U8-U9-Blanzy-2-600x480.jpeg 600w, https:\/\/www.fcgueugnon.fr\/site\/wp-content\/uploads\/2024\/01\/U8-U9-Blanzy-2.jpeg 1500w\" sizes=\"auto, (max-width: 1024px) 100vw, 1024px\" \/><\/figure>\n\n\n\n<figure class=\"wp-block-image size-large\"><img loading=\"lazy\" decoding=\"async\" width=\"1024\" height=\"819\" data-id=\"8287\" src=\"https:\/\/www.fcgueugnon.fr\/site\/wp-content\/uploads\/2024\/01\/U8-U9-Blanzy-1-1024x819.jpeg\" alt=\"\" class=\"wp-image-8287\" srcset=\"https:\/\/www.fcgueugnon.fr\/site\/wp-content\/uploads\/2024\/01\/U8-U9-Blanzy-1-1024x819.jpeg 1024w, https:\/\/www.fcgueugnon.fr\/site\/wp-content\/uploads\/2024\/01\/U8-U9-Blanzy-1-400x320.jpeg 400w, https:\/\/www.fcgueugnon.fr\/site\/wp-content\/uploads\/2024\/01\/U8-U9-Blanzy-1-768x614.jpeg 768w, https:\/\/www.fcgueugnon.fr\/site\/wp-content\/uploads\/2024\/01\/U8-U9-Blanzy-1-600x480.jpeg 600w, https:\/\/www.fcgueugnon.fr\/site\/wp-content\/uploads\/2024\/01\/U8-U9-Blanzy-1.jpeg 1200w\" sizes=\"auto, (max-width: 1024px) 100vw, 1024px\" \/><\/figure>\n\n\n\n<figure class=\"wp-block-image size-large\"><img loading=\"lazy\" decoding=\"async\" width=\"1024\" height=\"819\" data-id=\"8286\" src=\"https:\/\/www.fcgueugnon.fr\/site\/wp-content\/uploads\/2024\/01\/U8-U9-Blanzy-1024x819.jpeg\" alt=\"\" class=\"wp-image-8286\" srcset=\"https:\/\/www.fcgueugnon.fr\/site\/wp-content\/uploads\/2024\/01\/U8-U9-Blanzy-1024x819.jpeg 1024w, https:\/\/www.fcgueugnon.fr\/site\/wp-content\/uploads\/2024\/01\/U8-U9-Blanzy-400x320.jpeg 400w, https:\/\/www.fcgueugnon.fr\/site\/wp-content\/uploads\/2024\/01\/U8-U9-Blanzy-768x614.jpeg 768w, https:\/\/www.fcgueugnon.fr\/site\/wp-content\/uploads\/2024\/01\/U8-U9-Blanzy-600x480.jpeg 600w, https:\/\/www.fcgueugnon.fr\/site\/wp-content\/uploads\/2024\/01\/U8-U9-Blanzy.jpeg 1200w\" sizes=\"auto, (max-width: 1024px) 100vw, 1024px\" \/><\/figure>\n\n\n\n<figure class=\"wp-block-image size-large\"><img loading=\"lazy\" decoding=\"async\" width=\"1024\" height=\"819\" data-id=\"8289\" src=\"https:\/\/www.fcgueugnon.fr\/site\/wp-content\/uploads\/2024\/01\/U8-U9-Clermont-1-1024x819.jpeg\" alt=\"\" class=\"wp-image-8289\" srcset=\"https:\/\/www.fcgueugnon.fr\/site\/wp-content\/uploads\/2024\/01\/U8-U9-Clermont-1-1024x819.jpeg 1024w, https:\/\/www.fcgueugnon.fr\/site\/wp-content\/uploads\/2024\/01\/U8-U9-Clermont-1-400x320.jpeg 400w, https:\/\/www.fcgueugnon.fr\/site\/wp-content\/uploads\/2024\/01\/U8-U9-Clermont-1-768x614.jpeg 768w, https:\/\/www.fcgueugnon.fr\/site\/wp-content\/uploads\/2024\/01\/U8-U9-Clermont-1-600x480.jpeg 600w, https:\/\/www.fcgueugnon.fr\/site\/wp-content\/uploads\/2024\/01\/U8-U9-Clermont-1.jpeg 1200w\" sizes=\"auto, (max-width: 1024px) 100vw, 1024px\" \/><\/figure>\n\n\n\n<figure class=\"wp-block-image size-large\"><img loading=\"lazy\" decoding=\"async\" width=\"1024\" height=\"819\" data-id=\"8290\" src=\"https:\/\/www.fcgueugnon.fr\/site\/wp-content\/uploads\/2024\/01\/U8-U9-Clermont-1024x819.jpeg\" alt=\"\" class=\"wp-image-8290\" srcset=\"https:\/\/www.fcgueugnon.fr\/site\/wp-content\/uploads\/2024\/01\/U8-U9-Clermont-1024x819.jpeg 1024w, https:\/\/www.fcgueugnon.fr\/site\/wp-content\/uploads\/2024\/01\/U8-U9-Clermont-400x320.jpeg 400w, https:\/\/www.fcgueugnon.fr\/site\/wp-content\/uploads\/2024\/01\/U8-U9-Clermont-768x614.jpeg 768w, https:\/\/www.fcgueugnon.fr\/site\/wp-content\/uploads\/2024\/01\/U8-U9-Clermont-1320x1056.jpeg 1320w, https:\/\/www.fcgueugnon.fr\/site\/wp-content\/uploads\/2024\/01\/U8-U9-Clermont-600x480.jpeg 600w, https:\/\/www.fcgueugnon.fr\/site\/wp-content\/uploads\/2024\/01\/U8-U9-Clermont.jpeg 1505w\" sizes=\"auto, (max-width: 1024px) 100vw, 1024px\" \/><\/figure>\n<\/figure>\n\n\n\n<div style=\"height:15px\" aria-hidden=\"true\" class=\"wp-block-spacer\"><\/div>\n\n\n\n<div style=\"height:15px\" aria-hidden=\"true\" class=\"wp-block-spacer\"><\/div>\n\n\n\n<h3 class=\"wp-block-heading blue-underline-title\">Arbitres<a id=\"\" href=\"https:\/\/footclubs.fff.fr\/extrafoot\/EX_DESIGNATIONS.DesignListe?CL_NO=2968&amp;IN_NO=&amp;CP_NO=&amp;PH_NO=&amp;PJ_DAT_DEB=03\/11\/2023&amp;PJ_DAT_FIN=17\/11\/2023&amp;LC_COD=&amp;CTXT=1&amp;SYMID=%04%24HAB%05IUD%04%24HAB2%05UID%04%24IMGPATH%05\/f2000\/img\/%04USR_NO%05289565%04USR_ORA%05GRICHELET%04%24LGC%051%04UTE_TYP_USR%05G%04PRF_NO%05173%04PRF_GESTION%05CELOP%04MULTIPROF%05O%04%24VIAM%05O%04APP_NOM%05EXTRA%04%24APP%05EXTRA%04CL_COD%05506791%04CL_NO%052968%04CG_NO%0530%04CG_NO_SUP%0551%04CG_NO_LIG%0551%04CS_DAT_DEB%0501\/07\/2023%04CS_DAT_FIN%0530\/06\/2024%04SA_NO%052023%04%24STT%05EXTRA%04%24CKICTXT%05FOOTCLUBS_CONTEXTE%04%24FIFA%05O%04%24ORG%05E%04%24NAV%05FF%04%24MSIE%050%04%24SCR%052%04%24%24TMPC%0520231107095625%04%24AJAX%05O%04%24OS%05Win32%04%24PROCTITRE%05Comp%E9titions%20%3E%20Arbitres%20d%E9sign%E9s%04%24POP%05N%04&amp;STRUCTGRD3=#\"><\/a><\/h3>\n\n\n\n<p style=\"text-decoration:underline\">Dimanche 28\/01<\/p>\n\n\n\n<p><strong>Lucas MENAGER<br><\/strong>R1 F : Blanzy Us Feminines \/ Jura Sud Foot <br><br><strong>Magide MAHLA<br><\/strong>Coupe D\u00e9partementale : Sornay As \/ St Usuge <\/p>\n\n\n\n<div style=\"height:47px\" aria-hidden=\"true\" class=\"wp-block-spacer mb-0\"><\/div>\n\n\n\n<h1 class=\"wp-block-heading has-text-align-center\">#ForgeronFamily<\/h1>\n","protected":false},"excerpt":{"rendered":"<p>Au programme de nos forgerons ce week-end : S\u00e9niors Groupe N3 \u2013 N3 J14 \u2611Samedi 27\/01 &#8211; 18h00FC Gueugnon \/ GFA Rumilly Valli\u00e8res : 0-1 Groupe Espoirs \u2013 R1 Match de pr\u00e9paration \u2705Samedi 27\/01 &#8211; 15h00JS Montchanin Odra \/ FC Gueugnon : 0-3 Sport E.Leclerc Acad\u00e9mie U18 \u2013 R1&nbsp;Amical \u2705Dimanche 28\/01 &#8211; 11h00FC Montceau \/ &#8230; <\/p>\n<p class=\"read-more-container\"><a title=\"[Agenda] R\u00e9sultats du week-end du 27 et 28 Janvier 2024\" class=\"read-more button\" href=\"https:\/\/www.fcgueugnon.fr\/site\/agenda-resultats-week-end-du-27-et-28-janvier-2024\/8277#more-8277\" aria-label=\"Plus sur [Agenda] R\u00e9sultats du week-end du 27 et 28 Janvier 2024\">Lire la suite<\/a><\/p>\n","protected":false},"author":4,"featured_media":6061,"comment_status":"closed","ping_status":"closed","sticky":false,"template":"","format":"standard","meta":{"footnotes":""},"categories":[4,55],"tags":[33,14],"class_list":["post-8277","post","type-post","status-publish","format-standard","has-post-thumbnail","hentry","category-news","category-news-2023-2024","tag-agenda","tag-sport-e-leclerc-academie-jeunes-formation","infinite-scroll-item","generate-columns","tablet-grid-50","mobile-grid-100","grid-parent","grid-25","resize-featured-image"],"yoast_head":"<!-- This site is optimized with the Yoast SEO plugin v26.6 - https:\/\/yoast.com\/wordpress\/plugins\/seo\/ -->\n<title>[Agenda] R\u00e9sultats du week-end du 27 et 28 Janvier 2024 &#8226; FOOTBALL CLUB GUEUGNON<\/title>\n<meta name=\"robots\" content=\"index, follow, max-snippet:-1, max-image-preview:large, max-video-preview:-1\" \/>\n<link rel=\"canonical\" href=\"https:\/\/www.fcgueugnon.fr\/site\/agenda-resultats-week-end-du-27-et-28-janvier-2024\/8277\" \/>\n<meta property=\"og:locale\" content=\"fr_FR\" \/>\n<meta property=\"og:type\" content=\"article\" \/>\n<meta property=\"og:title\" content=\"[Agenda] R\u00e9sultats du week-end du 27 et 28 Janvier 2024 &#8226; FOOTBALL CLUB GUEUGNON\" \/>\n<meta property=\"og:description\" content=\"Au programme de nos forgerons ce week-end : S\u00e9niors Groupe N3 \u2013 N3 J14 \u2611Samedi 27\/01 &#8211; 18h00FC Gueugnon \/ GFA Rumilly Valli\u00e8res : 0-1 Groupe Espoirs \u2013 R1 Match de pr\u00e9paration \u2705Samedi 27\/01 &#8211; 15h00JS Montchanin Odra \/ FC Gueugnon : 0-3 Sport E.Leclerc Acad\u00e9mie U18 \u2013 R1&nbsp;Amical \u2705Dimanche 28\/01 &#8211; 11h00FC Montceau \/ ... Lire la suite\" \/>\n<meta property=\"og:url\" content=\"https:\/\/www.fcgueugnon.fr\/site\/agenda-resultats-week-end-du-27-et-28-janvier-2024\/8277\" \/>\n<meta property=\"og:site_name\" content=\"FOOTBALL CLUB GUEUGNON\" \/>\n<meta property=\"article:publisher\" content=\"http:\/\/facebook.com\/FCGueugnon\" \/>\n<meta property=\"article:published_time\" content=\"2024-01-29T10:50:00+00:00\" \/>\n<meta property=\"og:image\" content=\"https:\/\/www.fcgueugnon.fr\/site\/wp-content\/uploads\/2023\/09\/resultats-visu.png\" \/>\n\t<meta property=\"og:image:width\" content=\"1564\" \/>\n\t<meta property=\"og:image:height\" content=\"880\" \/>\n\t<meta property=\"og:image:type\" content=\"image\/png\" \/>\n<meta name=\"author\" content=\"FC Gueugnon\" \/>\n<meta name=\"twitter:card\" content=\"summary_large_image\" \/>\n<meta name=\"twitter:creator\" content=\"@FCGueugnon_off\" \/>\n<meta name=\"twitter:site\" content=\"@FCGueugnon_off\" \/>\n<meta name=\"twitter:label1\" content=\"\u00c9crit par\" \/>\n\t<meta name=\"twitter:data1\" content=\"FC Gueugnon\" \/>\n\t<meta name=\"twitter:label2\" content=\"Dur\u00e9e de lecture estim\u00e9e\" \/>\n\t<meta name=\"twitter:data2\" content=\"5 minutes\" \/>\n<script type=\"application\/ld+json\" class=\"yoast-schema-graph\">{\"@context\":\"https:\/\/schema.org\",\"@graph\":[{\"@type\":\"Article\",\"@id\":\"https:\/\/www.fcgueugnon.fr\/site\/agenda-resultats-week-end-du-27-et-28-janvier-2024\/8277#article\",\"isPartOf\":{\"@id\":\"https:\/\/www.fcgueugnon.fr\/site\/agenda-resultats-week-end-du-27-et-28-janvier-2024\/8277\"},\"author\":{\"name\":\"FC Gueugnon\",\"@id\":\"https:\/\/www.fcgueugnon.fr\/site\/#\/schema\/person\/6b88acb9354d23e86675fc81c54ed359\"},\"headline\":\"[Agenda] R\u00e9sultats du week-end du 27 et 28 Janvier 2024\",\"datePublished\":\"2024-01-29T10:50:00+00:00\",\"mainEntityOfPage\":{\"@id\":\"https:\/\/www.fcgueugnon.fr\/site\/agenda-resultats-week-end-du-27-et-28-janvier-2024\/8277\"},\"wordCount\":253,\"publisher\":{\"@id\":\"https:\/\/www.fcgueugnon.fr\/site\/#organization\"},\"image\":{\"@id\":\"https:\/\/www.fcgueugnon.fr\/site\/agenda-resultats-week-end-du-27-et-28-janvier-2024\/8277#primaryimage\"},\"thumbnailUrl\":\"https:\/\/www.fcgueugnon.fr\/site\/wp-content\/uploads\/2023\/09\/resultats-visu.png\",\"keywords\":[\"Agenda\",\"Sport E.Leclerc Acad\u00e9mie : Jeunes \/ Formation\"],\"articleSection\":[\"News\",\"News 2023\/2024\"],\"inLanguage\":\"fr-FR\"},{\"@type\":\"WebPage\",\"@id\":\"https:\/\/www.fcgueugnon.fr\/site\/agenda-resultats-week-end-du-27-et-28-janvier-2024\/8277\",\"url\":\"https:\/\/www.fcgueugnon.fr\/site\/agenda-resultats-week-end-du-27-et-28-janvier-2024\/8277\",\"name\":\"[Agenda] R\u00e9sultats du week-end du 27 et 28 Janvier 2024 &#8226; FOOTBALL CLUB GUEUGNON\",\"isPartOf\":{\"@id\":\"https:\/\/www.fcgueugnon.fr\/site\/#website\"},\"primaryImageOfPage\":{\"@id\":\"https:\/\/www.fcgueugnon.fr\/site\/agenda-resultats-week-end-du-27-et-28-janvier-2024\/8277#primaryimage\"},\"image\":{\"@id\":\"https:\/\/www.fcgueugnon.fr\/site\/agenda-resultats-week-end-du-27-et-28-janvier-2024\/8277#primaryimage\"},\"thumbnailUrl\":\"https:\/\/www.fcgueugnon.fr\/site\/wp-content\/uploads\/2023\/09\/resultats-visu.png\",\"datePublished\":\"2024-01-29T10:50:00+00:00\",\"breadcrumb\":{\"@id\":\"https:\/\/www.fcgueugnon.fr\/site\/agenda-resultats-week-end-du-27-et-28-janvier-2024\/8277#breadcrumb\"},\"inLanguage\":\"fr-FR\",\"potentialAction\":[{\"@type\":\"ReadAction\",\"target\":[\"https:\/\/www.fcgueugnon.fr\/site\/agenda-resultats-week-end-du-27-et-28-janvier-2024\/8277\"]}]},{\"@type\":\"ImageObject\",\"inLanguage\":\"fr-FR\",\"@id\":\"https:\/\/www.fcgueugnon.fr\/site\/agenda-resultats-week-end-du-27-et-28-janvier-2024\/8277#primaryimage\",\"url\":\"https:\/\/www.fcgueugnon.fr\/site\/wp-content\/uploads\/2023\/09\/resultats-visu.png\",\"contentUrl\":\"https:\/\/www.fcgueugnon.fr\/site\/wp-content\/uploads\/2023\/09\/resultats-visu.png\",\"width\":1564,\"height\":880},{\"@type\":\"BreadcrumbList\",\"@id\":\"https:\/\/www.fcgueugnon.fr\/site\/agenda-resultats-week-end-du-27-et-28-janvier-2024\/8277#breadcrumb\",\"itemListElement\":[{\"@type\":\"ListItem\",\"position\":1,\"name\":\"Accueil\",\"item\":\"https:\/\/www.fcgueugnon.fr\/site\/\"},{\"@type\":\"ListItem\",\"position\":2,\"name\":\"[Agenda] R\u00e9sultats du week-end du 27 et 28 Janvier 2024\"}]},{\"@type\":\"WebSite\",\"@id\":\"https:\/\/www.fcgueugnon.fr\/site\/#website\",\"url\":\"https:\/\/www.fcgueugnon.fr\/site\/\",\"name\":\"FOOTBALL CLUB GUEUGNON\",\"description\":\"Le Site Officiel des Forgerons\",\"publisher\":{\"@id\":\"https:\/\/www.fcgueugnon.fr\/site\/#organization\"},\"potentialAction\":[{\"@type\":\"SearchAction\",\"target\":{\"@type\":\"EntryPoint\",\"urlTemplate\":\"https:\/\/www.fcgueugnon.fr\/site\/?s={search_term_string}\"},\"query-input\":{\"@type\":\"PropertyValueSpecification\",\"valueRequired\":true,\"valueName\":\"search_term_string\"}}],\"inLanguage\":\"fr-FR\"},{\"@type\":\"Organization\",\"@id\":\"https:\/\/www.fcgueugnon.fr\/site\/#organization\",\"name\":\"FC Gueugnon\",\"url\":\"https:\/\/www.fcgueugnon.fr\/site\/\",\"logo\":{\"@type\":\"ImageObject\",\"inLanguage\":\"fr-FR\",\"@id\":\"https:\/\/www.fcgueugnon.fr\/site\/#\/schema\/logo\/image\/\",\"url\":\"https:\/\/www.fcgueugnon.fr\/site\/wp-content\/uploads\/2022\/07\/cropped-Logo-FCGUEUGNON-low-350x350-1.png\",\"contentUrl\":\"https:\/\/www.fcgueugnon.fr\/site\/wp-content\/uploads\/2022\/07\/cropped-Logo-FCGUEUGNON-low-350x350-1.png\",\"width\":350,\"height\":350,\"caption\":\"FC Gueugnon\"},\"image\":{\"@id\":\"https:\/\/www.fcgueugnon.fr\/site\/#\/schema\/logo\/image\/\"},\"sameAs\":[\"http:\/\/facebook.com\/FCGueugnon\",\"https:\/\/x.com\/FCGueugnon_off\",\"https:\/\/www.instagram.com\/fcgueugnon\/\",\"https:\/\/www.linkedin.com\/company\/football-club-de-gueugnon\/\",\"https:\/\/www.youtube.com\/user\/FCGueugnonnais\",\"https:\/\/fr.wikipedia.org\/wiki\/Football_Club_de_Gueugnon\"]},{\"@type\":\"Person\",\"@id\":\"https:\/\/www.fcgueugnon.fr\/site\/#\/schema\/person\/6b88acb9354d23e86675fc81c54ed359\",\"name\":\"FC Gueugnon\",\"url\":\"https:\/\/www.fcgueugnon.fr\/site\/author\/man-antu\"}]}<\/script>\n<!-- \/ Yoast SEO plugin. -->","yoast_head_json":{"title":"[Agenda] R\u00e9sultats du week-end du 27 et 28 Janvier 2024 &#8226; FOOTBALL CLUB GUEUGNON","robots":{"index":"index","follow":"follow","max-snippet":"max-snippet:-1","max-image-preview":"max-image-preview:large","max-video-preview":"max-video-preview:-1"},"canonical":"https:\/\/www.fcgueugnon.fr\/site\/agenda-resultats-week-end-du-27-et-28-janvier-2024\/8277","og_locale":"fr_FR","og_type":"article","og_title":"[Agenda] R\u00e9sultats du week-end du 27 et 28 Janvier 2024 &#8226; FOOTBALL CLUB GUEUGNON","og_description":"Au programme de nos forgerons ce week-end : S\u00e9niors Groupe N3 \u2013 N3 J14 \u2611Samedi 27\/01 &#8211; 18h00FC Gueugnon \/ GFA Rumilly Valli\u00e8res : 0-1 Groupe Espoirs \u2013 R1 Match de pr\u00e9paration \u2705Samedi 27\/01 &#8211; 15h00JS Montchanin Odra \/ FC Gueugnon : 0-3 Sport E.Leclerc Acad\u00e9mie U18 \u2013 R1&nbsp;Amical \u2705Dimanche 28\/01 &#8211; 11h00FC Montceau \/ ... Lire la suite","og_url":"https:\/\/www.fcgueugnon.fr\/site\/agenda-resultats-week-end-du-27-et-28-janvier-2024\/8277","og_site_name":"FOOTBALL CLUB GUEUGNON","article_publisher":"http:\/\/facebook.com\/FCGueugnon","article_published_time":"2024-01-29T10:50:00+00:00","og_image":[{"width":1564,"height":880,"url":"https:\/\/www.fcgueugnon.fr\/site\/wp-content\/uploads\/2023\/09\/resultats-visu.png","type":"image\/png"}],"author":"FC Gueugnon","twitter_card":"summary_large_image","twitter_creator":"@FCGueugnon_off","twitter_site":"@FCGueugnon_off","twitter_misc":{"\u00c9crit par":"FC Gueugnon","Dur\u00e9e de lecture estim\u00e9e":"5 minutes"},"schema":{"@context":"https:\/\/schema.org","@graph":[{"@type":"Article","@id":"https:\/\/www.fcgueugnon.fr\/site\/agenda-resultats-week-end-du-27-et-28-janvier-2024\/8277#article","isPartOf":{"@id":"https:\/\/www.fcgueugnon.fr\/site\/agenda-resultats-week-end-du-27-et-28-janvier-2024\/8277"},"author":{"name":"FC Gueugnon","@id":"https:\/\/www.fcgueugnon.fr\/site\/#\/schema\/person\/6b88acb9354d23e86675fc81c54ed359"},"headline":"[Agenda] R\u00e9sultats du week-end du 27 et 28 Janvier 2024","datePublished":"2024-01-29T10:50:00+00:00","mainEntityOfPage":{"@id":"https:\/\/www.fcgueugnon.fr\/site\/agenda-resultats-week-end-du-27-et-28-janvier-2024\/8277"},"wordCount":253,"publisher":{"@id":"https:\/\/www.fcgueugnon.fr\/site\/#organization"},"image":{"@id":"https:\/\/www.fcgueugnon.fr\/site\/agenda-resultats-week-end-du-27-et-28-janvier-2024\/8277#primaryimage"},"thumbnailUrl":"https:\/\/www.fcgueugnon.fr\/site\/wp-content\/uploads\/2023\/09\/resultats-visu.png","keywords":["Agenda","Sport E.Leclerc Acad\u00e9mie : Jeunes \/ Formation"],"articleSection":["News","News 2023\/2024"],"inLanguage":"fr-FR"},{"@type":"WebPage","@id":"https:\/\/www.fcgueugnon.fr\/site\/agenda-resultats-week-end-du-27-et-28-janvier-2024\/8277","url":"https:\/\/www.fcgueugnon.fr\/site\/agenda-resultats-week-end-du-27-et-28-janvier-2024\/8277","name":"[Agenda] R\u00e9sultats du week-end du 27 et 28 Janvier 2024 &#8226; FOOTBALL CLUB GUEUGNON","isPartOf":{"@id":"https:\/\/www.fcgueugnon.fr\/site\/#website"},"primaryImageOfPage":{"@id":"https:\/\/www.fcgueugnon.fr\/site\/agenda-resultats-week-end-du-27-et-28-janvier-2024\/8277#primaryimage"},"image":{"@id":"https:\/\/www.fcgueugnon.fr\/site\/agenda-resultats-week-end-du-27-et-28-janvier-2024\/8277#primaryimage"},"thumbnailUrl":"https:\/\/www.fcgueugnon.fr\/site\/wp-content\/uploads\/2023\/09\/resultats-visu.png","datePublished":"2024-01-29T10:50:00+00:00","breadcrumb":{"@id":"https:\/\/www.fcgueugnon.fr\/site\/agenda-resultats-week-end-du-27-et-28-janvier-2024\/8277#breadcrumb"},"inLanguage":"fr-FR","potentialAction":[{"@type":"ReadAction","target":["https:\/\/www.fcgueugnon.fr\/site\/agenda-resultats-week-end-du-27-et-28-janvier-2024\/8277"]}]},{"@type":"ImageObject","inLanguage":"fr-FR","@id":"https:\/\/www.fcgueugnon.fr\/site\/agenda-resultats-week-end-du-27-et-28-janvier-2024\/8277#primaryimage","url":"https:\/\/www.fcgueugnon.fr\/site\/wp-content\/uploads\/2023\/09\/resultats-visu.png","contentUrl":"https:\/\/www.fcgueugnon.fr\/site\/wp-content\/uploads\/2023\/09\/resultats-visu.png","width":1564,"height":880},{"@type":"BreadcrumbList","@id":"https:\/\/www.fcgueugnon.fr\/site\/agenda-resultats-week-end-du-27-et-28-janvier-2024\/8277#breadcrumb","itemListElement":[{"@type":"ListItem","position":1,"name":"Accueil","item":"https:\/\/www.fcgueugnon.fr\/site\/"},{"@type":"ListItem","position":2,"name":"[Agenda] R\u00e9sultats du week-end du 27 et 28 Janvier 2024"}]},{"@type":"WebSite","@id":"https:\/\/www.fcgueugnon.fr\/site\/#website","url":"https:\/\/www.fcgueugnon.fr\/site\/","name":"FOOTBALL CLUB GUEUGNON","description":"Le Site Officiel des Forgerons","publisher":{"@id":"https:\/\/www.fcgueugnon.fr\/site\/#organization"},"potentialAction":[{"@type":"SearchAction","target":{"@type":"EntryPoint","urlTemplate":"https:\/\/www.fcgueugnon.fr\/site\/?s={search_term_string}"},"query-input":{"@type":"PropertyValueSpecification","valueRequired":true,"valueName":"search_term_string"}}],"inLanguage":"fr-FR"},{"@type":"Organization","@id":"https:\/\/www.fcgueugnon.fr\/site\/#organization","name":"FC Gueugnon","url":"https:\/\/www.fcgueugnon.fr\/site\/","logo":{"@type":"ImageObject","inLanguage":"fr-FR","@id":"https:\/\/www.fcgueugnon.fr\/site\/#\/schema\/logo\/image\/","url":"https:\/\/www.fcgueugnon.fr\/site\/wp-content\/uploads\/2022\/07\/cropped-Logo-FCGUEUGNON-low-350x350-1.png","contentUrl":"https:\/\/www.fcgueugnon.fr\/site\/wp-content\/uploads\/2022\/07\/cropped-Logo-FCGUEUGNON-low-350x350-1.png","width":350,"height":350,"caption":"FC Gueugnon"},"image":{"@id":"https:\/\/www.fcgueugnon.fr\/site\/#\/schema\/logo\/image\/"},"sameAs":["http:\/\/facebook.com\/FCGueugnon","https:\/\/x.com\/FCGueugnon_off","https:\/\/www.instagram.com\/fcgueugnon\/","https:\/\/www.linkedin.com\/company\/football-club-de-gueugnon\/","https:\/\/www.youtube.com\/user\/FCGueugnonnais","https:\/\/fr.wikipedia.org\/wiki\/Football_Club_de_Gueugnon"]},{"@type":"Person","@id":"https:\/\/www.fcgueugnon.fr\/site\/#\/schema\/person\/6b88acb9354d23e86675fc81c54ed359","name":"FC Gueugnon","url":"https:\/\/www.fcgueugnon.fr\/site\/author\/man-antu"}]}},"rttpg_featured_image_url":{"full":["https:\/\/www.fcgueugnon.fr\/site\/wp-content\/uploads\/2023\/09\/resultats-visu.png",1564,880,false],"landscape":["https:\/\/www.fcgueugnon.fr\/site\/wp-content\/uploads\/2023\/09\/resultats-visu.png",1564,880,false],"portraits":["https:\/\/www.fcgueugnon.fr\/site\/wp-content\/uploads\/2023\/09\/resultats-visu.png",1564,880,false],"thumbnail":["https:\/\/www.fcgueugnon.fr\/site\/wp-content\/uploads\/2023\/09\/resultats-visu-150x150.png",150,150,true],"medium":["https:\/\/www.fcgueugnon.fr\/site\/wp-content\/uploads\/2023\/09\/resultats-visu-400x225.png",400,225,true],"large":["https:\/\/www.fcgueugnon.fr\/site\/wp-content\/uploads\/2023\/09\/resultats-visu-1024x576.png",1024,576,true],"1536x1536":["https:\/\/www.fcgueugnon.fr\/site\/wp-content\/uploads\/2023\/09\/resultats-visu-1536x864.png",1536,864,true],"2048x2048":["https:\/\/www.fcgueugnon.fr\/site\/wp-content\/uploads\/2023\/09\/resultats-visu.png",1564,880,false]},"rttpg_author":{"display_name":"FC Gueugnon","author_link":"https:\/\/www.fcgueugnon.fr\/site\/author\/man-antu"},"rttpg_comment":0,"rttpg_category":"<a href=\"https:\/\/www.fcgueugnon.fr\/site\/category\/news\" rel=\"category tag\">News<\/a> <a href=\"https:\/\/www.fcgueugnon.fr\/site\/category\/news\/news-2023-2024\" rel=\"category tag\">News 2023\/2024<\/a>","rttpg_excerpt":"Au programme de nos forgerons ce week-end : S\u00e9niors Groupe N3 \u2013 N3 J14 \u2611Samedi 27\/01 &#8211; 18h00FC Gueugnon \/ GFA Rumilly Valli\u00e8res : 0-1 Groupe Espoirs \u2013 R1 Match de pr\u00e9paration \u2705Samedi 27\/01 &#8211; 15h00JS Montchanin Odra \/ FC Gueugnon : 0-3 Sport E.Leclerc Acad\u00e9mie U18 \u2013 R1&nbsp;Amical \u2705Dimanche 28\/01 &#8211; 11h00FC Montceau \/\u2026","_links":{"self":[{"href":"https:\/\/www.fcgueugnon.fr\/site\/wp-json\/wp\/v2\/posts\/8277","targetHints":{"allow":["GET"]}}],"collection":[{"href":"https:\/\/www.fcgueugnon.fr\/site\/wp-json\/wp\/v2\/posts"}],"about":[{"href":"https:\/\/www.fcgueugnon.fr\/site\/wp-json\/wp\/v2\/types\/post"}],"author":[{"embeddable":true,"href":"https:\/\/www.fcgueugnon.fr\/site\/wp-json\/wp\/v2\/users\/4"}],"replies":[{"embeddable":true,"href":"https:\/\/www.fcgueugnon.fr\/site\/wp-json\/wp\/v2\/comments?post=8277"}],"version-history":[{"count":5,"href":"https:\/\/www.fcgueugnon.fr\/site\/wp-json\/wp\/v2\/posts\/8277\/revisions"}],"predecessor-version":[{"id":8302,"href":"https:\/\/www.fcgueugnon.fr\/site\/wp-json\/wp\/v2\/posts\/8277\/revisions\/8302"}],"wp:featuredmedia":[{"embeddable":true,"href":"https:\/\/www.fcgueugnon.fr\/site\/wp-json\/wp\/v2\/media\/6061"}],"wp:attachment":[{"href":"https:\/\/www.fcgueugnon.fr\/site\/wp-json\/wp\/v2\/media?parent=8277"}],"wp:term":[{"taxonomy":"category","embeddable":true,"href":"https:\/\/www.fcgueugnon.fr\/site\/wp-json\/wp\/v2\/categories?post=8277"},{"taxonomy":"post_tag","embeddable":true,"href":"https:\/\/www.fcgueugnon.fr\/site\/wp-json\/wp\/v2\/tags?post=8277"}],"curies":[{"name":"wp","href":"https:\/\/api.w.org\/{rel}","templated":true}]}}