{"id":8261,"date":"2024-01-27T16:55:00","date_gmt":"2024-01-27T15:55:00","guid":{"rendered":"https:\/\/www.fcgueugnon.fr\/site\/?p=8261"},"modified":"2024-01-25T21:55:55","modified_gmt":"2024-01-25T20:55:55","slug":"interview-forgeron-mag-9-avec-basile-delclaux","status":"publish","type":"post","link":"https:\/\/www.fcgueugnon.fr\/site\/interview-forgeron-mag-9-avec-basile-delclaux\/8261","title":{"rendered":"[Interview] Forgeron Mag #9 avec Basile DELCLAUX"},"content":{"rendered":"\n<h3 class=\"wp-block-heading\">D\u00e9couvrez en int\u00e9gralit\u00e9 l&rsquo;entretien de Basile DELCLAUX diffus\u00e9 \u00e0 l&rsquo;occasion de la r\u00e9ception du GFA Rumilly Valli\u00e8res pour la 14e journ\u00e9ee de N3<\/h3>\n\n\n\n<div style=\"height:75px\" aria-hidden=\"true\" class=\"wp-block-spacer\"><\/div>\n\n\n<div class=\"wp-block-image\">\n<figure class=\"aligncenter size-full is-resized\"><img loading=\"lazy\" decoding=\"async\" width=\"2048\" height=\"1536\" src=\"https:\/\/www.fcgueugnon.fr\/site\/wp-content\/uploads\/2022\/10\/basile-delclaux-fc-gueugnon.jpg\" alt=\"\" class=\"wp-image-2093\" style=\"width:768px;height:512px\" srcset=\"https:\/\/www.fcgueugnon.fr\/site\/wp-content\/uploads\/2022\/10\/basile-delclaux-fc-gueugnon.jpg 2048w, https:\/\/www.fcgueugnon.fr\/site\/wp-content\/uploads\/2022\/10\/basile-delclaux-fc-gueugnon-400x300.jpg 400w, https:\/\/www.fcgueugnon.fr\/site\/wp-content\/uploads\/2022\/10\/basile-delclaux-fc-gueugnon-1024x768.jpg 1024w, https:\/\/www.fcgueugnon.fr\/site\/wp-content\/uploads\/2022\/10\/basile-delclaux-fc-gueugnon-768x576.jpg 768w, https:\/\/www.fcgueugnon.fr\/site\/wp-content\/uploads\/2022\/10\/basile-delclaux-fc-gueugnon-1536x1152.jpg 1536w, https:\/\/www.fcgueugnon.fr\/site\/wp-content\/uploads\/2022\/10\/basile-delclaux-fc-gueugnon-1320x990.jpg 1320w\" sizes=\"auto, (max-width: 2048px) 100vw, 2048px\" \/><\/figure>\n<\/div>\n\n\n<div style=\"height:75px\" aria-hidden=\"true\" class=\"wp-block-spacer\"><\/div>\n\n\n\n<p><strong>Bonjour Basile, peux-tu te pr\u00e9senter\u00a0:<\/strong><br>\u00ab Salut, je suis Basile Delclaux, j&rsquo;ai 24 ans et je viens de Rodez, en Aveyron. J&rsquo;ai rejoint le club la saison derni\u00e8re.\u00a0\u00bb<\/p>\n\n\n\n<p><strong>Pourrais-tu nous parler de tes d\u00e9but dans le foot jusqu\u2019\u00e0 aujourd\u2019hui\u00a0:<\/strong><br>\u00ab J&rsquo;ai d\u00e9but\u00e9 le football \u00e0 l&rsquo;\u00e2ge de 5 ans au Rodez Aveyron Football. J&rsquo;y ai suivi ma formation et jou\u00e9 jusqu&rsquo;\u00e0 mes 22 ans. Apr\u00e8s quatre saisons avec la r\u00e9serve en N3, j&rsquo;ai rejoint le FCG \u00e0 l&rsquo;\u00e9t\u00e9 2022.\u00a0\u00bb<\/p>\n\n\n\n<p><strong>Pourquoi as-tu rejoint le FCG\u00a0? Est-ce que les deux clubs ont beaucoup de diff\u00e9rences\u00a0?<\/strong><br>\u00ab \u00c0 la fin de la saison 2021-2022, j&rsquo;ai ressenti le besoin de me lancer dans un nouveau d\u00e9fi, de sortir de ma zone de confort. Le FCG, avec son histoire et son projet sportif, s&rsquo;est av\u00e9r\u00e9 \u00eatre la meilleure destination pour ce nouveau challenge. Comme je l&rsquo;ai mentionn\u00e9 \u00e0 mon arriv\u00e9e l&rsquo;\u00e9t\u00e9 dernier, je retrouve ici des valeurs que j&rsquo;ai eu la chance de d\u00e9couvrir et d&rsquo;adopter au Rodez Aveyron Football, comme le travail, la rigueur et le plaisir.\u00a0\u00bb<\/p>\n\n\n\n<figure class=\"wp-block-pullquote\"><blockquote><p>\u00ab Le FCG, avec son histoire et son projet sportif, s&rsquo;est av\u00e9r\u00e9 \u00eatre la meilleure destination pour ce nouveau challenge. \u00bb<\/p><\/blockquote><\/figure>\n\n\n\n<p><strong>Parle nous de ton quotidien, comment tu t\u2019occupes dans la vie de tous les jours\u00a0?<\/strong><br>\u00ab Bien s\u00fbr, je suis un grand amateur de football \u00e0 la t\u00e9l\u00e9vision, mais je suis \u00e9galement int\u00e9ress\u00e9 par le basket, les films et les s\u00e9ries. Une partie significative de mon temps libre est consacr\u00e9e \u00e0 optimiser ma r\u00e9cup\u00e9ration, incluant le repos, les \u00e9tirements, les massages et les soins. J&rsquo;appr\u00e9cie \u00e9galement \u00e9couter de la musique.\u00a0\u00bb<\/p>\n\n\n\n<p><strong>Rodez Aveyron \u00e0 la campagne Charolaise, comment vis-tu le changement de cadre\u00a0?<\/strong><br>Avant de venir ici, je r\u00e9sidais encore chez mes parents, donc le changement le plus notable pour moi est de vivre loin de ma famille, de mes parents et de mes fr\u00e8res.\u00a0\u00bb<\/p>\n\n\n\n<p><strong>Parle nous de ton parcours scolaire :<\/strong><br>\u00ab J&rsquo;ai obtenu une licence en \u00c9ducation et Motricit\u00e9, dans le cadre de la fili\u00e8re STAPS. Apr\u00e8s l&rsquo;ach\u00e8vement de ce dipl\u00f4me, j&rsquo;ai ressenti le besoin de poursuivre ma formation en parall\u00e8le de ma pratique sportive. Ainsi, j&rsquo;ai obtenu le Brevet de Moniteur de Football. \u00c0 mes yeux, il est crucial de maintenir un double projet tout en \u00e9tant engag\u00e9 dans le football, en vue de pr\u00e9parer efficacement une \u00e9ventuelle reconversion.\u00a0\u00bb<\/p>\n\n\n\n<figure class=\"wp-block-pullquote\"><blockquote><p>\u00ab je suis ravi de retrouver les terrains et de contribuer \u00e0 l&rsquo;\u00e9quipe. Je m&rsquo;investis quotidiennement pour progresser et \u00eatre en mesure d&rsquo;encha\u00eener les matchs. \u00bb<\/p><\/blockquote><\/figure>\n\n\n\n<p><strong>Tu n&rsquo;as pas \u00e9t\u00e9 tr\u00e8s chanceux sur le plan des blessures. Comment as-tu v\u00e9cu ces moments\u00a0? <\/strong><br>\u00ab J&rsquo;ai \u00e9t\u00e9 \u00e9cart\u00e9 des terrains pendant la seconde moiti\u00e9 de la saison pr\u00e9c\u00e9dente en raison d&rsquo;une pubalgie, une blessure exigeante et de longue dur\u00e9e \u00e0 traiter. Cette p\u00e9riode a constitu\u00e9 ma premi\u00e8re exp\u00e9rience avec une blessure majeure, n\u00e9cessitant une grande patience de ma part. Malheureusement, lors du premier match amical de cet \u00e9t\u00e9, j&rsquo;ai subi une grave blessure \u00e0 la cheville, ce qui m&rsquo;a \u00e9loign\u00e9 des terrains pendant trois mois. Ces incidents m&rsquo;ont permis d&rsquo;am\u00e9liorer mes pratiques de pr\u00e9vention et de r\u00e9cup\u00e9ration, et aujourd&rsquo;hui, je tire des enseignements positifs de ces exp\u00e9riences.\u00a0\u00bb<\/p>\n\n\n\n<p><strong>Tu es revenu dans le groupe depuis quelques matchs, comment tu te sens actuellement\u00a0?<\/strong><br>\u00ab Effectivement, je suis ravi de retrouver les terrains et de contribuer \u00e0 l&rsquo;\u00e9quipe. Je m&rsquo;investis quotidiennement pour progresser et \u00eatre en mesure d&rsquo;encha\u00eener les matchs.<\/p>\n\n\n\n<p><strong>Qu\u2019elle est ton \u00e9quipe et ton joueur favoris\u00a0?<\/strong><br>\u00ab Je suis un fervent admirateur de Lionel Messi, et par cons\u00e9quent, j&rsquo;ai toujours appr\u00e9ci\u00e9 regarder les matchs du FC Barcelone.\u00a0\u00bb<\/p>\n\n\n\n<p><strong>Quel serait ton poste pr\u00e9f\u00e9r\u00e9 en d\u00e9fense :<\/strong><br>\u00ab J&rsquo;ai eu la possibilit\u00e9 de jouer pratiquement \u00e0 tous les postes en d\u00e9fense, que ce soit en tant que d\u00e9fenseur central, lat\u00e9ral ou piston, comme c&rsquo;est le cas r\u00e9cemment. Parmi ces postes, j&rsquo;ai une pr\u00e9f\u00e9rence pour ceux sur le c\u00f4t\u00e9.<\/p>\n\n\n\n<figure class=\"wp-block-pullquote\"><blockquote><p>\u00ab  Votre soutien est crucial pour nous, et nous nous battrons \u00e0 chaque match pour faire briller le FCG. \u00bb<\/p><\/blockquote><\/figure>\n\n\n\n<p><strong>Nous nous sommes quitt\u00e9s sur 2 d\u00e9faites \u00e0 la tr\u00eave, la reprise a commenc\u00e9 sur une victoire face \u00e0 Vesoul, comment est le barom\u00e8tre dans l\u2019\u00e9quipe\u00a0?<\/strong><br>\u00ab Nous avons r\u00e9ussi \u00e0 remporter notre premier match \u00e0 l&rsquo;ext\u00e9rieur contre Vesoul, ce qui restaure consid\u00e9rablement notre confiance apr\u00e8s deux r\u00e9sultats difficiles avant la tr\u00eave. Cela nous permettra d&rsquo;aborder les prochains matchs avec assurance et d\u00e9termination.\u00a0\u00bb<\/p>\n\n\n\n<p><strong>Comment allez-vous aborder cette rencontre\u00a0?<\/strong><br>\u00ab Nous devons approcher ce match avec assurance, concentration et d\u00e9termination pour esp\u00e9rer enregistrer une deuxi\u00e8me victoire cons\u00e9cutive.\u00a0\u00bb<\/p>\n\n\n\n<p><strong>Un dernier mot\u00a0?<\/strong><br>\u00ab Je tiens \u00e0 m&rsquo;adresser \u00e0 tous les supporters et ultras qui se rendent au stade et viennent nous encourager \u00e0 l\u2019ext\u00e9rieur. Votre soutien est crucial pour nous, et nous nous battrons \u00e0 chaque match pour faire briller le FCG.\u00a0\u00bb<\/p>\n\n\n\n<p><br><\/p>\n\n\n\n<div style=\"height:100px\" aria-hidden=\"true\" class=\"wp-block-spacer\"><\/div>\n\n\n\n<hr class=\"wp-block-separator has-alpha-channel-opacity\"\/>\n\n\n\n<h3 class=\"wp-block-heading\">Retrouvez le Forgeron Mag #09 en int\u00e9gralit\u00e9<\/h3>\n\n\n\n<div class=\"wp-block-pdf-viewer-block-standard\" style=\"text-align:left\"><div class=\"uploaded-pdf\"><a href=\"https:\/\/www.fcgueugnon.fr\/site\/wp-content\/uploads\/2024\/01\/forgeron-mag-FCG-GFA-J14.pdf\" data-width=\"\" data-height=\"\"><\/a><\/div><\/div>\n\n\n\n<div class=\"wp-block-buttons is-layout-flex wp-block-buttons-is-layout-flex\">\n<div class=\"wp-block-button alignright is-style-circular\"><a class=\"wp-block-button__link wp-element-button\" href=\"https:\/\/www.fcgueugnon.fr\/site\/wp-content\/uploads\/2024\/01\/forgeron-mag-FCG-GFA-J14.pdf\">T\u00e9l\u00e9charger<\/a><\/div>\n<\/div>\n","protected":false},"excerpt":{"rendered":"<p>D\u00e9couvrez en int\u00e9gralit\u00e9 l&rsquo;entretien de Basile DELCLAUX diffus\u00e9 \u00e0 l&rsquo;occasion de la r\u00e9ception du GFA Rumilly Valli\u00e8res pour la 14e journ\u00e9ee de N3 Bonjour Basile, peux-tu te pr\u00e9senter\u00a0:\u00ab Salut, je suis Basile Delclaux, j&rsquo;ai 24 ans et je viens de Rodez, en Aveyron. J&rsquo;ai rejoint le club la saison derni\u00e8re.\u00a0\u00bb Pourrais-tu nous parler de tes &#8230; <\/p>\n<p class=\"read-more-container\"><a title=\"[Interview] Forgeron Mag #9 avec Basile DELCLAUX\" class=\"read-more button\" href=\"https:\/\/www.fcgueugnon.fr\/site\/interview-forgeron-mag-9-avec-basile-delclaux\/8261#more-8261\" aria-label=\"Plus sur [Interview] Forgeron Mag #9 avec Basile DELCLAUX\">Lire la suite<\/a><\/p>\n","protected":false},"author":2,"featured_media":2093,"comment_status":"closed","ping_status":"closed","sticky":false,"template":"","format":"standard","meta":{"footnotes":""},"categories":[4,55],"tags":[24,11],"class_list":["post-8261","post","type-post","status-publish","format-standard","has-post-thumbnail","hentry","category-news","category-news-2023-2024","tag-forgeron-mag","tag-interview","infinite-scroll-item","generate-columns","tablet-grid-50","mobile-grid-100","grid-parent","grid-25","resize-featured-image"],"yoast_head":"<!-- This site is optimized with the Yoast SEO plugin v26.6 - https:\/\/yoast.com\/wordpress\/plugins\/seo\/ -->\n<title>[Interview] Forgeron Mag #9 avec Basile DELCLAUX &#8226; FOOTBALL CLUB GUEUGNON<\/title>\n<meta name=\"robots\" content=\"index, follow, max-snippet:-1, max-image-preview:large, max-video-preview:-1\" \/>\n<link rel=\"canonical\" href=\"https:\/\/www.fcgueugnon.fr\/site\/interview-forgeron-mag-9-avec-basile-delclaux\/8261\" \/>\n<meta property=\"og:locale\" content=\"fr_FR\" \/>\n<meta property=\"og:type\" content=\"article\" \/>\n<meta property=\"og:title\" content=\"[Interview] Forgeron Mag #9 avec Basile DELCLAUX &#8226; FOOTBALL CLUB GUEUGNON\" \/>\n<meta property=\"og:description\" content=\"D\u00e9couvrez en int\u00e9gralit\u00e9 l&rsquo;entretien de Basile DELCLAUX diffus\u00e9 \u00e0 l&rsquo;occasion de la r\u00e9ception du GFA Rumilly Valli\u00e8res pour la 14e journ\u00e9ee de N3 Bonjour Basile, peux-tu te pr\u00e9senter\u00a0:\u00ab Salut, je suis Basile Delclaux, j&rsquo;ai 24 ans et je viens de Rodez, en Aveyron. J&rsquo;ai rejoint le club la saison derni\u00e8re.\u00a0\u00bb Pourrais-tu nous parler de tes ... Lire la suite\" \/>\n<meta property=\"og:url\" content=\"https:\/\/www.fcgueugnon.fr\/site\/interview-forgeron-mag-9-avec-basile-delclaux\/8261\" \/>\n<meta property=\"og:site_name\" content=\"FOOTBALL CLUB GUEUGNON\" \/>\n<meta property=\"article:publisher\" content=\"http:\/\/facebook.com\/FCGueugnon\" \/>\n<meta property=\"article:published_time\" content=\"2024-01-27T15:55:00+00:00\" \/>\n<meta property=\"og:image\" content=\"https:\/\/www.fcgueugnon.fr\/site\/wp-content\/uploads\/2022\/10\/basile-delclaux-fc-gueugnon.jpg\" \/>\n\t<meta property=\"og:image:width\" content=\"2048\" \/>\n\t<meta property=\"og:image:height\" content=\"1536\" \/>\n\t<meta property=\"og:image:type\" content=\"image\/jpeg\" \/>\n<meta name=\"author\" content=\"FC Gueugnon\" \/>\n<meta name=\"twitter:card\" content=\"summary_large_image\" \/>\n<meta name=\"twitter:creator\" content=\"@FCGueugnon_off\" \/>\n<meta name=\"twitter:site\" content=\"@FCGueugnon_off\" \/>\n<meta name=\"twitter:label1\" content=\"\u00c9crit par\" \/>\n\t<meta name=\"twitter:data1\" content=\"FC Gueugnon\" \/>\n\t<meta name=\"twitter:label2\" content=\"Dur\u00e9e de lecture estim\u00e9e\" \/>\n\t<meta name=\"twitter:data2\" content=\"5 minutes\" \/>\n<script type=\"application\/ld+json\" class=\"yoast-schema-graph\">{\"@context\":\"https:\/\/schema.org\",\"@graph\":[{\"@type\":\"Article\",\"@id\":\"https:\/\/www.fcgueugnon.fr\/site\/interview-forgeron-mag-9-avec-basile-delclaux\/8261#article\",\"isPartOf\":{\"@id\":\"https:\/\/www.fcgueugnon.fr\/site\/interview-forgeron-mag-9-avec-basile-delclaux\/8261\"},\"author\":{\"name\":\"FC Gueugnon\",\"@id\":\"https:\/\/www.fcgueugnon.fr\/site\/#\/schema\/person\/d342d0c35e8e8f04740b9bdd734eeb20\"},\"headline\":\"[Interview] Forgeron Mag #9 avec Basile DELCLAUX\",\"datePublished\":\"2024-01-27T15:55:00+00:00\",\"mainEntityOfPage\":{\"@id\":\"https:\/\/www.fcgueugnon.fr\/site\/interview-forgeron-mag-9-avec-basile-delclaux\/8261\"},\"wordCount\":903,\"publisher\":{\"@id\":\"https:\/\/www.fcgueugnon.fr\/site\/#organization\"},\"image\":{\"@id\":\"https:\/\/www.fcgueugnon.fr\/site\/interview-forgeron-mag-9-avec-basile-delclaux\/8261#primaryimage\"},\"thumbnailUrl\":\"https:\/\/www.fcgueugnon.fr\/site\/wp-content\/uploads\/2022\/10\/basile-delclaux-fc-gueugnon.jpg\",\"keywords\":[\"Forgeron Mag\",\"Interview\"],\"articleSection\":[\"News\",\"News 2023\/2024\"],\"inLanguage\":\"fr-FR\"},{\"@type\":\"WebPage\",\"@id\":\"https:\/\/www.fcgueugnon.fr\/site\/interview-forgeron-mag-9-avec-basile-delclaux\/8261\",\"url\":\"https:\/\/www.fcgueugnon.fr\/site\/interview-forgeron-mag-9-avec-basile-delclaux\/8261\",\"name\":\"[Interview] Forgeron Mag #9 avec Basile DELCLAUX &#8226; FOOTBALL CLUB GUEUGNON\",\"isPartOf\":{\"@id\":\"https:\/\/www.fcgueugnon.fr\/site\/#website\"},\"primaryImageOfPage\":{\"@id\":\"https:\/\/www.fcgueugnon.fr\/site\/interview-forgeron-mag-9-avec-basile-delclaux\/8261#primaryimage\"},\"image\":{\"@id\":\"https:\/\/www.fcgueugnon.fr\/site\/interview-forgeron-mag-9-avec-basile-delclaux\/8261#primaryimage\"},\"thumbnailUrl\":\"https:\/\/www.fcgueugnon.fr\/site\/wp-content\/uploads\/2022\/10\/basile-delclaux-fc-gueugnon.jpg\",\"datePublished\":\"2024-01-27T15:55:00+00:00\",\"breadcrumb\":{\"@id\":\"https:\/\/www.fcgueugnon.fr\/site\/interview-forgeron-mag-9-avec-basile-delclaux\/8261#breadcrumb\"},\"inLanguage\":\"fr-FR\",\"potentialAction\":[{\"@type\":\"ReadAction\",\"target\":[\"https:\/\/www.fcgueugnon.fr\/site\/interview-forgeron-mag-9-avec-basile-delclaux\/8261\"]}]},{\"@type\":\"ImageObject\",\"inLanguage\":\"fr-FR\",\"@id\":\"https:\/\/www.fcgueugnon.fr\/site\/interview-forgeron-mag-9-avec-basile-delclaux\/8261#primaryimage\",\"url\":\"https:\/\/www.fcgueugnon.fr\/site\/wp-content\/uploads\/2022\/10\/basile-delclaux-fc-gueugnon.jpg\",\"contentUrl\":\"https:\/\/www.fcgueugnon.fr\/site\/wp-content\/uploads\/2022\/10\/basile-delclaux-fc-gueugnon.jpg\",\"width\":2048,\"height\":1536},{\"@type\":\"BreadcrumbList\",\"@id\":\"https:\/\/www.fcgueugnon.fr\/site\/interview-forgeron-mag-9-avec-basile-delclaux\/8261#breadcrumb\",\"itemListElement\":[{\"@type\":\"ListItem\",\"position\":1,\"name\":\"Accueil\",\"item\":\"https:\/\/www.fcgueugnon.fr\/site\/\"},{\"@type\":\"ListItem\",\"position\":2,\"name\":\"[Interview] Forgeron Mag #9 avec Basile DELCLAUX\"}]},{\"@type\":\"WebSite\",\"@id\":\"https:\/\/www.fcgueugnon.fr\/site\/#website\",\"url\":\"https:\/\/www.fcgueugnon.fr\/site\/\",\"name\":\"FOOTBALL CLUB GUEUGNON\",\"description\":\"Le Site Officiel des Forgerons\",\"publisher\":{\"@id\":\"https:\/\/www.fcgueugnon.fr\/site\/#organization\"},\"potentialAction\":[{\"@type\":\"SearchAction\",\"target\":{\"@type\":\"EntryPoint\",\"urlTemplate\":\"https:\/\/www.fcgueugnon.fr\/site\/?s={search_term_string}\"},\"query-input\":{\"@type\":\"PropertyValueSpecification\",\"valueRequired\":true,\"valueName\":\"search_term_string\"}}],\"inLanguage\":\"fr-FR\"},{\"@type\":\"Organization\",\"@id\":\"https:\/\/www.fcgueugnon.fr\/site\/#organization\",\"name\":\"FC Gueugnon\",\"url\":\"https:\/\/www.fcgueugnon.fr\/site\/\",\"logo\":{\"@type\":\"ImageObject\",\"inLanguage\":\"fr-FR\",\"@id\":\"https:\/\/www.fcgueugnon.fr\/site\/#\/schema\/logo\/image\/\",\"url\":\"https:\/\/www.fcgueugnon.fr\/site\/wp-content\/uploads\/2022\/07\/cropped-Logo-FCGUEUGNON-low-350x350-1.png\",\"contentUrl\":\"https:\/\/www.fcgueugnon.fr\/site\/wp-content\/uploads\/2022\/07\/cropped-Logo-FCGUEUGNON-low-350x350-1.png\",\"width\":350,\"height\":350,\"caption\":\"FC Gueugnon\"},\"image\":{\"@id\":\"https:\/\/www.fcgueugnon.fr\/site\/#\/schema\/logo\/image\/\"},\"sameAs\":[\"http:\/\/facebook.com\/FCGueugnon\",\"https:\/\/x.com\/FCGueugnon_off\",\"https:\/\/www.instagram.com\/fcgueugnon\/\",\"https:\/\/www.linkedin.com\/company\/football-club-de-gueugnon\/\",\"https:\/\/www.youtube.com\/user\/FCGueugnonnais\",\"https:\/\/fr.wikipedia.org\/wiki\/Football_Club_de_Gueugnon\"]},{\"@type\":\"Person\",\"@id\":\"https:\/\/www.fcgueugnon.fr\/site\/#\/schema\/person\/d342d0c35e8e8f04740b9bdd734eeb20\",\"name\":\"FC Gueugnon\",\"url\":\"https:\/\/www.fcgueugnon.fr\/site\/author\/s-rod\"}]}<\/script>\n<!-- \/ Yoast SEO plugin. -->","yoast_head_json":{"title":"[Interview] Forgeron Mag #9 avec Basile DELCLAUX &#8226; FOOTBALL CLUB GUEUGNON","robots":{"index":"index","follow":"follow","max-snippet":"max-snippet:-1","max-image-preview":"max-image-preview:large","max-video-preview":"max-video-preview:-1"},"canonical":"https:\/\/www.fcgueugnon.fr\/site\/interview-forgeron-mag-9-avec-basile-delclaux\/8261","og_locale":"fr_FR","og_type":"article","og_title":"[Interview] Forgeron Mag #9 avec Basile DELCLAUX &#8226; FOOTBALL CLUB GUEUGNON","og_description":"D\u00e9couvrez en int\u00e9gralit\u00e9 l&rsquo;entretien de Basile DELCLAUX diffus\u00e9 \u00e0 l&rsquo;occasion de la r\u00e9ception du GFA Rumilly Valli\u00e8res pour la 14e journ\u00e9ee de N3 Bonjour Basile, peux-tu te pr\u00e9senter\u00a0:\u00ab Salut, je suis Basile Delclaux, j&rsquo;ai 24 ans et je viens de Rodez, en Aveyron. J&rsquo;ai rejoint le club la saison derni\u00e8re.\u00a0\u00bb Pourrais-tu nous parler de tes ... Lire la suite","og_url":"https:\/\/www.fcgueugnon.fr\/site\/interview-forgeron-mag-9-avec-basile-delclaux\/8261","og_site_name":"FOOTBALL CLUB GUEUGNON","article_publisher":"http:\/\/facebook.com\/FCGueugnon","article_published_time":"2024-01-27T15:55:00+00:00","og_image":[{"width":2048,"height":1536,"url":"https:\/\/www.fcgueugnon.fr\/site\/wp-content\/uploads\/2022\/10\/basile-delclaux-fc-gueugnon.jpg","type":"image\/jpeg"}],"author":"FC Gueugnon","twitter_card":"summary_large_image","twitter_creator":"@FCGueugnon_off","twitter_site":"@FCGueugnon_off","twitter_misc":{"\u00c9crit par":"FC Gueugnon","Dur\u00e9e de lecture estim\u00e9e":"5 minutes"},"schema":{"@context":"https:\/\/schema.org","@graph":[{"@type":"Article","@id":"https:\/\/www.fcgueugnon.fr\/site\/interview-forgeron-mag-9-avec-basile-delclaux\/8261#article","isPartOf":{"@id":"https:\/\/www.fcgueugnon.fr\/site\/interview-forgeron-mag-9-avec-basile-delclaux\/8261"},"author":{"name":"FC Gueugnon","@id":"https:\/\/www.fcgueugnon.fr\/site\/#\/schema\/person\/d342d0c35e8e8f04740b9bdd734eeb20"},"headline":"[Interview] Forgeron Mag #9 avec Basile DELCLAUX","datePublished":"2024-01-27T15:55:00+00:00","mainEntityOfPage":{"@id":"https:\/\/www.fcgueugnon.fr\/site\/interview-forgeron-mag-9-avec-basile-delclaux\/8261"},"wordCount":903,"publisher":{"@id":"https:\/\/www.fcgueugnon.fr\/site\/#organization"},"image":{"@id":"https:\/\/www.fcgueugnon.fr\/site\/interview-forgeron-mag-9-avec-basile-delclaux\/8261#primaryimage"},"thumbnailUrl":"https:\/\/www.fcgueugnon.fr\/site\/wp-content\/uploads\/2022\/10\/basile-delclaux-fc-gueugnon.jpg","keywords":["Forgeron Mag","Interview"],"articleSection":["News","News 2023\/2024"],"inLanguage":"fr-FR"},{"@type":"WebPage","@id":"https:\/\/www.fcgueugnon.fr\/site\/interview-forgeron-mag-9-avec-basile-delclaux\/8261","url":"https:\/\/www.fcgueugnon.fr\/site\/interview-forgeron-mag-9-avec-basile-delclaux\/8261","name":"[Interview] Forgeron Mag #9 avec Basile DELCLAUX &#8226; FOOTBALL CLUB GUEUGNON","isPartOf":{"@id":"https:\/\/www.fcgueugnon.fr\/site\/#website"},"primaryImageOfPage":{"@id":"https:\/\/www.fcgueugnon.fr\/site\/interview-forgeron-mag-9-avec-basile-delclaux\/8261#primaryimage"},"image":{"@id":"https:\/\/www.fcgueugnon.fr\/site\/interview-forgeron-mag-9-avec-basile-delclaux\/8261#primaryimage"},"thumbnailUrl":"https:\/\/www.fcgueugnon.fr\/site\/wp-content\/uploads\/2022\/10\/basile-delclaux-fc-gueugnon.jpg","datePublished":"2024-01-27T15:55:00+00:00","breadcrumb":{"@id":"https:\/\/www.fcgueugnon.fr\/site\/interview-forgeron-mag-9-avec-basile-delclaux\/8261#breadcrumb"},"inLanguage":"fr-FR","potentialAction":[{"@type":"ReadAction","target":["https:\/\/www.fcgueugnon.fr\/site\/interview-forgeron-mag-9-avec-basile-delclaux\/8261"]}]},{"@type":"ImageObject","inLanguage":"fr-FR","@id":"https:\/\/www.fcgueugnon.fr\/site\/interview-forgeron-mag-9-avec-basile-delclaux\/8261#primaryimage","url":"https:\/\/www.fcgueugnon.fr\/site\/wp-content\/uploads\/2022\/10\/basile-delclaux-fc-gueugnon.jpg","contentUrl":"https:\/\/www.fcgueugnon.fr\/site\/wp-content\/uploads\/2022\/10\/basile-delclaux-fc-gueugnon.jpg","width":2048,"height":1536},{"@type":"BreadcrumbList","@id":"https:\/\/www.fcgueugnon.fr\/site\/interview-forgeron-mag-9-avec-basile-delclaux\/8261#breadcrumb","itemListElement":[{"@type":"ListItem","position":1,"name":"Accueil","item":"https:\/\/www.fcgueugnon.fr\/site\/"},{"@type":"ListItem","position":2,"name":"[Interview] Forgeron Mag #9 avec Basile DELCLAUX"}]},{"@type":"WebSite","@id":"https:\/\/www.fcgueugnon.fr\/site\/#website","url":"https:\/\/www.fcgueugnon.fr\/site\/","name":"FOOTBALL CLUB GUEUGNON","description":"Le Site Officiel des Forgerons","publisher":{"@id":"https:\/\/www.fcgueugnon.fr\/site\/#organization"},"potentialAction":[{"@type":"SearchAction","target":{"@type":"EntryPoint","urlTemplate":"https:\/\/www.fcgueugnon.fr\/site\/?s={search_term_string}"},"query-input":{"@type":"PropertyValueSpecification","valueRequired":true,"valueName":"search_term_string"}}],"inLanguage":"fr-FR"},{"@type":"Organization","@id":"https:\/\/www.fcgueugnon.fr\/site\/#organization","name":"FC Gueugnon","url":"https:\/\/www.fcgueugnon.fr\/site\/","logo":{"@type":"ImageObject","inLanguage":"fr-FR","@id":"https:\/\/www.fcgueugnon.fr\/site\/#\/schema\/logo\/image\/","url":"https:\/\/www.fcgueugnon.fr\/site\/wp-content\/uploads\/2022\/07\/cropped-Logo-FCGUEUGNON-low-350x350-1.png","contentUrl":"https:\/\/www.fcgueugnon.fr\/site\/wp-content\/uploads\/2022\/07\/cropped-Logo-FCGUEUGNON-low-350x350-1.png","width":350,"height":350,"caption":"FC Gueugnon"},"image":{"@id":"https:\/\/www.fcgueugnon.fr\/site\/#\/schema\/logo\/image\/"},"sameAs":["http:\/\/facebook.com\/FCGueugnon","https:\/\/x.com\/FCGueugnon_off","https:\/\/www.instagram.com\/fcgueugnon\/","https:\/\/www.linkedin.com\/company\/football-club-de-gueugnon\/","https:\/\/www.youtube.com\/user\/FCGueugnonnais","https:\/\/fr.wikipedia.org\/wiki\/Football_Club_de_Gueugnon"]},{"@type":"Person","@id":"https:\/\/www.fcgueugnon.fr\/site\/#\/schema\/person\/d342d0c35e8e8f04740b9bdd734eeb20","name":"FC Gueugnon","url":"https:\/\/www.fcgueugnon.fr\/site\/author\/s-rod"}]}},"rttpg_featured_image_url":{"full":["https:\/\/www.fcgueugnon.fr\/site\/wp-content\/uploads\/2022\/10\/basile-delclaux-fc-gueugnon.jpg",2048,1536,false],"landscape":["https:\/\/www.fcgueugnon.fr\/site\/wp-content\/uploads\/2022\/10\/basile-delclaux-fc-gueugnon.jpg",2048,1536,false],"portraits":["https:\/\/www.fcgueugnon.fr\/site\/wp-content\/uploads\/2022\/10\/basile-delclaux-fc-gueugnon.jpg",2048,1536,false],"thumbnail":["https:\/\/www.fcgueugnon.fr\/site\/wp-content\/uploads\/2022\/10\/basile-delclaux-fc-gueugnon-150x150.jpg",150,150,true],"medium":["https:\/\/www.fcgueugnon.fr\/site\/wp-content\/uploads\/2022\/10\/basile-delclaux-fc-gueugnon-400x300.jpg",400,300,true],"large":["https:\/\/www.fcgueugnon.fr\/site\/wp-content\/uploads\/2022\/10\/basile-delclaux-fc-gueugnon-1024x768.jpg",1024,768,true],"1536x1536":["https:\/\/www.fcgueugnon.fr\/site\/wp-content\/uploads\/2022\/10\/basile-delclaux-fc-gueugnon-1536x1152.jpg",1536,1152,true],"2048x2048":["https:\/\/www.fcgueugnon.fr\/site\/wp-content\/uploads\/2022\/10\/basile-delclaux-fc-gueugnon.jpg",2048,1536,false]},"rttpg_author":{"display_name":"FC Gueugnon","author_link":"https:\/\/www.fcgueugnon.fr\/site\/author\/s-rod"},"rttpg_comment":0,"rttpg_category":"<a href=\"https:\/\/www.fcgueugnon.fr\/site\/category\/news\" rel=\"category tag\">News<\/a> <a href=\"https:\/\/www.fcgueugnon.fr\/site\/category\/news\/news-2023-2024\" rel=\"category tag\">News 2023\/2024<\/a>","rttpg_excerpt":"D\u00e9couvrez en int\u00e9gralit\u00e9 l&rsquo;entretien de Basile DELCLAUX diffus\u00e9 \u00e0 l&rsquo;occasion de la r\u00e9ception du GFA Rumilly Valli\u00e8res pour la 14e journ\u00e9ee de N3 Bonjour Basile, peux-tu te pr\u00e9senter\u00a0:\u00ab Salut, je suis Basile Delclaux, j&rsquo;ai 24 ans et je viens de Rodez, en Aveyron. J&rsquo;ai rejoint le club la saison derni\u00e8re.\u00a0\u00bb Pourrais-tu nous parler de tes\u2026","_links":{"self":[{"href":"https:\/\/www.fcgueugnon.fr\/site\/wp-json\/wp\/v2\/posts\/8261","targetHints":{"allow":["GET"]}}],"collection":[{"href":"https:\/\/www.fcgueugnon.fr\/site\/wp-json\/wp\/v2\/posts"}],"about":[{"href":"https:\/\/www.fcgueugnon.fr\/site\/wp-json\/wp\/v2\/types\/post"}],"author":[{"embeddable":true,"href":"https:\/\/www.fcgueugnon.fr\/site\/wp-json\/wp\/v2\/users\/2"}],"replies":[{"embeddable":true,"href":"https:\/\/www.fcgueugnon.fr\/site\/wp-json\/wp\/v2\/comments?post=8261"}],"version-history":[{"count":1,"href":"https:\/\/www.fcgueugnon.fr\/site\/wp-json\/wp\/v2\/posts\/8261\/revisions"}],"predecessor-version":[{"id":8263,"href":"https:\/\/www.fcgueugnon.fr\/site\/wp-json\/wp\/v2\/posts\/8261\/revisions\/8263"}],"wp:featuredmedia":[{"embeddable":true,"href":"https:\/\/www.fcgueugnon.fr\/site\/wp-json\/wp\/v2\/media\/2093"}],"wp:attachment":[{"href":"https:\/\/www.fcgueugnon.fr\/site\/wp-json\/wp\/v2\/media?parent=8261"}],"wp:term":[{"taxonomy":"category","embeddable":true,"href":"https:\/\/www.fcgueugnon.fr\/site\/wp-json\/wp\/v2\/categories?post=8261"},{"taxonomy":"post_tag","embeddable":true,"href":"https:\/\/www.fcgueugnon.fr\/site\/wp-json\/wp\/v2\/tags?post=8261"}],"curies":[{"name":"wp","href":"https:\/\/api.w.org\/{rel}","templated":true}]}}