{"id":8046,"date":"2024-01-11T18:00:00","date_gmt":"2024-01-11T17:00:00","guid":{"rendered":"https:\/\/www.fcgueugnon.fr\/site\/?p=8046"},"modified":"2024-02-21T21:40:17","modified_gmt":"2024-02-21T20:40:17","slug":"interview-le-bilan-a-la-mi-saison-de-richard-trivino-2","status":"publish","type":"post","link":"https:\/\/www.fcgueugnon.fr\/site\/interview-le-bilan-a-la-mi-saison-de-richard-trivino-2\/8046","title":{"rendered":"[Interview] Le bilan \u00e0 la mi-saison de Richard Trivino"},"content":{"rendered":"\n<h3 class=\"wp-block-heading\"><strong><strong>\u00c0 quelques jours de la reprise du championnat National 3, nous sommes all\u00e9s \u00e0 la rencontre de notre Directeur Sportif : Richard Trivino.<\/strong><\/strong><\/h3>\n\n\n\n<div style=\"height:60px\" aria-hidden=\"true\" class=\"wp-block-spacer\"><\/div>\n\n\n<div class=\"wp-block-image\">\n<figure class=\"aligncenter size-full is-resized\"><img loading=\"lazy\" decoding=\"async\" width=\"1920\" height=\"1080\" src=\"https:\/\/www.fcgueugnon.fr\/site\/wp-content\/uploads\/2024\/01\/Richard-Trivino.png\" alt=\"\" class=\"wp-image-8076\" style=\"width:864px;height:auto\" srcset=\"https:\/\/www.fcgueugnon.fr\/site\/wp-content\/uploads\/2024\/01\/Richard-Trivino.png 1920w, https:\/\/www.fcgueugnon.fr\/site\/wp-content\/uploads\/2024\/01\/Richard-Trivino-400x225.png 400w, https:\/\/www.fcgueugnon.fr\/site\/wp-content\/uploads\/2024\/01\/Richard-Trivino-1024x576.png 1024w, https:\/\/www.fcgueugnon.fr\/site\/wp-content\/uploads\/2024\/01\/Richard-Trivino-768x432.png 768w, https:\/\/www.fcgueugnon.fr\/site\/wp-content\/uploads\/2024\/01\/Richard-Trivino-1536x864.png 1536w, https:\/\/www.fcgueugnon.fr\/site\/wp-content\/uploads\/2024\/01\/Richard-Trivino-1320x743.png 1320w, https:\/\/www.fcgueugnon.fr\/site\/wp-content\/uploads\/2024\/01\/Richard-Trivino-600x338.png 600w\" sizes=\"auto, (max-width: 1920px) 100vw, 1920px\" \/><\/figure>\n<\/div>\n\n\n<div style=\"height:60px\" aria-hidden=\"true\" class=\"wp-block-spacer\"><\/div>\n\n\n\n<p><strong>Piero : <strong>\u00a1<\/strong><\/strong> <strong>Buenos d\u00edas Ricardo ! Tu es Barcelonais depuis quelques mois. Comment vis-tu ce changement hispanique ou catalan ?<\/strong><\/p>\n\n\n\n<p>Richard : \u00ab \u00c7a se passe tr\u00e8s bien (Rires), j\u2019ai une vie compl\u00e8tement diff\u00e9rente, m\u00eame si je la connaissais d\u00e9j\u00e0 un peu. Il n\u2019y a pas de surprise, c\u2019est top. On le dit tous les jours avec ma femme. Apr\u00e8s, je suis en contact permanent et quotidien avec le club, on bosse au jour le jour. Je t\u00e9l\u00e9travaille, je suis en contact avec le coach tous les 2 ou 3 jours, idem avec Bakeba Bayo et Christophe Noluveau, le Directeur G\u00e9n\u00e9ral. \u00bb<\/p>\n\n\n\n<div style=\"height:30px\" aria-hidden=\"true\" class=\"wp-block-spacer\"><\/div>\n\n\n\n<p><strong>Piero : Comment analyserais-tu le bilan sportif global de toutes les \u00e9quipes du club en cette premi\u00e8re partie du championnat ?<\/strong><\/p>\n\n\n\n<p>Richard : \u00ab Nous continuons \u00e0 travailler et \u00e0 \u00e9voluer. L&rsquo;objectif est d&rsquo;essayer d&rsquo;int\u00e9grer \u00e0 terme des jeunes qui s&rsquo;entra\u00eenent avec le groupe dirig\u00e9 par Philippe Correia. Nous visons \u00e9galement \u00e0 avoir des jeunes du cru, mais cela s&rsquo;av\u00e8re difficile car la locomotive en N3 doit survivre, et le niveau est assez \u00e9lev\u00e9 pour tenter de promouvoir nos jeunes talents. Malgr\u00e9 les d\u00e9fis, nous nous effor\u00e7ons de progresser sur ce front. Notre politique vise \u00e0 \u00e9tendre de mani\u00e8re de plus en plus progressive l&rsquo;int\u00e9gration de nos jeunes, et cela se concr\u00e9tise d\u00e9j\u00e0. \u00bb<br><\/p>\n\n\n\n<div style=\"height:30px\" aria-hidden=\"true\" class=\"wp-block-spacer\"><\/div>\n\n\n\n<div class=\"wp-block-media-text alignwide is-stacked-on-mobile\"><figure class=\"wp-block-media-text__media\"><img loading=\"lazy\" decoding=\"async\" width=\"1024\" height=\"682\" src=\"https:\/\/www.fcgueugnon.fr\/site\/wp-content\/uploads\/2022\/11\/Gambardella-FCG-Fontaine-U18-8-1024x682.png\" alt=\"\" class=\"wp-image-2196 size-full\" srcset=\"https:\/\/www.fcgueugnon.fr\/site\/wp-content\/uploads\/2022\/11\/Gambardella-FCG-Fontaine-U18-8-1024x682.png 1024w, https:\/\/www.fcgueugnon.fr\/site\/wp-content\/uploads\/2022\/11\/Gambardella-FCG-Fontaine-U18-8-400x267.png 400w, https:\/\/www.fcgueugnon.fr\/site\/wp-content\/uploads\/2022\/11\/Gambardella-FCG-Fontaine-U18-8-768x512.png 768w, https:\/\/www.fcgueugnon.fr\/site\/wp-content\/uploads\/2022\/11\/Gambardella-FCG-Fontaine-U18-8-1536x1024.png 1536w, https:\/\/www.fcgueugnon.fr\/site\/wp-content\/uploads\/2022\/11\/Gambardella-FCG-Fontaine-U18-8-1320x880.png 1320w, https:\/\/www.fcgueugnon.fr\/site\/wp-content\/uploads\/2022\/11\/Gambardella-FCG-Fontaine-U18-8.png 1772w\" sizes=\"auto, (max-width: 1024px) 100vw, 1024px\" \/><\/figure><div class=\"wp-block-media-text__content\">\n<p class=\"has-medium-font-size\"><em>\u00ab Il a fallu s&rsquo;adapter en repartant sur des jeunes talents en devenir, qui poss\u00e8dent, j&rsquo;en suis certain, des capacit\u00e9s pour \u00e9voluer au niveau sup\u00e9rieur. \u00bb<\/em><\/p>\n<\/div><\/div>\n\n\n\n<div style=\"height:50px\" aria-hidden=\"true\" class=\"wp-block-spacer\"><\/div>\n\n\n\n<p><strong>Piero : Comment vis-tu cette premi\u00e8re partie de championnat du groupe National 3 ? L&rsquo;\u00e9quipe semble avoir deux visages, comme on pouvait le lire dans la presse<\/strong> <strong>? Nous sommes sur le m\u00eame rythme que la saison pass\u00e9e avec 15 points, contre 16 l\u2019an dernier.<\/strong><\/p>\n\n\n\n<p>Richard : \u00ab C&rsquo;est la saison que nous attendions un peu. Nous partions dans le flou avec une \u00e9quipe consid\u00e9rablement rajeunie pour des raisons budg\u00e9taires, suite \u00e0 une importante baisse de la masse salariale. Il a fallu s&rsquo;adapter en repartant sur des jeunes talents en devenir, qui poss\u00e8dent, j&rsquo;en suis certain, des capacit\u00e9s pour \u00e9voluer au niveau sup\u00e9rieur. Cette composition donne \u00e0 l&rsquo;\u00e9quipe une force de jeunesse, mais aussi, sur certains matchs, r\u00e9v\u00e8le de la fragilit\u00e9. Nous savions que pour ces jeunes, tenir et g\u00e9rer un match du d\u00e9but \u00e0 la fin serait compliqu\u00e9. La gestion efficace sur deux ou trois matchs est bien, mais sur toute une saison, nous savions que cela serait beaucoup plus ardu.<\/p>\n\n\n\n<p>Nous sommes l\u00e0 o\u00f9 nous nous attendions \u00e0 \u00eatre. Nous savions que nous allions jouer pour le maintien, et nous y sommes&#8230; J&rsquo;ai une confiance totale en cette \u00e9quipe. Il est vrai que la saison derni\u00e8re, nous avons assur\u00e9 le maintien de mani\u00e8re un peu \u00ab\u00a0tir\u00e9e par les cheveux\u00a0\u00bb. Nous avons termin\u00e9 l&rsquo;ann\u00e9e avec une d\u00e9faite, tout comme la saison pr\u00e9c\u00e9dente. Cependant, l&rsquo;an pass\u00e9, nous ne nous y attendions pas. Nous \u00e9tions partis pour r\u00e9aliser une grande saison, mais cela n&rsquo;a pas fonctionn\u00e9. Cette ann\u00e9e, c&rsquo;est un groupe jeune de qualit\u00e9 qui vit tr\u00e8s bien ensemble.<\/p>\n\n\n\n<p>Maintenant, ce qui se passe dans le vestiaire se refl\u00e8te \u00e9galement sur le terrain. L&rsquo;\u00e9quipe et les jeunes ne l\u00e2cheront rien, ils se battent, c&rsquo;est certain. L&rsquo;objectif est le maintien, nous ne l&rsquo;avons pas cach\u00e9 en d\u00e9but de saison, mais je sais malgr\u00e9 tout que nous sommes capables de viser plus haut\u2026 \u00bb<\/p>\n\n\n\n<div style=\"height:30px\" aria-hidden=\"true\" class=\"wp-block-spacer\"><\/div>\n\n\n\n<p><strong>Piero : Quel sentiment te laisse cette premi\u00e8re partie de saison, il y a beaucoup moins de bless\u00e9s et suspendus cette saison par exemple :<\/strong><\/p>\n\n\n\n<p>Richard : \u00ab Heureusement, nous avons moins d&rsquo;absents. Nous sommes une \u00e9quipe tr\u00e8s jeune, avec un groupe plus restreint et moins de bless\u00e9s. Notre \u00e9quipe joue et vit mieux que l\u2019an pass\u00e9. Elle est \u00e9galement plus insouciante, mais comme je leur ai dit, \u00eatre jeune, c&rsquo;est bien, mais il faut apprendre de ses erreurs. La jeunesse ne peut pas \u00eatre une excuse jusqu\u2019\u00e0 la fin de la saison. Nous commen\u00e7ons \u00e0 acqu\u00e9rir de l&rsquo;exp\u00e9rience et il est essentiel que nous m\u00fbrissions rapidement, car les autres \u00e9quipes ne vont pas nous attendre. Je suis s\u00fbr que nous en sommes capables. \u00bb<\/p>\n\n\n\n<div style=\"height:30px\" aria-hidden=\"true\" class=\"wp-block-spacer\"><\/div>\n\n\n\n<div class=\"wp-block-media-text alignwide has-media-on-the-right is-stacked-on-mobile\"><div class=\"wp-block-media-text__content\">\n<p class=\"has-medium-font-size\"><em>\u00ab  Malheureusement, nous ne sommes pas le PSG, l&rsquo;OM ou Monaco. Nous allons composer avec nos moyens et il y aura peut-\u00eatre un ou deux joueurs qui vont arriver. \u00bb<\/em><\/p>\n<\/div><figure class=\"wp-block-media-text__media\"><img loading=\"lazy\" decoding=\"async\" width=\"1024\" height=\"768\" src=\"https:\/\/www.fcgueugnon.fr\/site\/wp-content\/uploads\/2023\/12\/DNCG-FC-Gueugnon-1024x768.png\" alt=\"\" class=\"wp-image-7715 size-full\" srcset=\"https:\/\/www.fcgueugnon.fr\/site\/wp-content\/uploads\/2023\/12\/DNCG-FC-Gueugnon-1024x768.png 1024w, https:\/\/www.fcgueugnon.fr\/site\/wp-content\/uploads\/2023\/12\/DNCG-FC-Gueugnon-400x300.png 400w, https:\/\/www.fcgueugnon.fr\/site\/wp-content\/uploads\/2023\/12\/DNCG-FC-Gueugnon-768x576.png 768w, https:\/\/www.fcgueugnon.fr\/site\/wp-content\/uploads\/2023\/12\/DNCG-FC-Gueugnon-1536x1152.png 1536w, https:\/\/www.fcgueugnon.fr\/site\/wp-content\/uploads\/2023\/12\/DNCG-FC-Gueugnon-1320x990.png 1320w, https:\/\/www.fcgueugnon.fr\/site\/wp-content\/uploads\/2023\/12\/DNCG-FC-Gueugnon-600x450.png 600w, https:\/\/www.fcgueugnon.fr\/site\/wp-content\/uploads\/2023\/12\/DNCG-FC-Gueugnon.png 1889w\" sizes=\"auto, (max-width: 1024px) 100vw, 1024px\" \/><\/figure><\/div>\n\n\n\n<div style=\"height:50px\" aria-hidden=\"true\" class=\"wp-block-spacer\"><\/div>\n\n\n\n<p><strong>Piero : Le paradoxe de cette saison est que l\u2019on dit que l\u2019\u00e9quipe ne marque pas, alors que nous sommes la 4\u00e8me meilleure attaque. L\u2019\u00e9quipe \u00e9tait \u00e9galement la meilleure d\u00e9fense, il y a quelques matchs en arri\u00e8re &#8230;<\/strong><\/p>\n\n\n\n<p>Richard : <em>\u00ab<\/em> Oui, on a dit que l\u2019on ne marquait pas, on a dit qu\u2019on encaissait des buts, mais jusqu&rsquo;\u00e0 deux matchs avant Moulins, nous \u00e9tions la meilleure d\u00e9fense. Malheureusement, on ne retient que les derniers \u00e9l\u00e9ments n\u00e9gatifs, comme les 3 buts conc\u00e9d\u00e9s contre Moulins, et on a oubli\u00e9 tout ce qui s\u2019est pass\u00e9 avant. Donc, j&rsquo;insiste, il faut que les jeunes apprennent rapidement, il faut assurer le maintien, mais nous pouvons m\u00eame viser un peu plus haut. <em>\u00bb<\/em><\/p>\n\n\n\n<div style=\"height:30px\" aria-hidden=\"true\" class=\"wp-block-spacer\"><\/div>\n\n\n\n<p><strong>Piero : Le mercato est vivement attendu par certains de nos supporters actuellement, qu&rsquo;en est-il :<\/strong><\/p>\n\n\n\n<p>Richard : \u00ab Malheureusement, nous ne sommes pas le PSG, l&rsquo;OM ou Monaco. Nous allons composer avec nos moyens, et il y aura peut-\u00eatre un ou deux joueurs qui vont arriver. Je ne vous le dirai pas tout de suite de toute fa\u00e7on, mais il s&rsquo;agira probablement de jeunes entre 18 et 22 ans, car nos moyens ne nous permettent pas autre chose. Ce seront des jeunes en devenir. Nous ne pourrons pas recruter un grand attaquant de N2 ou N3, ni m\u00eame un milieu de terrain de ce calibre. Nous allons agir de mani\u00e8re intelligente avec nos moyens. \u00bb<\/p>\n\n\n\n<div style=\"height:30px\" aria-hidden=\"true\" class=\"wp-block-spacer\"><\/div>\n\n\n\n<p><strong>Piero : L&rsquo;an pass\u00e9, nous nous sommes maintenus avec 34 points, et \u00e0 ce jour, il en manquerait 19. Avec le rythme actuel, l&rsquo;objectif te semble-t-il atteignable ?<\/strong><\/p>\n\n\n\n<p>Richard : \u00ab Oui, mais nous avons quand m\u00eame quelques motifs de satisfaction. Si les 2 derniers matchs s&rsquo;\u00e9taient un peu mieux d\u00e9roul\u00e9s, voire avec une victoire de plus, nous parlerions diff\u00e9remment aujourd&rsquo;hui. Apr\u00e8s le match contre Moulins Yzeure, je ne leur en veux pas. Cela est d\u00e9j\u00e0 arriv\u00e9 \u00e0 d&rsquo;autres, m\u00eame aux grandes \u00e9quipes. Ce qui est dommageable, c&rsquo;est notre parcours \u00e0 l&rsquo;ext\u00e9rieur, qui pose vraiment probl\u00e8me. Nous sommes une \u00e9quipe tr\u00e8s jeune, donc tr\u00e8s scolaire, et quand les choses ne se passent pas comme pr\u00e9vu, nous perdons nos moyens. Le maintien se jouera aussi en allant chercher des points hors du stade Jean Laville. \u00bb<\/p>\n\n\n\n<div style=\"height:30px\" aria-hidden=\"true\" class=\"wp-block-spacer\"><\/div>\n\n\n\n<div class=\"wp-block-media-text alignwide is-stacked-on-mobile\"><figure class=\"wp-block-media-text__media\"><img loading=\"lazy\" decoding=\"async\" width=\"1024\" height=\"683\" src=\"https:\/\/www.fcgueugnon.fr\/site\/wp-content\/uploads\/2023\/10\/FCG-2-0-ASPTT-Dijon-15-1024x683.jpg\" alt=\"\" class=\"wp-image-7075 size-full\" srcset=\"https:\/\/www.fcgueugnon.fr\/site\/wp-content\/uploads\/2023\/10\/FCG-2-0-ASPTT-Dijon-15-1024x683.jpg 1024w, https:\/\/www.fcgueugnon.fr\/site\/wp-content\/uploads\/2023\/10\/FCG-2-0-ASPTT-Dijon-15-400x267.jpg 400w, https:\/\/www.fcgueugnon.fr\/site\/wp-content\/uploads\/2023\/10\/FCG-2-0-ASPTT-Dijon-15-768x512.jpg 768w, https:\/\/www.fcgueugnon.fr\/site\/wp-content\/uploads\/2023\/10\/FCG-2-0-ASPTT-Dijon-15-1536x1024.jpg 1536w, https:\/\/www.fcgueugnon.fr\/site\/wp-content\/uploads\/2023\/10\/FCG-2-0-ASPTT-Dijon-15-2048x1365.jpg 2048w, https:\/\/www.fcgueugnon.fr\/site\/wp-content\/uploads\/2023\/10\/FCG-2-0-ASPTT-Dijon-15-1320x880.jpg 1320w, https:\/\/www.fcgueugnon.fr\/site\/wp-content\/uploads\/2023\/10\/FCG-2-0-ASPTT-Dijon-15-600x400.jpg 600w\" sizes=\"auto, (max-width: 1024px) 100vw, 1024px\" \/><\/figure><div class=\"wp-block-media-text__content\">\n<p class=\"has-medium-font-size\"><em>\u00ab Tous les joueurs se plient \u00e0 la vie du groupe, ils sont irr\u00e9prochables, ils se battent et sont dans le bon \u00e9tat d\u2019esprit. \u00bb<\/em><\/p>\n<\/div><\/div>\n\n\n\n<div style=\"height:30px\" aria-hidden=\"true\" class=\"wp-block-spacer\"><\/div>\n\n\n\n<p><strong>Piero : J\u2019ai demand\u00e9 \u00e0 certains de nos supporters fid\u00e8les une ou des questions qu\u2019ils auraient aim\u00e9 te poser, en voici une, je te la pose :<\/strong> <strong>\u00ab Que penses-tu personnellement des joueurs qui sont rest\u00e9s et de ceux qui sont arriv\u00e9s cette saison, et pourquoi de tr\u00e8s bons joueurs nous ont quitt\u00e9s derni\u00e8rement, y compris la saison pass\u00e9e ? \u00bb<\/strong><\/p>\n\n\n\n<p>Richard : \u00ab Tr\u00e8s bonne id\u00e9e. Le probl\u00e8me, c\u2019est que la vie dans le vestiaire n\u2019est pas toujours refl\u00e9t\u00e9e \u00e0 l\u2019ext\u00e9rieur, et parfois, il y a d\u2019excellents joueurs qui ne sont pas compatibles avec un groupe. Ce qui est difficile, c\u2019est que lorsqu&rsquo;on r\u00e9alise une tr\u00e8s bonne saison comme il y a deux ou trois ans, les gens oublient vite. On perd aussi nos meilleurs joueurs comme Marly Rampont et Axel Drouhin, par exemple.<\/p>\n\n\n\n<p>Quant au joueur parti cette saison &#8230; Amine Ramdane a souhait\u00e9 partir parce qu\u2019il ne jouait pas assez, et pourtant, c\u2019\u00e9tait l\u2019un de nos meilleurs joueurs offensifs. C\u2019\u00e9tait vraiment un bon gar\u00e7on qui ne comprenait pas le fait de ne pas pouvoir jouer tout le temps. Il a demand\u00e9 \u00e0 partir, c\u2019est son choix, et nous l\u2019avons accept\u00e9.<\/p>\n\n\n\n<p>Cette saison, tous les joueurs se plient \u00e0 la vie du groupe, ils sont irr\u00e9prochables, ils se battent, ils sont dans l\u2019\u00e9tat d\u2019esprit. Les anciens encadrent tr\u00e8s bien les jeunes. Gr\u00e2ce \u00e0 cela, le groupe vit tr\u00e8s bien cette ann\u00e9e, rien \u00e0 voir avec la saison derni\u00e8re.<\/p>\n\n\n\n<p>Pour ceux qui sont arriv\u00e9s, nous avons fait un pari sur l\u2019avenir, et ils ont prouv\u00e9 qu\u2019ils sont des jeunes en devenir, avec de la qualit\u00e9 et un potentiel \u00e9norme. Il va falloir qu\u2019ils progressent avec nous, mais l\u00e0-dessus, je suis confiant. S\u2019il y en a qui partent, de toute fa\u00e7on, ce sont des joueurs qu\u2019on ne peut pas garder. Nous ne pouvons pas rivaliser avec les salaires que certains proposent en N3\u2026 \u00bb<\/p>\n\n\n\n<div style=\"height:30px\" aria-hidden=\"true\" class=\"wp-block-spacer\"><\/div>\n\n\n\n<p><strong>Piero : Pour finir cette interview, si tu avais des v\u0153ux \u00e0 faire en cette p\u00e9riode de \u00ab tr\u00eave des confiseurs \u00bb ?<\/strong><\/p>\n\n\n\n<p>Richard : \u00ab D&rsquo;abord, je souhaite la sant\u00e9 \u00e0 tout le monde. Le football reste avant tout un divertissement pour beaucoup de personnes qui viennent au stade. En revanche, pour les joueurs, c&rsquo;est autre chose, car c&rsquo;est leur m\u00e9tier. Je souhaite de tout c\u0153ur le maintien, et nous esp\u00e9rons nous sauver le plus rapidement possible. M\u00eame si je le r\u00e9p\u00e8te, je pense que notre place est plut\u00f4t parmi les 5 premiers que les 5 derniers. Il va falloir que nous apprenions vite, car les matchs vont arriver rapidement. \u00bb<\/p>\n\n\n\n<div style=\"height:25px\" aria-hidden=\"true\" class=\"wp-block-spacer\"><\/div>\n\n\n\n<blockquote class=\"wp-block-quote is-layout-flow wp-block-quote-is-layout-flow\">\n<p class=\"has-text-align-center has-medium-font-size\"><strong><em>Piero : \u00a1 Muchas gracias Ricardo !<\/em><\/strong><em><br><\/em><\/p>\n<\/blockquote>\n","protected":false},"excerpt":{"rendered":"<p>\u00c0 quelques jours de la reprise du championnat National 3, nous sommes all\u00e9s \u00e0 la rencontre de notre Directeur Sportif : Richard Trivino. Piero : \u00a1 Buenos d\u00edas Ricardo ! Tu es Barcelonais depuis quelques mois. Comment vis-tu ce changement hispanique ou catalan ? Richard : \u00ab \u00c7a se passe tr\u00e8s bien (Rires), j\u2019ai une &#8230; <\/p>\n<p class=\"read-more-container\"><a title=\"[Interview] Le bilan \u00e0 la mi-saison de Richard Trivino\" class=\"read-more button\" href=\"https:\/\/www.fcgueugnon.fr\/site\/interview-le-bilan-a-la-mi-saison-de-richard-trivino-2\/8046#more-8046\" aria-label=\"Plus sur [Interview] Le bilan \u00e0 la mi-saison de Richard Trivino\">Lire la suite<\/a><\/p>\n","protected":false},"author":3,"featured_media":8076,"comment_status":"closed","ping_status":"closed","sticky":false,"template":"","format":"standard","meta":{"footnotes":""},"categories":[4,55],"tags":[35,14],"class_list":["post-8046","post","type-post","status-publish","format-standard","has-post-thumbnail","hentry","category-news","category-news-2023-2024","tag-foot-feminin","tag-sport-e-leclerc-academie-jeunes-formation","infinite-scroll-item","generate-columns","tablet-grid-50","mobile-grid-100","grid-parent","grid-25","resize-featured-image"],"yoast_head":"<!-- This site is optimized with the Yoast SEO plugin v26.6 - https:\/\/yoast.com\/wordpress\/plugins\/seo\/ -->\n<title>[Interview] Le bilan \u00e0 la mi-saison de Richard Trivino &#8226; FOOTBALL CLUB GUEUGNON<\/title>\n<meta name=\"robots\" content=\"index, follow, max-snippet:-1, max-image-preview:large, max-video-preview:-1\" \/>\n<link rel=\"canonical\" href=\"https:\/\/www.fcgueugnon.fr\/site\/interview-le-bilan-a-la-mi-saison-de-richard-trivino-2\/8046\" \/>\n<meta property=\"og:locale\" content=\"fr_FR\" \/>\n<meta property=\"og:type\" content=\"article\" \/>\n<meta property=\"og:title\" content=\"[Interview] Le bilan \u00e0 la mi-saison de Richard Trivino &#8226; FOOTBALL CLUB GUEUGNON\" \/>\n<meta property=\"og:description\" content=\"\u00c0 quelques jours de la reprise du championnat National 3, nous sommes all\u00e9s \u00e0 la rencontre de notre Directeur Sportif : Richard Trivino. Piero : \u00a1 Buenos d\u00edas Ricardo ! Tu es Barcelonais depuis quelques mois. Comment vis-tu ce changement hispanique ou catalan ? Richard : \u00ab \u00c7a se passe tr\u00e8s bien (Rires), j\u2019ai une ... Lire la suite\" \/>\n<meta property=\"og:url\" content=\"https:\/\/www.fcgueugnon.fr\/site\/interview-le-bilan-a-la-mi-saison-de-richard-trivino-2\/8046\" \/>\n<meta property=\"og:site_name\" content=\"FOOTBALL CLUB GUEUGNON\" \/>\n<meta property=\"article:publisher\" content=\"http:\/\/facebook.com\/FCGueugnon\" \/>\n<meta property=\"article:published_time\" content=\"2024-01-11T17:00:00+00:00\" \/>\n<meta property=\"article:modified_time\" content=\"2024-02-21T20:40:17+00:00\" \/>\n<meta property=\"og:image\" content=\"https:\/\/www.fcgueugnon.fr\/site\/wp-content\/uploads\/2024\/01\/Richard-Trivino-1024x576.png\" \/>\n\t<meta property=\"og:image:width\" content=\"1024\" \/>\n\t<meta property=\"og:image:height\" content=\"576\" \/>\n\t<meta property=\"og:image:type\" content=\"image\/png\" \/>\n<meta name=\"author\" content=\"FC Gueugnon\" \/>\n<meta name=\"twitter:card\" content=\"summary_large_image\" \/>\n<meta name=\"twitter:creator\" content=\"@FCGueugnon_off\" \/>\n<meta name=\"twitter:site\" content=\"@FCGueugnon_off\" \/>\n<meta name=\"twitter:label1\" content=\"\u00c9crit par\" \/>\n\t<meta name=\"twitter:data1\" content=\"FC Gueugnon\" \/>\n\t<meta name=\"twitter:label2\" content=\"Dur\u00e9e de lecture estim\u00e9e\" \/>\n\t<meta name=\"twitter:data2\" content=\"9 minutes\" \/>\n<script type=\"application\/ld+json\" class=\"yoast-schema-graph\">{\"@context\":\"https:\/\/schema.org\",\"@graph\":[{\"@type\":\"Article\",\"@id\":\"https:\/\/www.fcgueugnon.fr\/site\/interview-le-bilan-a-la-mi-saison-de-richard-trivino-2\/8046#article\",\"isPartOf\":{\"@id\":\"https:\/\/www.fcgueugnon.fr\/site\/interview-le-bilan-a-la-mi-saison-de-richard-trivino-2\/8046\"},\"author\":{\"name\":\"FC Gueugnon\",\"@id\":\"https:\/\/www.fcgueugnon.fr\/site\/#\/schema\/person\/829630bfb5d6f3ebe4d296b75687c01a\"},\"headline\":\"[Interview] Le bilan \u00e0 la mi-saison de Richard Trivino\",\"datePublished\":\"2024-01-11T17:00:00+00:00\",\"dateModified\":\"2024-02-21T20:40:17+00:00\",\"mainEntityOfPage\":{\"@id\":\"https:\/\/www.fcgueugnon.fr\/site\/interview-le-bilan-a-la-mi-saison-de-richard-trivino-2\/8046\"},\"wordCount\":1658,\"publisher\":{\"@id\":\"https:\/\/www.fcgueugnon.fr\/site\/#organization\"},\"image\":{\"@id\":\"https:\/\/www.fcgueugnon.fr\/site\/interview-le-bilan-a-la-mi-saison-de-richard-trivino-2\/8046#primaryimage\"},\"thumbnailUrl\":\"https:\/\/www.fcgueugnon.fr\/site\/wp-content\/uploads\/2024\/01\/Richard-Trivino.png\",\"keywords\":[\"Foot F\u00e9minin\",\"Sport E.Leclerc Acad\u00e9mie : Jeunes \/ Formation\"],\"articleSection\":[\"News\",\"News 2023\/2024\"],\"inLanguage\":\"fr-FR\"},{\"@type\":\"WebPage\",\"@id\":\"https:\/\/www.fcgueugnon.fr\/site\/interview-le-bilan-a-la-mi-saison-de-richard-trivino-2\/8046\",\"url\":\"https:\/\/www.fcgueugnon.fr\/site\/interview-le-bilan-a-la-mi-saison-de-richard-trivino-2\/8046\",\"name\":\"[Interview] Le bilan \u00e0 la mi-saison de Richard Trivino &#8226; FOOTBALL CLUB GUEUGNON\",\"isPartOf\":{\"@id\":\"https:\/\/www.fcgueugnon.fr\/site\/#website\"},\"primaryImageOfPage\":{\"@id\":\"https:\/\/www.fcgueugnon.fr\/site\/interview-le-bilan-a-la-mi-saison-de-richard-trivino-2\/8046#primaryimage\"},\"image\":{\"@id\":\"https:\/\/www.fcgueugnon.fr\/site\/interview-le-bilan-a-la-mi-saison-de-richard-trivino-2\/8046#primaryimage\"},\"thumbnailUrl\":\"https:\/\/www.fcgueugnon.fr\/site\/wp-content\/uploads\/2024\/01\/Richard-Trivino.png\",\"datePublished\":\"2024-01-11T17:00:00+00:00\",\"dateModified\":\"2024-02-21T20:40:17+00:00\",\"breadcrumb\":{\"@id\":\"https:\/\/www.fcgueugnon.fr\/site\/interview-le-bilan-a-la-mi-saison-de-richard-trivino-2\/8046#breadcrumb\"},\"inLanguage\":\"fr-FR\",\"potentialAction\":[{\"@type\":\"ReadAction\",\"target\":[\"https:\/\/www.fcgueugnon.fr\/site\/interview-le-bilan-a-la-mi-saison-de-richard-trivino-2\/8046\"]}]},{\"@type\":\"ImageObject\",\"inLanguage\":\"fr-FR\",\"@id\":\"https:\/\/www.fcgueugnon.fr\/site\/interview-le-bilan-a-la-mi-saison-de-richard-trivino-2\/8046#primaryimage\",\"url\":\"https:\/\/www.fcgueugnon.fr\/site\/wp-content\/uploads\/2024\/01\/Richard-Trivino.png\",\"contentUrl\":\"https:\/\/www.fcgueugnon.fr\/site\/wp-content\/uploads\/2024\/01\/Richard-Trivino.png\",\"width\":1920,\"height\":1080},{\"@type\":\"BreadcrumbList\",\"@id\":\"https:\/\/www.fcgueugnon.fr\/site\/interview-le-bilan-a-la-mi-saison-de-richard-trivino-2\/8046#breadcrumb\",\"itemListElement\":[{\"@type\":\"ListItem\",\"position\":1,\"name\":\"Accueil\",\"item\":\"https:\/\/www.fcgueugnon.fr\/site\/\"},{\"@type\":\"ListItem\",\"position\":2,\"name\":\"[Interview] Le bilan \u00e0 la mi-saison de Richard Trivino\"}]},{\"@type\":\"WebSite\",\"@id\":\"https:\/\/www.fcgueugnon.fr\/site\/#website\",\"url\":\"https:\/\/www.fcgueugnon.fr\/site\/\",\"name\":\"FOOTBALL CLUB GUEUGNON\",\"description\":\"Le Site Officiel des Forgerons\",\"publisher\":{\"@id\":\"https:\/\/www.fcgueugnon.fr\/site\/#organization\"},\"potentialAction\":[{\"@type\":\"SearchAction\",\"target\":{\"@type\":\"EntryPoint\",\"urlTemplate\":\"https:\/\/www.fcgueugnon.fr\/site\/?s={search_term_string}\"},\"query-input\":{\"@type\":\"PropertyValueSpecification\",\"valueRequired\":true,\"valueName\":\"search_term_string\"}}],\"inLanguage\":\"fr-FR\"},{\"@type\":\"Organization\",\"@id\":\"https:\/\/www.fcgueugnon.fr\/site\/#organization\",\"name\":\"FC Gueugnon\",\"url\":\"https:\/\/www.fcgueugnon.fr\/site\/\",\"logo\":{\"@type\":\"ImageObject\",\"inLanguage\":\"fr-FR\",\"@id\":\"https:\/\/www.fcgueugnon.fr\/site\/#\/schema\/logo\/image\/\",\"url\":\"https:\/\/www.fcgueugnon.fr\/site\/wp-content\/uploads\/2022\/07\/cropped-Logo-FCGUEUGNON-low-350x350-1.png\",\"contentUrl\":\"https:\/\/www.fcgueugnon.fr\/site\/wp-content\/uploads\/2022\/07\/cropped-Logo-FCGUEUGNON-low-350x350-1.png\",\"width\":350,\"height\":350,\"caption\":\"FC Gueugnon\"},\"image\":{\"@id\":\"https:\/\/www.fcgueugnon.fr\/site\/#\/schema\/logo\/image\/\"},\"sameAs\":[\"http:\/\/facebook.com\/FCGueugnon\",\"https:\/\/x.com\/FCGueugnon_off\",\"https:\/\/www.instagram.com\/fcgueugnon\/\",\"https:\/\/www.linkedin.com\/company\/football-club-de-gueugnon\/\",\"https:\/\/www.youtube.com\/user\/FCGueugnonnais\",\"https:\/\/fr.wikipedia.org\/wiki\/Football_Club_de_Gueugnon\"]},{\"@type\":\"Person\",\"@id\":\"https:\/\/www.fcgueugnon.fr\/site\/#\/schema\/person\/829630bfb5d6f3ebe4d296b75687c01a\",\"name\":\"FC Gueugnon\",\"url\":\"https:\/\/www.fcgueugnon.fr\/site\/author\/g-avin1\"}]}<\/script>\n<!-- \/ Yoast SEO plugin. -->","yoast_head_json":{"title":"[Interview] Le bilan \u00e0 la mi-saison de Richard Trivino &#8226; FOOTBALL CLUB GUEUGNON","robots":{"index":"index","follow":"follow","max-snippet":"max-snippet:-1","max-image-preview":"max-image-preview:large","max-video-preview":"max-video-preview:-1"},"canonical":"https:\/\/www.fcgueugnon.fr\/site\/interview-le-bilan-a-la-mi-saison-de-richard-trivino-2\/8046","og_locale":"fr_FR","og_type":"article","og_title":"[Interview] Le bilan \u00e0 la mi-saison de Richard Trivino &#8226; FOOTBALL CLUB GUEUGNON","og_description":"\u00c0 quelques jours de la reprise du championnat National 3, nous sommes all\u00e9s \u00e0 la rencontre de notre Directeur Sportif : Richard Trivino. Piero : \u00a1 Buenos d\u00edas Ricardo ! Tu es Barcelonais depuis quelques mois. Comment vis-tu ce changement hispanique ou catalan ? Richard : \u00ab \u00c7a se passe tr\u00e8s bien (Rires), j\u2019ai une ... Lire la suite","og_url":"https:\/\/www.fcgueugnon.fr\/site\/interview-le-bilan-a-la-mi-saison-de-richard-trivino-2\/8046","og_site_name":"FOOTBALL CLUB GUEUGNON","article_publisher":"http:\/\/facebook.com\/FCGueugnon","article_published_time":"2024-01-11T17:00:00+00:00","article_modified_time":"2024-02-21T20:40:17+00:00","og_image":[{"width":1024,"height":576,"url":"https:\/\/www.fcgueugnon.fr\/site\/wp-content\/uploads\/2024\/01\/Richard-Trivino-1024x576.png","type":"image\/png"}],"author":"FC Gueugnon","twitter_card":"summary_large_image","twitter_creator":"@FCGueugnon_off","twitter_site":"@FCGueugnon_off","twitter_misc":{"\u00c9crit par":"FC Gueugnon","Dur\u00e9e de lecture estim\u00e9e":"9 minutes"},"schema":{"@context":"https:\/\/schema.org","@graph":[{"@type":"Article","@id":"https:\/\/www.fcgueugnon.fr\/site\/interview-le-bilan-a-la-mi-saison-de-richard-trivino-2\/8046#article","isPartOf":{"@id":"https:\/\/www.fcgueugnon.fr\/site\/interview-le-bilan-a-la-mi-saison-de-richard-trivino-2\/8046"},"author":{"name":"FC Gueugnon","@id":"https:\/\/www.fcgueugnon.fr\/site\/#\/schema\/person\/829630bfb5d6f3ebe4d296b75687c01a"},"headline":"[Interview] Le bilan \u00e0 la mi-saison de Richard Trivino","datePublished":"2024-01-11T17:00:00+00:00","dateModified":"2024-02-21T20:40:17+00:00","mainEntityOfPage":{"@id":"https:\/\/www.fcgueugnon.fr\/site\/interview-le-bilan-a-la-mi-saison-de-richard-trivino-2\/8046"},"wordCount":1658,"publisher":{"@id":"https:\/\/www.fcgueugnon.fr\/site\/#organization"},"image":{"@id":"https:\/\/www.fcgueugnon.fr\/site\/interview-le-bilan-a-la-mi-saison-de-richard-trivino-2\/8046#primaryimage"},"thumbnailUrl":"https:\/\/www.fcgueugnon.fr\/site\/wp-content\/uploads\/2024\/01\/Richard-Trivino.png","keywords":["Foot F\u00e9minin","Sport E.Leclerc Acad\u00e9mie : Jeunes \/ Formation"],"articleSection":["News","News 2023\/2024"],"inLanguage":"fr-FR"},{"@type":"WebPage","@id":"https:\/\/www.fcgueugnon.fr\/site\/interview-le-bilan-a-la-mi-saison-de-richard-trivino-2\/8046","url":"https:\/\/www.fcgueugnon.fr\/site\/interview-le-bilan-a-la-mi-saison-de-richard-trivino-2\/8046","name":"[Interview] Le bilan \u00e0 la mi-saison de Richard Trivino &#8226; FOOTBALL CLUB GUEUGNON","isPartOf":{"@id":"https:\/\/www.fcgueugnon.fr\/site\/#website"},"primaryImageOfPage":{"@id":"https:\/\/www.fcgueugnon.fr\/site\/interview-le-bilan-a-la-mi-saison-de-richard-trivino-2\/8046#primaryimage"},"image":{"@id":"https:\/\/www.fcgueugnon.fr\/site\/interview-le-bilan-a-la-mi-saison-de-richard-trivino-2\/8046#primaryimage"},"thumbnailUrl":"https:\/\/www.fcgueugnon.fr\/site\/wp-content\/uploads\/2024\/01\/Richard-Trivino.png","datePublished":"2024-01-11T17:00:00+00:00","dateModified":"2024-02-21T20:40:17+00:00","breadcrumb":{"@id":"https:\/\/www.fcgueugnon.fr\/site\/interview-le-bilan-a-la-mi-saison-de-richard-trivino-2\/8046#breadcrumb"},"inLanguage":"fr-FR","potentialAction":[{"@type":"ReadAction","target":["https:\/\/www.fcgueugnon.fr\/site\/interview-le-bilan-a-la-mi-saison-de-richard-trivino-2\/8046"]}]},{"@type":"ImageObject","inLanguage":"fr-FR","@id":"https:\/\/www.fcgueugnon.fr\/site\/interview-le-bilan-a-la-mi-saison-de-richard-trivino-2\/8046#primaryimage","url":"https:\/\/www.fcgueugnon.fr\/site\/wp-content\/uploads\/2024\/01\/Richard-Trivino.png","contentUrl":"https:\/\/www.fcgueugnon.fr\/site\/wp-content\/uploads\/2024\/01\/Richard-Trivino.png","width":1920,"height":1080},{"@type":"BreadcrumbList","@id":"https:\/\/www.fcgueugnon.fr\/site\/interview-le-bilan-a-la-mi-saison-de-richard-trivino-2\/8046#breadcrumb","itemListElement":[{"@type":"ListItem","position":1,"name":"Accueil","item":"https:\/\/www.fcgueugnon.fr\/site\/"},{"@type":"ListItem","position":2,"name":"[Interview] Le bilan \u00e0 la mi-saison de Richard Trivino"}]},{"@type":"WebSite","@id":"https:\/\/www.fcgueugnon.fr\/site\/#website","url":"https:\/\/www.fcgueugnon.fr\/site\/","name":"FOOTBALL CLUB GUEUGNON","description":"Le Site Officiel des Forgerons","publisher":{"@id":"https:\/\/www.fcgueugnon.fr\/site\/#organization"},"potentialAction":[{"@type":"SearchAction","target":{"@type":"EntryPoint","urlTemplate":"https:\/\/www.fcgueugnon.fr\/site\/?s={search_term_string}"},"query-input":{"@type":"PropertyValueSpecification","valueRequired":true,"valueName":"search_term_string"}}],"inLanguage":"fr-FR"},{"@type":"Organization","@id":"https:\/\/www.fcgueugnon.fr\/site\/#organization","name":"FC Gueugnon","url":"https:\/\/www.fcgueugnon.fr\/site\/","logo":{"@type":"ImageObject","inLanguage":"fr-FR","@id":"https:\/\/www.fcgueugnon.fr\/site\/#\/schema\/logo\/image\/","url":"https:\/\/www.fcgueugnon.fr\/site\/wp-content\/uploads\/2022\/07\/cropped-Logo-FCGUEUGNON-low-350x350-1.png","contentUrl":"https:\/\/www.fcgueugnon.fr\/site\/wp-content\/uploads\/2022\/07\/cropped-Logo-FCGUEUGNON-low-350x350-1.png","width":350,"height":350,"caption":"FC Gueugnon"},"image":{"@id":"https:\/\/www.fcgueugnon.fr\/site\/#\/schema\/logo\/image\/"},"sameAs":["http:\/\/facebook.com\/FCGueugnon","https:\/\/x.com\/FCGueugnon_off","https:\/\/www.instagram.com\/fcgueugnon\/","https:\/\/www.linkedin.com\/company\/football-club-de-gueugnon\/","https:\/\/www.youtube.com\/user\/FCGueugnonnais","https:\/\/fr.wikipedia.org\/wiki\/Football_Club_de_Gueugnon"]},{"@type":"Person","@id":"https:\/\/www.fcgueugnon.fr\/site\/#\/schema\/person\/829630bfb5d6f3ebe4d296b75687c01a","name":"FC Gueugnon","url":"https:\/\/www.fcgueugnon.fr\/site\/author\/g-avin1"}]}},"rttpg_featured_image_url":{"full":["https:\/\/www.fcgueugnon.fr\/site\/wp-content\/uploads\/2024\/01\/Richard-Trivino.png",1920,1080,false],"landscape":["https:\/\/www.fcgueugnon.fr\/site\/wp-content\/uploads\/2024\/01\/Richard-Trivino.png",1920,1080,false],"portraits":["https:\/\/www.fcgueugnon.fr\/site\/wp-content\/uploads\/2024\/01\/Richard-Trivino.png",1920,1080,false],"thumbnail":["https:\/\/www.fcgueugnon.fr\/site\/wp-content\/uploads\/2024\/01\/Richard-Trivino-150x150.png",150,150,true],"medium":["https:\/\/www.fcgueugnon.fr\/site\/wp-content\/uploads\/2024\/01\/Richard-Trivino-400x225.png",400,225,true],"large":["https:\/\/www.fcgueugnon.fr\/site\/wp-content\/uploads\/2024\/01\/Richard-Trivino-1024x576.png",1024,576,true],"1536x1536":["https:\/\/www.fcgueugnon.fr\/site\/wp-content\/uploads\/2024\/01\/Richard-Trivino-1536x864.png",1536,864,true],"2048x2048":["https:\/\/www.fcgueugnon.fr\/site\/wp-content\/uploads\/2024\/01\/Richard-Trivino.png",1920,1080,false]},"rttpg_author":{"display_name":"FC Gueugnon","author_link":"https:\/\/www.fcgueugnon.fr\/site\/author\/g-avin1"},"rttpg_comment":0,"rttpg_category":"<a href=\"https:\/\/www.fcgueugnon.fr\/site\/category\/news\" rel=\"category tag\">News<\/a> <a href=\"https:\/\/www.fcgueugnon.fr\/site\/category\/news\/news-2023-2024\" rel=\"category tag\">News 2023\/2024<\/a>","rttpg_excerpt":"\u00c0 quelques jours de la reprise du championnat National 3, nous sommes all\u00e9s \u00e0 la rencontre de notre Directeur Sportif : Richard Trivino. Piero : \u00a1 Buenos d\u00edas Ricardo ! Tu es Barcelonais depuis quelques mois. Comment vis-tu ce changement hispanique ou catalan ? Richard : \u00ab \u00c7a se passe tr\u00e8s bien (Rires), j\u2019ai une\u2026","_links":{"self":[{"href":"https:\/\/www.fcgueugnon.fr\/site\/wp-json\/wp\/v2\/posts\/8046","targetHints":{"allow":["GET"]}}],"collection":[{"href":"https:\/\/www.fcgueugnon.fr\/site\/wp-json\/wp\/v2\/posts"}],"about":[{"href":"https:\/\/www.fcgueugnon.fr\/site\/wp-json\/wp\/v2\/types\/post"}],"author":[{"embeddable":true,"href":"https:\/\/www.fcgueugnon.fr\/site\/wp-json\/wp\/v2\/users\/3"}],"replies":[{"embeddable":true,"href":"https:\/\/www.fcgueugnon.fr\/site\/wp-json\/wp\/v2\/comments?post=8046"}],"version-history":[{"count":9,"href":"https:\/\/www.fcgueugnon.fr\/site\/wp-json\/wp\/v2\/posts\/8046\/revisions"}],"predecessor-version":[{"id":8087,"href":"https:\/\/www.fcgueugnon.fr\/site\/wp-json\/wp\/v2\/posts\/8046\/revisions\/8087"}],"wp:featuredmedia":[{"embeddable":true,"href":"https:\/\/www.fcgueugnon.fr\/site\/wp-json\/wp\/v2\/media\/8076"}],"wp:attachment":[{"href":"https:\/\/www.fcgueugnon.fr\/site\/wp-json\/wp\/v2\/media?parent=8046"}],"wp:term":[{"taxonomy":"category","embeddable":true,"href":"https:\/\/www.fcgueugnon.fr\/site\/wp-json\/wp\/v2\/categories?post=8046"},{"taxonomy":"post_tag","embeddable":true,"href":"https:\/\/www.fcgueugnon.fr\/site\/wp-json\/wp\/v2\/tags?post=8046"}],"curies":[{"name":"wp","href":"https:\/\/api.w.org\/{rel}","templated":true}]}}