{"id":8042,"date":"2024-01-09T16:30:00","date_gmt":"2024-01-09T15:30:00","guid":{"rendered":"https:\/\/www.fcgueugnon.fr\/site\/?p=8042"},"modified":"2024-01-09T15:15:54","modified_gmt":"2024-01-09T14:15:54","slug":"interview-les-voeux-du-president-bernard-canard-2","status":"publish","type":"post","link":"https:\/\/www.fcgueugnon.fr\/site\/interview-les-voeux-du-president-bernard-canard-2\/8042","title":{"rendered":"[Interview] Les v\u0153ux du pr\u00e9sident Bernard Canard"},"content":{"rendered":"\n<h3 class=\"wp-block-heading\"><strong><strong>Alors que la reprise des championnats n\u2019a pas encore sonn\u00e9e, notre Pr\u00e9sident Bernard Canard vous adresse ses v\u0153ux pour 2024.<\/strong><\/strong><\/h3>\n\n\n\n<div style=\"height:60px\" aria-hidden=\"true\" class=\"wp-block-spacer\"><\/div>\n\n\n<div class=\"wp-block-image is-resized\">\n<figure class=\"aligncenter size-large\"><img loading=\"lazy\" decoding=\"async\" width=\"1024\" height=\"768\" src=\"https:\/\/www.fcgueugnon.fr\/site\/wp-content\/uploads\/2023\/12\/DNCG-FC-Gueugnon-1024x768.png\" alt=\"\" class=\"wp-image-7715\" srcset=\"https:\/\/www.fcgueugnon.fr\/site\/wp-content\/uploads\/2023\/12\/DNCG-FC-Gueugnon-1024x768.png 1024w, https:\/\/www.fcgueugnon.fr\/site\/wp-content\/uploads\/2023\/12\/DNCG-FC-Gueugnon-400x300.png 400w, https:\/\/www.fcgueugnon.fr\/site\/wp-content\/uploads\/2023\/12\/DNCG-FC-Gueugnon-768x576.png 768w, https:\/\/www.fcgueugnon.fr\/site\/wp-content\/uploads\/2023\/12\/DNCG-FC-Gueugnon-1536x1152.png 1536w, https:\/\/www.fcgueugnon.fr\/site\/wp-content\/uploads\/2023\/12\/DNCG-FC-Gueugnon-1320x990.png 1320w, https:\/\/www.fcgueugnon.fr\/site\/wp-content\/uploads\/2023\/12\/DNCG-FC-Gueugnon-600x450.png 600w, https:\/\/www.fcgueugnon.fr\/site\/wp-content\/uploads\/2023\/12\/DNCG-FC-Gueugnon.png 1889w\" sizes=\"auto, (max-width: 1024px) 100vw, 1024px\" \/><\/figure>\n<\/div>\n\n\n<div style=\"height:60px\" aria-hidden=\"true\" class=\"wp-block-spacer\"><\/div>\n\n\n\n<p><strong>Piero : Bonjour Pr\u00e9sident, \u00e0 la mi-saison et apr\u00e8s cette tr\u00eave, quel bilan sportif pourriez-vous tirer de la premi\u00e8re partie de saison ?<\/strong><\/p>\n\n\n\n<p>Bernard Canard : \u00ab Globalement, on peut dire que nous sommes bien partis. Nos diff\u00e9rentes \u00e9quipes donnent satisfaction dans l&rsquo;ensemble. Nous sommes, je le r\u00e9p\u00e8te, au meilleur niveau r\u00e9gional, ce qui est assez exceptionnel pour une ville comme Gueugnon avec 6600 habitants. Il faut \u00eatre conscient de ce que nous avons r\u00e9alis\u00e9 ces derni\u00e8res ann\u00e9es, de tout le travail accompli avec les jeunes et les f\u00e9minines. Une deuxi\u00e8me partie de saison se pr\u00e9pare pour nos \u00e9quipes de jeunes, et nous esp\u00e9rons que les r\u00e9sultats seront \u00e0 la hauteur de nos attentes. \u00bb<\/p>\n\n\n\n<div style=\"height:24px\" aria-hidden=\"true\" class=\"wp-block-spacer\"><\/div>\n\n\n\n<p><strong>Piero : Que de progr\u00e8s depuis 2011 o\u00f9 le FCG manquait cruellement d\u2019encadrement, avec des \u00e9quipes compl\u00e9t\u00e9es par des joueurs qui n\u2019avaient pas l\u2019\u00e2ge &#8230; Le message \u00e9tait alors de s\u2019entourer d\u2019\u00e9ducateurs form\u00e9s et <b>dipl\u00f4m\u00e9s, aujourd&rsquo;hu<\/b>i le pari est-il r\u00e9ussi ?<\/strong><\/p>\n\n\n\n<p>Bernard Canard : \u00ab Oui, aujourd\u2019hui ce n\u2019est plus le cas. On observe clairement le parcours et le travail de fond accompli, surtout au cours de ces derni\u00e8res ann\u00e9es. Avec la mont\u00e9e de toutes nos \u00e9quipes en R\u00e9gional 1, nous \u00e9voluons d\u00e9sormais au plus haut niveau r\u00e9gional. Nous affrontons des \u00e9quipes comme Dijon, Besan\u00e7on, Pontarlier, Louhans &#8230; Ce sont des d\u00e9placements exigeants o\u00f9 nos \u00e9quipes de jeunes apprennent et disputent des matchs de haut niveau. C&rsquo;est aussi un championnat plus difficile, visant \u00e0 faire progresser nos jeunes, et cela gr\u00e2ce \u00e0 nos \u00e9ducateurs et entra\u00eeneurs dipl\u00f4m\u00e9s qui encadrent ces \u00e9quipes.<\/p>\n\n\n\n<p>De plus, cela implique des co\u00fbts plus \u00e9lev\u00e9s en raison de d\u00e9placements plus longs et donc plus on\u00e9reux pour ces \u00e9quipes de jeunes. Ainsi, nous avons \u00e9tabli un partage \u00e9quitable entre nos \u00e9quipes jeunes d\u2019une part et les \u00e9quipes seniors qui demeurent la locomotive du club. La grande majorit\u00e9 de nos moyens vont naturellement vers cette \u00e9quipe de National 3, mais il est n\u00e9cessaire aussi que l&rsquo;ensemble de nos \u00e9quipes restent comp\u00e9titives.<\/p>\n\n\n\n<p>Nous sommes \u00e9galement contraints de veiller \u00e0 ce que nos \u00e9quipes soient comp\u00e9titives pour esp\u00e9rer, pourquoi pas, dans les ann\u00e9es \u00e0 venir, voir \u00e9merger quelques joueurs qui viendront renforcer l&rsquo;\u00e9quipe fanion. Certains diront que c\u2019est utopique, mais j&rsquo;esp\u00e8re que d&rsquo;ici 1 an, 2 ans, voire 3 ans, certains de nos jeunes viendront compl\u00e9ter l\u2019\u00e9quipe premi\u00e8re. \u00bb<\/p>\n\n\n\n<div style=\"height:30px\" aria-hidden=\"true\" class=\"wp-block-spacer\"><\/div>\n\n\n\n<div class=\"wp-block-media-text alignwide is-stacked-on-mobile\"><figure class=\"wp-block-media-text__media\"><img loading=\"lazy\" decoding=\"async\" width=\"1024\" height=\"682\" src=\"https:\/\/www.fcgueugnon.fr\/site\/wp-content\/uploads\/2023\/08\/U14-U15-8-1024x682.png\" alt=\"\" class=\"wp-image-5750 size-full\" srcset=\"https:\/\/www.fcgueugnon.fr\/site\/wp-content\/uploads\/2023\/08\/U14-U15-8-1024x682.png 1024w, https:\/\/www.fcgueugnon.fr\/site\/wp-content\/uploads\/2023\/08\/U14-U15-8-400x267.png 400w, https:\/\/www.fcgueugnon.fr\/site\/wp-content\/uploads\/2023\/08\/U14-U15-8-768x512.png 768w, https:\/\/www.fcgueugnon.fr\/site\/wp-content\/uploads\/2023\/08\/U14-U15-8-1536x1024.png 1536w, https:\/\/www.fcgueugnon.fr\/site\/wp-content\/uploads\/2023\/08\/U14-U15-8-1320x880.png 1320w, https:\/\/www.fcgueugnon.fr\/site\/wp-content\/uploads\/2023\/08\/U14-U15-8-600x400.png 600w, https:\/\/www.fcgueugnon.fr\/site\/wp-content\/uploads\/2023\/08\/U14-U15-8.png 1772w\" sizes=\"auto, (max-width: 1024px) 100vw, 1024px\" \/><\/figure><div class=\"wp-block-media-text__content\">\n<p class=\"has-medium-font-size\"><em>\u00ab Certains diront que c\u2019est utopique, mais j&rsquo;esp\u00e8re que d&rsquo;ici un an, deux ans, voire trois ans, certains de nos jeunes viendront compl\u00e9ter l\u2019\u00e9quipe premi\u00e8re. \u00bb<\/em><\/p>\n<\/div><\/div>\n\n\n\n<div style=\"height:50px\" aria-hidden=\"true\" class=\"wp-block-spacer\"><\/div>\n\n\n\n<p><strong>Piero : L\u2019\u00e9quipe fanion semble pi\u00e9tiner, surtout \u00e0 l\u2019ext\u00e9rieur. Elle poss\u00e8de 15 points au 12\u00e8me match contre 16 l\u2019an pass\u00e9, une saison o\u00f9 il a fallu batailler jusqu\u2019\u00e0 l\u2019avant-dernier match contre Morteau&#8230;<\/strong><br><\/p>\n\n\n\n<p>Bernard Canard : \u00ab Je suis un peu d\u00e9\u00e7u de ce d\u00e9but de saison. Je pense que mon discours aurait \u00e9t\u00e9 diff\u00e9rent, par exemple, si nous avions gagn\u00e9 le dernier match contre Moulins. Notre classement est totalement fauss\u00e9 aujourd\u2019hui, il ne veut strictement rien dire. Nous sommes l&rsquo;un des rares clubs \u00e0 ne pas avoir de matchs remis, et la plupart des clubs derri\u00e8re nous ont un, deux, voire trois matchs de retard. Il ne faut donc pas s\u2019attacher \u00e0 ce classement. En revanche, les r\u00e9sultats sportifs sont d\u00e9cevants. Nous n&rsquo;avons pris que deux points \u00e0 l\u2019ext\u00e9rieur et nous avons subi deux d\u00e9faites \u00e0 domicile&#8230; Les deux derniers matchs m\u2019ont d\u00e9\u00e7u. Nous avons perdu contre Jura Dolois 2-1 alors que nous menions, et \u00e0 Moulins Yzeure, nous menions \u00e9galement 2-0 \u00e0 domicile, et au final, nous avons perdu 3-2. Ces deux matchs font qu\u2019aujourd\u2019hui nous avons un bilan n\u00e9gatif. \u00bb<\/p>\n\n\n\n<div style=\"height:25px\" aria-hidden=\"true\" class=\"wp-block-spacer\"><\/div>\n\n\n\n<p><strong>Piero : Piloter un club comme le FC Gueugnon demande une organisation bien huil\u00e9e, que ce soit pour l\u2019administratif, le sportif, l\u2019extra-sportif ou l\u2019\u00e9v\u00e9nementiel &#8230;<\/strong><br><\/p>\n\n\n\n<p>Bernard Canard : \u00ab Oui, j\u2019ai la chance d\u2019\u00eatre bien second\u00e9 \u00e0 tous les niveaux, en commen\u00e7ant par Christophe Noluveau, qui est le directeur g\u00e9n\u00e9ral du club et sur lequel repose beaucoup de responsabilit\u00e9s. Je m&rsquo;appuie fortement sur lui pour toute la partie administrative, les subventions, et les partenariats. Cependant, nous avons toujours des besoins qui peuvent \u00eatre importants. Par exemple, nous sommes \u00e0 la recherche d&rsquo;un tr\u00e9sorier. J&rsquo;en profite pour faire un appel : nous cherchons \u00e0 remplacer l\u2019actuel tr\u00e9sorier qui doit nous quitter pour des raisons professionnelles et personnelles. \u00bb<\/p>\n\n\n\n<div style=\"height:30px\" aria-hidden=\"true\" class=\"wp-block-spacer\"><\/div>\n\n\n\n<div class=\"wp-block-media-text alignwide has-media-on-the-right is-stacked-on-mobile\"><div class=\"wp-block-media-text__content\">\n<p class=\"has-medium-font-size\"><em>\u00ab Si nous aspirons \u00e0 gravir les \u00e9chelons dans un championnat de plus en plus difficile [&#8230;], il est imp\u00e9ratif de trouver des moyens suppl\u00e9mentaires et augmenter nos ressources. \u00bb<\/em><\/p>\n<\/div><figure class=\"wp-block-media-text__media\"><img loading=\"lazy\" decoding=\"async\" width=\"1024\" height=\"768\" src=\"https:\/\/www.fcgueugnon.fr\/site\/wp-content\/uploads\/2022\/08\/Stade-Jean-Laville-Gueugnon-1024x768.jpg\" alt=\"\" class=\"wp-image-652 size-full\" srcset=\"https:\/\/www.fcgueugnon.fr\/site\/wp-content\/uploads\/2022\/08\/Stade-Jean-Laville-Gueugnon-1024x768.jpg 1024w, https:\/\/www.fcgueugnon.fr\/site\/wp-content\/uploads\/2022\/08\/Stade-Jean-Laville-Gueugnon-400x300.jpg 400w, https:\/\/www.fcgueugnon.fr\/site\/wp-content\/uploads\/2022\/08\/Stade-Jean-Laville-Gueugnon-768x576.jpg 768w, https:\/\/www.fcgueugnon.fr\/site\/wp-content\/uploads\/2022\/08\/Stade-Jean-Laville-Gueugnon-1536x1152.jpg 1536w, https:\/\/www.fcgueugnon.fr\/site\/wp-content\/uploads\/2022\/08\/Stade-Jean-Laville-Gueugnon-1320x990.jpg 1320w, https:\/\/www.fcgueugnon.fr\/site\/wp-content\/uploads\/2022\/08\/Stade-Jean-Laville-Gueugnon.jpg 2048w\" sizes=\"auto, (max-width: 1024px) 100vw, 1024px\" \/><\/figure><\/div>\n\n\n\n<div style=\"height:50px\" aria-hidden=\"true\" class=\"wp-block-spacer\"><\/div>\n\n\n\n<p><strong>Piero : On peut affirmer que la coexistence entre les salari\u00e9s, les b\u00e9n\u00e9voles et les amoureux du FCG fonctionne en une parfaite osmose ?<\/strong><br><\/p>\n\n\n\n<p>Bernard Canard : \u00ab Oui, il est important de mentionner les b\u00e9n\u00e9voles, car aujourd\u2019hui, on parle des salari\u00e9s, de ceux qui sont dans l\u2019encadrement du club. Mais je souhaite f\u00e9liciter nos b\u00e9n\u00e9voles, sans lesquels nous ne pourrions pas fonctionner. Il est \u00e9galement essentiel de prendre conscience que ce sont les b\u00e9n\u00e9voles qui accomplissent le travail, dans tout ce qui tourne autour de la machine FCG. Tout cela se r\u00e9alise en parfaite harmonie entre les joueurs, les membres du staff, les salari\u00e9s administratifs et les b\u00e9n\u00e9voles. \u00bb<\/p>\n\n\n\n<div style=\"height:25px\" aria-hidden=\"true\" class=\"wp-block-spacer\"><\/div>\n\n\n\n<p><strong>Piero : Quels sont, pour vous, les axes sur lesquels le club peut progresser?<\/strong><\/p>\n\n\n\n<p>Bernard Canard : \u00ab La priorit\u00e9 consiste \u00e0 augmenter le budget du club si nous voulons progresser et afficher des ambitions \u00e9lev\u00e9es. Cependant, cette augmentation est une t\u00e2che tr\u00e8s complexe, n\u00e9cessitant la recherche de nouveaux partenaires ou d&rsquo;investisseurs. Si nous aspirons \u00e0 gravir les \u00e9chelons dans un championnat de plus en plus difficile, surtout avec la refonte actuelle qui change compl\u00e8tement la donne, il est imp\u00e9ratif de trouver des moyens suppl\u00e9mentaires et augmenter nos ressources. Il y a trois \u00e0 quatre ans, et avant la pand\u00e9mie, j&rsquo;\u00e9tais convaincu que notre \u00e9quipe pouvait acc\u00e9der \u00e0 la N2. Je reste persuad\u00e9 qu&rsquo;elle en est capable, car nous \u00e9tions proches d&rsquo;y parvenir il y a deux saisons. Cependant, depuis cette refonte qui a redistribu\u00e9 les cartes, le niveau a augment\u00e9, et la concurrence est de plus en plus forte. Bien que notre stade reste un atout, nous ne sommes plus la seule ville \u00e0 poss\u00e9der des structures comp\u00e9titives. Mon ambition serait que nous trouvions un partenaire majeur pr\u00eat \u00e0 nous soutenir, permettant ainsi au FCG de franchir des \u00e9chelons suppl\u00e9mentaires. \u00bb<\/p>\n\n\n\n<div style=\"height:25px\" aria-hidden=\"true\" class=\"wp-block-spacer\"><\/div>\n\n\n\n<p><strong>Piero : Concernant l&rsquo;\u00e9quipe premi\u00e8re, dans la presse sp\u00e9cialis\u00e9e, on parle du FCG qui passe \u00ab du Docteur Jekyll \u00e0 Mister Hyde \u00bb, capable de l\u2019emporter comme en d\u00e9but de saison, puis de perdre comme lors des deux derniers matchs apr\u00e8s avoir men\u00e9 au score. Il semble que l\u2019on soit en quelque sorte dans la continuit\u00e9 de la saison derni\u00e8re.<\/strong><\/p>\n\n\n\n<p><br>Bernard Canard : \u00ab C\u2019est un peu \u00e7a, en effet. Pourtant, le groupe est diff\u00e9rent, il vit beaucoup mieux, et il y a une vraie osmose au sein de l&rsquo;\u00e9quipe. Les joueurs sont ambitieux. Maintenant, on pourrait se demander s&rsquo;il s&rsquo;agit d&rsquo;un manque de confiance en soi, car lorsque ce groupe est en difficult\u00e9, nous avons du mal \u00e0 repartir de l\u2019avant. Cela a \u00e9t\u00e9 bien visible lors des deux derniers matchs o\u00f9 nous avons men\u00e9 \u00e0 chaque fois, et d&rsquo;une fa\u00e7on inexplicable, nous avons perdu. Nous discutons avec les joueurs et le staff pour am\u00e9liorer ce point. Ce groupe a plus de capacit\u00e9s que la saison derni\u00e8re, il est plus \u00e0 l\u2019\u00e9coute, et il vit bien ensemble. Nous allons essayer de comprendre et de r\u00e9agir pour r\u00e9soudre ce probl\u00e8me. \u00bb<\/p>\n\n\n\n<div style=\"height:30px\" aria-hidden=\"true\" class=\"wp-block-spacer\"><\/div>\n\n\n\n<div class=\"wp-block-media-text alignwide is-stacked-on-mobile\"><figure class=\"wp-block-media-text__media\"><img loading=\"lazy\" decoding=\"async\" width=\"1024\" height=\"682\" src=\"https:\/\/www.fcgueugnon.fr\/site\/wp-content\/uploads\/2023\/12\/AMICALE-ANCIENS-FCG-1-1024x682.png\" alt=\"\" class=\"wp-image-7771 size-full\" srcset=\"https:\/\/www.fcgueugnon.fr\/site\/wp-content\/uploads\/2023\/12\/AMICALE-ANCIENS-FCG-1-1024x682.png 1024w, https:\/\/www.fcgueugnon.fr\/site\/wp-content\/uploads\/2023\/12\/AMICALE-ANCIENS-FCG-1-400x267.png 400w, https:\/\/www.fcgueugnon.fr\/site\/wp-content\/uploads\/2023\/12\/AMICALE-ANCIENS-FCG-1-768x512.png 768w, https:\/\/www.fcgueugnon.fr\/site\/wp-content\/uploads\/2023\/12\/AMICALE-ANCIENS-FCG-1-1536x1024.png 1536w, https:\/\/www.fcgueugnon.fr\/site\/wp-content\/uploads\/2023\/12\/AMICALE-ANCIENS-FCG-1-1320x880.png 1320w, https:\/\/www.fcgueugnon.fr\/site\/wp-content\/uploads\/2023\/12\/AMICALE-ANCIENS-FCG-1-600x400.png 600w, https:\/\/www.fcgueugnon.fr\/site\/wp-content\/uploads\/2023\/12\/AMICALE-ANCIENS-FCG-1.png 1772w\" sizes=\"auto, (max-width: 1024px) 100vw, 1024px\" \/><\/figure><div class=\"wp-block-media-text__content\">\n<p class=\"has-medium-font-size\"><em>\u00ab Si un mercato doit avoir lieu, cela se fera probablement par l&rsquo;acquisition d&rsquo;un joueur cl\u00e9. Richard Trivino pourra nous en dire davantage \u2026 \u00bb<\/em><\/p>\n<\/div><\/div>\n\n\n\n<div style=\"height:50px\" aria-hidden=\"true\" class=\"wp-block-spacer\"><\/div>\n\n\n\n<p><strong>Piero : Au vu de la situation, une question m\u2019a \u00e9t\u00e9 pos\u00e9e au sujet du staff : y aura-t-il des changements \u00e0 ce sujet ?<\/strong><\/p>\n\n\n\n<p><br>Bernard Canard : \u00ab Non, concernant le staff, la d\u00e9cision a \u00e9t\u00e9 prise la saison derni\u00e8re de repartir avec l&rsquo;\u00e9quipe actuelle. Il y a seulement St\u00e9phane Bernard, dont nous savons qu&rsquo;il peut partir du jour au lendemain car il est li\u00e9 au projet sportif de Pascal Dupraz. Il n\u2019y aura pas de changement dans cette deuxi\u00e8me partie de la saison. \u00bb<\/p>\n\n\n\n<div style=\"height:25px\" aria-hidden=\"true\" class=\"wp-block-spacer\"><\/div>\n\n\n\n<p><strong>Piero : Comment envisagez-vous la suite de la saison et, dans le m\u00eame ordre d&rsquo;id\u00e9es, y aura-t-il un mercato ?<\/strong><\/p>\n\n\n\n<p>Bernard Canard : \u00ab Un mercato est possible, avec l&rsquo;\u00e9ventuelle arriv\u00e9e d&rsquo;un joueur. Nous avons la chance aujourd\u2019hui d&rsquo;avoir un groupe avec tr\u00e8s peu de bless\u00e9s et de suspendus. Cela r\u00e9sulte \u00e9galement de notre choix de r\u00e9duire le nombre de joueurs, motiv\u00e9 \u00e0 la fois par des consid\u00e9rations financi\u00e8res et sportives. Nous avons constat\u00e9 ces derni\u00e8res ann\u00e9es que le nombre de joueurs pouvait parfois entra\u00eener des conflits, notamment pour ceux qui jouaient peu. Ainsi, le fait d&rsquo;avoir un effectif plus restreint a contribu\u00e9 \u00e0 minimiser les probl\u00e8mes sportifs. Si un mercato doit avoir lieu, cela se fera probablement par l&rsquo;acquisition d&rsquo;un joueur cl\u00e9. Richard Trivino pourra nous en dire davantage\u2026 \u00bb<\/p>\n\n\n\n<div style=\"height:25px\" aria-hidden=\"true\" class=\"wp-block-spacer\"><\/div>\n\n\n\n<p><strong><strong>Piero : Le FCG a brillamment surmont\u00e9 l&rsquo;obstacle de la DNCG, qui a mis certains clubs sous surveillance, notamment en encadrant la masse salariale etc&#8230; Est-ce une source de satisfaction pour vous ?<\/strong><\/strong><\/p>\n\n\n\n<p><br>Bernard Canard : \u00ab Oui, c&rsquo;est effectivement une satisfaction. Nous avons pass\u00e9 cette \u00e9tape sans r\u00e9elle difficult\u00e9. Depuis 2011, c&rsquo;est la premi\u00e8re fois que le FCG se pr\u00e9sente devant la DNCG, et face aux encadrements, retraits de points, sursis et demandes de pi\u00e8ces compl\u00e9mentaires fr\u00e9quemment observ\u00e9s, notre r\u00e9ponse a \u00e9t\u00e9 simplement positive. On pourrait se demander si le fait que Gueugnon ait pass\u00e9 ce contr\u00f4le aussi facilement refl\u00e8te un manque d&rsquo;ambition du club. Cependant, ce n&rsquo;est pas le cas. Nous veillons simplement \u00e0 payer ce que nous devons, ni plus ni moins. Notre ambition demeure, et ce passage devant la DNCG n&rsquo;\u00e9tait qu&rsquo;une premi\u00e8re \u00e9tape. En observant les difficult\u00e9s rencontr\u00e9es par de nombreux clubs nationaux, du niveau L1 \u00e0 N3, nous comprenons que beaucoup d&rsquo;entre eux sont en grande difficult\u00e9. Maintenant, apr\u00e8s cela, j&rsquo;aimerais voir notre club retrouver \u00e9galement la r\u00e9ussite sur le plan sportif. \u00bb<\/p>\n\n\n\n<div style=\"height:25px\" aria-hidden=\"true\" class=\"wp-block-spacer\"><\/div>\n\n\n\n<p><strong>Piero : Avez-vous toujours le sentiment que les choses puissent s\u2019am\u00e9liorer pour notre \u00e9quipe premi\u00e8re, qui est la vitrine du club ? On a toujours dit que quand l\u2019\u00e9quipe premi\u00e8re va, tout va &#8230;<\/strong><\/p>\n\n\n\n<p>Bernard Canard : \u00ab On l\u2019a toujours affirm\u00e9 : si nous n&rsquo;avons pas de locomotive, le reste ne suit pas. Cette \u00e9quipe premi\u00e8re joue son r\u00f4le, et vu les r\u00e9sultats de nos autres \u00e9quipes, l&rsquo;objectif de maintien devient absolument d\u00e9terminant et primordial pour le club. \u00bb<\/p>\n\n\n\n<div style=\"height:25px\" aria-hidden=\"true\" class=\"wp-block-spacer\"><\/div>\n\n\n\n<p><strong>Piero : C\u2019est l\u2019\u00e9poque des v\u0153ux &#8230; Qu&rsquo;aimeriez-vous formuler ?<\/strong><\/p>\n\n\n\n<p>Bernard Canard : \u00ab D\u00e9j\u00e0, c\u2019est le maintien, absolument le maintien. Je r\u00e9p\u00e8te que cette refonte des championnats a tout remis en question, et on ressemblera \u00e0 un championnat de N2 d\u00e8s la saison prochaine. L\u2019ambition du maintien reste une bonne ambition dans ce cas de figure. Nous restons dans un championnat extr\u00eamement serr\u00e9 o\u00f9 quelques clubs qui avaient perdu leurs premiers matchs comme Rumilly et Jura Dolois, se retrouvent aujourd\u2019hui en t\u00eate. Donc, on voit bien que tout est possible.<\/p>\n\n\n\n<p>Avec le premier match retour contre Rumilly, on va tout de suite \u00eatre mis dans le bain de cette deuxi\u00e8me partie de saison. Je voudrais demander \u00e0 tous ceux qui nous suivent de croire en notre club. C\u2019est d\u00e9j\u00e0 un exploit d&rsquo;avoir un club \u00e0 ce niveau. Je remercie tous ceux qui font fonctionner ce club, des joueurs aux partenaires, en passant par les b\u00e9n\u00e9voles, tous ceux qui l\u2019entourent et qui font que ce club existe. Je ne suis qu\u2019une pierre de l\u2019\u00e9difice. \u00bb<\/p>\n\n\n\n<div style=\"height:25px\" aria-hidden=\"true\" class=\"wp-block-spacer\"><\/div>\n\n\n\n<blockquote class=\"wp-block-quote is-layout-flow wp-block-quote-is-layout-flow\">\n<p class=\"has-text-align-center has-medium-font-size\">Je souhaite \u00e0 tous les proches du FC Gueugnon une bonne ann\u00e9e et une bonne sant\u00e9. Que tous ceux qui croient en nous, continuent de nous suivre avec passion.<\/p>\n<\/blockquote>\n","protected":false},"excerpt":{"rendered":"<p>Alors que la reprise des championnats n\u2019a pas encore sonn\u00e9e, notre Pr\u00e9sident Bernard Canard vous adresse ses v\u0153ux pour 2024. Piero : Bonjour Pr\u00e9sident, \u00e0 la mi-saison et apr\u00e8s cette tr\u00eave, quel bilan sportif pourriez-vous tirer de la premi\u00e8re partie de saison ? Bernard Canard : \u00ab Globalement, on peut dire que nous sommes bien &#8230; <\/p>\n<p class=\"read-more-container\"><a title=\"[Interview] Les v\u0153ux du pr\u00e9sident Bernard Canard\" class=\"read-more button\" href=\"https:\/\/www.fcgueugnon.fr\/site\/interview-les-voeux-du-president-bernard-canard-2\/8042#more-8042\" aria-label=\"Plus sur [Interview] Les v\u0153ux du pr\u00e9sident Bernard Canard\">Lire la suite<\/a><\/p>\n","protected":false},"author":3,"featured_media":2090,"comment_status":"closed","ping_status":"closed","sticky":true,"template":"","format":"standard","meta":{"footnotes":""},"categories":[4,55],"tags":[35,14],"class_list":["post-8042","post","type-post","status-publish","format-standard","has-post-thumbnail","hentry","category-news","category-news-2023-2024","tag-foot-feminin","tag-sport-e-leclerc-academie-jeunes-formation","infinite-scroll-item","generate-columns","tablet-grid-50","mobile-grid-100","grid-parent","grid-25","resize-featured-image"],"yoast_head":"<!-- This site is optimized with the Yoast SEO plugin v26.6 - https:\/\/yoast.com\/wordpress\/plugins\/seo\/ -->\n<title>[Interview] Les v\u0153ux du pr\u00e9sident Bernard Canard &#8226; FOOTBALL CLUB GUEUGNON<\/title>\n<meta name=\"robots\" content=\"index, follow, max-snippet:-1, max-image-preview:large, max-video-preview:-1\" \/>\n<link rel=\"canonical\" href=\"https:\/\/www.fcgueugnon.fr\/site\/interview-les-voeux-du-president-bernard-canard-2\/8042\" \/>\n<meta property=\"og:locale\" content=\"fr_FR\" \/>\n<meta property=\"og:type\" content=\"article\" \/>\n<meta property=\"og:title\" content=\"[Interview] Les v\u0153ux du pr\u00e9sident Bernard Canard &#8226; FOOTBALL CLUB GUEUGNON\" \/>\n<meta property=\"og:description\" content=\"Alors que la reprise des championnats n\u2019a pas encore sonn\u00e9e, notre Pr\u00e9sident Bernard Canard vous adresse ses v\u0153ux pour 2024. Piero : Bonjour Pr\u00e9sident, \u00e0 la mi-saison et apr\u00e8s cette tr\u00eave, quel bilan sportif pourriez-vous tirer de la premi\u00e8re partie de saison ? Bernard Canard : \u00ab Globalement, on peut dire que nous sommes bien ... Lire la suite\" \/>\n<meta property=\"og:url\" content=\"https:\/\/www.fcgueugnon.fr\/site\/interview-les-voeux-du-president-bernard-canard-2\/8042\" \/>\n<meta property=\"og:site_name\" content=\"FOOTBALL CLUB GUEUGNON\" \/>\n<meta property=\"article:publisher\" content=\"http:\/\/facebook.com\/FCGueugnon\" \/>\n<meta property=\"article:published_time\" content=\"2024-01-09T15:30:00+00:00\" \/>\n<meta property=\"og:image\" content=\"https:\/\/www.fcgueugnon.fr\/site\/wp-content\/uploads\/2022\/10\/Bernard-Canard-president-FC-Gueugnon.jpg\" \/>\n\t<meta property=\"og:image:width\" content=\"1600\" \/>\n\t<meta property=\"og:image:height\" content=\"1600\" \/>\n\t<meta property=\"og:image:type\" content=\"image\/jpeg\" \/>\n<meta name=\"author\" content=\"FC Gueugnon\" \/>\n<meta name=\"twitter:card\" content=\"summary_large_image\" \/>\n<meta name=\"twitter:creator\" content=\"@FCGueugnon_off\" \/>\n<meta name=\"twitter:site\" content=\"@FCGueugnon_off\" \/>\n<meta name=\"twitter:label1\" content=\"\u00c9crit par\" \/>\n\t<meta name=\"twitter:data1\" content=\"FC Gueugnon\" \/>\n\t<meta name=\"twitter:label2\" content=\"Dur\u00e9e de lecture estim\u00e9e\" \/>\n\t<meta name=\"twitter:data2\" content=\"11 minutes\" \/>\n<script type=\"application\/ld+json\" class=\"yoast-schema-graph\">{\"@context\":\"https:\/\/schema.org\",\"@graph\":[{\"@type\":\"Article\",\"@id\":\"https:\/\/www.fcgueugnon.fr\/site\/interview-les-voeux-du-president-bernard-canard-2\/8042#article\",\"isPartOf\":{\"@id\":\"https:\/\/www.fcgueugnon.fr\/site\/interview-les-voeux-du-president-bernard-canard-2\/8042\"},\"author\":{\"name\":\"FC Gueugnon\",\"@id\":\"https:\/\/www.fcgueugnon.fr\/site\/#\/schema\/person\/829630bfb5d6f3ebe4d296b75687c01a\"},\"headline\":\"[Interview] Les v\u0153ux du pr\u00e9sident Bernard Canard\",\"datePublished\":\"2024-01-09T15:30:00+00:00\",\"mainEntityOfPage\":{\"@id\":\"https:\/\/www.fcgueugnon.fr\/site\/interview-les-voeux-du-president-bernard-canard-2\/8042\"},\"wordCount\":2114,\"publisher\":{\"@id\":\"https:\/\/www.fcgueugnon.fr\/site\/#organization\"},\"image\":{\"@id\":\"https:\/\/www.fcgueugnon.fr\/site\/interview-les-voeux-du-president-bernard-canard-2\/8042#primaryimage\"},\"thumbnailUrl\":\"https:\/\/www.fcgueugnon.fr\/site\/wp-content\/uploads\/2022\/10\/Bernard-Canard-president-FC-Gueugnon.jpg\",\"keywords\":[\"Foot F\u00e9minin\",\"Sport E.Leclerc Acad\u00e9mie : Jeunes \/ Formation\"],\"articleSection\":[\"News\",\"News 2023\/2024\"],\"inLanguage\":\"fr-FR\"},{\"@type\":\"WebPage\",\"@id\":\"https:\/\/www.fcgueugnon.fr\/site\/interview-les-voeux-du-president-bernard-canard-2\/8042\",\"url\":\"https:\/\/www.fcgueugnon.fr\/site\/interview-les-voeux-du-president-bernard-canard-2\/8042\",\"name\":\"[Interview] Les v\u0153ux du pr\u00e9sident Bernard Canard &#8226; FOOTBALL CLUB GUEUGNON\",\"isPartOf\":{\"@id\":\"https:\/\/www.fcgueugnon.fr\/site\/#website\"},\"primaryImageOfPage\":{\"@id\":\"https:\/\/www.fcgueugnon.fr\/site\/interview-les-voeux-du-president-bernard-canard-2\/8042#primaryimage\"},\"image\":{\"@id\":\"https:\/\/www.fcgueugnon.fr\/site\/interview-les-voeux-du-president-bernard-canard-2\/8042#primaryimage\"},\"thumbnailUrl\":\"https:\/\/www.fcgueugnon.fr\/site\/wp-content\/uploads\/2022\/10\/Bernard-Canard-president-FC-Gueugnon.jpg\",\"datePublished\":\"2024-01-09T15:30:00+00:00\",\"breadcrumb\":{\"@id\":\"https:\/\/www.fcgueugnon.fr\/site\/interview-les-voeux-du-president-bernard-canard-2\/8042#breadcrumb\"},\"inLanguage\":\"fr-FR\",\"potentialAction\":[{\"@type\":\"ReadAction\",\"target\":[\"https:\/\/www.fcgueugnon.fr\/site\/interview-les-voeux-du-president-bernard-canard-2\/8042\"]}]},{\"@type\":\"ImageObject\",\"inLanguage\":\"fr-FR\",\"@id\":\"https:\/\/www.fcgueugnon.fr\/site\/interview-les-voeux-du-president-bernard-canard-2\/8042#primaryimage\",\"url\":\"https:\/\/www.fcgueugnon.fr\/site\/wp-content\/uploads\/2022\/10\/Bernard-Canard-president-FC-Gueugnon.jpg\",\"contentUrl\":\"https:\/\/www.fcgueugnon.fr\/site\/wp-content\/uploads\/2022\/10\/Bernard-Canard-president-FC-Gueugnon.jpg\",\"width\":1600,\"height\":1600},{\"@type\":\"BreadcrumbList\",\"@id\":\"https:\/\/www.fcgueugnon.fr\/site\/interview-les-voeux-du-president-bernard-canard-2\/8042#breadcrumb\",\"itemListElement\":[{\"@type\":\"ListItem\",\"position\":1,\"name\":\"Accueil\",\"item\":\"https:\/\/www.fcgueugnon.fr\/site\/\"},{\"@type\":\"ListItem\",\"position\":2,\"name\":\"[Interview] Les v\u0153ux du pr\u00e9sident Bernard Canard\"}]},{\"@type\":\"WebSite\",\"@id\":\"https:\/\/www.fcgueugnon.fr\/site\/#website\",\"url\":\"https:\/\/www.fcgueugnon.fr\/site\/\",\"name\":\"FOOTBALL CLUB GUEUGNON\",\"description\":\"Le Site Officiel des Forgerons\",\"publisher\":{\"@id\":\"https:\/\/www.fcgueugnon.fr\/site\/#organization\"},\"potentialAction\":[{\"@type\":\"SearchAction\",\"target\":{\"@type\":\"EntryPoint\",\"urlTemplate\":\"https:\/\/www.fcgueugnon.fr\/site\/?s={search_term_string}\"},\"query-input\":{\"@type\":\"PropertyValueSpecification\",\"valueRequired\":true,\"valueName\":\"search_term_string\"}}],\"inLanguage\":\"fr-FR\"},{\"@type\":\"Organization\",\"@id\":\"https:\/\/www.fcgueugnon.fr\/site\/#organization\",\"name\":\"FC Gueugnon\",\"url\":\"https:\/\/www.fcgueugnon.fr\/site\/\",\"logo\":{\"@type\":\"ImageObject\",\"inLanguage\":\"fr-FR\",\"@id\":\"https:\/\/www.fcgueugnon.fr\/site\/#\/schema\/logo\/image\/\",\"url\":\"https:\/\/www.fcgueugnon.fr\/site\/wp-content\/uploads\/2022\/07\/cropped-Logo-FCGUEUGNON-low-350x350-1.png\",\"contentUrl\":\"https:\/\/www.fcgueugnon.fr\/site\/wp-content\/uploads\/2022\/07\/cropped-Logo-FCGUEUGNON-low-350x350-1.png\",\"width\":350,\"height\":350,\"caption\":\"FC Gueugnon\"},\"image\":{\"@id\":\"https:\/\/www.fcgueugnon.fr\/site\/#\/schema\/logo\/image\/\"},\"sameAs\":[\"http:\/\/facebook.com\/FCGueugnon\",\"https:\/\/x.com\/FCGueugnon_off\",\"https:\/\/www.instagram.com\/fcgueugnon\/\",\"https:\/\/www.linkedin.com\/company\/football-club-de-gueugnon\/\",\"https:\/\/www.youtube.com\/user\/FCGueugnonnais\",\"https:\/\/fr.wikipedia.org\/wiki\/Football_Club_de_Gueugnon\"]},{\"@type\":\"Person\",\"@id\":\"https:\/\/www.fcgueugnon.fr\/site\/#\/schema\/person\/829630bfb5d6f3ebe4d296b75687c01a\",\"name\":\"FC Gueugnon\",\"url\":\"https:\/\/www.fcgueugnon.fr\/site\/author\/g-avin1\"}]}<\/script>\n<!-- \/ Yoast SEO plugin. -->","yoast_head_json":{"title":"[Interview] Les v\u0153ux du pr\u00e9sident Bernard Canard &#8226; FOOTBALL CLUB GUEUGNON","robots":{"index":"index","follow":"follow","max-snippet":"max-snippet:-1","max-image-preview":"max-image-preview:large","max-video-preview":"max-video-preview:-1"},"canonical":"https:\/\/www.fcgueugnon.fr\/site\/interview-les-voeux-du-president-bernard-canard-2\/8042","og_locale":"fr_FR","og_type":"article","og_title":"[Interview] Les v\u0153ux du pr\u00e9sident Bernard Canard &#8226; FOOTBALL CLUB GUEUGNON","og_description":"Alors que la reprise des championnats n\u2019a pas encore sonn\u00e9e, notre Pr\u00e9sident Bernard Canard vous adresse ses v\u0153ux pour 2024. Piero : Bonjour Pr\u00e9sident, \u00e0 la mi-saison et apr\u00e8s cette tr\u00eave, quel bilan sportif pourriez-vous tirer de la premi\u00e8re partie de saison ? Bernard Canard : \u00ab Globalement, on peut dire que nous sommes bien ... Lire la suite","og_url":"https:\/\/www.fcgueugnon.fr\/site\/interview-les-voeux-du-president-bernard-canard-2\/8042","og_site_name":"FOOTBALL CLUB GUEUGNON","article_publisher":"http:\/\/facebook.com\/FCGueugnon","article_published_time":"2024-01-09T15:30:00+00:00","og_image":[{"width":1600,"height":1600,"url":"https:\/\/www.fcgueugnon.fr\/site\/wp-content\/uploads\/2022\/10\/Bernard-Canard-president-FC-Gueugnon.jpg","type":"image\/jpeg"}],"author":"FC Gueugnon","twitter_card":"summary_large_image","twitter_creator":"@FCGueugnon_off","twitter_site":"@FCGueugnon_off","twitter_misc":{"\u00c9crit par":"FC Gueugnon","Dur\u00e9e de lecture estim\u00e9e":"11 minutes"},"schema":{"@context":"https:\/\/schema.org","@graph":[{"@type":"Article","@id":"https:\/\/www.fcgueugnon.fr\/site\/interview-les-voeux-du-president-bernard-canard-2\/8042#article","isPartOf":{"@id":"https:\/\/www.fcgueugnon.fr\/site\/interview-les-voeux-du-president-bernard-canard-2\/8042"},"author":{"name":"FC Gueugnon","@id":"https:\/\/www.fcgueugnon.fr\/site\/#\/schema\/person\/829630bfb5d6f3ebe4d296b75687c01a"},"headline":"[Interview] Les v\u0153ux du pr\u00e9sident Bernard Canard","datePublished":"2024-01-09T15:30:00+00:00","mainEntityOfPage":{"@id":"https:\/\/www.fcgueugnon.fr\/site\/interview-les-voeux-du-president-bernard-canard-2\/8042"},"wordCount":2114,"publisher":{"@id":"https:\/\/www.fcgueugnon.fr\/site\/#organization"},"image":{"@id":"https:\/\/www.fcgueugnon.fr\/site\/interview-les-voeux-du-president-bernard-canard-2\/8042#primaryimage"},"thumbnailUrl":"https:\/\/www.fcgueugnon.fr\/site\/wp-content\/uploads\/2022\/10\/Bernard-Canard-president-FC-Gueugnon.jpg","keywords":["Foot F\u00e9minin","Sport E.Leclerc Acad\u00e9mie : Jeunes \/ Formation"],"articleSection":["News","News 2023\/2024"],"inLanguage":"fr-FR"},{"@type":"WebPage","@id":"https:\/\/www.fcgueugnon.fr\/site\/interview-les-voeux-du-president-bernard-canard-2\/8042","url":"https:\/\/www.fcgueugnon.fr\/site\/interview-les-voeux-du-president-bernard-canard-2\/8042","name":"[Interview] Les v\u0153ux du pr\u00e9sident Bernard Canard &#8226; FOOTBALL CLUB GUEUGNON","isPartOf":{"@id":"https:\/\/www.fcgueugnon.fr\/site\/#website"},"primaryImageOfPage":{"@id":"https:\/\/www.fcgueugnon.fr\/site\/interview-les-voeux-du-president-bernard-canard-2\/8042#primaryimage"},"image":{"@id":"https:\/\/www.fcgueugnon.fr\/site\/interview-les-voeux-du-president-bernard-canard-2\/8042#primaryimage"},"thumbnailUrl":"https:\/\/www.fcgueugnon.fr\/site\/wp-content\/uploads\/2022\/10\/Bernard-Canard-president-FC-Gueugnon.jpg","datePublished":"2024-01-09T15:30:00+00:00","breadcrumb":{"@id":"https:\/\/www.fcgueugnon.fr\/site\/interview-les-voeux-du-president-bernard-canard-2\/8042#breadcrumb"},"inLanguage":"fr-FR","potentialAction":[{"@type":"ReadAction","target":["https:\/\/www.fcgueugnon.fr\/site\/interview-les-voeux-du-president-bernard-canard-2\/8042"]}]},{"@type":"ImageObject","inLanguage":"fr-FR","@id":"https:\/\/www.fcgueugnon.fr\/site\/interview-les-voeux-du-president-bernard-canard-2\/8042#primaryimage","url":"https:\/\/www.fcgueugnon.fr\/site\/wp-content\/uploads\/2022\/10\/Bernard-Canard-president-FC-Gueugnon.jpg","contentUrl":"https:\/\/www.fcgueugnon.fr\/site\/wp-content\/uploads\/2022\/10\/Bernard-Canard-president-FC-Gueugnon.jpg","width":1600,"height":1600},{"@type":"BreadcrumbList","@id":"https:\/\/www.fcgueugnon.fr\/site\/interview-les-voeux-du-president-bernard-canard-2\/8042#breadcrumb","itemListElement":[{"@type":"ListItem","position":1,"name":"Accueil","item":"https:\/\/www.fcgueugnon.fr\/site\/"},{"@type":"ListItem","position":2,"name":"[Interview] Les v\u0153ux du pr\u00e9sident Bernard Canard"}]},{"@type":"WebSite","@id":"https:\/\/www.fcgueugnon.fr\/site\/#website","url":"https:\/\/www.fcgueugnon.fr\/site\/","name":"FOOTBALL CLUB GUEUGNON","description":"Le Site Officiel des Forgerons","publisher":{"@id":"https:\/\/www.fcgueugnon.fr\/site\/#organization"},"potentialAction":[{"@type":"SearchAction","target":{"@type":"EntryPoint","urlTemplate":"https:\/\/www.fcgueugnon.fr\/site\/?s={search_term_string}"},"query-input":{"@type":"PropertyValueSpecification","valueRequired":true,"valueName":"search_term_string"}}],"inLanguage":"fr-FR"},{"@type":"Organization","@id":"https:\/\/www.fcgueugnon.fr\/site\/#organization","name":"FC Gueugnon","url":"https:\/\/www.fcgueugnon.fr\/site\/","logo":{"@type":"ImageObject","inLanguage":"fr-FR","@id":"https:\/\/www.fcgueugnon.fr\/site\/#\/schema\/logo\/image\/","url":"https:\/\/www.fcgueugnon.fr\/site\/wp-content\/uploads\/2022\/07\/cropped-Logo-FCGUEUGNON-low-350x350-1.png","contentUrl":"https:\/\/www.fcgueugnon.fr\/site\/wp-content\/uploads\/2022\/07\/cropped-Logo-FCGUEUGNON-low-350x350-1.png","width":350,"height":350,"caption":"FC Gueugnon"},"image":{"@id":"https:\/\/www.fcgueugnon.fr\/site\/#\/schema\/logo\/image\/"},"sameAs":["http:\/\/facebook.com\/FCGueugnon","https:\/\/x.com\/FCGueugnon_off","https:\/\/www.instagram.com\/fcgueugnon\/","https:\/\/www.linkedin.com\/company\/football-club-de-gueugnon\/","https:\/\/www.youtube.com\/user\/FCGueugnonnais","https:\/\/fr.wikipedia.org\/wiki\/Football_Club_de_Gueugnon"]},{"@type":"Person","@id":"https:\/\/www.fcgueugnon.fr\/site\/#\/schema\/person\/829630bfb5d6f3ebe4d296b75687c01a","name":"FC Gueugnon","url":"https:\/\/www.fcgueugnon.fr\/site\/author\/g-avin1"}]}},"rttpg_featured_image_url":{"full":["https:\/\/www.fcgueugnon.fr\/site\/wp-content\/uploads\/2022\/10\/Bernard-Canard-president-FC-Gueugnon.jpg",1600,1600,false],"landscape":["https:\/\/www.fcgueugnon.fr\/site\/wp-content\/uploads\/2022\/10\/Bernard-Canard-president-FC-Gueugnon.jpg",1600,1600,false],"portraits":["https:\/\/www.fcgueugnon.fr\/site\/wp-content\/uploads\/2022\/10\/Bernard-Canard-president-FC-Gueugnon.jpg",1600,1600,false],"thumbnail":["https:\/\/www.fcgueugnon.fr\/site\/wp-content\/uploads\/2022\/10\/Bernard-Canard-president-FC-Gueugnon-150x150.jpg",150,150,true],"medium":["https:\/\/www.fcgueugnon.fr\/site\/wp-content\/uploads\/2022\/10\/Bernard-Canard-president-FC-Gueugnon-400x400.jpg",400,400,true],"large":["https:\/\/www.fcgueugnon.fr\/site\/wp-content\/uploads\/2022\/10\/Bernard-Canard-president-FC-Gueugnon-1024x1024.jpg",1024,1024,true],"1536x1536":["https:\/\/www.fcgueugnon.fr\/site\/wp-content\/uploads\/2022\/10\/Bernard-Canard-president-FC-Gueugnon-1536x1536.jpg",1536,1536,true],"2048x2048":["https:\/\/www.fcgueugnon.fr\/site\/wp-content\/uploads\/2022\/10\/Bernard-Canard-president-FC-Gueugnon.jpg",1600,1600,false]},"rttpg_author":{"display_name":"FC Gueugnon","author_link":"https:\/\/www.fcgueugnon.fr\/site\/author\/g-avin1"},"rttpg_comment":0,"rttpg_category":"<a href=\"https:\/\/www.fcgueugnon.fr\/site\/category\/news\" rel=\"category tag\">News<\/a> <a href=\"https:\/\/www.fcgueugnon.fr\/site\/category\/news\/news-2023-2024\" rel=\"category tag\">News 2023\/2024<\/a>","rttpg_excerpt":"Alors que la reprise des championnats n\u2019a pas encore sonn\u00e9e, notre Pr\u00e9sident Bernard Canard vous adresse ses v\u0153ux pour 2024. Piero : Bonjour Pr\u00e9sident, \u00e0 la mi-saison et apr\u00e8s cette tr\u00eave, quel bilan sportif pourriez-vous tirer de la premi\u00e8re partie de saison ? Bernard Canard : \u00ab Globalement, on peut dire que nous sommes bien\u2026","_links":{"self":[{"href":"https:\/\/www.fcgueugnon.fr\/site\/wp-json\/wp\/v2\/posts\/8042","targetHints":{"allow":["GET"]}}],"collection":[{"href":"https:\/\/www.fcgueugnon.fr\/site\/wp-json\/wp\/v2\/posts"}],"about":[{"href":"https:\/\/www.fcgueugnon.fr\/site\/wp-json\/wp\/v2\/types\/post"}],"author":[{"embeddable":true,"href":"https:\/\/www.fcgueugnon.fr\/site\/wp-json\/wp\/v2\/users\/3"}],"replies":[{"embeddable":true,"href":"https:\/\/www.fcgueugnon.fr\/site\/wp-json\/wp\/v2\/comments?post=8042"}],"version-history":[{"count":5,"href":"https:\/\/www.fcgueugnon.fr\/site\/wp-json\/wp\/v2\/posts\/8042\/revisions"}],"predecessor-version":[{"id":8052,"href":"https:\/\/www.fcgueugnon.fr\/site\/wp-json\/wp\/v2\/posts\/8042\/revisions\/8052"}],"wp:featuredmedia":[{"embeddable":true,"href":"https:\/\/www.fcgueugnon.fr\/site\/wp-json\/wp\/v2\/media\/2090"}],"wp:attachment":[{"href":"https:\/\/www.fcgueugnon.fr\/site\/wp-json\/wp\/v2\/media?parent=8042"}],"wp:term":[{"taxonomy":"category","embeddable":true,"href":"https:\/\/www.fcgueugnon.fr\/site\/wp-json\/wp\/v2\/categories?post=8042"},{"taxonomy":"post_tag","embeddable":true,"href":"https:\/\/www.fcgueugnon.fr\/site\/wp-json\/wp\/v2\/tags?post=8042"}],"curies":[{"name":"wp","href":"https:\/\/api.w.org\/{rel}","templated":true}]}}