{"id":8018,"date":"2024-01-03T12:03:35","date_gmt":"2024-01-03T11:03:35","guid":{"rendered":"https:\/\/www.fcgueugnon.fr\/site\/?p=8018"},"modified":"2024-01-03T12:04:20","modified_gmt":"2024-01-03T11:04:20","slug":"forgeron-aperam-elisez-le-forgeron-du-mois-de-decembre-2023","status":"publish","type":"post","link":"https:\/\/www.fcgueugnon.fr\/site\/forgeron-aperam-elisez-le-forgeron-du-mois-de-decembre-2023\/8018","title":{"rendered":"[Forgeron APERAM] \u00c9lisez le Forgeron du mois de D\u00e9cembre 2023"},"content":{"rendered":"\n<h3 class=\"wp-block-heading\">En partenariat avec <strong>APERAM Gueugnon<\/strong>, nous vous proposons d\u00e8s \u00e0 pr\u00e9sent et jusqu&rsquo;au Vendredi 1er Janvier d&rsquo;\u00e9lire le <strong>Forgeron APERAM du mois de D\u00e9cembre<\/strong> <strong>2023<\/strong> ! <\/h3>\n\n\n\n<div style=\"height:10px\" aria-hidden=\"true\" class=\"wp-block-spacer\"><\/div>\n\n\n\n<p><strong>Leadership, ing\u00e9niosit\u00e9, qualit\u00e9, esprit d&rsquo;\u00e9quipe, combativit\u00e9, agilit\u00e9<\/strong>&#8230; Telles sont les valeurs partag\u00e9es entre le FCG et le site sid\u00e9rurgique embl\u00e9matique de la ville qui reste intimement li\u00e9 au club ! <\/p>\n\n\n\n<p>Le verdict de vos votes sera d\u00e9voil\u00e9 sur notre site internet et nos r\u00e9seaux sociaux \u00e0 l\u2019issue de ces 4 mois de comp\u00e9tition.<\/p>\n\n\n\n<div style=\"height:10px\" aria-hidden=\"true\" class=\"wp-block-spacer\"><\/div>\n\n\n\n<p class=\"has-text-align-left\"><em><strong>17 forgerons <\/strong>ont jou\u00e9 en match officiel au cours du mois de <strong>D\u00e9cembre <\/strong>pour 2 d\u00e9faites contre Jura Dolois Foot et Moulins Yzeure Foot et 1 victoire contre UCS Cosne (voir <a href=\"https:\/\/www.fcgueugnon.fr\/site\/tag\/resultat\" target=\"_blank\" rel=\"noreferrer noopener\">apr\u00e8s-matchs<\/a>). <\/em><\/p>\n\n\n\n<p><\/p>\n\n\n\n<p class=\"has-text-align-center\"><em>Place \u00e0 vos votes !<\/em><\/p>\n\n\n\n<div class=\"wp-block-columns is-layout-flex wp-container-core-columns-is-layout-9d6595d7 wp-block-columns-is-layout-flex\">\n<div class=\"wp-block-column is-layout-flow wp-block-column-is-layout-flow\" style=\"flex-basis:25%\"><\/div>\n\n\n\n<div class=\"wp-block-column is-layout-flow wp-block-column-is-layout-flow\" style=\"flex-basis:50%\">\n<div class=\"forminator-guttenberg\"><form\n\t\t\t\tid=\"forminator-module-8029\"\n\t\t\t\tclass=\"forminator-ui forminator-poll forminator-poll-8029 forminator-design--material  \"\n\t\t\t\tmethod=\"post\"\n\t\t\t\tdata-forminator-render=\"0\"\n\t\t\t\tdata-form-id=\"8029\"\n\t\t\t\t data-color-option=\"default\" data-design=\"material\" style=\"display: none;\"\n\t\t\t\tdata-uid=\"69ec8e8667f21\"\n\t\t\t><div role=\"alert\" aria-live=\"polite\" class=\"forminator-response-message forminator-error\n forminator-show\"><p>Les votes sont clos<\/p><\/div><div class=\"forminator-poll-header\"><span id=\"forminator-poll-8029--title\" class=\"forminator-question forminator-poll--question\">Votez pour le Forgeron APERAM du mois de D\u00e9cembre 2023<\/span><\/div><div class=\"forminator-poll-body\"><div role=\"radiogroup\" class=\"forminator-field\" aria-labelledby=\"forminator-poll-8029--title\"><label for=\"8029-0-answer-38\" class=\"forminator-radio\"><input id=\"8029-0-answer-38\" type=\"radio\" data-required=\"\" name=\"8029\" value=\"answer-38\"  \/><span class=\"forminator-radio-bullet\" aria-hidden=\"true\"><\/span><span class=\"forminator-radio-label\">Hamza BOUDJEMAA<\/span><\/label><label for=\"8029-0-answer-12\" class=\"forminator-radio\"><input id=\"8029-0-answer-12\" type=\"radio\" data-required=\"\" name=\"8029\" value=\"answer-12\"  \/><span class=\"forminator-radio-bullet\" aria-hidden=\"true\"><\/span><span class=\"forminator-radio-label\">Nils BOUEKOU<\/span><\/label><label for=\"8029-0-answer-34\" class=\"forminator-radio\"><input id=\"8029-0-answer-34\" type=\"radio\" data-required=\"\" name=\"8029\" value=\"answer-34\"  \/><span class=\"forminator-radio-bullet\" aria-hidden=\"true\"><\/span><span class=\"forminator-radio-label\">Anthony CHAUVET<\/span><\/label><label for=\"8029-0-answer-19\" class=\"forminator-radio\"><input id=\"8029-0-answer-19\" type=\"radio\" data-required=\"\" name=\"8029\" value=\"answer-19\"  \/><span class=\"forminator-radio-bullet\" aria-hidden=\"true\"><\/span><span class=\"forminator-radio-label\">Mahamadou CISSE<\/span><\/label><label for=\"8029-0-answer-31\" class=\"forminator-radio\"><input id=\"8029-0-answer-31\" type=\"radio\" data-required=\"\" name=\"8029\" value=\"answer-31\"  \/><span class=\"forminator-radio-bullet\" aria-hidden=\"true\"><\/span><span class=\"forminator-radio-label\">Mathis CLERVAL<\/span><\/label><label for=\"8029-0-answer-35\" class=\"forminator-radio\"><input id=\"8029-0-answer-35\" type=\"radio\" data-required=\"\" name=\"8029\" value=\"answer-35\"  \/><span class=\"forminator-radio-bullet\" aria-hidden=\"true\"><\/span><span class=\"forminator-radio-label\">Basile DELCLAUX<\/span><\/label><label for=\"8029-0-answer-13\" class=\"forminator-radio\"><input id=\"8029-0-answer-13\" type=\"radio\" data-required=\"\" name=\"8029\" value=\"answer-13\"  \/><span class=\"forminator-radio-bullet\" aria-hidden=\"true\"><\/span><span class=\"forminator-radio-label\">Mouhamed DIALLO<\/span><\/label><label for=\"8029-0-answer-4\" class=\"forminator-radio\"><input id=\"8029-0-answer-4\" type=\"radio\" data-required=\"\" name=\"8029\" value=\"answer-4\"  \/><span class=\"forminator-radio-bullet\" aria-hidden=\"true\"><\/span><span class=\"forminator-radio-label\">Soualio DIOMANDE<\/span><\/label><label for=\"8029-0-answer-7\" class=\"forminator-radio\"><input id=\"8029-0-answer-7\" type=\"radio\" data-required=\"\" name=\"8029\" value=\"answer-7\"  \/><span class=\"forminator-radio-bullet\" aria-hidden=\"true\"><\/span><span class=\"forminator-radio-label\">Oum\u00e9rou DRAME<\/span><\/label><label for=\"8029-0-answer-37\" class=\"forminator-radio\"><input id=\"8029-0-answer-37\" type=\"radio\" data-required=\"\" name=\"8029\" value=\"answer-37\"  \/><span class=\"forminator-radio-bullet\" aria-hidden=\"true\"><\/span><span class=\"forminator-radio-label\">Yanis FIGUEIRA<\/span><\/label><label for=\"8029-0-answer-11\" class=\"forminator-radio\"><input id=\"8029-0-answer-11\" type=\"radio\" data-required=\"\" name=\"8029\" value=\"answer-11\"  \/><span class=\"forminator-radio-bullet\" aria-hidden=\"true\"><\/span><span class=\"forminator-radio-label\">Erwin GNAHORE<\/span><\/label><label for=\"8029-0-answer-23\" class=\"forminator-radio\"><input id=\"8029-0-answer-23\" type=\"radio\" data-required=\"\" name=\"8029\" value=\"answer-23\"  \/><span class=\"forminator-radio-bullet\" aria-hidden=\"true\"><\/span><span class=\"forminator-radio-label\">Sidi Lamin HELAL<\/span><\/label><label for=\"8029-0-answer-27\" class=\"forminator-radio\"><input id=\"8029-0-answer-27\" type=\"radio\" data-required=\"\" name=\"8029\" value=\"answer-27\"  \/><span class=\"forminator-radio-bullet\" aria-hidden=\"true\"><\/span><span class=\"forminator-radio-label\">Jason LUANDA<\/span><\/label><label for=\"8029-0-answer-10\" class=\"forminator-radio\"><input id=\"8029-0-answer-10\" type=\"radio\" data-required=\"\" name=\"8029\" value=\"answer-10\"  \/><span class=\"forminator-radio-bullet\" aria-hidden=\"true\"><\/span><span class=\"forminator-radio-label\">Yannick MAMBO<\/span><\/label><label for=\"8029-0-answer-30\" class=\"forminator-radio\"><input id=\"8029-0-answer-30\" type=\"radio\" data-required=\"\" name=\"8029\" value=\"answer-30\"  \/><span class=\"forminator-radio-bullet\" aria-hidden=\"true\"><\/span><span class=\"forminator-radio-label\">Fraty MIEZI-KEMBOLO<\/span><\/label><label for=\"8029-0-answer-28\" class=\"forminator-radio\"><input id=\"8029-0-answer-28\" type=\"radio\" data-required=\"\" name=\"8029\" value=\"answer-28\"  \/><span class=\"forminator-radio-bullet\" aria-hidden=\"true\"><\/span><span class=\"forminator-radio-label\">Ibrahim MOHAMED<\/span><\/label><label for=\"8029-0-answer-26\" class=\"forminator-radio\"><input id=\"8029-0-answer-26\" type=\"radio\" data-required=\"\" name=\"8029\" value=\"answer-26\"  \/><span class=\"forminator-radio-bullet\" aria-hidden=\"true\"><\/span><span class=\"forminator-radio-label\">Anthony NJOCK<\/span><\/label><\/div><\/div><input type=\"hidden\" name=\"referer_url\" value=\"\" \/><div class=\"forminator-poll-footer forminator-poll--actions\"><button class=\"forminator-button forminator-button-submit\"  disabled=\"disabled\"><span>Envoyer<\/span><i class=\"forminator-icon-loader forminator-loading\" aria-hidden=\"true\"><\/i><span aria-hidden=\"true\"><\/span><\/button><\/div><input type=\"hidden\" id=\"forminator_nonce\" name=\"forminator_nonce\" value=\"9686b6a5fc\" \/><input type=\"hidden\" name=\"_wp_http_referer\" value=\"\/site\/wp-json\/wp\/v2\/posts\/8018\" \/><input type=\"hidden\" name=\"form_id\" value=\"8029\"><input type=\"hidden\" name=\"page_id\" value=\"8018\"><input type=\"hidden\" name=\"render_id\" value=\"0\"><input type=\"hidden\" name=\"action\" value=\"forminator_submit_form_poll\"><\/form><\/div>\n<\/div>\n\n\n\n<div class=\"wp-block-column is-layout-flow wp-block-column-is-layout-flow\" style=\"flex-basis:25%\"><\/div>\n<\/div>\n\n\n\n<div style=\"height:39px\" aria-hidden=\"true\" class=\"wp-block-spacer\"><\/div>\n\n\n\n<hr class=\"wp-block-separator has-alpha-channel-opacity\"\/>\n\n\n\n<h3 class=\"wp-block-heading has-text-align-center\">\u25ba <a href=\"https:\/\/www.fcgueugnon.fr\/site\/forgeron-aperam-fraty-miezi-kembolo-erwin-gnahore-et-anthony-njock-recompenses\/7813\">R\u00e9sultat des mois de septembre, octobre et novembre<\/a><\/h3>\n\n\n\n<div class=\"wp-block-getwid-image-box getwid-animation has-text-center has-mobile-layout-default has-mobile-alignment-default\" data-animation=\"tada\"><div class=\"wp-block-getwid-image-box__image-container is-position-top\"><a href=\"https:\/\/www.fcgueugnon.fr\/site\/forgeron-aperam-fraty-miezi-kembolo-erwin-gnahore-et-anthony-njock-recompenses\/7813\" rel=\"\" class=\"wp-block-getwid-image-box__image-wrapper\"><img loading=\"lazy\" decoding=\"async\" width=\"400\" height=\"400\" src=\"https:\/\/www.fcgueugnon.fr\/site\/wp-content\/uploads\/2022\/11\/Forgeron-Aperam-Visuel-400x400.png\" alt=\"\" class=\"wp-block-getwid-image-box__image wp-image-2127\" srcset=\"https:\/\/www.fcgueugnon.fr\/site\/wp-content\/uploads\/2022\/11\/Forgeron-Aperam-Visuel-400x400.png 400w, https:\/\/www.fcgueugnon.fr\/site\/wp-content\/uploads\/2022\/11\/Forgeron-Aperam-Visuel-1024x1024.png 1024w, https:\/\/www.fcgueugnon.fr\/site\/wp-content\/uploads\/2022\/11\/Forgeron-Aperam-Visuel-150x150.png 150w, https:\/\/www.fcgueugnon.fr\/site\/wp-content\/uploads\/2022\/11\/Forgeron-Aperam-Visuel-768x768.png 768w, https:\/\/www.fcgueugnon.fr\/site\/wp-content\/uploads\/2022\/11\/Forgeron-Aperam-Visuel-1536x1536.png 1536w, https:\/\/www.fcgueugnon.fr\/site\/wp-content\/uploads\/2022\/11\/Forgeron-Aperam-Visuel-1320x1320.png 1320w, https:\/\/www.fcgueugnon.fr\/site\/wp-content\/uploads\/2022\/11\/Forgeron-Aperam-Visuel.png 2000w\" sizes=\"auto, (max-width: 400px) 100vw, 400px\" \/><\/a><\/div><div class=\"wp-block-getwid-image-box__content\">\n<h3 class=\"wp-block-heading\"><\/h3>\n\n\n\n<p><\/p>\n<\/div><\/div>\n","protected":false},"excerpt":{"rendered":"<p>En partenariat avec APERAM Gueugnon, nous vous proposons d\u00e8s \u00e0 pr\u00e9sent et jusqu&rsquo;au Vendredi 1er Janvier d&rsquo;\u00e9lire le Forgeron APERAM du mois de D\u00e9cembre 2023 ! Leadership, ing\u00e9niosit\u00e9, qualit\u00e9, esprit d&rsquo;\u00e9quipe, combativit\u00e9, agilit\u00e9&#8230; Telles sont les valeurs partag\u00e9es entre le FCG et le site sid\u00e9rurgique embl\u00e9matique de la ville qui reste intimement li\u00e9 au club &#8230; <\/p>\n<p class=\"read-more-container\"><a title=\"[Forgeron APERAM] \u00c9lisez le Forgeron du mois de D\u00e9cembre 2023\" class=\"read-more button\" href=\"https:\/\/www.fcgueugnon.fr\/site\/forgeron-aperam-elisez-le-forgeron-du-mois-de-decembre-2023\/8018#more-8018\" aria-label=\"Plus sur [Forgeron APERAM] \u00c9lisez le Forgeron du mois de D\u00e9cembre 2023\">Lire la suite<\/a><\/p>\n","protected":false},"author":4,"featured_media":2126,"comment_status":"closed","ping_status":"closed","sticky":false,"template":"","format":"standard","meta":{"footnotes":""},"categories":[4,55],"tags":[20],"class_list":["post-8018","post","type-post","status-publish","format-standard","has-post-thumbnail","hentry","category-news","category-news-2023-2024","tag-forgeronfamily","infinite-scroll-item","generate-columns","tablet-grid-50","mobile-grid-100","grid-parent","grid-25","resize-featured-image"],"yoast_head":"<!-- This site is optimized with the Yoast SEO plugin v26.6 - https:\/\/yoast.com\/wordpress\/plugins\/seo\/ -->\n<title>[Forgeron APERAM] \u00c9lisez le Forgeron du mois de D\u00e9cembre 2023 &#8226; FOOTBALL CLUB GUEUGNON<\/title>\n<meta name=\"robots\" content=\"index, follow, max-snippet:-1, max-image-preview:large, max-video-preview:-1\" \/>\n<link rel=\"canonical\" href=\"https:\/\/www.fcgueugnon.fr\/site\/forgeron-aperam-elisez-le-forgeron-du-mois-de-decembre-2023\/8018\" \/>\n<meta property=\"og:locale\" content=\"fr_FR\" \/>\n<meta property=\"og:type\" content=\"article\" \/>\n<meta property=\"og:title\" content=\"[Forgeron APERAM] \u00c9lisez le Forgeron du mois de D\u00e9cembre 2023 &#8226; FOOTBALL CLUB GUEUGNON\" \/>\n<meta property=\"og:description\" content=\"En partenariat avec APERAM Gueugnon, nous vous proposons d\u00e8s \u00e0 pr\u00e9sent et jusqu&rsquo;au Vendredi 1er Janvier d&rsquo;\u00e9lire le Forgeron APERAM du mois de D\u00e9cembre 2023 ! Leadership, ing\u00e9niosit\u00e9, qualit\u00e9, esprit d&rsquo;\u00e9quipe, combativit\u00e9, agilit\u00e9&#8230; Telles sont les valeurs partag\u00e9es entre le FCG et le site sid\u00e9rurgique embl\u00e9matique de la ville qui reste intimement li\u00e9 au club ... Lire la suite\" \/>\n<meta property=\"og:url\" content=\"https:\/\/www.fcgueugnon.fr\/site\/forgeron-aperam-elisez-le-forgeron-du-mois-de-decembre-2023\/8018\" \/>\n<meta property=\"og:site_name\" content=\"FOOTBALL CLUB GUEUGNON\" \/>\n<meta property=\"article:publisher\" content=\"http:\/\/facebook.com\/FCGueugnon\" \/>\n<meta property=\"article:published_time\" content=\"2024-01-03T11:03:35+00:00\" \/>\n<meta property=\"article:modified_time\" content=\"2024-01-03T11:04:20+00:00\" \/>\n<meta property=\"og:image\" content=\"https:\/\/www.fcgueugnon.fr\/site\/wp-content\/uploads\/2022\/11\/visuel-forgeron-aperam-couv.png\" \/>\n\t<meta property=\"og:image:width\" content=\"2400\" \/>\n\t<meta property=\"og:image:height\" content=\"1080\" \/>\n\t<meta property=\"og:image:type\" content=\"image\/png\" \/>\n<meta name=\"author\" content=\"FC Gueugnon\" \/>\n<meta name=\"twitter:card\" content=\"summary_large_image\" \/>\n<meta name=\"twitter:creator\" content=\"@FCGueugnon_off\" \/>\n<meta name=\"twitter:site\" content=\"@FCGueugnon_off\" \/>\n<meta name=\"twitter:label1\" content=\"\u00c9crit par\" \/>\n\t<meta name=\"twitter:data1\" content=\"FC Gueugnon\" \/>\n\t<meta name=\"twitter:label2\" content=\"Dur\u00e9e de lecture estim\u00e9e\" \/>\n\t<meta name=\"twitter:data2\" content=\"1 minute\" \/>\n<script type=\"application\/ld+json\" class=\"yoast-schema-graph\">{\"@context\":\"https:\/\/schema.org\",\"@graph\":[{\"@type\":\"Article\",\"@id\":\"https:\/\/www.fcgueugnon.fr\/site\/forgeron-aperam-elisez-le-forgeron-du-mois-de-decembre-2023\/8018#article\",\"isPartOf\":{\"@id\":\"https:\/\/www.fcgueugnon.fr\/site\/forgeron-aperam-elisez-le-forgeron-du-mois-de-decembre-2023\/8018\"},\"author\":{\"name\":\"FC Gueugnon\",\"@id\":\"https:\/\/www.fcgueugnon.fr\/site\/#\/schema\/person\/6b88acb9354d23e86675fc81c54ed359\"},\"headline\":\"[Forgeron APERAM] \u00c9lisez le Forgeron du mois de D\u00e9cembre 2023\",\"datePublished\":\"2024-01-03T11:03:35+00:00\",\"dateModified\":\"2024-01-03T11:04:20+00:00\",\"mainEntityOfPage\":{\"@id\":\"https:\/\/www.fcgueugnon.fr\/site\/forgeron-aperam-elisez-le-forgeron-du-mois-de-decembre-2023\/8018\"},\"wordCount\":144,\"publisher\":{\"@id\":\"https:\/\/www.fcgueugnon.fr\/site\/#organization\"},\"image\":{\"@id\":\"https:\/\/www.fcgueugnon.fr\/site\/forgeron-aperam-elisez-le-forgeron-du-mois-de-decembre-2023\/8018#primaryimage\"},\"thumbnailUrl\":\"https:\/\/www.fcgueugnon.fr\/site\/wp-content\/uploads\/2022\/11\/visuel-forgeron-aperam-couv.png\",\"keywords\":[\"#ForgeronFamily\"],\"articleSection\":[\"News\",\"News 2023\/2024\"],\"inLanguage\":\"fr-FR\"},{\"@type\":\"WebPage\",\"@id\":\"https:\/\/www.fcgueugnon.fr\/site\/forgeron-aperam-elisez-le-forgeron-du-mois-de-decembre-2023\/8018\",\"url\":\"https:\/\/www.fcgueugnon.fr\/site\/forgeron-aperam-elisez-le-forgeron-du-mois-de-decembre-2023\/8018\",\"name\":\"[Forgeron APERAM] \u00c9lisez le Forgeron du mois de D\u00e9cembre 2023 &#8226; FOOTBALL CLUB GUEUGNON\",\"isPartOf\":{\"@id\":\"https:\/\/www.fcgueugnon.fr\/site\/#website\"},\"primaryImageOfPage\":{\"@id\":\"https:\/\/www.fcgueugnon.fr\/site\/forgeron-aperam-elisez-le-forgeron-du-mois-de-decembre-2023\/8018#primaryimage\"},\"image\":{\"@id\":\"https:\/\/www.fcgueugnon.fr\/site\/forgeron-aperam-elisez-le-forgeron-du-mois-de-decembre-2023\/8018#primaryimage\"},\"thumbnailUrl\":\"https:\/\/www.fcgueugnon.fr\/site\/wp-content\/uploads\/2022\/11\/visuel-forgeron-aperam-couv.png\",\"datePublished\":\"2024-01-03T11:03:35+00:00\",\"dateModified\":\"2024-01-03T11:04:20+00:00\",\"breadcrumb\":{\"@id\":\"https:\/\/www.fcgueugnon.fr\/site\/forgeron-aperam-elisez-le-forgeron-du-mois-de-decembre-2023\/8018#breadcrumb\"},\"inLanguage\":\"fr-FR\",\"potentialAction\":[{\"@type\":\"ReadAction\",\"target\":[\"https:\/\/www.fcgueugnon.fr\/site\/forgeron-aperam-elisez-le-forgeron-du-mois-de-decembre-2023\/8018\"]}]},{\"@type\":\"ImageObject\",\"inLanguage\":\"fr-FR\",\"@id\":\"https:\/\/www.fcgueugnon.fr\/site\/forgeron-aperam-elisez-le-forgeron-du-mois-de-decembre-2023\/8018#primaryimage\",\"url\":\"https:\/\/www.fcgueugnon.fr\/site\/wp-content\/uploads\/2022\/11\/visuel-forgeron-aperam-couv.png\",\"contentUrl\":\"https:\/\/www.fcgueugnon.fr\/site\/wp-content\/uploads\/2022\/11\/visuel-forgeron-aperam-couv.png\",\"width\":2400,\"height\":1080},{\"@type\":\"BreadcrumbList\",\"@id\":\"https:\/\/www.fcgueugnon.fr\/site\/forgeron-aperam-elisez-le-forgeron-du-mois-de-decembre-2023\/8018#breadcrumb\",\"itemListElement\":[{\"@type\":\"ListItem\",\"position\":1,\"name\":\"Accueil\",\"item\":\"https:\/\/www.fcgueugnon.fr\/site\/\"},{\"@type\":\"ListItem\",\"position\":2,\"name\":\"[Forgeron APERAM] \u00c9lisez le Forgeron du mois de D\u00e9cembre 2023\"}]},{\"@type\":\"WebSite\",\"@id\":\"https:\/\/www.fcgueugnon.fr\/site\/#website\",\"url\":\"https:\/\/www.fcgueugnon.fr\/site\/\",\"name\":\"FOOTBALL CLUB GUEUGNON\",\"description\":\"Le Site Officiel des Forgerons\",\"publisher\":{\"@id\":\"https:\/\/www.fcgueugnon.fr\/site\/#organization\"},\"potentialAction\":[{\"@type\":\"SearchAction\",\"target\":{\"@type\":\"EntryPoint\",\"urlTemplate\":\"https:\/\/www.fcgueugnon.fr\/site\/?s={search_term_string}\"},\"query-input\":{\"@type\":\"PropertyValueSpecification\",\"valueRequired\":true,\"valueName\":\"search_term_string\"}}],\"inLanguage\":\"fr-FR\"},{\"@type\":\"Organization\",\"@id\":\"https:\/\/www.fcgueugnon.fr\/site\/#organization\",\"name\":\"FC Gueugnon\",\"url\":\"https:\/\/www.fcgueugnon.fr\/site\/\",\"logo\":{\"@type\":\"ImageObject\",\"inLanguage\":\"fr-FR\",\"@id\":\"https:\/\/www.fcgueugnon.fr\/site\/#\/schema\/logo\/image\/\",\"url\":\"https:\/\/www.fcgueugnon.fr\/site\/wp-content\/uploads\/2022\/07\/cropped-Logo-FCGUEUGNON-low-350x350-1.png\",\"contentUrl\":\"https:\/\/www.fcgueugnon.fr\/site\/wp-content\/uploads\/2022\/07\/cropped-Logo-FCGUEUGNON-low-350x350-1.png\",\"width\":350,\"height\":350,\"caption\":\"FC Gueugnon\"},\"image\":{\"@id\":\"https:\/\/www.fcgueugnon.fr\/site\/#\/schema\/logo\/image\/\"},\"sameAs\":[\"http:\/\/facebook.com\/FCGueugnon\",\"https:\/\/x.com\/FCGueugnon_off\",\"https:\/\/www.instagram.com\/fcgueugnon\/\",\"https:\/\/www.linkedin.com\/company\/football-club-de-gueugnon\/\",\"https:\/\/www.youtube.com\/user\/FCGueugnonnais\",\"https:\/\/fr.wikipedia.org\/wiki\/Football_Club_de_Gueugnon\"]},{\"@type\":\"Person\",\"@id\":\"https:\/\/www.fcgueugnon.fr\/site\/#\/schema\/person\/6b88acb9354d23e86675fc81c54ed359\",\"name\":\"FC Gueugnon\",\"url\":\"https:\/\/www.fcgueugnon.fr\/site\/author\/man-antu\"}]}<\/script>\n<!-- \/ Yoast SEO plugin. -->","yoast_head_json":{"title":"[Forgeron APERAM] \u00c9lisez le Forgeron du mois de D\u00e9cembre 2023 &#8226; FOOTBALL CLUB GUEUGNON","robots":{"index":"index","follow":"follow","max-snippet":"max-snippet:-1","max-image-preview":"max-image-preview:large","max-video-preview":"max-video-preview:-1"},"canonical":"https:\/\/www.fcgueugnon.fr\/site\/forgeron-aperam-elisez-le-forgeron-du-mois-de-decembre-2023\/8018","og_locale":"fr_FR","og_type":"article","og_title":"[Forgeron APERAM] \u00c9lisez le Forgeron du mois de D\u00e9cembre 2023 &#8226; FOOTBALL CLUB GUEUGNON","og_description":"En partenariat avec APERAM Gueugnon, nous vous proposons d\u00e8s \u00e0 pr\u00e9sent et jusqu&rsquo;au Vendredi 1er Janvier d&rsquo;\u00e9lire le Forgeron APERAM du mois de D\u00e9cembre 2023 ! Leadership, ing\u00e9niosit\u00e9, qualit\u00e9, esprit d&rsquo;\u00e9quipe, combativit\u00e9, agilit\u00e9&#8230; Telles sont les valeurs partag\u00e9es entre le FCG et le site sid\u00e9rurgique embl\u00e9matique de la ville qui reste intimement li\u00e9 au club ... Lire la suite","og_url":"https:\/\/www.fcgueugnon.fr\/site\/forgeron-aperam-elisez-le-forgeron-du-mois-de-decembre-2023\/8018","og_site_name":"FOOTBALL CLUB GUEUGNON","article_publisher":"http:\/\/facebook.com\/FCGueugnon","article_published_time":"2024-01-03T11:03:35+00:00","article_modified_time":"2024-01-03T11:04:20+00:00","og_image":[{"width":2400,"height":1080,"url":"https:\/\/www.fcgueugnon.fr\/site\/wp-content\/uploads\/2022\/11\/visuel-forgeron-aperam-couv.png","type":"image\/png"}],"author":"FC Gueugnon","twitter_card":"summary_large_image","twitter_creator":"@FCGueugnon_off","twitter_site":"@FCGueugnon_off","twitter_misc":{"\u00c9crit par":"FC Gueugnon","Dur\u00e9e de lecture estim\u00e9e":"1 minute"},"schema":{"@context":"https:\/\/schema.org","@graph":[{"@type":"Article","@id":"https:\/\/www.fcgueugnon.fr\/site\/forgeron-aperam-elisez-le-forgeron-du-mois-de-decembre-2023\/8018#article","isPartOf":{"@id":"https:\/\/www.fcgueugnon.fr\/site\/forgeron-aperam-elisez-le-forgeron-du-mois-de-decembre-2023\/8018"},"author":{"name":"FC Gueugnon","@id":"https:\/\/www.fcgueugnon.fr\/site\/#\/schema\/person\/6b88acb9354d23e86675fc81c54ed359"},"headline":"[Forgeron APERAM] \u00c9lisez le Forgeron du mois de D\u00e9cembre 2023","datePublished":"2024-01-03T11:03:35+00:00","dateModified":"2024-01-03T11:04:20+00:00","mainEntityOfPage":{"@id":"https:\/\/www.fcgueugnon.fr\/site\/forgeron-aperam-elisez-le-forgeron-du-mois-de-decembre-2023\/8018"},"wordCount":144,"publisher":{"@id":"https:\/\/www.fcgueugnon.fr\/site\/#organization"},"image":{"@id":"https:\/\/www.fcgueugnon.fr\/site\/forgeron-aperam-elisez-le-forgeron-du-mois-de-decembre-2023\/8018#primaryimage"},"thumbnailUrl":"https:\/\/www.fcgueugnon.fr\/site\/wp-content\/uploads\/2022\/11\/visuel-forgeron-aperam-couv.png","keywords":["#ForgeronFamily"],"articleSection":["News","News 2023\/2024"],"inLanguage":"fr-FR"},{"@type":"WebPage","@id":"https:\/\/www.fcgueugnon.fr\/site\/forgeron-aperam-elisez-le-forgeron-du-mois-de-decembre-2023\/8018","url":"https:\/\/www.fcgueugnon.fr\/site\/forgeron-aperam-elisez-le-forgeron-du-mois-de-decembre-2023\/8018","name":"[Forgeron APERAM] \u00c9lisez le Forgeron du mois de D\u00e9cembre 2023 &#8226; FOOTBALL CLUB GUEUGNON","isPartOf":{"@id":"https:\/\/www.fcgueugnon.fr\/site\/#website"},"primaryImageOfPage":{"@id":"https:\/\/www.fcgueugnon.fr\/site\/forgeron-aperam-elisez-le-forgeron-du-mois-de-decembre-2023\/8018#primaryimage"},"image":{"@id":"https:\/\/www.fcgueugnon.fr\/site\/forgeron-aperam-elisez-le-forgeron-du-mois-de-decembre-2023\/8018#primaryimage"},"thumbnailUrl":"https:\/\/www.fcgueugnon.fr\/site\/wp-content\/uploads\/2022\/11\/visuel-forgeron-aperam-couv.png","datePublished":"2024-01-03T11:03:35+00:00","dateModified":"2024-01-03T11:04:20+00:00","breadcrumb":{"@id":"https:\/\/www.fcgueugnon.fr\/site\/forgeron-aperam-elisez-le-forgeron-du-mois-de-decembre-2023\/8018#breadcrumb"},"inLanguage":"fr-FR","potentialAction":[{"@type":"ReadAction","target":["https:\/\/www.fcgueugnon.fr\/site\/forgeron-aperam-elisez-le-forgeron-du-mois-de-decembre-2023\/8018"]}]},{"@type":"ImageObject","inLanguage":"fr-FR","@id":"https:\/\/www.fcgueugnon.fr\/site\/forgeron-aperam-elisez-le-forgeron-du-mois-de-decembre-2023\/8018#primaryimage","url":"https:\/\/www.fcgueugnon.fr\/site\/wp-content\/uploads\/2022\/11\/visuel-forgeron-aperam-couv.png","contentUrl":"https:\/\/www.fcgueugnon.fr\/site\/wp-content\/uploads\/2022\/11\/visuel-forgeron-aperam-couv.png","width":2400,"height":1080},{"@type":"BreadcrumbList","@id":"https:\/\/www.fcgueugnon.fr\/site\/forgeron-aperam-elisez-le-forgeron-du-mois-de-decembre-2023\/8018#breadcrumb","itemListElement":[{"@type":"ListItem","position":1,"name":"Accueil","item":"https:\/\/www.fcgueugnon.fr\/site\/"},{"@type":"ListItem","position":2,"name":"[Forgeron APERAM] \u00c9lisez le Forgeron du mois de D\u00e9cembre 2023"}]},{"@type":"WebSite","@id":"https:\/\/www.fcgueugnon.fr\/site\/#website","url":"https:\/\/www.fcgueugnon.fr\/site\/","name":"FOOTBALL CLUB GUEUGNON","description":"Le Site Officiel des Forgerons","publisher":{"@id":"https:\/\/www.fcgueugnon.fr\/site\/#organization"},"potentialAction":[{"@type":"SearchAction","target":{"@type":"EntryPoint","urlTemplate":"https:\/\/www.fcgueugnon.fr\/site\/?s={search_term_string}"},"query-input":{"@type":"PropertyValueSpecification","valueRequired":true,"valueName":"search_term_string"}}],"inLanguage":"fr-FR"},{"@type":"Organization","@id":"https:\/\/www.fcgueugnon.fr\/site\/#organization","name":"FC Gueugnon","url":"https:\/\/www.fcgueugnon.fr\/site\/","logo":{"@type":"ImageObject","inLanguage":"fr-FR","@id":"https:\/\/www.fcgueugnon.fr\/site\/#\/schema\/logo\/image\/","url":"https:\/\/www.fcgueugnon.fr\/site\/wp-content\/uploads\/2022\/07\/cropped-Logo-FCGUEUGNON-low-350x350-1.png","contentUrl":"https:\/\/www.fcgueugnon.fr\/site\/wp-content\/uploads\/2022\/07\/cropped-Logo-FCGUEUGNON-low-350x350-1.png","width":350,"height":350,"caption":"FC Gueugnon"},"image":{"@id":"https:\/\/www.fcgueugnon.fr\/site\/#\/schema\/logo\/image\/"},"sameAs":["http:\/\/facebook.com\/FCGueugnon","https:\/\/x.com\/FCGueugnon_off","https:\/\/www.instagram.com\/fcgueugnon\/","https:\/\/www.linkedin.com\/company\/football-club-de-gueugnon\/","https:\/\/www.youtube.com\/user\/FCGueugnonnais","https:\/\/fr.wikipedia.org\/wiki\/Football_Club_de_Gueugnon"]},{"@type":"Person","@id":"https:\/\/www.fcgueugnon.fr\/site\/#\/schema\/person\/6b88acb9354d23e86675fc81c54ed359","name":"FC Gueugnon","url":"https:\/\/www.fcgueugnon.fr\/site\/author\/man-antu"}]}},"rttpg_featured_image_url":{"full":["https:\/\/www.fcgueugnon.fr\/site\/wp-content\/uploads\/2022\/11\/visuel-forgeron-aperam-couv.png",2400,1080,false],"landscape":["https:\/\/www.fcgueugnon.fr\/site\/wp-content\/uploads\/2022\/11\/visuel-forgeron-aperam-couv.png",2400,1080,false],"portraits":["https:\/\/www.fcgueugnon.fr\/site\/wp-content\/uploads\/2022\/11\/visuel-forgeron-aperam-couv.png",2400,1080,false],"thumbnail":["https:\/\/www.fcgueugnon.fr\/site\/wp-content\/uploads\/2022\/11\/visuel-forgeron-aperam-couv-150x150.png",150,150,true],"medium":["https:\/\/www.fcgueugnon.fr\/site\/wp-content\/uploads\/2022\/11\/visuel-forgeron-aperam-couv-400x180.png",400,180,true],"large":["https:\/\/www.fcgueugnon.fr\/site\/wp-content\/uploads\/2022\/11\/visuel-forgeron-aperam-couv-1024x461.png",1024,461,true],"1536x1536":["https:\/\/www.fcgueugnon.fr\/site\/wp-content\/uploads\/2022\/11\/visuel-forgeron-aperam-couv-1536x691.png",1536,691,true],"2048x2048":["https:\/\/www.fcgueugnon.fr\/site\/wp-content\/uploads\/2022\/11\/visuel-forgeron-aperam-couv-2048x922.png",2048,922,true]},"rttpg_author":{"display_name":"FC Gueugnon","author_link":"https:\/\/www.fcgueugnon.fr\/site\/author\/man-antu"},"rttpg_comment":0,"rttpg_category":"<a href=\"https:\/\/www.fcgueugnon.fr\/site\/category\/news\" rel=\"category tag\">News<\/a> <a href=\"https:\/\/www.fcgueugnon.fr\/site\/category\/news\/news-2023-2024\" rel=\"category tag\">News 2023\/2024<\/a>","rttpg_excerpt":"En partenariat avec APERAM Gueugnon, nous vous proposons d\u00e8s \u00e0 pr\u00e9sent et jusqu&rsquo;au Vendredi 1er Janvier d&rsquo;\u00e9lire le Forgeron APERAM du mois de D\u00e9cembre 2023 ! Leadership, ing\u00e9niosit\u00e9, qualit\u00e9, esprit d&rsquo;\u00e9quipe, combativit\u00e9, agilit\u00e9&#8230; Telles sont les valeurs partag\u00e9es entre le FCG et le site sid\u00e9rurgique embl\u00e9matique de la ville qui reste intimement li\u00e9 au club\u2026","_links":{"self":[{"href":"https:\/\/www.fcgueugnon.fr\/site\/wp-json\/wp\/v2\/posts\/8018","targetHints":{"allow":["GET"]}}],"collection":[{"href":"https:\/\/www.fcgueugnon.fr\/site\/wp-json\/wp\/v2\/posts"}],"about":[{"href":"https:\/\/www.fcgueugnon.fr\/site\/wp-json\/wp\/v2\/types\/post"}],"author":[{"embeddable":true,"href":"https:\/\/www.fcgueugnon.fr\/site\/wp-json\/wp\/v2\/users\/4"}],"replies":[{"embeddable":true,"href":"https:\/\/www.fcgueugnon.fr\/site\/wp-json\/wp\/v2\/comments?post=8018"}],"version-history":[{"count":7,"href":"https:\/\/www.fcgueugnon.fr\/site\/wp-json\/wp\/v2\/posts\/8018\/revisions"}],"predecessor-version":[{"id":8035,"href":"https:\/\/www.fcgueugnon.fr\/site\/wp-json\/wp\/v2\/posts\/8018\/revisions\/8035"}],"wp:featuredmedia":[{"embeddable":true,"href":"https:\/\/www.fcgueugnon.fr\/site\/wp-json\/wp\/v2\/media\/2126"}],"wp:attachment":[{"href":"https:\/\/www.fcgueugnon.fr\/site\/wp-json\/wp\/v2\/media?parent=8018"}],"wp:term":[{"taxonomy":"category","embeddable":true,"href":"https:\/\/www.fcgueugnon.fr\/site\/wp-json\/wp\/v2\/categories?post=8018"},{"taxonomy":"post_tag","embeddable":true,"href":"https:\/\/www.fcgueugnon.fr\/site\/wp-json\/wp\/v2\/tags?post=8018"}],"curies":[{"name":"wp","href":"https:\/\/api.w.org\/{rel}","templated":true}]}}