{"id":7819,"date":"2023-12-20T11:40:00","date_gmt":"2023-12-20T10:40:00","guid":{"rendered":"https:\/\/www.fcgueugnon.fr\/site\/?p=7819"},"modified":"2024-10-07T11:18:30","modified_gmt":"2024-10-07T09:18:30","slug":"sport-e-leclerc-academie-retour-en-images-sur-la-presentation-de-camille-lucie-et-kelya-en-lhonneur-du-foot-feminin","status":"publish","type":"post","link":"https:\/\/www.fcgueugnon.fr\/site\/sport-e-leclerc-academie-retour-en-images-sur-la-presentation-de-camille-lucie-et-kelya-en-lhonneur-du-foot-feminin\/7819","title":{"rendered":"[Sport E.Leclerc Acad\u00e9mie] Retour en images sur la pr\u00e9sentation de Camille, Lucie et Kelya en l&rsquo;honneur du Foot F\u00e9minin !"},"content":{"rendered":"\n<h3 class=\"wp-block-heading\"><strong>Samedi 16 D\u00e9cembre dernier \u00e0 l&rsquo;occasion de la 12\u00e8me journ\u00e9e de championnat \u00e0 Jean Laville, avait lieu une pr\u00e9sentation en l&rsquo;honneur de nos anciennes joueuses Camille Marmillot, Lucie Zak et Kelya Figueira.<\/strong><\/h3>\n\n\n\n<div style=\"height:20px\" aria-hidden=\"true\" class=\"wp-block-spacer\"><\/div>\n\n\n\n<p><br>Ce samedi 16 d\u00e9cembre, lors de la 12\u00e8me journ\u00e9e de championnat contre le Moulins Yzeure Foot \u00e0 Jean Laville, une pr\u00e9sentation a eu lieu, mettant en lumi\u00e8re le parcours de nos talentueuses joueuses Camille Marmillot (OL), Lucie Zak (DFCO) et Kelya Figueira (OL), afin de c\u00e9l\u00e9brer le football f\u00e9minin.<\/p>\n\n\n\n<p>Cet \u00e9v\u00e9nement a \u00e9t\u00e9 l&rsquo;occasion pour Alexandre Lavigne, notre Responsable F\u00e9minines, David Vasco, notre Responsable Formation, Michel Martin, notre Responsable Section Sportive Coll\u00e8ge, Christophe Noluveau, notre directeur g\u00e9n\u00e9ral, et Bernard Canard, notre Pr\u00e9sident, de partager quelques mots sur nos \u00e9quipes f\u00e9minines. Camille, Lucie et Kelya ont \u00e9galement eu l&rsquo;opportunit\u00e9 de pr\u00e9senter leurs parcours inspirants aux jeunes licenci\u00e9s du club, en pr\u00e9sence des entra\u00eeneurs qui les ont suivies et de S\u00e9bastien Viault entraineur U16 au DFCO et Emile Geneyton, responsable recrutement de la section f\u00e9minine \u00e0 L&rsquo;OL. <br><br>Le FC Gueugnon tient \u00e0 remercier tous les membres pr\u00e9sents et f\u00e9licite ces joueuses pour leur parcours remarquable, et leur souhaite beaucoup de r\u00e9ussite pour leurs projets futurs.<br><\/p>\n\n\n\n<hr class=\"wp-block-coblocks-dynamic-separator has-background has-contrast-2-color is-style-line\" style=\"height:50px\"\/>\n\n\n\n<figure class=\"wp-block-gallery has-nested-images columns-default is-cropped wp-block-gallery-1 is-layout-flex wp-block-gallery-is-layout-flex\">\n<figure class=\"wp-block-image size-large\"><img loading=\"lazy\" decoding=\"async\" width=\"1024\" height=\"683\" data-id=\"7828\" src=\"https:\/\/www.fcgueugnon.fr\/site\/wp-content\/uploads\/2023\/12\/IMG_5053-1024x683.jpg\" alt=\"\" class=\"wp-image-7828\" srcset=\"https:\/\/www.fcgueugnon.fr\/site\/wp-content\/uploads\/2023\/12\/IMG_5053-1024x683.jpg 1024w, https:\/\/www.fcgueugnon.fr\/site\/wp-content\/uploads\/2023\/12\/IMG_5053-400x267.jpg 400w, https:\/\/www.fcgueugnon.fr\/site\/wp-content\/uploads\/2023\/12\/IMG_5053-768x512.jpg 768w, https:\/\/www.fcgueugnon.fr\/site\/wp-content\/uploads\/2023\/12\/IMG_5053-1536x1024.jpg 1536w, https:\/\/www.fcgueugnon.fr\/site\/wp-content\/uploads\/2023\/12\/IMG_5053-2048x1365.jpg 2048w, https:\/\/www.fcgueugnon.fr\/site\/wp-content\/uploads\/2023\/12\/IMG_5053-1320x880.jpg 1320w, https:\/\/www.fcgueugnon.fr\/site\/wp-content\/uploads\/2023\/12\/IMG_5053-600x400.jpg 600w\" sizes=\"auto, (max-width: 1024px) 100vw, 1024px\" \/><\/figure>\n\n\n\n<figure class=\"wp-block-image size-large\"><img loading=\"lazy\" decoding=\"async\" width=\"1024\" height=\"683\" data-id=\"7830\" src=\"https:\/\/www.fcgueugnon.fr\/site\/wp-content\/uploads\/2023\/12\/IMG_5066-1024x683.jpg\" alt=\"\" class=\"wp-image-7830\" srcset=\"https:\/\/www.fcgueugnon.fr\/site\/wp-content\/uploads\/2023\/12\/IMG_5066-1024x683.jpg 1024w, https:\/\/www.fcgueugnon.fr\/site\/wp-content\/uploads\/2023\/12\/IMG_5066-400x267.jpg 400w, https:\/\/www.fcgueugnon.fr\/site\/wp-content\/uploads\/2023\/12\/IMG_5066-768x512.jpg 768w, https:\/\/www.fcgueugnon.fr\/site\/wp-content\/uploads\/2023\/12\/IMG_5066-1536x1024.jpg 1536w, https:\/\/www.fcgueugnon.fr\/site\/wp-content\/uploads\/2023\/12\/IMG_5066-2048x1365.jpg 2048w, https:\/\/www.fcgueugnon.fr\/site\/wp-content\/uploads\/2023\/12\/IMG_5066-1320x880.jpg 1320w, https:\/\/www.fcgueugnon.fr\/site\/wp-content\/uploads\/2023\/12\/IMG_5066-600x400.jpg 600w\" sizes=\"auto, (max-width: 1024px) 100vw, 1024px\" \/><\/figure>\n\n\n\n<figure class=\"wp-block-image size-large\"><img loading=\"lazy\" decoding=\"async\" width=\"1024\" height=\"683\" data-id=\"7825\" src=\"https:\/\/www.fcgueugnon.fr\/site\/wp-content\/uploads\/2023\/12\/IMG_5086-1024x683.jpg\" alt=\"\" class=\"wp-image-7825\" srcset=\"https:\/\/www.fcgueugnon.fr\/site\/wp-content\/uploads\/2023\/12\/IMG_5086-1024x683.jpg 1024w, https:\/\/www.fcgueugnon.fr\/site\/wp-content\/uploads\/2023\/12\/IMG_5086-400x267.jpg 400w, https:\/\/www.fcgueugnon.fr\/site\/wp-content\/uploads\/2023\/12\/IMG_5086-768x512.jpg 768w, https:\/\/www.fcgueugnon.fr\/site\/wp-content\/uploads\/2023\/12\/IMG_5086-1536x1024.jpg 1536w, https:\/\/www.fcgueugnon.fr\/site\/wp-content\/uploads\/2023\/12\/IMG_5086-2048x1365.jpg 2048w, https:\/\/www.fcgueugnon.fr\/site\/wp-content\/uploads\/2023\/12\/IMG_5086-1320x880.jpg 1320w, https:\/\/www.fcgueugnon.fr\/site\/wp-content\/uploads\/2023\/12\/IMG_5086-600x400.jpg 600w\" sizes=\"auto, (max-width: 1024px) 100vw, 1024px\" \/><\/figure>\n\n\n\n<figure class=\"wp-block-image size-large\"><img loading=\"lazy\" decoding=\"async\" width=\"1024\" height=\"683\" data-id=\"7834\" src=\"https:\/\/www.fcgueugnon.fr\/site\/wp-content\/uploads\/2023\/12\/IMG_5004-1024x683.jpg\" alt=\"\" class=\"wp-image-7834\" srcset=\"https:\/\/www.fcgueugnon.fr\/site\/wp-content\/uploads\/2023\/12\/IMG_5004-1024x683.jpg 1024w, https:\/\/www.fcgueugnon.fr\/site\/wp-content\/uploads\/2023\/12\/IMG_5004-400x267.jpg 400w, https:\/\/www.fcgueugnon.fr\/site\/wp-content\/uploads\/2023\/12\/IMG_5004-768x512.jpg 768w, https:\/\/www.fcgueugnon.fr\/site\/wp-content\/uploads\/2023\/12\/IMG_5004-1536x1024.jpg 1536w, https:\/\/www.fcgueugnon.fr\/site\/wp-content\/uploads\/2023\/12\/IMG_5004-2048x1365.jpg 2048w, https:\/\/www.fcgueugnon.fr\/site\/wp-content\/uploads\/2023\/12\/IMG_5004-1320x880.jpg 1320w, https:\/\/www.fcgueugnon.fr\/site\/wp-content\/uploads\/2023\/12\/IMG_5004-600x400.jpg 600w\" sizes=\"auto, (max-width: 1024px) 100vw, 1024px\" \/><\/figure>\n\n\n\n<figure class=\"wp-block-image size-large\"><img loading=\"lazy\" decoding=\"async\" width=\"1024\" height=\"683\" data-id=\"7839\" src=\"https:\/\/www.fcgueugnon.fr\/site\/wp-content\/uploads\/2023\/12\/IMG_5015-1024x683.jpg\" alt=\"\" class=\"wp-image-7839\" srcset=\"https:\/\/www.fcgueugnon.fr\/site\/wp-content\/uploads\/2023\/12\/IMG_5015-1024x683.jpg 1024w, https:\/\/www.fcgueugnon.fr\/site\/wp-content\/uploads\/2023\/12\/IMG_5015-400x267.jpg 400w, https:\/\/www.fcgueugnon.fr\/site\/wp-content\/uploads\/2023\/12\/IMG_5015-768x512.jpg 768w, https:\/\/www.fcgueugnon.fr\/site\/wp-content\/uploads\/2023\/12\/IMG_5015-1536x1024.jpg 1536w, https:\/\/www.fcgueugnon.fr\/site\/wp-content\/uploads\/2023\/12\/IMG_5015-2048x1365.jpg 2048w, https:\/\/www.fcgueugnon.fr\/site\/wp-content\/uploads\/2023\/12\/IMG_5015-1320x880.jpg 1320w, https:\/\/www.fcgueugnon.fr\/site\/wp-content\/uploads\/2023\/12\/IMG_5015-600x400.jpg 600w\" sizes=\"auto, (max-width: 1024px) 100vw, 1024px\" \/><\/figure>\n\n\n\n<figure class=\"wp-block-image size-large\"><img loading=\"lazy\" decoding=\"async\" width=\"1024\" height=\"683\" data-id=\"7838\" src=\"https:\/\/www.fcgueugnon.fr\/site\/wp-content\/uploads\/2023\/12\/IMG_5022-1024x683.jpg\" alt=\"\" class=\"wp-image-7838\" srcset=\"https:\/\/www.fcgueugnon.fr\/site\/wp-content\/uploads\/2023\/12\/IMG_5022-1024x683.jpg 1024w, https:\/\/www.fcgueugnon.fr\/site\/wp-content\/uploads\/2023\/12\/IMG_5022-400x267.jpg 400w, https:\/\/www.fcgueugnon.fr\/site\/wp-content\/uploads\/2023\/12\/IMG_5022-768x512.jpg 768w, https:\/\/www.fcgueugnon.fr\/site\/wp-content\/uploads\/2023\/12\/IMG_5022-1536x1024.jpg 1536w, https:\/\/www.fcgueugnon.fr\/site\/wp-content\/uploads\/2023\/12\/IMG_5022-2048x1365.jpg 2048w, https:\/\/www.fcgueugnon.fr\/site\/wp-content\/uploads\/2023\/12\/IMG_5022-1320x880.jpg 1320w, https:\/\/www.fcgueugnon.fr\/site\/wp-content\/uploads\/2023\/12\/IMG_5022-600x400.jpg 600w\" sizes=\"auto, (max-width: 1024px) 100vw, 1024px\" \/><\/figure>\n\n\n\n<figure class=\"wp-block-image size-large\"><img loading=\"lazy\" decoding=\"async\" width=\"1024\" height=\"683\" data-id=\"7824\" src=\"https:\/\/www.fcgueugnon.fr\/site\/wp-content\/uploads\/2023\/12\/IMG_5140-1024x683.jpg\" alt=\"\" class=\"wp-image-7824\" srcset=\"https:\/\/www.fcgueugnon.fr\/site\/wp-content\/uploads\/2023\/12\/IMG_5140-1024x683.jpg 1024w, https:\/\/www.fcgueugnon.fr\/site\/wp-content\/uploads\/2023\/12\/IMG_5140-400x267.jpg 400w, https:\/\/www.fcgueugnon.fr\/site\/wp-content\/uploads\/2023\/12\/IMG_5140-768x512.jpg 768w, https:\/\/www.fcgueugnon.fr\/site\/wp-content\/uploads\/2023\/12\/IMG_5140-1536x1024.jpg 1536w, https:\/\/www.fcgueugnon.fr\/site\/wp-content\/uploads\/2023\/12\/IMG_5140-2048x1365.jpg 2048w, https:\/\/www.fcgueugnon.fr\/site\/wp-content\/uploads\/2023\/12\/IMG_5140-1320x880.jpg 1320w, https:\/\/www.fcgueugnon.fr\/site\/wp-content\/uploads\/2023\/12\/IMG_5140-600x400.jpg 600w\" sizes=\"auto, (max-width: 1024px) 100vw, 1024px\" \/><\/figure>\n\n\n\n<figure class=\"wp-block-image size-large\"><img loading=\"lazy\" decoding=\"async\" width=\"1024\" height=\"683\" data-id=\"7820\" src=\"https:\/\/www.fcgueugnon.fr\/site\/wp-content\/uploads\/2023\/12\/IMG_5136-1024x683.jpg\" alt=\"\" class=\"wp-image-7820\" srcset=\"https:\/\/www.fcgueugnon.fr\/site\/wp-content\/uploads\/2023\/12\/IMG_5136-1024x683.jpg 1024w, https:\/\/www.fcgueugnon.fr\/site\/wp-content\/uploads\/2023\/12\/IMG_5136-400x267.jpg 400w, https:\/\/www.fcgueugnon.fr\/site\/wp-content\/uploads\/2023\/12\/IMG_5136-768x512.jpg 768w, https:\/\/www.fcgueugnon.fr\/site\/wp-content\/uploads\/2023\/12\/IMG_5136-1536x1024.jpg 1536w, https:\/\/www.fcgueugnon.fr\/site\/wp-content\/uploads\/2023\/12\/IMG_5136-2048x1365.jpg 2048w, https:\/\/www.fcgueugnon.fr\/site\/wp-content\/uploads\/2023\/12\/IMG_5136-1320x880.jpg 1320w, https:\/\/www.fcgueugnon.fr\/site\/wp-content\/uploads\/2023\/12\/IMG_5136-600x400.jpg 600w\" sizes=\"auto, (max-width: 1024px) 100vw, 1024px\" \/><\/figure>\n\n\n\n<figure class=\"wp-block-image size-large\"><img loading=\"lazy\" decoding=\"async\" width=\"1024\" height=\"683\" data-id=\"7822\" src=\"https:\/\/www.fcgueugnon.fr\/site\/wp-content\/uploads\/2023\/12\/IMG_5121-1024x683.jpg\" alt=\"\" class=\"wp-image-7822\" srcset=\"https:\/\/www.fcgueugnon.fr\/site\/wp-content\/uploads\/2023\/12\/IMG_5121-1024x683.jpg 1024w, https:\/\/www.fcgueugnon.fr\/site\/wp-content\/uploads\/2023\/12\/IMG_5121-400x267.jpg 400w, https:\/\/www.fcgueugnon.fr\/site\/wp-content\/uploads\/2023\/12\/IMG_5121-768x512.jpg 768w, https:\/\/www.fcgueugnon.fr\/site\/wp-content\/uploads\/2023\/12\/IMG_5121-1536x1024.jpg 1536w, https:\/\/www.fcgueugnon.fr\/site\/wp-content\/uploads\/2023\/12\/IMG_5121-2048x1365.jpg 2048w, https:\/\/www.fcgueugnon.fr\/site\/wp-content\/uploads\/2023\/12\/IMG_5121-1320x880.jpg 1320w, https:\/\/www.fcgueugnon.fr\/site\/wp-content\/uploads\/2023\/12\/IMG_5121-600x400.jpg 600w\" sizes=\"auto, (max-width: 1024px) 100vw, 1024px\" \/><\/figure>\n\n\n\n<figure class=\"wp-block-image size-large\"><img loading=\"lazy\" decoding=\"async\" width=\"1024\" height=\"683\" data-id=\"7827\" src=\"https:\/\/www.fcgueugnon.fr\/site\/wp-content\/uploads\/2023\/12\/IMG_5099-1024x683.jpg\" alt=\"\" class=\"wp-image-7827\" srcset=\"https:\/\/www.fcgueugnon.fr\/site\/wp-content\/uploads\/2023\/12\/IMG_5099-1024x683.jpg 1024w, https:\/\/www.fcgueugnon.fr\/site\/wp-content\/uploads\/2023\/12\/IMG_5099-400x267.jpg 400w, https:\/\/www.fcgueugnon.fr\/site\/wp-content\/uploads\/2023\/12\/IMG_5099-768x512.jpg 768w, https:\/\/www.fcgueugnon.fr\/site\/wp-content\/uploads\/2023\/12\/IMG_5099-1536x1024.jpg 1536w, https:\/\/www.fcgueugnon.fr\/site\/wp-content\/uploads\/2023\/12\/IMG_5099-2048x1365.jpg 2048w, https:\/\/www.fcgueugnon.fr\/site\/wp-content\/uploads\/2023\/12\/IMG_5099-1320x880.jpg 1320w, https:\/\/www.fcgueugnon.fr\/site\/wp-content\/uploads\/2023\/12\/IMG_5099-600x400.jpg 600w\" sizes=\"auto, (max-width: 1024px) 100vw, 1024px\" \/><\/figure>\n\n\n\n<figure class=\"wp-block-image size-large\"><img loading=\"lazy\" decoding=\"async\" width=\"1024\" height=\"683\" data-id=\"7823\" src=\"https:\/\/www.fcgueugnon.fr\/site\/wp-content\/uploads\/2023\/12\/IMG_5096-1024x683.jpg\" alt=\"\" class=\"wp-image-7823\" srcset=\"https:\/\/www.fcgueugnon.fr\/site\/wp-content\/uploads\/2023\/12\/IMG_5096-1024x683.jpg 1024w, https:\/\/www.fcgueugnon.fr\/site\/wp-content\/uploads\/2023\/12\/IMG_5096-400x267.jpg 400w, https:\/\/www.fcgueugnon.fr\/site\/wp-content\/uploads\/2023\/12\/IMG_5096-768x512.jpg 768w, https:\/\/www.fcgueugnon.fr\/site\/wp-content\/uploads\/2023\/12\/IMG_5096-1536x1024.jpg 1536w, https:\/\/www.fcgueugnon.fr\/site\/wp-content\/uploads\/2023\/12\/IMG_5096-2048x1365.jpg 2048w, https:\/\/www.fcgueugnon.fr\/site\/wp-content\/uploads\/2023\/12\/IMG_5096-1320x880.jpg 1320w, https:\/\/www.fcgueugnon.fr\/site\/wp-content\/uploads\/2023\/12\/IMG_5096-600x400.jpg 600w\" sizes=\"auto, (max-width: 1024px) 100vw, 1024px\" \/><\/figure>\n\n\n\n<figure class=\"wp-block-image size-large\"><img loading=\"lazy\" decoding=\"async\" width=\"1024\" height=\"683\" data-id=\"7831\" src=\"https:\/\/www.fcgueugnon.fr\/site\/wp-content\/uploads\/2023\/12\/IMG_5057-1024x683.jpg\" alt=\"\" class=\"wp-image-7831\" srcset=\"https:\/\/www.fcgueugnon.fr\/site\/wp-content\/uploads\/2023\/12\/IMG_5057-1024x683.jpg 1024w, https:\/\/www.fcgueugnon.fr\/site\/wp-content\/uploads\/2023\/12\/IMG_5057-400x267.jpg 400w, https:\/\/www.fcgueugnon.fr\/site\/wp-content\/uploads\/2023\/12\/IMG_5057-768x512.jpg 768w, https:\/\/www.fcgueugnon.fr\/site\/wp-content\/uploads\/2023\/12\/IMG_5057-1536x1024.jpg 1536w, https:\/\/www.fcgueugnon.fr\/site\/wp-content\/uploads\/2023\/12\/IMG_5057-2048x1365.jpg 2048w, https:\/\/www.fcgueugnon.fr\/site\/wp-content\/uploads\/2023\/12\/IMG_5057-1320x880.jpg 1320w, https:\/\/www.fcgueugnon.fr\/site\/wp-content\/uploads\/2023\/12\/IMG_5057-600x400.jpg 600w\" sizes=\"auto, (max-width: 1024px) 100vw, 1024px\" \/><\/figure>\n\n\n\n<figure class=\"wp-block-image size-large\"><img loading=\"lazy\" decoding=\"async\" width=\"1024\" height=\"683\" data-id=\"7829\" src=\"https:\/\/www.fcgueugnon.fr\/site\/wp-content\/uploads\/2023\/12\/IMG_5046-1024x683.jpg\" alt=\"\" class=\"wp-image-7829\" srcset=\"https:\/\/www.fcgueugnon.fr\/site\/wp-content\/uploads\/2023\/12\/IMG_5046-1024x683.jpg 1024w, https:\/\/www.fcgueugnon.fr\/site\/wp-content\/uploads\/2023\/12\/IMG_5046-400x267.jpg 400w, https:\/\/www.fcgueugnon.fr\/site\/wp-content\/uploads\/2023\/12\/IMG_5046-768x512.jpg 768w, https:\/\/www.fcgueugnon.fr\/site\/wp-content\/uploads\/2023\/12\/IMG_5046-1536x1024.jpg 1536w, https:\/\/www.fcgueugnon.fr\/site\/wp-content\/uploads\/2023\/12\/IMG_5046-2048x1365.jpg 2048w, https:\/\/www.fcgueugnon.fr\/site\/wp-content\/uploads\/2023\/12\/IMG_5046-1320x880.jpg 1320w, https:\/\/www.fcgueugnon.fr\/site\/wp-content\/uploads\/2023\/12\/IMG_5046-600x400.jpg 600w\" sizes=\"auto, (max-width: 1024px) 100vw, 1024px\" \/><\/figure>\n\n\n\n<figure class=\"wp-block-image size-large\"><img loading=\"lazy\" decoding=\"async\" width=\"1024\" height=\"683\" data-id=\"7832\" src=\"https:\/\/www.fcgueugnon.fr\/site\/wp-content\/uploads\/2023\/12\/IMG_5037-1024x683.jpg\" alt=\"\" class=\"wp-image-7832\" srcset=\"https:\/\/www.fcgueugnon.fr\/site\/wp-content\/uploads\/2023\/12\/IMG_5037-1024x683.jpg 1024w, https:\/\/www.fcgueugnon.fr\/site\/wp-content\/uploads\/2023\/12\/IMG_5037-400x267.jpg 400w, https:\/\/www.fcgueugnon.fr\/site\/wp-content\/uploads\/2023\/12\/IMG_5037-768x512.jpg 768w, https:\/\/www.fcgueugnon.fr\/site\/wp-content\/uploads\/2023\/12\/IMG_5037-1536x1024.jpg 1536w, https:\/\/www.fcgueugnon.fr\/site\/wp-content\/uploads\/2023\/12\/IMG_5037-2048x1365.jpg 2048w, https:\/\/www.fcgueugnon.fr\/site\/wp-content\/uploads\/2023\/12\/IMG_5037-1320x880.jpg 1320w, https:\/\/www.fcgueugnon.fr\/site\/wp-content\/uploads\/2023\/12\/IMG_5037-600x400.jpg 600w\" sizes=\"auto, (max-width: 1024px) 100vw, 1024px\" \/><\/figure>\n\n\n\n<figure class=\"wp-block-image size-large\"><img loading=\"lazy\" decoding=\"async\" width=\"1024\" height=\"683\" data-id=\"7835\" src=\"https:\/\/www.fcgueugnon.fr\/site\/wp-content\/uploads\/2023\/12\/IMG_5033-1024x683.jpg\" alt=\"\" class=\"wp-image-7835\" srcset=\"https:\/\/www.fcgueugnon.fr\/site\/wp-content\/uploads\/2023\/12\/IMG_5033-1024x683.jpg 1024w, https:\/\/www.fcgueugnon.fr\/site\/wp-content\/uploads\/2023\/12\/IMG_5033-400x267.jpg 400w, https:\/\/www.fcgueugnon.fr\/site\/wp-content\/uploads\/2023\/12\/IMG_5033-768x512.jpg 768w, https:\/\/www.fcgueugnon.fr\/site\/wp-content\/uploads\/2023\/12\/IMG_5033-1536x1024.jpg 1536w, https:\/\/www.fcgueugnon.fr\/site\/wp-content\/uploads\/2023\/12\/IMG_5033-2048x1365.jpg 2048w, https:\/\/www.fcgueugnon.fr\/site\/wp-content\/uploads\/2023\/12\/IMG_5033-1320x880.jpg 1320w, https:\/\/www.fcgueugnon.fr\/site\/wp-content\/uploads\/2023\/12\/IMG_5033-600x400.jpg 600w\" sizes=\"auto, (max-width: 1024px) 100vw, 1024px\" \/><\/figure>\n\n\n\n<figure class=\"wp-block-image size-large\"><img loading=\"lazy\" decoding=\"async\" width=\"1024\" height=\"683\" data-id=\"7836\" src=\"https:\/\/www.fcgueugnon.fr\/site\/wp-content\/uploads\/2023\/12\/IMG_5029-1024x683.jpg\" alt=\"\" class=\"wp-image-7836\" srcset=\"https:\/\/www.fcgueugnon.fr\/site\/wp-content\/uploads\/2023\/12\/IMG_5029-1024x683.jpg 1024w, https:\/\/www.fcgueugnon.fr\/site\/wp-content\/uploads\/2023\/12\/IMG_5029-400x267.jpg 400w, https:\/\/www.fcgueugnon.fr\/site\/wp-content\/uploads\/2023\/12\/IMG_5029-768x512.jpg 768w, https:\/\/www.fcgueugnon.fr\/site\/wp-content\/uploads\/2023\/12\/IMG_5029-1536x1024.jpg 1536w, https:\/\/www.fcgueugnon.fr\/site\/wp-content\/uploads\/2023\/12\/IMG_5029-2048x1365.jpg 2048w, https:\/\/www.fcgueugnon.fr\/site\/wp-content\/uploads\/2023\/12\/IMG_5029-1320x880.jpg 1320w, https:\/\/www.fcgueugnon.fr\/site\/wp-content\/uploads\/2023\/12\/IMG_5029-600x400.jpg 600w\" sizes=\"auto, (max-width: 1024px) 100vw, 1024px\" \/><\/figure>\n\n\n\n<figure class=\"wp-block-image size-large\"><img loading=\"lazy\" decoding=\"async\" width=\"1024\" height=\"683\" data-id=\"7837\" src=\"https:\/\/www.fcgueugnon.fr\/site\/wp-content\/uploads\/2023\/12\/IMG_5028-1024x683.jpg\" alt=\"\" class=\"wp-image-7837\" srcset=\"https:\/\/www.fcgueugnon.fr\/site\/wp-content\/uploads\/2023\/12\/IMG_5028-1024x683.jpg 1024w, https:\/\/www.fcgueugnon.fr\/site\/wp-content\/uploads\/2023\/12\/IMG_5028-400x267.jpg 400w, https:\/\/www.fcgueugnon.fr\/site\/wp-content\/uploads\/2023\/12\/IMG_5028-768x512.jpg 768w, https:\/\/www.fcgueugnon.fr\/site\/wp-content\/uploads\/2023\/12\/IMG_5028-1536x1024.jpg 1536w, https:\/\/www.fcgueugnon.fr\/site\/wp-content\/uploads\/2023\/12\/IMG_5028-2048x1365.jpg 2048w, https:\/\/www.fcgueugnon.fr\/site\/wp-content\/uploads\/2023\/12\/IMG_5028-1320x880.jpg 1320w, https:\/\/www.fcgueugnon.fr\/site\/wp-content\/uploads\/2023\/12\/IMG_5028-600x400.jpg 600w\" sizes=\"auto, (max-width: 1024px) 100vw, 1024px\" \/><\/figure>\n\n\n\n<figure class=\"wp-block-image size-large\"><img loading=\"lazy\" decoding=\"async\" width=\"1024\" height=\"683\" data-id=\"7833\" src=\"https:\/\/www.fcgueugnon.fr\/site\/wp-content\/uploads\/2023\/12\/IMG_5007-1024x683.jpg\" alt=\"\" class=\"wp-image-7833\" srcset=\"https:\/\/www.fcgueugnon.fr\/site\/wp-content\/uploads\/2023\/12\/IMG_5007-1024x683.jpg 1024w, https:\/\/www.fcgueugnon.fr\/site\/wp-content\/uploads\/2023\/12\/IMG_5007-400x267.jpg 400w, https:\/\/www.fcgueugnon.fr\/site\/wp-content\/uploads\/2023\/12\/IMG_5007-768x512.jpg 768w, https:\/\/www.fcgueugnon.fr\/site\/wp-content\/uploads\/2023\/12\/IMG_5007-1536x1024.jpg 1536w, https:\/\/www.fcgueugnon.fr\/site\/wp-content\/uploads\/2023\/12\/IMG_5007-2048x1365.jpg 2048w, https:\/\/www.fcgueugnon.fr\/site\/wp-content\/uploads\/2023\/12\/IMG_5007-1320x880.jpg 1320w, https:\/\/www.fcgueugnon.fr\/site\/wp-content\/uploads\/2023\/12\/IMG_5007-600x400.jpg 600w\" sizes=\"auto, (max-width: 1024px) 100vw, 1024px\" \/><\/figure>\n\n\n\n<figure class=\"wp-block-image size-large\"><img loading=\"lazy\" decoding=\"async\" width=\"1024\" height=\"683\" data-id=\"7821\" src=\"https:\/\/www.fcgueugnon.fr\/site\/wp-content\/uploads\/2023\/12\/IMG_5160-1024x683.jpg\" alt=\"\" class=\"wp-image-7821\" srcset=\"https:\/\/www.fcgueugnon.fr\/site\/wp-content\/uploads\/2023\/12\/IMG_5160-1024x683.jpg 1024w, https:\/\/www.fcgueugnon.fr\/site\/wp-content\/uploads\/2023\/12\/IMG_5160-400x267.jpg 400w, https:\/\/www.fcgueugnon.fr\/site\/wp-content\/uploads\/2023\/12\/IMG_5160-768x512.jpg 768w, https:\/\/www.fcgueugnon.fr\/site\/wp-content\/uploads\/2023\/12\/IMG_5160-1536x1024.jpg 1536w, https:\/\/www.fcgueugnon.fr\/site\/wp-content\/uploads\/2023\/12\/IMG_5160-2048x1365.jpg 2048w, https:\/\/www.fcgueugnon.fr\/site\/wp-content\/uploads\/2023\/12\/IMG_5160-1320x880.jpg 1320w, https:\/\/www.fcgueugnon.fr\/site\/wp-content\/uploads\/2023\/12\/IMG_5160-600x400.jpg 600w\" sizes=\"auto, (max-width: 1024px) 100vw, 1024px\" \/><\/figure>\n\n\n\n<figure class=\"wp-block-image size-large\"><img loading=\"lazy\" decoding=\"async\" width=\"1024\" height=\"683\" data-id=\"7826\" src=\"https:\/\/www.fcgueugnon.fr\/site\/wp-content\/uploads\/2023\/12\/IMG_5152-1024x683.jpg\" alt=\"\" class=\"wp-image-7826\" srcset=\"https:\/\/www.fcgueugnon.fr\/site\/wp-content\/uploads\/2023\/12\/IMG_5152-1024x683.jpg 1024w, https:\/\/www.fcgueugnon.fr\/site\/wp-content\/uploads\/2023\/12\/IMG_5152-400x267.jpg 400w, https:\/\/www.fcgueugnon.fr\/site\/wp-content\/uploads\/2023\/12\/IMG_5152-768x512.jpg 768w, https:\/\/www.fcgueugnon.fr\/site\/wp-content\/uploads\/2023\/12\/IMG_5152-1536x1024.jpg 1536w, https:\/\/www.fcgueugnon.fr\/site\/wp-content\/uploads\/2023\/12\/IMG_5152-2048x1365.jpg 2048w, https:\/\/www.fcgueugnon.fr\/site\/wp-content\/uploads\/2023\/12\/IMG_5152-1320x880.jpg 1320w, https:\/\/www.fcgueugnon.fr\/site\/wp-content\/uploads\/2023\/12\/IMG_5152-600x400.jpg 600w\" sizes=\"auto, (max-width: 1024px) 100vw, 1024px\" \/><\/figure>\n<\/figure>\n\n\n\n<div style=\"height:22px\" aria-hidden=\"true\" class=\"wp-block-spacer\"><\/div>\n","protected":false},"excerpt":{"rendered":"<p>Samedi 16 D\u00e9cembre dernier \u00e0 l&rsquo;occasion de la 12\u00e8me journ\u00e9e de championnat \u00e0 Jean Laville, avait lieu une pr\u00e9sentation en l&rsquo;honneur de nos anciennes joueuses Camille Marmillot, Lucie Zak et Kelya Figueira. Ce samedi 16 d\u00e9cembre, lors de la 12\u00e8me journ\u00e9e de championnat contre le Moulins Yzeure Foot \u00e0 Jean Laville, une pr\u00e9sentation a eu &#8230; <\/p>\n<p class=\"read-more-container\"><a title=\"[Sport E.Leclerc Acad\u00e9mie] Retour en images sur la pr\u00e9sentation de Camille, Lucie et Kelya en l&rsquo;honneur du Foot F\u00e9minin !\" class=\"read-more button\" href=\"https:\/\/www.fcgueugnon.fr\/site\/sport-e-leclerc-academie-retour-en-images-sur-la-presentation-de-camille-lucie-et-kelya-en-lhonneur-du-foot-feminin\/7819#more-7819\" aria-label=\"Plus sur [Sport E.Leclerc Acad\u00e9mie] Retour en images sur la pr\u00e9sentation de Camille, Lucie et Kelya en l&rsquo;honneur du Foot F\u00e9minin !\">Lire la suite<\/a><\/p>\n","protected":false},"author":4,"featured_media":7826,"comment_status":"closed","ping_status":"closed","sticky":false,"template":"","format":"standard","meta":{"footnotes":""},"categories":[5,4],"tags":[34],"class_list":["post-7819","post","type-post","status-publish","format-standard","has-post-thumbnail","hentry","category-news-2022-2023","category-news","tag-extra-sportif","infinite-scroll-item","generate-columns","tablet-grid-50","mobile-grid-100","grid-parent","grid-25"],"yoast_head":"<!-- This site is optimized with the Yoast SEO plugin v26.6 - https:\/\/yoast.com\/wordpress\/plugins\/seo\/ -->\n<title>[Sport E.Leclerc Acad\u00e9mie] Retour en images sur la pr\u00e9sentation de Camille, Lucie et Kelya en l&#039;honneur du Foot F\u00e9minin ! &#8226; FOOTBALL CLUB GUEUGNON<\/title>\n<meta name=\"robots\" content=\"index, follow, max-snippet:-1, max-image-preview:large, max-video-preview:-1\" \/>\n<link rel=\"canonical\" href=\"https:\/\/www.fcgueugnon.fr\/site\/sport-e-leclerc-academie-retour-en-images-sur-la-presentation-de-camille-lucie-et-kelya-en-lhonneur-du-foot-feminin\/7819\" \/>\n<meta property=\"og:locale\" content=\"fr_FR\" \/>\n<meta property=\"og:type\" content=\"article\" \/>\n<meta property=\"og:title\" content=\"[Sport E.Leclerc Acad\u00e9mie] Retour en images sur la pr\u00e9sentation de Camille, Lucie et Kelya en l&#039;honneur du Foot F\u00e9minin ! &#8226; FOOTBALL CLUB GUEUGNON\" \/>\n<meta property=\"og:description\" content=\"Samedi 16 D\u00e9cembre dernier \u00e0 l&rsquo;occasion de la 12\u00e8me journ\u00e9e de championnat \u00e0 Jean Laville, avait lieu une pr\u00e9sentation en l&rsquo;honneur de nos anciennes joueuses Camille Marmillot, Lucie Zak et Kelya Figueira. Ce samedi 16 d\u00e9cembre, lors de la 12\u00e8me journ\u00e9e de championnat contre le Moulins Yzeure Foot \u00e0 Jean Laville, une pr\u00e9sentation a eu ... Lire la suite\" \/>\n<meta property=\"og:url\" content=\"https:\/\/www.fcgueugnon.fr\/site\/sport-e-leclerc-academie-retour-en-images-sur-la-presentation-de-camille-lucie-et-kelya-en-lhonneur-du-foot-feminin\/7819\" \/>\n<meta property=\"og:site_name\" content=\"FOOTBALL CLUB GUEUGNON\" \/>\n<meta property=\"article:publisher\" content=\"http:\/\/facebook.com\/FCGueugnon\" \/>\n<meta property=\"article:published_time\" content=\"2023-12-20T10:40:00+00:00\" \/>\n<meta property=\"article:modified_time\" content=\"2024-10-07T09:18:30+00:00\" \/>\n<meta property=\"og:image\" content=\"https:\/\/www.fcgueugnon.fr\/site\/wp-content\/uploads\/2023\/12\/IMG_5152-scaled.jpg\" \/>\n\t<meta property=\"og:image:width\" content=\"2560\" \/>\n\t<meta property=\"og:image:height\" content=\"1707\" \/>\n\t<meta property=\"og:image:type\" content=\"image\/jpeg\" \/>\n<meta name=\"author\" content=\"FC Gueugnon\" \/>\n<meta name=\"twitter:card\" content=\"summary_large_image\" \/>\n<meta name=\"twitter:creator\" content=\"@FCGueugnon_off\" \/>\n<meta name=\"twitter:site\" content=\"@FCGueugnon_off\" \/>\n<meta name=\"twitter:label1\" content=\"\u00c9crit par\" \/>\n\t<meta name=\"twitter:data1\" content=\"FC Gueugnon\" \/>\n\t<meta name=\"twitter:label2\" content=\"Dur\u00e9e de lecture estim\u00e9e\" \/>\n\t<meta name=\"twitter:data2\" content=\"5 minutes\" \/>\n<script type=\"application\/ld+json\" class=\"yoast-schema-graph\">{\"@context\":\"https:\/\/schema.org\",\"@graph\":[{\"@type\":\"Article\",\"@id\":\"https:\/\/www.fcgueugnon.fr\/site\/sport-e-leclerc-academie-retour-en-images-sur-la-presentation-de-camille-lucie-et-kelya-en-lhonneur-du-foot-feminin\/7819#article\",\"isPartOf\":{\"@id\":\"https:\/\/www.fcgueugnon.fr\/site\/sport-e-leclerc-academie-retour-en-images-sur-la-presentation-de-camille-lucie-et-kelya-en-lhonneur-du-foot-feminin\/7819\"},\"author\":{\"name\":\"FC Gueugnon\",\"@id\":\"https:\/\/www.fcgueugnon.fr\/site\/#\/schema\/person\/6b88acb9354d23e86675fc81c54ed359\"},\"headline\":\"[Sport E.Leclerc Acad\u00e9mie] Retour en images sur la pr\u00e9sentation de Camille, Lucie et Kelya en l&rsquo;honneur du Foot F\u00e9minin !\",\"datePublished\":\"2023-12-20T10:40:00+00:00\",\"dateModified\":\"2024-10-07T09:18:30+00:00\",\"mainEntityOfPage\":{\"@id\":\"https:\/\/www.fcgueugnon.fr\/site\/sport-e-leclerc-academie-retour-en-images-sur-la-presentation-de-camille-lucie-et-kelya-en-lhonneur-du-foot-feminin\/7819\"},\"wordCount\":243,\"publisher\":{\"@id\":\"https:\/\/www.fcgueugnon.fr\/site\/#organization\"},\"image\":{\"@id\":\"https:\/\/www.fcgueugnon.fr\/site\/sport-e-leclerc-academie-retour-en-images-sur-la-presentation-de-camille-lucie-et-kelya-en-lhonneur-du-foot-feminin\/7819#primaryimage\"},\"thumbnailUrl\":\"https:\/\/www.fcgueugnon.fr\/site\/wp-content\/uploads\/2023\/12\/IMG_5152-scaled.jpg\",\"keywords\":[\"extra-sportif\"],\"articleSection\":[\"Archives 2022\/2023\",\"News\"],\"inLanguage\":\"fr-FR\"},{\"@type\":\"WebPage\",\"@id\":\"https:\/\/www.fcgueugnon.fr\/site\/sport-e-leclerc-academie-retour-en-images-sur-la-presentation-de-camille-lucie-et-kelya-en-lhonneur-du-foot-feminin\/7819\",\"url\":\"https:\/\/www.fcgueugnon.fr\/site\/sport-e-leclerc-academie-retour-en-images-sur-la-presentation-de-camille-lucie-et-kelya-en-lhonneur-du-foot-feminin\/7819\",\"name\":\"[Sport E.Leclerc Acad\u00e9mie] Retour en images sur la pr\u00e9sentation de Camille, Lucie et Kelya en l'honneur du Foot F\u00e9minin ! &#8226; FOOTBALL CLUB GUEUGNON\",\"isPartOf\":{\"@id\":\"https:\/\/www.fcgueugnon.fr\/site\/#website\"},\"primaryImageOfPage\":{\"@id\":\"https:\/\/www.fcgueugnon.fr\/site\/sport-e-leclerc-academie-retour-en-images-sur-la-presentation-de-camille-lucie-et-kelya-en-lhonneur-du-foot-feminin\/7819#primaryimage\"},\"image\":{\"@id\":\"https:\/\/www.fcgueugnon.fr\/site\/sport-e-leclerc-academie-retour-en-images-sur-la-presentation-de-camille-lucie-et-kelya-en-lhonneur-du-foot-feminin\/7819#primaryimage\"},\"thumbnailUrl\":\"https:\/\/www.fcgueugnon.fr\/site\/wp-content\/uploads\/2023\/12\/IMG_5152-scaled.jpg\",\"datePublished\":\"2023-12-20T10:40:00+00:00\",\"dateModified\":\"2024-10-07T09:18:30+00:00\",\"breadcrumb\":{\"@id\":\"https:\/\/www.fcgueugnon.fr\/site\/sport-e-leclerc-academie-retour-en-images-sur-la-presentation-de-camille-lucie-et-kelya-en-lhonneur-du-foot-feminin\/7819#breadcrumb\"},\"inLanguage\":\"fr-FR\",\"potentialAction\":[{\"@type\":\"ReadAction\",\"target\":[\"https:\/\/www.fcgueugnon.fr\/site\/sport-e-leclerc-academie-retour-en-images-sur-la-presentation-de-camille-lucie-et-kelya-en-lhonneur-du-foot-feminin\/7819\"]}]},{\"@type\":\"ImageObject\",\"inLanguage\":\"fr-FR\",\"@id\":\"https:\/\/www.fcgueugnon.fr\/site\/sport-e-leclerc-academie-retour-en-images-sur-la-presentation-de-camille-lucie-et-kelya-en-lhonneur-du-foot-feminin\/7819#primaryimage\",\"url\":\"https:\/\/www.fcgueugnon.fr\/site\/wp-content\/uploads\/2023\/12\/IMG_5152-scaled.jpg\",\"contentUrl\":\"https:\/\/www.fcgueugnon.fr\/site\/wp-content\/uploads\/2023\/12\/IMG_5152-scaled.jpg\",\"width\":2560,\"height\":1707},{\"@type\":\"BreadcrumbList\",\"@id\":\"https:\/\/www.fcgueugnon.fr\/site\/sport-e-leclerc-academie-retour-en-images-sur-la-presentation-de-camille-lucie-et-kelya-en-lhonneur-du-foot-feminin\/7819#breadcrumb\",\"itemListElement\":[{\"@type\":\"ListItem\",\"position\":1,\"name\":\"Accueil\",\"item\":\"https:\/\/www.fcgueugnon.fr\/site\/\"},{\"@type\":\"ListItem\",\"position\":2,\"name\":\"[Sport E.Leclerc Acad\u00e9mie] Retour en images sur la pr\u00e9sentation de Camille, Lucie et Kelya en l&rsquo;honneur du Foot F\u00e9minin !\"}]},{\"@type\":\"WebSite\",\"@id\":\"https:\/\/www.fcgueugnon.fr\/site\/#website\",\"url\":\"https:\/\/www.fcgueugnon.fr\/site\/\",\"name\":\"FOOTBALL CLUB GUEUGNON\",\"description\":\"Le Site Officiel des Forgerons\",\"publisher\":{\"@id\":\"https:\/\/www.fcgueugnon.fr\/site\/#organization\"},\"potentialAction\":[{\"@type\":\"SearchAction\",\"target\":{\"@type\":\"EntryPoint\",\"urlTemplate\":\"https:\/\/www.fcgueugnon.fr\/site\/?s={search_term_string}\"},\"query-input\":{\"@type\":\"PropertyValueSpecification\",\"valueRequired\":true,\"valueName\":\"search_term_string\"}}],\"inLanguage\":\"fr-FR\"},{\"@type\":\"Organization\",\"@id\":\"https:\/\/www.fcgueugnon.fr\/site\/#organization\",\"name\":\"FC Gueugnon\",\"url\":\"https:\/\/www.fcgueugnon.fr\/site\/\",\"logo\":{\"@type\":\"ImageObject\",\"inLanguage\":\"fr-FR\",\"@id\":\"https:\/\/www.fcgueugnon.fr\/site\/#\/schema\/logo\/image\/\",\"url\":\"https:\/\/www.fcgueugnon.fr\/site\/wp-content\/uploads\/2022\/07\/cropped-Logo-FCGUEUGNON-low-350x350-1.png\",\"contentUrl\":\"https:\/\/www.fcgueugnon.fr\/site\/wp-content\/uploads\/2022\/07\/cropped-Logo-FCGUEUGNON-low-350x350-1.png\",\"width\":350,\"height\":350,\"caption\":\"FC Gueugnon\"},\"image\":{\"@id\":\"https:\/\/www.fcgueugnon.fr\/site\/#\/schema\/logo\/image\/\"},\"sameAs\":[\"http:\/\/facebook.com\/FCGueugnon\",\"https:\/\/x.com\/FCGueugnon_off\",\"https:\/\/www.instagram.com\/fcgueugnon\/\",\"https:\/\/www.linkedin.com\/company\/football-club-de-gueugnon\/\",\"https:\/\/www.youtube.com\/user\/FCGueugnonnais\",\"https:\/\/fr.wikipedia.org\/wiki\/Football_Club_de_Gueugnon\"]},{\"@type\":\"Person\",\"@id\":\"https:\/\/www.fcgueugnon.fr\/site\/#\/schema\/person\/6b88acb9354d23e86675fc81c54ed359\",\"name\":\"FC Gueugnon\",\"url\":\"https:\/\/www.fcgueugnon.fr\/site\/author\/man-antu\"}]}<\/script>\n<!-- \/ Yoast SEO plugin. -->","yoast_head_json":{"title":"[Sport E.Leclerc Acad\u00e9mie] Retour en images sur la pr\u00e9sentation de Camille, Lucie et Kelya en l'honneur du Foot F\u00e9minin ! &#8226; FOOTBALL CLUB GUEUGNON","robots":{"index":"index","follow":"follow","max-snippet":"max-snippet:-1","max-image-preview":"max-image-preview:large","max-video-preview":"max-video-preview:-1"},"canonical":"https:\/\/www.fcgueugnon.fr\/site\/sport-e-leclerc-academie-retour-en-images-sur-la-presentation-de-camille-lucie-et-kelya-en-lhonneur-du-foot-feminin\/7819","og_locale":"fr_FR","og_type":"article","og_title":"[Sport E.Leclerc Acad\u00e9mie] Retour en images sur la pr\u00e9sentation de Camille, Lucie et Kelya en l'honneur du Foot F\u00e9minin ! &#8226; FOOTBALL CLUB GUEUGNON","og_description":"Samedi 16 D\u00e9cembre dernier \u00e0 l&rsquo;occasion de la 12\u00e8me journ\u00e9e de championnat \u00e0 Jean Laville, avait lieu une pr\u00e9sentation en l&rsquo;honneur de nos anciennes joueuses Camille Marmillot, Lucie Zak et Kelya Figueira. Ce samedi 16 d\u00e9cembre, lors de la 12\u00e8me journ\u00e9e de championnat contre le Moulins Yzeure Foot \u00e0 Jean Laville, une pr\u00e9sentation a eu ... Lire la suite","og_url":"https:\/\/www.fcgueugnon.fr\/site\/sport-e-leclerc-academie-retour-en-images-sur-la-presentation-de-camille-lucie-et-kelya-en-lhonneur-du-foot-feminin\/7819","og_site_name":"FOOTBALL CLUB GUEUGNON","article_publisher":"http:\/\/facebook.com\/FCGueugnon","article_published_time":"2023-12-20T10:40:00+00:00","article_modified_time":"2024-10-07T09:18:30+00:00","og_image":[{"width":2560,"height":1707,"url":"https:\/\/www.fcgueugnon.fr\/site\/wp-content\/uploads\/2023\/12\/IMG_5152-scaled.jpg","type":"image\/jpeg"}],"author":"FC Gueugnon","twitter_card":"summary_large_image","twitter_creator":"@FCGueugnon_off","twitter_site":"@FCGueugnon_off","twitter_misc":{"\u00c9crit par":"FC Gueugnon","Dur\u00e9e de lecture estim\u00e9e":"5 minutes"},"schema":{"@context":"https:\/\/schema.org","@graph":[{"@type":"Article","@id":"https:\/\/www.fcgueugnon.fr\/site\/sport-e-leclerc-academie-retour-en-images-sur-la-presentation-de-camille-lucie-et-kelya-en-lhonneur-du-foot-feminin\/7819#article","isPartOf":{"@id":"https:\/\/www.fcgueugnon.fr\/site\/sport-e-leclerc-academie-retour-en-images-sur-la-presentation-de-camille-lucie-et-kelya-en-lhonneur-du-foot-feminin\/7819"},"author":{"name":"FC Gueugnon","@id":"https:\/\/www.fcgueugnon.fr\/site\/#\/schema\/person\/6b88acb9354d23e86675fc81c54ed359"},"headline":"[Sport E.Leclerc Acad\u00e9mie] Retour en images sur la pr\u00e9sentation de Camille, Lucie et Kelya en l&rsquo;honneur du Foot F\u00e9minin !","datePublished":"2023-12-20T10:40:00+00:00","dateModified":"2024-10-07T09:18:30+00:00","mainEntityOfPage":{"@id":"https:\/\/www.fcgueugnon.fr\/site\/sport-e-leclerc-academie-retour-en-images-sur-la-presentation-de-camille-lucie-et-kelya-en-lhonneur-du-foot-feminin\/7819"},"wordCount":243,"publisher":{"@id":"https:\/\/www.fcgueugnon.fr\/site\/#organization"},"image":{"@id":"https:\/\/www.fcgueugnon.fr\/site\/sport-e-leclerc-academie-retour-en-images-sur-la-presentation-de-camille-lucie-et-kelya-en-lhonneur-du-foot-feminin\/7819#primaryimage"},"thumbnailUrl":"https:\/\/www.fcgueugnon.fr\/site\/wp-content\/uploads\/2023\/12\/IMG_5152-scaled.jpg","keywords":["extra-sportif"],"articleSection":["Archives 2022\/2023","News"],"inLanguage":"fr-FR"},{"@type":"WebPage","@id":"https:\/\/www.fcgueugnon.fr\/site\/sport-e-leclerc-academie-retour-en-images-sur-la-presentation-de-camille-lucie-et-kelya-en-lhonneur-du-foot-feminin\/7819","url":"https:\/\/www.fcgueugnon.fr\/site\/sport-e-leclerc-academie-retour-en-images-sur-la-presentation-de-camille-lucie-et-kelya-en-lhonneur-du-foot-feminin\/7819","name":"[Sport E.Leclerc Acad\u00e9mie] Retour en images sur la pr\u00e9sentation de Camille, Lucie et Kelya en l'honneur du Foot F\u00e9minin ! &#8226; FOOTBALL CLUB GUEUGNON","isPartOf":{"@id":"https:\/\/www.fcgueugnon.fr\/site\/#website"},"primaryImageOfPage":{"@id":"https:\/\/www.fcgueugnon.fr\/site\/sport-e-leclerc-academie-retour-en-images-sur-la-presentation-de-camille-lucie-et-kelya-en-lhonneur-du-foot-feminin\/7819#primaryimage"},"image":{"@id":"https:\/\/www.fcgueugnon.fr\/site\/sport-e-leclerc-academie-retour-en-images-sur-la-presentation-de-camille-lucie-et-kelya-en-lhonneur-du-foot-feminin\/7819#primaryimage"},"thumbnailUrl":"https:\/\/www.fcgueugnon.fr\/site\/wp-content\/uploads\/2023\/12\/IMG_5152-scaled.jpg","datePublished":"2023-12-20T10:40:00+00:00","dateModified":"2024-10-07T09:18:30+00:00","breadcrumb":{"@id":"https:\/\/www.fcgueugnon.fr\/site\/sport-e-leclerc-academie-retour-en-images-sur-la-presentation-de-camille-lucie-et-kelya-en-lhonneur-du-foot-feminin\/7819#breadcrumb"},"inLanguage":"fr-FR","potentialAction":[{"@type":"ReadAction","target":["https:\/\/www.fcgueugnon.fr\/site\/sport-e-leclerc-academie-retour-en-images-sur-la-presentation-de-camille-lucie-et-kelya-en-lhonneur-du-foot-feminin\/7819"]}]},{"@type":"ImageObject","inLanguage":"fr-FR","@id":"https:\/\/www.fcgueugnon.fr\/site\/sport-e-leclerc-academie-retour-en-images-sur-la-presentation-de-camille-lucie-et-kelya-en-lhonneur-du-foot-feminin\/7819#primaryimage","url":"https:\/\/www.fcgueugnon.fr\/site\/wp-content\/uploads\/2023\/12\/IMG_5152-scaled.jpg","contentUrl":"https:\/\/www.fcgueugnon.fr\/site\/wp-content\/uploads\/2023\/12\/IMG_5152-scaled.jpg","width":2560,"height":1707},{"@type":"BreadcrumbList","@id":"https:\/\/www.fcgueugnon.fr\/site\/sport-e-leclerc-academie-retour-en-images-sur-la-presentation-de-camille-lucie-et-kelya-en-lhonneur-du-foot-feminin\/7819#breadcrumb","itemListElement":[{"@type":"ListItem","position":1,"name":"Accueil","item":"https:\/\/www.fcgueugnon.fr\/site\/"},{"@type":"ListItem","position":2,"name":"[Sport E.Leclerc Acad\u00e9mie] Retour en images sur la pr\u00e9sentation de Camille, Lucie et Kelya en l&rsquo;honneur du Foot F\u00e9minin !"}]},{"@type":"WebSite","@id":"https:\/\/www.fcgueugnon.fr\/site\/#website","url":"https:\/\/www.fcgueugnon.fr\/site\/","name":"FOOTBALL CLUB GUEUGNON","description":"Le Site Officiel des Forgerons","publisher":{"@id":"https:\/\/www.fcgueugnon.fr\/site\/#organization"},"potentialAction":[{"@type":"SearchAction","target":{"@type":"EntryPoint","urlTemplate":"https:\/\/www.fcgueugnon.fr\/site\/?s={search_term_string}"},"query-input":{"@type":"PropertyValueSpecification","valueRequired":true,"valueName":"search_term_string"}}],"inLanguage":"fr-FR"},{"@type":"Organization","@id":"https:\/\/www.fcgueugnon.fr\/site\/#organization","name":"FC Gueugnon","url":"https:\/\/www.fcgueugnon.fr\/site\/","logo":{"@type":"ImageObject","inLanguage":"fr-FR","@id":"https:\/\/www.fcgueugnon.fr\/site\/#\/schema\/logo\/image\/","url":"https:\/\/www.fcgueugnon.fr\/site\/wp-content\/uploads\/2022\/07\/cropped-Logo-FCGUEUGNON-low-350x350-1.png","contentUrl":"https:\/\/www.fcgueugnon.fr\/site\/wp-content\/uploads\/2022\/07\/cropped-Logo-FCGUEUGNON-low-350x350-1.png","width":350,"height":350,"caption":"FC Gueugnon"},"image":{"@id":"https:\/\/www.fcgueugnon.fr\/site\/#\/schema\/logo\/image\/"},"sameAs":["http:\/\/facebook.com\/FCGueugnon","https:\/\/x.com\/FCGueugnon_off","https:\/\/www.instagram.com\/fcgueugnon\/","https:\/\/www.linkedin.com\/company\/football-club-de-gueugnon\/","https:\/\/www.youtube.com\/user\/FCGueugnonnais","https:\/\/fr.wikipedia.org\/wiki\/Football_Club_de_Gueugnon"]},{"@type":"Person","@id":"https:\/\/www.fcgueugnon.fr\/site\/#\/schema\/person\/6b88acb9354d23e86675fc81c54ed359","name":"FC Gueugnon","url":"https:\/\/www.fcgueugnon.fr\/site\/author\/man-antu"}]}},"rttpg_featured_image_url":{"full":["https:\/\/www.fcgueugnon.fr\/site\/wp-content\/uploads\/2023\/12\/IMG_5152-scaled.jpg",2560,1707,false],"landscape":["https:\/\/www.fcgueugnon.fr\/site\/wp-content\/uploads\/2023\/12\/IMG_5152-scaled.jpg",2560,1707,false],"portraits":["https:\/\/www.fcgueugnon.fr\/site\/wp-content\/uploads\/2023\/12\/IMG_5152-scaled.jpg",2560,1707,false],"thumbnail":["https:\/\/www.fcgueugnon.fr\/site\/wp-content\/uploads\/2023\/12\/IMG_5152-150x150.jpg",150,150,true],"medium":["https:\/\/www.fcgueugnon.fr\/site\/wp-content\/uploads\/2023\/12\/IMG_5152-400x267.jpg",400,267,true],"large":["https:\/\/www.fcgueugnon.fr\/site\/wp-content\/uploads\/2023\/12\/IMG_5152-1024x683.jpg",1024,683,true],"1536x1536":["https:\/\/www.fcgueugnon.fr\/site\/wp-content\/uploads\/2023\/12\/IMG_5152-1536x1024.jpg",1536,1024,true],"2048x2048":["https:\/\/www.fcgueugnon.fr\/site\/wp-content\/uploads\/2023\/12\/IMG_5152-2048x1365.jpg",2048,1365,true]},"rttpg_author":{"display_name":"FC Gueugnon","author_link":"https:\/\/www.fcgueugnon.fr\/site\/author\/man-antu"},"rttpg_comment":0,"rttpg_category":"<a href=\"https:\/\/www.fcgueugnon.fr\/site\/category\/news\/news-2022-2023\" rel=\"category tag\">Archives 2022\/2023<\/a> <a href=\"https:\/\/www.fcgueugnon.fr\/site\/category\/news\" rel=\"category tag\">News<\/a>","rttpg_excerpt":"Samedi 16 D\u00e9cembre dernier \u00e0 l&rsquo;occasion de la 12\u00e8me journ\u00e9e de championnat \u00e0 Jean Laville, avait lieu une pr\u00e9sentation en l&rsquo;honneur de nos anciennes joueuses Camille Marmillot, Lucie Zak et Kelya Figueira. Ce samedi 16 d\u00e9cembre, lors de la 12\u00e8me journ\u00e9e de championnat contre le Moulins Yzeure Foot \u00e0 Jean Laville, une pr\u00e9sentation a eu\u2026","_links":{"self":[{"href":"https:\/\/www.fcgueugnon.fr\/site\/wp-json\/wp\/v2\/posts\/7819","targetHints":{"allow":["GET"]}}],"collection":[{"href":"https:\/\/www.fcgueugnon.fr\/site\/wp-json\/wp\/v2\/posts"}],"about":[{"href":"https:\/\/www.fcgueugnon.fr\/site\/wp-json\/wp\/v2\/types\/post"}],"author":[{"embeddable":true,"href":"https:\/\/www.fcgueugnon.fr\/site\/wp-json\/wp\/v2\/users\/4"}],"replies":[{"embeddable":true,"href":"https:\/\/www.fcgueugnon.fr\/site\/wp-json\/wp\/v2\/comments?post=7819"}],"version-history":[{"count":12,"href":"https:\/\/www.fcgueugnon.fr\/site\/wp-json\/wp\/v2\/posts\/7819\/revisions"}],"predecessor-version":[{"id":7861,"href":"https:\/\/www.fcgueugnon.fr\/site\/wp-json\/wp\/v2\/posts\/7819\/revisions\/7861"}],"wp:featuredmedia":[{"embeddable":true,"href":"https:\/\/www.fcgueugnon.fr\/site\/wp-json\/wp\/v2\/media\/7826"}],"wp:attachment":[{"href":"https:\/\/www.fcgueugnon.fr\/site\/wp-json\/wp\/v2\/media?parent=7819"}],"wp:term":[{"taxonomy":"category","embeddable":true,"href":"https:\/\/www.fcgueugnon.fr\/site\/wp-json\/wp\/v2\/categories?post=7819"},{"taxonomy":"post_tag","embeddable":true,"href":"https:\/\/www.fcgueugnon.fr\/site\/wp-json\/wp\/v2\/tags?post=7819"}],"curies":[{"name":"wp","href":"https:\/\/api.w.org\/{rel}","templated":true}]}}