{"id":7699,"date":"2023-12-14T18:55:00","date_gmt":"2023-12-14T17:55:00","guid":{"rendered":"https:\/\/www.fcgueugnon.fr\/site\/?p=7699"},"modified":"2023-12-14T14:41:33","modified_gmt":"2023-12-14T13:41:33","slug":"sport-e-leclerc-academie-les-jeunes-de-la-section-sportive-sensibilises-a-larbitrage","status":"publish","type":"post","link":"https:\/\/www.fcgueugnon.fr\/site\/sport-e-leclerc-academie-les-jeunes-de-la-section-sportive-sensibilises-a-larbitrage\/7699","title":{"rendered":"[Sport E.Leclerc Acad\u00e9mie] Les jeunes de la section sportive sensibilis\u00e9s \u00e0 l&rsquo;arbitrage"},"content":{"rendered":"\n<h3 class=\"wp-block-heading has-contrast-color has-text-color has-link-color wp-elements-b13a60d1389f7c62c420872eb6134123\"><strong>Ce mercredi, les \u00e9l\u00e8ves de la section sportive lyc\u00e9e ont eu l&rsquo;occasion de s&rsquo;initier \u00e0 l&rsquo;arbitrage gr\u00e2ce \u00e0 une intervention d&rsquo;Alexis Guillon, arbitre officiant en National 2.<\/strong><\/h3>\n\n\n\n<div style=\"height:35px\" aria-hidden=\"true\" class=\"wp-block-spacer\"><\/div>\n\n\n\n<figure class=\"wp-block-coblocks-gallery-masonry masonry-grid has-medium-gutter\">\n<figure class=\"wp-block-image size-large\"><img loading=\"lazy\" decoding=\"async\" width=\"1024\" height=\"682\" src=\"https:\/\/www.fcgueugnon.fr\/site\/wp-content\/uploads\/2023\/12\/ARBITRAGE-10-1024x682.png\" alt=\"Image gallery image\" class=\"wp-image-7703\" srcset=\"https:\/\/www.fcgueugnon.fr\/site\/wp-content\/uploads\/2023\/12\/ARBITRAGE-10-1024x682.png 1024w, https:\/\/www.fcgueugnon.fr\/site\/wp-content\/uploads\/2023\/12\/ARBITRAGE-10-400x267.png 400w, https:\/\/www.fcgueugnon.fr\/site\/wp-content\/uploads\/2023\/12\/ARBITRAGE-10-768x512.png 768w, https:\/\/www.fcgueugnon.fr\/site\/wp-content\/uploads\/2023\/12\/ARBITRAGE-10-1536x1024.png 1536w, https:\/\/www.fcgueugnon.fr\/site\/wp-content\/uploads\/2023\/12\/ARBITRAGE-10-1320x880.png 1320w, https:\/\/www.fcgueugnon.fr\/site\/wp-content\/uploads\/2023\/12\/ARBITRAGE-10-600x400.png 600w, https:\/\/www.fcgueugnon.fr\/site\/wp-content\/uploads\/2023\/12\/ARBITRAGE-10.png 1772w\" sizes=\"auto, (max-width: 1024px) 100vw, 1024px\" \/><\/figure>\n\n\n\n<figure class=\"wp-block-image size-large\"><img loading=\"lazy\" decoding=\"async\" width=\"1024\" height=\"682\" src=\"https:\/\/www.fcgueugnon.fr\/site\/wp-content\/uploads\/2023\/12\/ARBITRAGE-9-1024x682.png\" alt=\"Image gallery image\" class=\"wp-image-7706\" srcset=\"https:\/\/www.fcgueugnon.fr\/site\/wp-content\/uploads\/2023\/12\/ARBITRAGE-9-1024x682.png 1024w, https:\/\/www.fcgueugnon.fr\/site\/wp-content\/uploads\/2023\/12\/ARBITRAGE-9-400x267.png 400w, https:\/\/www.fcgueugnon.fr\/site\/wp-content\/uploads\/2023\/12\/ARBITRAGE-9-768x512.png 768w, https:\/\/www.fcgueugnon.fr\/site\/wp-content\/uploads\/2023\/12\/ARBITRAGE-9-1536x1024.png 1536w, https:\/\/www.fcgueugnon.fr\/site\/wp-content\/uploads\/2023\/12\/ARBITRAGE-9-1320x880.png 1320w, https:\/\/www.fcgueugnon.fr\/site\/wp-content\/uploads\/2023\/12\/ARBITRAGE-9-600x400.png 600w, https:\/\/www.fcgueugnon.fr\/site\/wp-content\/uploads\/2023\/12\/ARBITRAGE-9.png 1772w\" sizes=\"auto, (max-width: 1024px) 100vw, 1024px\" \/><\/figure>\n\n\n\n<figure class=\"wp-block-image size-large\"><img loading=\"lazy\" decoding=\"async\" width=\"1024\" height=\"682\" src=\"https:\/\/www.fcgueugnon.fr\/site\/wp-content\/uploads\/2023\/12\/ARBITRAGE-8-1024x682.png\" alt=\"Image gallery image\" class=\"wp-image-7702\" srcset=\"https:\/\/www.fcgueugnon.fr\/site\/wp-content\/uploads\/2023\/12\/ARBITRAGE-8-1024x682.png 1024w, https:\/\/www.fcgueugnon.fr\/site\/wp-content\/uploads\/2023\/12\/ARBITRAGE-8-400x267.png 400w, https:\/\/www.fcgueugnon.fr\/site\/wp-content\/uploads\/2023\/12\/ARBITRAGE-8-768x512.png 768w, https:\/\/www.fcgueugnon.fr\/site\/wp-content\/uploads\/2023\/12\/ARBITRAGE-8-1536x1024.png 1536w, https:\/\/www.fcgueugnon.fr\/site\/wp-content\/uploads\/2023\/12\/ARBITRAGE-8-1320x880.png 1320w, https:\/\/www.fcgueugnon.fr\/site\/wp-content\/uploads\/2023\/12\/ARBITRAGE-8-600x400.png 600w, https:\/\/www.fcgueugnon.fr\/site\/wp-content\/uploads\/2023\/12\/ARBITRAGE-8.png 1772w\" sizes=\"auto, (max-width: 1024px) 100vw, 1024px\" \/><\/figure>\n\n\n\n<figure class=\"wp-block-image size-large\"><img loading=\"lazy\" decoding=\"async\" width=\"1024\" height=\"682\" src=\"https:\/\/www.fcgueugnon.fr\/site\/wp-content\/uploads\/2023\/12\/ARBITRAGE-7-1024x682.png\" alt=\"Image gallery image\" class=\"wp-image-7704\" srcset=\"https:\/\/www.fcgueugnon.fr\/site\/wp-content\/uploads\/2023\/12\/ARBITRAGE-7-1024x682.png 1024w, https:\/\/www.fcgueugnon.fr\/site\/wp-content\/uploads\/2023\/12\/ARBITRAGE-7-400x267.png 400w, https:\/\/www.fcgueugnon.fr\/site\/wp-content\/uploads\/2023\/12\/ARBITRAGE-7-768x512.png 768w, https:\/\/www.fcgueugnon.fr\/site\/wp-content\/uploads\/2023\/12\/ARBITRAGE-7-1536x1024.png 1536w, https:\/\/www.fcgueugnon.fr\/site\/wp-content\/uploads\/2023\/12\/ARBITRAGE-7-1320x880.png 1320w, https:\/\/www.fcgueugnon.fr\/site\/wp-content\/uploads\/2023\/12\/ARBITRAGE-7-600x400.png 600w, https:\/\/www.fcgueugnon.fr\/site\/wp-content\/uploads\/2023\/12\/ARBITRAGE-7.png 1772w\" sizes=\"auto, (max-width: 1024px) 100vw, 1024px\" \/><\/figure>\n\n\n\n<figure class=\"wp-block-image size-large\"><img loading=\"lazy\" decoding=\"async\" width=\"1024\" height=\"682\" src=\"https:\/\/www.fcgueugnon.fr\/site\/wp-content\/uploads\/2023\/12\/ARBITRAGE-6-1024x682.png\" alt=\"Image gallery image\" class=\"wp-image-7708\" srcset=\"https:\/\/www.fcgueugnon.fr\/site\/wp-content\/uploads\/2023\/12\/ARBITRAGE-6-1024x682.png 1024w, https:\/\/www.fcgueugnon.fr\/site\/wp-content\/uploads\/2023\/12\/ARBITRAGE-6-400x267.png 400w, https:\/\/www.fcgueugnon.fr\/site\/wp-content\/uploads\/2023\/12\/ARBITRAGE-6-768x512.png 768w, https:\/\/www.fcgueugnon.fr\/site\/wp-content\/uploads\/2023\/12\/ARBITRAGE-6-1536x1024.png 1536w, https:\/\/www.fcgueugnon.fr\/site\/wp-content\/uploads\/2023\/12\/ARBITRAGE-6-1320x880.png 1320w, https:\/\/www.fcgueugnon.fr\/site\/wp-content\/uploads\/2023\/12\/ARBITRAGE-6-600x400.png 600w, https:\/\/www.fcgueugnon.fr\/site\/wp-content\/uploads\/2023\/12\/ARBITRAGE-6.png 1772w\" sizes=\"auto, (max-width: 1024px) 100vw, 1024px\" \/><\/figure>\n\n\n\n<figure class=\"wp-block-image size-large\"><img loading=\"lazy\" decoding=\"async\" width=\"1024\" height=\"682\" src=\"https:\/\/www.fcgueugnon.fr\/site\/wp-content\/uploads\/2023\/12\/ARBITRAGE-5-1024x682.png\" alt=\"Image gallery image\" class=\"wp-image-7707\" srcset=\"https:\/\/www.fcgueugnon.fr\/site\/wp-content\/uploads\/2023\/12\/ARBITRAGE-5-1024x682.png 1024w, https:\/\/www.fcgueugnon.fr\/site\/wp-content\/uploads\/2023\/12\/ARBITRAGE-5-400x267.png 400w, https:\/\/www.fcgueugnon.fr\/site\/wp-content\/uploads\/2023\/12\/ARBITRAGE-5-768x512.png 768w, https:\/\/www.fcgueugnon.fr\/site\/wp-content\/uploads\/2023\/12\/ARBITRAGE-5-1536x1024.png 1536w, https:\/\/www.fcgueugnon.fr\/site\/wp-content\/uploads\/2023\/12\/ARBITRAGE-5-1320x880.png 1320w, https:\/\/www.fcgueugnon.fr\/site\/wp-content\/uploads\/2023\/12\/ARBITRAGE-5-600x400.png 600w, https:\/\/www.fcgueugnon.fr\/site\/wp-content\/uploads\/2023\/12\/ARBITRAGE-5.png 1772w\" sizes=\"auto, (max-width: 1024px) 100vw, 1024px\" \/><\/figure>\n\n\n\n<figure class=\"wp-block-image size-large\"><img loading=\"lazy\" decoding=\"async\" width=\"1024\" height=\"682\" src=\"https:\/\/www.fcgueugnon.fr\/site\/wp-content\/uploads\/2023\/12\/ARBITRAGE-4-1024x682.png\" alt=\"Image gallery image\" class=\"wp-image-7700\" srcset=\"https:\/\/www.fcgueugnon.fr\/site\/wp-content\/uploads\/2023\/12\/ARBITRAGE-4-1024x682.png 1024w, https:\/\/www.fcgueugnon.fr\/site\/wp-content\/uploads\/2023\/12\/ARBITRAGE-4-400x267.png 400w, https:\/\/www.fcgueugnon.fr\/site\/wp-content\/uploads\/2023\/12\/ARBITRAGE-4-768x512.png 768w, https:\/\/www.fcgueugnon.fr\/site\/wp-content\/uploads\/2023\/12\/ARBITRAGE-4-1536x1024.png 1536w, https:\/\/www.fcgueugnon.fr\/site\/wp-content\/uploads\/2023\/12\/ARBITRAGE-4-1320x880.png 1320w, https:\/\/www.fcgueugnon.fr\/site\/wp-content\/uploads\/2023\/12\/ARBITRAGE-4-600x400.png 600w, https:\/\/www.fcgueugnon.fr\/site\/wp-content\/uploads\/2023\/12\/ARBITRAGE-4.png 1772w\" sizes=\"auto, (max-width: 1024px) 100vw, 1024px\" \/><\/figure>\n\n\n\n<figure class=\"wp-block-image size-large\"><img loading=\"lazy\" decoding=\"async\" width=\"1024\" height=\"682\" src=\"https:\/\/www.fcgueugnon.fr\/site\/wp-content\/uploads\/2023\/12\/ARBITRAGE-3-1024x682.png\" alt=\"Image gallery image\" class=\"wp-image-7701\" srcset=\"https:\/\/www.fcgueugnon.fr\/site\/wp-content\/uploads\/2023\/12\/ARBITRAGE-3-1024x682.png 1024w, https:\/\/www.fcgueugnon.fr\/site\/wp-content\/uploads\/2023\/12\/ARBITRAGE-3-400x267.png 400w, https:\/\/www.fcgueugnon.fr\/site\/wp-content\/uploads\/2023\/12\/ARBITRAGE-3-768x512.png 768w, https:\/\/www.fcgueugnon.fr\/site\/wp-content\/uploads\/2023\/12\/ARBITRAGE-3-1536x1024.png 1536w, https:\/\/www.fcgueugnon.fr\/site\/wp-content\/uploads\/2023\/12\/ARBITRAGE-3-1320x880.png 1320w, https:\/\/www.fcgueugnon.fr\/site\/wp-content\/uploads\/2023\/12\/ARBITRAGE-3-600x400.png 600w, https:\/\/www.fcgueugnon.fr\/site\/wp-content\/uploads\/2023\/12\/ARBITRAGE-3.png 1772w\" sizes=\"auto, (max-width: 1024px) 100vw, 1024px\" \/><\/figure>\n\n\n\n<figure class=\"wp-block-image size-large\"><img loading=\"lazy\" decoding=\"async\" width=\"1024\" height=\"682\" src=\"https:\/\/www.fcgueugnon.fr\/site\/wp-content\/uploads\/2023\/12\/ARBITRAGE-2-1024x682.png\" alt=\"Image gallery image\" class=\"wp-image-7705\" srcset=\"https:\/\/www.fcgueugnon.fr\/site\/wp-content\/uploads\/2023\/12\/ARBITRAGE-2-1024x682.png 1024w, https:\/\/www.fcgueugnon.fr\/site\/wp-content\/uploads\/2023\/12\/ARBITRAGE-2-400x267.png 400w, https:\/\/www.fcgueugnon.fr\/site\/wp-content\/uploads\/2023\/12\/ARBITRAGE-2-768x512.png 768w, https:\/\/www.fcgueugnon.fr\/site\/wp-content\/uploads\/2023\/12\/ARBITRAGE-2-1536x1024.png 1536w, https:\/\/www.fcgueugnon.fr\/site\/wp-content\/uploads\/2023\/12\/ARBITRAGE-2-1320x880.png 1320w, https:\/\/www.fcgueugnon.fr\/site\/wp-content\/uploads\/2023\/12\/ARBITRAGE-2-600x400.png 600w, https:\/\/www.fcgueugnon.fr\/site\/wp-content\/uploads\/2023\/12\/ARBITRAGE-2.png 1772w\" sizes=\"auto, (max-width: 1024px) 100vw, 1024px\" \/><\/figure>\n\n\n\n<figure class=\"wp-block-image size-large\"><img loading=\"lazy\" decoding=\"async\" width=\"1024\" height=\"682\" src=\"https:\/\/www.fcgueugnon.fr\/site\/wp-content\/uploads\/2023\/12\/ARBITRAGE-1-1024x682.png\" alt=\"Image gallery image\" class=\"wp-image-7709\" srcset=\"https:\/\/www.fcgueugnon.fr\/site\/wp-content\/uploads\/2023\/12\/ARBITRAGE-1-1024x682.png 1024w, https:\/\/www.fcgueugnon.fr\/site\/wp-content\/uploads\/2023\/12\/ARBITRAGE-1-400x267.png 400w, https:\/\/www.fcgueugnon.fr\/site\/wp-content\/uploads\/2023\/12\/ARBITRAGE-1-768x512.png 768w, https:\/\/www.fcgueugnon.fr\/site\/wp-content\/uploads\/2023\/12\/ARBITRAGE-1-1536x1024.png 1536w, https:\/\/www.fcgueugnon.fr\/site\/wp-content\/uploads\/2023\/12\/ARBITRAGE-1-1320x880.png 1320w, https:\/\/www.fcgueugnon.fr\/site\/wp-content\/uploads\/2023\/12\/ARBITRAGE-1-600x400.png 600w, https:\/\/www.fcgueugnon.fr\/site\/wp-content\/uploads\/2023\/12\/ARBITRAGE-1.png 1772w\" sizes=\"auto, (max-width: 1024px) 100vw, 1024px\" \/><\/figure>\n<\/figure>\n\n\n\n<div style=\"height:35px\" aria-hidden=\"true\" class=\"wp-block-spacer\"><\/div>\n\n\n\n<p class=\"has-contrast-color has-text-color has-link-color wp-elements-ef628beb893fd06876d784d3e36a067a\">Les jeunes de la section sportive ont eu l&rsquo;occasion d&rsquo;endosser le r\u00f4le d&rsquo;un arbitre lors d&rsquo;une opposition sur le terrain. L&rsquo;objectif de cette premi\u00e8re animation \u00e9tait d&rsquo;inculquer aux jeunes joueurs le respect envers les d\u00e9cisions des arbitres et de les sensibiliser \u00e0 l&rsquo;importance de leur r\u00f4le sur le terrain. <\/p>\n\n\n\n<p class=\"has-contrast-color has-text-color has-link-color wp-elements-84c18fe8395ad0c4b5d57e750d84d4cc\">Par la suite, nos joueurs ont \u00e9galement pu participer \u00e0 des sessions d&rsquo;analyse vid\u00e9o sur des situations de jeu sp\u00e9cifiques. \u00c9quip\u00e9s de cartons, ils ont \u00e9t\u00e9 invit\u00e9s \u00e0 prendre des d\u00e9cisions et \u00e0 se mettre dans la peau d&rsquo;un arbitre, leur permettant ainsi de mieux comprendre les d\u00e9fis et les dilemmes auxquels ils peuvent \u00eatre confront\u00e9s lors des matchs.<\/p>\n\n\n\n<p class=\"has-contrast-color has-text-color has-link-color wp-elements-c26b3c7b8c80670463c427cd1da1cb91\">Ces actions s&rsquo;inscrivent dans une volont\u00e9 continue de promouvoir l&rsquo;arbitrage au sein du club et s&rsquo;aligne avec le programme \u00e9ducatif f\u00e9d\u00e9ral de nos jeunes, qui souligne l&rsquo;importance de l&rsquo;apprentissage des valeurs li\u00e9es au sport, telles que le respect, la responsabilit\u00e9 et la compr\u00e9hension des r\u00f4les de chacun.<\/p>\n\n\n\n<p class=\"has-contrast-color has-text-color has-link-color wp-elements-3dd10a4c76b3edf3c1642c2b3d7265b0\">Le FC Gueugnon remercie Alexis Guillon pour son intervention.<\/p>\n\n\n\n<div style=\"height:35px\" aria-hidden=\"true\" class=\"wp-block-spacer\"><\/div>\n\n\n\n<h3 class=\"wp-block-heading has-contrast-color has-text-color has-link-color wp-elements-7061a09361adf601be3b9db9e22047f8\"><strong>Inscriptions \u00e0 la prochaine Formation Initiale en Arbitrage (FIA)<\/strong><\/h3>\n\n\n\n<p>La prochaine session de formation aura lieu les samedis 3, 10 et 17 F\u00e9vrier \u00e0 Chalon-sur-Sa\u00f4ne. Ces 3 journ\u00e9es de formation comprennent une partie th\u00e9orique en salle avec plusieurs s\u00e9quences vid\u00e9os et une partie pratique. \u00c0 l&rsquo;issue de ces 3 journ\u00e9es, les candidats passent un examen th\u00e9orique puis un examen pratique.<\/p>\n\n\n\n<p>Le FC Gueugnon souhaite renforcer son \u00e9quipe arbitrale. Pour plus de renseignements, contactez-nous au plus vite \u00e0 l&rsquo;adresse email suivante : <a href=\"mailto:gueugnon.fc@lbfc-foot.fr\">gueugnon.fc@lbfc-foot.fr<\/a> ou par t\u00e9l\u00e9phone au 03.85.85.06.26.<\/p>\n","protected":false},"excerpt":{"rendered":"<p>Ce mercredi, les \u00e9l\u00e8ves de la section sportive lyc\u00e9e ont eu l&rsquo;occasion de s&rsquo;initier \u00e0 l&rsquo;arbitrage gr\u00e2ce \u00e0 une intervention d&rsquo;Alexis Guillon, arbitre officiant en National 2. Les jeunes de la section sportive ont eu l&rsquo;occasion d&rsquo;endosser le r\u00f4le d&rsquo;un arbitre lors d&rsquo;une opposition sur le terrain. L&rsquo;objectif de cette premi\u00e8re animation \u00e9tait d&rsquo;inculquer aux &#8230; <\/p>\n<p class=\"read-more-container\"><a title=\"[Sport E.Leclerc Acad\u00e9mie] Les jeunes de la section sportive sensibilis\u00e9s \u00e0 l&rsquo;arbitrage\" class=\"read-more button\" href=\"https:\/\/www.fcgueugnon.fr\/site\/sport-e-leclerc-academie-les-jeunes-de-la-section-sportive-sensibilises-a-larbitrage\/7699#more-7699\" aria-label=\"Plus sur [Sport E.Leclerc Acad\u00e9mie] Les jeunes de la section sportive sensibilis\u00e9s \u00e0 l&rsquo;arbitrage\">Lire la suite<\/a><\/p>\n","protected":false},"author":3,"featured_media":7709,"comment_status":"closed","ping_status":"closed","sticky":true,"template":"","format":"standard","meta":{"footnotes":""},"categories":[4,55],"tags":[60,14],"class_list":["post-7699","post","type-post","status-publish","format-standard","has-post-thumbnail","hentry","category-news","category-news-2023-2024","tag-pef","tag-sport-e-leclerc-academie-jeunes-formation","infinite-scroll-item","generate-columns","tablet-grid-50","mobile-grid-100","grid-parent","grid-25"],"yoast_head":"<!-- This site is optimized with the Yoast SEO plugin v26.6 - https:\/\/yoast.com\/wordpress\/plugins\/seo\/ -->\n<title>[Sport E.Leclerc Acad\u00e9mie] Les jeunes de la section sportive sensibilis\u00e9s \u00e0 l&#039;arbitrage &#8226; FOOTBALL CLUB GUEUGNON<\/title>\n<meta name=\"robots\" content=\"index, follow, max-snippet:-1, max-image-preview:large, max-video-preview:-1\" \/>\n<link rel=\"canonical\" href=\"https:\/\/www.fcgueugnon.fr\/site\/sport-e-leclerc-academie-les-jeunes-de-la-section-sportive-sensibilises-a-larbitrage\/7699\" \/>\n<meta property=\"og:locale\" content=\"fr_FR\" \/>\n<meta property=\"og:type\" content=\"article\" \/>\n<meta property=\"og:title\" content=\"[Sport E.Leclerc Acad\u00e9mie] Les jeunes de la section sportive sensibilis\u00e9s \u00e0 l&#039;arbitrage &#8226; FOOTBALL CLUB GUEUGNON\" \/>\n<meta property=\"og:description\" content=\"Ce mercredi, les \u00e9l\u00e8ves de la section sportive lyc\u00e9e ont eu l&rsquo;occasion de s&rsquo;initier \u00e0 l&rsquo;arbitrage gr\u00e2ce \u00e0 une intervention d&rsquo;Alexis Guillon, arbitre officiant en National 2. Les jeunes de la section sportive ont eu l&rsquo;occasion d&rsquo;endosser le r\u00f4le d&rsquo;un arbitre lors d&rsquo;une opposition sur le terrain. L&rsquo;objectif de cette premi\u00e8re animation \u00e9tait d&rsquo;inculquer aux ... Lire la suite\" \/>\n<meta property=\"og:url\" content=\"https:\/\/www.fcgueugnon.fr\/site\/sport-e-leclerc-academie-les-jeunes-de-la-section-sportive-sensibilises-a-larbitrage\/7699\" \/>\n<meta property=\"og:site_name\" content=\"FOOTBALL CLUB GUEUGNON\" \/>\n<meta property=\"article:publisher\" content=\"http:\/\/facebook.com\/FCGueugnon\" \/>\n<meta property=\"article:published_time\" content=\"2023-12-14T17:55:00+00:00\" \/>\n<meta property=\"og:image\" content=\"https:\/\/www.fcgueugnon.fr\/site\/wp-content\/uploads\/2023\/12\/ARBITRAGE-1-1024x682.png\" \/>\n\t<meta property=\"og:image:width\" content=\"1024\" \/>\n\t<meta property=\"og:image:height\" content=\"682\" \/>\n\t<meta property=\"og:image:type\" content=\"image\/png\" \/>\n<meta name=\"author\" content=\"FC Gueugnon\" \/>\n<meta name=\"twitter:card\" content=\"summary_large_image\" \/>\n<meta name=\"twitter:creator\" content=\"@FCGueugnon_off\" \/>\n<meta name=\"twitter:site\" content=\"@FCGueugnon_off\" \/>\n<meta name=\"twitter:label1\" content=\"\u00c9crit par\" \/>\n\t<meta name=\"twitter:data1\" content=\"FC Gueugnon\" \/>\n\t<meta name=\"twitter:label2\" content=\"Dur\u00e9e de lecture estim\u00e9e\" \/>\n\t<meta name=\"twitter:data2\" content=\"4 minutes\" \/>\n<script type=\"application\/ld+json\" class=\"yoast-schema-graph\">{\"@context\":\"https:\/\/schema.org\",\"@graph\":[{\"@type\":\"Article\",\"@id\":\"https:\/\/www.fcgueugnon.fr\/site\/sport-e-leclerc-academie-les-jeunes-de-la-section-sportive-sensibilises-a-larbitrage\/7699#article\",\"isPartOf\":{\"@id\":\"https:\/\/www.fcgueugnon.fr\/site\/sport-e-leclerc-academie-les-jeunes-de-la-section-sportive-sensibilises-a-larbitrage\/7699\"},\"author\":{\"name\":\"FC Gueugnon\",\"@id\":\"https:\/\/www.fcgueugnon.fr\/site\/#\/schema\/person\/829630bfb5d6f3ebe4d296b75687c01a\"},\"headline\":\"[Sport E.Leclerc Acad\u00e9mie] Les jeunes de la section sportive sensibilis\u00e9s \u00e0 l&rsquo;arbitrage\",\"datePublished\":\"2023-12-14T17:55:00+00:00\",\"mainEntityOfPage\":{\"@id\":\"https:\/\/www.fcgueugnon.fr\/site\/sport-e-leclerc-academie-les-jeunes-de-la-section-sportive-sensibilises-a-larbitrage\/7699\"},\"wordCount\":327,\"publisher\":{\"@id\":\"https:\/\/www.fcgueugnon.fr\/site\/#organization\"},\"image\":{\"@id\":\"https:\/\/www.fcgueugnon.fr\/site\/sport-e-leclerc-academie-les-jeunes-de-la-section-sportive-sensibilises-a-larbitrage\/7699#primaryimage\"},\"thumbnailUrl\":\"https:\/\/www.fcgueugnon.fr\/site\/wp-content\/uploads\/2023\/12\/ARBITRAGE-1.png\",\"keywords\":[\"Programme Educatif F\u00e9d\u00e9ral\",\"Sport E.Leclerc Acad\u00e9mie : Jeunes \/ Formation\"],\"articleSection\":[\"News\",\"News 2023\/2024\"],\"inLanguage\":\"fr-FR\"},{\"@type\":\"WebPage\",\"@id\":\"https:\/\/www.fcgueugnon.fr\/site\/sport-e-leclerc-academie-les-jeunes-de-la-section-sportive-sensibilises-a-larbitrage\/7699\",\"url\":\"https:\/\/www.fcgueugnon.fr\/site\/sport-e-leclerc-academie-les-jeunes-de-la-section-sportive-sensibilises-a-larbitrage\/7699\",\"name\":\"[Sport E.Leclerc Acad\u00e9mie] Les jeunes de la section sportive sensibilis\u00e9s \u00e0 l'arbitrage &#8226; FOOTBALL CLUB GUEUGNON\",\"isPartOf\":{\"@id\":\"https:\/\/www.fcgueugnon.fr\/site\/#website\"},\"primaryImageOfPage\":{\"@id\":\"https:\/\/www.fcgueugnon.fr\/site\/sport-e-leclerc-academie-les-jeunes-de-la-section-sportive-sensibilises-a-larbitrage\/7699#primaryimage\"},\"image\":{\"@id\":\"https:\/\/www.fcgueugnon.fr\/site\/sport-e-leclerc-academie-les-jeunes-de-la-section-sportive-sensibilises-a-larbitrage\/7699#primaryimage\"},\"thumbnailUrl\":\"https:\/\/www.fcgueugnon.fr\/site\/wp-content\/uploads\/2023\/12\/ARBITRAGE-1.png\",\"datePublished\":\"2023-12-14T17:55:00+00:00\",\"breadcrumb\":{\"@id\":\"https:\/\/www.fcgueugnon.fr\/site\/sport-e-leclerc-academie-les-jeunes-de-la-section-sportive-sensibilises-a-larbitrage\/7699#breadcrumb\"},\"inLanguage\":\"fr-FR\",\"potentialAction\":[{\"@type\":\"ReadAction\",\"target\":[\"https:\/\/www.fcgueugnon.fr\/site\/sport-e-leclerc-academie-les-jeunes-de-la-section-sportive-sensibilises-a-larbitrage\/7699\"]}]},{\"@type\":\"ImageObject\",\"inLanguage\":\"fr-FR\",\"@id\":\"https:\/\/www.fcgueugnon.fr\/site\/sport-e-leclerc-academie-les-jeunes-de-la-section-sportive-sensibilises-a-larbitrage\/7699#primaryimage\",\"url\":\"https:\/\/www.fcgueugnon.fr\/site\/wp-content\/uploads\/2023\/12\/ARBITRAGE-1.png\",\"contentUrl\":\"https:\/\/www.fcgueugnon.fr\/site\/wp-content\/uploads\/2023\/12\/ARBITRAGE-1.png\",\"width\":1772,\"height\":1181},{\"@type\":\"BreadcrumbList\",\"@id\":\"https:\/\/www.fcgueugnon.fr\/site\/sport-e-leclerc-academie-les-jeunes-de-la-section-sportive-sensibilises-a-larbitrage\/7699#breadcrumb\",\"itemListElement\":[{\"@type\":\"ListItem\",\"position\":1,\"name\":\"Accueil\",\"item\":\"https:\/\/www.fcgueugnon.fr\/site\/\"},{\"@type\":\"ListItem\",\"position\":2,\"name\":\"[Sport E.Leclerc Acad\u00e9mie] Les jeunes de la section sportive sensibilis\u00e9s \u00e0 l&#8217;arbitrage\"}]},{\"@type\":\"WebSite\",\"@id\":\"https:\/\/www.fcgueugnon.fr\/site\/#website\",\"url\":\"https:\/\/www.fcgueugnon.fr\/site\/\",\"name\":\"FOOTBALL CLUB GUEUGNON\",\"description\":\"Le Site Officiel des Forgerons\",\"publisher\":{\"@id\":\"https:\/\/www.fcgueugnon.fr\/site\/#organization\"},\"potentialAction\":[{\"@type\":\"SearchAction\",\"target\":{\"@type\":\"EntryPoint\",\"urlTemplate\":\"https:\/\/www.fcgueugnon.fr\/site\/?s={search_term_string}\"},\"query-input\":{\"@type\":\"PropertyValueSpecification\",\"valueRequired\":true,\"valueName\":\"search_term_string\"}}],\"inLanguage\":\"fr-FR\"},{\"@type\":\"Organization\",\"@id\":\"https:\/\/www.fcgueugnon.fr\/site\/#organization\",\"name\":\"FC Gueugnon\",\"url\":\"https:\/\/www.fcgueugnon.fr\/site\/\",\"logo\":{\"@type\":\"ImageObject\",\"inLanguage\":\"fr-FR\",\"@id\":\"https:\/\/www.fcgueugnon.fr\/site\/#\/schema\/logo\/image\/\",\"url\":\"https:\/\/www.fcgueugnon.fr\/site\/wp-content\/uploads\/2022\/07\/cropped-Logo-FCGUEUGNON-low-350x350-1.png\",\"contentUrl\":\"https:\/\/www.fcgueugnon.fr\/site\/wp-content\/uploads\/2022\/07\/cropped-Logo-FCGUEUGNON-low-350x350-1.png\",\"width\":350,\"height\":350,\"caption\":\"FC Gueugnon\"},\"image\":{\"@id\":\"https:\/\/www.fcgueugnon.fr\/site\/#\/schema\/logo\/image\/\"},\"sameAs\":[\"http:\/\/facebook.com\/FCGueugnon\",\"https:\/\/x.com\/FCGueugnon_off\",\"https:\/\/www.instagram.com\/fcgueugnon\/\",\"https:\/\/www.linkedin.com\/company\/football-club-de-gueugnon\/\",\"https:\/\/www.youtube.com\/user\/FCGueugnonnais\",\"https:\/\/fr.wikipedia.org\/wiki\/Football_Club_de_Gueugnon\"]},{\"@type\":\"Person\",\"@id\":\"https:\/\/www.fcgueugnon.fr\/site\/#\/schema\/person\/829630bfb5d6f3ebe4d296b75687c01a\",\"name\":\"FC Gueugnon\",\"url\":\"https:\/\/www.fcgueugnon.fr\/site\/author\/g-avin1\"}]}<\/script>\n<!-- \/ Yoast SEO plugin. -->","yoast_head_json":{"title":"[Sport E.Leclerc Acad\u00e9mie] Les jeunes de la section sportive sensibilis\u00e9s \u00e0 l'arbitrage &#8226; FOOTBALL CLUB GUEUGNON","robots":{"index":"index","follow":"follow","max-snippet":"max-snippet:-1","max-image-preview":"max-image-preview:large","max-video-preview":"max-video-preview:-1"},"canonical":"https:\/\/www.fcgueugnon.fr\/site\/sport-e-leclerc-academie-les-jeunes-de-la-section-sportive-sensibilises-a-larbitrage\/7699","og_locale":"fr_FR","og_type":"article","og_title":"[Sport E.Leclerc Acad\u00e9mie] Les jeunes de la section sportive sensibilis\u00e9s \u00e0 l'arbitrage &#8226; FOOTBALL CLUB GUEUGNON","og_description":"Ce mercredi, les \u00e9l\u00e8ves de la section sportive lyc\u00e9e ont eu l&rsquo;occasion de s&rsquo;initier \u00e0 l&rsquo;arbitrage gr\u00e2ce \u00e0 une intervention d&rsquo;Alexis Guillon, arbitre officiant en National 2. Les jeunes de la section sportive ont eu l&rsquo;occasion d&rsquo;endosser le r\u00f4le d&rsquo;un arbitre lors d&rsquo;une opposition sur le terrain. L&rsquo;objectif de cette premi\u00e8re animation \u00e9tait d&rsquo;inculquer aux ... Lire la suite","og_url":"https:\/\/www.fcgueugnon.fr\/site\/sport-e-leclerc-academie-les-jeunes-de-la-section-sportive-sensibilises-a-larbitrage\/7699","og_site_name":"FOOTBALL CLUB GUEUGNON","article_publisher":"http:\/\/facebook.com\/FCGueugnon","article_published_time":"2023-12-14T17:55:00+00:00","og_image":[{"width":1024,"height":682,"url":"https:\/\/www.fcgueugnon.fr\/site\/wp-content\/uploads\/2023\/12\/ARBITRAGE-1-1024x682.png","type":"image\/png"}],"author":"FC Gueugnon","twitter_card":"summary_large_image","twitter_creator":"@FCGueugnon_off","twitter_site":"@FCGueugnon_off","twitter_misc":{"\u00c9crit par":"FC Gueugnon","Dur\u00e9e de lecture estim\u00e9e":"4 minutes"},"schema":{"@context":"https:\/\/schema.org","@graph":[{"@type":"Article","@id":"https:\/\/www.fcgueugnon.fr\/site\/sport-e-leclerc-academie-les-jeunes-de-la-section-sportive-sensibilises-a-larbitrage\/7699#article","isPartOf":{"@id":"https:\/\/www.fcgueugnon.fr\/site\/sport-e-leclerc-academie-les-jeunes-de-la-section-sportive-sensibilises-a-larbitrage\/7699"},"author":{"name":"FC Gueugnon","@id":"https:\/\/www.fcgueugnon.fr\/site\/#\/schema\/person\/829630bfb5d6f3ebe4d296b75687c01a"},"headline":"[Sport E.Leclerc Acad\u00e9mie] Les jeunes de la section sportive sensibilis\u00e9s \u00e0 l&rsquo;arbitrage","datePublished":"2023-12-14T17:55:00+00:00","mainEntityOfPage":{"@id":"https:\/\/www.fcgueugnon.fr\/site\/sport-e-leclerc-academie-les-jeunes-de-la-section-sportive-sensibilises-a-larbitrage\/7699"},"wordCount":327,"publisher":{"@id":"https:\/\/www.fcgueugnon.fr\/site\/#organization"},"image":{"@id":"https:\/\/www.fcgueugnon.fr\/site\/sport-e-leclerc-academie-les-jeunes-de-la-section-sportive-sensibilises-a-larbitrage\/7699#primaryimage"},"thumbnailUrl":"https:\/\/www.fcgueugnon.fr\/site\/wp-content\/uploads\/2023\/12\/ARBITRAGE-1.png","keywords":["Programme Educatif F\u00e9d\u00e9ral","Sport E.Leclerc Acad\u00e9mie : Jeunes \/ Formation"],"articleSection":["News","News 2023\/2024"],"inLanguage":"fr-FR"},{"@type":"WebPage","@id":"https:\/\/www.fcgueugnon.fr\/site\/sport-e-leclerc-academie-les-jeunes-de-la-section-sportive-sensibilises-a-larbitrage\/7699","url":"https:\/\/www.fcgueugnon.fr\/site\/sport-e-leclerc-academie-les-jeunes-de-la-section-sportive-sensibilises-a-larbitrage\/7699","name":"[Sport E.Leclerc Acad\u00e9mie] Les jeunes de la section sportive sensibilis\u00e9s \u00e0 l'arbitrage &#8226; FOOTBALL CLUB GUEUGNON","isPartOf":{"@id":"https:\/\/www.fcgueugnon.fr\/site\/#website"},"primaryImageOfPage":{"@id":"https:\/\/www.fcgueugnon.fr\/site\/sport-e-leclerc-academie-les-jeunes-de-la-section-sportive-sensibilises-a-larbitrage\/7699#primaryimage"},"image":{"@id":"https:\/\/www.fcgueugnon.fr\/site\/sport-e-leclerc-academie-les-jeunes-de-la-section-sportive-sensibilises-a-larbitrage\/7699#primaryimage"},"thumbnailUrl":"https:\/\/www.fcgueugnon.fr\/site\/wp-content\/uploads\/2023\/12\/ARBITRAGE-1.png","datePublished":"2023-12-14T17:55:00+00:00","breadcrumb":{"@id":"https:\/\/www.fcgueugnon.fr\/site\/sport-e-leclerc-academie-les-jeunes-de-la-section-sportive-sensibilises-a-larbitrage\/7699#breadcrumb"},"inLanguage":"fr-FR","potentialAction":[{"@type":"ReadAction","target":["https:\/\/www.fcgueugnon.fr\/site\/sport-e-leclerc-academie-les-jeunes-de-la-section-sportive-sensibilises-a-larbitrage\/7699"]}]},{"@type":"ImageObject","inLanguage":"fr-FR","@id":"https:\/\/www.fcgueugnon.fr\/site\/sport-e-leclerc-academie-les-jeunes-de-la-section-sportive-sensibilises-a-larbitrage\/7699#primaryimage","url":"https:\/\/www.fcgueugnon.fr\/site\/wp-content\/uploads\/2023\/12\/ARBITRAGE-1.png","contentUrl":"https:\/\/www.fcgueugnon.fr\/site\/wp-content\/uploads\/2023\/12\/ARBITRAGE-1.png","width":1772,"height":1181},{"@type":"BreadcrumbList","@id":"https:\/\/www.fcgueugnon.fr\/site\/sport-e-leclerc-academie-les-jeunes-de-la-section-sportive-sensibilises-a-larbitrage\/7699#breadcrumb","itemListElement":[{"@type":"ListItem","position":1,"name":"Accueil","item":"https:\/\/www.fcgueugnon.fr\/site\/"},{"@type":"ListItem","position":2,"name":"[Sport E.Leclerc Acad\u00e9mie] Les jeunes de la section sportive sensibilis\u00e9s \u00e0 l&#8217;arbitrage"}]},{"@type":"WebSite","@id":"https:\/\/www.fcgueugnon.fr\/site\/#website","url":"https:\/\/www.fcgueugnon.fr\/site\/","name":"FOOTBALL CLUB GUEUGNON","description":"Le Site Officiel des Forgerons","publisher":{"@id":"https:\/\/www.fcgueugnon.fr\/site\/#organization"},"potentialAction":[{"@type":"SearchAction","target":{"@type":"EntryPoint","urlTemplate":"https:\/\/www.fcgueugnon.fr\/site\/?s={search_term_string}"},"query-input":{"@type":"PropertyValueSpecification","valueRequired":true,"valueName":"search_term_string"}}],"inLanguage":"fr-FR"},{"@type":"Organization","@id":"https:\/\/www.fcgueugnon.fr\/site\/#organization","name":"FC Gueugnon","url":"https:\/\/www.fcgueugnon.fr\/site\/","logo":{"@type":"ImageObject","inLanguage":"fr-FR","@id":"https:\/\/www.fcgueugnon.fr\/site\/#\/schema\/logo\/image\/","url":"https:\/\/www.fcgueugnon.fr\/site\/wp-content\/uploads\/2022\/07\/cropped-Logo-FCGUEUGNON-low-350x350-1.png","contentUrl":"https:\/\/www.fcgueugnon.fr\/site\/wp-content\/uploads\/2022\/07\/cropped-Logo-FCGUEUGNON-low-350x350-1.png","width":350,"height":350,"caption":"FC Gueugnon"},"image":{"@id":"https:\/\/www.fcgueugnon.fr\/site\/#\/schema\/logo\/image\/"},"sameAs":["http:\/\/facebook.com\/FCGueugnon","https:\/\/x.com\/FCGueugnon_off","https:\/\/www.instagram.com\/fcgueugnon\/","https:\/\/www.linkedin.com\/company\/football-club-de-gueugnon\/","https:\/\/www.youtube.com\/user\/FCGueugnonnais","https:\/\/fr.wikipedia.org\/wiki\/Football_Club_de_Gueugnon"]},{"@type":"Person","@id":"https:\/\/www.fcgueugnon.fr\/site\/#\/schema\/person\/829630bfb5d6f3ebe4d296b75687c01a","name":"FC Gueugnon","url":"https:\/\/www.fcgueugnon.fr\/site\/author\/g-avin1"}]}},"rttpg_featured_image_url":{"full":["https:\/\/www.fcgueugnon.fr\/site\/wp-content\/uploads\/2023\/12\/ARBITRAGE-1.png",1772,1181,false],"landscape":["https:\/\/www.fcgueugnon.fr\/site\/wp-content\/uploads\/2023\/12\/ARBITRAGE-1.png",1772,1181,false],"portraits":["https:\/\/www.fcgueugnon.fr\/site\/wp-content\/uploads\/2023\/12\/ARBITRAGE-1.png",1772,1181,false],"thumbnail":["https:\/\/www.fcgueugnon.fr\/site\/wp-content\/uploads\/2023\/12\/ARBITRAGE-1-150x150.png",150,150,true],"medium":["https:\/\/www.fcgueugnon.fr\/site\/wp-content\/uploads\/2023\/12\/ARBITRAGE-1-400x267.png",400,267,true],"large":["https:\/\/www.fcgueugnon.fr\/site\/wp-content\/uploads\/2023\/12\/ARBITRAGE-1-1024x682.png",1024,682,true],"1536x1536":["https:\/\/www.fcgueugnon.fr\/site\/wp-content\/uploads\/2023\/12\/ARBITRAGE-1-1536x1024.png",1536,1024,true],"2048x2048":["https:\/\/www.fcgueugnon.fr\/site\/wp-content\/uploads\/2023\/12\/ARBITRAGE-1.png",1772,1181,false]},"rttpg_author":{"display_name":"FC Gueugnon","author_link":"https:\/\/www.fcgueugnon.fr\/site\/author\/g-avin1"},"rttpg_comment":0,"rttpg_category":"<a href=\"https:\/\/www.fcgueugnon.fr\/site\/category\/news\" rel=\"category tag\">News<\/a> <a href=\"https:\/\/www.fcgueugnon.fr\/site\/category\/news\/news-2023-2024\" rel=\"category tag\">News 2023\/2024<\/a>","rttpg_excerpt":"Ce mercredi, les \u00e9l\u00e8ves de la section sportive lyc\u00e9e ont eu l&rsquo;occasion de s&rsquo;initier \u00e0 l&rsquo;arbitrage gr\u00e2ce \u00e0 une intervention d&rsquo;Alexis Guillon, arbitre officiant en National 2. Les jeunes de la section sportive ont eu l&rsquo;occasion d&rsquo;endosser le r\u00f4le d&rsquo;un arbitre lors d&rsquo;une opposition sur le terrain. L&rsquo;objectif de cette premi\u00e8re animation \u00e9tait d&rsquo;inculquer aux\u2026","_links":{"self":[{"href":"https:\/\/www.fcgueugnon.fr\/site\/wp-json\/wp\/v2\/posts\/7699","targetHints":{"allow":["GET"]}}],"collection":[{"href":"https:\/\/www.fcgueugnon.fr\/site\/wp-json\/wp\/v2\/posts"}],"about":[{"href":"https:\/\/www.fcgueugnon.fr\/site\/wp-json\/wp\/v2\/types\/post"}],"author":[{"embeddable":true,"href":"https:\/\/www.fcgueugnon.fr\/site\/wp-json\/wp\/v2\/users\/3"}],"replies":[{"embeddable":true,"href":"https:\/\/www.fcgueugnon.fr\/site\/wp-json\/wp\/v2\/comments?post=7699"}],"version-history":[{"count":3,"href":"https:\/\/www.fcgueugnon.fr\/site\/wp-json\/wp\/v2\/posts\/7699\/revisions"}],"predecessor-version":[{"id":7712,"href":"https:\/\/www.fcgueugnon.fr\/site\/wp-json\/wp\/v2\/posts\/7699\/revisions\/7712"}],"wp:featuredmedia":[{"embeddable":true,"href":"https:\/\/www.fcgueugnon.fr\/site\/wp-json\/wp\/v2\/media\/7709"}],"wp:attachment":[{"href":"https:\/\/www.fcgueugnon.fr\/site\/wp-json\/wp\/v2\/media?parent=7699"}],"wp:term":[{"taxonomy":"category","embeddable":true,"href":"https:\/\/www.fcgueugnon.fr\/site\/wp-json\/wp\/v2\/categories?post=7699"},{"taxonomy":"post_tag","embeddable":true,"href":"https:\/\/www.fcgueugnon.fr\/site\/wp-json\/wp\/v2\/tags?post=7699"}],"curies":[{"name":"wp","href":"https:\/\/api.w.org\/{rel}","templated":true}]}}