{"id":7633,"date":"2023-12-11T14:30:46","date_gmt":"2023-12-11T13:30:46","guid":{"rendered":"https:\/\/www.fcgueugnon.fr\/site\/?p=7633"},"modified":"2024-05-09T09:01:56","modified_gmt":"2024-05-09T07:01:56","slug":"n3-j11-jura-dolois-fc-gueugnon-resultat-reactions-et-resume","status":"publish","type":"post","link":"https:\/\/www.fcgueugnon.fr\/site\/n3-j11-jura-dolois-fc-gueugnon-resultat-reactions-et-resume\/7633","title":{"rendered":"[N3 J11 : Jura Dolois \u2013 FC Gueugnon] R\u00e9sultat, r\u00e9actions et r\u00e9sum\u00e9"},"content":{"rendered":"\n<h2 class=\"wp-block-heading\"><strong>L&rsquo;\u00e9galisation \u00e9chappe \u00e0 nos forgerons dans cette rencontre intense face au JDF !<\/strong><\/h2>\n\n\n\n<div style=\"height:30px\" aria-hidden=\"true\" class=\"wp-block-spacer\"><\/div>\n\n\n<div class=\"wp-block-image\">\n<figure class=\"aligncenter size-large is-resized\"><img loading=\"lazy\" decoding=\"async\" width=\"819\" height=\"1024\" src=\"https:\/\/www.fcgueugnon.fr\/site\/wp-content\/uploads\/2023\/12\/JDF-FCG-1-819x1024.jpg\" alt=\"\" class=\"wp-image-7652\" style=\"width:513px;height:auto\" srcset=\"https:\/\/www.fcgueugnon.fr\/site\/wp-content\/uploads\/2023\/12\/JDF-FCG-1-819x1024.jpg 819w, https:\/\/www.fcgueugnon.fr\/site\/wp-content\/uploads\/2023\/12\/JDF-FCG-1-320x400.jpg 320w, https:\/\/www.fcgueugnon.fr\/site\/wp-content\/uploads\/2023\/12\/JDF-FCG-1-768x960.jpg 768w, https:\/\/www.fcgueugnon.fr\/site\/wp-content\/uploads\/2023\/12\/JDF-FCG-1-1229x1536.jpg 1229w, https:\/\/www.fcgueugnon.fr\/site\/wp-content\/uploads\/2023\/12\/JDF-FCG-1-1320x1650.jpg 1320w, https:\/\/www.fcgueugnon.fr\/site\/wp-content\/uploads\/2023\/12\/JDF-FCG-1-600x750.jpg 600w, https:\/\/www.fcgueugnon.fr\/site\/wp-content\/uploads\/2023\/12\/JDF-FCG-1.jpg 1440w\" sizes=\"auto, (max-width: 819px) 100vw, 819px\" \/><figcaption class=\"wp-element-caption\"><em>Cr\u00e9dit photo : Jura Dolois Football<\/em><\/figcaption><\/figure>\n<\/div>\n\n\n<div style=\"height:13px\" aria-hidden=\"true\" class=\"wp-block-spacer\"><\/div>\n\n\n\n<p>Apr\u00e8s une belle victoire \u00e0 Jean Laville face \u00e0 l&rsquo;\u00e9quipe de Cosne le week-end dernier<strong> <\/strong>(<strong><a href=\"https:\/\/www.fcgueugnon.fr\/site\/n3-j10-fc-gueugnon-ucs-cosne-resultat-reactions-et-resume\/7512\">voir le r\u00e9sum\u00e9 d&rsquo;apr\u00e8s match<\/a><\/strong>), nos forgerons ont retrouv\u00e9 le haut du tableau dans ce championnat tr\u00e8s resserr\u00e9. Ce vendredi, nos Jaune et Bleu se sont rendus au stade Robert Robin pour un duel face \u00e0 une \u00e9quipe de Dole qui occupe la 3e place, \u00e0 \u00e9galit\u00e9 de points, mais avec un match en retard.<\/p>\n\n\n\n<p>La premi\u00e8re p\u00e9riode du match d\u00e9bute avec une <strong>forte pression des locaux,<\/strong> se montrant dangereux d\u00e8s les premi\u00e8res minutes. Malgr\u00e9 l&rsquo;intensit\u00e9 affich\u00e9e par le Jura Dolois Foot, l&rsquo;\u00e9quilibre s&rsquo;installe, et c&rsquo;est<strong> nos forgerons qui ouvrent le score avec un but de Fraty Miezi Kembolo (0-1 ; 17\u2019)<\/strong>. <strong>Les locaux ripostent \u00e0 la 28e minute en \u00e9galisant d&rsquo;une frappe en pleine lucarne (1-1)<\/strong>. Les Dolois persistent, mais la d\u00e9fense de Gueugnon veille. La premi\u00e8re mi-temps se conclut par <strong>un corner pour le JDF, bien capt\u00e9 par notre gardien Njock<\/strong>. Malgr\u00e9 l&rsquo;\u00e9quilibre retrouv\u00e9 en fin de p\u00e9riode, le match reste intense. La mi-temps est siffl\u00e9e sur un score de parit\u00e9.<\/p>\n\n\n\n<p>Au retour des vestiaires, <strong>les locaux renforcent leur avance en profitant d\u2019une erreur de relance, portant le score \u00e0 2-1 (50&prime;).<\/strong> Le jeu se concentre au centre du terrain, et les deux \u00e9quipes peinent \u00e0 percer la surface adverse. Malgr\u00e9 un corner <strong>bien ex\u00e9cut\u00e9 par les Dolois<\/strong>, la d\u00e9fense Gueugnonnaise repousse efficacement la menace. <strong>Notre gardien, Njock, se distingue avec un superbe arr\u00eat sur un centre du JDF<\/strong>. Malgr\u00e9 l&rsquo;\u00e9quilibre du match, nos forgerons peinent \u00e0 trouver le chemin des filets, avec deux occasions de corners qui restent sans r\u00e9sultat. Alors qu&rsquo;il ne reste que 5 minutes \u00e0 jouer, nos Jaune et Bleu redoublent d&rsquo;efforts pour tenter de r\u00e9duire l&rsquo;\u00e9cart, mais le coup de sifflet final retentit, scellant la victoire du JDF.<\/p>\n\n\n\n<p>Nous vous donnons rendez-vous samedi 16 D\u00e9cembre au stade Jean Laville, pour la 12e journ\u00e9e de championnat face \u00e0 l\u2019\u00e9quipe de Moulins Yzeure Foot.\u00a0<\/p>\n\n\n\n<div style=\"height:76px\" aria-hidden=\"true\" class=\"wp-block-spacer\"><\/div>\n\n\n\n<h2 class=\"wp-block-heading\">R\u00e9action<\/h2>\n\n\n\n<div class=\"wp-block-media-text has-media-on-the-right is-stacked-on-mobile is-vertically-aligned-center is-image-fill\" style=\"grid-template-columns:auto 48%\"><div class=\"wp-block-media-text__content\">\n<p><strong>Jason Luanda, capitaine :<\/strong><\/p>\n\n\n\n<p><em>\u00abAujourd&rsquo;hui, nous n&rsquo;avons pas fait attention \u00e0 ces petits d\u00e9tails qui font la diff\u00e9rence, mais nous devons faire mieux. Nous n&rsquo;avons pas le choix, il nous faut un tr\u00e8s bon r\u00e9sultat \u00e0 domicile pour bien finir l&rsquo;ann\u00e9e. Il faudra vite se remettre au travail.\u00bb<\/em><\/p>\n\n\n\n<div style=\"height:10px\" aria-hidden=\"true\" class=\"wp-block-spacer\"><\/div>\n\n\n\n<p><em><sub>R\u00e9actions compl\u00e8tes \u00e0 retrouver ce mercredi \u00e0 10:15 et \u00e0 18:30 en direct sur Radio Cactus (FM 92.2) et jeudi en podcast sur notre site officiel !<\/sub><\/em><\/p>\n<\/div><figure class=\"wp-block-media-text__media\" style=\"background-image:url(https:\/\/www.fcgueugnon.fr\/site\/wp-content\/uploads\/2023\/12\/04I3314-1024x683.jpg);background-position:50% 50%\"><img loading=\"lazy\" decoding=\"async\" width=\"1024\" height=\"683\" src=\"https:\/\/www.fcgueugnon.fr\/site\/wp-content\/uploads\/2023\/12\/04I3314-1024x683.jpg\" alt=\"\" class=\"wp-image-7528 size-full\" srcset=\"https:\/\/www.fcgueugnon.fr\/site\/wp-content\/uploads\/2023\/12\/04I3314-1024x683.jpg 1024w, https:\/\/www.fcgueugnon.fr\/site\/wp-content\/uploads\/2023\/12\/04I3314-400x267.jpg 400w, https:\/\/www.fcgueugnon.fr\/site\/wp-content\/uploads\/2023\/12\/04I3314-768x512.jpg 768w, https:\/\/www.fcgueugnon.fr\/site\/wp-content\/uploads\/2023\/12\/04I3314-1536x1024.jpg 1536w, https:\/\/www.fcgueugnon.fr\/site\/wp-content\/uploads\/2023\/12\/04I3314-2048x1365.jpg 2048w, https:\/\/www.fcgueugnon.fr\/site\/wp-content\/uploads\/2023\/12\/04I3314-1320x880.jpg 1320w, https:\/\/www.fcgueugnon.fr\/site\/wp-content\/uploads\/2023\/12\/04I3314-600x400.jpg 600w\" sizes=\"auto, (max-width: 1024px) 100vw, 1024px\" \/><\/figure><\/div>\n\n\n\n<div style=\"height:15px\" aria-hidden=\"true\" class=\"wp-block-spacer\"><\/div>\n\n\n\n<hr class=\"wp-block-separator has-text-color has-css-opacity has-background\" style=\"background-color:#f7db4a;color:#f7db4a\"\/>\n\n\n\n<h3 class=\"wp-block-heading has-text-align-center\"><strong>\u2139 Prochains matchs :<\/strong> <br>&#8211; Samedi 16\/12 : FC Gueugnon \/ Moulins Yzeure Foot <br>&#8211; Samedi 13\/01 : FC Vesoul \/ FC Gueugnon<\/h3>\n\n\n\n<hr class=\"wp-block-separator has-text-color has-css-opacity has-background\" style=\"background-color:#f7db4a;color:#f7db4a\"\/>\n\n\n\n<h3 class=\"wp-block-heading\">\u26bd <strong>Score final<\/strong><\/h3>\n\n\n\n<p><strong>STADE ROBERT BOBIN<br><\/strong>Jura Dolois 2-1 FC Gueugnon<br>But FC Gueugnon : Fraty Miezi Kembolo (17&prime;)<br>Buts Jura Dolois : Wilfried Misiak (27&prime; ; 50&prime;)<\/p>\n\n\n\n<p><strong>Les officiels<\/strong><\/p>\n\n\n\n<p>Arbitre centre : ROMAIN GARNIER&nbsp;<br>Arbitre assistant 1 : CEDRIC JUNG&nbsp;<br>Arbitre assistant 2 : YOHAN HUOT MARCHAND&nbsp;<br>D\u00e9l\u00e9gu\u00e9 principal : THOMAS MONNET<\/p>\n\n\n\n<div style=\"height:20px\" aria-hidden=\"true\" class=\"wp-block-spacer\"><\/div>\n\n\n\n<p>\ud83d\udfe1\ud83d\udd35&nbsp;<strong>Composition d\u2019\u00e9quipe<\/strong><\/p>\n\n\n\n<p>Njock,&nbsp;Helal, Chauvet,&nbsp;Boudjemaa, Ciss\u00e9, Mohamed, Luanda \u00a9, Diallo (Clerval 76&prime;) ,&nbsp;Miezi-Kembolo (Bouekou 83&prime;),&nbsp;Gnahor\u00e9, Dram\u00e9 (Diomand\u00e9 76&prime;).&nbsp;<br>Rempla\u00e7ants :&nbsp;Delclaux, Diomand\u00e9,&nbsp;Bouekou, Clerval,&nbsp;Figueira.&nbsp;<\/p>\n\n\n\n<p>Entra\u00eeneur : Philippe Correia \/ Adjoint :&nbsp;Bakeba&nbsp;Bayo.<\/p>\n\n\n\n<div style=\"height:38px\" aria-hidden=\"true\" class=\"wp-block-spacer\"><\/div>\n\n\n\n<h3 class=\"wp-block-heading\">\ud83d\udd0d <strong>Plus d&rsquo;articles <\/strong><\/h3>\n\n\n\n<blockquote class=\"wp-block-quote is-layout-flow wp-block-quote-is-layout-flow\">\n<p><span style=\"line-height: 1.5;\">\u25ba <\/span><a href=\"https:\/\/www.fcgueugnon.fr\/site\/n3-j11-jura-dolois-fc-gueugnon-suivez-le-match-en-live\/7501\"><span style=\"line-height: 1.5;\">Revivre le li<\/span>ve<\/a><\/p>\n<\/blockquote>\n\n\n\n<div style=\"height:8px\" aria-hidden=\"true\" class=\"wp-block-spacer\"><\/div>\n\n\n\n<h3 class=\"wp-block-heading\"><strong>\ud83d\uddd3&nbsp;&nbsp;Au programme de cette 11\u00e8me journ\u00e9e de National 3 : &nbsp;<\/strong><\/h3>\n\n\n\n<p style=\"text-decoration:underline\">Mercredi 06 D\u00e9cembre&nbsp;<\/p>\n\n\n\n<p><em>20:00 : Besan\u00e7on Foot &#8211; ASPTT Dijon (J09 en retard)<\/em>&nbsp;: <strong>1-1<\/strong><\/p>\n\n\n\n<p style=\"text-decoration:underline\">Vendredi 08 D\u00e9cembre&nbsp;<\/p>\n\n\n\n<p><strong>19:00 : Jura Dolois &#8211; FC Gueugnon<\/strong>&nbsp;: <strong>2-1<\/strong><\/p>\n\n\n\n<p style=\"text-decoration:underline\">Samedi 09 D\u00e9cembre&nbsp;<\/p>\n\n\n\n<p>18:00 : Louhans-Cuiseaux &#8211; ASPTT Dijon&nbsp;: <strong>report\u00e9<\/strong><br>18:00 : Is-Selongey &#8211; Besan\u00e7on Foot&nbsp;: <strong>0-4<\/strong><br>18:00 : FC Vesoul &#8211; Rumilly-Valli\u00e8res&nbsp;: <strong>1-5<\/strong><br>18:30 : Moulins-Yzeure &#8211; CA Pontarlier&nbsp;: <strong>report\u00e9<\/strong><br>19:00 : Chapelle de&nbsp;Guinchay&nbsp;&#8211; Dijon FCO B : <strong>2-2<\/strong><\/p>\n\n\n\n<p><\/p>\n\n\n\n<p>\u25ba <a href=\"https:\/\/www.fcgueugnon.fr\/site\/calendrier-seniors-a-national-3-bourgogne-franche-comte\">Calendrier<\/a><\/p>\n\n\n\n<p>\u25ba <a href=\"https:\/\/www.fcgueugnon.fr\/site\/classement-national-3-bourgogne-franche-comte\">Classement<\/a><\/p>\n","protected":false},"excerpt":{"rendered":"<p>L&rsquo;\u00e9galisation \u00e9chappe \u00e0 nos forgerons dans cette rencontre intense face au JDF ! Apr\u00e8s une belle victoire \u00e0 Jean Laville face \u00e0 l&rsquo;\u00e9quipe de Cosne le week-end dernier (voir le r\u00e9sum\u00e9 d&rsquo;apr\u00e8s match), nos forgerons ont retrouv\u00e9 le haut du tableau dans ce championnat tr\u00e8s resserr\u00e9. Ce vendredi, nos Jaune et Bleu se sont rendus &#8230; <\/p>\n<p class=\"read-more-container\"><a title=\"[N3 J11 : Jura Dolois \u2013 FC Gueugnon] R\u00e9sultat, r\u00e9actions et r\u00e9sum\u00e9\" class=\"read-more button\" href=\"https:\/\/www.fcgueugnon.fr\/site\/n3-j11-jura-dolois-fc-gueugnon-resultat-reactions-et-resume\/7633#more-7633\" aria-label=\"Plus sur [N3 J11 : Jura Dolois \u2013 FC Gueugnon] R\u00e9sultat, r\u00e9actions et r\u00e9sum\u00e9\">Lire la suite<\/a><\/p>\n","protected":false},"author":4,"featured_media":7652,"comment_status":"closed","ping_status":"closed","sticky":true,"template":"","format":"standard","meta":{"footnotes":""},"categories":[4,55],"tags":[27,31],"class_list":["post-7633","post","type-post","status-publish","format-standard","has-post-thumbnail","hentry","category-news","category-news-2023-2024","tag-resultat","tag-video","infinite-scroll-item","generate-columns","tablet-grid-50","mobile-grid-100","grid-parent","grid-25","resize-featured-image"],"yoast_head":"<!-- This site is optimized with the Yoast SEO plugin v26.6 - https:\/\/yoast.com\/wordpress\/plugins\/seo\/ -->\n<title>[N3 J11 : Jura Dolois \u2013 FC Gueugnon] R\u00e9sultat, r\u00e9actions et r\u00e9sum\u00e9 &#8226; FOOTBALL CLUB GUEUGNON<\/title>\n<meta name=\"robots\" content=\"index, follow, max-snippet:-1, max-image-preview:large, max-video-preview:-1\" \/>\n<link rel=\"canonical\" href=\"https:\/\/www.fcgueugnon.fr\/site\/n3-j11-jura-dolois-fc-gueugnon-resultat-reactions-et-resume\/7633\" \/>\n<meta property=\"og:locale\" content=\"fr_FR\" \/>\n<meta property=\"og:type\" content=\"article\" \/>\n<meta property=\"og:title\" content=\"[N3 J11 : Jura Dolois \u2013 FC Gueugnon] R\u00e9sultat, r\u00e9actions et r\u00e9sum\u00e9 &#8226; FOOTBALL CLUB GUEUGNON\" \/>\n<meta property=\"og:description\" content=\"L&rsquo;\u00e9galisation \u00e9chappe \u00e0 nos forgerons dans cette rencontre intense face au JDF ! Apr\u00e8s une belle victoire \u00e0 Jean Laville face \u00e0 l&rsquo;\u00e9quipe de Cosne le week-end dernier (voir le r\u00e9sum\u00e9 d&rsquo;apr\u00e8s match), nos forgerons ont retrouv\u00e9 le haut du tableau dans ce championnat tr\u00e8s resserr\u00e9. Ce vendredi, nos Jaune et Bleu se sont rendus ... Lire la suite\" \/>\n<meta property=\"og:url\" content=\"https:\/\/www.fcgueugnon.fr\/site\/n3-j11-jura-dolois-fc-gueugnon-resultat-reactions-et-resume\/7633\" \/>\n<meta property=\"og:site_name\" content=\"FOOTBALL CLUB GUEUGNON\" \/>\n<meta property=\"article:publisher\" content=\"http:\/\/facebook.com\/FCGueugnon\" \/>\n<meta property=\"article:published_time\" content=\"2023-12-11T13:30:46+00:00\" \/>\n<meta property=\"article:modified_time\" content=\"2024-05-09T07:01:56+00:00\" \/>\n<meta property=\"og:image\" content=\"https:\/\/www.fcgueugnon.fr\/site\/wp-content\/uploads\/2023\/12\/JDF-FCG-1.jpg\" \/>\n\t<meta property=\"og:image:width\" content=\"1440\" \/>\n\t<meta property=\"og:image:height\" content=\"1800\" \/>\n\t<meta property=\"og:image:type\" content=\"image\/jpeg\" \/>\n<meta name=\"author\" content=\"FC Gueugnon\" \/>\n<meta name=\"twitter:card\" content=\"summary_large_image\" \/>\n<meta name=\"twitter:creator\" content=\"@FCGueugnon_off\" \/>\n<meta name=\"twitter:site\" content=\"@FCGueugnon_off\" \/>\n<meta name=\"twitter:label1\" content=\"\u00c9crit par\" \/>\n\t<meta name=\"twitter:data1\" content=\"FC Gueugnon\" \/>\n\t<meta name=\"twitter:label2\" content=\"Dur\u00e9e de lecture estim\u00e9e\" \/>\n\t<meta name=\"twitter:data2\" content=\"4 minutes\" \/>\n<script type=\"application\/ld+json\" class=\"yoast-schema-graph\">{\"@context\":\"https:\/\/schema.org\",\"@graph\":[{\"@type\":\"Article\",\"@id\":\"https:\/\/www.fcgueugnon.fr\/site\/n3-j11-jura-dolois-fc-gueugnon-resultat-reactions-et-resume\/7633#article\",\"isPartOf\":{\"@id\":\"https:\/\/www.fcgueugnon.fr\/site\/n3-j11-jura-dolois-fc-gueugnon-resultat-reactions-et-resume\/7633\"},\"author\":{\"name\":\"FC Gueugnon\",\"@id\":\"https:\/\/www.fcgueugnon.fr\/site\/#\/schema\/person\/6b88acb9354d23e86675fc81c54ed359\"},\"headline\":\"[N3 J11 : Jura Dolois \u2013 FC Gueugnon] R\u00e9sultat, r\u00e9actions et r\u00e9sum\u00e9\",\"datePublished\":\"2023-12-11T13:30:46+00:00\",\"dateModified\":\"2024-05-09T07:01:56+00:00\",\"mainEntityOfPage\":{\"@id\":\"https:\/\/www.fcgueugnon.fr\/site\/n3-j11-jura-dolois-fc-gueugnon-resultat-reactions-et-resume\/7633\"},\"wordCount\":641,\"publisher\":{\"@id\":\"https:\/\/www.fcgueugnon.fr\/site\/#organization\"},\"image\":{\"@id\":\"https:\/\/www.fcgueugnon.fr\/site\/n3-j11-jura-dolois-fc-gueugnon-resultat-reactions-et-resume\/7633#primaryimage\"},\"thumbnailUrl\":\"https:\/\/www.fcgueugnon.fr\/site\/wp-content\/uploads\/2023\/12\/JDF-FCG-1.jpg\",\"keywords\":[\"R\u00e9sultat\",\"Vid\u00e9o\"],\"articleSection\":[\"News\",\"News 2023\/2024\"],\"inLanguage\":\"fr-FR\"},{\"@type\":\"WebPage\",\"@id\":\"https:\/\/www.fcgueugnon.fr\/site\/n3-j11-jura-dolois-fc-gueugnon-resultat-reactions-et-resume\/7633\",\"url\":\"https:\/\/www.fcgueugnon.fr\/site\/n3-j11-jura-dolois-fc-gueugnon-resultat-reactions-et-resume\/7633\",\"name\":\"[N3 J11 : Jura Dolois \u2013 FC Gueugnon] R\u00e9sultat, r\u00e9actions et r\u00e9sum\u00e9 &#8226; FOOTBALL CLUB GUEUGNON\",\"isPartOf\":{\"@id\":\"https:\/\/www.fcgueugnon.fr\/site\/#website\"},\"primaryImageOfPage\":{\"@id\":\"https:\/\/www.fcgueugnon.fr\/site\/n3-j11-jura-dolois-fc-gueugnon-resultat-reactions-et-resume\/7633#primaryimage\"},\"image\":{\"@id\":\"https:\/\/www.fcgueugnon.fr\/site\/n3-j11-jura-dolois-fc-gueugnon-resultat-reactions-et-resume\/7633#primaryimage\"},\"thumbnailUrl\":\"https:\/\/www.fcgueugnon.fr\/site\/wp-content\/uploads\/2023\/12\/JDF-FCG-1.jpg\",\"datePublished\":\"2023-12-11T13:30:46+00:00\",\"dateModified\":\"2024-05-09T07:01:56+00:00\",\"breadcrumb\":{\"@id\":\"https:\/\/www.fcgueugnon.fr\/site\/n3-j11-jura-dolois-fc-gueugnon-resultat-reactions-et-resume\/7633#breadcrumb\"},\"inLanguage\":\"fr-FR\",\"potentialAction\":[{\"@type\":\"ReadAction\",\"target\":[\"https:\/\/www.fcgueugnon.fr\/site\/n3-j11-jura-dolois-fc-gueugnon-resultat-reactions-et-resume\/7633\"]}]},{\"@type\":\"ImageObject\",\"inLanguage\":\"fr-FR\",\"@id\":\"https:\/\/www.fcgueugnon.fr\/site\/n3-j11-jura-dolois-fc-gueugnon-resultat-reactions-et-resume\/7633#primaryimage\",\"url\":\"https:\/\/www.fcgueugnon.fr\/site\/wp-content\/uploads\/2023\/12\/JDF-FCG-1.jpg\",\"contentUrl\":\"https:\/\/www.fcgueugnon.fr\/site\/wp-content\/uploads\/2023\/12\/JDF-FCG-1.jpg\",\"width\":1440,\"height\":1800},{\"@type\":\"BreadcrumbList\",\"@id\":\"https:\/\/www.fcgueugnon.fr\/site\/n3-j11-jura-dolois-fc-gueugnon-resultat-reactions-et-resume\/7633#breadcrumb\",\"itemListElement\":[{\"@type\":\"ListItem\",\"position\":1,\"name\":\"Accueil\",\"item\":\"https:\/\/www.fcgueugnon.fr\/site\/\"},{\"@type\":\"ListItem\",\"position\":2,\"name\":\"[N3 J11 : Jura Dolois \u2013 FC Gueugnon] R\u00e9sultat, r\u00e9actions et r\u00e9sum\u00e9\"}]},{\"@type\":\"WebSite\",\"@id\":\"https:\/\/www.fcgueugnon.fr\/site\/#website\",\"url\":\"https:\/\/www.fcgueugnon.fr\/site\/\",\"name\":\"FOOTBALL CLUB GUEUGNON\",\"description\":\"Le Site Officiel des Forgerons\",\"publisher\":{\"@id\":\"https:\/\/www.fcgueugnon.fr\/site\/#organization\"},\"potentialAction\":[{\"@type\":\"SearchAction\",\"target\":{\"@type\":\"EntryPoint\",\"urlTemplate\":\"https:\/\/www.fcgueugnon.fr\/site\/?s={search_term_string}\"},\"query-input\":{\"@type\":\"PropertyValueSpecification\",\"valueRequired\":true,\"valueName\":\"search_term_string\"}}],\"inLanguage\":\"fr-FR\"},{\"@type\":\"Organization\",\"@id\":\"https:\/\/www.fcgueugnon.fr\/site\/#organization\",\"name\":\"FC Gueugnon\",\"url\":\"https:\/\/www.fcgueugnon.fr\/site\/\",\"logo\":{\"@type\":\"ImageObject\",\"inLanguage\":\"fr-FR\",\"@id\":\"https:\/\/www.fcgueugnon.fr\/site\/#\/schema\/logo\/image\/\",\"url\":\"https:\/\/www.fcgueugnon.fr\/site\/wp-content\/uploads\/2022\/07\/cropped-Logo-FCGUEUGNON-low-350x350-1.png\",\"contentUrl\":\"https:\/\/www.fcgueugnon.fr\/site\/wp-content\/uploads\/2022\/07\/cropped-Logo-FCGUEUGNON-low-350x350-1.png\",\"width\":350,\"height\":350,\"caption\":\"FC Gueugnon\"},\"image\":{\"@id\":\"https:\/\/www.fcgueugnon.fr\/site\/#\/schema\/logo\/image\/\"},\"sameAs\":[\"http:\/\/facebook.com\/FCGueugnon\",\"https:\/\/x.com\/FCGueugnon_off\",\"https:\/\/www.instagram.com\/fcgueugnon\/\",\"https:\/\/www.linkedin.com\/company\/football-club-de-gueugnon\/\",\"https:\/\/www.youtube.com\/user\/FCGueugnonnais\",\"https:\/\/fr.wikipedia.org\/wiki\/Football_Club_de_Gueugnon\"]},{\"@type\":\"Person\",\"@id\":\"https:\/\/www.fcgueugnon.fr\/site\/#\/schema\/person\/6b88acb9354d23e86675fc81c54ed359\",\"name\":\"FC Gueugnon\",\"url\":\"https:\/\/www.fcgueugnon.fr\/site\/author\/man-antu\"}]}<\/script>\n<!-- \/ Yoast SEO plugin. -->","yoast_head_json":{"title":"[N3 J11 : Jura Dolois \u2013 FC Gueugnon] R\u00e9sultat, r\u00e9actions et r\u00e9sum\u00e9 &#8226; FOOTBALL CLUB GUEUGNON","robots":{"index":"index","follow":"follow","max-snippet":"max-snippet:-1","max-image-preview":"max-image-preview:large","max-video-preview":"max-video-preview:-1"},"canonical":"https:\/\/www.fcgueugnon.fr\/site\/n3-j11-jura-dolois-fc-gueugnon-resultat-reactions-et-resume\/7633","og_locale":"fr_FR","og_type":"article","og_title":"[N3 J11 : Jura Dolois \u2013 FC Gueugnon] R\u00e9sultat, r\u00e9actions et r\u00e9sum\u00e9 &#8226; FOOTBALL CLUB GUEUGNON","og_description":"L&rsquo;\u00e9galisation \u00e9chappe \u00e0 nos forgerons dans cette rencontre intense face au JDF ! Apr\u00e8s une belle victoire \u00e0 Jean Laville face \u00e0 l&rsquo;\u00e9quipe de Cosne le week-end dernier (voir le r\u00e9sum\u00e9 d&rsquo;apr\u00e8s match), nos forgerons ont retrouv\u00e9 le haut du tableau dans ce championnat tr\u00e8s resserr\u00e9. Ce vendredi, nos Jaune et Bleu se sont rendus ... Lire la suite","og_url":"https:\/\/www.fcgueugnon.fr\/site\/n3-j11-jura-dolois-fc-gueugnon-resultat-reactions-et-resume\/7633","og_site_name":"FOOTBALL CLUB GUEUGNON","article_publisher":"http:\/\/facebook.com\/FCGueugnon","article_published_time":"2023-12-11T13:30:46+00:00","article_modified_time":"2024-05-09T07:01:56+00:00","og_image":[{"width":1440,"height":1800,"url":"https:\/\/www.fcgueugnon.fr\/site\/wp-content\/uploads\/2023\/12\/JDF-FCG-1.jpg","type":"image\/jpeg"}],"author":"FC Gueugnon","twitter_card":"summary_large_image","twitter_creator":"@FCGueugnon_off","twitter_site":"@FCGueugnon_off","twitter_misc":{"\u00c9crit par":"FC Gueugnon","Dur\u00e9e de lecture estim\u00e9e":"4 minutes"},"schema":{"@context":"https:\/\/schema.org","@graph":[{"@type":"Article","@id":"https:\/\/www.fcgueugnon.fr\/site\/n3-j11-jura-dolois-fc-gueugnon-resultat-reactions-et-resume\/7633#article","isPartOf":{"@id":"https:\/\/www.fcgueugnon.fr\/site\/n3-j11-jura-dolois-fc-gueugnon-resultat-reactions-et-resume\/7633"},"author":{"name":"FC Gueugnon","@id":"https:\/\/www.fcgueugnon.fr\/site\/#\/schema\/person\/6b88acb9354d23e86675fc81c54ed359"},"headline":"[N3 J11 : Jura Dolois \u2013 FC Gueugnon] R\u00e9sultat, r\u00e9actions et r\u00e9sum\u00e9","datePublished":"2023-12-11T13:30:46+00:00","dateModified":"2024-05-09T07:01:56+00:00","mainEntityOfPage":{"@id":"https:\/\/www.fcgueugnon.fr\/site\/n3-j11-jura-dolois-fc-gueugnon-resultat-reactions-et-resume\/7633"},"wordCount":641,"publisher":{"@id":"https:\/\/www.fcgueugnon.fr\/site\/#organization"},"image":{"@id":"https:\/\/www.fcgueugnon.fr\/site\/n3-j11-jura-dolois-fc-gueugnon-resultat-reactions-et-resume\/7633#primaryimage"},"thumbnailUrl":"https:\/\/www.fcgueugnon.fr\/site\/wp-content\/uploads\/2023\/12\/JDF-FCG-1.jpg","keywords":["R\u00e9sultat","Vid\u00e9o"],"articleSection":["News","News 2023\/2024"],"inLanguage":"fr-FR"},{"@type":"WebPage","@id":"https:\/\/www.fcgueugnon.fr\/site\/n3-j11-jura-dolois-fc-gueugnon-resultat-reactions-et-resume\/7633","url":"https:\/\/www.fcgueugnon.fr\/site\/n3-j11-jura-dolois-fc-gueugnon-resultat-reactions-et-resume\/7633","name":"[N3 J11 : Jura Dolois \u2013 FC Gueugnon] R\u00e9sultat, r\u00e9actions et r\u00e9sum\u00e9 &#8226; FOOTBALL CLUB GUEUGNON","isPartOf":{"@id":"https:\/\/www.fcgueugnon.fr\/site\/#website"},"primaryImageOfPage":{"@id":"https:\/\/www.fcgueugnon.fr\/site\/n3-j11-jura-dolois-fc-gueugnon-resultat-reactions-et-resume\/7633#primaryimage"},"image":{"@id":"https:\/\/www.fcgueugnon.fr\/site\/n3-j11-jura-dolois-fc-gueugnon-resultat-reactions-et-resume\/7633#primaryimage"},"thumbnailUrl":"https:\/\/www.fcgueugnon.fr\/site\/wp-content\/uploads\/2023\/12\/JDF-FCG-1.jpg","datePublished":"2023-12-11T13:30:46+00:00","dateModified":"2024-05-09T07:01:56+00:00","breadcrumb":{"@id":"https:\/\/www.fcgueugnon.fr\/site\/n3-j11-jura-dolois-fc-gueugnon-resultat-reactions-et-resume\/7633#breadcrumb"},"inLanguage":"fr-FR","potentialAction":[{"@type":"ReadAction","target":["https:\/\/www.fcgueugnon.fr\/site\/n3-j11-jura-dolois-fc-gueugnon-resultat-reactions-et-resume\/7633"]}]},{"@type":"ImageObject","inLanguage":"fr-FR","@id":"https:\/\/www.fcgueugnon.fr\/site\/n3-j11-jura-dolois-fc-gueugnon-resultat-reactions-et-resume\/7633#primaryimage","url":"https:\/\/www.fcgueugnon.fr\/site\/wp-content\/uploads\/2023\/12\/JDF-FCG-1.jpg","contentUrl":"https:\/\/www.fcgueugnon.fr\/site\/wp-content\/uploads\/2023\/12\/JDF-FCG-1.jpg","width":1440,"height":1800},{"@type":"BreadcrumbList","@id":"https:\/\/www.fcgueugnon.fr\/site\/n3-j11-jura-dolois-fc-gueugnon-resultat-reactions-et-resume\/7633#breadcrumb","itemListElement":[{"@type":"ListItem","position":1,"name":"Accueil","item":"https:\/\/www.fcgueugnon.fr\/site\/"},{"@type":"ListItem","position":2,"name":"[N3 J11 : Jura Dolois \u2013 FC Gueugnon] R\u00e9sultat, r\u00e9actions et r\u00e9sum\u00e9"}]},{"@type":"WebSite","@id":"https:\/\/www.fcgueugnon.fr\/site\/#website","url":"https:\/\/www.fcgueugnon.fr\/site\/","name":"FOOTBALL CLUB GUEUGNON","description":"Le Site Officiel des Forgerons","publisher":{"@id":"https:\/\/www.fcgueugnon.fr\/site\/#organization"},"potentialAction":[{"@type":"SearchAction","target":{"@type":"EntryPoint","urlTemplate":"https:\/\/www.fcgueugnon.fr\/site\/?s={search_term_string}"},"query-input":{"@type":"PropertyValueSpecification","valueRequired":true,"valueName":"search_term_string"}}],"inLanguage":"fr-FR"},{"@type":"Organization","@id":"https:\/\/www.fcgueugnon.fr\/site\/#organization","name":"FC Gueugnon","url":"https:\/\/www.fcgueugnon.fr\/site\/","logo":{"@type":"ImageObject","inLanguage":"fr-FR","@id":"https:\/\/www.fcgueugnon.fr\/site\/#\/schema\/logo\/image\/","url":"https:\/\/www.fcgueugnon.fr\/site\/wp-content\/uploads\/2022\/07\/cropped-Logo-FCGUEUGNON-low-350x350-1.png","contentUrl":"https:\/\/www.fcgueugnon.fr\/site\/wp-content\/uploads\/2022\/07\/cropped-Logo-FCGUEUGNON-low-350x350-1.png","width":350,"height":350,"caption":"FC Gueugnon"},"image":{"@id":"https:\/\/www.fcgueugnon.fr\/site\/#\/schema\/logo\/image\/"},"sameAs":["http:\/\/facebook.com\/FCGueugnon","https:\/\/x.com\/FCGueugnon_off","https:\/\/www.instagram.com\/fcgueugnon\/","https:\/\/www.linkedin.com\/company\/football-club-de-gueugnon\/","https:\/\/www.youtube.com\/user\/FCGueugnonnais","https:\/\/fr.wikipedia.org\/wiki\/Football_Club_de_Gueugnon"]},{"@type":"Person","@id":"https:\/\/www.fcgueugnon.fr\/site\/#\/schema\/person\/6b88acb9354d23e86675fc81c54ed359","name":"FC Gueugnon","url":"https:\/\/www.fcgueugnon.fr\/site\/author\/man-antu"}]}},"rttpg_featured_image_url":{"full":["https:\/\/www.fcgueugnon.fr\/site\/wp-content\/uploads\/2023\/12\/JDF-FCG-1.jpg",1440,1800,false],"landscape":["https:\/\/www.fcgueugnon.fr\/site\/wp-content\/uploads\/2023\/12\/JDF-FCG-1.jpg",1440,1800,false],"portraits":["https:\/\/www.fcgueugnon.fr\/site\/wp-content\/uploads\/2023\/12\/JDF-FCG-1.jpg",1440,1800,false],"thumbnail":["https:\/\/www.fcgueugnon.fr\/site\/wp-content\/uploads\/2023\/12\/JDF-FCG-1-150x150.jpg",150,150,true],"medium":["https:\/\/www.fcgueugnon.fr\/site\/wp-content\/uploads\/2023\/12\/JDF-FCG-1-320x400.jpg",320,400,true],"large":["https:\/\/www.fcgueugnon.fr\/site\/wp-content\/uploads\/2023\/12\/JDF-FCG-1-819x1024.jpg",819,1024,true],"1536x1536":["https:\/\/www.fcgueugnon.fr\/site\/wp-content\/uploads\/2023\/12\/JDF-FCG-1-1229x1536.jpg",1229,1536,true],"2048x2048":["https:\/\/www.fcgueugnon.fr\/site\/wp-content\/uploads\/2023\/12\/JDF-FCG-1.jpg",1440,1800,false]},"rttpg_author":{"display_name":"FC Gueugnon","author_link":"https:\/\/www.fcgueugnon.fr\/site\/author\/man-antu"},"rttpg_comment":0,"rttpg_category":"<a href=\"https:\/\/www.fcgueugnon.fr\/site\/category\/news\" rel=\"category tag\">News<\/a> <a href=\"https:\/\/www.fcgueugnon.fr\/site\/category\/news\/news-2023-2024\" rel=\"category tag\">News 2023\/2024<\/a>","rttpg_excerpt":"L&rsquo;\u00e9galisation \u00e9chappe \u00e0 nos forgerons dans cette rencontre intense face au JDF ! Apr\u00e8s une belle victoire \u00e0 Jean Laville face \u00e0 l&rsquo;\u00e9quipe de Cosne le week-end dernier (voir le r\u00e9sum\u00e9 d&rsquo;apr\u00e8s match), nos forgerons ont retrouv\u00e9 le haut du tableau dans ce championnat tr\u00e8s resserr\u00e9. Ce vendredi, nos Jaune et Bleu se sont rendus\u2026","_links":{"self":[{"href":"https:\/\/www.fcgueugnon.fr\/site\/wp-json\/wp\/v2\/posts\/7633","targetHints":{"allow":["GET"]}}],"collection":[{"href":"https:\/\/www.fcgueugnon.fr\/site\/wp-json\/wp\/v2\/posts"}],"about":[{"href":"https:\/\/www.fcgueugnon.fr\/site\/wp-json\/wp\/v2\/types\/post"}],"author":[{"embeddable":true,"href":"https:\/\/www.fcgueugnon.fr\/site\/wp-json\/wp\/v2\/users\/4"}],"replies":[{"embeddable":true,"href":"https:\/\/www.fcgueugnon.fr\/site\/wp-json\/wp\/v2\/comments?post=7633"}],"version-history":[{"count":9,"href":"https:\/\/www.fcgueugnon.fr\/site\/wp-json\/wp\/v2\/posts\/7633\/revisions"}],"predecessor-version":[{"id":7660,"href":"https:\/\/www.fcgueugnon.fr\/site\/wp-json\/wp\/v2\/posts\/7633\/revisions\/7660"}],"wp:featuredmedia":[{"embeddable":true,"href":"https:\/\/www.fcgueugnon.fr\/site\/wp-json\/wp\/v2\/media\/7652"}],"wp:attachment":[{"href":"https:\/\/www.fcgueugnon.fr\/site\/wp-json\/wp\/v2\/media?parent=7633"}],"wp:term":[{"taxonomy":"category","embeddable":true,"href":"https:\/\/www.fcgueugnon.fr\/site\/wp-json\/wp\/v2\/categories?post=7633"},{"taxonomy":"post_tag","embeddable":true,"href":"https:\/\/www.fcgueugnon.fr\/site\/wp-json\/wp\/v2\/tags?post=7633"}],"curies":[{"name":"wp","href":"https:\/\/api.w.org\/{rel}","templated":true}]}}