{"id":7568,"date":"2023-12-06T10:47:13","date_gmt":"2023-12-06T09:47:13","guid":{"rendered":"https:\/\/www.fcgueugnon.fr\/site\/?p=7568"},"modified":"2024-02-21T21:41:23","modified_gmt":"2024-02-21T20:41:23","slug":"sport-e-leclerc-academie-13-decembre-portes-ouvertes-du-fc-gueugnon","status":"publish","type":"post","link":"https:\/\/www.fcgueugnon.fr\/site\/sport-e-leclerc-academie-13-decembre-portes-ouvertes-du-fc-gueugnon\/7568","title":{"rendered":"[Sport E.Leclerc Acad\u00e9mie] 13 D\u00e9cembre : Portes Ouvertes du FC Gueugnon"},"content":{"rendered":"\n<h3 class=\"wp-block-heading\"><strong>La Sport E.Leclerc Acad\u00e9mie ouvre ses portes pour une journ\u00e9e d\u00e9couverte le Mercredi 13 D\u00e9cembre sur la plaine du Vieux Fresne&nbsp;!<\/strong><\/h3>\n\n\n\n<p>Le Mercredi 13 D\u00e9cembre, le FC Gueugnon accueille les jeunes footballeurs des cat\u00e9gories U9 (2015) &#8211; U10 (2014) &#8211; U11 (2013) &#8211; U12F (2012). Cette journ\u00e9e, ouverte \u00e0 tous (gar\u00e7ons et filles), a pour but de d\u00e9couvrir la pratique du football et l\u2019univers de la Forgeron Family.<\/p>\n\n\n\n<p><strong>\u00c0 la Plaine du Vieux Fresne &#8211; Accueil \u00e0 partir de 09h15 &#8211; D\u00e9but pr\u00e9vu \u00e0 10h00 \/ Jusqu&rsquo;\u00e0 midi environ.<\/strong><br>L&rsquo;inscription est obligatoire via le formulaire ci-dessous. <\/p>\n\n\n\n<div style=\"height:15px\" aria-hidden=\"true\" class=\"wp-block-spacer\"><\/div>\n\n\n\n<p><b>Renseignements :<\/b><br>Geoffray RICHELET \/ 06.08.11.03.22<\/p>\n\n\n\n<div style=\"height:25px\" aria-hidden=\"true\" class=\"wp-block-spacer\"><\/div>\n\n\n\n<p class=\"has-text-align-center\">*** <strong>Inscription <\/strong>***<\/p>\n\n\n\n<center><iframe loading=\"lazy\" src=\"https:\/\/docs.google.com\/forms\/d\/e\/1FAIpQLSf9EiPgqZEjIOdr2W-frw-RaS1jGqs1odHmb4_3ANfCvGbszw\/viewform?embedded=true\" width=\"640\" height=\"2691\" frameborder=\"0\" marginheight=\"0\" marginwidth=\"0\">Chargement\u2026<\/iframe><\/center>\n\n\n\n<p><\/p>\n","protected":false},"excerpt":{"rendered":"<p>La Sport E.Leclerc Acad\u00e9mie ouvre ses portes pour une journ\u00e9e d\u00e9couverte le Mercredi 13 D\u00e9cembre sur la plaine du Vieux Fresne&nbsp;! Le Mercredi 13 D\u00e9cembre, le FC Gueugnon accueille les jeunes footballeurs des cat\u00e9gories U9 (2015) &#8211; U10 (2014) &#8211; U11 (2013) &#8211; U12F (2012). Cette journ\u00e9e, ouverte \u00e0 tous (gar\u00e7ons et filles), a pour &#8230; <\/p>\n<p class=\"read-more-container\"><a title=\"[Sport E.Leclerc Acad\u00e9mie] 13 D\u00e9cembre : Portes Ouvertes du FC Gueugnon\" class=\"read-more button\" href=\"https:\/\/www.fcgueugnon.fr\/site\/sport-e-leclerc-academie-13-decembre-portes-ouvertes-du-fc-gueugnon\/7568#more-7568\" aria-label=\"Plus sur [Sport E.Leclerc Acad\u00e9mie] 13 D\u00e9cembre : Portes Ouvertes du FC Gueugnon\">Lire la suite<\/a><\/p>\n","protected":false},"author":3,"featured_media":7569,"comment_status":"closed","ping_status":"closed","sticky":false,"template":"","format":"standard","meta":{"footnotes":""},"categories":[4,55],"tags":[14],"class_list":["post-7568","post","type-post","status-publish","format-standard","has-post-thumbnail","hentry","category-news","category-news-2023-2024","tag-sport-e-leclerc-academie-jeunes-formation","infinite-scroll-item","generate-columns","tablet-grid-50","mobile-grid-100","grid-parent","grid-25","resize-featured-image"],"yoast_head":"<!-- This site is optimized with the Yoast SEO plugin v26.6 - https:\/\/yoast.com\/wordpress\/plugins\/seo\/ -->\n<title>[Sport E.Leclerc Acad\u00e9mie] 13 D\u00e9cembre : Portes Ouvertes du FC Gueugnon &#8226; FOOTBALL CLUB GUEUGNON<\/title>\n<meta name=\"robots\" content=\"index, follow, max-snippet:-1, max-image-preview:large, max-video-preview:-1\" \/>\n<link rel=\"canonical\" href=\"https:\/\/www.fcgueugnon.fr\/site\/sport-e-leclerc-academie-13-decembre-portes-ouvertes-du-fc-gueugnon\/7568\" \/>\n<meta property=\"og:locale\" content=\"fr_FR\" \/>\n<meta property=\"og:type\" content=\"article\" \/>\n<meta property=\"og:title\" content=\"[Sport E.Leclerc Acad\u00e9mie] 13 D\u00e9cembre : Portes Ouvertes du FC Gueugnon &#8226; FOOTBALL CLUB GUEUGNON\" \/>\n<meta property=\"og:description\" content=\"La Sport E.Leclerc Acad\u00e9mie ouvre ses portes pour une journ\u00e9e d\u00e9couverte le Mercredi 13 D\u00e9cembre sur la plaine du Vieux Fresne&nbsp;! Le Mercredi 13 D\u00e9cembre, le FC Gueugnon accueille les jeunes footballeurs des cat\u00e9gories U9 (2015) &#8211; U10 (2014) &#8211; U11 (2013) &#8211; U12F (2012). Cette journ\u00e9e, ouverte \u00e0 tous (gar\u00e7ons et filles), a pour ... Lire la suite\" \/>\n<meta property=\"og:url\" content=\"https:\/\/www.fcgueugnon.fr\/site\/sport-e-leclerc-academie-13-decembre-portes-ouvertes-du-fc-gueugnon\/7568\" \/>\n<meta property=\"og:site_name\" content=\"FOOTBALL CLUB GUEUGNON\" \/>\n<meta property=\"article:publisher\" content=\"http:\/\/facebook.com\/FCGueugnon\" \/>\n<meta property=\"article:published_time\" content=\"2023-12-06T09:47:13+00:00\" \/>\n<meta property=\"article:modified_time\" content=\"2024-02-21T20:41:23+00:00\" \/>\n<meta property=\"og:image\" content=\"https:\/\/www.fcgueugnon.fr\/site\/wp-content\/uploads\/2023\/12\/AFFICHE-A3-23.24-PORTES-OUVERTES-ACADEMIE-reduite-scaled.jpg\" \/>\n\t<meta property=\"og:image:width\" content=\"1810\" \/>\n\t<meta property=\"og:image:height\" content=\"2560\" \/>\n\t<meta property=\"og:image:type\" content=\"image\/jpeg\" \/>\n<meta name=\"author\" content=\"FC Gueugnon\" \/>\n<meta name=\"twitter:card\" content=\"summary_large_image\" \/>\n<meta name=\"twitter:creator\" content=\"@FCGueugnon_off\" \/>\n<meta name=\"twitter:site\" content=\"@FCGueugnon_off\" \/>\n<meta name=\"twitter:label1\" content=\"\u00c9crit par\" \/>\n\t<meta name=\"twitter:data1\" content=\"FC Gueugnon\" \/>\n\t<meta name=\"twitter:label2\" content=\"Dur\u00e9e de lecture estim\u00e9e\" \/>\n\t<meta name=\"twitter:data2\" content=\"1 minute\" \/>\n<script type=\"application\/ld+json\" class=\"yoast-schema-graph\">{\"@context\":\"https:\/\/schema.org\",\"@graph\":[{\"@type\":\"Article\",\"@id\":\"https:\/\/www.fcgueugnon.fr\/site\/sport-e-leclerc-academie-13-decembre-portes-ouvertes-du-fc-gueugnon\/7568#article\",\"isPartOf\":{\"@id\":\"https:\/\/www.fcgueugnon.fr\/site\/sport-e-leclerc-academie-13-decembre-portes-ouvertes-du-fc-gueugnon\/7568\"},\"author\":{\"name\":\"FC Gueugnon\",\"@id\":\"https:\/\/www.fcgueugnon.fr\/site\/#\/schema\/person\/829630bfb5d6f3ebe4d296b75687c01a\"},\"headline\":\"[Sport E.Leclerc Acad\u00e9mie] 13 D\u00e9cembre : Portes Ouvertes du FC Gueugnon\",\"datePublished\":\"2023-12-06T09:47:13+00:00\",\"dateModified\":\"2024-02-21T20:41:23+00:00\",\"mainEntityOfPage\":{\"@id\":\"https:\/\/www.fcgueugnon.fr\/site\/sport-e-leclerc-academie-13-decembre-portes-ouvertes-du-fc-gueugnon\/7568\"},\"wordCount\":118,\"publisher\":{\"@id\":\"https:\/\/www.fcgueugnon.fr\/site\/#organization\"},\"image\":{\"@id\":\"https:\/\/www.fcgueugnon.fr\/site\/sport-e-leclerc-academie-13-decembre-portes-ouvertes-du-fc-gueugnon\/7568#primaryimage\"},\"thumbnailUrl\":\"https:\/\/www.fcgueugnon.fr\/site\/wp-content\/uploads\/2023\/12\/AFFICHE-A3-23.24-PORTES-OUVERTES-ACADEMIE-reduite-scaled.jpg\",\"keywords\":[\"Sport E.Leclerc Acad\u00e9mie : Jeunes \/ Formation\"],\"articleSection\":[\"News\",\"News 2023\/2024\"],\"inLanguage\":\"fr-FR\"},{\"@type\":\"WebPage\",\"@id\":\"https:\/\/www.fcgueugnon.fr\/site\/sport-e-leclerc-academie-13-decembre-portes-ouvertes-du-fc-gueugnon\/7568\",\"url\":\"https:\/\/www.fcgueugnon.fr\/site\/sport-e-leclerc-academie-13-decembre-portes-ouvertes-du-fc-gueugnon\/7568\",\"name\":\"[Sport E.Leclerc Acad\u00e9mie] 13 D\u00e9cembre : Portes Ouvertes du FC Gueugnon &#8226; FOOTBALL CLUB GUEUGNON\",\"isPartOf\":{\"@id\":\"https:\/\/www.fcgueugnon.fr\/site\/#website\"},\"primaryImageOfPage\":{\"@id\":\"https:\/\/www.fcgueugnon.fr\/site\/sport-e-leclerc-academie-13-decembre-portes-ouvertes-du-fc-gueugnon\/7568#primaryimage\"},\"image\":{\"@id\":\"https:\/\/www.fcgueugnon.fr\/site\/sport-e-leclerc-academie-13-decembre-portes-ouvertes-du-fc-gueugnon\/7568#primaryimage\"},\"thumbnailUrl\":\"https:\/\/www.fcgueugnon.fr\/site\/wp-content\/uploads\/2023\/12\/AFFICHE-A3-23.24-PORTES-OUVERTES-ACADEMIE-reduite-scaled.jpg\",\"datePublished\":\"2023-12-06T09:47:13+00:00\",\"dateModified\":\"2024-02-21T20:41:23+00:00\",\"breadcrumb\":{\"@id\":\"https:\/\/www.fcgueugnon.fr\/site\/sport-e-leclerc-academie-13-decembre-portes-ouvertes-du-fc-gueugnon\/7568#breadcrumb\"},\"inLanguage\":\"fr-FR\",\"potentialAction\":[{\"@type\":\"ReadAction\",\"target\":[\"https:\/\/www.fcgueugnon.fr\/site\/sport-e-leclerc-academie-13-decembre-portes-ouvertes-du-fc-gueugnon\/7568\"]}]},{\"@type\":\"ImageObject\",\"inLanguage\":\"fr-FR\",\"@id\":\"https:\/\/www.fcgueugnon.fr\/site\/sport-e-leclerc-academie-13-decembre-portes-ouvertes-du-fc-gueugnon\/7568#primaryimage\",\"url\":\"https:\/\/www.fcgueugnon.fr\/site\/wp-content\/uploads\/2023\/12\/AFFICHE-A3-23.24-PORTES-OUVERTES-ACADEMIE-reduite-scaled.jpg\",\"contentUrl\":\"https:\/\/www.fcgueugnon.fr\/site\/wp-content\/uploads\/2023\/12\/AFFICHE-A3-23.24-PORTES-OUVERTES-ACADEMIE-reduite-scaled.jpg\",\"width\":1810,\"height\":2560},{\"@type\":\"BreadcrumbList\",\"@id\":\"https:\/\/www.fcgueugnon.fr\/site\/sport-e-leclerc-academie-13-decembre-portes-ouvertes-du-fc-gueugnon\/7568#breadcrumb\",\"itemListElement\":[{\"@type\":\"ListItem\",\"position\":1,\"name\":\"Accueil\",\"item\":\"https:\/\/www.fcgueugnon.fr\/site\/\"},{\"@type\":\"ListItem\",\"position\":2,\"name\":\"[Sport E.Leclerc Acad\u00e9mie] 13 D\u00e9cembre : Portes Ouvertes du FC Gueugnon\"}]},{\"@type\":\"WebSite\",\"@id\":\"https:\/\/www.fcgueugnon.fr\/site\/#website\",\"url\":\"https:\/\/www.fcgueugnon.fr\/site\/\",\"name\":\"FOOTBALL CLUB GUEUGNON\",\"description\":\"Le Site Officiel des Forgerons\",\"publisher\":{\"@id\":\"https:\/\/www.fcgueugnon.fr\/site\/#organization\"},\"potentialAction\":[{\"@type\":\"SearchAction\",\"target\":{\"@type\":\"EntryPoint\",\"urlTemplate\":\"https:\/\/www.fcgueugnon.fr\/site\/?s={search_term_string}\"},\"query-input\":{\"@type\":\"PropertyValueSpecification\",\"valueRequired\":true,\"valueName\":\"search_term_string\"}}],\"inLanguage\":\"fr-FR\"},{\"@type\":\"Organization\",\"@id\":\"https:\/\/www.fcgueugnon.fr\/site\/#organization\",\"name\":\"FC Gueugnon\",\"url\":\"https:\/\/www.fcgueugnon.fr\/site\/\",\"logo\":{\"@type\":\"ImageObject\",\"inLanguage\":\"fr-FR\",\"@id\":\"https:\/\/www.fcgueugnon.fr\/site\/#\/schema\/logo\/image\/\",\"url\":\"https:\/\/www.fcgueugnon.fr\/site\/wp-content\/uploads\/2022\/07\/cropped-Logo-FCGUEUGNON-low-350x350-1.png\",\"contentUrl\":\"https:\/\/www.fcgueugnon.fr\/site\/wp-content\/uploads\/2022\/07\/cropped-Logo-FCGUEUGNON-low-350x350-1.png\",\"width\":350,\"height\":350,\"caption\":\"FC Gueugnon\"},\"image\":{\"@id\":\"https:\/\/www.fcgueugnon.fr\/site\/#\/schema\/logo\/image\/\"},\"sameAs\":[\"http:\/\/facebook.com\/FCGueugnon\",\"https:\/\/x.com\/FCGueugnon_off\",\"https:\/\/www.instagram.com\/fcgueugnon\/\",\"https:\/\/www.linkedin.com\/company\/football-club-de-gueugnon\/\",\"https:\/\/www.youtube.com\/user\/FCGueugnonnais\",\"https:\/\/fr.wikipedia.org\/wiki\/Football_Club_de_Gueugnon\"]},{\"@type\":\"Person\",\"@id\":\"https:\/\/www.fcgueugnon.fr\/site\/#\/schema\/person\/829630bfb5d6f3ebe4d296b75687c01a\",\"name\":\"FC Gueugnon\",\"url\":\"https:\/\/www.fcgueugnon.fr\/site\/author\/g-avin1\"}]}<\/script>\n<!-- \/ Yoast SEO plugin. -->","yoast_head_json":{"title":"[Sport E.Leclerc Acad\u00e9mie] 13 D\u00e9cembre : Portes Ouvertes du FC Gueugnon &#8226; FOOTBALL CLUB GUEUGNON","robots":{"index":"index","follow":"follow","max-snippet":"max-snippet:-1","max-image-preview":"max-image-preview:large","max-video-preview":"max-video-preview:-1"},"canonical":"https:\/\/www.fcgueugnon.fr\/site\/sport-e-leclerc-academie-13-decembre-portes-ouvertes-du-fc-gueugnon\/7568","og_locale":"fr_FR","og_type":"article","og_title":"[Sport E.Leclerc Acad\u00e9mie] 13 D\u00e9cembre : Portes Ouvertes du FC Gueugnon &#8226; FOOTBALL CLUB GUEUGNON","og_description":"La Sport E.Leclerc Acad\u00e9mie ouvre ses portes pour une journ\u00e9e d\u00e9couverte le Mercredi 13 D\u00e9cembre sur la plaine du Vieux Fresne&nbsp;! Le Mercredi 13 D\u00e9cembre, le FC Gueugnon accueille les jeunes footballeurs des cat\u00e9gories U9 (2015) &#8211; U10 (2014) &#8211; U11 (2013) &#8211; U12F (2012). Cette journ\u00e9e, ouverte \u00e0 tous (gar\u00e7ons et filles), a pour ... Lire la suite","og_url":"https:\/\/www.fcgueugnon.fr\/site\/sport-e-leclerc-academie-13-decembre-portes-ouvertes-du-fc-gueugnon\/7568","og_site_name":"FOOTBALL CLUB GUEUGNON","article_publisher":"http:\/\/facebook.com\/FCGueugnon","article_published_time":"2023-12-06T09:47:13+00:00","article_modified_time":"2024-02-21T20:41:23+00:00","og_image":[{"width":1810,"height":2560,"url":"https:\/\/www.fcgueugnon.fr\/site\/wp-content\/uploads\/2023\/12\/AFFICHE-A3-23.24-PORTES-OUVERTES-ACADEMIE-reduite-scaled.jpg","type":"image\/jpeg"}],"author":"FC Gueugnon","twitter_card":"summary_large_image","twitter_creator":"@FCGueugnon_off","twitter_site":"@FCGueugnon_off","twitter_misc":{"\u00c9crit par":"FC Gueugnon","Dur\u00e9e de lecture estim\u00e9e":"1 minute"},"schema":{"@context":"https:\/\/schema.org","@graph":[{"@type":"Article","@id":"https:\/\/www.fcgueugnon.fr\/site\/sport-e-leclerc-academie-13-decembre-portes-ouvertes-du-fc-gueugnon\/7568#article","isPartOf":{"@id":"https:\/\/www.fcgueugnon.fr\/site\/sport-e-leclerc-academie-13-decembre-portes-ouvertes-du-fc-gueugnon\/7568"},"author":{"name":"FC Gueugnon","@id":"https:\/\/www.fcgueugnon.fr\/site\/#\/schema\/person\/829630bfb5d6f3ebe4d296b75687c01a"},"headline":"[Sport E.Leclerc Acad\u00e9mie] 13 D\u00e9cembre : Portes Ouvertes du FC Gueugnon","datePublished":"2023-12-06T09:47:13+00:00","dateModified":"2024-02-21T20:41:23+00:00","mainEntityOfPage":{"@id":"https:\/\/www.fcgueugnon.fr\/site\/sport-e-leclerc-academie-13-decembre-portes-ouvertes-du-fc-gueugnon\/7568"},"wordCount":118,"publisher":{"@id":"https:\/\/www.fcgueugnon.fr\/site\/#organization"},"image":{"@id":"https:\/\/www.fcgueugnon.fr\/site\/sport-e-leclerc-academie-13-decembre-portes-ouvertes-du-fc-gueugnon\/7568#primaryimage"},"thumbnailUrl":"https:\/\/www.fcgueugnon.fr\/site\/wp-content\/uploads\/2023\/12\/AFFICHE-A3-23.24-PORTES-OUVERTES-ACADEMIE-reduite-scaled.jpg","keywords":["Sport E.Leclerc Acad\u00e9mie : Jeunes \/ Formation"],"articleSection":["News","News 2023\/2024"],"inLanguage":"fr-FR"},{"@type":"WebPage","@id":"https:\/\/www.fcgueugnon.fr\/site\/sport-e-leclerc-academie-13-decembre-portes-ouvertes-du-fc-gueugnon\/7568","url":"https:\/\/www.fcgueugnon.fr\/site\/sport-e-leclerc-academie-13-decembre-portes-ouvertes-du-fc-gueugnon\/7568","name":"[Sport E.Leclerc Acad\u00e9mie] 13 D\u00e9cembre : Portes Ouvertes du FC Gueugnon &#8226; FOOTBALL CLUB GUEUGNON","isPartOf":{"@id":"https:\/\/www.fcgueugnon.fr\/site\/#website"},"primaryImageOfPage":{"@id":"https:\/\/www.fcgueugnon.fr\/site\/sport-e-leclerc-academie-13-decembre-portes-ouvertes-du-fc-gueugnon\/7568#primaryimage"},"image":{"@id":"https:\/\/www.fcgueugnon.fr\/site\/sport-e-leclerc-academie-13-decembre-portes-ouvertes-du-fc-gueugnon\/7568#primaryimage"},"thumbnailUrl":"https:\/\/www.fcgueugnon.fr\/site\/wp-content\/uploads\/2023\/12\/AFFICHE-A3-23.24-PORTES-OUVERTES-ACADEMIE-reduite-scaled.jpg","datePublished":"2023-12-06T09:47:13+00:00","dateModified":"2024-02-21T20:41:23+00:00","breadcrumb":{"@id":"https:\/\/www.fcgueugnon.fr\/site\/sport-e-leclerc-academie-13-decembre-portes-ouvertes-du-fc-gueugnon\/7568#breadcrumb"},"inLanguage":"fr-FR","potentialAction":[{"@type":"ReadAction","target":["https:\/\/www.fcgueugnon.fr\/site\/sport-e-leclerc-academie-13-decembre-portes-ouvertes-du-fc-gueugnon\/7568"]}]},{"@type":"ImageObject","inLanguage":"fr-FR","@id":"https:\/\/www.fcgueugnon.fr\/site\/sport-e-leclerc-academie-13-decembre-portes-ouvertes-du-fc-gueugnon\/7568#primaryimage","url":"https:\/\/www.fcgueugnon.fr\/site\/wp-content\/uploads\/2023\/12\/AFFICHE-A3-23.24-PORTES-OUVERTES-ACADEMIE-reduite-scaled.jpg","contentUrl":"https:\/\/www.fcgueugnon.fr\/site\/wp-content\/uploads\/2023\/12\/AFFICHE-A3-23.24-PORTES-OUVERTES-ACADEMIE-reduite-scaled.jpg","width":1810,"height":2560},{"@type":"BreadcrumbList","@id":"https:\/\/www.fcgueugnon.fr\/site\/sport-e-leclerc-academie-13-decembre-portes-ouvertes-du-fc-gueugnon\/7568#breadcrumb","itemListElement":[{"@type":"ListItem","position":1,"name":"Accueil","item":"https:\/\/www.fcgueugnon.fr\/site\/"},{"@type":"ListItem","position":2,"name":"[Sport E.Leclerc Acad\u00e9mie] 13 D\u00e9cembre : Portes Ouvertes du FC Gueugnon"}]},{"@type":"WebSite","@id":"https:\/\/www.fcgueugnon.fr\/site\/#website","url":"https:\/\/www.fcgueugnon.fr\/site\/","name":"FOOTBALL CLUB GUEUGNON","description":"Le Site Officiel des Forgerons","publisher":{"@id":"https:\/\/www.fcgueugnon.fr\/site\/#organization"},"potentialAction":[{"@type":"SearchAction","target":{"@type":"EntryPoint","urlTemplate":"https:\/\/www.fcgueugnon.fr\/site\/?s={search_term_string}"},"query-input":{"@type":"PropertyValueSpecification","valueRequired":true,"valueName":"search_term_string"}}],"inLanguage":"fr-FR"},{"@type":"Organization","@id":"https:\/\/www.fcgueugnon.fr\/site\/#organization","name":"FC Gueugnon","url":"https:\/\/www.fcgueugnon.fr\/site\/","logo":{"@type":"ImageObject","inLanguage":"fr-FR","@id":"https:\/\/www.fcgueugnon.fr\/site\/#\/schema\/logo\/image\/","url":"https:\/\/www.fcgueugnon.fr\/site\/wp-content\/uploads\/2022\/07\/cropped-Logo-FCGUEUGNON-low-350x350-1.png","contentUrl":"https:\/\/www.fcgueugnon.fr\/site\/wp-content\/uploads\/2022\/07\/cropped-Logo-FCGUEUGNON-low-350x350-1.png","width":350,"height":350,"caption":"FC Gueugnon"},"image":{"@id":"https:\/\/www.fcgueugnon.fr\/site\/#\/schema\/logo\/image\/"},"sameAs":["http:\/\/facebook.com\/FCGueugnon","https:\/\/x.com\/FCGueugnon_off","https:\/\/www.instagram.com\/fcgueugnon\/","https:\/\/www.linkedin.com\/company\/football-club-de-gueugnon\/","https:\/\/www.youtube.com\/user\/FCGueugnonnais","https:\/\/fr.wikipedia.org\/wiki\/Football_Club_de_Gueugnon"]},{"@type":"Person","@id":"https:\/\/www.fcgueugnon.fr\/site\/#\/schema\/person\/829630bfb5d6f3ebe4d296b75687c01a","name":"FC Gueugnon","url":"https:\/\/www.fcgueugnon.fr\/site\/author\/g-avin1"}]}},"rttpg_featured_image_url":{"full":["https:\/\/www.fcgueugnon.fr\/site\/wp-content\/uploads\/2023\/12\/AFFICHE-A3-23.24-PORTES-OUVERTES-ACADEMIE-reduite-scaled.jpg",1810,2560,false],"landscape":["https:\/\/www.fcgueugnon.fr\/site\/wp-content\/uploads\/2023\/12\/AFFICHE-A3-23.24-PORTES-OUVERTES-ACADEMIE-reduite-scaled.jpg",1810,2560,false],"portraits":["https:\/\/www.fcgueugnon.fr\/site\/wp-content\/uploads\/2023\/12\/AFFICHE-A3-23.24-PORTES-OUVERTES-ACADEMIE-reduite-scaled.jpg",1810,2560,false],"thumbnail":["https:\/\/www.fcgueugnon.fr\/site\/wp-content\/uploads\/2023\/12\/AFFICHE-A3-23.24-PORTES-OUVERTES-ACADEMIE-reduite-150x150.jpg",150,150,true],"medium":["https:\/\/www.fcgueugnon.fr\/site\/wp-content\/uploads\/2023\/12\/AFFICHE-A3-23.24-PORTES-OUVERTES-ACADEMIE-reduite-283x400.jpg",283,400,true],"large":["https:\/\/www.fcgueugnon.fr\/site\/wp-content\/uploads\/2023\/12\/AFFICHE-A3-23.24-PORTES-OUVERTES-ACADEMIE-reduite-724x1024.jpg",724,1024,true],"1536x1536":["https:\/\/www.fcgueugnon.fr\/site\/wp-content\/uploads\/2023\/12\/AFFICHE-A3-23.24-PORTES-OUVERTES-ACADEMIE-reduite-1086x1536.jpg",1086,1536,true],"2048x2048":["https:\/\/www.fcgueugnon.fr\/site\/wp-content\/uploads\/2023\/12\/AFFICHE-A3-23.24-PORTES-OUVERTES-ACADEMIE-reduite-1448x2048.jpg",1448,2048,true]},"rttpg_author":{"display_name":"FC Gueugnon","author_link":"https:\/\/www.fcgueugnon.fr\/site\/author\/g-avin1"},"rttpg_comment":0,"rttpg_category":"<a href=\"https:\/\/www.fcgueugnon.fr\/site\/category\/news\" rel=\"category tag\">News<\/a> <a href=\"https:\/\/www.fcgueugnon.fr\/site\/category\/news\/news-2023-2024\" rel=\"category tag\">News 2023\/2024<\/a>","rttpg_excerpt":"La Sport E.Leclerc Acad\u00e9mie ouvre ses portes pour une journ\u00e9e d\u00e9couverte le Mercredi 13 D\u00e9cembre sur la plaine du Vieux Fresne&nbsp;! Le Mercredi 13 D\u00e9cembre, le FC Gueugnon accueille les jeunes footballeurs des cat\u00e9gories U9 (2015) &#8211; U10 (2014) &#8211; U11 (2013) &#8211; U12F (2012). Cette journ\u00e9e, ouverte \u00e0 tous (gar\u00e7ons et filles), a pour\u2026","_links":{"self":[{"href":"https:\/\/www.fcgueugnon.fr\/site\/wp-json\/wp\/v2\/posts\/7568","targetHints":{"allow":["GET"]}}],"collection":[{"href":"https:\/\/www.fcgueugnon.fr\/site\/wp-json\/wp\/v2\/posts"}],"about":[{"href":"https:\/\/www.fcgueugnon.fr\/site\/wp-json\/wp\/v2\/types\/post"}],"author":[{"embeddable":true,"href":"https:\/\/www.fcgueugnon.fr\/site\/wp-json\/wp\/v2\/users\/3"}],"replies":[{"embeddable":true,"href":"https:\/\/www.fcgueugnon.fr\/site\/wp-json\/wp\/v2\/comments?post=7568"}],"version-history":[{"count":2,"href":"https:\/\/www.fcgueugnon.fr\/site\/wp-json\/wp\/v2\/posts\/7568\/revisions"}],"predecessor-version":[{"id":7628,"href":"https:\/\/www.fcgueugnon.fr\/site\/wp-json\/wp\/v2\/posts\/7568\/revisions\/7628"}],"wp:featuredmedia":[{"embeddable":true,"href":"https:\/\/www.fcgueugnon.fr\/site\/wp-json\/wp\/v2\/media\/7569"}],"wp:attachment":[{"href":"https:\/\/www.fcgueugnon.fr\/site\/wp-json\/wp\/v2\/media?parent=7568"}],"wp:term":[{"taxonomy":"category","embeddable":true,"href":"https:\/\/www.fcgueugnon.fr\/site\/wp-json\/wp\/v2\/categories?post=7568"},{"taxonomy":"post_tag","embeddable":true,"href":"https:\/\/www.fcgueugnon.fr\/site\/wp-json\/wp\/v2\/tags?post=7568"}],"curies":[{"name":"wp","href":"https:\/\/api.w.org\/{rel}","templated":true}]}}