{"id":7512,"date":"2023-12-04T15:21:30","date_gmt":"2023-12-04T14:21:30","guid":{"rendered":"https:\/\/www.fcgueugnon.fr\/site\/?p=7512"},"modified":"2024-05-09T09:01:56","modified_gmt":"2024-05-09T07:01:56","slug":"n3-j10-fc-gueugnon-ucs-cosne-resultat-reactions-et-resume","status":"publish","type":"post","link":"https:\/\/www.fcgueugnon.fr\/site\/n3-j10-fc-gueugnon-ucs-cosne-resultat-reactions-et-resume\/7512","title":{"rendered":"[N3 J10 : FC Gueugnon \u2013 UCS Cosne] R\u00e9sultat, r\u00e9actions et r\u00e9sum\u00e9"},"content":{"rendered":"\n<h2 class=\"wp-block-heading\"><strong>Une victoire qui permet \u00e0 nos forgerons de retrouver le haut de tableau !<\/strong><\/h2>\n\n\n\n<div style=\"height:30px\" aria-hidden=\"true\" class=\"wp-block-spacer\"><\/div>\n\n\n<div class=\"wp-block-image\">\n<figure class=\"aligncenter size-large is-resized\"><img loading=\"lazy\" decoding=\"async\" width=\"819\" height=\"1024\" src=\"https:\/\/www.fcgueugnon.fr\/site\/wp-content\/uploads\/2023\/12\/SCORE-FINAL-23.24-819x1024.png\" alt=\"\" class=\"wp-image-7498\" style=\"width:513px;height:auto\" srcset=\"https:\/\/www.fcgueugnon.fr\/site\/wp-content\/uploads\/2023\/12\/SCORE-FINAL-23.24-819x1024.png 819w, https:\/\/www.fcgueugnon.fr\/site\/wp-content\/uploads\/2023\/12\/SCORE-FINAL-23.24-320x400.png 320w, https:\/\/www.fcgueugnon.fr\/site\/wp-content\/uploads\/2023\/12\/SCORE-FINAL-23.24-768x960.png 768w, https:\/\/www.fcgueugnon.fr\/site\/wp-content\/uploads\/2023\/12\/SCORE-FINAL-23.24-1229x1536.png 1229w, https:\/\/www.fcgueugnon.fr\/site\/wp-content\/uploads\/2023\/12\/SCORE-FINAL-23.24-1638x2048.png 1638w, https:\/\/www.fcgueugnon.fr\/site\/wp-content\/uploads\/2023\/12\/SCORE-FINAL-23.24-1320x1650.png 1320w, https:\/\/www.fcgueugnon.fr\/site\/wp-content\/uploads\/2023\/12\/SCORE-FINAL-23.24-600x750.png 600w, https:\/\/www.fcgueugnon.fr\/site\/wp-content\/uploads\/2023\/12\/SCORE-FINAL-23.24.png 2000w\" sizes=\"auto, (max-width: 819px) 100vw, 819px\" \/><\/figure>\n<\/div>\n\n\n<div style=\"height:73px\" aria-hidden=\"true\" class=\"wp-block-spacer\"><\/div>\n\n\n\n<p>Les Forgerons retrouvent le stade Jean Laville apr\u00e8s avoir r\u00e9colt\u00e9 un deuxi\u00e8me point \u00e0 l&rsquo;ext\u00e9rieur lors du derby contre Louhans-Cuiseaux <strong>(0-0, voir le <a href=\"https:\/\/www.fcgueugnon.fr\/site\/n3-j09-fc-louhans-cuiseaux-fc-gueugnon-resultat-reactions-et-resume-video\/7439\">r\u00e9sum\u00e9 d&rsquo;apr\u00e8s-match<\/a><\/strong>). Ce samedi, les Jaune et Bleu affrontent l\u2019UCS Cosne, positionn\u00e9e au pied du podium, \u00e0 seulement un point d&rsquo;avance de notre \u00e9quipe, dans un classement particuli\u00e8rement serr\u00e9. Dans cette p\u00e9riode cruciale de fin d&rsquo;ann\u00e9e, nos forgerons cherchent \u00e0 garder une s\u00e9rie positive afin d&rsquo;accumuler des points.<\/p>\n\n\n\n<p>La premi\u00e8re p\u00e9riode se d\u00e9roule dans des conditions m\u00e9t\u00e9orologiques glaciales. D\u00e8s la 2e minute, notre capitaine <strong>Jason Luanda<\/strong> donne un excellent d\u00e9part \u00e0 nos forgerons en inscrivant<strong> le premier but du match<\/strong> (2\u2019; 1-0). Les visiteurs obtiennent un <strong>corner \u00e0 la 6e minute<\/strong>, <strong>repouss\u00e9 de la t\u00eate par Mouhamed Diallo<\/strong>. \u00c0 la 8e minute,<strong> Cosne a l&rsquo;opportunit\u00e9 d&rsquo;un penalty<\/strong>, mais notre gardien <strong>Anthony Njock r\u00e9alise un arr\u00eat remarquable<\/strong>. C&rsquo;est ensuite au tour d\u2019<strong>Ibrahim Mohamed<\/strong> de tenter sa chance de loin, mais sa frappe est hors-cadre. Nos Jaune et Bleu maintiennent leur avantage, combinant habilement leurs phases de jeu au milieu de terrain. Malgr\u00e9 les tentatives de Cosne, la d\u00e9fense Gueugnonnaise r\u00e9siste. \u00c0 la fin de la premi\u00e8re mi-temps, le score reste \u00e0 1-0 pour nos Gueugnonnais. <\/p>\n\n\n\n<p>La seconde p\u00e9riode d\u00e9marre avec une certaine intensit\u00e9 . Malgr\u00e9 l&rsquo;agitation dans la d\u00e9fense adverse et quelques tentatives de tirs contr\u00e9s, le tableau des scores reste inchang\u00e9. <strong>Une t\u00eate dangereuse de Cosne fr\u00f4le le poteau Gueugnonnais<\/strong> dans les derni\u00e8res minutes. Notre<strong> gardien Njock r\u00e9alise plusieurs arr\u00eats d\u00e9terminants<\/strong>, pr\u00e9servant ainsi l&rsquo;avance de nos Gueugnonnais. La rencontre se conclut par <strong>une victoire 1-0 de nos Forgerons<\/strong>, ajoutant ainsi 3 points \u00e0 leur classement !<\/p>\n\n\n\n<p>Nous vous donnons rendez-vous vendredi 8 D\u00e9cembre, pour la 11e journ\u00e9e de championnat face \u00e0 l\u2019\u00e9quipe du Jura Dolois Foot.\u00a0<\/p>\n\n\n\n<div style=\"height:83px\" aria-hidden=\"true\" class=\"wp-block-spacer\"><\/div>\n\n\n\n<h2 class=\"wp-block-heading\">R\u00e9action<\/h2>\n\n\n\n<div class=\"wp-block-media-text has-media-on-the-right is-stacked-on-mobile is-vertically-aligned-center is-image-fill\" style=\"grid-template-columns:auto 48%\"><div class=\"wp-block-media-text__content\">\n<p><strong>Jason Luanda, capitaine :<\/strong><\/p>\n\n\n\n<p><em>\u00ab Nous avons \u00e0 c\u0153ur de garder cette s\u00e9rie d&rsquo;invincibilit\u00e9, on \u00e9tait sur deux matchs nuls, on voulait convertir ces matchs- l\u00e0 en victoires et c\u2019est ce que l&rsquo;on a fait aujourd&rsquo;hui. J\u2019ai vu un groupe solidaire du d\u00e9but jusqu\u2019\u00e0 la fin. Une victoire 1-0 \u00e7a forge un groupe, je suis fier de mes co\u00e9quipiers et j\u2019esp\u00e8re que cela nous emm\u00e8nera loin. \u00bb<\/em><\/p>\n\n\n\n<div style=\"height:10px\" aria-hidden=\"true\" class=\"wp-block-spacer\"><\/div>\n\n\n\n<p><em><sub>R\u00e9actions compl\u00e8tes \u00e0 retrouver ce mercredi \u00e0 10:15 et \u00e0 18:30 en direct sur Radio Cactus (FM 92.2) et jeudi en podcast sur notre site officiel !<\/sub><\/em><\/p>\n<\/div><figure class=\"wp-block-media-text__media\" style=\"background-image:url(https:\/\/www.fcgueugnon.fr\/site\/wp-content\/uploads\/2023\/12\/04I3314-1024x683.jpg);background-position:50% 50%\"><img loading=\"lazy\" decoding=\"async\" width=\"1024\" height=\"683\" src=\"https:\/\/www.fcgueugnon.fr\/site\/wp-content\/uploads\/2023\/12\/04I3314-1024x683.jpg\" alt=\"\" class=\"wp-image-7528 size-full\" srcset=\"https:\/\/www.fcgueugnon.fr\/site\/wp-content\/uploads\/2023\/12\/04I3314-1024x683.jpg 1024w, https:\/\/www.fcgueugnon.fr\/site\/wp-content\/uploads\/2023\/12\/04I3314-400x267.jpg 400w, https:\/\/www.fcgueugnon.fr\/site\/wp-content\/uploads\/2023\/12\/04I3314-768x512.jpg 768w, https:\/\/www.fcgueugnon.fr\/site\/wp-content\/uploads\/2023\/12\/04I3314-1536x1024.jpg 1536w, https:\/\/www.fcgueugnon.fr\/site\/wp-content\/uploads\/2023\/12\/04I3314-2048x1365.jpg 2048w, https:\/\/www.fcgueugnon.fr\/site\/wp-content\/uploads\/2023\/12\/04I3314-1320x880.jpg 1320w, https:\/\/www.fcgueugnon.fr\/site\/wp-content\/uploads\/2023\/12\/04I3314-600x400.jpg 600w\" sizes=\"auto, (max-width: 1024px) 100vw, 1024px\" \/><\/figure><\/div>\n\n\n\n<div style=\"height:83px\" aria-hidden=\"true\" class=\"wp-block-spacer\"><\/div>\n\n\n\n<hr class=\"wp-block-separator has-text-color has-css-opacity has-background\" style=\"background-color:#f7db4a;color:#f7db4a\"\/>\n\n\n\n<h3 class=\"wp-block-heading has-text-align-center\"><strong>\u2139 Prochains matchs :<\/strong> <br>&#8211; Vendredi 08\/12 : Jura Dolois Foot \/ FC Gueugnon<br>&#8211; Samedi 16\/12 : FC Gueugnon \/ Moulins Yzeure Foot <\/h3>\n\n\n\n<hr class=\"wp-block-separator has-text-color has-css-opacity has-background\" style=\"background-color:#f7db4a;color:#f7db4a\"\/>\n\n\n\n<h3 class=\"wp-block-heading\">\u26bd <strong>Score final<\/strong><\/h3>\n\n\n\n<p><strong>STADE JEAN LAVILLE<br><\/strong>FC Gueugnon 1-0 UCS Cosne <br>But : Jason Luanda (2&prime;)<\/p>\n\n\n\n<p><strong>Les officiels<\/strong><\/p>\n\n\n\n<p>Arbitre centre : MICKAEL ROCHE<br>Arbitre assistant 1 : GUILLAUME LAMBERT COUCOT<br>Arbitre assistant 2 : SEBASTIEN GOBEROT<br>D\u00e9l\u00e9gu\u00e9 principal : ALCIDES BARROS DA SILVA<br>Observateur adjoint 1 : BENOIT MORELIERE<\/p>\n\n\n\n<div style=\"height:20px\" aria-hidden=\"true\" class=\"wp-block-spacer\"><\/div>\n\n\n\n<p>\ud83d\udfe1\ud83d\udd35&nbsp;<strong>Composition d\u2019\u00e9quipe<\/strong><\/p>\n\n\n\n<p>&nbsp;Njock, Mambo (65&prime; Figueira), Chauvet, Helal, Ciss\u00e9, Mohamed, Luanda \u00a9 (88&prime; Bouekou), Diallo (88&prime; Dram\u00e9), Miezi-Kembolo (88&prime; Delclaux), Clerval (58&prime; Diomande), Gnahor\u00e9.&nbsp;<br>Rempla\u00e7ants : Dram\u00e9, Delclaux, Bouekou, Diomand\u00e9, Figueira.&nbsp;<\/p>\n\n\n\n<p>Entra\u00eeneur : Philippe Correia \/ Adjoints : Bakeba Bayo, St\u00e9phane Bernard.&nbsp;<\/p>\n\n\n\n<div style=\"height:38px\" aria-hidden=\"true\" class=\"wp-block-spacer\"><\/div>\n\n\n\n<h3 class=\"wp-block-heading\">\ud83d\udd0d <strong>Plus d&rsquo;articles <\/strong><\/h3>\n\n\n\n<blockquote class=\"wp-block-quote is-layout-flow wp-block-quote-is-layout-flow\">\n<p><span style=\"line-height: 1.5;\">\u25ba <\/span><a href=\"https:\/\/www.fcgueugnon.fr\/site\/n3-j10-fc-gueugnon-ucs-cosne-suivez-le-match-en-live\/7487\"><span style=\"line-height: 1.5;\">Revivre le li<\/span>ve<\/a><\/p>\n<\/blockquote>\n\n\n\n<div style=\"height:8px\" aria-hidden=\"true\" class=\"wp-block-spacer\"><\/div>\n\n\n\n<h3 class=\"wp-block-heading\"><strong>\ud83d\uddd3&nbsp;&nbsp;Au programme de cette 10\u00e8me journ\u00e9e de National 3 : &nbsp;<\/strong><\/h3>\n\n\n\n<p>Samedi 02 D\u00e9cembre<\/p>\n\n\n\n<p>14:30 : Sochaux-Montb\u00e9liard B \u2013 Louhans-Cuiseaux : <strong>report\u00e9<\/strong><br>17:00 : Rumilly-Valli\u00e8res \u2013 Moulins-Yzeure : <strong>8-0<\/strong><br>18:00 : CA Pontarlier \u2013 Jura Dolois : <strong>report\u00e9<\/strong><br><strong>18:00 : FC Gueugnon \u2013 UCS Cosne : 1-0<br><\/strong>18:00 : ASPTT Dijon \u2013 Is-Selongey :<strong> 0-0<\/strong><br>18:00 : Dijon FCO B \u2013 FC Vesoul : <strong>4-1<\/strong><\/p>\n\n\n\n<p>Dimanche 03 D\u00e9cembre<\/p>\n\n\n\n<p>15:00 : Besan\u00e7on Foot \u2013 La Chapelle de Guinchay : &#8211;<\/p>\n\n\n\n<p><\/p>\n\n\n\n<p>\u25ba <a href=\"https:\/\/www.fcgueugnon.fr\/site\/calendrier-seniors-a-national-3-bourgogne-franche-comte\">Calendrier<\/a><\/p>\n\n\n\n<p>\u25ba <a href=\"https:\/\/www.fcgueugnon.fr\/site\/classement-national-3-bourgogne-franche-comte\">Classement<\/a><\/p>\n","protected":false},"excerpt":{"rendered":"<p>Une victoire qui permet \u00e0 nos forgerons de retrouver le haut de tableau ! Les Forgerons retrouvent le stade Jean Laville apr\u00e8s avoir r\u00e9colt\u00e9 un deuxi\u00e8me point \u00e0 l&rsquo;ext\u00e9rieur lors du derby contre Louhans-Cuiseaux (0-0, voir le r\u00e9sum\u00e9 d&rsquo;apr\u00e8s-match). Ce samedi, les Jaune et Bleu affrontent l\u2019UCS Cosne, positionn\u00e9e au pied du podium, \u00e0 seulement &#8230; <\/p>\n<p class=\"read-more-container\"><a title=\"[N3 J10 : FC Gueugnon \u2013 UCS Cosne] R\u00e9sultat, r\u00e9actions et r\u00e9sum\u00e9\" class=\"read-more button\" href=\"https:\/\/www.fcgueugnon.fr\/site\/n3-j10-fc-gueugnon-ucs-cosne-resultat-reactions-et-resume\/7512#more-7512\" aria-label=\"Plus sur [N3 J10 : FC Gueugnon \u2013 UCS Cosne] R\u00e9sultat, r\u00e9actions et r\u00e9sum\u00e9\">Lire la suite<\/a><\/p>\n","protected":false},"author":4,"featured_media":7498,"comment_status":"closed","ping_status":"closed","sticky":true,"template":"","format":"standard","meta":{"footnotes":""},"categories":[4,55],"tags":[27,31],"class_list":["post-7512","post","type-post","status-publish","format-standard","has-post-thumbnail","hentry","category-news","category-news-2023-2024","tag-resultat","tag-video","infinite-scroll-item","generate-columns","tablet-grid-50","mobile-grid-100","grid-parent","grid-25","resize-featured-image"],"yoast_head":"<!-- This site is optimized with the Yoast SEO plugin v26.6 - https:\/\/yoast.com\/wordpress\/plugins\/seo\/ -->\n<title>[N3 J10 : FC Gueugnon \u2013 UCS Cosne] R\u00e9sultat, r\u00e9actions et r\u00e9sum\u00e9 &#8226; FOOTBALL CLUB GUEUGNON<\/title>\n<meta name=\"robots\" content=\"index, follow, max-snippet:-1, max-image-preview:large, max-video-preview:-1\" \/>\n<link rel=\"canonical\" href=\"https:\/\/www.fcgueugnon.fr\/site\/n3-j10-fc-gueugnon-ucs-cosne-resultat-reactions-et-resume\/7512\" \/>\n<meta property=\"og:locale\" content=\"fr_FR\" \/>\n<meta property=\"og:type\" content=\"article\" \/>\n<meta property=\"og:title\" content=\"[N3 J10 : FC Gueugnon \u2013 UCS Cosne] R\u00e9sultat, r\u00e9actions et r\u00e9sum\u00e9 &#8226; FOOTBALL CLUB GUEUGNON\" \/>\n<meta property=\"og:description\" content=\"Une victoire qui permet \u00e0 nos forgerons de retrouver le haut de tableau ! Les Forgerons retrouvent le stade Jean Laville apr\u00e8s avoir r\u00e9colt\u00e9 un deuxi\u00e8me point \u00e0 l&rsquo;ext\u00e9rieur lors du derby contre Louhans-Cuiseaux (0-0, voir le r\u00e9sum\u00e9 d&rsquo;apr\u00e8s-match). Ce samedi, les Jaune et Bleu affrontent l\u2019UCS Cosne, positionn\u00e9e au pied du podium, \u00e0 seulement ... Lire la suite\" \/>\n<meta property=\"og:url\" content=\"https:\/\/www.fcgueugnon.fr\/site\/n3-j10-fc-gueugnon-ucs-cosne-resultat-reactions-et-resume\/7512\" \/>\n<meta property=\"og:site_name\" content=\"FOOTBALL CLUB GUEUGNON\" \/>\n<meta property=\"article:publisher\" content=\"http:\/\/facebook.com\/FCGueugnon\" \/>\n<meta property=\"article:published_time\" content=\"2023-12-04T14:21:30+00:00\" \/>\n<meta property=\"article:modified_time\" content=\"2024-05-09T07:01:56+00:00\" \/>\n<meta property=\"og:image\" content=\"https:\/\/www.fcgueugnon.fr\/site\/wp-content\/uploads\/2023\/12\/SCORE-FINAL-23.24-819x1024.png\" \/>\n\t<meta property=\"og:image:width\" content=\"819\" \/>\n\t<meta property=\"og:image:height\" content=\"1024\" \/>\n\t<meta property=\"og:image:type\" content=\"image\/png\" \/>\n<meta name=\"author\" content=\"FC Gueugnon\" \/>\n<meta name=\"twitter:card\" content=\"summary_large_image\" \/>\n<meta name=\"twitter:creator\" content=\"@FCGueugnon_off\" \/>\n<meta name=\"twitter:site\" content=\"@FCGueugnon_off\" \/>\n<meta name=\"twitter:label1\" content=\"\u00c9crit par\" \/>\n\t<meta name=\"twitter:data1\" content=\"FC Gueugnon\" \/>\n\t<meta name=\"twitter:label2\" content=\"Dur\u00e9e de lecture estim\u00e9e\" \/>\n\t<meta name=\"twitter:data2\" content=\"4 minutes\" \/>\n<script type=\"application\/ld+json\" class=\"yoast-schema-graph\">{\"@context\":\"https:\/\/schema.org\",\"@graph\":[{\"@type\":\"Article\",\"@id\":\"https:\/\/www.fcgueugnon.fr\/site\/n3-j10-fc-gueugnon-ucs-cosne-resultat-reactions-et-resume\/7512#article\",\"isPartOf\":{\"@id\":\"https:\/\/www.fcgueugnon.fr\/site\/n3-j10-fc-gueugnon-ucs-cosne-resultat-reactions-et-resume\/7512\"},\"author\":{\"name\":\"FC Gueugnon\",\"@id\":\"https:\/\/www.fcgueugnon.fr\/site\/#\/schema\/person\/6b88acb9354d23e86675fc81c54ed359\"},\"headline\":\"[N3 J10 : FC Gueugnon \u2013 UCS Cosne] R\u00e9sultat, r\u00e9actions et r\u00e9sum\u00e9\",\"datePublished\":\"2023-12-04T14:21:30+00:00\",\"dateModified\":\"2024-05-09T07:01:56+00:00\",\"mainEntityOfPage\":{\"@id\":\"https:\/\/www.fcgueugnon.fr\/site\/n3-j10-fc-gueugnon-ucs-cosne-resultat-reactions-et-resume\/7512\"},\"wordCount\":603,\"publisher\":{\"@id\":\"https:\/\/www.fcgueugnon.fr\/site\/#organization\"},\"image\":{\"@id\":\"https:\/\/www.fcgueugnon.fr\/site\/n3-j10-fc-gueugnon-ucs-cosne-resultat-reactions-et-resume\/7512#primaryimage\"},\"thumbnailUrl\":\"https:\/\/www.fcgueugnon.fr\/site\/wp-content\/uploads\/2023\/12\/SCORE-FINAL-23.24.png\",\"keywords\":[\"R\u00e9sultat\",\"Vid\u00e9o\"],\"articleSection\":[\"News\",\"News 2023\/2024\"],\"inLanguage\":\"fr-FR\"},{\"@type\":\"WebPage\",\"@id\":\"https:\/\/www.fcgueugnon.fr\/site\/n3-j10-fc-gueugnon-ucs-cosne-resultat-reactions-et-resume\/7512\",\"url\":\"https:\/\/www.fcgueugnon.fr\/site\/n3-j10-fc-gueugnon-ucs-cosne-resultat-reactions-et-resume\/7512\",\"name\":\"[N3 J10 : FC Gueugnon \u2013 UCS Cosne] R\u00e9sultat, r\u00e9actions et r\u00e9sum\u00e9 &#8226; FOOTBALL CLUB GUEUGNON\",\"isPartOf\":{\"@id\":\"https:\/\/www.fcgueugnon.fr\/site\/#website\"},\"primaryImageOfPage\":{\"@id\":\"https:\/\/www.fcgueugnon.fr\/site\/n3-j10-fc-gueugnon-ucs-cosne-resultat-reactions-et-resume\/7512#primaryimage\"},\"image\":{\"@id\":\"https:\/\/www.fcgueugnon.fr\/site\/n3-j10-fc-gueugnon-ucs-cosne-resultat-reactions-et-resume\/7512#primaryimage\"},\"thumbnailUrl\":\"https:\/\/www.fcgueugnon.fr\/site\/wp-content\/uploads\/2023\/12\/SCORE-FINAL-23.24.png\",\"datePublished\":\"2023-12-04T14:21:30+00:00\",\"dateModified\":\"2024-05-09T07:01:56+00:00\",\"breadcrumb\":{\"@id\":\"https:\/\/www.fcgueugnon.fr\/site\/n3-j10-fc-gueugnon-ucs-cosne-resultat-reactions-et-resume\/7512#breadcrumb\"},\"inLanguage\":\"fr-FR\",\"potentialAction\":[{\"@type\":\"ReadAction\",\"target\":[\"https:\/\/www.fcgueugnon.fr\/site\/n3-j10-fc-gueugnon-ucs-cosne-resultat-reactions-et-resume\/7512\"]}]},{\"@type\":\"ImageObject\",\"inLanguage\":\"fr-FR\",\"@id\":\"https:\/\/www.fcgueugnon.fr\/site\/n3-j10-fc-gueugnon-ucs-cosne-resultat-reactions-et-resume\/7512#primaryimage\",\"url\":\"https:\/\/www.fcgueugnon.fr\/site\/wp-content\/uploads\/2023\/12\/SCORE-FINAL-23.24.png\",\"contentUrl\":\"https:\/\/www.fcgueugnon.fr\/site\/wp-content\/uploads\/2023\/12\/SCORE-FINAL-23.24.png\",\"width\":2000,\"height\":2500},{\"@type\":\"BreadcrumbList\",\"@id\":\"https:\/\/www.fcgueugnon.fr\/site\/n3-j10-fc-gueugnon-ucs-cosne-resultat-reactions-et-resume\/7512#breadcrumb\",\"itemListElement\":[{\"@type\":\"ListItem\",\"position\":1,\"name\":\"Accueil\",\"item\":\"https:\/\/www.fcgueugnon.fr\/site\/\"},{\"@type\":\"ListItem\",\"position\":2,\"name\":\"[N3 J10 : FC Gueugnon \u2013 UCS Cosne] R\u00e9sultat, r\u00e9actions et r\u00e9sum\u00e9\"}]},{\"@type\":\"WebSite\",\"@id\":\"https:\/\/www.fcgueugnon.fr\/site\/#website\",\"url\":\"https:\/\/www.fcgueugnon.fr\/site\/\",\"name\":\"FOOTBALL CLUB GUEUGNON\",\"description\":\"Le Site Officiel des Forgerons\",\"publisher\":{\"@id\":\"https:\/\/www.fcgueugnon.fr\/site\/#organization\"},\"potentialAction\":[{\"@type\":\"SearchAction\",\"target\":{\"@type\":\"EntryPoint\",\"urlTemplate\":\"https:\/\/www.fcgueugnon.fr\/site\/?s={search_term_string}\"},\"query-input\":{\"@type\":\"PropertyValueSpecification\",\"valueRequired\":true,\"valueName\":\"search_term_string\"}}],\"inLanguage\":\"fr-FR\"},{\"@type\":\"Organization\",\"@id\":\"https:\/\/www.fcgueugnon.fr\/site\/#organization\",\"name\":\"FC Gueugnon\",\"url\":\"https:\/\/www.fcgueugnon.fr\/site\/\",\"logo\":{\"@type\":\"ImageObject\",\"inLanguage\":\"fr-FR\",\"@id\":\"https:\/\/www.fcgueugnon.fr\/site\/#\/schema\/logo\/image\/\",\"url\":\"https:\/\/www.fcgueugnon.fr\/site\/wp-content\/uploads\/2022\/07\/cropped-Logo-FCGUEUGNON-low-350x350-1.png\",\"contentUrl\":\"https:\/\/www.fcgueugnon.fr\/site\/wp-content\/uploads\/2022\/07\/cropped-Logo-FCGUEUGNON-low-350x350-1.png\",\"width\":350,\"height\":350,\"caption\":\"FC Gueugnon\"},\"image\":{\"@id\":\"https:\/\/www.fcgueugnon.fr\/site\/#\/schema\/logo\/image\/\"},\"sameAs\":[\"http:\/\/facebook.com\/FCGueugnon\",\"https:\/\/x.com\/FCGueugnon_off\",\"https:\/\/www.instagram.com\/fcgueugnon\/\",\"https:\/\/www.linkedin.com\/company\/football-club-de-gueugnon\/\",\"https:\/\/www.youtube.com\/user\/FCGueugnonnais\",\"https:\/\/fr.wikipedia.org\/wiki\/Football_Club_de_Gueugnon\"]},{\"@type\":\"Person\",\"@id\":\"https:\/\/www.fcgueugnon.fr\/site\/#\/schema\/person\/6b88acb9354d23e86675fc81c54ed359\",\"name\":\"FC Gueugnon\",\"url\":\"https:\/\/www.fcgueugnon.fr\/site\/author\/man-antu\"}]}<\/script>\n<!-- \/ Yoast SEO plugin. -->","yoast_head_json":{"title":"[N3 J10 : FC Gueugnon \u2013 UCS Cosne] R\u00e9sultat, r\u00e9actions et r\u00e9sum\u00e9 &#8226; FOOTBALL CLUB GUEUGNON","robots":{"index":"index","follow":"follow","max-snippet":"max-snippet:-1","max-image-preview":"max-image-preview:large","max-video-preview":"max-video-preview:-1"},"canonical":"https:\/\/www.fcgueugnon.fr\/site\/n3-j10-fc-gueugnon-ucs-cosne-resultat-reactions-et-resume\/7512","og_locale":"fr_FR","og_type":"article","og_title":"[N3 J10 : FC Gueugnon \u2013 UCS Cosne] R\u00e9sultat, r\u00e9actions et r\u00e9sum\u00e9 &#8226; FOOTBALL CLUB GUEUGNON","og_description":"Une victoire qui permet \u00e0 nos forgerons de retrouver le haut de tableau ! Les Forgerons retrouvent le stade Jean Laville apr\u00e8s avoir r\u00e9colt\u00e9 un deuxi\u00e8me point \u00e0 l&rsquo;ext\u00e9rieur lors du derby contre Louhans-Cuiseaux (0-0, voir le r\u00e9sum\u00e9 d&rsquo;apr\u00e8s-match). Ce samedi, les Jaune et Bleu affrontent l\u2019UCS Cosne, positionn\u00e9e au pied du podium, \u00e0 seulement ... Lire la suite","og_url":"https:\/\/www.fcgueugnon.fr\/site\/n3-j10-fc-gueugnon-ucs-cosne-resultat-reactions-et-resume\/7512","og_site_name":"FOOTBALL CLUB GUEUGNON","article_publisher":"http:\/\/facebook.com\/FCGueugnon","article_published_time":"2023-12-04T14:21:30+00:00","article_modified_time":"2024-05-09T07:01:56+00:00","og_image":[{"width":819,"height":1024,"url":"https:\/\/www.fcgueugnon.fr\/site\/wp-content\/uploads\/2023\/12\/SCORE-FINAL-23.24-819x1024.png","type":"image\/png"}],"author":"FC Gueugnon","twitter_card":"summary_large_image","twitter_creator":"@FCGueugnon_off","twitter_site":"@FCGueugnon_off","twitter_misc":{"\u00c9crit par":"FC Gueugnon","Dur\u00e9e de lecture estim\u00e9e":"4 minutes"},"schema":{"@context":"https:\/\/schema.org","@graph":[{"@type":"Article","@id":"https:\/\/www.fcgueugnon.fr\/site\/n3-j10-fc-gueugnon-ucs-cosne-resultat-reactions-et-resume\/7512#article","isPartOf":{"@id":"https:\/\/www.fcgueugnon.fr\/site\/n3-j10-fc-gueugnon-ucs-cosne-resultat-reactions-et-resume\/7512"},"author":{"name":"FC Gueugnon","@id":"https:\/\/www.fcgueugnon.fr\/site\/#\/schema\/person\/6b88acb9354d23e86675fc81c54ed359"},"headline":"[N3 J10 : FC Gueugnon \u2013 UCS Cosne] R\u00e9sultat, r\u00e9actions et r\u00e9sum\u00e9","datePublished":"2023-12-04T14:21:30+00:00","dateModified":"2024-05-09T07:01:56+00:00","mainEntityOfPage":{"@id":"https:\/\/www.fcgueugnon.fr\/site\/n3-j10-fc-gueugnon-ucs-cosne-resultat-reactions-et-resume\/7512"},"wordCount":603,"publisher":{"@id":"https:\/\/www.fcgueugnon.fr\/site\/#organization"},"image":{"@id":"https:\/\/www.fcgueugnon.fr\/site\/n3-j10-fc-gueugnon-ucs-cosne-resultat-reactions-et-resume\/7512#primaryimage"},"thumbnailUrl":"https:\/\/www.fcgueugnon.fr\/site\/wp-content\/uploads\/2023\/12\/SCORE-FINAL-23.24.png","keywords":["R\u00e9sultat","Vid\u00e9o"],"articleSection":["News","News 2023\/2024"],"inLanguage":"fr-FR"},{"@type":"WebPage","@id":"https:\/\/www.fcgueugnon.fr\/site\/n3-j10-fc-gueugnon-ucs-cosne-resultat-reactions-et-resume\/7512","url":"https:\/\/www.fcgueugnon.fr\/site\/n3-j10-fc-gueugnon-ucs-cosne-resultat-reactions-et-resume\/7512","name":"[N3 J10 : FC Gueugnon \u2013 UCS Cosne] R\u00e9sultat, r\u00e9actions et r\u00e9sum\u00e9 &#8226; FOOTBALL CLUB GUEUGNON","isPartOf":{"@id":"https:\/\/www.fcgueugnon.fr\/site\/#website"},"primaryImageOfPage":{"@id":"https:\/\/www.fcgueugnon.fr\/site\/n3-j10-fc-gueugnon-ucs-cosne-resultat-reactions-et-resume\/7512#primaryimage"},"image":{"@id":"https:\/\/www.fcgueugnon.fr\/site\/n3-j10-fc-gueugnon-ucs-cosne-resultat-reactions-et-resume\/7512#primaryimage"},"thumbnailUrl":"https:\/\/www.fcgueugnon.fr\/site\/wp-content\/uploads\/2023\/12\/SCORE-FINAL-23.24.png","datePublished":"2023-12-04T14:21:30+00:00","dateModified":"2024-05-09T07:01:56+00:00","breadcrumb":{"@id":"https:\/\/www.fcgueugnon.fr\/site\/n3-j10-fc-gueugnon-ucs-cosne-resultat-reactions-et-resume\/7512#breadcrumb"},"inLanguage":"fr-FR","potentialAction":[{"@type":"ReadAction","target":["https:\/\/www.fcgueugnon.fr\/site\/n3-j10-fc-gueugnon-ucs-cosne-resultat-reactions-et-resume\/7512"]}]},{"@type":"ImageObject","inLanguage":"fr-FR","@id":"https:\/\/www.fcgueugnon.fr\/site\/n3-j10-fc-gueugnon-ucs-cosne-resultat-reactions-et-resume\/7512#primaryimage","url":"https:\/\/www.fcgueugnon.fr\/site\/wp-content\/uploads\/2023\/12\/SCORE-FINAL-23.24.png","contentUrl":"https:\/\/www.fcgueugnon.fr\/site\/wp-content\/uploads\/2023\/12\/SCORE-FINAL-23.24.png","width":2000,"height":2500},{"@type":"BreadcrumbList","@id":"https:\/\/www.fcgueugnon.fr\/site\/n3-j10-fc-gueugnon-ucs-cosne-resultat-reactions-et-resume\/7512#breadcrumb","itemListElement":[{"@type":"ListItem","position":1,"name":"Accueil","item":"https:\/\/www.fcgueugnon.fr\/site\/"},{"@type":"ListItem","position":2,"name":"[N3 J10 : FC Gueugnon \u2013 UCS Cosne] R\u00e9sultat, r\u00e9actions et r\u00e9sum\u00e9"}]},{"@type":"WebSite","@id":"https:\/\/www.fcgueugnon.fr\/site\/#website","url":"https:\/\/www.fcgueugnon.fr\/site\/","name":"FOOTBALL CLUB GUEUGNON","description":"Le Site Officiel des Forgerons","publisher":{"@id":"https:\/\/www.fcgueugnon.fr\/site\/#organization"},"potentialAction":[{"@type":"SearchAction","target":{"@type":"EntryPoint","urlTemplate":"https:\/\/www.fcgueugnon.fr\/site\/?s={search_term_string}"},"query-input":{"@type":"PropertyValueSpecification","valueRequired":true,"valueName":"search_term_string"}}],"inLanguage":"fr-FR"},{"@type":"Organization","@id":"https:\/\/www.fcgueugnon.fr\/site\/#organization","name":"FC Gueugnon","url":"https:\/\/www.fcgueugnon.fr\/site\/","logo":{"@type":"ImageObject","inLanguage":"fr-FR","@id":"https:\/\/www.fcgueugnon.fr\/site\/#\/schema\/logo\/image\/","url":"https:\/\/www.fcgueugnon.fr\/site\/wp-content\/uploads\/2022\/07\/cropped-Logo-FCGUEUGNON-low-350x350-1.png","contentUrl":"https:\/\/www.fcgueugnon.fr\/site\/wp-content\/uploads\/2022\/07\/cropped-Logo-FCGUEUGNON-low-350x350-1.png","width":350,"height":350,"caption":"FC Gueugnon"},"image":{"@id":"https:\/\/www.fcgueugnon.fr\/site\/#\/schema\/logo\/image\/"},"sameAs":["http:\/\/facebook.com\/FCGueugnon","https:\/\/x.com\/FCGueugnon_off","https:\/\/www.instagram.com\/fcgueugnon\/","https:\/\/www.linkedin.com\/company\/football-club-de-gueugnon\/","https:\/\/www.youtube.com\/user\/FCGueugnonnais","https:\/\/fr.wikipedia.org\/wiki\/Football_Club_de_Gueugnon"]},{"@type":"Person","@id":"https:\/\/www.fcgueugnon.fr\/site\/#\/schema\/person\/6b88acb9354d23e86675fc81c54ed359","name":"FC Gueugnon","url":"https:\/\/www.fcgueugnon.fr\/site\/author\/man-antu"}]}},"rttpg_featured_image_url":{"full":["https:\/\/www.fcgueugnon.fr\/site\/wp-content\/uploads\/2023\/12\/SCORE-FINAL-23.24.png",2000,2500,false],"landscape":["https:\/\/www.fcgueugnon.fr\/site\/wp-content\/uploads\/2023\/12\/SCORE-FINAL-23.24.png",2000,2500,false],"portraits":["https:\/\/www.fcgueugnon.fr\/site\/wp-content\/uploads\/2023\/12\/SCORE-FINAL-23.24.png",2000,2500,false],"thumbnail":["https:\/\/www.fcgueugnon.fr\/site\/wp-content\/uploads\/2023\/12\/SCORE-FINAL-23.24-150x150.png",150,150,true],"medium":["https:\/\/www.fcgueugnon.fr\/site\/wp-content\/uploads\/2023\/12\/SCORE-FINAL-23.24-320x400.png",320,400,true],"large":["https:\/\/www.fcgueugnon.fr\/site\/wp-content\/uploads\/2023\/12\/SCORE-FINAL-23.24-819x1024.png",819,1024,true],"1536x1536":["https:\/\/www.fcgueugnon.fr\/site\/wp-content\/uploads\/2023\/12\/SCORE-FINAL-23.24-1229x1536.png",1229,1536,true],"2048x2048":["https:\/\/www.fcgueugnon.fr\/site\/wp-content\/uploads\/2023\/12\/SCORE-FINAL-23.24-1638x2048.png",1638,2048,true]},"rttpg_author":{"display_name":"FC Gueugnon","author_link":"https:\/\/www.fcgueugnon.fr\/site\/author\/man-antu"},"rttpg_comment":0,"rttpg_category":"<a href=\"https:\/\/www.fcgueugnon.fr\/site\/category\/news\" rel=\"category tag\">News<\/a> <a href=\"https:\/\/www.fcgueugnon.fr\/site\/category\/news\/news-2023-2024\" rel=\"category tag\">News 2023\/2024<\/a>","rttpg_excerpt":"Une victoire qui permet \u00e0 nos forgerons de retrouver le haut de tableau ! Les Forgerons retrouvent le stade Jean Laville apr\u00e8s avoir r\u00e9colt\u00e9 un deuxi\u00e8me point \u00e0 l&rsquo;ext\u00e9rieur lors du derby contre Louhans-Cuiseaux (0-0, voir le r\u00e9sum\u00e9 d&rsquo;apr\u00e8s-match). Ce samedi, les Jaune et Bleu affrontent l\u2019UCS Cosne, positionn\u00e9e au pied du podium, \u00e0 seulement\u2026","_links":{"self":[{"href":"https:\/\/www.fcgueugnon.fr\/site\/wp-json\/wp\/v2\/posts\/7512","targetHints":{"allow":["GET"]}}],"collection":[{"href":"https:\/\/www.fcgueugnon.fr\/site\/wp-json\/wp\/v2\/posts"}],"about":[{"href":"https:\/\/www.fcgueugnon.fr\/site\/wp-json\/wp\/v2\/types\/post"}],"author":[{"embeddable":true,"href":"https:\/\/www.fcgueugnon.fr\/site\/wp-json\/wp\/v2\/users\/4"}],"replies":[{"embeddable":true,"href":"https:\/\/www.fcgueugnon.fr\/site\/wp-json\/wp\/v2\/comments?post=7512"}],"version-history":[{"count":12,"href":"https:\/\/www.fcgueugnon.fr\/site\/wp-json\/wp\/v2\/posts\/7512\/revisions"}],"predecessor-version":[{"id":7535,"href":"https:\/\/www.fcgueugnon.fr\/site\/wp-json\/wp\/v2\/posts\/7512\/revisions\/7535"}],"wp:featuredmedia":[{"embeddable":true,"href":"https:\/\/www.fcgueugnon.fr\/site\/wp-json\/wp\/v2\/media\/7498"}],"wp:attachment":[{"href":"https:\/\/www.fcgueugnon.fr\/site\/wp-json\/wp\/v2\/media?parent=7512"}],"wp:term":[{"taxonomy":"category","embeddable":true,"href":"https:\/\/www.fcgueugnon.fr\/site\/wp-json\/wp\/v2\/categories?post=7512"},{"taxonomy":"post_tag","embeddable":true,"href":"https:\/\/www.fcgueugnon.fr\/site\/wp-json\/wp\/v2\/tags?post=7512"}],"curies":[{"name":"wp","href":"https:\/\/api.w.org\/{rel}","templated":true}]}}