{"id":7504,"date":"2023-12-07T08:30:00","date_gmt":"2023-12-07T07:30:00","guid":{"rendered":"https:\/\/www.fcgueugnon.fr\/site\/?p=7504"},"modified":"2024-10-07T11:20:07","modified_gmt":"2024-10-07T09:20:07","slug":"n3-j11-jura-dolois-fc-gueugnon-vendredi-tout-est-permis","status":"publish","type":"post","link":"https:\/\/www.fcgueugnon.fr\/site\/n3-j11-jura-dolois-fc-gueugnon-vendredi-tout-est-permis\/7504","title":{"rendered":"[N3 J11 : Jura Dolois &#8211; FC Gueugnon] Vendredi, tout est permis !"},"content":{"rendered":"\n<h2 class=\"wp-block-heading\">Une fois n&rsquo;est pas coutume et aux bons souvenirs des soirs de Ligue 2, les forgerons retrouvent le carr\u00e9 vert ce vendredi soir pour un duel face \u00e0 une \u00e9quipe de Dole tonitruante d\u00e9sormais 3e, \u00e0 \u00e9galit\u00e9 de point du FCG, mais avec un match en retard !<\/h2>\n\n\n\n<div class=\"wp-block-getwid-image-box getwid-animation has-text-center has-mobile-layout-default has-mobile-alignment-center\" data-animation=\"pulse\"><div class=\"wp-block-getwid-image-box__image-container is-position-top\"><div class=\"wp-block-getwid-image-box__image-wrapper\"><img loading=\"lazy\" decoding=\"async\" width=\"1024\" height=\"683\" src=\"https:\/\/www.fcgueugnon.fr\/site\/wp-content\/uploads\/2023\/12\/Gardiens-FC-Gueugnon-Anthony-NJOCK-1024x683.jpg\" alt=\"\" class=\"wp-block-getwid-image-box__image wp-image-7607\" srcset=\"https:\/\/www.fcgueugnon.fr\/site\/wp-content\/uploads\/2023\/12\/Gardiens-FC-Gueugnon-Anthony-NJOCK-1024x683.jpg 1024w, https:\/\/www.fcgueugnon.fr\/site\/wp-content\/uploads\/2023\/12\/Gardiens-FC-Gueugnon-Anthony-NJOCK-400x267.jpg 400w, https:\/\/www.fcgueugnon.fr\/site\/wp-content\/uploads\/2023\/12\/Gardiens-FC-Gueugnon-Anthony-NJOCK-768x512.jpg 768w, https:\/\/www.fcgueugnon.fr\/site\/wp-content\/uploads\/2023\/12\/Gardiens-FC-Gueugnon-Anthony-NJOCK-1536x1024.jpg 1536w, https:\/\/www.fcgueugnon.fr\/site\/wp-content\/uploads\/2023\/12\/Gardiens-FC-Gueugnon-Anthony-NJOCK-2048x1365.jpg 2048w, https:\/\/www.fcgueugnon.fr\/site\/wp-content\/uploads\/2023\/12\/Gardiens-FC-Gueugnon-Anthony-NJOCK-1320x880.jpg 1320w, https:\/\/www.fcgueugnon.fr\/site\/wp-content\/uploads\/2023\/12\/Gardiens-FC-Gueugnon-Anthony-NJOCK-600x400.jpg 600w\" sizes=\"auto, (max-width: 1024px) 100vw, 1024px\" \/><\/div><\/div><div class=\"wp-block-getwid-image-box__content\">\n<h3 class=\"wp-block-heading\"><\/h3>\n\n\n\n<p><\/p>\n<\/div><\/div>\n\n\n\n<div style=\"height:70px\" aria-hidden=\"true\" class=\"wp-block-spacer\"><\/div>\n\n\n\n<h3 class=\"wp-block-heading\">\ud83c\udd9a <em><strong>L&rsquo;adversaire <\/strong><\/em>: Jura Dolois Football<\/h3>\n\n\n\n<p>3e la saison derni\u00e8re, les ambitieux dolois peuvent s\u2019appuient cette saison sur un nouveau coach en la personne d&rsquo;<strong>Alexandre Pepe<\/strong>, technicien bien connu dans le landerneau qui remplace Herv\u00e9 Saclier pour une ann\u00e9e annonc\u00e9e de transition.<\/p>\n\n\n\n<p>Beaucoup de changements, outre le staff, avec 17 arriv\u00e9es&nbsp;pour 15 d\u00e9parts et un groupe de 27 joueurs d&rsquo;un \u00e2ge moyen de 24,8 ans. Comme on pouvait l&rsquo;imaginer apr\u00e8s tous ces mouvements, la mise en route a \u00e9t\u00e9 un peu plus longue pour des jurassien qui ont connu<strong> 4 d\u00e9faites cons\u00e9cutives en d\u00e9but de saison<\/strong>&#8230;<\/p>\n\n\n\n<p>Mais ces d\u00e9faites sont d\u00e9sormais des histoires anciennes car depuis, le JDF a tout simplement enchain\u00e9 <strong>5 victoires en 5 matchs <\/strong>leur permettant tout simplement de pointer \u00e0 la 3e place du championnat, avec un match en retard, \u00e0 \u00e9galit\u00e9 de point du FCG et \u00e0 4 points du leader&#8230;<\/p>\n\n\n\n<p>Une forme \u00e9tincelante \u00e0 challenger ce vendredi soir !<\/p>\n\n\n\n<p><em>Site internet de Jura Dolois Football : <a href=\"https:\/\/www.juradoloisfoot.fr\/\" target=\"_blank\" rel=\"noreferrer noopener\">www.juradoloisfoot.fr<\/a><\/em><\/p>\n\n\n\n<div style=\"height:70px\" aria-hidden=\"true\" class=\"wp-block-spacer\"><\/div>\n\n\n\n<h3 class=\"wp-block-heading\">\ud83d\udce3 <em><strong>La d\u00e9cla&rsquo;<\/strong><\/em><\/h3>\n\n\n\n<blockquote class=\"wp-block-quote is-layout-flow wp-block-quote-is-layout-flow\">\n<p><em>\u00ab <em>Jura Dolois c\u2019est costaud ! O<em><em>n sait que \u00e7a va \u00eatre difficile, que <\/em><\/em>c\u2019est une \u00e9quipe ambitieuse qui a eu un d\u00e9but de saison difficile et qui revient au premier plan<\/em> mais <em>nous, on ira comme on sait faire : avec de l\u2019ambition et en prenant le match s\u00e9rieusement.<\/em> \u00bb<\/em><\/p>\n<cite><strong><em>Bernard CANARD (Pr\u00e9sident)<\/em><\/strong><\/cite><\/blockquote>\n\n\n\n<div style=\"height:70px\" aria-hidden=\"true\" class=\"wp-block-spacer\"><\/div>\n\n\n\n<h3 class=\"wp-block-heading\">\ud83d\udfe1\ud83d\udd35 <em><strong>Le FC Gueugnon<\/strong><\/em><\/h3>\n\n\n\n<p>Les forgerons ont \u00e9t\u00e9 particuli\u00e8rement \u00ab clutch \u00bb le week-end dernier dans leur antre de Jean Laville ! En effet, l&rsquo;ouverture du score d\u00e8s les premiers instants du capitaine <strong>Jason Luanda <\/strong>sur un service de <strong>Fraty Miezi<\/strong> (2e 1-0) a r\u00e9chauff\u00e9 l&rsquo;ambiance d&rsquo;un stade glac\u00e9 par les temp\u00e9ratures n\u00e9gatives. C&rsquo;est tout un public, supporters et Ultras en t\u00eate qui ont accompagn\u00e9 les forgerons dans une incroyable d\u00e9bauche d&rsquo;\u00e9nergie pour s&rsquo;attribuer 3 pr\u00e9cieux points dans ce championnat resserr\u00e9&#8230; <\/p>\n\n\n\n<p>Et que dire de la prestation d&rsquo;<strong>Anthony Njock<\/strong> \u00e0 la parade, notamment en stoppant un p\u00e9nalty en premi\u00e8re p\u00e9riode ! <strong>La meilleure d\u00e9fense du championnat remonte ainsi sur le podium<\/strong>, \u00e0 la 3e place, avec 15 points (4V \/ 3N \/ 3D) \u00e0 \u00e9galit\u00e9 avec son adversaire du soir : Jura Dolois Foot. <\/p>\n\n\n\n<p>Une victoire significative et fondatrice comme salu\u00e9e par le capitaine <strong>Jason Luanda<\/strong> : \u00ab <em>J\u2019ai vu ce soir un groupe solidaire du d\u00e9but jusqu\u2019\u00e0 la fin.&nbsp;Une victoire 1-0 \u00e7a forge un groupe ! Je suis fier de mes \u00e9quipiers et j\u2019esp\u00e8re que cela nous emm\u00e8nera encore plus loin&nbsp;<\/em>\u00bb.<\/p>\n\n\n\n<p>Prochain arr\u00eat  ? Le<strong> stade Robert Bobin<\/strong> au bord du Doubs, dans la remarquable ville de Dole, pour une match en semaine ce <span style=\"text-decoration: underline;\"><strong>Vendredi 08\/12 \u00e0 19h00<\/strong><\/span><\/p>\n\n\n\n<div style=\"height:70px\" aria-hidden=\"true\" class=\"wp-block-spacer\"><\/div>\n\n\n\n<hr class=\"wp-block-separator has-text-color has-css-opacity has-background is-style-default\" style=\"background-color:#f7db4a;color:#f7db4a\"\/>\n\n\n\n<div style=\"height:30px\" aria-hidden=\"true\" class=\"wp-block-spacer\"><\/div>\n\n\n\n<div class=\"wp-block-media-text alignwide is-stacked-on-mobile is-vertically-aligned-center is-style-default\" style=\"grid-template-columns:49% auto\"><figure class=\"wp-block-media-text__media\"><img loading=\"lazy\" decoding=\"async\" width=\"1024\" height=\"538\" src=\"https:\/\/www.fcgueugnon.fr\/site\/wp-content\/uploads\/2022\/08\/post-facebook-FCG-1024x538.png\" alt=\"\" class=\"wp-image-930 size-full\" srcset=\"https:\/\/www.fcgueugnon.fr\/site\/wp-content\/uploads\/2022\/08\/post-facebook-FCG-1024x538.png 1024w, https:\/\/www.fcgueugnon.fr\/site\/wp-content\/uploads\/2022\/08\/post-facebook-FCG-400x210.png 400w, https:\/\/www.fcgueugnon.fr\/site\/wp-content\/uploads\/2022\/08\/post-facebook-FCG-768x403.png 768w, https:\/\/www.fcgueugnon.fr\/site\/wp-content\/uploads\/2022\/08\/post-facebook-FCG.png 1200w\" sizes=\"auto, (max-width: 1024px) 100vw, 1024px\" \/><\/figure><div class=\"wp-block-media-text__content\">\n<h2 class=\"wp-block-heading\">C&rsquo;est en covoiturant qu&rsquo;on devient Forgeron ! <\/h2>\n\n\n\n<div style=\"height:10px\" aria-hidden=\"true\" class=\"wp-block-spacer\"><\/div>\n\n\n\n<p><strong>Rendez-vous sur l&rsquo;application et le site internet de StadiumGO pour proposer et trouver votre trajet pour vous rendre \u00e0 Gueugnon !<\/strong><\/p>\n\n\n\n<div class=\"wp-block-buttons is-layout-flex wp-block-buttons-is-layout-flex\">\n<div class=\"wp-block-button aligncenter is-style-circular\"><a class=\"wp-block-button__link wp-element-button\" href=\"https:\/\/www.stadiumgo.fr\/liste-matchs?search=1&amp;club=gueugnon&amp;league=\">StadiumGO<\/a><\/div>\n<\/div>\n<\/div><\/div>\n\n\n\n<div style=\"height:30px\" aria-hidden=\"true\" class=\"wp-block-spacer\"><\/div>\n\n\n\n<hr class=\"wp-block-separator has-text-color has-css-opacity has-background is-style-default\" style=\"background-color:#f7db4a;color:#f7db4a\"\/>\n\n\n\n<h3 class=\"wp-block-heading\">\u26bd <strong><em>La fiche<\/em><\/strong><\/h3>\n\n\n\n<h4 class=\"wp-block-heading\"><b>NIVEAU NATIONAL : F\u00c9D\u00c9RATION&nbsp;FRAN\u00c7AISE&nbsp;DE FOOTBALL<\/b><br><strong><b>NATIONAL 3 &#8211; J11<\/b><\/strong><br>Vendredi 08 D\u00e9cembre 2023 &#8211; 19H00<br>JURA DOLOIS FOOTBALL \/ FC GUEUGNON <\/h4>\n\n\n\n<p><strong>TERRAIN<\/strong><br>STADE ROBERT BOBIN<br>AVENUE DE LAHR<br>39100 DOLE<\/p>\n\n\n\n<p><strong>SURFACE DE JEU<\/strong><br>Pelouse naturelle<\/p>\n\n\n\n<p><strong>OFFICIELS<\/strong><br>Arbitre centre : ROMAIN GARNIER<br>Arbitre assistant 1 : CEDRIC JUNG<br>Arbitre assistant 2 : YOHAN HUOT MARCHAND<br>D\u00e9l\u00e9gu\u00e9 principal : THOMAS MONNET<\/p>\n\n\n\n<div style=\"height:50px\" aria-hidden=\"true\" class=\"wp-block-spacer\"><\/div>\n\n\n\n<h3 class=\"wp-block-heading\"><strong>Groupe<\/strong><\/h3>\n\n\n\n<blockquote class=\"instagram-media\" data-instgrm-captioned data-instgrm-permalink=\"https:\/\/www.instagram.com\/p\/C0lbfnKvM5H\/?utm_source=ig_embed&amp;utm_campaign=loading\" data-instgrm-version=\"14\" style=\" background:#FFF; border:0; border-radius:3px; box-shadow:0 0 1px 0 rgba(0,0,0,0.5),0 1px 10px 0 rgba(0,0,0,0.15); margin: 1px; max-width:540px; min-width:326px; padding:0; width:99.375%; width:-webkit-calc(100% - 2px); width:calc(100% - 2px);\"><div style=\"padding:16px;\"> <a href=\"https:\/\/www.instagram.com\/p\/C0lbfnKvM5H\/?utm_source=ig_embed&amp;utm_campaign=loading\" style=\" background:#FFFFFF; line-height:0; padding:0 0; text-align:center; text-decoration:none; width:100%;\" target=\"_blank\" rel=\"noopener\"> <div style=\" display: flex; flex-direction: row; align-items: center;\"> <div style=\"background-color: #F4F4F4; border-radius: 50%; flex-grow: 0; height: 40px; margin-right: 14px; width: 40px;\"><\/div> <div style=\"display: flex; flex-direction: column; flex-grow: 1; justify-content: center;\"> <div style=\" background-color: #F4F4F4; border-radius: 4px; flex-grow: 0; height: 14px; margin-bottom: 6px; width: 100px;\"><\/div> <div style=\" background-color: #F4F4F4; border-radius: 4px; flex-grow: 0; height: 14px; width: 60px;\"><\/div><\/div><\/div><div style=\"padding: 19% 0;\"><\/div> <div style=\"display:block; height:50px; margin:0 auto 12px; width:50px;\"><svg width=\"50px\" height=\"50px\" viewBox=\"0 0 60 60\" version=\"1.1\" xmlns=\"https:\/\/www.w3.org\/2000\/svg\" xmlns:xlink=\"https:\/\/www.w3.org\/1999\/xlink\"><g stroke=\"none\" stroke-width=\"1\" fill=\"none\" fill-rule=\"evenodd\"><g transform=\"translate(-511.000000, -20.000000)\" fill=\"#000000\"><g><path d=\"M556.869,30.41 C554.814,30.41 553.148,32.076 553.148,34.131 C553.148,36.186 554.814,37.852 556.869,37.852 C558.924,37.852 560.59,36.186 560.59,34.131 C560.59,32.076 558.924,30.41 556.869,30.41 M541,60.657 C535.114,60.657 530.342,55.887 530.342,50 C530.342,44.114 535.114,39.342 541,39.342 C546.887,39.342 551.658,44.114 551.658,50 C551.658,55.887 546.887,60.657 541,60.657 M541,33.886 C532.1,33.886 524.886,41.1 524.886,50 C524.886,58.899 532.1,66.113 541,66.113 C549.9,66.113 557.115,58.899 557.115,50 C557.115,41.1 549.9,33.886 541,33.886 M565.378,62.101 C565.244,65.022 564.756,66.606 564.346,67.663 C563.803,69.06 563.154,70.057 562.106,71.106 C561.058,72.155 560.06,72.803 558.662,73.347 C557.607,73.757 556.021,74.244 553.102,74.378 C549.944,74.521 548.997,74.552 541,74.552 C533.003,74.552 532.056,74.521 528.898,74.378 C525.979,74.244 524.393,73.757 523.338,73.347 C521.94,72.803 520.942,72.155 519.894,71.106 C518.846,70.057 518.197,69.06 517.654,67.663 C517.244,66.606 516.755,65.022 516.623,62.101 C516.479,58.943 516.448,57.996 516.448,50 C516.448,42.003 516.479,41.056 516.623,37.899 C516.755,34.978 517.244,33.391 517.654,32.338 C518.197,30.938 518.846,29.942 519.894,28.894 C520.942,27.846 521.94,27.196 523.338,26.654 C524.393,26.244 525.979,25.756 528.898,25.623 C532.057,25.479 533.004,25.448 541,25.448 C548.997,25.448 549.943,25.479 553.102,25.623 C556.021,25.756 557.607,26.244 558.662,26.654 C560.06,27.196 561.058,27.846 562.106,28.894 C563.154,29.942 563.803,30.938 564.346,32.338 C564.756,33.391 565.244,34.978 565.378,37.899 C565.522,41.056 565.552,42.003 565.552,50 C565.552,57.996 565.522,58.943 565.378,62.101 M570.82,37.631 C570.674,34.438 570.167,32.258 569.425,30.349 C568.659,28.377 567.633,26.702 565.965,25.035 C564.297,23.368 562.623,22.342 560.652,21.575 C558.743,20.834 556.562,20.326 553.369,20.18 C550.169,20.033 549.148,20 541,20 C532.853,20 531.831,20.033 528.631,20.18 C525.438,20.326 523.257,20.834 521.349,21.575 C519.376,22.342 517.703,23.368 516.035,25.035 C514.368,26.702 513.342,28.377 512.574,30.349 C511.834,32.258 511.326,34.438 511.181,37.631 C511.035,40.831 511,41.851 511,50 C511,58.147 511.035,59.17 511.181,62.369 C511.326,65.562 511.834,67.743 512.574,69.651 C513.342,71.625 514.368,73.296 516.035,74.965 C517.703,76.634 519.376,77.658 521.349,78.425 C523.257,79.167 525.438,79.673 528.631,79.82 C531.831,79.965 532.853,80.001 541,80.001 C549.148,80.001 550.169,79.965 553.369,79.82 C556.562,79.673 558.743,79.167 560.652,78.425 C562.623,77.658 564.297,76.634 565.965,74.965 C567.633,73.296 568.659,71.625 569.425,69.651 C570.167,67.743 570.674,65.562 570.82,62.369 C570.966,59.17 571,58.147 571,50 C571,41.851 570.966,40.831 570.82,37.631\"><\/path><\/g><\/g><\/g><\/svg><\/div><div style=\"padding-top: 8px;\"> <div style=\" color:#3897f0; font-family:Arial,sans-serif; font-size:14px; font-style:normal; font-weight:550; line-height:18px;\">Voir cette publication sur Instagram<\/div><\/div><div style=\"padding: 12.5% 0;\"><\/div> <div style=\"display: flex; flex-direction: row; margin-bottom: 14px; align-items: center;\"><div> <div style=\"background-color: #F4F4F4; border-radius: 50%; height: 12.5px; width: 12.5px; transform: translateX(0px) translateY(7px);\"><\/div> <div style=\"background-color: #F4F4F4; height: 12.5px; transform: rotate(-45deg) translateX(3px) translateY(1px); width: 12.5px; flex-grow: 0; margin-right: 14px; margin-left: 2px;\"><\/div> <div style=\"background-color: #F4F4F4; border-radius: 50%; height: 12.5px; width: 12.5px; transform: translateX(9px) translateY(-18px);\"><\/div><\/div><div style=\"margin-left: 8px;\"> <div style=\" background-color: #F4F4F4; border-radius: 50%; flex-grow: 0; height: 20px; width: 20px;\"><\/div> <div style=\" width: 0; height: 0; border-top: 2px solid transparent; border-left: 6px solid #f4f4f4; border-bottom: 2px solid transparent; transform: translateX(16px) translateY(-4px) rotate(30deg)\"><\/div><\/div><div style=\"margin-left: auto;\"> <div style=\" width: 0px; border-top: 8px solid #F4F4F4; border-right: 8px solid transparent; transform: translateY(16px);\"><\/div> <div style=\" background-color: #F4F4F4; flex-grow: 0; height: 12px; width: 16px; transform: translateY(-4px);\"><\/div> <div style=\" width: 0; height: 0; border-top: 8px solid #F4F4F4; border-left: 8px solid transparent; transform: translateY(-4px) translateX(8px);\"><\/div><\/div><\/div> <div style=\"display: flex; flex-direction: column; flex-grow: 1; justify-content: center; margin-bottom: 24px;\"> <div style=\" background-color: #F4F4F4; border-radius: 4px; flex-grow: 0; height: 14px; margin-bottom: 6px; width: 224px;\"><\/div> <div style=\" background-color: #F4F4F4; border-radius: 4px; flex-grow: 0; height: 14px; width: 144px;\"><\/div><\/div><\/a><p style=\" color:#c9c8cd; font-family:Arial,sans-serif; font-size:14px; line-height:17px; margin-bottom:0; margin-top:8px; overflow:hidden; padding:8px 0 7px; text-align:center; text-overflow:ellipsis; white-space:nowrap;\"><a href=\"https:\/\/www.instagram.com\/p\/C0lbfnKvM5H\/?utm_source=ig_embed&amp;utm_campaign=loading\" style=\" color:#c9c8cd; font-family:Arial,sans-serif; font-size:14px; font-style:normal; font-weight:normal; line-height:17px; text-decoration:none;\" target=\"_blank\" rel=\"noopener\">Une publication partag\u00e9e par FC Gueugnon (@fcgueugnon)<\/a><\/p><\/div><\/blockquote> <script async src=\"\/\/www.instagram.com\/embed.js\"><\/script>\n\n\n\n<div style=\"height:50px\" aria-hidden=\"true\" class=\"wp-block-spacer\"><\/div>\n\n\n\n<h3 class=\"wp-block-heading\">\ud83d\uddd3 <strong>La 11e journ\u00e9e de N3<\/strong><\/h3>\n\n\n\n<p>Mercredi 06 D\u00e9cembre<em> (J09 en retard)<br><\/em>20:00 : Besan\u00e7on Foot &#8211; ASPTT Dijon  : 1-1<\/p>\n\n\n\n<p>Vendredi 08 D\u00e9cembre<br><strong>19:00 : Jura Dolois &#8211; FC Gueugnon<\/strong><\/p>\n\n\n\n<p>Samedi 09 D\u00e9cembre<br>18:00 : Louhans-Cuiseaux &#8211; ASPTT Dijon<br>18:00 : Is-Selongey &#8211; Besan\u00e7on Foot<br>18:00 : FC Vesoul &#8211; Rumilly-Valli\u00e8res<br>18:30 : Moulins-Yzeure &#8211; CA Pontarlier<br>19:00 : Chapelle de Guinchay &#8211; Dijon FCO B<br><\/p>\n\n\n\n<div style=\"height:100px\" aria-hidden=\"true\" class=\"wp-block-spacer\"><\/div>\n","protected":false},"excerpt":{"rendered":"<p>Une fois n&rsquo;est pas coutume et aux bons souvenirs des soirs de Ligue 2, les forgerons retrouvent le carr\u00e9 vert ce vendredi soir pour un duel face \u00e0 une \u00e9quipe de Dole tonitruante d\u00e9sormais 3e, \u00e0 \u00e9galit\u00e9 de point du FCG, mais avec un match en retard ! \ud83c\udd9a L&rsquo;adversaire : Jura Dolois Football 3e &#8230; <\/p>\n<p class=\"read-more-container\"><a title=\"[N3 J11 : Jura Dolois &#8211; FC Gueugnon] Vendredi, tout est permis !\" class=\"read-more button\" href=\"https:\/\/www.fcgueugnon.fr\/site\/n3-j11-jura-dolois-fc-gueugnon-vendredi-tout-est-permis\/7504#more-7504\" aria-label=\"Plus sur [N3 J11 : Jura Dolois &#8211; FC Gueugnon] Vendredi, tout est permis !\">Lire la suite<\/a><\/p>\n","protected":false},"author":1,"featured_media":7608,"comment_status":"closed","ping_status":"closed","sticky":false,"template":"","format":"standard","meta":{"footnotes":""},"categories":[4,55],"tags":[28],"class_list":["post-7504","post","type-post","status-publish","format-standard","has-post-thumbnail","hentry","category-news","category-news-2023-2024","tag-avant-match","infinite-scroll-item","generate-columns","tablet-grid-50","mobile-grid-100","grid-parent","grid-25","resize-featured-image"],"yoast_head":"<!-- This site is optimized with the Yoast SEO plugin v26.6 - https:\/\/yoast.com\/wordpress\/plugins\/seo\/ -->\n<title>[N3 J11 : Jura Dolois - FC Gueugnon] Vendredi, tout est permis ! &#8226; FOOTBALL CLUB GUEUGNON<\/title>\n<meta name=\"robots\" content=\"index, follow, max-snippet:-1, max-image-preview:large, max-video-preview:-1\" \/>\n<link rel=\"canonical\" href=\"https:\/\/www.fcgueugnon.fr\/site\/n3-j11-jura-dolois-fc-gueugnon-vendredi-tout-est-permis\/7504\" \/>\n<meta property=\"og:locale\" content=\"fr_FR\" \/>\n<meta property=\"og:type\" content=\"article\" \/>\n<meta property=\"og:title\" content=\"[N3 J11 : Jura Dolois - FC Gueugnon] Vendredi, tout est permis ! &#8226; FOOTBALL CLUB GUEUGNON\" \/>\n<meta property=\"og:description\" content=\"Une fois n&rsquo;est pas coutume et aux bons souvenirs des soirs de Ligue 2, les forgerons retrouvent le carr\u00e9 vert ce vendredi soir pour un duel face \u00e0 une \u00e9quipe de Dole tonitruante d\u00e9sormais 3e, \u00e0 \u00e9galit\u00e9 de point du FCG, mais avec un match en retard ! \ud83c\udd9a L&rsquo;adversaire : Jura Dolois Football 3e ... Lire la suite\" \/>\n<meta property=\"og:url\" content=\"https:\/\/www.fcgueugnon.fr\/site\/n3-j11-jura-dolois-fc-gueugnon-vendredi-tout-est-permis\/7504\" \/>\n<meta property=\"og:site_name\" content=\"FOOTBALL CLUB GUEUGNON\" \/>\n<meta property=\"article:publisher\" content=\"http:\/\/facebook.com\/FCGueugnon\" \/>\n<meta property=\"article:published_time\" content=\"2023-12-07T07:30:00+00:00\" \/>\n<meta property=\"article:modified_time\" content=\"2024-10-07T09:20:07+00:00\" \/>\n<meta property=\"og:image\" content=\"https:\/\/www.fcgueugnon.fr\/site\/wp-content\/uploads\/2023\/12\/avant-match-jua-dolois-dole-fc-gueugnon-1024x576.png\" \/>\n\t<meta property=\"og:image:width\" content=\"1024\" \/>\n\t<meta property=\"og:image:height\" content=\"576\" \/>\n\t<meta property=\"og:image:type\" content=\"image\/png\" \/>\n<meta name=\"author\" content=\"FC Gueugnon\" \/>\n<meta name=\"twitter:card\" content=\"summary_large_image\" \/>\n<meta name=\"twitter:creator\" content=\"@FCGueugnon_off\" \/>\n<meta name=\"twitter:site\" content=\"@FCGueugnon_off\" \/>\n<meta name=\"twitter:label1\" content=\"\u00c9crit par\" \/>\n\t<meta name=\"twitter:data1\" content=\"FC Gueugnon\" \/>\n\t<meta name=\"twitter:label2\" content=\"Dur\u00e9e de lecture estim\u00e9e\" \/>\n\t<meta name=\"twitter:data2\" content=\"4 minutes\" \/>\n<script type=\"application\/ld+json\" class=\"yoast-schema-graph\">{\"@context\":\"https:\/\/schema.org\",\"@graph\":[{\"@type\":\"Article\",\"@id\":\"https:\/\/www.fcgueugnon.fr\/site\/n3-j11-jura-dolois-fc-gueugnon-vendredi-tout-est-permis\/7504#article\",\"isPartOf\":{\"@id\":\"https:\/\/www.fcgueugnon.fr\/site\/n3-j11-jura-dolois-fc-gueugnon-vendredi-tout-est-permis\/7504\"},\"author\":{\"name\":\"FC Gueugnon\",\"@id\":\"https:\/\/www.fcgueugnon.fr\/site\/#\/schema\/person\/f6444fbdd35fa731ee974c03508738fb\"},\"headline\":\"[N3 J11 : Jura Dolois &#8211; FC Gueugnon] Vendredi, tout est permis !\",\"datePublished\":\"2023-12-07T07:30:00+00:00\",\"dateModified\":\"2024-10-07T09:20:07+00:00\",\"mainEntityOfPage\":{\"@id\":\"https:\/\/www.fcgueugnon.fr\/site\/n3-j11-jura-dolois-fc-gueugnon-vendredi-tout-est-permis\/7504\"},\"wordCount\":656,\"publisher\":{\"@id\":\"https:\/\/www.fcgueugnon.fr\/site\/#organization\"},\"image\":{\"@id\":\"https:\/\/www.fcgueugnon.fr\/site\/n3-j11-jura-dolois-fc-gueugnon-vendredi-tout-est-permis\/7504#primaryimage\"},\"thumbnailUrl\":\"https:\/\/www.fcgueugnon.fr\/site\/wp-content\/uploads\/2023\/12\/avant-match-jua-dolois-dole-fc-gueugnon.png\",\"keywords\":[\"Avant-match\"],\"articleSection\":[\"News\",\"News 2023\/2024\"],\"inLanguage\":\"fr-FR\"},{\"@type\":\"WebPage\",\"@id\":\"https:\/\/www.fcgueugnon.fr\/site\/n3-j11-jura-dolois-fc-gueugnon-vendredi-tout-est-permis\/7504\",\"url\":\"https:\/\/www.fcgueugnon.fr\/site\/n3-j11-jura-dolois-fc-gueugnon-vendredi-tout-est-permis\/7504\",\"name\":\"[N3 J11 : Jura Dolois - FC Gueugnon] Vendredi, tout est permis ! &#8226; FOOTBALL CLUB GUEUGNON\",\"isPartOf\":{\"@id\":\"https:\/\/www.fcgueugnon.fr\/site\/#website\"},\"primaryImageOfPage\":{\"@id\":\"https:\/\/www.fcgueugnon.fr\/site\/n3-j11-jura-dolois-fc-gueugnon-vendredi-tout-est-permis\/7504#primaryimage\"},\"image\":{\"@id\":\"https:\/\/www.fcgueugnon.fr\/site\/n3-j11-jura-dolois-fc-gueugnon-vendredi-tout-est-permis\/7504#primaryimage\"},\"thumbnailUrl\":\"https:\/\/www.fcgueugnon.fr\/site\/wp-content\/uploads\/2023\/12\/avant-match-jua-dolois-dole-fc-gueugnon.png\",\"datePublished\":\"2023-12-07T07:30:00+00:00\",\"dateModified\":\"2024-10-07T09:20:07+00:00\",\"breadcrumb\":{\"@id\":\"https:\/\/www.fcgueugnon.fr\/site\/n3-j11-jura-dolois-fc-gueugnon-vendredi-tout-est-permis\/7504#breadcrumb\"},\"inLanguage\":\"fr-FR\",\"potentialAction\":[{\"@type\":\"ReadAction\",\"target\":[\"https:\/\/www.fcgueugnon.fr\/site\/n3-j11-jura-dolois-fc-gueugnon-vendredi-tout-est-permis\/7504\"]}]},{\"@type\":\"ImageObject\",\"inLanguage\":\"fr-FR\",\"@id\":\"https:\/\/www.fcgueugnon.fr\/site\/n3-j11-jura-dolois-fc-gueugnon-vendredi-tout-est-permis\/7504#primaryimage\",\"url\":\"https:\/\/www.fcgueugnon.fr\/site\/wp-content\/uploads\/2023\/12\/avant-match-jua-dolois-dole-fc-gueugnon.png\",\"contentUrl\":\"https:\/\/www.fcgueugnon.fr\/site\/wp-content\/uploads\/2023\/12\/avant-match-jua-dolois-dole-fc-gueugnon.png\",\"width\":1920,\"height\":1080},{\"@type\":\"BreadcrumbList\",\"@id\":\"https:\/\/www.fcgueugnon.fr\/site\/n3-j11-jura-dolois-fc-gueugnon-vendredi-tout-est-permis\/7504#breadcrumb\",\"itemListElement\":[{\"@type\":\"ListItem\",\"position\":1,\"name\":\"Accueil\",\"item\":\"https:\/\/www.fcgueugnon.fr\/site\/\"},{\"@type\":\"ListItem\",\"position\":2,\"name\":\"[N3 J11 : Jura Dolois &#8211; FC Gueugnon] Vendredi, tout est permis !\"}]},{\"@type\":\"WebSite\",\"@id\":\"https:\/\/www.fcgueugnon.fr\/site\/#website\",\"url\":\"https:\/\/www.fcgueugnon.fr\/site\/\",\"name\":\"FOOTBALL CLUB GUEUGNON\",\"description\":\"Le Site Officiel des Forgerons\",\"publisher\":{\"@id\":\"https:\/\/www.fcgueugnon.fr\/site\/#organization\"},\"potentialAction\":[{\"@type\":\"SearchAction\",\"target\":{\"@type\":\"EntryPoint\",\"urlTemplate\":\"https:\/\/www.fcgueugnon.fr\/site\/?s={search_term_string}\"},\"query-input\":{\"@type\":\"PropertyValueSpecification\",\"valueRequired\":true,\"valueName\":\"search_term_string\"}}],\"inLanguage\":\"fr-FR\"},{\"@type\":\"Organization\",\"@id\":\"https:\/\/www.fcgueugnon.fr\/site\/#organization\",\"name\":\"FC Gueugnon\",\"url\":\"https:\/\/www.fcgueugnon.fr\/site\/\",\"logo\":{\"@type\":\"ImageObject\",\"inLanguage\":\"fr-FR\",\"@id\":\"https:\/\/www.fcgueugnon.fr\/site\/#\/schema\/logo\/image\/\",\"url\":\"https:\/\/www.fcgueugnon.fr\/site\/wp-content\/uploads\/2022\/07\/cropped-Logo-FCGUEUGNON-low-350x350-1.png\",\"contentUrl\":\"https:\/\/www.fcgueugnon.fr\/site\/wp-content\/uploads\/2022\/07\/cropped-Logo-FCGUEUGNON-low-350x350-1.png\",\"width\":350,\"height\":350,\"caption\":\"FC Gueugnon\"},\"image\":{\"@id\":\"https:\/\/www.fcgueugnon.fr\/site\/#\/schema\/logo\/image\/\"},\"sameAs\":[\"http:\/\/facebook.com\/FCGueugnon\",\"https:\/\/x.com\/FCGueugnon_off\",\"https:\/\/www.instagram.com\/fcgueugnon\/\",\"https:\/\/www.linkedin.com\/company\/football-club-de-gueugnon\/\",\"https:\/\/www.youtube.com\/user\/FCGueugnonnais\",\"https:\/\/fr.wikipedia.org\/wiki\/Football_Club_de_Gueugnon\"]},{\"@type\":\"Person\",\"@id\":\"https:\/\/www.fcgueugnon.fr\/site\/#\/schema\/person\/f6444fbdd35fa731ee974c03508738fb\",\"name\":\"FC Gueugnon\",\"sameAs\":[\"https:\/\/www.fcgueugnon.fr\/site\"],\"url\":\"https:\/\/www.fcgueugnon.fr\/site\/author\/admin-antho\"}]}<\/script>\n<!-- \/ Yoast SEO plugin. -->","yoast_head_json":{"title":"[N3 J11 : Jura Dolois - FC Gueugnon] Vendredi, tout est permis ! &#8226; FOOTBALL CLUB GUEUGNON","robots":{"index":"index","follow":"follow","max-snippet":"max-snippet:-1","max-image-preview":"max-image-preview:large","max-video-preview":"max-video-preview:-1"},"canonical":"https:\/\/www.fcgueugnon.fr\/site\/n3-j11-jura-dolois-fc-gueugnon-vendredi-tout-est-permis\/7504","og_locale":"fr_FR","og_type":"article","og_title":"[N3 J11 : Jura Dolois - FC Gueugnon] Vendredi, tout est permis ! &#8226; FOOTBALL CLUB GUEUGNON","og_description":"Une fois n&rsquo;est pas coutume et aux bons souvenirs des soirs de Ligue 2, les forgerons retrouvent le carr\u00e9 vert ce vendredi soir pour un duel face \u00e0 une \u00e9quipe de Dole tonitruante d\u00e9sormais 3e, \u00e0 \u00e9galit\u00e9 de point du FCG, mais avec un match en retard ! \ud83c\udd9a L&rsquo;adversaire : Jura Dolois Football 3e ... Lire la suite","og_url":"https:\/\/www.fcgueugnon.fr\/site\/n3-j11-jura-dolois-fc-gueugnon-vendredi-tout-est-permis\/7504","og_site_name":"FOOTBALL CLUB GUEUGNON","article_publisher":"http:\/\/facebook.com\/FCGueugnon","article_published_time":"2023-12-07T07:30:00+00:00","article_modified_time":"2024-10-07T09:20:07+00:00","og_image":[{"width":1024,"height":576,"url":"https:\/\/www.fcgueugnon.fr\/site\/wp-content\/uploads\/2023\/12\/avant-match-jua-dolois-dole-fc-gueugnon-1024x576.png","type":"image\/png"}],"author":"FC Gueugnon","twitter_card":"summary_large_image","twitter_creator":"@FCGueugnon_off","twitter_site":"@FCGueugnon_off","twitter_misc":{"\u00c9crit par":"FC Gueugnon","Dur\u00e9e de lecture estim\u00e9e":"4 minutes"},"schema":{"@context":"https:\/\/schema.org","@graph":[{"@type":"Article","@id":"https:\/\/www.fcgueugnon.fr\/site\/n3-j11-jura-dolois-fc-gueugnon-vendredi-tout-est-permis\/7504#article","isPartOf":{"@id":"https:\/\/www.fcgueugnon.fr\/site\/n3-j11-jura-dolois-fc-gueugnon-vendredi-tout-est-permis\/7504"},"author":{"name":"FC Gueugnon","@id":"https:\/\/www.fcgueugnon.fr\/site\/#\/schema\/person\/f6444fbdd35fa731ee974c03508738fb"},"headline":"[N3 J11 : Jura Dolois &#8211; FC Gueugnon] Vendredi, tout est permis !","datePublished":"2023-12-07T07:30:00+00:00","dateModified":"2024-10-07T09:20:07+00:00","mainEntityOfPage":{"@id":"https:\/\/www.fcgueugnon.fr\/site\/n3-j11-jura-dolois-fc-gueugnon-vendredi-tout-est-permis\/7504"},"wordCount":656,"publisher":{"@id":"https:\/\/www.fcgueugnon.fr\/site\/#organization"},"image":{"@id":"https:\/\/www.fcgueugnon.fr\/site\/n3-j11-jura-dolois-fc-gueugnon-vendredi-tout-est-permis\/7504#primaryimage"},"thumbnailUrl":"https:\/\/www.fcgueugnon.fr\/site\/wp-content\/uploads\/2023\/12\/avant-match-jua-dolois-dole-fc-gueugnon.png","keywords":["Avant-match"],"articleSection":["News","News 2023\/2024"],"inLanguage":"fr-FR"},{"@type":"WebPage","@id":"https:\/\/www.fcgueugnon.fr\/site\/n3-j11-jura-dolois-fc-gueugnon-vendredi-tout-est-permis\/7504","url":"https:\/\/www.fcgueugnon.fr\/site\/n3-j11-jura-dolois-fc-gueugnon-vendredi-tout-est-permis\/7504","name":"[N3 J11 : Jura Dolois - FC Gueugnon] Vendredi, tout est permis ! &#8226; FOOTBALL CLUB GUEUGNON","isPartOf":{"@id":"https:\/\/www.fcgueugnon.fr\/site\/#website"},"primaryImageOfPage":{"@id":"https:\/\/www.fcgueugnon.fr\/site\/n3-j11-jura-dolois-fc-gueugnon-vendredi-tout-est-permis\/7504#primaryimage"},"image":{"@id":"https:\/\/www.fcgueugnon.fr\/site\/n3-j11-jura-dolois-fc-gueugnon-vendredi-tout-est-permis\/7504#primaryimage"},"thumbnailUrl":"https:\/\/www.fcgueugnon.fr\/site\/wp-content\/uploads\/2023\/12\/avant-match-jua-dolois-dole-fc-gueugnon.png","datePublished":"2023-12-07T07:30:00+00:00","dateModified":"2024-10-07T09:20:07+00:00","breadcrumb":{"@id":"https:\/\/www.fcgueugnon.fr\/site\/n3-j11-jura-dolois-fc-gueugnon-vendredi-tout-est-permis\/7504#breadcrumb"},"inLanguage":"fr-FR","potentialAction":[{"@type":"ReadAction","target":["https:\/\/www.fcgueugnon.fr\/site\/n3-j11-jura-dolois-fc-gueugnon-vendredi-tout-est-permis\/7504"]}]},{"@type":"ImageObject","inLanguage":"fr-FR","@id":"https:\/\/www.fcgueugnon.fr\/site\/n3-j11-jura-dolois-fc-gueugnon-vendredi-tout-est-permis\/7504#primaryimage","url":"https:\/\/www.fcgueugnon.fr\/site\/wp-content\/uploads\/2023\/12\/avant-match-jua-dolois-dole-fc-gueugnon.png","contentUrl":"https:\/\/www.fcgueugnon.fr\/site\/wp-content\/uploads\/2023\/12\/avant-match-jua-dolois-dole-fc-gueugnon.png","width":1920,"height":1080},{"@type":"BreadcrumbList","@id":"https:\/\/www.fcgueugnon.fr\/site\/n3-j11-jura-dolois-fc-gueugnon-vendredi-tout-est-permis\/7504#breadcrumb","itemListElement":[{"@type":"ListItem","position":1,"name":"Accueil","item":"https:\/\/www.fcgueugnon.fr\/site\/"},{"@type":"ListItem","position":2,"name":"[N3 J11 : Jura Dolois &#8211; FC Gueugnon] Vendredi, tout est permis !"}]},{"@type":"WebSite","@id":"https:\/\/www.fcgueugnon.fr\/site\/#website","url":"https:\/\/www.fcgueugnon.fr\/site\/","name":"FOOTBALL CLUB GUEUGNON","description":"Le Site Officiel des Forgerons","publisher":{"@id":"https:\/\/www.fcgueugnon.fr\/site\/#organization"},"potentialAction":[{"@type":"SearchAction","target":{"@type":"EntryPoint","urlTemplate":"https:\/\/www.fcgueugnon.fr\/site\/?s={search_term_string}"},"query-input":{"@type":"PropertyValueSpecification","valueRequired":true,"valueName":"search_term_string"}}],"inLanguage":"fr-FR"},{"@type":"Organization","@id":"https:\/\/www.fcgueugnon.fr\/site\/#organization","name":"FC Gueugnon","url":"https:\/\/www.fcgueugnon.fr\/site\/","logo":{"@type":"ImageObject","inLanguage":"fr-FR","@id":"https:\/\/www.fcgueugnon.fr\/site\/#\/schema\/logo\/image\/","url":"https:\/\/www.fcgueugnon.fr\/site\/wp-content\/uploads\/2022\/07\/cropped-Logo-FCGUEUGNON-low-350x350-1.png","contentUrl":"https:\/\/www.fcgueugnon.fr\/site\/wp-content\/uploads\/2022\/07\/cropped-Logo-FCGUEUGNON-low-350x350-1.png","width":350,"height":350,"caption":"FC Gueugnon"},"image":{"@id":"https:\/\/www.fcgueugnon.fr\/site\/#\/schema\/logo\/image\/"},"sameAs":["http:\/\/facebook.com\/FCGueugnon","https:\/\/x.com\/FCGueugnon_off","https:\/\/www.instagram.com\/fcgueugnon\/","https:\/\/www.linkedin.com\/company\/football-club-de-gueugnon\/","https:\/\/www.youtube.com\/user\/FCGueugnonnais","https:\/\/fr.wikipedia.org\/wiki\/Football_Club_de_Gueugnon"]},{"@type":"Person","@id":"https:\/\/www.fcgueugnon.fr\/site\/#\/schema\/person\/f6444fbdd35fa731ee974c03508738fb","name":"FC Gueugnon","sameAs":["https:\/\/www.fcgueugnon.fr\/site"],"url":"https:\/\/www.fcgueugnon.fr\/site\/author\/admin-antho"}]}},"rttpg_featured_image_url":{"full":["https:\/\/www.fcgueugnon.fr\/site\/wp-content\/uploads\/2023\/12\/avant-match-jua-dolois-dole-fc-gueugnon.png",1920,1080,false],"landscape":["https:\/\/www.fcgueugnon.fr\/site\/wp-content\/uploads\/2023\/12\/avant-match-jua-dolois-dole-fc-gueugnon.png",1920,1080,false],"portraits":["https:\/\/www.fcgueugnon.fr\/site\/wp-content\/uploads\/2023\/12\/avant-match-jua-dolois-dole-fc-gueugnon.png",1920,1080,false],"thumbnail":["https:\/\/www.fcgueugnon.fr\/site\/wp-content\/uploads\/2023\/12\/avant-match-jua-dolois-dole-fc-gueugnon-150x150.png",150,150,true],"medium":["https:\/\/www.fcgueugnon.fr\/site\/wp-content\/uploads\/2023\/12\/avant-match-jua-dolois-dole-fc-gueugnon-400x225.png",400,225,true],"large":["https:\/\/www.fcgueugnon.fr\/site\/wp-content\/uploads\/2023\/12\/avant-match-jua-dolois-dole-fc-gueugnon-1024x576.png",1024,576,true],"1536x1536":["https:\/\/www.fcgueugnon.fr\/site\/wp-content\/uploads\/2023\/12\/avant-match-jua-dolois-dole-fc-gueugnon-1536x864.png",1536,864,true],"2048x2048":["https:\/\/www.fcgueugnon.fr\/site\/wp-content\/uploads\/2023\/12\/avant-match-jua-dolois-dole-fc-gueugnon.png",1920,1080,false]},"rttpg_author":{"display_name":"FC Gueugnon","author_link":"https:\/\/www.fcgueugnon.fr\/site\/author\/admin-antho"},"rttpg_comment":0,"rttpg_category":"<a href=\"https:\/\/www.fcgueugnon.fr\/site\/category\/news\" rel=\"category tag\">News<\/a> <a href=\"https:\/\/www.fcgueugnon.fr\/site\/category\/news\/news-2023-2024\" rel=\"category tag\">News 2023\/2024<\/a>","rttpg_excerpt":"Une fois n&rsquo;est pas coutume et aux bons souvenirs des soirs de Ligue 2, les forgerons retrouvent le carr\u00e9 vert ce vendredi soir pour un duel face \u00e0 une \u00e9quipe de Dole tonitruante d\u00e9sormais 3e, \u00e0 \u00e9galit\u00e9 de point du FCG, mais avec un match en retard ! \ud83c\udd9a L&rsquo;adversaire : Jura Dolois Football 3e\u2026","_links":{"self":[{"href":"https:\/\/www.fcgueugnon.fr\/site\/wp-json\/wp\/v2\/posts\/7504","targetHints":{"allow":["GET"]}}],"collection":[{"href":"https:\/\/www.fcgueugnon.fr\/site\/wp-json\/wp\/v2\/posts"}],"about":[{"href":"https:\/\/www.fcgueugnon.fr\/site\/wp-json\/wp\/v2\/types\/post"}],"author":[{"embeddable":true,"href":"https:\/\/www.fcgueugnon.fr\/site\/wp-json\/wp\/v2\/users\/1"}],"replies":[{"embeddable":true,"href":"https:\/\/www.fcgueugnon.fr\/site\/wp-json\/wp\/v2\/comments?post=7504"}],"version-history":[{"count":5,"href":"https:\/\/www.fcgueugnon.fr\/site\/wp-json\/wp\/v2\/posts\/7504\/revisions"}],"predecessor-version":[{"id":7626,"href":"https:\/\/www.fcgueugnon.fr\/site\/wp-json\/wp\/v2\/posts\/7504\/revisions\/7626"}],"wp:featuredmedia":[{"embeddable":true,"href":"https:\/\/www.fcgueugnon.fr\/site\/wp-json\/wp\/v2\/media\/7608"}],"wp:attachment":[{"href":"https:\/\/www.fcgueugnon.fr\/site\/wp-json\/wp\/v2\/media?parent=7504"}],"wp:term":[{"taxonomy":"category","embeddable":true,"href":"https:\/\/www.fcgueugnon.fr\/site\/wp-json\/wp\/v2\/categories?post=7504"},{"taxonomy":"post_tag","embeddable":true,"href":"https:\/\/www.fcgueugnon.fr\/site\/wp-json\/wp\/v2\/tags?post=7504"}],"curies":[{"name":"wp","href":"https:\/\/api.w.org\/{rel}","templated":true}]}}