{"id":7494,"date":"2023-12-02T16:55:00","date_gmt":"2023-12-02T15:55:00","guid":{"rendered":"https:\/\/www.fcgueugnon.fr\/site\/?p=7494"},"modified":"2023-12-02T09:38:03","modified_gmt":"2023-12-02T08:38:03","slug":"interview-forgeron-mag-7-avec-mahamadou-cisse","status":"publish","type":"post","link":"https:\/\/www.fcgueugnon.fr\/site\/interview-forgeron-mag-7-avec-mahamadou-cisse\/7494","title":{"rendered":"[Interview] Forgeron Mag #7 avec Mahamadou CISSE"},"content":{"rendered":"\n<h3 class=\"wp-block-heading\">D\u00e9couvrez en int\u00e9gralit\u00e9 l&rsquo;entretien de Mahamadou CISSE diffus\u00e9 \u00e0 l&rsquo;occasion de la r\u00e9ception de l&rsquo;UCS Cosne pour la 10e journ\u00e9e de N3<\/h3>\n\n\n\n<div style=\"height:75px\" aria-hidden=\"true\" class=\"wp-block-spacer\"><\/div>\n\n\n<div class=\"wp-block-image\">\n<figure class=\"aligncenter size-full is-resized\"><img loading=\"lazy\" decoding=\"async\" width=\"2560\" height=\"1707\" src=\"https:\/\/www.fcgueugnon.fr\/site\/wp-content\/uploads\/2023\/10\/mahamadou-cisse-scaled.jpg\" alt=\"\" class=\"wp-image-6757\" style=\"width:768px;height:512px\" srcset=\"https:\/\/www.fcgueugnon.fr\/site\/wp-content\/uploads\/2023\/10\/mahamadou-cisse-scaled.jpg 2560w, https:\/\/www.fcgueugnon.fr\/site\/wp-content\/uploads\/2023\/10\/mahamadou-cisse-400x267.jpg 400w, https:\/\/www.fcgueugnon.fr\/site\/wp-content\/uploads\/2023\/10\/mahamadou-cisse-1024x683.jpg 1024w, https:\/\/www.fcgueugnon.fr\/site\/wp-content\/uploads\/2023\/10\/mahamadou-cisse-768x512.jpg 768w, https:\/\/www.fcgueugnon.fr\/site\/wp-content\/uploads\/2023\/10\/mahamadou-cisse-1536x1024.jpg 1536w, https:\/\/www.fcgueugnon.fr\/site\/wp-content\/uploads\/2023\/10\/mahamadou-cisse-2048x1365.jpg 2048w, https:\/\/www.fcgueugnon.fr\/site\/wp-content\/uploads\/2023\/10\/mahamadou-cisse-1320x880.jpg 1320w, https:\/\/www.fcgueugnon.fr\/site\/wp-content\/uploads\/2023\/10\/mahamadou-cisse-600x400.jpg 600w\" sizes=\"auto, (max-width: 2560px) 100vw, 2560px\" \/><\/figure>\n<\/div>\n\n\n<div style=\"height:75px\" aria-hidden=\"true\" class=\"wp-block-spacer\"><\/div>\n\n\n\n<p><strong>Bonjour Mahamadou, peux-tu te pr\u00e9senter et nous retracer ton parcours dans le foot\u00a0:<\/strong><br>\u00ab\u00a0Je viens de Vitry-sur-Seine et j&rsquo;ai d\u00e9but\u00e9 ma carri\u00e8re footballistique en U10 \u00e0 l&rsquo;US Vitry. J&rsquo;y ai \u00e9volu\u00e9 pendant huit saisons jusqu&rsquo;en U18. Par la suite, j&rsquo;ai rejoint le FC Montfermeil dans le 93, o\u00f9 j&rsquo;ai port\u00e9 le brassard de capitaine en 19 ans nationaux. Mon parcours m&rsquo;a ensuite conduit au Sporting Club de Toulon en N2 dans le sud. La saison derni\u00e8re, j&rsquo;ai int\u00e9gr\u00e9 le Bourges 18 avant de rejoindre le FC Gueugnon cette saison.\u00a0\u00bb<\/p>\n\n\n\n<p><strong>Pourquoi as-tu rejoint le FCG\u00a0?<\/strong><br>\u00ab\u00a0C&rsquo;est un ami qui prend soin de mes d\u00e9marches, je n&rsquo;ai pas d&rsquo;agent. Il a envoy\u00e9 mon CV au FC Gueugnon, notamment \u00e0 Richard Trivino et Bakeba Bayo, ce dernier ayant \u00e9galement jou\u00e9 \u00e0 Toulon \u00e0 l&rsquo;\u00e9poque. Apr\u00e8s des retours positifs du club, ils m&rsquo;ont contact\u00e9. Le projet du FCG m&rsquo;a s\u00e9duit, c&rsquo;est donc le choix que j&rsquo;ai fait.\u00a0\u00bb<\/p>\n\n\n\n<p><strong>Pourrais tu comparer le niveau des 2 groupes de N3 par rapport \u00e0 celui de l\u2019an pass\u00e9<\/strong>\u00a0:<br>\u00ab\u00a0Oui, une comparaison est possible. Cependant, \u00e0 Bourges, il s&rsquo;agissait de l&rsquo;\u00e9quipe r\u00e9serve, avec des ambitions moindres et un engouement moindre autour du club. Les infrastructures n&rsquo;\u00e9taient pas comparables, et notre groupe \u00e9tait plut\u00f4t jeune, essentiellement des espoirs. Ici, bien que nous ayons \u00e9galement un groupe assez jeune, la diff\u00e9rence r\u00e9side dans les ambitions. Les \u00e9quipes ici sont un peu plus matures. \u00c0 Bourges, nous pouvions affronter les premiers car nous avions une \u00e9quipe comp\u00e9titive capable de mettre des \u00e9quipes de haut de tableau en difficult\u00e9. C&rsquo;est l\u00e0 que se situent les principales distinctions.\u00a0\u00bb<\/p>\n\n\n\n<figure class=\"wp-block-pullquote\"><blockquote><p>\u00ab Je suis convaincu que nous avons un groupe de grande qualit\u00e9, bien que le classement puisse \u00eatre frustrant en raison de quelques matchs o\u00f9 nous avons laiss\u00e9 \u00e9chapper des points. \u00bb<\/p><\/blockquote><\/figure>\n\n\n\n<p><strong>Peux-tu nous faire un retour sur le groupe\u00a0:<\/strong><br>\u00ab\u00a0Je suis convaincu que nous avons un groupe de grande qualit\u00e9, bien que le classement puisse \u00eatre frustrant en raison de quelques matchs o\u00f9 nous avons laiss\u00e9 \u00e9chapper des points. Quoi qu&rsquo;il en soit, nous mettrons en \u0153uvre tout ce qui est n\u00e9cessaire pour atteindre le plus haut niveau possible. L&rsquo;adaptation s&rsquo;est faite rapidement malgr\u00e9 les changements, en grande partie gr\u00e2ce \u00e0 la pr\u00e9sence des anciens qui sont rest\u00e9s. Certains joueurs ont les qualit\u00e9s pour \u00e9voluer \u00e0 un niveau sup\u00e9rieur et affichent des ambitions \u00e9lev\u00e9es. Par cons\u00e9quent, il est dans l&rsquo;int\u00e9r\u00eat de tous de travailler ensemble, tant sur le plan collectif qu&rsquo;individuel.\u00a0\u00bb<\/p>\n\n\n\n<p><strong>R\u00e9gion Parisienne, Toulon, Bourges et enfin Gueugnon. Comment tu t\u2019occupes dans le bocage Charollais\u00a0?<\/strong><br>\u00ab\u00a0J\u2019ai eu l&rsquo;occasion de voyager et de d\u00e9couvrir diff\u00e9rentes r\u00e9gions de la France. Lorsque je suis chez moi, j&rsquo;aime consacrer du temps \u00e0 regarder des vid\u00e9os et des films. Les s\u00e9ries t\u00e9l\u00e9vis\u00e9es qui abordent des th\u00e8mes li\u00e9s \u00e0 la justice, telles que Murder ou Power sur le monde de la drogue, m&rsquo;attirent particuli\u00e8rement. La Ligue des champions est un rendez-vous que je ne rate jamais, de m\u00eame que les matchs internationaux. Parfois, je prends plaisir \u00e0 regarder des amis qui \u00e9voluent \u00e0 un niveau inf\u00e9rieur, en N1 ou N2 par exemple.\u00a0\u00bb<\/p>\n\n\n\n<p><strong>Qu\u2019est-ce qui t\u2019a surpris le plus en arrivant \u00e0 Gueugnon\u00a0?<\/strong><br>\u00ab\u00a0Honn\u00eatement, c&rsquo;est le stade qui m&rsquo;a marqu\u00e9, et positivement. Je ne m&rsquo;attendais pas \u00e0 ce qu&rsquo;il soit aussi grand et bien con\u00e7u.\u00a0\u00bb<\/p>\n\n\n\n<figure class=\"wp-block-pullquote\"><blockquote><p>\u00ab  L&rsquo;objectif serait d&rsquo;engager une s\u00e9rie de victoires qui serait b\u00e9n\u00e9fique \u00e0 tous \u00e9gards.\u00a0 \u00bb<\/p><\/blockquote><\/figure>\n\n\n\n<p><strong>Quelle est ton \u00e9quipe pr\u00e9f\u00e9r\u00e9e et ton joueur de r\u00e9f\u00e9rence\u00a0?<\/strong><br>\u00ab\u00a0\u00c9tant originaire de la r\u00e9gion parisienne, je suis un fervent supporter du PSG. Je suis \u00e9galement un grand suiveur de l&rsquo;\u00e9quipe de France, ainsi que du Mali, le pays de mes parents. En ce qui concerne les joueurs, j&rsquo;admire Kimpemb\u00e9 pour son agressivit\u00e9 et sa grinta, et j&rsquo;appr\u00e9cie beaucoup Thiago Silva pour sa s\u00e9r\u00e9nit\u00e9 et son intelligence du jeu. J&rsquo;essaie de m&rsquo;inspirer d&rsquo;eux dans ma propre pratique.\u00a0\u00bb<\/p>\n\n\n\n<p><strong>Comment juges-tu notre d\u00e9but de saison\u00a0?<\/strong><br>\u00ab\u00a0Je suis convaincu que l&rsquo;entente au sein de l&rsquo;\u00e9quipe s&rsquo;est rapidement install\u00e9e. Cependant, sur le plan des r\u00e9sultats, c&rsquo;est un peu complexe, car ces derniers ne refl\u00e8tent pas toujours les aspects positifs observ\u00e9s sur le terrain. Par exemple, le match contre Pontarlier a \u00e9t\u00e9 un peu plus difficile. En ce d\u00e9but de saison, le bilan est mitig\u00e9, et il est encore pr\u00e9matur\u00e9 de tirer des conclusions. L&rsquo;objectif serait d&rsquo;engager une s\u00e9rie de victoires qui serait b\u00e9n\u00e9fique \u00e0 tous \u00e9gards.\u00a0\u00bb<\/p>\n\n\n\n<figure class=\"wp-block-pullquote\"><blockquote><p>\u00ab  L&rsquo;objectif principal est de d\u00e9crocher les trois points devant nos supporters. \u00bb<\/p><\/blockquote><\/figure>\n\n\n\n<p><strong>Apr\u00e8s Louhans, un match capital \u00e0 domicile face \u00e0 Cosne\u00a0:<\/strong><br>\u00ab\u00a0Pour ma part, j&rsquo;approcherai ce match de la m\u00eame mani\u00e8re que les autres, en mettant l&rsquo;accent sur la concentration. \u00c0 domicile, notre mentalit\u00e9 est de ne laisser personne prendre des points chez nous. L&rsquo;objectif principal est de d\u00e9crocher les trois points devant nos supporters.\u00a0\u00bb<\/p>\n\n\n\n<p><strong>Le mot de la fin\u00a0?<\/strong><br>\u00ab\u00a0C&rsquo;est r\u00e9ellement gratifiant de ressentir cette ferveur autour de nous. Cela nous motive et suscite le d\u00e9sir de r\u00e9pondre de la m\u00eame mani\u00e8re, surtout envers les supporters et ultras qui nous accompagnent lors de nos d\u00e9placements. Nous n&rsquo;avons pas toujours r\u00e9ussi \u00e0 les satisfaire \u00e0 l&rsquo;ext\u00e9rieur, et c&rsquo;est quelque chose que nous voulons changer. Je tiens \u00e9galement \u00e0 remercier tous les supporters, les ultras, les partenaires, les b\u00e9n\u00e9voles, et ceux qui gravitent autour du club. Des personnes comme Michel Berthommier ou Guy Clopin, qui prennent soin de nous et toujours pr\u00e9sent avec leur bonne humeur. C&rsquo;est vraiment une belle surprise d&rsquo;avoir autant de soutien pour nous propulser au sommet. Encore une fois, un grand merci \u00e0 tous ceux qui nous encouragent m\u00eame dans les moments difficiles\u00a0!\u00a0\u00bb<\/p>\n\n\n\n<p><br><\/p>\n\n\n\n<div style=\"height:100px\" aria-hidden=\"true\" class=\"wp-block-spacer\"><\/div>\n\n\n\n<hr class=\"wp-block-separator has-alpha-channel-opacity\"\/>\n\n\n\n<h3 class=\"wp-block-heading\">Retrouvez le Forgeron Mag #07 en int\u00e9gralit\u00e9<\/h3>\n\n\n\n<div class=\"wp-block-pdf-viewer-block-standard\" style=\"text-align:left\"><div class=\"uploaded-pdf\"><a href=\"https:\/\/www.fcgueugnon.fr\/site\/wp-content\/uploads\/2023\/12\/Forgeron-mag-7-FCG-UCS-Cosne.pdf\" data-width=\"\" data-height=\"\"><\/a><\/div><\/div>\n\n\n\n<div class=\"wp-block-buttons is-layout-flex wp-block-buttons-is-layout-flex\">\n<div class=\"wp-block-button alignright is-style-circular\"><a class=\"wp-block-button__link wp-element-button\" href=\"https:\/\/www.fcgueugnon.fr\/site\/wp-content\/uploads\/2023\/12\/Forgeron-mag-7-FCG-UCS-Cosne.pdf\">T\u00e9l\u00e9charger<\/a><\/div>\n<\/div>\n","protected":false},"excerpt":{"rendered":"<p>D\u00e9couvrez en int\u00e9gralit\u00e9 l&rsquo;entretien de Mahamadou CISSE diffus\u00e9 \u00e0 l&rsquo;occasion de la r\u00e9ception de l&rsquo;UCS Cosne pour la 10e journ\u00e9e de N3 Bonjour Mahamadou, peux-tu te pr\u00e9senter et nous retracer ton parcours dans le foot\u00a0:\u00ab\u00a0Je viens de Vitry-sur-Seine et j&rsquo;ai d\u00e9but\u00e9 ma carri\u00e8re footballistique en U10 \u00e0 l&rsquo;US Vitry. J&rsquo;y ai \u00e9volu\u00e9 pendant huit saisons &#8230; <\/p>\n<p class=\"read-more-container\"><a title=\"[Interview] Forgeron Mag #7 avec Mahamadou CISSE\" class=\"read-more button\" href=\"https:\/\/www.fcgueugnon.fr\/site\/interview-forgeron-mag-7-avec-mahamadou-cisse\/7494#more-7494\" aria-label=\"Plus sur [Interview] Forgeron Mag #7 avec Mahamadou CISSE\">Lire la suite<\/a><\/p>\n","protected":false},"author":2,"featured_media":6757,"comment_status":"closed","ping_status":"closed","sticky":false,"template":"","format":"standard","meta":{"footnotes":""},"categories":[4,55],"tags":[24,11],"class_list":["post-7494","post","type-post","status-publish","format-standard","has-post-thumbnail","hentry","category-news","category-news-2023-2024","tag-forgeron-mag","tag-interview","infinite-scroll-item","generate-columns","tablet-grid-50","mobile-grid-100","grid-parent","grid-25"],"yoast_head":"<!-- This site is optimized with the Yoast SEO plugin v26.6 - https:\/\/yoast.com\/wordpress\/plugins\/seo\/ -->\n<title>[Interview] Forgeron Mag #7 avec Mahamadou CISSE &#8226; FOOTBALL CLUB GUEUGNON<\/title>\n<meta name=\"robots\" content=\"index, follow, max-snippet:-1, max-image-preview:large, max-video-preview:-1\" \/>\n<link rel=\"canonical\" href=\"https:\/\/www.fcgueugnon.fr\/site\/interview-forgeron-mag-7-avec-mahamadou-cisse\/7494\" \/>\n<meta property=\"og:locale\" content=\"fr_FR\" \/>\n<meta property=\"og:type\" content=\"article\" \/>\n<meta property=\"og:title\" content=\"[Interview] Forgeron Mag #7 avec Mahamadou CISSE &#8226; FOOTBALL CLUB GUEUGNON\" \/>\n<meta property=\"og:description\" content=\"D\u00e9couvrez en int\u00e9gralit\u00e9 l&rsquo;entretien de Mahamadou CISSE diffus\u00e9 \u00e0 l&rsquo;occasion de la r\u00e9ception de l&rsquo;UCS Cosne pour la 10e journ\u00e9e de N3 Bonjour Mahamadou, peux-tu te pr\u00e9senter et nous retracer ton parcours dans le foot\u00a0:\u00ab\u00a0Je viens de Vitry-sur-Seine et j&rsquo;ai d\u00e9but\u00e9 ma carri\u00e8re footballistique en U10 \u00e0 l&rsquo;US Vitry. J&rsquo;y ai \u00e9volu\u00e9 pendant huit saisons ... Lire la suite\" \/>\n<meta property=\"og:url\" content=\"https:\/\/www.fcgueugnon.fr\/site\/interview-forgeron-mag-7-avec-mahamadou-cisse\/7494\" \/>\n<meta property=\"og:site_name\" content=\"FOOTBALL CLUB GUEUGNON\" \/>\n<meta property=\"article:publisher\" content=\"http:\/\/facebook.com\/FCGueugnon\" \/>\n<meta property=\"article:published_time\" content=\"2023-12-02T15:55:00+00:00\" \/>\n<meta property=\"og:image\" content=\"https:\/\/www.fcgueugnon.fr\/site\/wp-content\/uploads\/2023\/10\/mahamadou-cisse-scaled.jpg\" \/>\n\t<meta property=\"og:image:width\" content=\"2560\" \/>\n\t<meta property=\"og:image:height\" content=\"1707\" \/>\n\t<meta property=\"og:image:type\" content=\"image\/jpeg\" \/>\n<meta name=\"author\" content=\"FC Gueugnon\" \/>\n<meta name=\"twitter:card\" content=\"summary_large_image\" \/>\n<meta name=\"twitter:creator\" content=\"@FCGueugnon_off\" \/>\n<meta name=\"twitter:site\" content=\"@FCGueugnon_off\" \/>\n<meta name=\"twitter:label1\" content=\"\u00c9crit par\" \/>\n\t<meta name=\"twitter:data1\" content=\"FC Gueugnon\" \/>\n\t<meta name=\"twitter:label2\" content=\"Dur\u00e9e de lecture estim\u00e9e\" \/>\n\t<meta name=\"twitter:data2\" content=\"5 minutes\" \/>\n<script type=\"application\/ld+json\" class=\"yoast-schema-graph\">{\"@context\":\"https:\/\/schema.org\",\"@graph\":[{\"@type\":\"Article\",\"@id\":\"https:\/\/www.fcgueugnon.fr\/site\/interview-forgeron-mag-7-avec-mahamadou-cisse\/7494#article\",\"isPartOf\":{\"@id\":\"https:\/\/www.fcgueugnon.fr\/site\/interview-forgeron-mag-7-avec-mahamadou-cisse\/7494\"},\"author\":{\"name\":\"FC Gueugnon\",\"@id\":\"https:\/\/www.fcgueugnon.fr\/site\/#\/schema\/person\/d342d0c35e8e8f04740b9bdd734eeb20\"},\"headline\":\"[Interview] Forgeron Mag #7 avec Mahamadou CISSE\",\"datePublished\":\"2023-12-02T15:55:00+00:00\",\"mainEntityOfPage\":{\"@id\":\"https:\/\/www.fcgueugnon.fr\/site\/interview-forgeron-mag-7-avec-mahamadou-cisse\/7494\"},\"wordCount\":1067,\"publisher\":{\"@id\":\"https:\/\/www.fcgueugnon.fr\/site\/#organization\"},\"image\":{\"@id\":\"https:\/\/www.fcgueugnon.fr\/site\/interview-forgeron-mag-7-avec-mahamadou-cisse\/7494#primaryimage\"},\"thumbnailUrl\":\"https:\/\/www.fcgueugnon.fr\/site\/wp-content\/uploads\/2023\/10\/mahamadou-cisse-scaled.jpg\",\"keywords\":[\"Forgeron Mag\",\"Interview\"],\"articleSection\":[\"News\",\"News 2023\/2024\"],\"inLanguage\":\"fr-FR\"},{\"@type\":\"WebPage\",\"@id\":\"https:\/\/www.fcgueugnon.fr\/site\/interview-forgeron-mag-7-avec-mahamadou-cisse\/7494\",\"url\":\"https:\/\/www.fcgueugnon.fr\/site\/interview-forgeron-mag-7-avec-mahamadou-cisse\/7494\",\"name\":\"[Interview] Forgeron Mag #7 avec Mahamadou CISSE &#8226; FOOTBALL CLUB GUEUGNON\",\"isPartOf\":{\"@id\":\"https:\/\/www.fcgueugnon.fr\/site\/#website\"},\"primaryImageOfPage\":{\"@id\":\"https:\/\/www.fcgueugnon.fr\/site\/interview-forgeron-mag-7-avec-mahamadou-cisse\/7494#primaryimage\"},\"image\":{\"@id\":\"https:\/\/www.fcgueugnon.fr\/site\/interview-forgeron-mag-7-avec-mahamadou-cisse\/7494#primaryimage\"},\"thumbnailUrl\":\"https:\/\/www.fcgueugnon.fr\/site\/wp-content\/uploads\/2023\/10\/mahamadou-cisse-scaled.jpg\",\"datePublished\":\"2023-12-02T15:55:00+00:00\",\"breadcrumb\":{\"@id\":\"https:\/\/www.fcgueugnon.fr\/site\/interview-forgeron-mag-7-avec-mahamadou-cisse\/7494#breadcrumb\"},\"inLanguage\":\"fr-FR\",\"potentialAction\":[{\"@type\":\"ReadAction\",\"target\":[\"https:\/\/www.fcgueugnon.fr\/site\/interview-forgeron-mag-7-avec-mahamadou-cisse\/7494\"]}]},{\"@type\":\"ImageObject\",\"inLanguage\":\"fr-FR\",\"@id\":\"https:\/\/www.fcgueugnon.fr\/site\/interview-forgeron-mag-7-avec-mahamadou-cisse\/7494#primaryimage\",\"url\":\"https:\/\/www.fcgueugnon.fr\/site\/wp-content\/uploads\/2023\/10\/mahamadou-cisse-scaled.jpg\",\"contentUrl\":\"https:\/\/www.fcgueugnon.fr\/site\/wp-content\/uploads\/2023\/10\/mahamadou-cisse-scaled.jpg\",\"width\":2560,\"height\":1707},{\"@type\":\"BreadcrumbList\",\"@id\":\"https:\/\/www.fcgueugnon.fr\/site\/interview-forgeron-mag-7-avec-mahamadou-cisse\/7494#breadcrumb\",\"itemListElement\":[{\"@type\":\"ListItem\",\"position\":1,\"name\":\"Accueil\",\"item\":\"https:\/\/www.fcgueugnon.fr\/site\/\"},{\"@type\":\"ListItem\",\"position\":2,\"name\":\"[Interview] Forgeron Mag #7 avec Mahamadou CISSE\"}]},{\"@type\":\"WebSite\",\"@id\":\"https:\/\/www.fcgueugnon.fr\/site\/#website\",\"url\":\"https:\/\/www.fcgueugnon.fr\/site\/\",\"name\":\"FOOTBALL CLUB GUEUGNON\",\"description\":\"Le Site Officiel des Forgerons\",\"publisher\":{\"@id\":\"https:\/\/www.fcgueugnon.fr\/site\/#organization\"},\"potentialAction\":[{\"@type\":\"SearchAction\",\"target\":{\"@type\":\"EntryPoint\",\"urlTemplate\":\"https:\/\/www.fcgueugnon.fr\/site\/?s={search_term_string}\"},\"query-input\":{\"@type\":\"PropertyValueSpecification\",\"valueRequired\":true,\"valueName\":\"search_term_string\"}}],\"inLanguage\":\"fr-FR\"},{\"@type\":\"Organization\",\"@id\":\"https:\/\/www.fcgueugnon.fr\/site\/#organization\",\"name\":\"FC Gueugnon\",\"url\":\"https:\/\/www.fcgueugnon.fr\/site\/\",\"logo\":{\"@type\":\"ImageObject\",\"inLanguage\":\"fr-FR\",\"@id\":\"https:\/\/www.fcgueugnon.fr\/site\/#\/schema\/logo\/image\/\",\"url\":\"https:\/\/www.fcgueugnon.fr\/site\/wp-content\/uploads\/2022\/07\/cropped-Logo-FCGUEUGNON-low-350x350-1.png\",\"contentUrl\":\"https:\/\/www.fcgueugnon.fr\/site\/wp-content\/uploads\/2022\/07\/cropped-Logo-FCGUEUGNON-low-350x350-1.png\",\"width\":350,\"height\":350,\"caption\":\"FC Gueugnon\"},\"image\":{\"@id\":\"https:\/\/www.fcgueugnon.fr\/site\/#\/schema\/logo\/image\/\"},\"sameAs\":[\"http:\/\/facebook.com\/FCGueugnon\",\"https:\/\/x.com\/FCGueugnon_off\",\"https:\/\/www.instagram.com\/fcgueugnon\/\",\"https:\/\/www.linkedin.com\/company\/football-club-de-gueugnon\/\",\"https:\/\/www.youtube.com\/user\/FCGueugnonnais\",\"https:\/\/fr.wikipedia.org\/wiki\/Football_Club_de_Gueugnon\"]},{\"@type\":\"Person\",\"@id\":\"https:\/\/www.fcgueugnon.fr\/site\/#\/schema\/person\/d342d0c35e8e8f04740b9bdd734eeb20\",\"name\":\"FC Gueugnon\",\"url\":\"https:\/\/www.fcgueugnon.fr\/site\/author\/s-rod\"}]}<\/script>\n<!-- \/ Yoast SEO plugin. -->","yoast_head_json":{"title":"[Interview] Forgeron Mag #7 avec Mahamadou CISSE &#8226; FOOTBALL CLUB GUEUGNON","robots":{"index":"index","follow":"follow","max-snippet":"max-snippet:-1","max-image-preview":"max-image-preview:large","max-video-preview":"max-video-preview:-1"},"canonical":"https:\/\/www.fcgueugnon.fr\/site\/interview-forgeron-mag-7-avec-mahamadou-cisse\/7494","og_locale":"fr_FR","og_type":"article","og_title":"[Interview] Forgeron Mag #7 avec Mahamadou CISSE &#8226; FOOTBALL CLUB GUEUGNON","og_description":"D\u00e9couvrez en int\u00e9gralit\u00e9 l&rsquo;entretien de Mahamadou CISSE diffus\u00e9 \u00e0 l&rsquo;occasion de la r\u00e9ception de l&rsquo;UCS Cosne pour la 10e journ\u00e9e de N3 Bonjour Mahamadou, peux-tu te pr\u00e9senter et nous retracer ton parcours dans le foot\u00a0:\u00ab\u00a0Je viens de Vitry-sur-Seine et j&rsquo;ai d\u00e9but\u00e9 ma carri\u00e8re footballistique en U10 \u00e0 l&rsquo;US Vitry. J&rsquo;y ai \u00e9volu\u00e9 pendant huit saisons ... Lire la suite","og_url":"https:\/\/www.fcgueugnon.fr\/site\/interview-forgeron-mag-7-avec-mahamadou-cisse\/7494","og_site_name":"FOOTBALL CLUB GUEUGNON","article_publisher":"http:\/\/facebook.com\/FCGueugnon","article_published_time":"2023-12-02T15:55:00+00:00","og_image":[{"width":2560,"height":1707,"url":"https:\/\/www.fcgueugnon.fr\/site\/wp-content\/uploads\/2023\/10\/mahamadou-cisse-scaled.jpg","type":"image\/jpeg"}],"author":"FC Gueugnon","twitter_card":"summary_large_image","twitter_creator":"@FCGueugnon_off","twitter_site":"@FCGueugnon_off","twitter_misc":{"\u00c9crit par":"FC Gueugnon","Dur\u00e9e de lecture estim\u00e9e":"5 minutes"},"schema":{"@context":"https:\/\/schema.org","@graph":[{"@type":"Article","@id":"https:\/\/www.fcgueugnon.fr\/site\/interview-forgeron-mag-7-avec-mahamadou-cisse\/7494#article","isPartOf":{"@id":"https:\/\/www.fcgueugnon.fr\/site\/interview-forgeron-mag-7-avec-mahamadou-cisse\/7494"},"author":{"name":"FC Gueugnon","@id":"https:\/\/www.fcgueugnon.fr\/site\/#\/schema\/person\/d342d0c35e8e8f04740b9bdd734eeb20"},"headline":"[Interview] Forgeron Mag #7 avec Mahamadou CISSE","datePublished":"2023-12-02T15:55:00+00:00","mainEntityOfPage":{"@id":"https:\/\/www.fcgueugnon.fr\/site\/interview-forgeron-mag-7-avec-mahamadou-cisse\/7494"},"wordCount":1067,"publisher":{"@id":"https:\/\/www.fcgueugnon.fr\/site\/#organization"},"image":{"@id":"https:\/\/www.fcgueugnon.fr\/site\/interview-forgeron-mag-7-avec-mahamadou-cisse\/7494#primaryimage"},"thumbnailUrl":"https:\/\/www.fcgueugnon.fr\/site\/wp-content\/uploads\/2023\/10\/mahamadou-cisse-scaled.jpg","keywords":["Forgeron Mag","Interview"],"articleSection":["News","News 2023\/2024"],"inLanguage":"fr-FR"},{"@type":"WebPage","@id":"https:\/\/www.fcgueugnon.fr\/site\/interview-forgeron-mag-7-avec-mahamadou-cisse\/7494","url":"https:\/\/www.fcgueugnon.fr\/site\/interview-forgeron-mag-7-avec-mahamadou-cisse\/7494","name":"[Interview] Forgeron Mag #7 avec Mahamadou CISSE &#8226; FOOTBALL CLUB GUEUGNON","isPartOf":{"@id":"https:\/\/www.fcgueugnon.fr\/site\/#website"},"primaryImageOfPage":{"@id":"https:\/\/www.fcgueugnon.fr\/site\/interview-forgeron-mag-7-avec-mahamadou-cisse\/7494#primaryimage"},"image":{"@id":"https:\/\/www.fcgueugnon.fr\/site\/interview-forgeron-mag-7-avec-mahamadou-cisse\/7494#primaryimage"},"thumbnailUrl":"https:\/\/www.fcgueugnon.fr\/site\/wp-content\/uploads\/2023\/10\/mahamadou-cisse-scaled.jpg","datePublished":"2023-12-02T15:55:00+00:00","breadcrumb":{"@id":"https:\/\/www.fcgueugnon.fr\/site\/interview-forgeron-mag-7-avec-mahamadou-cisse\/7494#breadcrumb"},"inLanguage":"fr-FR","potentialAction":[{"@type":"ReadAction","target":["https:\/\/www.fcgueugnon.fr\/site\/interview-forgeron-mag-7-avec-mahamadou-cisse\/7494"]}]},{"@type":"ImageObject","inLanguage":"fr-FR","@id":"https:\/\/www.fcgueugnon.fr\/site\/interview-forgeron-mag-7-avec-mahamadou-cisse\/7494#primaryimage","url":"https:\/\/www.fcgueugnon.fr\/site\/wp-content\/uploads\/2023\/10\/mahamadou-cisse-scaled.jpg","contentUrl":"https:\/\/www.fcgueugnon.fr\/site\/wp-content\/uploads\/2023\/10\/mahamadou-cisse-scaled.jpg","width":2560,"height":1707},{"@type":"BreadcrumbList","@id":"https:\/\/www.fcgueugnon.fr\/site\/interview-forgeron-mag-7-avec-mahamadou-cisse\/7494#breadcrumb","itemListElement":[{"@type":"ListItem","position":1,"name":"Accueil","item":"https:\/\/www.fcgueugnon.fr\/site\/"},{"@type":"ListItem","position":2,"name":"[Interview] Forgeron Mag #7 avec Mahamadou CISSE"}]},{"@type":"WebSite","@id":"https:\/\/www.fcgueugnon.fr\/site\/#website","url":"https:\/\/www.fcgueugnon.fr\/site\/","name":"FOOTBALL CLUB GUEUGNON","description":"Le Site Officiel des Forgerons","publisher":{"@id":"https:\/\/www.fcgueugnon.fr\/site\/#organization"},"potentialAction":[{"@type":"SearchAction","target":{"@type":"EntryPoint","urlTemplate":"https:\/\/www.fcgueugnon.fr\/site\/?s={search_term_string}"},"query-input":{"@type":"PropertyValueSpecification","valueRequired":true,"valueName":"search_term_string"}}],"inLanguage":"fr-FR"},{"@type":"Organization","@id":"https:\/\/www.fcgueugnon.fr\/site\/#organization","name":"FC Gueugnon","url":"https:\/\/www.fcgueugnon.fr\/site\/","logo":{"@type":"ImageObject","inLanguage":"fr-FR","@id":"https:\/\/www.fcgueugnon.fr\/site\/#\/schema\/logo\/image\/","url":"https:\/\/www.fcgueugnon.fr\/site\/wp-content\/uploads\/2022\/07\/cropped-Logo-FCGUEUGNON-low-350x350-1.png","contentUrl":"https:\/\/www.fcgueugnon.fr\/site\/wp-content\/uploads\/2022\/07\/cropped-Logo-FCGUEUGNON-low-350x350-1.png","width":350,"height":350,"caption":"FC Gueugnon"},"image":{"@id":"https:\/\/www.fcgueugnon.fr\/site\/#\/schema\/logo\/image\/"},"sameAs":["http:\/\/facebook.com\/FCGueugnon","https:\/\/x.com\/FCGueugnon_off","https:\/\/www.instagram.com\/fcgueugnon\/","https:\/\/www.linkedin.com\/company\/football-club-de-gueugnon\/","https:\/\/www.youtube.com\/user\/FCGueugnonnais","https:\/\/fr.wikipedia.org\/wiki\/Football_Club_de_Gueugnon"]},{"@type":"Person","@id":"https:\/\/www.fcgueugnon.fr\/site\/#\/schema\/person\/d342d0c35e8e8f04740b9bdd734eeb20","name":"FC Gueugnon","url":"https:\/\/www.fcgueugnon.fr\/site\/author\/s-rod"}]}},"rttpg_featured_image_url":{"full":["https:\/\/www.fcgueugnon.fr\/site\/wp-content\/uploads\/2023\/10\/mahamadou-cisse-scaled.jpg",2560,1707,false],"landscape":["https:\/\/www.fcgueugnon.fr\/site\/wp-content\/uploads\/2023\/10\/mahamadou-cisse-scaled.jpg",2560,1707,false],"portraits":["https:\/\/www.fcgueugnon.fr\/site\/wp-content\/uploads\/2023\/10\/mahamadou-cisse-scaled.jpg",2560,1707,false],"thumbnail":["https:\/\/www.fcgueugnon.fr\/site\/wp-content\/uploads\/2023\/10\/mahamadou-cisse-150x150.jpg",150,150,true],"medium":["https:\/\/www.fcgueugnon.fr\/site\/wp-content\/uploads\/2023\/10\/mahamadou-cisse-400x267.jpg",400,267,true],"large":["https:\/\/www.fcgueugnon.fr\/site\/wp-content\/uploads\/2023\/10\/mahamadou-cisse-1024x683.jpg",1024,683,true],"1536x1536":["https:\/\/www.fcgueugnon.fr\/site\/wp-content\/uploads\/2023\/10\/mahamadou-cisse-1536x1024.jpg",1536,1024,true],"2048x2048":["https:\/\/www.fcgueugnon.fr\/site\/wp-content\/uploads\/2023\/10\/mahamadou-cisse-2048x1365.jpg",2048,1365,true]},"rttpg_author":{"display_name":"FC Gueugnon","author_link":"https:\/\/www.fcgueugnon.fr\/site\/author\/s-rod"},"rttpg_comment":0,"rttpg_category":"<a href=\"https:\/\/www.fcgueugnon.fr\/site\/category\/news\" rel=\"category tag\">News<\/a> <a href=\"https:\/\/www.fcgueugnon.fr\/site\/category\/news\/news-2023-2024\" rel=\"category tag\">News 2023\/2024<\/a>","rttpg_excerpt":"D\u00e9couvrez en int\u00e9gralit\u00e9 l&rsquo;entretien de Mahamadou CISSE diffus\u00e9 \u00e0 l&rsquo;occasion de la r\u00e9ception de l&rsquo;UCS Cosne pour la 10e journ\u00e9e de N3 Bonjour Mahamadou, peux-tu te pr\u00e9senter et nous retracer ton parcours dans le foot\u00a0:\u00ab\u00a0Je viens de Vitry-sur-Seine et j&rsquo;ai d\u00e9but\u00e9 ma carri\u00e8re footballistique en U10 \u00e0 l&rsquo;US Vitry. J&rsquo;y ai \u00e9volu\u00e9 pendant huit saisons\u2026","_links":{"self":[{"href":"https:\/\/www.fcgueugnon.fr\/site\/wp-json\/wp\/v2\/posts\/7494","targetHints":{"allow":["GET"]}}],"collection":[{"href":"https:\/\/www.fcgueugnon.fr\/site\/wp-json\/wp\/v2\/posts"}],"about":[{"href":"https:\/\/www.fcgueugnon.fr\/site\/wp-json\/wp\/v2\/types\/post"}],"author":[{"embeddable":true,"href":"https:\/\/www.fcgueugnon.fr\/site\/wp-json\/wp\/v2\/users\/2"}],"replies":[{"embeddable":true,"href":"https:\/\/www.fcgueugnon.fr\/site\/wp-json\/wp\/v2\/comments?post=7494"}],"version-history":[{"count":1,"href":"https:\/\/www.fcgueugnon.fr\/site\/wp-json\/wp\/v2\/posts\/7494\/revisions"}],"predecessor-version":[{"id":7496,"href":"https:\/\/www.fcgueugnon.fr\/site\/wp-json\/wp\/v2\/posts\/7494\/revisions\/7496"}],"wp:featuredmedia":[{"embeddable":true,"href":"https:\/\/www.fcgueugnon.fr\/site\/wp-json\/wp\/v2\/media\/6757"}],"wp:attachment":[{"href":"https:\/\/www.fcgueugnon.fr\/site\/wp-json\/wp\/v2\/media?parent=7494"}],"wp:term":[{"taxonomy":"category","embeddable":true,"href":"https:\/\/www.fcgueugnon.fr\/site\/wp-json\/wp\/v2\/categories?post=7494"},{"taxonomy":"post_tag","embeddable":true,"href":"https:\/\/www.fcgueugnon.fr\/site\/wp-json\/wp\/v2\/tags?post=7494"}],"curies":[{"name":"wp","href":"https:\/\/api.w.org\/{rel}","templated":true}]}}