{"id":7442,"date":"2023-11-27T11:41:39","date_gmt":"2023-11-27T10:41:39","guid":{"rendered":"https:\/\/www.fcgueugnon.fr\/site\/?p=7442"},"modified":"2023-11-27T11:41:42","modified_gmt":"2023-11-27T10:41:42","slug":"agenda-resultats-du-week-end-du-25-et-26-novembre-2023","status":"publish","type":"post","link":"https:\/\/www.fcgueugnon.fr\/site\/agenda-resultats-du-week-end-du-25-et-26-novembre-2023\/7442","title":{"rendered":"[Agenda] R\u00e9sultats du week-end du 25 et 26 Novembre 2023"},"content":{"rendered":"\n<h2 class=\"wp-block-heading\">Retrouvez les r\u00e9sultats de nos forgerons ce week-end :<\/h2>\n\n\n\n<div style=\"height:35px\" aria-hidden=\"true\" class=\"wp-block-spacer\"><\/div>\n\n\n\n<h3 class=\"wp-block-heading blue-underline-title\">S\u00e9niors<\/h3>\n\n\n\n<p><em>Groupe N3  \u2013 N3 J09 <\/em>\ud83d\udfe7<em><br><\/em>Samedi 25\/11 &#8211; 18h00<br><strong>FC Louhans-Cuiseaux \/ FC Gueugnon <\/strong>:<strong> 0-0<\/strong><\/p>\n\n\n\n<div style=\"height:12px\" aria-hidden=\"true\" class=\"wp-block-spacer\"><\/div>\n\n\n<div class=\"wp-block-image\">\n<figure class=\"aligncenter size-large is-resized\"><img loading=\"lazy\" decoding=\"async\" width=\"819\" height=\"1024\" src=\"https:\/\/www.fcgueugnon.fr\/site\/wp-content\/uploads\/2023\/11\/SCORE-FINAL-FB-IG-TW-2-819x1024.png\" alt=\"\" class=\"wp-image-7424\" style=\"width:429px;height:auto\" srcset=\"https:\/\/www.fcgueugnon.fr\/site\/wp-content\/uploads\/2023\/11\/SCORE-FINAL-FB-IG-TW-2-819x1024.png 819w, https:\/\/www.fcgueugnon.fr\/site\/wp-content\/uploads\/2023\/11\/SCORE-FINAL-FB-IG-TW-2-320x400.png 320w, https:\/\/www.fcgueugnon.fr\/site\/wp-content\/uploads\/2023\/11\/SCORE-FINAL-FB-IG-TW-2-768x960.png 768w, https:\/\/www.fcgueugnon.fr\/site\/wp-content\/uploads\/2023\/11\/SCORE-FINAL-FB-IG-TW-2-1229x1536.png 1229w, https:\/\/www.fcgueugnon.fr\/site\/wp-content\/uploads\/2023\/11\/SCORE-FINAL-FB-IG-TW-2-1638x2048.png 1638w, https:\/\/www.fcgueugnon.fr\/site\/wp-content\/uploads\/2023\/11\/SCORE-FINAL-FB-IG-TW-2-1320x1650.png 1320w, https:\/\/www.fcgueugnon.fr\/site\/wp-content\/uploads\/2023\/11\/SCORE-FINAL-FB-IG-TW-2-600x750.png 600w, https:\/\/www.fcgueugnon.fr\/site\/wp-content\/uploads\/2023\/11\/SCORE-FINAL-FB-IG-TW-2.png 2000w\" sizes=\"auto, (max-width: 819px) 100vw, 819px\" \/><\/figure>\n<\/div>\n\n\n<div style=\"height:12px\" aria-hidden=\"true\" class=\"wp-block-spacer\"><\/div>\n\n\n\n<p><em>Groupe Espoirs  \u2013 R1 J09 <\/em>\u2611<em><br><\/em>Dimanche 26\/11 &#8211; 14h30<br><strong><strong>F<\/strong>C Chalon \/ FC Gueugnon<\/strong> : <strong>1-0<\/strong><\/p>\n\n\n\n<div style=\"height:15px\" aria-hidden=\"true\" class=\"wp-block-spacer\"><\/div>\n\n\n\n<div style=\"height:19px\" aria-hidden=\"true\" class=\"wp-block-spacer\"><\/div>\n\n\n\n<h3 class=\"wp-block-heading blue-underline-title\">Sport E.Leclerc Acad\u00e9mie<\/h3>\n\n\n\n<p><em>U18 \u2013 R1 <\/em>J11 \u2611<br>Dimanche 26\/11 &#8211; 14h30<br><strong>FC Gueugnon<\/strong> <strong>\/ ASPTT Dijon<\/strong> : <strong>0-3<\/strong><br><br><em>U16 \u2013 R1 <\/em>J10 \u2611<br>Dimanche 26\/11 &#8211; 12h30<br><strong>Racing Besan\u00e7on<\/strong> <strong>\/ FC Gueugnon<\/strong> : <strong>2-1<\/strong><\/p>\n\n\n\n<p><em>U15 \u2013 R1 <\/em>J10 \ud83d\udfe7<br>Samedi 25\/11 &#8211; 14h30<br><strong>FC Gueugnon<\/strong> <strong>\/ FCMB<\/strong> : <strong>2-2<\/strong><br><br><em>U15F \u2013 D1 <\/em>J06 \u2705<br>Samedi 25\/11 &#8211; 14h30<br><strong>US St Serninoise \/ FC Gueugnon<\/strong> :<strong> 0-15<\/strong><\/p>\n\n\n\n<div style=\"height:12px\" aria-hidden=\"true\" class=\"wp-block-spacer\"><\/div>\n\n\n<div class=\"wp-block-image\">\n<figure class=\"aligncenter size-large is-resized\"><img loading=\"lazy\" decoding=\"async\" width=\"768\" height=\"1024\" src=\"https:\/\/www.fcgueugnon.fr\/site\/wp-content\/uploads\/2023\/11\/U15F-FCG-ST-Sernin-768x1024.jpeg\" alt=\"\" class=\"wp-image-7445\" style=\"width:423px;height:auto\" srcset=\"https:\/\/www.fcgueugnon.fr\/site\/wp-content\/uploads\/2023\/11\/U15F-FCG-ST-Sernin-768x1024.jpeg 768w, https:\/\/www.fcgueugnon.fr\/site\/wp-content\/uploads\/2023\/11\/U15F-FCG-ST-Sernin-300x400.jpeg 300w, https:\/\/www.fcgueugnon.fr\/site\/wp-content\/uploads\/2023\/11\/U15F-FCG-ST-Sernin-1152x1536.jpeg 1152w, https:\/\/www.fcgueugnon.fr\/site\/wp-content\/uploads\/2023\/11\/U15F-FCG-ST-Sernin-600x800.jpeg 600w, https:\/\/www.fcgueugnon.fr\/site\/wp-content\/uploads\/2023\/11\/U15F-FCG-ST-Sernin.jpeg 1200w\" sizes=\"auto, (max-width: 768px) 100vw, 768px\" \/><\/figure>\n<\/div>\n\n\n<p><br><br><em>U14 \u2013 R1 <\/em>J10 \u2611<br>Samedi 25\/11 &#8211; 14h30<br><strong>FCMB \/ FC Gueugnon<\/strong> : <strong>1-0<\/strong><\/p>\n\n\n\n<div style=\"height:12px\" aria-hidden=\"true\" class=\"wp-block-spacer\"><\/div>\n\n\n<div class=\"wp-block-image\">\n<figure class=\"aligncenter size-large is-resized\"><img loading=\"lazy\" decoding=\"async\" width=\"1024\" height=\"536\" src=\"https:\/\/www.fcgueugnon.fr\/site\/wp-content\/uploads\/2023\/11\/U14-J10-1024x536.jpeg\" alt=\"\" class=\"wp-image-7444\" style=\"width:748px;height:auto\" srcset=\"https:\/\/www.fcgueugnon.fr\/site\/wp-content\/uploads\/2023\/11\/U14-J10-1024x536.jpeg 1024w, https:\/\/www.fcgueugnon.fr\/site\/wp-content\/uploads\/2023\/11\/U14-J10-400x210.jpeg 400w, https:\/\/www.fcgueugnon.fr\/site\/wp-content\/uploads\/2023\/11\/U14-J10-768x402.jpeg 768w, https:\/\/www.fcgueugnon.fr\/site\/wp-content\/uploads\/2023\/11\/U14-J10-1320x691.jpeg 1320w, https:\/\/www.fcgueugnon.fr\/site\/wp-content\/uploads\/2023\/11\/U14-J10-600x314.jpeg 600w, https:\/\/www.fcgueugnon.fr\/site\/wp-content\/uploads\/2023\/11\/U14-J10.jpeg 1365w\" sizes=\"auto, (max-width: 1024px) 100vw, 1024px\" \/><\/figure>\n<\/div>\n\n\n<div style=\"height:12px\" aria-hidden=\"true\" class=\"wp-block-spacer\"><\/div>\n\n\n\n<p><em>U13 \u2013 D<\/em>2 J08 \u2611<br>Samedi 25\/11\u2013 11h00<br><strong>FC Gueugnon \/ Sud Foot 71<\/strong> <strong>: 1-3<\/strong><\/p>\n\n\n\n<p><em>U11 \u2013 Niveau 1 <\/em><br>Samedi 25\/11 \u2013 10h30<br><strong>Plateau \u00e0 Chalon<\/strong><\/p>\n\n\n\n<div style=\"height:12px\" aria-hidden=\"true\" class=\"wp-block-spacer\"><\/div>\n\n\n<div class=\"wp-block-image\">\n<figure class=\"aligncenter size-large is-resized\"><img loading=\"lazy\" decoding=\"async\" width=\"1024\" height=\"768\" src=\"https:\/\/www.fcgueugnon.fr\/site\/wp-content\/uploads\/2023\/11\/U10-U11-Grouoe-Revuelta-1024x768.jpeg\" alt=\"\" class=\"wp-image-7447\" style=\"width:696px;height:auto\" srcset=\"https:\/\/www.fcgueugnon.fr\/site\/wp-content\/uploads\/2023\/11\/U10-U11-Grouoe-Revuelta-1024x768.jpeg 1024w, https:\/\/www.fcgueugnon.fr\/site\/wp-content\/uploads\/2023\/11\/U10-U11-Grouoe-Revuelta-400x300.jpeg 400w, https:\/\/www.fcgueugnon.fr\/site\/wp-content\/uploads\/2023\/11\/U10-U11-Grouoe-Revuelta-768x576.jpeg 768w, https:\/\/www.fcgueugnon.fr\/site\/wp-content\/uploads\/2023\/11\/U10-U11-Grouoe-Revuelta-1536x1152.jpeg 1536w, https:\/\/www.fcgueugnon.fr\/site\/wp-content\/uploads\/2023\/11\/U10-U11-Grouoe-Revuelta-1320x990.jpeg 1320w, https:\/\/www.fcgueugnon.fr\/site\/wp-content\/uploads\/2023\/11\/U10-U11-Grouoe-Revuelta-600x450.jpeg 600w, https:\/\/www.fcgueugnon.fr\/site\/wp-content\/uploads\/2023\/11\/U10-U11-Grouoe-Revuelta.jpeg 2048w\" sizes=\"auto, (max-width: 1024px) 100vw, 1024px\" \/><\/figure>\n<\/div>\n\n\n<div style=\"height:12px\" aria-hidden=\"true\" class=\"wp-block-spacer\"><\/div>\n\n\n\n<p><em>U11 \u2013 Niveau <\/em>2<br>Samedi 25\/11 \u2013 13h30<br><strong>Plateau \u00e0 Pouilloux<\/strong><\/p>\n\n\n\n<p><em>U11 \u2013 Niveau <\/em>3<br>Samedi 25\/11 \u2013 10h30<br><strong>Plateau \u00e0 Montchanin<\/strong><\/p>\n\n\n\n<div style=\"height:12px\" aria-hidden=\"true\" class=\"wp-block-spacer\"><\/div>\n\n\n<div class=\"wp-block-image\">\n<figure class=\"aligncenter size-large is-resized\"><img loading=\"lazy\" decoding=\"async\" width=\"1024\" height=\"576\" src=\"https:\/\/www.fcgueugnon.fr\/site\/wp-content\/uploads\/2023\/11\/U10-U11-Groupe-Berthommier-1024x576.jpeg\" alt=\"\" class=\"wp-image-7450\" style=\"width:715px;height:auto\" srcset=\"https:\/\/www.fcgueugnon.fr\/site\/wp-content\/uploads\/2023\/11\/U10-U11-Groupe-Berthommier-1024x576.jpeg 1024w, https:\/\/www.fcgueugnon.fr\/site\/wp-content\/uploads\/2023\/11\/U10-U11-Groupe-Berthommier-400x225.jpeg 400w, https:\/\/www.fcgueugnon.fr\/site\/wp-content\/uploads\/2023\/11\/U10-U11-Groupe-Berthommier-768x432.jpeg 768w, https:\/\/www.fcgueugnon.fr\/site\/wp-content\/uploads\/2023\/11\/U10-U11-Groupe-Berthommier-600x338.jpeg 600w, https:\/\/www.fcgueugnon.fr\/site\/wp-content\/uploads\/2023\/11\/U10-U11-Groupe-Berthommier.jpeg 1200w\" sizes=\"auto, (max-width: 1024px) 100vw, 1024px\" \/><\/figure>\n<\/div>\n\n\n<div style=\"height:12px\" aria-hidden=\"true\" class=\"wp-block-spacer\"><\/div>\n\n\n\n<p><em>U08 <\/em>-U09<br>Samedi 25\/11 \u2013 10h30\u00a0<br><strong>Plateau \u00e0 Gueugnon<\/strong><\/p>\n\n\n\n<div style=\"height:12px\" aria-hidden=\"true\" class=\"wp-block-spacer\"><\/div>\n\n\n<div class=\"wp-block-image\">\n<figure class=\"aligncenter size-large is-resized\"><img loading=\"lazy\" decoding=\"async\" width=\"1024\" height=\"768\" src=\"https:\/\/www.fcgueugnon.fr\/site\/wp-content\/uploads\/2023\/11\/Plateau-U9-Gueugnon-1024x768.jpeg\" alt=\"\" class=\"wp-image-7446\" style=\"width:664px;height:auto\" srcset=\"https:\/\/www.fcgueugnon.fr\/site\/wp-content\/uploads\/2023\/11\/Plateau-U9-Gueugnon-1024x768.jpeg 1024w, https:\/\/www.fcgueugnon.fr\/site\/wp-content\/uploads\/2023\/11\/Plateau-U9-Gueugnon-400x300.jpeg 400w, https:\/\/www.fcgueugnon.fr\/site\/wp-content\/uploads\/2023\/11\/Plateau-U9-Gueugnon-768x576.jpeg 768w, https:\/\/www.fcgueugnon.fr\/site\/wp-content\/uploads\/2023\/11\/Plateau-U9-Gueugnon-1536x1152.jpeg 1536w, https:\/\/www.fcgueugnon.fr\/site\/wp-content\/uploads\/2023\/11\/Plateau-U9-Gueugnon-1320x990.jpeg 1320w, https:\/\/www.fcgueugnon.fr\/site\/wp-content\/uploads\/2023\/11\/Plateau-U9-Gueugnon-600x450.jpeg 600w, https:\/\/www.fcgueugnon.fr\/site\/wp-content\/uploads\/2023\/11\/Plateau-U9-Gueugnon.jpeg 2048w\" sizes=\"auto, (max-width: 1024px) 100vw, 1024px\" \/><\/figure>\n<\/div>\n\n\n<div style=\"height:12px\" aria-hidden=\"true\" class=\"wp-block-spacer\"><\/div>\n\n\n\n<p>U09F<br>Samedi 25\/11 \u2013 10h30\u00a0<br><strong>Plateau \u00e0 Gueugnon<\/strong><br><\/p>\n\n\n\n<div style=\"height:37px\" aria-hidden=\"true\" class=\"wp-block-spacer\"><\/div>\n\n\n\n<h3 class=\"wp-block-heading blue-underline-title\">Arbitres<\/h3>\n\n\n\n<p style=\"text-decoration:underline\"><strong>Dimanche 26\/11<\/strong><\/p>\n\n\n\n<p><strong>Lucas MENAGER<\/strong><br>R2 : FC Montceau \/ Ef Villages <\/p>\n\n\n\n<p><strong>Fabrice MUET<br><\/strong>D2 : Us Charolles\/ AS St Agnan<\/p>\n\n\n\n<p><strong>Mehdi OTMANI<\/strong><br>D3 : St Vallier Sports&nbsp;\/ CS Sanvignes Les Mines<\/p>\n\n\n\n<p><a id=\"\" href=\"https:\/\/footclubs.fff.fr\/extrafoot\/EX_DESIGNATIONS.DesignListe?CL_NO=2968&amp;IN_NO=&amp;CP_NO=&amp;PH_NO=&amp;PJ_DAT_DEB=03\/11\/2023&amp;PJ_DAT_FIN=17\/11\/2023&amp;LC_COD=&amp;CTXT=1&amp;SYMID=%04%24HAB%05IUD%04%24HAB2%05UID%04%24IMGPATH%05\/f2000\/img\/%04USR_NO%05289565%04USR_ORA%05GRICHELET%04%24LGC%051%04UTE_TYP_USR%05G%04PRF_NO%05173%04PRF_GESTION%05CELOP%04MULTIPROF%05O%04%24VIAM%05O%04APP_NOM%05EXTRA%04%24APP%05EXTRA%04CL_COD%05506791%04CL_NO%052968%04CG_NO%0530%04CG_NO_SUP%0551%04CG_NO_LIG%0551%04CS_DAT_DEB%0501\/07\/2023%04CS_DAT_FIN%0530\/06\/2024%04SA_NO%052023%04%24STT%05EXTRA%04%24CKICTXT%05FOOTCLUBS_CONTEXTE%04%24FIFA%05O%04%24ORG%05E%04%24NAV%05FF%04%24MSIE%050%04%24SCR%052%04%24%24TMPC%0520231107095625%04%24AJAX%05O%04%24OS%05Win32%04%24PROCTITRE%05Comp%E9titions%20%3E%20Arbitres%20d%E9sign%E9s%04%24POP%05N%04&amp;STRUCTGRD3=#\"><\/a><\/p>\n\n\n\n<div style=\"height:47px\" aria-hidden=\"true\" class=\"wp-block-spacer mb-0\"><\/div>\n\n\n\n<h1 class=\"wp-block-heading has-text-align-center\">#ForgeronFamily<\/h1>\n","protected":false},"excerpt":{"rendered":"<p>Retrouvez les r\u00e9sultats de nos forgerons ce week-end : S\u00e9niors Groupe N3 \u2013 N3 J09 \ud83d\udfe7Samedi 25\/11 &#8211; 18h00FC Louhans-Cuiseaux \/ FC Gueugnon : 0-0 Groupe Espoirs \u2013 R1 J09 \u2611Dimanche 26\/11 &#8211; 14h30FC Chalon \/ FC Gueugnon : 1-0 Sport E.Leclerc Acad\u00e9mie U18 \u2013 R1 J11 \u2611Dimanche 26\/11 &#8211; 14h30FC Gueugnon \/ ASPTT Dijon &#8230; <\/p>\n<p class=\"read-more-container\"><a title=\"[Agenda] R\u00e9sultats du week-end du 25 et 26 Novembre 2023\" class=\"read-more button\" href=\"https:\/\/www.fcgueugnon.fr\/site\/agenda-resultats-du-week-end-du-25-et-26-novembre-2023\/7442#more-7442\" aria-label=\"Plus sur [Agenda] R\u00e9sultats du week-end du 25 et 26 Novembre 2023\">Lire la suite<\/a><\/p>\n","protected":false},"author":4,"featured_media":6061,"comment_status":"closed","ping_status":"closed","sticky":false,"template":"","format":"standard","meta":{"footnotes":""},"categories":[4,55],"tags":[33,14],"class_list":["post-7442","post","type-post","status-publish","format-standard","has-post-thumbnail","hentry","category-news","category-news-2023-2024","tag-agenda","tag-sport-e-leclerc-academie-jeunes-formation","infinite-scroll-item","generate-columns","tablet-grid-50","mobile-grid-100","grid-parent","grid-25","resize-featured-image"],"yoast_head":"<!-- This site is optimized with the Yoast SEO plugin v26.6 - https:\/\/yoast.com\/wordpress\/plugins\/seo\/ -->\n<title>[Agenda] R\u00e9sultats du week-end du 25 et 26 Novembre 2023 &#8226; FOOTBALL CLUB GUEUGNON<\/title>\n<meta name=\"robots\" content=\"index, follow, max-snippet:-1, max-image-preview:large, max-video-preview:-1\" \/>\n<link rel=\"canonical\" href=\"https:\/\/www.fcgueugnon.fr\/site\/agenda-resultats-du-week-end-du-25-et-26-novembre-2023\/7442\" \/>\n<meta property=\"og:locale\" content=\"fr_FR\" \/>\n<meta property=\"og:type\" content=\"article\" \/>\n<meta property=\"og:title\" content=\"[Agenda] R\u00e9sultats du week-end du 25 et 26 Novembre 2023 &#8226; FOOTBALL CLUB GUEUGNON\" \/>\n<meta property=\"og:description\" content=\"Retrouvez les r\u00e9sultats de nos forgerons ce week-end : S\u00e9niors Groupe N3 \u2013 N3 J09 \ud83d\udfe7Samedi 25\/11 &#8211; 18h00FC Louhans-Cuiseaux \/ FC Gueugnon : 0-0 Groupe Espoirs \u2013 R1 J09 \u2611Dimanche 26\/11 &#8211; 14h30FC Chalon \/ FC Gueugnon : 1-0 Sport E.Leclerc Acad\u00e9mie U18 \u2013 R1 J11 \u2611Dimanche 26\/11 &#8211; 14h30FC Gueugnon \/ ASPTT Dijon ... Lire la suite\" \/>\n<meta property=\"og:url\" content=\"https:\/\/www.fcgueugnon.fr\/site\/agenda-resultats-du-week-end-du-25-et-26-novembre-2023\/7442\" \/>\n<meta property=\"og:site_name\" content=\"FOOTBALL CLUB GUEUGNON\" \/>\n<meta property=\"article:publisher\" content=\"http:\/\/facebook.com\/FCGueugnon\" \/>\n<meta property=\"article:published_time\" content=\"2023-11-27T10:41:39+00:00\" \/>\n<meta property=\"article:modified_time\" content=\"2023-11-27T10:41:42+00:00\" \/>\n<meta property=\"og:image\" content=\"https:\/\/www.fcgueugnon.fr\/site\/wp-content\/uploads\/2023\/09\/resultats-visu.png\" \/>\n\t<meta property=\"og:image:width\" content=\"1564\" \/>\n\t<meta property=\"og:image:height\" content=\"880\" \/>\n\t<meta property=\"og:image:type\" content=\"image\/png\" \/>\n<meta name=\"author\" content=\"FC Gueugnon\" \/>\n<meta name=\"twitter:card\" content=\"summary_large_image\" \/>\n<meta name=\"twitter:creator\" content=\"@FCGueugnon_off\" \/>\n<meta name=\"twitter:site\" content=\"@FCGueugnon_off\" \/>\n<meta name=\"twitter:label1\" content=\"\u00c9crit par\" \/>\n\t<meta name=\"twitter:data1\" content=\"FC Gueugnon\" \/>\n\t<meta name=\"twitter:label2\" content=\"Dur\u00e9e de lecture estim\u00e9e\" \/>\n\t<meta name=\"twitter:data2\" content=\"3 minutes\" \/>\n<script type=\"application\/ld+json\" class=\"yoast-schema-graph\">{\"@context\":\"https:\/\/schema.org\",\"@graph\":[{\"@type\":\"Article\",\"@id\":\"https:\/\/www.fcgueugnon.fr\/site\/agenda-resultats-du-week-end-du-25-et-26-novembre-2023\/7442#article\",\"isPartOf\":{\"@id\":\"https:\/\/www.fcgueugnon.fr\/site\/agenda-resultats-du-week-end-du-25-et-26-novembre-2023\/7442\"},\"author\":{\"name\":\"FC Gueugnon\",\"@id\":\"https:\/\/www.fcgueugnon.fr\/site\/#\/schema\/person\/6b88acb9354d23e86675fc81c54ed359\"},\"headline\":\"[Agenda] R\u00e9sultats du week-end du 25 et 26 Novembre 2023\",\"datePublished\":\"2023-11-27T10:41:39+00:00\",\"dateModified\":\"2023-11-27T10:41:42+00:00\",\"mainEntityOfPage\":{\"@id\":\"https:\/\/www.fcgueugnon.fr\/site\/agenda-resultats-du-week-end-du-25-et-26-novembre-2023\/7442\"},\"wordCount\":172,\"publisher\":{\"@id\":\"https:\/\/www.fcgueugnon.fr\/site\/#organization\"},\"image\":{\"@id\":\"https:\/\/www.fcgueugnon.fr\/site\/agenda-resultats-du-week-end-du-25-et-26-novembre-2023\/7442#primaryimage\"},\"thumbnailUrl\":\"https:\/\/www.fcgueugnon.fr\/site\/wp-content\/uploads\/2023\/09\/resultats-visu.png\",\"keywords\":[\"Agenda\",\"Sport E.Leclerc Acad\u00e9mie : Jeunes \/ Formation\"],\"articleSection\":[\"News\",\"News 2023\/2024\"],\"inLanguage\":\"fr-FR\"},{\"@type\":\"WebPage\",\"@id\":\"https:\/\/www.fcgueugnon.fr\/site\/agenda-resultats-du-week-end-du-25-et-26-novembre-2023\/7442\",\"url\":\"https:\/\/www.fcgueugnon.fr\/site\/agenda-resultats-du-week-end-du-25-et-26-novembre-2023\/7442\",\"name\":\"[Agenda] R\u00e9sultats du week-end du 25 et 26 Novembre 2023 &#8226; FOOTBALL CLUB GUEUGNON\",\"isPartOf\":{\"@id\":\"https:\/\/www.fcgueugnon.fr\/site\/#website\"},\"primaryImageOfPage\":{\"@id\":\"https:\/\/www.fcgueugnon.fr\/site\/agenda-resultats-du-week-end-du-25-et-26-novembre-2023\/7442#primaryimage\"},\"image\":{\"@id\":\"https:\/\/www.fcgueugnon.fr\/site\/agenda-resultats-du-week-end-du-25-et-26-novembre-2023\/7442#primaryimage\"},\"thumbnailUrl\":\"https:\/\/www.fcgueugnon.fr\/site\/wp-content\/uploads\/2023\/09\/resultats-visu.png\",\"datePublished\":\"2023-11-27T10:41:39+00:00\",\"dateModified\":\"2023-11-27T10:41:42+00:00\",\"breadcrumb\":{\"@id\":\"https:\/\/www.fcgueugnon.fr\/site\/agenda-resultats-du-week-end-du-25-et-26-novembre-2023\/7442#breadcrumb\"},\"inLanguage\":\"fr-FR\",\"potentialAction\":[{\"@type\":\"ReadAction\",\"target\":[\"https:\/\/www.fcgueugnon.fr\/site\/agenda-resultats-du-week-end-du-25-et-26-novembre-2023\/7442\"]}]},{\"@type\":\"ImageObject\",\"inLanguage\":\"fr-FR\",\"@id\":\"https:\/\/www.fcgueugnon.fr\/site\/agenda-resultats-du-week-end-du-25-et-26-novembre-2023\/7442#primaryimage\",\"url\":\"https:\/\/www.fcgueugnon.fr\/site\/wp-content\/uploads\/2023\/09\/resultats-visu.png\",\"contentUrl\":\"https:\/\/www.fcgueugnon.fr\/site\/wp-content\/uploads\/2023\/09\/resultats-visu.png\",\"width\":1564,\"height\":880},{\"@type\":\"BreadcrumbList\",\"@id\":\"https:\/\/www.fcgueugnon.fr\/site\/agenda-resultats-du-week-end-du-25-et-26-novembre-2023\/7442#breadcrumb\",\"itemListElement\":[{\"@type\":\"ListItem\",\"position\":1,\"name\":\"Accueil\",\"item\":\"https:\/\/www.fcgueugnon.fr\/site\/\"},{\"@type\":\"ListItem\",\"position\":2,\"name\":\"[Agenda] R\u00e9sultats du week-end du 25 et 26 Novembre 2023\"}]},{\"@type\":\"WebSite\",\"@id\":\"https:\/\/www.fcgueugnon.fr\/site\/#website\",\"url\":\"https:\/\/www.fcgueugnon.fr\/site\/\",\"name\":\"FOOTBALL CLUB GUEUGNON\",\"description\":\"Le Site Officiel des Forgerons\",\"publisher\":{\"@id\":\"https:\/\/www.fcgueugnon.fr\/site\/#organization\"},\"potentialAction\":[{\"@type\":\"SearchAction\",\"target\":{\"@type\":\"EntryPoint\",\"urlTemplate\":\"https:\/\/www.fcgueugnon.fr\/site\/?s={search_term_string}\"},\"query-input\":{\"@type\":\"PropertyValueSpecification\",\"valueRequired\":true,\"valueName\":\"search_term_string\"}}],\"inLanguage\":\"fr-FR\"},{\"@type\":\"Organization\",\"@id\":\"https:\/\/www.fcgueugnon.fr\/site\/#organization\",\"name\":\"FC Gueugnon\",\"url\":\"https:\/\/www.fcgueugnon.fr\/site\/\",\"logo\":{\"@type\":\"ImageObject\",\"inLanguage\":\"fr-FR\",\"@id\":\"https:\/\/www.fcgueugnon.fr\/site\/#\/schema\/logo\/image\/\",\"url\":\"https:\/\/www.fcgueugnon.fr\/site\/wp-content\/uploads\/2022\/07\/cropped-Logo-FCGUEUGNON-low-350x350-1.png\",\"contentUrl\":\"https:\/\/www.fcgueugnon.fr\/site\/wp-content\/uploads\/2022\/07\/cropped-Logo-FCGUEUGNON-low-350x350-1.png\",\"width\":350,\"height\":350,\"caption\":\"FC Gueugnon\"},\"image\":{\"@id\":\"https:\/\/www.fcgueugnon.fr\/site\/#\/schema\/logo\/image\/\"},\"sameAs\":[\"http:\/\/facebook.com\/FCGueugnon\",\"https:\/\/x.com\/FCGueugnon_off\",\"https:\/\/www.instagram.com\/fcgueugnon\/\",\"https:\/\/www.linkedin.com\/company\/football-club-de-gueugnon\/\",\"https:\/\/www.youtube.com\/user\/FCGueugnonnais\",\"https:\/\/fr.wikipedia.org\/wiki\/Football_Club_de_Gueugnon\"]},{\"@type\":\"Person\",\"@id\":\"https:\/\/www.fcgueugnon.fr\/site\/#\/schema\/person\/6b88acb9354d23e86675fc81c54ed359\",\"name\":\"FC Gueugnon\",\"url\":\"https:\/\/www.fcgueugnon.fr\/site\/author\/man-antu\"}]}<\/script>\n<!-- \/ Yoast SEO plugin. -->","yoast_head_json":{"title":"[Agenda] R\u00e9sultats du week-end du 25 et 26 Novembre 2023 &#8226; FOOTBALL CLUB GUEUGNON","robots":{"index":"index","follow":"follow","max-snippet":"max-snippet:-1","max-image-preview":"max-image-preview:large","max-video-preview":"max-video-preview:-1"},"canonical":"https:\/\/www.fcgueugnon.fr\/site\/agenda-resultats-du-week-end-du-25-et-26-novembre-2023\/7442","og_locale":"fr_FR","og_type":"article","og_title":"[Agenda] R\u00e9sultats du week-end du 25 et 26 Novembre 2023 &#8226; FOOTBALL CLUB GUEUGNON","og_description":"Retrouvez les r\u00e9sultats de nos forgerons ce week-end : S\u00e9niors Groupe N3 \u2013 N3 J09 \ud83d\udfe7Samedi 25\/11 &#8211; 18h00FC Louhans-Cuiseaux \/ FC Gueugnon : 0-0 Groupe Espoirs \u2013 R1 J09 \u2611Dimanche 26\/11 &#8211; 14h30FC Chalon \/ FC Gueugnon : 1-0 Sport E.Leclerc Acad\u00e9mie U18 \u2013 R1 J11 \u2611Dimanche 26\/11 &#8211; 14h30FC Gueugnon \/ ASPTT Dijon ... Lire la suite","og_url":"https:\/\/www.fcgueugnon.fr\/site\/agenda-resultats-du-week-end-du-25-et-26-novembre-2023\/7442","og_site_name":"FOOTBALL CLUB GUEUGNON","article_publisher":"http:\/\/facebook.com\/FCGueugnon","article_published_time":"2023-11-27T10:41:39+00:00","article_modified_time":"2023-11-27T10:41:42+00:00","og_image":[{"width":1564,"height":880,"url":"https:\/\/www.fcgueugnon.fr\/site\/wp-content\/uploads\/2023\/09\/resultats-visu.png","type":"image\/png"}],"author":"FC Gueugnon","twitter_card":"summary_large_image","twitter_creator":"@FCGueugnon_off","twitter_site":"@FCGueugnon_off","twitter_misc":{"\u00c9crit par":"FC Gueugnon","Dur\u00e9e de lecture estim\u00e9e":"3 minutes"},"schema":{"@context":"https:\/\/schema.org","@graph":[{"@type":"Article","@id":"https:\/\/www.fcgueugnon.fr\/site\/agenda-resultats-du-week-end-du-25-et-26-novembre-2023\/7442#article","isPartOf":{"@id":"https:\/\/www.fcgueugnon.fr\/site\/agenda-resultats-du-week-end-du-25-et-26-novembre-2023\/7442"},"author":{"name":"FC Gueugnon","@id":"https:\/\/www.fcgueugnon.fr\/site\/#\/schema\/person\/6b88acb9354d23e86675fc81c54ed359"},"headline":"[Agenda] R\u00e9sultats du week-end du 25 et 26 Novembre 2023","datePublished":"2023-11-27T10:41:39+00:00","dateModified":"2023-11-27T10:41:42+00:00","mainEntityOfPage":{"@id":"https:\/\/www.fcgueugnon.fr\/site\/agenda-resultats-du-week-end-du-25-et-26-novembre-2023\/7442"},"wordCount":172,"publisher":{"@id":"https:\/\/www.fcgueugnon.fr\/site\/#organization"},"image":{"@id":"https:\/\/www.fcgueugnon.fr\/site\/agenda-resultats-du-week-end-du-25-et-26-novembre-2023\/7442#primaryimage"},"thumbnailUrl":"https:\/\/www.fcgueugnon.fr\/site\/wp-content\/uploads\/2023\/09\/resultats-visu.png","keywords":["Agenda","Sport E.Leclerc Acad\u00e9mie : Jeunes \/ Formation"],"articleSection":["News","News 2023\/2024"],"inLanguage":"fr-FR"},{"@type":"WebPage","@id":"https:\/\/www.fcgueugnon.fr\/site\/agenda-resultats-du-week-end-du-25-et-26-novembre-2023\/7442","url":"https:\/\/www.fcgueugnon.fr\/site\/agenda-resultats-du-week-end-du-25-et-26-novembre-2023\/7442","name":"[Agenda] R\u00e9sultats du week-end du 25 et 26 Novembre 2023 &#8226; FOOTBALL CLUB GUEUGNON","isPartOf":{"@id":"https:\/\/www.fcgueugnon.fr\/site\/#website"},"primaryImageOfPage":{"@id":"https:\/\/www.fcgueugnon.fr\/site\/agenda-resultats-du-week-end-du-25-et-26-novembre-2023\/7442#primaryimage"},"image":{"@id":"https:\/\/www.fcgueugnon.fr\/site\/agenda-resultats-du-week-end-du-25-et-26-novembre-2023\/7442#primaryimage"},"thumbnailUrl":"https:\/\/www.fcgueugnon.fr\/site\/wp-content\/uploads\/2023\/09\/resultats-visu.png","datePublished":"2023-11-27T10:41:39+00:00","dateModified":"2023-11-27T10:41:42+00:00","breadcrumb":{"@id":"https:\/\/www.fcgueugnon.fr\/site\/agenda-resultats-du-week-end-du-25-et-26-novembre-2023\/7442#breadcrumb"},"inLanguage":"fr-FR","potentialAction":[{"@type":"ReadAction","target":["https:\/\/www.fcgueugnon.fr\/site\/agenda-resultats-du-week-end-du-25-et-26-novembre-2023\/7442"]}]},{"@type":"ImageObject","inLanguage":"fr-FR","@id":"https:\/\/www.fcgueugnon.fr\/site\/agenda-resultats-du-week-end-du-25-et-26-novembre-2023\/7442#primaryimage","url":"https:\/\/www.fcgueugnon.fr\/site\/wp-content\/uploads\/2023\/09\/resultats-visu.png","contentUrl":"https:\/\/www.fcgueugnon.fr\/site\/wp-content\/uploads\/2023\/09\/resultats-visu.png","width":1564,"height":880},{"@type":"BreadcrumbList","@id":"https:\/\/www.fcgueugnon.fr\/site\/agenda-resultats-du-week-end-du-25-et-26-novembre-2023\/7442#breadcrumb","itemListElement":[{"@type":"ListItem","position":1,"name":"Accueil","item":"https:\/\/www.fcgueugnon.fr\/site\/"},{"@type":"ListItem","position":2,"name":"[Agenda] R\u00e9sultats du week-end du 25 et 26 Novembre 2023"}]},{"@type":"WebSite","@id":"https:\/\/www.fcgueugnon.fr\/site\/#website","url":"https:\/\/www.fcgueugnon.fr\/site\/","name":"FOOTBALL CLUB GUEUGNON","description":"Le Site Officiel des Forgerons","publisher":{"@id":"https:\/\/www.fcgueugnon.fr\/site\/#organization"},"potentialAction":[{"@type":"SearchAction","target":{"@type":"EntryPoint","urlTemplate":"https:\/\/www.fcgueugnon.fr\/site\/?s={search_term_string}"},"query-input":{"@type":"PropertyValueSpecification","valueRequired":true,"valueName":"search_term_string"}}],"inLanguage":"fr-FR"},{"@type":"Organization","@id":"https:\/\/www.fcgueugnon.fr\/site\/#organization","name":"FC Gueugnon","url":"https:\/\/www.fcgueugnon.fr\/site\/","logo":{"@type":"ImageObject","inLanguage":"fr-FR","@id":"https:\/\/www.fcgueugnon.fr\/site\/#\/schema\/logo\/image\/","url":"https:\/\/www.fcgueugnon.fr\/site\/wp-content\/uploads\/2022\/07\/cropped-Logo-FCGUEUGNON-low-350x350-1.png","contentUrl":"https:\/\/www.fcgueugnon.fr\/site\/wp-content\/uploads\/2022\/07\/cropped-Logo-FCGUEUGNON-low-350x350-1.png","width":350,"height":350,"caption":"FC Gueugnon"},"image":{"@id":"https:\/\/www.fcgueugnon.fr\/site\/#\/schema\/logo\/image\/"},"sameAs":["http:\/\/facebook.com\/FCGueugnon","https:\/\/x.com\/FCGueugnon_off","https:\/\/www.instagram.com\/fcgueugnon\/","https:\/\/www.linkedin.com\/company\/football-club-de-gueugnon\/","https:\/\/www.youtube.com\/user\/FCGueugnonnais","https:\/\/fr.wikipedia.org\/wiki\/Football_Club_de_Gueugnon"]},{"@type":"Person","@id":"https:\/\/www.fcgueugnon.fr\/site\/#\/schema\/person\/6b88acb9354d23e86675fc81c54ed359","name":"FC Gueugnon","url":"https:\/\/www.fcgueugnon.fr\/site\/author\/man-antu"}]}},"rttpg_featured_image_url":{"full":["https:\/\/www.fcgueugnon.fr\/site\/wp-content\/uploads\/2023\/09\/resultats-visu.png",1564,880,false],"landscape":["https:\/\/www.fcgueugnon.fr\/site\/wp-content\/uploads\/2023\/09\/resultats-visu.png",1564,880,false],"portraits":["https:\/\/www.fcgueugnon.fr\/site\/wp-content\/uploads\/2023\/09\/resultats-visu.png",1564,880,false],"thumbnail":["https:\/\/www.fcgueugnon.fr\/site\/wp-content\/uploads\/2023\/09\/resultats-visu-150x150.png",150,150,true],"medium":["https:\/\/www.fcgueugnon.fr\/site\/wp-content\/uploads\/2023\/09\/resultats-visu-400x225.png",400,225,true],"large":["https:\/\/www.fcgueugnon.fr\/site\/wp-content\/uploads\/2023\/09\/resultats-visu-1024x576.png",1024,576,true],"1536x1536":["https:\/\/www.fcgueugnon.fr\/site\/wp-content\/uploads\/2023\/09\/resultats-visu-1536x864.png",1536,864,true],"2048x2048":["https:\/\/www.fcgueugnon.fr\/site\/wp-content\/uploads\/2023\/09\/resultats-visu.png",1564,880,false]},"rttpg_author":{"display_name":"FC Gueugnon","author_link":"https:\/\/www.fcgueugnon.fr\/site\/author\/man-antu"},"rttpg_comment":0,"rttpg_category":"<a href=\"https:\/\/www.fcgueugnon.fr\/site\/category\/news\" rel=\"category tag\">News<\/a> <a href=\"https:\/\/www.fcgueugnon.fr\/site\/category\/news\/news-2023-2024\" rel=\"category tag\">News 2023\/2024<\/a>","rttpg_excerpt":"Retrouvez les r\u00e9sultats de nos forgerons ce week-end : S\u00e9niors Groupe N3 \u2013 N3 J09 \ud83d\udfe7Samedi 25\/11 &#8211; 18h00FC Louhans-Cuiseaux \/ FC Gueugnon : 0-0 Groupe Espoirs \u2013 R1 J09 \u2611Dimanche 26\/11 &#8211; 14h30FC Chalon \/ FC Gueugnon : 1-0 Sport E.Leclerc Acad\u00e9mie U18 \u2013 R1 J11 \u2611Dimanche 26\/11 &#8211; 14h30FC Gueugnon \/ ASPTT Dijon\u2026","_links":{"self":[{"href":"https:\/\/www.fcgueugnon.fr\/site\/wp-json\/wp\/v2\/posts\/7442","targetHints":{"allow":["GET"]}}],"collection":[{"href":"https:\/\/www.fcgueugnon.fr\/site\/wp-json\/wp\/v2\/posts"}],"about":[{"href":"https:\/\/www.fcgueugnon.fr\/site\/wp-json\/wp\/v2\/types\/post"}],"author":[{"embeddable":true,"href":"https:\/\/www.fcgueugnon.fr\/site\/wp-json\/wp\/v2\/users\/4"}],"replies":[{"embeddable":true,"href":"https:\/\/www.fcgueugnon.fr\/site\/wp-json\/wp\/v2\/comments?post=7442"}],"version-history":[{"count":3,"href":"https:\/\/www.fcgueugnon.fr\/site\/wp-json\/wp\/v2\/posts\/7442\/revisions"}],"predecessor-version":[{"id":7451,"href":"https:\/\/www.fcgueugnon.fr\/site\/wp-json\/wp\/v2\/posts\/7442\/revisions\/7451"}],"wp:featuredmedia":[{"embeddable":true,"href":"https:\/\/www.fcgueugnon.fr\/site\/wp-json\/wp\/v2\/media\/6061"}],"wp:attachment":[{"href":"https:\/\/www.fcgueugnon.fr\/site\/wp-json\/wp\/v2\/media?parent=7442"}],"wp:term":[{"taxonomy":"category","embeddable":true,"href":"https:\/\/www.fcgueugnon.fr\/site\/wp-json\/wp\/v2\/categories?post=7442"},{"taxonomy":"post_tag","embeddable":true,"href":"https:\/\/www.fcgueugnon.fr\/site\/wp-json\/wp\/v2\/tags?post=7442"}],"curies":[{"name":"wp","href":"https:\/\/api.w.org\/{rel}","templated":true}]}}