{"id":734,"date":"2022-08-15T09:42:00","date_gmt":"2022-08-15T07:42:00","guid":{"rendered":"https:\/\/www.fcgueugnon.fr\/site\/?p=734"},"modified":"2022-08-21T21:33:07","modified_gmt":"2022-08-21T19:33:07","slug":"national-3-les-forgerons-poursuivent-par-un-nul-face-a-andrezieux-boutheon","status":"publish","type":"post","link":"https:\/\/www.fcgueugnon.fr\/site\/national-3-les-forgerons-poursuivent-par-un-nul-face-a-andrezieux-boutheon\/734","title":{"rendered":"[National 3] Les forgerons poursuivent par un nul face \u00e0 Andr\u00e9zieux-Boutheon"},"content":{"rendered":"\n<h3 class=\"wp-block-heading\"><strong>Les forgerons enchainent les matchs de pr\u00e9paration. Ce samedi, \u00e0 Gueugnon, avait lieu la r\u00e9ception d&rsquo;Andr\u00e9zieux-Bouth\u00e9on (N2). <\/strong><\/h3>\n\n\n\n<div style=\"height:20px\" aria-hidden=\"true\" class=\"wp-block-spacer\"><\/div>\n\n\n\n<div class=\"wp-block-columns is-layout-flex wp-container-core-columns-is-layout-9d6595d7 wp-block-columns-is-layout-flex\">\n<div class=\"wp-block-column is-layout-flow wp-block-column-is-layout-flow\">\n<figure class=\"wp-block-image size-large\"><img loading=\"lazy\" decoding=\"async\" width=\"1024\" height=\"768\" src=\"https:\/\/www.fcgueugnon.fr\/site\/wp-content\/uploads\/2022\/08\/prepafcg-MATCH-FCG-Andrezieux-entree-joueur-VF-1024x768.jpg\" alt=\"\" class=\"wp-image-736\" srcset=\"https:\/\/www.fcgueugnon.fr\/site\/wp-content\/uploads\/2022\/08\/prepafcg-MATCH-FCG-Andrezieux-entree-joueur-VF-1024x768.jpg 1024w, https:\/\/www.fcgueugnon.fr\/site\/wp-content\/uploads\/2022\/08\/prepafcg-MATCH-FCG-Andrezieux-entree-joueur-VF-400x300.jpg 400w, https:\/\/www.fcgueugnon.fr\/site\/wp-content\/uploads\/2022\/08\/prepafcg-MATCH-FCG-Andrezieux-entree-joueur-VF-768x576.jpg 768w, https:\/\/www.fcgueugnon.fr\/site\/wp-content\/uploads\/2022\/08\/prepafcg-MATCH-FCG-Andrezieux-entree-joueur-VF-1536x1152.jpg 1536w, https:\/\/www.fcgueugnon.fr\/site\/wp-content\/uploads\/2022\/08\/prepafcg-MATCH-FCG-Andrezieux-entree-joueur-VF-1320x990.jpg 1320w, https:\/\/www.fcgueugnon.fr\/site\/wp-content\/uploads\/2022\/08\/prepafcg-MATCH-FCG-Andrezieux-entree-joueur-VF.jpg 1600w\" sizes=\"auto, (max-width: 1024px) 100vw, 1024px\" \/><\/figure>\n<\/div>\n\n\n\n<div class=\"wp-block-column is-layout-flow wp-block-column-is-layout-flow\">\n<figure class=\"wp-block-image size-large\"><img loading=\"lazy\" decoding=\"async\" width=\"1024\" height=\"768\" src=\"https:\/\/www.fcgueugnon.fr\/site\/wp-content\/uploads\/2022\/08\/prepafcg-MATCH-FCG-Andrezieux-joueur-VF-1024x768.jpg\" alt=\"\" class=\"wp-image-735\" srcset=\"https:\/\/www.fcgueugnon.fr\/site\/wp-content\/uploads\/2022\/08\/prepafcg-MATCH-FCG-Andrezieux-joueur-VF-1024x768.jpg 1024w, https:\/\/www.fcgueugnon.fr\/site\/wp-content\/uploads\/2022\/08\/prepafcg-MATCH-FCG-Andrezieux-joueur-VF-400x300.jpg 400w, https:\/\/www.fcgueugnon.fr\/site\/wp-content\/uploads\/2022\/08\/prepafcg-MATCH-FCG-Andrezieux-joueur-VF-768x576.jpg 768w, https:\/\/www.fcgueugnon.fr\/site\/wp-content\/uploads\/2022\/08\/prepafcg-MATCH-FCG-Andrezieux-joueur-VF-1536x1152.jpg 1536w, https:\/\/www.fcgueugnon.fr\/site\/wp-content\/uploads\/2022\/08\/prepafcg-MATCH-FCG-Andrezieux-joueur-VF-2048x1536.jpg 2048w, https:\/\/www.fcgueugnon.fr\/site\/wp-content\/uploads\/2022\/08\/prepafcg-MATCH-FCG-Andrezieux-joueur-VF-1320x990.jpg 1320w\" sizes=\"auto, (max-width: 1024px) 100vw, 1024px\" \/><\/figure>\n<\/div>\n<\/div>\n\n\n\n<div style=\"height:20px\" aria-hidden=\"true\" class=\"wp-block-spacer\"><\/div>\n\n\n\n<p>C&rsquo;est finalement sur le terrain VF1 que le FCG et l&rsquo;ABFC avaient rendez-vous pour ce match de pr\u00e9paration, la s\u00e9cheresse causant une interdiction municipale de se rendre au stade Jean Laville. <\/p>\n\n\n\n<p>Des pr\u00e9parations d\u00e9cal\u00e9es pour les 2 \u00e9quipes puisque les gueugnonnais enchainent leur 6e match, le 3e en 8 jours, pendant que les lig\u00e9riens ach\u00e8vent leur intersaison avant la reprise de leur championnat de National 2 le week-end prochain.<\/p>\n\n\n\n<p>Sous la chaleur, ce sont les lig\u00e9riens qui prennent le jeu \u00e0 leur compte en cette premi\u00e8re p\u00e9riode et ouvrent logiquement le score d&rsquo;une magnifique frappe imparable dans la lucarne (19e 0-1). Ce sera le seul but qu&rsquo;encaissera la d\u00e9fense et son gardien Anthony Lamonge apr\u00e8s avoir verrouill\u00e9 ce secteur de jeu. Les forgerons tentent de peser dans la rencontre et au milieu de terrain mais il faudra attendre la pause pour repartir du bon pied. <\/p>\n\n\n\n<p>Devant les spectateurs et les supporters amass\u00e9s le long de la main courante, les gueugnonnais mettent le pied sur le ballon et produisent leur jeu avec d\u00e9termination. Les occasions suivent avec Oum\u00e9rou Dram\u00e9 qui tente sa chance juste avant l&rsquo;\u00e9galisation de Erwan Mbock finalement refus\u00e9e par le corps arbitral pour une position de hors-jeu.<\/p>\n\n\n\n<p>Le coach Philippe Correia proc\u00e8de \u00e0 des changements qui apportent du sang neuf \u00e0 l&rsquo;heure de jeu. Et les occasions se multiplient avec Nils Bouekou ou Arnaud Rollin mais c&rsquo;est finalement un Jason Luanda opportuniste qui reprend la frappe de ce dernier et trompe le gardien adverse d&rsquo;un tir crois\u00e9 (84e 1-1). <\/p>\n\n\n\n<div style=\"height:20px\" aria-hidden=\"true\" class=\"wp-block-spacer\"><\/div>\n\n\n\n<p>Les 2 \u00e9quipes se quitteront finalement sur ce score de parit\u00e9. Nous remercions le club d&rsquo;Andr\u00e9zieux-Boutheon pour ce match. Le dernier rendez-vous est fix\u00e9 samedi contre le FC Limonest Dardilly St-Didier<\/p>\n\n\n\n<div style=\"height:20px\" aria-hidden=\"true\" class=\"wp-block-spacer\"><\/div>\n\n\n\n<p><strong>\u26bd&nbsp;<strong>Score final<\/strong><\/strong><\/p>\n\n\n\n<p><strong>\u00c0 Gueugnon, Plaine de la VF<\/strong><br>FC Gueugnon 1 &#8211; 1 Andr\u00e9zieux-Boutheon<br>Buteurs : Luanda (84e) \/ Kassa (19e)<\/p>\n\n\n\n<div style=\"height:20px\" aria-hidden=\"true\" class=\"wp-block-spacer\"><\/div>\n\n\n\n<p>\ud83d\udfe1\ud83d\udd35&nbsp;<strong>Composition d\u2019\u00e9quipe<\/strong><\/p>\n\n\n\n<p><strong>Onze de d\u00e9part :<\/strong> Anthony Lamonge &#8211; Ibrahim Mohamed &#8211; J\u00e9r\u00e9my Fahrasmane &#8211; Basile Delclaux &#8211; Anthony Chauvet &#8211; Charles Houla &#8211; Soni Mustivar &#8211; Taylor Salibur &#8211; Erwan Mbock &#8211; Nils Bouekou &#8211; Oumerou Dram\u00e9.<\/p>\n\n\n\n<p><strong>Entr\u00e9s en jeu :<\/strong> Sofiane Azerarak &#8211; Hugo Ketterle &#8211; Yanis Figueira &#8211; Patrick Mvondo &#8211; Arnaud Rollin &#8211; Jason Luanda.<\/p>\n","protected":false},"excerpt":{"rendered":"<p>Les forgerons enchainent les matchs de pr\u00e9paration. Ce samedi, \u00e0 Gueugnon, avait lieu la r\u00e9ception d&rsquo;Andr\u00e9zieux-Bouth\u00e9on (N2). C&rsquo;est finalement sur le terrain VF1 que le FCG et l&rsquo;ABFC avaient rendez-vous pour ce match de pr\u00e9paration, la s\u00e9cheresse causant une interdiction municipale de se rendre au stade Jean Laville. Des pr\u00e9parations d\u00e9cal\u00e9es pour les 2 \u00e9quipes &#8230; <\/p>\n<p class=\"read-more-container\"><a title=\"[National 3] Les forgerons poursuivent par un nul face \u00e0 Andr\u00e9zieux-Boutheon\" class=\"read-more button\" href=\"https:\/\/www.fcgueugnon.fr\/site\/national-3-les-forgerons-poursuivent-par-un-nul-face-a-andrezieux-boutheon\/734#more-734\" aria-label=\"Plus sur [National 3] Les forgerons poursuivent par un nul face \u00e0 Andr\u00e9zieux-Boutheon\">Lire la suite<\/a><\/p>\n","protected":false},"author":1,"featured_media":737,"comment_status":"closed","ping_status":"closed","sticky":false,"template":"","format":"standard","meta":{"footnotes":""},"categories":[5,4],"tags":[10],"class_list":["post-734","post","type-post","status-publish","format-standard","has-post-thumbnail","hentry","category-news-2022-2023","category-news","tag-preparation-entrainement","infinite-scroll-item","generate-columns","tablet-grid-50","mobile-grid-100","grid-parent","grid-25","resize-featured-image"],"yoast_head":"<!-- This site is optimized with the Yoast SEO plugin v26.6 - https:\/\/yoast.com\/wordpress\/plugins\/seo\/ -->\n<title>[National 3] Les forgerons poursuivent par un nul face \u00e0 Andr\u00e9zieux-Boutheon &#8226; FOOTBALL CLUB GUEUGNON<\/title>\n<meta name=\"robots\" content=\"index, follow, max-snippet:-1, max-image-preview:large, max-video-preview:-1\" \/>\n<link rel=\"canonical\" href=\"https:\/\/www.fcgueugnon.fr\/site\/national-3-les-forgerons-poursuivent-par-un-nul-face-a-andrezieux-boutheon\/734\" \/>\n<meta property=\"og:locale\" content=\"fr_FR\" \/>\n<meta property=\"og:type\" content=\"article\" \/>\n<meta property=\"og:title\" content=\"[National 3] Les forgerons poursuivent par un nul face \u00e0 Andr\u00e9zieux-Boutheon &#8226; FOOTBALL CLUB GUEUGNON\" \/>\n<meta property=\"og:description\" content=\"Les forgerons enchainent les matchs de pr\u00e9paration. Ce samedi, \u00e0 Gueugnon, avait lieu la r\u00e9ception d&rsquo;Andr\u00e9zieux-Bouth\u00e9on (N2). C&rsquo;est finalement sur le terrain VF1 que le FCG et l&rsquo;ABFC avaient rendez-vous pour ce match de pr\u00e9paration, la s\u00e9cheresse causant une interdiction municipale de se rendre au stade Jean Laville. Des pr\u00e9parations d\u00e9cal\u00e9es pour les 2 \u00e9quipes ... Lire la suite\" \/>\n<meta property=\"og:url\" content=\"https:\/\/www.fcgueugnon.fr\/site\/national-3-les-forgerons-poursuivent-par-un-nul-face-a-andrezieux-boutheon\/734\" \/>\n<meta property=\"og:site_name\" content=\"FOOTBALL CLUB GUEUGNON\" \/>\n<meta property=\"article:publisher\" content=\"http:\/\/facebook.com\/FCGueugnon\" \/>\n<meta property=\"article:published_time\" content=\"2022-08-15T07:42:00+00:00\" \/>\n<meta property=\"article:modified_time\" content=\"2022-08-21T19:33:07+00:00\" \/>\n<meta property=\"og:image\" content=\"https:\/\/www.fcgueugnon.fr\/site\/wp-content\/uploads\/2022\/08\/prepafcg-MATCH-FCG-Andrezieux.jpg\" \/>\n\t<meta property=\"og:image:width\" content=\"2000\" \/>\n\t<meta property=\"og:image:height\" content=\"2000\" \/>\n\t<meta property=\"og:image:type\" content=\"image\/jpeg\" \/>\n<meta name=\"author\" content=\"FC Gueugnon\" \/>\n<meta name=\"twitter:card\" content=\"summary_large_image\" \/>\n<meta name=\"twitter:creator\" content=\"@FCGueugnon_off\" \/>\n<meta name=\"twitter:site\" content=\"@FCGueugnon_off\" \/>\n<meta name=\"twitter:label1\" content=\"\u00c9crit par\" \/>\n\t<meta name=\"twitter:data1\" content=\"FC Gueugnon\" \/>\n\t<meta name=\"twitter:label2\" content=\"Dur\u00e9e de lecture estim\u00e9e\" \/>\n\t<meta name=\"twitter:data2\" content=\"3 minutes\" \/>\n<script type=\"application\/ld+json\" class=\"yoast-schema-graph\">{\"@context\":\"https:\/\/schema.org\",\"@graph\":[{\"@type\":\"Article\",\"@id\":\"https:\/\/www.fcgueugnon.fr\/site\/national-3-les-forgerons-poursuivent-par-un-nul-face-a-andrezieux-boutheon\/734#article\",\"isPartOf\":{\"@id\":\"https:\/\/www.fcgueugnon.fr\/site\/national-3-les-forgerons-poursuivent-par-un-nul-face-a-andrezieux-boutheon\/734\"},\"author\":{\"name\":\"FC Gueugnon\",\"@id\":\"https:\/\/www.fcgueugnon.fr\/site\/#\/schema\/person\/f6444fbdd35fa731ee974c03508738fb\"},\"headline\":\"[National 3] Les forgerons poursuivent par un nul face \u00e0 Andr\u00e9zieux-Boutheon\",\"datePublished\":\"2022-08-15T07:42:00+00:00\",\"dateModified\":\"2022-08-21T19:33:07+00:00\",\"mainEntityOfPage\":{\"@id\":\"https:\/\/www.fcgueugnon.fr\/site\/national-3-les-forgerons-poursuivent-par-un-nul-face-a-andrezieux-boutheon\/734\"},\"wordCount\":413,\"publisher\":{\"@id\":\"https:\/\/www.fcgueugnon.fr\/site\/#organization\"},\"image\":{\"@id\":\"https:\/\/www.fcgueugnon.fr\/site\/national-3-les-forgerons-poursuivent-par-un-nul-face-a-andrezieux-boutheon\/734#primaryimage\"},\"thumbnailUrl\":\"https:\/\/www.fcgueugnon.fr\/site\/wp-content\/uploads\/2022\/08\/prepafcg-MATCH-FCG-Andrezieux.jpg\",\"keywords\":[\"Pr\u00e9paration - Entrainement\"],\"articleSection\":[\"Archives 2022\/2023\",\"News\"],\"inLanguage\":\"fr-FR\"},{\"@type\":\"WebPage\",\"@id\":\"https:\/\/www.fcgueugnon.fr\/site\/national-3-les-forgerons-poursuivent-par-un-nul-face-a-andrezieux-boutheon\/734\",\"url\":\"https:\/\/www.fcgueugnon.fr\/site\/national-3-les-forgerons-poursuivent-par-un-nul-face-a-andrezieux-boutheon\/734\",\"name\":\"[National 3] Les forgerons poursuivent par un nul face \u00e0 Andr\u00e9zieux-Boutheon &#8226; FOOTBALL CLUB GUEUGNON\",\"isPartOf\":{\"@id\":\"https:\/\/www.fcgueugnon.fr\/site\/#website\"},\"primaryImageOfPage\":{\"@id\":\"https:\/\/www.fcgueugnon.fr\/site\/national-3-les-forgerons-poursuivent-par-un-nul-face-a-andrezieux-boutheon\/734#primaryimage\"},\"image\":{\"@id\":\"https:\/\/www.fcgueugnon.fr\/site\/national-3-les-forgerons-poursuivent-par-un-nul-face-a-andrezieux-boutheon\/734#primaryimage\"},\"thumbnailUrl\":\"https:\/\/www.fcgueugnon.fr\/site\/wp-content\/uploads\/2022\/08\/prepafcg-MATCH-FCG-Andrezieux.jpg\",\"datePublished\":\"2022-08-15T07:42:00+00:00\",\"dateModified\":\"2022-08-21T19:33:07+00:00\",\"breadcrumb\":{\"@id\":\"https:\/\/www.fcgueugnon.fr\/site\/national-3-les-forgerons-poursuivent-par-un-nul-face-a-andrezieux-boutheon\/734#breadcrumb\"},\"inLanguage\":\"fr-FR\",\"potentialAction\":[{\"@type\":\"ReadAction\",\"target\":[\"https:\/\/www.fcgueugnon.fr\/site\/national-3-les-forgerons-poursuivent-par-un-nul-face-a-andrezieux-boutheon\/734\"]}]},{\"@type\":\"ImageObject\",\"inLanguage\":\"fr-FR\",\"@id\":\"https:\/\/www.fcgueugnon.fr\/site\/national-3-les-forgerons-poursuivent-par-un-nul-face-a-andrezieux-boutheon\/734#primaryimage\",\"url\":\"https:\/\/www.fcgueugnon.fr\/site\/wp-content\/uploads\/2022\/08\/prepafcg-MATCH-FCG-Andrezieux.jpg\",\"contentUrl\":\"https:\/\/www.fcgueugnon.fr\/site\/wp-content\/uploads\/2022\/08\/prepafcg-MATCH-FCG-Andrezieux.jpg\",\"width\":2000,\"height\":2000},{\"@type\":\"BreadcrumbList\",\"@id\":\"https:\/\/www.fcgueugnon.fr\/site\/national-3-les-forgerons-poursuivent-par-un-nul-face-a-andrezieux-boutheon\/734#breadcrumb\",\"itemListElement\":[{\"@type\":\"ListItem\",\"position\":1,\"name\":\"Accueil\",\"item\":\"https:\/\/www.fcgueugnon.fr\/site\/\"},{\"@type\":\"ListItem\",\"position\":2,\"name\":\"[National 3] Les forgerons poursuivent par un nul face \u00e0 Andr\u00e9zieux-Boutheon\"}]},{\"@type\":\"WebSite\",\"@id\":\"https:\/\/www.fcgueugnon.fr\/site\/#website\",\"url\":\"https:\/\/www.fcgueugnon.fr\/site\/\",\"name\":\"FOOTBALL CLUB GUEUGNON\",\"description\":\"Le Site Officiel des Forgerons\",\"publisher\":{\"@id\":\"https:\/\/www.fcgueugnon.fr\/site\/#organization\"},\"potentialAction\":[{\"@type\":\"SearchAction\",\"target\":{\"@type\":\"EntryPoint\",\"urlTemplate\":\"https:\/\/www.fcgueugnon.fr\/site\/?s={search_term_string}\"},\"query-input\":{\"@type\":\"PropertyValueSpecification\",\"valueRequired\":true,\"valueName\":\"search_term_string\"}}],\"inLanguage\":\"fr-FR\"},{\"@type\":\"Organization\",\"@id\":\"https:\/\/www.fcgueugnon.fr\/site\/#organization\",\"name\":\"FC Gueugnon\",\"url\":\"https:\/\/www.fcgueugnon.fr\/site\/\",\"logo\":{\"@type\":\"ImageObject\",\"inLanguage\":\"fr-FR\",\"@id\":\"https:\/\/www.fcgueugnon.fr\/site\/#\/schema\/logo\/image\/\",\"url\":\"https:\/\/www.fcgueugnon.fr\/site\/wp-content\/uploads\/2022\/07\/cropped-Logo-FCGUEUGNON-low-350x350-1.png\",\"contentUrl\":\"https:\/\/www.fcgueugnon.fr\/site\/wp-content\/uploads\/2022\/07\/cropped-Logo-FCGUEUGNON-low-350x350-1.png\",\"width\":350,\"height\":350,\"caption\":\"FC Gueugnon\"},\"image\":{\"@id\":\"https:\/\/www.fcgueugnon.fr\/site\/#\/schema\/logo\/image\/\"},\"sameAs\":[\"http:\/\/facebook.com\/FCGueugnon\",\"https:\/\/x.com\/FCGueugnon_off\",\"https:\/\/www.instagram.com\/fcgueugnon\/\",\"https:\/\/www.linkedin.com\/company\/football-club-de-gueugnon\/\",\"https:\/\/www.youtube.com\/user\/FCGueugnonnais\",\"https:\/\/fr.wikipedia.org\/wiki\/Football_Club_de_Gueugnon\"]},{\"@type\":\"Person\",\"@id\":\"https:\/\/www.fcgueugnon.fr\/site\/#\/schema\/person\/f6444fbdd35fa731ee974c03508738fb\",\"name\":\"FC Gueugnon\",\"sameAs\":[\"https:\/\/www.fcgueugnon.fr\/site\"],\"url\":\"https:\/\/www.fcgueugnon.fr\/site\/author\/admin-antho\"}]}<\/script>\n<!-- \/ Yoast SEO plugin. -->","yoast_head_json":{"title":"[National 3] Les forgerons poursuivent par un nul face \u00e0 Andr\u00e9zieux-Boutheon &#8226; FOOTBALL CLUB GUEUGNON","robots":{"index":"index","follow":"follow","max-snippet":"max-snippet:-1","max-image-preview":"max-image-preview:large","max-video-preview":"max-video-preview:-1"},"canonical":"https:\/\/www.fcgueugnon.fr\/site\/national-3-les-forgerons-poursuivent-par-un-nul-face-a-andrezieux-boutheon\/734","og_locale":"fr_FR","og_type":"article","og_title":"[National 3] Les forgerons poursuivent par un nul face \u00e0 Andr\u00e9zieux-Boutheon &#8226; FOOTBALL CLUB GUEUGNON","og_description":"Les forgerons enchainent les matchs de pr\u00e9paration. Ce samedi, \u00e0 Gueugnon, avait lieu la r\u00e9ception d&rsquo;Andr\u00e9zieux-Bouth\u00e9on (N2). C&rsquo;est finalement sur le terrain VF1 que le FCG et l&rsquo;ABFC avaient rendez-vous pour ce match de pr\u00e9paration, la s\u00e9cheresse causant une interdiction municipale de se rendre au stade Jean Laville. Des pr\u00e9parations d\u00e9cal\u00e9es pour les 2 \u00e9quipes ... Lire la suite","og_url":"https:\/\/www.fcgueugnon.fr\/site\/national-3-les-forgerons-poursuivent-par-un-nul-face-a-andrezieux-boutheon\/734","og_site_name":"FOOTBALL CLUB GUEUGNON","article_publisher":"http:\/\/facebook.com\/FCGueugnon","article_published_time":"2022-08-15T07:42:00+00:00","article_modified_time":"2022-08-21T19:33:07+00:00","og_image":[{"width":2000,"height":2000,"url":"https:\/\/www.fcgueugnon.fr\/site\/wp-content\/uploads\/2022\/08\/prepafcg-MATCH-FCG-Andrezieux.jpg","type":"image\/jpeg"}],"author":"FC Gueugnon","twitter_card":"summary_large_image","twitter_creator":"@FCGueugnon_off","twitter_site":"@FCGueugnon_off","twitter_misc":{"\u00c9crit par":"FC Gueugnon","Dur\u00e9e de lecture estim\u00e9e":"3 minutes"},"schema":{"@context":"https:\/\/schema.org","@graph":[{"@type":"Article","@id":"https:\/\/www.fcgueugnon.fr\/site\/national-3-les-forgerons-poursuivent-par-un-nul-face-a-andrezieux-boutheon\/734#article","isPartOf":{"@id":"https:\/\/www.fcgueugnon.fr\/site\/national-3-les-forgerons-poursuivent-par-un-nul-face-a-andrezieux-boutheon\/734"},"author":{"name":"FC Gueugnon","@id":"https:\/\/www.fcgueugnon.fr\/site\/#\/schema\/person\/f6444fbdd35fa731ee974c03508738fb"},"headline":"[National 3] Les forgerons poursuivent par un nul face \u00e0 Andr\u00e9zieux-Boutheon","datePublished":"2022-08-15T07:42:00+00:00","dateModified":"2022-08-21T19:33:07+00:00","mainEntityOfPage":{"@id":"https:\/\/www.fcgueugnon.fr\/site\/national-3-les-forgerons-poursuivent-par-un-nul-face-a-andrezieux-boutheon\/734"},"wordCount":413,"publisher":{"@id":"https:\/\/www.fcgueugnon.fr\/site\/#organization"},"image":{"@id":"https:\/\/www.fcgueugnon.fr\/site\/national-3-les-forgerons-poursuivent-par-un-nul-face-a-andrezieux-boutheon\/734#primaryimage"},"thumbnailUrl":"https:\/\/www.fcgueugnon.fr\/site\/wp-content\/uploads\/2022\/08\/prepafcg-MATCH-FCG-Andrezieux.jpg","keywords":["Pr\u00e9paration - Entrainement"],"articleSection":["Archives 2022\/2023","News"],"inLanguage":"fr-FR"},{"@type":"WebPage","@id":"https:\/\/www.fcgueugnon.fr\/site\/national-3-les-forgerons-poursuivent-par-un-nul-face-a-andrezieux-boutheon\/734","url":"https:\/\/www.fcgueugnon.fr\/site\/national-3-les-forgerons-poursuivent-par-un-nul-face-a-andrezieux-boutheon\/734","name":"[National 3] Les forgerons poursuivent par un nul face \u00e0 Andr\u00e9zieux-Boutheon &#8226; FOOTBALL CLUB GUEUGNON","isPartOf":{"@id":"https:\/\/www.fcgueugnon.fr\/site\/#website"},"primaryImageOfPage":{"@id":"https:\/\/www.fcgueugnon.fr\/site\/national-3-les-forgerons-poursuivent-par-un-nul-face-a-andrezieux-boutheon\/734#primaryimage"},"image":{"@id":"https:\/\/www.fcgueugnon.fr\/site\/national-3-les-forgerons-poursuivent-par-un-nul-face-a-andrezieux-boutheon\/734#primaryimage"},"thumbnailUrl":"https:\/\/www.fcgueugnon.fr\/site\/wp-content\/uploads\/2022\/08\/prepafcg-MATCH-FCG-Andrezieux.jpg","datePublished":"2022-08-15T07:42:00+00:00","dateModified":"2022-08-21T19:33:07+00:00","breadcrumb":{"@id":"https:\/\/www.fcgueugnon.fr\/site\/national-3-les-forgerons-poursuivent-par-un-nul-face-a-andrezieux-boutheon\/734#breadcrumb"},"inLanguage":"fr-FR","potentialAction":[{"@type":"ReadAction","target":["https:\/\/www.fcgueugnon.fr\/site\/national-3-les-forgerons-poursuivent-par-un-nul-face-a-andrezieux-boutheon\/734"]}]},{"@type":"ImageObject","inLanguage":"fr-FR","@id":"https:\/\/www.fcgueugnon.fr\/site\/national-3-les-forgerons-poursuivent-par-un-nul-face-a-andrezieux-boutheon\/734#primaryimage","url":"https:\/\/www.fcgueugnon.fr\/site\/wp-content\/uploads\/2022\/08\/prepafcg-MATCH-FCG-Andrezieux.jpg","contentUrl":"https:\/\/www.fcgueugnon.fr\/site\/wp-content\/uploads\/2022\/08\/prepafcg-MATCH-FCG-Andrezieux.jpg","width":2000,"height":2000},{"@type":"BreadcrumbList","@id":"https:\/\/www.fcgueugnon.fr\/site\/national-3-les-forgerons-poursuivent-par-un-nul-face-a-andrezieux-boutheon\/734#breadcrumb","itemListElement":[{"@type":"ListItem","position":1,"name":"Accueil","item":"https:\/\/www.fcgueugnon.fr\/site\/"},{"@type":"ListItem","position":2,"name":"[National 3] Les forgerons poursuivent par un nul face \u00e0 Andr\u00e9zieux-Boutheon"}]},{"@type":"WebSite","@id":"https:\/\/www.fcgueugnon.fr\/site\/#website","url":"https:\/\/www.fcgueugnon.fr\/site\/","name":"FOOTBALL CLUB GUEUGNON","description":"Le Site Officiel des Forgerons","publisher":{"@id":"https:\/\/www.fcgueugnon.fr\/site\/#organization"},"potentialAction":[{"@type":"SearchAction","target":{"@type":"EntryPoint","urlTemplate":"https:\/\/www.fcgueugnon.fr\/site\/?s={search_term_string}"},"query-input":{"@type":"PropertyValueSpecification","valueRequired":true,"valueName":"search_term_string"}}],"inLanguage":"fr-FR"},{"@type":"Organization","@id":"https:\/\/www.fcgueugnon.fr\/site\/#organization","name":"FC Gueugnon","url":"https:\/\/www.fcgueugnon.fr\/site\/","logo":{"@type":"ImageObject","inLanguage":"fr-FR","@id":"https:\/\/www.fcgueugnon.fr\/site\/#\/schema\/logo\/image\/","url":"https:\/\/www.fcgueugnon.fr\/site\/wp-content\/uploads\/2022\/07\/cropped-Logo-FCGUEUGNON-low-350x350-1.png","contentUrl":"https:\/\/www.fcgueugnon.fr\/site\/wp-content\/uploads\/2022\/07\/cropped-Logo-FCGUEUGNON-low-350x350-1.png","width":350,"height":350,"caption":"FC Gueugnon"},"image":{"@id":"https:\/\/www.fcgueugnon.fr\/site\/#\/schema\/logo\/image\/"},"sameAs":["http:\/\/facebook.com\/FCGueugnon","https:\/\/x.com\/FCGueugnon_off","https:\/\/www.instagram.com\/fcgueugnon\/","https:\/\/www.linkedin.com\/company\/football-club-de-gueugnon\/","https:\/\/www.youtube.com\/user\/FCGueugnonnais","https:\/\/fr.wikipedia.org\/wiki\/Football_Club_de_Gueugnon"]},{"@type":"Person","@id":"https:\/\/www.fcgueugnon.fr\/site\/#\/schema\/person\/f6444fbdd35fa731ee974c03508738fb","name":"FC Gueugnon","sameAs":["https:\/\/www.fcgueugnon.fr\/site"],"url":"https:\/\/www.fcgueugnon.fr\/site\/author\/admin-antho"}]}},"rttpg_featured_image_url":{"full":["https:\/\/www.fcgueugnon.fr\/site\/wp-content\/uploads\/2022\/08\/prepafcg-MATCH-FCG-Andrezieux.jpg",2000,2000,false],"landscape":["https:\/\/www.fcgueugnon.fr\/site\/wp-content\/uploads\/2022\/08\/prepafcg-MATCH-FCG-Andrezieux.jpg",2000,2000,false],"portraits":["https:\/\/www.fcgueugnon.fr\/site\/wp-content\/uploads\/2022\/08\/prepafcg-MATCH-FCG-Andrezieux.jpg",2000,2000,false],"thumbnail":["https:\/\/www.fcgueugnon.fr\/site\/wp-content\/uploads\/2022\/08\/prepafcg-MATCH-FCG-Andrezieux-150x150.jpg",150,150,true],"medium":["https:\/\/www.fcgueugnon.fr\/site\/wp-content\/uploads\/2022\/08\/prepafcg-MATCH-FCG-Andrezieux-400x400.jpg",400,400,true],"large":["https:\/\/www.fcgueugnon.fr\/site\/wp-content\/uploads\/2022\/08\/prepafcg-MATCH-FCG-Andrezieux-1024x1024.jpg",1024,1024,true],"1536x1536":["https:\/\/www.fcgueugnon.fr\/site\/wp-content\/uploads\/2022\/08\/prepafcg-MATCH-FCG-Andrezieux-1536x1536.jpg",1536,1536,true],"2048x2048":["https:\/\/www.fcgueugnon.fr\/site\/wp-content\/uploads\/2022\/08\/prepafcg-MATCH-FCG-Andrezieux.jpg",2000,2000,false]},"rttpg_author":{"display_name":"FC Gueugnon","author_link":"https:\/\/www.fcgueugnon.fr\/site\/author\/admin-antho"},"rttpg_comment":0,"rttpg_category":"<a href=\"https:\/\/www.fcgueugnon.fr\/site\/category\/news\/news-2022-2023\" rel=\"category tag\">Archives 2022\/2023<\/a> <a href=\"https:\/\/www.fcgueugnon.fr\/site\/category\/news\" rel=\"category tag\">News<\/a>","rttpg_excerpt":"Les forgerons enchainent les matchs de pr\u00e9paration. Ce samedi, \u00e0 Gueugnon, avait lieu la r\u00e9ception d&rsquo;Andr\u00e9zieux-Bouth\u00e9on (N2). C&rsquo;est finalement sur le terrain VF1 que le FCG et l&rsquo;ABFC avaient rendez-vous pour ce match de pr\u00e9paration, la s\u00e9cheresse causant une interdiction municipale de se rendre au stade Jean Laville. Des pr\u00e9parations d\u00e9cal\u00e9es pour les 2 \u00e9quipes\u2026","_links":{"self":[{"href":"https:\/\/www.fcgueugnon.fr\/site\/wp-json\/wp\/v2\/posts\/734","targetHints":{"allow":["GET"]}}],"collection":[{"href":"https:\/\/www.fcgueugnon.fr\/site\/wp-json\/wp\/v2\/posts"}],"about":[{"href":"https:\/\/www.fcgueugnon.fr\/site\/wp-json\/wp\/v2\/types\/post"}],"author":[{"embeddable":true,"href":"https:\/\/www.fcgueugnon.fr\/site\/wp-json\/wp\/v2\/users\/1"}],"replies":[{"embeddable":true,"href":"https:\/\/www.fcgueugnon.fr\/site\/wp-json\/wp\/v2\/comments?post=734"}],"version-history":[{"count":1,"href":"https:\/\/www.fcgueugnon.fr\/site\/wp-json\/wp\/v2\/posts\/734\/revisions"}],"predecessor-version":[{"id":738,"href":"https:\/\/www.fcgueugnon.fr\/site\/wp-json\/wp\/v2\/posts\/734\/revisions\/738"}],"wp:featuredmedia":[{"embeddable":true,"href":"https:\/\/www.fcgueugnon.fr\/site\/wp-json\/wp\/v2\/media\/737"}],"wp:attachment":[{"href":"https:\/\/www.fcgueugnon.fr\/site\/wp-json\/wp\/v2\/media?parent=734"}],"wp:term":[{"taxonomy":"category","embeddable":true,"href":"https:\/\/www.fcgueugnon.fr\/site\/wp-json\/wp\/v2\/categories?post=734"},{"taxonomy":"post_tag","embeddable":true,"href":"https:\/\/www.fcgueugnon.fr\/site\/wp-json\/wp\/v2\/tags?post=734"}],"curies":[{"name":"wp","href":"https:\/\/api.w.org\/{rel}","templated":true}]}}