{"id":7236,"date":"2023-11-09T17:10:03","date_gmt":"2023-11-09T16:10:03","guid":{"rendered":"https:\/\/www.fcgueugnon.fr\/site\/?p=7236"},"modified":"2024-02-21T21:45:52","modified_gmt":"2024-02-21T20:45:52","slug":"n3-j08-fc-gueugnon-is-selongey-le-groupe-canard-partenaire-de-la-rencontre","status":"publish","type":"post","link":"https:\/\/www.fcgueugnon.fr\/site\/n3-j08-fc-gueugnon-is-selongey-le-groupe-canard-partenaire-de-la-rencontre\/7236","title":{"rendered":"[N3 J08 : FC Gueugnon \u2013 Is Selongey] Le Groupe Canard, partenaire de la rencontre"},"content":{"rendered":"\n<h3 class=\"wp-block-heading\"><strong>\u00c0 l\u2019occasion de la huiti\u00e8me journ\u00e9e de National 3, le FC Gueugnon re\u00e7oit Is-Selongey Football. Un match parrain\u00e9 par le Groupe Canard.<\/strong><\/h3>\n\n\n\n<div style=\"height:20px\" aria-hidden=\"true\" class=\"wp-block-spacer\"><\/div>\n\n\n\n<p>Entreprise familiale sp\u00e9cialis\u00e9e dans la fabrication de cercueil dans l&rsquo;Allier \u00e0 Molinet depuis plus de 60 ans. Un savoir-faire qui traverse les g\u00e9n\u00e9rations et qui permet la fabrication fran\u00e7aise de plus de 120000 cercueils par an.<\/p>\n\n\n\n<p>Le groupe Canard constitue \u00e0 lui seul environ 20 % du march\u00e9 national de la menuiserie fun\u00e9raire. La soci\u00e9t\u00e9 enti\u00e8rement familiale fabrique plus de 120 000 cercueils par an et perp\u00e9tue les valeurs transmises de g\u00e9n\u00e9ration en g\u00e9n\u00e9ration : le savoir faire artisanal, la fabrication fran\u00e7aise et le respect de l&rsquo;environnement.<\/p>\n\n\n\n<p>Les \u00e9tablissements Canard, la soci\u00e9t\u00e9 SEFIC, la soci\u00e9t\u00e9 MIV ainsi que la scierie SCIEMO et les pompes fun\u00e8bres Canard composent le groupe Canard Industries Holding.<\/p>\n\n\n\n<p>Aujourd&rsquo;hui, plus que jamais, la deuxi\u00e8me et la troisi\u00e8me g\u00e9n\u00e9ration travaillent ensemble pour proposer aux professionnels du fun\u00e9raire des produits respectueux de l&rsquo;environnement, fabriqu\u00e9s en France avec du bois issus de for\u00eats locales durablement g\u00e9r\u00e9es.<br><\/p>\n\n\n\n<div style=\"height:20px\" aria-hidden=\"true\" class=\"wp-block-spacer\"><\/div>\n\n\n\n<p class=\"has-text-align-center\"><strong>GROUPE CANARD<br><\/strong>Menuiserie Fun\u00e9raire<br>27 Grande Rue,<br>03510 MOLINET<br>T\u00e9l\u00e9phone : 03.85.53.07.06<a href=\"http:\/\/www.locatrans-genelardais.com\/\"><br><\/a>Site internet : <a href=\"https:\/\/www.canard-sefic.com\/fr\/\">www.canard-sefic.com<\/a><\/p>\n\n\n<div class=\"wp-block-image\">\n<figure class=\"aligncenter size-medium\"><img loading=\"lazy\" decoding=\"async\" width=\"400\" height=\"140\" src=\"https:\/\/www.fcgueugnon.fr\/site\/wp-content\/uploads\/2023\/11\/CANARD-SEFIC-400x140.png\" alt=\"\" class=\"wp-image-7238\" srcset=\"https:\/\/www.fcgueugnon.fr\/site\/wp-content\/uploads\/2023\/11\/CANARD-SEFIC-400x140.png 400w, https:\/\/www.fcgueugnon.fr\/site\/wp-content\/uploads\/2023\/11\/CANARD-SEFIC-1024x358.png 1024w, https:\/\/www.fcgueugnon.fr\/site\/wp-content\/uploads\/2023\/11\/CANARD-SEFIC-768x268.png 768w, https:\/\/www.fcgueugnon.fr\/site\/wp-content\/uploads\/2023\/11\/CANARD-SEFIC-600x210.png 600w, https:\/\/www.fcgueugnon.fr\/site\/wp-content\/uploads\/2023\/11\/CANARD-SEFIC.png 1193w\" sizes=\"auto, (max-width: 400px) 100vw, 400px\" \/><\/figure>\n<\/div>\n\n\n<div style=\"height:20px\" aria-hidden=\"true\" class=\"wp-block-spacer\"><\/div>\n\n\n\n<hr class=\"wp-block-separator has-alpha-channel-opacity\"\/>\n\n\n\n<div style=\"height:20px\" aria-hidden=\"true\" class=\"wp-block-spacer\"><\/div>\n\n\n\n<p>Pour cette rencontre, nous aurons \u00e9galement l&rsquo;honneur d&rsquo;avoir la pr\u00e9sence de\u00a0<strong>Cl\u00e9mence De Bellis, Miss Euror\u00e9gion Bourgogne Franche Comt\u00e9 2023 et Miss Emeraude Nationale<\/strong>.<\/p>\n\n\n\n<div style=\"height:20px\" aria-hidden=\"true\" class=\"wp-block-spacer\"><\/div>\n\n\n<div class=\"wp-block-image\">\n<figure class=\"aligncenter size-large is-resized\"><img loading=\"lazy\" decoding=\"async\" width=\"683\" height=\"1024\" src=\"https:\/\/www.fcgueugnon.fr\/site\/wp-content\/uploads\/2023\/11\/Clemence-De-Bellis-Miss-Euroregion-Bourgogne-Franche-Comte-2023-et-Miss-Emeraude-Nationale-683x1024.jpg\" alt=\"\" class=\"wp-image-7240\" style=\"width:354px;height:auto\" srcset=\"https:\/\/www.fcgueugnon.fr\/site\/wp-content\/uploads\/2023\/11\/Clemence-De-Bellis-Miss-Euroregion-Bourgogne-Franche-Comte-2023-et-Miss-Emeraude-Nationale-683x1024.jpg 683w, https:\/\/www.fcgueugnon.fr\/site\/wp-content\/uploads\/2023\/11\/Clemence-De-Bellis-Miss-Euroregion-Bourgogne-Franche-Comte-2023-et-Miss-Emeraude-Nationale-267x400.jpg 267w, https:\/\/www.fcgueugnon.fr\/site\/wp-content\/uploads\/2023\/11\/Clemence-De-Bellis-Miss-Euroregion-Bourgogne-Franche-Comte-2023-et-Miss-Emeraude-Nationale-768x1152.jpg 768w, https:\/\/www.fcgueugnon.fr\/site\/wp-content\/uploads\/2023\/11\/Clemence-De-Bellis-Miss-Euroregion-Bourgogne-Franche-Comte-2023-et-Miss-Emeraude-Nationale-1024x1536.jpg 1024w, https:\/\/www.fcgueugnon.fr\/site\/wp-content\/uploads\/2023\/11\/Clemence-De-Bellis-Miss-Euroregion-Bourgogne-Franche-Comte-2023-et-Miss-Emeraude-Nationale-1320x1980.jpg 1320w, https:\/\/www.fcgueugnon.fr\/site\/wp-content\/uploads\/2023\/11\/Clemence-De-Bellis-Miss-Euroregion-Bourgogne-Franche-Comte-2023-et-Miss-Emeraude-Nationale-600x900.jpg 600w, https:\/\/www.fcgueugnon.fr\/site\/wp-content\/uploads\/2023\/11\/Clemence-De-Bellis-Miss-Euroregion-Bourgogne-Franche-Comte-2023-et-Miss-Emeraude-Nationale.jpg 1365w\" sizes=\"auto, (max-width: 683px) 100vw, 683px\" \/><\/figure>\n<\/div>\n\n\n<div style=\"height:20px\" aria-hidden=\"true\" class=\"wp-block-spacer\"><\/div>\n\n\n\n<p class=\"has-text-align-center\"><strong>Supporters forgerons,&nbsp;<a href=\"https:\/\/www.fcgueugnon.fr\/site\/partenaires\">r\u00e9servez vos achats et vos sorties chez nos partenaires<\/a><\/strong><\/p>\n","protected":false},"excerpt":{"rendered":"<p>\u00c0 l\u2019occasion de la huiti\u00e8me journ\u00e9e de National 3, le FC Gueugnon re\u00e7oit Is-Selongey Football. Un match parrain\u00e9 par le Groupe Canard. Entreprise familiale sp\u00e9cialis\u00e9e dans la fabrication de cercueil dans l&rsquo;Allier \u00e0 Molinet depuis plus de 60 ans. Un savoir-faire qui traverse les g\u00e9n\u00e9rations et qui permet la fabrication fran\u00e7aise de plus de 120000 &#8230; <\/p>\n<p class=\"read-more-container\"><a title=\"[N3 J08 : FC Gueugnon \u2013 Is Selongey] Le Groupe Canard, partenaire de la rencontre\" class=\"read-more button\" href=\"https:\/\/www.fcgueugnon.fr\/site\/n3-j08-fc-gueugnon-is-selongey-le-groupe-canard-partenaire-de-la-rencontre\/7236#more-7236\" aria-label=\"Plus sur [N3 J08 : FC Gueugnon \u2013 Is Selongey] Le Groupe Canard, partenaire de la rencontre\">Lire la suite<\/a><\/p>\n","protected":false},"author":3,"featured_media":7237,"comment_status":"closed","ping_status":"closed","sticky":true,"template":"","format":"standard","meta":{"footnotes":""},"categories":[4,55],"tags":[23],"class_list":["post-7236","post","type-post","status-publish","format-standard","has-post-thumbnail","hentry","category-news","category-news-2023-2024","tag-partenaires","infinite-scroll-item","generate-columns","tablet-grid-50","mobile-grid-100","grid-parent","grid-25","resize-featured-image"],"yoast_head":"<!-- This site is optimized with the Yoast SEO plugin v26.6 - https:\/\/yoast.com\/wordpress\/plugins\/seo\/ -->\n<title>[N3 J08 : FC Gueugnon \u2013 Is Selongey] Le Groupe Canard, partenaire de la rencontre &#8226; FOOTBALL CLUB GUEUGNON<\/title>\n<meta name=\"robots\" content=\"index, follow, max-snippet:-1, max-image-preview:large, max-video-preview:-1\" \/>\n<link rel=\"canonical\" href=\"https:\/\/www.fcgueugnon.fr\/site\/n3-j08-fc-gueugnon-is-selongey-le-groupe-canard-partenaire-de-la-rencontre\/7236\" \/>\n<meta property=\"og:locale\" content=\"fr_FR\" \/>\n<meta property=\"og:type\" content=\"article\" \/>\n<meta property=\"og:title\" content=\"[N3 J08 : FC Gueugnon \u2013 Is Selongey] Le Groupe Canard, partenaire de la rencontre &#8226; FOOTBALL CLUB GUEUGNON\" \/>\n<meta property=\"og:description\" content=\"\u00c0 l\u2019occasion de la huiti\u00e8me journ\u00e9e de National 3, le FC Gueugnon re\u00e7oit Is-Selongey Football. Un match parrain\u00e9 par le Groupe Canard. Entreprise familiale sp\u00e9cialis\u00e9e dans la fabrication de cercueil dans l&rsquo;Allier \u00e0 Molinet depuis plus de 60 ans. Un savoir-faire qui traverse les g\u00e9n\u00e9rations et qui permet la fabrication fran\u00e7aise de plus de 120000 ... Lire la suite\" \/>\n<meta property=\"og:url\" content=\"https:\/\/www.fcgueugnon.fr\/site\/n3-j08-fc-gueugnon-is-selongey-le-groupe-canard-partenaire-de-la-rencontre\/7236\" \/>\n<meta property=\"og:site_name\" content=\"FOOTBALL CLUB GUEUGNON\" \/>\n<meta property=\"article:publisher\" content=\"http:\/\/facebook.com\/FCGueugnon\" \/>\n<meta property=\"article:published_time\" content=\"2023-11-09T16:10:03+00:00\" \/>\n<meta property=\"article:modified_time\" content=\"2024-02-21T20:45:52+00:00\" \/>\n<meta property=\"og:image\" content=\"https:\/\/www.fcgueugnon.fr\/site\/wp-content\/uploads\/2023\/11\/PARTENAIRE-DU-MATCH-GROUPE-CANARD.png\" \/>\n\t<meta property=\"og:image:width\" content=\"1920\" \/>\n\t<meta property=\"og:image:height\" content=\"1080\" \/>\n\t<meta property=\"og:image:type\" content=\"image\/png\" \/>\n<meta name=\"author\" content=\"FC Gueugnon\" \/>\n<meta name=\"twitter:card\" content=\"summary_large_image\" \/>\n<meta name=\"twitter:creator\" content=\"@FCGueugnon_off\" \/>\n<meta name=\"twitter:site\" content=\"@FCGueugnon_off\" \/>\n<meta name=\"twitter:label1\" content=\"\u00c9crit par\" \/>\n\t<meta name=\"twitter:data1\" content=\"FC Gueugnon\" \/>\n\t<meta name=\"twitter:label2\" content=\"Dur\u00e9e de lecture estim\u00e9e\" \/>\n\t<meta name=\"twitter:data2\" content=\"2 minutes\" \/>\n<script type=\"application\/ld+json\" class=\"yoast-schema-graph\">{\"@context\":\"https:\/\/schema.org\",\"@graph\":[{\"@type\":\"Article\",\"@id\":\"https:\/\/www.fcgueugnon.fr\/site\/n3-j08-fc-gueugnon-is-selongey-le-groupe-canard-partenaire-de-la-rencontre\/7236#article\",\"isPartOf\":{\"@id\":\"https:\/\/www.fcgueugnon.fr\/site\/n3-j08-fc-gueugnon-is-selongey-le-groupe-canard-partenaire-de-la-rencontre\/7236\"},\"author\":{\"name\":\"FC Gueugnon\",\"@id\":\"https:\/\/www.fcgueugnon.fr\/site\/#\/schema\/person\/829630bfb5d6f3ebe4d296b75687c01a\"},\"headline\":\"[N3 J08 : FC Gueugnon \u2013 Is Selongey] Le Groupe Canard, partenaire de la rencontre\",\"datePublished\":\"2023-11-09T16:10:03+00:00\",\"dateModified\":\"2024-02-21T20:45:52+00:00\",\"mainEntityOfPage\":{\"@id\":\"https:\/\/www.fcgueugnon.fr\/site\/n3-j08-fc-gueugnon-is-selongey-le-groupe-canard-partenaire-de-la-rencontre\/7236\"},\"wordCount\":261,\"publisher\":{\"@id\":\"https:\/\/www.fcgueugnon.fr\/site\/#organization\"},\"image\":{\"@id\":\"https:\/\/www.fcgueugnon.fr\/site\/n3-j08-fc-gueugnon-is-selongey-le-groupe-canard-partenaire-de-la-rencontre\/7236#primaryimage\"},\"thumbnailUrl\":\"https:\/\/www.fcgueugnon.fr\/site\/wp-content\/uploads\/2023\/11\/PARTENAIRE-DU-MATCH-GROUPE-CANARD.png\",\"keywords\":[\"Partenaires\"],\"articleSection\":[\"News\",\"News 2023\/2024\"],\"inLanguage\":\"fr-FR\"},{\"@type\":\"WebPage\",\"@id\":\"https:\/\/www.fcgueugnon.fr\/site\/n3-j08-fc-gueugnon-is-selongey-le-groupe-canard-partenaire-de-la-rencontre\/7236\",\"url\":\"https:\/\/www.fcgueugnon.fr\/site\/n3-j08-fc-gueugnon-is-selongey-le-groupe-canard-partenaire-de-la-rencontre\/7236\",\"name\":\"[N3 J08 : FC Gueugnon \u2013 Is Selongey] Le Groupe Canard, partenaire de la rencontre &#8226; FOOTBALL CLUB GUEUGNON\",\"isPartOf\":{\"@id\":\"https:\/\/www.fcgueugnon.fr\/site\/#website\"},\"primaryImageOfPage\":{\"@id\":\"https:\/\/www.fcgueugnon.fr\/site\/n3-j08-fc-gueugnon-is-selongey-le-groupe-canard-partenaire-de-la-rencontre\/7236#primaryimage\"},\"image\":{\"@id\":\"https:\/\/www.fcgueugnon.fr\/site\/n3-j08-fc-gueugnon-is-selongey-le-groupe-canard-partenaire-de-la-rencontre\/7236#primaryimage\"},\"thumbnailUrl\":\"https:\/\/www.fcgueugnon.fr\/site\/wp-content\/uploads\/2023\/11\/PARTENAIRE-DU-MATCH-GROUPE-CANARD.png\",\"datePublished\":\"2023-11-09T16:10:03+00:00\",\"dateModified\":\"2024-02-21T20:45:52+00:00\",\"breadcrumb\":{\"@id\":\"https:\/\/www.fcgueugnon.fr\/site\/n3-j08-fc-gueugnon-is-selongey-le-groupe-canard-partenaire-de-la-rencontre\/7236#breadcrumb\"},\"inLanguage\":\"fr-FR\",\"potentialAction\":[{\"@type\":\"ReadAction\",\"target\":[\"https:\/\/www.fcgueugnon.fr\/site\/n3-j08-fc-gueugnon-is-selongey-le-groupe-canard-partenaire-de-la-rencontre\/7236\"]}]},{\"@type\":\"ImageObject\",\"inLanguage\":\"fr-FR\",\"@id\":\"https:\/\/www.fcgueugnon.fr\/site\/n3-j08-fc-gueugnon-is-selongey-le-groupe-canard-partenaire-de-la-rencontre\/7236#primaryimage\",\"url\":\"https:\/\/www.fcgueugnon.fr\/site\/wp-content\/uploads\/2023\/11\/PARTENAIRE-DU-MATCH-GROUPE-CANARD.png\",\"contentUrl\":\"https:\/\/www.fcgueugnon.fr\/site\/wp-content\/uploads\/2023\/11\/PARTENAIRE-DU-MATCH-GROUPE-CANARD.png\",\"width\":1920,\"height\":1080},{\"@type\":\"BreadcrumbList\",\"@id\":\"https:\/\/www.fcgueugnon.fr\/site\/n3-j08-fc-gueugnon-is-selongey-le-groupe-canard-partenaire-de-la-rencontre\/7236#breadcrumb\",\"itemListElement\":[{\"@type\":\"ListItem\",\"position\":1,\"name\":\"Accueil\",\"item\":\"https:\/\/www.fcgueugnon.fr\/site\/\"},{\"@type\":\"ListItem\",\"position\":2,\"name\":\"[N3 J08 : FC Gueugnon \u2013 Is Selongey] Le Groupe Canard, partenaire de la rencontre\"}]},{\"@type\":\"WebSite\",\"@id\":\"https:\/\/www.fcgueugnon.fr\/site\/#website\",\"url\":\"https:\/\/www.fcgueugnon.fr\/site\/\",\"name\":\"FOOTBALL CLUB GUEUGNON\",\"description\":\"Le Site Officiel des Forgerons\",\"publisher\":{\"@id\":\"https:\/\/www.fcgueugnon.fr\/site\/#organization\"},\"potentialAction\":[{\"@type\":\"SearchAction\",\"target\":{\"@type\":\"EntryPoint\",\"urlTemplate\":\"https:\/\/www.fcgueugnon.fr\/site\/?s={search_term_string}\"},\"query-input\":{\"@type\":\"PropertyValueSpecification\",\"valueRequired\":true,\"valueName\":\"search_term_string\"}}],\"inLanguage\":\"fr-FR\"},{\"@type\":\"Organization\",\"@id\":\"https:\/\/www.fcgueugnon.fr\/site\/#organization\",\"name\":\"FC Gueugnon\",\"url\":\"https:\/\/www.fcgueugnon.fr\/site\/\",\"logo\":{\"@type\":\"ImageObject\",\"inLanguage\":\"fr-FR\",\"@id\":\"https:\/\/www.fcgueugnon.fr\/site\/#\/schema\/logo\/image\/\",\"url\":\"https:\/\/www.fcgueugnon.fr\/site\/wp-content\/uploads\/2022\/07\/cropped-Logo-FCGUEUGNON-low-350x350-1.png\",\"contentUrl\":\"https:\/\/www.fcgueugnon.fr\/site\/wp-content\/uploads\/2022\/07\/cropped-Logo-FCGUEUGNON-low-350x350-1.png\",\"width\":350,\"height\":350,\"caption\":\"FC Gueugnon\"},\"image\":{\"@id\":\"https:\/\/www.fcgueugnon.fr\/site\/#\/schema\/logo\/image\/\"},\"sameAs\":[\"http:\/\/facebook.com\/FCGueugnon\",\"https:\/\/x.com\/FCGueugnon_off\",\"https:\/\/www.instagram.com\/fcgueugnon\/\",\"https:\/\/www.linkedin.com\/company\/football-club-de-gueugnon\/\",\"https:\/\/www.youtube.com\/user\/FCGueugnonnais\",\"https:\/\/fr.wikipedia.org\/wiki\/Football_Club_de_Gueugnon\"]},{\"@type\":\"Person\",\"@id\":\"https:\/\/www.fcgueugnon.fr\/site\/#\/schema\/person\/829630bfb5d6f3ebe4d296b75687c01a\",\"name\":\"FC Gueugnon\",\"url\":\"https:\/\/www.fcgueugnon.fr\/site\/author\/g-avin1\"}]}<\/script>\n<!-- \/ Yoast SEO plugin. -->","yoast_head_json":{"title":"[N3 J08 : FC Gueugnon \u2013 Is Selongey] Le Groupe Canard, partenaire de la rencontre &#8226; FOOTBALL CLUB GUEUGNON","robots":{"index":"index","follow":"follow","max-snippet":"max-snippet:-1","max-image-preview":"max-image-preview:large","max-video-preview":"max-video-preview:-1"},"canonical":"https:\/\/www.fcgueugnon.fr\/site\/n3-j08-fc-gueugnon-is-selongey-le-groupe-canard-partenaire-de-la-rencontre\/7236","og_locale":"fr_FR","og_type":"article","og_title":"[N3 J08 : FC Gueugnon \u2013 Is Selongey] Le Groupe Canard, partenaire de la rencontre &#8226; FOOTBALL CLUB GUEUGNON","og_description":"\u00c0 l\u2019occasion de la huiti\u00e8me journ\u00e9e de National 3, le FC Gueugnon re\u00e7oit Is-Selongey Football. Un match parrain\u00e9 par le Groupe Canard. Entreprise familiale sp\u00e9cialis\u00e9e dans la fabrication de cercueil dans l&rsquo;Allier \u00e0 Molinet depuis plus de 60 ans. Un savoir-faire qui traverse les g\u00e9n\u00e9rations et qui permet la fabrication fran\u00e7aise de plus de 120000 ... Lire la suite","og_url":"https:\/\/www.fcgueugnon.fr\/site\/n3-j08-fc-gueugnon-is-selongey-le-groupe-canard-partenaire-de-la-rencontre\/7236","og_site_name":"FOOTBALL CLUB GUEUGNON","article_publisher":"http:\/\/facebook.com\/FCGueugnon","article_published_time":"2023-11-09T16:10:03+00:00","article_modified_time":"2024-02-21T20:45:52+00:00","og_image":[{"width":1920,"height":1080,"url":"https:\/\/www.fcgueugnon.fr\/site\/wp-content\/uploads\/2023\/11\/PARTENAIRE-DU-MATCH-GROUPE-CANARD.png","type":"image\/png"}],"author":"FC Gueugnon","twitter_card":"summary_large_image","twitter_creator":"@FCGueugnon_off","twitter_site":"@FCGueugnon_off","twitter_misc":{"\u00c9crit par":"FC Gueugnon","Dur\u00e9e de lecture estim\u00e9e":"2 minutes"},"schema":{"@context":"https:\/\/schema.org","@graph":[{"@type":"Article","@id":"https:\/\/www.fcgueugnon.fr\/site\/n3-j08-fc-gueugnon-is-selongey-le-groupe-canard-partenaire-de-la-rencontre\/7236#article","isPartOf":{"@id":"https:\/\/www.fcgueugnon.fr\/site\/n3-j08-fc-gueugnon-is-selongey-le-groupe-canard-partenaire-de-la-rencontre\/7236"},"author":{"name":"FC Gueugnon","@id":"https:\/\/www.fcgueugnon.fr\/site\/#\/schema\/person\/829630bfb5d6f3ebe4d296b75687c01a"},"headline":"[N3 J08 : FC Gueugnon \u2013 Is Selongey] Le Groupe Canard, partenaire de la rencontre","datePublished":"2023-11-09T16:10:03+00:00","dateModified":"2024-02-21T20:45:52+00:00","mainEntityOfPage":{"@id":"https:\/\/www.fcgueugnon.fr\/site\/n3-j08-fc-gueugnon-is-selongey-le-groupe-canard-partenaire-de-la-rencontre\/7236"},"wordCount":261,"publisher":{"@id":"https:\/\/www.fcgueugnon.fr\/site\/#organization"},"image":{"@id":"https:\/\/www.fcgueugnon.fr\/site\/n3-j08-fc-gueugnon-is-selongey-le-groupe-canard-partenaire-de-la-rencontre\/7236#primaryimage"},"thumbnailUrl":"https:\/\/www.fcgueugnon.fr\/site\/wp-content\/uploads\/2023\/11\/PARTENAIRE-DU-MATCH-GROUPE-CANARD.png","keywords":["Partenaires"],"articleSection":["News","News 2023\/2024"],"inLanguage":"fr-FR"},{"@type":"WebPage","@id":"https:\/\/www.fcgueugnon.fr\/site\/n3-j08-fc-gueugnon-is-selongey-le-groupe-canard-partenaire-de-la-rencontre\/7236","url":"https:\/\/www.fcgueugnon.fr\/site\/n3-j08-fc-gueugnon-is-selongey-le-groupe-canard-partenaire-de-la-rencontre\/7236","name":"[N3 J08 : FC Gueugnon \u2013 Is Selongey] Le Groupe Canard, partenaire de la rencontre &#8226; FOOTBALL CLUB GUEUGNON","isPartOf":{"@id":"https:\/\/www.fcgueugnon.fr\/site\/#website"},"primaryImageOfPage":{"@id":"https:\/\/www.fcgueugnon.fr\/site\/n3-j08-fc-gueugnon-is-selongey-le-groupe-canard-partenaire-de-la-rencontre\/7236#primaryimage"},"image":{"@id":"https:\/\/www.fcgueugnon.fr\/site\/n3-j08-fc-gueugnon-is-selongey-le-groupe-canard-partenaire-de-la-rencontre\/7236#primaryimage"},"thumbnailUrl":"https:\/\/www.fcgueugnon.fr\/site\/wp-content\/uploads\/2023\/11\/PARTENAIRE-DU-MATCH-GROUPE-CANARD.png","datePublished":"2023-11-09T16:10:03+00:00","dateModified":"2024-02-21T20:45:52+00:00","breadcrumb":{"@id":"https:\/\/www.fcgueugnon.fr\/site\/n3-j08-fc-gueugnon-is-selongey-le-groupe-canard-partenaire-de-la-rencontre\/7236#breadcrumb"},"inLanguage":"fr-FR","potentialAction":[{"@type":"ReadAction","target":["https:\/\/www.fcgueugnon.fr\/site\/n3-j08-fc-gueugnon-is-selongey-le-groupe-canard-partenaire-de-la-rencontre\/7236"]}]},{"@type":"ImageObject","inLanguage":"fr-FR","@id":"https:\/\/www.fcgueugnon.fr\/site\/n3-j08-fc-gueugnon-is-selongey-le-groupe-canard-partenaire-de-la-rencontre\/7236#primaryimage","url":"https:\/\/www.fcgueugnon.fr\/site\/wp-content\/uploads\/2023\/11\/PARTENAIRE-DU-MATCH-GROUPE-CANARD.png","contentUrl":"https:\/\/www.fcgueugnon.fr\/site\/wp-content\/uploads\/2023\/11\/PARTENAIRE-DU-MATCH-GROUPE-CANARD.png","width":1920,"height":1080},{"@type":"BreadcrumbList","@id":"https:\/\/www.fcgueugnon.fr\/site\/n3-j08-fc-gueugnon-is-selongey-le-groupe-canard-partenaire-de-la-rencontre\/7236#breadcrumb","itemListElement":[{"@type":"ListItem","position":1,"name":"Accueil","item":"https:\/\/www.fcgueugnon.fr\/site\/"},{"@type":"ListItem","position":2,"name":"[N3 J08 : FC Gueugnon \u2013 Is Selongey] Le Groupe Canard, partenaire de la rencontre"}]},{"@type":"WebSite","@id":"https:\/\/www.fcgueugnon.fr\/site\/#website","url":"https:\/\/www.fcgueugnon.fr\/site\/","name":"FOOTBALL CLUB GUEUGNON","description":"Le Site Officiel des Forgerons","publisher":{"@id":"https:\/\/www.fcgueugnon.fr\/site\/#organization"},"potentialAction":[{"@type":"SearchAction","target":{"@type":"EntryPoint","urlTemplate":"https:\/\/www.fcgueugnon.fr\/site\/?s={search_term_string}"},"query-input":{"@type":"PropertyValueSpecification","valueRequired":true,"valueName":"search_term_string"}}],"inLanguage":"fr-FR"},{"@type":"Organization","@id":"https:\/\/www.fcgueugnon.fr\/site\/#organization","name":"FC Gueugnon","url":"https:\/\/www.fcgueugnon.fr\/site\/","logo":{"@type":"ImageObject","inLanguage":"fr-FR","@id":"https:\/\/www.fcgueugnon.fr\/site\/#\/schema\/logo\/image\/","url":"https:\/\/www.fcgueugnon.fr\/site\/wp-content\/uploads\/2022\/07\/cropped-Logo-FCGUEUGNON-low-350x350-1.png","contentUrl":"https:\/\/www.fcgueugnon.fr\/site\/wp-content\/uploads\/2022\/07\/cropped-Logo-FCGUEUGNON-low-350x350-1.png","width":350,"height":350,"caption":"FC Gueugnon"},"image":{"@id":"https:\/\/www.fcgueugnon.fr\/site\/#\/schema\/logo\/image\/"},"sameAs":["http:\/\/facebook.com\/FCGueugnon","https:\/\/x.com\/FCGueugnon_off","https:\/\/www.instagram.com\/fcgueugnon\/","https:\/\/www.linkedin.com\/company\/football-club-de-gueugnon\/","https:\/\/www.youtube.com\/user\/FCGueugnonnais","https:\/\/fr.wikipedia.org\/wiki\/Football_Club_de_Gueugnon"]},{"@type":"Person","@id":"https:\/\/www.fcgueugnon.fr\/site\/#\/schema\/person\/829630bfb5d6f3ebe4d296b75687c01a","name":"FC Gueugnon","url":"https:\/\/www.fcgueugnon.fr\/site\/author\/g-avin1"}]}},"rttpg_featured_image_url":{"full":["https:\/\/www.fcgueugnon.fr\/site\/wp-content\/uploads\/2023\/11\/PARTENAIRE-DU-MATCH-GROUPE-CANARD.png",1920,1080,false],"landscape":["https:\/\/www.fcgueugnon.fr\/site\/wp-content\/uploads\/2023\/11\/PARTENAIRE-DU-MATCH-GROUPE-CANARD.png",1920,1080,false],"portraits":["https:\/\/www.fcgueugnon.fr\/site\/wp-content\/uploads\/2023\/11\/PARTENAIRE-DU-MATCH-GROUPE-CANARD.png",1920,1080,false],"thumbnail":["https:\/\/www.fcgueugnon.fr\/site\/wp-content\/uploads\/2023\/11\/PARTENAIRE-DU-MATCH-GROUPE-CANARD-150x150.png",150,150,true],"medium":["https:\/\/www.fcgueugnon.fr\/site\/wp-content\/uploads\/2023\/11\/PARTENAIRE-DU-MATCH-GROUPE-CANARD-400x225.png",400,225,true],"large":["https:\/\/www.fcgueugnon.fr\/site\/wp-content\/uploads\/2023\/11\/PARTENAIRE-DU-MATCH-GROUPE-CANARD-1024x576.png",1024,576,true],"1536x1536":["https:\/\/www.fcgueugnon.fr\/site\/wp-content\/uploads\/2023\/11\/PARTENAIRE-DU-MATCH-GROUPE-CANARD-1536x864.png",1536,864,true],"2048x2048":["https:\/\/www.fcgueugnon.fr\/site\/wp-content\/uploads\/2023\/11\/PARTENAIRE-DU-MATCH-GROUPE-CANARD.png",1920,1080,false]},"rttpg_author":{"display_name":"FC Gueugnon","author_link":"https:\/\/www.fcgueugnon.fr\/site\/author\/g-avin1"},"rttpg_comment":0,"rttpg_category":"<a href=\"https:\/\/www.fcgueugnon.fr\/site\/category\/news\" rel=\"category tag\">News<\/a> <a href=\"https:\/\/www.fcgueugnon.fr\/site\/category\/news\/news-2023-2024\" rel=\"category tag\">News 2023\/2024<\/a>","rttpg_excerpt":"\u00c0 l\u2019occasion de la huiti\u00e8me journ\u00e9e de National 3, le FC Gueugnon re\u00e7oit Is-Selongey Football. Un match parrain\u00e9 par le Groupe Canard. Entreprise familiale sp\u00e9cialis\u00e9e dans la fabrication de cercueil dans l&rsquo;Allier \u00e0 Molinet depuis plus de 60 ans. Un savoir-faire qui traverse les g\u00e9n\u00e9rations et qui permet la fabrication fran\u00e7aise de plus de 120000\u2026","_links":{"self":[{"href":"https:\/\/www.fcgueugnon.fr\/site\/wp-json\/wp\/v2\/posts\/7236","targetHints":{"allow":["GET"]}}],"collection":[{"href":"https:\/\/www.fcgueugnon.fr\/site\/wp-json\/wp\/v2\/posts"}],"about":[{"href":"https:\/\/www.fcgueugnon.fr\/site\/wp-json\/wp\/v2\/types\/post"}],"author":[{"embeddable":true,"href":"https:\/\/www.fcgueugnon.fr\/site\/wp-json\/wp\/v2\/users\/3"}],"replies":[{"embeddable":true,"href":"https:\/\/www.fcgueugnon.fr\/site\/wp-json\/wp\/v2\/comments?post=7236"}],"version-history":[{"count":2,"href":"https:\/\/www.fcgueugnon.fr\/site\/wp-json\/wp\/v2\/posts\/7236\/revisions"}],"predecessor-version":[{"id":7241,"href":"https:\/\/www.fcgueugnon.fr\/site\/wp-json\/wp\/v2\/posts\/7236\/revisions\/7241"}],"wp:featuredmedia":[{"embeddable":true,"href":"https:\/\/www.fcgueugnon.fr\/site\/wp-json\/wp\/v2\/media\/7237"}],"wp:attachment":[{"href":"https:\/\/www.fcgueugnon.fr\/site\/wp-json\/wp\/v2\/media?parent=7236"}],"wp:term":[{"taxonomy":"category","embeddable":true,"href":"https:\/\/www.fcgueugnon.fr\/site\/wp-json\/wp\/v2\/categories?post=7236"},{"taxonomy":"post_tag","embeddable":true,"href":"https:\/\/www.fcgueugnon.fr\/site\/wp-json\/wp\/v2\/tags?post=7236"}],"curies":[{"name":"wp","href":"https:\/\/api.w.org\/{rel}","templated":true}]}}