{"id":7228,"date":"2023-11-10T09:17:03","date_gmt":"2023-11-10T08:17:03","guid":{"rendered":"https:\/\/www.fcgueugnon.fr\/site\/?p=7228"},"modified":"2024-10-07T11:20:08","modified_gmt":"2024-10-07T09:20:08","slug":"n3-j08-fc-gueugnon-is-selongey-pas-darmistice-dans-cette-saison-intense","status":"publish","type":"post","link":"https:\/\/www.fcgueugnon.fr\/site\/n3-j08-fc-gueugnon-is-selongey-pas-darmistice-dans-cette-saison-intense\/7228","title":{"rendered":"[N3 J08 : FC Gueugnon \u2013 Is Selongey] Pas d&rsquo;armistice dans cette saison intense !"},"content":{"rendered":"\n<h2 class=\"wp-block-heading\">Retour \u00e0 Jean Laville pour des forgerons dont la r\u00e9action est attendue apr\u00e8s la d\u00e9faite am\u00e8re du week-end dernier.<\/h2>\n\n\n\n<div class=\"wp-block-getwid-image-box getwid-animation has-text-center has-mobile-layout-default has-mobile-alignment-center\" data-animation=\"pulse\"><div class=\"wp-block-getwid-image-box__image-container is-position-top\"><div class=\"wp-block-getwid-image-box__image-wrapper\"><img loading=\"lazy\" decoding=\"async\" width=\"724\" height=\"1024\" src=\"https:\/\/www.fcgueugnon.fr\/site\/wp-content\/uploads\/2023\/11\/400432111_746711640831204_6158299366453833897_n-724x1024.jpg\" alt=\"\" class=\"wp-block-getwid-image-box__image wp-image-7229\" srcset=\"https:\/\/www.fcgueugnon.fr\/site\/wp-content\/uploads\/2023\/11\/400432111_746711640831204_6158299366453833897_n-724x1024.jpg 724w, https:\/\/www.fcgueugnon.fr\/site\/wp-content\/uploads\/2023\/11\/400432111_746711640831204_6158299366453833897_n-283x400.jpg 283w, https:\/\/www.fcgueugnon.fr\/site\/wp-content\/uploads\/2023\/11\/400432111_746711640831204_6158299366453833897_n-768x1086.jpg 768w, https:\/\/www.fcgueugnon.fr\/site\/wp-content\/uploads\/2023\/11\/400432111_746711640831204_6158299366453833897_n-1086x1536.jpg 1086w, https:\/\/www.fcgueugnon.fr\/site\/wp-content\/uploads\/2023\/11\/400432111_746711640831204_6158299366453833897_n-1320x1867.jpg 1320w, https:\/\/www.fcgueugnon.fr\/site\/wp-content\/uploads\/2023\/11\/400432111_746711640831204_6158299366453833897_n-600x849.jpg 600w, https:\/\/www.fcgueugnon.fr\/site\/wp-content\/uploads\/2023\/11\/400432111_746711640831204_6158299366453833897_n.jpg 1448w\" sizes=\"auto, (max-width: 724px) 100vw, 724px\" \/><\/div><\/div><div class=\"wp-block-getwid-image-box__content\">\n<h3 class=\"wp-block-heading\"><\/h3>\n\n\n\n<p><\/p>\n<\/div><\/div>\n\n\n\n<div style=\"height:70px\" aria-hidden=\"true\" class=\"wp-block-spacer\"><\/div>\n\n\n\n<h3 class=\"wp-block-heading\">\ud83c\udd9a <em><strong>L&rsquo;adversaire <\/strong><\/em>: Is Selongey<\/h3>\n\n\n\n<p><strong>Is-Selongey <\/strong>est un club que le FCG a souvent trouv\u00e9 sur sa route ! 5e la saison pass\u00e9e avec 15 victoires malgr\u00e9 un retrait de points pour raisons administratives, les \u00ab <em>cocottes<\/em> \u00bb sont d\u00e9sormais coach\u00e9 par <strong>Guillaume Perreau-Niel<\/strong>, 37 ans et enseignant en STAPS Dijon, qui souhaite apporter une \u00ab\u00a0<em>approche scientifique et collective<\/em>\u00a0\u00bb \u00e0 l&rsquo;\u00e9quipe et au club.<\/p>\n\n\n\n<p>Outre l&rsquo;entraineur, on peut noter 13 d\u00e9parts pour 12 entr\u00e9es, un \u00e2ge moyen de l&rsquo;effectif \u00e0 23,3 ans pour \u00ab <em>un groupe \u00a0chamboul\u00e9 mais exp\u00e9riment\u00e9\u00a0<\/em>\u00bb. L\u2019objectif ? <strong>Se maintenir le plus rapidement possible<\/strong> m\u00eame si le d\u00e9but de saison n&rsquo;a pas \u00e9t\u00e9 \u00e0 la hauteur avec 1 seule victoire contre Jura Dolois (J02 2-3), 3 nuls et 3 d\u00e9faites. Malgr\u00e9 un parcours int\u00e9ressant en <strong>coupe de France <\/strong>et cette \u00e9limination d\u2019un rien au 6eme tour face \u00e0 <strong>Jura Sud (N2) <\/strong>0-1 apr\u00e8s avoir rat\u00e9 un p\u00e9no, les rouges veulent rebondir et se relancer dans ce championnat o\u00f9 ils pointent \u00e0 la 13e et avant derni\u00e8re place avec 6 points (voir <a href=\"https:\/\/www.fcgueugnon.fr\/site\/classement-national-3-bourgogne-franche-comte\">classement<\/a>).<\/p>\n\n\n\n<p>Berceau de la cocotte-minute, Selongey n&rsquo;est pas encore sous pression dans ce championnat mais viendra mettre les bouch\u00e9es doubles pour engranger de pr\u00e9cieux points !  <\/p>\n\n\n\n<p><em>Site internet de Is-Selongey <\/em>: <a href=\"https:\/\/is-selongey-football.footeo.com\/\" target=\"_blank\" rel=\"noreferrer noopener\"><em>is-selongey-football.footeo.com<\/em><\/a><\/p>\n\n\n\n<div style=\"height:70px\" aria-hidden=\"true\" class=\"wp-block-spacer\"><\/div>\n\n\n\n<h3 class=\"wp-block-heading\">\ud83d\udce3 <em><strong>La d\u00e9cla&rsquo;<\/strong><\/em><\/h3>\n\n\n\n<blockquote class=\"wp-block-quote is-layout-flow wp-block-quote-is-layout-flow\">\n<p><em><em>\u00ab <em>Le nul contre Besan\u00e7on \u00e9tait largement m\u00e9rit\u00e9 et aurait bien mieux refl\u00e9t\u00e9 le match ! C\u2019est un championnat tr\u00e8s tr\u00e8s serr\u00e9 et si on ne prend pas les points \u00e0 l\u2019ext\u00e9rieur, il faut absolument qu\u2019on les prenne \u00e0 domicile ! \u00bb<\/em><\/em><\/em><\/p>\n<cite><strong><em>Bernard CANARD (pr\u00e9sident)<\/em><\/strong><\/cite><\/blockquote>\n\n\n\n<div style=\"height:70px\" aria-hidden=\"true\" class=\"wp-block-spacer\"><\/div>\n\n\n\n<h3 class=\"wp-block-heading\">\ud83d\udfe1\ud83d\udd35 <em><strong>Le FC Gueugnon<\/strong><\/em><\/h3>\n\n\n\n<p>Gueugnon a rat\u00e9 le coche ce dimanche \u00e0 <strong>Besan\u00e7on <\/strong>! Malgr\u00e9 un duel acharn\u00e9 dans ce match qui se dirigeait tout droit vers un nul m\u00e9rit\u00e9, les forgerons se firent crucifier dans les derni\u00e8res minutes sur ce contre prenant de vitesse la d\u00e9fense\u2026. (1-0 <a href=\"https:\/\/www.fcgueugnon.fr\/site\/n3-j07-besancon-foot-fc-gueugnon-resultat-reactions-et-resume\/7174\">relire l&rsquo;apr\u00e8s-match<\/a>). Une d\u00e9faite am\u00e8re pour des forgerons qui pointaient \u00e0 la 2e place avant ce match et reculent d\u00e9sormais \u00e0 la 5e place (3V, 1N, 3D) dans <strong>un classement resserr\u00e9 <\/strong>o\u00f9 10 points s\u00e9parent le premier du dernier\u2026 <\/p>\n\n\n\n<p>Mais <strong>une d\u00e9faite doit \u00eatre comprise et transform\u00e9 en le\u00e7on d&rsquo;apprentissage <\/strong>comme l&rsquo;\u00e9voque le coach <strong>Philippe Correia <\/strong>\u00e0 l\u2019issue du match \u00e0 L\u00e9o Lagrange : \u00ab <em>il ne faut surtout pas baisser la t\u00eate, il faut se remettre vite au travail et surtout retenir de nos erreurs<\/em>. \u00bb Et ce match \u00e0 domicile sera l&rsquo;occasion de rebondir face \u00e0 cet adversaire bien connu du FCG mais bien connu \u00e9galement de nos n\u00e9o-forgerons <strong>Fraty Miezi, Erwin Gnahor\u00e9 <\/strong>et <strong>Yannick Mambo <\/strong>qui \u00e9voluaient aux Courvelles il y a quelques temps\u2026. <\/p>\n\n\n\n<p>R\u00e9action attendue ce <span style=\"text-decoration: underline;\">samedi 11 novembre \u00e0 18h00 \u00e0 Jean Laville<\/span>.<\/p>\n\n\n\n<div style=\"height:70px\" aria-hidden=\"true\" class=\"wp-block-spacer\"><\/div>\n\n\n\n<hr class=\"wp-block-separator has-text-color has-css-opacity has-background is-style-default\" style=\"background-color:#f7db4a;color:#f7db4a\"\/>\n\n\n\n<h3 class=\"wp-block-heading\"><em>\ud83e\udd1d <strong>Partenaire du match<\/strong> :<\/em> Le Groupe Canard<\/h3>\n\n\n\n<div class=\"wp-block-getwid-image-box getwid-animation has-text-center has-mobile-layout-default has-mobile-alignment-default\" data-animation=\"pulse\"><div class=\"wp-block-getwid-image-box__image-container is-position-top\"><a href=\"https:\/\/www.fcgueugnon.fr\/site\/n3-j03-fc-gueugnon-ca-pontarlier-lescale-partenaire-de-la-rencontre\/6103\" rel=\"https:\/\/www.fcgueugnon.fr\/site\/n3-j08-fc-gueugnon-is-selongey-le-groupe-canard-partenaire-de-la-rencontre\/7236\" class=\"wp-block-getwid-image-box__image-wrapper\"><img loading=\"lazy\" decoding=\"async\" width=\"1024\" height=\"576\" src=\"https:\/\/www.fcgueugnon.fr\/site\/wp-content\/uploads\/2023\/11\/PARTENAIRE-DU-MATCH-GROUPE-CANARD-1024x576.png\" alt=\"\" class=\"wp-block-getwid-image-box__image wp-image-7237\" srcset=\"https:\/\/www.fcgueugnon.fr\/site\/wp-content\/uploads\/2023\/11\/PARTENAIRE-DU-MATCH-GROUPE-CANARD-1024x576.png 1024w, https:\/\/www.fcgueugnon.fr\/site\/wp-content\/uploads\/2023\/11\/PARTENAIRE-DU-MATCH-GROUPE-CANARD-400x225.png 400w, https:\/\/www.fcgueugnon.fr\/site\/wp-content\/uploads\/2023\/11\/PARTENAIRE-DU-MATCH-GROUPE-CANARD-768x432.png 768w, https:\/\/www.fcgueugnon.fr\/site\/wp-content\/uploads\/2023\/11\/PARTENAIRE-DU-MATCH-GROUPE-CANARD-1536x864.png 1536w, https:\/\/www.fcgueugnon.fr\/site\/wp-content\/uploads\/2023\/11\/PARTENAIRE-DU-MATCH-GROUPE-CANARD-1320x743.png 1320w, https:\/\/www.fcgueugnon.fr\/site\/wp-content\/uploads\/2023\/11\/PARTENAIRE-DU-MATCH-GROUPE-CANARD-600x338.png 600w, https:\/\/www.fcgueugnon.fr\/site\/wp-content\/uploads\/2023\/11\/PARTENAIRE-DU-MATCH-GROUPE-CANARD.png 1920w\" sizes=\"auto, (max-width: 1024px) 100vw, 1024px\" \/><\/a><\/div><div class=\"wp-block-getwid-image-box__content\">\n<h3 class=\"wp-block-heading\"><a href=\"https:\/\/www.fcgueugnon.fr\/site\/n3-j08-fc-gueugnon-is-selongey-le-groupe-canard-partenaire-de-la-rencontre\/7236\" target=\"_blank\" rel=\"noreferrer noopener\">[N3 J08 : FC Gueugnon \u2013 Is Selongey] Le Groupe Canard, partenaire de la rencontre<\/a><\/h3>\n\n\n\n<p><\/p>\n<\/div><\/div>\n\n\n\n<div style=\"height:70px\" aria-hidden=\"true\" class=\"wp-block-spacer\"><\/div>\n\n\n\n<hr class=\"wp-block-separator has-text-color has-css-opacity has-background is-style-default\" style=\"background-color:#f7db4a;color:#f7db4a\"\/>\n\n\n\n<h3 class=\"wp-block-heading\">\ud83d\udccd <strong><em>Les infos pratiques<\/em><\/strong><\/h3>\n\n\n\n<h3 class=\"wp-block-heading\">Billetterie<\/h3>\n\n\n\n<div class=\"wp-block-media-text alignwide is-stacked-on-mobile is-vertically-aligned-center is-style-default\" style=\"grid-template-columns:49% auto\"><figure class=\"wp-block-media-text__media\"><img loading=\"lazy\" decoding=\"async\" width=\"1024\" height=\"768\" src=\"https:\/\/www.fcgueugnon.fr\/site\/wp-content\/uploads\/2022\/08\/entree-billetterie-stade-jean-laville-sous-la-tribune-ouest-1024x768.jpg\" alt=\"\" class=\"wp-image-951 size-full\" srcset=\"https:\/\/www.fcgueugnon.fr\/site\/wp-content\/uploads\/2022\/08\/entree-billetterie-stade-jean-laville-sous-la-tribune-ouest-1024x768.jpg 1024w, https:\/\/www.fcgueugnon.fr\/site\/wp-content\/uploads\/2022\/08\/entree-billetterie-stade-jean-laville-sous-la-tribune-ouest-400x300.jpg 400w, https:\/\/www.fcgueugnon.fr\/site\/wp-content\/uploads\/2022\/08\/entree-billetterie-stade-jean-laville-sous-la-tribune-ouest-768x576.jpg 768w, https:\/\/www.fcgueugnon.fr\/site\/wp-content\/uploads\/2022\/08\/entree-billetterie-stade-jean-laville-sous-la-tribune-ouest-1536x1152.jpg 1536w, https:\/\/www.fcgueugnon.fr\/site\/wp-content\/uploads\/2022\/08\/entree-billetterie-stade-jean-laville-sous-la-tribune-ouest-2048x1536.jpg 2048w, https:\/\/www.fcgueugnon.fr\/site\/wp-content\/uploads\/2022\/08\/entree-billetterie-stade-jean-laville-sous-la-tribune-ouest-1320x990.jpg 1320w\" sizes=\"auto, (max-width: 1024px) 100vw, 1024px\" \/><\/figure><div class=\"wp-block-media-text__content\">\n<p><br><em>Rendez-vous sous la<strong> tribune Ouest <\/strong>pour acc\u00e9der au guichet Billetterie puis dans l&rsquo;angle des tribunes Nord et Ouest (c\u00f4t\u00e9 piscine) pour acc\u00e9der au stade.<\/em><\/p>\n<\/div><\/div>\n\n\n\n<div class=\"wp-block-media-text alignwide has-media-on-the-right is-stacked-on-mobile is-vertically-aligned-center is-style-default\" style=\"grid-template-columns:auto 49%\"><div class=\"wp-block-media-text__content\">\n<div class=\"wp-block-group has-background\" style=\"background-color:#f7db4a\"><div class=\"wp-block-group__inner-container is-layout-constrained wp-block-group-is-layout-constrained\">\n<h3 class=\"wp-block-heading\"><strong>Tarifs<\/strong><\/h3>\n\n\n\n<ul class=\"wp-block-list\">\n<li><strong><span style=\"text-decoration: underline;\">GRATUIT<\/span><\/strong> : licenci\u00e9s FC Gueugnon, &#8211; 16ans (sur pr\u00e9sentation d\u2019un justificatif ou carte), femmes<\/li>\n\n\n\n<li><strong><span style=\"text-decoration: underline;\">TARIF R\u00c9DUIT<\/span> : 4\u20ac<\/strong> \u2013 \u00c9tudiants, Demandeurs d\u2019emploi (sur pr\u00e9sentation d\u2019un justificatif ou carte)<\/li>\n\n\n\n<li><strong><span style=\"text-decoration: underline;\">PLEIN TARIF<\/span> : 7\u20ac<\/strong><\/li>\n<\/ul>\n<\/div><\/div>\n\n\n\n<div style=\"height:10px\" aria-hidden=\"true\" class=\"wp-block-spacer\"><\/div>\n<\/div><figure class=\"wp-block-media-text__media\"><img loading=\"lazy\" decoding=\"async\" width=\"1024\" height=\"768\" src=\"https:\/\/www.fcgueugnon.fr\/site\/wp-content\/uploads\/2022\/07\/billetterie-sous-la-tribune-ouest-d-FCGueugnon-a-Jean-Laville-1024x768.jpg\" alt=\"\" class=\"wp-image-63 size-full\" srcset=\"https:\/\/www.fcgueugnon.fr\/site\/wp-content\/uploads\/2022\/07\/billetterie-sous-la-tribune-ouest-d-FCGueugnon-a-Jean-Laville-1024x768.jpg 1024w, https:\/\/www.fcgueugnon.fr\/site\/wp-content\/uploads\/2022\/07\/billetterie-sous-la-tribune-ouest-d-FCGueugnon-a-Jean-Laville-400x300.jpg 400w, https:\/\/www.fcgueugnon.fr\/site\/wp-content\/uploads\/2022\/07\/billetterie-sous-la-tribune-ouest-d-FCGueugnon-a-Jean-Laville-768x576.jpg 768w, https:\/\/www.fcgueugnon.fr\/site\/wp-content\/uploads\/2022\/07\/billetterie-sous-la-tribune-ouest-d-FCGueugnon-a-Jean-Laville-1536x1152.jpg 1536w, https:\/\/www.fcgueugnon.fr\/site\/wp-content\/uploads\/2022\/07\/billetterie-sous-la-tribune-ouest-d-FCGueugnon-a-Jean-Laville-2048x1536.jpg 2048w\" sizes=\"auto, (max-width: 1024px) 100vw, 1024px\" \/><\/figure><\/div>\n\n\n\n<div class=\"wp-block-media-text alignwide is-stacked-on-mobile is-vertically-aligned-center is-style-default\" style=\"grid-template-columns:49% auto\"><figure class=\"wp-block-media-text__media\"><img loading=\"lazy\" decoding=\"async\" width=\"1024\" height=\"538\" src=\"https:\/\/www.fcgueugnon.fr\/site\/wp-content\/uploads\/2022\/08\/post-facebook-FCG-1024x538.png\" alt=\"\" class=\"wp-image-930 size-full\" srcset=\"https:\/\/www.fcgueugnon.fr\/site\/wp-content\/uploads\/2022\/08\/post-facebook-FCG-1024x538.png 1024w, https:\/\/www.fcgueugnon.fr\/site\/wp-content\/uploads\/2022\/08\/post-facebook-FCG-400x210.png 400w, https:\/\/www.fcgueugnon.fr\/site\/wp-content\/uploads\/2022\/08\/post-facebook-FCG-768x403.png 768w, https:\/\/www.fcgueugnon.fr\/site\/wp-content\/uploads\/2022\/08\/post-facebook-FCG.png 1200w\" sizes=\"auto, (max-width: 1024px) 100vw, 1024px\" \/><\/figure><div class=\"wp-block-media-text__content\">\n<h2 class=\"wp-block-heading\">C&rsquo;est en covoiturant qu&rsquo;on devient Forgeron ! <\/h2>\n\n\n\n<div style=\"height:10px\" aria-hidden=\"true\" class=\"wp-block-spacer\"><\/div>\n\n\n\n<p><strong>Rendez-vous sur l&rsquo;application et le site internet de StadiumGO pour proposer et trouver votre trajet pour vous rendre \u00e0 Gueugnon !<\/strong><\/p>\n\n\n\n<div class=\"wp-block-buttons is-layout-flex wp-block-buttons-is-layout-flex\">\n<div class=\"wp-block-button aligncenter is-style-circular\"><a class=\"wp-block-button__link wp-element-button\" href=\"https:\/\/www.stadiumgo.fr\/liste-matchs?search=1&amp;club=gueugnon&amp;league=\">StadiumGO<\/a><\/div>\n<\/div>\n<\/div><\/div>\n\n\n\n<div style=\"height:30px\" aria-hidden=\"true\" class=\"wp-block-spacer\"><\/div>\n\n\n\n<div class=\"wp-block-buttons is-content-justification-center is-layout-flex wp-container-core-buttons-is-layout-16018d1d wp-block-buttons-is-layout-flex\">\n<div class=\"wp-block-button\"><a class=\"wp-block-button__link wp-element-button\" href=\"https:\/\/www.fcgueugnon.fr\/site\/infos-pratiques\">Acc\u00e8s au stade, buvette, PMR&#8230;. Toutes les infos pratiques en un clic !<\/a><\/div>\n<\/div>\n\n\n\n<hr class=\"wp-block-separator has-text-color has-css-opacity has-background is-style-default\" style=\"background-color:#f7db4a;color:#f7db4a\"\/>\n\n\n\n<h3 class=\"wp-block-heading\">\u26bd <strong><em>La fiche<\/em><\/strong><\/h3>\n\n\n\n<h4 class=\"wp-block-heading\"><b>NIVEAU NATIONAL : F\u00c9D\u00c9RATION&nbsp;FRAN\u00c7AISE&nbsp;DE FOOTBALL<\/b><br><strong><b>NATIONAL 3 &#8211; J<\/b>08<\/strong><br>Samedi 11 Novembre 2023 &#8211; 18H00<br>FC GUEUGNON \/ IS SELONGEY <\/h4>\n\n\n\n<p><strong>TERRAIN<\/strong><br>STADE JEAN LAVILLE <br>RUE ROGER COUDERC <br>71130 GUEUGNON<\/p>\n\n\n\n<p><strong>SURFACE DE JEU<\/strong><br>Pelouse naturelle<\/p>\n\n\n\n<p><strong>OFFICIELS<\/strong><br>Arbitre centre : NICOLAS COUILLAUD<br>Arbitre assistant 1 : MATHIAS DONAT<br>Arbitre assistant 2 : TIMOTHE BAUDOT<br>D\u00e9l\u00e9gu\u00e9 principal : DAVID BERQUIER<\/p>\n\n\n\n<div style=\"height:50px\" aria-hidden=\"true\" class=\"wp-block-spacer\"><\/div>\n\n\n\n<h3 class=\"wp-block-heading\"><strong>Groupe<\/strong><br>A suivre sur nos r\u00e9seaux sociaux apr\u00e8s le dernier entrainement<\/h3>\n\n\n\n<div style=\"height:50px\" aria-hidden=\"true\" class=\"wp-block-spacer\"><\/div>\n\n\n\n<h3 class=\"wp-block-heading\">\ud83d\uddd3 <strong>La 8e journ\u00e9e de N3<\/strong><\/h3>\n\n\n\n<p>Samedi 11 Novembre<br>15:00 : Sochaux-Montb\u00e9liard B &#8211; Besan\u00e7on Foot<br>17:00 : Rumilly-Valli\u00e8res &#8211; UCS Cosne<br>18:00 : FC Vesoul &#8211; Moulins-Yzeure <br>18:00 : Dijon FCO B &#8211; Jura Dolois<br>18:00 : CA Pontarlier &#8211; Louhans-Cuiseaux<br>18:00 : FC Gueugnon &#8211; Is-Selongey<br>18:00 : ASPTT Dijon &#8211; La Chapelle de Guinchay<\/p>\n\n\n\n<div style=\"height:100px\" aria-hidden=\"true\" class=\"wp-block-spacer\"><\/div>\n","protected":false},"excerpt":{"rendered":"<p>Retour \u00e0 Jean Laville pour des forgerons dont la r\u00e9action est attendue apr\u00e8s la d\u00e9faite am\u00e8re du week-end dernier. \ud83c\udd9a L&rsquo;adversaire : Is Selongey Is-Selongey est un club que le FCG a souvent trouv\u00e9 sur sa route ! 5e la saison pass\u00e9e avec 15 victoires malgr\u00e9 un retrait de points pour raisons administratives, les \u00ab &#8230; <\/p>\n<p class=\"read-more-container\"><a title=\"[N3 J08 : FC Gueugnon \u2013 Is Selongey] Pas d&rsquo;armistice dans cette saison intense !\" class=\"read-more button\" href=\"https:\/\/www.fcgueugnon.fr\/site\/n3-j08-fc-gueugnon-is-selongey-pas-darmistice-dans-cette-saison-intense\/7228#more-7228\" aria-label=\"Plus sur [N3 J08 : FC Gueugnon \u2013 Is Selongey] Pas d&rsquo;armistice dans cette saison intense !\">Lire la suite<\/a><\/p>\n","protected":false},"author":1,"featured_media":7242,"comment_status":"closed","ping_status":"closed","sticky":false,"template":"","format":"standard","meta":{"footnotes":""},"categories":[4,55],"tags":[28],"class_list":["post-7228","post","type-post","status-publish","format-standard","has-post-thumbnail","hentry","category-news","category-news-2023-2024","tag-avant-match","infinite-scroll-item","generate-columns","tablet-grid-50","mobile-grid-100","grid-parent","grid-25","resize-featured-image"],"yoast_head":"<!-- This site is optimized with the Yoast SEO plugin v26.6 - https:\/\/yoast.com\/wordpress\/plugins\/seo\/ -->\n<title>[N3 J08 : FC Gueugnon \u2013 Is Selongey] Pas d&#039;armistice dans cette saison intense ! &#8226; FOOTBALL CLUB GUEUGNON<\/title>\n<meta name=\"robots\" content=\"index, follow, max-snippet:-1, max-image-preview:large, max-video-preview:-1\" \/>\n<link rel=\"canonical\" href=\"https:\/\/www.fcgueugnon.fr\/site\/n3-j08-fc-gueugnon-is-selongey-pas-darmistice-dans-cette-saison-intense\/7228\" \/>\n<meta property=\"og:locale\" content=\"fr_FR\" \/>\n<meta property=\"og:type\" content=\"article\" \/>\n<meta property=\"og:title\" content=\"[N3 J08 : FC Gueugnon \u2013 Is Selongey] Pas d&#039;armistice dans cette saison intense ! &#8226; FOOTBALL CLUB GUEUGNON\" \/>\n<meta property=\"og:description\" content=\"Retour \u00e0 Jean Laville pour des forgerons dont la r\u00e9action est attendue apr\u00e8s la d\u00e9faite am\u00e8re du week-end dernier. \ud83c\udd9a L&rsquo;adversaire : Is Selongey Is-Selongey est un club que le FCG a souvent trouv\u00e9 sur sa route ! 5e la saison pass\u00e9e avec 15 victoires malgr\u00e9 un retrait de points pour raisons administratives, les \u00ab ... Lire la suite\" \/>\n<meta property=\"og:url\" content=\"https:\/\/www.fcgueugnon.fr\/site\/n3-j08-fc-gueugnon-is-selongey-pas-darmistice-dans-cette-saison-intense\/7228\" \/>\n<meta property=\"og:site_name\" content=\"FOOTBALL CLUB GUEUGNON\" \/>\n<meta property=\"article:publisher\" content=\"http:\/\/facebook.com\/FCGueugnon\" \/>\n<meta property=\"article:published_time\" content=\"2023-11-10T08:17:03+00:00\" \/>\n<meta property=\"article:modified_time\" content=\"2024-10-07T09:20:08+00:00\" \/>\n<meta property=\"og:image\" content=\"https:\/\/www.fcgueugnon.fr\/site\/wp-content\/uploads\/2023\/11\/avant-match-fcgueugnon-is-selongey-1024x576.png\" \/>\n\t<meta property=\"og:image:width\" content=\"1024\" \/>\n\t<meta property=\"og:image:height\" content=\"576\" \/>\n\t<meta property=\"og:image:type\" content=\"image\/png\" \/>\n<meta name=\"author\" content=\"FC Gueugnon\" \/>\n<meta name=\"twitter:card\" content=\"summary_large_image\" \/>\n<meta name=\"twitter:creator\" content=\"@FCGueugnon_off\" \/>\n<meta name=\"twitter:site\" content=\"@FCGueugnon_off\" \/>\n<meta name=\"twitter:label1\" content=\"\u00c9crit par\" \/>\n\t<meta name=\"twitter:data1\" content=\"FC Gueugnon\" \/>\n\t<meta name=\"twitter:label2\" content=\"Dur\u00e9e de lecture estim\u00e9e\" \/>\n\t<meta name=\"twitter:data2\" content=\"5 minutes\" \/>\n<script type=\"application\/ld+json\" class=\"yoast-schema-graph\">{\"@context\":\"https:\/\/schema.org\",\"@graph\":[{\"@type\":\"Article\",\"@id\":\"https:\/\/www.fcgueugnon.fr\/site\/n3-j08-fc-gueugnon-is-selongey-pas-darmistice-dans-cette-saison-intense\/7228#article\",\"isPartOf\":{\"@id\":\"https:\/\/www.fcgueugnon.fr\/site\/n3-j08-fc-gueugnon-is-selongey-pas-darmistice-dans-cette-saison-intense\/7228\"},\"author\":{\"name\":\"FC Gueugnon\",\"@id\":\"https:\/\/www.fcgueugnon.fr\/site\/#\/schema\/person\/f6444fbdd35fa731ee974c03508738fb\"},\"headline\":\"[N3 J08 : FC Gueugnon \u2013 Is Selongey] Pas d&rsquo;armistice dans cette saison intense !\",\"datePublished\":\"2023-11-10T08:17:03+00:00\",\"dateModified\":\"2024-10-07T09:20:08+00:00\",\"mainEntityOfPage\":{\"@id\":\"https:\/\/www.fcgueugnon.fr\/site\/n3-j08-fc-gueugnon-is-selongey-pas-darmistice-dans-cette-saison-intense\/7228\"},\"wordCount\":722,\"publisher\":{\"@id\":\"https:\/\/www.fcgueugnon.fr\/site\/#organization\"},\"image\":{\"@id\":\"https:\/\/www.fcgueugnon.fr\/site\/n3-j08-fc-gueugnon-is-selongey-pas-darmistice-dans-cette-saison-intense\/7228#primaryimage\"},\"thumbnailUrl\":\"https:\/\/www.fcgueugnon.fr\/site\/wp-content\/uploads\/2023\/11\/avant-match-fcgueugnon-is-selongey.png\",\"keywords\":[\"Avant-match\"],\"articleSection\":[\"News\",\"News 2023\/2024\"],\"inLanguage\":\"fr-FR\"},{\"@type\":\"WebPage\",\"@id\":\"https:\/\/www.fcgueugnon.fr\/site\/n3-j08-fc-gueugnon-is-selongey-pas-darmistice-dans-cette-saison-intense\/7228\",\"url\":\"https:\/\/www.fcgueugnon.fr\/site\/n3-j08-fc-gueugnon-is-selongey-pas-darmistice-dans-cette-saison-intense\/7228\",\"name\":\"[N3 J08 : FC Gueugnon \u2013 Is Selongey] Pas d'armistice dans cette saison intense ! &#8226; FOOTBALL CLUB GUEUGNON\",\"isPartOf\":{\"@id\":\"https:\/\/www.fcgueugnon.fr\/site\/#website\"},\"primaryImageOfPage\":{\"@id\":\"https:\/\/www.fcgueugnon.fr\/site\/n3-j08-fc-gueugnon-is-selongey-pas-darmistice-dans-cette-saison-intense\/7228#primaryimage\"},\"image\":{\"@id\":\"https:\/\/www.fcgueugnon.fr\/site\/n3-j08-fc-gueugnon-is-selongey-pas-darmistice-dans-cette-saison-intense\/7228#primaryimage\"},\"thumbnailUrl\":\"https:\/\/www.fcgueugnon.fr\/site\/wp-content\/uploads\/2023\/11\/avant-match-fcgueugnon-is-selongey.png\",\"datePublished\":\"2023-11-10T08:17:03+00:00\",\"dateModified\":\"2024-10-07T09:20:08+00:00\",\"breadcrumb\":{\"@id\":\"https:\/\/www.fcgueugnon.fr\/site\/n3-j08-fc-gueugnon-is-selongey-pas-darmistice-dans-cette-saison-intense\/7228#breadcrumb\"},\"inLanguage\":\"fr-FR\",\"potentialAction\":[{\"@type\":\"ReadAction\",\"target\":[\"https:\/\/www.fcgueugnon.fr\/site\/n3-j08-fc-gueugnon-is-selongey-pas-darmistice-dans-cette-saison-intense\/7228\"]}]},{\"@type\":\"ImageObject\",\"inLanguage\":\"fr-FR\",\"@id\":\"https:\/\/www.fcgueugnon.fr\/site\/n3-j08-fc-gueugnon-is-selongey-pas-darmistice-dans-cette-saison-intense\/7228#primaryimage\",\"url\":\"https:\/\/www.fcgueugnon.fr\/site\/wp-content\/uploads\/2023\/11\/avant-match-fcgueugnon-is-selongey.png\",\"contentUrl\":\"https:\/\/www.fcgueugnon.fr\/site\/wp-content\/uploads\/2023\/11\/avant-match-fcgueugnon-is-selongey.png\",\"width\":1920,\"height\":1080},{\"@type\":\"BreadcrumbList\",\"@id\":\"https:\/\/www.fcgueugnon.fr\/site\/n3-j08-fc-gueugnon-is-selongey-pas-darmistice-dans-cette-saison-intense\/7228#breadcrumb\",\"itemListElement\":[{\"@type\":\"ListItem\",\"position\":1,\"name\":\"Accueil\",\"item\":\"https:\/\/www.fcgueugnon.fr\/site\/\"},{\"@type\":\"ListItem\",\"position\":2,\"name\":\"[N3 J08 : FC Gueugnon \u2013 Is Selongey] Pas d&rsquo;armistice dans cette saison intense !\"}]},{\"@type\":\"WebSite\",\"@id\":\"https:\/\/www.fcgueugnon.fr\/site\/#website\",\"url\":\"https:\/\/www.fcgueugnon.fr\/site\/\",\"name\":\"FOOTBALL CLUB GUEUGNON\",\"description\":\"Le Site Officiel des Forgerons\",\"publisher\":{\"@id\":\"https:\/\/www.fcgueugnon.fr\/site\/#organization\"},\"potentialAction\":[{\"@type\":\"SearchAction\",\"target\":{\"@type\":\"EntryPoint\",\"urlTemplate\":\"https:\/\/www.fcgueugnon.fr\/site\/?s={search_term_string}\"},\"query-input\":{\"@type\":\"PropertyValueSpecification\",\"valueRequired\":true,\"valueName\":\"search_term_string\"}}],\"inLanguage\":\"fr-FR\"},{\"@type\":\"Organization\",\"@id\":\"https:\/\/www.fcgueugnon.fr\/site\/#organization\",\"name\":\"FC Gueugnon\",\"url\":\"https:\/\/www.fcgueugnon.fr\/site\/\",\"logo\":{\"@type\":\"ImageObject\",\"inLanguage\":\"fr-FR\",\"@id\":\"https:\/\/www.fcgueugnon.fr\/site\/#\/schema\/logo\/image\/\",\"url\":\"https:\/\/www.fcgueugnon.fr\/site\/wp-content\/uploads\/2022\/07\/cropped-Logo-FCGUEUGNON-low-350x350-1.png\",\"contentUrl\":\"https:\/\/www.fcgueugnon.fr\/site\/wp-content\/uploads\/2022\/07\/cropped-Logo-FCGUEUGNON-low-350x350-1.png\",\"width\":350,\"height\":350,\"caption\":\"FC Gueugnon\"},\"image\":{\"@id\":\"https:\/\/www.fcgueugnon.fr\/site\/#\/schema\/logo\/image\/\"},\"sameAs\":[\"http:\/\/facebook.com\/FCGueugnon\",\"https:\/\/x.com\/FCGueugnon_off\",\"https:\/\/www.instagram.com\/fcgueugnon\/\",\"https:\/\/www.linkedin.com\/company\/football-club-de-gueugnon\/\",\"https:\/\/www.youtube.com\/user\/FCGueugnonnais\",\"https:\/\/fr.wikipedia.org\/wiki\/Football_Club_de_Gueugnon\"]},{\"@type\":\"Person\",\"@id\":\"https:\/\/www.fcgueugnon.fr\/site\/#\/schema\/person\/f6444fbdd35fa731ee974c03508738fb\",\"name\":\"FC Gueugnon\",\"sameAs\":[\"https:\/\/www.fcgueugnon.fr\/site\"],\"url\":\"https:\/\/www.fcgueugnon.fr\/site\/author\/admin-antho\"}]}<\/script>\n<!-- \/ Yoast SEO plugin. -->","yoast_head_json":{"title":"[N3 J08 : FC Gueugnon \u2013 Is Selongey] Pas d'armistice dans cette saison intense ! &#8226; FOOTBALL CLUB GUEUGNON","robots":{"index":"index","follow":"follow","max-snippet":"max-snippet:-1","max-image-preview":"max-image-preview:large","max-video-preview":"max-video-preview:-1"},"canonical":"https:\/\/www.fcgueugnon.fr\/site\/n3-j08-fc-gueugnon-is-selongey-pas-darmistice-dans-cette-saison-intense\/7228","og_locale":"fr_FR","og_type":"article","og_title":"[N3 J08 : FC Gueugnon \u2013 Is Selongey] Pas d'armistice dans cette saison intense ! &#8226; FOOTBALL CLUB GUEUGNON","og_description":"Retour \u00e0 Jean Laville pour des forgerons dont la r\u00e9action est attendue apr\u00e8s la d\u00e9faite am\u00e8re du week-end dernier. \ud83c\udd9a L&rsquo;adversaire : Is Selongey Is-Selongey est un club que le FCG a souvent trouv\u00e9 sur sa route ! 5e la saison pass\u00e9e avec 15 victoires malgr\u00e9 un retrait de points pour raisons administratives, les \u00ab ... Lire la suite","og_url":"https:\/\/www.fcgueugnon.fr\/site\/n3-j08-fc-gueugnon-is-selongey-pas-darmistice-dans-cette-saison-intense\/7228","og_site_name":"FOOTBALL CLUB GUEUGNON","article_publisher":"http:\/\/facebook.com\/FCGueugnon","article_published_time":"2023-11-10T08:17:03+00:00","article_modified_time":"2024-10-07T09:20:08+00:00","og_image":[{"width":1024,"height":576,"url":"https:\/\/www.fcgueugnon.fr\/site\/wp-content\/uploads\/2023\/11\/avant-match-fcgueugnon-is-selongey-1024x576.png","type":"image\/png"}],"author":"FC Gueugnon","twitter_card":"summary_large_image","twitter_creator":"@FCGueugnon_off","twitter_site":"@FCGueugnon_off","twitter_misc":{"\u00c9crit par":"FC Gueugnon","Dur\u00e9e de lecture estim\u00e9e":"5 minutes"},"schema":{"@context":"https:\/\/schema.org","@graph":[{"@type":"Article","@id":"https:\/\/www.fcgueugnon.fr\/site\/n3-j08-fc-gueugnon-is-selongey-pas-darmistice-dans-cette-saison-intense\/7228#article","isPartOf":{"@id":"https:\/\/www.fcgueugnon.fr\/site\/n3-j08-fc-gueugnon-is-selongey-pas-darmistice-dans-cette-saison-intense\/7228"},"author":{"name":"FC Gueugnon","@id":"https:\/\/www.fcgueugnon.fr\/site\/#\/schema\/person\/f6444fbdd35fa731ee974c03508738fb"},"headline":"[N3 J08 : FC Gueugnon \u2013 Is Selongey] Pas d&rsquo;armistice dans cette saison intense !","datePublished":"2023-11-10T08:17:03+00:00","dateModified":"2024-10-07T09:20:08+00:00","mainEntityOfPage":{"@id":"https:\/\/www.fcgueugnon.fr\/site\/n3-j08-fc-gueugnon-is-selongey-pas-darmistice-dans-cette-saison-intense\/7228"},"wordCount":722,"publisher":{"@id":"https:\/\/www.fcgueugnon.fr\/site\/#organization"},"image":{"@id":"https:\/\/www.fcgueugnon.fr\/site\/n3-j08-fc-gueugnon-is-selongey-pas-darmistice-dans-cette-saison-intense\/7228#primaryimage"},"thumbnailUrl":"https:\/\/www.fcgueugnon.fr\/site\/wp-content\/uploads\/2023\/11\/avant-match-fcgueugnon-is-selongey.png","keywords":["Avant-match"],"articleSection":["News","News 2023\/2024"],"inLanguage":"fr-FR"},{"@type":"WebPage","@id":"https:\/\/www.fcgueugnon.fr\/site\/n3-j08-fc-gueugnon-is-selongey-pas-darmistice-dans-cette-saison-intense\/7228","url":"https:\/\/www.fcgueugnon.fr\/site\/n3-j08-fc-gueugnon-is-selongey-pas-darmistice-dans-cette-saison-intense\/7228","name":"[N3 J08 : FC Gueugnon \u2013 Is Selongey] Pas d'armistice dans cette saison intense ! &#8226; FOOTBALL CLUB GUEUGNON","isPartOf":{"@id":"https:\/\/www.fcgueugnon.fr\/site\/#website"},"primaryImageOfPage":{"@id":"https:\/\/www.fcgueugnon.fr\/site\/n3-j08-fc-gueugnon-is-selongey-pas-darmistice-dans-cette-saison-intense\/7228#primaryimage"},"image":{"@id":"https:\/\/www.fcgueugnon.fr\/site\/n3-j08-fc-gueugnon-is-selongey-pas-darmistice-dans-cette-saison-intense\/7228#primaryimage"},"thumbnailUrl":"https:\/\/www.fcgueugnon.fr\/site\/wp-content\/uploads\/2023\/11\/avant-match-fcgueugnon-is-selongey.png","datePublished":"2023-11-10T08:17:03+00:00","dateModified":"2024-10-07T09:20:08+00:00","breadcrumb":{"@id":"https:\/\/www.fcgueugnon.fr\/site\/n3-j08-fc-gueugnon-is-selongey-pas-darmistice-dans-cette-saison-intense\/7228#breadcrumb"},"inLanguage":"fr-FR","potentialAction":[{"@type":"ReadAction","target":["https:\/\/www.fcgueugnon.fr\/site\/n3-j08-fc-gueugnon-is-selongey-pas-darmistice-dans-cette-saison-intense\/7228"]}]},{"@type":"ImageObject","inLanguage":"fr-FR","@id":"https:\/\/www.fcgueugnon.fr\/site\/n3-j08-fc-gueugnon-is-selongey-pas-darmistice-dans-cette-saison-intense\/7228#primaryimage","url":"https:\/\/www.fcgueugnon.fr\/site\/wp-content\/uploads\/2023\/11\/avant-match-fcgueugnon-is-selongey.png","contentUrl":"https:\/\/www.fcgueugnon.fr\/site\/wp-content\/uploads\/2023\/11\/avant-match-fcgueugnon-is-selongey.png","width":1920,"height":1080},{"@type":"BreadcrumbList","@id":"https:\/\/www.fcgueugnon.fr\/site\/n3-j08-fc-gueugnon-is-selongey-pas-darmistice-dans-cette-saison-intense\/7228#breadcrumb","itemListElement":[{"@type":"ListItem","position":1,"name":"Accueil","item":"https:\/\/www.fcgueugnon.fr\/site\/"},{"@type":"ListItem","position":2,"name":"[N3 J08 : FC Gueugnon \u2013 Is Selongey] Pas d&rsquo;armistice dans cette saison intense !"}]},{"@type":"WebSite","@id":"https:\/\/www.fcgueugnon.fr\/site\/#website","url":"https:\/\/www.fcgueugnon.fr\/site\/","name":"FOOTBALL CLUB GUEUGNON","description":"Le Site Officiel des Forgerons","publisher":{"@id":"https:\/\/www.fcgueugnon.fr\/site\/#organization"},"potentialAction":[{"@type":"SearchAction","target":{"@type":"EntryPoint","urlTemplate":"https:\/\/www.fcgueugnon.fr\/site\/?s={search_term_string}"},"query-input":{"@type":"PropertyValueSpecification","valueRequired":true,"valueName":"search_term_string"}}],"inLanguage":"fr-FR"},{"@type":"Organization","@id":"https:\/\/www.fcgueugnon.fr\/site\/#organization","name":"FC Gueugnon","url":"https:\/\/www.fcgueugnon.fr\/site\/","logo":{"@type":"ImageObject","inLanguage":"fr-FR","@id":"https:\/\/www.fcgueugnon.fr\/site\/#\/schema\/logo\/image\/","url":"https:\/\/www.fcgueugnon.fr\/site\/wp-content\/uploads\/2022\/07\/cropped-Logo-FCGUEUGNON-low-350x350-1.png","contentUrl":"https:\/\/www.fcgueugnon.fr\/site\/wp-content\/uploads\/2022\/07\/cropped-Logo-FCGUEUGNON-low-350x350-1.png","width":350,"height":350,"caption":"FC Gueugnon"},"image":{"@id":"https:\/\/www.fcgueugnon.fr\/site\/#\/schema\/logo\/image\/"},"sameAs":["http:\/\/facebook.com\/FCGueugnon","https:\/\/x.com\/FCGueugnon_off","https:\/\/www.instagram.com\/fcgueugnon\/","https:\/\/www.linkedin.com\/company\/football-club-de-gueugnon\/","https:\/\/www.youtube.com\/user\/FCGueugnonnais","https:\/\/fr.wikipedia.org\/wiki\/Football_Club_de_Gueugnon"]},{"@type":"Person","@id":"https:\/\/www.fcgueugnon.fr\/site\/#\/schema\/person\/f6444fbdd35fa731ee974c03508738fb","name":"FC Gueugnon","sameAs":["https:\/\/www.fcgueugnon.fr\/site"],"url":"https:\/\/www.fcgueugnon.fr\/site\/author\/admin-antho"}]}},"rttpg_featured_image_url":{"full":["https:\/\/www.fcgueugnon.fr\/site\/wp-content\/uploads\/2023\/11\/avant-match-fcgueugnon-is-selongey.png",1920,1080,false],"landscape":["https:\/\/www.fcgueugnon.fr\/site\/wp-content\/uploads\/2023\/11\/avant-match-fcgueugnon-is-selongey.png",1920,1080,false],"portraits":["https:\/\/www.fcgueugnon.fr\/site\/wp-content\/uploads\/2023\/11\/avant-match-fcgueugnon-is-selongey.png",1920,1080,false],"thumbnail":["https:\/\/www.fcgueugnon.fr\/site\/wp-content\/uploads\/2023\/11\/avant-match-fcgueugnon-is-selongey-150x150.png",150,150,true],"medium":["https:\/\/www.fcgueugnon.fr\/site\/wp-content\/uploads\/2023\/11\/avant-match-fcgueugnon-is-selongey-400x225.png",400,225,true],"large":["https:\/\/www.fcgueugnon.fr\/site\/wp-content\/uploads\/2023\/11\/avant-match-fcgueugnon-is-selongey-1024x576.png",1024,576,true],"1536x1536":["https:\/\/www.fcgueugnon.fr\/site\/wp-content\/uploads\/2023\/11\/avant-match-fcgueugnon-is-selongey-1536x864.png",1536,864,true],"2048x2048":["https:\/\/www.fcgueugnon.fr\/site\/wp-content\/uploads\/2023\/11\/avant-match-fcgueugnon-is-selongey.png",1920,1080,false]},"rttpg_author":{"display_name":"FC Gueugnon","author_link":"https:\/\/www.fcgueugnon.fr\/site\/author\/admin-antho"},"rttpg_comment":0,"rttpg_category":"<a href=\"https:\/\/www.fcgueugnon.fr\/site\/category\/news\" rel=\"category tag\">News<\/a> <a href=\"https:\/\/www.fcgueugnon.fr\/site\/category\/news\/news-2023-2024\" rel=\"category tag\">News 2023\/2024<\/a>","rttpg_excerpt":"Retour \u00e0 Jean Laville pour des forgerons dont la r\u00e9action est attendue apr\u00e8s la d\u00e9faite am\u00e8re du week-end dernier. \ud83c\udd9a L&rsquo;adversaire : Is Selongey Is-Selongey est un club que le FCG a souvent trouv\u00e9 sur sa route ! 5e la saison pass\u00e9e avec 15 victoires malgr\u00e9 un retrait de points pour raisons administratives, les \u00ab\u2026","_links":{"self":[{"href":"https:\/\/www.fcgueugnon.fr\/site\/wp-json\/wp\/v2\/posts\/7228","targetHints":{"allow":["GET"]}}],"collection":[{"href":"https:\/\/www.fcgueugnon.fr\/site\/wp-json\/wp\/v2\/posts"}],"about":[{"href":"https:\/\/www.fcgueugnon.fr\/site\/wp-json\/wp\/v2\/types\/post"}],"author":[{"embeddable":true,"href":"https:\/\/www.fcgueugnon.fr\/site\/wp-json\/wp\/v2\/users\/1"}],"replies":[{"embeddable":true,"href":"https:\/\/www.fcgueugnon.fr\/site\/wp-json\/wp\/v2\/comments?post=7228"}],"version-history":[{"count":2,"href":"https:\/\/www.fcgueugnon.fr\/site\/wp-json\/wp\/v2\/posts\/7228\/revisions"}],"predecessor-version":[{"id":7243,"href":"https:\/\/www.fcgueugnon.fr\/site\/wp-json\/wp\/v2\/posts\/7228\/revisions\/7243"}],"wp:featuredmedia":[{"embeddable":true,"href":"https:\/\/www.fcgueugnon.fr\/site\/wp-json\/wp\/v2\/media\/7242"}],"wp:attachment":[{"href":"https:\/\/www.fcgueugnon.fr\/site\/wp-json\/wp\/v2\/media?parent=7228"}],"wp:term":[{"taxonomy":"category","embeddable":true,"href":"https:\/\/www.fcgueugnon.fr\/site\/wp-json\/wp\/v2\/categories?post=7228"},{"taxonomy":"post_tag","embeddable":true,"href":"https:\/\/www.fcgueugnon.fr\/site\/wp-json\/wp\/v2\/tags?post=7228"}],"curies":[{"name":"wp","href":"https:\/\/api.w.org\/{rel}","templated":true}]}}