{"id":7210,"date":"2023-11-07T16:30:00","date_gmt":"2023-11-07T15:30:00","guid":{"rendered":"https:\/\/www.fcgueugnon.fr\/site\/?p=7210"},"modified":"2024-02-21T21:45:52","modified_gmt":"2024-02-21T20:45:52","slug":"partenaires-la-collecte-de-bouchons-du-fcg-un-geste-en-faveur-de-la-solidarite-et-de-leducation","status":"publish","type":"post","link":"https:\/\/www.fcgueugnon.fr\/site\/partenaires-la-collecte-de-bouchons-du-fcg-un-geste-en-faveur-de-la-solidarite-et-de-leducation\/7210","title":{"rendered":"[Partenaires] La collecte de bouchons du FCG, un geste en faveur de la solidarit\u00e9 et de l&rsquo;\u00e9ducation"},"content":{"rendered":"\n<h3 class=\"wp-block-heading\"><strong><strong>Tout au long de l\u2019ann\u00e9e, les bouchons en plastique et en li\u00e8ge sont collect\u00e9s \u00e0 la plaine du Vieux Fresne et au Stade Jean Laville pour le compte de l\u2019association \u00ab\u00a0<em>1 bouchon collect\u00e9<\/em>\u00a0=\u00a0<em>1 geste utile<\/em>\u00a0\u00bb.<\/strong><\/strong><\/h3>\n\n\n\n<div style=\"height:20px\" aria-hidden=\"true\" class=\"wp-block-spacer\"><\/div>\n\n\n<div class=\"wp-block-image\">\n<figure class=\"aligncenter size-large is-resized\"><img loading=\"lazy\" decoding=\"async\" width=\"1024\" height=\"682\" src=\"https:\/\/www.fcgueugnon.fr\/site\/wp-content\/uploads\/2023\/11\/1-bouchon-collecte-1-geste-utile--1024x682.jpg\" alt=\"\" class=\"wp-image-7211\" style=\"aspect-ratio:1.501466275659824;width:520px;height:auto\" srcset=\"https:\/\/www.fcgueugnon.fr\/site\/wp-content\/uploads\/2023\/11\/1-bouchon-collecte-1-geste-utile--1024x682.jpg 1024w, https:\/\/www.fcgueugnon.fr\/site\/wp-content\/uploads\/2023\/11\/1-bouchon-collecte-1-geste-utile--400x267.jpg 400w, https:\/\/www.fcgueugnon.fr\/site\/wp-content\/uploads\/2023\/11\/1-bouchon-collecte-1-geste-utile--768x512.jpg 768w, https:\/\/www.fcgueugnon.fr\/site\/wp-content\/uploads\/2023\/11\/1-bouchon-collecte-1-geste-utile--1536x1024.jpg 1536w, https:\/\/www.fcgueugnon.fr\/site\/wp-content\/uploads\/2023\/11\/1-bouchon-collecte-1-geste-utile--1320x880.jpg 1320w, https:\/\/www.fcgueugnon.fr\/site\/wp-content\/uploads\/2023\/11\/1-bouchon-collecte-1-geste-utile--600x400.jpg 600w, https:\/\/www.fcgueugnon.fr\/site\/wp-content\/uploads\/2023\/11\/1-bouchon-collecte-1-geste-utile-.jpg 1772w\" sizes=\"auto, (max-width: 1024px) 100vw, 1024px\" \/><\/figure>\n<\/div>\n\n\n<div style=\"height:45px\" aria-hidden=\"true\" class=\"wp-block-spacer\"><\/div>\n\n\n\n<p>L&rsquo;association<em><strong> \u00ab\u00a01 Bouchon collect\u00e9 = 1 Geste utile\u00a0\u00bb<\/strong><\/em> se consacre \u00e0 la collecte et \u00e0 la commercialisation de bouchons en plastique et en li\u00e8ge, avec pour principal objectif de soutenir les familles de Sa\u00f4ne et Loire touch\u00e9es par le handicap. En plus de cet aspect solidaire, cette initiative vise \u00e0 promouvoir la durabilit\u00e9, le respect de la nature et de l&rsquo;environnement, tout en encourageant un geste utile pour la soci\u00e9t\u00e9.<\/p>\n\n\n\n<p>Dans le cadre de la 6\u00e8me journ\u00e9e de championnat au stade Jean Laville, les U12-U13 ont remis \u00e0 l&rsquo;association, les bouchons collect\u00e9s au cours de l&rsquo;\u00e9t\u00e9. Ce geste citoyen contribuera \u00e0 apporter un accompagnement aux familles en situation de handicap et en difficult\u00e9 \u00e0 financer du mat\u00e9riel ou des am\u00e9nagements.<br><br>Cette collecte offre \u00e9galement une opportunit\u00e9 d&rsquo;\u00e9ducation en abordant des sujets tels que l&rsquo;environnement, le handicap et le b\u00e9n\u00e9volat. Cette action s&rsquo;inscrit dans le cadre du Programme Educatif F\u00e9d\u00e9ral, visant \u00e0 sensibiliser les jeunes licenci\u00e9s aux enjeux sociaux et environnementaux, tout en les encourageant \u00e0 faire preuve de solidarit\u00e9 et de responsabilit\u00e9.<br><\/p>\n\n\n\n<div style=\"height:69px\" aria-hidden=\"true\" class=\"wp-block-spacer\"><\/div>\n\n\n\n<p class=\"has-text-align-center\"><strong>Contact<\/strong><br>1138 Route de Clessy<br>71130 Clessy<br>T\u00e9l\u00e9phone :\u00a006 70 63 87 78<\/p>\n\n\n<div class=\"wp-block-image\">\n<figure class=\"aligncenter size-full\"><img loading=\"lazy\" decoding=\"async\" width=\"260\" height=\"260\" src=\"https:\/\/www.fcgueugnon.fr\/site\/wp-content\/uploads\/2022\/09\/BOUCHON-COLLECTE-GESTE-UTILE.jpg\" alt=\"\" class=\"wp-image-1349\" srcset=\"https:\/\/www.fcgueugnon.fr\/site\/wp-content\/uploads\/2022\/09\/BOUCHON-COLLECTE-GESTE-UTILE.jpg 260w, https:\/\/www.fcgueugnon.fr\/site\/wp-content\/uploads\/2022\/09\/BOUCHON-COLLECTE-GESTE-UTILE-150x150.jpg 150w\" sizes=\"auto, (max-width: 260px) 100vw, 260px\" \/><\/figure>\n<\/div>\n\n\n<div style=\"height:20px\" aria-hidden=\"true\" class=\"wp-block-spacer\"><\/div>\n\n\n\n<p class=\"has-text-align-center\"><strong>Supporters forgerons, <a href=\"https:\/\/www.fcgueugnon.fr\/site\/partenaires\">r\u00e9servez vos achats et vos sorties chez nos partenaires<\/a> !<\/strong><\/p>\n\n\n\n<div style=\"height:40px\" aria-hidden=\"true\" class=\"wp-block-spacer\"><\/div>\n","protected":false},"excerpt":{"rendered":"<p>Tout au long de l\u2019ann\u00e9e, les bouchons en plastique et en li\u00e8ge sont collect\u00e9s \u00e0 la plaine du Vieux Fresne et au Stade Jean Laville pour le compte de l\u2019association \u00ab\u00a01 bouchon collect\u00e9\u00a0=\u00a01 geste utile\u00a0\u00bb. L&rsquo;association \u00ab\u00a01 Bouchon collect\u00e9 = 1 Geste utile\u00a0\u00bb se consacre \u00e0 la collecte et \u00e0 la commercialisation de bouchons en &#8230; <\/p>\n<p class=\"read-more-container\"><a title=\"[Partenaires] La collecte de bouchons du FCG, un geste en faveur de la solidarit\u00e9 et de l&rsquo;\u00e9ducation\" class=\"read-more button\" href=\"https:\/\/www.fcgueugnon.fr\/site\/partenaires-la-collecte-de-bouchons-du-fcg-un-geste-en-faveur-de-la-solidarite-et-de-leducation\/7210#more-7210\" aria-label=\"Plus sur [Partenaires] La collecte de bouchons du FCG, un geste en faveur de la solidarit\u00e9 et de l&rsquo;\u00e9ducation\">Lire la suite<\/a><\/p>\n","protected":false},"author":4,"featured_media":7211,"comment_status":"closed","ping_status":"closed","sticky":true,"template":"","format":"standard","meta":{"footnotes":""},"categories":[5,4],"tags":[23,60],"class_list":["post-7210","post","type-post","status-publish","format-standard","has-post-thumbnail","hentry","category-news-2022-2023","category-news","tag-partenaires","tag-pef","infinite-scroll-item","generate-columns","tablet-grid-50","mobile-grid-100","grid-parent","grid-25"],"yoast_head":"<!-- This site is optimized with the Yoast SEO plugin v26.6 - https:\/\/yoast.com\/wordpress\/plugins\/seo\/ -->\n<title>[Partenaires] La collecte de bouchons du FCG, un geste en faveur de la solidarit\u00e9 et de l&#039;\u00e9ducation &#8226; FOOTBALL CLUB GUEUGNON<\/title>\n<meta name=\"robots\" content=\"index, follow, max-snippet:-1, max-image-preview:large, max-video-preview:-1\" \/>\n<link rel=\"canonical\" href=\"https:\/\/www.fcgueugnon.fr\/site\/partenaires-la-collecte-de-bouchons-du-fcg-un-geste-en-faveur-de-la-solidarite-et-de-leducation\/7210\" \/>\n<meta property=\"og:locale\" content=\"fr_FR\" \/>\n<meta property=\"og:type\" content=\"article\" \/>\n<meta property=\"og:title\" content=\"[Partenaires] La collecte de bouchons du FCG, un geste en faveur de la solidarit\u00e9 et de l&#039;\u00e9ducation &#8226; FOOTBALL CLUB GUEUGNON\" \/>\n<meta property=\"og:description\" content=\"Tout au long de l\u2019ann\u00e9e, les bouchons en plastique et en li\u00e8ge sont collect\u00e9s \u00e0 la plaine du Vieux Fresne et au Stade Jean Laville pour le compte de l\u2019association \u00ab\u00a01 bouchon collect\u00e9\u00a0=\u00a01 geste utile\u00a0\u00bb. L&rsquo;association \u00ab\u00a01 Bouchon collect\u00e9 = 1 Geste utile\u00a0\u00bb se consacre \u00e0 la collecte et \u00e0 la commercialisation de bouchons en ... Lire la suite\" \/>\n<meta property=\"og:url\" content=\"https:\/\/www.fcgueugnon.fr\/site\/partenaires-la-collecte-de-bouchons-du-fcg-un-geste-en-faveur-de-la-solidarite-et-de-leducation\/7210\" \/>\n<meta property=\"og:site_name\" content=\"FOOTBALL CLUB GUEUGNON\" \/>\n<meta property=\"article:publisher\" content=\"http:\/\/facebook.com\/FCGueugnon\" \/>\n<meta property=\"article:published_time\" content=\"2023-11-07T15:30:00+00:00\" \/>\n<meta property=\"article:modified_time\" content=\"2024-02-21T20:45:52+00:00\" \/>\n<meta property=\"og:image\" content=\"https:\/\/www.fcgueugnon.fr\/site\/wp-content\/uploads\/2022\/08\/Partenaire-ballon-du-match-merevis-consulting.png\" \/>\n\t<meta property=\"og:image:width\" content=\"1920\" \/>\n\t<meta property=\"og:image:height\" content=\"1080\" \/>\n\t<meta property=\"og:image:type\" content=\"image\/png\" \/>\n<meta name=\"author\" content=\"FC Gueugnon\" \/>\n<meta name=\"twitter:card\" content=\"summary_large_image\" \/>\n<meta name=\"twitter:image\" content=\"https:\/\/www.fcgueugnon.fr\/site\/wp-content\/uploads\/2022\/08\/Partenaire-ballon-du-match-merevis-consulting.png\" \/>\n<meta name=\"twitter:creator\" content=\"@FCGueugnon_off\" \/>\n<meta name=\"twitter:site\" content=\"@FCGueugnon_off\" \/>\n<meta name=\"twitter:label1\" content=\"\u00c9crit par\" \/>\n\t<meta name=\"twitter:data1\" content=\"FC Gueugnon\" \/>\n\t<meta name=\"twitter:label2\" content=\"Dur\u00e9e de lecture estim\u00e9e\" \/>\n\t<meta name=\"twitter:data2\" content=\"2 minutes\" \/>\n<script type=\"application\/ld+json\" class=\"yoast-schema-graph\">{\"@context\":\"https:\/\/schema.org\",\"@graph\":[{\"@type\":\"Article\",\"@id\":\"https:\/\/www.fcgueugnon.fr\/site\/partenaires-la-collecte-de-bouchons-du-fcg-un-geste-en-faveur-de-la-solidarite-et-de-leducation\/7210#article\",\"isPartOf\":{\"@id\":\"https:\/\/www.fcgueugnon.fr\/site\/partenaires-la-collecte-de-bouchons-du-fcg-un-geste-en-faveur-de-la-solidarite-et-de-leducation\/7210\"},\"author\":{\"name\":\"FC Gueugnon\",\"@id\":\"https:\/\/www.fcgueugnon.fr\/site\/#\/schema\/person\/6b88acb9354d23e86675fc81c54ed359\"},\"headline\":\"[Partenaires] La collecte de bouchons du FCG, un geste en faveur de la solidarit\u00e9 et de l&rsquo;\u00e9ducation\",\"datePublished\":\"2023-11-07T15:30:00+00:00\",\"dateModified\":\"2024-02-21T20:45:52+00:00\",\"mainEntityOfPage\":{\"@id\":\"https:\/\/www.fcgueugnon.fr\/site\/partenaires-la-collecte-de-bouchons-du-fcg-un-geste-en-faveur-de-la-solidarite-et-de-leducation\/7210\"},\"wordCount\":257,\"publisher\":{\"@id\":\"https:\/\/www.fcgueugnon.fr\/site\/#organization\"},\"image\":{\"@id\":\"https:\/\/www.fcgueugnon.fr\/site\/partenaires-la-collecte-de-bouchons-du-fcg-un-geste-en-faveur-de-la-solidarite-et-de-leducation\/7210#primaryimage\"},\"thumbnailUrl\":\"https:\/\/www.fcgueugnon.fr\/site\/wp-content\/uploads\/2023\/11\/1-bouchon-collecte-1-geste-utile-.jpg\",\"keywords\":[\"Partenaires\",\"Programme Educatif F\u00e9d\u00e9ral\"],\"articleSection\":[\"Archives 2022\/2023\",\"News\"],\"inLanguage\":\"fr-FR\"},{\"@type\":\"WebPage\",\"@id\":\"https:\/\/www.fcgueugnon.fr\/site\/partenaires-la-collecte-de-bouchons-du-fcg-un-geste-en-faveur-de-la-solidarite-et-de-leducation\/7210\",\"url\":\"https:\/\/www.fcgueugnon.fr\/site\/partenaires-la-collecte-de-bouchons-du-fcg-un-geste-en-faveur-de-la-solidarite-et-de-leducation\/7210\",\"name\":\"[Partenaires] La collecte de bouchons du FCG, un geste en faveur de la solidarit\u00e9 et de l'\u00e9ducation &#8226; FOOTBALL CLUB GUEUGNON\",\"isPartOf\":{\"@id\":\"https:\/\/www.fcgueugnon.fr\/site\/#website\"},\"primaryImageOfPage\":{\"@id\":\"https:\/\/www.fcgueugnon.fr\/site\/partenaires-la-collecte-de-bouchons-du-fcg-un-geste-en-faveur-de-la-solidarite-et-de-leducation\/7210#primaryimage\"},\"image\":{\"@id\":\"https:\/\/www.fcgueugnon.fr\/site\/partenaires-la-collecte-de-bouchons-du-fcg-un-geste-en-faveur-de-la-solidarite-et-de-leducation\/7210#primaryimage\"},\"thumbnailUrl\":\"https:\/\/www.fcgueugnon.fr\/site\/wp-content\/uploads\/2023\/11\/1-bouchon-collecte-1-geste-utile-.jpg\",\"datePublished\":\"2023-11-07T15:30:00+00:00\",\"dateModified\":\"2024-02-21T20:45:52+00:00\",\"breadcrumb\":{\"@id\":\"https:\/\/www.fcgueugnon.fr\/site\/partenaires-la-collecte-de-bouchons-du-fcg-un-geste-en-faveur-de-la-solidarite-et-de-leducation\/7210#breadcrumb\"},\"inLanguage\":\"fr-FR\",\"potentialAction\":[{\"@type\":\"ReadAction\",\"target\":[\"https:\/\/www.fcgueugnon.fr\/site\/partenaires-la-collecte-de-bouchons-du-fcg-un-geste-en-faveur-de-la-solidarite-et-de-leducation\/7210\"]}]},{\"@type\":\"ImageObject\",\"inLanguage\":\"fr-FR\",\"@id\":\"https:\/\/www.fcgueugnon.fr\/site\/partenaires-la-collecte-de-bouchons-du-fcg-un-geste-en-faveur-de-la-solidarite-et-de-leducation\/7210#primaryimage\",\"url\":\"https:\/\/www.fcgueugnon.fr\/site\/wp-content\/uploads\/2023\/11\/1-bouchon-collecte-1-geste-utile-.jpg\",\"contentUrl\":\"https:\/\/www.fcgueugnon.fr\/site\/wp-content\/uploads\/2023\/11\/1-bouchon-collecte-1-geste-utile-.jpg\",\"width\":1772,\"height\":1181},{\"@type\":\"BreadcrumbList\",\"@id\":\"https:\/\/www.fcgueugnon.fr\/site\/partenaires-la-collecte-de-bouchons-du-fcg-un-geste-en-faveur-de-la-solidarite-et-de-leducation\/7210#breadcrumb\",\"itemListElement\":[{\"@type\":\"ListItem\",\"position\":1,\"name\":\"Accueil\",\"item\":\"https:\/\/www.fcgueugnon.fr\/site\/\"},{\"@type\":\"ListItem\",\"position\":2,\"name\":\"[Partenaires] La collecte de bouchons du FCG, un geste en faveur de la solidarit\u00e9 et de l&#8217;\u00e9ducation\"}]},{\"@type\":\"WebSite\",\"@id\":\"https:\/\/www.fcgueugnon.fr\/site\/#website\",\"url\":\"https:\/\/www.fcgueugnon.fr\/site\/\",\"name\":\"FOOTBALL CLUB GUEUGNON\",\"description\":\"Le Site Officiel des Forgerons\",\"publisher\":{\"@id\":\"https:\/\/www.fcgueugnon.fr\/site\/#organization\"},\"potentialAction\":[{\"@type\":\"SearchAction\",\"target\":{\"@type\":\"EntryPoint\",\"urlTemplate\":\"https:\/\/www.fcgueugnon.fr\/site\/?s={search_term_string}\"},\"query-input\":{\"@type\":\"PropertyValueSpecification\",\"valueRequired\":true,\"valueName\":\"search_term_string\"}}],\"inLanguage\":\"fr-FR\"},{\"@type\":\"Organization\",\"@id\":\"https:\/\/www.fcgueugnon.fr\/site\/#organization\",\"name\":\"FC Gueugnon\",\"url\":\"https:\/\/www.fcgueugnon.fr\/site\/\",\"logo\":{\"@type\":\"ImageObject\",\"inLanguage\":\"fr-FR\",\"@id\":\"https:\/\/www.fcgueugnon.fr\/site\/#\/schema\/logo\/image\/\",\"url\":\"https:\/\/www.fcgueugnon.fr\/site\/wp-content\/uploads\/2022\/07\/cropped-Logo-FCGUEUGNON-low-350x350-1.png\",\"contentUrl\":\"https:\/\/www.fcgueugnon.fr\/site\/wp-content\/uploads\/2022\/07\/cropped-Logo-FCGUEUGNON-low-350x350-1.png\",\"width\":350,\"height\":350,\"caption\":\"FC Gueugnon\"},\"image\":{\"@id\":\"https:\/\/www.fcgueugnon.fr\/site\/#\/schema\/logo\/image\/\"},\"sameAs\":[\"http:\/\/facebook.com\/FCGueugnon\",\"https:\/\/x.com\/FCGueugnon_off\",\"https:\/\/www.instagram.com\/fcgueugnon\/\",\"https:\/\/www.linkedin.com\/company\/football-club-de-gueugnon\/\",\"https:\/\/www.youtube.com\/user\/FCGueugnonnais\",\"https:\/\/fr.wikipedia.org\/wiki\/Football_Club_de_Gueugnon\"]},{\"@type\":\"Person\",\"@id\":\"https:\/\/www.fcgueugnon.fr\/site\/#\/schema\/person\/6b88acb9354d23e86675fc81c54ed359\",\"name\":\"FC Gueugnon\",\"url\":\"https:\/\/www.fcgueugnon.fr\/site\/author\/man-antu\"}]}<\/script>\n<!-- \/ Yoast SEO plugin. -->","yoast_head_json":{"title":"[Partenaires] La collecte de bouchons du FCG, un geste en faveur de la solidarit\u00e9 et de l'\u00e9ducation &#8226; FOOTBALL CLUB GUEUGNON","robots":{"index":"index","follow":"follow","max-snippet":"max-snippet:-1","max-image-preview":"max-image-preview:large","max-video-preview":"max-video-preview:-1"},"canonical":"https:\/\/www.fcgueugnon.fr\/site\/partenaires-la-collecte-de-bouchons-du-fcg-un-geste-en-faveur-de-la-solidarite-et-de-leducation\/7210","og_locale":"fr_FR","og_type":"article","og_title":"[Partenaires] La collecte de bouchons du FCG, un geste en faveur de la solidarit\u00e9 et de l'\u00e9ducation &#8226; FOOTBALL CLUB GUEUGNON","og_description":"Tout au long de l\u2019ann\u00e9e, les bouchons en plastique et en li\u00e8ge sont collect\u00e9s \u00e0 la plaine du Vieux Fresne et au Stade Jean Laville pour le compte de l\u2019association \u00ab\u00a01 bouchon collect\u00e9\u00a0=\u00a01 geste utile\u00a0\u00bb. L&rsquo;association \u00ab\u00a01 Bouchon collect\u00e9 = 1 Geste utile\u00a0\u00bb se consacre \u00e0 la collecte et \u00e0 la commercialisation de bouchons en ... Lire la suite","og_url":"https:\/\/www.fcgueugnon.fr\/site\/partenaires-la-collecte-de-bouchons-du-fcg-un-geste-en-faveur-de-la-solidarite-et-de-leducation\/7210","og_site_name":"FOOTBALL CLUB GUEUGNON","article_publisher":"http:\/\/facebook.com\/FCGueugnon","article_published_time":"2023-11-07T15:30:00+00:00","article_modified_time":"2024-02-21T20:45:52+00:00","og_image":[{"width":1920,"height":1080,"url":"https:\/\/www.fcgueugnon.fr\/site\/wp-content\/uploads\/2022\/08\/Partenaire-ballon-du-match-merevis-consulting.png","type":"image\/png"}],"author":"FC Gueugnon","twitter_card":"summary_large_image","twitter_image":"https:\/\/www.fcgueugnon.fr\/site\/wp-content\/uploads\/2022\/08\/Partenaire-ballon-du-match-merevis-consulting.png","twitter_creator":"@FCGueugnon_off","twitter_site":"@FCGueugnon_off","twitter_misc":{"\u00c9crit par":"FC Gueugnon","Dur\u00e9e de lecture estim\u00e9e":"2 minutes"},"schema":{"@context":"https:\/\/schema.org","@graph":[{"@type":"Article","@id":"https:\/\/www.fcgueugnon.fr\/site\/partenaires-la-collecte-de-bouchons-du-fcg-un-geste-en-faveur-de-la-solidarite-et-de-leducation\/7210#article","isPartOf":{"@id":"https:\/\/www.fcgueugnon.fr\/site\/partenaires-la-collecte-de-bouchons-du-fcg-un-geste-en-faveur-de-la-solidarite-et-de-leducation\/7210"},"author":{"name":"FC Gueugnon","@id":"https:\/\/www.fcgueugnon.fr\/site\/#\/schema\/person\/6b88acb9354d23e86675fc81c54ed359"},"headline":"[Partenaires] La collecte de bouchons du FCG, un geste en faveur de la solidarit\u00e9 et de l&rsquo;\u00e9ducation","datePublished":"2023-11-07T15:30:00+00:00","dateModified":"2024-02-21T20:45:52+00:00","mainEntityOfPage":{"@id":"https:\/\/www.fcgueugnon.fr\/site\/partenaires-la-collecte-de-bouchons-du-fcg-un-geste-en-faveur-de-la-solidarite-et-de-leducation\/7210"},"wordCount":257,"publisher":{"@id":"https:\/\/www.fcgueugnon.fr\/site\/#organization"},"image":{"@id":"https:\/\/www.fcgueugnon.fr\/site\/partenaires-la-collecte-de-bouchons-du-fcg-un-geste-en-faveur-de-la-solidarite-et-de-leducation\/7210#primaryimage"},"thumbnailUrl":"https:\/\/www.fcgueugnon.fr\/site\/wp-content\/uploads\/2023\/11\/1-bouchon-collecte-1-geste-utile-.jpg","keywords":["Partenaires","Programme Educatif F\u00e9d\u00e9ral"],"articleSection":["Archives 2022\/2023","News"],"inLanguage":"fr-FR"},{"@type":"WebPage","@id":"https:\/\/www.fcgueugnon.fr\/site\/partenaires-la-collecte-de-bouchons-du-fcg-un-geste-en-faveur-de-la-solidarite-et-de-leducation\/7210","url":"https:\/\/www.fcgueugnon.fr\/site\/partenaires-la-collecte-de-bouchons-du-fcg-un-geste-en-faveur-de-la-solidarite-et-de-leducation\/7210","name":"[Partenaires] La collecte de bouchons du FCG, un geste en faveur de la solidarit\u00e9 et de l'\u00e9ducation &#8226; FOOTBALL CLUB GUEUGNON","isPartOf":{"@id":"https:\/\/www.fcgueugnon.fr\/site\/#website"},"primaryImageOfPage":{"@id":"https:\/\/www.fcgueugnon.fr\/site\/partenaires-la-collecte-de-bouchons-du-fcg-un-geste-en-faveur-de-la-solidarite-et-de-leducation\/7210#primaryimage"},"image":{"@id":"https:\/\/www.fcgueugnon.fr\/site\/partenaires-la-collecte-de-bouchons-du-fcg-un-geste-en-faveur-de-la-solidarite-et-de-leducation\/7210#primaryimage"},"thumbnailUrl":"https:\/\/www.fcgueugnon.fr\/site\/wp-content\/uploads\/2023\/11\/1-bouchon-collecte-1-geste-utile-.jpg","datePublished":"2023-11-07T15:30:00+00:00","dateModified":"2024-02-21T20:45:52+00:00","breadcrumb":{"@id":"https:\/\/www.fcgueugnon.fr\/site\/partenaires-la-collecte-de-bouchons-du-fcg-un-geste-en-faveur-de-la-solidarite-et-de-leducation\/7210#breadcrumb"},"inLanguage":"fr-FR","potentialAction":[{"@type":"ReadAction","target":["https:\/\/www.fcgueugnon.fr\/site\/partenaires-la-collecte-de-bouchons-du-fcg-un-geste-en-faveur-de-la-solidarite-et-de-leducation\/7210"]}]},{"@type":"ImageObject","inLanguage":"fr-FR","@id":"https:\/\/www.fcgueugnon.fr\/site\/partenaires-la-collecte-de-bouchons-du-fcg-un-geste-en-faveur-de-la-solidarite-et-de-leducation\/7210#primaryimage","url":"https:\/\/www.fcgueugnon.fr\/site\/wp-content\/uploads\/2023\/11\/1-bouchon-collecte-1-geste-utile-.jpg","contentUrl":"https:\/\/www.fcgueugnon.fr\/site\/wp-content\/uploads\/2023\/11\/1-bouchon-collecte-1-geste-utile-.jpg","width":1772,"height":1181},{"@type":"BreadcrumbList","@id":"https:\/\/www.fcgueugnon.fr\/site\/partenaires-la-collecte-de-bouchons-du-fcg-un-geste-en-faveur-de-la-solidarite-et-de-leducation\/7210#breadcrumb","itemListElement":[{"@type":"ListItem","position":1,"name":"Accueil","item":"https:\/\/www.fcgueugnon.fr\/site\/"},{"@type":"ListItem","position":2,"name":"[Partenaires] La collecte de bouchons du FCG, un geste en faveur de la solidarit\u00e9 et de l&#8217;\u00e9ducation"}]},{"@type":"WebSite","@id":"https:\/\/www.fcgueugnon.fr\/site\/#website","url":"https:\/\/www.fcgueugnon.fr\/site\/","name":"FOOTBALL CLUB GUEUGNON","description":"Le Site Officiel des Forgerons","publisher":{"@id":"https:\/\/www.fcgueugnon.fr\/site\/#organization"},"potentialAction":[{"@type":"SearchAction","target":{"@type":"EntryPoint","urlTemplate":"https:\/\/www.fcgueugnon.fr\/site\/?s={search_term_string}"},"query-input":{"@type":"PropertyValueSpecification","valueRequired":true,"valueName":"search_term_string"}}],"inLanguage":"fr-FR"},{"@type":"Organization","@id":"https:\/\/www.fcgueugnon.fr\/site\/#organization","name":"FC Gueugnon","url":"https:\/\/www.fcgueugnon.fr\/site\/","logo":{"@type":"ImageObject","inLanguage":"fr-FR","@id":"https:\/\/www.fcgueugnon.fr\/site\/#\/schema\/logo\/image\/","url":"https:\/\/www.fcgueugnon.fr\/site\/wp-content\/uploads\/2022\/07\/cropped-Logo-FCGUEUGNON-low-350x350-1.png","contentUrl":"https:\/\/www.fcgueugnon.fr\/site\/wp-content\/uploads\/2022\/07\/cropped-Logo-FCGUEUGNON-low-350x350-1.png","width":350,"height":350,"caption":"FC Gueugnon"},"image":{"@id":"https:\/\/www.fcgueugnon.fr\/site\/#\/schema\/logo\/image\/"},"sameAs":["http:\/\/facebook.com\/FCGueugnon","https:\/\/x.com\/FCGueugnon_off","https:\/\/www.instagram.com\/fcgueugnon\/","https:\/\/www.linkedin.com\/company\/football-club-de-gueugnon\/","https:\/\/www.youtube.com\/user\/FCGueugnonnais","https:\/\/fr.wikipedia.org\/wiki\/Football_Club_de_Gueugnon"]},{"@type":"Person","@id":"https:\/\/www.fcgueugnon.fr\/site\/#\/schema\/person\/6b88acb9354d23e86675fc81c54ed359","name":"FC Gueugnon","url":"https:\/\/www.fcgueugnon.fr\/site\/author\/man-antu"}]}},"rttpg_featured_image_url":{"full":["https:\/\/www.fcgueugnon.fr\/site\/wp-content\/uploads\/2023\/11\/1-bouchon-collecte-1-geste-utile-.jpg",1772,1181,false],"landscape":["https:\/\/www.fcgueugnon.fr\/site\/wp-content\/uploads\/2023\/11\/1-bouchon-collecte-1-geste-utile-.jpg",1772,1181,false],"portraits":["https:\/\/www.fcgueugnon.fr\/site\/wp-content\/uploads\/2023\/11\/1-bouchon-collecte-1-geste-utile-.jpg",1772,1181,false],"thumbnail":["https:\/\/www.fcgueugnon.fr\/site\/wp-content\/uploads\/2023\/11\/1-bouchon-collecte-1-geste-utile--150x150.jpg",150,150,true],"medium":["https:\/\/www.fcgueugnon.fr\/site\/wp-content\/uploads\/2023\/11\/1-bouchon-collecte-1-geste-utile--400x267.jpg",400,267,true],"large":["https:\/\/www.fcgueugnon.fr\/site\/wp-content\/uploads\/2023\/11\/1-bouchon-collecte-1-geste-utile--1024x682.jpg",1024,682,true],"1536x1536":["https:\/\/www.fcgueugnon.fr\/site\/wp-content\/uploads\/2023\/11\/1-bouchon-collecte-1-geste-utile--1536x1024.jpg",1536,1024,true],"2048x2048":["https:\/\/www.fcgueugnon.fr\/site\/wp-content\/uploads\/2023\/11\/1-bouchon-collecte-1-geste-utile-.jpg",1772,1181,false]},"rttpg_author":{"display_name":"FC Gueugnon","author_link":"https:\/\/www.fcgueugnon.fr\/site\/author\/man-antu"},"rttpg_comment":0,"rttpg_category":"<a href=\"https:\/\/www.fcgueugnon.fr\/site\/category\/news\/news-2022-2023\" rel=\"category tag\">Archives 2022\/2023<\/a> <a href=\"https:\/\/www.fcgueugnon.fr\/site\/category\/news\" rel=\"category tag\">News<\/a>","rttpg_excerpt":"Tout au long de l\u2019ann\u00e9e, les bouchons en plastique et en li\u00e8ge sont collect\u00e9s \u00e0 la plaine du Vieux Fresne et au Stade Jean Laville pour le compte de l\u2019association \u00ab\u00a01 bouchon collect\u00e9\u00a0=\u00a01 geste utile\u00a0\u00bb. L&rsquo;association \u00ab\u00a01 Bouchon collect\u00e9 = 1 Geste utile\u00a0\u00bb se consacre \u00e0 la collecte et \u00e0 la commercialisation de bouchons en\u2026","_links":{"self":[{"href":"https:\/\/www.fcgueugnon.fr\/site\/wp-json\/wp\/v2\/posts\/7210","targetHints":{"allow":["GET"]}}],"collection":[{"href":"https:\/\/www.fcgueugnon.fr\/site\/wp-json\/wp\/v2\/posts"}],"about":[{"href":"https:\/\/www.fcgueugnon.fr\/site\/wp-json\/wp\/v2\/types\/post"}],"author":[{"embeddable":true,"href":"https:\/\/www.fcgueugnon.fr\/site\/wp-json\/wp\/v2\/users\/4"}],"replies":[{"embeddable":true,"href":"https:\/\/www.fcgueugnon.fr\/site\/wp-json\/wp\/v2\/comments?post=7210"}],"version-history":[{"count":7,"href":"https:\/\/www.fcgueugnon.fr\/site\/wp-json\/wp\/v2\/posts\/7210\/revisions"}],"predecessor-version":[{"id":7218,"href":"https:\/\/www.fcgueugnon.fr\/site\/wp-json\/wp\/v2\/posts\/7210\/revisions\/7218"}],"wp:featuredmedia":[{"embeddable":true,"href":"https:\/\/www.fcgueugnon.fr\/site\/wp-json\/wp\/v2\/media\/7211"}],"wp:attachment":[{"href":"https:\/\/www.fcgueugnon.fr\/site\/wp-json\/wp\/v2\/media?parent=7210"}],"wp:term":[{"taxonomy":"category","embeddable":true,"href":"https:\/\/www.fcgueugnon.fr\/site\/wp-json\/wp\/v2\/categories?post=7210"},{"taxonomy":"post_tag","embeddable":true,"href":"https:\/\/www.fcgueugnon.fr\/site\/wp-json\/wp\/v2\/tags?post=7210"}],"curies":[{"name":"wp","href":"https:\/\/api.w.org\/{rel}","templated":true}]}}