{"id":7174,"date":"2023-11-06T14:55:00","date_gmt":"2023-11-06T13:55:00","guid":{"rendered":"https:\/\/www.fcgueugnon.fr\/site\/?p=7174"},"modified":"2024-05-09T09:01:58","modified_gmt":"2024-05-09T07:01:58","slug":"n3-j07-besancon-foot-fc-gueugnon-resultat-reactions-et-resume","status":"publish","type":"post","link":"https:\/\/www.fcgueugnon.fr\/site\/n3-j07-besancon-foot-fc-gueugnon-resultat-reactions-et-resume\/7174","title":{"rendered":"[N3 J07 : Besan\u00e7on Foot \u2013 FC Gueugnon] R\u00e9sultat, r\u00e9actions et r\u00e9sum\u00e9"},"content":{"rendered":"\n<h2 class=\"wp-block-heading\"><strong>Les Forgerons c\u00e8dent en fin de match dans un duel acharn\u00e9 contre Besan\u00e7on !<\/strong><\/h2>\n\n\n\n<div style=\"height:30px\" aria-hidden=\"true\" class=\"wp-block-spacer\"><\/div>\n\n\n<div class=\"wp-block-image\">\n<figure class=\"aligncenter size-large is-resized\"><img loading=\"lazy\" decoding=\"async\" width=\"819\" height=\"1024\" src=\"https:\/\/www.fcgueugnon.fr\/site\/wp-content\/uploads\/2023\/11\/SCORE-FINAL-23.24-819x1024.png\" alt=\"\" class=\"wp-image-7172\" style=\"aspect-ratio:0.7998046875;width:638px;height:auto\" srcset=\"https:\/\/www.fcgueugnon.fr\/site\/wp-content\/uploads\/2023\/11\/SCORE-FINAL-23.24-819x1024.png 819w, https:\/\/www.fcgueugnon.fr\/site\/wp-content\/uploads\/2023\/11\/SCORE-FINAL-23.24-320x400.png 320w, https:\/\/www.fcgueugnon.fr\/site\/wp-content\/uploads\/2023\/11\/SCORE-FINAL-23.24-768x960.png 768w, https:\/\/www.fcgueugnon.fr\/site\/wp-content\/uploads\/2023\/11\/SCORE-FINAL-23.24-1229x1536.png 1229w, https:\/\/www.fcgueugnon.fr\/site\/wp-content\/uploads\/2023\/11\/SCORE-FINAL-23.24-1638x2048.png 1638w, https:\/\/www.fcgueugnon.fr\/site\/wp-content\/uploads\/2023\/11\/SCORE-FINAL-23.24-1320x1650.png 1320w, https:\/\/www.fcgueugnon.fr\/site\/wp-content\/uploads\/2023\/11\/SCORE-FINAL-23.24-600x750.png 600w, https:\/\/www.fcgueugnon.fr\/site\/wp-content\/uploads\/2023\/11\/SCORE-FINAL-23.24.png 2000w\" sizes=\"auto, (max-width: 819px) 100vw, 819px\" \/><\/figure>\n<\/div>\n\n\n<div style=\"height:57px\" aria-hidden=\"true\" class=\"wp-block-spacer\"><\/div>\n\n\n\n<p>La victoire face \u00e0 l\u2019ASPTT Dijon lors de la 6\u00e8me journ\u00e9e de championnat a propuls\u00e9 nos forgerons \u00e0 la<strong> deuxi\u00e8me place<\/strong> du classement \u00e0 seulement deux points du leader Dijonnais. C&rsquo;est donc avec un \u00e9tat d&rsquo;esprit positif que nos Gueugnonnais abordent cette nouvelle rencontre face \u00e0 Besan\u00e7on Foot, un groupe plut\u00f4t similaire en termes de statistiques.<br><br>La premi\u00e8re mi-temps est intense. Les forgerons entrent tr\u00e8s bien dans leur match avec <strong>deux frappes successives <\/strong>de<strong> Jason Luanda <em>et<\/em> Ibrahim Mohamed<\/strong>, suivies de <strong>deux corners <\/strong>qui restent<strong> <\/strong>sans cons\u00e9quence<strong>s<\/strong>. Besan\u00e7on r\u00e9agit avec une<strong> premi\u00e8re frappe dangereuse qui fr\u00f4le la cage de notre gardien Njock<\/strong>, suivie d&rsquo;une <strong>nouvelle frappe qui passe \u00e9galement \u00e0 c\u00f4t\u00e9 du but<\/strong>. Malgr\u00e9 un bon d\u00e9part, nos forgerons commencent \u00e0 <strong>reculer sous la pression croissante<\/strong> de Besan\u00e7on. La mi-temps est siffl\u00e9e sur un<strong> score nul<\/strong>.<br><br>\u00c0 la reprise, le match devient plus calme, les deux \u00e9quipes cherchent \u00e0 prendre leurs marques sans prendre de risques. C&rsquo;est finalement \u00e0 la 80\u00e8me minute que Besan\u00e7on ouvre le score. En contre-attaque, la d\u00e9fense gueugnonnaise est prise de vitesse, <strong>l&rsquo;attaquant bisontin pousse le ballon au fond des buts <\/strong>et prend l&rsquo;avantage (1-0). Nos forgerons tentent de revenir au score dans les derni\u00e8res minutes, mais le match se termine sur une <strong>victoire de Besan\u00e7on<\/strong> avec un <strong>score de 1 \u00e0 0.<\/strong><br><br>Alors que l&rsquo;on semblait se diriger vers un match nul, Besan\u00e7on Foot a r\u00e9ussi \u00e0 d\u00e9verrouiller la d\u00e9fense gueugnonnaise en fin de match sur un contre. Le FCG a tout donn\u00e9 pour tenter de revenir au score. <br>Nous vous donnons rendez-vous ce samedi \u00e0 18h00 au stade Jean Laville pour la 8\u00e8me journ\u00e9e de championnat face \u00e0 l&rsquo;IS Selongey.<\/p>\n\n\n\n<p><br> <br><\/p>\n\n\n\n<div style=\"height:51px\" aria-hidden=\"true\" class=\"wp-block-spacer\"><\/div>\n\n\n\n<h2 class=\"wp-block-heading\">R\u00e9action<\/h2>\n\n\n\n<div class=\"wp-block-media-text has-media-on-the-right is-stacked-on-mobile is-vertically-aligned-center is-image-fill\" style=\"grid-template-columns:auto 48%\"><div class=\"wp-block-media-text__content\">\n<p><strong>Guy Clopin, vice-pr\u00e9sident :<\/strong><\/p>\n\n\n\n<p>\u00ab Cette ann\u00e9e, je pense que le groupe vit bien, il y a beaucoup de solidarit\u00e9, beaucoup de rigueur et de discipline. Nous avons trouv\u00e9 un amalgame entre les jeunes que l&rsquo;on a recrut\u00e9s et les anciens qui ont pris le vestiaire en main. <em>\u00bb<\/em><\/p>\n\n\n\n<div style=\"height:10px\" aria-hidden=\"true\" class=\"wp-block-spacer\"><\/div>\n\n\n\n<p><em><sub>R\u00e9actions compl\u00e8tes \u00e0 retrouver ce mercredi \u00e0 10:15 et \u00e0 18:30 en direct sur Radio Cactus (FM 92.2) et jeudi en podcast sur notre site officiel !<\/sub><\/em><\/p>\n<\/div><figure class=\"wp-block-media-text__media\" style=\"background-image:url(https:\/\/www.fcgueugnon.fr\/site\/wp-content\/uploads\/2022\/10\/Guy-Clopin-1024x683.png);background-position:48% 3%\"><img loading=\"lazy\" decoding=\"async\" width=\"1024\" height=\"683\" src=\"https:\/\/www.fcgueugnon.fr\/site\/wp-content\/uploads\/2022\/10\/Guy-Clopin-1024x683.png\" alt=\"\" class=\"wp-image-1733 size-full\" srcset=\"https:\/\/www.fcgueugnon.fr\/site\/wp-content\/uploads\/2022\/10\/Guy-Clopin-1024x683.png 1024w, https:\/\/www.fcgueugnon.fr\/site\/wp-content\/uploads\/2022\/10\/Guy-Clopin-400x267.png 400w, https:\/\/www.fcgueugnon.fr\/site\/wp-content\/uploads\/2022\/10\/Guy-Clopin-768x512.png 768w, https:\/\/www.fcgueugnon.fr\/site\/wp-content\/uploads\/2022\/10\/Guy-Clopin-1536x1024.png 1536w, https:\/\/www.fcgueugnon.fr\/site\/wp-content\/uploads\/2022\/10\/Guy-Clopin-1320x880.png 1320w, https:\/\/www.fcgueugnon.fr\/site\/wp-content\/uploads\/2022\/10\/Guy-Clopin.png 1600w\" sizes=\"auto, (max-width: 1024px) 100vw, 1024px\" \/><\/figure><\/div>\n\n\n\n<div style=\"height:40px\" aria-hidden=\"true\" class=\"wp-block-spacer\"><\/div>\n\n\n\n<hr class=\"wp-block-separator has-text-color has-css-opacity has-background\" style=\"background-color:#f7db4a;color:#f7db4a\"\/>\n\n\n\n<h3 class=\"wp-block-heading has-text-align-center\"><strong>\u2139 Prochains matchs : <\/strong><br>&#8211; Samedi 11\/11 \u00e0 18h00 : FC Gueugnon \/ IS Selongey Football<br>&#8211; Samedi 25\/11 : FC Louhans Cuiseaux \/ FC Gueugnon<\/h3>\n\n\n\n<hr class=\"wp-block-separator has-text-color has-css-opacity has-background\" style=\"background-color:#f7db4a;color:#f7db4a\"\/>\n\n\n\n<h3 class=\"wp-block-heading\">\u26bd <strong>Score final<\/strong><\/h3>\n\n\n\n<p><strong>STADE L\u00c9O LAGRANGE 1<\/strong><br>Besan\u00e7on Foot 1-0 FC Gueugnon <br>But : Juan BERNABEU (80&prime;)<\/p>\n\n\n\n<p>\ud835\udddf\ud835\uddf2\ud835\ude00 \ud835\uddfc\ud835\uddf3\ud835\uddf3\ud835\uddf6\ud835\uddf0\ud835\uddf6\ud835\uddf2<strong>\ud835\uddf9s<\/strong><\/p>\n\n\n\n<p>Arbitre centre : BENJAMIN MOUSTIER<br>Arbitre assistant 1 : YUKSEL YURDAKON<br>Arbitre assistant 2 : MIMOUN EL BOUAYADI<br>D\u00e9l\u00e9gu\u00e9 principal : MESSAOUD BOUTEFFAS<\/p>\n\n\n\n<div style=\"height:20px\" aria-hidden=\"true\" class=\"wp-block-spacer\"><\/div>\n\n\n\n<p>\ud83d\udfe1\ud83d\udd35&nbsp;<strong>Composition d\u2019\u00e9quipe<\/strong><\/p>\n\n\n\n<p>Anthony NJOCK &#8211; Thomas DORIDOT ( 39&prime; DIOMANDE (78&prime; KEMBOLO)) &#8211; Anthony CHAUVET &#8211; Hamza BOUDJEMAA &#8211; Mahamadou CISSE &#8211; Ibrahim MOHAMED &#8211; Luvunu Kalusivkako LUANDA &#8211; Erwin GNAHORE &#8211; Oumerou DRAME (88&prime; DIALLO) &#8211; Mathis CLERVAL &#8211; Yannick MAMBO<br>Rempla\u00e7ants : Mouhamed DIALLO &#8211; Fraty Kembolo MIEZI &#8211; Soualio DIOMANDE &#8211; Basile DELCLAUX &#8211; Magide MAHLA<br><br>Entra\u00eeneur : Philippe Correia \/ Adjoints : Bakeba Bayo, St\u00e9phane Bernard.<\/p>\n\n\n\n<div style=\"height:38px\" aria-hidden=\"true\" class=\"wp-block-spacer\"><\/div>\n\n\n\n<h3 class=\"wp-block-heading\">\ud83d\udd0d <strong>Plus d&rsquo;articles <\/strong><\/h3>\n\n\n\n<blockquote class=\"wp-block-quote is-layout-flow wp-block-quote-is-layout-flow\">\n<p><span style=\"line-height: 1.5;\">\u25ba<\/span><a href=\"https:\/\/www.fcgueugnon.fr\/site\/n3-j07-besancon-foot-fc-gueugnon-suivez-le-match-en-live\/7143\"><span style=\"line-height: 1.5;\"> Revivre le li<\/span>ve<\/a><\/p>\n<\/blockquote>\n\n\n\n<div style=\"height:8px\" aria-hidden=\"true\" class=\"wp-block-spacer\"><\/div>\n\n\n\n<h3 class=\"wp-block-heading\"><strong>\ud83d\uddd3\u00a0\u00a0Au programme de cette 7\u00e8me journ\u00e9e de National 3 : \u00a0<\/strong><\/h3>\n\n\n\n<p>Samedi 04 Novembre<br><br>18:00 : Jura Dolois Football \/ FC Vesoul : 2-1<br>18:00 : USC Cosne \/ Dijon FCO B : 1-3<br>18:00 : FC Louhans Cuiseaux \/ GFA Rumilly Valli\u00e8res : 0-1<br>18:00 : Is Selongey \/ CA Pontarlier : 1-3<br>19:00 : ASPTT Dijon \/ FC Sochaux Montb\u00e9liard B : 1-1<br>19:00 : AS La Chapelle de Guinchay \/ Moulins Yzeure Foot : report\u00e9<br><br>Dimanche 05 Novembre<br><br>15:00 : Besan\u00e7on Foot \/ FC Gueugnon : 1-0<\/p>\n\n\n\n<p><\/p>\n\n\n\n<p>\u25ba <a href=\"https:\/\/www.fcgueugnon.fr\/site\/calendrier-seniors-a-national-3-bourgogne-franche-comte\">Calendrier<\/a><\/p>\n\n\n\n<p>\u25ba <a href=\"https:\/\/www.fcgueugnon.fr\/site\/classement-national-3-bourgogne-franche-comte\">Classement<\/a><\/p>\n","protected":false},"excerpt":{"rendered":"<p>Les Forgerons c\u00e8dent en fin de match dans un duel acharn\u00e9 contre Besan\u00e7on ! La victoire face \u00e0 l\u2019ASPTT Dijon lors de la 6\u00e8me journ\u00e9e de championnat a propuls\u00e9 nos forgerons \u00e0 la deuxi\u00e8me place du classement \u00e0 seulement deux points du leader Dijonnais. C&rsquo;est donc avec un \u00e9tat d&rsquo;esprit positif que nos Gueugnonnais abordent &#8230; <\/p>\n<p class=\"read-more-container\"><a title=\"[N3 J07 : Besan\u00e7on Foot \u2013 FC Gueugnon] R\u00e9sultat, r\u00e9actions et r\u00e9sum\u00e9\" class=\"read-more button\" href=\"https:\/\/www.fcgueugnon.fr\/site\/n3-j07-besancon-foot-fc-gueugnon-resultat-reactions-et-resume\/7174#more-7174\" aria-label=\"Plus sur [N3 J07 : Besan\u00e7on Foot \u2013 FC Gueugnon] R\u00e9sultat, r\u00e9actions et r\u00e9sum\u00e9\">Lire la suite<\/a><\/p>\n","protected":false},"author":4,"featured_media":7172,"comment_status":"closed","ping_status":"closed","sticky":true,"template":"","format":"standard","meta":{"footnotes":""},"categories":[4,55],"tags":[27,31],"class_list":["post-7174","post","type-post","status-publish","format-standard","has-post-thumbnail","hentry","category-news","category-news-2023-2024","tag-resultat","tag-video","infinite-scroll-item","generate-columns","tablet-grid-50","mobile-grid-100","grid-parent","grid-25","resize-featured-image"],"yoast_head":"<!-- This site is optimized with the Yoast SEO plugin v26.6 - https:\/\/yoast.com\/wordpress\/plugins\/seo\/ -->\n<title>[N3 J07 : Besan\u00e7on Foot \u2013 FC Gueugnon] R\u00e9sultat, r\u00e9actions et r\u00e9sum\u00e9 &#8226; FOOTBALL CLUB GUEUGNON<\/title>\n<meta name=\"robots\" content=\"index, follow, max-snippet:-1, max-image-preview:large, max-video-preview:-1\" \/>\n<link rel=\"canonical\" href=\"https:\/\/www.fcgueugnon.fr\/site\/n3-j07-besancon-foot-fc-gueugnon-resultat-reactions-et-resume\/7174\" \/>\n<meta property=\"og:locale\" content=\"fr_FR\" \/>\n<meta property=\"og:type\" content=\"article\" \/>\n<meta property=\"og:title\" content=\"[N3 J07 : Besan\u00e7on Foot \u2013 FC Gueugnon] R\u00e9sultat, r\u00e9actions et r\u00e9sum\u00e9 &#8226; FOOTBALL CLUB GUEUGNON\" \/>\n<meta property=\"og:description\" content=\"Les Forgerons c\u00e8dent en fin de match dans un duel acharn\u00e9 contre Besan\u00e7on ! La victoire face \u00e0 l\u2019ASPTT Dijon lors de la 6\u00e8me journ\u00e9e de championnat a propuls\u00e9 nos forgerons \u00e0 la deuxi\u00e8me place du classement \u00e0 seulement deux points du leader Dijonnais. C&rsquo;est donc avec un \u00e9tat d&rsquo;esprit positif que nos Gueugnonnais abordent ... Lire la suite\" \/>\n<meta property=\"og:url\" content=\"https:\/\/www.fcgueugnon.fr\/site\/n3-j07-besancon-foot-fc-gueugnon-resultat-reactions-et-resume\/7174\" \/>\n<meta property=\"og:site_name\" content=\"FOOTBALL CLUB GUEUGNON\" \/>\n<meta property=\"article:publisher\" content=\"http:\/\/facebook.com\/FCGueugnon\" \/>\n<meta property=\"article:published_time\" content=\"2023-11-06T13:55:00+00:00\" \/>\n<meta property=\"article:modified_time\" content=\"2024-05-09T07:01:58+00:00\" \/>\n<meta property=\"og:image\" content=\"https:\/\/www.fcgueugnon.fr\/site\/wp-content\/uploads\/2023\/11\/SCORE-FINAL-23.24-819x1024.png\" \/>\n\t<meta property=\"og:image:width\" content=\"819\" \/>\n\t<meta property=\"og:image:height\" content=\"1024\" \/>\n\t<meta property=\"og:image:type\" content=\"image\/png\" \/>\n<meta name=\"author\" content=\"FC Gueugnon\" \/>\n<meta name=\"twitter:card\" content=\"summary_large_image\" \/>\n<meta name=\"twitter:creator\" content=\"@FCGueugnon_off\" \/>\n<meta name=\"twitter:site\" content=\"@FCGueugnon_off\" \/>\n<meta name=\"twitter:label1\" content=\"\u00c9crit par\" \/>\n\t<meta name=\"twitter:data1\" content=\"FC Gueugnon\" \/>\n\t<meta name=\"twitter:label2\" content=\"Dur\u00e9e de lecture estim\u00e9e\" \/>\n\t<meta name=\"twitter:data2\" content=\"4 minutes\" \/>\n<script type=\"application\/ld+json\" class=\"yoast-schema-graph\">{\"@context\":\"https:\/\/schema.org\",\"@graph\":[{\"@type\":\"Article\",\"@id\":\"https:\/\/www.fcgueugnon.fr\/site\/n3-j07-besancon-foot-fc-gueugnon-resultat-reactions-et-resume\/7174#article\",\"isPartOf\":{\"@id\":\"https:\/\/www.fcgueugnon.fr\/site\/n3-j07-besancon-foot-fc-gueugnon-resultat-reactions-et-resume\/7174\"},\"author\":{\"name\":\"FC Gueugnon\",\"@id\":\"https:\/\/www.fcgueugnon.fr\/site\/#\/schema\/person\/6b88acb9354d23e86675fc81c54ed359\"},\"headline\":\"[N3 J07 : Besan\u00e7on Foot \u2013 FC Gueugnon] R\u00e9sultat, r\u00e9actions et r\u00e9sum\u00e9\",\"datePublished\":\"2023-11-06T13:55:00+00:00\",\"dateModified\":\"2024-05-09T07:01:58+00:00\",\"mainEntityOfPage\":{\"@id\":\"https:\/\/www.fcgueugnon.fr\/site\/n3-j07-besancon-foot-fc-gueugnon-resultat-reactions-et-resume\/7174\"},\"wordCount\":580,\"publisher\":{\"@id\":\"https:\/\/www.fcgueugnon.fr\/site\/#organization\"},\"image\":{\"@id\":\"https:\/\/www.fcgueugnon.fr\/site\/n3-j07-besancon-foot-fc-gueugnon-resultat-reactions-et-resume\/7174#primaryimage\"},\"thumbnailUrl\":\"https:\/\/www.fcgueugnon.fr\/site\/wp-content\/uploads\/2023\/11\/SCORE-FINAL-23.24.png\",\"keywords\":[\"R\u00e9sultat\",\"Vid\u00e9o\"],\"articleSection\":[\"News\",\"News 2023\/2024\"],\"inLanguage\":\"fr-FR\"},{\"@type\":\"WebPage\",\"@id\":\"https:\/\/www.fcgueugnon.fr\/site\/n3-j07-besancon-foot-fc-gueugnon-resultat-reactions-et-resume\/7174\",\"url\":\"https:\/\/www.fcgueugnon.fr\/site\/n3-j07-besancon-foot-fc-gueugnon-resultat-reactions-et-resume\/7174\",\"name\":\"[N3 J07 : Besan\u00e7on Foot \u2013 FC Gueugnon] R\u00e9sultat, r\u00e9actions et r\u00e9sum\u00e9 &#8226; FOOTBALL CLUB GUEUGNON\",\"isPartOf\":{\"@id\":\"https:\/\/www.fcgueugnon.fr\/site\/#website\"},\"primaryImageOfPage\":{\"@id\":\"https:\/\/www.fcgueugnon.fr\/site\/n3-j07-besancon-foot-fc-gueugnon-resultat-reactions-et-resume\/7174#primaryimage\"},\"image\":{\"@id\":\"https:\/\/www.fcgueugnon.fr\/site\/n3-j07-besancon-foot-fc-gueugnon-resultat-reactions-et-resume\/7174#primaryimage\"},\"thumbnailUrl\":\"https:\/\/www.fcgueugnon.fr\/site\/wp-content\/uploads\/2023\/11\/SCORE-FINAL-23.24.png\",\"datePublished\":\"2023-11-06T13:55:00+00:00\",\"dateModified\":\"2024-05-09T07:01:58+00:00\",\"breadcrumb\":{\"@id\":\"https:\/\/www.fcgueugnon.fr\/site\/n3-j07-besancon-foot-fc-gueugnon-resultat-reactions-et-resume\/7174#breadcrumb\"},\"inLanguage\":\"fr-FR\",\"potentialAction\":[{\"@type\":\"ReadAction\",\"target\":[\"https:\/\/www.fcgueugnon.fr\/site\/n3-j07-besancon-foot-fc-gueugnon-resultat-reactions-et-resume\/7174\"]}]},{\"@type\":\"ImageObject\",\"inLanguage\":\"fr-FR\",\"@id\":\"https:\/\/www.fcgueugnon.fr\/site\/n3-j07-besancon-foot-fc-gueugnon-resultat-reactions-et-resume\/7174#primaryimage\",\"url\":\"https:\/\/www.fcgueugnon.fr\/site\/wp-content\/uploads\/2023\/11\/SCORE-FINAL-23.24.png\",\"contentUrl\":\"https:\/\/www.fcgueugnon.fr\/site\/wp-content\/uploads\/2023\/11\/SCORE-FINAL-23.24.png\",\"width\":2000,\"height\":2500},{\"@type\":\"BreadcrumbList\",\"@id\":\"https:\/\/www.fcgueugnon.fr\/site\/n3-j07-besancon-foot-fc-gueugnon-resultat-reactions-et-resume\/7174#breadcrumb\",\"itemListElement\":[{\"@type\":\"ListItem\",\"position\":1,\"name\":\"Accueil\",\"item\":\"https:\/\/www.fcgueugnon.fr\/site\/\"},{\"@type\":\"ListItem\",\"position\":2,\"name\":\"[N3 J07 : Besan\u00e7on Foot \u2013 FC Gueugnon] R\u00e9sultat, r\u00e9actions et r\u00e9sum\u00e9\"}]},{\"@type\":\"WebSite\",\"@id\":\"https:\/\/www.fcgueugnon.fr\/site\/#website\",\"url\":\"https:\/\/www.fcgueugnon.fr\/site\/\",\"name\":\"FOOTBALL CLUB GUEUGNON\",\"description\":\"Le Site Officiel des Forgerons\",\"publisher\":{\"@id\":\"https:\/\/www.fcgueugnon.fr\/site\/#organization\"},\"potentialAction\":[{\"@type\":\"SearchAction\",\"target\":{\"@type\":\"EntryPoint\",\"urlTemplate\":\"https:\/\/www.fcgueugnon.fr\/site\/?s={search_term_string}\"},\"query-input\":{\"@type\":\"PropertyValueSpecification\",\"valueRequired\":true,\"valueName\":\"search_term_string\"}}],\"inLanguage\":\"fr-FR\"},{\"@type\":\"Organization\",\"@id\":\"https:\/\/www.fcgueugnon.fr\/site\/#organization\",\"name\":\"FC Gueugnon\",\"url\":\"https:\/\/www.fcgueugnon.fr\/site\/\",\"logo\":{\"@type\":\"ImageObject\",\"inLanguage\":\"fr-FR\",\"@id\":\"https:\/\/www.fcgueugnon.fr\/site\/#\/schema\/logo\/image\/\",\"url\":\"https:\/\/www.fcgueugnon.fr\/site\/wp-content\/uploads\/2022\/07\/cropped-Logo-FCGUEUGNON-low-350x350-1.png\",\"contentUrl\":\"https:\/\/www.fcgueugnon.fr\/site\/wp-content\/uploads\/2022\/07\/cropped-Logo-FCGUEUGNON-low-350x350-1.png\",\"width\":350,\"height\":350,\"caption\":\"FC Gueugnon\"},\"image\":{\"@id\":\"https:\/\/www.fcgueugnon.fr\/site\/#\/schema\/logo\/image\/\"},\"sameAs\":[\"http:\/\/facebook.com\/FCGueugnon\",\"https:\/\/x.com\/FCGueugnon_off\",\"https:\/\/www.instagram.com\/fcgueugnon\/\",\"https:\/\/www.linkedin.com\/company\/football-club-de-gueugnon\/\",\"https:\/\/www.youtube.com\/user\/FCGueugnonnais\",\"https:\/\/fr.wikipedia.org\/wiki\/Football_Club_de_Gueugnon\"]},{\"@type\":\"Person\",\"@id\":\"https:\/\/www.fcgueugnon.fr\/site\/#\/schema\/person\/6b88acb9354d23e86675fc81c54ed359\",\"name\":\"FC Gueugnon\",\"url\":\"https:\/\/www.fcgueugnon.fr\/site\/author\/man-antu\"}]}<\/script>\n<!-- \/ Yoast SEO plugin. -->","yoast_head_json":{"title":"[N3 J07 : Besan\u00e7on Foot \u2013 FC Gueugnon] R\u00e9sultat, r\u00e9actions et r\u00e9sum\u00e9 &#8226; FOOTBALL CLUB GUEUGNON","robots":{"index":"index","follow":"follow","max-snippet":"max-snippet:-1","max-image-preview":"max-image-preview:large","max-video-preview":"max-video-preview:-1"},"canonical":"https:\/\/www.fcgueugnon.fr\/site\/n3-j07-besancon-foot-fc-gueugnon-resultat-reactions-et-resume\/7174","og_locale":"fr_FR","og_type":"article","og_title":"[N3 J07 : Besan\u00e7on Foot \u2013 FC Gueugnon] R\u00e9sultat, r\u00e9actions et r\u00e9sum\u00e9 &#8226; FOOTBALL CLUB GUEUGNON","og_description":"Les Forgerons c\u00e8dent en fin de match dans un duel acharn\u00e9 contre Besan\u00e7on ! La victoire face \u00e0 l\u2019ASPTT Dijon lors de la 6\u00e8me journ\u00e9e de championnat a propuls\u00e9 nos forgerons \u00e0 la deuxi\u00e8me place du classement \u00e0 seulement deux points du leader Dijonnais. C&rsquo;est donc avec un \u00e9tat d&rsquo;esprit positif que nos Gueugnonnais abordent ... Lire la suite","og_url":"https:\/\/www.fcgueugnon.fr\/site\/n3-j07-besancon-foot-fc-gueugnon-resultat-reactions-et-resume\/7174","og_site_name":"FOOTBALL CLUB GUEUGNON","article_publisher":"http:\/\/facebook.com\/FCGueugnon","article_published_time":"2023-11-06T13:55:00+00:00","article_modified_time":"2024-05-09T07:01:58+00:00","og_image":[{"width":819,"height":1024,"url":"https:\/\/www.fcgueugnon.fr\/site\/wp-content\/uploads\/2023\/11\/SCORE-FINAL-23.24-819x1024.png","type":"image\/png"}],"author":"FC Gueugnon","twitter_card":"summary_large_image","twitter_creator":"@FCGueugnon_off","twitter_site":"@FCGueugnon_off","twitter_misc":{"\u00c9crit par":"FC Gueugnon","Dur\u00e9e de lecture estim\u00e9e":"4 minutes"},"schema":{"@context":"https:\/\/schema.org","@graph":[{"@type":"Article","@id":"https:\/\/www.fcgueugnon.fr\/site\/n3-j07-besancon-foot-fc-gueugnon-resultat-reactions-et-resume\/7174#article","isPartOf":{"@id":"https:\/\/www.fcgueugnon.fr\/site\/n3-j07-besancon-foot-fc-gueugnon-resultat-reactions-et-resume\/7174"},"author":{"name":"FC Gueugnon","@id":"https:\/\/www.fcgueugnon.fr\/site\/#\/schema\/person\/6b88acb9354d23e86675fc81c54ed359"},"headline":"[N3 J07 : Besan\u00e7on Foot \u2013 FC Gueugnon] R\u00e9sultat, r\u00e9actions et r\u00e9sum\u00e9","datePublished":"2023-11-06T13:55:00+00:00","dateModified":"2024-05-09T07:01:58+00:00","mainEntityOfPage":{"@id":"https:\/\/www.fcgueugnon.fr\/site\/n3-j07-besancon-foot-fc-gueugnon-resultat-reactions-et-resume\/7174"},"wordCount":580,"publisher":{"@id":"https:\/\/www.fcgueugnon.fr\/site\/#organization"},"image":{"@id":"https:\/\/www.fcgueugnon.fr\/site\/n3-j07-besancon-foot-fc-gueugnon-resultat-reactions-et-resume\/7174#primaryimage"},"thumbnailUrl":"https:\/\/www.fcgueugnon.fr\/site\/wp-content\/uploads\/2023\/11\/SCORE-FINAL-23.24.png","keywords":["R\u00e9sultat","Vid\u00e9o"],"articleSection":["News","News 2023\/2024"],"inLanguage":"fr-FR"},{"@type":"WebPage","@id":"https:\/\/www.fcgueugnon.fr\/site\/n3-j07-besancon-foot-fc-gueugnon-resultat-reactions-et-resume\/7174","url":"https:\/\/www.fcgueugnon.fr\/site\/n3-j07-besancon-foot-fc-gueugnon-resultat-reactions-et-resume\/7174","name":"[N3 J07 : Besan\u00e7on Foot \u2013 FC Gueugnon] R\u00e9sultat, r\u00e9actions et r\u00e9sum\u00e9 &#8226; FOOTBALL CLUB GUEUGNON","isPartOf":{"@id":"https:\/\/www.fcgueugnon.fr\/site\/#website"},"primaryImageOfPage":{"@id":"https:\/\/www.fcgueugnon.fr\/site\/n3-j07-besancon-foot-fc-gueugnon-resultat-reactions-et-resume\/7174#primaryimage"},"image":{"@id":"https:\/\/www.fcgueugnon.fr\/site\/n3-j07-besancon-foot-fc-gueugnon-resultat-reactions-et-resume\/7174#primaryimage"},"thumbnailUrl":"https:\/\/www.fcgueugnon.fr\/site\/wp-content\/uploads\/2023\/11\/SCORE-FINAL-23.24.png","datePublished":"2023-11-06T13:55:00+00:00","dateModified":"2024-05-09T07:01:58+00:00","breadcrumb":{"@id":"https:\/\/www.fcgueugnon.fr\/site\/n3-j07-besancon-foot-fc-gueugnon-resultat-reactions-et-resume\/7174#breadcrumb"},"inLanguage":"fr-FR","potentialAction":[{"@type":"ReadAction","target":["https:\/\/www.fcgueugnon.fr\/site\/n3-j07-besancon-foot-fc-gueugnon-resultat-reactions-et-resume\/7174"]}]},{"@type":"ImageObject","inLanguage":"fr-FR","@id":"https:\/\/www.fcgueugnon.fr\/site\/n3-j07-besancon-foot-fc-gueugnon-resultat-reactions-et-resume\/7174#primaryimage","url":"https:\/\/www.fcgueugnon.fr\/site\/wp-content\/uploads\/2023\/11\/SCORE-FINAL-23.24.png","contentUrl":"https:\/\/www.fcgueugnon.fr\/site\/wp-content\/uploads\/2023\/11\/SCORE-FINAL-23.24.png","width":2000,"height":2500},{"@type":"BreadcrumbList","@id":"https:\/\/www.fcgueugnon.fr\/site\/n3-j07-besancon-foot-fc-gueugnon-resultat-reactions-et-resume\/7174#breadcrumb","itemListElement":[{"@type":"ListItem","position":1,"name":"Accueil","item":"https:\/\/www.fcgueugnon.fr\/site\/"},{"@type":"ListItem","position":2,"name":"[N3 J07 : Besan\u00e7on Foot \u2013 FC Gueugnon] R\u00e9sultat, r\u00e9actions et r\u00e9sum\u00e9"}]},{"@type":"WebSite","@id":"https:\/\/www.fcgueugnon.fr\/site\/#website","url":"https:\/\/www.fcgueugnon.fr\/site\/","name":"FOOTBALL CLUB GUEUGNON","description":"Le Site Officiel des Forgerons","publisher":{"@id":"https:\/\/www.fcgueugnon.fr\/site\/#organization"},"potentialAction":[{"@type":"SearchAction","target":{"@type":"EntryPoint","urlTemplate":"https:\/\/www.fcgueugnon.fr\/site\/?s={search_term_string}"},"query-input":{"@type":"PropertyValueSpecification","valueRequired":true,"valueName":"search_term_string"}}],"inLanguage":"fr-FR"},{"@type":"Organization","@id":"https:\/\/www.fcgueugnon.fr\/site\/#organization","name":"FC Gueugnon","url":"https:\/\/www.fcgueugnon.fr\/site\/","logo":{"@type":"ImageObject","inLanguage":"fr-FR","@id":"https:\/\/www.fcgueugnon.fr\/site\/#\/schema\/logo\/image\/","url":"https:\/\/www.fcgueugnon.fr\/site\/wp-content\/uploads\/2022\/07\/cropped-Logo-FCGUEUGNON-low-350x350-1.png","contentUrl":"https:\/\/www.fcgueugnon.fr\/site\/wp-content\/uploads\/2022\/07\/cropped-Logo-FCGUEUGNON-low-350x350-1.png","width":350,"height":350,"caption":"FC Gueugnon"},"image":{"@id":"https:\/\/www.fcgueugnon.fr\/site\/#\/schema\/logo\/image\/"},"sameAs":["http:\/\/facebook.com\/FCGueugnon","https:\/\/x.com\/FCGueugnon_off","https:\/\/www.instagram.com\/fcgueugnon\/","https:\/\/www.linkedin.com\/company\/football-club-de-gueugnon\/","https:\/\/www.youtube.com\/user\/FCGueugnonnais","https:\/\/fr.wikipedia.org\/wiki\/Football_Club_de_Gueugnon"]},{"@type":"Person","@id":"https:\/\/www.fcgueugnon.fr\/site\/#\/schema\/person\/6b88acb9354d23e86675fc81c54ed359","name":"FC Gueugnon","url":"https:\/\/www.fcgueugnon.fr\/site\/author\/man-antu"}]}},"rttpg_featured_image_url":{"full":["https:\/\/www.fcgueugnon.fr\/site\/wp-content\/uploads\/2023\/11\/SCORE-FINAL-23.24.png",2000,2500,false],"landscape":["https:\/\/www.fcgueugnon.fr\/site\/wp-content\/uploads\/2023\/11\/SCORE-FINAL-23.24.png",2000,2500,false],"portraits":["https:\/\/www.fcgueugnon.fr\/site\/wp-content\/uploads\/2023\/11\/SCORE-FINAL-23.24.png",2000,2500,false],"thumbnail":["https:\/\/www.fcgueugnon.fr\/site\/wp-content\/uploads\/2023\/11\/SCORE-FINAL-23.24-150x150.png",150,150,true],"medium":["https:\/\/www.fcgueugnon.fr\/site\/wp-content\/uploads\/2023\/11\/SCORE-FINAL-23.24-320x400.png",320,400,true],"large":["https:\/\/www.fcgueugnon.fr\/site\/wp-content\/uploads\/2023\/11\/SCORE-FINAL-23.24-819x1024.png",819,1024,true],"1536x1536":["https:\/\/www.fcgueugnon.fr\/site\/wp-content\/uploads\/2023\/11\/SCORE-FINAL-23.24-1229x1536.png",1229,1536,true],"2048x2048":["https:\/\/www.fcgueugnon.fr\/site\/wp-content\/uploads\/2023\/11\/SCORE-FINAL-23.24-1638x2048.png",1638,2048,true]},"rttpg_author":{"display_name":"FC Gueugnon","author_link":"https:\/\/www.fcgueugnon.fr\/site\/author\/man-antu"},"rttpg_comment":0,"rttpg_category":"<a href=\"https:\/\/www.fcgueugnon.fr\/site\/category\/news\" rel=\"category tag\">News<\/a> <a href=\"https:\/\/www.fcgueugnon.fr\/site\/category\/news\/news-2023-2024\" rel=\"category tag\">News 2023\/2024<\/a>","rttpg_excerpt":"Les Forgerons c\u00e8dent en fin de match dans un duel acharn\u00e9 contre Besan\u00e7on ! La victoire face \u00e0 l\u2019ASPTT Dijon lors de la 6\u00e8me journ\u00e9e de championnat a propuls\u00e9 nos forgerons \u00e0 la deuxi\u00e8me place du classement \u00e0 seulement deux points du leader Dijonnais. C&rsquo;est donc avec un \u00e9tat d&rsquo;esprit positif que nos Gueugnonnais abordent\u2026","_links":{"self":[{"href":"https:\/\/www.fcgueugnon.fr\/site\/wp-json\/wp\/v2\/posts\/7174","targetHints":{"allow":["GET"]}}],"collection":[{"href":"https:\/\/www.fcgueugnon.fr\/site\/wp-json\/wp\/v2\/posts"}],"about":[{"href":"https:\/\/www.fcgueugnon.fr\/site\/wp-json\/wp\/v2\/types\/post"}],"author":[{"embeddable":true,"href":"https:\/\/www.fcgueugnon.fr\/site\/wp-json\/wp\/v2\/users\/4"}],"replies":[{"embeddable":true,"href":"https:\/\/www.fcgueugnon.fr\/site\/wp-json\/wp\/v2\/comments?post=7174"}],"version-history":[{"count":6,"href":"https:\/\/www.fcgueugnon.fr\/site\/wp-json\/wp\/v2\/posts\/7174\/revisions"}],"predecessor-version":[{"id":7371,"href":"https:\/\/www.fcgueugnon.fr\/site\/wp-json\/wp\/v2\/posts\/7174\/revisions\/7371"}],"wp:featuredmedia":[{"embeddable":true,"href":"https:\/\/www.fcgueugnon.fr\/site\/wp-json\/wp\/v2\/media\/7172"}],"wp:attachment":[{"href":"https:\/\/www.fcgueugnon.fr\/site\/wp-json\/wp\/v2\/media?parent=7174"}],"wp:term":[{"taxonomy":"category","embeddable":true,"href":"https:\/\/www.fcgueugnon.fr\/site\/wp-json\/wp\/v2\/categories?post=7174"},{"taxonomy":"post_tag","embeddable":true,"href":"https:\/\/www.fcgueugnon.fr\/site\/wp-json\/wp\/v2\/tags?post=7174"}],"curies":[{"name":"wp","href":"https:\/\/api.w.org\/{rel}","templated":true}]}}