{"id":7149,"date":"2023-11-03T09:05:00","date_gmt":"2023-11-03T08:05:00","guid":{"rendered":"https:\/\/www.fcgueugnon.fr\/site\/?p=7149"},"modified":"2024-10-07T11:20:08","modified_gmt":"2024-10-07T09:20:08","slug":"n3-j07-besancon-foot-fc-gueugnon-le-dimanche-a-besancon-cest-le-jour-de-match","status":"publish","type":"post","link":"https:\/\/www.fcgueugnon.fr\/site\/n3-j07-besancon-foot-fc-gueugnon-le-dimanche-a-besancon-cest-le-jour-de-match\/7149","title":{"rendered":"[N3 J07 : Besan\u00e7on Foot &#8211; FC Gueugnon] Le Dimanche \u00e0 Besan\u00e7on, c&rsquo;est le jour de match !"},"content":{"rendered":"\n<h2 class=\"wp-block-heading\">1 point s\u00e9pare des forgerons et des bisontins qui ambitionnent de jouer les premiers r\u00f4les dans ce championnat resserr\u00e9 ! <\/h2>\n\n\n\n<div class=\"wp-block-getwid-image-box getwid-animation has-text-center has-mobile-layout-default has-mobile-alignment-center\" data-animation=\"pulse\"><div class=\"wp-block-getwid-image-box__image-container is-position-top\"><div class=\"wp-block-getwid-image-box__image-wrapper\"><img loading=\"lazy\" decoding=\"async\" width=\"1024\" height=\"683\" src=\"https:\/\/www.fcgueugnon.fr\/site\/wp-content\/uploads\/2023\/10\/FCG-2-0-ASPTT-Dijon-12-1024x683.jpg\" alt=\"\" class=\"wp-block-getwid-image-box__image wp-image-7072\" srcset=\"https:\/\/www.fcgueugnon.fr\/site\/wp-content\/uploads\/2023\/10\/FCG-2-0-ASPTT-Dijon-12-1024x683.jpg 1024w, https:\/\/www.fcgueugnon.fr\/site\/wp-content\/uploads\/2023\/10\/FCG-2-0-ASPTT-Dijon-12-400x267.jpg 400w, https:\/\/www.fcgueugnon.fr\/site\/wp-content\/uploads\/2023\/10\/FCG-2-0-ASPTT-Dijon-12-768x512.jpg 768w, https:\/\/www.fcgueugnon.fr\/site\/wp-content\/uploads\/2023\/10\/FCG-2-0-ASPTT-Dijon-12-1536x1024.jpg 1536w, https:\/\/www.fcgueugnon.fr\/site\/wp-content\/uploads\/2023\/10\/FCG-2-0-ASPTT-Dijon-12-2048x1365.jpg 2048w, https:\/\/www.fcgueugnon.fr\/site\/wp-content\/uploads\/2023\/10\/FCG-2-0-ASPTT-Dijon-12-1320x880.jpg 1320w, https:\/\/www.fcgueugnon.fr\/site\/wp-content\/uploads\/2023\/10\/FCG-2-0-ASPTT-Dijon-12-600x400.jpg 600w\" sizes=\"auto, (max-width: 1024px) 100vw, 1024px\" \/><\/div><\/div><div class=\"wp-block-getwid-image-box__content\">\n<h3 class=\"wp-block-heading\"><\/h3>\n\n\n\n<p><\/p>\n<\/div><\/div>\n\n\n\n<div style=\"height:70px\" aria-hidden=\"true\" class=\"wp-block-spacer\"><\/div>\n\n\n\n<h3 class=\"wp-block-heading\">\ud83c\udd9a <em><strong>L&rsquo;adversaire <\/strong><\/em>: Besan\u00e7on Foot <\/h3>\n\n\n\n<p>\u00c9quipe de r\u00e9f\u00e9rence en N3 ayant jou\u00e9 la stabilit\u00e9 cette saison, le <strong>Besan\u00e7on Foot <\/strong>a fait confiance \u00e0 son coach Beno\u00eet Pansier pour la 3e saison cons\u00e9cutive. Hormis le d\u00e9part de <strong>Chergui Hicham <\/strong>(18 buts en 2 saisons), le BF s\u2019est \u00e9toff\u00e9 cette saison avec<strong> 12 recrues<\/strong> et l&rsquo;objectif de doubler, voire tripler les postes afin de mettre de la concurrence dans l&rsquo;effectif&#8230; Et l\u2019entra\u00eeneur <strong>Benoit Pansier <\/strong>qui \u00ab\u00a0<em>se verrait bien plut\u00f4t \u00e0 la lutte pour les premi\u00e8res places cette saison\u00a0\u00bb<\/em> dans l&rsquo;Est R\u00e9publicain.<\/p>\n\n\n\n<p>7e la saison pass\u00e9e, les bisontins jouent la victoire ou rien cette saison avec 3 victoires contre le cador <strong>Jura Dolois<\/strong>, le promu <strong>Vesoul <\/strong>et l&rsquo;ex dauphin <strong>Pontarlier <\/strong>et mais 3 d\u00e9faites contre l&rsquo;ex N2 <strong>Moulins-Yzeure<\/strong>, la r\u00e9serve pro <strong>Dijon B <\/strong>ou l&rsquo;un des favoris <strong>Rumilly<\/strong>&#8230; Des prestations en dents de scie dans ce championnat ultra serr\u00e9 qui permettent aux doubistes de pointer \u00e0 la 6e place avec 9 points (3V, 3D) \u00e0 3 points de la zone rouge et 3 points du leader dijonnais !<\/p>\n\n\n\n<p>Mais seul 1 point d&rsquo;\u00e9cart s\u00e9pare les 2 \u00e9quipes qui ambitionnent de jouer les premi\u00e8res places !<\/p>\n\n\n\n<p><em>Site internet du Besan\u00e7on Foot<\/em> : <a href=\"https:\/\/www.besanconfoot.com\/\">www.besanconfoot.com<\/a><\/p>\n\n\n\n<div style=\"height:70px\" aria-hidden=\"true\" class=\"wp-block-spacer\"><\/div>\n\n\n\n<h3 class=\"wp-block-heading\">\ud83d\udce3 <em><strong>La d\u00e9cla&rsquo;<\/strong><\/em><\/h3>\n\n\n\n<blockquote class=\"wp-block-quote is-layout-flow wp-block-quote-is-layout-flow\">\n<p><em><em>\u00ab<\/em><\/em> <em>Besan\u00e7on Foot est une \u00e9quipe que l&rsquo;on connait bien et que l\u2019on redoute, c\u2019est une \u00e9quipe constitu\u00e9e de bons joueurs qui met beaucoup d\u2019intensit\u00e9 dans le jeu et dans les duels. On s\u2019attend \u00e0 un match tr\u00e8s tr\u00e8s difficile dans ce championnat tr\u00e8s serr\u00e9. <em>\u00bb\u00a0 \u00a0\u00a0<\/em><\/em><\/p>\n<cite><strong><em>Philippe CORREIA (entraineur)<\/em><\/strong><\/cite><\/blockquote>\n\n\n\n<div style=\"height:70px\" aria-hidden=\"true\" class=\"wp-block-spacer\"><\/div>\n\n\n\n<h3 class=\"wp-block-heading\">\ud83d\udfe1\ud83d\udd35 <em><strong>Le FC Gueugnon<\/strong><\/em><\/h3>\n\n\n\n<p>Seconds au championnat avec 10 points dans la musette&#8230; Et apr\u00e8s de belles prestations en coupe face \u00e0 l&rsquo;ancien leader <strong>Louhans-Cuiseaux <\/strong>malgr\u00e9 la d\u00e9faite avant de rebondir dans un match solide lors de sa victoire contre l\u2019<strong>ASPTT Dijon<\/strong> (revivre <a href=\"https:\/\/www.fcgueugnon.fr\/site\/tag\/resultat\">les apr\u00e8s-match<\/a>). On a vu des forgerons qui se nourrissent des enseignements des matchs pr\u00e9c\u00e9dents pour s\u2019am\u00e9liorer \u00e0 chaque matchs.<\/p>\n\n\n\n<p><strong>Ne rien laisser au hasard&#8230;<\/strong> C&rsquo;est ce dont s&rsquo;assure Gueugnon qui a jou\u00e9 une rencontre amicale probante le week-end dernier \u00e0 Jean Laville contre la r\u00e9serve de l&rsquo;<strong>Olympique Lyonnais <\/strong>(1-2) avec une large revue d\u2019effectif, 2 \u00e9quipes diff\u00e9rentes \u00e0 chaque mi-temps et un <strong>Mohamed Diaby <\/strong>r\u00e9duisant le score en toute fin de match.<\/p>\n\n\n\n<p>Et si le FCG n\u2019a pris que 5 buts (meilleure d\u00e9fense) et a marqu\u00e9 10 buts (2e attaque), les jaunes et bleus auront fort \u00e0 faire face \u00e0 un t\u00f4lier du groupe plut\u00f4t similaire en terme statistiques&#8230;. Mais le foot n&rsquo;est pas un science exacte et les joueurs accompagn\u00e9s de leurs supporters devront r\u00e9pondre pr\u00e9sents ce <strong>dimanche \u00e0 15h00 <\/strong>\u00e0 L\u00e9o Lagrange ! <\/p>\n\n\n\n<div style=\"height:70px\" aria-hidden=\"true\" class=\"wp-block-spacer\"><\/div>\n\n\n\n<hr class=\"wp-block-separator has-text-color has-css-opacity has-background is-style-default\" style=\"background-color:#f7db4a;color:#f7db4a\"\/>\n\n\n\n<div style=\"height:30px\" aria-hidden=\"true\" class=\"wp-block-spacer\"><\/div>\n\n\n\n<div class=\"wp-block-media-text alignwide is-stacked-on-mobile is-vertically-aligned-center is-style-default\" style=\"grid-template-columns:49% auto\"><figure class=\"wp-block-media-text__media\"><img loading=\"lazy\" decoding=\"async\" width=\"1024\" height=\"538\" src=\"https:\/\/www.fcgueugnon.fr\/site\/wp-content\/uploads\/2022\/08\/post-facebook-FCG-1024x538.png\" alt=\"\" class=\"wp-image-930 size-full\" srcset=\"https:\/\/www.fcgueugnon.fr\/site\/wp-content\/uploads\/2022\/08\/post-facebook-FCG-1024x538.png 1024w, https:\/\/www.fcgueugnon.fr\/site\/wp-content\/uploads\/2022\/08\/post-facebook-FCG-400x210.png 400w, https:\/\/www.fcgueugnon.fr\/site\/wp-content\/uploads\/2022\/08\/post-facebook-FCG-768x403.png 768w, https:\/\/www.fcgueugnon.fr\/site\/wp-content\/uploads\/2022\/08\/post-facebook-FCG.png 1200w\" sizes=\"auto, (max-width: 1024px) 100vw, 1024px\" \/><\/figure><div class=\"wp-block-media-text__content\">\n<h2 class=\"wp-block-heading\">C&rsquo;est en covoiturant qu&rsquo;on devient Forgeron ! <\/h2>\n\n\n\n<div style=\"height:10px\" aria-hidden=\"true\" class=\"wp-block-spacer\"><\/div>\n\n\n\n<p><strong>Rendez-vous sur l&rsquo;application et le site internet de StadiumGO pour proposer et trouver votre trajet pour vous rendre \u00e0 Gueugnon !<\/strong><\/p>\n\n\n\n<div class=\"wp-block-buttons is-layout-flex wp-block-buttons-is-layout-flex\">\n<div class=\"wp-block-button aligncenter is-style-circular\"><a class=\"wp-block-button__link wp-element-button\" href=\"https:\/\/www.stadiumgo.fr\/liste-matchs?search=1&amp;club=gueugnon&amp;league=\">StadiumGO<\/a><\/div>\n<\/div>\n<\/div><\/div>\n\n\n\n<div style=\"height:30px\" aria-hidden=\"true\" class=\"wp-block-spacer\"><\/div>\n\n\n\n<hr class=\"wp-block-separator has-text-color has-css-opacity has-background is-style-default\" style=\"background-color:#f7db4a;color:#f7db4a\"\/>\n\n\n\n<h3 class=\"wp-block-heading\">\u26bd <strong><em>La fiche<\/em><\/strong><\/h3>\n\n\n\n<h4 class=\"wp-block-heading\"><b>NIVEAU NATIONAL : F\u00c9D\u00c9RATION&nbsp;FRAN\u00c7AISE&nbsp;DE FOOTBALL<\/b><br><strong><b>NATIONAL 3 &#8211; J<\/b>07<\/strong><br>Dimanche 05 Novembre 2023 &#8211; 15H00<br>BESAN\u00c7ON FOOT \/ FC GUEUGNON <\/h4>\n\n\n\n<p><strong>TERRAIN<\/strong><br>STADE L\u00c9O LAGRANGE <br>AVENUE LEO LAGRANGE<br>25000 &#8211; BESANCON<\/p>\n\n\n\n<p><strong>SURFACE DE JEU<\/strong><br>Pelouse naturelle<\/p>\n\n\n\n<p><strong>OFFICIELS<\/strong><br>Arbitre centre : BENJAMIN MOUSTIER<br>Arbitre assistant 1 : YUKSEL YURDAKON<br>Arbitre assistant 2 : MIMOUN EL BOUAYADI<br>D\u00e9l\u00e9gu\u00e9 principal : MESSAOUD BOUTEFFAS<\/p>\n\n\n\n<div style=\"height:50px\" aria-hidden=\"true\" class=\"wp-block-spacer\"><\/div>\n\n\n\n<h3 class=\"wp-block-heading\"><strong>Groupe<\/strong><br>A suivre sur nos r\u00e9seau sociaux apr\u00e8s le dernier entrainement<\/h3>\n\n\n\n<div style=\"height:50px\" aria-hidden=\"true\" class=\"wp-block-spacer\"><\/div>\n\n\n\n<h3 class=\"wp-block-heading\">\ud83d\uddd3 <strong>La 7e journ\u00e9e de N3<\/strong><\/h3>\n\n\n\n<p>Samedi 04 Novembre<br>18:00 : Jura Dolois &#8211; FC Vesoul<br>18:00 : UCS Cosne &#8211; Dijon FCO B<br>18:00 : Louhans-Cuiseaux &#8211; Rumilly-Valli\u00e8res<br>18:00 : Is-Selongey &#8211; CA Pontarlier<br>19:00 : ASPTT Dijon &#8211; Sochaux-Montb\u00e9liard B<br>19:00 : La Chapelle de Guinchay &#8211; Moulins-Yzeure Foot<\/p>\n\n\n\n<p>Dimanche 05 Novembre<br>15:00 : Besan\u00e7on Foot &#8211; FC Gueugnon<br><\/p>\n\n\n\n<div style=\"height:100px\" aria-hidden=\"true\" class=\"wp-block-spacer\"><\/div>\n","protected":false},"excerpt":{"rendered":"<p>1 point s\u00e9pare des forgerons et des bisontins qui ambitionnent de jouer les premiers r\u00f4les dans ce championnat resserr\u00e9 ! \ud83c\udd9a L&rsquo;adversaire : Besan\u00e7on Foot \u00c9quipe de r\u00e9f\u00e9rence en N3 ayant jou\u00e9 la stabilit\u00e9 cette saison, le Besan\u00e7on Foot a fait confiance \u00e0 son coach Beno\u00eet Pansier pour la 3e saison cons\u00e9cutive. Hormis le d\u00e9part &#8230; <\/p>\n<p class=\"read-more-container\"><a title=\"[N3 J07 : Besan\u00e7on Foot &#8211; FC Gueugnon] Le Dimanche \u00e0 Besan\u00e7on, c&rsquo;est le jour de match !\" class=\"read-more button\" href=\"https:\/\/www.fcgueugnon.fr\/site\/n3-j07-besancon-foot-fc-gueugnon-le-dimanche-a-besancon-cest-le-jour-de-match\/7149#more-7149\" aria-label=\"Plus sur [N3 J07 : Besan\u00e7on Foot &#8211; FC Gueugnon] Le Dimanche \u00e0 Besan\u00e7on, c&rsquo;est le jour de match !\">Lire la suite<\/a><\/p>\n","protected":false},"author":1,"featured_media":7150,"comment_status":"closed","ping_status":"closed","sticky":false,"template":"","format":"standard","meta":{"footnotes":""},"categories":[4,55],"tags":[28],"class_list":["post-7149","post","type-post","status-publish","format-standard","has-post-thumbnail","hentry","category-news","category-news-2023-2024","tag-avant-match","infinite-scroll-item","generate-columns","tablet-grid-50","mobile-grid-100","grid-parent","grid-25","resize-featured-image"],"yoast_head":"<!-- This site is optimized with the Yoast SEO plugin v26.6 - https:\/\/yoast.com\/wordpress\/plugins\/seo\/ -->\n<title>[N3 J07 : Besan\u00e7on Foot - FC Gueugnon] Le Dimanche \u00e0 Besan\u00e7on, c&#039;est le jour de match ! &#8226; FOOTBALL CLUB GUEUGNON<\/title>\n<meta name=\"robots\" content=\"index, follow, max-snippet:-1, max-image-preview:large, max-video-preview:-1\" \/>\n<link rel=\"canonical\" href=\"https:\/\/www.fcgueugnon.fr\/site\/n3-j07-besancon-foot-fc-gueugnon-le-dimanche-a-besancon-cest-le-jour-de-match\/7149\" \/>\n<meta property=\"og:locale\" content=\"fr_FR\" \/>\n<meta property=\"og:type\" content=\"article\" \/>\n<meta property=\"og:title\" content=\"[N3 J07 : Besan\u00e7on Foot - FC Gueugnon] Le Dimanche \u00e0 Besan\u00e7on, c&#039;est le jour de match ! &#8226; FOOTBALL CLUB GUEUGNON\" \/>\n<meta property=\"og:description\" content=\"1 point s\u00e9pare des forgerons et des bisontins qui ambitionnent de jouer les premiers r\u00f4les dans ce championnat resserr\u00e9 ! \ud83c\udd9a L&rsquo;adversaire : Besan\u00e7on Foot \u00c9quipe de r\u00e9f\u00e9rence en N3 ayant jou\u00e9 la stabilit\u00e9 cette saison, le Besan\u00e7on Foot a fait confiance \u00e0 son coach Beno\u00eet Pansier pour la 3e saison cons\u00e9cutive. Hormis le d\u00e9part ... Lire la suite\" \/>\n<meta property=\"og:url\" content=\"https:\/\/www.fcgueugnon.fr\/site\/n3-j07-besancon-foot-fc-gueugnon-le-dimanche-a-besancon-cest-le-jour-de-match\/7149\" \/>\n<meta property=\"og:site_name\" content=\"FOOTBALL CLUB GUEUGNON\" \/>\n<meta property=\"article:publisher\" content=\"http:\/\/facebook.com\/FCGueugnon\" \/>\n<meta property=\"article:published_time\" content=\"2023-11-03T08:05:00+00:00\" \/>\n<meta property=\"article:modified_time\" content=\"2024-10-07T09:20:08+00:00\" \/>\n<meta property=\"og:image\" content=\"https:\/\/www.fcgueugnon.fr\/site\/wp-content\/uploads\/2023\/10\/avant-match-besancon-foot-fc-gueugnon-1024x576.png\" \/>\n\t<meta property=\"og:image:width\" content=\"1024\" \/>\n\t<meta property=\"og:image:height\" content=\"576\" \/>\n\t<meta property=\"og:image:type\" content=\"image\/png\" \/>\n<meta name=\"author\" content=\"FC Gueugnon\" \/>\n<meta name=\"twitter:card\" content=\"summary_large_image\" \/>\n<meta name=\"twitter:creator\" content=\"@FCGueugnon_off\" \/>\n<meta name=\"twitter:site\" content=\"@FCGueugnon_off\" \/>\n<meta name=\"twitter:label1\" content=\"\u00c9crit par\" \/>\n\t<meta name=\"twitter:data1\" content=\"FC Gueugnon\" \/>\n\t<meta name=\"twitter:label2\" content=\"Dur\u00e9e de lecture estim\u00e9e\" \/>\n\t<meta name=\"twitter:data2\" content=\"4 minutes\" \/>\n<script type=\"application\/ld+json\" class=\"yoast-schema-graph\">{\"@context\":\"https:\/\/schema.org\",\"@graph\":[{\"@type\":\"Article\",\"@id\":\"https:\/\/www.fcgueugnon.fr\/site\/n3-j07-besancon-foot-fc-gueugnon-le-dimanche-a-besancon-cest-le-jour-de-match\/7149#article\",\"isPartOf\":{\"@id\":\"https:\/\/www.fcgueugnon.fr\/site\/n3-j07-besancon-foot-fc-gueugnon-le-dimanche-a-besancon-cest-le-jour-de-match\/7149\"},\"author\":{\"name\":\"FC Gueugnon\",\"@id\":\"https:\/\/www.fcgueugnon.fr\/site\/#\/schema\/person\/f6444fbdd35fa731ee974c03508738fb\"},\"headline\":\"[N3 J07 : Besan\u00e7on Foot &#8211; FC Gueugnon] Le Dimanche \u00e0 Besan\u00e7on, c&rsquo;est le jour de match !\",\"datePublished\":\"2023-11-03T08:05:00+00:00\",\"dateModified\":\"2024-10-07T09:20:08+00:00\",\"mainEntityOfPage\":{\"@id\":\"https:\/\/www.fcgueugnon.fr\/site\/n3-j07-besancon-foot-fc-gueugnon-le-dimanche-a-besancon-cest-le-jour-de-match\/7149\"},\"wordCount\":643,\"publisher\":{\"@id\":\"https:\/\/www.fcgueugnon.fr\/site\/#organization\"},\"image\":{\"@id\":\"https:\/\/www.fcgueugnon.fr\/site\/n3-j07-besancon-foot-fc-gueugnon-le-dimanche-a-besancon-cest-le-jour-de-match\/7149#primaryimage\"},\"thumbnailUrl\":\"https:\/\/www.fcgueugnon.fr\/site\/wp-content\/uploads\/2023\/10\/avant-match-besancon-foot-fc-gueugnon.png\",\"keywords\":[\"Avant-match\"],\"articleSection\":[\"News\",\"News 2023\/2024\"],\"inLanguage\":\"fr-FR\"},{\"@type\":\"WebPage\",\"@id\":\"https:\/\/www.fcgueugnon.fr\/site\/n3-j07-besancon-foot-fc-gueugnon-le-dimanche-a-besancon-cest-le-jour-de-match\/7149\",\"url\":\"https:\/\/www.fcgueugnon.fr\/site\/n3-j07-besancon-foot-fc-gueugnon-le-dimanche-a-besancon-cest-le-jour-de-match\/7149\",\"name\":\"[N3 J07 : Besan\u00e7on Foot - FC Gueugnon] Le Dimanche \u00e0 Besan\u00e7on, c'est le jour de match ! &#8226; FOOTBALL CLUB GUEUGNON\",\"isPartOf\":{\"@id\":\"https:\/\/www.fcgueugnon.fr\/site\/#website\"},\"primaryImageOfPage\":{\"@id\":\"https:\/\/www.fcgueugnon.fr\/site\/n3-j07-besancon-foot-fc-gueugnon-le-dimanche-a-besancon-cest-le-jour-de-match\/7149#primaryimage\"},\"image\":{\"@id\":\"https:\/\/www.fcgueugnon.fr\/site\/n3-j07-besancon-foot-fc-gueugnon-le-dimanche-a-besancon-cest-le-jour-de-match\/7149#primaryimage\"},\"thumbnailUrl\":\"https:\/\/www.fcgueugnon.fr\/site\/wp-content\/uploads\/2023\/10\/avant-match-besancon-foot-fc-gueugnon.png\",\"datePublished\":\"2023-11-03T08:05:00+00:00\",\"dateModified\":\"2024-10-07T09:20:08+00:00\",\"breadcrumb\":{\"@id\":\"https:\/\/www.fcgueugnon.fr\/site\/n3-j07-besancon-foot-fc-gueugnon-le-dimanche-a-besancon-cest-le-jour-de-match\/7149#breadcrumb\"},\"inLanguage\":\"fr-FR\",\"potentialAction\":[{\"@type\":\"ReadAction\",\"target\":[\"https:\/\/www.fcgueugnon.fr\/site\/n3-j07-besancon-foot-fc-gueugnon-le-dimanche-a-besancon-cest-le-jour-de-match\/7149\"]}]},{\"@type\":\"ImageObject\",\"inLanguage\":\"fr-FR\",\"@id\":\"https:\/\/www.fcgueugnon.fr\/site\/n3-j07-besancon-foot-fc-gueugnon-le-dimanche-a-besancon-cest-le-jour-de-match\/7149#primaryimage\",\"url\":\"https:\/\/www.fcgueugnon.fr\/site\/wp-content\/uploads\/2023\/10\/avant-match-besancon-foot-fc-gueugnon.png\",\"contentUrl\":\"https:\/\/www.fcgueugnon.fr\/site\/wp-content\/uploads\/2023\/10\/avant-match-besancon-foot-fc-gueugnon.png\",\"width\":1920,\"height\":1080},{\"@type\":\"BreadcrumbList\",\"@id\":\"https:\/\/www.fcgueugnon.fr\/site\/n3-j07-besancon-foot-fc-gueugnon-le-dimanche-a-besancon-cest-le-jour-de-match\/7149#breadcrumb\",\"itemListElement\":[{\"@type\":\"ListItem\",\"position\":1,\"name\":\"Accueil\",\"item\":\"https:\/\/www.fcgueugnon.fr\/site\/\"},{\"@type\":\"ListItem\",\"position\":2,\"name\":\"[N3 J07 : Besan\u00e7on Foot &#8211; FC Gueugnon] Le Dimanche \u00e0 Besan\u00e7on, c&rsquo;est le jour de match !\"}]},{\"@type\":\"WebSite\",\"@id\":\"https:\/\/www.fcgueugnon.fr\/site\/#website\",\"url\":\"https:\/\/www.fcgueugnon.fr\/site\/\",\"name\":\"FOOTBALL CLUB GUEUGNON\",\"description\":\"Le Site Officiel des Forgerons\",\"publisher\":{\"@id\":\"https:\/\/www.fcgueugnon.fr\/site\/#organization\"},\"potentialAction\":[{\"@type\":\"SearchAction\",\"target\":{\"@type\":\"EntryPoint\",\"urlTemplate\":\"https:\/\/www.fcgueugnon.fr\/site\/?s={search_term_string}\"},\"query-input\":{\"@type\":\"PropertyValueSpecification\",\"valueRequired\":true,\"valueName\":\"search_term_string\"}}],\"inLanguage\":\"fr-FR\"},{\"@type\":\"Organization\",\"@id\":\"https:\/\/www.fcgueugnon.fr\/site\/#organization\",\"name\":\"FC Gueugnon\",\"url\":\"https:\/\/www.fcgueugnon.fr\/site\/\",\"logo\":{\"@type\":\"ImageObject\",\"inLanguage\":\"fr-FR\",\"@id\":\"https:\/\/www.fcgueugnon.fr\/site\/#\/schema\/logo\/image\/\",\"url\":\"https:\/\/www.fcgueugnon.fr\/site\/wp-content\/uploads\/2022\/07\/cropped-Logo-FCGUEUGNON-low-350x350-1.png\",\"contentUrl\":\"https:\/\/www.fcgueugnon.fr\/site\/wp-content\/uploads\/2022\/07\/cropped-Logo-FCGUEUGNON-low-350x350-1.png\",\"width\":350,\"height\":350,\"caption\":\"FC Gueugnon\"},\"image\":{\"@id\":\"https:\/\/www.fcgueugnon.fr\/site\/#\/schema\/logo\/image\/\"},\"sameAs\":[\"http:\/\/facebook.com\/FCGueugnon\",\"https:\/\/x.com\/FCGueugnon_off\",\"https:\/\/www.instagram.com\/fcgueugnon\/\",\"https:\/\/www.linkedin.com\/company\/football-club-de-gueugnon\/\",\"https:\/\/www.youtube.com\/user\/FCGueugnonnais\",\"https:\/\/fr.wikipedia.org\/wiki\/Football_Club_de_Gueugnon\"]},{\"@type\":\"Person\",\"@id\":\"https:\/\/www.fcgueugnon.fr\/site\/#\/schema\/person\/f6444fbdd35fa731ee974c03508738fb\",\"name\":\"FC Gueugnon\",\"sameAs\":[\"https:\/\/www.fcgueugnon.fr\/site\"],\"url\":\"https:\/\/www.fcgueugnon.fr\/site\/author\/admin-antho\"}]}<\/script>\n<!-- \/ Yoast SEO plugin. -->","yoast_head_json":{"title":"[N3 J07 : Besan\u00e7on Foot - FC Gueugnon] Le Dimanche \u00e0 Besan\u00e7on, c'est le jour de match ! &#8226; FOOTBALL CLUB GUEUGNON","robots":{"index":"index","follow":"follow","max-snippet":"max-snippet:-1","max-image-preview":"max-image-preview:large","max-video-preview":"max-video-preview:-1"},"canonical":"https:\/\/www.fcgueugnon.fr\/site\/n3-j07-besancon-foot-fc-gueugnon-le-dimanche-a-besancon-cest-le-jour-de-match\/7149","og_locale":"fr_FR","og_type":"article","og_title":"[N3 J07 : Besan\u00e7on Foot - FC Gueugnon] Le Dimanche \u00e0 Besan\u00e7on, c'est le jour de match ! &#8226; FOOTBALL CLUB GUEUGNON","og_description":"1 point s\u00e9pare des forgerons et des bisontins qui ambitionnent de jouer les premiers r\u00f4les dans ce championnat resserr\u00e9 ! \ud83c\udd9a L&rsquo;adversaire : Besan\u00e7on Foot \u00c9quipe de r\u00e9f\u00e9rence en N3 ayant jou\u00e9 la stabilit\u00e9 cette saison, le Besan\u00e7on Foot a fait confiance \u00e0 son coach Beno\u00eet Pansier pour la 3e saison cons\u00e9cutive. Hormis le d\u00e9part ... Lire la suite","og_url":"https:\/\/www.fcgueugnon.fr\/site\/n3-j07-besancon-foot-fc-gueugnon-le-dimanche-a-besancon-cest-le-jour-de-match\/7149","og_site_name":"FOOTBALL CLUB GUEUGNON","article_publisher":"http:\/\/facebook.com\/FCGueugnon","article_published_time":"2023-11-03T08:05:00+00:00","article_modified_time":"2024-10-07T09:20:08+00:00","og_image":[{"width":1024,"height":576,"url":"https:\/\/www.fcgueugnon.fr\/site\/wp-content\/uploads\/2023\/10\/avant-match-besancon-foot-fc-gueugnon-1024x576.png","type":"image\/png"}],"author":"FC Gueugnon","twitter_card":"summary_large_image","twitter_creator":"@FCGueugnon_off","twitter_site":"@FCGueugnon_off","twitter_misc":{"\u00c9crit par":"FC Gueugnon","Dur\u00e9e de lecture estim\u00e9e":"4 minutes"},"schema":{"@context":"https:\/\/schema.org","@graph":[{"@type":"Article","@id":"https:\/\/www.fcgueugnon.fr\/site\/n3-j07-besancon-foot-fc-gueugnon-le-dimanche-a-besancon-cest-le-jour-de-match\/7149#article","isPartOf":{"@id":"https:\/\/www.fcgueugnon.fr\/site\/n3-j07-besancon-foot-fc-gueugnon-le-dimanche-a-besancon-cest-le-jour-de-match\/7149"},"author":{"name":"FC Gueugnon","@id":"https:\/\/www.fcgueugnon.fr\/site\/#\/schema\/person\/f6444fbdd35fa731ee974c03508738fb"},"headline":"[N3 J07 : Besan\u00e7on Foot &#8211; FC Gueugnon] Le Dimanche \u00e0 Besan\u00e7on, c&rsquo;est le jour de match !","datePublished":"2023-11-03T08:05:00+00:00","dateModified":"2024-10-07T09:20:08+00:00","mainEntityOfPage":{"@id":"https:\/\/www.fcgueugnon.fr\/site\/n3-j07-besancon-foot-fc-gueugnon-le-dimanche-a-besancon-cest-le-jour-de-match\/7149"},"wordCount":643,"publisher":{"@id":"https:\/\/www.fcgueugnon.fr\/site\/#organization"},"image":{"@id":"https:\/\/www.fcgueugnon.fr\/site\/n3-j07-besancon-foot-fc-gueugnon-le-dimanche-a-besancon-cest-le-jour-de-match\/7149#primaryimage"},"thumbnailUrl":"https:\/\/www.fcgueugnon.fr\/site\/wp-content\/uploads\/2023\/10\/avant-match-besancon-foot-fc-gueugnon.png","keywords":["Avant-match"],"articleSection":["News","News 2023\/2024"],"inLanguage":"fr-FR"},{"@type":"WebPage","@id":"https:\/\/www.fcgueugnon.fr\/site\/n3-j07-besancon-foot-fc-gueugnon-le-dimanche-a-besancon-cest-le-jour-de-match\/7149","url":"https:\/\/www.fcgueugnon.fr\/site\/n3-j07-besancon-foot-fc-gueugnon-le-dimanche-a-besancon-cest-le-jour-de-match\/7149","name":"[N3 J07 : Besan\u00e7on Foot - FC Gueugnon] Le Dimanche \u00e0 Besan\u00e7on, c'est le jour de match ! &#8226; FOOTBALL CLUB GUEUGNON","isPartOf":{"@id":"https:\/\/www.fcgueugnon.fr\/site\/#website"},"primaryImageOfPage":{"@id":"https:\/\/www.fcgueugnon.fr\/site\/n3-j07-besancon-foot-fc-gueugnon-le-dimanche-a-besancon-cest-le-jour-de-match\/7149#primaryimage"},"image":{"@id":"https:\/\/www.fcgueugnon.fr\/site\/n3-j07-besancon-foot-fc-gueugnon-le-dimanche-a-besancon-cest-le-jour-de-match\/7149#primaryimage"},"thumbnailUrl":"https:\/\/www.fcgueugnon.fr\/site\/wp-content\/uploads\/2023\/10\/avant-match-besancon-foot-fc-gueugnon.png","datePublished":"2023-11-03T08:05:00+00:00","dateModified":"2024-10-07T09:20:08+00:00","breadcrumb":{"@id":"https:\/\/www.fcgueugnon.fr\/site\/n3-j07-besancon-foot-fc-gueugnon-le-dimanche-a-besancon-cest-le-jour-de-match\/7149#breadcrumb"},"inLanguage":"fr-FR","potentialAction":[{"@type":"ReadAction","target":["https:\/\/www.fcgueugnon.fr\/site\/n3-j07-besancon-foot-fc-gueugnon-le-dimanche-a-besancon-cest-le-jour-de-match\/7149"]}]},{"@type":"ImageObject","inLanguage":"fr-FR","@id":"https:\/\/www.fcgueugnon.fr\/site\/n3-j07-besancon-foot-fc-gueugnon-le-dimanche-a-besancon-cest-le-jour-de-match\/7149#primaryimage","url":"https:\/\/www.fcgueugnon.fr\/site\/wp-content\/uploads\/2023\/10\/avant-match-besancon-foot-fc-gueugnon.png","contentUrl":"https:\/\/www.fcgueugnon.fr\/site\/wp-content\/uploads\/2023\/10\/avant-match-besancon-foot-fc-gueugnon.png","width":1920,"height":1080},{"@type":"BreadcrumbList","@id":"https:\/\/www.fcgueugnon.fr\/site\/n3-j07-besancon-foot-fc-gueugnon-le-dimanche-a-besancon-cest-le-jour-de-match\/7149#breadcrumb","itemListElement":[{"@type":"ListItem","position":1,"name":"Accueil","item":"https:\/\/www.fcgueugnon.fr\/site\/"},{"@type":"ListItem","position":2,"name":"[N3 J07 : Besan\u00e7on Foot &#8211; FC Gueugnon] Le Dimanche \u00e0 Besan\u00e7on, c&rsquo;est le jour de match !"}]},{"@type":"WebSite","@id":"https:\/\/www.fcgueugnon.fr\/site\/#website","url":"https:\/\/www.fcgueugnon.fr\/site\/","name":"FOOTBALL CLUB GUEUGNON","description":"Le Site Officiel des Forgerons","publisher":{"@id":"https:\/\/www.fcgueugnon.fr\/site\/#organization"},"potentialAction":[{"@type":"SearchAction","target":{"@type":"EntryPoint","urlTemplate":"https:\/\/www.fcgueugnon.fr\/site\/?s={search_term_string}"},"query-input":{"@type":"PropertyValueSpecification","valueRequired":true,"valueName":"search_term_string"}}],"inLanguage":"fr-FR"},{"@type":"Organization","@id":"https:\/\/www.fcgueugnon.fr\/site\/#organization","name":"FC Gueugnon","url":"https:\/\/www.fcgueugnon.fr\/site\/","logo":{"@type":"ImageObject","inLanguage":"fr-FR","@id":"https:\/\/www.fcgueugnon.fr\/site\/#\/schema\/logo\/image\/","url":"https:\/\/www.fcgueugnon.fr\/site\/wp-content\/uploads\/2022\/07\/cropped-Logo-FCGUEUGNON-low-350x350-1.png","contentUrl":"https:\/\/www.fcgueugnon.fr\/site\/wp-content\/uploads\/2022\/07\/cropped-Logo-FCGUEUGNON-low-350x350-1.png","width":350,"height":350,"caption":"FC Gueugnon"},"image":{"@id":"https:\/\/www.fcgueugnon.fr\/site\/#\/schema\/logo\/image\/"},"sameAs":["http:\/\/facebook.com\/FCGueugnon","https:\/\/x.com\/FCGueugnon_off","https:\/\/www.instagram.com\/fcgueugnon\/","https:\/\/www.linkedin.com\/company\/football-club-de-gueugnon\/","https:\/\/www.youtube.com\/user\/FCGueugnonnais","https:\/\/fr.wikipedia.org\/wiki\/Football_Club_de_Gueugnon"]},{"@type":"Person","@id":"https:\/\/www.fcgueugnon.fr\/site\/#\/schema\/person\/f6444fbdd35fa731ee974c03508738fb","name":"FC Gueugnon","sameAs":["https:\/\/www.fcgueugnon.fr\/site"],"url":"https:\/\/www.fcgueugnon.fr\/site\/author\/admin-antho"}]}},"rttpg_featured_image_url":{"full":["https:\/\/www.fcgueugnon.fr\/site\/wp-content\/uploads\/2023\/10\/avant-match-besancon-foot-fc-gueugnon.png",1920,1080,false],"landscape":["https:\/\/www.fcgueugnon.fr\/site\/wp-content\/uploads\/2023\/10\/avant-match-besancon-foot-fc-gueugnon.png",1920,1080,false],"portraits":["https:\/\/www.fcgueugnon.fr\/site\/wp-content\/uploads\/2023\/10\/avant-match-besancon-foot-fc-gueugnon.png",1920,1080,false],"thumbnail":["https:\/\/www.fcgueugnon.fr\/site\/wp-content\/uploads\/2023\/10\/avant-match-besancon-foot-fc-gueugnon-150x150.png",150,150,true],"medium":["https:\/\/www.fcgueugnon.fr\/site\/wp-content\/uploads\/2023\/10\/avant-match-besancon-foot-fc-gueugnon-400x225.png",400,225,true],"large":["https:\/\/www.fcgueugnon.fr\/site\/wp-content\/uploads\/2023\/10\/avant-match-besancon-foot-fc-gueugnon-1024x576.png",1024,576,true],"1536x1536":["https:\/\/www.fcgueugnon.fr\/site\/wp-content\/uploads\/2023\/10\/avant-match-besancon-foot-fc-gueugnon-1536x864.png",1536,864,true],"2048x2048":["https:\/\/www.fcgueugnon.fr\/site\/wp-content\/uploads\/2023\/10\/avant-match-besancon-foot-fc-gueugnon.png",1920,1080,false]},"rttpg_author":{"display_name":"FC Gueugnon","author_link":"https:\/\/www.fcgueugnon.fr\/site\/author\/admin-antho"},"rttpg_comment":0,"rttpg_category":"<a href=\"https:\/\/www.fcgueugnon.fr\/site\/category\/news\" rel=\"category tag\">News<\/a> <a href=\"https:\/\/www.fcgueugnon.fr\/site\/category\/news\/news-2023-2024\" rel=\"category tag\">News 2023\/2024<\/a>","rttpg_excerpt":"1 point s\u00e9pare des forgerons et des bisontins qui ambitionnent de jouer les premiers r\u00f4les dans ce championnat resserr\u00e9 ! \ud83c\udd9a L&rsquo;adversaire : Besan\u00e7on Foot \u00c9quipe de r\u00e9f\u00e9rence en N3 ayant jou\u00e9 la stabilit\u00e9 cette saison, le Besan\u00e7on Foot a fait confiance \u00e0 son coach Beno\u00eet Pansier pour la 3e saison cons\u00e9cutive. Hormis le d\u00e9part\u2026","_links":{"self":[{"href":"https:\/\/www.fcgueugnon.fr\/site\/wp-json\/wp\/v2\/posts\/7149","targetHints":{"allow":["GET"]}}],"collection":[{"href":"https:\/\/www.fcgueugnon.fr\/site\/wp-json\/wp\/v2\/posts"}],"about":[{"href":"https:\/\/www.fcgueugnon.fr\/site\/wp-json\/wp\/v2\/types\/post"}],"author":[{"embeddable":true,"href":"https:\/\/www.fcgueugnon.fr\/site\/wp-json\/wp\/v2\/users\/1"}],"replies":[{"embeddable":true,"href":"https:\/\/www.fcgueugnon.fr\/site\/wp-json\/wp\/v2\/comments?post=7149"}],"version-history":[{"count":5,"href":"https:\/\/www.fcgueugnon.fr\/site\/wp-json\/wp\/v2\/posts\/7149\/revisions"}],"predecessor-version":[{"id":8617,"href":"https:\/\/www.fcgueugnon.fr\/site\/wp-json\/wp\/v2\/posts\/7149\/revisions\/8617"}],"wp:featuredmedia":[{"embeddable":true,"href":"https:\/\/www.fcgueugnon.fr\/site\/wp-json\/wp\/v2\/media\/7150"}],"wp:attachment":[{"href":"https:\/\/www.fcgueugnon.fr\/site\/wp-json\/wp\/v2\/media?parent=7149"}],"wp:term":[{"taxonomy":"category","embeddable":true,"href":"https:\/\/www.fcgueugnon.fr\/site\/wp-json\/wp\/v2\/categories?post=7149"},{"taxonomy":"post_tag","embeddable":true,"href":"https:\/\/www.fcgueugnon.fr\/site\/wp-json\/wp\/v2\/tags?post=7149"}],"curies":[{"name":"wp","href":"https:\/\/api.w.org\/{rel}","templated":true}]}}