{"id":7062,"date":"2023-10-24T11:55:00","date_gmt":"2023-10-24T09:55:00","guid":{"rendered":"https:\/\/www.fcgueugnon.fr\/site\/?p=7062"},"modified":"2024-05-09T09:01:59","modified_gmt":"2024-05-09T07:01:59","slug":"n3-j06-fc-gueugnon-asptt-dijon-les-images-de-la-rencontre","status":"publish","type":"post","link":"https:\/\/www.fcgueugnon.fr\/site\/n3-j06-fc-gueugnon-asptt-dijon-les-images-de-la-rencontre\/7062","title":{"rendered":"[N3 J06 : FC Gueugnon \u2013 ASPTT Dijon] Les images de la rencontre"},"content":{"rendered":"\n<h3 class=\"wp-block-heading\"><strong>Gr\u00e2ce \u00e0 notre photographe Bertrand Poizeau, d\u00e9couvrez les plus belles images de notre rencontre face \u00e0 l&rsquo;ASPTT Dijon (2-0).<\/strong><\/h3>\n\n\n\n<div style=\"height:30px\" aria-hidden=\"true\" class=\"wp-block-spacer\"><\/div>\n\n\n\n<figure class=\"wp-block-coblocks-gallery-masonry masonry-grid has-medium-gutter\">\n<figure class=\"wp-block-image size-large\"><img loading=\"lazy\" decoding=\"async\" width=\"1024\" height=\"683\" src=\"https:\/\/www.fcgueugnon.fr\/site\/wp-content\/uploads\/2023\/10\/FCG-2-0-ASPTT-Dijon-2-1024x683.jpg\" alt=\"Image gallery image\" class=\"wp-image-7064\" srcset=\"https:\/\/www.fcgueugnon.fr\/site\/wp-content\/uploads\/2023\/10\/FCG-2-0-ASPTT-Dijon-2-1024x683.jpg 1024w, https:\/\/www.fcgueugnon.fr\/site\/wp-content\/uploads\/2023\/10\/FCG-2-0-ASPTT-Dijon-2-400x267.jpg 400w, https:\/\/www.fcgueugnon.fr\/site\/wp-content\/uploads\/2023\/10\/FCG-2-0-ASPTT-Dijon-2-768x512.jpg 768w, https:\/\/www.fcgueugnon.fr\/site\/wp-content\/uploads\/2023\/10\/FCG-2-0-ASPTT-Dijon-2-1536x1024.jpg 1536w, https:\/\/www.fcgueugnon.fr\/site\/wp-content\/uploads\/2023\/10\/FCG-2-0-ASPTT-Dijon-2-2048x1365.jpg 2048w, https:\/\/www.fcgueugnon.fr\/site\/wp-content\/uploads\/2023\/10\/FCG-2-0-ASPTT-Dijon-2-1320x880.jpg 1320w, https:\/\/www.fcgueugnon.fr\/site\/wp-content\/uploads\/2023\/10\/FCG-2-0-ASPTT-Dijon-2-600x400.jpg 600w\" sizes=\"auto, (max-width: 1024px) 100vw, 1024px\" \/><\/figure>\n\n\n\n<figure class=\"wp-block-image size-large\"><img loading=\"lazy\" decoding=\"async\" width=\"1024\" height=\"682\" src=\"https:\/\/www.fcgueugnon.fr\/site\/wp-content\/uploads\/2023\/10\/FCG-2-0-ASPTT-Dijon-3-1024x682.jpg\" alt=\"Image gallery image\" class=\"wp-image-7063\" srcset=\"https:\/\/www.fcgueugnon.fr\/site\/wp-content\/uploads\/2023\/10\/FCG-2-0-ASPTT-Dijon-3-1024x682.jpg 1024w, https:\/\/www.fcgueugnon.fr\/site\/wp-content\/uploads\/2023\/10\/FCG-2-0-ASPTT-Dijon-3-400x267.jpg 400w, https:\/\/www.fcgueugnon.fr\/site\/wp-content\/uploads\/2023\/10\/FCG-2-0-ASPTT-Dijon-3-768x512.jpg 768w, https:\/\/www.fcgueugnon.fr\/site\/wp-content\/uploads\/2023\/10\/FCG-2-0-ASPTT-Dijon-3-1536x1024.jpg 1536w, https:\/\/www.fcgueugnon.fr\/site\/wp-content\/uploads\/2023\/10\/FCG-2-0-ASPTT-Dijon-3-2048x1365.jpg 2048w, https:\/\/www.fcgueugnon.fr\/site\/wp-content\/uploads\/2023\/10\/FCG-2-0-ASPTT-Dijon-3-1320x880.jpg 1320w, https:\/\/www.fcgueugnon.fr\/site\/wp-content\/uploads\/2023\/10\/FCG-2-0-ASPTT-Dijon-3-600x400.jpg 600w\" sizes=\"auto, (max-width: 1024px) 100vw, 1024px\" \/><\/figure>\n\n\n\n<figure class=\"wp-block-image size-large\"><img loading=\"lazy\" decoding=\"async\" width=\"1024\" height=\"819\" src=\"https:\/\/www.fcgueugnon.fr\/site\/wp-content\/uploads\/2023\/10\/FCG-2-0-ASPTT-Dijon-4-1024x819.jpg\" alt=\"Image gallery image\" class=\"wp-image-7068\" srcset=\"https:\/\/www.fcgueugnon.fr\/site\/wp-content\/uploads\/2023\/10\/FCG-2-0-ASPTT-Dijon-4-1024x819.jpg 1024w, https:\/\/www.fcgueugnon.fr\/site\/wp-content\/uploads\/2023\/10\/FCG-2-0-ASPTT-Dijon-4-400x320.jpg 400w, https:\/\/www.fcgueugnon.fr\/site\/wp-content\/uploads\/2023\/10\/FCG-2-0-ASPTT-Dijon-4-768x614.jpg 768w, https:\/\/www.fcgueugnon.fr\/site\/wp-content\/uploads\/2023\/10\/FCG-2-0-ASPTT-Dijon-4-1536x1229.jpg 1536w, https:\/\/www.fcgueugnon.fr\/site\/wp-content\/uploads\/2023\/10\/FCG-2-0-ASPTT-Dijon-4-2048x1639.jpg 2048w, https:\/\/www.fcgueugnon.fr\/site\/wp-content\/uploads\/2023\/10\/FCG-2-0-ASPTT-Dijon-4-1320x1056.jpg 1320w, https:\/\/www.fcgueugnon.fr\/site\/wp-content\/uploads\/2023\/10\/FCG-2-0-ASPTT-Dijon-4-600x480.jpg 600w\" sizes=\"auto, (max-width: 1024px) 100vw, 1024px\" \/><\/figure>\n\n\n\n<figure class=\"wp-block-image size-large\"><img loading=\"lazy\" decoding=\"async\" width=\"1024\" height=\"683\" src=\"https:\/\/www.fcgueugnon.fr\/site\/wp-content\/uploads\/2023\/10\/FCG-2-0-ASPTT-Dijon-5-1024x683.jpg\" alt=\"Image gallery image\" class=\"wp-image-7067\" srcset=\"https:\/\/www.fcgueugnon.fr\/site\/wp-content\/uploads\/2023\/10\/FCG-2-0-ASPTT-Dijon-5-1024x683.jpg 1024w, https:\/\/www.fcgueugnon.fr\/site\/wp-content\/uploads\/2023\/10\/FCG-2-0-ASPTT-Dijon-5-400x267.jpg 400w, https:\/\/www.fcgueugnon.fr\/site\/wp-content\/uploads\/2023\/10\/FCG-2-0-ASPTT-Dijon-5-768x512.jpg 768w, https:\/\/www.fcgueugnon.fr\/site\/wp-content\/uploads\/2023\/10\/FCG-2-0-ASPTT-Dijon-5-1536x1024.jpg 1536w, https:\/\/www.fcgueugnon.fr\/site\/wp-content\/uploads\/2023\/10\/FCG-2-0-ASPTT-Dijon-5-2048x1365.jpg 2048w, https:\/\/www.fcgueugnon.fr\/site\/wp-content\/uploads\/2023\/10\/FCG-2-0-ASPTT-Dijon-5-1320x880.jpg 1320w, https:\/\/www.fcgueugnon.fr\/site\/wp-content\/uploads\/2023\/10\/FCG-2-0-ASPTT-Dijon-5-600x400.jpg 600w\" sizes=\"auto, (max-width: 1024px) 100vw, 1024px\" \/><\/figure>\n\n\n\n<figure class=\"wp-block-image size-large\"><img loading=\"lazy\" decoding=\"async\" width=\"1024\" height=\"682\" src=\"https:\/\/www.fcgueugnon.fr\/site\/wp-content\/uploads\/2023\/10\/FCG-2-0-ASPTT-Dijon-6-1024x682.jpg\" alt=\"Image gallery image\" class=\"wp-image-7065\" srcset=\"https:\/\/www.fcgueugnon.fr\/site\/wp-content\/uploads\/2023\/10\/FCG-2-0-ASPTT-Dijon-6-1024x682.jpg 1024w, https:\/\/www.fcgueugnon.fr\/site\/wp-content\/uploads\/2023\/10\/FCG-2-0-ASPTT-Dijon-6-400x267.jpg 400w, https:\/\/www.fcgueugnon.fr\/site\/wp-content\/uploads\/2023\/10\/FCG-2-0-ASPTT-Dijon-6-768x512.jpg 768w, https:\/\/www.fcgueugnon.fr\/site\/wp-content\/uploads\/2023\/10\/FCG-2-0-ASPTT-Dijon-6-1536x1024.jpg 1536w, https:\/\/www.fcgueugnon.fr\/site\/wp-content\/uploads\/2023\/10\/FCG-2-0-ASPTT-Dijon-6-2048x1365.jpg 2048w, https:\/\/www.fcgueugnon.fr\/site\/wp-content\/uploads\/2023\/10\/FCG-2-0-ASPTT-Dijon-6-1320x880.jpg 1320w, https:\/\/www.fcgueugnon.fr\/site\/wp-content\/uploads\/2023\/10\/FCG-2-0-ASPTT-Dijon-6-600x400.jpg 600w\" sizes=\"auto, (max-width: 1024px) 100vw, 1024px\" \/><\/figure>\n\n\n\n<figure class=\"wp-block-image size-large\"><img loading=\"lazy\" decoding=\"async\" width=\"1024\" height=\"682\" src=\"https:\/\/www.fcgueugnon.fr\/site\/wp-content\/uploads\/2023\/10\/FCG-2-0-ASPTT-Dijon-7-1024x682.jpg\" alt=\"Image gallery image\" class=\"wp-image-7066\" srcset=\"https:\/\/www.fcgueugnon.fr\/site\/wp-content\/uploads\/2023\/10\/FCG-2-0-ASPTT-Dijon-7-1024x682.jpg 1024w, https:\/\/www.fcgueugnon.fr\/site\/wp-content\/uploads\/2023\/10\/FCG-2-0-ASPTT-Dijon-7-400x267.jpg 400w, https:\/\/www.fcgueugnon.fr\/site\/wp-content\/uploads\/2023\/10\/FCG-2-0-ASPTT-Dijon-7-768x512.jpg 768w, https:\/\/www.fcgueugnon.fr\/site\/wp-content\/uploads\/2023\/10\/FCG-2-0-ASPTT-Dijon-7-1536x1024.jpg 1536w, https:\/\/www.fcgueugnon.fr\/site\/wp-content\/uploads\/2023\/10\/FCG-2-0-ASPTT-Dijon-7-2048x1365.jpg 2048w, https:\/\/www.fcgueugnon.fr\/site\/wp-content\/uploads\/2023\/10\/FCG-2-0-ASPTT-Dijon-7-1320x880.jpg 1320w, https:\/\/www.fcgueugnon.fr\/site\/wp-content\/uploads\/2023\/10\/FCG-2-0-ASPTT-Dijon-7-600x400.jpg 600w\" sizes=\"auto, (max-width: 1024px) 100vw, 1024px\" \/><\/figure>\n\n\n\n<figure class=\"wp-block-image size-large\"><img loading=\"lazy\" decoding=\"async\" width=\"1024\" height=\"683\" src=\"https:\/\/www.fcgueugnon.fr\/site\/wp-content\/uploads\/2023\/10\/FCG-2-0-ASPTT-Dijon-8-1024x683.jpg\" alt=\"Image gallery image\" class=\"wp-image-7076\" srcset=\"https:\/\/www.fcgueugnon.fr\/site\/wp-content\/uploads\/2023\/10\/FCG-2-0-ASPTT-Dijon-8-1024x683.jpg 1024w, https:\/\/www.fcgueugnon.fr\/site\/wp-content\/uploads\/2023\/10\/FCG-2-0-ASPTT-Dijon-8-400x267.jpg 400w, https:\/\/www.fcgueugnon.fr\/site\/wp-content\/uploads\/2023\/10\/FCG-2-0-ASPTT-Dijon-8-768x512.jpg 768w, https:\/\/www.fcgueugnon.fr\/site\/wp-content\/uploads\/2023\/10\/FCG-2-0-ASPTT-Dijon-8-1536x1024.jpg 1536w, https:\/\/www.fcgueugnon.fr\/site\/wp-content\/uploads\/2023\/10\/FCG-2-0-ASPTT-Dijon-8-2048x1366.jpg 2048w, https:\/\/www.fcgueugnon.fr\/site\/wp-content\/uploads\/2023\/10\/FCG-2-0-ASPTT-Dijon-8-1320x880.jpg 1320w, https:\/\/www.fcgueugnon.fr\/site\/wp-content\/uploads\/2023\/10\/FCG-2-0-ASPTT-Dijon-8-600x400.jpg 600w\" sizes=\"auto, (max-width: 1024px) 100vw, 1024px\" \/><\/figure>\n\n\n\n<figure class=\"wp-block-image size-large\"><img loading=\"lazy\" decoding=\"async\" width=\"1024\" height=\"683\" src=\"https:\/\/www.fcgueugnon.fr\/site\/wp-content\/uploads\/2023\/10\/FCG-2-0-ASPTT-Dijon-9-1024x683.jpg\" alt=\"Image gallery image\" class=\"wp-image-7073\" srcset=\"https:\/\/www.fcgueugnon.fr\/site\/wp-content\/uploads\/2023\/10\/FCG-2-0-ASPTT-Dijon-9-1024x683.jpg 1024w, https:\/\/www.fcgueugnon.fr\/site\/wp-content\/uploads\/2023\/10\/FCG-2-0-ASPTT-Dijon-9-400x267.jpg 400w, https:\/\/www.fcgueugnon.fr\/site\/wp-content\/uploads\/2023\/10\/FCG-2-0-ASPTT-Dijon-9-768x512.jpg 768w, https:\/\/www.fcgueugnon.fr\/site\/wp-content\/uploads\/2023\/10\/FCG-2-0-ASPTT-Dijon-9-1536x1024.jpg 1536w, https:\/\/www.fcgueugnon.fr\/site\/wp-content\/uploads\/2023\/10\/FCG-2-0-ASPTT-Dijon-9-2048x1365.jpg 2048w, https:\/\/www.fcgueugnon.fr\/site\/wp-content\/uploads\/2023\/10\/FCG-2-0-ASPTT-Dijon-9-1320x880.jpg 1320w, https:\/\/www.fcgueugnon.fr\/site\/wp-content\/uploads\/2023\/10\/FCG-2-0-ASPTT-Dijon-9-600x400.jpg 600w\" sizes=\"auto, (max-width: 1024px) 100vw, 1024px\" \/><\/figure>\n\n\n\n<figure class=\"wp-block-image size-large\"><img decoding=\"async\" src=\"https:\/\/www.fcgueugnon.fr\/site\/wp-content\/uploads\/2023\/10\/FCG-2-0-ASPTT-Dijon-10-1024x683.jpg\" alt=\"Image gallery image\" class=\"wp-image-7069\"\/><\/figure>\n\n\n\n<figure class=\"wp-block-image size-large\"><img loading=\"lazy\" decoding=\"async\" width=\"1024\" height=\"683\" src=\"https:\/\/www.fcgueugnon.fr\/site\/wp-content\/uploads\/2023\/10\/FCG-2-0-ASPTT-Dijon-11-1024x683.jpg\" alt=\"Image gallery image\" class=\"wp-image-7070\" srcset=\"https:\/\/www.fcgueugnon.fr\/site\/wp-content\/uploads\/2023\/10\/FCG-2-0-ASPTT-Dijon-11-1024x683.jpg 1024w, https:\/\/www.fcgueugnon.fr\/site\/wp-content\/uploads\/2023\/10\/FCG-2-0-ASPTT-Dijon-11-400x267.jpg 400w, https:\/\/www.fcgueugnon.fr\/site\/wp-content\/uploads\/2023\/10\/FCG-2-0-ASPTT-Dijon-11-768x512.jpg 768w, https:\/\/www.fcgueugnon.fr\/site\/wp-content\/uploads\/2023\/10\/FCG-2-0-ASPTT-Dijon-11-1536x1024.jpg 1536w, https:\/\/www.fcgueugnon.fr\/site\/wp-content\/uploads\/2023\/10\/FCG-2-0-ASPTT-Dijon-11-2048x1365.jpg 2048w, https:\/\/www.fcgueugnon.fr\/site\/wp-content\/uploads\/2023\/10\/FCG-2-0-ASPTT-Dijon-11-1320x880.jpg 1320w, https:\/\/www.fcgueugnon.fr\/site\/wp-content\/uploads\/2023\/10\/FCG-2-0-ASPTT-Dijon-11-600x400.jpg 600w\" sizes=\"auto, (max-width: 1024px) 100vw, 1024px\" \/><\/figure>\n\n\n\n<figure class=\"wp-block-image size-large\"><img loading=\"lazy\" decoding=\"async\" width=\"1024\" height=\"683\" src=\"https:\/\/www.fcgueugnon.fr\/site\/wp-content\/uploads\/2023\/10\/FCG-2-0-ASPTT-Dijon-12-1024x683.jpg\" alt=\"Image gallery image\" class=\"wp-image-7072\" srcset=\"https:\/\/www.fcgueugnon.fr\/site\/wp-content\/uploads\/2023\/10\/FCG-2-0-ASPTT-Dijon-12-1024x683.jpg 1024w, https:\/\/www.fcgueugnon.fr\/site\/wp-content\/uploads\/2023\/10\/FCG-2-0-ASPTT-Dijon-12-400x267.jpg 400w, https:\/\/www.fcgueugnon.fr\/site\/wp-content\/uploads\/2023\/10\/FCG-2-0-ASPTT-Dijon-12-768x512.jpg 768w, https:\/\/www.fcgueugnon.fr\/site\/wp-content\/uploads\/2023\/10\/FCG-2-0-ASPTT-Dijon-12-1536x1024.jpg 1536w, https:\/\/www.fcgueugnon.fr\/site\/wp-content\/uploads\/2023\/10\/FCG-2-0-ASPTT-Dijon-12-2048x1365.jpg 2048w, https:\/\/www.fcgueugnon.fr\/site\/wp-content\/uploads\/2023\/10\/FCG-2-0-ASPTT-Dijon-12-1320x880.jpg 1320w, https:\/\/www.fcgueugnon.fr\/site\/wp-content\/uploads\/2023\/10\/FCG-2-0-ASPTT-Dijon-12-600x400.jpg 600w\" sizes=\"auto, (max-width: 1024px) 100vw, 1024px\" \/><\/figure>\n\n\n\n<figure class=\"wp-block-image size-large\"><img loading=\"lazy\" decoding=\"async\" width=\"1024\" height=\"682\" src=\"https:\/\/www.fcgueugnon.fr\/site\/wp-content\/uploads\/2023\/10\/FCG-2-0-ASPTT-Dijon-13-1024x682.jpg\" alt=\"Image gallery image\" class=\"wp-image-7074\" srcset=\"https:\/\/www.fcgueugnon.fr\/site\/wp-content\/uploads\/2023\/10\/FCG-2-0-ASPTT-Dijon-13-1024x682.jpg 1024w, https:\/\/www.fcgueugnon.fr\/site\/wp-content\/uploads\/2023\/10\/FCG-2-0-ASPTT-Dijon-13-400x267.jpg 400w, https:\/\/www.fcgueugnon.fr\/site\/wp-content\/uploads\/2023\/10\/FCG-2-0-ASPTT-Dijon-13-768x512.jpg 768w, https:\/\/www.fcgueugnon.fr\/site\/wp-content\/uploads\/2023\/10\/FCG-2-0-ASPTT-Dijon-13-1536x1024.jpg 1536w, https:\/\/www.fcgueugnon.fr\/site\/wp-content\/uploads\/2023\/10\/FCG-2-0-ASPTT-Dijon-13-2048x1365.jpg 2048w, https:\/\/www.fcgueugnon.fr\/site\/wp-content\/uploads\/2023\/10\/FCG-2-0-ASPTT-Dijon-13-1320x880.jpg 1320w, https:\/\/www.fcgueugnon.fr\/site\/wp-content\/uploads\/2023\/10\/FCG-2-0-ASPTT-Dijon-13-600x400.jpg 600w\" sizes=\"auto, (max-width: 1024px) 100vw, 1024px\" \/><\/figure>\n\n\n\n<figure class=\"wp-block-image size-large\"><img loading=\"lazy\" decoding=\"async\" width=\"683\" height=\"1024\" src=\"https:\/\/www.fcgueugnon.fr\/site\/wp-content\/uploads\/2023\/10\/FCG-2-0-ASPTT-Dijon-14-683x1024.jpg\" alt=\"Image gallery image\" class=\"wp-image-7071\" srcset=\"https:\/\/www.fcgueugnon.fr\/site\/wp-content\/uploads\/2023\/10\/FCG-2-0-ASPTT-Dijon-14-683x1024.jpg 683w, https:\/\/www.fcgueugnon.fr\/site\/wp-content\/uploads\/2023\/10\/FCG-2-0-ASPTT-Dijon-14-267x400.jpg 267w, https:\/\/www.fcgueugnon.fr\/site\/wp-content\/uploads\/2023\/10\/FCG-2-0-ASPTT-Dijon-14-768x1152.jpg 768w, https:\/\/www.fcgueugnon.fr\/site\/wp-content\/uploads\/2023\/10\/FCG-2-0-ASPTT-Dijon-14-1024x1536.jpg 1024w, https:\/\/www.fcgueugnon.fr\/site\/wp-content\/uploads\/2023\/10\/FCG-2-0-ASPTT-Dijon-14-1365x2048.jpg 1365w, https:\/\/www.fcgueugnon.fr\/site\/wp-content\/uploads\/2023\/10\/FCG-2-0-ASPTT-Dijon-14-1320x1980.jpg 1320w, https:\/\/www.fcgueugnon.fr\/site\/wp-content\/uploads\/2023\/10\/FCG-2-0-ASPTT-Dijon-14-600x900.jpg 600w, https:\/\/www.fcgueugnon.fr\/site\/wp-content\/uploads\/2023\/10\/FCG-2-0-ASPTT-Dijon-14-scaled.jpg 1707w\" sizes=\"auto, (max-width: 683px) 100vw, 683px\" \/><\/figure>\n\n\n\n<figure class=\"wp-block-image size-large\"><img loading=\"lazy\" decoding=\"async\" width=\"1024\" height=\"683\" src=\"https:\/\/www.fcgueugnon.fr\/site\/wp-content\/uploads\/2023\/10\/FCG-2-0-ASPTT-Dijon-15-1024x683.jpg\" alt=\"Image gallery image\" class=\"wp-image-7075\" srcset=\"https:\/\/www.fcgueugnon.fr\/site\/wp-content\/uploads\/2023\/10\/FCG-2-0-ASPTT-Dijon-15-1024x683.jpg 1024w, https:\/\/www.fcgueugnon.fr\/site\/wp-content\/uploads\/2023\/10\/FCG-2-0-ASPTT-Dijon-15-400x267.jpg 400w, https:\/\/www.fcgueugnon.fr\/site\/wp-content\/uploads\/2023\/10\/FCG-2-0-ASPTT-Dijon-15-768x512.jpg 768w, https:\/\/www.fcgueugnon.fr\/site\/wp-content\/uploads\/2023\/10\/FCG-2-0-ASPTT-Dijon-15-1536x1024.jpg 1536w, https:\/\/www.fcgueugnon.fr\/site\/wp-content\/uploads\/2023\/10\/FCG-2-0-ASPTT-Dijon-15-2048x1365.jpg 2048w, https:\/\/www.fcgueugnon.fr\/site\/wp-content\/uploads\/2023\/10\/FCG-2-0-ASPTT-Dijon-15-1320x880.jpg 1320w, https:\/\/www.fcgueugnon.fr\/site\/wp-content\/uploads\/2023\/10\/FCG-2-0-ASPTT-Dijon-15-600x400.jpg 600w\" sizes=\"auto, (max-width: 1024px) 100vw, 1024px\" \/><\/figure>\n\n\n\n<figure class=\"wp-block-image size-large\"><img loading=\"lazy\" decoding=\"async\" width=\"1024\" height=\"683\" src=\"https:\/\/www.fcgueugnon.fr\/site\/wp-content\/uploads\/2023\/10\/FCG-2-0-ASPTT-Dijon-16-1024x683.jpg\" alt=\"Image gallery image\" class=\"wp-image-7077\" srcset=\"https:\/\/www.fcgueugnon.fr\/site\/wp-content\/uploads\/2023\/10\/FCG-2-0-ASPTT-Dijon-16-1024x683.jpg 1024w, https:\/\/www.fcgueugnon.fr\/site\/wp-content\/uploads\/2023\/10\/FCG-2-0-ASPTT-Dijon-16-400x267.jpg 400w, https:\/\/www.fcgueugnon.fr\/site\/wp-content\/uploads\/2023\/10\/FCG-2-0-ASPTT-Dijon-16-768x512.jpg 768w, https:\/\/www.fcgueugnon.fr\/site\/wp-content\/uploads\/2023\/10\/FCG-2-0-ASPTT-Dijon-16-1536x1024.jpg 1536w, https:\/\/www.fcgueugnon.fr\/site\/wp-content\/uploads\/2023\/10\/FCG-2-0-ASPTT-Dijon-16-2048x1365.jpg 2048w, https:\/\/www.fcgueugnon.fr\/site\/wp-content\/uploads\/2023\/10\/FCG-2-0-ASPTT-Dijon-16-1320x880.jpg 1320w, https:\/\/www.fcgueugnon.fr\/site\/wp-content\/uploads\/2023\/10\/FCG-2-0-ASPTT-Dijon-16-600x400.jpg 600w\" sizes=\"auto, (max-width: 1024px) 100vw, 1024px\" \/><\/figure>\n\n\n\n<figure class=\"wp-block-image size-large\"><img loading=\"lazy\" decoding=\"async\" width=\"1024\" height=\"683\" src=\"https:\/\/www.fcgueugnon.fr\/site\/wp-content\/uploads\/2023\/10\/FCG-2-0-ASPTT-Dijon-17-1024x683.jpg\" alt=\"Image gallery image\" class=\"wp-image-7078\" srcset=\"https:\/\/www.fcgueugnon.fr\/site\/wp-content\/uploads\/2023\/10\/FCG-2-0-ASPTT-Dijon-17-1024x683.jpg 1024w, https:\/\/www.fcgueugnon.fr\/site\/wp-content\/uploads\/2023\/10\/FCG-2-0-ASPTT-Dijon-17-400x267.jpg 400w, https:\/\/www.fcgueugnon.fr\/site\/wp-content\/uploads\/2023\/10\/FCG-2-0-ASPTT-Dijon-17-768x512.jpg 768w, https:\/\/www.fcgueugnon.fr\/site\/wp-content\/uploads\/2023\/10\/FCG-2-0-ASPTT-Dijon-17-1536x1024.jpg 1536w, https:\/\/www.fcgueugnon.fr\/site\/wp-content\/uploads\/2023\/10\/FCG-2-0-ASPTT-Dijon-17-2048x1365.jpg 2048w, https:\/\/www.fcgueugnon.fr\/site\/wp-content\/uploads\/2023\/10\/FCG-2-0-ASPTT-Dijon-17-1320x880.jpg 1320w, https:\/\/www.fcgueugnon.fr\/site\/wp-content\/uploads\/2023\/10\/FCG-2-0-ASPTT-Dijon-17-600x400.jpg 600w\" sizes=\"auto, (max-width: 1024px) 100vw, 1024px\" \/><\/figure>\n\n\n\n<figure class=\"wp-block-image size-large\"><img loading=\"lazy\" decoding=\"async\" width=\"1024\" height=\"683\" src=\"https:\/\/www.fcgueugnon.fr\/site\/wp-content\/uploads\/2023\/10\/FCG-2-0-ASPTT-Dijon-18-1024x683.jpg\" alt=\"Image gallery image\" class=\"wp-image-7079\" srcset=\"https:\/\/www.fcgueugnon.fr\/site\/wp-content\/uploads\/2023\/10\/FCG-2-0-ASPTT-Dijon-18-1024x683.jpg 1024w, https:\/\/www.fcgueugnon.fr\/site\/wp-content\/uploads\/2023\/10\/FCG-2-0-ASPTT-Dijon-18-400x267.jpg 400w, https:\/\/www.fcgueugnon.fr\/site\/wp-content\/uploads\/2023\/10\/FCG-2-0-ASPTT-Dijon-18-768x512.jpg 768w, https:\/\/www.fcgueugnon.fr\/site\/wp-content\/uploads\/2023\/10\/FCG-2-0-ASPTT-Dijon-18-1536x1024.jpg 1536w, https:\/\/www.fcgueugnon.fr\/site\/wp-content\/uploads\/2023\/10\/FCG-2-0-ASPTT-Dijon-18-2048x1365.jpg 2048w, https:\/\/www.fcgueugnon.fr\/site\/wp-content\/uploads\/2023\/10\/FCG-2-0-ASPTT-Dijon-18-1320x880.jpg 1320w, https:\/\/www.fcgueugnon.fr\/site\/wp-content\/uploads\/2023\/10\/FCG-2-0-ASPTT-Dijon-18-600x400.jpg 600w\" sizes=\"auto, (max-width: 1024px) 100vw, 1024px\" \/><\/figure>\n\n\n\n<figure class=\"wp-block-image size-large\"><img loading=\"lazy\" decoding=\"async\" width=\"1024\" height=\"682\" src=\"https:\/\/www.fcgueugnon.fr\/site\/wp-content\/uploads\/2023\/10\/FCG-2-0-ASPTT-Dijon-19-1024x682.jpg\" alt=\"Image gallery image\" class=\"wp-image-7080\" srcset=\"https:\/\/www.fcgueugnon.fr\/site\/wp-content\/uploads\/2023\/10\/FCG-2-0-ASPTT-Dijon-19-1024x682.jpg 1024w, https:\/\/www.fcgueugnon.fr\/site\/wp-content\/uploads\/2023\/10\/FCG-2-0-ASPTT-Dijon-19-400x267.jpg 400w, https:\/\/www.fcgueugnon.fr\/site\/wp-content\/uploads\/2023\/10\/FCG-2-0-ASPTT-Dijon-19-768x512.jpg 768w, https:\/\/www.fcgueugnon.fr\/site\/wp-content\/uploads\/2023\/10\/FCG-2-0-ASPTT-Dijon-19-1536x1024.jpg 1536w, https:\/\/www.fcgueugnon.fr\/site\/wp-content\/uploads\/2023\/10\/FCG-2-0-ASPTT-Dijon-19-2048x1365.jpg 2048w, https:\/\/www.fcgueugnon.fr\/site\/wp-content\/uploads\/2023\/10\/FCG-2-0-ASPTT-Dijon-19-1320x880.jpg 1320w, https:\/\/www.fcgueugnon.fr\/site\/wp-content\/uploads\/2023\/10\/FCG-2-0-ASPTT-Dijon-19-600x400.jpg 600w\" sizes=\"auto, (max-width: 1024px) 100vw, 1024px\" \/><\/figure>\n\n\n\n<figure class=\"wp-block-image size-large\"><img loading=\"lazy\" decoding=\"async\" width=\"1024\" height=\"683\" src=\"https:\/\/www.fcgueugnon.fr\/site\/wp-content\/uploads\/2023\/10\/FCG-2-0-ASPTT-Dijon-20-1024x683.jpg\" alt=\"Image gallery image\" class=\"wp-image-7081\" srcset=\"https:\/\/www.fcgueugnon.fr\/site\/wp-content\/uploads\/2023\/10\/FCG-2-0-ASPTT-Dijon-20-1024x683.jpg 1024w, https:\/\/www.fcgueugnon.fr\/site\/wp-content\/uploads\/2023\/10\/FCG-2-0-ASPTT-Dijon-20-400x267.jpg 400w, https:\/\/www.fcgueugnon.fr\/site\/wp-content\/uploads\/2023\/10\/FCG-2-0-ASPTT-Dijon-20-768x512.jpg 768w, https:\/\/www.fcgueugnon.fr\/site\/wp-content\/uploads\/2023\/10\/FCG-2-0-ASPTT-Dijon-20-1536x1024.jpg 1536w, https:\/\/www.fcgueugnon.fr\/site\/wp-content\/uploads\/2023\/10\/FCG-2-0-ASPTT-Dijon-20-2048x1365.jpg 2048w, https:\/\/www.fcgueugnon.fr\/site\/wp-content\/uploads\/2023\/10\/FCG-2-0-ASPTT-Dijon-20-1320x880.jpg 1320w, https:\/\/www.fcgueugnon.fr\/site\/wp-content\/uploads\/2023\/10\/FCG-2-0-ASPTT-Dijon-20-600x400.jpg 600w\" sizes=\"auto, (max-width: 1024px) 100vw, 1024px\" \/><\/figure>\n\n\n\n<figure class=\"wp-block-image size-large\"><img loading=\"lazy\" decoding=\"async\" width=\"1024\" height=\"683\" src=\"https:\/\/www.fcgueugnon.fr\/site\/wp-content\/uploads\/2023\/10\/FCG-2-0-ASPTT-Dijon-21-1024x683.jpg\" alt=\"Image gallery image\" class=\"wp-image-7082\" srcset=\"https:\/\/www.fcgueugnon.fr\/site\/wp-content\/uploads\/2023\/10\/FCG-2-0-ASPTT-Dijon-21-1024x683.jpg 1024w, https:\/\/www.fcgueugnon.fr\/site\/wp-content\/uploads\/2023\/10\/FCG-2-0-ASPTT-Dijon-21-400x267.jpg 400w, https:\/\/www.fcgueugnon.fr\/site\/wp-content\/uploads\/2023\/10\/FCG-2-0-ASPTT-Dijon-21-768x512.jpg 768w, https:\/\/www.fcgueugnon.fr\/site\/wp-content\/uploads\/2023\/10\/FCG-2-0-ASPTT-Dijon-21-1536x1024.jpg 1536w, https:\/\/www.fcgueugnon.fr\/site\/wp-content\/uploads\/2023\/10\/FCG-2-0-ASPTT-Dijon-21-2048x1365.jpg 2048w, https:\/\/www.fcgueugnon.fr\/site\/wp-content\/uploads\/2023\/10\/FCG-2-0-ASPTT-Dijon-21-1320x880.jpg 1320w, https:\/\/www.fcgueugnon.fr\/site\/wp-content\/uploads\/2023\/10\/FCG-2-0-ASPTT-Dijon-21-600x400.jpg 600w\" sizes=\"auto, (max-width: 1024px) 100vw, 1024px\" \/><\/figure>\n\n\n\n<figure class=\"wp-block-image size-large\"><img loading=\"lazy\" decoding=\"async\" width=\"1024\" height=\"683\" src=\"https:\/\/www.fcgueugnon.fr\/site\/wp-content\/uploads\/2023\/10\/FCG-2-0-ASPTT-Dijon-22-1024x683.jpg\" alt=\"Image gallery image\" class=\"wp-image-7083\" srcset=\"https:\/\/www.fcgueugnon.fr\/site\/wp-content\/uploads\/2023\/10\/FCG-2-0-ASPTT-Dijon-22-1024x683.jpg 1024w, https:\/\/www.fcgueugnon.fr\/site\/wp-content\/uploads\/2023\/10\/FCG-2-0-ASPTT-Dijon-22-400x267.jpg 400w, https:\/\/www.fcgueugnon.fr\/site\/wp-content\/uploads\/2023\/10\/FCG-2-0-ASPTT-Dijon-22-768x512.jpg 768w, https:\/\/www.fcgueugnon.fr\/site\/wp-content\/uploads\/2023\/10\/FCG-2-0-ASPTT-Dijon-22-1536x1024.jpg 1536w, https:\/\/www.fcgueugnon.fr\/site\/wp-content\/uploads\/2023\/10\/FCG-2-0-ASPTT-Dijon-22-2048x1365.jpg 2048w, https:\/\/www.fcgueugnon.fr\/site\/wp-content\/uploads\/2023\/10\/FCG-2-0-ASPTT-Dijon-22-1320x880.jpg 1320w, https:\/\/www.fcgueugnon.fr\/site\/wp-content\/uploads\/2023\/10\/FCG-2-0-ASPTT-Dijon-22-600x400.jpg 600w\" sizes=\"auto, (max-width: 1024px) 100vw, 1024px\" \/><\/figure>\n\n\n\n<figure class=\"wp-block-image size-large\"><img loading=\"lazy\" decoding=\"async\" width=\"1024\" height=\"683\" src=\"https:\/\/www.fcgueugnon.fr\/site\/wp-content\/uploads\/2023\/10\/FCG-2-0-ASPTT-Dijon-23-1024x683.jpg\" alt=\"Image gallery image\" class=\"wp-image-7084\" srcset=\"https:\/\/www.fcgueugnon.fr\/site\/wp-content\/uploads\/2023\/10\/FCG-2-0-ASPTT-Dijon-23-1024x683.jpg 1024w, https:\/\/www.fcgueugnon.fr\/site\/wp-content\/uploads\/2023\/10\/FCG-2-0-ASPTT-Dijon-23-400x267.jpg 400w, https:\/\/www.fcgueugnon.fr\/site\/wp-content\/uploads\/2023\/10\/FCG-2-0-ASPTT-Dijon-23-768x512.jpg 768w, https:\/\/www.fcgueugnon.fr\/site\/wp-content\/uploads\/2023\/10\/FCG-2-0-ASPTT-Dijon-23-1536x1024.jpg 1536w, https:\/\/www.fcgueugnon.fr\/site\/wp-content\/uploads\/2023\/10\/FCG-2-0-ASPTT-Dijon-23-2048x1365.jpg 2048w, https:\/\/www.fcgueugnon.fr\/site\/wp-content\/uploads\/2023\/10\/FCG-2-0-ASPTT-Dijon-23-1320x880.jpg 1320w, https:\/\/www.fcgueugnon.fr\/site\/wp-content\/uploads\/2023\/10\/FCG-2-0-ASPTT-Dijon-23-600x400.jpg 600w\" sizes=\"auto, (max-width: 1024px) 100vw, 1024px\" \/><\/figure>\n\n\n\n<figure class=\"wp-block-image size-large\"><img loading=\"lazy\" decoding=\"async\" width=\"683\" height=\"1024\" src=\"https:\/\/www.fcgueugnon.fr\/site\/wp-content\/uploads\/2023\/10\/FCG-2-0-ASPTT-Dijon-24-683x1024.jpg\" alt=\"Image gallery image\" class=\"wp-image-7085\" srcset=\"https:\/\/www.fcgueugnon.fr\/site\/wp-content\/uploads\/2023\/10\/FCG-2-0-ASPTT-Dijon-24-683x1024.jpg 683w, https:\/\/www.fcgueugnon.fr\/site\/wp-content\/uploads\/2023\/10\/FCG-2-0-ASPTT-Dijon-24-267x400.jpg 267w, https:\/\/www.fcgueugnon.fr\/site\/wp-content\/uploads\/2023\/10\/FCG-2-0-ASPTT-Dijon-24-768x1152.jpg 768w, https:\/\/www.fcgueugnon.fr\/site\/wp-content\/uploads\/2023\/10\/FCG-2-0-ASPTT-Dijon-24-1024x1536.jpg 1024w, https:\/\/www.fcgueugnon.fr\/site\/wp-content\/uploads\/2023\/10\/FCG-2-0-ASPTT-Dijon-24-1365x2048.jpg 1365w, https:\/\/www.fcgueugnon.fr\/site\/wp-content\/uploads\/2023\/10\/FCG-2-0-ASPTT-Dijon-24-1320x1980.jpg 1320w, https:\/\/www.fcgueugnon.fr\/site\/wp-content\/uploads\/2023\/10\/FCG-2-0-ASPTT-Dijon-24-600x900.jpg 600w, https:\/\/www.fcgueugnon.fr\/site\/wp-content\/uploads\/2023\/10\/FCG-2-0-ASPTT-Dijon-24-scaled.jpg 1707w\" sizes=\"auto, (max-width: 683px) 100vw, 683px\" \/><\/figure>\n\n\n\n<figure class=\"wp-block-image size-large\"><img loading=\"lazy\" decoding=\"async\" width=\"1024\" height=\"682\" src=\"https:\/\/www.fcgueugnon.fr\/site\/wp-content\/uploads\/2023\/10\/FCG-2-0-ASPTT-Dijon-25-1024x682.jpg\" alt=\"Image gallery image\" class=\"wp-image-7086\" srcset=\"https:\/\/www.fcgueugnon.fr\/site\/wp-content\/uploads\/2023\/10\/FCG-2-0-ASPTT-Dijon-25-1024x682.jpg 1024w, https:\/\/www.fcgueugnon.fr\/site\/wp-content\/uploads\/2023\/10\/FCG-2-0-ASPTT-Dijon-25-400x267.jpg 400w, https:\/\/www.fcgueugnon.fr\/site\/wp-content\/uploads\/2023\/10\/FCG-2-0-ASPTT-Dijon-25-768x512.jpg 768w, https:\/\/www.fcgueugnon.fr\/site\/wp-content\/uploads\/2023\/10\/FCG-2-0-ASPTT-Dijon-25-1536x1024.jpg 1536w, https:\/\/www.fcgueugnon.fr\/site\/wp-content\/uploads\/2023\/10\/FCG-2-0-ASPTT-Dijon-25-2048x1365.jpg 2048w, https:\/\/www.fcgueugnon.fr\/site\/wp-content\/uploads\/2023\/10\/FCG-2-0-ASPTT-Dijon-25-1320x880.jpg 1320w, https:\/\/www.fcgueugnon.fr\/site\/wp-content\/uploads\/2023\/10\/FCG-2-0-ASPTT-Dijon-25-600x400.jpg 600w\" sizes=\"auto, (max-width: 1024px) 100vw, 1024px\" \/><\/figure>\n\n\n\n<figure class=\"wp-block-image size-large\"><img loading=\"lazy\" decoding=\"async\" width=\"1024\" height=\"683\" src=\"https:\/\/www.fcgueugnon.fr\/site\/wp-content\/uploads\/2023\/10\/FCG-2-0-ASPTT-Dijon-26-1024x683.jpg\" alt=\"Image gallery image\" class=\"wp-image-7087\" srcset=\"https:\/\/www.fcgueugnon.fr\/site\/wp-content\/uploads\/2023\/10\/FCG-2-0-ASPTT-Dijon-26-1024x683.jpg 1024w, https:\/\/www.fcgueugnon.fr\/site\/wp-content\/uploads\/2023\/10\/FCG-2-0-ASPTT-Dijon-26-400x267.jpg 400w, https:\/\/www.fcgueugnon.fr\/site\/wp-content\/uploads\/2023\/10\/FCG-2-0-ASPTT-Dijon-26-768x512.jpg 768w, https:\/\/www.fcgueugnon.fr\/site\/wp-content\/uploads\/2023\/10\/FCG-2-0-ASPTT-Dijon-26-1536x1024.jpg 1536w, https:\/\/www.fcgueugnon.fr\/site\/wp-content\/uploads\/2023\/10\/FCG-2-0-ASPTT-Dijon-26-2048x1365.jpg 2048w, https:\/\/www.fcgueugnon.fr\/site\/wp-content\/uploads\/2023\/10\/FCG-2-0-ASPTT-Dijon-26-1320x880.jpg 1320w, https:\/\/www.fcgueugnon.fr\/site\/wp-content\/uploads\/2023\/10\/FCG-2-0-ASPTT-Dijon-26-600x400.jpg 600w\" sizes=\"auto, (max-width: 1024px) 100vw, 1024px\" \/><\/figure>\n\n\n\n<figure class=\"wp-block-image size-large\"><img loading=\"lazy\" decoding=\"async\" width=\"683\" height=\"1024\" src=\"https:\/\/www.fcgueugnon.fr\/site\/wp-content\/uploads\/2023\/10\/FCG-2-0-ASPTT-Dijon-1-683x1024.jpg\" alt=\"Image gallery image\" class=\"wp-image-7088\" srcset=\"https:\/\/www.fcgueugnon.fr\/site\/wp-content\/uploads\/2023\/10\/FCG-2-0-ASPTT-Dijon-1-683x1024.jpg 683w, https:\/\/www.fcgueugnon.fr\/site\/wp-content\/uploads\/2023\/10\/FCG-2-0-ASPTT-Dijon-1-267x400.jpg 267w, https:\/\/www.fcgueugnon.fr\/site\/wp-content\/uploads\/2023\/10\/FCG-2-0-ASPTT-Dijon-1-768x1152.jpg 768w, https:\/\/www.fcgueugnon.fr\/site\/wp-content\/uploads\/2023\/10\/FCG-2-0-ASPTT-Dijon-1-1024x1536.jpg 1024w, https:\/\/www.fcgueugnon.fr\/site\/wp-content\/uploads\/2023\/10\/FCG-2-0-ASPTT-Dijon-1-1365x2048.jpg 1365w, https:\/\/www.fcgueugnon.fr\/site\/wp-content\/uploads\/2023\/10\/FCG-2-0-ASPTT-Dijon-1-1320x1980.jpg 1320w, https:\/\/www.fcgueugnon.fr\/site\/wp-content\/uploads\/2023\/10\/FCG-2-0-ASPTT-Dijon-1-600x900.jpg 600w, https:\/\/www.fcgueugnon.fr\/site\/wp-content\/uploads\/2023\/10\/FCG-2-0-ASPTT-Dijon-1-scaled.jpg 1707w\" sizes=\"auto, (max-width: 683px) 100vw, 683px\" \/><\/figure>\n<\/figure>\n\n\n\n<div style=\"height:30px\" aria-hidden=\"true\" class=\"wp-block-spacer\"><\/div>\n\n\n\n<p>\u00c0 Gueugnon, stade Jean Laville<br><strong>FC Gueugnon 2 &#8211; 0 ASPTT Dijon<\/strong><br>Buts : Fraty Miezi kembolo (50&prime;), Jason Luanda (74&prime;)<br><\/p>\n\n\n\n<p>><a href=\"https:\/\/twitter.com\/FCGueugnon_Off\/status\/1576542515125067779?s=20&amp;t=s6K69qVFavfJxhMgP1GMgw\"> <\/a><a href=\"https:\/\/www.fcgueugnon.fr\/site\/cdf-5e-tour-fc-gueugnon-louhans-cuiseaux-suivez-le-match-en-live\/6888\">Revivre le l<\/a><a href=\"https:\/\/www.fcgueugnon.fr\/site\/n3-j06-fc-gueugnon-asptt-dijon-suivez-le-match-en-live\/6991\">ive<\/a><\/p>\n","protected":false},"excerpt":{"rendered":"<p>Gr\u00e2ce \u00e0 notre photographe Bertrand Poizeau, d\u00e9couvrez les plus belles images de notre rencontre face \u00e0 l&rsquo;ASPTT Dijon (2-0). \u00c0 Gueugnon, stade Jean LavilleFC Gueugnon 2 &#8211; 0 ASPTT DijonButs : Fraty Miezi kembolo (50&prime;), Jason Luanda (74&prime;) > Revivre le live<\/p>\n","protected":false},"author":3,"featured_media":7080,"comment_status":"closed","ping_status":"closed","sticky":true,"template":"","format":"standard","meta":{"footnotes":""},"categories":[4,55],"tags":[27],"class_list":["post-7062","post","type-post","status-publish","format-standard","has-post-thumbnail","hentry","category-news","category-news-2023-2024","tag-resultat","infinite-scroll-item","generate-columns","tablet-grid-50","mobile-grid-100","grid-parent","grid-25"],"yoast_head":"<!-- This site is optimized with the Yoast SEO plugin v26.6 - https:\/\/yoast.com\/wordpress\/plugins\/seo\/ -->\n<title>[N3 J06 : FC Gueugnon \u2013 ASPTT Dijon] Les images de la rencontre &#8226; FOOTBALL CLUB GUEUGNON<\/title>\n<meta name=\"robots\" content=\"index, follow, max-snippet:-1, max-image-preview:large, max-video-preview:-1\" \/>\n<link rel=\"canonical\" href=\"https:\/\/www.fcgueugnon.fr\/site\/n3-j06-fc-gueugnon-asptt-dijon-les-images-de-la-rencontre\/7062\" \/>\n<meta property=\"og:locale\" content=\"fr_FR\" \/>\n<meta property=\"og:type\" content=\"article\" \/>\n<meta property=\"og:title\" content=\"[N3 J06 : FC Gueugnon \u2013 ASPTT Dijon] Les images de la rencontre &#8226; FOOTBALL CLUB GUEUGNON\" \/>\n<meta property=\"og:description\" content=\"Gr\u00e2ce \u00e0 notre photographe Bertrand Poizeau, d\u00e9couvrez les plus belles images de notre rencontre face \u00e0 l&rsquo;ASPTT Dijon (2-0). \u00c0 Gueugnon, stade Jean LavilleFC Gueugnon 2 &#8211; 0 ASPTT DijonButs : Fraty Miezi kembolo (50&prime;), Jason Luanda (74&prime;) &gt; Revivre le live\" \/>\n<meta property=\"og:url\" content=\"https:\/\/www.fcgueugnon.fr\/site\/n3-j06-fc-gueugnon-asptt-dijon-les-images-de-la-rencontre\/7062\" \/>\n<meta property=\"og:site_name\" content=\"FOOTBALL CLUB GUEUGNON\" \/>\n<meta property=\"article:publisher\" content=\"http:\/\/facebook.com\/FCGueugnon\" \/>\n<meta property=\"article:published_time\" content=\"2023-10-24T09:55:00+00:00\" \/>\n<meta property=\"article:modified_time\" content=\"2024-05-09T07:01:59+00:00\" \/>\n<meta property=\"og:image\" content=\"https:\/\/www.fcgueugnon.fr\/site\/wp-content\/uploads\/2023\/10\/FCG-2-0-ASPTT-Dijon-19-scaled.jpg\" \/>\n\t<meta property=\"og:image:width\" content=\"2560\" \/>\n\t<meta property=\"og:image:height\" content=\"1706\" \/>\n\t<meta property=\"og:image:type\" content=\"image\/jpeg\" \/>\n<meta name=\"author\" content=\"FC Gueugnon\" \/>\n<meta name=\"twitter:card\" content=\"summary_large_image\" \/>\n<meta name=\"twitter:creator\" content=\"@FCGueugnon_off\" \/>\n<meta name=\"twitter:site\" content=\"@FCGueugnon_off\" \/>\n<meta name=\"twitter:label1\" content=\"\u00c9crit par\" \/>\n\t<meta name=\"twitter:data1\" content=\"FC Gueugnon\" \/>\n\t<meta name=\"twitter:label2\" content=\"Dur\u00e9e de lecture estim\u00e9e\" \/>\n\t<meta name=\"twitter:data2\" content=\"6 minutes\" \/>\n<script type=\"application\/ld+json\" class=\"yoast-schema-graph\">{\"@context\":\"https:\/\/schema.org\",\"@graph\":[{\"@type\":\"Article\",\"@id\":\"https:\/\/www.fcgueugnon.fr\/site\/n3-j06-fc-gueugnon-asptt-dijon-les-images-de-la-rencontre\/7062#article\",\"isPartOf\":{\"@id\":\"https:\/\/www.fcgueugnon.fr\/site\/n3-j06-fc-gueugnon-asptt-dijon-les-images-de-la-rencontre\/7062\"},\"author\":{\"name\":\"FC Gueugnon\",\"@id\":\"https:\/\/www.fcgueugnon.fr\/site\/#\/schema\/person\/829630bfb5d6f3ebe4d296b75687c01a\"},\"headline\":\"[N3 J06 : FC Gueugnon \u2013 ASPTT Dijon] Les images de la rencontre\",\"datePublished\":\"2023-10-24T09:55:00+00:00\",\"dateModified\":\"2024-05-09T07:01:59+00:00\",\"mainEntityOfPage\":{\"@id\":\"https:\/\/www.fcgueugnon.fr\/site\/n3-j06-fc-gueugnon-asptt-dijon-les-images-de-la-rencontre\/7062\"},\"wordCount\":50,\"publisher\":{\"@id\":\"https:\/\/www.fcgueugnon.fr\/site\/#organization\"},\"image\":{\"@id\":\"https:\/\/www.fcgueugnon.fr\/site\/n3-j06-fc-gueugnon-asptt-dijon-les-images-de-la-rencontre\/7062#primaryimage\"},\"thumbnailUrl\":\"https:\/\/www.fcgueugnon.fr\/site\/wp-content\/uploads\/2023\/10\/FCG-2-0-ASPTT-Dijon-19-scaled.jpg\",\"keywords\":[\"R\u00e9sultat\"],\"articleSection\":[\"News\",\"News 2023\/2024\"],\"inLanguage\":\"fr-FR\"},{\"@type\":\"WebPage\",\"@id\":\"https:\/\/www.fcgueugnon.fr\/site\/n3-j06-fc-gueugnon-asptt-dijon-les-images-de-la-rencontre\/7062\",\"url\":\"https:\/\/www.fcgueugnon.fr\/site\/n3-j06-fc-gueugnon-asptt-dijon-les-images-de-la-rencontre\/7062\",\"name\":\"[N3 J06 : FC Gueugnon \u2013 ASPTT Dijon] Les images de la rencontre &#8226; FOOTBALL CLUB GUEUGNON\",\"isPartOf\":{\"@id\":\"https:\/\/www.fcgueugnon.fr\/site\/#website\"},\"primaryImageOfPage\":{\"@id\":\"https:\/\/www.fcgueugnon.fr\/site\/n3-j06-fc-gueugnon-asptt-dijon-les-images-de-la-rencontre\/7062#primaryimage\"},\"image\":{\"@id\":\"https:\/\/www.fcgueugnon.fr\/site\/n3-j06-fc-gueugnon-asptt-dijon-les-images-de-la-rencontre\/7062#primaryimage\"},\"thumbnailUrl\":\"https:\/\/www.fcgueugnon.fr\/site\/wp-content\/uploads\/2023\/10\/FCG-2-0-ASPTT-Dijon-19-scaled.jpg\",\"datePublished\":\"2023-10-24T09:55:00+00:00\",\"dateModified\":\"2024-05-09T07:01:59+00:00\",\"breadcrumb\":{\"@id\":\"https:\/\/www.fcgueugnon.fr\/site\/n3-j06-fc-gueugnon-asptt-dijon-les-images-de-la-rencontre\/7062#breadcrumb\"},\"inLanguage\":\"fr-FR\",\"potentialAction\":[{\"@type\":\"ReadAction\",\"target\":[\"https:\/\/www.fcgueugnon.fr\/site\/n3-j06-fc-gueugnon-asptt-dijon-les-images-de-la-rencontre\/7062\"]}]},{\"@type\":\"ImageObject\",\"inLanguage\":\"fr-FR\",\"@id\":\"https:\/\/www.fcgueugnon.fr\/site\/n3-j06-fc-gueugnon-asptt-dijon-les-images-de-la-rencontre\/7062#primaryimage\",\"url\":\"https:\/\/www.fcgueugnon.fr\/site\/wp-content\/uploads\/2023\/10\/FCG-2-0-ASPTT-Dijon-19-scaled.jpg\",\"contentUrl\":\"https:\/\/www.fcgueugnon.fr\/site\/wp-content\/uploads\/2023\/10\/FCG-2-0-ASPTT-Dijon-19-scaled.jpg\",\"width\":2560,\"height\":1706},{\"@type\":\"BreadcrumbList\",\"@id\":\"https:\/\/www.fcgueugnon.fr\/site\/n3-j06-fc-gueugnon-asptt-dijon-les-images-de-la-rencontre\/7062#breadcrumb\",\"itemListElement\":[{\"@type\":\"ListItem\",\"position\":1,\"name\":\"Accueil\",\"item\":\"https:\/\/www.fcgueugnon.fr\/site\/\"},{\"@type\":\"ListItem\",\"position\":2,\"name\":\"[N3 J06 : FC Gueugnon \u2013 ASPTT Dijon] Les images de la rencontre\"}]},{\"@type\":\"WebSite\",\"@id\":\"https:\/\/www.fcgueugnon.fr\/site\/#website\",\"url\":\"https:\/\/www.fcgueugnon.fr\/site\/\",\"name\":\"FOOTBALL CLUB GUEUGNON\",\"description\":\"Le Site Officiel des Forgerons\",\"publisher\":{\"@id\":\"https:\/\/www.fcgueugnon.fr\/site\/#organization\"},\"potentialAction\":[{\"@type\":\"SearchAction\",\"target\":{\"@type\":\"EntryPoint\",\"urlTemplate\":\"https:\/\/www.fcgueugnon.fr\/site\/?s={search_term_string}\"},\"query-input\":{\"@type\":\"PropertyValueSpecification\",\"valueRequired\":true,\"valueName\":\"search_term_string\"}}],\"inLanguage\":\"fr-FR\"},{\"@type\":\"Organization\",\"@id\":\"https:\/\/www.fcgueugnon.fr\/site\/#organization\",\"name\":\"FC Gueugnon\",\"url\":\"https:\/\/www.fcgueugnon.fr\/site\/\",\"logo\":{\"@type\":\"ImageObject\",\"inLanguage\":\"fr-FR\",\"@id\":\"https:\/\/www.fcgueugnon.fr\/site\/#\/schema\/logo\/image\/\",\"url\":\"https:\/\/www.fcgueugnon.fr\/site\/wp-content\/uploads\/2022\/07\/cropped-Logo-FCGUEUGNON-low-350x350-1.png\",\"contentUrl\":\"https:\/\/www.fcgueugnon.fr\/site\/wp-content\/uploads\/2022\/07\/cropped-Logo-FCGUEUGNON-low-350x350-1.png\",\"width\":350,\"height\":350,\"caption\":\"FC Gueugnon\"},\"image\":{\"@id\":\"https:\/\/www.fcgueugnon.fr\/site\/#\/schema\/logo\/image\/\"},\"sameAs\":[\"http:\/\/facebook.com\/FCGueugnon\",\"https:\/\/x.com\/FCGueugnon_off\",\"https:\/\/www.instagram.com\/fcgueugnon\/\",\"https:\/\/www.linkedin.com\/company\/football-club-de-gueugnon\/\",\"https:\/\/www.youtube.com\/user\/FCGueugnonnais\",\"https:\/\/fr.wikipedia.org\/wiki\/Football_Club_de_Gueugnon\"]},{\"@type\":\"Person\",\"@id\":\"https:\/\/www.fcgueugnon.fr\/site\/#\/schema\/person\/829630bfb5d6f3ebe4d296b75687c01a\",\"name\":\"FC Gueugnon\",\"url\":\"https:\/\/www.fcgueugnon.fr\/site\/author\/g-avin1\"}]}<\/script>\n<!-- \/ Yoast SEO plugin. -->","yoast_head_json":{"title":"[N3 J06 : FC Gueugnon \u2013 ASPTT Dijon] Les images de la rencontre &#8226; FOOTBALL CLUB GUEUGNON","robots":{"index":"index","follow":"follow","max-snippet":"max-snippet:-1","max-image-preview":"max-image-preview:large","max-video-preview":"max-video-preview:-1"},"canonical":"https:\/\/www.fcgueugnon.fr\/site\/n3-j06-fc-gueugnon-asptt-dijon-les-images-de-la-rencontre\/7062","og_locale":"fr_FR","og_type":"article","og_title":"[N3 J06 : FC Gueugnon \u2013 ASPTT Dijon] Les images de la rencontre &#8226; FOOTBALL CLUB GUEUGNON","og_description":"Gr\u00e2ce \u00e0 notre photographe Bertrand Poizeau, d\u00e9couvrez les plus belles images de notre rencontre face \u00e0 l&rsquo;ASPTT Dijon (2-0). \u00c0 Gueugnon, stade Jean LavilleFC Gueugnon 2 &#8211; 0 ASPTT DijonButs : Fraty Miezi kembolo (50&prime;), Jason Luanda (74&prime;) > Revivre le live","og_url":"https:\/\/www.fcgueugnon.fr\/site\/n3-j06-fc-gueugnon-asptt-dijon-les-images-de-la-rencontre\/7062","og_site_name":"FOOTBALL CLUB GUEUGNON","article_publisher":"http:\/\/facebook.com\/FCGueugnon","article_published_time":"2023-10-24T09:55:00+00:00","article_modified_time":"2024-05-09T07:01:59+00:00","og_image":[{"width":2560,"height":1706,"url":"https:\/\/www.fcgueugnon.fr\/site\/wp-content\/uploads\/2023\/10\/FCG-2-0-ASPTT-Dijon-19-scaled.jpg","type":"image\/jpeg"}],"author":"FC Gueugnon","twitter_card":"summary_large_image","twitter_creator":"@FCGueugnon_off","twitter_site":"@FCGueugnon_off","twitter_misc":{"\u00c9crit par":"FC Gueugnon","Dur\u00e9e de lecture estim\u00e9e":"6 minutes"},"schema":{"@context":"https:\/\/schema.org","@graph":[{"@type":"Article","@id":"https:\/\/www.fcgueugnon.fr\/site\/n3-j06-fc-gueugnon-asptt-dijon-les-images-de-la-rencontre\/7062#article","isPartOf":{"@id":"https:\/\/www.fcgueugnon.fr\/site\/n3-j06-fc-gueugnon-asptt-dijon-les-images-de-la-rencontre\/7062"},"author":{"name":"FC Gueugnon","@id":"https:\/\/www.fcgueugnon.fr\/site\/#\/schema\/person\/829630bfb5d6f3ebe4d296b75687c01a"},"headline":"[N3 J06 : FC Gueugnon \u2013 ASPTT Dijon] Les images de la rencontre","datePublished":"2023-10-24T09:55:00+00:00","dateModified":"2024-05-09T07:01:59+00:00","mainEntityOfPage":{"@id":"https:\/\/www.fcgueugnon.fr\/site\/n3-j06-fc-gueugnon-asptt-dijon-les-images-de-la-rencontre\/7062"},"wordCount":50,"publisher":{"@id":"https:\/\/www.fcgueugnon.fr\/site\/#organization"},"image":{"@id":"https:\/\/www.fcgueugnon.fr\/site\/n3-j06-fc-gueugnon-asptt-dijon-les-images-de-la-rencontre\/7062#primaryimage"},"thumbnailUrl":"https:\/\/www.fcgueugnon.fr\/site\/wp-content\/uploads\/2023\/10\/FCG-2-0-ASPTT-Dijon-19-scaled.jpg","keywords":["R\u00e9sultat"],"articleSection":["News","News 2023\/2024"],"inLanguage":"fr-FR"},{"@type":"WebPage","@id":"https:\/\/www.fcgueugnon.fr\/site\/n3-j06-fc-gueugnon-asptt-dijon-les-images-de-la-rencontre\/7062","url":"https:\/\/www.fcgueugnon.fr\/site\/n3-j06-fc-gueugnon-asptt-dijon-les-images-de-la-rencontre\/7062","name":"[N3 J06 : FC Gueugnon \u2013 ASPTT Dijon] Les images de la rencontre &#8226; FOOTBALL CLUB GUEUGNON","isPartOf":{"@id":"https:\/\/www.fcgueugnon.fr\/site\/#website"},"primaryImageOfPage":{"@id":"https:\/\/www.fcgueugnon.fr\/site\/n3-j06-fc-gueugnon-asptt-dijon-les-images-de-la-rencontre\/7062#primaryimage"},"image":{"@id":"https:\/\/www.fcgueugnon.fr\/site\/n3-j06-fc-gueugnon-asptt-dijon-les-images-de-la-rencontre\/7062#primaryimage"},"thumbnailUrl":"https:\/\/www.fcgueugnon.fr\/site\/wp-content\/uploads\/2023\/10\/FCG-2-0-ASPTT-Dijon-19-scaled.jpg","datePublished":"2023-10-24T09:55:00+00:00","dateModified":"2024-05-09T07:01:59+00:00","breadcrumb":{"@id":"https:\/\/www.fcgueugnon.fr\/site\/n3-j06-fc-gueugnon-asptt-dijon-les-images-de-la-rencontre\/7062#breadcrumb"},"inLanguage":"fr-FR","potentialAction":[{"@type":"ReadAction","target":["https:\/\/www.fcgueugnon.fr\/site\/n3-j06-fc-gueugnon-asptt-dijon-les-images-de-la-rencontre\/7062"]}]},{"@type":"ImageObject","inLanguage":"fr-FR","@id":"https:\/\/www.fcgueugnon.fr\/site\/n3-j06-fc-gueugnon-asptt-dijon-les-images-de-la-rencontre\/7062#primaryimage","url":"https:\/\/www.fcgueugnon.fr\/site\/wp-content\/uploads\/2023\/10\/FCG-2-0-ASPTT-Dijon-19-scaled.jpg","contentUrl":"https:\/\/www.fcgueugnon.fr\/site\/wp-content\/uploads\/2023\/10\/FCG-2-0-ASPTT-Dijon-19-scaled.jpg","width":2560,"height":1706},{"@type":"BreadcrumbList","@id":"https:\/\/www.fcgueugnon.fr\/site\/n3-j06-fc-gueugnon-asptt-dijon-les-images-de-la-rencontre\/7062#breadcrumb","itemListElement":[{"@type":"ListItem","position":1,"name":"Accueil","item":"https:\/\/www.fcgueugnon.fr\/site\/"},{"@type":"ListItem","position":2,"name":"[N3 J06 : FC Gueugnon \u2013 ASPTT Dijon] Les images de la rencontre"}]},{"@type":"WebSite","@id":"https:\/\/www.fcgueugnon.fr\/site\/#website","url":"https:\/\/www.fcgueugnon.fr\/site\/","name":"FOOTBALL CLUB GUEUGNON","description":"Le Site Officiel des Forgerons","publisher":{"@id":"https:\/\/www.fcgueugnon.fr\/site\/#organization"},"potentialAction":[{"@type":"SearchAction","target":{"@type":"EntryPoint","urlTemplate":"https:\/\/www.fcgueugnon.fr\/site\/?s={search_term_string}"},"query-input":{"@type":"PropertyValueSpecification","valueRequired":true,"valueName":"search_term_string"}}],"inLanguage":"fr-FR"},{"@type":"Organization","@id":"https:\/\/www.fcgueugnon.fr\/site\/#organization","name":"FC Gueugnon","url":"https:\/\/www.fcgueugnon.fr\/site\/","logo":{"@type":"ImageObject","inLanguage":"fr-FR","@id":"https:\/\/www.fcgueugnon.fr\/site\/#\/schema\/logo\/image\/","url":"https:\/\/www.fcgueugnon.fr\/site\/wp-content\/uploads\/2022\/07\/cropped-Logo-FCGUEUGNON-low-350x350-1.png","contentUrl":"https:\/\/www.fcgueugnon.fr\/site\/wp-content\/uploads\/2022\/07\/cropped-Logo-FCGUEUGNON-low-350x350-1.png","width":350,"height":350,"caption":"FC Gueugnon"},"image":{"@id":"https:\/\/www.fcgueugnon.fr\/site\/#\/schema\/logo\/image\/"},"sameAs":["http:\/\/facebook.com\/FCGueugnon","https:\/\/x.com\/FCGueugnon_off","https:\/\/www.instagram.com\/fcgueugnon\/","https:\/\/www.linkedin.com\/company\/football-club-de-gueugnon\/","https:\/\/www.youtube.com\/user\/FCGueugnonnais","https:\/\/fr.wikipedia.org\/wiki\/Football_Club_de_Gueugnon"]},{"@type":"Person","@id":"https:\/\/www.fcgueugnon.fr\/site\/#\/schema\/person\/829630bfb5d6f3ebe4d296b75687c01a","name":"FC Gueugnon","url":"https:\/\/www.fcgueugnon.fr\/site\/author\/g-avin1"}]}},"rttpg_featured_image_url":{"full":["https:\/\/www.fcgueugnon.fr\/site\/wp-content\/uploads\/2023\/10\/FCG-2-0-ASPTT-Dijon-19-scaled.jpg",2560,1706,false],"landscape":["https:\/\/www.fcgueugnon.fr\/site\/wp-content\/uploads\/2023\/10\/FCG-2-0-ASPTT-Dijon-19-scaled.jpg",2560,1706,false],"portraits":["https:\/\/www.fcgueugnon.fr\/site\/wp-content\/uploads\/2023\/10\/FCG-2-0-ASPTT-Dijon-19-scaled.jpg",2560,1706,false],"thumbnail":["https:\/\/www.fcgueugnon.fr\/site\/wp-content\/uploads\/2023\/10\/FCG-2-0-ASPTT-Dijon-19-150x150.jpg",150,150,true],"medium":["https:\/\/www.fcgueugnon.fr\/site\/wp-content\/uploads\/2023\/10\/FCG-2-0-ASPTT-Dijon-19-400x267.jpg",400,267,true],"large":["https:\/\/www.fcgueugnon.fr\/site\/wp-content\/uploads\/2023\/10\/FCG-2-0-ASPTT-Dijon-19-1024x682.jpg",1024,682,true],"1536x1536":["https:\/\/www.fcgueugnon.fr\/site\/wp-content\/uploads\/2023\/10\/FCG-2-0-ASPTT-Dijon-19-1536x1024.jpg",1536,1024,true],"2048x2048":["https:\/\/www.fcgueugnon.fr\/site\/wp-content\/uploads\/2023\/10\/FCG-2-0-ASPTT-Dijon-19-2048x1365.jpg",2048,1365,true]},"rttpg_author":{"display_name":"FC Gueugnon","author_link":"https:\/\/www.fcgueugnon.fr\/site\/author\/g-avin1"},"rttpg_comment":0,"rttpg_category":"<a href=\"https:\/\/www.fcgueugnon.fr\/site\/category\/news\" rel=\"category tag\">News<\/a> <a href=\"https:\/\/www.fcgueugnon.fr\/site\/category\/news\/news-2023-2024\" rel=\"category tag\">News 2023\/2024<\/a>","rttpg_excerpt":"Gr\u00e2ce \u00e0 notre photographe Bertrand Poizeau, d\u00e9couvrez les plus belles images de notre rencontre face \u00e0 l&rsquo;ASPTT Dijon (2-0). \u00c0 Gueugnon, stade Jean LavilleFC Gueugnon 2 &#8211; 0 ASPTT DijonButs : Fraty Miezi kembolo (50&prime;), Jason Luanda (74&prime;) > Revivre le live","_links":{"self":[{"href":"https:\/\/www.fcgueugnon.fr\/site\/wp-json\/wp\/v2\/posts\/7062","targetHints":{"allow":["GET"]}}],"collection":[{"href":"https:\/\/www.fcgueugnon.fr\/site\/wp-json\/wp\/v2\/posts"}],"about":[{"href":"https:\/\/www.fcgueugnon.fr\/site\/wp-json\/wp\/v2\/types\/post"}],"author":[{"embeddable":true,"href":"https:\/\/www.fcgueugnon.fr\/site\/wp-json\/wp\/v2\/users\/3"}],"replies":[{"embeddable":true,"href":"https:\/\/www.fcgueugnon.fr\/site\/wp-json\/wp\/v2\/comments?post=7062"}],"version-history":[{"count":1,"href":"https:\/\/www.fcgueugnon.fr\/site\/wp-json\/wp\/v2\/posts\/7062\/revisions"}],"predecessor-version":[{"id":7089,"href":"https:\/\/www.fcgueugnon.fr\/site\/wp-json\/wp\/v2\/posts\/7062\/revisions\/7089"}],"wp:featuredmedia":[{"embeddable":true,"href":"https:\/\/www.fcgueugnon.fr\/site\/wp-json\/wp\/v2\/media\/7080"}],"wp:attachment":[{"href":"https:\/\/www.fcgueugnon.fr\/site\/wp-json\/wp\/v2\/media?parent=7062"}],"wp:term":[{"taxonomy":"category","embeddable":true,"href":"https:\/\/www.fcgueugnon.fr\/site\/wp-json\/wp\/v2\/categories?post=7062"},{"taxonomy":"post_tag","embeddable":true,"href":"https:\/\/www.fcgueugnon.fr\/site\/wp-json\/wp\/v2\/tags?post=7062"}],"curies":[{"name":"wp","href":"https:\/\/api.w.org\/{rel}","templated":true}]}}