{"id":7006,"date":"2023-10-23T15:22:26","date_gmt":"2023-10-23T13:22:26","guid":{"rendered":"https:\/\/www.fcgueugnon.fr\/site\/?p=7006"},"modified":"2024-05-09T09:01:59","modified_gmt":"2024-05-09T07:01:59","slug":"n3-j06-fc-gueugnon-asptt-dijon-resultat-reactions-et-resume","status":"publish","type":"post","link":"https:\/\/www.fcgueugnon.fr\/site\/n3-j06-fc-gueugnon-asptt-dijon-resultat-reactions-et-resume\/7006","title":{"rendered":"[N3 J06 : FC Gueugnon \u2013 ASPTT Dijon] R\u00e9sultat, r\u00e9actions et r\u00e9sum\u00e9"},"content":{"rendered":"\n<h2 class=\"wp-block-heading\"><strong>Victoire des Forgerons 2-0 contre les promus Dijonnais \u00e0 Jean Laville !<\/strong><\/h2>\n\n\n\n<div style=\"height:30px\" aria-hidden=\"true\" class=\"wp-block-spacer\"><\/div>\n\n\n\n<figure class=\"wp-block-gallery has-nested-images columns-default is-cropped wp-block-gallery-1 is-layout-flex wp-block-gallery-is-layout-flex\">\n<figure class=\"wp-block-image size-large\"><img loading=\"lazy\" decoding=\"async\" width=\"1024\" height=\"683\" data-id=\"7016\" src=\"https:\/\/www.fcgueugnon.fr\/site\/wp-content\/uploads\/2023\/10\/04I3318-1024x683.jpg\" alt=\"\" class=\"wp-image-7016\" srcset=\"https:\/\/www.fcgueugnon.fr\/site\/wp-content\/uploads\/2023\/10\/04I3318-1024x683.jpg 1024w, https:\/\/www.fcgueugnon.fr\/site\/wp-content\/uploads\/2023\/10\/04I3318-400x267.jpg 400w, https:\/\/www.fcgueugnon.fr\/site\/wp-content\/uploads\/2023\/10\/04I3318-768x512.jpg 768w, https:\/\/www.fcgueugnon.fr\/site\/wp-content\/uploads\/2023\/10\/04I3318-1536x1024.jpg 1536w, https:\/\/www.fcgueugnon.fr\/site\/wp-content\/uploads\/2023\/10\/04I3318-2048x1365.jpg 2048w, https:\/\/www.fcgueugnon.fr\/site\/wp-content\/uploads\/2023\/10\/04I3318-1320x880.jpg 1320w, https:\/\/www.fcgueugnon.fr\/site\/wp-content\/uploads\/2023\/10\/04I3318-600x400.jpg 600w\" sizes=\"auto, (max-width: 1024px) 100vw, 1024px\" \/><\/figure>\n\n\n\n<figure class=\"wp-block-image size-large\"><img loading=\"lazy\" decoding=\"async\" width=\"1024\" height=\"683\" data-id=\"7015\" src=\"https:\/\/www.fcgueugnon.fr\/site\/wp-content\/uploads\/2023\/10\/04I2747-1024x683.jpg\" alt=\"\" class=\"wp-image-7015\" srcset=\"https:\/\/www.fcgueugnon.fr\/site\/wp-content\/uploads\/2023\/10\/04I2747-1024x683.jpg 1024w, https:\/\/www.fcgueugnon.fr\/site\/wp-content\/uploads\/2023\/10\/04I2747-400x267.jpg 400w, https:\/\/www.fcgueugnon.fr\/site\/wp-content\/uploads\/2023\/10\/04I2747-768x512.jpg 768w, https:\/\/www.fcgueugnon.fr\/site\/wp-content\/uploads\/2023\/10\/04I2747-1536x1024.jpg 1536w, https:\/\/www.fcgueugnon.fr\/site\/wp-content\/uploads\/2023\/10\/04I2747-2048x1365.jpg 2048w, https:\/\/www.fcgueugnon.fr\/site\/wp-content\/uploads\/2023\/10\/04I2747-1320x880.jpg 1320w, https:\/\/www.fcgueugnon.fr\/site\/wp-content\/uploads\/2023\/10\/04I2747-600x400.jpg 600w\" sizes=\"auto, (max-width: 1024px) 100vw, 1024px\" \/><\/figure>\n\n\n\n<figure class=\"wp-block-image size-large\"><img loading=\"lazy\" decoding=\"async\" width=\"1024\" height=\"683\" data-id=\"7014\" src=\"https:\/\/www.fcgueugnon.fr\/site\/wp-content\/uploads\/2023\/10\/J06-1024x683.jpg\" alt=\"\" class=\"wp-image-7014\" srcset=\"https:\/\/www.fcgueugnon.fr\/site\/wp-content\/uploads\/2023\/10\/J06-1024x683.jpg 1024w, https:\/\/www.fcgueugnon.fr\/site\/wp-content\/uploads\/2023\/10\/J06-400x267.jpg 400w, https:\/\/www.fcgueugnon.fr\/site\/wp-content\/uploads\/2023\/10\/J06-768x512.jpg 768w, https:\/\/www.fcgueugnon.fr\/site\/wp-content\/uploads\/2023\/10\/J06-1536x1024.jpg 1536w, https:\/\/www.fcgueugnon.fr\/site\/wp-content\/uploads\/2023\/10\/J06-2048x1365.jpg 2048w, https:\/\/www.fcgueugnon.fr\/site\/wp-content\/uploads\/2023\/10\/J06-1320x880.jpg 1320w, https:\/\/www.fcgueugnon.fr\/site\/wp-content\/uploads\/2023\/10\/J06-600x400.jpg 600w\" sizes=\"auto, (max-width: 1024px) 100vw, 1024px\" \/><\/figure>\n<\/figure>\n\n\n\n<div style=\"height:57px\" aria-hidden=\"true\" class=\"wp-block-spacer\"><\/div>\n\n\n\n<p>Suite \u00e0 leur r\u00e9cente \u00e9limination en coupe de France, les Forgerons font leur retour sur leur terrain et dans leurs couleurs pour accueillir l&rsquo;ASPTT Dijon. Bien que leur d\u00e9faite pr\u00e9c\u00e9dente face \u00e0 Louhans-Cuiseaux ait \u00e9t\u00e9 un revers, nos Gueugnonnais avaient d\u00e9montr\u00e9 une performance prometteuse, leur permettant d&rsquo;aborder positivement cette 6\u00e8me journ\u00e9e de championnat. L&rsquo;ASPTT Dijon, promu pour la seconde saison cons\u00e9cutive pointaient \u00e9galement \u00e0 la 7\u00e8me place, au m\u00eame titre que le FC Gueugnon.<\/p>\n\n\n\n<p>La premi\u00e8re mi-temps de la rencontre est <strong>intense<\/strong> et <strong>\u00e9quilibr\u00e9e<\/strong>, avec des situations dangereuses pour les deux \u00e9quipes. Malgr\u00e9 le<strong> premier corner du match<\/strong> en faveur de l\u2019ASPTT Dijon, nos Forgerons cr\u00e9ent de belles opportunit\u00e9s et exercent une forte pression \u00e0 la 29e minute, initi\u00e9e par un<strong> premier centre d&rsquo;Erwin Gnahor\u00e9<\/strong>, malheureusement un peu trop appuy\u00e9, suivi d&rsquo;un deuxi\u00e8me <strong>centre de Jason Luanda,<\/strong> qui est repouss\u00e9 par un d\u00e9fenseur Dijonnais. Nos Forgerons se laissent surprendre quelques minutes avant la mi-temps sur une<strong> perte de balle \u00e0 30 m\u00e8tres du but<\/strong>, mais cette alerte reste sans cons\u00e9quence. La mi-temps est siffl\u00e9e sur un <strong>score nul<\/strong>.<\/p>\n\n\n\n<p>Au retour des vestiaires, nos Forgerons prennent l&rsquo;ascendant et <strong>ouvrent le score \u00e0 la 50e minute<\/strong> gr\u00e2ce \u00e0 une frappe de <strong>Fraty Miezi Kembolo<\/strong>. L&rsquo;attaquant Forgeron <strong>trompe le gardien adverse, portant ainsi le score \u00e0 1-0<\/strong>. Apr\u00e8s plusieurs occasions franches, <strong>nos Forgerons<\/strong> <strong>creusent finalement l&rsquo;\u00e9cart<\/strong> gr\u00e2ce \u00e0 une superbe <strong>passe en retrait de Fraty Miezi Kembolo pour Jason Luanda, qui conclut avec succ\u00e8s<\/strong> (74&prime;, 2-0). Dijon pousse en fin de match pour tenter de revenir au score, mais la victoire revient \u00e0 nos Jaune et Bleu.<\/p>\n\n\n\n<p>Au terme de ce match haletant entre l&rsquo;ASPTT Dijon et le FC Gueugnon, les forgerons ont r\u00e9ussi \u00e0 tirer leur \u00e9pingle du jeu, s&rsquo;imposant avec un<strong> score final de 2-0.<\/strong> Malgr\u00e9 les efforts de Dijon pour r\u00e9duire l&rsquo;\u00e9cart, nos forgerons ont tenu bon et ont empoch\u00e9 les trois points. Nous vous donnons rendez-vous ce samedi \u00e0 14h00 au stade Jean Laville pour un match amical face \u00e0 l&rsquo;OL B et samedi 4 Octobre pour la 7\u00e8me journ\u00e9e de National 3 face \u00e0 Besan\u00e7on Foot.<\/p>\n\n\n\n<p><br> <br><\/p>\n\n\n\n<div style=\"height:51px\" aria-hidden=\"true\" class=\"wp-block-spacer\"><\/div>\n\n\n\n<h2 class=\"wp-block-heading\">R\u00e9action<\/h2>\n\n\n\n<div class=\"wp-block-media-text has-media-on-the-right is-stacked-on-mobile is-vertically-aligned-center is-image-fill\" style=\"grid-template-columns:auto 48%\"><div class=\"wp-block-media-text__content\">\n<p><strong>Bernard Canard, pr\u00e9sident:<\/strong><\/p>\n\n\n\n<p>\u00abOn se positionne en haut du tableau, on prend les points que l&rsquo;ann\u00e9e derni\u00e8re nous n&rsquo;avions pas pris en d\u00e9but de saison. Nous le savons, chaque match est important, tous les points sont importants.<em>\u00bb<\/em><\/p>\n\n\n\n<div style=\"height:10px\" aria-hidden=\"true\" class=\"wp-block-spacer\"><\/div>\n\n\n\n<p><em><sub>R\u00e9actions compl\u00e8tes \u00e0 retrouver ce mercredi \u00e0 10:15 et \u00e0 18:30 en direct sur Radio Cactus (FM 92.2) et jeudi en podcast sur notre site officiel !<\/sub><\/em><\/p>\n<\/div><figure class=\"wp-block-media-text__media\" style=\"background-image:url(https:\/\/www.fcgueugnon.fr\/site\/wp-content\/uploads\/2023\/04\/Bernard-Canard-president-FC-Gueugnon-1024x1024-1.jpg);background-position:54% 35%\"><img loading=\"lazy\" decoding=\"async\" width=\"1024\" height=\"1024\" src=\"https:\/\/www.fcgueugnon.fr\/site\/wp-content\/uploads\/2023\/04\/Bernard-Canard-president-FC-Gueugnon-1024x1024-1.jpg\" alt=\"\" class=\"wp-image-4307 size-full\" srcset=\"https:\/\/www.fcgueugnon.fr\/site\/wp-content\/uploads\/2023\/04\/Bernard-Canard-president-FC-Gueugnon-1024x1024-1.jpg 1024w, https:\/\/www.fcgueugnon.fr\/site\/wp-content\/uploads\/2023\/04\/Bernard-Canard-president-FC-Gueugnon-1024x1024-1-400x400.jpg 400w, https:\/\/www.fcgueugnon.fr\/site\/wp-content\/uploads\/2023\/04\/Bernard-Canard-president-FC-Gueugnon-1024x1024-1-150x150.jpg 150w, https:\/\/www.fcgueugnon.fr\/site\/wp-content\/uploads\/2023\/04\/Bernard-Canard-president-FC-Gueugnon-1024x1024-1-768x768.jpg 768w, https:\/\/www.fcgueugnon.fr\/site\/wp-content\/uploads\/2023\/04\/Bernard-Canard-president-FC-Gueugnon-1024x1024-1-300x300.jpg 300w, https:\/\/www.fcgueugnon.fr\/site\/wp-content\/uploads\/2023\/04\/Bernard-Canard-president-FC-Gueugnon-1024x1024-1-600x600.jpg 600w, https:\/\/www.fcgueugnon.fr\/site\/wp-content\/uploads\/2023\/04\/Bernard-Canard-president-FC-Gueugnon-1024x1024-1-100x100.jpg 100w\" sizes=\"auto, (max-width: 1024px) 100vw, 1024px\" \/><\/figure><\/div>\n\n\n\n<div style=\"height:40px\" aria-hidden=\"true\" class=\"wp-block-spacer\"><\/div>\n\n\n\n<hr class=\"wp-block-separator has-text-color has-css-opacity has-background\" style=\"background-color:#f7db4a;color:#f7db4a\"\/>\n\n\n\n<h3 class=\"wp-block-heading has-text-align-center\"><strong>\u2139 Prochains matchs : <\/strong><br>&#8211; Samedi 28\/10 \u00e0 14h00 (match amical) : FC Gueugnon \/ OL B<br>&#8211; Samedi 04\/11 : Besan\u00e7on Foot \/ FC Gueugnon<\/h3>\n\n\n\n<hr class=\"wp-block-separator has-text-color has-css-opacity has-background\" style=\"background-color:#f7db4a;color:#f7db4a\"\/>\n\n\n\n<h3 class=\"wp-block-heading\">\u26bd <strong>Score final<\/strong><\/h3>\n\n\n\n<p><strong>STADE JEAN LAVILLE<\/strong><br>FC Gueugnon 2-0 ASPTT Dijon<br>Buts FC Gueugnon : Fraty Miezi Kembolo (50&prime;) ; Jason Luanda (74&prime;)<\/p>\n\n\n\n<p>589 spectateurs<\/p>\n\n\n\n<p>\ud835\udddf\ud835\uddf2\ud835\ude00 \ud835\uddfc\ud835\uddf3\ud835\uddf3\ud835\uddf6\ud835\uddf0\ud835\uddf6\ud835\uddf2<strong>\ud835\uddf9s<\/strong><\/p>\n\n\n\n<p><strong>Arbitre centre<\/strong> : ROMAIN GARNIER<br><strong>Arbitre assistant 1<\/strong> : SEBASTIEN SIMARD<br><strong>Arbitre assistant 2<\/strong> : ANTHONY GONCALVES<br><strong>D\u00e9l\u00e9gu\u00e9 principal<\/strong> : RADOINE OUBIDA<\/p>\n\n\n\n<div style=\"height:20px\" aria-hidden=\"true\" class=\"wp-block-spacer\"><\/div>\n\n\n\n<p>\ud83d\udfe1\ud83d\udd35&nbsp;<strong>Composition d\u2019\u00e9quipe<\/strong><\/p>\n\n\n\n<p>Njock, Mambo (84&prime; Fahrasmane), Chauvet, Helal, Ciss\u00e9, Mohamed (84&prime; Diallo), Luanda, Gnahor\u00e9, Diomand\u00e9 (46&prime; Kembolo), Clerval (78&prime; Figueira) , Ramdane (46&prime; Dram\u00e9).<br>Rempla\u00e7ants : Diallo, Dram\u00e9, Miezi Kembolo, Figueira, Fahrasmane.<br><br>Entra\u00eeneur : Philippe Correia.<\/p>\n\n\n\n<div style=\"height:38px\" aria-hidden=\"true\" class=\"wp-block-spacer\"><\/div>\n\n\n\n<h3 class=\"wp-block-heading\">\ud83d\udd0d <strong>Plus d&rsquo;articles <\/strong><\/h3>\n\n\n\n<blockquote class=\"wp-block-quote is-layout-flow wp-block-quote-is-layout-flow\">\n<p><span style=\"line-height: 1.5;\">\u25ba <\/span><a href=\"https:\/\/www.fcgueugnon.fr\/site\/n3-j06-fc-gueugnon-asptt-dijon-suivez-le-match-en-live\/6991\"><span style=\"line-height: 1.5;\">Revivre le li<\/span>ve<\/a><\/p>\n<\/blockquote>\n\n\n\n<div style=\"height:8px\" aria-hidden=\"true\" class=\"wp-block-spacer\"><\/div>\n\n\n\n<h3 class=\"wp-block-heading\"><strong>\ud83d\uddd3&nbsp;&nbsp;Au programme de cette 6\u00e8me journ\u00e9e de National 3 : &nbsp;<\/strong><\/h3>\n\n\n\n<p>Samedi 21 Octobre<br><br>15:00 : Sochaux-Montb\u00e9liard B \u2013 La Chapelle de Guinchay : 0-0<br>17:00 : Rumilly-Valli\u00e8res \u2013 Is-Selongey : 1-1<br>18:00 : FC Gueugnon \u2013 ASPTT Dijon : 2-0<br>18:00 : CA Pontarlier \u2013 Besan\u00e7on Foot : 2-3<br>18:00 : Dijon FCO B \u2013 Louhans-Cuiseaux : 1-0<br>18:00 : FC Vesoul \u2013 UCS Cosne : 0-0<br>18:30 : Moulins Yzeure \u2013 Jura Dolois : 1-3<\/p>\n\n\n\n<p><\/p>\n\n\n\n<p>\u25ba <a href=\"https:\/\/www.fcgueugnon.fr\/site\/calendrier-seniors-a-national-3-bourgogne-franche-comte\">Calendrier<\/a><\/p>\n\n\n\n<p>\u25ba <a href=\"https:\/\/www.fcgueugnon.fr\/site\/classement-national-3-bourgogne-franche-comte\">Classement<\/a><\/p>\n","protected":false},"excerpt":{"rendered":"<p>Victoire des Forgerons 2-0 contre les promus Dijonnais \u00e0 Jean Laville ! Suite \u00e0 leur r\u00e9cente \u00e9limination en coupe de France, les Forgerons font leur retour sur leur terrain et dans leurs couleurs pour accueillir l&rsquo;ASPTT Dijon. Bien que leur d\u00e9faite pr\u00e9c\u00e9dente face \u00e0 Louhans-Cuiseaux ait \u00e9t\u00e9 un revers, nos Gueugnonnais avaient d\u00e9montr\u00e9 une performance &#8230; <\/p>\n<p class=\"read-more-container\"><a title=\"[N3 J06 : FC Gueugnon \u2013 ASPTT Dijon] R\u00e9sultat, r\u00e9actions et r\u00e9sum\u00e9\" class=\"read-more button\" href=\"https:\/\/www.fcgueugnon.fr\/site\/n3-j06-fc-gueugnon-asptt-dijon-resultat-reactions-et-resume\/7006#more-7006\" aria-label=\"Plus sur [N3 J06 : FC Gueugnon \u2013 ASPTT Dijon] R\u00e9sultat, r\u00e9actions et r\u00e9sum\u00e9\">Lire la suite<\/a><\/p>\n","protected":false},"author":4,"featured_media":7016,"comment_status":"closed","ping_status":"closed","sticky":true,"template":"","format":"standard","meta":{"footnotes":""},"categories":[4,55],"tags":[27,31],"class_list":["post-7006","post","type-post","status-publish","format-standard","has-post-thumbnail","hentry","category-news","category-news-2023-2024","tag-resultat","tag-video","infinite-scroll-item","generate-columns","tablet-grid-50","mobile-grid-100","grid-parent","grid-25"],"yoast_head":"<!-- This site is optimized with the Yoast SEO plugin v26.6 - https:\/\/yoast.com\/wordpress\/plugins\/seo\/ -->\n<title>[N3 J06 : FC Gueugnon \u2013 ASPTT Dijon] R\u00e9sultat, r\u00e9actions et r\u00e9sum\u00e9 &#8226; FOOTBALL CLUB GUEUGNON<\/title>\n<meta name=\"robots\" content=\"index, follow, max-snippet:-1, max-image-preview:large, max-video-preview:-1\" \/>\n<link rel=\"canonical\" href=\"https:\/\/www.fcgueugnon.fr\/site\/n3-j06-fc-gueugnon-asptt-dijon-resultat-reactions-et-resume\/7006\" \/>\n<meta property=\"og:locale\" content=\"fr_FR\" \/>\n<meta property=\"og:type\" content=\"article\" \/>\n<meta property=\"og:title\" content=\"[N3 J06 : FC Gueugnon \u2013 ASPTT Dijon] R\u00e9sultat, r\u00e9actions et r\u00e9sum\u00e9 &#8226; FOOTBALL CLUB GUEUGNON\" \/>\n<meta property=\"og:description\" content=\"Victoire des Forgerons 2-0 contre les promus Dijonnais \u00e0 Jean Laville ! Suite \u00e0 leur r\u00e9cente \u00e9limination en coupe de France, les Forgerons font leur retour sur leur terrain et dans leurs couleurs pour accueillir l&rsquo;ASPTT Dijon. Bien que leur d\u00e9faite pr\u00e9c\u00e9dente face \u00e0 Louhans-Cuiseaux ait \u00e9t\u00e9 un revers, nos Gueugnonnais avaient d\u00e9montr\u00e9 une performance ... Lire la suite\" \/>\n<meta property=\"og:url\" content=\"https:\/\/www.fcgueugnon.fr\/site\/n3-j06-fc-gueugnon-asptt-dijon-resultat-reactions-et-resume\/7006\" \/>\n<meta property=\"og:site_name\" content=\"FOOTBALL CLUB GUEUGNON\" \/>\n<meta property=\"article:publisher\" content=\"http:\/\/facebook.com\/FCGueugnon\" \/>\n<meta property=\"article:published_time\" content=\"2023-10-23T13:22:26+00:00\" \/>\n<meta property=\"article:modified_time\" content=\"2024-05-09T07:01:59+00:00\" \/>\n<meta property=\"og:image\" content=\"https:\/\/www.fcgueugnon.fr\/site\/wp-content\/uploads\/2023\/10\/04I3318-scaled.jpg\" \/>\n\t<meta property=\"og:image:width\" content=\"2560\" \/>\n\t<meta property=\"og:image:height\" content=\"1707\" \/>\n\t<meta property=\"og:image:type\" content=\"image\/jpeg\" \/>\n<meta name=\"author\" content=\"FC Gueugnon\" \/>\n<meta name=\"twitter:card\" content=\"summary_large_image\" \/>\n<meta name=\"twitter:creator\" content=\"@FCGueugnon_off\" \/>\n<meta name=\"twitter:site\" content=\"@FCGueugnon_off\" \/>\n<meta name=\"twitter:label1\" content=\"\u00c9crit par\" \/>\n\t<meta name=\"twitter:data1\" content=\"FC Gueugnon\" \/>\n\t<meta name=\"twitter:label2\" content=\"Dur\u00e9e de lecture estim\u00e9e\" \/>\n\t<meta name=\"twitter:data2\" content=\"4 minutes\" \/>\n<script type=\"application\/ld+json\" class=\"yoast-schema-graph\">{\"@context\":\"https:\/\/schema.org\",\"@graph\":[{\"@type\":\"Article\",\"@id\":\"https:\/\/www.fcgueugnon.fr\/site\/n3-j06-fc-gueugnon-asptt-dijon-resultat-reactions-et-resume\/7006#article\",\"isPartOf\":{\"@id\":\"https:\/\/www.fcgueugnon.fr\/site\/n3-j06-fc-gueugnon-asptt-dijon-resultat-reactions-et-resume\/7006\"},\"author\":{\"name\":\"FC Gueugnon\",\"@id\":\"https:\/\/www.fcgueugnon.fr\/site\/#\/schema\/person\/6b88acb9354d23e86675fc81c54ed359\"},\"headline\":\"[N3 J06 : FC Gueugnon \u2013 ASPTT Dijon] R\u00e9sultat, r\u00e9actions et r\u00e9sum\u00e9\",\"datePublished\":\"2023-10-23T13:22:26+00:00\",\"dateModified\":\"2024-05-09T07:01:59+00:00\",\"mainEntityOfPage\":{\"@id\":\"https:\/\/www.fcgueugnon.fr\/site\/n3-j06-fc-gueugnon-asptt-dijon-resultat-reactions-et-resume\/7006\"},\"wordCount\":605,\"publisher\":{\"@id\":\"https:\/\/www.fcgueugnon.fr\/site\/#organization\"},\"image\":{\"@id\":\"https:\/\/www.fcgueugnon.fr\/site\/n3-j06-fc-gueugnon-asptt-dijon-resultat-reactions-et-resume\/7006#primaryimage\"},\"thumbnailUrl\":\"https:\/\/www.fcgueugnon.fr\/site\/wp-content\/uploads\/2023\/10\/04I3318-scaled.jpg\",\"keywords\":[\"R\u00e9sultat\",\"Vid\u00e9o\"],\"articleSection\":[\"News\",\"News 2023\/2024\"],\"inLanguage\":\"fr-FR\"},{\"@type\":\"WebPage\",\"@id\":\"https:\/\/www.fcgueugnon.fr\/site\/n3-j06-fc-gueugnon-asptt-dijon-resultat-reactions-et-resume\/7006\",\"url\":\"https:\/\/www.fcgueugnon.fr\/site\/n3-j06-fc-gueugnon-asptt-dijon-resultat-reactions-et-resume\/7006\",\"name\":\"[N3 J06 : FC Gueugnon \u2013 ASPTT Dijon] R\u00e9sultat, r\u00e9actions et r\u00e9sum\u00e9 &#8226; FOOTBALL CLUB GUEUGNON\",\"isPartOf\":{\"@id\":\"https:\/\/www.fcgueugnon.fr\/site\/#website\"},\"primaryImageOfPage\":{\"@id\":\"https:\/\/www.fcgueugnon.fr\/site\/n3-j06-fc-gueugnon-asptt-dijon-resultat-reactions-et-resume\/7006#primaryimage\"},\"image\":{\"@id\":\"https:\/\/www.fcgueugnon.fr\/site\/n3-j06-fc-gueugnon-asptt-dijon-resultat-reactions-et-resume\/7006#primaryimage\"},\"thumbnailUrl\":\"https:\/\/www.fcgueugnon.fr\/site\/wp-content\/uploads\/2023\/10\/04I3318-scaled.jpg\",\"datePublished\":\"2023-10-23T13:22:26+00:00\",\"dateModified\":\"2024-05-09T07:01:59+00:00\",\"breadcrumb\":{\"@id\":\"https:\/\/www.fcgueugnon.fr\/site\/n3-j06-fc-gueugnon-asptt-dijon-resultat-reactions-et-resume\/7006#breadcrumb\"},\"inLanguage\":\"fr-FR\",\"potentialAction\":[{\"@type\":\"ReadAction\",\"target\":[\"https:\/\/www.fcgueugnon.fr\/site\/n3-j06-fc-gueugnon-asptt-dijon-resultat-reactions-et-resume\/7006\"]}]},{\"@type\":\"ImageObject\",\"inLanguage\":\"fr-FR\",\"@id\":\"https:\/\/www.fcgueugnon.fr\/site\/n3-j06-fc-gueugnon-asptt-dijon-resultat-reactions-et-resume\/7006#primaryimage\",\"url\":\"https:\/\/www.fcgueugnon.fr\/site\/wp-content\/uploads\/2023\/10\/04I3318-scaled.jpg\",\"contentUrl\":\"https:\/\/www.fcgueugnon.fr\/site\/wp-content\/uploads\/2023\/10\/04I3318-scaled.jpg\",\"width\":2560,\"height\":1707},{\"@type\":\"BreadcrumbList\",\"@id\":\"https:\/\/www.fcgueugnon.fr\/site\/n3-j06-fc-gueugnon-asptt-dijon-resultat-reactions-et-resume\/7006#breadcrumb\",\"itemListElement\":[{\"@type\":\"ListItem\",\"position\":1,\"name\":\"Accueil\",\"item\":\"https:\/\/www.fcgueugnon.fr\/site\/\"},{\"@type\":\"ListItem\",\"position\":2,\"name\":\"[N3 J06 : FC Gueugnon \u2013 ASPTT Dijon] R\u00e9sultat, r\u00e9actions et r\u00e9sum\u00e9\"}]},{\"@type\":\"WebSite\",\"@id\":\"https:\/\/www.fcgueugnon.fr\/site\/#website\",\"url\":\"https:\/\/www.fcgueugnon.fr\/site\/\",\"name\":\"FOOTBALL CLUB GUEUGNON\",\"description\":\"Le Site Officiel des Forgerons\",\"publisher\":{\"@id\":\"https:\/\/www.fcgueugnon.fr\/site\/#organization\"},\"potentialAction\":[{\"@type\":\"SearchAction\",\"target\":{\"@type\":\"EntryPoint\",\"urlTemplate\":\"https:\/\/www.fcgueugnon.fr\/site\/?s={search_term_string}\"},\"query-input\":{\"@type\":\"PropertyValueSpecification\",\"valueRequired\":true,\"valueName\":\"search_term_string\"}}],\"inLanguage\":\"fr-FR\"},{\"@type\":\"Organization\",\"@id\":\"https:\/\/www.fcgueugnon.fr\/site\/#organization\",\"name\":\"FC Gueugnon\",\"url\":\"https:\/\/www.fcgueugnon.fr\/site\/\",\"logo\":{\"@type\":\"ImageObject\",\"inLanguage\":\"fr-FR\",\"@id\":\"https:\/\/www.fcgueugnon.fr\/site\/#\/schema\/logo\/image\/\",\"url\":\"https:\/\/www.fcgueugnon.fr\/site\/wp-content\/uploads\/2022\/07\/cropped-Logo-FCGUEUGNON-low-350x350-1.png\",\"contentUrl\":\"https:\/\/www.fcgueugnon.fr\/site\/wp-content\/uploads\/2022\/07\/cropped-Logo-FCGUEUGNON-low-350x350-1.png\",\"width\":350,\"height\":350,\"caption\":\"FC Gueugnon\"},\"image\":{\"@id\":\"https:\/\/www.fcgueugnon.fr\/site\/#\/schema\/logo\/image\/\"},\"sameAs\":[\"http:\/\/facebook.com\/FCGueugnon\",\"https:\/\/x.com\/FCGueugnon_off\",\"https:\/\/www.instagram.com\/fcgueugnon\/\",\"https:\/\/www.linkedin.com\/company\/football-club-de-gueugnon\/\",\"https:\/\/www.youtube.com\/user\/FCGueugnonnais\",\"https:\/\/fr.wikipedia.org\/wiki\/Football_Club_de_Gueugnon\"]},{\"@type\":\"Person\",\"@id\":\"https:\/\/www.fcgueugnon.fr\/site\/#\/schema\/person\/6b88acb9354d23e86675fc81c54ed359\",\"name\":\"FC Gueugnon\",\"url\":\"https:\/\/www.fcgueugnon.fr\/site\/author\/man-antu\"}]}<\/script>\n<!-- \/ Yoast SEO plugin. -->","yoast_head_json":{"title":"[N3 J06 : FC Gueugnon \u2013 ASPTT Dijon] R\u00e9sultat, r\u00e9actions et r\u00e9sum\u00e9 &#8226; FOOTBALL CLUB GUEUGNON","robots":{"index":"index","follow":"follow","max-snippet":"max-snippet:-1","max-image-preview":"max-image-preview:large","max-video-preview":"max-video-preview:-1"},"canonical":"https:\/\/www.fcgueugnon.fr\/site\/n3-j06-fc-gueugnon-asptt-dijon-resultat-reactions-et-resume\/7006","og_locale":"fr_FR","og_type":"article","og_title":"[N3 J06 : FC Gueugnon \u2013 ASPTT Dijon] R\u00e9sultat, r\u00e9actions et r\u00e9sum\u00e9 &#8226; FOOTBALL CLUB GUEUGNON","og_description":"Victoire des Forgerons 2-0 contre les promus Dijonnais \u00e0 Jean Laville ! Suite \u00e0 leur r\u00e9cente \u00e9limination en coupe de France, les Forgerons font leur retour sur leur terrain et dans leurs couleurs pour accueillir l&rsquo;ASPTT Dijon. Bien que leur d\u00e9faite pr\u00e9c\u00e9dente face \u00e0 Louhans-Cuiseaux ait \u00e9t\u00e9 un revers, nos Gueugnonnais avaient d\u00e9montr\u00e9 une performance ... Lire la suite","og_url":"https:\/\/www.fcgueugnon.fr\/site\/n3-j06-fc-gueugnon-asptt-dijon-resultat-reactions-et-resume\/7006","og_site_name":"FOOTBALL CLUB GUEUGNON","article_publisher":"http:\/\/facebook.com\/FCGueugnon","article_published_time":"2023-10-23T13:22:26+00:00","article_modified_time":"2024-05-09T07:01:59+00:00","og_image":[{"width":2560,"height":1707,"url":"https:\/\/www.fcgueugnon.fr\/site\/wp-content\/uploads\/2023\/10\/04I3318-scaled.jpg","type":"image\/jpeg"}],"author":"FC Gueugnon","twitter_card":"summary_large_image","twitter_creator":"@FCGueugnon_off","twitter_site":"@FCGueugnon_off","twitter_misc":{"\u00c9crit par":"FC Gueugnon","Dur\u00e9e de lecture estim\u00e9e":"4 minutes"},"schema":{"@context":"https:\/\/schema.org","@graph":[{"@type":"Article","@id":"https:\/\/www.fcgueugnon.fr\/site\/n3-j06-fc-gueugnon-asptt-dijon-resultat-reactions-et-resume\/7006#article","isPartOf":{"@id":"https:\/\/www.fcgueugnon.fr\/site\/n3-j06-fc-gueugnon-asptt-dijon-resultat-reactions-et-resume\/7006"},"author":{"name":"FC Gueugnon","@id":"https:\/\/www.fcgueugnon.fr\/site\/#\/schema\/person\/6b88acb9354d23e86675fc81c54ed359"},"headline":"[N3 J06 : FC Gueugnon \u2013 ASPTT Dijon] R\u00e9sultat, r\u00e9actions et r\u00e9sum\u00e9","datePublished":"2023-10-23T13:22:26+00:00","dateModified":"2024-05-09T07:01:59+00:00","mainEntityOfPage":{"@id":"https:\/\/www.fcgueugnon.fr\/site\/n3-j06-fc-gueugnon-asptt-dijon-resultat-reactions-et-resume\/7006"},"wordCount":605,"publisher":{"@id":"https:\/\/www.fcgueugnon.fr\/site\/#organization"},"image":{"@id":"https:\/\/www.fcgueugnon.fr\/site\/n3-j06-fc-gueugnon-asptt-dijon-resultat-reactions-et-resume\/7006#primaryimage"},"thumbnailUrl":"https:\/\/www.fcgueugnon.fr\/site\/wp-content\/uploads\/2023\/10\/04I3318-scaled.jpg","keywords":["R\u00e9sultat","Vid\u00e9o"],"articleSection":["News","News 2023\/2024"],"inLanguage":"fr-FR"},{"@type":"WebPage","@id":"https:\/\/www.fcgueugnon.fr\/site\/n3-j06-fc-gueugnon-asptt-dijon-resultat-reactions-et-resume\/7006","url":"https:\/\/www.fcgueugnon.fr\/site\/n3-j06-fc-gueugnon-asptt-dijon-resultat-reactions-et-resume\/7006","name":"[N3 J06 : FC Gueugnon \u2013 ASPTT Dijon] R\u00e9sultat, r\u00e9actions et r\u00e9sum\u00e9 &#8226; FOOTBALL CLUB GUEUGNON","isPartOf":{"@id":"https:\/\/www.fcgueugnon.fr\/site\/#website"},"primaryImageOfPage":{"@id":"https:\/\/www.fcgueugnon.fr\/site\/n3-j06-fc-gueugnon-asptt-dijon-resultat-reactions-et-resume\/7006#primaryimage"},"image":{"@id":"https:\/\/www.fcgueugnon.fr\/site\/n3-j06-fc-gueugnon-asptt-dijon-resultat-reactions-et-resume\/7006#primaryimage"},"thumbnailUrl":"https:\/\/www.fcgueugnon.fr\/site\/wp-content\/uploads\/2023\/10\/04I3318-scaled.jpg","datePublished":"2023-10-23T13:22:26+00:00","dateModified":"2024-05-09T07:01:59+00:00","breadcrumb":{"@id":"https:\/\/www.fcgueugnon.fr\/site\/n3-j06-fc-gueugnon-asptt-dijon-resultat-reactions-et-resume\/7006#breadcrumb"},"inLanguage":"fr-FR","potentialAction":[{"@type":"ReadAction","target":["https:\/\/www.fcgueugnon.fr\/site\/n3-j06-fc-gueugnon-asptt-dijon-resultat-reactions-et-resume\/7006"]}]},{"@type":"ImageObject","inLanguage":"fr-FR","@id":"https:\/\/www.fcgueugnon.fr\/site\/n3-j06-fc-gueugnon-asptt-dijon-resultat-reactions-et-resume\/7006#primaryimage","url":"https:\/\/www.fcgueugnon.fr\/site\/wp-content\/uploads\/2023\/10\/04I3318-scaled.jpg","contentUrl":"https:\/\/www.fcgueugnon.fr\/site\/wp-content\/uploads\/2023\/10\/04I3318-scaled.jpg","width":2560,"height":1707},{"@type":"BreadcrumbList","@id":"https:\/\/www.fcgueugnon.fr\/site\/n3-j06-fc-gueugnon-asptt-dijon-resultat-reactions-et-resume\/7006#breadcrumb","itemListElement":[{"@type":"ListItem","position":1,"name":"Accueil","item":"https:\/\/www.fcgueugnon.fr\/site\/"},{"@type":"ListItem","position":2,"name":"[N3 J06 : FC Gueugnon \u2013 ASPTT Dijon] R\u00e9sultat, r\u00e9actions et r\u00e9sum\u00e9"}]},{"@type":"WebSite","@id":"https:\/\/www.fcgueugnon.fr\/site\/#website","url":"https:\/\/www.fcgueugnon.fr\/site\/","name":"FOOTBALL CLUB GUEUGNON","description":"Le Site Officiel des Forgerons","publisher":{"@id":"https:\/\/www.fcgueugnon.fr\/site\/#organization"},"potentialAction":[{"@type":"SearchAction","target":{"@type":"EntryPoint","urlTemplate":"https:\/\/www.fcgueugnon.fr\/site\/?s={search_term_string}"},"query-input":{"@type":"PropertyValueSpecification","valueRequired":true,"valueName":"search_term_string"}}],"inLanguage":"fr-FR"},{"@type":"Organization","@id":"https:\/\/www.fcgueugnon.fr\/site\/#organization","name":"FC Gueugnon","url":"https:\/\/www.fcgueugnon.fr\/site\/","logo":{"@type":"ImageObject","inLanguage":"fr-FR","@id":"https:\/\/www.fcgueugnon.fr\/site\/#\/schema\/logo\/image\/","url":"https:\/\/www.fcgueugnon.fr\/site\/wp-content\/uploads\/2022\/07\/cropped-Logo-FCGUEUGNON-low-350x350-1.png","contentUrl":"https:\/\/www.fcgueugnon.fr\/site\/wp-content\/uploads\/2022\/07\/cropped-Logo-FCGUEUGNON-low-350x350-1.png","width":350,"height":350,"caption":"FC Gueugnon"},"image":{"@id":"https:\/\/www.fcgueugnon.fr\/site\/#\/schema\/logo\/image\/"},"sameAs":["http:\/\/facebook.com\/FCGueugnon","https:\/\/x.com\/FCGueugnon_off","https:\/\/www.instagram.com\/fcgueugnon\/","https:\/\/www.linkedin.com\/company\/football-club-de-gueugnon\/","https:\/\/www.youtube.com\/user\/FCGueugnonnais","https:\/\/fr.wikipedia.org\/wiki\/Football_Club_de_Gueugnon"]},{"@type":"Person","@id":"https:\/\/www.fcgueugnon.fr\/site\/#\/schema\/person\/6b88acb9354d23e86675fc81c54ed359","name":"FC Gueugnon","url":"https:\/\/www.fcgueugnon.fr\/site\/author\/man-antu"}]}},"rttpg_featured_image_url":{"full":["https:\/\/www.fcgueugnon.fr\/site\/wp-content\/uploads\/2023\/10\/04I3318-scaled.jpg",2560,1707,false],"landscape":["https:\/\/www.fcgueugnon.fr\/site\/wp-content\/uploads\/2023\/10\/04I3318-scaled.jpg",2560,1707,false],"portraits":["https:\/\/www.fcgueugnon.fr\/site\/wp-content\/uploads\/2023\/10\/04I3318-scaled.jpg",2560,1707,false],"thumbnail":["https:\/\/www.fcgueugnon.fr\/site\/wp-content\/uploads\/2023\/10\/04I3318-150x150.jpg",150,150,true],"medium":["https:\/\/www.fcgueugnon.fr\/site\/wp-content\/uploads\/2023\/10\/04I3318-400x267.jpg",400,267,true],"large":["https:\/\/www.fcgueugnon.fr\/site\/wp-content\/uploads\/2023\/10\/04I3318-1024x683.jpg",1024,683,true],"1536x1536":["https:\/\/www.fcgueugnon.fr\/site\/wp-content\/uploads\/2023\/10\/04I3318-1536x1024.jpg",1536,1024,true],"2048x2048":["https:\/\/www.fcgueugnon.fr\/site\/wp-content\/uploads\/2023\/10\/04I3318-2048x1365.jpg",2048,1365,true]},"rttpg_author":{"display_name":"FC Gueugnon","author_link":"https:\/\/www.fcgueugnon.fr\/site\/author\/man-antu"},"rttpg_comment":0,"rttpg_category":"<a href=\"https:\/\/www.fcgueugnon.fr\/site\/category\/news\" rel=\"category tag\">News<\/a> <a href=\"https:\/\/www.fcgueugnon.fr\/site\/category\/news\/news-2023-2024\" rel=\"category tag\">News 2023\/2024<\/a>","rttpg_excerpt":"Victoire des Forgerons 2-0 contre les promus Dijonnais \u00e0 Jean Laville ! Suite \u00e0 leur r\u00e9cente \u00e9limination en coupe de France, les Forgerons font leur retour sur leur terrain et dans leurs couleurs pour accueillir l&rsquo;ASPTT Dijon. Bien que leur d\u00e9faite pr\u00e9c\u00e9dente face \u00e0 Louhans-Cuiseaux ait \u00e9t\u00e9 un revers, nos Gueugnonnais avaient d\u00e9montr\u00e9 une performance\u2026","_links":{"self":[{"href":"https:\/\/www.fcgueugnon.fr\/site\/wp-json\/wp\/v2\/posts\/7006","targetHints":{"allow":["GET"]}}],"collection":[{"href":"https:\/\/www.fcgueugnon.fr\/site\/wp-json\/wp\/v2\/posts"}],"about":[{"href":"https:\/\/www.fcgueugnon.fr\/site\/wp-json\/wp\/v2\/types\/post"}],"author":[{"embeddable":true,"href":"https:\/\/www.fcgueugnon.fr\/site\/wp-json\/wp\/v2\/users\/4"}],"replies":[{"embeddable":true,"href":"https:\/\/www.fcgueugnon.fr\/site\/wp-json\/wp\/v2\/comments?post=7006"}],"version-history":[{"count":12,"href":"https:\/\/www.fcgueugnon.fr\/site\/wp-json\/wp\/v2\/posts\/7006\/revisions"}],"predecessor-version":[{"id":7376,"href":"https:\/\/www.fcgueugnon.fr\/site\/wp-json\/wp\/v2\/posts\/7006\/revisions\/7376"}],"wp:featuredmedia":[{"embeddable":true,"href":"https:\/\/www.fcgueugnon.fr\/site\/wp-json\/wp\/v2\/media\/7016"}],"wp:attachment":[{"href":"https:\/\/www.fcgueugnon.fr\/site\/wp-json\/wp\/v2\/media?parent=7006"}],"wp:term":[{"taxonomy":"category","embeddable":true,"href":"https:\/\/www.fcgueugnon.fr\/site\/wp-json\/wp\/v2\/categories?post=7006"},{"taxonomy":"post_tag","embeddable":true,"href":"https:\/\/www.fcgueugnon.fr\/site\/wp-json\/wp\/v2\/tags?post=7006"}],"curies":[{"name":"wp","href":"https:\/\/api.w.org\/{rel}","templated":true}]}}