{"id":6483,"date":"2023-09-25T13:56:07","date_gmt":"2023-09-25T11:56:07","guid":{"rendered":"https:\/\/www.fcgueugnon.fr\/site\/?p=6483"},"modified":"2023-09-25T13:56:10","modified_gmt":"2023-09-25T11:56:10","slug":"agenda-resultats-du-week-end-du-23-et-24-septembre-2023","status":"publish","type":"post","link":"https:\/\/www.fcgueugnon.fr\/site\/agenda-resultats-du-week-end-du-23-et-24-septembre-2023\/6483","title":{"rendered":"[Agenda] R\u00e9sultats du week-end du 23 et 24 septembre 2023"},"content":{"rendered":"\n<h2 class=\"wp-block-heading\">Retrouvez les r\u00e9sultats de nos forgerons ce week-end :<\/h2>\n\n\n\n<div style=\"height:35px\" aria-hidden=\"true\" class=\"wp-block-spacer\"><\/div>\n\n\n\n<h3 class=\"wp-block-heading blue-underline-title\">S\u00e9niors<\/h3>\n\n\n\n<p><em>Groupe N3<\/em> <em> \u2013<\/em>  N3 J04 \u2705<br>Samedi 23\/09 &#8211; 18h00<br><strong>FC Gueugnon \/ AS La Chapelle de Guinchay : 4-0<\/strong><\/p>\n\n\n\n<div style=\"height:11px\" aria-hidden=\"true\" class=\"wp-block-spacer\"><\/div>\n\n\n<div class=\"wp-block-image\">\n<figure class=\"aligncenter size-large is-resized\"><img loading=\"lazy\" decoding=\"async\" src=\"https:\/\/www.fcgueugnon.fr\/site\/wp-content\/uploads\/2023\/09\/382449358_719987420170293_3193588898685714703_n-1024x683.jpg\" alt=\"\" class=\"wp-image-6515\" style=\"width:697px;height:465px\" width=\"697\" height=\"465\" srcset=\"https:\/\/www.fcgueugnon.fr\/site\/wp-content\/uploads\/2023\/09\/382449358_719987420170293_3193588898685714703_n-1024x683.jpg 1024w, https:\/\/www.fcgueugnon.fr\/site\/wp-content\/uploads\/2023\/09\/382449358_719987420170293_3193588898685714703_n-400x267.jpg 400w, https:\/\/www.fcgueugnon.fr\/site\/wp-content\/uploads\/2023\/09\/382449358_719987420170293_3193588898685714703_n-768x512.jpg 768w, https:\/\/www.fcgueugnon.fr\/site\/wp-content\/uploads\/2023\/09\/382449358_719987420170293_3193588898685714703_n-1536x1024.jpg 1536w, https:\/\/www.fcgueugnon.fr\/site\/wp-content\/uploads\/2023\/09\/382449358_719987420170293_3193588898685714703_n-1320x880.jpg 1320w, https:\/\/www.fcgueugnon.fr\/site\/wp-content\/uploads\/2023\/09\/382449358_719987420170293_3193588898685714703_n-600x400.jpg 600w, https:\/\/www.fcgueugnon.fr\/site\/wp-content\/uploads\/2023\/09\/382449358_719987420170293_3193588898685714703_n.jpg 2048w\" sizes=\"auto, (max-width: 697px) 100vw, 697px\" \/><\/figure>\n<\/div>\n\n\n<p><strong><br><\/strong><\/p>\n\n\n\n<p><em>Groupe Espoirs<\/em> <em> \u2013<\/em>  R1 J03 \ud83d\udfe7<br>Samedi 23\/09 &#8211; 18h00<br><strong>FC Montceau \/ FC Gueugnon <\/strong>: <strong>0-0<\/strong><\/p>\n\n\n\n<div style=\"height:35px\" aria-hidden=\"true\" class=\"wp-block-spacer\"><\/div>\n\n\n\n<h3 class=\"wp-block-heading blue-underline-title\">Sport E.Leclerc Acad\u00e9mie<\/h3>\n\n\n\n<p><em>U18<\/em> <em> \u2013<\/em> R1 J03 \u2705<br>Samedi 23\/09 &#8211; 11h00<br><strong>FC Gueugnon \/ Chevigny st Sauveur <\/strong>:<strong> 4-3<\/strong><\/p>\n\n\n\n<div style=\"height:11px\" aria-hidden=\"true\" class=\"wp-block-spacer\"><\/div>\n\n\n\n<figure class=\"wp-block-coblocks-gallery-masonry masonry-grid has-medium-gutter\">\n<figure class=\"wp-block-image size-large\"><img loading=\"lazy\" decoding=\"async\" width=\"1024\" height=\"768\" src=\"https:\/\/www.fcgueugnon.fr\/site\/wp-content\/uploads\/2023\/09\/WhatsApp-Image-2023-09-23-at-17.19.50-1-1024x768.jpeg\" alt=\"Image gallery image\" class=\"wp-image-6489\" srcset=\"https:\/\/www.fcgueugnon.fr\/site\/wp-content\/uploads\/2023\/09\/WhatsApp-Image-2023-09-23-at-17.19.50-1-1024x768.jpeg 1024w, https:\/\/www.fcgueugnon.fr\/site\/wp-content\/uploads\/2023\/09\/WhatsApp-Image-2023-09-23-at-17.19.50-1-400x300.jpeg 400w, https:\/\/www.fcgueugnon.fr\/site\/wp-content\/uploads\/2023\/09\/WhatsApp-Image-2023-09-23-at-17.19.50-1-768x576.jpeg 768w, https:\/\/www.fcgueugnon.fr\/site\/wp-content\/uploads\/2023\/09\/WhatsApp-Image-2023-09-23-at-17.19.50-1-1536x1152.jpeg 1536w, https:\/\/www.fcgueugnon.fr\/site\/wp-content\/uploads\/2023\/09\/WhatsApp-Image-2023-09-23-at-17.19.50-1-1320x990.jpeg 1320w, https:\/\/www.fcgueugnon.fr\/site\/wp-content\/uploads\/2023\/09\/WhatsApp-Image-2023-09-23-at-17.19.50-1-600x450.jpeg 600w, https:\/\/www.fcgueugnon.fr\/site\/wp-content\/uploads\/2023\/09\/WhatsApp-Image-2023-09-23-at-17.19.50-1.jpeg 2048w\" sizes=\"auto, (max-width: 1024px) 100vw, 1024px\" \/><\/figure>\n\n\n\n<figure class=\"wp-block-image size-large\"><img loading=\"lazy\" decoding=\"async\" width=\"1024\" height=\"768\" src=\"https:\/\/www.fcgueugnon.fr\/site\/wp-content\/uploads\/2023\/09\/WhatsApp-Image-2023-09-23-at-17.19.40-1024x768.jpeg\" alt=\"Image gallery image\" class=\"wp-image-6488\" srcset=\"https:\/\/www.fcgueugnon.fr\/site\/wp-content\/uploads\/2023\/09\/WhatsApp-Image-2023-09-23-at-17.19.40-1024x768.jpeg 1024w, https:\/\/www.fcgueugnon.fr\/site\/wp-content\/uploads\/2023\/09\/WhatsApp-Image-2023-09-23-at-17.19.40-400x300.jpeg 400w, https:\/\/www.fcgueugnon.fr\/site\/wp-content\/uploads\/2023\/09\/WhatsApp-Image-2023-09-23-at-17.19.40-768x576.jpeg 768w, https:\/\/www.fcgueugnon.fr\/site\/wp-content\/uploads\/2023\/09\/WhatsApp-Image-2023-09-23-at-17.19.40-1536x1152.jpeg 1536w, https:\/\/www.fcgueugnon.fr\/site\/wp-content\/uploads\/2023\/09\/WhatsApp-Image-2023-09-23-at-17.19.40-1320x990.jpeg 1320w, https:\/\/www.fcgueugnon.fr\/site\/wp-content\/uploads\/2023\/09\/WhatsApp-Image-2023-09-23-at-17.19.40-600x450.jpeg 600w, https:\/\/www.fcgueugnon.fr\/site\/wp-content\/uploads\/2023\/09\/WhatsApp-Image-2023-09-23-at-17.19.40.jpeg 2048w\" sizes=\"auto, (max-width: 1024px) 100vw, 1024px\" \/><\/figure>\n<\/figure>\n\n\n\n<div style=\"height:28px\" aria-hidden=\"true\" class=\"wp-block-spacer\"><\/div>\n\n\n\n<p><em>U16  \u2013<\/em> R1 J03 \u2705<br>Dimanche 24\/09 &#8211; 13h00<br><strong>FC Gueugnon \/ ASPTT Dijon : 3-0<\/strong><\/p>\n\n\n\n<div style=\"height:11px\" aria-hidden=\"true\" class=\"wp-block-spacer\"><\/div>\n\n\n\n<figure class=\"wp-block-coblocks-gallery-masonry masonry-grid has-medium-gutter\">\n<figure class=\"wp-block-image size-large\"><img loading=\"lazy\" decoding=\"async\" width=\"1024\" height=\"637\" src=\"https:\/\/www.fcgueugnon.fr\/site\/wp-content\/uploads\/2023\/09\/WhatsApp-Image-2023-09-24-at-18.45.44-1-1024x637.jpeg\" alt=\"Image gallery image\" class=\"wp-image-6511\" srcset=\"https:\/\/www.fcgueugnon.fr\/site\/wp-content\/uploads\/2023\/09\/WhatsApp-Image-2023-09-24-at-18.45.44-1-1024x637.jpeg 1024w, https:\/\/www.fcgueugnon.fr\/site\/wp-content\/uploads\/2023\/09\/WhatsApp-Image-2023-09-24-at-18.45.44-1-400x249.jpeg 400w, https:\/\/www.fcgueugnon.fr\/site\/wp-content\/uploads\/2023\/09\/WhatsApp-Image-2023-09-24-at-18.45.44-1-768x478.jpeg 768w, https:\/\/www.fcgueugnon.fr\/site\/wp-content\/uploads\/2023\/09\/WhatsApp-Image-2023-09-24-at-18.45.44-1-1536x956.jpeg 1536w, https:\/\/www.fcgueugnon.fr\/site\/wp-content\/uploads\/2023\/09\/WhatsApp-Image-2023-09-24-at-18.45.44-1-1320x822.jpeg 1320w, https:\/\/www.fcgueugnon.fr\/site\/wp-content\/uploads\/2023\/09\/WhatsApp-Image-2023-09-24-at-18.45.44-1-600x374.jpeg 600w, https:\/\/www.fcgueugnon.fr\/site\/wp-content\/uploads\/2023\/09\/WhatsApp-Image-2023-09-24-at-18.45.44-1.jpeg 1600w\" sizes=\"auto, (max-width: 1024px) 100vw, 1024px\" \/><\/figure>\n\n\n\n<figure class=\"wp-block-image size-large\"><img loading=\"lazy\" decoding=\"async\" width=\"705\" height=\"436\" src=\"https:\/\/www.fcgueugnon.fr\/site\/wp-content\/uploads\/2023\/09\/WhatsApp-Image-2023-09-25-at-11.23.54-1.jpeg\" alt=\"Image gallery image\" class=\"wp-image-6512\" srcset=\"https:\/\/www.fcgueugnon.fr\/site\/wp-content\/uploads\/2023\/09\/WhatsApp-Image-2023-09-25-at-11.23.54-1.jpeg 705w, https:\/\/www.fcgueugnon.fr\/site\/wp-content\/uploads\/2023\/09\/WhatsApp-Image-2023-09-25-at-11.23.54-1-400x247.jpeg 400w, https:\/\/www.fcgueugnon.fr\/site\/wp-content\/uploads\/2023\/09\/WhatsApp-Image-2023-09-25-at-11.23.54-1-600x371.jpeg 600w\" sizes=\"auto, (max-width: 705px) 100vw, 705px\" \/><\/figure>\n<\/figure>\n\n\n\n<div style=\"height:28px\" aria-hidden=\"true\" class=\"wp-block-spacer\"><\/div>\n\n\n\n<p><em>U15  \u2013<\/em> R1 J03 \u2611<br>Samedi 23\/09 &#8211; 15h00<br><strong>AJ Auxerre \/ FC Gueugnon 1-0<\/strong><\/p>\n\n\n\n<p><em>U15F \u2013<\/em> R1 J01 \u2705<br>Samedi 23\/09 &#8211; 13h30<br><strong><strong>Clayettois Reunis 1<\/strong><\/strong> <strong>\/ FC Gueugnon<\/strong> <strong>: 5-1<\/strong><\/p>\n\n\n\n<div style=\"height:11px\" aria-hidden=\"true\" class=\"wp-block-spacer\"><\/div>\n\n\n\n<figure class=\"wp-block-coblocks-gallery-masonry masonry-grid has-medium-gutter\">\n<figure class=\"wp-block-image size-large\"><img loading=\"lazy\" decoding=\"async\" width=\"1024\" height=\"768\" src=\"https:\/\/www.fcgueugnon.fr\/site\/wp-content\/uploads\/2023\/09\/WhatsApp-Image-2023-09-23-at-15.17.21-1024x768.jpeg\" alt=\"Image gallery image\" class=\"wp-image-6485\" srcset=\"https:\/\/www.fcgueugnon.fr\/site\/wp-content\/uploads\/2023\/09\/WhatsApp-Image-2023-09-23-at-15.17.21-1024x768.jpeg 1024w, https:\/\/www.fcgueugnon.fr\/site\/wp-content\/uploads\/2023\/09\/WhatsApp-Image-2023-09-23-at-15.17.21-400x300.jpeg 400w, https:\/\/www.fcgueugnon.fr\/site\/wp-content\/uploads\/2023\/09\/WhatsApp-Image-2023-09-23-at-15.17.21-768x576.jpeg 768w, https:\/\/www.fcgueugnon.fr\/site\/wp-content\/uploads\/2023\/09\/WhatsApp-Image-2023-09-23-at-15.17.21-1536x1152.jpeg 1536w, https:\/\/www.fcgueugnon.fr\/site\/wp-content\/uploads\/2023\/09\/WhatsApp-Image-2023-09-23-at-15.17.21-1320x990.jpeg 1320w, https:\/\/www.fcgueugnon.fr\/site\/wp-content\/uploads\/2023\/09\/WhatsApp-Image-2023-09-23-at-15.17.21-600x450.jpeg 600w, https:\/\/www.fcgueugnon.fr\/site\/wp-content\/uploads\/2023\/09\/WhatsApp-Image-2023-09-23-at-15.17.21.jpeg 1600w\" sizes=\"auto, (max-width: 1024px) 100vw, 1024px\" \/><\/figure>\n\n\n\n<figure class=\"wp-block-image size-large\"><img loading=\"lazy\" decoding=\"async\" width=\"1024\" height=\"768\" src=\"https:\/\/www.fcgueugnon.fr\/site\/wp-content\/uploads\/2023\/09\/WhatsApp-Image-2023-09-23-at-15.17.23-1024x768.jpeg\" alt=\"Image gallery image\" class=\"wp-image-6487\" srcset=\"https:\/\/www.fcgueugnon.fr\/site\/wp-content\/uploads\/2023\/09\/WhatsApp-Image-2023-09-23-at-15.17.23-1024x768.jpeg 1024w, https:\/\/www.fcgueugnon.fr\/site\/wp-content\/uploads\/2023\/09\/WhatsApp-Image-2023-09-23-at-15.17.23-400x300.jpeg 400w, https:\/\/www.fcgueugnon.fr\/site\/wp-content\/uploads\/2023\/09\/WhatsApp-Image-2023-09-23-at-15.17.23-768x576.jpeg 768w, https:\/\/www.fcgueugnon.fr\/site\/wp-content\/uploads\/2023\/09\/WhatsApp-Image-2023-09-23-at-15.17.23-1536x1152.jpeg 1536w, https:\/\/www.fcgueugnon.fr\/site\/wp-content\/uploads\/2023\/09\/WhatsApp-Image-2023-09-23-at-15.17.23-1320x990.jpeg 1320w, https:\/\/www.fcgueugnon.fr\/site\/wp-content\/uploads\/2023\/09\/WhatsApp-Image-2023-09-23-at-15.17.23-600x450.jpeg 600w, https:\/\/www.fcgueugnon.fr\/site\/wp-content\/uploads\/2023\/09\/WhatsApp-Image-2023-09-23-at-15.17.23.jpeg 1600w\" sizes=\"auto, (max-width: 1024px) 100vw, 1024px\" \/><\/figure>\n\n\n\n<figure class=\"wp-block-image size-large\"><img loading=\"lazy\" decoding=\"async\" width=\"1024\" height=\"768\" src=\"https:\/\/www.fcgueugnon.fr\/site\/wp-content\/uploads\/2023\/09\/WhatsApp-Image-2023-09-23-at-15.17.21-1-1024x768.jpeg\" alt=\"Image gallery image\" class=\"wp-image-6486\" srcset=\"https:\/\/www.fcgueugnon.fr\/site\/wp-content\/uploads\/2023\/09\/WhatsApp-Image-2023-09-23-at-15.17.21-1-1024x768.jpeg 1024w, https:\/\/www.fcgueugnon.fr\/site\/wp-content\/uploads\/2023\/09\/WhatsApp-Image-2023-09-23-at-15.17.21-1-400x300.jpeg 400w, https:\/\/www.fcgueugnon.fr\/site\/wp-content\/uploads\/2023\/09\/WhatsApp-Image-2023-09-23-at-15.17.21-1-768x576.jpeg 768w, https:\/\/www.fcgueugnon.fr\/site\/wp-content\/uploads\/2023\/09\/WhatsApp-Image-2023-09-23-at-15.17.21-1-1536x1152.jpeg 1536w, https:\/\/www.fcgueugnon.fr\/site\/wp-content\/uploads\/2023\/09\/WhatsApp-Image-2023-09-23-at-15.17.21-1-1320x990.jpeg 1320w, https:\/\/www.fcgueugnon.fr\/site\/wp-content\/uploads\/2023\/09\/WhatsApp-Image-2023-09-23-at-15.17.21-1-600x450.jpeg 600w, https:\/\/www.fcgueugnon.fr\/site\/wp-content\/uploads\/2023\/09\/WhatsApp-Image-2023-09-23-at-15.17.21-1.jpeg 1600w\" sizes=\"auto, (max-width: 1024px) 100vw, 1024px\" \/><\/figure>\n<\/figure>\n\n\n\n<div style=\"height:11px\" aria-hidden=\"true\" class=\"wp-block-spacer\"><\/div>\n\n\n\n<p><em>U14  \u2013<\/em> R1 J03 \u2705<br>Samedi 23\/09 &#8211; 11h00<br><strong>FC Gueugnon \/ AFGP 58 : 2-0<\/strong><\/p>\n\n\n\n<div style=\"height:11px\" aria-hidden=\"true\" class=\"wp-block-spacer\"><\/div>\n\n\n<div class=\"wp-block-image\">\n<figure class=\"aligncenter size-full is-resized\"><img loading=\"lazy\" decoding=\"async\" src=\"https:\/\/www.fcgueugnon.fr\/site\/wp-content\/uploads\/2023\/09\/WhatsApp-Image-2023-09-23-at-16.19.33.jpeg\" alt=\"\" class=\"wp-image-6490\" style=\"width:363px;height:484px\" width=\"363\" height=\"484\" srcset=\"https:\/\/www.fcgueugnon.fr\/site\/wp-content\/uploads\/2023\/09\/WhatsApp-Image-2023-09-23-at-16.19.33.jpeg 768w, https:\/\/www.fcgueugnon.fr\/site\/wp-content\/uploads\/2023\/09\/WhatsApp-Image-2023-09-23-at-16.19.33-300x400.jpeg 300w, https:\/\/www.fcgueugnon.fr\/site\/wp-content\/uploads\/2023\/09\/WhatsApp-Image-2023-09-23-at-16.19.33-600x800.jpeg 600w\" sizes=\"auto, (max-width: 363px) 100vw, 363px\" \/><\/figure>\n<\/div>\n\n\n<div style=\"height:26px\" aria-hidden=\"true\" class=\"wp-block-spacer\"><\/div>\n\n\n\n<p><em>U13 \u2013 D<\/em>1 J02 \u2611<br>Samedi 23\/09 \u2013 15h00<br><strong>FC Gueugnon \/ FC Chalon : 1-2 <\/strong><\/p>\n\n\n\n<p><em>U13 \u2013 D<\/em>2 J02 \u2705<br>Samedi 23\/09 \u2013 13h30<br><strong>FC Gueugnon \/ Ent.Bourbon\u00a0: 4-2<\/strong><\/p>\n\n\n\n<p><em>U11 \u2013 Niveau 1\u00a0<\/em><br>Samedi 23\/09 \u2013 14h00<br><strong>UF M\u00e2connais \/ FC Gueugnon <\/strong><\/p>\n\n\n\n<div style=\"height:11px\" aria-hidden=\"true\" class=\"wp-block-spacer\"><\/div>\n\n\n<div class=\"wp-block-image\">\n<figure class=\"aligncenter size-full is-resized\"><img loading=\"lazy\" decoding=\"async\" src=\"https:\/\/www.fcgueugnon.fr\/site\/wp-content\/uploads\/2023\/09\/WhatsApp-Image-2023-09-25-at-10.45.26-1.jpeg\" alt=\"\" class=\"wp-image-6508\" style=\"width:364px;height:448px\" width=\"364\" height=\"448\" srcset=\"https:\/\/www.fcgueugnon.fr\/site\/wp-content\/uploads\/2023\/09\/WhatsApp-Image-2023-09-25-at-10.45.26-1.jpeg 828w, https:\/\/www.fcgueugnon.fr\/site\/wp-content\/uploads\/2023\/09\/WhatsApp-Image-2023-09-25-at-10.45.26-1-325x400.jpeg 325w, https:\/\/www.fcgueugnon.fr\/site\/wp-content\/uploads\/2023\/09\/WhatsApp-Image-2023-09-25-at-10.45.26-1-768x944.jpeg 768w, https:\/\/www.fcgueugnon.fr\/site\/wp-content\/uploads\/2023\/09\/WhatsApp-Image-2023-09-25-at-10.45.26-1-600x738.jpeg 600w\" sizes=\"auto, (max-width: 364px) 100vw, 364px\" \/><\/figure>\n<\/div>\n\n\n<div style=\"height:11px\" aria-hidden=\"true\" class=\"wp-block-spacer\"><\/div>\n\n\n\n<p><em>U11 \u2013 Niveau <\/em>2<br>Samedi 23\/09  \u2013 14h00\u00a0<br><strong>USC Paray \/ FC Gueugnon <\/strong><\/p>\n\n\n\n<div style=\"height:11px\" aria-hidden=\"true\" class=\"wp-block-spacer\"><\/div>\n\n\n<div class=\"wp-block-image\">\n<figure class=\"aligncenter size-large is-resized\"><img loading=\"lazy\" decoding=\"async\" src=\"https:\/\/www.fcgueugnon.fr\/site\/wp-content\/uploads\/2023\/09\/WhatsApp-Image-2023-09-25-at-10.46.21-1024x768.jpeg\" alt=\"\" class=\"wp-image-6509\" style=\"width:517px;height:388px\" width=\"517\" height=\"388\" srcset=\"https:\/\/www.fcgueugnon.fr\/site\/wp-content\/uploads\/2023\/09\/WhatsApp-Image-2023-09-25-at-10.46.21-1024x768.jpeg 1024w, https:\/\/www.fcgueugnon.fr\/site\/wp-content\/uploads\/2023\/09\/WhatsApp-Image-2023-09-25-at-10.46.21-400x300.jpeg 400w, https:\/\/www.fcgueugnon.fr\/site\/wp-content\/uploads\/2023\/09\/WhatsApp-Image-2023-09-25-at-10.46.21-768x576.jpeg 768w, https:\/\/www.fcgueugnon.fr\/site\/wp-content\/uploads\/2023\/09\/WhatsApp-Image-2023-09-25-at-10.46.21-1536x1152.jpeg 1536w, https:\/\/www.fcgueugnon.fr\/site\/wp-content\/uploads\/2023\/09\/WhatsApp-Image-2023-09-25-at-10.46.21-1320x990.jpeg 1320w, https:\/\/www.fcgueugnon.fr\/site\/wp-content\/uploads\/2023\/09\/WhatsApp-Image-2023-09-25-at-10.46.21-600x450.jpeg 600w, https:\/\/www.fcgueugnon.fr\/site\/wp-content\/uploads\/2023\/09\/WhatsApp-Image-2023-09-25-at-10.46.21.jpeg 2048w\" sizes=\"auto, (max-width: 517px) 100vw, 517px\" \/><\/figure>\n<\/div>\n\n\n<div style=\"height:11px\" aria-hidden=\"true\" class=\"wp-block-spacer\"><\/div>\n\n\n\n<p><em>U11 \u2013 Niveau <\/em>3<br>Samedi 23\/09  \u2013 14h00\u00a0<br><strong>ASSC St Christophe en Brionnais \/ FC Gueugnon <\/strong><\/p>\n\n\n\n<p><em>U08-U09 <\/em><br>Samedi 23\/09 \u2013 13h30\u00a0\u00e0 17h00<br><strong>Rentr\u00e9e du Foot \u00e0 Sanvignes <\/strong><\/p>\n\n\n\n<div style=\"height:11px\" aria-hidden=\"true\" class=\"wp-block-spacer\"><\/div>\n\n\n\n<figure class=\"wp-block-coblocks-gallery-masonry masonry-grid has-medium-gutter\">\n<figure class=\"wp-block-image size-large\"><img loading=\"lazy\" decoding=\"async\" width=\"900\" height=\"900\" src=\"https:\/\/www.fcgueugnon.fr\/site\/wp-content\/uploads\/2023\/09\/WhatsApp-Image-2023-09-25-at-10.44.25-1.jpeg\" alt=\"Image gallery image\" class=\"wp-image-6518\" srcset=\"https:\/\/www.fcgueugnon.fr\/site\/wp-content\/uploads\/2023\/09\/WhatsApp-Image-2023-09-25-at-10.44.25-1.jpeg 900w, https:\/\/www.fcgueugnon.fr\/site\/wp-content\/uploads\/2023\/09\/WhatsApp-Image-2023-09-25-at-10.44.25-1-400x400.jpeg 400w, https:\/\/www.fcgueugnon.fr\/site\/wp-content\/uploads\/2023\/09\/WhatsApp-Image-2023-09-25-at-10.44.25-1-150x150.jpeg 150w, https:\/\/www.fcgueugnon.fr\/site\/wp-content\/uploads\/2023\/09\/WhatsApp-Image-2023-09-25-at-10.44.25-1-768x768.jpeg 768w, https:\/\/www.fcgueugnon.fr\/site\/wp-content\/uploads\/2023\/09\/WhatsApp-Image-2023-09-25-at-10.44.25-1-300x300.jpeg 300w, https:\/\/www.fcgueugnon.fr\/site\/wp-content\/uploads\/2023\/09\/WhatsApp-Image-2023-09-25-at-10.44.25-1-600x600.jpeg 600w, https:\/\/www.fcgueugnon.fr\/site\/wp-content\/uploads\/2023\/09\/WhatsApp-Image-2023-09-25-at-10.44.25-1-100x100.jpeg 100w\" sizes=\"auto, (max-width: 900px) 100vw, 900px\" \/><\/figure>\n\n\n\n<figure class=\"wp-block-image size-large\"><img loading=\"lazy\" decoding=\"async\" width=\"1024\" height=\"1024\" src=\"https:\/\/www.fcgueugnon.fr\/site\/wp-content\/uploads\/2023\/09\/WhatsApp-Image-2023-09-25-at-10.44.06-1024x1024.jpeg\" alt=\"Image gallery image\" class=\"wp-image-6519\" srcset=\"https:\/\/www.fcgueugnon.fr\/site\/wp-content\/uploads\/2023\/09\/WhatsApp-Image-2023-09-25-at-10.44.06-1024x1024.jpeg 1024w, https:\/\/www.fcgueugnon.fr\/site\/wp-content\/uploads\/2023\/09\/WhatsApp-Image-2023-09-25-at-10.44.06-400x400.jpeg 400w, https:\/\/www.fcgueugnon.fr\/site\/wp-content\/uploads\/2023\/09\/WhatsApp-Image-2023-09-25-at-10.44.06-150x150.jpeg 150w, https:\/\/www.fcgueugnon.fr\/site\/wp-content\/uploads\/2023\/09\/WhatsApp-Image-2023-09-25-at-10.44.06-768x768.jpeg 768w, https:\/\/www.fcgueugnon.fr\/site\/wp-content\/uploads\/2023\/09\/WhatsApp-Image-2023-09-25-at-10.44.06-300x300.jpeg 300w, https:\/\/www.fcgueugnon.fr\/site\/wp-content\/uploads\/2023\/09\/WhatsApp-Image-2023-09-25-at-10.44.06-600x600.jpeg 600w, https:\/\/www.fcgueugnon.fr\/site\/wp-content\/uploads\/2023\/09\/WhatsApp-Image-2023-09-25-at-10.44.06-100x100.jpeg 100w, https:\/\/www.fcgueugnon.fr\/site\/wp-content\/uploads\/2023\/09\/WhatsApp-Image-2023-09-25-at-10.44.06.jpeg 1200w\" sizes=\"auto, (max-width: 1024px) 100vw, 1024px\" \/><\/figure>\n\n\n\n<figure class=\"wp-block-image size-large\"><img loading=\"lazy\" decoding=\"async\" width=\"1024\" height=\"1024\" src=\"https:\/\/www.fcgueugnon.fr\/site\/wp-content\/uploads\/2023\/09\/WhatsApp-Image-2023-09-25-at-10.44.25-1-1-1024x1024.jpeg\" alt=\"Image gallery image\" class=\"wp-image-6520\" srcset=\"https:\/\/www.fcgueugnon.fr\/site\/wp-content\/uploads\/2023\/09\/WhatsApp-Image-2023-09-25-at-10.44.25-1-1-1024x1024.jpeg 1024w, https:\/\/www.fcgueugnon.fr\/site\/wp-content\/uploads\/2023\/09\/WhatsApp-Image-2023-09-25-at-10.44.25-1-1-400x400.jpeg 400w, https:\/\/www.fcgueugnon.fr\/site\/wp-content\/uploads\/2023\/09\/WhatsApp-Image-2023-09-25-at-10.44.25-1-1-150x150.jpeg 150w, https:\/\/www.fcgueugnon.fr\/site\/wp-content\/uploads\/2023\/09\/WhatsApp-Image-2023-09-25-at-10.44.25-1-1-768x768.jpeg 768w, https:\/\/www.fcgueugnon.fr\/site\/wp-content\/uploads\/2023\/09\/WhatsApp-Image-2023-09-25-at-10.44.25-1-1-1320x1320.jpeg 1320w, https:\/\/www.fcgueugnon.fr\/site\/wp-content\/uploads\/2023\/09\/WhatsApp-Image-2023-09-25-at-10.44.25-1-1-300x300.jpeg 300w, https:\/\/www.fcgueugnon.fr\/site\/wp-content\/uploads\/2023\/09\/WhatsApp-Image-2023-09-25-at-10.44.25-1-1-600x600.jpeg 600w, https:\/\/www.fcgueugnon.fr\/site\/wp-content\/uploads\/2023\/09\/WhatsApp-Image-2023-09-25-at-10.44.25-1-1-100x100.jpeg 100w, https:\/\/www.fcgueugnon.fr\/site\/wp-content\/uploads\/2023\/09\/WhatsApp-Image-2023-09-25-at-10.44.25-1-1.jpeg 1536w\" sizes=\"auto, (max-width: 1024px) 100vw, 1024px\" \/><\/figure>\n<\/figure>\n\n\n\n<div style=\"height:11px\" aria-hidden=\"true\" class=\"wp-block-spacer\"><\/div>\n\n\n\n<p>U09F <br>Samedi 23\/09 \u2013 13h30\u00a0\u00e0 17h00<br><strong>Rentr\u00e9e du Foot \u00e0 Sanvignes <\/strong><\/p>\n\n\n\n<div style=\"height:11px\" aria-hidden=\"true\" class=\"wp-block-spacer\"><\/div>\n\n\n<div class=\"wp-block-image\">\n<figure class=\"aligncenter size-large is-resized\"><img loading=\"lazy\" decoding=\"async\" src=\"https:\/\/www.fcgueugnon.fr\/site\/wp-content\/uploads\/2023\/09\/WhatsApp-Image-2023-09-25-at-10.44.26-576x1024.jpeg\" alt=\"\" class=\"wp-image-6505\" style=\"width:302px;height:536px\" width=\"302\" height=\"536\" srcset=\"https:\/\/www.fcgueugnon.fr\/site\/wp-content\/uploads\/2023\/09\/WhatsApp-Image-2023-09-25-at-10.44.26-576x1024.jpeg 576w, https:\/\/www.fcgueugnon.fr\/site\/wp-content\/uploads\/2023\/09\/WhatsApp-Image-2023-09-25-at-10.44.26-225x400.jpeg 225w, https:\/\/www.fcgueugnon.fr\/site\/wp-content\/uploads\/2023\/09\/WhatsApp-Image-2023-09-25-at-10.44.26-768x1365.jpeg 768w, https:\/\/www.fcgueugnon.fr\/site\/wp-content\/uploads\/2023\/09\/WhatsApp-Image-2023-09-25-at-10.44.26-864x1536.jpeg 864w, https:\/\/www.fcgueugnon.fr\/site\/wp-content\/uploads\/2023\/09\/WhatsApp-Image-2023-09-25-at-10.44.26-600x1067.jpeg 600w, https:\/\/www.fcgueugnon.fr\/site\/wp-content\/uploads\/2023\/09\/WhatsApp-Image-2023-09-25-at-10.44.26.jpeg 900w\" sizes=\"auto, (max-width: 302px) 100vw, 302px\" \/><\/figure>\n<\/div>\n\n\n<div style=\"height:11px\" aria-hidden=\"true\" class=\"wp-block-spacer\"><\/div>\n\n\n\n<p><em>U06-U0<\/em>7<br>Samedi 23\/09 \u2013 9h30\u00a0\u00e0 12h30<br><strong>Rentr\u00e9e du Foot \u00e0 Sanvignes <\/strong><\/p>\n\n\n\n<div style=\"height:11px\" aria-hidden=\"true\" class=\"wp-block-spacer\"><\/div>\n\n\n\n<figure class=\"wp-block-coblocks-gallery-masonry masonry-grid has-medium-gutter\">\n<figure class=\"wp-block-image size-large\"><img loading=\"lazy\" decoding=\"async\" width=\"360\" height=\"360\" src=\"https:\/\/www.fcgueugnon.fr\/site\/wp-content\/uploads\/2023\/09\/WhatsApp-Image-2023-09-23-at-18.45.22.jpeg\" alt=\"Image gallery image\" class=\"wp-image-6522\" srcset=\"https:\/\/www.fcgueugnon.fr\/site\/wp-content\/uploads\/2023\/09\/WhatsApp-Image-2023-09-23-at-18.45.22.jpeg 360w, https:\/\/www.fcgueugnon.fr\/site\/wp-content\/uploads\/2023\/09\/WhatsApp-Image-2023-09-23-at-18.45.22-150x150.jpeg 150w, https:\/\/www.fcgueugnon.fr\/site\/wp-content\/uploads\/2023\/09\/WhatsApp-Image-2023-09-23-at-18.45.22-300x300.jpeg 300w, https:\/\/www.fcgueugnon.fr\/site\/wp-content\/uploads\/2023\/09\/WhatsApp-Image-2023-09-23-at-18.45.22-100x100.jpeg 100w\" sizes=\"auto, (max-width: 360px) 100vw, 360px\" \/><\/figure>\n\n\n\n<figure class=\"wp-block-image size-large\"><img loading=\"lazy\" decoding=\"async\" width=\"720\" height=\"720\" src=\"https:\/\/www.fcgueugnon.fr\/site\/wp-content\/uploads\/2023\/09\/WhatsApp-Image-2023-09-23-at-18.43.32.jpeg\" alt=\"Image gallery image\" class=\"wp-image-6521\" srcset=\"https:\/\/www.fcgueugnon.fr\/site\/wp-content\/uploads\/2023\/09\/WhatsApp-Image-2023-09-23-at-18.43.32.jpeg 720w, https:\/\/www.fcgueugnon.fr\/site\/wp-content\/uploads\/2023\/09\/WhatsApp-Image-2023-09-23-at-18.43.32-400x400.jpeg 400w, https:\/\/www.fcgueugnon.fr\/site\/wp-content\/uploads\/2023\/09\/WhatsApp-Image-2023-09-23-at-18.43.32-150x150.jpeg 150w, https:\/\/www.fcgueugnon.fr\/site\/wp-content\/uploads\/2023\/09\/WhatsApp-Image-2023-09-23-at-18.43.32-300x300.jpeg 300w, https:\/\/www.fcgueugnon.fr\/site\/wp-content\/uploads\/2023\/09\/WhatsApp-Image-2023-09-23-at-18.43.32-600x600.jpeg 600w, https:\/\/www.fcgueugnon.fr\/site\/wp-content\/uploads\/2023\/09\/WhatsApp-Image-2023-09-23-at-18.43.32-100x100.jpeg 100w\" sizes=\"auto, (max-width: 720px) 100vw, 720px\" \/><\/figure>\n<\/figure>\n\n\n\n<div style=\"height:35px\" aria-hidden=\"true\" class=\"wp-block-spacer\"><\/div>\n\n\n\n<h3 class=\"wp-block-heading blue-underline-title\">Arbitres<\/h3>\n\n\n\n<p class=\"is-style-default\" style=\"text-decoration:underline\">Samedi 23\/09<\/p>\n\n\n\n<p><strong>Medhi OTMANI<\/strong><br>U18 D2 : Blanzy Usb Foot 21&nbsp;\/ Usrf 21<\/p>\n\n\n\n<p><strong>Fabrice MUET<br><\/strong>U18 D2 : Ent.Sud Foot 71 21&nbsp;\/ Ent.Dscb 1 21<\/p>\n\n\n\n<p style=\"text-decoration:underline\">Dimanche 24\/09<\/p>\n\n\n\n<p><strong>Lucas MENAGER<br><\/strong>R3 : Sud Foot 71 1&nbsp;\/ Esn 58 1<\/p>\n\n\n\n<p><strong>Fabrice MUET<br><\/strong>D2 : Mellecey Mercurey 1&nbsp;\/ Verdun 1<\/p>\n\n\n\n<p><strong>Medhi OTMANI<\/strong><br>D3 : Antully 1&nbsp;\/ Breuil 3<\/p>\n\n\n\n<p><strong>Magide MAHLA<br><\/strong>D3 : St Christophe 1&nbsp;\/ St Vincent 2<\/p>\n\n\n\n<div style=\"height:47px\" aria-hidden=\"true\" class=\"wp-block-spacer mb-0\"><\/div>\n\n\n\n<h1 class=\"wp-block-heading has-text-align-center\">#ForgeronFamily<\/h1>\n","protected":false},"excerpt":{"rendered":"<p>Retrouvez les r\u00e9sultats de nos forgerons ce week-end : S\u00e9niors Groupe N3 \u2013 N3 J04 \u2705Samedi 23\/09 &#8211; 18h00FC Gueugnon \/ AS La Chapelle de Guinchay : 4-0 Groupe Espoirs \u2013 R1 J03 \ud83d\udfe7Samedi 23\/09 &#8211; 18h00FC Montceau \/ FC Gueugnon : 0-0 Sport E.Leclerc Acad\u00e9mie U18 \u2013 R1 J03 \u2705Samedi 23\/09 &#8211; 11h00FC Gueugnon &#8230; <\/p>\n<p class=\"read-more-container\"><a title=\"[Agenda] R\u00e9sultats du week-end du 23 et 24 septembre 2023\" class=\"read-more button\" href=\"https:\/\/www.fcgueugnon.fr\/site\/agenda-resultats-du-week-end-du-23-et-24-septembre-2023\/6483#more-6483\" aria-label=\"Plus sur [Agenda] R\u00e9sultats du week-end du 23 et 24 septembre 2023\">Lire la suite<\/a><\/p>\n","protected":false},"author":4,"featured_media":6061,"comment_status":"closed","ping_status":"closed","sticky":false,"template":"","format":"standard","meta":{"footnotes":""},"categories":[4,55],"tags":[33,14],"class_list":["post-6483","post","type-post","status-publish","format-standard","has-post-thumbnail","hentry","category-news","category-news-2023-2024","tag-agenda","tag-sport-e-leclerc-academie-jeunes-formation","infinite-scroll-item","generate-columns","tablet-grid-50","mobile-grid-100","grid-parent","grid-25","resize-featured-image"],"yoast_head":"<!-- This site is optimized with the Yoast SEO plugin v26.6 - https:\/\/yoast.com\/wordpress\/plugins\/seo\/ -->\n<title>[Agenda] R\u00e9sultats du week-end du 23 et 24 septembre 2023 &#8226; FOOTBALL CLUB GUEUGNON<\/title>\n<meta name=\"robots\" content=\"index, follow, max-snippet:-1, max-image-preview:large, max-video-preview:-1\" \/>\n<link rel=\"canonical\" href=\"https:\/\/www.fcgueugnon.fr\/site\/agenda-resultats-du-week-end-du-23-et-24-septembre-2023\/6483\" \/>\n<meta property=\"og:locale\" content=\"fr_FR\" \/>\n<meta property=\"og:type\" content=\"article\" \/>\n<meta property=\"og:title\" content=\"[Agenda] R\u00e9sultats du week-end du 23 et 24 septembre 2023 &#8226; FOOTBALL CLUB GUEUGNON\" \/>\n<meta property=\"og:description\" content=\"Retrouvez les r\u00e9sultats de nos forgerons ce week-end : S\u00e9niors Groupe N3 \u2013 N3 J04 \u2705Samedi 23\/09 &#8211; 18h00FC Gueugnon \/ AS La Chapelle de Guinchay : 4-0 Groupe Espoirs \u2013 R1 J03 \ud83d\udfe7Samedi 23\/09 &#8211; 18h00FC Montceau \/ FC Gueugnon : 0-0 Sport E.Leclerc Acad\u00e9mie U18 \u2013 R1 J03 \u2705Samedi 23\/09 &#8211; 11h00FC Gueugnon ... Lire la suite\" \/>\n<meta property=\"og:url\" content=\"https:\/\/www.fcgueugnon.fr\/site\/agenda-resultats-du-week-end-du-23-et-24-septembre-2023\/6483\" \/>\n<meta property=\"og:site_name\" content=\"FOOTBALL CLUB GUEUGNON\" \/>\n<meta property=\"article:publisher\" content=\"http:\/\/facebook.com\/FCGueugnon\" \/>\n<meta property=\"article:published_time\" content=\"2023-09-25T11:56:07+00:00\" \/>\n<meta property=\"article:modified_time\" content=\"2023-09-25T11:56:10+00:00\" \/>\n<meta property=\"og:image\" content=\"https:\/\/www.fcgueugnon.fr\/site\/wp-content\/uploads\/2023\/09\/resultats-visu.png\" \/>\n\t<meta property=\"og:image:width\" content=\"1564\" \/>\n\t<meta property=\"og:image:height\" content=\"880\" \/>\n\t<meta property=\"og:image:type\" content=\"image\/png\" \/>\n<meta name=\"author\" content=\"FC Gueugnon\" \/>\n<meta name=\"twitter:card\" content=\"summary_large_image\" \/>\n<meta name=\"twitter:creator\" content=\"@FCGueugnon_off\" \/>\n<meta name=\"twitter:site\" content=\"@FCGueugnon_off\" \/>\n<meta name=\"twitter:label1\" content=\"\u00c9crit par\" \/>\n\t<meta name=\"twitter:data1\" content=\"FC Gueugnon\" \/>\n\t<meta name=\"twitter:label2\" content=\"Dur\u00e9e de lecture estim\u00e9e\" \/>\n\t<meta name=\"twitter:data2\" content=\"5 minutes\" \/>\n<script type=\"application\/ld+json\" class=\"yoast-schema-graph\">{\"@context\":\"https:\/\/schema.org\",\"@graph\":[{\"@type\":\"Article\",\"@id\":\"https:\/\/www.fcgueugnon.fr\/site\/agenda-resultats-du-week-end-du-23-et-24-septembre-2023\/6483#article\",\"isPartOf\":{\"@id\":\"https:\/\/www.fcgueugnon.fr\/site\/agenda-resultats-du-week-end-du-23-et-24-septembre-2023\/6483\"},\"author\":{\"name\":\"FC Gueugnon\",\"@id\":\"https:\/\/www.fcgueugnon.fr\/site\/#\/schema\/person\/6b88acb9354d23e86675fc81c54ed359\"},\"headline\":\"[Agenda] R\u00e9sultats du week-end du 23 et 24 septembre 2023\",\"datePublished\":\"2023-09-25T11:56:07+00:00\",\"dateModified\":\"2023-09-25T11:56:10+00:00\",\"mainEntityOfPage\":{\"@id\":\"https:\/\/www.fcgueugnon.fr\/site\/agenda-resultats-du-week-end-du-23-et-24-septembre-2023\/6483\"},\"wordCount\":236,\"publisher\":{\"@id\":\"https:\/\/www.fcgueugnon.fr\/site\/#organization\"},\"image\":{\"@id\":\"https:\/\/www.fcgueugnon.fr\/site\/agenda-resultats-du-week-end-du-23-et-24-septembre-2023\/6483#primaryimage\"},\"thumbnailUrl\":\"https:\/\/www.fcgueugnon.fr\/site\/wp-content\/uploads\/2023\/09\/resultats-visu.png\",\"keywords\":[\"Agenda\",\"Sport E.Leclerc Acad\u00e9mie : Jeunes \/ Formation\"],\"articleSection\":[\"News\",\"News 2023\/2024\"],\"inLanguage\":\"fr-FR\"},{\"@type\":\"WebPage\",\"@id\":\"https:\/\/www.fcgueugnon.fr\/site\/agenda-resultats-du-week-end-du-23-et-24-septembre-2023\/6483\",\"url\":\"https:\/\/www.fcgueugnon.fr\/site\/agenda-resultats-du-week-end-du-23-et-24-septembre-2023\/6483\",\"name\":\"[Agenda] R\u00e9sultats du week-end du 23 et 24 septembre 2023 &#8226; FOOTBALL CLUB GUEUGNON\",\"isPartOf\":{\"@id\":\"https:\/\/www.fcgueugnon.fr\/site\/#website\"},\"primaryImageOfPage\":{\"@id\":\"https:\/\/www.fcgueugnon.fr\/site\/agenda-resultats-du-week-end-du-23-et-24-septembre-2023\/6483#primaryimage\"},\"image\":{\"@id\":\"https:\/\/www.fcgueugnon.fr\/site\/agenda-resultats-du-week-end-du-23-et-24-septembre-2023\/6483#primaryimage\"},\"thumbnailUrl\":\"https:\/\/www.fcgueugnon.fr\/site\/wp-content\/uploads\/2023\/09\/resultats-visu.png\",\"datePublished\":\"2023-09-25T11:56:07+00:00\",\"dateModified\":\"2023-09-25T11:56:10+00:00\",\"breadcrumb\":{\"@id\":\"https:\/\/www.fcgueugnon.fr\/site\/agenda-resultats-du-week-end-du-23-et-24-septembre-2023\/6483#breadcrumb\"},\"inLanguage\":\"fr-FR\",\"potentialAction\":[{\"@type\":\"ReadAction\",\"target\":[\"https:\/\/www.fcgueugnon.fr\/site\/agenda-resultats-du-week-end-du-23-et-24-septembre-2023\/6483\"]}]},{\"@type\":\"ImageObject\",\"inLanguage\":\"fr-FR\",\"@id\":\"https:\/\/www.fcgueugnon.fr\/site\/agenda-resultats-du-week-end-du-23-et-24-septembre-2023\/6483#primaryimage\",\"url\":\"https:\/\/www.fcgueugnon.fr\/site\/wp-content\/uploads\/2023\/09\/resultats-visu.png\",\"contentUrl\":\"https:\/\/www.fcgueugnon.fr\/site\/wp-content\/uploads\/2023\/09\/resultats-visu.png\",\"width\":1564,\"height\":880},{\"@type\":\"BreadcrumbList\",\"@id\":\"https:\/\/www.fcgueugnon.fr\/site\/agenda-resultats-du-week-end-du-23-et-24-septembre-2023\/6483#breadcrumb\",\"itemListElement\":[{\"@type\":\"ListItem\",\"position\":1,\"name\":\"Accueil\",\"item\":\"https:\/\/www.fcgueugnon.fr\/site\/\"},{\"@type\":\"ListItem\",\"position\":2,\"name\":\"[Agenda] R\u00e9sultats du week-end du 23 et 24 septembre 2023\"}]},{\"@type\":\"WebSite\",\"@id\":\"https:\/\/www.fcgueugnon.fr\/site\/#website\",\"url\":\"https:\/\/www.fcgueugnon.fr\/site\/\",\"name\":\"FOOTBALL CLUB GUEUGNON\",\"description\":\"Le Site Officiel des Forgerons\",\"publisher\":{\"@id\":\"https:\/\/www.fcgueugnon.fr\/site\/#organization\"},\"potentialAction\":[{\"@type\":\"SearchAction\",\"target\":{\"@type\":\"EntryPoint\",\"urlTemplate\":\"https:\/\/www.fcgueugnon.fr\/site\/?s={search_term_string}\"},\"query-input\":{\"@type\":\"PropertyValueSpecification\",\"valueRequired\":true,\"valueName\":\"search_term_string\"}}],\"inLanguage\":\"fr-FR\"},{\"@type\":\"Organization\",\"@id\":\"https:\/\/www.fcgueugnon.fr\/site\/#organization\",\"name\":\"FC Gueugnon\",\"url\":\"https:\/\/www.fcgueugnon.fr\/site\/\",\"logo\":{\"@type\":\"ImageObject\",\"inLanguage\":\"fr-FR\",\"@id\":\"https:\/\/www.fcgueugnon.fr\/site\/#\/schema\/logo\/image\/\",\"url\":\"https:\/\/www.fcgueugnon.fr\/site\/wp-content\/uploads\/2022\/07\/cropped-Logo-FCGUEUGNON-low-350x350-1.png\",\"contentUrl\":\"https:\/\/www.fcgueugnon.fr\/site\/wp-content\/uploads\/2022\/07\/cropped-Logo-FCGUEUGNON-low-350x350-1.png\",\"width\":350,\"height\":350,\"caption\":\"FC Gueugnon\"},\"image\":{\"@id\":\"https:\/\/www.fcgueugnon.fr\/site\/#\/schema\/logo\/image\/\"},\"sameAs\":[\"http:\/\/facebook.com\/FCGueugnon\",\"https:\/\/x.com\/FCGueugnon_off\",\"https:\/\/www.instagram.com\/fcgueugnon\/\",\"https:\/\/www.linkedin.com\/company\/football-club-de-gueugnon\/\",\"https:\/\/www.youtube.com\/user\/FCGueugnonnais\",\"https:\/\/fr.wikipedia.org\/wiki\/Football_Club_de_Gueugnon\"]},{\"@type\":\"Person\",\"@id\":\"https:\/\/www.fcgueugnon.fr\/site\/#\/schema\/person\/6b88acb9354d23e86675fc81c54ed359\",\"name\":\"FC Gueugnon\",\"url\":\"https:\/\/www.fcgueugnon.fr\/site\/author\/man-antu\"}]}<\/script>\n<!-- \/ Yoast SEO plugin. -->","yoast_head_json":{"title":"[Agenda] R\u00e9sultats du week-end du 23 et 24 septembre 2023 &#8226; FOOTBALL CLUB GUEUGNON","robots":{"index":"index","follow":"follow","max-snippet":"max-snippet:-1","max-image-preview":"max-image-preview:large","max-video-preview":"max-video-preview:-1"},"canonical":"https:\/\/www.fcgueugnon.fr\/site\/agenda-resultats-du-week-end-du-23-et-24-septembre-2023\/6483","og_locale":"fr_FR","og_type":"article","og_title":"[Agenda] R\u00e9sultats du week-end du 23 et 24 septembre 2023 &#8226; FOOTBALL CLUB GUEUGNON","og_description":"Retrouvez les r\u00e9sultats de nos forgerons ce week-end : S\u00e9niors Groupe N3 \u2013 N3 J04 \u2705Samedi 23\/09 &#8211; 18h00FC Gueugnon \/ AS La Chapelle de Guinchay : 4-0 Groupe Espoirs \u2013 R1 J03 \ud83d\udfe7Samedi 23\/09 &#8211; 18h00FC Montceau \/ FC Gueugnon : 0-0 Sport E.Leclerc Acad\u00e9mie U18 \u2013 R1 J03 \u2705Samedi 23\/09 &#8211; 11h00FC Gueugnon ... Lire la suite","og_url":"https:\/\/www.fcgueugnon.fr\/site\/agenda-resultats-du-week-end-du-23-et-24-septembre-2023\/6483","og_site_name":"FOOTBALL CLUB GUEUGNON","article_publisher":"http:\/\/facebook.com\/FCGueugnon","article_published_time":"2023-09-25T11:56:07+00:00","article_modified_time":"2023-09-25T11:56:10+00:00","og_image":[{"width":1564,"height":880,"url":"https:\/\/www.fcgueugnon.fr\/site\/wp-content\/uploads\/2023\/09\/resultats-visu.png","type":"image\/png"}],"author":"FC Gueugnon","twitter_card":"summary_large_image","twitter_creator":"@FCGueugnon_off","twitter_site":"@FCGueugnon_off","twitter_misc":{"\u00c9crit par":"FC Gueugnon","Dur\u00e9e de lecture estim\u00e9e":"5 minutes"},"schema":{"@context":"https:\/\/schema.org","@graph":[{"@type":"Article","@id":"https:\/\/www.fcgueugnon.fr\/site\/agenda-resultats-du-week-end-du-23-et-24-septembre-2023\/6483#article","isPartOf":{"@id":"https:\/\/www.fcgueugnon.fr\/site\/agenda-resultats-du-week-end-du-23-et-24-septembre-2023\/6483"},"author":{"name":"FC Gueugnon","@id":"https:\/\/www.fcgueugnon.fr\/site\/#\/schema\/person\/6b88acb9354d23e86675fc81c54ed359"},"headline":"[Agenda] R\u00e9sultats du week-end du 23 et 24 septembre 2023","datePublished":"2023-09-25T11:56:07+00:00","dateModified":"2023-09-25T11:56:10+00:00","mainEntityOfPage":{"@id":"https:\/\/www.fcgueugnon.fr\/site\/agenda-resultats-du-week-end-du-23-et-24-septembre-2023\/6483"},"wordCount":236,"publisher":{"@id":"https:\/\/www.fcgueugnon.fr\/site\/#organization"},"image":{"@id":"https:\/\/www.fcgueugnon.fr\/site\/agenda-resultats-du-week-end-du-23-et-24-septembre-2023\/6483#primaryimage"},"thumbnailUrl":"https:\/\/www.fcgueugnon.fr\/site\/wp-content\/uploads\/2023\/09\/resultats-visu.png","keywords":["Agenda","Sport E.Leclerc Acad\u00e9mie : Jeunes \/ Formation"],"articleSection":["News","News 2023\/2024"],"inLanguage":"fr-FR"},{"@type":"WebPage","@id":"https:\/\/www.fcgueugnon.fr\/site\/agenda-resultats-du-week-end-du-23-et-24-septembre-2023\/6483","url":"https:\/\/www.fcgueugnon.fr\/site\/agenda-resultats-du-week-end-du-23-et-24-septembre-2023\/6483","name":"[Agenda] R\u00e9sultats du week-end du 23 et 24 septembre 2023 &#8226; FOOTBALL CLUB GUEUGNON","isPartOf":{"@id":"https:\/\/www.fcgueugnon.fr\/site\/#website"},"primaryImageOfPage":{"@id":"https:\/\/www.fcgueugnon.fr\/site\/agenda-resultats-du-week-end-du-23-et-24-septembre-2023\/6483#primaryimage"},"image":{"@id":"https:\/\/www.fcgueugnon.fr\/site\/agenda-resultats-du-week-end-du-23-et-24-septembre-2023\/6483#primaryimage"},"thumbnailUrl":"https:\/\/www.fcgueugnon.fr\/site\/wp-content\/uploads\/2023\/09\/resultats-visu.png","datePublished":"2023-09-25T11:56:07+00:00","dateModified":"2023-09-25T11:56:10+00:00","breadcrumb":{"@id":"https:\/\/www.fcgueugnon.fr\/site\/agenda-resultats-du-week-end-du-23-et-24-septembre-2023\/6483#breadcrumb"},"inLanguage":"fr-FR","potentialAction":[{"@type":"ReadAction","target":["https:\/\/www.fcgueugnon.fr\/site\/agenda-resultats-du-week-end-du-23-et-24-septembre-2023\/6483"]}]},{"@type":"ImageObject","inLanguage":"fr-FR","@id":"https:\/\/www.fcgueugnon.fr\/site\/agenda-resultats-du-week-end-du-23-et-24-septembre-2023\/6483#primaryimage","url":"https:\/\/www.fcgueugnon.fr\/site\/wp-content\/uploads\/2023\/09\/resultats-visu.png","contentUrl":"https:\/\/www.fcgueugnon.fr\/site\/wp-content\/uploads\/2023\/09\/resultats-visu.png","width":1564,"height":880},{"@type":"BreadcrumbList","@id":"https:\/\/www.fcgueugnon.fr\/site\/agenda-resultats-du-week-end-du-23-et-24-septembre-2023\/6483#breadcrumb","itemListElement":[{"@type":"ListItem","position":1,"name":"Accueil","item":"https:\/\/www.fcgueugnon.fr\/site\/"},{"@type":"ListItem","position":2,"name":"[Agenda] R\u00e9sultats du week-end du 23 et 24 septembre 2023"}]},{"@type":"WebSite","@id":"https:\/\/www.fcgueugnon.fr\/site\/#website","url":"https:\/\/www.fcgueugnon.fr\/site\/","name":"FOOTBALL CLUB GUEUGNON","description":"Le Site Officiel des Forgerons","publisher":{"@id":"https:\/\/www.fcgueugnon.fr\/site\/#organization"},"potentialAction":[{"@type":"SearchAction","target":{"@type":"EntryPoint","urlTemplate":"https:\/\/www.fcgueugnon.fr\/site\/?s={search_term_string}"},"query-input":{"@type":"PropertyValueSpecification","valueRequired":true,"valueName":"search_term_string"}}],"inLanguage":"fr-FR"},{"@type":"Organization","@id":"https:\/\/www.fcgueugnon.fr\/site\/#organization","name":"FC Gueugnon","url":"https:\/\/www.fcgueugnon.fr\/site\/","logo":{"@type":"ImageObject","inLanguage":"fr-FR","@id":"https:\/\/www.fcgueugnon.fr\/site\/#\/schema\/logo\/image\/","url":"https:\/\/www.fcgueugnon.fr\/site\/wp-content\/uploads\/2022\/07\/cropped-Logo-FCGUEUGNON-low-350x350-1.png","contentUrl":"https:\/\/www.fcgueugnon.fr\/site\/wp-content\/uploads\/2022\/07\/cropped-Logo-FCGUEUGNON-low-350x350-1.png","width":350,"height":350,"caption":"FC Gueugnon"},"image":{"@id":"https:\/\/www.fcgueugnon.fr\/site\/#\/schema\/logo\/image\/"},"sameAs":["http:\/\/facebook.com\/FCGueugnon","https:\/\/x.com\/FCGueugnon_off","https:\/\/www.instagram.com\/fcgueugnon\/","https:\/\/www.linkedin.com\/company\/football-club-de-gueugnon\/","https:\/\/www.youtube.com\/user\/FCGueugnonnais","https:\/\/fr.wikipedia.org\/wiki\/Football_Club_de_Gueugnon"]},{"@type":"Person","@id":"https:\/\/www.fcgueugnon.fr\/site\/#\/schema\/person\/6b88acb9354d23e86675fc81c54ed359","name":"FC Gueugnon","url":"https:\/\/www.fcgueugnon.fr\/site\/author\/man-antu"}]}},"rttpg_featured_image_url":{"full":["https:\/\/www.fcgueugnon.fr\/site\/wp-content\/uploads\/2023\/09\/resultats-visu.png",1564,880,false],"landscape":["https:\/\/www.fcgueugnon.fr\/site\/wp-content\/uploads\/2023\/09\/resultats-visu.png",1564,880,false],"portraits":["https:\/\/www.fcgueugnon.fr\/site\/wp-content\/uploads\/2023\/09\/resultats-visu.png",1564,880,false],"thumbnail":["https:\/\/www.fcgueugnon.fr\/site\/wp-content\/uploads\/2023\/09\/resultats-visu-150x150.png",150,150,true],"medium":["https:\/\/www.fcgueugnon.fr\/site\/wp-content\/uploads\/2023\/09\/resultats-visu-400x225.png",400,225,true],"large":["https:\/\/www.fcgueugnon.fr\/site\/wp-content\/uploads\/2023\/09\/resultats-visu-1024x576.png",1024,576,true],"1536x1536":["https:\/\/www.fcgueugnon.fr\/site\/wp-content\/uploads\/2023\/09\/resultats-visu-1536x864.png",1536,864,true],"2048x2048":["https:\/\/www.fcgueugnon.fr\/site\/wp-content\/uploads\/2023\/09\/resultats-visu.png",1564,880,false]},"rttpg_author":{"display_name":"FC Gueugnon","author_link":"https:\/\/www.fcgueugnon.fr\/site\/author\/man-antu"},"rttpg_comment":0,"rttpg_category":"<a href=\"https:\/\/www.fcgueugnon.fr\/site\/category\/news\" rel=\"category tag\">News<\/a> <a href=\"https:\/\/www.fcgueugnon.fr\/site\/category\/news\/news-2023-2024\" rel=\"category tag\">News 2023\/2024<\/a>","rttpg_excerpt":"Retrouvez les r\u00e9sultats de nos forgerons ce week-end : S\u00e9niors Groupe N3 \u2013 N3 J04 \u2705Samedi 23\/09 &#8211; 18h00FC Gueugnon \/ AS La Chapelle de Guinchay : 4-0 Groupe Espoirs \u2013 R1 J03 \ud83d\udfe7Samedi 23\/09 &#8211; 18h00FC Montceau \/ FC Gueugnon : 0-0 Sport E.Leclerc Acad\u00e9mie U18 \u2013 R1 J03 \u2705Samedi 23\/09 &#8211; 11h00FC Gueugnon\u2026","_links":{"self":[{"href":"https:\/\/www.fcgueugnon.fr\/site\/wp-json\/wp\/v2\/posts\/6483","targetHints":{"allow":["GET"]}}],"collection":[{"href":"https:\/\/www.fcgueugnon.fr\/site\/wp-json\/wp\/v2\/posts"}],"about":[{"href":"https:\/\/www.fcgueugnon.fr\/site\/wp-json\/wp\/v2\/types\/post"}],"author":[{"embeddable":true,"href":"https:\/\/www.fcgueugnon.fr\/site\/wp-json\/wp\/v2\/users\/4"}],"replies":[{"embeddable":true,"href":"https:\/\/www.fcgueugnon.fr\/site\/wp-json\/wp\/v2\/comments?post=6483"}],"version-history":[{"count":10,"href":"https:\/\/www.fcgueugnon.fr\/site\/wp-json\/wp\/v2\/posts\/6483\/revisions"}],"predecessor-version":[{"id":6527,"href":"https:\/\/www.fcgueugnon.fr\/site\/wp-json\/wp\/v2\/posts\/6483\/revisions\/6527"}],"wp:featuredmedia":[{"embeddable":true,"href":"https:\/\/www.fcgueugnon.fr\/site\/wp-json\/wp\/v2\/media\/6061"}],"wp:attachment":[{"href":"https:\/\/www.fcgueugnon.fr\/site\/wp-json\/wp\/v2\/media?parent=6483"}],"wp:term":[{"taxonomy":"category","embeddable":true,"href":"https:\/\/www.fcgueugnon.fr\/site\/wp-json\/wp\/v2\/categories?post=6483"},{"taxonomy":"post_tag","embeddable":true,"href":"https:\/\/www.fcgueugnon.fr\/site\/wp-json\/wp\/v2\/tags?post=6483"}],"curies":[{"name":"wp","href":"https:\/\/api.w.org\/{rel}","templated":true}]}}