{"id":6481,"date":"2023-09-25T16:25:00","date_gmt":"2023-09-25T14:25:00","guid":{"rendered":"https:\/\/www.fcgueugnon.fr\/site\/?p=6481"},"modified":"2024-02-21T21:43:19","modified_gmt":"2024-02-21T20:43:19","slug":"n3-j04-fc-gueugnon-as-la-chapelle-de-guinchay-resultat-reactions-et-resume","status":"publish","type":"post","link":"https:\/\/www.fcgueugnon.fr\/site\/n3-j04-fc-gueugnon-as-la-chapelle-de-guinchay-resultat-reactions-et-resume\/6481","title":{"rendered":"[N3 J04 : FC Gueugnon \u2013 AS La Chapelle de Guinchay] R\u00e9sultat, r\u00e9actions et r\u00e9sum\u00e9 vid\u00e9o"},"content":{"rendered":"\n<h2 class=\"wp-block-heading\"><strong>Une victoire qui permet \u00e0 nos forgerons d&rsquo;ajouter trois points suppl\u00e9mentaires au tableau ! <\/strong><\/h2>\n\n\n\n<div style=\"height:30px\" aria-hidden=\"true\" class=\"wp-block-spacer\"><\/div>\n\n\n\n<figure class=\"wp-block-coblocks-gallery-masonry masonry-grid has-medium-gutter\">\n<figure class=\"wp-block-image size-large masonry-brick\"><img loading=\"lazy\" decoding=\"async\" width=\"1024\" height=\"683\" src=\"https:\/\/www.fcgueugnon.fr\/site\/wp-content\/uploads\/2023\/09\/0U8A4505-1024x683.jpg\" alt=\"Image gallery image\" class=\"wp-image-6540\" srcset=\"https:\/\/www.fcgueugnon.fr\/site\/wp-content\/uploads\/2023\/09\/0U8A4505-1024x683.jpg 1024w, https:\/\/www.fcgueugnon.fr\/site\/wp-content\/uploads\/2023\/09\/0U8A4505-400x267.jpg 400w, https:\/\/www.fcgueugnon.fr\/site\/wp-content\/uploads\/2023\/09\/0U8A4505-768x512.jpg 768w, https:\/\/www.fcgueugnon.fr\/site\/wp-content\/uploads\/2023\/09\/0U8A4505-1536x1024.jpg 1536w, https:\/\/www.fcgueugnon.fr\/site\/wp-content\/uploads\/2023\/09\/0U8A4505-2048x1365.jpg 2048w, https:\/\/www.fcgueugnon.fr\/site\/wp-content\/uploads\/2023\/09\/0U8A4505-1320x880.jpg 1320w, https:\/\/www.fcgueugnon.fr\/site\/wp-content\/uploads\/2023\/09\/0U8A4505-600x400.jpg 600w\" sizes=\"auto, (max-width: 1024px) 100vw, 1024px\" \/><\/figure>\n\n\n\n<figure class=\"wp-block-image size-large masonry-brick\"><img loading=\"lazy\" decoding=\"async\" width=\"1024\" height=\"683\" src=\"https:\/\/www.fcgueugnon.fr\/site\/wp-content\/uploads\/2023\/09\/0U8A3760-1024x683.jpg\" alt=\"\" class=\"wp-image-6548\" srcset=\"https:\/\/www.fcgueugnon.fr\/site\/wp-content\/uploads\/2023\/09\/0U8A3760-1024x683.jpg 1024w, https:\/\/www.fcgueugnon.fr\/site\/wp-content\/uploads\/2023\/09\/0U8A3760-400x267.jpg 400w, https:\/\/www.fcgueugnon.fr\/site\/wp-content\/uploads\/2023\/09\/0U8A3760-768x512.jpg 768w, https:\/\/www.fcgueugnon.fr\/site\/wp-content\/uploads\/2023\/09\/0U8A3760-1536x1024.jpg 1536w, https:\/\/www.fcgueugnon.fr\/site\/wp-content\/uploads\/2023\/09\/0U8A3760-2048x1365.jpg 2048w, https:\/\/www.fcgueugnon.fr\/site\/wp-content\/uploads\/2023\/09\/0U8A3760-1320x880.jpg 1320w, https:\/\/www.fcgueugnon.fr\/site\/wp-content\/uploads\/2023\/09\/0U8A3760-600x400.jpg 600w\" sizes=\"auto, (max-width: 1024px) 100vw, 1024px\" \/><\/figure>\n\n\n\n<figure class=\"wp-block-image size-large masonry-brick\"><img loading=\"lazy\" decoding=\"async\" width=\"1024\" height=\"683\" src=\"https:\/\/www.fcgueugnon.fr\/site\/wp-content\/uploads\/2023\/09\/04I9609-1024x683.jpg\" alt=\"Image gallery image\" class=\"wp-image-6543\" srcset=\"https:\/\/www.fcgueugnon.fr\/site\/wp-content\/uploads\/2023\/09\/04I9609-1024x683.jpg 1024w, https:\/\/www.fcgueugnon.fr\/site\/wp-content\/uploads\/2023\/09\/04I9609-400x267.jpg 400w, https:\/\/www.fcgueugnon.fr\/site\/wp-content\/uploads\/2023\/09\/04I9609-768x512.jpg 768w, https:\/\/www.fcgueugnon.fr\/site\/wp-content\/uploads\/2023\/09\/04I9609-1536x1024.jpg 1536w, https:\/\/www.fcgueugnon.fr\/site\/wp-content\/uploads\/2023\/09\/04I9609-2048x1365.jpg 2048w, https:\/\/www.fcgueugnon.fr\/site\/wp-content\/uploads\/2023\/09\/04I9609-1320x880.jpg 1320w, https:\/\/www.fcgueugnon.fr\/site\/wp-content\/uploads\/2023\/09\/04I9609-600x400.jpg 600w\" sizes=\"auto, (max-width: 1024px) 100vw, 1024px\" \/><\/figure>\n\n\n\n<figure class=\"wp-block-image size-large masonry-brick\"><img loading=\"lazy\" decoding=\"async\" width=\"1024\" height=\"683\" src=\"https:\/\/www.fcgueugnon.fr\/site\/wp-content\/uploads\/2023\/09\/22R7827-1024x683.jpg\" alt=\"Image gallery image\" class=\"wp-image-6538\" srcset=\"https:\/\/www.fcgueugnon.fr\/site\/wp-content\/uploads\/2023\/09\/22R7827-1024x683.jpg 1024w, https:\/\/www.fcgueugnon.fr\/site\/wp-content\/uploads\/2023\/09\/22R7827-400x267.jpg 400w, https:\/\/www.fcgueugnon.fr\/site\/wp-content\/uploads\/2023\/09\/22R7827-768x512.jpg 768w, https:\/\/www.fcgueugnon.fr\/site\/wp-content\/uploads\/2023\/09\/22R7827-1536x1024.jpg 1536w, https:\/\/www.fcgueugnon.fr\/site\/wp-content\/uploads\/2023\/09\/22R7827-2048x1365.jpg 2048w, https:\/\/www.fcgueugnon.fr\/site\/wp-content\/uploads\/2023\/09\/22R7827-1320x880.jpg 1320w, https:\/\/www.fcgueugnon.fr\/site\/wp-content\/uploads\/2023\/09\/22R7827-600x400.jpg 600w\" sizes=\"auto, (max-width: 1024px) 100vw, 1024px\" \/><\/figure>\n\n\n\n<figure class=\"wp-block-image size-large masonry-brick\"><img loading=\"lazy\" decoding=\"async\" width=\"1024\" height=\"683\" src=\"https:\/\/www.fcgueugnon.fr\/site\/wp-content\/uploads\/2023\/09\/04I9920-1024x683.jpg\" alt=\"Image gallery image\" class=\"wp-image-6539\" srcset=\"https:\/\/www.fcgueugnon.fr\/site\/wp-content\/uploads\/2023\/09\/04I9920-1024x683.jpg 1024w, https:\/\/www.fcgueugnon.fr\/site\/wp-content\/uploads\/2023\/09\/04I9920-400x267.jpg 400w, https:\/\/www.fcgueugnon.fr\/site\/wp-content\/uploads\/2023\/09\/04I9920-768x512.jpg 768w, https:\/\/www.fcgueugnon.fr\/site\/wp-content\/uploads\/2023\/09\/04I9920-1536x1024.jpg 1536w, https:\/\/www.fcgueugnon.fr\/site\/wp-content\/uploads\/2023\/09\/04I9920-2048x1365.jpg 2048w, https:\/\/www.fcgueugnon.fr\/site\/wp-content\/uploads\/2023\/09\/04I9920-1320x880.jpg 1320w, https:\/\/www.fcgueugnon.fr\/site\/wp-content\/uploads\/2023\/09\/04I9920-600x400.jpg 600w\" sizes=\"auto, (max-width: 1024px) 100vw, 1024px\" \/><\/figure>\n\n\n\n<figure class=\"wp-block-image size-large masonry-brick\"><img loading=\"lazy\" decoding=\"async\" width=\"1024\" height=\"683\" src=\"https:\/\/www.fcgueugnon.fr\/site\/wp-content\/uploads\/2023\/09\/22R7746-1024x683.jpg\" alt=\"Image gallery image\" class=\"wp-image-6542\" srcset=\"https:\/\/www.fcgueugnon.fr\/site\/wp-content\/uploads\/2023\/09\/22R7746-1024x683.jpg 1024w, https:\/\/www.fcgueugnon.fr\/site\/wp-content\/uploads\/2023\/09\/22R7746-400x267.jpg 400w, https:\/\/www.fcgueugnon.fr\/site\/wp-content\/uploads\/2023\/09\/22R7746-768x512.jpg 768w, https:\/\/www.fcgueugnon.fr\/site\/wp-content\/uploads\/2023\/09\/22R7746-1536x1024.jpg 1536w, https:\/\/www.fcgueugnon.fr\/site\/wp-content\/uploads\/2023\/09\/22R7746-2048x1365.jpg 2048w, https:\/\/www.fcgueugnon.fr\/site\/wp-content\/uploads\/2023\/09\/22R7746-1320x880.jpg 1320w, https:\/\/www.fcgueugnon.fr\/site\/wp-content\/uploads\/2023\/09\/22R7746-600x400.jpg 600w\" sizes=\"auto, (max-width: 1024px) 100vw, 1024px\" \/><\/figure>\n<\/figure>\n\n\n\n<div style=\"height:57px\" aria-hidden=\"true\" class=\"wp-block-spacer\"><\/div>\n\n\n\n<p>Nos forgerons retrouvaient le stade Jean Laville apr\u00e8s leur qualification au 4e tour de Coupe de France. Ce samedi, Ils recevaient l&rsquo;AS La Chapelle de Guinchay, un adversaire in\u00e9dit dans ce championnat, avec la ferme intention de r\u00e9cup\u00e9rer trois points suite \u00e0 leur pr\u00e9c\u00e9dente d\u00e9faite \u00e0 domicile face au CA Pontarlier.<\/p>\n\n\n\n<p>Dans la premi\u00e8re p\u00e9riode, nos forgerons prennent rapidement l&rsquo;ascendant. Malgr\u00e9 les opportunit\u00e9s de La Chapelle de Guinchay, nos Jaunes et Bleus gardent leur d\u00e9fense solide. \u00c0 la 37e minute, le capitaine Gueugnonnais, <strong>Jason Luanda,<\/strong> ouvre le score en inscrivant le premier but de la rencontre sur un penalty (1-0). Peu de temps apr\u00e8s, la mi-temps est siffl\u00e9e sur un deuxi\u00e8me but d&rsquo;<strong>Erwin Gnahor\u00e9<\/strong> qui double l&rsquo;avantage en contrant le d\u00e9gagement du gardien adverse, Baptiste Diot (45&prime; 2-0).  <\/p>\n\n\n\n<p>\u00c0 la reprise, l&rsquo;intensit\u00e9 du jeu reste inchang\u00e9e. <strong>Mathis Clerval<\/strong> vient ajouter un troisi\u00e8me but (3-0), suivi de pr\u00e8s par <strong>Amine Ramdane<\/strong>, qui porte le score \u00e0 4-0 deux minutes plus tard (67&prime;). Les visiteurs poussent dans la fin de cette deuxi\u00e8me p\u00e9riode, mais se heurtent \u00e0 la r\u00e9sistance de notre gardien forgeron. Le match se termine sur un score final de 4-0.<\/p>\n\n\n\n<p>Cette victoire \u00e0 domicile permet au FC Gueugnon d&#8217;empocher trois points suppl\u00e9mentaires dans ce championnat. Nous vous donnons rendez-vous ce dimanche \u00e0 Sanvignes pour le 4e tour de Coupe de France et dimanche 7 Octobre pour la 5e journ\u00e9e de championnat face au FC Sochaux Montb\u00e9liard B.<\/p>\n\n\n\n<div style=\"height:51px\" aria-hidden=\"true\" class=\"wp-block-spacer\"><\/div>\n\n\n\n<h2 class=\"wp-block-heading\"><br>R\u00e9sum\u00e9 Vid\u00e9o<\/h2>\n\n\n\n<figure class=\"wp-block-embed aligncenter is-type-video is-provider-youtube wp-block-embed-youtube wp-embed-aspect-16-9 wp-has-aspect-ratio\"><div class=\"wp-block-embed__wrapper\">\n<iframe loading=\"lazy\" title=\"FC Gueugnon - AS La Chapelle de Guinchay  | Journ\u00e9e 4 | R\u00e9sum\u00e9 complet\" width=\"1200\" height=\"675\" src=\"https:\/\/www.youtube.com\/embed\/_6ZnVxiYZTA?feature=oembed\" frameborder=\"0\" allow=\"accelerometer; autoplay; clipboard-write; encrypted-media; gyroscope; picture-in-picture; web-share\" allowfullscreen><\/iframe>\n<\/div><\/figure>\n\n\n\n<div style=\"height:100px\" aria-hidden=\"true\" class=\"wp-block-spacer\"><\/div>\n\n\n\n<h2 class=\"wp-block-heading\">R\u00e9action<\/h2>\n\n\n\n<div class=\"wp-block-media-text has-media-on-the-right is-stacked-on-mobile is-image-fill\" style=\"grid-template-columns:auto 49%\"><div class=\"wp-block-media-text__content\">\n<p><strong>St\u00e9phane Bernard, entra\u00eeneur adjoint :<\/strong><\/p>\n\n\n\n<p>\u00ab <em>Les joueurs avaient \u00e0 c\u0153ur de gagner et ils l&rsquo;ont fait avec la mani\u00e8re. Nous avions un objectif qui \u00e9tait de ne prendre aucun but et c&rsquo;est ce qu&rsquo;ils ont fait&#8230; Il faut continuer de travailler, et prendre les matchs les uns apr\u00e8s les autres..<\/em> <em>\u00bb<\/em><\/p>\n\n\n\n<div style=\"height:10px\" aria-hidden=\"true\" class=\"wp-block-spacer\"><\/div>\n\n\n\n<p><em><sub>R\u00e9actions compl\u00e8tes \u00e0 retrouver ce mercredi \u00e0 10:15 et \u00e0 18:30 en direct sur Radio Cactus (FM 92.2) et jeudi en podcast sur notre site officiel !<\/sub><\/em><\/p>\n<\/div><figure class=\"wp-block-media-text__media\" style=\"background-image:url(https:\/\/www.fcgueugnon.fr\/site\/wp-content\/uploads\/2023\/09\/SB-1024x683.jpg);background-position:50% 50%\"><img loading=\"lazy\" decoding=\"async\" width=\"1024\" height=\"683\" src=\"https:\/\/www.fcgueugnon.fr\/site\/wp-content\/uploads\/2023\/09\/SB-1024x683.jpg\" alt=\"\" class=\"wp-image-6097 size-full\" srcset=\"https:\/\/www.fcgueugnon.fr\/site\/wp-content\/uploads\/2023\/09\/SB-1024x683.jpg 1024w, https:\/\/www.fcgueugnon.fr\/site\/wp-content\/uploads\/2023\/09\/SB-400x267.jpg 400w, https:\/\/www.fcgueugnon.fr\/site\/wp-content\/uploads\/2023\/09\/SB-768x512.jpg 768w, https:\/\/www.fcgueugnon.fr\/site\/wp-content\/uploads\/2023\/09\/SB-1536x1024.jpg 1536w, https:\/\/www.fcgueugnon.fr\/site\/wp-content\/uploads\/2023\/09\/SB-2048x1365.jpg 2048w, https:\/\/www.fcgueugnon.fr\/site\/wp-content\/uploads\/2023\/09\/SB-1320x880.jpg 1320w, https:\/\/www.fcgueugnon.fr\/site\/wp-content\/uploads\/2023\/09\/SB-600x400.jpg 600w\" sizes=\"auto, (max-width: 1024px) 100vw, 1024px\" \/><\/figure><\/div>\n\n\n\n<div style=\"height:40px\" aria-hidden=\"true\" class=\"wp-block-spacer\"><\/div>\n\n\n\n<hr class=\"wp-block-separator has-text-color has-css-opacity has-background\" style=\"background-color:#f7db4a;color:#f7db4a\"\/>\n\n\n\n<h3 class=\"wp-block-heading has-text-align-center\"><strong>\u2139 Prochains matchs : <\/strong><br>-Dimanche 01\/10 (CDF T4) : CS Sanvignes \/ FC Gueugnon<br>&#8211; Dimanche 07\/10 : FC Sochaux Montb\u00e9liard B \/ FC Gueugnon<\/h3>\n\n\n\n<hr class=\"wp-block-separator has-text-color has-css-opacity has-background\" style=\"background-color:#f7db4a;color:#f7db4a\"\/>\n\n\n\n<h3 class=\"wp-block-heading\">\u26bd <strong>Score final<\/strong><\/h3>\n\n\n\n<p><strong>Au Stade Jean Laville<\/strong><br>FC Gueugnon 4-0 AS La Chapelle de Guinchay<br>Buts : FC Gueugnon : Jason Luanda (37&prime;) ; Erwin Gnahor\u00e9 (45&prime;) ; Mathis Clerval (65&prime;) ; Amine Ramdane (67&prime;)<\/p>\n\n\n\n<p>\ud835\udddf\ud835\uddf2\ud835\ude00 \ud835\uddfc\ud835\uddf3\ud835\uddf3\ud835\uddf6\ud835\uddf0\ud835\uddf6\ud835\uddf2\ud835\uddf9s<\/p>\n\n\n\n<p>Arbitre centre : QUENTIN PINET<br>Arbitre assistant 1 : YUKSEL YURDAKON<br>Arbitre assistant 2 : DAMIEN ROUGINAT<br>D\u00e9l\u00e9gu\u00e9 principal : PASCAL HINDERCHIETTE<\/p>\n\n\n\n<div style=\"height:20px\" aria-hidden=\"true\" class=\"wp-block-spacer\"><\/div>\n\n\n\n<p>\ud83d\udfe1\ud83d\udd35&nbsp;<strong>Composition d\u2019\u00e9quipe<\/strong><\/p>\n\n\n\n<p>Njock &#8211; Mambo (70e Dram\u00e9), Chauvet, Helal, Ciss\u00e9 &#8211; Mohamed (77e Diallo), Luanda (c) (85e Fahrasmane), Gnahor\u00e9, Clerval, Ramdane (70e Bouekou) &#8211; Diomand\u00e9 (70e Miezi Kembolo).<br><br>Entra\u00eeneur : Philippe Correia \/ Adjoints : Bakeba Bayo, St\u00e9phane Bernard.<\/p>\n\n\n\n<div style=\"height:38px\" aria-hidden=\"true\" class=\"wp-block-spacer\"><\/div>\n\n\n\n<h3 class=\"wp-block-heading\">\ud83d\udd0d <strong>Plus d&rsquo;articles <\/strong><\/h3>\n\n\n\n<blockquote class=\"wp-block-quote is-layout-flow wp-block-quote-is-layout-flow\">\n<p><span style=\"line-height: 1.5;\">\u25ba <\/span><a href=\"https:\/\/www.fcgueugnon.fr\/site\/n3-j04-fc-gueugnon-as-la-chapelle-de-guinchay-suivez-le-match-en-live\/6453\"><span style=\"line-height: 1.5;\">Revivre le li<\/span>ve<\/a><\/p>\n<\/blockquote>\n\n\n\n<div style=\"height:8px\" aria-hidden=\"true\" class=\"wp-block-spacer\"><\/div>\n\n\n\n<h3 class=\"wp-block-heading\">\ud83d\uddd3&nbsp;<strong>La 4\u00e8me journ\u00e9e de N3<\/strong><\/h3>\n\n\n\n<p>Samedi 23 Septembre<br><br>18:00 : Jura Dolois \u2013 UCS Cosne : 1-2<br>18:00 : FC Vesoul \u2013 Is-Selongey : 1-1<br>18:00 : Dijon FCO B \u2013 Besan\u00e7on Foot : 2-1 <br>18:00 : Rumilly-Valli\u00e8res \u2013 ASPTT Dijon : 3-0<br>18:00 : CA Pontarlier -Sochaux-Montbeliard B : 0-0<br>18:00 : FC Gueugnon \u2013 La Chapelle de Guinchay : 4-0<br>18:30 : Moulins-Yzeure \u2013 Louhans-Cuiseaux : 1-1<\/p>\n\n\n\n<p><\/p>\n\n\n\n<p>\u25ba <a href=\"https:\/\/www.fcgueugnon.fr\/site\/calendrier-seniors-a-national-3-bourgogne-franche-comte\">Calendrier<\/a><\/p>\n\n\n\n<p>\u25ba <a href=\"https:\/\/www.fcgueugnon.fr\/site\/classement-national-3-bourgogne-franche-comte\">Classement<\/a><\/p>\n","protected":false},"excerpt":{"rendered":"<p>Une victoire qui permet \u00e0 nos forgerons d&rsquo;ajouter trois points suppl\u00e9mentaires au tableau ! Nos forgerons retrouvaient le stade Jean Laville apr\u00e8s leur qualification au 4e tour de Coupe de France. Ce samedi, Ils recevaient l&rsquo;AS La Chapelle de Guinchay, un adversaire in\u00e9dit dans ce championnat, avec la ferme intention de r\u00e9cup\u00e9rer trois points suite &#8230; <\/p>\n<p class=\"read-more-container\"><a title=\"[N3 J04 : FC Gueugnon \u2013 AS La Chapelle de Guinchay] R\u00e9sultat, r\u00e9actions et r\u00e9sum\u00e9 vid\u00e9o\" class=\"read-more button\" href=\"https:\/\/www.fcgueugnon.fr\/site\/n3-j04-fc-gueugnon-as-la-chapelle-de-guinchay-resultat-reactions-et-resume\/6481#more-6481\" aria-label=\"Plus sur [N3 J04 : FC Gueugnon \u2013 AS La Chapelle de Guinchay] R\u00e9sultat, r\u00e9actions et r\u00e9sum\u00e9 vid\u00e9o\">Lire la suite<\/a><\/p>\n","protected":false},"author":4,"featured_media":6515,"comment_status":"closed","ping_status":"closed","sticky":true,"template":"","format":"standard","meta":{"footnotes":""},"categories":[4,55],"tags":[27,31],"class_list":["post-6481","post","type-post","status-publish","format-standard","has-post-thumbnail","hentry","category-news","category-news-2023-2024","tag-resultat","tag-video","infinite-scroll-item","generate-columns","tablet-grid-50","mobile-grid-100","grid-parent","grid-25"],"yoast_head":"<!-- This site is optimized with the Yoast SEO plugin v26.6 - https:\/\/yoast.com\/wordpress\/plugins\/seo\/ -->\n<title>[N3 J04 : FC Gueugnon \u2013 AS La Chapelle de Guinchay] R\u00e9sultat, r\u00e9actions et r\u00e9sum\u00e9 vid\u00e9o &#8226; FOOTBALL CLUB GUEUGNON<\/title>\n<meta name=\"robots\" content=\"index, follow, max-snippet:-1, max-image-preview:large, max-video-preview:-1\" \/>\n<link rel=\"canonical\" href=\"https:\/\/www.fcgueugnon.fr\/site\/n3-j04-fc-gueugnon-as-la-chapelle-de-guinchay-resultat-reactions-et-resume\/6481\" \/>\n<meta property=\"og:locale\" content=\"fr_FR\" \/>\n<meta property=\"og:type\" content=\"article\" \/>\n<meta property=\"og:title\" content=\"[N3 J04 : FC Gueugnon \u2013 AS La Chapelle de Guinchay] R\u00e9sultat, r\u00e9actions et r\u00e9sum\u00e9 vid\u00e9o &#8226; FOOTBALL CLUB GUEUGNON\" \/>\n<meta property=\"og:description\" content=\"Une victoire qui permet \u00e0 nos forgerons d&rsquo;ajouter trois points suppl\u00e9mentaires au tableau ! Nos forgerons retrouvaient le stade Jean Laville apr\u00e8s leur qualification au 4e tour de Coupe de France. Ce samedi, Ils recevaient l&rsquo;AS La Chapelle de Guinchay, un adversaire in\u00e9dit dans ce championnat, avec la ferme intention de r\u00e9cup\u00e9rer trois points suite ... Lire la suite\" \/>\n<meta property=\"og:url\" content=\"https:\/\/www.fcgueugnon.fr\/site\/n3-j04-fc-gueugnon-as-la-chapelle-de-guinchay-resultat-reactions-et-resume\/6481\" \/>\n<meta property=\"og:site_name\" content=\"FOOTBALL CLUB GUEUGNON\" \/>\n<meta property=\"article:publisher\" content=\"http:\/\/facebook.com\/FCGueugnon\" \/>\n<meta property=\"article:published_time\" content=\"2023-09-25T14:25:00+00:00\" \/>\n<meta property=\"article:modified_time\" content=\"2024-02-21T20:43:19+00:00\" \/>\n<meta property=\"og:image\" content=\"https:\/\/www.fcgueugnon.fr\/site\/wp-content\/uploads\/2023\/09\/382449358_719987420170293_3193588898685714703_n.jpg\" \/>\n\t<meta property=\"og:image:width\" content=\"2048\" \/>\n\t<meta property=\"og:image:height\" content=\"1365\" \/>\n\t<meta property=\"og:image:type\" content=\"image\/jpeg\" \/>\n<meta name=\"author\" content=\"FC Gueugnon\" \/>\n<meta name=\"twitter:card\" content=\"summary_large_image\" \/>\n<meta name=\"twitter:creator\" content=\"@FCGueugnon_off\" \/>\n<meta name=\"twitter:site\" content=\"@FCGueugnon_off\" \/>\n<meta name=\"twitter:label1\" content=\"\u00c9crit par\" \/>\n\t<meta name=\"twitter:data1\" content=\"FC Gueugnon\" \/>\n\t<meta name=\"twitter:label2\" content=\"Dur\u00e9e de lecture estim\u00e9e\" \/>\n\t<meta name=\"twitter:data2\" content=\"4 minutes\" \/>\n<script type=\"application\/ld+json\" class=\"yoast-schema-graph\">{\"@context\":\"https:\/\/schema.org\",\"@graph\":[{\"@type\":\"Article\",\"@id\":\"https:\/\/www.fcgueugnon.fr\/site\/n3-j04-fc-gueugnon-as-la-chapelle-de-guinchay-resultat-reactions-et-resume\/6481#article\",\"isPartOf\":{\"@id\":\"https:\/\/www.fcgueugnon.fr\/site\/n3-j04-fc-gueugnon-as-la-chapelle-de-guinchay-resultat-reactions-et-resume\/6481\"},\"author\":{\"name\":\"FC Gueugnon\",\"@id\":\"https:\/\/www.fcgueugnon.fr\/site\/#\/schema\/person\/6b88acb9354d23e86675fc81c54ed359\"},\"headline\":\"[N3 J04 : FC Gueugnon \u2013 AS La Chapelle de Guinchay] R\u00e9sultat, r\u00e9actions et r\u00e9sum\u00e9 vid\u00e9o\",\"datePublished\":\"2023-09-25T14:25:00+00:00\",\"dateModified\":\"2024-02-21T20:43:19+00:00\",\"mainEntityOfPage\":{\"@id\":\"https:\/\/www.fcgueugnon.fr\/site\/n3-j04-fc-gueugnon-as-la-chapelle-de-guinchay-resultat-reactions-et-resume\/6481\"},\"wordCount\":530,\"publisher\":{\"@id\":\"https:\/\/www.fcgueugnon.fr\/site\/#organization\"},\"image\":{\"@id\":\"https:\/\/www.fcgueugnon.fr\/site\/n3-j04-fc-gueugnon-as-la-chapelle-de-guinchay-resultat-reactions-et-resume\/6481#primaryimage\"},\"thumbnailUrl\":\"https:\/\/www.fcgueugnon.fr\/site\/wp-content\/uploads\/2023\/09\/382449358_719987420170293_3193588898685714703_n.jpg\",\"keywords\":[\"R\u00e9sultat\",\"Vid\u00e9o\"],\"articleSection\":[\"News\",\"News 2023\/2024\"],\"inLanguage\":\"fr-FR\"},{\"@type\":\"WebPage\",\"@id\":\"https:\/\/www.fcgueugnon.fr\/site\/n3-j04-fc-gueugnon-as-la-chapelle-de-guinchay-resultat-reactions-et-resume\/6481\",\"url\":\"https:\/\/www.fcgueugnon.fr\/site\/n3-j04-fc-gueugnon-as-la-chapelle-de-guinchay-resultat-reactions-et-resume\/6481\",\"name\":\"[N3 J04 : FC Gueugnon \u2013 AS La Chapelle de Guinchay] R\u00e9sultat, r\u00e9actions et r\u00e9sum\u00e9 vid\u00e9o &#8226; FOOTBALL CLUB GUEUGNON\",\"isPartOf\":{\"@id\":\"https:\/\/www.fcgueugnon.fr\/site\/#website\"},\"primaryImageOfPage\":{\"@id\":\"https:\/\/www.fcgueugnon.fr\/site\/n3-j04-fc-gueugnon-as-la-chapelle-de-guinchay-resultat-reactions-et-resume\/6481#primaryimage\"},\"image\":{\"@id\":\"https:\/\/www.fcgueugnon.fr\/site\/n3-j04-fc-gueugnon-as-la-chapelle-de-guinchay-resultat-reactions-et-resume\/6481#primaryimage\"},\"thumbnailUrl\":\"https:\/\/www.fcgueugnon.fr\/site\/wp-content\/uploads\/2023\/09\/382449358_719987420170293_3193588898685714703_n.jpg\",\"datePublished\":\"2023-09-25T14:25:00+00:00\",\"dateModified\":\"2024-02-21T20:43:19+00:00\",\"breadcrumb\":{\"@id\":\"https:\/\/www.fcgueugnon.fr\/site\/n3-j04-fc-gueugnon-as-la-chapelle-de-guinchay-resultat-reactions-et-resume\/6481#breadcrumb\"},\"inLanguage\":\"fr-FR\",\"potentialAction\":[{\"@type\":\"ReadAction\",\"target\":[\"https:\/\/www.fcgueugnon.fr\/site\/n3-j04-fc-gueugnon-as-la-chapelle-de-guinchay-resultat-reactions-et-resume\/6481\"]}]},{\"@type\":\"ImageObject\",\"inLanguage\":\"fr-FR\",\"@id\":\"https:\/\/www.fcgueugnon.fr\/site\/n3-j04-fc-gueugnon-as-la-chapelle-de-guinchay-resultat-reactions-et-resume\/6481#primaryimage\",\"url\":\"https:\/\/www.fcgueugnon.fr\/site\/wp-content\/uploads\/2023\/09\/382449358_719987420170293_3193588898685714703_n.jpg\",\"contentUrl\":\"https:\/\/www.fcgueugnon.fr\/site\/wp-content\/uploads\/2023\/09\/382449358_719987420170293_3193588898685714703_n.jpg\",\"width\":2048,\"height\":1365},{\"@type\":\"BreadcrumbList\",\"@id\":\"https:\/\/www.fcgueugnon.fr\/site\/n3-j04-fc-gueugnon-as-la-chapelle-de-guinchay-resultat-reactions-et-resume\/6481#breadcrumb\",\"itemListElement\":[{\"@type\":\"ListItem\",\"position\":1,\"name\":\"Accueil\",\"item\":\"https:\/\/www.fcgueugnon.fr\/site\/\"},{\"@type\":\"ListItem\",\"position\":2,\"name\":\"[N3 J04 : FC Gueugnon \u2013 AS La Chapelle de Guinchay] R\u00e9sultat, r\u00e9actions et r\u00e9sum\u00e9 vid\u00e9o\"}]},{\"@type\":\"WebSite\",\"@id\":\"https:\/\/www.fcgueugnon.fr\/site\/#website\",\"url\":\"https:\/\/www.fcgueugnon.fr\/site\/\",\"name\":\"FOOTBALL CLUB GUEUGNON\",\"description\":\"Le Site Officiel des Forgerons\",\"publisher\":{\"@id\":\"https:\/\/www.fcgueugnon.fr\/site\/#organization\"},\"potentialAction\":[{\"@type\":\"SearchAction\",\"target\":{\"@type\":\"EntryPoint\",\"urlTemplate\":\"https:\/\/www.fcgueugnon.fr\/site\/?s={search_term_string}\"},\"query-input\":{\"@type\":\"PropertyValueSpecification\",\"valueRequired\":true,\"valueName\":\"search_term_string\"}}],\"inLanguage\":\"fr-FR\"},{\"@type\":\"Organization\",\"@id\":\"https:\/\/www.fcgueugnon.fr\/site\/#organization\",\"name\":\"FC Gueugnon\",\"url\":\"https:\/\/www.fcgueugnon.fr\/site\/\",\"logo\":{\"@type\":\"ImageObject\",\"inLanguage\":\"fr-FR\",\"@id\":\"https:\/\/www.fcgueugnon.fr\/site\/#\/schema\/logo\/image\/\",\"url\":\"https:\/\/www.fcgueugnon.fr\/site\/wp-content\/uploads\/2022\/07\/cropped-Logo-FCGUEUGNON-low-350x350-1.png\",\"contentUrl\":\"https:\/\/www.fcgueugnon.fr\/site\/wp-content\/uploads\/2022\/07\/cropped-Logo-FCGUEUGNON-low-350x350-1.png\",\"width\":350,\"height\":350,\"caption\":\"FC Gueugnon\"},\"image\":{\"@id\":\"https:\/\/www.fcgueugnon.fr\/site\/#\/schema\/logo\/image\/\"},\"sameAs\":[\"http:\/\/facebook.com\/FCGueugnon\",\"https:\/\/x.com\/FCGueugnon_off\",\"https:\/\/www.instagram.com\/fcgueugnon\/\",\"https:\/\/www.linkedin.com\/company\/football-club-de-gueugnon\/\",\"https:\/\/www.youtube.com\/user\/FCGueugnonnais\",\"https:\/\/fr.wikipedia.org\/wiki\/Football_Club_de_Gueugnon\"]},{\"@type\":\"Person\",\"@id\":\"https:\/\/www.fcgueugnon.fr\/site\/#\/schema\/person\/6b88acb9354d23e86675fc81c54ed359\",\"name\":\"FC Gueugnon\",\"url\":\"https:\/\/www.fcgueugnon.fr\/site\/author\/man-antu\"}]}<\/script>\n<!-- \/ Yoast SEO plugin. -->","yoast_head_json":{"title":"[N3 J04 : FC Gueugnon \u2013 AS La Chapelle de Guinchay] R\u00e9sultat, r\u00e9actions et r\u00e9sum\u00e9 vid\u00e9o &#8226; FOOTBALL CLUB GUEUGNON","robots":{"index":"index","follow":"follow","max-snippet":"max-snippet:-1","max-image-preview":"max-image-preview:large","max-video-preview":"max-video-preview:-1"},"canonical":"https:\/\/www.fcgueugnon.fr\/site\/n3-j04-fc-gueugnon-as-la-chapelle-de-guinchay-resultat-reactions-et-resume\/6481","og_locale":"fr_FR","og_type":"article","og_title":"[N3 J04 : FC Gueugnon \u2013 AS La Chapelle de Guinchay] R\u00e9sultat, r\u00e9actions et r\u00e9sum\u00e9 vid\u00e9o &#8226; FOOTBALL CLUB GUEUGNON","og_description":"Une victoire qui permet \u00e0 nos forgerons d&rsquo;ajouter trois points suppl\u00e9mentaires au tableau ! Nos forgerons retrouvaient le stade Jean Laville apr\u00e8s leur qualification au 4e tour de Coupe de France. Ce samedi, Ils recevaient l&rsquo;AS La Chapelle de Guinchay, un adversaire in\u00e9dit dans ce championnat, avec la ferme intention de r\u00e9cup\u00e9rer trois points suite ... Lire la suite","og_url":"https:\/\/www.fcgueugnon.fr\/site\/n3-j04-fc-gueugnon-as-la-chapelle-de-guinchay-resultat-reactions-et-resume\/6481","og_site_name":"FOOTBALL CLUB GUEUGNON","article_publisher":"http:\/\/facebook.com\/FCGueugnon","article_published_time":"2023-09-25T14:25:00+00:00","article_modified_time":"2024-02-21T20:43:19+00:00","og_image":[{"width":2048,"height":1365,"url":"https:\/\/www.fcgueugnon.fr\/site\/wp-content\/uploads\/2023\/09\/382449358_719987420170293_3193588898685714703_n.jpg","type":"image\/jpeg"}],"author":"FC Gueugnon","twitter_card":"summary_large_image","twitter_creator":"@FCGueugnon_off","twitter_site":"@FCGueugnon_off","twitter_misc":{"\u00c9crit par":"FC Gueugnon","Dur\u00e9e de lecture estim\u00e9e":"4 minutes"},"schema":{"@context":"https:\/\/schema.org","@graph":[{"@type":"Article","@id":"https:\/\/www.fcgueugnon.fr\/site\/n3-j04-fc-gueugnon-as-la-chapelle-de-guinchay-resultat-reactions-et-resume\/6481#article","isPartOf":{"@id":"https:\/\/www.fcgueugnon.fr\/site\/n3-j04-fc-gueugnon-as-la-chapelle-de-guinchay-resultat-reactions-et-resume\/6481"},"author":{"name":"FC Gueugnon","@id":"https:\/\/www.fcgueugnon.fr\/site\/#\/schema\/person\/6b88acb9354d23e86675fc81c54ed359"},"headline":"[N3 J04 : FC Gueugnon \u2013 AS La Chapelle de Guinchay] R\u00e9sultat, r\u00e9actions et r\u00e9sum\u00e9 vid\u00e9o","datePublished":"2023-09-25T14:25:00+00:00","dateModified":"2024-02-21T20:43:19+00:00","mainEntityOfPage":{"@id":"https:\/\/www.fcgueugnon.fr\/site\/n3-j04-fc-gueugnon-as-la-chapelle-de-guinchay-resultat-reactions-et-resume\/6481"},"wordCount":530,"publisher":{"@id":"https:\/\/www.fcgueugnon.fr\/site\/#organization"},"image":{"@id":"https:\/\/www.fcgueugnon.fr\/site\/n3-j04-fc-gueugnon-as-la-chapelle-de-guinchay-resultat-reactions-et-resume\/6481#primaryimage"},"thumbnailUrl":"https:\/\/www.fcgueugnon.fr\/site\/wp-content\/uploads\/2023\/09\/382449358_719987420170293_3193588898685714703_n.jpg","keywords":["R\u00e9sultat","Vid\u00e9o"],"articleSection":["News","News 2023\/2024"],"inLanguage":"fr-FR"},{"@type":"WebPage","@id":"https:\/\/www.fcgueugnon.fr\/site\/n3-j04-fc-gueugnon-as-la-chapelle-de-guinchay-resultat-reactions-et-resume\/6481","url":"https:\/\/www.fcgueugnon.fr\/site\/n3-j04-fc-gueugnon-as-la-chapelle-de-guinchay-resultat-reactions-et-resume\/6481","name":"[N3 J04 : FC Gueugnon \u2013 AS La Chapelle de Guinchay] R\u00e9sultat, r\u00e9actions et r\u00e9sum\u00e9 vid\u00e9o &#8226; FOOTBALL CLUB GUEUGNON","isPartOf":{"@id":"https:\/\/www.fcgueugnon.fr\/site\/#website"},"primaryImageOfPage":{"@id":"https:\/\/www.fcgueugnon.fr\/site\/n3-j04-fc-gueugnon-as-la-chapelle-de-guinchay-resultat-reactions-et-resume\/6481#primaryimage"},"image":{"@id":"https:\/\/www.fcgueugnon.fr\/site\/n3-j04-fc-gueugnon-as-la-chapelle-de-guinchay-resultat-reactions-et-resume\/6481#primaryimage"},"thumbnailUrl":"https:\/\/www.fcgueugnon.fr\/site\/wp-content\/uploads\/2023\/09\/382449358_719987420170293_3193588898685714703_n.jpg","datePublished":"2023-09-25T14:25:00+00:00","dateModified":"2024-02-21T20:43:19+00:00","breadcrumb":{"@id":"https:\/\/www.fcgueugnon.fr\/site\/n3-j04-fc-gueugnon-as-la-chapelle-de-guinchay-resultat-reactions-et-resume\/6481#breadcrumb"},"inLanguage":"fr-FR","potentialAction":[{"@type":"ReadAction","target":["https:\/\/www.fcgueugnon.fr\/site\/n3-j04-fc-gueugnon-as-la-chapelle-de-guinchay-resultat-reactions-et-resume\/6481"]}]},{"@type":"ImageObject","inLanguage":"fr-FR","@id":"https:\/\/www.fcgueugnon.fr\/site\/n3-j04-fc-gueugnon-as-la-chapelle-de-guinchay-resultat-reactions-et-resume\/6481#primaryimage","url":"https:\/\/www.fcgueugnon.fr\/site\/wp-content\/uploads\/2023\/09\/382449358_719987420170293_3193588898685714703_n.jpg","contentUrl":"https:\/\/www.fcgueugnon.fr\/site\/wp-content\/uploads\/2023\/09\/382449358_719987420170293_3193588898685714703_n.jpg","width":2048,"height":1365},{"@type":"BreadcrumbList","@id":"https:\/\/www.fcgueugnon.fr\/site\/n3-j04-fc-gueugnon-as-la-chapelle-de-guinchay-resultat-reactions-et-resume\/6481#breadcrumb","itemListElement":[{"@type":"ListItem","position":1,"name":"Accueil","item":"https:\/\/www.fcgueugnon.fr\/site\/"},{"@type":"ListItem","position":2,"name":"[N3 J04 : FC Gueugnon \u2013 AS La Chapelle de Guinchay] R\u00e9sultat, r\u00e9actions et r\u00e9sum\u00e9 vid\u00e9o"}]},{"@type":"WebSite","@id":"https:\/\/www.fcgueugnon.fr\/site\/#website","url":"https:\/\/www.fcgueugnon.fr\/site\/","name":"FOOTBALL CLUB GUEUGNON","description":"Le Site Officiel des Forgerons","publisher":{"@id":"https:\/\/www.fcgueugnon.fr\/site\/#organization"},"potentialAction":[{"@type":"SearchAction","target":{"@type":"EntryPoint","urlTemplate":"https:\/\/www.fcgueugnon.fr\/site\/?s={search_term_string}"},"query-input":{"@type":"PropertyValueSpecification","valueRequired":true,"valueName":"search_term_string"}}],"inLanguage":"fr-FR"},{"@type":"Organization","@id":"https:\/\/www.fcgueugnon.fr\/site\/#organization","name":"FC Gueugnon","url":"https:\/\/www.fcgueugnon.fr\/site\/","logo":{"@type":"ImageObject","inLanguage":"fr-FR","@id":"https:\/\/www.fcgueugnon.fr\/site\/#\/schema\/logo\/image\/","url":"https:\/\/www.fcgueugnon.fr\/site\/wp-content\/uploads\/2022\/07\/cropped-Logo-FCGUEUGNON-low-350x350-1.png","contentUrl":"https:\/\/www.fcgueugnon.fr\/site\/wp-content\/uploads\/2022\/07\/cropped-Logo-FCGUEUGNON-low-350x350-1.png","width":350,"height":350,"caption":"FC Gueugnon"},"image":{"@id":"https:\/\/www.fcgueugnon.fr\/site\/#\/schema\/logo\/image\/"},"sameAs":["http:\/\/facebook.com\/FCGueugnon","https:\/\/x.com\/FCGueugnon_off","https:\/\/www.instagram.com\/fcgueugnon\/","https:\/\/www.linkedin.com\/company\/football-club-de-gueugnon\/","https:\/\/www.youtube.com\/user\/FCGueugnonnais","https:\/\/fr.wikipedia.org\/wiki\/Football_Club_de_Gueugnon"]},{"@type":"Person","@id":"https:\/\/www.fcgueugnon.fr\/site\/#\/schema\/person\/6b88acb9354d23e86675fc81c54ed359","name":"FC Gueugnon","url":"https:\/\/www.fcgueugnon.fr\/site\/author\/man-antu"}]}},"rttpg_featured_image_url":{"full":["https:\/\/www.fcgueugnon.fr\/site\/wp-content\/uploads\/2023\/09\/382449358_719987420170293_3193588898685714703_n.jpg",2048,1365,false],"landscape":["https:\/\/www.fcgueugnon.fr\/site\/wp-content\/uploads\/2023\/09\/382449358_719987420170293_3193588898685714703_n.jpg",2048,1365,false],"portraits":["https:\/\/www.fcgueugnon.fr\/site\/wp-content\/uploads\/2023\/09\/382449358_719987420170293_3193588898685714703_n.jpg",2048,1365,false],"thumbnail":["https:\/\/www.fcgueugnon.fr\/site\/wp-content\/uploads\/2023\/09\/382449358_719987420170293_3193588898685714703_n-150x150.jpg",150,150,true],"medium":["https:\/\/www.fcgueugnon.fr\/site\/wp-content\/uploads\/2023\/09\/382449358_719987420170293_3193588898685714703_n-400x267.jpg",400,267,true],"large":["https:\/\/www.fcgueugnon.fr\/site\/wp-content\/uploads\/2023\/09\/382449358_719987420170293_3193588898685714703_n-1024x683.jpg",1024,683,true],"1536x1536":["https:\/\/www.fcgueugnon.fr\/site\/wp-content\/uploads\/2023\/09\/382449358_719987420170293_3193588898685714703_n-1536x1024.jpg",1536,1024,true],"2048x2048":["https:\/\/www.fcgueugnon.fr\/site\/wp-content\/uploads\/2023\/09\/382449358_719987420170293_3193588898685714703_n.jpg",2048,1365,false]},"rttpg_author":{"display_name":"FC Gueugnon","author_link":"https:\/\/www.fcgueugnon.fr\/site\/author\/man-antu"},"rttpg_comment":0,"rttpg_category":"<a href=\"https:\/\/www.fcgueugnon.fr\/site\/category\/news\" rel=\"category tag\">News<\/a> <a href=\"https:\/\/www.fcgueugnon.fr\/site\/category\/news\/news-2023-2024\" rel=\"category tag\">News 2023\/2024<\/a>","rttpg_excerpt":"Une victoire qui permet \u00e0 nos forgerons d&rsquo;ajouter trois points suppl\u00e9mentaires au tableau ! Nos forgerons retrouvaient le stade Jean Laville apr\u00e8s leur qualification au 4e tour de Coupe de France. Ce samedi, Ils recevaient l&rsquo;AS La Chapelle de Guinchay, un adversaire in\u00e9dit dans ce championnat, avec la ferme intention de r\u00e9cup\u00e9rer trois points suite\u2026","_links":{"self":[{"href":"https:\/\/www.fcgueugnon.fr\/site\/wp-json\/wp\/v2\/posts\/6481","targetHints":{"allow":["GET"]}}],"collection":[{"href":"https:\/\/www.fcgueugnon.fr\/site\/wp-json\/wp\/v2\/posts"}],"about":[{"href":"https:\/\/www.fcgueugnon.fr\/site\/wp-json\/wp\/v2\/types\/post"}],"author":[{"embeddable":true,"href":"https:\/\/www.fcgueugnon.fr\/site\/wp-json\/wp\/v2\/users\/4"}],"replies":[{"embeddable":true,"href":"https:\/\/www.fcgueugnon.fr\/site\/wp-json\/wp\/v2\/comments?post=6481"}],"version-history":[{"count":15,"href":"https:\/\/www.fcgueugnon.fr\/site\/wp-json\/wp\/v2\/posts\/6481\/revisions"}],"predecessor-version":[{"id":8609,"href":"https:\/\/www.fcgueugnon.fr\/site\/wp-json\/wp\/v2\/posts\/6481\/revisions\/8609"}],"wp:featuredmedia":[{"embeddable":true,"href":"https:\/\/www.fcgueugnon.fr\/site\/wp-json\/wp\/v2\/media\/6515"}],"wp:attachment":[{"href":"https:\/\/www.fcgueugnon.fr\/site\/wp-json\/wp\/v2\/media?parent=6481"}],"wp:term":[{"taxonomy":"category","embeddable":true,"href":"https:\/\/www.fcgueugnon.fr\/site\/wp-json\/wp\/v2\/categories?post=6481"},{"taxonomy":"post_tag","embeddable":true,"href":"https:\/\/www.fcgueugnon.fr\/site\/wp-json\/wp\/v2\/tags?post=6481"}],"curies":[{"name":"wp","href":"https:\/\/api.w.org\/{rel}","templated":true}]}}