{"id":6460,"date":"2023-09-23T16:55:00","date_gmt":"2023-09-23T14:55:00","guid":{"rendered":"https:\/\/www.fcgueugnon.fr\/site\/?p=6460"},"modified":"2023-09-22T15:03:18","modified_gmt":"2023-09-22T13:03:18","slug":"interview-forgeron-mag-3-avec-erwin-gnahore","status":"publish","type":"post","link":"https:\/\/www.fcgueugnon.fr\/site\/interview-forgeron-mag-3-avec-erwin-gnahore\/6460","title":{"rendered":"[Interview] Forgeron Mag #3 avec Erwin Gnahor\u00e9"},"content":{"rendered":"\n<h3 class=\"wp-block-heading\">D\u00e9couvrez en int\u00e9gralit\u00e9 l&rsquo;entretien d&rsquo;Erwin Gnahor\u00e9 diffus\u00e9 \u00e0 l&rsquo;occasion de cette 5eme journ\u00e9e de championnat face \u00e0 la Chapelle de Guinchay.<\/h3>\n\n\n\n<div style=\"height:75px\" aria-hidden=\"true\" class=\"wp-block-spacer\"><\/div>\n\n\n<div class=\"wp-block-image\">\n<figure class=\"aligncenter size-full is-resized\"><img loading=\"lazy\" decoding=\"async\" src=\"https:\/\/www.fcgueugnon.fr\/site\/wp-content\/uploads\/2023\/09\/erwin-1.jpg\" alt=\"\" class=\"wp-image-6404\" style=\"width:768px;height:512px\" width=\"768\" height=\"512\" srcset=\"https:\/\/www.fcgueugnon.fr\/site\/wp-content\/uploads\/2023\/09\/erwin-1.jpg 596w, https:\/\/www.fcgueugnon.fr\/site\/wp-content\/uploads\/2023\/09\/erwin-1-400x266.jpg 400w\" sizes=\"auto, (max-width: 768px) 100vw, 768px\" \/><\/figure>\n<\/div>\n\n\n<div style=\"height:75px\" aria-hidden=\"true\" class=\"wp-block-spacer\"><\/div>\n\n\n\n<p><strong>Bonjour Erwin, j\u2019aimerais que tu te pr\u00e9sentes au club\u00a0:<\/strong> <br>\u00ab Bonjour, je m\u2019appelle Erwin, j\u2019ai 22 ans, je suis originaire de r\u00e9gion Parisienne. <span style=\"font-size:12.0pt;line-height:115%;font-family:\n&quot;Arial&quot;,sans-serif;mso-fareast-font-family:Calibri;mso-fareast-theme-font:minor-latin;\nmso-ansi-language:FR;mso-fareast-language:EN-US;mso-bidi-language:AR-SA;\nmso-bidi-font-weight:bold\">\u00bb<\/span><\/p>\n\n\n\n<p><strong>Tu es pass\u00e9 par Selongey avant d\u2019aller jouer en Allemagne\u00a0! Est-ce qu\u2019il y a une vraie diff\u00e9rence de foot\u00a0?<\/strong> <br>\u00ab J\u2019ai jou\u00e9 \u00e0 un niveau \u00e9quivalent \u00e0 la N3 en France. C\u2019\u00e9tait une belle exp\u00e9rience, j\u2019ai appris \u00e9norm\u00e9ment. C\u2019est similairement la m\u00eame chose, je dirai par contre que le foot en France est un peu plus physique. <span style=\"font-size:12.0pt;line-height:115%;font-family:\n&quot;Arial&quot;,sans-serif;mso-fareast-font-family:Calibri;mso-fareast-theme-font:minor-latin;\nmso-ansi-language:FR;mso-fareast-language:EN-US;mso-bidi-language:AR-SA;\nmso-bidi-font-weight:bold\">\u00bb<\/span><\/p>\n\n\n\n<figure class=\"wp-block-pullquote\"><blockquote><p>\u00ab  Pour la r\u00e9ception de la Chapelle, on va tout faire pour rebondir, on veut se faire respecter \u00e0 domicile et gagner devant notre public\u00a0! \u00bb<\/p><\/blockquote><\/figure>\n\n\n\n<p><strong>Comment vous communiquiez dans l\u2019\u00e9quipe\u00a0? Au niveau de la cuisine, \u00e7a a d\u00fb te changer non\u00a0?<\/strong> <br>\u00ab On parlait majoritairement Anglais, j\u2019ai \u00e9galement appris \u00e0 me d\u00e9brouiller en Allemand\u00a0! Pour l\u2019alimentation, effectivement \u00e7a m\u2019a \u00e9norm\u00e9ment chang\u00e9, je me suis adapt\u00e9 au mieux, \u00e7a ne m\u2019a pas plus choqu\u00e9 que \u00e7a. <span style=\"font-size:12.0pt;line-height:115%;font-family:\n&quot;Arial&quot;,sans-serif;mso-fareast-font-family:Calibri;mso-fareast-theme-font:minor-latin;\nmso-ansi-language:FR;mso-fareast-language:EN-US;mso-bidi-language:AR-SA;\nmso-bidi-font-weight:bold\">\u00bb<\/span><\/p>\n\n\n\n<p><strong>En dehors du foot, qu\u2019est-ce que tu aimes faire dans la vie\u00a0?<\/strong> <br>\u00ab Je m\u2019int\u00e9resse \u00e0 \u00e9norm\u00e9ment de choses, la musique, la mode, l\u2019art\u2026 Je suis souvent l\u2019actualit\u00e9 depuis mon t\u00e9l\u00e9phone avec les r\u00e9seaux sociaux. <span style=\"font-size:12.0pt;line-height:115%;font-family:\n&quot;Arial&quot;,sans-serif;mso-fareast-font-family:Calibri;mso-fareast-theme-font:minor-latin;\nmso-ansi-language:FR;mso-fareast-language:EN-US;mso-bidi-language:AR-SA;\nmso-bidi-font-weight:bold\">\u00bb<\/span><\/p>\n\n\n\n<p><strong>En dehors des entra\u00eenements, est-ce que tu c\u00f4toies r\u00e9guli\u00e8rement tes co\u00e9quipiers ?<\/strong> <br>\u00ab Oh oui bien s\u00fbr, tr\u00e8s souvent m\u00eame\u00a0! Hier, nous avons suivi le match de l\u2019\u00e9quipe de France autour d\u2019un repas. C\u2019est des moments de convivialit\u00e9 importants dans une \u00e9quipe. On ne s\u2019ennuie pas dans l\u2019\u00e9quipe\u00a0! <span style=\"font-size:12.0pt;line-height:115%;font-family:\n&quot;Arial&quot;,sans-serif;mso-fareast-font-family:Calibri;mso-fareast-theme-font:minor-latin;\nmso-ansi-language:FR;mso-fareast-language:EN-US;mso-bidi-language:AR-SA;\nmso-bidi-font-weight:bold\">\u00bb<\/span><\/p>\n\n\n\n<figure class=\"wp-block-pullquote\"><blockquote><p>\u00ab  Individuellement je pense pouvoir apporter encore plus \u00e0 l\u2019\u00e9quipe. Je vais donner mon maximum tout au long de la saison\u00a0! \u00bb<\/p><\/blockquote><\/figure>\n\n\n\n<p><strong>Comment juges-tu notre d\u00e9but de saison\u00a0?<\/strong> <br>\u00ab Je trouve qu\u2019on a fait une bonne pr\u00e9paration et une bonne entame de championnat, mis \u00e0 part le faux pas lors du dernier match. On va travailler dur pour nous pr\u00e9parer et retrouver la confiance sur le terrain\u00a0! On sait ce qui n\u2019a pas bien fonctionn\u00e9, on va travailler et \u00e7a viendra\u00a0! <span style=\"font-size:12.0pt;line-height:115%;font-family:\n&quot;Arial&quot;,sans-serif;mso-fareast-font-family:Calibri;mso-fareast-theme-font:minor-latin;\nmso-ansi-language:FR;mso-fareast-language:EN-US;mso-bidi-language:AR-SA;\nmso-bidi-font-weight:bold\">\u00bb<\/span><\/p>\n\n\n\n<p><strong>Comment vous vous \u00eates pr\u00e9par\u00e9s pour cette entr\u00e9e en lice de Coupe et pour la r\u00e9ception de la Chapelle de Guinchay\u00a0?<\/strong> <br>\u00ab Que ce soit Gurgy ou la Chapelle, une D1 ou le nouveau promu, on abordera ces matches comme si c\u2019\u00e9tait des \u00e9quipes de haut de tableau. Contre Gurgy, on a connu quelques difficult\u00e9s mais on n\u2019a rien l\u00e2ch\u00e9 jusqu\u2019au bout et \u00e7a a pay\u00e9\u00a0! Pour la r\u00e9ception de la Chapelle, on va tout faire pour rebondir, on veut se faire respecter \u00e0 domicile et gagner devant notre public\u00a0! <span style=\"font-size:12.0pt;line-height:115%;font-family:\n&quot;Arial&quot;,sans-serif;mso-fareast-font-family:Calibri;mso-fareast-theme-font:minor-latin;\nmso-ansi-language:FR;mso-fareast-language:EN-US;mso-bidi-language:AR-SA;\nmso-bidi-font-weight:bold\">\u00bb<\/span><\/p>\n\n\n\n<figure class=\"wp-block-pullquote\"><blockquote><p>\u00ab On sait ce qui n\u2019a pas bien fonctionn\u00e9, on va travailler et \u00e7a viendra\u00a0! \u00bb<\/p><\/blockquote><\/figure>\n\n\n\n<p><strong>Comment tu te sens dans ce collectif\u00a0?<\/strong> <br>\u00ab L\u2019\u00e9quipe m\u2019a super bien int\u00e9gr\u00e9, on se connaissait d\u00e9j\u00e0 un peu en plus\u00a0! Individuellement je pense pouvoir apporter encore plus \u00e0 l\u2019\u00e9quipe. Je vais donner mon maximum tout au long de la saison\u00a0! <span style=\"font-size:12.0pt;line-height:115%;font-family:\n&quot;Arial&quot;,sans-serif;mso-fareast-font-family:Calibri;mso-fareast-theme-font:minor-latin;\nmso-ansi-language:FR;mso-fareast-language:EN-US;mso-bidi-language:AR-SA;\nmso-bidi-font-weight:bold\">\u00bb<\/span><\/p>\n\n\n\n<p><strong>Lors de la pr\u00e9sentation officielle de la saison aux partenaires et abonn\u00e9s, le club a affich\u00e9 ses objectifs cette saison, qu\u2019est-ce que tu en as pens\u00e9\u00a0?<\/strong> <br>\u00ab J\u2019ai beaucoup appr\u00e9ci\u00e9 cette soir\u00e9e\u00a0! Pouvoir rencontrer les supporters, les partenaires \u2026 Personnellement je pense que dans la vie il ne faut pas se fixer d\u2019objectifs, il faut toujours aller chercher le maximum de ce qu\u2019on est capable de faire. La meilleure fa\u00e7on de pouvoir atteindre notre maximum, c\u2019est de s\u2019entrainer dur et d\u2019\u00eatre \u00e0 l\u2019\u00e9coute, en faisant tout cela, on va y arriver\u00a0! <span style=\"font-size:12.0pt;line-height:115%;font-family:\n&quot;Arial&quot;,sans-serif;mso-fareast-font-family:Calibri;mso-fareast-theme-font:minor-latin;\nmso-ansi-language:FR;mso-fareast-language:EN-US;mso-bidi-language:AR-SA;\nmso-bidi-font-weight:bold\">\u00bb<\/span><\/p>\n\n\n\n<p><strong>Merci Erwin<\/strong><br><\/p>\n\n\n\n<div style=\"height:100px\" aria-hidden=\"true\" class=\"wp-block-spacer\"><\/div>\n\n\n\n<hr class=\"wp-block-separator has-alpha-channel-opacity\"\/>\n\n\n\n<h3 class=\"wp-block-heading\">Retrouvez le Forgeron Mag #03 en int\u00e9gralit\u00e9<\/h3>\n\n\n\n<div class=\"wp-block-pdf-viewer-block-standard\" style=\"text-align:left\"><div class=\"uploaded-pdf\"><a href=\"https:\/\/www.fcgueugnon.fr\/site\/wp-content\/uploads\/2023\/09\/forgeron-mag-fcg-la-chapelle-guinchay-j5.pdf\" data-width=\"\" data-height=\"\"><\/a><\/div><\/div>\n\n\n\n<div class=\"wp-block-buttons is-layout-flex wp-block-buttons-is-layout-flex\">\n<div class=\"wp-block-button alignright is-style-circular\"><a class=\"wp-block-button__link wp-element-button\" href=\"https:\/\/www.fcgueugnon.fr\/site\/wp-content\/uploads\/2023\/09\/forgeron-mag-fcg-la-chapelle-guinchay-j5.pdf\">T\u00e9l\u00e9charger<\/a><\/div>\n<\/div>\n","protected":false},"excerpt":{"rendered":"<p>D\u00e9couvrez en int\u00e9gralit\u00e9 l&rsquo;entretien d&rsquo;Erwin Gnahor\u00e9 diffus\u00e9 \u00e0 l&rsquo;occasion de cette 5eme journ\u00e9e de championnat face \u00e0 la Chapelle de Guinchay. Bonjour Erwin, j\u2019aimerais que tu te pr\u00e9sentes au club\u00a0: \u00ab Bonjour, je m\u2019appelle Erwin, j\u2019ai 22 ans, je suis originaire de r\u00e9gion Parisienne. \u00bb Tu es pass\u00e9 par Selongey avant d\u2019aller jouer en Allemagne\u00a0! &#8230; <\/p>\n<p class=\"read-more-container\"><a title=\"[Interview] Forgeron Mag #3 avec Erwin Gnahor\u00e9\" class=\"read-more button\" href=\"https:\/\/www.fcgueugnon.fr\/site\/interview-forgeron-mag-3-avec-erwin-gnahore\/6460#more-6460\" aria-label=\"Plus sur [Interview] Forgeron Mag #3 avec Erwin Gnahor\u00e9\">Lire la suite<\/a><\/p>\n","protected":false},"author":2,"featured_media":6404,"comment_status":"closed","ping_status":"closed","sticky":false,"template":"","format":"standard","meta":{"footnotes":""},"categories":[5,4],"tags":[24,11],"class_list":["post-6460","post","type-post","status-publish","format-standard","has-post-thumbnail","hentry","category-news-2022-2023","category-news","tag-forgeron-mag","tag-interview","infinite-scroll-item","generate-columns","tablet-grid-50","mobile-grid-100","grid-parent","grid-25"],"yoast_head":"<!-- This site is optimized with the Yoast SEO plugin v26.6 - https:\/\/yoast.com\/wordpress\/plugins\/seo\/ -->\n<title>[Interview] Forgeron Mag #3 avec Erwin Gnahor\u00e9 &#8226; FOOTBALL CLUB GUEUGNON<\/title>\n<meta name=\"robots\" content=\"index, follow, max-snippet:-1, max-image-preview:large, max-video-preview:-1\" \/>\n<link rel=\"canonical\" href=\"https:\/\/www.fcgueugnon.fr\/site\/interview-forgeron-mag-3-avec-erwin-gnahore\/6460\" \/>\n<meta property=\"og:locale\" content=\"fr_FR\" \/>\n<meta property=\"og:type\" content=\"article\" \/>\n<meta property=\"og:title\" content=\"[Interview] Forgeron Mag #3 avec Erwin Gnahor\u00e9 &#8226; FOOTBALL CLUB GUEUGNON\" \/>\n<meta property=\"og:description\" content=\"D\u00e9couvrez en int\u00e9gralit\u00e9 l&rsquo;entretien d&rsquo;Erwin Gnahor\u00e9 diffus\u00e9 \u00e0 l&rsquo;occasion de cette 5eme journ\u00e9e de championnat face \u00e0 la Chapelle de Guinchay. Bonjour Erwin, j\u2019aimerais que tu te pr\u00e9sentes au club\u00a0: \u00ab Bonjour, je m\u2019appelle Erwin, j\u2019ai 22 ans, je suis originaire de r\u00e9gion Parisienne. \u00bb Tu es pass\u00e9 par Selongey avant d\u2019aller jouer en Allemagne\u00a0! ... Lire la suite\" \/>\n<meta property=\"og:url\" content=\"https:\/\/www.fcgueugnon.fr\/site\/interview-forgeron-mag-3-avec-erwin-gnahore\/6460\" \/>\n<meta property=\"og:site_name\" content=\"FOOTBALL CLUB GUEUGNON\" \/>\n<meta property=\"article:publisher\" content=\"http:\/\/facebook.com\/FCGueugnon\" \/>\n<meta property=\"article:published_time\" content=\"2023-09-23T14:55:00+00:00\" \/>\n<meta property=\"og:image\" content=\"https:\/\/www.fcgueugnon.fr\/site\/wp-content\/uploads\/2023\/09\/erwin-1.jpg\" \/>\n\t<meta property=\"og:image:width\" content=\"596\" \/>\n\t<meta property=\"og:image:height\" content=\"397\" \/>\n\t<meta property=\"og:image:type\" content=\"image\/jpeg\" \/>\n<meta name=\"author\" content=\"FC Gueugnon\" \/>\n<meta name=\"twitter:card\" content=\"summary_large_image\" \/>\n<meta name=\"twitter:creator\" content=\"@FCGueugnon_off\" \/>\n<meta name=\"twitter:site\" content=\"@FCGueugnon_off\" \/>\n<meta name=\"twitter:label1\" content=\"\u00c9crit par\" \/>\n\t<meta name=\"twitter:data1\" content=\"FC Gueugnon\" \/>\n\t<meta name=\"twitter:label2\" content=\"Dur\u00e9e de lecture estim\u00e9e\" \/>\n\t<meta name=\"twitter:data2\" content=\"3 minutes\" \/>\n<script type=\"application\/ld+json\" class=\"yoast-schema-graph\">{\"@context\":\"https:\/\/schema.org\",\"@graph\":[{\"@type\":\"Article\",\"@id\":\"https:\/\/www.fcgueugnon.fr\/site\/interview-forgeron-mag-3-avec-erwin-gnahore\/6460#article\",\"isPartOf\":{\"@id\":\"https:\/\/www.fcgueugnon.fr\/site\/interview-forgeron-mag-3-avec-erwin-gnahore\/6460\"},\"author\":{\"name\":\"FC Gueugnon\",\"@id\":\"https:\/\/www.fcgueugnon.fr\/site\/#\/schema\/person\/d342d0c35e8e8f04740b9bdd734eeb20\"},\"headline\":\"[Interview] Forgeron Mag #3 avec Erwin Gnahor\u00e9\",\"datePublished\":\"2023-09-23T14:55:00+00:00\",\"mainEntityOfPage\":{\"@id\":\"https:\/\/www.fcgueugnon.fr\/site\/interview-forgeron-mag-3-avec-erwin-gnahore\/6460\"},\"wordCount\":653,\"publisher\":{\"@id\":\"https:\/\/www.fcgueugnon.fr\/site\/#organization\"},\"image\":{\"@id\":\"https:\/\/www.fcgueugnon.fr\/site\/interview-forgeron-mag-3-avec-erwin-gnahore\/6460#primaryimage\"},\"thumbnailUrl\":\"https:\/\/www.fcgueugnon.fr\/site\/wp-content\/uploads\/2023\/09\/erwin-1.jpg\",\"keywords\":[\"Forgeron Mag\",\"Interview\"],\"articleSection\":[\"Archives 2022\/2023\",\"News\"],\"inLanguage\":\"fr-FR\"},{\"@type\":\"WebPage\",\"@id\":\"https:\/\/www.fcgueugnon.fr\/site\/interview-forgeron-mag-3-avec-erwin-gnahore\/6460\",\"url\":\"https:\/\/www.fcgueugnon.fr\/site\/interview-forgeron-mag-3-avec-erwin-gnahore\/6460\",\"name\":\"[Interview] Forgeron Mag #3 avec Erwin Gnahor\u00e9 &#8226; FOOTBALL CLUB GUEUGNON\",\"isPartOf\":{\"@id\":\"https:\/\/www.fcgueugnon.fr\/site\/#website\"},\"primaryImageOfPage\":{\"@id\":\"https:\/\/www.fcgueugnon.fr\/site\/interview-forgeron-mag-3-avec-erwin-gnahore\/6460#primaryimage\"},\"image\":{\"@id\":\"https:\/\/www.fcgueugnon.fr\/site\/interview-forgeron-mag-3-avec-erwin-gnahore\/6460#primaryimage\"},\"thumbnailUrl\":\"https:\/\/www.fcgueugnon.fr\/site\/wp-content\/uploads\/2023\/09\/erwin-1.jpg\",\"datePublished\":\"2023-09-23T14:55:00+00:00\",\"breadcrumb\":{\"@id\":\"https:\/\/www.fcgueugnon.fr\/site\/interview-forgeron-mag-3-avec-erwin-gnahore\/6460#breadcrumb\"},\"inLanguage\":\"fr-FR\",\"potentialAction\":[{\"@type\":\"ReadAction\",\"target\":[\"https:\/\/www.fcgueugnon.fr\/site\/interview-forgeron-mag-3-avec-erwin-gnahore\/6460\"]}]},{\"@type\":\"ImageObject\",\"inLanguage\":\"fr-FR\",\"@id\":\"https:\/\/www.fcgueugnon.fr\/site\/interview-forgeron-mag-3-avec-erwin-gnahore\/6460#primaryimage\",\"url\":\"https:\/\/www.fcgueugnon.fr\/site\/wp-content\/uploads\/2023\/09\/erwin-1.jpg\",\"contentUrl\":\"https:\/\/www.fcgueugnon.fr\/site\/wp-content\/uploads\/2023\/09\/erwin-1.jpg\",\"width\":596,\"height\":397},{\"@type\":\"BreadcrumbList\",\"@id\":\"https:\/\/www.fcgueugnon.fr\/site\/interview-forgeron-mag-3-avec-erwin-gnahore\/6460#breadcrumb\",\"itemListElement\":[{\"@type\":\"ListItem\",\"position\":1,\"name\":\"Accueil\",\"item\":\"https:\/\/www.fcgueugnon.fr\/site\/\"},{\"@type\":\"ListItem\",\"position\":2,\"name\":\"[Interview] Forgeron Mag #3 avec Erwin Gnahor\u00e9\"}]},{\"@type\":\"WebSite\",\"@id\":\"https:\/\/www.fcgueugnon.fr\/site\/#website\",\"url\":\"https:\/\/www.fcgueugnon.fr\/site\/\",\"name\":\"FOOTBALL CLUB GUEUGNON\",\"description\":\"Le Site Officiel des Forgerons\",\"publisher\":{\"@id\":\"https:\/\/www.fcgueugnon.fr\/site\/#organization\"},\"potentialAction\":[{\"@type\":\"SearchAction\",\"target\":{\"@type\":\"EntryPoint\",\"urlTemplate\":\"https:\/\/www.fcgueugnon.fr\/site\/?s={search_term_string}\"},\"query-input\":{\"@type\":\"PropertyValueSpecification\",\"valueRequired\":true,\"valueName\":\"search_term_string\"}}],\"inLanguage\":\"fr-FR\"},{\"@type\":\"Organization\",\"@id\":\"https:\/\/www.fcgueugnon.fr\/site\/#organization\",\"name\":\"FC Gueugnon\",\"url\":\"https:\/\/www.fcgueugnon.fr\/site\/\",\"logo\":{\"@type\":\"ImageObject\",\"inLanguage\":\"fr-FR\",\"@id\":\"https:\/\/www.fcgueugnon.fr\/site\/#\/schema\/logo\/image\/\",\"url\":\"https:\/\/www.fcgueugnon.fr\/site\/wp-content\/uploads\/2022\/07\/cropped-Logo-FCGUEUGNON-low-350x350-1.png\",\"contentUrl\":\"https:\/\/www.fcgueugnon.fr\/site\/wp-content\/uploads\/2022\/07\/cropped-Logo-FCGUEUGNON-low-350x350-1.png\",\"width\":350,\"height\":350,\"caption\":\"FC Gueugnon\"},\"image\":{\"@id\":\"https:\/\/www.fcgueugnon.fr\/site\/#\/schema\/logo\/image\/\"},\"sameAs\":[\"http:\/\/facebook.com\/FCGueugnon\",\"https:\/\/x.com\/FCGueugnon_off\",\"https:\/\/www.instagram.com\/fcgueugnon\/\",\"https:\/\/www.linkedin.com\/company\/football-club-de-gueugnon\/\",\"https:\/\/www.youtube.com\/user\/FCGueugnonnais\",\"https:\/\/fr.wikipedia.org\/wiki\/Football_Club_de_Gueugnon\"]},{\"@type\":\"Person\",\"@id\":\"https:\/\/www.fcgueugnon.fr\/site\/#\/schema\/person\/d342d0c35e8e8f04740b9bdd734eeb20\",\"name\":\"FC Gueugnon\",\"url\":\"https:\/\/www.fcgueugnon.fr\/site\/author\/s-rod\"}]}<\/script>\n<!-- \/ Yoast SEO plugin. -->","yoast_head_json":{"title":"[Interview] Forgeron Mag #3 avec Erwin Gnahor\u00e9 &#8226; FOOTBALL CLUB GUEUGNON","robots":{"index":"index","follow":"follow","max-snippet":"max-snippet:-1","max-image-preview":"max-image-preview:large","max-video-preview":"max-video-preview:-1"},"canonical":"https:\/\/www.fcgueugnon.fr\/site\/interview-forgeron-mag-3-avec-erwin-gnahore\/6460","og_locale":"fr_FR","og_type":"article","og_title":"[Interview] Forgeron Mag #3 avec Erwin Gnahor\u00e9 &#8226; FOOTBALL CLUB GUEUGNON","og_description":"D\u00e9couvrez en int\u00e9gralit\u00e9 l&rsquo;entretien d&rsquo;Erwin Gnahor\u00e9 diffus\u00e9 \u00e0 l&rsquo;occasion de cette 5eme journ\u00e9e de championnat face \u00e0 la Chapelle de Guinchay. Bonjour Erwin, j\u2019aimerais que tu te pr\u00e9sentes au club\u00a0: \u00ab Bonjour, je m\u2019appelle Erwin, j\u2019ai 22 ans, je suis originaire de r\u00e9gion Parisienne. \u00bb Tu es pass\u00e9 par Selongey avant d\u2019aller jouer en Allemagne\u00a0! ... Lire la suite","og_url":"https:\/\/www.fcgueugnon.fr\/site\/interview-forgeron-mag-3-avec-erwin-gnahore\/6460","og_site_name":"FOOTBALL CLUB GUEUGNON","article_publisher":"http:\/\/facebook.com\/FCGueugnon","article_published_time":"2023-09-23T14:55:00+00:00","og_image":[{"width":596,"height":397,"url":"https:\/\/www.fcgueugnon.fr\/site\/wp-content\/uploads\/2023\/09\/erwin-1.jpg","type":"image\/jpeg"}],"author":"FC Gueugnon","twitter_card":"summary_large_image","twitter_creator":"@FCGueugnon_off","twitter_site":"@FCGueugnon_off","twitter_misc":{"\u00c9crit par":"FC Gueugnon","Dur\u00e9e de lecture estim\u00e9e":"3 minutes"},"schema":{"@context":"https:\/\/schema.org","@graph":[{"@type":"Article","@id":"https:\/\/www.fcgueugnon.fr\/site\/interview-forgeron-mag-3-avec-erwin-gnahore\/6460#article","isPartOf":{"@id":"https:\/\/www.fcgueugnon.fr\/site\/interview-forgeron-mag-3-avec-erwin-gnahore\/6460"},"author":{"name":"FC Gueugnon","@id":"https:\/\/www.fcgueugnon.fr\/site\/#\/schema\/person\/d342d0c35e8e8f04740b9bdd734eeb20"},"headline":"[Interview] Forgeron Mag #3 avec Erwin Gnahor\u00e9","datePublished":"2023-09-23T14:55:00+00:00","mainEntityOfPage":{"@id":"https:\/\/www.fcgueugnon.fr\/site\/interview-forgeron-mag-3-avec-erwin-gnahore\/6460"},"wordCount":653,"publisher":{"@id":"https:\/\/www.fcgueugnon.fr\/site\/#organization"},"image":{"@id":"https:\/\/www.fcgueugnon.fr\/site\/interview-forgeron-mag-3-avec-erwin-gnahore\/6460#primaryimage"},"thumbnailUrl":"https:\/\/www.fcgueugnon.fr\/site\/wp-content\/uploads\/2023\/09\/erwin-1.jpg","keywords":["Forgeron Mag","Interview"],"articleSection":["Archives 2022\/2023","News"],"inLanguage":"fr-FR"},{"@type":"WebPage","@id":"https:\/\/www.fcgueugnon.fr\/site\/interview-forgeron-mag-3-avec-erwin-gnahore\/6460","url":"https:\/\/www.fcgueugnon.fr\/site\/interview-forgeron-mag-3-avec-erwin-gnahore\/6460","name":"[Interview] Forgeron Mag #3 avec Erwin Gnahor\u00e9 &#8226; FOOTBALL CLUB GUEUGNON","isPartOf":{"@id":"https:\/\/www.fcgueugnon.fr\/site\/#website"},"primaryImageOfPage":{"@id":"https:\/\/www.fcgueugnon.fr\/site\/interview-forgeron-mag-3-avec-erwin-gnahore\/6460#primaryimage"},"image":{"@id":"https:\/\/www.fcgueugnon.fr\/site\/interview-forgeron-mag-3-avec-erwin-gnahore\/6460#primaryimage"},"thumbnailUrl":"https:\/\/www.fcgueugnon.fr\/site\/wp-content\/uploads\/2023\/09\/erwin-1.jpg","datePublished":"2023-09-23T14:55:00+00:00","breadcrumb":{"@id":"https:\/\/www.fcgueugnon.fr\/site\/interview-forgeron-mag-3-avec-erwin-gnahore\/6460#breadcrumb"},"inLanguage":"fr-FR","potentialAction":[{"@type":"ReadAction","target":["https:\/\/www.fcgueugnon.fr\/site\/interview-forgeron-mag-3-avec-erwin-gnahore\/6460"]}]},{"@type":"ImageObject","inLanguage":"fr-FR","@id":"https:\/\/www.fcgueugnon.fr\/site\/interview-forgeron-mag-3-avec-erwin-gnahore\/6460#primaryimage","url":"https:\/\/www.fcgueugnon.fr\/site\/wp-content\/uploads\/2023\/09\/erwin-1.jpg","contentUrl":"https:\/\/www.fcgueugnon.fr\/site\/wp-content\/uploads\/2023\/09\/erwin-1.jpg","width":596,"height":397},{"@type":"BreadcrumbList","@id":"https:\/\/www.fcgueugnon.fr\/site\/interview-forgeron-mag-3-avec-erwin-gnahore\/6460#breadcrumb","itemListElement":[{"@type":"ListItem","position":1,"name":"Accueil","item":"https:\/\/www.fcgueugnon.fr\/site\/"},{"@type":"ListItem","position":2,"name":"[Interview] Forgeron Mag #3 avec Erwin Gnahor\u00e9"}]},{"@type":"WebSite","@id":"https:\/\/www.fcgueugnon.fr\/site\/#website","url":"https:\/\/www.fcgueugnon.fr\/site\/","name":"FOOTBALL CLUB GUEUGNON","description":"Le Site Officiel des Forgerons","publisher":{"@id":"https:\/\/www.fcgueugnon.fr\/site\/#organization"},"potentialAction":[{"@type":"SearchAction","target":{"@type":"EntryPoint","urlTemplate":"https:\/\/www.fcgueugnon.fr\/site\/?s={search_term_string}"},"query-input":{"@type":"PropertyValueSpecification","valueRequired":true,"valueName":"search_term_string"}}],"inLanguage":"fr-FR"},{"@type":"Organization","@id":"https:\/\/www.fcgueugnon.fr\/site\/#organization","name":"FC Gueugnon","url":"https:\/\/www.fcgueugnon.fr\/site\/","logo":{"@type":"ImageObject","inLanguage":"fr-FR","@id":"https:\/\/www.fcgueugnon.fr\/site\/#\/schema\/logo\/image\/","url":"https:\/\/www.fcgueugnon.fr\/site\/wp-content\/uploads\/2022\/07\/cropped-Logo-FCGUEUGNON-low-350x350-1.png","contentUrl":"https:\/\/www.fcgueugnon.fr\/site\/wp-content\/uploads\/2022\/07\/cropped-Logo-FCGUEUGNON-low-350x350-1.png","width":350,"height":350,"caption":"FC Gueugnon"},"image":{"@id":"https:\/\/www.fcgueugnon.fr\/site\/#\/schema\/logo\/image\/"},"sameAs":["http:\/\/facebook.com\/FCGueugnon","https:\/\/x.com\/FCGueugnon_off","https:\/\/www.instagram.com\/fcgueugnon\/","https:\/\/www.linkedin.com\/company\/football-club-de-gueugnon\/","https:\/\/www.youtube.com\/user\/FCGueugnonnais","https:\/\/fr.wikipedia.org\/wiki\/Football_Club_de_Gueugnon"]},{"@type":"Person","@id":"https:\/\/www.fcgueugnon.fr\/site\/#\/schema\/person\/d342d0c35e8e8f04740b9bdd734eeb20","name":"FC Gueugnon","url":"https:\/\/www.fcgueugnon.fr\/site\/author\/s-rod"}]}},"rttpg_featured_image_url":{"full":["https:\/\/www.fcgueugnon.fr\/site\/wp-content\/uploads\/2023\/09\/erwin-1.jpg",596,397,false],"landscape":["https:\/\/www.fcgueugnon.fr\/site\/wp-content\/uploads\/2023\/09\/erwin-1.jpg",596,397,false],"portraits":["https:\/\/www.fcgueugnon.fr\/site\/wp-content\/uploads\/2023\/09\/erwin-1.jpg",596,397,false],"thumbnail":["https:\/\/www.fcgueugnon.fr\/site\/wp-content\/uploads\/2023\/09\/erwin-1-150x150.jpg",150,150,true],"medium":["https:\/\/www.fcgueugnon.fr\/site\/wp-content\/uploads\/2023\/09\/erwin-1-400x266.jpg",400,266,true],"large":["https:\/\/www.fcgueugnon.fr\/site\/wp-content\/uploads\/2023\/09\/erwin-1.jpg",596,397,false],"1536x1536":["https:\/\/www.fcgueugnon.fr\/site\/wp-content\/uploads\/2023\/09\/erwin-1.jpg",596,397,false],"2048x2048":["https:\/\/www.fcgueugnon.fr\/site\/wp-content\/uploads\/2023\/09\/erwin-1.jpg",596,397,false]},"rttpg_author":{"display_name":"FC Gueugnon","author_link":"https:\/\/www.fcgueugnon.fr\/site\/author\/s-rod"},"rttpg_comment":0,"rttpg_category":"<a href=\"https:\/\/www.fcgueugnon.fr\/site\/category\/news\/news-2022-2023\" rel=\"category tag\">Archives 2022\/2023<\/a> <a href=\"https:\/\/www.fcgueugnon.fr\/site\/category\/news\" rel=\"category tag\">News<\/a>","rttpg_excerpt":"D\u00e9couvrez en int\u00e9gralit\u00e9 l&rsquo;entretien d&rsquo;Erwin Gnahor\u00e9 diffus\u00e9 \u00e0 l&rsquo;occasion de cette 5eme journ\u00e9e de championnat face \u00e0 la Chapelle de Guinchay. Bonjour Erwin, j\u2019aimerais que tu te pr\u00e9sentes au club\u00a0: \u00ab Bonjour, je m\u2019appelle Erwin, j\u2019ai 22 ans, je suis originaire de r\u00e9gion Parisienne. \u00bb Tu es pass\u00e9 par Selongey avant d\u2019aller jouer en Allemagne\u00a0!\u2026","_links":{"self":[{"href":"https:\/\/www.fcgueugnon.fr\/site\/wp-json\/wp\/v2\/posts\/6460","targetHints":{"allow":["GET"]}}],"collection":[{"href":"https:\/\/www.fcgueugnon.fr\/site\/wp-json\/wp\/v2\/posts"}],"about":[{"href":"https:\/\/www.fcgueugnon.fr\/site\/wp-json\/wp\/v2\/types\/post"}],"author":[{"embeddable":true,"href":"https:\/\/www.fcgueugnon.fr\/site\/wp-json\/wp\/v2\/users\/2"}],"replies":[{"embeddable":true,"href":"https:\/\/www.fcgueugnon.fr\/site\/wp-json\/wp\/v2\/comments?post=6460"}],"version-history":[{"count":1,"href":"https:\/\/www.fcgueugnon.fr\/site\/wp-json\/wp\/v2\/posts\/6460\/revisions"}],"predecessor-version":[{"id":6462,"href":"https:\/\/www.fcgueugnon.fr\/site\/wp-json\/wp\/v2\/posts\/6460\/revisions\/6462"}],"wp:featuredmedia":[{"embeddable":true,"href":"https:\/\/www.fcgueugnon.fr\/site\/wp-json\/wp\/v2\/media\/6404"}],"wp:attachment":[{"href":"https:\/\/www.fcgueugnon.fr\/site\/wp-json\/wp\/v2\/media?parent=6460"}],"wp:term":[{"taxonomy":"category","embeddable":true,"href":"https:\/\/www.fcgueugnon.fr\/site\/wp-json\/wp\/v2\/categories?post=6460"},{"taxonomy":"post_tag","embeddable":true,"href":"https:\/\/www.fcgueugnon.fr\/site\/wp-json\/wp\/v2\/tags?post=6460"}],"curies":[{"name":"wp","href":"https:\/\/api.w.org\/{rel}","templated":true}]}}