{"id":6427,"date":"2023-09-22T08:21:49","date_gmt":"2023-09-22T06:21:49","guid":{"rendered":"https:\/\/www.fcgueugnon.fr\/site\/?p=6427"},"modified":"2024-10-07T11:20:10","modified_gmt":"2024-10-07T09:20:10","slug":"n3-j04-fc-gueugnon-as-la-chapelle-de-guinchay-pour-remettre-leglise-au-milieu-du-village","status":"publish","type":"post","link":"https:\/\/www.fcgueugnon.fr\/site\/n3-j04-fc-gueugnon-as-la-chapelle-de-guinchay-pour-remettre-leglise-au-milieu-du-village\/6427","title":{"rendered":"[N3 J04 : FC Gueugnon &#8211; AS La Chapelle De Guinchay] Pour remettre l&rsquo;\u00e9glise au milieu du village&#8230;"},"content":{"rendered":"\n<h2 class=\"wp-block-heading\">Apr\u00e8s leur qualification en Coupe de France, les forgerons sont de retours \u00e0 Jean Laville face au promu Chapellois !  <\/h2>\n\n\n\n<div class=\"wp-block-getwid-image-box getwid-animation has-text-center has-mobile-layout-default has-mobile-alignment-center\" data-animation=\"pulse\"><div class=\"wp-block-getwid-image-box__image-container is-position-top\"><div class=\"wp-block-getwid-image-box__image-wrapper\"><img loading=\"lazy\" decoding=\"async\" width=\"724\" height=\"1024\" src=\"https:\/\/www.fcgueugnon.fr\/site\/wp-content\/uploads\/2023\/09\/affiche-fc-gueugnon-la-chapelle-guinchay-724x1024.jpg\" alt=\"\" class=\"wp-block-getwid-image-box__image wp-image-6428\" srcset=\"https:\/\/www.fcgueugnon.fr\/site\/wp-content\/uploads\/2023\/09\/affiche-fc-gueugnon-la-chapelle-guinchay-724x1024.jpg 724w, https:\/\/www.fcgueugnon.fr\/site\/wp-content\/uploads\/2023\/09\/affiche-fc-gueugnon-la-chapelle-guinchay-283x400.jpg 283w, https:\/\/www.fcgueugnon.fr\/site\/wp-content\/uploads\/2023\/09\/affiche-fc-gueugnon-la-chapelle-guinchay-768x1086.jpg 768w, https:\/\/www.fcgueugnon.fr\/site\/wp-content\/uploads\/2023\/09\/affiche-fc-gueugnon-la-chapelle-guinchay-1086x1536.jpg 1086w, https:\/\/www.fcgueugnon.fr\/site\/wp-content\/uploads\/2023\/09\/affiche-fc-gueugnon-la-chapelle-guinchay-600x848.jpg 600w, https:\/\/www.fcgueugnon.fr\/site\/wp-content\/uploads\/2023\/09\/affiche-fc-gueugnon-la-chapelle-guinchay.jpg 1280w\" sizes=\"auto, (max-width: 724px) 100vw, 724px\" \/><\/div><\/div><div class=\"wp-block-getwid-image-box__content\">\n<h3 class=\"wp-block-heading\"><\/h3>\n\n\n\n<p><\/p>\n<\/div><\/div>\n\n\n\n<div style=\"height:70px\" aria-hidden=\"true\" class=\"wp-block-spacer\"><\/div>\n\n\n\n<h3 class=\"wp-block-heading\">\ud83c\udd9a <em><strong>L&rsquo;adversaire <\/strong><\/em>: AS LA CHAPELLE DE GUINCHAY<\/h3>\n\n\n\n<p>Commune de 4200 habitants situ\u00e9e dans le nord <strong>Beaujolais<\/strong>, en bord de Sa\u00f4ne et dans l&rsquo;extr\u00eame sud de la <strong>Bourgogne<\/strong>, l&rsquo;ASC est une r\u00e9f\u00e9rence dans le foot bourguignon ! Promu pour la premi\u00e8re fois de son histoire en N3 lors de la saison pass\u00e9e avec la <strong>meilleure d\u00e9fense<\/strong> et <strong>meilleure attaque<\/strong>&nbsp;du championnat tout en restant invaincue \u00e0 domicile, le club a pu f\u00eater dignement son titre dans son nouveau stade d\u00e9sormais homologu\u00e9 N3 qui \u00e9tait devenue une v\u00e9ritable forteresse.<\/p>\n\n\n\n<p>Nouvelle saison donc avec l&rsquo;arriv\u00e9e d&rsquo;un nouvel entraineur en la personne de <strong>Yohann Vivier<\/strong>, ancien caladois, et 7 recrues. Si la pr\u00e9paration a d\u00e9but\u00e9 avec 2 lourdes d\u00e9faites, celles-ci ont eu le m\u00e9rite de laisser du temps pour corriger le tir et permettre \u00e0 l&rsquo;\u00e9quipe de finir sur 2 victoires.<\/p>\n\n\n\n<p>En championnat, ce fut d&rsquo;abord la douche froide avec une d\u00e9faite 1-4 contre le leader <strong>Louhans-Cuiseaux<\/strong>&#8230; <em>\u00ab&nbsp;un revers un peu lourd mais instructif<\/em>&nbsp;\u00bb selon l\u2019entraineur. Puis, un bon point du nul pris chez le dauphin <strong>Pontarlier <\/strong>avant de prendre enfin les 3 points d&rsquo;une premi\u00e8re victoire face \u00e0 <strong>Cosne<\/strong>. Un parcours \u00e0 l&rsquo;inverse du FCG qui laisse les 2 clubs \u00e0 la 6e place \u00e9galit\u00e9 avec 4 points. <\/p>\n\n\n\n<p>Surprise au 3e tour de la <strong>Coupe de France<\/strong> ! Malgr\u00e9 une \u00e9quipe typ\u00e9 \u00ab\u00a0mode championnat\u00a0\u00bb, celle-ci a vu son \u00e9limination 5-4 aux tirs au but apr\u00e8s avoir \u00e9t\u00e9 men\u00e9 par nos voisins de l&rsquo;US <strong>Saint Vincent Bragny<\/strong> (D1) ! Et le coach <strong>Yohann Vivier<\/strong> de se projeter : <em>\u00ab Il nous faudra aller faire un gros match \u00e0 Gueugnon pour rebondir&nbsp;\u00bb. &nbsp;<\/em>Le FCG est averti.<\/p>\n\n\n\n<p><em>Site internet du l&rsquo;ASC :<\/em><a href=\"http:\/\/www.asc-football.com\">www.asc-football.com<\/a><\/p>\n\n\n\n<div style=\"height:70px\" aria-hidden=\"true\" class=\"wp-block-spacer\"><\/div>\n\n\n\n<h3 class=\"wp-block-heading\">\ud83d\udce3 <em><strong>La d\u00e9cla&rsquo;<\/strong><\/em><\/h3>\n\n\n\n<blockquote class=\"wp-block-quote is-layout-flow wp-block-quote-is-layout-flow\">\n<p>\u00ab&nbsp;<em>Nous nous sommes bien pr\u00e9par\u00e9 pour cette r\u00e9ception \u00e0 Jean Laville avec l&rsquo;envie de se respecter \u00e0 domicile et de remporter les 3 points de la victoire<\/em>&nbsp;\u00bb.<\/p>\n<cite><strong><em>Erwin Gnahor\u00e9<\/em><\/strong><em> (milieu)<\/em><\/cite><\/blockquote>\n\n\n\n<div style=\"height:70px\" aria-hidden=\"true\" class=\"wp-block-spacer\"><\/div>\n\n\n\n<h3 class=\"wp-block-heading\">\ud83d\udfe1\ud83d\udd35 <em><strong>Le FC Gueugnon<\/strong><\/em><\/h3>\n\n\n\n<p>Dans un match pas facile au demeurant, les forgerons se sont qualifi\u00e9s le week-end dernier pour leur entr\u00e9e en lice en <strong>Coupe de France <\/strong>! Dans une belle ambiance et sous les cam\u00e9ra du cr\u00e9ateur de contenu <strong>Stadito <\/strong>(<a href=\"https:\/\/www.youtube.com\/watch?v=1XaTsCSJJzg&amp;t=2804s&amp;pp=ygUHc3RhZGl0bw%3D%3D\">dont vous pouvez revoir la vid\u00e9o sur ce lien<\/a>), <strong>Gueugnon <\/strong>a tout de m\u00eame butt\u00e9 sur <strong>Gurgy <\/strong>qui a jou\u00e9 son va-tout et menait 2-0 \u00e0 la pause ! Mais les jaunes et bleus ont su faire preuve de patience en \u00e9galisant en 2 minutes (70e, 71e) avant de faire le break en fin de partie (82e, 85e &#8211; <a href=\"https:\/\/www.fcgueugnon.fr\/site\/cdf-3e-tour-as-gurgy-fc-gueugnon-resultat-reactions-et-resume\/6392\">revivre l&rsquo;apr\u00e8s-match<\/a>).<\/p>\n\n\n\n<p>Une victoire synonyme de <strong>qualification <\/strong>pour le prochain tour o\u00f9 les gueugnonnais retrouveront, pour la 5e fois en 7 ans en coupe, le <strong>CS Sanvignes<\/strong> ! Mais d&rsquo;ici l\u00e0, retour au championnat \u00e0 domicile pour engranger des points et de la confiance apr\u00e8s ce d\u00e9but de saison ponctu\u00e9 par 1 victoire, 1 nul puis 1 d\u00e9faite&#8230; Tout le contraire de <strong>la Chapelle<\/strong>, adversaire du soir qui a d\u00e9marr\u00e9 par 1 d\u00e9faite, 1 nul puis 1 victoire ! <\/p>\n\n\n\n<p>Apr\u00e8s une parenth\u00e8se coupe de France et le <a href=\"https:\/\/www.fcgueugnon.fr\/site\/partenaires-le-fc-gueugnon-a-lance-sa-saison-devant-ses-partenaires-et-abonnes\/6336\">lancement de la saison \u00e0 l&rsquo;escale \u00e0 revivre en images sur ce lien<\/a>, place \u00e0 cette v\u00e9rit\u00e9 du terrain qui nous anime toutes et tous et devrait encore nous faire vibrer ce samedi \u00e0 Jean Laville ! <\/p>\n\n\n\n<div style=\"height:70px\" aria-hidden=\"true\" class=\"wp-block-spacer\"><\/div>\n\n\n\n<hr class=\"wp-block-separator has-text-color has-css-opacity has-background is-style-default\" style=\"background-color:#f7db4a;color:#f7db4a\"\/>\n\n\n\n<h3 class=\"wp-block-heading\"><em>\ud83e\udd1d <strong>Partenaire du match<\/strong> :<\/em> D\u00e9partement de Sa\u00f4ne et Loire<\/h3>\n\n\n\n<div class=\"wp-block-getwid-image-box getwid-animation has-text-center has-mobile-layout-default has-mobile-alignment-default\" data-animation=\"pulse\"><div class=\"wp-block-getwid-image-box__image-container is-position-top\"><a href=\"https:\/\/www.fcgueugnon.fr\/site\/n3-j03-fc-gueugnon-ca-pontarlier-lescale-partenaire-de-la-rencontre\/6103\" rel=\"\" class=\"wp-block-getwid-image-box__image-wrapper\"><img loading=\"lazy\" decoding=\"async\" width=\"1024\" height=\"576\" src=\"https:\/\/www.fcgueugnon.fr\/site\/wp-content\/uploads\/2023\/09\/PARTENAIRE-DU-MATCH-DEPARTEMENT-71-1024x576.png\" alt=\"\" class=\"wp-block-getwid-image-box__image wp-image-6445\" srcset=\"https:\/\/www.fcgueugnon.fr\/site\/wp-content\/uploads\/2023\/09\/PARTENAIRE-DU-MATCH-DEPARTEMENT-71-1024x576.png 1024w, https:\/\/www.fcgueugnon.fr\/site\/wp-content\/uploads\/2023\/09\/PARTENAIRE-DU-MATCH-DEPARTEMENT-71-400x225.png 400w, https:\/\/www.fcgueugnon.fr\/site\/wp-content\/uploads\/2023\/09\/PARTENAIRE-DU-MATCH-DEPARTEMENT-71-768x432.png 768w, https:\/\/www.fcgueugnon.fr\/site\/wp-content\/uploads\/2023\/09\/PARTENAIRE-DU-MATCH-DEPARTEMENT-71-1536x864.png 1536w, https:\/\/www.fcgueugnon.fr\/site\/wp-content\/uploads\/2023\/09\/PARTENAIRE-DU-MATCH-DEPARTEMENT-71-1320x743.png 1320w, https:\/\/www.fcgueugnon.fr\/site\/wp-content\/uploads\/2023\/09\/PARTENAIRE-DU-MATCH-DEPARTEMENT-71-600x338.png 600w, https:\/\/www.fcgueugnon.fr\/site\/wp-content\/uploads\/2023\/09\/PARTENAIRE-DU-MATCH-DEPARTEMENT-71.png 1920w\" sizes=\"auto, (max-width: 1024px) 100vw, 1024px\" \/><\/a><\/div><div class=\"wp-block-getwid-image-box__content\">\n<h3 class=\"wp-block-heading\"><a href=\"https:\/\/www.fcgueugnon.fr\/site\/n3-j04-fc-gueugnon-as-la-chapelle-le-departement-de-saone-et-loire-partenaire-de-la-rencontre\/6443\">[N3 J04 : FC Gueugnon \u2013 AS La Chapelle] Le D\u00e9partement de Sa\u00f4ne-et-Loire, partenaire de la rencontre<\/a><\/h3>\n\n\n\n<p><\/p>\n<\/div><\/div>\n\n\n\n<div style=\"height:70px\" aria-hidden=\"true\" class=\"wp-block-spacer\"><\/div>\n\n\n\n<hr class=\"wp-block-separator has-text-color has-css-opacity has-background is-style-default\" style=\"background-color:#f7db4a;color:#f7db4a\"\/>\n\n\n\n<h3 class=\"wp-block-heading\">\ud83d\udccd <strong><em>Les infos pratiques<\/em><\/strong><\/h3>\n\n\n\n<h3 class=\"wp-block-heading\">Billetterie<\/h3>\n\n\n\n<div class=\"wp-block-media-text alignwide is-stacked-on-mobile is-vertically-aligned-center is-style-default\" style=\"grid-template-columns:49% auto\"><figure class=\"wp-block-media-text__media\"><img loading=\"lazy\" decoding=\"async\" width=\"1024\" height=\"768\" src=\"https:\/\/www.fcgueugnon.fr\/site\/wp-content\/uploads\/2022\/08\/entree-billetterie-stade-jean-laville-sous-la-tribune-ouest-1024x768.jpg\" alt=\"\" class=\"wp-image-951 size-full\" srcset=\"https:\/\/www.fcgueugnon.fr\/site\/wp-content\/uploads\/2022\/08\/entree-billetterie-stade-jean-laville-sous-la-tribune-ouest-1024x768.jpg 1024w, https:\/\/www.fcgueugnon.fr\/site\/wp-content\/uploads\/2022\/08\/entree-billetterie-stade-jean-laville-sous-la-tribune-ouest-400x300.jpg 400w, https:\/\/www.fcgueugnon.fr\/site\/wp-content\/uploads\/2022\/08\/entree-billetterie-stade-jean-laville-sous-la-tribune-ouest-768x576.jpg 768w, https:\/\/www.fcgueugnon.fr\/site\/wp-content\/uploads\/2022\/08\/entree-billetterie-stade-jean-laville-sous-la-tribune-ouest-1536x1152.jpg 1536w, https:\/\/www.fcgueugnon.fr\/site\/wp-content\/uploads\/2022\/08\/entree-billetterie-stade-jean-laville-sous-la-tribune-ouest-2048x1536.jpg 2048w, https:\/\/www.fcgueugnon.fr\/site\/wp-content\/uploads\/2022\/08\/entree-billetterie-stade-jean-laville-sous-la-tribune-ouest-1320x990.jpg 1320w\" sizes=\"auto, (max-width: 1024px) 100vw, 1024px\" \/><\/figure><div class=\"wp-block-media-text__content\">\n<p><br><em>Rendez-vous sous la<strong> tribune Ouest <\/strong>pour acc\u00e9der au guichet Billetterie puis dans l&rsquo;angle des tribunes Nord et Ouest (c\u00f4t\u00e9 piscine) pour acc\u00e9der au stade.<\/em><\/p>\n<\/div><\/div>\n\n\n\n<div class=\"wp-block-media-text alignwide has-media-on-the-right is-stacked-on-mobile is-vertically-aligned-center is-style-default\" style=\"grid-template-columns:auto 49%\"><div class=\"wp-block-media-text__content\">\n<h3 class=\"wp-block-heading\">Tarifs<\/h3>\n\n\n\n<ul class=\"wp-block-list\">\n<li><strong><span style=\"text-decoration: underline;\">GRATUIT<\/span><\/strong> : licenci\u00e9s FC Gueugnon, &#8211; 16ans (sur pr\u00e9sentation d\u2019un justificatif ou carte), femmes<\/li>\n\n\n\n<li><strong><span style=\"text-decoration: underline;\">TARIF R\u00c9DUIT<\/span> : 4\u20ac<\/strong> \u2013 \u00c9tudiants, Demandeurs d\u2019emploi (sur pr\u00e9sentation d\u2019un justificatif ou carte)<\/li>\n\n\n\n<li><strong><span style=\"text-decoration: underline;\">PLEIN TARIF<\/span> : 7\u20ac<\/strong><\/li>\n<\/ul>\n\n\n\n<div style=\"height:10px\" aria-hidden=\"true\" class=\"wp-block-spacer\"><\/div>\n\n\n\n<p><strong>Infos abonn\u00e9s &gt; Les cartes d\u2019abonnements sont \u00e0 retirer au guichet billetterie<\/strong><\/p>\n<\/div><figure class=\"wp-block-media-text__media\"><img loading=\"lazy\" decoding=\"async\" width=\"1024\" height=\"768\" src=\"https:\/\/www.fcgueugnon.fr\/site\/wp-content\/uploads\/2022\/07\/billetterie-sous-la-tribune-ouest-d-FCGueugnon-a-Jean-Laville-1024x768.jpg\" alt=\"\" class=\"wp-image-63 size-full\" srcset=\"https:\/\/www.fcgueugnon.fr\/site\/wp-content\/uploads\/2022\/07\/billetterie-sous-la-tribune-ouest-d-FCGueugnon-a-Jean-Laville-1024x768.jpg 1024w, https:\/\/www.fcgueugnon.fr\/site\/wp-content\/uploads\/2022\/07\/billetterie-sous-la-tribune-ouest-d-FCGueugnon-a-Jean-Laville-400x300.jpg 400w, https:\/\/www.fcgueugnon.fr\/site\/wp-content\/uploads\/2022\/07\/billetterie-sous-la-tribune-ouest-d-FCGueugnon-a-Jean-Laville-768x576.jpg 768w, https:\/\/www.fcgueugnon.fr\/site\/wp-content\/uploads\/2022\/07\/billetterie-sous-la-tribune-ouest-d-FCGueugnon-a-Jean-Laville-1536x1152.jpg 1536w, https:\/\/www.fcgueugnon.fr\/site\/wp-content\/uploads\/2022\/07\/billetterie-sous-la-tribune-ouest-d-FCGueugnon-a-Jean-Laville-2048x1536.jpg 2048w\" sizes=\"auto, (max-width: 1024px) 100vw, 1024px\" \/><\/figure><\/div>\n\n\n\n<div class=\"wp-block-media-text alignwide is-stacked-on-mobile is-vertically-aligned-center is-style-default\" style=\"grid-template-columns:49% auto\"><figure class=\"wp-block-media-text__media\"><img loading=\"lazy\" decoding=\"async\" width=\"1024\" height=\"538\" src=\"https:\/\/www.fcgueugnon.fr\/site\/wp-content\/uploads\/2022\/08\/post-facebook-FCG-1024x538.png\" alt=\"\" class=\"wp-image-930 size-full\" srcset=\"https:\/\/www.fcgueugnon.fr\/site\/wp-content\/uploads\/2022\/08\/post-facebook-FCG-1024x538.png 1024w, https:\/\/www.fcgueugnon.fr\/site\/wp-content\/uploads\/2022\/08\/post-facebook-FCG-400x210.png 400w, https:\/\/www.fcgueugnon.fr\/site\/wp-content\/uploads\/2022\/08\/post-facebook-FCG-768x403.png 768w, https:\/\/www.fcgueugnon.fr\/site\/wp-content\/uploads\/2022\/08\/post-facebook-FCG.png 1200w\" sizes=\"auto, (max-width: 1024px) 100vw, 1024px\" \/><\/figure><div class=\"wp-block-media-text__content\">\n<h2 class=\"wp-block-heading\">C&rsquo;est en covoiturant qu&rsquo;on devient Forgeron ! <\/h2>\n\n\n\n<div style=\"height:10px\" aria-hidden=\"true\" class=\"wp-block-spacer\"><\/div>\n\n\n\n<p><strong>Rendez-vous sur l&rsquo;application et le site internet de StadiumGO pour proposer et trouver votre trajet pour vous rendre \u00e0 Gueugnon !<\/strong><\/p>\n\n\n\n<div class=\"wp-block-buttons is-layout-flex wp-block-buttons-is-layout-flex\">\n<div class=\"wp-block-button aligncenter is-style-circular\"><a class=\"wp-block-button__link wp-element-button\" href=\"https:\/\/www.stadiumgo.fr\/liste-matchs?search=1&amp;club=gueugnon&amp;league=\">StadiumGO<\/a><\/div>\n<\/div>\n<\/div><\/div>\n\n\n\n<div style=\"height:30px\" aria-hidden=\"true\" class=\"wp-block-spacer\"><\/div>\n\n\n\n<div class=\"wp-block-buttons is-content-justification-center is-layout-flex wp-container-core-buttons-is-layout-16018d1d wp-block-buttons-is-layout-flex\">\n<div class=\"wp-block-button\"><a class=\"wp-block-button__link wp-element-button\" href=\"https:\/\/www.fcgueugnon.fr\/site\/infos-pratiques\">Acc\u00e8s au stade, buvette, PMR&#8230;. Toutes les infos pratiques en un clic !<\/a><\/div>\n<\/div>\n\n\n\n<hr class=\"wp-block-separator has-text-color has-css-opacity has-background is-style-default\" style=\"background-color:#f7db4a;color:#f7db4a\"\/>\n\n\n\n<h3 class=\"wp-block-heading\">\u26bd <strong><em>La fiche<\/em><\/strong><\/h3>\n\n\n\n<h4 class=\"wp-block-heading\"><b>NIVEAU NATIONAL : F\u00c9D\u00c9RATION&nbsp;FRAN\u00c7AISE&nbsp;DE FOOTBALL<\/b><br><strong><b>NATIONAL 3 &#8211; J<\/b>04<\/strong><br>Samedi 09 Septembre 2023 &#8211; 18H00<br>FC Gueugnon \/ AS La Chapelle de Guinchay<\/h4>\n\n\n\n<p><strong>TERRAIN<\/strong><br>STADE JEAN LAVILLE<br>RUE ROGER COUDERC <br>71130 GUEUGNON<\/p>\n\n\n\n<p><strong>SURFACE DE JEU<\/strong><br>Pelouse naturelle<\/p>\n\n\n\n<p><strong>OFFICIELS<\/strong><br>Arbitre centre : QUENTIN PINET<br>Arbitre assistant 1 : YUKSEL YURDAKON<br>Arbitre assistant 2 : DAMIEN ROUGINAT<br>D\u00e9l\u00e9gu\u00e9 principal : PASCAL HINDERCHIETTE<\/p>\n\n\n\n<div style=\"height:50px\" aria-hidden=\"true\" class=\"wp-block-spacer\"><\/div>\n\n\n\n<h3 class=\"wp-block-heading\"><strong>Groupe<\/strong><\/h3>\n\n\n\n<p>A suivre sur nos r\u00e9seaux sociaux en fin de journ\u00e9e ! <\/p>\n\n\n\n<div style=\"height:50px\" aria-hidden=\"true\" class=\"wp-block-spacer\"><\/div>\n\n\n\n<h3 class=\"wp-block-heading\">\ud83d\uddd3 <strong>La 4e journ\u00e9e de N3<\/strong><\/h3>\n\n\n\n<p>Samedi 23 Septembre<br>18:00 : Jura Dolois &#8211; UCS Cosne<br>18:00 : FC Vesoul &#8211; Is-Selongey<br>18:00 : Dijon FCO B &#8211; Besan\u00e7on Foot<br>18:00 : Rumilly-Valli\u00e8res &#8211; ASPTT Dijon<br>18:00 : CA Pontarlier -Sochaux-Montbeliard B<br>18:00 : FC Gueugnon &#8211; La Chapelle de Guinchay<br>18:30 : Moulins-Yzeure &#8211; Louhans-Cuiseaux<br><\/p>\n\n\n\n<div style=\"height:100px\" aria-hidden=\"true\" class=\"wp-block-spacer\"><\/div>\n","protected":false},"excerpt":{"rendered":"<p>Apr\u00e8s leur qualification en Coupe de France, les forgerons sont de retours \u00e0 Jean Laville face au promu Chapellois ! \ud83c\udd9a L&rsquo;adversaire : AS LA CHAPELLE DE GUINCHAY Commune de 4200 habitants situ\u00e9e dans le nord Beaujolais, en bord de Sa\u00f4ne et dans l&rsquo;extr\u00eame sud de la Bourgogne, l&rsquo;ASC est une r\u00e9f\u00e9rence dans le foot &#8230; <\/p>\n<p class=\"read-more-container\"><a title=\"[N3 J04 : FC Gueugnon &#8211; AS La Chapelle De Guinchay] Pour remettre l&rsquo;\u00e9glise au milieu du village&#8230;\" class=\"read-more button\" href=\"https:\/\/www.fcgueugnon.fr\/site\/n3-j04-fc-gueugnon-as-la-chapelle-de-guinchay-pour-remettre-leglise-au-milieu-du-village\/6427#more-6427\" aria-label=\"Plus sur [N3 J04 : FC Gueugnon &#8211; AS La Chapelle De Guinchay] Pour remettre l&rsquo;\u00e9glise au milieu du village&#8230;\">Lire la suite<\/a><\/p>\n","protected":false},"author":1,"featured_media":6451,"comment_status":"closed","ping_status":"closed","sticky":false,"template":"","format":"standard","meta":{"footnotes":""},"categories":[4,55],"tags":[28],"class_list":["post-6427","post","type-post","status-publish","format-standard","has-post-thumbnail","hentry","category-news","category-news-2023-2024","tag-avant-match","infinite-scroll-item","generate-columns","tablet-grid-50","mobile-grid-100","grid-parent","grid-25","resize-featured-image"],"yoast_head":"<!-- This site is optimized with the Yoast SEO plugin v26.6 - https:\/\/yoast.com\/wordpress\/plugins\/seo\/ -->\n<title>[N3 J04 : FC Gueugnon - AS La Chapelle De Guinchay] Pour remettre l&#039;\u00e9glise au milieu du village... &#8226; FOOTBALL CLUB GUEUGNON<\/title>\n<meta name=\"robots\" content=\"index, follow, max-snippet:-1, max-image-preview:large, max-video-preview:-1\" \/>\n<link rel=\"canonical\" href=\"https:\/\/www.fcgueugnon.fr\/site\/n3-j04-fc-gueugnon-as-la-chapelle-de-guinchay-pour-remettre-leglise-au-milieu-du-village\/6427\" \/>\n<meta property=\"og:locale\" content=\"fr_FR\" \/>\n<meta property=\"og:type\" content=\"article\" \/>\n<meta property=\"og:title\" content=\"[N3 J04 : FC Gueugnon - AS La Chapelle De Guinchay] Pour remettre l&#039;\u00e9glise au milieu du village... &#8226; FOOTBALL CLUB GUEUGNON\" \/>\n<meta property=\"og:description\" content=\"Apr\u00e8s leur qualification en Coupe de France, les forgerons sont de retours \u00e0 Jean Laville face au promu Chapellois ! \ud83c\udd9a L&rsquo;adversaire : AS LA CHAPELLE DE GUINCHAY Commune de 4200 habitants situ\u00e9e dans le nord Beaujolais, en bord de Sa\u00f4ne et dans l&rsquo;extr\u00eame sud de la Bourgogne, l&rsquo;ASC est une r\u00e9f\u00e9rence dans le foot ... Lire la suite\" \/>\n<meta property=\"og:url\" content=\"https:\/\/www.fcgueugnon.fr\/site\/n3-j04-fc-gueugnon-as-la-chapelle-de-guinchay-pour-remettre-leglise-au-milieu-du-village\/6427\" \/>\n<meta property=\"og:site_name\" content=\"FOOTBALL CLUB GUEUGNON\" \/>\n<meta property=\"article:publisher\" content=\"http:\/\/facebook.com\/FCGueugnon\" \/>\n<meta property=\"article:published_time\" content=\"2023-09-22T06:21:49+00:00\" \/>\n<meta property=\"article:modified_time\" content=\"2024-10-07T09:20:10+00:00\" \/>\n<meta property=\"og:image\" content=\"https:\/\/www.fcgueugnon.fr\/site\/wp-content\/uploads\/2023\/09\/avant-match-fc-gueugnon-la-chapelle-1024x576.png\" \/>\n\t<meta property=\"og:image:width\" content=\"1024\" \/>\n\t<meta property=\"og:image:height\" content=\"576\" \/>\n\t<meta property=\"og:image:type\" content=\"image\/png\" \/>\n<meta name=\"author\" content=\"FC Gueugnon\" \/>\n<meta name=\"twitter:card\" content=\"summary_large_image\" \/>\n<meta name=\"twitter:creator\" content=\"@FCGueugnon_off\" \/>\n<meta name=\"twitter:site\" content=\"@FCGueugnon_off\" \/>\n<meta name=\"twitter:label1\" content=\"\u00c9crit par\" \/>\n\t<meta name=\"twitter:data1\" content=\"FC Gueugnon\" \/>\n\t<meta name=\"twitter:label2\" content=\"Dur\u00e9e de lecture estim\u00e9e\" \/>\n\t<meta name=\"twitter:data2\" content=\"5 minutes\" \/>\n<script type=\"application\/ld+json\" class=\"yoast-schema-graph\">{\"@context\":\"https:\/\/schema.org\",\"@graph\":[{\"@type\":\"Article\",\"@id\":\"https:\/\/www.fcgueugnon.fr\/site\/n3-j04-fc-gueugnon-as-la-chapelle-de-guinchay-pour-remettre-leglise-au-milieu-du-village\/6427#article\",\"isPartOf\":{\"@id\":\"https:\/\/www.fcgueugnon.fr\/site\/n3-j04-fc-gueugnon-as-la-chapelle-de-guinchay-pour-remettre-leglise-au-milieu-du-village\/6427\"},\"author\":{\"name\":\"FC Gueugnon\",\"@id\":\"https:\/\/www.fcgueugnon.fr\/site\/#\/schema\/person\/f6444fbdd35fa731ee974c03508738fb\"},\"headline\":\"[N3 J04 : FC Gueugnon &#8211; AS La Chapelle De Guinchay] Pour remettre l&rsquo;\u00e9glise au milieu du village&#8230;\",\"datePublished\":\"2023-09-22T06:21:49+00:00\",\"dateModified\":\"2024-10-07T09:20:10+00:00\",\"mainEntityOfPage\":{\"@id\":\"https:\/\/www.fcgueugnon.fr\/site\/n3-j04-fc-gueugnon-as-la-chapelle-de-guinchay-pour-remettre-leglise-au-milieu-du-village\/6427\"},\"wordCount\":849,\"publisher\":{\"@id\":\"https:\/\/www.fcgueugnon.fr\/site\/#organization\"},\"image\":{\"@id\":\"https:\/\/www.fcgueugnon.fr\/site\/n3-j04-fc-gueugnon-as-la-chapelle-de-guinchay-pour-remettre-leglise-au-milieu-du-village\/6427#primaryimage\"},\"thumbnailUrl\":\"https:\/\/www.fcgueugnon.fr\/site\/wp-content\/uploads\/2023\/09\/avant-match-fc-gueugnon-la-chapelle.png\",\"keywords\":[\"Avant-match\"],\"articleSection\":[\"News\",\"News 2023\/2024\"],\"inLanguage\":\"fr-FR\"},{\"@type\":\"WebPage\",\"@id\":\"https:\/\/www.fcgueugnon.fr\/site\/n3-j04-fc-gueugnon-as-la-chapelle-de-guinchay-pour-remettre-leglise-au-milieu-du-village\/6427\",\"url\":\"https:\/\/www.fcgueugnon.fr\/site\/n3-j04-fc-gueugnon-as-la-chapelle-de-guinchay-pour-remettre-leglise-au-milieu-du-village\/6427\",\"name\":\"[N3 J04 : FC Gueugnon - AS La Chapelle De Guinchay] Pour remettre l'\u00e9glise au milieu du village... &#8226; FOOTBALL CLUB GUEUGNON\",\"isPartOf\":{\"@id\":\"https:\/\/www.fcgueugnon.fr\/site\/#website\"},\"primaryImageOfPage\":{\"@id\":\"https:\/\/www.fcgueugnon.fr\/site\/n3-j04-fc-gueugnon-as-la-chapelle-de-guinchay-pour-remettre-leglise-au-milieu-du-village\/6427#primaryimage\"},\"image\":{\"@id\":\"https:\/\/www.fcgueugnon.fr\/site\/n3-j04-fc-gueugnon-as-la-chapelle-de-guinchay-pour-remettre-leglise-au-milieu-du-village\/6427#primaryimage\"},\"thumbnailUrl\":\"https:\/\/www.fcgueugnon.fr\/site\/wp-content\/uploads\/2023\/09\/avant-match-fc-gueugnon-la-chapelle.png\",\"datePublished\":\"2023-09-22T06:21:49+00:00\",\"dateModified\":\"2024-10-07T09:20:10+00:00\",\"breadcrumb\":{\"@id\":\"https:\/\/www.fcgueugnon.fr\/site\/n3-j04-fc-gueugnon-as-la-chapelle-de-guinchay-pour-remettre-leglise-au-milieu-du-village\/6427#breadcrumb\"},\"inLanguage\":\"fr-FR\",\"potentialAction\":[{\"@type\":\"ReadAction\",\"target\":[\"https:\/\/www.fcgueugnon.fr\/site\/n3-j04-fc-gueugnon-as-la-chapelle-de-guinchay-pour-remettre-leglise-au-milieu-du-village\/6427\"]}]},{\"@type\":\"ImageObject\",\"inLanguage\":\"fr-FR\",\"@id\":\"https:\/\/www.fcgueugnon.fr\/site\/n3-j04-fc-gueugnon-as-la-chapelle-de-guinchay-pour-remettre-leglise-au-milieu-du-village\/6427#primaryimage\",\"url\":\"https:\/\/www.fcgueugnon.fr\/site\/wp-content\/uploads\/2023\/09\/avant-match-fc-gueugnon-la-chapelle.png\",\"contentUrl\":\"https:\/\/www.fcgueugnon.fr\/site\/wp-content\/uploads\/2023\/09\/avant-match-fc-gueugnon-la-chapelle.png\",\"width\":1920,\"height\":1080},{\"@type\":\"BreadcrumbList\",\"@id\":\"https:\/\/www.fcgueugnon.fr\/site\/n3-j04-fc-gueugnon-as-la-chapelle-de-guinchay-pour-remettre-leglise-au-milieu-du-village\/6427#breadcrumb\",\"itemListElement\":[{\"@type\":\"ListItem\",\"position\":1,\"name\":\"Accueil\",\"item\":\"https:\/\/www.fcgueugnon.fr\/site\/\"},{\"@type\":\"ListItem\",\"position\":2,\"name\":\"[N3 J04 : FC Gueugnon &#8211; AS La Chapelle De Guinchay] Pour remettre l&rsquo;\u00e9glise au milieu du village&#8230;\"}]},{\"@type\":\"WebSite\",\"@id\":\"https:\/\/www.fcgueugnon.fr\/site\/#website\",\"url\":\"https:\/\/www.fcgueugnon.fr\/site\/\",\"name\":\"FOOTBALL CLUB GUEUGNON\",\"description\":\"Le Site Officiel des Forgerons\",\"publisher\":{\"@id\":\"https:\/\/www.fcgueugnon.fr\/site\/#organization\"},\"potentialAction\":[{\"@type\":\"SearchAction\",\"target\":{\"@type\":\"EntryPoint\",\"urlTemplate\":\"https:\/\/www.fcgueugnon.fr\/site\/?s={search_term_string}\"},\"query-input\":{\"@type\":\"PropertyValueSpecification\",\"valueRequired\":true,\"valueName\":\"search_term_string\"}}],\"inLanguage\":\"fr-FR\"},{\"@type\":\"Organization\",\"@id\":\"https:\/\/www.fcgueugnon.fr\/site\/#organization\",\"name\":\"FC Gueugnon\",\"url\":\"https:\/\/www.fcgueugnon.fr\/site\/\",\"logo\":{\"@type\":\"ImageObject\",\"inLanguage\":\"fr-FR\",\"@id\":\"https:\/\/www.fcgueugnon.fr\/site\/#\/schema\/logo\/image\/\",\"url\":\"https:\/\/www.fcgueugnon.fr\/site\/wp-content\/uploads\/2022\/07\/cropped-Logo-FCGUEUGNON-low-350x350-1.png\",\"contentUrl\":\"https:\/\/www.fcgueugnon.fr\/site\/wp-content\/uploads\/2022\/07\/cropped-Logo-FCGUEUGNON-low-350x350-1.png\",\"width\":350,\"height\":350,\"caption\":\"FC Gueugnon\"},\"image\":{\"@id\":\"https:\/\/www.fcgueugnon.fr\/site\/#\/schema\/logo\/image\/\"},\"sameAs\":[\"http:\/\/facebook.com\/FCGueugnon\",\"https:\/\/x.com\/FCGueugnon_off\",\"https:\/\/www.instagram.com\/fcgueugnon\/\",\"https:\/\/www.linkedin.com\/company\/football-club-de-gueugnon\/\",\"https:\/\/www.youtube.com\/user\/FCGueugnonnais\",\"https:\/\/fr.wikipedia.org\/wiki\/Football_Club_de_Gueugnon\"]},{\"@type\":\"Person\",\"@id\":\"https:\/\/www.fcgueugnon.fr\/site\/#\/schema\/person\/f6444fbdd35fa731ee974c03508738fb\",\"name\":\"FC Gueugnon\",\"sameAs\":[\"https:\/\/www.fcgueugnon.fr\/site\"],\"url\":\"https:\/\/www.fcgueugnon.fr\/site\/author\/admin-antho\"}]}<\/script>\n<!-- \/ Yoast SEO plugin. -->","yoast_head_json":{"title":"[N3 J04 : FC Gueugnon - AS La Chapelle De Guinchay] Pour remettre l'\u00e9glise au milieu du village... &#8226; FOOTBALL CLUB GUEUGNON","robots":{"index":"index","follow":"follow","max-snippet":"max-snippet:-1","max-image-preview":"max-image-preview:large","max-video-preview":"max-video-preview:-1"},"canonical":"https:\/\/www.fcgueugnon.fr\/site\/n3-j04-fc-gueugnon-as-la-chapelle-de-guinchay-pour-remettre-leglise-au-milieu-du-village\/6427","og_locale":"fr_FR","og_type":"article","og_title":"[N3 J04 : FC Gueugnon - AS La Chapelle De Guinchay] Pour remettre l'\u00e9glise au milieu du village... &#8226; FOOTBALL CLUB GUEUGNON","og_description":"Apr\u00e8s leur qualification en Coupe de France, les forgerons sont de retours \u00e0 Jean Laville face au promu Chapellois ! \ud83c\udd9a L&rsquo;adversaire : AS LA CHAPELLE DE GUINCHAY Commune de 4200 habitants situ\u00e9e dans le nord Beaujolais, en bord de Sa\u00f4ne et dans l&rsquo;extr\u00eame sud de la Bourgogne, l&rsquo;ASC est une r\u00e9f\u00e9rence dans le foot ... Lire la suite","og_url":"https:\/\/www.fcgueugnon.fr\/site\/n3-j04-fc-gueugnon-as-la-chapelle-de-guinchay-pour-remettre-leglise-au-milieu-du-village\/6427","og_site_name":"FOOTBALL CLUB GUEUGNON","article_publisher":"http:\/\/facebook.com\/FCGueugnon","article_published_time":"2023-09-22T06:21:49+00:00","article_modified_time":"2024-10-07T09:20:10+00:00","og_image":[{"width":1024,"height":576,"url":"https:\/\/www.fcgueugnon.fr\/site\/wp-content\/uploads\/2023\/09\/avant-match-fc-gueugnon-la-chapelle-1024x576.png","type":"image\/png"}],"author":"FC Gueugnon","twitter_card":"summary_large_image","twitter_creator":"@FCGueugnon_off","twitter_site":"@FCGueugnon_off","twitter_misc":{"\u00c9crit par":"FC Gueugnon","Dur\u00e9e de lecture estim\u00e9e":"5 minutes"},"schema":{"@context":"https:\/\/schema.org","@graph":[{"@type":"Article","@id":"https:\/\/www.fcgueugnon.fr\/site\/n3-j04-fc-gueugnon-as-la-chapelle-de-guinchay-pour-remettre-leglise-au-milieu-du-village\/6427#article","isPartOf":{"@id":"https:\/\/www.fcgueugnon.fr\/site\/n3-j04-fc-gueugnon-as-la-chapelle-de-guinchay-pour-remettre-leglise-au-milieu-du-village\/6427"},"author":{"name":"FC Gueugnon","@id":"https:\/\/www.fcgueugnon.fr\/site\/#\/schema\/person\/f6444fbdd35fa731ee974c03508738fb"},"headline":"[N3 J04 : FC Gueugnon &#8211; AS La Chapelle De Guinchay] Pour remettre l&rsquo;\u00e9glise au milieu du village&#8230;","datePublished":"2023-09-22T06:21:49+00:00","dateModified":"2024-10-07T09:20:10+00:00","mainEntityOfPage":{"@id":"https:\/\/www.fcgueugnon.fr\/site\/n3-j04-fc-gueugnon-as-la-chapelle-de-guinchay-pour-remettre-leglise-au-milieu-du-village\/6427"},"wordCount":849,"publisher":{"@id":"https:\/\/www.fcgueugnon.fr\/site\/#organization"},"image":{"@id":"https:\/\/www.fcgueugnon.fr\/site\/n3-j04-fc-gueugnon-as-la-chapelle-de-guinchay-pour-remettre-leglise-au-milieu-du-village\/6427#primaryimage"},"thumbnailUrl":"https:\/\/www.fcgueugnon.fr\/site\/wp-content\/uploads\/2023\/09\/avant-match-fc-gueugnon-la-chapelle.png","keywords":["Avant-match"],"articleSection":["News","News 2023\/2024"],"inLanguage":"fr-FR"},{"@type":"WebPage","@id":"https:\/\/www.fcgueugnon.fr\/site\/n3-j04-fc-gueugnon-as-la-chapelle-de-guinchay-pour-remettre-leglise-au-milieu-du-village\/6427","url":"https:\/\/www.fcgueugnon.fr\/site\/n3-j04-fc-gueugnon-as-la-chapelle-de-guinchay-pour-remettre-leglise-au-milieu-du-village\/6427","name":"[N3 J04 : FC Gueugnon - AS La Chapelle De Guinchay] Pour remettre l'\u00e9glise au milieu du village... &#8226; FOOTBALL CLUB GUEUGNON","isPartOf":{"@id":"https:\/\/www.fcgueugnon.fr\/site\/#website"},"primaryImageOfPage":{"@id":"https:\/\/www.fcgueugnon.fr\/site\/n3-j04-fc-gueugnon-as-la-chapelle-de-guinchay-pour-remettre-leglise-au-milieu-du-village\/6427#primaryimage"},"image":{"@id":"https:\/\/www.fcgueugnon.fr\/site\/n3-j04-fc-gueugnon-as-la-chapelle-de-guinchay-pour-remettre-leglise-au-milieu-du-village\/6427#primaryimage"},"thumbnailUrl":"https:\/\/www.fcgueugnon.fr\/site\/wp-content\/uploads\/2023\/09\/avant-match-fc-gueugnon-la-chapelle.png","datePublished":"2023-09-22T06:21:49+00:00","dateModified":"2024-10-07T09:20:10+00:00","breadcrumb":{"@id":"https:\/\/www.fcgueugnon.fr\/site\/n3-j04-fc-gueugnon-as-la-chapelle-de-guinchay-pour-remettre-leglise-au-milieu-du-village\/6427#breadcrumb"},"inLanguage":"fr-FR","potentialAction":[{"@type":"ReadAction","target":["https:\/\/www.fcgueugnon.fr\/site\/n3-j04-fc-gueugnon-as-la-chapelle-de-guinchay-pour-remettre-leglise-au-milieu-du-village\/6427"]}]},{"@type":"ImageObject","inLanguage":"fr-FR","@id":"https:\/\/www.fcgueugnon.fr\/site\/n3-j04-fc-gueugnon-as-la-chapelle-de-guinchay-pour-remettre-leglise-au-milieu-du-village\/6427#primaryimage","url":"https:\/\/www.fcgueugnon.fr\/site\/wp-content\/uploads\/2023\/09\/avant-match-fc-gueugnon-la-chapelle.png","contentUrl":"https:\/\/www.fcgueugnon.fr\/site\/wp-content\/uploads\/2023\/09\/avant-match-fc-gueugnon-la-chapelle.png","width":1920,"height":1080},{"@type":"BreadcrumbList","@id":"https:\/\/www.fcgueugnon.fr\/site\/n3-j04-fc-gueugnon-as-la-chapelle-de-guinchay-pour-remettre-leglise-au-milieu-du-village\/6427#breadcrumb","itemListElement":[{"@type":"ListItem","position":1,"name":"Accueil","item":"https:\/\/www.fcgueugnon.fr\/site\/"},{"@type":"ListItem","position":2,"name":"[N3 J04 : FC Gueugnon &#8211; AS La Chapelle De Guinchay] Pour remettre l&rsquo;\u00e9glise au milieu du village&#8230;"}]},{"@type":"WebSite","@id":"https:\/\/www.fcgueugnon.fr\/site\/#website","url":"https:\/\/www.fcgueugnon.fr\/site\/","name":"FOOTBALL CLUB GUEUGNON","description":"Le Site Officiel des Forgerons","publisher":{"@id":"https:\/\/www.fcgueugnon.fr\/site\/#organization"},"potentialAction":[{"@type":"SearchAction","target":{"@type":"EntryPoint","urlTemplate":"https:\/\/www.fcgueugnon.fr\/site\/?s={search_term_string}"},"query-input":{"@type":"PropertyValueSpecification","valueRequired":true,"valueName":"search_term_string"}}],"inLanguage":"fr-FR"},{"@type":"Organization","@id":"https:\/\/www.fcgueugnon.fr\/site\/#organization","name":"FC Gueugnon","url":"https:\/\/www.fcgueugnon.fr\/site\/","logo":{"@type":"ImageObject","inLanguage":"fr-FR","@id":"https:\/\/www.fcgueugnon.fr\/site\/#\/schema\/logo\/image\/","url":"https:\/\/www.fcgueugnon.fr\/site\/wp-content\/uploads\/2022\/07\/cropped-Logo-FCGUEUGNON-low-350x350-1.png","contentUrl":"https:\/\/www.fcgueugnon.fr\/site\/wp-content\/uploads\/2022\/07\/cropped-Logo-FCGUEUGNON-low-350x350-1.png","width":350,"height":350,"caption":"FC Gueugnon"},"image":{"@id":"https:\/\/www.fcgueugnon.fr\/site\/#\/schema\/logo\/image\/"},"sameAs":["http:\/\/facebook.com\/FCGueugnon","https:\/\/x.com\/FCGueugnon_off","https:\/\/www.instagram.com\/fcgueugnon\/","https:\/\/www.linkedin.com\/company\/football-club-de-gueugnon\/","https:\/\/www.youtube.com\/user\/FCGueugnonnais","https:\/\/fr.wikipedia.org\/wiki\/Football_Club_de_Gueugnon"]},{"@type":"Person","@id":"https:\/\/www.fcgueugnon.fr\/site\/#\/schema\/person\/f6444fbdd35fa731ee974c03508738fb","name":"FC Gueugnon","sameAs":["https:\/\/www.fcgueugnon.fr\/site"],"url":"https:\/\/www.fcgueugnon.fr\/site\/author\/admin-antho"}]}},"rttpg_featured_image_url":{"full":["https:\/\/www.fcgueugnon.fr\/site\/wp-content\/uploads\/2023\/09\/avant-match-fc-gueugnon-la-chapelle.png",1920,1080,false],"landscape":["https:\/\/www.fcgueugnon.fr\/site\/wp-content\/uploads\/2023\/09\/avant-match-fc-gueugnon-la-chapelle.png",1920,1080,false],"portraits":["https:\/\/www.fcgueugnon.fr\/site\/wp-content\/uploads\/2023\/09\/avant-match-fc-gueugnon-la-chapelle.png",1920,1080,false],"thumbnail":["https:\/\/www.fcgueugnon.fr\/site\/wp-content\/uploads\/2023\/09\/avant-match-fc-gueugnon-la-chapelle-150x150.png",150,150,true],"medium":["https:\/\/www.fcgueugnon.fr\/site\/wp-content\/uploads\/2023\/09\/avant-match-fc-gueugnon-la-chapelle-400x225.png",400,225,true],"large":["https:\/\/www.fcgueugnon.fr\/site\/wp-content\/uploads\/2023\/09\/avant-match-fc-gueugnon-la-chapelle-1024x576.png",1024,576,true],"1536x1536":["https:\/\/www.fcgueugnon.fr\/site\/wp-content\/uploads\/2023\/09\/avant-match-fc-gueugnon-la-chapelle-1536x864.png",1536,864,true],"2048x2048":["https:\/\/www.fcgueugnon.fr\/site\/wp-content\/uploads\/2023\/09\/avant-match-fc-gueugnon-la-chapelle.png",1920,1080,false]},"rttpg_author":{"display_name":"FC Gueugnon","author_link":"https:\/\/www.fcgueugnon.fr\/site\/author\/admin-antho"},"rttpg_comment":0,"rttpg_category":"<a href=\"https:\/\/www.fcgueugnon.fr\/site\/category\/news\" rel=\"category tag\">News<\/a> <a href=\"https:\/\/www.fcgueugnon.fr\/site\/category\/news\/news-2023-2024\" rel=\"category tag\">News 2023\/2024<\/a>","rttpg_excerpt":"Apr\u00e8s leur qualification en Coupe de France, les forgerons sont de retours \u00e0 Jean Laville face au promu Chapellois ! \ud83c\udd9a L&rsquo;adversaire : AS LA CHAPELLE DE GUINCHAY Commune de 4200 habitants situ\u00e9e dans le nord Beaujolais, en bord de Sa\u00f4ne et dans l&rsquo;extr\u00eame sud de la Bourgogne, l&rsquo;ASC est une r\u00e9f\u00e9rence dans le foot\u2026","_links":{"self":[{"href":"https:\/\/www.fcgueugnon.fr\/site\/wp-json\/wp\/v2\/posts\/6427","targetHints":{"allow":["GET"]}}],"collection":[{"href":"https:\/\/www.fcgueugnon.fr\/site\/wp-json\/wp\/v2\/posts"}],"about":[{"href":"https:\/\/www.fcgueugnon.fr\/site\/wp-json\/wp\/v2\/types\/post"}],"author":[{"embeddable":true,"href":"https:\/\/www.fcgueugnon.fr\/site\/wp-json\/wp\/v2\/users\/1"}],"replies":[{"embeddable":true,"href":"https:\/\/www.fcgueugnon.fr\/site\/wp-json\/wp\/v2\/comments?post=6427"}],"version-history":[{"count":4,"href":"https:\/\/www.fcgueugnon.fr\/site\/wp-json\/wp\/v2\/posts\/6427\/revisions"}],"predecessor-version":[{"id":8622,"href":"https:\/\/www.fcgueugnon.fr\/site\/wp-json\/wp\/v2\/posts\/6427\/revisions\/8622"}],"wp:featuredmedia":[{"embeddable":true,"href":"https:\/\/www.fcgueugnon.fr\/site\/wp-json\/wp\/v2\/media\/6451"}],"wp:attachment":[{"href":"https:\/\/www.fcgueugnon.fr\/site\/wp-json\/wp\/v2\/media?parent=6427"}],"wp:term":[{"taxonomy":"category","embeddable":true,"href":"https:\/\/www.fcgueugnon.fr\/site\/wp-json\/wp\/v2\/categories?post=6427"},{"taxonomy":"post_tag","embeddable":true,"href":"https:\/\/www.fcgueugnon.fr\/site\/wp-json\/wp\/v2\/tags?post=6427"}],"curies":[{"name":"wp","href":"https:\/\/api.w.org\/{rel}","templated":true}]}}