{"id":6392,"date":"2023-09-18T15:00:00","date_gmt":"2023-09-18T13:00:00","guid":{"rendered":"https:\/\/www.fcgueugnon.fr\/site\/?p=6392"},"modified":"2024-02-21T21:43:19","modified_gmt":"2024-02-21T20:43:19","slug":"cdf-3e-tour-as-gurgy-fc-gueugnon-resultat-reactions-et-resume","status":"publish","type":"post","link":"https:\/\/www.fcgueugnon.fr\/site\/cdf-3e-tour-as-gurgy-fc-gueugnon-resultat-reactions-et-resume\/6392","title":{"rendered":"[CDF 3e Tour : AS Gurgy \u2013 FC Gueugnon] R\u00e9sultat, r\u00e9actions et r\u00e9sum\u00e9"},"content":{"rendered":"\n<h2 class=\"wp-block-heading\"><strong>Nos forgerons ont su r\u00e9agir apr\u00e8s avoir \u00e9t\u00e9 men\u00e9s au score et se sont qualifi\u00e9s pour le 4e tour de la Coupe de France !<\/strong><\/h2>\n\n\n\n<div style=\"height:30px\" aria-hidden=\"true\" class=\"wp-block-spacer\"><\/div>\n\n\n<div class=\"wp-block-image\">\n<figure class=\"aligncenter size-full is-resized\"><img loading=\"lazy\" decoding=\"async\" src=\"https:\/\/www.fcgueugnon.fr\/site\/wp-content\/uploads\/2023\/09\/AS-Gurgy-FC-Gueugnon.png\" alt=\"\" class=\"wp-image-6393\" style=\"width:504px;height:630px\" width=\"504\" height=\"630\" srcset=\"https:\/\/www.fcgueugnon.fr\/site\/wp-content\/uploads\/2023\/09\/AS-Gurgy-FC-Gueugnon.png 819w, https:\/\/www.fcgueugnon.fr\/site\/wp-content\/uploads\/2023\/09\/AS-Gurgy-FC-Gueugnon-320x400.png 320w, https:\/\/www.fcgueugnon.fr\/site\/wp-content\/uploads\/2023\/09\/AS-Gurgy-FC-Gueugnon-768x960.png 768w, https:\/\/www.fcgueugnon.fr\/site\/wp-content\/uploads\/2023\/09\/AS-Gurgy-FC-Gueugnon-600x750.png 600w\" sizes=\"auto, (max-width: 504px) 100vw, 504px\" \/><\/figure>\n<\/div>\n\n\n<div style=\"height:57px\" aria-hidden=\"true\" class=\"wp-block-spacer\"><\/div>\n\n\n\n<p>Ce week-end, nos forgerons se sont rendus du c\u00f4t\u00e9 de Gurgy pour le 3e tour de Coupe de France. Apr\u00e8s avoir subi leur premi\u00e8re d\u00e9faite du championnat face au CA Pontarlier, nos Gueugnonnais avaient \u00e0 c\u0153ur de montrer leur r\u00e9el potentiel lors de ce match.<\/p>\n\n\n\n<p>La premi\u00e8re p\u00e9riode est marqu\u00e9e par un jeu dynamique et des occasions pour les deux \u00e9quipes. Gurgy ouvre le score \u00e0 la 32e minute sur une belle action qui trompe le gardien forgeron (1-0). Ce premier point des locaux pousse nos Jaunes et Bleus \u00e0 revenir au score, mais leurs tentatives se voient \u00e9chouer avec leur premier but refus\u00e9 pour hors jeu. Malgr\u00e9 leurs efforts, la mi-temps est siffl\u00e9e sur un avantage de Gurgy, qui double la marque juste avant la pause (44&prime; 2-0).<\/p>\n\n\n\n<p>Au retour des vestiaires, nos Gueugnonnais prennent les commandes de cette seconde p\u00e9riode avec un premier but d&rsquo;<strong>Amine Ramdane<\/strong> qui r\u00e9duit l&rsquo;\u00e9cart \u00e0 2-1 (70&prime;), avant d\u2019\u00e9galiser une minute plus tard gr\u00e2ce \u00e0 un but de Gurgy contre son camp (71\u2019 2-2). La dynamique continue en faveur de nos forgerons, qui prennent l&rsquo;avantage sur un but de <strong>Dram\u00e9<\/strong>, portant le score \u00e0 2-3 \u00e0 la 82e minute. En fin de match, un nouveau but contre son camp de Gurgy permet \u00e0 nos forgerons de faire le break et de remporter le match (88&prime; 2-4).<\/p>\n\n\n\n<p>Malgr\u00e9 les efforts d\u00e9ploy\u00e9s par Gurgy, la d\u00e9fense de Gueugnon est rest\u00e9e solide, ce qui leur a permis de d\u00e9crocher la victoire 2-4 et de se qualifier pour le 4e tour de Coupe de France. Nous vous donnons rendez-vous samedi \u00e0 18h00 au stade Jean Laville pour la 4e journ\u00e9e de championnat face \u00e0 La Chapelle de Guinchay !<\/p>\n\n\n\n<div style=\"height:100px\" aria-hidden=\"true\" class=\"wp-block-spacer\"><\/div>\n\n\n\n<h2 class=\"wp-block-heading\">R\u00e9action<\/h2>\n\n\n\n<div class=\"wp-block-media-text has-media-on-the-right is-stacked-on-mobile is-image-fill\" style=\"grid-template-columns:auto 49%\"><div class=\"wp-block-media-text__content\">\n<p><strong>Erwin Gnahor\u00e9, milieu :<\/strong><\/p>\n\n\n\n<p>\u00ab <em>Toutes ces semaines on se pr\u00e9pare bien, la coupe de France contre une (D1) on l\u2019abordera comme si c\u2019\u00e9tait une \u00e9quipe du haut de tableau en championnat, on ira la bas pour chercher la qualification, d\u00e9montrer qu\u2019on joue au niveau au dessus, et pour la r\u00e9ception de La Chapelle on fera tout pour \u00eatre pr\u00eats et nous faire respecter \u00e0 domicile, afin de prendre les 3 points.\u00bb<\/em><\/p>\n\n\n\n<div style=\"height:10px\" aria-hidden=\"true\" class=\"wp-block-spacer\"><\/div>\n\n\n\n<p><em><sub>R\u00e9actions compl\u00e8tes \u00e0 retrouver ce mercredi \u00e0 10:15 et \u00e0 18:30 en direct sur Radio Cactus (FM 92.2) et jeudi en podcast sur notre site officiel !<\/sub><\/em><\/p>\n<\/div><figure class=\"wp-block-media-text__media\" style=\"background-image:url(https:\/\/www.fcgueugnon.fr\/site\/wp-content\/uploads\/2023\/09\/erwin-1.jpg);background-position:50% 50%\"><img loading=\"lazy\" decoding=\"async\" width=\"596\" height=\"397\" src=\"https:\/\/www.fcgueugnon.fr\/site\/wp-content\/uploads\/2023\/09\/erwin-1.jpg\" alt=\"\" class=\"wp-image-6404 size-full\" srcset=\"https:\/\/www.fcgueugnon.fr\/site\/wp-content\/uploads\/2023\/09\/erwin-1.jpg 596w, https:\/\/www.fcgueugnon.fr\/site\/wp-content\/uploads\/2023\/09\/erwin-1-400x266.jpg 400w\" sizes=\"auto, (max-width: 596px) 100vw, 596px\" \/><\/figure><\/div>\n\n\n\n<div style=\"height:40px\" aria-hidden=\"true\" class=\"wp-block-spacer\"><\/div>\n\n\n\n<hr class=\"wp-block-separator has-text-color has-css-opacity has-background\" style=\"background-color:#f7db4a;color:#f7db4a\"\/>\n\n\n\n<h3 class=\"wp-block-heading has-text-align-center\"><strong>\u2139 Prochains matchs : <\/strong><br>&#8211; Samedi 23\/09 \u00e0 18h00 : FC Gueugnon \/ AS La Chapelle Guinchay<br>&#8211; Dimanche 08\/10 : FC Sochaux Montb\u00e9liard B \/ FC Gueugnon<\/h3>\n\n\n\n<hr class=\"wp-block-separator has-text-color has-css-opacity has-background\" style=\"background-color:#f7db4a;color:#f7db4a\"\/>\n\n\n\n<h3 class=\"wp-block-heading\">\u26bd <strong>Score final<\/strong><\/h3>\n\n\n\n<p><strong>Au Stade Jean Laville<\/strong><br>As Gurgy 2-4 FC Gueugnon<br>Buts : FC Gueugnon : Amine Ramdane (70&prime;) ; Oum\u00e9rou Dram\u00e9 (82&prime;) ; csc ; csc <\/p>\n\n\n\n<p>\ud835\udddf\ud835\uddf2\ud835\ude00 \ud835\uddfc\ud835\uddf3\ud835\uddf3\ud835\uddf6\ud835\uddf0\ud835\uddf6\ud835\uddf2\ud835\uddf9s<br><br>Arbitre centre : SEBASTIEN GOBEROT<br>Arbitre assistant 1 : ADIL MALDOU<br>Arbitre assistant 2 : PATRICK GRIVET<br>D\u00e9l\u00e9gu\u00e9 principal : FLORENCE VIE<\/p>\n\n\n\n<div style=\"height:20px\" aria-hidden=\"true\" class=\"wp-block-spacer\"><\/div>\n\n\n\n<p>\ud83d\udfe1\ud83d\udd35&nbsp;<strong>Composition d\u2019\u00e9quipe<\/strong><\/p>\n\n\n\n<p>\u00a0Loan Hernandez &#8211; Lamin Helal &#8211; Hamza Boudjemaa\u00a0&#8211; Mamadou Ciss\u00e9 &#8211; Anthony Chauvet &#8211; Erwin Gnahore &#8211; Ibrahim Mohamed &#8211; Mouhamed Diallo\u00a0&#8211; Soualio Diomande\u00a0&#8211; Oumerou Drame &#8211; Amine Ramdane<br>Rempla\u00e7ants : Mathis Clerval &#8211; Marwan Zahaf<br>Entra\u00eeneur : Philippe Correia \/ Adjoint\u00a0: Bakeba Bayo.<\/p>\n\n\n\n<div style=\"height:38px\" aria-hidden=\"true\" class=\"wp-block-spacer\"><\/div>\n\n\n\n<h3 class=\"wp-block-heading\">\ud83d\udd0d <strong>Plus d&rsquo;articles <\/strong><\/h3>\n\n\n\n<blockquote class=\"wp-block-quote is-layout-flow wp-block-quote-is-layout-flow\">\n<p><span style=\"line-height: 1.5;\">\u25ba <\/span><a href=\"https:\/\/www.fcgueugnon.fr\/site\/cdf-t3-as-gurgy-fc-gueugnon-suivez-le-match-en-live\/6369\"><span style=\"line-height: 1.5;\">Revivre le li<\/span>ve<\/a><\/p>\n<\/blockquote>\n\n\n\n<div style=\"height:38px\" aria-hidden=\"true\" class=\"wp-block-spacer\"><\/div>\n\n\n\n<p>\u25ba <a href=\"https:\/\/www.fcgueugnon.fr\/site\/calendrier-seniors-a-national-3-bourgogne-franche-comte\">Calendrier<\/a><\/p>\n\n\n\n<p>\u25ba <a href=\"https:\/\/www.fcgueugnon.fr\/site\/classement-national-3-bourgogne-franche-comte\">Classement<\/a><\/p>\n","protected":false},"excerpt":{"rendered":"<p>Nos forgerons ont su r\u00e9agir apr\u00e8s avoir \u00e9t\u00e9 men\u00e9s au score et se sont qualifi\u00e9s pour le 4e tour de la Coupe de France ! Ce week-end, nos forgerons se sont rendus du c\u00f4t\u00e9 de Gurgy pour le 3e tour de Coupe de France. Apr\u00e8s avoir subi leur premi\u00e8re d\u00e9faite du championnat face au CA &#8230; <\/p>\n<p class=\"read-more-container\"><a title=\"[CDF 3e Tour : AS Gurgy \u2013 FC Gueugnon] R\u00e9sultat, r\u00e9actions et r\u00e9sum\u00e9\" class=\"read-more button\" href=\"https:\/\/www.fcgueugnon.fr\/site\/cdf-3e-tour-as-gurgy-fc-gueugnon-resultat-reactions-et-resume\/6392#more-6392\" aria-label=\"Plus sur [CDF 3e Tour : AS Gurgy \u2013 FC Gueugnon] R\u00e9sultat, r\u00e9actions et r\u00e9sum\u00e9\">Lire la suite<\/a><\/p>\n","protected":false},"author":4,"featured_media":6393,"comment_status":"closed","ping_status":"closed","sticky":true,"template":"","format":"standard","meta":{"footnotes":""},"categories":[4,55],"tags":[27,31],"class_list":["post-6392","post","type-post","status-publish","format-standard","has-post-thumbnail","hentry","category-news","category-news-2023-2024","tag-resultat","tag-video","infinite-scroll-item","generate-columns","tablet-grid-50","mobile-grid-100","grid-parent","grid-25","resize-featured-image"],"yoast_head":"<!-- This site is optimized with the Yoast SEO plugin v26.6 - https:\/\/yoast.com\/wordpress\/plugins\/seo\/ -->\n<title>[CDF 3e Tour : AS Gurgy \u2013 FC Gueugnon] R\u00e9sultat, r\u00e9actions et r\u00e9sum\u00e9 &#8226; FOOTBALL CLUB GUEUGNON<\/title>\n<meta name=\"robots\" content=\"index, follow, max-snippet:-1, max-image-preview:large, max-video-preview:-1\" \/>\n<link rel=\"canonical\" href=\"https:\/\/www.fcgueugnon.fr\/site\/cdf-3e-tour-as-gurgy-fc-gueugnon-resultat-reactions-et-resume\/6392\" \/>\n<meta property=\"og:locale\" content=\"fr_FR\" \/>\n<meta property=\"og:type\" content=\"article\" \/>\n<meta property=\"og:title\" content=\"[CDF 3e Tour : AS Gurgy \u2013 FC Gueugnon] R\u00e9sultat, r\u00e9actions et r\u00e9sum\u00e9 &#8226; FOOTBALL CLUB GUEUGNON\" \/>\n<meta property=\"og:description\" content=\"Nos forgerons ont su r\u00e9agir apr\u00e8s avoir \u00e9t\u00e9 men\u00e9s au score et se sont qualifi\u00e9s pour le 4e tour de la Coupe de France ! Ce week-end, nos forgerons se sont rendus du c\u00f4t\u00e9 de Gurgy pour le 3e tour de Coupe de France. Apr\u00e8s avoir subi leur premi\u00e8re d\u00e9faite du championnat face au CA ... Lire la suite\" \/>\n<meta property=\"og:url\" content=\"https:\/\/www.fcgueugnon.fr\/site\/cdf-3e-tour-as-gurgy-fc-gueugnon-resultat-reactions-et-resume\/6392\" \/>\n<meta property=\"og:site_name\" content=\"FOOTBALL CLUB GUEUGNON\" \/>\n<meta property=\"article:publisher\" content=\"http:\/\/facebook.com\/FCGueugnon\" \/>\n<meta property=\"article:published_time\" content=\"2023-09-18T13:00:00+00:00\" \/>\n<meta property=\"article:modified_time\" content=\"2024-02-21T20:43:19+00:00\" \/>\n<meta property=\"og:image\" content=\"https:\/\/www.fcgueugnon.fr\/site\/wp-content\/uploads\/2023\/09\/AS-Gurgy-FC-Gueugnon.png\" \/>\n\t<meta property=\"og:image:width\" content=\"819\" \/>\n\t<meta property=\"og:image:height\" content=\"1024\" \/>\n\t<meta property=\"og:image:type\" content=\"image\/png\" \/>\n<meta name=\"author\" content=\"FC Gueugnon\" \/>\n<meta name=\"twitter:card\" content=\"summary_large_image\" \/>\n<meta name=\"twitter:creator\" content=\"@FCGueugnon_off\" \/>\n<meta name=\"twitter:site\" content=\"@FCGueugnon_off\" \/>\n<meta name=\"twitter:label1\" content=\"\u00c9crit par\" \/>\n\t<meta name=\"twitter:data1\" content=\"FC Gueugnon\" \/>\n\t<meta name=\"twitter:label2\" content=\"Dur\u00e9e de lecture estim\u00e9e\" \/>\n\t<meta name=\"twitter:data2\" content=\"3 minutes\" \/>\n<script type=\"application\/ld+json\" class=\"yoast-schema-graph\">{\"@context\":\"https:\/\/schema.org\",\"@graph\":[{\"@type\":\"Article\",\"@id\":\"https:\/\/www.fcgueugnon.fr\/site\/cdf-3e-tour-as-gurgy-fc-gueugnon-resultat-reactions-et-resume\/6392#article\",\"isPartOf\":{\"@id\":\"https:\/\/www.fcgueugnon.fr\/site\/cdf-3e-tour-as-gurgy-fc-gueugnon-resultat-reactions-et-resume\/6392\"},\"author\":{\"name\":\"FC Gueugnon\",\"@id\":\"https:\/\/www.fcgueugnon.fr\/site\/#\/schema\/person\/6b88acb9354d23e86675fc81c54ed359\"},\"headline\":\"[CDF 3e Tour : AS Gurgy \u2013 FC Gueugnon] R\u00e9sultat, r\u00e9actions et r\u00e9sum\u00e9\",\"datePublished\":\"2023-09-18T13:00:00+00:00\",\"dateModified\":\"2024-02-21T20:43:19+00:00\",\"mainEntityOfPage\":{\"@id\":\"https:\/\/www.fcgueugnon.fr\/site\/cdf-3e-tour-as-gurgy-fc-gueugnon-resultat-reactions-et-resume\/6392\"},\"wordCount\":542,\"publisher\":{\"@id\":\"https:\/\/www.fcgueugnon.fr\/site\/#organization\"},\"image\":{\"@id\":\"https:\/\/www.fcgueugnon.fr\/site\/cdf-3e-tour-as-gurgy-fc-gueugnon-resultat-reactions-et-resume\/6392#primaryimage\"},\"thumbnailUrl\":\"https:\/\/www.fcgueugnon.fr\/site\/wp-content\/uploads\/2023\/09\/AS-Gurgy-FC-Gueugnon.png\",\"keywords\":[\"R\u00e9sultat\",\"Vid\u00e9o\"],\"articleSection\":[\"News\",\"News 2023\/2024\"],\"inLanguage\":\"fr-FR\"},{\"@type\":\"WebPage\",\"@id\":\"https:\/\/www.fcgueugnon.fr\/site\/cdf-3e-tour-as-gurgy-fc-gueugnon-resultat-reactions-et-resume\/6392\",\"url\":\"https:\/\/www.fcgueugnon.fr\/site\/cdf-3e-tour-as-gurgy-fc-gueugnon-resultat-reactions-et-resume\/6392\",\"name\":\"[CDF 3e Tour : AS Gurgy \u2013 FC Gueugnon] R\u00e9sultat, r\u00e9actions et r\u00e9sum\u00e9 &#8226; FOOTBALL CLUB GUEUGNON\",\"isPartOf\":{\"@id\":\"https:\/\/www.fcgueugnon.fr\/site\/#website\"},\"primaryImageOfPage\":{\"@id\":\"https:\/\/www.fcgueugnon.fr\/site\/cdf-3e-tour-as-gurgy-fc-gueugnon-resultat-reactions-et-resume\/6392#primaryimage\"},\"image\":{\"@id\":\"https:\/\/www.fcgueugnon.fr\/site\/cdf-3e-tour-as-gurgy-fc-gueugnon-resultat-reactions-et-resume\/6392#primaryimage\"},\"thumbnailUrl\":\"https:\/\/www.fcgueugnon.fr\/site\/wp-content\/uploads\/2023\/09\/AS-Gurgy-FC-Gueugnon.png\",\"datePublished\":\"2023-09-18T13:00:00+00:00\",\"dateModified\":\"2024-02-21T20:43:19+00:00\",\"breadcrumb\":{\"@id\":\"https:\/\/www.fcgueugnon.fr\/site\/cdf-3e-tour-as-gurgy-fc-gueugnon-resultat-reactions-et-resume\/6392#breadcrumb\"},\"inLanguage\":\"fr-FR\",\"potentialAction\":[{\"@type\":\"ReadAction\",\"target\":[\"https:\/\/www.fcgueugnon.fr\/site\/cdf-3e-tour-as-gurgy-fc-gueugnon-resultat-reactions-et-resume\/6392\"]}]},{\"@type\":\"ImageObject\",\"inLanguage\":\"fr-FR\",\"@id\":\"https:\/\/www.fcgueugnon.fr\/site\/cdf-3e-tour-as-gurgy-fc-gueugnon-resultat-reactions-et-resume\/6392#primaryimage\",\"url\":\"https:\/\/www.fcgueugnon.fr\/site\/wp-content\/uploads\/2023\/09\/AS-Gurgy-FC-Gueugnon.png\",\"contentUrl\":\"https:\/\/www.fcgueugnon.fr\/site\/wp-content\/uploads\/2023\/09\/AS-Gurgy-FC-Gueugnon.png\",\"width\":819,\"height\":1024},{\"@type\":\"BreadcrumbList\",\"@id\":\"https:\/\/www.fcgueugnon.fr\/site\/cdf-3e-tour-as-gurgy-fc-gueugnon-resultat-reactions-et-resume\/6392#breadcrumb\",\"itemListElement\":[{\"@type\":\"ListItem\",\"position\":1,\"name\":\"Accueil\",\"item\":\"https:\/\/www.fcgueugnon.fr\/site\/\"},{\"@type\":\"ListItem\",\"position\":2,\"name\":\"[CDF 3e Tour : AS Gurgy \u2013 FC Gueugnon] R\u00e9sultat, r\u00e9actions et r\u00e9sum\u00e9\"}]},{\"@type\":\"WebSite\",\"@id\":\"https:\/\/www.fcgueugnon.fr\/site\/#website\",\"url\":\"https:\/\/www.fcgueugnon.fr\/site\/\",\"name\":\"FOOTBALL CLUB GUEUGNON\",\"description\":\"Le Site Officiel des Forgerons\",\"publisher\":{\"@id\":\"https:\/\/www.fcgueugnon.fr\/site\/#organization\"},\"potentialAction\":[{\"@type\":\"SearchAction\",\"target\":{\"@type\":\"EntryPoint\",\"urlTemplate\":\"https:\/\/www.fcgueugnon.fr\/site\/?s={search_term_string}\"},\"query-input\":{\"@type\":\"PropertyValueSpecification\",\"valueRequired\":true,\"valueName\":\"search_term_string\"}}],\"inLanguage\":\"fr-FR\"},{\"@type\":\"Organization\",\"@id\":\"https:\/\/www.fcgueugnon.fr\/site\/#organization\",\"name\":\"FC Gueugnon\",\"url\":\"https:\/\/www.fcgueugnon.fr\/site\/\",\"logo\":{\"@type\":\"ImageObject\",\"inLanguage\":\"fr-FR\",\"@id\":\"https:\/\/www.fcgueugnon.fr\/site\/#\/schema\/logo\/image\/\",\"url\":\"https:\/\/www.fcgueugnon.fr\/site\/wp-content\/uploads\/2022\/07\/cropped-Logo-FCGUEUGNON-low-350x350-1.png\",\"contentUrl\":\"https:\/\/www.fcgueugnon.fr\/site\/wp-content\/uploads\/2022\/07\/cropped-Logo-FCGUEUGNON-low-350x350-1.png\",\"width\":350,\"height\":350,\"caption\":\"FC Gueugnon\"},\"image\":{\"@id\":\"https:\/\/www.fcgueugnon.fr\/site\/#\/schema\/logo\/image\/\"},\"sameAs\":[\"http:\/\/facebook.com\/FCGueugnon\",\"https:\/\/x.com\/FCGueugnon_off\",\"https:\/\/www.instagram.com\/fcgueugnon\/\",\"https:\/\/www.linkedin.com\/company\/football-club-de-gueugnon\/\",\"https:\/\/www.youtube.com\/user\/FCGueugnonnais\",\"https:\/\/fr.wikipedia.org\/wiki\/Football_Club_de_Gueugnon\"]},{\"@type\":\"Person\",\"@id\":\"https:\/\/www.fcgueugnon.fr\/site\/#\/schema\/person\/6b88acb9354d23e86675fc81c54ed359\",\"name\":\"FC Gueugnon\",\"url\":\"https:\/\/www.fcgueugnon.fr\/site\/author\/man-antu\"}]}<\/script>\n<!-- \/ Yoast SEO plugin. -->","yoast_head_json":{"title":"[CDF 3e Tour : AS Gurgy \u2013 FC Gueugnon] R\u00e9sultat, r\u00e9actions et r\u00e9sum\u00e9 &#8226; FOOTBALL CLUB GUEUGNON","robots":{"index":"index","follow":"follow","max-snippet":"max-snippet:-1","max-image-preview":"max-image-preview:large","max-video-preview":"max-video-preview:-1"},"canonical":"https:\/\/www.fcgueugnon.fr\/site\/cdf-3e-tour-as-gurgy-fc-gueugnon-resultat-reactions-et-resume\/6392","og_locale":"fr_FR","og_type":"article","og_title":"[CDF 3e Tour : AS Gurgy \u2013 FC Gueugnon] R\u00e9sultat, r\u00e9actions et r\u00e9sum\u00e9 &#8226; FOOTBALL CLUB GUEUGNON","og_description":"Nos forgerons ont su r\u00e9agir apr\u00e8s avoir \u00e9t\u00e9 men\u00e9s au score et se sont qualifi\u00e9s pour le 4e tour de la Coupe de France ! Ce week-end, nos forgerons se sont rendus du c\u00f4t\u00e9 de Gurgy pour le 3e tour de Coupe de France. Apr\u00e8s avoir subi leur premi\u00e8re d\u00e9faite du championnat face au CA ... Lire la suite","og_url":"https:\/\/www.fcgueugnon.fr\/site\/cdf-3e-tour-as-gurgy-fc-gueugnon-resultat-reactions-et-resume\/6392","og_site_name":"FOOTBALL CLUB GUEUGNON","article_publisher":"http:\/\/facebook.com\/FCGueugnon","article_published_time":"2023-09-18T13:00:00+00:00","article_modified_time":"2024-02-21T20:43:19+00:00","og_image":[{"width":819,"height":1024,"url":"https:\/\/www.fcgueugnon.fr\/site\/wp-content\/uploads\/2023\/09\/AS-Gurgy-FC-Gueugnon.png","type":"image\/png"}],"author":"FC Gueugnon","twitter_card":"summary_large_image","twitter_creator":"@FCGueugnon_off","twitter_site":"@FCGueugnon_off","twitter_misc":{"\u00c9crit par":"FC Gueugnon","Dur\u00e9e de lecture estim\u00e9e":"3 minutes"},"schema":{"@context":"https:\/\/schema.org","@graph":[{"@type":"Article","@id":"https:\/\/www.fcgueugnon.fr\/site\/cdf-3e-tour-as-gurgy-fc-gueugnon-resultat-reactions-et-resume\/6392#article","isPartOf":{"@id":"https:\/\/www.fcgueugnon.fr\/site\/cdf-3e-tour-as-gurgy-fc-gueugnon-resultat-reactions-et-resume\/6392"},"author":{"name":"FC Gueugnon","@id":"https:\/\/www.fcgueugnon.fr\/site\/#\/schema\/person\/6b88acb9354d23e86675fc81c54ed359"},"headline":"[CDF 3e Tour : AS Gurgy \u2013 FC Gueugnon] R\u00e9sultat, r\u00e9actions et r\u00e9sum\u00e9","datePublished":"2023-09-18T13:00:00+00:00","dateModified":"2024-02-21T20:43:19+00:00","mainEntityOfPage":{"@id":"https:\/\/www.fcgueugnon.fr\/site\/cdf-3e-tour-as-gurgy-fc-gueugnon-resultat-reactions-et-resume\/6392"},"wordCount":542,"publisher":{"@id":"https:\/\/www.fcgueugnon.fr\/site\/#organization"},"image":{"@id":"https:\/\/www.fcgueugnon.fr\/site\/cdf-3e-tour-as-gurgy-fc-gueugnon-resultat-reactions-et-resume\/6392#primaryimage"},"thumbnailUrl":"https:\/\/www.fcgueugnon.fr\/site\/wp-content\/uploads\/2023\/09\/AS-Gurgy-FC-Gueugnon.png","keywords":["R\u00e9sultat","Vid\u00e9o"],"articleSection":["News","News 2023\/2024"],"inLanguage":"fr-FR"},{"@type":"WebPage","@id":"https:\/\/www.fcgueugnon.fr\/site\/cdf-3e-tour-as-gurgy-fc-gueugnon-resultat-reactions-et-resume\/6392","url":"https:\/\/www.fcgueugnon.fr\/site\/cdf-3e-tour-as-gurgy-fc-gueugnon-resultat-reactions-et-resume\/6392","name":"[CDF 3e Tour : AS Gurgy \u2013 FC Gueugnon] R\u00e9sultat, r\u00e9actions et r\u00e9sum\u00e9 &#8226; FOOTBALL CLUB GUEUGNON","isPartOf":{"@id":"https:\/\/www.fcgueugnon.fr\/site\/#website"},"primaryImageOfPage":{"@id":"https:\/\/www.fcgueugnon.fr\/site\/cdf-3e-tour-as-gurgy-fc-gueugnon-resultat-reactions-et-resume\/6392#primaryimage"},"image":{"@id":"https:\/\/www.fcgueugnon.fr\/site\/cdf-3e-tour-as-gurgy-fc-gueugnon-resultat-reactions-et-resume\/6392#primaryimage"},"thumbnailUrl":"https:\/\/www.fcgueugnon.fr\/site\/wp-content\/uploads\/2023\/09\/AS-Gurgy-FC-Gueugnon.png","datePublished":"2023-09-18T13:00:00+00:00","dateModified":"2024-02-21T20:43:19+00:00","breadcrumb":{"@id":"https:\/\/www.fcgueugnon.fr\/site\/cdf-3e-tour-as-gurgy-fc-gueugnon-resultat-reactions-et-resume\/6392#breadcrumb"},"inLanguage":"fr-FR","potentialAction":[{"@type":"ReadAction","target":["https:\/\/www.fcgueugnon.fr\/site\/cdf-3e-tour-as-gurgy-fc-gueugnon-resultat-reactions-et-resume\/6392"]}]},{"@type":"ImageObject","inLanguage":"fr-FR","@id":"https:\/\/www.fcgueugnon.fr\/site\/cdf-3e-tour-as-gurgy-fc-gueugnon-resultat-reactions-et-resume\/6392#primaryimage","url":"https:\/\/www.fcgueugnon.fr\/site\/wp-content\/uploads\/2023\/09\/AS-Gurgy-FC-Gueugnon.png","contentUrl":"https:\/\/www.fcgueugnon.fr\/site\/wp-content\/uploads\/2023\/09\/AS-Gurgy-FC-Gueugnon.png","width":819,"height":1024},{"@type":"BreadcrumbList","@id":"https:\/\/www.fcgueugnon.fr\/site\/cdf-3e-tour-as-gurgy-fc-gueugnon-resultat-reactions-et-resume\/6392#breadcrumb","itemListElement":[{"@type":"ListItem","position":1,"name":"Accueil","item":"https:\/\/www.fcgueugnon.fr\/site\/"},{"@type":"ListItem","position":2,"name":"[CDF 3e Tour : AS Gurgy \u2013 FC Gueugnon] R\u00e9sultat, r\u00e9actions et r\u00e9sum\u00e9"}]},{"@type":"WebSite","@id":"https:\/\/www.fcgueugnon.fr\/site\/#website","url":"https:\/\/www.fcgueugnon.fr\/site\/","name":"FOOTBALL CLUB GUEUGNON","description":"Le Site Officiel des Forgerons","publisher":{"@id":"https:\/\/www.fcgueugnon.fr\/site\/#organization"},"potentialAction":[{"@type":"SearchAction","target":{"@type":"EntryPoint","urlTemplate":"https:\/\/www.fcgueugnon.fr\/site\/?s={search_term_string}"},"query-input":{"@type":"PropertyValueSpecification","valueRequired":true,"valueName":"search_term_string"}}],"inLanguage":"fr-FR"},{"@type":"Organization","@id":"https:\/\/www.fcgueugnon.fr\/site\/#organization","name":"FC Gueugnon","url":"https:\/\/www.fcgueugnon.fr\/site\/","logo":{"@type":"ImageObject","inLanguage":"fr-FR","@id":"https:\/\/www.fcgueugnon.fr\/site\/#\/schema\/logo\/image\/","url":"https:\/\/www.fcgueugnon.fr\/site\/wp-content\/uploads\/2022\/07\/cropped-Logo-FCGUEUGNON-low-350x350-1.png","contentUrl":"https:\/\/www.fcgueugnon.fr\/site\/wp-content\/uploads\/2022\/07\/cropped-Logo-FCGUEUGNON-low-350x350-1.png","width":350,"height":350,"caption":"FC Gueugnon"},"image":{"@id":"https:\/\/www.fcgueugnon.fr\/site\/#\/schema\/logo\/image\/"},"sameAs":["http:\/\/facebook.com\/FCGueugnon","https:\/\/x.com\/FCGueugnon_off","https:\/\/www.instagram.com\/fcgueugnon\/","https:\/\/www.linkedin.com\/company\/football-club-de-gueugnon\/","https:\/\/www.youtube.com\/user\/FCGueugnonnais","https:\/\/fr.wikipedia.org\/wiki\/Football_Club_de_Gueugnon"]},{"@type":"Person","@id":"https:\/\/www.fcgueugnon.fr\/site\/#\/schema\/person\/6b88acb9354d23e86675fc81c54ed359","name":"FC Gueugnon","url":"https:\/\/www.fcgueugnon.fr\/site\/author\/man-antu"}]}},"rttpg_featured_image_url":{"full":["https:\/\/www.fcgueugnon.fr\/site\/wp-content\/uploads\/2023\/09\/AS-Gurgy-FC-Gueugnon.png",819,1024,false],"landscape":["https:\/\/www.fcgueugnon.fr\/site\/wp-content\/uploads\/2023\/09\/AS-Gurgy-FC-Gueugnon.png",819,1024,false],"portraits":["https:\/\/www.fcgueugnon.fr\/site\/wp-content\/uploads\/2023\/09\/AS-Gurgy-FC-Gueugnon.png",819,1024,false],"thumbnail":["https:\/\/www.fcgueugnon.fr\/site\/wp-content\/uploads\/2023\/09\/AS-Gurgy-FC-Gueugnon-150x150.png",150,150,true],"medium":["https:\/\/www.fcgueugnon.fr\/site\/wp-content\/uploads\/2023\/09\/AS-Gurgy-FC-Gueugnon-320x400.png",320,400,true],"large":["https:\/\/www.fcgueugnon.fr\/site\/wp-content\/uploads\/2023\/09\/AS-Gurgy-FC-Gueugnon.png",819,1024,false],"1536x1536":["https:\/\/www.fcgueugnon.fr\/site\/wp-content\/uploads\/2023\/09\/AS-Gurgy-FC-Gueugnon.png",819,1024,false],"2048x2048":["https:\/\/www.fcgueugnon.fr\/site\/wp-content\/uploads\/2023\/09\/AS-Gurgy-FC-Gueugnon.png",819,1024,false]},"rttpg_author":{"display_name":"FC Gueugnon","author_link":"https:\/\/www.fcgueugnon.fr\/site\/author\/man-antu"},"rttpg_comment":0,"rttpg_category":"<a href=\"https:\/\/www.fcgueugnon.fr\/site\/category\/news\" rel=\"category tag\">News<\/a> <a href=\"https:\/\/www.fcgueugnon.fr\/site\/category\/news\/news-2023-2024\" rel=\"category tag\">News 2023\/2024<\/a>","rttpg_excerpt":"Nos forgerons ont su r\u00e9agir apr\u00e8s avoir \u00e9t\u00e9 men\u00e9s au score et se sont qualifi\u00e9s pour le 4e tour de la Coupe de France ! Ce week-end, nos forgerons se sont rendus du c\u00f4t\u00e9 de Gurgy pour le 3e tour de Coupe de France. Apr\u00e8s avoir subi leur premi\u00e8re d\u00e9faite du championnat face au CA\u2026","_links":{"self":[{"href":"https:\/\/www.fcgueugnon.fr\/site\/wp-json\/wp\/v2\/posts\/6392","targetHints":{"allow":["GET"]}}],"collection":[{"href":"https:\/\/www.fcgueugnon.fr\/site\/wp-json\/wp\/v2\/posts"}],"about":[{"href":"https:\/\/www.fcgueugnon.fr\/site\/wp-json\/wp\/v2\/types\/post"}],"author":[{"embeddable":true,"href":"https:\/\/www.fcgueugnon.fr\/site\/wp-json\/wp\/v2\/users\/4"}],"replies":[{"embeddable":true,"href":"https:\/\/www.fcgueugnon.fr\/site\/wp-json\/wp\/v2\/comments?post=6392"}],"version-history":[{"count":14,"href":"https:\/\/www.fcgueugnon.fr\/site\/wp-json\/wp\/v2\/posts\/6392\/revisions"}],"predecessor-version":[{"id":8610,"href":"https:\/\/www.fcgueugnon.fr\/site\/wp-json\/wp\/v2\/posts\/6392\/revisions\/8610"}],"wp:featuredmedia":[{"embeddable":true,"href":"https:\/\/www.fcgueugnon.fr\/site\/wp-json\/wp\/v2\/media\/6393"}],"wp:attachment":[{"href":"https:\/\/www.fcgueugnon.fr\/site\/wp-json\/wp\/v2\/media?parent=6392"}],"wp:term":[{"taxonomy":"category","embeddable":true,"href":"https:\/\/www.fcgueugnon.fr\/site\/wp-json\/wp\/v2\/categories?post=6392"},{"taxonomy":"post_tag","embeddable":true,"href":"https:\/\/www.fcgueugnon.fr\/site\/wp-json\/wp\/v2\/tags?post=6392"}],"curies":[{"name":"wp","href":"https:\/\/api.w.org\/{rel}","templated":true}]}}