{"id":6336,"date":"2023-09-14T17:13:06","date_gmt":"2023-09-14T15:13:06","guid":{"rendered":"https:\/\/www.fcgueugnon.fr\/site\/?p=6336"},"modified":"2024-02-21T21:45:54","modified_gmt":"2024-02-21T20:45:54","slug":"partenaires-le-fc-gueugnon-a-lance-sa-saison-devant-ses-partenaires-et-abonnes","status":"publish","type":"post","link":"https:\/\/www.fcgueugnon.fr\/site\/partenaires-le-fc-gueugnon-a-lance-sa-saison-devant-ses-partenaires-et-abonnes\/6336","title":{"rendered":"[Partenaires] Le FC Gueugnon a lanc\u00e9 sa saison devant ses partenaires et abonn\u00e9s."},"content":{"rendered":"\n<h3 class=\"wp-block-heading\"><strong>Le FC Gueugnon a ouvert officiellement sa saison 2023-2024 lors de la soir\u00e9e de lancement qui s&rsquo;est d\u00e9roul\u00e9e ce Mercredi 13 Septembre \u00e0 L&rsquo;Escale. Fort de 400 licenci\u00e9s et de 40 salari\u00e9s, le FC Gueugnon reste un acteur incontournable de l&rsquo;environnement local.<\/strong><\/h3>\n\n\n\n<div style=\"height:20px\" aria-hidden=\"true\" class=\"wp-block-spacer\"><\/div>\n\n\n<div class=\"wp-block-image\">\n<figure class=\"aligncenter size-large\"><img loading=\"lazy\" decoding=\"async\" width=\"1024\" height=\"768\" src=\"https:\/\/www.fcgueugnon.fr\/site\/wp-content\/uploads\/2023\/09\/Soiree-Partenaires-LEscale-13.09-11-1024x768.jpg\" alt=\"\" class=\"wp-image-6346\" srcset=\"https:\/\/www.fcgueugnon.fr\/site\/wp-content\/uploads\/2023\/09\/Soiree-Partenaires-LEscale-13.09-11-1024x768.jpg 1024w, https:\/\/www.fcgueugnon.fr\/site\/wp-content\/uploads\/2023\/09\/Soiree-Partenaires-LEscale-13.09-11-400x300.jpg 400w, https:\/\/www.fcgueugnon.fr\/site\/wp-content\/uploads\/2023\/09\/Soiree-Partenaires-LEscale-13.09-11-768x576.jpg 768w, https:\/\/www.fcgueugnon.fr\/site\/wp-content\/uploads\/2023\/09\/Soiree-Partenaires-LEscale-13.09-11-1536x1152.jpg 1536w, https:\/\/www.fcgueugnon.fr\/site\/wp-content\/uploads\/2023\/09\/Soiree-Partenaires-LEscale-13.09-11-2048x1536.jpg 2048w, https:\/\/www.fcgueugnon.fr\/site\/wp-content\/uploads\/2023\/09\/Soiree-Partenaires-LEscale-13.09-11-1320x990.jpg 1320w, https:\/\/www.fcgueugnon.fr\/site\/wp-content\/uploads\/2023\/09\/Soiree-Partenaires-LEscale-13.09-11-600x450.jpg 600w\" sizes=\"auto, (max-width: 1024px) 100vw, 1024px\" \/><\/figure>\n<\/div>\n\n\n<div style=\"height:20px\" aria-hidden=\"true\" class=\"wp-block-spacer\"><\/div>\n\n\n\n<h5 class=\"wp-block-heading\"><strong>Pr\u00e9sentation de l&rsquo;effectif National 3 et mise en lumi\u00e8re de la Sport E.Leclerc Acad\u00e9mie<\/strong><\/h5>\n\n\n\n<p>Au cours de la soir\u00e9e, l&rsquo;effectif de l&rsquo;\u00e9quipe premi\u00e8re a \u00e9t\u00e9 pr\u00e9sent\u00e9 \u00e0 l&rsquo;assembl\u00e9e. Les dirigeants et membres du staff technique ont partag\u00e9 leurs perspectives et ambitions pour la saison \u00e0 venir, promettant de tout donner pour atteindre les objectifs fix\u00e9s pour ce championnat National 3. La soir\u00e9e de lancement a \u00e9galement \u00e9t\u00e9 l&rsquo;occasion parfaite pour pr\u00e9senter l&rsquo;ensemble des \u00e9quipes de jeunes ainsi que les \u00e9ducateurs qui forment la Sport E.Leclerc Acad\u00e9mie.<\/p>\n\n\n\n<div style=\"height:20px\" aria-hidden=\"true\" class=\"wp-block-spacer\"><\/div>\n\n\n\n<h5 class=\"wp-block-heading\"><strong>D\u00e9couverte des projets, \u00e9v\u00e9nements sportifs et extra-sportifs<\/strong><\/h5>\n\n\n\n<p>La saison \u00e0 venir promet d&rsquo;\u00eatre riche en \u00e9v\u00e9nements et en projets passionnants. Le club a pr\u00e9sent\u00e9 sa feuille de route, avec des \u00e9v\u00e9nements sportifs tels que des tournois et des rencontres majeures, ainsi que des initiatives caritatives et des actions sociales qui renforceront les liens entre le club et la population locale.<\/p>\n\n\n\n<div style=\"height:20px\" aria-hidden=\"true\" class=\"wp-block-spacer\"><\/div>\n\n\n\n<h5 class=\"wp-block-heading\"><strong>Officialisation d&rsquo;un match caritatif au profit de l&rsquo;UNICEF en Avril 2024<\/strong><\/h5>\n\n\n\n<p>Le FC Gueugnon a \u00e9galement officialis\u00e9 l&rsquo;organisation d&rsquo;un match caritatif au profit de l&rsquo;UNICEF, pr\u00e9vu pour avril 2024. Cet \u00e9v\u00e9nement refl\u00e8te l&rsquo;engagement du club envers les causes humanitaires et s&rsquo;inscrit dans le d\u00e9veloppement de sa politique soci\u00e9tale. Les d\u00e9tails du match seront annonc\u00e9s ult\u00e9rieurement, mais il est certain que cette journ\u00e9e suscitera un grand enthousiasme parmi les supporters.<\/p>\n\n\n\n<div style=\"height:20px\" aria-hidden=\"true\" class=\"wp-block-spacer\"><\/div>\n\n\n\n<h5 class=\"wp-block-heading\"><strong>Remerciements chaleureux aux Partenaires, \u00c9lus et Abonn\u00e9s<\/strong><\/h5>\n\n\n\n<p>Le FC Gueugnon tient \u00e0 exprimer ses remerciements \u00e0 l&rsquo;ensemble des entreprises partenaires, \u00e9lus locaux, collectivit\u00e9s et abonn\u00e9s qui, ensemble, jouent un r\u00f4le essentiel dans la r\u00e9ussite du club. Nous remercions particuli\u00e8rement <strong>l&rsquo;Escale<\/strong> pour son accueil et sa contribution \u00e0 la r\u00e9ussite de cette soir\u00e9e, ainsi que <strong>Passion RS Automobiles<\/strong>, partenaire officiel de l&rsquo;\u00e9v\u00e9nement.<\/p>\n\n\n\n<div style=\"height:20px\" aria-hidden=\"true\" class=\"wp-block-spacer\"><\/div>\n\n\n\n<h5 class=\"wp-block-heading\"><strong>La soir\u00e9e en images<\/strong><\/h5>\n\n\n\n<figure class=\"wp-block-coblocks-gallery-masonry masonry-grid has-medium-gutter\">\n<figure class=\"wp-block-image size-large\"><a href=\"https:\/\/www.fcgueugnon.fr\/site\/wp-content\/uploads\/2023\/09\/Soiree-Partenaires-LEscale-13.09-2-scaled.jpg\"><img loading=\"lazy\" decoding=\"async\" width=\"2560\" height=\"1920\" src=\"https:\/\/www.fcgueugnon.fr\/site\/wp-content\/uploads\/2023\/09\/Soiree-Partenaires-LEscale-13.09-2-scaled.jpg\" alt=\"Image gallery image\" class=\"wp-image-6337\" srcset=\"https:\/\/www.fcgueugnon.fr\/site\/wp-content\/uploads\/2023\/09\/Soiree-Partenaires-LEscale-13.09-2-scaled.jpg 2560w, https:\/\/www.fcgueugnon.fr\/site\/wp-content\/uploads\/2023\/09\/Soiree-Partenaires-LEscale-13.09-2-400x300.jpg 400w, https:\/\/www.fcgueugnon.fr\/site\/wp-content\/uploads\/2023\/09\/Soiree-Partenaires-LEscale-13.09-2-1024x768.jpg 1024w, https:\/\/www.fcgueugnon.fr\/site\/wp-content\/uploads\/2023\/09\/Soiree-Partenaires-LEscale-13.09-2-768x576.jpg 768w, https:\/\/www.fcgueugnon.fr\/site\/wp-content\/uploads\/2023\/09\/Soiree-Partenaires-LEscale-13.09-2-1536x1152.jpg 1536w, https:\/\/www.fcgueugnon.fr\/site\/wp-content\/uploads\/2023\/09\/Soiree-Partenaires-LEscale-13.09-2-2048x1536.jpg 2048w, https:\/\/www.fcgueugnon.fr\/site\/wp-content\/uploads\/2023\/09\/Soiree-Partenaires-LEscale-13.09-2-1320x990.jpg 1320w, https:\/\/www.fcgueugnon.fr\/site\/wp-content\/uploads\/2023\/09\/Soiree-Partenaires-LEscale-13.09-2-600x450.jpg 600w\" sizes=\"auto, (max-width: 2560px) 100vw, 2560px\" \/><\/a><\/figure>\n\n\n\n<figure class=\"wp-block-image size-large\"><a href=\"https:\/\/www.fcgueugnon.fr\/site\/wp-content\/uploads\/2023\/09\/Soiree-Partenaires-LEscale-13.09-3-scaled.jpg\"><img loading=\"lazy\" decoding=\"async\" width=\"2560\" height=\"1920\" src=\"https:\/\/www.fcgueugnon.fr\/site\/wp-content\/uploads\/2023\/09\/Soiree-Partenaires-LEscale-13.09-3-scaled.jpg\" alt=\"Image gallery image\" class=\"wp-image-6338\" srcset=\"https:\/\/www.fcgueugnon.fr\/site\/wp-content\/uploads\/2023\/09\/Soiree-Partenaires-LEscale-13.09-3-scaled.jpg 2560w, https:\/\/www.fcgueugnon.fr\/site\/wp-content\/uploads\/2023\/09\/Soiree-Partenaires-LEscale-13.09-3-400x300.jpg 400w, https:\/\/www.fcgueugnon.fr\/site\/wp-content\/uploads\/2023\/09\/Soiree-Partenaires-LEscale-13.09-3-1024x768.jpg 1024w, https:\/\/www.fcgueugnon.fr\/site\/wp-content\/uploads\/2023\/09\/Soiree-Partenaires-LEscale-13.09-3-768x576.jpg 768w, https:\/\/www.fcgueugnon.fr\/site\/wp-content\/uploads\/2023\/09\/Soiree-Partenaires-LEscale-13.09-3-1536x1152.jpg 1536w, https:\/\/www.fcgueugnon.fr\/site\/wp-content\/uploads\/2023\/09\/Soiree-Partenaires-LEscale-13.09-3-2048x1536.jpg 2048w, https:\/\/www.fcgueugnon.fr\/site\/wp-content\/uploads\/2023\/09\/Soiree-Partenaires-LEscale-13.09-3-1320x990.jpg 1320w, https:\/\/www.fcgueugnon.fr\/site\/wp-content\/uploads\/2023\/09\/Soiree-Partenaires-LEscale-13.09-3-600x450.jpg 600w\" sizes=\"auto, (max-width: 2560px) 100vw, 2560px\" \/><\/a><\/figure>\n\n\n\n<figure class=\"wp-block-image size-large\"><a href=\"https:\/\/www.fcgueugnon.fr\/site\/wp-content\/uploads\/2023\/09\/Soiree-Partenaires-LEscale-13.09-4-scaled.jpg\"><img loading=\"lazy\" decoding=\"async\" width=\"2560\" height=\"1920\" src=\"https:\/\/www.fcgueugnon.fr\/site\/wp-content\/uploads\/2023\/09\/Soiree-Partenaires-LEscale-13.09-4-scaled.jpg\" alt=\"Image gallery image\" class=\"wp-image-6339\" srcset=\"https:\/\/www.fcgueugnon.fr\/site\/wp-content\/uploads\/2023\/09\/Soiree-Partenaires-LEscale-13.09-4-scaled.jpg 2560w, https:\/\/www.fcgueugnon.fr\/site\/wp-content\/uploads\/2023\/09\/Soiree-Partenaires-LEscale-13.09-4-400x300.jpg 400w, https:\/\/www.fcgueugnon.fr\/site\/wp-content\/uploads\/2023\/09\/Soiree-Partenaires-LEscale-13.09-4-1024x768.jpg 1024w, https:\/\/www.fcgueugnon.fr\/site\/wp-content\/uploads\/2023\/09\/Soiree-Partenaires-LEscale-13.09-4-768x576.jpg 768w, https:\/\/www.fcgueugnon.fr\/site\/wp-content\/uploads\/2023\/09\/Soiree-Partenaires-LEscale-13.09-4-1536x1152.jpg 1536w, https:\/\/www.fcgueugnon.fr\/site\/wp-content\/uploads\/2023\/09\/Soiree-Partenaires-LEscale-13.09-4-2048x1536.jpg 2048w, https:\/\/www.fcgueugnon.fr\/site\/wp-content\/uploads\/2023\/09\/Soiree-Partenaires-LEscale-13.09-4-1320x990.jpg 1320w, https:\/\/www.fcgueugnon.fr\/site\/wp-content\/uploads\/2023\/09\/Soiree-Partenaires-LEscale-13.09-4-600x450.jpg 600w\" sizes=\"auto, (max-width: 2560px) 100vw, 2560px\" \/><\/a><\/figure>\n\n\n\n<figure class=\"wp-block-image size-large\"><a href=\"https:\/\/www.fcgueugnon.fr\/site\/wp-content\/uploads\/2023\/09\/Soiree-Partenaires-LEscale-13.09-5-scaled.jpg\"><img loading=\"lazy\" decoding=\"async\" width=\"2560\" height=\"1920\" src=\"https:\/\/www.fcgueugnon.fr\/site\/wp-content\/uploads\/2023\/09\/Soiree-Partenaires-LEscale-13.09-5-scaled.jpg\" alt=\"Image gallery image\" class=\"wp-image-6340\" srcset=\"https:\/\/www.fcgueugnon.fr\/site\/wp-content\/uploads\/2023\/09\/Soiree-Partenaires-LEscale-13.09-5-scaled.jpg 2560w, https:\/\/www.fcgueugnon.fr\/site\/wp-content\/uploads\/2023\/09\/Soiree-Partenaires-LEscale-13.09-5-400x300.jpg 400w, https:\/\/www.fcgueugnon.fr\/site\/wp-content\/uploads\/2023\/09\/Soiree-Partenaires-LEscale-13.09-5-1024x768.jpg 1024w, https:\/\/www.fcgueugnon.fr\/site\/wp-content\/uploads\/2023\/09\/Soiree-Partenaires-LEscale-13.09-5-768x576.jpg 768w, https:\/\/www.fcgueugnon.fr\/site\/wp-content\/uploads\/2023\/09\/Soiree-Partenaires-LEscale-13.09-5-1536x1152.jpg 1536w, https:\/\/www.fcgueugnon.fr\/site\/wp-content\/uploads\/2023\/09\/Soiree-Partenaires-LEscale-13.09-5-2048x1536.jpg 2048w, https:\/\/www.fcgueugnon.fr\/site\/wp-content\/uploads\/2023\/09\/Soiree-Partenaires-LEscale-13.09-5-1320x990.jpg 1320w, https:\/\/www.fcgueugnon.fr\/site\/wp-content\/uploads\/2023\/09\/Soiree-Partenaires-LEscale-13.09-5-600x450.jpg 600w\" sizes=\"auto, (max-width: 2560px) 100vw, 2560px\" \/><\/a><\/figure>\n\n\n\n<figure class=\"wp-block-image size-large\"><a href=\"https:\/\/www.fcgueugnon.fr\/site\/wp-content\/uploads\/2023\/09\/Soiree-Partenaires-LEscale-13.09-6-scaled.jpg\"><img loading=\"lazy\" decoding=\"async\" width=\"2560\" height=\"1920\" src=\"https:\/\/www.fcgueugnon.fr\/site\/wp-content\/uploads\/2023\/09\/Soiree-Partenaires-LEscale-13.09-6-scaled.jpg\" alt=\"Image gallery image\" class=\"wp-image-6341\" srcset=\"https:\/\/www.fcgueugnon.fr\/site\/wp-content\/uploads\/2023\/09\/Soiree-Partenaires-LEscale-13.09-6-scaled.jpg 2560w, https:\/\/www.fcgueugnon.fr\/site\/wp-content\/uploads\/2023\/09\/Soiree-Partenaires-LEscale-13.09-6-400x300.jpg 400w, https:\/\/www.fcgueugnon.fr\/site\/wp-content\/uploads\/2023\/09\/Soiree-Partenaires-LEscale-13.09-6-1024x768.jpg 1024w, https:\/\/www.fcgueugnon.fr\/site\/wp-content\/uploads\/2023\/09\/Soiree-Partenaires-LEscale-13.09-6-768x576.jpg 768w, https:\/\/www.fcgueugnon.fr\/site\/wp-content\/uploads\/2023\/09\/Soiree-Partenaires-LEscale-13.09-6-1536x1152.jpg 1536w, https:\/\/www.fcgueugnon.fr\/site\/wp-content\/uploads\/2023\/09\/Soiree-Partenaires-LEscale-13.09-6-2048x1536.jpg 2048w, https:\/\/www.fcgueugnon.fr\/site\/wp-content\/uploads\/2023\/09\/Soiree-Partenaires-LEscale-13.09-6-1320x990.jpg 1320w, https:\/\/www.fcgueugnon.fr\/site\/wp-content\/uploads\/2023\/09\/Soiree-Partenaires-LEscale-13.09-6-600x450.jpg 600w\" sizes=\"auto, (max-width: 2560px) 100vw, 2560px\" \/><\/a><\/figure>\n\n\n\n<figure class=\"wp-block-image size-large\"><a href=\"https:\/\/www.fcgueugnon.fr\/site\/wp-content\/uploads\/2023\/09\/Soiree-Partenaires-LEscale-13.09-7-scaled.jpg\"><img loading=\"lazy\" decoding=\"async\" width=\"2560\" height=\"1920\" src=\"https:\/\/www.fcgueugnon.fr\/site\/wp-content\/uploads\/2023\/09\/Soiree-Partenaires-LEscale-13.09-7-scaled.jpg\" alt=\"Image gallery image\" class=\"wp-image-6342\" srcset=\"https:\/\/www.fcgueugnon.fr\/site\/wp-content\/uploads\/2023\/09\/Soiree-Partenaires-LEscale-13.09-7-scaled.jpg 2560w, https:\/\/www.fcgueugnon.fr\/site\/wp-content\/uploads\/2023\/09\/Soiree-Partenaires-LEscale-13.09-7-400x300.jpg 400w, https:\/\/www.fcgueugnon.fr\/site\/wp-content\/uploads\/2023\/09\/Soiree-Partenaires-LEscale-13.09-7-1024x768.jpg 1024w, https:\/\/www.fcgueugnon.fr\/site\/wp-content\/uploads\/2023\/09\/Soiree-Partenaires-LEscale-13.09-7-768x576.jpg 768w, https:\/\/www.fcgueugnon.fr\/site\/wp-content\/uploads\/2023\/09\/Soiree-Partenaires-LEscale-13.09-7-1536x1152.jpg 1536w, https:\/\/www.fcgueugnon.fr\/site\/wp-content\/uploads\/2023\/09\/Soiree-Partenaires-LEscale-13.09-7-2048x1536.jpg 2048w, https:\/\/www.fcgueugnon.fr\/site\/wp-content\/uploads\/2023\/09\/Soiree-Partenaires-LEscale-13.09-7-1320x990.jpg 1320w, https:\/\/www.fcgueugnon.fr\/site\/wp-content\/uploads\/2023\/09\/Soiree-Partenaires-LEscale-13.09-7-600x450.jpg 600w\" sizes=\"auto, (max-width: 2560px) 100vw, 2560px\" \/><\/a><\/figure>\n\n\n\n<figure class=\"wp-block-image size-large\"><a href=\"https:\/\/www.fcgueugnon.fr\/site\/wp-content\/uploads\/2023\/09\/Soiree-Partenaires-LEscale-13.09-8-scaled.jpg\"><img loading=\"lazy\" decoding=\"async\" width=\"2560\" height=\"1920\" src=\"https:\/\/www.fcgueugnon.fr\/site\/wp-content\/uploads\/2023\/09\/Soiree-Partenaires-LEscale-13.09-8-scaled.jpg\" alt=\"Image gallery image\" class=\"wp-image-6343\" srcset=\"https:\/\/www.fcgueugnon.fr\/site\/wp-content\/uploads\/2023\/09\/Soiree-Partenaires-LEscale-13.09-8-scaled.jpg 2560w, https:\/\/www.fcgueugnon.fr\/site\/wp-content\/uploads\/2023\/09\/Soiree-Partenaires-LEscale-13.09-8-400x300.jpg 400w, https:\/\/www.fcgueugnon.fr\/site\/wp-content\/uploads\/2023\/09\/Soiree-Partenaires-LEscale-13.09-8-1024x768.jpg 1024w, https:\/\/www.fcgueugnon.fr\/site\/wp-content\/uploads\/2023\/09\/Soiree-Partenaires-LEscale-13.09-8-768x576.jpg 768w, https:\/\/www.fcgueugnon.fr\/site\/wp-content\/uploads\/2023\/09\/Soiree-Partenaires-LEscale-13.09-8-1536x1152.jpg 1536w, https:\/\/www.fcgueugnon.fr\/site\/wp-content\/uploads\/2023\/09\/Soiree-Partenaires-LEscale-13.09-8-2048x1536.jpg 2048w, https:\/\/www.fcgueugnon.fr\/site\/wp-content\/uploads\/2023\/09\/Soiree-Partenaires-LEscale-13.09-8-1320x990.jpg 1320w, https:\/\/www.fcgueugnon.fr\/site\/wp-content\/uploads\/2023\/09\/Soiree-Partenaires-LEscale-13.09-8-600x450.jpg 600w\" sizes=\"auto, (max-width: 2560px) 100vw, 2560px\" \/><\/a><\/figure>\n\n\n\n<figure class=\"wp-block-image size-large\"><a href=\"https:\/\/www.fcgueugnon.fr\/site\/wp-content\/uploads\/2023\/09\/Soiree-Partenaires-LEscale-13.09-9-scaled.jpg\"><img loading=\"lazy\" decoding=\"async\" width=\"2560\" height=\"1920\" src=\"https:\/\/www.fcgueugnon.fr\/site\/wp-content\/uploads\/2023\/09\/Soiree-Partenaires-LEscale-13.09-9-scaled.jpg\" alt=\"Image gallery image\" class=\"wp-image-6344\" srcset=\"https:\/\/www.fcgueugnon.fr\/site\/wp-content\/uploads\/2023\/09\/Soiree-Partenaires-LEscale-13.09-9-scaled.jpg 2560w, https:\/\/www.fcgueugnon.fr\/site\/wp-content\/uploads\/2023\/09\/Soiree-Partenaires-LEscale-13.09-9-400x300.jpg 400w, https:\/\/www.fcgueugnon.fr\/site\/wp-content\/uploads\/2023\/09\/Soiree-Partenaires-LEscale-13.09-9-1024x768.jpg 1024w, https:\/\/www.fcgueugnon.fr\/site\/wp-content\/uploads\/2023\/09\/Soiree-Partenaires-LEscale-13.09-9-768x576.jpg 768w, https:\/\/www.fcgueugnon.fr\/site\/wp-content\/uploads\/2023\/09\/Soiree-Partenaires-LEscale-13.09-9-1536x1152.jpg 1536w, https:\/\/www.fcgueugnon.fr\/site\/wp-content\/uploads\/2023\/09\/Soiree-Partenaires-LEscale-13.09-9-2048x1536.jpg 2048w, https:\/\/www.fcgueugnon.fr\/site\/wp-content\/uploads\/2023\/09\/Soiree-Partenaires-LEscale-13.09-9-1320x990.jpg 1320w, https:\/\/www.fcgueugnon.fr\/site\/wp-content\/uploads\/2023\/09\/Soiree-Partenaires-LEscale-13.09-9-600x450.jpg 600w\" sizes=\"auto, (max-width: 2560px) 100vw, 2560px\" \/><\/a><\/figure>\n\n\n\n<figure class=\"wp-block-image size-large\"><a href=\"https:\/\/www.fcgueugnon.fr\/site\/wp-content\/uploads\/2023\/09\/Soiree-Partenaires-LEscale-13.09-10-scaled.jpg\"><img loading=\"lazy\" decoding=\"async\" width=\"2560\" height=\"1920\" src=\"https:\/\/www.fcgueugnon.fr\/site\/wp-content\/uploads\/2023\/09\/Soiree-Partenaires-LEscale-13.09-10-scaled.jpg\" alt=\"Image gallery image\" class=\"wp-image-6345\" srcset=\"https:\/\/www.fcgueugnon.fr\/site\/wp-content\/uploads\/2023\/09\/Soiree-Partenaires-LEscale-13.09-10-scaled.jpg 2560w, https:\/\/www.fcgueugnon.fr\/site\/wp-content\/uploads\/2023\/09\/Soiree-Partenaires-LEscale-13.09-10-400x300.jpg 400w, https:\/\/www.fcgueugnon.fr\/site\/wp-content\/uploads\/2023\/09\/Soiree-Partenaires-LEscale-13.09-10-1024x768.jpg 1024w, https:\/\/www.fcgueugnon.fr\/site\/wp-content\/uploads\/2023\/09\/Soiree-Partenaires-LEscale-13.09-10-768x576.jpg 768w, https:\/\/www.fcgueugnon.fr\/site\/wp-content\/uploads\/2023\/09\/Soiree-Partenaires-LEscale-13.09-10-1536x1152.jpg 1536w, https:\/\/www.fcgueugnon.fr\/site\/wp-content\/uploads\/2023\/09\/Soiree-Partenaires-LEscale-13.09-10-2048x1536.jpg 2048w, https:\/\/www.fcgueugnon.fr\/site\/wp-content\/uploads\/2023\/09\/Soiree-Partenaires-LEscale-13.09-10-1320x990.jpg 1320w, https:\/\/www.fcgueugnon.fr\/site\/wp-content\/uploads\/2023\/09\/Soiree-Partenaires-LEscale-13.09-10-600x450.jpg 600w\" sizes=\"auto, (max-width: 2560px) 100vw, 2560px\" \/><\/a><\/figure>\n\n\n\n<figure class=\"wp-block-image size-large\"><a href=\"https:\/\/www.fcgueugnon.fr\/site\/wp-content\/uploads\/2023\/09\/Soiree-Partenaires-LEscale-13.09-11-scaled.jpg\"><img loading=\"lazy\" decoding=\"async\" width=\"2560\" height=\"1920\" src=\"https:\/\/www.fcgueugnon.fr\/site\/wp-content\/uploads\/2023\/09\/Soiree-Partenaires-LEscale-13.09-11-scaled.jpg\" alt=\"Image gallery image\" class=\"wp-image-6346\" srcset=\"https:\/\/www.fcgueugnon.fr\/site\/wp-content\/uploads\/2023\/09\/Soiree-Partenaires-LEscale-13.09-11-scaled.jpg 2560w, https:\/\/www.fcgueugnon.fr\/site\/wp-content\/uploads\/2023\/09\/Soiree-Partenaires-LEscale-13.09-11-400x300.jpg 400w, https:\/\/www.fcgueugnon.fr\/site\/wp-content\/uploads\/2023\/09\/Soiree-Partenaires-LEscale-13.09-11-1024x768.jpg 1024w, https:\/\/www.fcgueugnon.fr\/site\/wp-content\/uploads\/2023\/09\/Soiree-Partenaires-LEscale-13.09-11-768x576.jpg 768w, https:\/\/www.fcgueugnon.fr\/site\/wp-content\/uploads\/2023\/09\/Soiree-Partenaires-LEscale-13.09-11-1536x1152.jpg 1536w, https:\/\/www.fcgueugnon.fr\/site\/wp-content\/uploads\/2023\/09\/Soiree-Partenaires-LEscale-13.09-11-2048x1536.jpg 2048w, https:\/\/www.fcgueugnon.fr\/site\/wp-content\/uploads\/2023\/09\/Soiree-Partenaires-LEscale-13.09-11-1320x990.jpg 1320w, https:\/\/www.fcgueugnon.fr\/site\/wp-content\/uploads\/2023\/09\/Soiree-Partenaires-LEscale-13.09-11-600x450.jpg 600w\" sizes=\"auto, (max-width: 2560px) 100vw, 2560px\" \/><\/a><\/figure>\n\n\n\n<figure class=\"wp-block-image size-large\"><a href=\"https:\/\/www.fcgueugnon.fr\/site\/wp-content\/uploads\/2023\/09\/Soiree-Partenaires-LEscale-13.09-12-scaled.jpg\"><img loading=\"lazy\" decoding=\"async\" width=\"2560\" height=\"1920\" src=\"https:\/\/www.fcgueugnon.fr\/site\/wp-content\/uploads\/2023\/09\/Soiree-Partenaires-LEscale-13.09-12-scaled.jpg\" alt=\"Image gallery image\" class=\"wp-image-6347\" srcset=\"https:\/\/www.fcgueugnon.fr\/site\/wp-content\/uploads\/2023\/09\/Soiree-Partenaires-LEscale-13.09-12-scaled.jpg 2560w, https:\/\/www.fcgueugnon.fr\/site\/wp-content\/uploads\/2023\/09\/Soiree-Partenaires-LEscale-13.09-12-400x300.jpg 400w, https:\/\/www.fcgueugnon.fr\/site\/wp-content\/uploads\/2023\/09\/Soiree-Partenaires-LEscale-13.09-12-1024x768.jpg 1024w, https:\/\/www.fcgueugnon.fr\/site\/wp-content\/uploads\/2023\/09\/Soiree-Partenaires-LEscale-13.09-12-768x576.jpg 768w, https:\/\/www.fcgueugnon.fr\/site\/wp-content\/uploads\/2023\/09\/Soiree-Partenaires-LEscale-13.09-12-1536x1152.jpg 1536w, https:\/\/www.fcgueugnon.fr\/site\/wp-content\/uploads\/2023\/09\/Soiree-Partenaires-LEscale-13.09-12-2048x1536.jpg 2048w, https:\/\/www.fcgueugnon.fr\/site\/wp-content\/uploads\/2023\/09\/Soiree-Partenaires-LEscale-13.09-12-1320x990.jpg 1320w, https:\/\/www.fcgueugnon.fr\/site\/wp-content\/uploads\/2023\/09\/Soiree-Partenaires-LEscale-13.09-12-600x450.jpg 600w\" sizes=\"auto, (max-width: 2560px) 100vw, 2560px\" \/><\/a><\/figure>\n\n\n\n<figure class=\"wp-block-image size-large\"><a href=\"https:\/\/www.fcgueugnon.fr\/site\/wp-content\/uploads\/2023\/09\/Soiree-Partenaires-LEscale-13.09-13-scaled.jpg\"><img loading=\"lazy\" decoding=\"async\" width=\"2560\" height=\"1920\" src=\"https:\/\/www.fcgueugnon.fr\/site\/wp-content\/uploads\/2023\/09\/Soiree-Partenaires-LEscale-13.09-13-scaled.jpg\" alt=\"Image gallery image\" class=\"wp-image-6348\" srcset=\"https:\/\/www.fcgueugnon.fr\/site\/wp-content\/uploads\/2023\/09\/Soiree-Partenaires-LEscale-13.09-13-scaled.jpg 2560w, https:\/\/www.fcgueugnon.fr\/site\/wp-content\/uploads\/2023\/09\/Soiree-Partenaires-LEscale-13.09-13-400x300.jpg 400w, https:\/\/www.fcgueugnon.fr\/site\/wp-content\/uploads\/2023\/09\/Soiree-Partenaires-LEscale-13.09-13-1024x768.jpg 1024w, https:\/\/www.fcgueugnon.fr\/site\/wp-content\/uploads\/2023\/09\/Soiree-Partenaires-LEscale-13.09-13-768x576.jpg 768w, https:\/\/www.fcgueugnon.fr\/site\/wp-content\/uploads\/2023\/09\/Soiree-Partenaires-LEscale-13.09-13-1536x1152.jpg 1536w, https:\/\/www.fcgueugnon.fr\/site\/wp-content\/uploads\/2023\/09\/Soiree-Partenaires-LEscale-13.09-13-2048x1536.jpg 2048w, https:\/\/www.fcgueugnon.fr\/site\/wp-content\/uploads\/2023\/09\/Soiree-Partenaires-LEscale-13.09-13-1320x990.jpg 1320w, https:\/\/www.fcgueugnon.fr\/site\/wp-content\/uploads\/2023\/09\/Soiree-Partenaires-LEscale-13.09-13-600x450.jpg 600w\" sizes=\"auto, (max-width: 2560px) 100vw, 2560px\" \/><\/a><\/figure>\n\n\n\n<figure class=\"wp-block-image size-large\"><a href=\"https:\/\/www.fcgueugnon.fr\/site\/wp-content\/uploads\/2023\/09\/Soiree-Partenaires-LEscale-13.09-14-scaled.jpg\"><img loading=\"lazy\" decoding=\"async\" width=\"2560\" height=\"1920\" src=\"https:\/\/www.fcgueugnon.fr\/site\/wp-content\/uploads\/2023\/09\/Soiree-Partenaires-LEscale-13.09-14-scaled.jpg\" alt=\"Image gallery image\" class=\"wp-image-6349\" srcset=\"https:\/\/www.fcgueugnon.fr\/site\/wp-content\/uploads\/2023\/09\/Soiree-Partenaires-LEscale-13.09-14-scaled.jpg 2560w, https:\/\/www.fcgueugnon.fr\/site\/wp-content\/uploads\/2023\/09\/Soiree-Partenaires-LEscale-13.09-14-400x300.jpg 400w, https:\/\/www.fcgueugnon.fr\/site\/wp-content\/uploads\/2023\/09\/Soiree-Partenaires-LEscale-13.09-14-1024x768.jpg 1024w, https:\/\/www.fcgueugnon.fr\/site\/wp-content\/uploads\/2023\/09\/Soiree-Partenaires-LEscale-13.09-14-768x576.jpg 768w, https:\/\/www.fcgueugnon.fr\/site\/wp-content\/uploads\/2023\/09\/Soiree-Partenaires-LEscale-13.09-14-1536x1152.jpg 1536w, https:\/\/www.fcgueugnon.fr\/site\/wp-content\/uploads\/2023\/09\/Soiree-Partenaires-LEscale-13.09-14-2048x1536.jpg 2048w, https:\/\/www.fcgueugnon.fr\/site\/wp-content\/uploads\/2023\/09\/Soiree-Partenaires-LEscale-13.09-14-1320x990.jpg 1320w, https:\/\/www.fcgueugnon.fr\/site\/wp-content\/uploads\/2023\/09\/Soiree-Partenaires-LEscale-13.09-14-600x450.jpg 600w\" sizes=\"auto, (max-width: 2560px) 100vw, 2560px\" \/><\/a><\/figure>\n\n\n\n<figure class=\"wp-block-image size-large\"><a href=\"https:\/\/www.fcgueugnon.fr\/site\/wp-content\/uploads\/2023\/09\/Soiree-Partenaires-LEscale-13.09-15-scaled.jpg\"><img loading=\"lazy\" decoding=\"async\" width=\"2560\" height=\"1920\" src=\"https:\/\/www.fcgueugnon.fr\/site\/wp-content\/uploads\/2023\/09\/Soiree-Partenaires-LEscale-13.09-15-scaled.jpg\" alt=\"Image gallery image\" class=\"wp-image-6350\" srcset=\"https:\/\/www.fcgueugnon.fr\/site\/wp-content\/uploads\/2023\/09\/Soiree-Partenaires-LEscale-13.09-15-scaled.jpg 2560w, https:\/\/www.fcgueugnon.fr\/site\/wp-content\/uploads\/2023\/09\/Soiree-Partenaires-LEscale-13.09-15-400x300.jpg 400w, https:\/\/www.fcgueugnon.fr\/site\/wp-content\/uploads\/2023\/09\/Soiree-Partenaires-LEscale-13.09-15-1024x768.jpg 1024w, https:\/\/www.fcgueugnon.fr\/site\/wp-content\/uploads\/2023\/09\/Soiree-Partenaires-LEscale-13.09-15-768x576.jpg 768w, https:\/\/www.fcgueugnon.fr\/site\/wp-content\/uploads\/2023\/09\/Soiree-Partenaires-LEscale-13.09-15-1536x1152.jpg 1536w, https:\/\/www.fcgueugnon.fr\/site\/wp-content\/uploads\/2023\/09\/Soiree-Partenaires-LEscale-13.09-15-2048x1536.jpg 2048w, https:\/\/www.fcgueugnon.fr\/site\/wp-content\/uploads\/2023\/09\/Soiree-Partenaires-LEscale-13.09-15-1320x990.jpg 1320w, https:\/\/www.fcgueugnon.fr\/site\/wp-content\/uploads\/2023\/09\/Soiree-Partenaires-LEscale-13.09-15-600x450.jpg 600w\" sizes=\"auto, (max-width: 2560px) 100vw, 2560px\" \/><\/a><\/figure>\n\n\n\n<figure class=\"wp-block-image size-large\"><a href=\"https:\/\/www.fcgueugnon.fr\/site\/wp-content\/uploads\/2023\/09\/Soiree-Partenaires-LEscale-13.09-16-scaled.jpg\"><img loading=\"lazy\" decoding=\"async\" width=\"2560\" height=\"1920\" src=\"https:\/\/www.fcgueugnon.fr\/site\/wp-content\/uploads\/2023\/09\/Soiree-Partenaires-LEscale-13.09-16-scaled.jpg\" alt=\"Image gallery image\" class=\"wp-image-6351\" srcset=\"https:\/\/www.fcgueugnon.fr\/site\/wp-content\/uploads\/2023\/09\/Soiree-Partenaires-LEscale-13.09-16-scaled.jpg 2560w, https:\/\/www.fcgueugnon.fr\/site\/wp-content\/uploads\/2023\/09\/Soiree-Partenaires-LEscale-13.09-16-400x300.jpg 400w, https:\/\/www.fcgueugnon.fr\/site\/wp-content\/uploads\/2023\/09\/Soiree-Partenaires-LEscale-13.09-16-1024x768.jpg 1024w, https:\/\/www.fcgueugnon.fr\/site\/wp-content\/uploads\/2023\/09\/Soiree-Partenaires-LEscale-13.09-16-768x576.jpg 768w, https:\/\/www.fcgueugnon.fr\/site\/wp-content\/uploads\/2023\/09\/Soiree-Partenaires-LEscale-13.09-16-1536x1152.jpg 1536w, https:\/\/www.fcgueugnon.fr\/site\/wp-content\/uploads\/2023\/09\/Soiree-Partenaires-LEscale-13.09-16-2048x1536.jpg 2048w, https:\/\/www.fcgueugnon.fr\/site\/wp-content\/uploads\/2023\/09\/Soiree-Partenaires-LEscale-13.09-16-1320x990.jpg 1320w, https:\/\/www.fcgueugnon.fr\/site\/wp-content\/uploads\/2023\/09\/Soiree-Partenaires-LEscale-13.09-16-600x450.jpg 600w\" sizes=\"auto, (max-width: 2560px) 100vw, 2560px\" \/><\/a><\/figure>\n\n\n\n<figure class=\"wp-block-image size-large\"><a href=\"https:\/\/www.fcgueugnon.fr\/site\/wp-content\/uploads\/2023\/09\/Soiree-Partenaires-LEscale-13.09-17-scaled.jpg\"><img loading=\"lazy\" decoding=\"async\" width=\"2560\" height=\"1920\" src=\"https:\/\/www.fcgueugnon.fr\/site\/wp-content\/uploads\/2023\/09\/Soiree-Partenaires-LEscale-13.09-17-scaled.jpg\" alt=\"Image gallery image\" class=\"wp-image-6352\" srcset=\"https:\/\/www.fcgueugnon.fr\/site\/wp-content\/uploads\/2023\/09\/Soiree-Partenaires-LEscale-13.09-17-scaled.jpg 2560w, https:\/\/www.fcgueugnon.fr\/site\/wp-content\/uploads\/2023\/09\/Soiree-Partenaires-LEscale-13.09-17-400x300.jpg 400w, https:\/\/www.fcgueugnon.fr\/site\/wp-content\/uploads\/2023\/09\/Soiree-Partenaires-LEscale-13.09-17-1024x768.jpg 1024w, https:\/\/www.fcgueugnon.fr\/site\/wp-content\/uploads\/2023\/09\/Soiree-Partenaires-LEscale-13.09-17-768x576.jpg 768w, https:\/\/www.fcgueugnon.fr\/site\/wp-content\/uploads\/2023\/09\/Soiree-Partenaires-LEscale-13.09-17-1536x1152.jpg 1536w, https:\/\/www.fcgueugnon.fr\/site\/wp-content\/uploads\/2023\/09\/Soiree-Partenaires-LEscale-13.09-17-2048x1536.jpg 2048w, https:\/\/www.fcgueugnon.fr\/site\/wp-content\/uploads\/2023\/09\/Soiree-Partenaires-LEscale-13.09-17-1320x990.jpg 1320w, https:\/\/www.fcgueugnon.fr\/site\/wp-content\/uploads\/2023\/09\/Soiree-Partenaires-LEscale-13.09-17-600x450.jpg 600w\" sizes=\"auto, (max-width: 2560px) 100vw, 2560px\" \/><\/a><\/figure>\n\n\n\n<figure class=\"wp-block-image size-large\"><a href=\"https:\/\/www.fcgueugnon.fr\/site\/wp-content\/uploads\/2023\/09\/Soiree-Partenaires-LEscale-13.09-18-scaled.jpg\"><img loading=\"lazy\" decoding=\"async\" width=\"2560\" height=\"1920\" src=\"https:\/\/www.fcgueugnon.fr\/site\/wp-content\/uploads\/2023\/09\/Soiree-Partenaires-LEscale-13.09-18-scaled.jpg\" alt=\"Image gallery image\" class=\"wp-image-6353\" srcset=\"https:\/\/www.fcgueugnon.fr\/site\/wp-content\/uploads\/2023\/09\/Soiree-Partenaires-LEscale-13.09-18-scaled.jpg 2560w, https:\/\/www.fcgueugnon.fr\/site\/wp-content\/uploads\/2023\/09\/Soiree-Partenaires-LEscale-13.09-18-400x300.jpg 400w, https:\/\/www.fcgueugnon.fr\/site\/wp-content\/uploads\/2023\/09\/Soiree-Partenaires-LEscale-13.09-18-1024x768.jpg 1024w, https:\/\/www.fcgueugnon.fr\/site\/wp-content\/uploads\/2023\/09\/Soiree-Partenaires-LEscale-13.09-18-768x576.jpg 768w, https:\/\/www.fcgueugnon.fr\/site\/wp-content\/uploads\/2023\/09\/Soiree-Partenaires-LEscale-13.09-18-1536x1152.jpg 1536w, https:\/\/www.fcgueugnon.fr\/site\/wp-content\/uploads\/2023\/09\/Soiree-Partenaires-LEscale-13.09-18-2048x1536.jpg 2048w, https:\/\/www.fcgueugnon.fr\/site\/wp-content\/uploads\/2023\/09\/Soiree-Partenaires-LEscale-13.09-18-1320x990.jpg 1320w, https:\/\/www.fcgueugnon.fr\/site\/wp-content\/uploads\/2023\/09\/Soiree-Partenaires-LEscale-13.09-18-600x450.jpg 600w\" sizes=\"auto, (max-width: 2560px) 100vw, 2560px\" \/><\/a><\/figure>\n\n\n\n<figure class=\"wp-block-image size-large\"><a href=\"https:\/\/www.fcgueugnon.fr\/site\/wp-content\/uploads\/2023\/09\/Soiree-Partenaires-LEscale-13.09-19-scaled.jpg\"><img loading=\"lazy\" decoding=\"async\" width=\"2560\" height=\"1920\" src=\"https:\/\/www.fcgueugnon.fr\/site\/wp-content\/uploads\/2023\/09\/Soiree-Partenaires-LEscale-13.09-19-scaled.jpg\" alt=\"Image gallery image\" class=\"wp-image-6354\" srcset=\"https:\/\/www.fcgueugnon.fr\/site\/wp-content\/uploads\/2023\/09\/Soiree-Partenaires-LEscale-13.09-19-scaled.jpg 2560w, https:\/\/www.fcgueugnon.fr\/site\/wp-content\/uploads\/2023\/09\/Soiree-Partenaires-LEscale-13.09-19-400x300.jpg 400w, https:\/\/www.fcgueugnon.fr\/site\/wp-content\/uploads\/2023\/09\/Soiree-Partenaires-LEscale-13.09-19-1024x768.jpg 1024w, https:\/\/www.fcgueugnon.fr\/site\/wp-content\/uploads\/2023\/09\/Soiree-Partenaires-LEscale-13.09-19-768x576.jpg 768w, https:\/\/www.fcgueugnon.fr\/site\/wp-content\/uploads\/2023\/09\/Soiree-Partenaires-LEscale-13.09-19-1536x1152.jpg 1536w, https:\/\/www.fcgueugnon.fr\/site\/wp-content\/uploads\/2023\/09\/Soiree-Partenaires-LEscale-13.09-19-2048x1536.jpg 2048w, https:\/\/www.fcgueugnon.fr\/site\/wp-content\/uploads\/2023\/09\/Soiree-Partenaires-LEscale-13.09-19-1320x990.jpg 1320w, https:\/\/www.fcgueugnon.fr\/site\/wp-content\/uploads\/2023\/09\/Soiree-Partenaires-LEscale-13.09-19-600x450.jpg 600w\" sizes=\"auto, (max-width: 2560px) 100vw, 2560px\" \/><\/a><\/figure>\n\n\n\n<figure class=\"wp-block-image size-large\"><a href=\"https:\/\/www.fcgueugnon.fr\/site\/wp-content\/uploads\/2023\/09\/Soiree-Partenaires-LEscale-13.09-20-scaled.jpg\"><img loading=\"lazy\" decoding=\"async\" width=\"2560\" height=\"1920\" src=\"https:\/\/www.fcgueugnon.fr\/site\/wp-content\/uploads\/2023\/09\/Soiree-Partenaires-LEscale-13.09-20-scaled.jpg\" alt=\"Image gallery image\" class=\"wp-image-6355\" srcset=\"https:\/\/www.fcgueugnon.fr\/site\/wp-content\/uploads\/2023\/09\/Soiree-Partenaires-LEscale-13.09-20-scaled.jpg 2560w, https:\/\/www.fcgueugnon.fr\/site\/wp-content\/uploads\/2023\/09\/Soiree-Partenaires-LEscale-13.09-20-400x300.jpg 400w, https:\/\/www.fcgueugnon.fr\/site\/wp-content\/uploads\/2023\/09\/Soiree-Partenaires-LEscale-13.09-20-1024x768.jpg 1024w, https:\/\/www.fcgueugnon.fr\/site\/wp-content\/uploads\/2023\/09\/Soiree-Partenaires-LEscale-13.09-20-768x576.jpg 768w, https:\/\/www.fcgueugnon.fr\/site\/wp-content\/uploads\/2023\/09\/Soiree-Partenaires-LEscale-13.09-20-1536x1152.jpg 1536w, https:\/\/www.fcgueugnon.fr\/site\/wp-content\/uploads\/2023\/09\/Soiree-Partenaires-LEscale-13.09-20-2048x1536.jpg 2048w, https:\/\/www.fcgueugnon.fr\/site\/wp-content\/uploads\/2023\/09\/Soiree-Partenaires-LEscale-13.09-20-1320x990.jpg 1320w, https:\/\/www.fcgueugnon.fr\/site\/wp-content\/uploads\/2023\/09\/Soiree-Partenaires-LEscale-13.09-20-600x450.jpg 600w\" sizes=\"auto, (max-width: 2560px) 100vw, 2560px\" \/><\/a><\/figure>\n\n\n\n<figure class=\"wp-block-image size-large\"><a href=\"https:\/\/www.fcgueugnon.fr\/site\/wp-content\/uploads\/2023\/09\/Soiree-Partenaires-LEscale-13.09-21-scaled.jpg\"><img loading=\"lazy\" decoding=\"async\" width=\"2560\" height=\"1920\" src=\"https:\/\/www.fcgueugnon.fr\/site\/wp-content\/uploads\/2023\/09\/Soiree-Partenaires-LEscale-13.09-21-scaled.jpg\" alt=\"Image gallery image\" class=\"wp-image-6356\" srcset=\"https:\/\/www.fcgueugnon.fr\/site\/wp-content\/uploads\/2023\/09\/Soiree-Partenaires-LEscale-13.09-21-scaled.jpg 2560w, https:\/\/www.fcgueugnon.fr\/site\/wp-content\/uploads\/2023\/09\/Soiree-Partenaires-LEscale-13.09-21-400x300.jpg 400w, https:\/\/www.fcgueugnon.fr\/site\/wp-content\/uploads\/2023\/09\/Soiree-Partenaires-LEscale-13.09-21-1024x768.jpg 1024w, https:\/\/www.fcgueugnon.fr\/site\/wp-content\/uploads\/2023\/09\/Soiree-Partenaires-LEscale-13.09-21-768x576.jpg 768w, https:\/\/www.fcgueugnon.fr\/site\/wp-content\/uploads\/2023\/09\/Soiree-Partenaires-LEscale-13.09-21-1536x1152.jpg 1536w, https:\/\/www.fcgueugnon.fr\/site\/wp-content\/uploads\/2023\/09\/Soiree-Partenaires-LEscale-13.09-21-2048x1536.jpg 2048w, https:\/\/www.fcgueugnon.fr\/site\/wp-content\/uploads\/2023\/09\/Soiree-Partenaires-LEscale-13.09-21-1320x990.jpg 1320w, https:\/\/www.fcgueugnon.fr\/site\/wp-content\/uploads\/2023\/09\/Soiree-Partenaires-LEscale-13.09-21-600x450.jpg 600w\" sizes=\"auto, (max-width: 2560px) 100vw, 2560px\" \/><\/a><\/figure>\n\n\n\n<figure class=\"wp-block-image size-large\"><a href=\"https:\/\/www.fcgueugnon.fr\/site\/wp-content\/uploads\/2023\/09\/Soiree-Partenaires-LEscale-13.09-22-scaled.jpg\"><img loading=\"lazy\" decoding=\"async\" width=\"2560\" height=\"1920\" src=\"https:\/\/www.fcgueugnon.fr\/site\/wp-content\/uploads\/2023\/09\/Soiree-Partenaires-LEscale-13.09-22-scaled.jpg\" alt=\"Image gallery image\" class=\"wp-image-6357\" srcset=\"https:\/\/www.fcgueugnon.fr\/site\/wp-content\/uploads\/2023\/09\/Soiree-Partenaires-LEscale-13.09-22-scaled.jpg 2560w, https:\/\/www.fcgueugnon.fr\/site\/wp-content\/uploads\/2023\/09\/Soiree-Partenaires-LEscale-13.09-22-400x300.jpg 400w, https:\/\/www.fcgueugnon.fr\/site\/wp-content\/uploads\/2023\/09\/Soiree-Partenaires-LEscale-13.09-22-1024x768.jpg 1024w, https:\/\/www.fcgueugnon.fr\/site\/wp-content\/uploads\/2023\/09\/Soiree-Partenaires-LEscale-13.09-22-768x576.jpg 768w, https:\/\/www.fcgueugnon.fr\/site\/wp-content\/uploads\/2023\/09\/Soiree-Partenaires-LEscale-13.09-22-1536x1152.jpg 1536w, https:\/\/www.fcgueugnon.fr\/site\/wp-content\/uploads\/2023\/09\/Soiree-Partenaires-LEscale-13.09-22-2048x1536.jpg 2048w, https:\/\/www.fcgueugnon.fr\/site\/wp-content\/uploads\/2023\/09\/Soiree-Partenaires-LEscale-13.09-22-1320x990.jpg 1320w, https:\/\/www.fcgueugnon.fr\/site\/wp-content\/uploads\/2023\/09\/Soiree-Partenaires-LEscale-13.09-22-600x450.jpg 600w\" sizes=\"auto, (max-width: 2560px) 100vw, 2560px\" \/><\/a><\/figure>\n<\/figure>\n\n\n\n<div style=\"height:40px\" aria-hidden=\"true\" class=\"wp-block-spacer\"><\/div>\n","protected":false},"excerpt":{"rendered":"<p>Le FC Gueugnon a ouvert officiellement sa saison 2023-2024 lors de la soir\u00e9e de lancement qui s&rsquo;est d\u00e9roul\u00e9e ce Mercredi 13 Septembre \u00e0 L&rsquo;Escale. Fort de 400 licenci\u00e9s et de 40 salari\u00e9s, le FC Gueugnon reste un acteur incontournable de l&rsquo;environnement local. Pr\u00e9sentation de l&rsquo;effectif National 3 et mise en lumi\u00e8re de la Sport E.Leclerc &#8230; <\/p>\n<p class=\"read-more-container\"><a title=\"[Partenaires] Le FC Gueugnon a lanc\u00e9 sa saison devant ses partenaires et abonn\u00e9s.\" class=\"read-more button\" href=\"https:\/\/www.fcgueugnon.fr\/site\/partenaires-le-fc-gueugnon-a-lance-sa-saison-devant-ses-partenaires-et-abonnes\/6336#more-6336\" aria-label=\"Plus sur [Partenaires] Le FC Gueugnon a lanc\u00e9 sa saison devant ses partenaires et abonn\u00e9s.\">Lire la suite<\/a><\/p>\n","protected":false},"author":3,"featured_media":6344,"comment_status":"closed","ping_status":"closed","sticky":true,"template":"","format":"standard","meta":{"footnotes":""},"categories":[4,55],"tags":[23],"class_list":["post-6336","post","type-post","status-publish","format-standard","has-post-thumbnail","hentry","category-news","category-news-2023-2024","tag-partenaires","infinite-scroll-item","generate-columns","tablet-grid-50","mobile-grid-100","grid-parent","grid-25","resize-featured-image"],"yoast_head":"<!-- This site is optimized with the Yoast SEO plugin v26.6 - https:\/\/yoast.com\/wordpress\/plugins\/seo\/ -->\n<title>[Partenaires] Le FC Gueugnon a lanc\u00e9 sa saison devant ses partenaires et abonn\u00e9s. &#8226; FOOTBALL CLUB GUEUGNON<\/title>\n<meta name=\"robots\" content=\"index, follow, max-snippet:-1, max-image-preview:large, max-video-preview:-1\" \/>\n<link rel=\"canonical\" href=\"https:\/\/www.fcgueugnon.fr\/site\/partenaires-le-fc-gueugnon-a-lance-sa-saison-devant-ses-partenaires-et-abonnes\/6336\" \/>\n<meta property=\"og:locale\" content=\"fr_FR\" \/>\n<meta property=\"og:type\" content=\"article\" \/>\n<meta property=\"og:title\" content=\"[Partenaires] Le FC Gueugnon a lanc\u00e9 sa saison devant ses partenaires et abonn\u00e9s. &#8226; FOOTBALL CLUB GUEUGNON\" \/>\n<meta property=\"og:description\" content=\"Le FC Gueugnon a ouvert officiellement sa saison 2023-2024 lors de la soir\u00e9e de lancement qui s&rsquo;est d\u00e9roul\u00e9e ce Mercredi 13 Septembre \u00e0 L&rsquo;Escale. Fort de 400 licenci\u00e9s et de 40 salari\u00e9s, le FC Gueugnon reste un acteur incontournable de l&rsquo;environnement local. Pr\u00e9sentation de l&rsquo;effectif National 3 et mise en lumi\u00e8re de la Sport E.Leclerc ... Lire la suite\" \/>\n<meta property=\"og:url\" content=\"https:\/\/www.fcgueugnon.fr\/site\/partenaires-le-fc-gueugnon-a-lance-sa-saison-devant-ses-partenaires-et-abonnes\/6336\" \/>\n<meta property=\"og:site_name\" content=\"FOOTBALL CLUB GUEUGNON\" \/>\n<meta property=\"article:publisher\" content=\"http:\/\/facebook.com\/FCGueugnon\" \/>\n<meta property=\"article:published_time\" content=\"2023-09-14T15:13:06+00:00\" \/>\n<meta property=\"article:modified_time\" content=\"2024-02-21T20:45:54+00:00\" \/>\n<meta property=\"og:image\" content=\"https:\/\/www.fcgueugnon.fr\/site\/wp-content\/uploads\/2023\/09\/Soiree-Partenaires-LEscale-13.09-9-scaled.jpg\" \/>\n\t<meta property=\"og:image:width\" content=\"2560\" \/>\n\t<meta property=\"og:image:height\" content=\"1920\" \/>\n\t<meta property=\"og:image:type\" content=\"image\/jpeg\" \/>\n<meta name=\"author\" content=\"FC Gueugnon\" \/>\n<meta name=\"twitter:card\" content=\"summary_large_image\" \/>\n<meta name=\"twitter:creator\" content=\"@FCGueugnon_off\" \/>\n<meta name=\"twitter:site\" content=\"@FCGueugnon_off\" \/>\n<meta name=\"twitter:label1\" content=\"\u00c9crit par\" \/>\n\t<meta name=\"twitter:data1\" content=\"FC Gueugnon\" \/>\n\t<meta name=\"twitter:label2\" content=\"Dur\u00e9e de lecture estim\u00e9e\" \/>\n\t<meta name=\"twitter:data2\" content=\"7 minutes\" \/>\n<script type=\"application\/ld+json\" class=\"yoast-schema-graph\">{\"@context\":\"https:\/\/schema.org\",\"@graph\":[{\"@type\":\"Article\",\"@id\":\"https:\/\/www.fcgueugnon.fr\/site\/partenaires-le-fc-gueugnon-a-lance-sa-saison-devant-ses-partenaires-et-abonnes\/6336#article\",\"isPartOf\":{\"@id\":\"https:\/\/www.fcgueugnon.fr\/site\/partenaires-le-fc-gueugnon-a-lance-sa-saison-devant-ses-partenaires-et-abonnes\/6336\"},\"author\":{\"name\":\"FC Gueugnon\",\"@id\":\"https:\/\/www.fcgueugnon.fr\/site\/#\/schema\/person\/829630bfb5d6f3ebe4d296b75687c01a\"},\"headline\":\"[Partenaires] Le FC Gueugnon a lanc\u00e9 sa saison devant ses partenaires et abonn\u00e9s.\",\"datePublished\":\"2023-09-14T15:13:06+00:00\",\"dateModified\":\"2024-02-21T20:45:54+00:00\",\"mainEntityOfPage\":{\"@id\":\"https:\/\/www.fcgueugnon.fr\/site\/partenaires-le-fc-gueugnon-a-lance-sa-saison-devant-ses-partenaires-et-abonnes\/6336\"},\"wordCount\":384,\"publisher\":{\"@id\":\"https:\/\/www.fcgueugnon.fr\/site\/#organization\"},\"image\":{\"@id\":\"https:\/\/www.fcgueugnon.fr\/site\/partenaires-le-fc-gueugnon-a-lance-sa-saison-devant-ses-partenaires-et-abonnes\/6336#primaryimage\"},\"thumbnailUrl\":\"https:\/\/www.fcgueugnon.fr\/site\/wp-content\/uploads\/2023\/09\/Soiree-Partenaires-LEscale-13.09-9-scaled.jpg\",\"keywords\":[\"Partenaires\"],\"articleSection\":[\"News\",\"News 2023\/2024\"],\"inLanguage\":\"fr-FR\"},{\"@type\":\"WebPage\",\"@id\":\"https:\/\/www.fcgueugnon.fr\/site\/partenaires-le-fc-gueugnon-a-lance-sa-saison-devant-ses-partenaires-et-abonnes\/6336\",\"url\":\"https:\/\/www.fcgueugnon.fr\/site\/partenaires-le-fc-gueugnon-a-lance-sa-saison-devant-ses-partenaires-et-abonnes\/6336\",\"name\":\"[Partenaires] Le FC Gueugnon a lanc\u00e9 sa saison devant ses partenaires et abonn\u00e9s. &#8226; FOOTBALL CLUB GUEUGNON\",\"isPartOf\":{\"@id\":\"https:\/\/www.fcgueugnon.fr\/site\/#website\"},\"primaryImageOfPage\":{\"@id\":\"https:\/\/www.fcgueugnon.fr\/site\/partenaires-le-fc-gueugnon-a-lance-sa-saison-devant-ses-partenaires-et-abonnes\/6336#primaryimage\"},\"image\":{\"@id\":\"https:\/\/www.fcgueugnon.fr\/site\/partenaires-le-fc-gueugnon-a-lance-sa-saison-devant-ses-partenaires-et-abonnes\/6336#primaryimage\"},\"thumbnailUrl\":\"https:\/\/www.fcgueugnon.fr\/site\/wp-content\/uploads\/2023\/09\/Soiree-Partenaires-LEscale-13.09-9-scaled.jpg\",\"datePublished\":\"2023-09-14T15:13:06+00:00\",\"dateModified\":\"2024-02-21T20:45:54+00:00\",\"breadcrumb\":{\"@id\":\"https:\/\/www.fcgueugnon.fr\/site\/partenaires-le-fc-gueugnon-a-lance-sa-saison-devant-ses-partenaires-et-abonnes\/6336#breadcrumb\"},\"inLanguage\":\"fr-FR\",\"potentialAction\":[{\"@type\":\"ReadAction\",\"target\":[\"https:\/\/www.fcgueugnon.fr\/site\/partenaires-le-fc-gueugnon-a-lance-sa-saison-devant-ses-partenaires-et-abonnes\/6336\"]}]},{\"@type\":\"ImageObject\",\"inLanguage\":\"fr-FR\",\"@id\":\"https:\/\/www.fcgueugnon.fr\/site\/partenaires-le-fc-gueugnon-a-lance-sa-saison-devant-ses-partenaires-et-abonnes\/6336#primaryimage\",\"url\":\"https:\/\/www.fcgueugnon.fr\/site\/wp-content\/uploads\/2023\/09\/Soiree-Partenaires-LEscale-13.09-9-scaled.jpg\",\"contentUrl\":\"https:\/\/www.fcgueugnon.fr\/site\/wp-content\/uploads\/2023\/09\/Soiree-Partenaires-LEscale-13.09-9-scaled.jpg\",\"width\":2560,\"height\":1920},{\"@type\":\"BreadcrumbList\",\"@id\":\"https:\/\/www.fcgueugnon.fr\/site\/partenaires-le-fc-gueugnon-a-lance-sa-saison-devant-ses-partenaires-et-abonnes\/6336#breadcrumb\",\"itemListElement\":[{\"@type\":\"ListItem\",\"position\":1,\"name\":\"Accueil\",\"item\":\"https:\/\/www.fcgueugnon.fr\/site\/\"},{\"@type\":\"ListItem\",\"position\":2,\"name\":\"[Partenaires] Le FC Gueugnon a lanc\u00e9 sa saison devant ses partenaires et abonn\u00e9s.\"}]},{\"@type\":\"WebSite\",\"@id\":\"https:\/\/www.fcgueugnon.fr\/site\/#website\",\"url\":\"https:\/\/www.fcgueugnon.fr\/site\/\",\"name\":\"FOOTBALL CLUB GUEUGNON\",\"description\":\"Le Site Officiel des Forgerons\",\"publisher\":{\"@id\":\"https:\/\/www.fcgueugnon.fr\/site\/#organization\"},\"potentialAction\":[{\"@type\":\"SearchAction\",\"target\":{\"@type\":\"EntryPoint\",\"urlTemplate\":\"https:\/\/www.fcgueugnon.fr\/site\/?s={search_term_string}\"},\"query-input\":{\"@type\":\"PropertyValueSpecification\",\"valueRequired\":true,\"valueName\":\"search_term_string\"}}],\"inLanguage\":\"fr-FR\"},{\"@type\":\"Organization\",\"@id\":\"https:\/\/www.fcgueugnon.fr\/site\/#organization\",\"name\":\"FC Gueugnon\",\"url\":\"https:\/\/www.fcgueugnon.fr\/site\/\",\"logo\":{\"@type\":\"ImageObject\",\"inLanguage\":\"fr-FR\",\"@id\":\"https:\/\/www.fcgueugnon.fr\/site\/#\/schema\/logo\/image\/\",\"url\":\"https:\/\/www.fcgueugnon.fr\/site\/wp-content\/uploads\/2022\/07\/cropped-Logo-FCGUEUGNON-low-350x350-1.png\",\"contentUrl\":\"https:\/\/www.fcgueugnon.fr\/site\/wp-content\/uploads\/2022\/07\/cropped-Logo-FCGUEUGNON-low-350x350-1.png\",\"width\":350,\"height\":350,\"caption\":\"FC Gueugnon\"},\"image\":{\"@id\":\"https:\/\/www.fcgueugnon.fr\/site\/#\/schema\/logo\/image\/\"},\"sameAs\":[\"http:\/\/facebook.com\/FCGueugnon\",\"https:\/\/x.com\/FCGueugnon_off\",\"https:\/\/www.instagram.com\/fcgueugnon\/\",\"https:\/\/www.linkedin.com\/company\/football-club-de-gueugnon\/\",\"https:\/\/www.youtube.com\/user\/FCGueugnonnais\",\"https:\/\/fr.wikipedia.org\/wiki\/Football_Club_de_Gueugnon\"]},{\"@type\":\"Person\",\"@id\":\"https:\/\/www.fcgueugnon.fr\/site\/#\/schema\/person\/829630bfb5d6f3ebe4d296b75687c01a\",\"name\":\"FC Gueugnon\",\"url\":\"https:\/\/www.fcgueugnon.fr\/site\/author\/g-avin1\"}]}<\/script>\n<!-- \/ Yoast SEO plugin. -->","yoast_head_json":{"title":"[Partenaires] Le FC Gueugnon a lanc\u00e9 sa saison devant ses partenaires et abonn\u00e9s. &#8226; FOOTBALL CLUB GUEUGNON","robots":{"index":"index","follow":"follow","max-snippet":"max-snippet:-1","max-image-preview":"max-image-preview:large","max-video-preview":"max-video-preview:-1"},"canonical":"https:\/\/www.fcgueugnon.fr\/site\/partenaires-le-fc-gueugnon-a-lance-sa-saison-devant-ses-partenaires-et-abonnes\/6336","og_locale":"fr_FR","og_type":"article","og_title":"[Partenaires] Le FC Gueugnon a lanc\u00e9 sa saison devant ses partenaires et abonn\u00e9s. &#8226; FOOTBALL CLUB GUEUGNON","og_description":"Le FC Gueugnon a ouvert officiellement sa saison 2023-2024 lors de la soir\u00e9e de lancement qui s&rsquo;est d\u00e9roul\u00e9e ce Mercredi 13 Septembre \u00e0 L&rsquo;Escale. Fort de 400 licenci\u00e9s et de 40 salari\u00e9s, le FC Gueugnon reste un acteur incontournable de l&rsquo;environnement local. Pr\u00e9sentation de l&rsquo;effectif National 3 et mise en lumi\u00e8re de la Sport E.Leclerc ... Lire la suite","og_url":"https:\/\/www.fcgueugnon.fr\/site\/partenaires-le-fc-gueugnon-a-lance-sa-saison-devant-ses-partenaires-et-abonnes\/6336","og_site_name":"FOOTBALL CLUB GUEUGNON","article_publisher":"http:\/\/facebook.com\/FCGueugnon","article_published_time":"2023-09-14T15:13:06+00:00","article_modified_time":"2024-02-21T20:45:54+00:00","og_image":[{"width":2560,"height":1920,"url":"https:\/\/www.fcgueugnon.fr\/site\/wp-content\/uploads\/2023\/09\/Soiree-Partenaires-LEscale-13.09-9-scaled.jpg","type":"image\/jpeg"}],"author":"FC Gueugnon","twitter_card":"summary_large_image","twitter_creator":"@FCGueugnon_off","twitter_site":"@FCGueugnon_off","twitter_misc":{"\u00c9crit par":"FC Gueugnon","Dur\u00e9e de lecture estim\u00e9e":"7 minutes"},"schema":{"@context":"https:\/\/schema.org","@graph":[{"@type":"Article","@id":"https:\/\/www.fcgueugnon.fr\/site\/partenaires-le-fc-gueugnon-a-lance-sa-saison-devant-ses-partenaires-et-abonnes\/6336#article","isPartOf":{"@id":"https:\/\/www.fcgueugnon.fr\/site\/partenaires-le-fc-gueugnon-a-lance-sa-saison-devant-ses-partenaires-et-abonnes\/6336"},"author":{"name":"FC Gueugnon","@id":"https:\/\/www.fcgueugnon.fr\/site\/#\/schema\/person\/829630bfb5d6f3ebe4d296b75687c01a"},"headline":"[Partenaires] Le FC Gueugnon a lanc\u00e9 sa saison devant ses partenaires et abonn\u00e9s.","datePublished":"2023-09-14T15:13:06+00:00","dateModified":"2024-02-21T20:45:54+00:00","mainEntityOfPage":{"@id":"https:\/\/www.fcgueugnon.fr\/site\/partenaires-le-fc-gueugnon-a-lance-sa-saison-devant-ses-partenaires-et-abonnes\/6336"},"wordCount":384,"publisher":{"@id":"https:\/\/www.fcgueugnon.fr\/site\/#organization"},"image":{"@id":"https:\/\/www.fcgueugnon.fr\/site\/partenaires-le-fc-gueugnon-a-lance-sa-saison-devant-ses-partenaires-et-abonnes\/6336#primaryimage"},"thumbnailUrl":"https:\/\/www.fcgueugnon.fr\/site\/wp-content\/uploads\/2023\/09\/Soiree-Partenaires-LEscale-13.09-9-scaled.jpg","keywords":["Partenaires"],"articleSection":["News","News 2023\/2024"],"inLanguage":"fr-FR"},{"@type":"WebPage","@id":"https:\/\/www.fcgueugnon.fr\/site\/partenaires-le-fc-gueugnon-a-lance-sa-saison-devant-ses-partenaires-et-abonnes\/6336","url":"https:\/\/www.fcgueugnon.fr\/site\/partenaires-le-fc-gueugnon-a-lance-sa-saison-devant-ses-partenaires-et-abonnes\/6336","name":"[Partenaires] Le FC Gueugnon a lanc\u00e9 sa saison devant ses partenaires et abonn\u00e9s. &#8226; FOOTBALL CLUB GUEUGNON","isPartOf":{"@id":"https:\/\/www.fcgueugnon.fr\/site\/#website"},"primaryImageOfPage":{"@id":"https:\/\/www.fcgueugnon.fr\/site\/partenaires-le-fc-gueugnon-a-lance-sa-saison-devant-ses-partenaires-et-abonnes\/6336#primaryimage"},"image":{"@id":"https:\/\/www.fcgueugnon.fr\/site\/partenaires-le-fc-gueugnon-a-lance-sa-saison-devant-ses-partenaires-et-abonnes\/6336#primaryimage"},"thumbnailUrl":"https:\/\/www.fcgueugnon.fr\/site\/wp-content\/uploads\/2023\/09\/Soiree-Partenaires-LEscale-13.09-9-scaled.jpg","datePublished":"2023-09-14T15:13:06+00:00","dateModified":"2024-02-21T20:45:54+00:00","breadcrumb":{"@id":"https:\/\/www.fcgueugnon.fr\/site\/partenaires-le-fc-gueugnon-a-lance-sa-saison-devant-ses-partenaires-et-abonnes\/6336#breadcrumb"},"inLanguage":"fr-FR","potentialAction":[{"@type":"ReadAction","target":["https:\/\/www.fcgueugnon.fr\/site\/partenaires-le-fc-gueugnon-a-lance-sa-saison-devant-ses-partenaires-et-abonnes\/6336"]}]},{"@type":"ImageObject","inLanguage":"fr-FR","@id":"https:\/\/www.fcgueugnon.fr\/site\/partenaires-le-fc-gueugnon-a-lance-sa-saison-devant-ses-partenaires-et-abonnes\/6336#primaryimage","url":"https:\/\/www.fcgueugnon.fr\/site\/wp-content\/uploads\/2023\/09\/Soiree-Partenaires-LEscale-13.09-9-scaled.jpg","contentUrl":"https:\/\/www.fcgueugnon.fr\/site\/wp-content\/uploads\/2023\/09\/Soiree-Partenaires-LEscale-13.09-9-scaled.jpg","width":2560,"height":1920},{"@type":"BreadcrumbList","@id":"https:\/\/www.fcgueugnon.fr\/site\/partenaires-le-fc-gueugnon-a-lance-sa-saison-devant-ses-partenaires-et-abonnes\/6336#breadcrumb","itemListElement":[{"@type":"ListItem","position":1,"name":"Accueil","item":"https:\/\/www.fcgueugnon.fr\/site\/"},{"@type":"ListItem","position":2,"name":"[Partenaires] Le FC Gueugnon a lanc\u00e9 sa saison devant ses partenaires et abonn\u00e9s."}]},{"@type":"WebSite","@id":"https:\/\/www.fcgueugnon.fr\/site\/#website","url":"https:\/\/www.fcgueugnon.fr\/site\/","name":"FOOTBALL CLUB GUEUGNON","description":"Le Site Officiel des Forgerons","publisher":{"@id":"https:\/\/www.fcgueugnon.fr\/site\/#organization"},"potentialAction":[{"@type":"SearchAction","target":{"@type":"EntryPoint","urlTemplate":"https:\/\/www.fcgueugnon.fr\/site\/?s={search_term_string}"},"query-input":{"@type":"PropertyValueSpecification","valueRequired":true,"valueName":"search_term_string"}}],"inLanguage":"fr-FR"},{"@type":"Organization","@id":"https:\/\/www.fcgueugnon.fr\/site\/#organization","name":"FC Gueugnon","url":"https:\/\/www.fcgueugnon.fr\/site\/","logo":{"@type":"ImageObject","inLanguage":"fr-FR","@id":"https:\/\/www.fcgueugnon.fr\/site\/#\/schema\/logo\/image\/","url":"https:\/\/www.fcgueugnon.fr\/site\/wp-content\/uploads\/2022\/07\/cropped-Logo-FCGUEUGNON-low-350x350-1.png","contentUrl":"https:\/\/www.fcgueugnon.fr\/site\/wp-content\/uploads\/2022\/07\/cropped-Logo-FCGUEUGNON-low-350x350-1.png","width":350,"height":350,"caption":"FC Gueugnon"},"image":{"@id":"https:\/\/www.fcgueugnon.fr\/site\/#\/schema\/logo\/image\/"},"sameAs":["http:\/\/facebook.com\/FCGueugnon","https:\/\/x.com\/FCGueugnon_off","https:\/\/www.instagram.com\/fcgueugnon\/","https:\/\/www.linkedin.com\/company\/football-club-de-gueugnon\/","https:\/\/www.youtube.com\/user\/FCGueugnonnais","https:\/\/fr.wikipedia.org\/wiki\/Football_Club_de_Gueugnon"]},{"@type":"Person","@id":"https:\/\/www.fcgueugnon.fr\/site\/#\/schema\/person\/829630bfb5d6f3ebe4d296b75687c01a","name":"FC Gueugnon","url":"https:\/\/www.fcgueugnon.fr\/site\/author\/g-avin1"}]}},"rttpg_featured_image_url":{"full":["https:\/\/www.fcgueugnon.fr\/site\/wp-content\/uploads\/2023\/09\/Soiree-Partenaires-LEscale-13.09-9-scaled.jpg",2560,1920,false],"landscape":["https:\/\/www.fcgueugnon.fr\/site\/wp-content\/uploads\/2023\/09\/Soiree-Partenaires-LEscale-13.09-9-scaled.jpg",2560,1920,false],"portraits":["https:\/\/www.fcgueugnon.fr\/site\/wp-content\/uploads\/2023\/09\/Soiree-Partenaires-LEscale-13.09-9-scaled.jpg",2560,1920,false],"thumbnail":["https:\/\/www.fcgueugnon.fr\/site\/wp-content\/uploads\/2023\/09\/Soiree-Partenaires-LEscale-13.09-9-150x150.jpg",150,150,true],"medium":["https:\/\/www.fcgueugnon.fr\/site\/wp-content\/uploads\/2023\/09\/Soiree-Partenaires-LEscale-13.09-9-400x300.jpg",400,300,true],"large":["https:\/\/www.fcgueugnon.fr\/site\/wp-content\/uploads\/2023\/09\/Soiree-Partenaires-LEscale-13.09-9-1024x768.jpg",1024,768,true],"1536x1536":["https:\/\/www.fcgueugnon.fr\/site\/wp-content\/uploads\/2023\/09\/Soiree-Partenaires-LEscale-13.09-9-1536x1152.jpg",1536,1152,true],"2048x2048":["https:\/\/www.fcgueugnon.fr\/site\/wp-content\/uploads\/2023\/09\/Soiree-Partenaires-LEscale-13.09-9-2048x1536.jpg",2048,1536,true]},"rttpg_author":{"display_name":"FC Gueugnon","author_link":"https:\/\/www.fcgueugnon.fr\/site\/author\/g-avin1"},"rttpg_comment":0,"rttpg_category":"<a href=\"https:\/\/www.fcgueugnon.fr\/site\/category\/news\" rel=\"category tag\">News<\/a> <a href=\"https:\/\/www.fcgueugnon.fr\/site\/category\/news\/news-2023-2024\" rel=\"category tag\">News 2023\/2024<\/a>","rttpg_excerpt":"Le FC Gueugnon a ouvert officiellement sa saison 2023-2024 lors de la soir\u00e9e de lancement qui s&rsquo;est d\u00e9roul\u00e9e ce Mercredi 13 Septembre \u00e0 L&rsquo;Escale. Fort de 400 licenci\u00e9s et de 40 salari\u00e9s, le FC Gueugnon reste un acteur incontournable de l&rsquo;environnement local. Pr\u00e9sentation de l&rsquo;effectif National 3 et mise en lumi\u00e8re de la Sport E.Leclerc\u2026","_links":{"self":[{"href":"https:\/\/www.fcgueugnon.fr\/site\/wp-json\/wp\/v2\/posts\/6336","targetHints":{"allow":["GET"]}}],"collection":[{"href":"https:\/\/www.fcgueugnon.fr\/site\/wp-json\/wp\/v2\/posts"}],"about":[{"href":"https:\/\/www.fcgueugnon.fr\/site\/wp-json\/wp\/v2\/types\/post"}],"author":[{"embeddable":true,"href":"https:\/\/www.fcgueugnon.fr\/site\/wp-json\/wp\/v2\/users\/3"}],"replies":[{"embeddable":true,"href":"https:\/\/www.fcgueugnon.fr\/site\/wp-json\/wp\/v2\/comments?post=6336"}],"version-history":[{"count":5,"href":"https:\/\/www.fcgueugnon.fr\/site\/wp-json\/wp\/v2\/posts\/6336\/revisions"}],"predecessor-version":[{"id":6362,"href":"https:\/\/www.fcgueugnon.fr\/site\/wp-json\/wp\/v2\/posts\/6336\/revisions\/6362"}],"wp:featuredmedia":[{"embeddable":true,"href":"https:\/\/www.fcgueugnon.fr\/site\/wp-json\/wp\/v2\/media\/6344"}],"wp:attachment":[{"href":"https:\/\/www.fcgueugnon.fr\/site\/wp-json\/wp\/v2\/media?parent=6336"}],"wp:term":[{"taxonomy":"category","embeddable":true,"href":"https:\/\/www.fcgueugnon.fr\/site\/wp-json\/wp\/v2\/categories?post=6336"},{"taxonomy":"post_tag","embeddable":true,"href":"https:\/\/www.fcgueugnon.fr\/site\/wp-json\/wp\/v2\/tags?post=6336"}],"curies":[{"name":"wp","href":"https:\/\/api.w.org\/{rel}","templated":true}]}}