{"id":6191,"date":"2023-09-11T11:25:11","date_gmt":"2023-09-11T09:25:11","guid":{"rendered":"https:\/\/www.fcgueugnon.fr\/site\/?p=6191"},"modified":"2023-10-23T09:32:37","modified_gmt":"2023-10-23T07:32:37","slug":"agenda-resultats-du-week-end-du-09-et-10-septembre-2023","status":"publish","type":"post","link":"https:\/\/www.fcgueugnon.fr\/site\/agenda-resultats-du-week-end-du-09-et-10-septembre-2023\/6191","title":{"rendered":"[Agenda] R\u00e9sultats du week-end du 09 et 10 septembre 2023"},"content":{"rendered":"\n<h2 class=\"wp-block-heading\">Retrouvez les r\u00e9sultats de nos forgerons ce week-end :<\/h2>\n\n\n\n<div style=\"height:35px\" aria-hidden=\"true\" class=\"wp-block-spacer\"><\/div>\n\n\n\n<h3 class=\"wp-block-heading blue-underline-title\">S\u00e9niors<\/h3>\n\n\n\n<p><em>Groupe N3<\/em> <em> \u2013<\/em>  N3 J03 \u2611<br>Samedi 09\/09 &#8211; 18h00 <br><strong>FC Gueugnon \/ CA Pontarlier : 1-2<br><\/strong><\/p>\n\n\n<div class=\"wp-block-image\">\n<figure class=\"aligncenter size-large is-resized\"><img loading=\"lazy\" decoding=\"async\" src=\"https:\/\/www.fcgueugnon.fr\/site\/wp-content\/uploads\/2023\/09\/MicrosoftTeams-image-6-2-819x1024.png\" alt=\"\" class=\"wp-image-6229\" style=\"width:478px;height:598px\" width=\"478\" height=\"598\" srcset=\"https:\/\/www.fcgueugnon.fr\/site\/wp-content\/uploads\/2023\/09\/MicrosoftTeams-image-6-2-819x1024.png 819w, https:\/\/www.fcgueugnon.fr\/site\/wp-content\/uploads\/2023\/09\/MicrosoftTeams-image-6-2-320x400.png 320w, https:\/\/www.fcgueugnon.fr\/site\/wp-content\/uploads\/2023\/09\/MicrosoftTeams-image-6-2-768x960.png 768w, https:\/\/www.fcgueugnon.fr\/site\/wp-content\/uploads\/2023\/09\/MicrosoftTeams-image-6-2-1229x1536.png 1229w, https:\/\/www.fcgueugnon.fr\/site\/wp-content\/uploads\/2023\/09\/MicrosoftTeams-image-6-2-1638x2048.png 1638w, https:\/\/www.fcgueugnon.fr\/site\/wp-content\/uploads\/2023\/09\/MicrosoftTeams-image-6-2-1320x1650.png 1320w, https:\/\/www.fcgueugnon.fr\/site\/wp-content\/uploads\/2023\/09\/MicrosoftTeams-image-6-2-600x750.png 600w, https:\/\/www.fcgueugnon.fr\/site\/wp-content\/uploads\/2023\/09\/MicrosoftTeams-image-6-2.png 2000w\" sizes=\"auto, (max-width: 478px) 100vw, 478px\" \/><\/figure>\n<\/div>\n\n\n<p><em>Groupe Espoirs<\/em> <em> \u2013<\/em>  R1 J02 \u2705<br>Dimanche 10\/09 &#8211; 15h00<br><strong>FC Gueugnon \/ AJ Auxerre C : 5-1<\/strong><\/p>\n\n\n<div class=\"wp-block-image\">\n<figure class=\"aligncenter size-full is-resized\"><img loading=\"lazy\" decoding=\"async\" src=\"https:\/\/www.fcgueugnon.fr\/site\/wp-content\/uploads\/2023\/09\/FCG-AJA-C.jpg\" alt=\"\" class=\"wp-image-6199\" style=\"width:516px;height:387px\" width=\"516\" height=\"387\" srcset=\"https:\/\/www.fcgueugnon.fr\/site\/wp-content\/uploads\/2023\/09\/FCG-AJA-C.jpg 580w, https:\/\/www.fcgueugnon.fr\/site\/wp-content\/uploads\/2023\/09\/FCG-AJA-C-400x300.jpg 400w\" sizes=\"auto, (max-width: 516px) 100vw, 516px\" \/><\/figure>\n<\/div>\n\n\n<div style=\"height:35px\" aria-hidden=\"true\" class=\"wp-block-spacer\"><\/div>\n\n\n\n<h3 class=\"wp-block-heading blue-underline-title\">Sport E.Leclerc Acad\u00e9mie<\/h3>\n\n\n\n<p><em>U18<\/em> <em> \u2013<\/em> R1 J02 \u2611<br>Dimanche 10\/09 &#8211; 15h00<br><strong>UF M\u00e2connais \/ FC Gueugnon <\/strong>: <strong>1-0<\/strong><\/p>\n\n\n\n<p><em>U16  \u2013<\/em> R1 J02 \u2611<br>Dimanche 10\/09 &#8211; 13h00<br><strong>ES Exincourt \/ FC Gueugnon <\/strong>: <strong>2-0<\/strong><\/p>\n\n\n\n<div class=\"wp-block-group\"><div class=\"wp-block-group__inner-container is-layout-constrained wp-block-group-is-layout-constrained\">\n<figure class=\"wp-block-coblocks-gallery-masonry masonry-grid has-medium-gutter\">\n<figure class=\"wp-block-image size-large masonry-brick\"><img loading=\"lazy\" decoding=\"async\" width=\"1024\" height=\"683\" src=\"https:\/\/www.fcgueugnon.fr\/site\/wp-content\/uploads\/2023\/09\/IMG_7271-1024x683.jpg\" alt=\"Image gallery image\" class=\"wp-image-6194\" srcset=\"https:\/\/www.fcgueugnon.fr\/site\/wp-content\/uploads\/2023\/09\/IMG_7271-1024x683.jpg 1024w, https:\/\/www.fcgueugnon.fr\/site\/wp-content\/uploads\/2023\/09\/IMG_7271-400x267.jpg 400w, https:\/\/www.fcgueugnon.fr\/site\/wp-content\/uploads\/2023\/09\/IMG_7271-768x512.jpg 768w, https:\/\/www.fcgueugnon.fr\/site\/wp-content\/uploads\/2023\/09\/IMG_7271-1536x1024.jpg 1536w, https:\/\/www.fcgueugnon.fr\/site\/wp-content\/uploads\/2023\/09\/IMG_7271-2048x1365.jpg 2048w, https:\/\/www.fcgueugnon.fr\/site\/wp-content\/uploads\/2023\/09\/IMG_7271-1320x880.jpg 1320w, https:\/\/www.fcgueugnon.fr\/site\/wp-content\/uploads\/2023\/09\/IMG_7271-600x400.jpg 600w\" sizes=\"auto, (max-width: 1024px) 100vw, 1024px\" \/><\/figure>\n\n\n\n<figure class=\"wp-block-image size-large masonry-brick\"><img loading=\"lazy\" decoding=\"async\" width=\"1024\" height=\"683\" src=\"https:\/\/www.fcgueugnon.fr\/site\/wp-content\/uploads\/2023\/09\/IMG_7562-1024x683.jpg\" alt=\"Image gallery image\" class=\"wp-image-6196\" srcset=\"https:\/\/www.fcgueugnon.fr\/site\/wp-content\/uploads\/2023\/09\/IMG_7562-1024x683.jpg 1024w, https:\/\/www.fcgueugnon.fr\/site\/wp-content\/uploads\/2023\/09\/IMG_7562-400x267.jpg 400w, https:\/\/www.fcgueugnon.fr\/site\/wp-content\/uploads\/2023\/09\/IMG_7562-768x512.jpg 768w, https:\/\/www.fcgueugnon.fr\/site\/wp-content\/uploads\/2023\/09\/IMG_7562-1536x1024.jpg 1536w, https:\/\/www.fcgueugnon.fr\/site\/wp-content\/uploads\/2023\/09\/IMG_7562-2048x1365.jpg 2048w, https:\/\/www.fcgueugnon.fr\/site\/wp-content\/uploads\/2023\/09\/IMG_7562-1320x880.jpg 1320w, https:\/\/www.fcgueugnon.fr\/site\/wp-content\/uploads\/2023\/09\/IMG_7562-600x400.jpg 600w\" sizes=\"auto, (max-width: 1024px) 100vw, 1024px\" \/><\/figure>\n\n\n\n<figure class=\"wp-block-image size-large masonry-brick\"><img loading=\"lazy\" decoding=\"async\" width=\"1024\" height=\"683\" src=\"https:\/\/www.fcgueugnon.fr\/site\/wp-content\/uploads\/2023\/09\/IMG_7658-1024x683.jpg\" alt=\"Image gallery image\" class=\"wp-image-6195\" srcset=\"https:\/\/www.fcgueugnon.fr\/site\/wp-content\/uploads\/2023\/09\/IMG_7658-1024x683.jpg 1024w, https:\/\/www.fcgueugnon.fr\/site\/wp-content\/uploads\/2023\/09\/IMG_7658-400x267.jpg 400w, https:\/\/www.fcgueugnon.fr\/site\/wp-content\/uploads\/2023\/09\/IMG_7658-768x512.jpg 768w, https:\/\/www.fcgueugnon.fr\/site\/wp-content\/uploads\/2023\/09\/IMG_7658-1536x1024.jpg 1536w, https:\/\/www.fcgueugnon.fr\/site\/wp-content\/uploads\/2023\/09\/IMG_7658-2048x1365.jpg 2048w, https:\/\/www.fcgueugnon.fr\/site\/wp-content\/uploads\/2023\/09\/IMG_7658-1320x880.jpg 1320w, https:\/\/www.fcgueugnon.fr\/site\/wp-content\/uploads\/2023\/09\/IMG_7658-600x400.jpg 600w\" sizes=\"auto, (max-width: 1024px) 100vw, 1024px\" \/><\/figure>\n<\/figure><figcaption class=\"blocks-gallery-caption\">                                                                                                    <em>Cr\u00e9dit photos : m29foot<\/em><\/figcaption>\n<\/div><\/div>\n\n\n\n<p><em>U15  \u2013<\/em> R1 J02 \u2611<br>Samedi 09\/09 &#8211; 15h00<br><strong>Dijon ASPTT \/ FC Gueugnon<\/strong> : 6-0<\/p>\n\n\n\n<p><em>U14  \u2013<\/em> R1 J02 \u2611<br>Samedi 09\/09 &#8211; 15h00<br><strong>UF M\u00e2connais \/  FC Gueugnon : 4-1<\/strong><\/p>\n\n\n\n<p><em>U13 \u2013 D<\/em>1 \u2705<br>Samedi 09\/09 \u2013 13h00<br><strong>Rentr\u00e9e du foot \u00e0 Chatenoy<\/strong> : 1er<\/p>\n\n\n\n<p><em>U13 \u2013 D<\/em>2 \u2705<br>Samedi 09\/09 \u2013 10h30<br><strong>FC Gueugnon \/ ESA le Breuil&nbsp;: 6-4<\/strong><\/p>\n\n\n<div class=\"wp-block-image\">\n<figure class=\"aligncenter size-large is-resized\"><img loading=\"lazy\" decoding=\"async\" src=\"https:\/\/www.fcgueugnon.fr\/site\/wp-content\/uploads\/2023\/09\/e28dde5b-2a5c-4b0c-a33d-6732014f4f10-1024x768.jpg\" alt=\"\" class=\"wp-image-6192\" style=\"width:564px;height:423px\" width=\"564\" height=\"423\" srcset=\"https:\/\/www.fcgueugnon.fr\/site\/wp-content\/uploads\/2023\/09\/e28dde5b-2a5c-4b0c-a33d-6732014f4f10-1024x768.jpg 1024w, https:\/\/www.fcgueugnon.fr\/site\/wp-content\/uploads\/2023\/09\/e28dde5b-2a5c-4b0c-a33d-6732014f4f10-400x300.jpg 400w, https:\/\/www.fcgueugnon.fr\/site\/wp-content\/uploads\/2023\/09\/e28dde5b-2a5c-4b0c-a33d-6732014f4f10-768x576.jpg 768w, https:\/\/www.fcgueugnon.fr\/site\/wp-content\/uploads\/2023\/09\/e28dde5b-2a5c-4b0c-a33d-6732014f4f10-1536x1152.jpg 1536w, https:\/\/www.fcgueugnon.fr\/site\/wp-content\/uploads\/2023\/09\/e28dde5b-2a5c-4b0c-a33d-6732014f4f10-1320x990.jpg 1320w, https:\/\/www.fcgueugnon.fr\/site\/wp-content\/uploads\/2023\/09\/e28dde5b-2a5c-4b0c-a33d-6732014f4f10-600x450.jpg 600w, https:\/\/www.fcgueugnon.fr\/site\/wp-content\/uploads\/2023\/09\/e28dde5b-2a5c-4b0c-a33d-6732014f4f10.jpg 2048w\" sizes=\"auto, (max-width: 564px) 100vw, 564px\" \/><\/figure>\n<\/div>\n\n\n<p><em>U11 \u2013 Niveau 1&nbsp;<\/em><br>samedi 09\/09 \u2013 14h30&nbsp;<br><strong>Plateau \u00e0 Gueugnon<\/strong> &#8211;&gt; <em>Annuler <\/em><\/p>\n\n\n\n<p><em>U11 \u2013 Niveau <\/em>2<br>samedi 09\/09  \u2013 14h30&nbsp;<br><strong>Plateau \u00e0 Gueugnon<\/strong> &#8211;&gt; <em>Annuler<\/em><\/p>\n\n\n\n<p><em>U11 \u2013 Niveau <\/em>3<br>samedi 09\/09 \u2013 14h30&nbsp;<br><strong>Plateau \u00e0 Gueugnon<\/strong> &#8211;&gt; <em>Annuler<\/em><\/p>\n\n\n\n<p><em>U08-U09 <\/em><br>samedi 09\/09 \u2013 9h30&nbsp;\u00e0 17h00<br><strong>Journ\u00e9e des Forgerons<\/strong><\/p>\n\n\n\n<p>U09F <br>samedi 09\/09 \u2013 9h30 \u00e0 17h00<br><strong>Journ\u00e9e des Forgerons<\/strong><\/p>\n\n\n\n<p><em>U06-U0<\/em>7<br>samedi 09\/09 \u2013 9h30&nbsp;\u00e0 12h00<br><strong>Journ\u00e9e des Forgerons<\/strong><\/p>\n\n\n\n<div style=\"height:35px\" aria-hidden=\"true\" class=\"wp-block-spacer\"><\/div>\n\n\n\n<h3 class=\"wp-block-heading blue-underline-title\">Arbitres<\/h3>\n\n\n\n<p class=\"is-style-default\" style=\"text-decoration:underline\">Samedi 09\/09<\/p>\n\n\n\n<p><strong>Lucas MENAGER<br><\/strong>R2 : USC Paray 1 \/  Chevigny St Sr 1<\/p>\n\n\n\n<p><strong>Fabrice MUET<br><\/strong>U18 D1 : Digoin FCA 21 &#8211; US Buxynoise 21<\/p>\n\n\n\n<p style=\"text-decoration:underline\">Dimanche 10\/09<\/p>\n\n\n\n<p><strong>Lucas MENAGER<br><\/strong>R3 : Le Breuil 1 \/ Sud Foot 71 1<\/p>\n\n\n\n<p><strong>Medhi OTMANI<\/strong><br>D2 : Vitry en Charollais 1 \/ St Bonnet de La Guiche 2 <\/p>\n\n\n\n<p><strong>Fabrice MUET<br><\/strong>D1 : St Vincent 1 &#8211; Palinges 1<\/p>\n\n\n\n<div style=\"height:47px\" aria-hidden=\"true\" class=\"wp-block-spacer mb-0\"><\/div>\n\n\n\n<h1 class=\"wp-block-heading has-text-align-center\">#ForgeronFamily<\/h1>\n","protected":false},"excerpt":{"rendered":"<p>Retrouvez les r\u00e9sultats de nos forgerons ce week-end : S\u00e9niors Groupe N3 \u2013 N3 J03 \u2611Samedi 09\/09 &#8211; 18h00 FC Gueugnon \/ CA Pontarlier : 1-2 Groupe Espoirs \u2013 R1 J02 \u2705Dimanche 10\/09 &#8211; 15h00FC Gueugnon \/ AJ Auxerre C : 5-1 Sport E.Leclerc Acad\u00e9mie U18 \u2013 R1 J02 \u2611Dimanche 10\/09 &#8211; 15h00UF M\u00e2connais \/ &#8230; <\/p>\n<p class=\"read-more-container\"><a title=\"[Agenda] R\u00e9sultats du week-end du 09 et 10 septembre 2023\" class=\"read-more button\" href=\"https:\/\/www.fcgueugnon.fr\/site\/agenda-resultats-du-week-end-du-09-et-10-septembre-2023\/6191#more-6191\" aria-label=\"Plus sur [Agenda] R\u00e9sultats du week-end du 09 et 10 septembre 2023\">Lire la suite<\/a><\/p>\n","protected":false},"author":4,"featured_media":6061,"comment_status":"closed","ping_status":"closed","sticky":false,"template":"","format":"standard","meta":{"footnotes":""},"categories":[4,55],"tags":[33,14],"class_list":["post-6191","post","type-post","status-publish","format-standard","has-post-thumbnail","hentry","category-news","category-news-2023-2024","tag-agenda","tag-sport-e-leclerc-academie-jeunes-formation","infinite-scroll-item","generate-columns","tablet-grid-50","mobile-grid-100","grid-parent","grid-25","resize-featured-image"],"yoast_head":"<!-- This site is optimized with the Yoast SEO plugin v26.6 - https:\/\/yoast.com\/wordpress\/plugins\/seo\/ -->\n<title>[Agenda] R\u00e9sultats du week-end du 09 et 10 septembre 2023 &#8226; FOOTBALL CLUB GUEUGNON<\/title>\n<meta name=\"robots\" content=\"index, follow, max-snippet:-1, max-image-preview:large, max-video-preview:-1\" \/>\n<link rel=\"canonical\" href=\"https:\/\/www.fcgueugnon.fr\/site\/agenda-resultats-du-week-end-du-09-et-10-septembre-2023\/6191\" \/>\n<meta property=\"og:locale\" content=\"fr_FR\" \/>\n<meta property=\"og:type\" content=\"article\" \/>\n<meta property=\"og:title\" content=\"[Agenda] R\u00e9sultats du week-end du 09 et 10 septembre 2023 &#8226; FOOTBALL CLUB GUEUGNON\" \/>\n<meta property=\"og:description\" content=\"Retrouvez les r\u00e9sultats de nos forgerons ce week-end : S\u00e9niors Groupe N3 \u2013 N3 J03 \u2611Samedi 09\/09 &#8211; 18h00 FC Gueugnon \/ CA Pontarlier : 1-2 Groupe Espoirs \u2013 R1 J02 \u2705Dimanche 10\/09 &#8211; 15h00FC Gueugnon \/ AJ Auxerre C : 5-1 Sport E.Leclerc Acad\u00e9mie U18 \u2013 R1 J02 \u2611Dimanche 10\/09 &#8211; 15h00UF M\u00e2connais \/ ... Lire la suite\" \/>\n<meta property=\"og:url\" content=\"https:\/\/www.fcgueugnon.fr\/site\/agenda-resultats-du-week-end-du-09-et-10-septembre-2023\/6191\" \/>\n<meta property=\"og:site_name\" content=\"FOOTBALL CLUB GUEUGNON\" \/>\n<meta property=\"article:publisher\" content=\"http:\/\/facebook.com\/FCGueugnon\" \/>\n<meta property=\"article:published_time\" content=\"2023-09-11T09:25:11+00:00\" \/>\n<meta property=\"article:modified_time\" content=\"2023-10-23T07:32:37+00:00\" \/>\n<meta property=\"og:image\" content=\"https:\/\/www.fcgueugnon.fr\/site\/wp-content\/uploads\/2023\/09\/resultats-visu.png\" \/>\n\t<meta property=\"og:image:width\" content=\"1564\" \/>\n\t<meta property=\"og:image:height\" content=\"880\" \/>\n\t<meta property=\"og:image:type\" content=\"image\/png\" \/>\n<meta name=\"author\" content=\"FC Gueugnon\" \/>\n<meta name=\"twitter:card\" content=\"summary_large_image\" \/>\n<meta name=\"twitter:creator\" content=\"@FCGueugnon_off\" \/>\n<meta name=\"twitter:site\" content=\"@FCGueugnon_off\" \/>\n<meta name=\"twitter:label1\" content=\"\u00c9crit par\" \/>\n\t<meta name=\"twitter:data1\" content=\"FC Gueugnon\" \/>\n\t<meta name=\"twitter:label2\" content=\"Dur\u00e9e de lecture estim\u00e9e\" \/>\n\t<meta name=\"twitter:data2\" content=\"3 minutes\" \/>\n<script type=\"application\/ld+json\" class=\"yoast-schema-graph\">{\"@context\":\"https:\/\/schema.org\",\"@graph\":[{\"@type\":\"Article\",\"@id\":\"https:\/\/www.fcgueugnon.fr\/site\/agenda-resultats-du-week-end-du-09-et-10-septembre-2023\/6191#article\",\"isPartOf\":{\"@id\":\"https:\/\/www.fcgueugnon.fr\/site\/agenda-resultats-du-week-end-du-09-et-10-septembre-2023\/6191\"},\"author\":{\"name\":\"FC Gueugnon\",\"@id\":\"https:\/\/www.fcgueugnon.fr\/site\/#\/schema\/person\/6b88acb9354d23e86675fc81c54ed359\"},\"headline\":\"[Agenda] R\u00e9sultats du week-end du 09 et 10 septembre 2023\",\"datePublished\":\"2023-09-11T09:25:11+00:00\",\"dateModified\":\"2023-10-23T07:32:37+00:00\",\"mainEntityOfPage\":{\"@id\":\"https:\/\/www.fcgueugnon.fr\/site\/agenda-resultats-du-week-end-du-09-et-10-septembre-2023\/6191\"},\"wordCount\":227,\"publisher\":{\"@id\":\"https:\/\/www.fcgueugnon.fr\/site\/#organization\"},\"image\":{\"@id\":\"https:\/\/www.fcgueugnon.fr\/site\/agenda-resultats-du-week-end-du-09-et-10-septembre-2023\/6191#primaryimage\"},\"thumbnailUrl\":\"https:\/\/www.fcgueugnon.fr\/site\/wp-content\/uploads\/2023\/09\/resultats-visu.png\",\"keywords\":[\"Agenda\",\"Sport E.Leclerc Acad\u00e9mie : Jeunes \/ Formation\"],\"articleSection\":[\"News\",\"News 2023\/2024\"],\"inLanguage\":\"fr-FR\"},{\"@type\":\"WebPage\",\"@id\":\"https:\/\/www.fcgueugnon.fr\/site\/agenda-resultats-du-week-end-du-09-et-10-septembre-2023\/6191\",\"url\":\"https:\/\/www.fcgueugnon.fr\/site\/agenda-resultats-du-week-end-du-09-et-10-septembre-2023\/6191\",\"name\":\"[Agenda] R\u00e9sultats du week-end du 09 et 10 septembre 2023 &#8226; FOOTBALL CLUB GUEUGNON\",\"isPartOf\":{\"@id\":\"https:\/\/www.fcgueugnon.fr\/site\/#website\"},\"primaryImageOfPage\":{\"@id\":\"https:\/\/www.fcgueugnon.fr\/site\/agenda-resultats-du-week-end-du-09-et-10-septembre-2023\/6191#primaryimage\"},\"image\":{\"@id\":\"https:\/\/www.fcgueugnon.fr\/site\/agenda-resultats-du-week-end-du-09-et-10-septembre-2023\/6191#primaryimage\"},\"thumbnailUrl\":\"https:\/\/www.fcgueugnon.fr\/site\/wp-content\/uploads\/2023\/09\/resultats-visu.png\",\"datePublished\":\"2023-09-11T09:25:11+00:00\",\"dateModified\":\"2023-10-23T07:32:37+00:00\",\"breadcrumb\":{\"@id\":\"https:\/\/www.fcgueugnon.fr\/site\/agenda-resultats-du-week-end-du-09-et-10-septembre-2023\/6191#breadcrumb\"},\"inLanguage\":\"fr-FR\",\"potentialAction\":[{\"@type\":\"ReadAction\",\"target\":[\"https:\/\/www.fcgueugnon.fr\/site\/agenda-resultats-du-week-end-du-09-et-10-septembre-2023\/6191\"]}]},{\"@type\":\"ImageObject\",\"inLanguage\":\"fr-FR\",\"@id\":\"https:\/\/www.fcgueugnon.fr\/site\/agenda-resultats-du-week-end-du-09-et-10-septembre-2023\/6191#primaryimage\",\"url\":\"https:\/\/www.fcgueugnon.fr\/site\/wp-content\/uploads\/2023\/09\/resultats-visu.png\",\"contentUrl\":\"https:\/\/www.fcgueugnon.fr\/site\/wp-content\/uploads\/2023\/09\/resultats-visu.png\",\"width\":1564,\"height\":880},{\"@type\":\"BreadcrumbList\",\"@id\":\"https:\/\/www.fcgueugnon.fr\/site\/agenda-resultats-du-week-end-du-09-et-10-septembre-2023\/6191#breadcrumb\",\"itemListElement\":[{\"@type\":\"ListItem\",\"position\":1,\"name\":\"Accueil\",\"item\":\"https:\/\/www.fcgueugnon.fr\/site\/\"},{\"@type\":\"ListItem\",\"position\":2,\"name\":\"[Agenda] R\u00e9sultats du week-end du 09 et 10 septembre 2023\"}]},{\"@type\":\"WebSite\",\"@id\":\"https:\/\/www.fcgueugnon.fr\/site\/#website\",\"url\":\"https:\/\/www.fcgueugnon.fr\/site\/\",\"name\":\"FOOTBALL CLUB GUEUGNON\",\"description\":\"Le Site Officiel des Forgerons\",\"publisher\":{\"@id\":\"https:\/\/www.fcgueugnon.fr\/site\/#organization\"},\"potentialAction\":[{\"@type\":\"SearchAction\",\"target\":{\"@type\":\"EntryPoint\",\"urlTemplate\":\"https:\/\/www.fcgueugnon.fr\/site\/?s={search_term_string}\"},\"query-input\":{\"@type\":\"PropertyValueSpecification\",\"valueRequired\":true,\"valueName\":\"search_term_string\"}}],\"inLanguage\":\"fr-FR\"},{\"@type\":\"Organization\",\"@id\":\"https:\/\/www.fcgueugnon.fr\/site\/#organization\",\"name\":\"FC Gueugnon\",\"url\":\"https:\/\/www.fcgueugnon.fr\/site\/\",\"logo\":{\"@type\":\"ImageObject\",\"inLanguage\":\"fr-FR\",\"@id\":\"https:\/\/www.fcgueugnon.fr\/site\/#\/schema\/logo\/image\/\",\"url\":\"https:\/\/www.fcgueugnon.fr\/site\/wp-content\/uploads\/2022\/07\/cropped-Logo-FCGUEUGNON-low-350x350-1.png\",\"contentUrl\":\"https:\/\/www.fcgueugnon.fr\/site\/wp-content\/uploads\/2022\/07\/cropped-Logo-FCGUEUGNON-low-350x350-1.png\",\"width\":350,\"height\":350,\"caption\":\"FC Gueugnon\"},\"image\":{\"@id\":\"https:\/\/www.fcgueugnon.fr\/site\/#\/schema\/logo\/image\/\"},\"sameAs\":[\"http:\/\/facebook.com\/FCGueugnon\",\"https:\/\/x.com\/FCGueugnon_off\",\"https:\/\/www.instagram.com\/fcgueugnon\/\",\"https:\/\/www.linkedin.com\/company\/football-club-de-gueugnon\/\",\"https:\/\/www.youtube.com\/user\/FCGueugnonnais\",\"https:\/\/fr.wikipedia.org\/wiki\/Football_Club_de_Gueugnon\"]},{\"@type\":\"Person\",\"@id\":\"https:\/\/www.fcgueugnon.fr\/site\/#\/schema\/person\/6b88acb9354d23e86675fc81c54ed359\",\"name\":\"FC Gueugnon\",\"url\":\"https:\/\/www.fcgueugnon.fr\/site\/author\/man-antu\"}]}<\/script>\n<!-- \/ Yoast SEO plugin. -->","yoast_head_json":{"title":"[Agenda] R\u00e9sultats du week-end du 09 et 10 septembre 2023 &#8226; FOOTBALL CLUB GUEUGNON","robots":{"index":"index","follow":"follow","max-snippet":"max-snippet:-1","max-image-preview":"max-image-preview:large","max-video-preview":"max-video-preview:-1"},"canonical":"https:\/\/www.fcgueugnon.fr\/site\/agenda-resultats-du-week-end-du-09-et-10-septembre-2023\/6191","og_locale":"fr_FR","og_type":"article","og_title":"[Agenda] R\u00e9sultats du week-end du 09 et 10 septembre 2023 &#8226; FOOTBALL CLUB GUEUGNON","og_description":"Retrouvez les r\u00e9sultats de nos forgerons ce week-end : S\u00e9niors Groupe N3 \u2013 N3 J03 \u2611Samedi 09\/09 &#8211; 18h00 FC Gueugnon \/ CA Pontarlier : 1-2 Groupe Espoirs \u2013 R1 J02 \u2705Dimanche 10\/09 &#8211; 15h00FC Gueugnon \/ AJ Auxerre C : 5-1 Sport E.Leclerc Acad\u00e9mie U18 \u2013 R1 J02 \u2611Dimanche 10\/09 &#8211; 15h00UF M\u00e2connais \/ ... Lire la suite","og_url":"https:\/\/www.fcgueugnon.fr\/site\/agenda-resultats-du-week-end-du-09-et-10-septembre-2023\/6191","og_site_name":"FOOTBALL CLUB GUEUGNON","article_publisher":"http:\/\/facebook.com\/FCGueugnon","article_published_time":"2023-09-11T09:25:11+00:00","article_modified_time":"2023-10-23T07:32:37+00:00","og_image":[{"width":1564,"height":880,"url":"https:\/\/www.fcgueugnon.fr\/site\/wp-content\/uploads\/2023\/09\/resultats-visu.png","type":"image\/png"}],"author":"FC Gueugnon","twitter_card":"summary_large_image","twitter_creator":"@FCGueugnon_off","twitter_site":"@FCGueugnon_off","twitter_misc":{"\u00c9crit par":"FC Gueugnon","Dur\u00e9e de lecture estim\u00e9e":"3 minutes"},"schema":{"@context":"https:\/\/schema.org","@graph":[{"@type":"Article","@id":"https:\/\/www.fcgueugnon.fr\/site\/agenda-resultats-du-week-end-du-09-et-10-septembre-2023\/6191#article","isPartOf":{"@id":"https:\/\/www.fcgueugnon.fr\/site\/agenda-resultats-du-week-end-du-09-et-10-septembre-2023\/6191"},"author":{"name":"FC Gueugnon","@id":"https:\/\/www.fcgueugnon.fr\/site\/#\/schema\/person\/6b88acb9354d23e86675fc81c54ed359"},"headline":"[Agenda] R\u00e9sultats du week-end du 09 et 10 septembre 2023","datePublished":"2023-09-11T09:25:11+00:00","dateModified":"2023-10-23T07:32:37+00:00","mainEntityOfPage":{"@id":"https:\/\/www.fcgueugnon.fr\/site\/agenda-resultats-du-week-end-du-09-et-10-septembre-2023\/6191"},"wordCount":227,"publisher":{"@id":"https:\/\/www.fcgueugnon.fr\/site\/#organization"},"image":{"@id":"https:\/\/www.fcgueugnon.fr\/site\/agenda-resultats-du-week-end-du-09-et-10-septembre-2023\/6191#primaryimage"},"thumbnailUrl":"https:\/\/www.fcgueugnon.fr\/site\/wp-content\/uploads\/2023\/09\/resultats-visu.png","keywords":["Agenda","Sport E.Leclerc Acad\u00e9mie : Jeunes \/ Formation"],"articleSection":["News","News 2023\/2024"],"inLanguage":"fr-FR"},{"@type":"WebPage","@id":"https:\/\/www.fcgueugnon.fr\/site\/agenda-resultats-du-week-end-du-09-et-10-septembre-2023\/6191","url":"https:\/\/www.fcgueugnon.fr\/site\/agenda-resultats-du-week-end-du-09-et-10-septembre-2023\/6191","name":"[Agenda] R\u00e9sultats du week-end du 09 et 10 septembre 2023 &#8226; FOOTBALL CLUB GUEUGNON","isPartOf":{"@id":"https:\/\/www.fcgueugnon.fr\/site\/#website"},"primaryImageOfPage":{"@id":"https:\/\/www.fcgueugnon.fr\/site\/agenda-resultats-du-week-end-du-09-et-10-septembre-2023\/6191#primaryimage"},"image":{"@id":"https:\/\/www.fcgueugnon.fr\/site\/agenda-resultats-du-week-end-du-09-et-10-septembre-2023\/6191#primaryimage"},"thumbnailUrl":"https:\/\/www.fcgueugnon.fr\/site\/wp-content\/uploads\/2023\/09\/resultats-visu.png","datePublished":"2023-09-11T09:25:11+00:00","dateModified":"2023-10-23T07:32:37+00:00","breadcrumb":{"@id":"https:\/\/www.fcgueugnon.fr\/site\/agenda-resultats-du-week-end-du-09-et-10-septembre-2023\/6191#breadcrumb"},"inLanguage":"fr-FR","potentialAction":[{"@type":"ReadAction","target":["https:\/\/www.fcgueugnon.fr\/site\/agenda-resultats-du-week-end-du-09-et-10-septembre-2023\/6191"]}]},{"@type":"ImageObject","inLanguage":"fr-FR","@id":"https:\/\/www.fcgueugnon.fr\/site\/agenda-resultats-du-week-end-du-09-et-10-septembre-2023\/6191#primaryimage","url":"https:\/\/www.fcgueugnon.fr\/site\/wp-content\/uploads\/2023\/09\/resultats-visu.png","contentUrl":"https:\/\/www.fcgueugnon.fr\/site\/wp-content\/uploads\/2023\/09\/resultats-visu.png","width":1564,"height":880},{"@type":"BreadcrumbList","@id":"https:\/\/www.fcgueugnon.fr\/site\/agenda-resultats-du-week-end-du-09-et-10-septembre-2023\/6191#breadcrumb","itemListElement":[{"@type":"ListItem","position":1,"name":"Accueil","item":"https:\/\/www.fcgueugnon.fr\/site\/"},{"@type":"ListItem","position":2,"name":"[Agenda] R\u00e9sultats du week-end du 09 et 10 septembre 2023"}]},{"@type":"WebSite","@id":"https:\/\/www.fcgueugnon.fr\/site\/#website","url":"https:\/\/www.fcgueugnon.fr\/site\/","name":"FOOTBALL CLUB GUEUGNON","description":"Le Site Officiel des Forgerons","publisher":{"@id":"https:\/\/www.fcgueugnon.fr\/site\/#organization"},"potentialAction":[{"@type":"SearchAction","target":{"@type":"EntryPoint","urlTemplate":"https:\/\/www.fcgueugnon.fr\/site\/?s={search_term_string}"},"query-input":{"@type":"PropertyValueSpecification","valueRequired":true,"valueName":"search_term_string"}}],"inLanguage":"fr-FR"},{"@type":"Organization","@id":"https:\/\/www.fcgueugnon.fr\/site\/#organization","name":"FC Gueugnon","url":"https:\/\/www.fcgueugnon.fr\/site\/","logo":{"@type":"ImageObject","inLanguage":"fr-FR","@id":"https:\/\/www.fcgueugnon.fr\/site\/#\/schema\/logo\/image\/","url":"https:\/\/www.fcgueugnon.fr\/site\/wp-content\/uploads\/2022\/07\/cropped-Logo-FCGUEUGNON-low-350x350-1.png","contentUrl":"https:\/\/www.fcgueugnon.fr\/site\/wp-content\/uploads\/2022\/07\/cropped-Logo-FCGUEUGNON-low-350x350-1.png","width":350,"height":350,"caption":"FC Gueugnon"},"image":{"@id":"https:\/\/www.fcgueugnon.fr\/site\/#\/schema\/logo\/image\/"},"sameAs":["http:\/\/facebook.com\/FCGueugnon","https:\/\/x.com\/FCGueugnon_off","https:\/\/www.instagram.com\/fcgueugnon\/","https:\/\/www.linkedin.com\/company\/football-club-de-gueugnon\/","https:\/\/www.youtube.com\/user\/FCGueugnonnais","https:\/\/fr.wikipedia.org\/wiki\/Football_Club_de_Gueugnon"]},{"@type":"Person","@id":"https:\/\/www.fcgueugnon.fr\/site\/#\/schema\/person\/6b88acb9354d23e86675fc81c54ed359","name":"FC Gueugnon","url":"https:\/\/www.fcgueugnon.fr\/site\/author\/man-antu"}]}},"rttpg_featured_image_url":{"full":["https:\/\/www.fcgueugnon.fr\/site\/wp-content\/uploads\/2023\/09\/resultats-visu.png",1564,880,false],"landscape":["https:\/\/www.fcgueugnon.fr\/site\/wp-content\/uploads\/2023\/09\/resultats-visu.png",1564,880,false],"portraits":["https:\/\/www.fcgueugnon.fr\/site\/wp-content\/uploads\/2023\/09\/resultats-visu.png",1564,880,false],"thumbnail":["https:\/\/www.fcgueugnon.fr\/site\/wp-content\/uploads\/2023\/09\/resultats-visu-150x150.png",150,150,true],"medium":["https:\/\/www.fcgueugnon.fr\/site\/wp-content\/uploads\/2023\/09\/resultats-visu-400x225.png",400,225,true],"large":["https:\/\/www.fcgueugnon.fr\/site\/wp-content\/uploads\/2023\/09\/resultats-visu-1024x576.png",1024,576,true],"1536x1536":["https:\/\/www.fcgueugnon.fr\/site\/wp-content\/uploads\/2023\/09\/resultats-visu-1536x864.png",1536,864,true],"2048x2048":["https:\/\/www.fcgueugnon.fr\/site\/wp-content\/uploads\/2023\/09\/resultats-visu.png",1564,880,false]},"rttpg_author":{"display_name":"FC Gueugnon","author_link":"https:\/\/www.fcgueugnon.fr\/site\/author\/man-antu"},"rttpg_comment":0,"rttpg_category":"<a href=\"https:\/\/www.fcgueugnon.fr\/site\/category\/news\" rel=\"category tag\">News<\/a> <a href=\"https:\/\/www.fcgueugnon.fr\/site\/category\/news\/news-2023-2024\" rel=\"category tag\">News 2023\/2024<\/a>","rttpg_excerpt":"Retrouvez les r\u00e9sultats de nos forgerons ce week-end : S\u00e9niors Groupe N3 \u2013 N3 J03 \u2611Samedi 09\/09 &#8211; 18h00 FC Gueugnon \/ CA Pontarlier : 1-2 Groupe Espoirs \u2013 R1 J02 \u2705Dimanche 10\/09 &#8211; 15h00FC Gueugnon \/ AJ Auxerre C : 5-1 Sport E.Leclerc Acad\u00e9mie U18 \u2013 R1 J02 \u2611Dimanche 10\/09 &#8211; 15h00UF M\u00e2connais \/\u2026","_links":{"self":[{"href":"https:\/\/www.fcgueugnon.fr\/site\/wp-json\/wp\/v2\/posts\/6191","targetHints":{"allow":["GET"]}}],"collection":[{"href":"https:\/\/www.fcgueugnon.fr\/site\/wp-json\/wp\/v2\/posts"}],"about":[{"href":"https:\/\/www.fcgueugnon.fr\/site\/wp-json\/wp\/v2\/types\/post"}],"author":[{"embeddable":true,"href":"https:\/\/www.fcgueugnon.fr\/site\/wp-json\/wp\/v2\/users\/4"}],"replies":[{"embeddable":true,"href":"https:\/\/www.fcgueugnon.fr\/site\/wp-json\/wp\/v2\/comments?post=6191"}],"version-history":[{"count":5,"href":"https:\/\/www.fcgueugnon.fr\/site\/wp-json\/wp\/v2\/posts\/6191\/revisions"}],"predecessor-version":[{"id":6231,"href":"https:\/\/www.fcgueugnon.fr\/site\/wp-json\/wp\/v2\/posts\/6191\/revisions\/6231"}],"wp:featuredmedia":[{"embeddable":true,"href":"https:\/\/www.fcgueugnon.fr\/site\/wp-json\/wp\/v2\/media\/6061"}],"wp:attachment":[{"href":"https:\/\/www.fcgueugnon.fr\/site\/wp-json\/wp\/v2\/media?parent=6191"}],"wp:term":[{"taxonomy":"category","embeddable":true,"href":"https:\/\/www.fcgueugnon.fr\/site\/wp-json\/wp\/v2\/categories?post=6191"},{"taxonomy":"post_tag","embeddable":true,"href":"https:\/\/www.fcgueugnon.fr\/site\/wp-json\/wp\/v2\/tags?post=6191"}],"curies":[{"name":"wp","href":"https:\/\/api.w.org\/{rel}","templated":true}]}}