{"id":6063,"date":"2023-09-04T12:00:00","date_gmt":"2023-09-04T10:00:00","guid":{"rendered":"https:\/\/www.fcgueugnon.fr\/site\/?p=6063"},"modified":"2024-02-21T21:43:19","modified_gmt":"2024-02-21T20:43:19","slug":"n3-j02-gfa-rumilly-vallieres-fc-gueugnon-resultat-reactions-et-resume","status":"publish","type":"post","link":"https:\/\/www.fcgueugnon.fr\/site\/n3-j02-gfa-rumilly-vallieres-fc-gueugnon-resultat-reactions-et-resume\/6063","title":{"rendered":"[N3 J02 : GFA Rumilly Valli\u00e8res \u2013 FC Gueugnon] R\u00e9sultat, r\u00e9actions et r\u00e9sum\u00e9"},"content":{"rendered":"\n<h2 class=\"wp-block-heading\"><strong>Face au GFA Rumilly Valli\u00e8res, les forgerons r\u00e9cup\u00e8rent un point pr\u00e9cieux dans ce d\u00e9but de saison !<\/strong><\/h2>\n\n\n\n<div style=\"height:30px\" aria-hidden=\"true\" class=\"wp-block-spacer\"><\/div>\n\n\n\n<div aria-label=\"Offset Gallery\" class=\"wp-block-coblocks-gallery-offset alignwide\"><ul class=\"coblocks-gallery has-caption-style-dark has-medium-images has-small-gutter\"><li class=\"coblocks-gallery--item\"><figure class=\"wp-block-coblocks-gallery-offset__figure\"><img loading=\"lazy\" decoding=\"async\" width=\"1024\" height=\"683\" src=\"https:\/\/www.fcgueugnon.fr\/site\/wp-content\/uploads\/2023\/09\/2023-09-02-GFA-1-1-FC-Gueugnon-JPG-1-168-2-1024x683.jpg\" alt=\"\" data-id=\"6081\" data-imglink=\"\" class=\"wp-image-6081\" srcset=\"https:\/\/www.fcgueugnon.fr\/site\/wp-content\/uploads\/2023\/09\/2023-09-02-GFA-1-1-FC-Gueugnon-JPG-1-168-2-1024x683.jpg 1024w, https:\/\/www.fcgueugnon.fr\/site\/wp-content\/uploads\/2023\/09\/2023-09-02-GFA-1-1-FC-Gueugnon-JPG-1-168-2-400x267.jpg 400w, https:\/\/www.fcgueugnon.fr\/site\/wp-content\/uploads\/2023\/09\/2023-09-02-GFA-1-1-FC-Gueugnon-JPG-1-168-2-768x512.jpg 768w, https:\/\/www.fcgueugnon.fr\/site\/wp-content\/uploads\/2023\/09\/2023-09-02-GFA-1-1-FC-Gueugnon-JPG-1-168-2-1536x1024.jpg 1536w, https:\/\/www.fcgueugnon.fr\/site\/wp-content\/uploads\/2023\/09\/2023-09-02-GFA-1-1-FC-Gueugnon-JPG-1-168-2-2048x1365.jpg 2048w, https:\/\/www.fcgueugnon.fr\/site\/wp-content\/uploads\/2023\/09\/2023-09-02-GFA-1-1-FC-Gueugnon-JPG-1-168-2-1320x880.jpg 1320w, https:\/\/www.fcgueugnon.fr\/site\/wp-content\/uploads\/2023\/09\/2023-09-02-GFA-1-1-FC-Gueugnon-JPG-1-168-2-600x400.jpg 600w\" sizes=\"auto, (max-width: 1024px) 100vw, 1024px\" \/><\/figure><\/li><li class=\"coblocks-gallery--item\"><figure class=\"wp-block-coblocks-gallery-offset__figure\"><img loading=\"lazy\" decoding=\"async\" width=\"1024\" height=\"683\" src=\"https:\/\/www.fcgueugnon.fr\/site\/wp-content\/uploads\/2023\/09\/2023-09-02-GFA-1-1-FC-Gueugnon-JPG-1-100-2-1024x683.jpg\" alt=\"\" data-id=\"6080\" data-imglink=\"\" class=\"wp-image-6080\" srcset=\"https:\/\/www.fcgueugnon.fr\/site\/wp-content\/uploads\/2023\/09\/2023-09-02-GFA-1-1-FC-Gueugnon-JPG-1-100-2-1024x683.jpg 1024w, https:\/\/www.fcgueugnon.fr\/site\/wp-content\/uploads\/2023\/09\/2023-09-02-GFA-1-1-FC-Gueugnon-JPG-1-100-2-400x267.jpg 400w, https:\/\/www.fcgueugnon.fr\/site\/wp-content\/uploads\/2023\/09\/2023-09-02-GFA-1-1-FC-Gueugnon-JPG-1-100-2-768x512.jpg 768w, https:\/\/www.fcgueugnon.fr\/site\/wp-content\/uploads\/2023\/09\/2023-09-02-GFA-1-1-FC-Gueugnon-JPG-1-100-2-1536x1024.jpg 1536w, https:\/\/www.fcgueugnon.fr\/site\/wp-content\/uploads\/2023\/09\/2023-09-02-GFA-1-1-FC-Gueugnon-JPG-1-100-2-2048x1365.jpg 2048w, https:\/\/www.fcgueugnon.fr\/site\/wp-content\/uploads\/2023\/09\/2023-09-02-GFA-1-1-FC-Gueugnon-JPG-1-100-2-1320x880.jpg 1320w, https:\/\/www.fcgueugnon.fr\/site\/wp-content\/uploads\/2023\/09\/2023-09-02-GFA-1-1-FC-Gueugnon-JPG-1-100-2-600x400.jpg 600w\" sizes=\"auto, (max-width: 1024px) 100vw, 1024px\" \/><\/figure><\/li><li class=\"coblocks-gallery--item\"><figure class=\"wp-block-coblocks-gallery-offset__figure\"><img loading=\"lazy\" decoding=\"async\" width=\"1024\" height=\"683\" src=\"https:\/\/www.fcgueugnon.fr\/site\/wp-content\/uploads\/2023\/09\/2023-09-02-GFA-1-1-FC-Gueugnon-JPG-1-232-2-1024x683.jpg\" alt=\"\" data-id=\"6079\" data-imglink=\"\" class=\"wp-image-6079\" srcset=\"https:\/\/www.fcgueugnon.fr\/site\/wp-content\/uploads\/2023\/09\/2023-09-02-GFA-1-1-FC-Gueugnon-JPG-1-232-2-1024x683.jpg 1024w, https:\/\/www.fcgueugnon.fr\/site\/wp-content\/uploads\/2023\/09\/2023-09-02-GFA-1-1-FC-Gueugnon-JPG-1-232-2-400x267.jpg 400w, https:\/\/www.fcgueugnon.fr\/site\/wp-content\/uploads\/2023\/09\/2023-09-02-GFA-1-1-FC-Gueugnon-JPG-1-232-2-768x512.jpg 768w, https:\/\/www.fcgueugnon.fr\/site\/wp-content\/uploads\/2023\/09\/2023-09-02-GFA-1-1-FC-Gueugnon-JPG-1-232-2-1536x1024.jpg 1536w, https:\/\/www.fcgueugnon.fr\/site\/wp-content\/uploads\/2023\/09\/2023-09-02-GFA-1-1-FC-Gueugnon-JPG-1-232-2-2048x1365.jpg 2048w, https:\/\/www.fcgueugnon.fr\/site\/wp-content\/uploads\/2023\/09\/2023-09-02-GFA-1-1-FC-Gueugnon-JPG-1-232-2-1320x880.jpg 1320w, https:\/\/www.fcgueugnon.fr\/site\/wp-content\/uploads\/2023\/09\/2023-09-02-GFA-1-1-FC-Gueugnon-JPG-1-232-2-600x400.jpg 600w\" sizes=\"auto, (max-width: 1024px) 100vw, 1024px\" \/><\/figure><\/li><li class=\"coblocks-gallery--item\"><figure class=\"wp-block-coblocks-gallery-offset__figure\"><img loading=\"lazy\" decoding=\"async\" width=\"1024\" height=\"683\" src=\"https:\/\/www.fcgueugnon.fr\/site\/wp-content\/uploads\/2023\/09\/2023-09-02-GFA-1-1-FC-Gueugnon-JPG-1-68-2-1024x683.jpg\" alt=\"\" data-id=\"6082\" data-imglink=\"\" class=\"wp-image-6082\" srcset=\"https:\/\/www.fcgueugnon.fr\/site\/wp-content\/uploads\/2023\/09\/2023-09-02-GFA-1-1-FC-Gueugnon-JPG-1-68-2-1024x683.jpg 1024w, https:\/\/www.fcgueugnon.fr\/site\/wp-content\/uploads\/2023\/09\/2023-09-02-GFA-1-1-FC-Gueugnon-JPG-1-68-2-400x267.jpg 400w, https:\/\/www.fcgueugnon.fr\/site\/wp-content\/uploads\/2023\/09\/2023-09-02-GFA-1-1-FC-Gueugnon-JPG-1-68-2-768x512.jpg 768w, https:\/\/www.fcgueugnon.fr\/site\/wp-content\/uploads\/2023\/09\/2023-09-02-GFA-1-1-FC-Gueugnon-JPG-1-68-2-1536x1024.jpg 1536w, https:\/\/www.fcgueugnon.fr\/site\/wp-content\/uploads\/2023\/09\/2023-09-02-GFA-1-1-FC-Gueugnon-JPG-1-68-2-2048x1365.jpg 2048w, https:\/\/www.fcgueugnon.fr\/site\/wp-content\/uploads\/2023\/09\/2023-09-02-GFA-1-1-FC-Gueugnon-JPG-1-68-2-1320x880.jpg 1320w, https:\/\/www.fcgueugnon.fr\/site\/wp-content\/uploads\/2023\/09\/2023-09-02-GFA-1-1-FC-Gueugnon-JPG-1-68-2-600x400.jpg 600w\" sizes=\"auto, (max-width: 1024px) 100vw, 1024px\" \/><\/figure><\/li><\/ul><\/div>\n\n\n\n<p class=\"has-text-align-center has-small-font-size\"><em>cr\u00e9dit photos : Ride, Race and photography<\/em><\/p>\n\n\n\n<div style=\"height:57px\" aria-hidden=\"true\" class=\"wp-block-spacer\"><\/div>\n\n\n\n<p>Apr\u00e8s leur victoire face au <strong>DFCO B<\/strong> lors de la premi\u00e8re journ\u00e9e de championnat, nos forgerons ont pris la route de <strong>Rumilly<\/strong> pour leur deuxi\u00e8me match ce samedi. Ils \u00e9taient confront\u00e9s au <strong>GFA Rumilly Valli\u00e8res<\/strong>, une \u00e9quipe consid\u00e9r\u00e9e parmi les favoris de cette comp\u00e9tition. <\/p>\n\n\n\n<p>D\u00e8s le d\u00e9but du match, <strong>Rumilly Valli\u00e8res<\/strong> a montr\u00e9 sa d\u00e9termination en exer\u00e7ant une pression constante sur la d\u00e9fense de <strong>Gueugnon<\/strong>. Les locaux ont obtenu un premier coup franc \u00e0 la 12e minute, d\u00e9tourn\u00e9 par notre gardien<strong> Njock.<\/strong> Malgr\u00e9 la domination du <strong>GFA 74<\/strong>, nos jaunes et bleu ouvrent le score \u00e0 la 15e minute (0-1) avec un but de <strong>Gnahor\u00e9,<\/strong> qui converti une belle passe d\u00e9cisive de <strong>Miezi<\/strong>. \u00c0 la fin de cette premi\u00e8re p\u00e9riode, <strong>Gueugnon<\/strong> a su se montrer r\u00e9aliste et prendre l&rsquo;avantage au score.&nbsp;<\/p>\n\n\n\n<p>Au retour des vestiaires, les deux \u00e9quipes restent inchang\u00e9es. <strong>Rumilly Valli\u00e8res<\/strong> pousse dans cette deuxi\u00e8me p\u00e9riode pour \u00e9galiser. Apr\u00e8s plusieurs occasions, notamment un coup franc capt\u00e9 par <strong>Njock<\/strong> \u00e0 la 24e minute, les locaux ont finalement trouv\u00e9 le chemin des filets \u00e0 la 88e minute (1-1) . Malgr\u00e9 les efforts des deux c\u00f4t\u00e9s, le temps r\u00e9glementaire se termine sur un match nul.<\/p>\n\n\n\n<p>Le match se termine sur un score de parit\u00e9, 1-1, apr\u00e8s une belle r\u00e9sistance du <strong>FC Gueugnon<\/strong> face au <strong>GFA Rumilly Valli\u00e8res<\/strong>. Les deux \u00e9quipes ont montr\u00e9 de la d\u00e9termination et de la qualit\u00e9 dans leur jeu, mais elles n&rsquo;ont pas r\u00e9ussi \u00e0 se d\u00e9partager. Le prochain adversaire du<strong> FC Gueugnon<\/strong> sera le <strong>CA Pontarlier<\/strong>, samedi 9 septembre au <strong>stade Jean Laville<\/strong>.<\/p>\n\n\n\n<div style=\"height:100px\" aria-hidden=\"true\" class=\"wp-block-spacer\"><\/div>\n\n\n\n<div style=\"height:37px\" aria-hidden=\"true\" class=\"wp-block-spacer\"><\/div>\n\n\n\n<h2 class=\"wp-block-heading\">R\u00e9action<\/h2>\n\n\n\n<div class=\"wp-block-media-text has-media-on-the-right is-stacked-on-mobile is-image-fill\" style=\"grid-template-columns:auto 49%\"><div class=\"wp-block-media-text__content\">\n<p><strong>St\u00e9phane Bernard, entra\u00eeneur adjoint :<\/strong><\/p>\n\n\n\n<p><em>\u00ab Aujourd&rsquo;hui, prendre un point ici c&rsquo;est un tr\u00e8s bon r\u00e9sultat. Apr\u00e8s les 2 matchs contre Dijon et Rumilly, on aurait tous signer pour prendre 4 points, donc il faut retenir le positif m\u00eame s&rsquo;il reste des choses \u00e0 am\u00e9liorer. On sent qu&rsquo;il y a un groupe qui a envie de travailler et d&rsquo;\u00eatre performant et \u00e7a c&rsquo;est positif.\u00bb<\/em><\/p>\n\n\n\n<div style=\"height:10px\" aria-hidden=\"true\" class=\"wp-block-spacer\"><\/div>\n\n\n\n<p><em><sub>R\u00e9actions compl\u00e8tes \u00e0 retrouver ce mercredi \u00e0 10:15 et \u00e0 18:30 en direct sur Radio Cactus (FM 92.2) et jeudi en podcast sur notre site officiel !<\/sub><\/em><\/p>\n<\/div><figure class=\"wp-block-media-text__media\" style=\"background-image:url(https:\/\/www.fcgueugnon.fr\/site\/wp-content\/uploads\/2023\/09\/SB-1024x683.jpg);background-position:50% 50%\"><img loading=\"lazy\" decoding=\"async\" width=\"1024\" height=\"683\" src=\"https:\/\/www.fcgueugnon.fr\/site\/wp-content\/uploads\/2023\/09\/SB-1024x683.jpg\" alt=\"\" class=\"wp-image-6097 size-full\" srcset=\"https:\/\/www.fcgueugnon.fr\/site\/wp-content\/uploads\/2023\/09\/SB-1024x683.jpg 1024w, https:\/\/www.fcgueugnon.fr\/site\/wp-content\/uploads\/2023\/09\/SB-400x267.jpg 400w, https:\/\/www.fcgueugnon.fr\/site\/wp-content\/uploads\/2023\/09\/SB-768x512.jpg 768w, https:\/\/www.fcgueugnon.fr\/site\/wp-content\/uploads\/2023\/09\/SB-1536x1024.jpg 1536w, https:\/\/www.fcgueugnon.fr\/site\/wp-content\/uploads\/2023\/09\/SB-2048x1365.jpg 2048w, https:\/\/www.fcgueugnon.fr\/site\/wp-content\/uploads\/2023\/09\/SB-1320x880.jpg 1320w, https:\/\/www.fcgueugnon.fr\/site\/wp-content\/uploads\/2023\/09\/SB-600x400.jpg 600w\" sizes=\"auto, (max-width: 1024px) 100vw, 1024px\" \/><\/figure><\/div>\n\n\n\n<div style=\"height:40px\" aria-hidden=\"true\" class=\"wp-block-spacer\"><\/div>\n\n\n\n<hr class=\"wp-block-separator has-text-color has-css-opacity has-background\" style=\"background-color:#f7db4a;color:#f7db4a\"\/>\n\n\n\n<h3 class=\"wp-block-heading has-text-align-center\"><strong>\u2139 Prochains matchs : <\/strong><br>&#8211; Samedi 09\/09 \u00e0 17h00 : FC Gueugnon \/ CA Pontarlier <br>&#8211; Samedi 23\/09 : FC Gueugnon \/ AS La Chapelle Guinchay<\/h3>\n\n\n\n<hr class=\"wp-block-separator has-text-color has-css-opacity has-background\" style=\"background-color:#f7db4a;color:#f7db4a\"\/>\n\n\n\n<h3 class=\"wp-block-heading\">\u26bd <strong>Score final<\/strong><\/h3>\n\n\n\n<p><strong>Au Stade Des Grangettes 1<\/strong><br>GFA Rumilly Valli\u00e8res 1-1 FC Gueugnon<br>Buts : FC Gueugnon : Erwin Gnahor\u00e9 (15&prime;)<\/p>\n\n\n\n<p><strong>Officiels<\/strong><br>Arbitre centre : WILLIAM LAPLAGNE<br>Arbitre assistant 1 : TAMER MAKINE<br>Arbitre assistant 2 : IVAN ADOBATI<br>D\u00e9l\u00e9gu\u00e9 principal : CHRISTIAN PERRISSIN<\/p>\n\n\n\n<div style=\"height:20px\" aria-hidden=\"true\" class=\"wp-block-spacer\"><\/div>\n\n\n\n<p>\ud83d\udfe1\ud83d\udd35&nbsp;<strong>Composition d\u2019\u00e9quipe<\/strong><\/p>\n\n\n\n<p>Njock, Mambo, Chauvet, Fahrasmane, Ciss\u00e9, Mohamed, Luanda, Gnahor\u00e9, Miezi Kembolo, Clerval, BouekouRempla\u00e7ants : Diallo, Dram\u00e9, Ramdane, Helal, Diomand\u00e9.<br>Entra\u00eeneur : Philippe Correia \/ Adjoint : Bakeba Bayo.<\/p>\n\n\n\n<div style=\"height:38px\" aria-hidden=\"true\" class=\"wp-block-spacer\"><\/div>\n\n\n\n<h3 class=\"wp-block-heading\">\ud83d\udd0d <strong>Plus d&rsquo;articles <\/strong><\/h3>\n\n\n\n<blockquote class=\"wp-block-quote is-layout-flow wp-block-quote-is-layout-flow\">\n<p><span style=\"line-height: 1.5;\">\u25ba <\/span><a href=\"https:\/\/www.fcgueugnon.fr\/site\/n3-j02-gfa-rumilly-vallieres-fc-gueugnon-suivez-le-match-en-live\/6040\"><span style=\"line-height: 1.5;\">Revivre le li<\/span>ve<\/a><\/p>\n<\/blockquote>\n\n\n\n<div style=\"height:38px\" aria-hidden=\"true\" class=\"wp-block-spacer\"><\/div>\n\n\n\n<h3 class=\"wp-block-heading\">\ud83d\uddd3&nbsp;<strong>La 2\u00e8me journ\u00e9e de N3<\/strong><\/h3>\n\n\n\n<p>Samedi 02 septembre<br>17:00 : GFA Rumilly Valli\u00e8res &#8211; FC Gueugnon : 1-1<br>18:00 : Dijon FCO B &#8211; FC Sochaux Montb. B : 6-1<br>18:00 : FC Vesoul &#8211; ASPTT Dijon : 1-2<br>18:00 : Jura Dolois Foot &#8211; Is Selongey : 2-3<br>18:00 : USC Cosne &#8211; FC Louhans Cuiseaux : 0-2<br>18:00 : CA Pontarlier &#8211; AS la Chapelle de Guinchay : 1-1<\/p>\n\n\n\n<p>Dimanche 03 septembre <br>18:30 : Moulins Yzeure Foot &#8211; Besan\u00e7on Foot : 1-0<\/p>\n\n\n\n<p>\u25ba <a href=\"https:\/\/www.fcgueugnon.fr\/site\/calendrier-seniors-a-national-3-bourgogne-franche-comte\">Calendrier<\/a><\/p>\n\n\n\n<p>\u25ba <a href=\"https:\/\/www.fcgueugnon.fr\/site\/classement-national-3-bourgogne-franche-comte\">Classement<\/a><\/p>\n","protected":false},"excerpt":{"rendered":"<p>Face au GFA Rumilly Valli\u00e8res, les forgerons r\u00e9cup\u00e8rent un point pr\u00e9cieux dans ce d\u00e9but de saison ! cr\u00e9dit photos : Ride, Race and photography Apr\u00e8s leur victoire face au DFCO B lors de la premi\u00e8re journ\u00e9e de championnat, nos forgerons ont pris la route de Rumilly pour leur deuxi\u00e8me match ce samedi. Ils \u00e9taient confront\u00e9s &#8230; <\/p>\n<p class=\"read-more-container\"><a title=\"[N3 J02 : GFA Rumilly Valli\u00e8res \u2013 FC Gueugnon] R\u00e9sultat, r\u00e9actions et r\u00e9sum\u00e9\" class=\"read-more button\" href=\"https:\/\/www.fcgueugnon.fr\/site\/n3-j02-gfa-rumilly-vallieres-fc-gueugnon-resultat-reactions-et-resume\/6063#more-6063\" aria-label=\"Plus sur [N3 J02 : GFA Rumilly Valli\u00e8res \u2013 FC Gueugnon] R\u00e9sultat, r\u00e9actions et r\u00e9sum\u00e9\">Lire la suite<\/a><\/p>\n","protected":false},"author":4,"featured_media":6077,"comment_status":"closed","ping_status":"closed","sticky":true,"template":"","format":"standard","meta":{"footnotes":""},"categories":[4,55],"tags":[27,31],"class_list":["post-6063","post","type-post","status-publish","format-standard","has-post-thumbnail","hentry","category-news","category-news-2023-2024","tag-resultat","tag-video","infinite-scroll-item","generate-columns","tablet-grid-50","mobile-grid-100","grid-parent","grid-25"],"yoast_head":"<!-- This site is optimized with the Yoast SEO plugin v26.6 - https:\/\/yoast.com\/wordpress\/plugins\/seo\/ -->\n<title>[N3 J02 : GFA Rumilly Valli\u00e8res \u2013 FC Gueugnon] R\u00e9sultat, r\u00e9actions et r\u00e9sum\u00e9 &#8226; FOOTBALL CLUB GUEUGNON<\/title>\n<meta name=\"robots\" content=\"index, follow, max-snippet:-1, max-image-preview:large, max-video-preview:-1\" \/>\n<link rel=\"canonical\" href=\"https:\/\/www.fcgueugnon.fr\/site\/n3-j02-gfa-rumilly-vallieres-fc-gueugnon-resultat-reactions-et-resume\/6063\" \/>\n<meta property=\"og:locale\" content=\"fr_FR\" \/>\n<meta property=\"og:type\" content=\"article\" \/>\n<meta property=\"og:title\" content=\"[N3 J02 : GFA Rumilly Valli\u00e8res \u2013 FC Gueugnon] R\u00e9sultat, r\u00e9actions et r\u00e9sum\u00e9 &#8226; FOOTBALL CLUB GUEUGNON\" \/>\n<meta property=\"og:description\" content=\"Face au GFA Rumilly Valli\u00e8res, les forgerons r\u00e9cup\u00e8rent un point pr\u00e9cieux dans ce d\u00e9but de saison ! cr\u00e9dit photos : Ride, Race and photography Apr\u00e8s leur victoire face au DFCO B lors de la premi\u00e8re journ\u00e9e de championnat, nos forgerons ont pris la route de Rumilly pour leur deuxi\u00e8me match ce samedi. Ils \u00e9taient confront\u00e9s ... Lire la suite\" \/>\n<meta property=\"og:url\" content=\"https:\/\/www.fcgueugnon.fr\/site\/n3-j02-gfa-rumilly-vallieres-fc-gueugnon-resultat-reactions-et-resume\/6063\" \/>\n<meta property=\"og:site_name\" content=\"FOOTBALL CLUB GUEUGNON\" \/>\n<meta property=\"article:publisher\" content=\"http:\/\/facebook.com\/FCGueugnon\" \/>\n<meta property=\"article:published_time\" content=\"2023-09-04T10:00:00+00:00\" \/>\n<meta property=\"article:modified_time\" content=\"2024-02-21T20:43:19+00:00\" \/>\n<meta property=\"og:image\" content=\"https:\/\/www.fcgueugnon.fr\/site\/wp-content\/uploads\/2023\/09\/2023-09-02-GFA-1-1-FC-Gueugnon-JPG-1-68-1-scaled.jpg\" \/>\n\t<meta property=\"og:image:width\" content=\"2560\" \/>\n\t<meta property=\"og:image:height\" content=\"1707\" \/>\n\t<meta property=\"og:image:type\" content=\"image\/jpeg\" \/>\n<meta name=\"author\" content=\"FC Gueugnon\" \/>\n<meta name=\"twitter:card\" content=\"summary_large_image\" \/>\n<meta name=\"twitter:creator\" content=\"@FCGueugnon_off\" \/>\n<meta name=\"twitter:site\" content=\"@FCGueugnon_off\" \/>\n<meta name=\"twitter:label1\" content=\"\u00c9crit par\" \/>\n\t<meta name=\"twitter:data1\" content=\"FC Gueugnon\" \/>\n\t<meta name=\"twitter:label2\" content=\"Dur\u00e9e de lecture estim\u00e9e\" \/>\n\t<meta name=\"twitter:data2\" content=\"4 minutes\" \/>\n<script type=\"application\/ld+json\" class=\"yoast-schema-graph\">{\"@context\":\"https:\/\/schema.org\",\"@graph\":[{\"@type\":\"Article\",\"@id\":\"https:\/\/www.fcgueugnon.fr\/site\/n3-j02-gfa-rumilly-vallieres-fc-gueugnon-resultat-reactions-et-resume\/6063#article\",\"isPartOf\":{\"@id\":\"https:\/\/www.fcgueugnon.fr\/site\/n3-j02-gfa-rumilly-vallieres-fc-gueugnon-resultat-reactions-et-resume\/6063\"},\"author\":{\"name\":\"FC Gueugnon\",\"@id\":\"https:\/\/www.fcgueugnon.fr\/site\/#\/schema\/person\/6b88acb9354d23e86675fc81c54ed359\"},\"headline\":\"[N3 J02 : GFA Rumilly Valli\u00e8res \u2013 FC Gueugnon] R\u00e9sultat, r\u00e9actions et r\u00e9sum\u00e9\",\"datePublished\":\"2023-09-04T10:00:00+00:00\",\"dateModified\":\"2024-02-21T20:43:19+00:00\",\"mainEntityOfPage\":{\"@id\":\"https:\/\/www.fcgueugnon.fr\/site\/n3-j02-gfa-rumilly-vallieres-fc-gueugnon-resultat-reactions-et-resume\/6063\"},\"wordCount\":574,\"publisher\":{\"@id\":\"https:\/\/www.fcgueugnon.fr\/site\/#organization\"},\"image\":{\"@id\":\"https:\/\/www.fcgueugnon.fr\/site\/n3-j02-gfa-rumilly-vallieres-fc-gueugnon-resultat-reactions-et-resume\/6063#primaryimage\"},\"thumbnailUrl\":\"https:\/\/www.fcgueugnon.fr\/site\/wp-content\/uploads\/2023\/09\/2023-09-02-GFA-1-1-FC-Gueugnon-JPG-1-68-1-scaled.jpg\",\"keywords\":[\"R\u00e9sultat\",\"Vid\u00e9o\"],\"articleSection\":[\"News\",\"News 2023\/2024\"],\"inLanguage\":\"fr-FR\"},{\"@type\":\"WebPage\",\"@id\":\"https:\/\/www.fcgueugnon.fr\/site\/n3-j02-gfa-rumilly-vallieres-fc-gueugnon-resultat-reactions-et-resume\/6063\",\"url\":\"https:\/\/www.fcgueugnon.fr\/site\/n3-j02-gfa-rumilly-vallieres-fc-gueugnon-resultat-reactions-et-resume\/6063\",\"name\":\"[N3 J02 : GFA Rumilly Valli\u00e8res \u2013 FC Gueugnon] R\u00e9sultat, r\u00e9actions et r\u00e9sum\u00e9 &#8226; FOOTBALL CLUB GUEUGNON\",\"isPartOf\":{\"@id\":\"https:\/\/www.fcgueugnon.fr\/site\/#website\"},\"primaryImageOfPage\":{\"@id\":\"https:\/\/www.fcgueugnon.fr\/site\/n3-j02-gfa-rumilly-vallieres-fc-gueugnon-resultat-reactions-et-resume\/6063#primaryimage\"},\"image\":{\"@id\":\"https:\/\/www.fcgueugnon.fr\/site\/n3-j02-gfa-rumilly-vallieres-fc-gueugnon-resultat-reactions-et-resume\/6063#primaryimage\"},\"thumbnailUrl\":\"https:\/\/www.fcgueugnon.fr\/site\/wp-content\/uploads\/2023\/09\/2023-09-02-GFA-1-1-FC-Gueugnon-JPG-1-68-1-scaled.jpg\",\"datePublished\":\"2023-09-04T10:00:00+00:00\",\"dateModified\":\"2024-02-21T20:43:19+00:00\",\"breadcrumb\":{\"@id\":\"https:\/\/www.fcgueugnon.fr\/site\/n3-j02-gfa-rumilly-vallieres-fc-gueugnon-resultat-reactions-et-resume\/6063#breadcrumb\"},\"inLanguage\":\"fr-FR\",\"potentialAction\":[{\"@type\":\"ReadAction\",\"target\":[\"https:\/\/www.fcgueugnon.fr\/site\/n3-j02-gfa-rumilly-vallieres-fc-gueugnon-resultat-reactions-et-resume\/6063\"]}]},{\"@type\":\"ImageObject\",\"inLanguage\":\"fr-FR\",\"@id\":\"https:\/\/www.fcgueugnon.fr\/site\/n3-j02-gfa-rumilly-vallieres-fc-gueugnon-resultat-reactions-et-resume\/6063#primaryimage\",\"url\":\"https:\/\/www.fcgueugnon.fr\/site\/wp-content\/uploads\/2023\/09\/2023-09-02-GFA-1-1-FC-Gueugnon-JPG-1-68-1-scaled.jpg\",\"contentUrl\":\"https:\/\/www.fcgueugnon.fr\/site\/wp-content\/uploads\/2023\/09\/2023-09-02-GFA-1-1-FC-Gueugnon-JPG-1-68-1-scaled.jpg\",\"width\":2560,\"height\":1707},{\"@type\":\"BreadcrumbList\",\"@id\":\"https:\/\/www.fcgueugnon.fr\/site\/n3-j02-gfa-rumilly-vallieres-fc-gueugnon-resultat-reactions-et-resume\/6063#breadcrumb\",\"itemListElement\":[{\"@type\":\"ListItem\",\"position\":1,\"name\":\"Accueil\",\"item\":\"https:\/\/www.fcgueugnon.fr\/site\/\"},{\"@type\":\"ListItem\",\"position\":2,\"name\":\"[N3 J02 : GFA Rumilly Valli\u00e8res \u2013 FC Gueugnon] R\u00e9sultat, r\u00e9actions et r\u00e9sum\u00e9\"}]},{\"@type\":\"WebSite\",\"@id\":\"https:\/\/www.fcgueugnon.fr\/site\/#website\",\"url\":\"https:\/\/www.fcgueugnon.fr\/site\/\",\"name\":\"FOOTBALL CLUB GUEUGNON\",\"description\":\"Le Site Officiel des Forgerons\",\"publisher\":{\"@id\":\"https:\/\/www.fcgueugnon.fr\/site\/#organization\"},\"potentialAction\":[{\"@type\":\"SearchAction\",\"target\":{\"@type\":\"EntryPoint\",\"urlTemplate\":\"https:\/\/www.fcgueugnon.fr\/site\/?s={search_term_string}\"},\"query-input\":{\"@type\":\"PropertyValueSpecification\",\"valueRequired\":true,\"valueName\":\"search_term_string\"}}],\"inLanguage\":\"fr-FR\"},{\"@type\":\"Organization\",\"@id\":\"https:\/\/www.fcgueugnon.fr\/site\/#organization\",\"name\":\"FC Gueugnon\",\"url\":\"https:\/\/www.fcgueugnon.fr\/site\/\",\"logo\":{\"@type\":\"ImageObject\",\"inLanguage\":\"fr-FR\",\"@id\":\"https:\/\/www.fcgueugnon.fr\/site\/#\/schema\/logo\/image\/\",\"url\":\"https:\/\/www.fcgueugnon.fr\/site\/wp-content\/uploads\/2022\/07\/cropped-Logo-FCGUEUGNON-low-350x350-1.png\",\"contentUrl\":\"https:\/\/www.fcgueugnon.fr\/site\/wp-content\/uploads\/2022\/07\/cropped-Logo-FCGUEUGNON-low-350x350-1.png\",\"width\":350,\"height\":350,\"caption\":\"FC Gueugnon\"},\"image\":{\"@id\":\"https:\/\/www.fcgueugnon.fr\/site\/#\/schema\/logo\/image\/\"},\"sameAs\":[\"http:\/\/facebook.com\/FCGueugnon\",\"https:\/\/x.com\/FCGueugnon_off\",\"https:\/\/www.instagram.com\/fcgueugnon\/\",\"https:\/\/www.linkedin.com\/company\/football-club-de-gueugnon\/\",\"https:\/\/www.youtube.com\/user\/FCGueugnonnais\",\"https:\/\/fr.wikipedia.org\/wiki\/Football_Club_de_Gueugnon\"]},{\"@type\":\"Person\",\"@id\":\"https:\/\/www.fcgueugnon.fr\/site\/#\/schema\/person\/6b88acb9354d23e86675fc81c54ed359\",\"name\":\"FC Gueugnon\",\"url\":\"https:\/\/www.fcgueugnon.fr\/site\/author\/man-antu\"}]}<\/script>\n<!-- \/ Yoast SEO plugin. -->","yoast_head_json":{"title":"[N3 J02 : GFA Rumilly Valli\u00e8res \u2013 FC Gueugnon] R\u00e9sultat, r\u00e9actions et r\u00e9sum\u00e9 &#8226; FOOTBALL CLUB GUEUGNON","robots":{"index":"index","follow":"follow","max-snippet":"max-snippet:-1","max-image-preview":"max-image-preview:large","max-video-preview":"max-video-preview:-1"},"canonical":"https:\/\/www.fcgueugnon.fr\/site\/n3-j02-gfa-rumilly-vallieres-fc-gueugnon-resultat-reactions-et-resume\/6063","og_locale":"fr_FR","og_type":"article","og_title":"[N3 J02 : GFA Rumilly Valli\u00e8res \u2013 FC Gueugnon] R\u00e9sultat, r\u00e9actions et r\u00e9sum\u00e9 &#8226; FOOTBALL CLUB GUEUGNON","og_description":"Face au GFA Rumilly Valli\u00e8res, les forgerons r\u00e9cup\u00e8rent un point pr\u00e9cieux dans ce d\u00e9but de saison ! cr\u00e9dit photos : Ride, Race and photography Apr\u00e8s leur victoire face au DFCO B lors de la premi\u00e8re journ\u00e9e de championnat, nos forgerons ont pris la route de Rumilly pour leur deuxi\u00e8me match ce samedi. Ils \u00e9taient confront\u00e9s ... Lire la suite","og_url":"https:\/\/www.fcgueugnon.fr\/site\/n3-j02-gfa-rumilly-vallieres-fc-gueugnon-resultat-reactions-et-resume\/6063","og_site_name":"FOOTBALL CLUB GUEUGNON","article_publisher":"http:\/\/facebook.com\/FCGueugnon","article_published_time":"2023-09-04T10:00:00+00:00","article_modified_time":"2024-02-21T20:43:19+00:00","og_image":[{"width":2560,"height":1707,"url":"https:\/\/www.fcgueugnon.fr\/site\/wp-content\/uploads\/2023\/09\/2023-09-02-GFA-1-1-FC-Gueugnon-JPG-1-68-1-scaled.jpg","type":"image\/jpeg"}],"author":"FC Gueugnon","twitter_card":"summary_large_image","twitter_creator":"@FCGueugnon_off","twitter_site":"@FCGueugnon_off","twitter_misc":{"\u00c9crit par":"FC Gueugnon","Dur\u00e9e de lecture estim\u00e9e":"4 minutes"},"schema":{"@context":"https:\/\/schema.org","@graph":[{"@type":"Article","@id":"https:\/\/www.fcgueugnon.fr\/site\/n3-j02-gfa-rumilly-vallieres-fc-gueugnon-resultat-reactions-et-resume\/6063#article","isPartOf":{"@id":"https:\/\/www.fcgueugnon.fr\/site\/n3-j02-gfa-rumilly-vallieres-fc-gueugnon-resultat-reactions-et-resume\/6063"},"author":{"name":"FC Gueugnon","@id":"https:\/\/www.fcgueugnon.fr\/site\/#\/schema\/person\/6b88acb9354d23e86675fc81c54ed359"},"headline":"[N3 J02 : GFA Rumilly Valli\u00e8res \u2013 FC Gueugnon] R\u00e9sultat, r\u00e9actions et r\u00e9sum\u00e9","datePublished":"2023-09-04T10:00:00+00:00","dateModified":"2024-02-21T20:43:19+00:00","mainEntityOfPage":{"@id":"https:\/\/www.fcgueugnon.fr\/site\/n3-j02-gfa-rumilly-vallieres-fc-gueugnon-resultat-reactions-et-resume\/6063"},"wordCount":574,"publisher":{"@id":"https:\/\/www.fcgueugnon.fr\/site\/#organization"},"image":{"@id":"https:\/\/www.fcgueugnon.fr\/site\/n3-j02-gfa-rumilly-vallieres-fc-gueugnon-resultat-reactions-et-resume\/6063#primaryimage"},"thumbnailUrl":"https:\/\/www.fcgueugnon.fr\/site\/wp-content\/uploads\/2023\/09\/2023-09-02-GFA-1-1-FC-Gueugnon-JPG-1-68-1-scaled.jpg","keywords":["R\u00e9sultat","Vid\u00e9o"],"articleSection":["News","News 2023\/2024"],"inLanguage":"fr-FR"},{"@type":"WebPage","@id":"https:\/\/www.fcgueugnon.fr\/site\/n3-j02-gfa-rumilly-vallieres-fc-gueugnon-resultat-reactions-et-resume\/6063","url":"https:\/\/www.fcgueugnon.fr\/site\/n3-j02-gfa-rumilly-vallieres-fc-gueugnon-resultat-reactions-et-resume\/6063","name":"[N3 J02 : GFA Rumilly Valli\u00e8res \u2013 FC Gueugnon] R\u00e9sultat, r\u00e9actions et r\u00e9sum\u00e9 &#8226; FOOTBALL CLUB GUEUGNON","isPartOf":{"@id":"https:\/\/www.fcgueugnon.fr\/site\/#website"},"primaryImageOfPage":{"@id":"https:\/\/www.fcgueugnon.fr\/site\/n3-j02-gfa-rumilly-vallieres-fc-gueugnon-resultat-reactions-et-resume\/6063#primaryimage"},"image":{"@id":"https:\/\/www.fcgueugnon.fr\/site\/n3-j02-gfa-rumilly-vallieres-fc-gueugnon-resultat-reactions-et-resume\/6063#primaryimage"},"thumbnailUrl":"https:\/\/www.fcgueugnon.fr\/site\/wp-content\/uploads\/2023\/09\/2023-09-02-GFA-1-1-FC-Gueugnon-JPG-1-68-1-scaled.jpg","datePublished":"2023-09-04T10:00:00+00:00","dateModified":"2024-02-21T20:43:19+00:00","breadcrumb":{"@id":"https:\/\/www.fcgueugnon.fr\/site\/n3-j02-gfa-rumilly-vallieres-fc-gueugnon-resultat-reactions-et-resume\/6063#breadcrumb"},"inLanguage":"fr-FR","potentialAction":[{"@type":"ReadAction","target":["https:\/\/www.fcgueugnon.fr\/site\/n3-j02-gfa-rumilly-vallieres-fc-gueugnon-resultat-reactions-et-resume\/6063"]}]},{"@type":"ImageObject","inLanguage":"fr-FR","@id":"https:\/\/www.fcgueugnon.fr\/site\/n3-j02-gfa-rumilly-vallieres-fc-gueugnon-resultat-reactions-et-resume\/6063#primaryimage","url":"https:\/\/www.fcgueugnon.fr\/site\/wp-content\/uploads\/2023\/09\/2023-09-02-GFA-1-1-FC-Gueugnon-JPG-1-68-1-scaled.jpg","contentUrl":"https:\/\/www.fcgueugnon.fr\/site\/wp-content\/uploads\/2023\/09\/2023-09-02-GFA-1-1-FC-Gueugnon-JPG-1-68-1-scaled.jpg","width":2560,"height":1707},{"@type":"BreadcrumbList","@id":"https:\/\/www.fcgueugnon.fr\/site\/n3-j02-gfa-rumilly-vallieres-fc-gueugnon-resultat-reactions-et-resume\/6063#breadcrumb","itemListElement":[{"@type":"ListItem","position":1,"name":"Accueil","item":"https:\/\/www.fcgueugnon.fr\/site\/"},{"@type":"ListItem","position":2,"name":"[N3 J02 : GFA Rumilly Valli\u00e8res \u2013 FC Gueugnon] R\u00e9sultat, r\u00e9actions et r\u00e9sum\u00e9"}]},{"@type":"WebSite","@id":"https:\/\/www.fcgueugnon.fr\/site\/#website","url":"https:\/\/www.fcgueugnon.fr\/site\/","name":"FOOTBALL CLUB GUEUGNON","description":"Le Site Officiel des Forgerons","publisher":{"@id":"https:\/\/www.fcgueugnon.fr\/site\/#organization"},"potentialAction":[{"@type":"SearchAction","target":{"@type":"EntryPoint","urlTemplate":"https:\/\/www.fcgueugnon.fr\/site\/?s={search_term_string}"},"query-input":{"@type":"PropertyValueSpecification","valueRequired":true,"valueName":"search_term_string"}}],"inLanguage":"fr-FR"},{"@type":"Organization","@id":"https:\/\/www.fcgueugnon.fr\/site\/#organization","name":"FC Gueugnon","url":"https:\/\/www.fcgueugnon.fr\/site\/","logo":{"@type":"ImageObject","inLanguage":"fr-FR","@id":"https:\/\/www.fcgueugnon.fr\/site\/#\/schema\/logo\/image\/","url":"https:\/\/www.fcgueugnon.fr\/site\/wp-content\/uploads\/2022\/07\/cropped-Logo-FCGUEUGNON-low-350x350-1.png","contentUrl":"https:\/\/www.fcgueugnon.fr\/site\/wp-content\/uploads\/2022\/07\/cropped-Logo-FCGUEUGNON-low-350x350-1.png","width":350,"height":350,"caption":"FC Gueugnon"},"image":{"@id":"https:\/\/www.fcgueugnon.fr\/site\/#\/schema\/logo\/image\/"},"sameAs":["http:\/\/facebook.com\/FCGueugnon","https:\/\/x.com\/FCGueugnon_off","https:\/\/www.instagram.com\/fcgueugnon\/","https:\/\/www.linkedin.com\/company\/football-club-de-gueugnon\/","https:\/\/www.youtube.com\/user\/FCGueugnonnais","https:\/\/fr.wikipedia.org\/wiki\/Football_Club_de_Gueugnon"]},{"@type":"Person","@id":"https:\/\/www.fcgueugnon.fr\/site\/#\/schema\/person\/6b88acb9354d23e86675fc81c54ed359","name":"FC Gueugnon","url":"https:\/\/www.fcgueugnon.fr\/site\/author\/man-antu"}]}},"rttpg_featured_image_url":{"full":["https:\/\/www.fcgueugnon.fr\/site\/wp-content\/uploads\/2023\/09\/2023-09-02-GFA-1-1-FC-Gueugnon-JPG-1-68-1-scaled.jpg",2560,1707,false],"landscape":["https:\/\/www.fcgueugnon.fr\/site\/wp-content\/uploads\/2023\/09\/2023-09-02-GFA-1-1-FC-Gueugnon-JPG-1-68-1-scaled.jpg",2560,1707,false],"portraits":["https:\/\/www.fcgueugnon.fr\/site\/wp-content\/uploads\/2023\/09\/2023-09-02-GFA-1-1-FC-Gueugnon-JPG-1-68-1-scaled.jpg",2560,1707,false],"thumbnail":["https:\/\/www.fcgueugnon.fr\/site\/wp-content\/uploads\/2023\/09\/2023-09-02-GFA-1-1-FC-Gueugnon-JPG-1-68-1-150x150.jpg",150,150,true],"medium":["https:\/\/www.fcgueugnon.fr\/site\/wp-content\/uploads\/2023\/09\/2023-09-02-GFA-1-1-FC-Gueugnon-JPG-1-68-1-400x267.jpg",400,267,true],"large":["https:\/\/www.fcgueugnon.fr\/site\/wp-content\/uploads\/2023\/09\/2023-09-02-GFA-1-1-FC-Gueugnon-JPG-1-68-1-1024x683.jpg",1024,683,true],"1536x1536":["https:\/\/www.fcgueugnon.fr\/site\/wp-content\/uploads\/2023\/09\/2023-09-02-GFA-1-1-FC-Gueugnon-JPG-1-68-1-1536x1024.jpg",1536,1024,true],"2048x2048":["https:\/\/www.fcgueugnon.fr\/site\/wp-content\/uploads\/2023\/09\/2023-09-02-GFA-1-1-FC-Gueugnon-JPG-1-68-1-2048x1365.jpg",2048,1365,true]},"rttpg_author":{"display_name":"FC Gueugnon","author_link":"https:\/\/www.fcgueugnon.fr\/site\/author\/man-antu"},"rttpg_comment":0,"rttpg_category":"<a href=\"https:\/\/www.fcgueugnon.fr\/site\/category\/news\" rel=\"category tag\">News<\/a> <a href=\"https:\/\/www.fcgueugnon.fr\/site\/category\/news\/news-2023-2024\" rel=\"category tag\">News 2023\/2024<\/a>","rttpg_excerpt":"Face au GFA Rumilly Valli\u00e8res, les forgerons r\u00e9cup\u00e8rent un point pr\u00e9cieux dans ce d\u00e9but de saison ! cr\u00e9dit photos : Ride, Race and photography Apr\u00e8s leur victoire face au DFCO B lors de la premi\u00e8re journ\u00e9e de championnat, nos forgerons ont pris la route de Rumilly pour leur deuxi\u00e8me match ce samedi. Ils \u00e9taient confront\u00e9s\u2026","_links":{"self":[{"href":"https:\/\/www.fcgueugnon.fr\/site\/wp-json\/wp\/v2\/posts\/6063","targetHints":{"allow":["GET"]}}],"collection":[{"href":"https:\/\/www.fcgueugnon.fr\/site\/wp-json\/wp\/v2\/posts"}],"about":[{"href":"https:\/\/www.fcgueugnon.fr\/site\/wp-json\/wp\/v2\/types\/post"}],"author":[{"embeddable":true,"href":"https:\/\/www.fcgueugnon.fr\/site\/wp-json\/wp\/v2\/users\/4"}],"replies":[{"embeddable":true,"href":"https:\/\/www.fcgueugnon.fr\/site\/wp-json\/wp\/v2\/comments?post=6063"}],"version-history":[{"count":12,"href":"https:\/\/www.fcgueugnon.fr\/site\/wp-json\/wp\/v2\/posts\/6063\/revisions"}],"predecessor-version":[{"id":8612,"href":"https:\/\/www.fcgueugnon.fr\/site\/wp-json\/wp\/v2\/posts\/6063\/revisions\/8612"}],"wp:featuredmedia":[{"embeddable":true,"href":"https:\/\/www.fcgueugnon.fr\/site\/wp-json\/wp\/v2\/media\/6077"}],"wp:attachment":[{"href":"https:\/\/www.fcgueugnon.fr\/site\/wp-json\/wp\/v2\/media?parent=6063"}],"wp:term":[{"taxonomy":"category","embeddable":true,"href":"https:\/\/www.fcgueugnon.fr\/site\/wp-json\/wp\/v2\/categories?post=6063"},{"taxonomy":"post_tag","embeddable":true,"href":"https:\/\/www.fcgueugnon.fr\/site\/wp-json\/wp\/v2\/tags?post=6063"}],"curies":[{"name":"wp","href":"https:\/\/api.w.org\/{rel}","templated":true}]}}