{"id":5967,"date":"2023-08-28T14:04:55","date_gmt":"2023-08-28T12:04:55","guid":{"rendered":"https:\/\/www.fcgueugnon.fr\/site\/?p=5967"},"modified":"2023-10-23T09:32:39","modified_gmt":"2023-10-23T07:32:39","slug":"gambardella-victoire-15-0-de-nos-jeunes-forgerons","status":"publish","type":"post","link":"https:\/\/www.fcgueugnon.fr\/site\/gambardella-victoire-15-0-de-nos-jeunes-forgerons\/5967","title":{"rendered":"[Gambardella] Victoire 15-0 de nos jeunes forgerons"},"content":{"rendered":"\n<h3 class=\"wp-block-heading\"><strong>Ce dimanche, les forgerons U18 faisaient leur entr\u00e9e en lice en coupe Gambardella avec la r\u00e9ception de Rully-Fontaines.<\/strong><\/h3>\n\n\n\n<h3 class=\"wp-block-heading\">Un grand bravo au groupe de <strong>Davis Vasco <\/strong>qui a su \u00eatre efficace et faire parler la poudre en se qualifiant par 15 buts \u00e0 0.<\/h3>\n\n\n\n<p>A Gueugnon, Vieux-Fresne<br>FC Gueugnon 15-0 Rully-Fontaine<br>Buteurs : Malvin x4, Mathys, Noha, Ilyes x3, Illan, Nicolas x2, Flavien, Tim et CSC<\/p>\n\n\n\n<div style=\"height:25px\" aria-hidden=\"true\" class=\"wp-block-spacer\"><\/div>\n\n\n\n<h3 class=\"wp-block-heading has-text-align-center\"><strong>Rendez-vous ce mardi pour le tirage du second tour de Gambardella par la Ligue BFC<\/strong><\/h3>\n\n\n\n<div style=\"height:25px\" aria-hidden=\"true\" class=\"wp-block-spacer\"><\/div>\n\n\n\n<div style=\"height:25px\" aria-hidden=\"true\" class=\"wp-block-spacer\"><\/div>\n\n\n\n<p><\/p>\n","protected":false},"excerpt":{"rendered":"<p>Ce dimanche, les forgerons U18 faisaient leur entr\u00e9e en lice en coupe Gambardella avec la r\u00e9ception de Rully-Fontaines. Un grand bravo au groupe de Davis Vasco qui a su \u00eatre efficace et faire parler la poudre en se qualifiant par 15 buts \u00e0 0. A Gueugnon, Vieux-FresneFC Gueugnon 15-0 Rully-FontaineButeurs : Malvin x4, Mathys, Noha, &#8230; <\/p>\n<p class=\"read-more-container\"><a title=\"[Gambardella] Victoire 15-0 de nos jeunes forgerons\" class=\"read-more button\" href=\"https:\/\/www.fcgueugnon.fr\/site\/gambardella-victoire-15-0-de-nos-jeunes-forgerons\/5967#more-5967\" aria-label=\"Plus sur [Gambardella] Victoire 15-0 de nos jeunes forgerons\">Lire la suite<\/a><\/p>\n","protected":false},"author":1,"featured_media":5968,"comment_status":"closed","ping_status":"closed","sticky":false,"template":"","format":"standard","meta":{"footnotes":""},"categories":[4,55],"tags":[14],"class_list":["post-5967","post","type-post","status-publish","format-standard","has-post-thumbnail","hentry","category-news","category-news-2023-2024","tag-sport-e-leclerc-academie-jeunes-formation","infinite-scroll-item","generate-columns","tablet-grid-50","mobile-grid-100","grid-parent","grid-25","resize-featured-image"],"yoast_head":"<!-- This site is optimized with the Yoast SEO plugin v26.6 - https:\/\/yoast.com\/wordpress\/plugins\/seo\/ -->\n<title>[Gambardella] Victoire 15-0 de nos jeunes forgerons &#8226; FOOTBALL CLUB GUEUGNON<\/title>\n<meta name=\"robots\" content=\"index, follow, max-snippet:-1, max-image-preview:large, max-video-preview:-1\" \/>\n<link rel=\"canonical\" href=\"https:\/\/www.fcgueugnon.fr\/site\/gambardella-victoire-15-0-de-nos-jeunes-forgerons\/5967\" \/>\n<meta property=\"og:locale\" content=\"fr_FR\" \/>\n<meta property=\"og:type\" content=\"article\" \/>\n<meta property=\"og:title\" content=\"[Gambardella] Victoire 15-0 de nos jeunes forgerons &#8226; FOOTBALL CLUB GUEUGNON\" \/>\n<meta property=\"og:description\" content=\"Ce dimanche, les forgerons U18 faisaient leur entr\u00e9e en lice en coupe Gambardella avec la r\u00e9ception de Rully-Fontaines. Un grand bravo au groupe de Davis Vasco qui a su \u00eatre efficace et faire parler la poudre en se qualifiant par 15 buts \u00e0 0. A Gueugnon, Vieux-FresneFC Gueugnon 15-0 Rully-FontaineButeurs : Malvin x4, Mathys, Noha, ... Lire la suite\" \/>\n<meta property=\"og:url\" content=\"https:\/\/www.fcgueugnon.fr\/site\/gambardella-victoire-15-0-de-nos-jeunes-forgerons\/5967\" \/>\n<meta property=\"og:site_name\" content=\"FOOTBALL CLUB GUEUGNON\" \/>\n<meta property=\"article:publisher\" content=\"http:\/\/facebook.com\/FCGueugnon\" \/>\n<meta property=\"article:published_time\" content=\"2023-08-28T12:04:55+00:00\" \/>\n<meta property=\"article:modified_time\" content=\"2023-10-23T07:32:39+00:00\" \/>\n<meta property=\"og:image\" content=\"https:\/\/www.fcgueugnon.fr\/site\/wp-content\/uploads\/2023\/08\/gambardella-u18-FC-gueugnon.jpeg\" \/>\n\t<meta property=\"og:image:width\" content=\"1600\" \/>\n\t<meta property=\"og:image:height\" content=\"1200\" \/>\n\t<meta property=\"og:image:type\" content=\"image\/jpeg\" \/>\n<meta name=\"author\" content=\"FC Gueugnon\" \/>\n<meta name=\"twitter:card\" content=\"summary_large_image\" \/>\n<meta name=\"twitter:creator\" content=\"@FCGueugnon_off\" \/>\n<meta name=\"twitter:site\" content=\"@FCGueugnon_off\" \/>\n<meta name=\"twitter:label1\" content=\"\u00c9crit par\" \/>\n\t<meta name=\"twitter:data1\" content=\"FC Gueugnon\" \/>\n\t<meta name=\"twitter:label2\" content=\"Dur\u00e9e de lecture estim\u00e9e\" \/>\n\t<meta name=\"twitter:data2\" content=\"1 minute\" \/>\n<script type=\"application\/ld+json\" class=\"yoast-schema-graph\">{\"@context\":\"https:\/\/schema.org\",\"@graph\":[{\"@type\":\"Article\",\"@id\":\"https:\/\/www.fcgueugnon.fr\/site\/gambardella-victoire-15-0-de-nos-jeunes-forgerons\/5967#article\",\"isPartOf\":{\"@id\":\"https:\/\/www.fcgueugnon.fr\/site\/gambardella-victoire-15-0-de-nos-jeunes-forgerons\/5967\"},\"author\":{\"name\":\"FC Gueugnon\",\"@id\":\"https:\/\/www.fcgueugnon.fr\/site\/#\/schema\/person\/f6444fbdd35fa731ee974c03508738fb\"},\"headline\":\"[Gambardella] Victoire 15-0 de nos jeunes forgerons\",\"datePublished\":\"2023-08-28T12:04:55+00:00\",\"dateModified\":\"2023-10-23T07:32:39+00:00\",\"mainEntityOfPage\":{\"@id\":\"https:\/\/www.fcgueugnon.fr\/site\/gambardella-victoire-15-0-de-nos-jeunes-forgerons\/5967\"},\"wordCount\":84,\"publisher\":{\"@id\":\"https:\/\/www.fcgueugnon.fr\/site\/#organization\"},\"image\":{\"@id\":\"https:\/\/www.fcgueugnon.fr\/site\/gambardella-victoire-15-0-de-nos-jeunes-forgerons\/5967#primaryimage\"},\"thumbnailUrl\":\"https:\/\/www.fcgueugnon.fr\/site\/wp-content\/uploads\/2023\/08\/gambardella-u18-FC-gueugnon.jpeg\",\"keywords\":[\"Sport E.Leclerc Acad\u00e9mie : Jeunes \/ Formation\"],\"articleSection\":[\"News\",\"News 2023\/2024\"],\"inLanguage\":\"fr-FR\"},{\"@type\":\"WebPage\",\"@id\":\"https:\/\/www.fcgueugnon.fr\/site\/gambardella-victoire-15-0-de-nos-jeunes-forgerons\/5967\",\"url\":\"https:\/\/www.fcgueugnon.fr\/site\/gambardella-victoire-15-0-de-nos-jeunes-forgerons\/5967\",\"name\":\"[Gambardella] Victoire 15-0 de nos jeunes forgerons &#8226; FOOTBALL CLUB GUEUGNON\",\"isPartOf\":{\"@id\":\"https:\/\/www.fcgueugnon.fr\/site\/#website\"},\"primaryImageOfPage\":{\"@id\":\"https:\/\/www.fcgueugnon.fr\/site\/gambardella-victoire-15-0-de-nos-jeunes-forgerons\/5967#primaryimage\"},\"image\":{\"@id\":\"https:\/\/www.fcgueugnon.fr\/site\/gambardella-victoire-15-0-de-nos-jeunes-forgerons\/5967#primaryimage\"},\"thumbnailUrl\":\"https:\/\/www.fcgueugnon.fr\/site\/wp-content\/uploads\/2023\/08\/gambardella-u18-FC-gueugnon.jpeg\",\"datePublished\":\"2023-08-28T12:04:55+00:00\",\"dateModified\":\"2023-10-23T07:32:39+00:00\",\"breadcrumb\":{\"@id\":\"https:\/\/www.fcgueugnon.fr\/site\/gambardella-victoire-15-0-de-nos-jeunes-forgerons\/5967#breadcrumb\"},\"inLanguage\":\"fr-FR\",\"potentialAction\":[{\"@type\":\"ReadAction\",\"target\":[\"https:\/\/www.fcgueugnon.fr\/site\/gambardella-victoire-15-0-de-nos-jeunes-forgerons\/5967\"]}]},{\"@type\":\"ImageObject\",\"inLanguage\":\"fr-FR\",\"@id\":\"https:\/\/www.fcgueugnon.fr\/site\/gambardella-victoire-15-0-de-nos-jeunes-forgerons\/5967#primaryimage\",\"url\":\"https:\/\/www.fcgueugnon.fr\/site\/wp-content\/uploads\/2023\/08\/gambardella-u18-FC-gueugnon.jpeg\",\"contentUrl\":\"https:\/\/www.fcgueugnon.fr\/site\/wp-content\/uploads\/2023\/08\/gambardella-u18-FC-gueugnon.jpeg\",\"width\":1600,\"height\":1200},{\"@type\":\"BreadcrumbList\",\"@id\":\"https:\/\/www.fcgueugnon.fr\/site\/gambardella-victoire-15-0-de-nos-jeunes-forgerons\/5967#breadcrumb\",\"itemListElement\":[{\"@type\":\"ListItem\",\"position\":1,\"name\":\"Accueil\",\"item\":\"https:\/\/www.fcgueugnon.fr\/site\/\"},{\"@type\":\"ListItem\",\"position\":2,\"name\":\"[Gambardella] Victoire 15-0 de nos jeunes forgerons\"}]},{\"@type\":\"WebSite\",\"@id\":\"https:\/\/www.fcgueugnon.fr\/site\/#website\",\"url\":\"https:\/\/www.fcgueugnon.fr\/site\/\",\"name\":\"FOOTBALL CLUB GUEUGNON\",\"description\":\"Le Site Officiel des Forgerons\",\"publisher\":{\"@id\":\"https:\/\/www.fcgueugnon.fr\/site\/#organization\"},\"potentialAction\":[{\"@type\":\"SearchAction\",\"target\":{\"@type\":\"EntryPoint\",\"urlTemplate\":\"https:\/\/www.fcgueugnon.fr\/site\/?s={search_term_string}\"},\"query-input\":{\"@type\":\"PropertyValueSpecification\",\"valueRequired\":true,\"valueName\":\"search_term_string\"}}],\"inLanguage\":\"fr-FR\"},{\"@type\":\"Organization\",\"@id\":\"https:\/\/www.fcgueugnon.fr\/site\/#organization\",\"name\":\"FC Gueugnon\",\"url\":\"https:\/\/www.fcgueugnon.fr\/site\/\",\"logo\":{\"@type\":\"ImageObject\",\"inLanguage\":\"fr-FR\",\"@id\":\"https:\/\/www.fcgueugnon.fr\/site\/#\/schema\/logo\/image\/\",\"url\":\"https:\/\/www.fcgueugnon.fr\/site\/wp-content\/uploads\/2022\/07\/cropped-Logo-FCGUEUGNON-low-350x350-1.png\",\"contentUrl\":\"https:\/\/www.fcgueugnon.fr\/site\/wp-content\/uploads\/2022\/07\/cropped-Logo-FCGUEUGNON-low-350x350-1.png\",\"width\":350,\"height\":350,\"caption\":\"FC Gueugnon\"},\"image\":{\"@id\":\"https:\/\/www.fcgueugnon.fr\/site\/#\/schema\/logo\/image\/\"},\"sameAs\":[\"http:\/\/facebook.com\/FCGueugnon\",\"https:\/\/x.com\/FCGueugnon_off\",\"https:\/\/www.instagram.com\/fcgueugnon\/\",\"https:\/\/www.linkedin.com\/company\/football-club-de-gueugnon\/\",\"https:\/\/www.youtube.com\/user\/FCGueugnonnais\",\"https:\/\/fr.wikipedia.org\/wiki\/Football_Club_de_Gueugnon\"]},{\"@type\":\"Person\",\"@id\":\"https:\/\/www.fcgueugnon.fr\/site\/#\/schema\/person\/f6444fbdd35fa731ee974c03508738fb\",\"name\":\"FC Gueugnon\",\"sameAs\":[\"https:\/\/www.fcgueugnon.fr\/site\"],\"url\":\"https:\/\/www.fcgueugnon.fr\/site\/author\/admin-antho\"}]}<\/script>\n<!-- \/ Yoast SEO plugin. -->","yoast_head_json":{"title":"[Gambardella] Victoire 15-0 de nos jeunes forgerons &#8226; FOOTBALL CLUB GUEUGNON","robots":{"index":"index","follow":"follow","max-snippet":"max-snippet:-1","max-image-preview":"max-image-preview:large","max-video-preview":"max-video-preview:-1"},"canonical":"https:\/\/www.fcgueugnon.fr\/site\/gambardella-victoire-15-0-de-nos-jeunes-forgerons\/5967","og_locale":"fr_FR","og_type":"article","og_title":"[Gambardella] Victoire 15-0 de nos jeunes forgerons &#8226; FOOTBALL CLUB GUEUGNON","og_description":"Ce dimanche, les forgerons U18 faisaient leur entr\u00e9e en lice en coupe Gambardella avec la r\u00e9ception de Rully-Fontaines. Un grand bravo au groupe de Davis Vasco qui a su \u00eatre efficace et faire parler la poudre en se qualifiant par 15 buts \u00e0 0. A Gueugnon, Vieux-FresneFC Gueugnon 15-0 Rully-FontaineButeurs : Malvin x4, Mathys, Noha, ... Lire la suite","og_url":"https:\/\/www.fcgueugnon.fr\/site\/gambardella-victoire-15-0-de-nos-jeunes-forgerons\/5967","og_site_name":"FOOTBALL CLUB GUEUGNON","article_publisher":"http:\/\/facebook.com\/FCGueugnon","article_published_time":"2023-08-28T12:04:55+00:00","article_modified_time":"2023-10-23T07:32:39+00:00","og_image":[{"width":1600,"height":1200,"url":"https:\/\/www.fcgueugnon.fr\/site\/wp-content\/uploads\/2023\/08\/gambardella-u18-FC-gueugnon.jpeg","type":"image\/jpeg"}],"author":"FC Gueugnon","twitter_card":"summary_large_image","twitter_creator":"@FCGueugnon_off","twitter_site":"@FCGueugnon_off","twitter_misc":{"\u00c9crit par":"FC Gueugnon","Dur\u00e9e de lecture estim\u00e9e":"1 minute"},"schema":{"@context":"https:\/\/schema.org","@graph":[{"@type":"Article","@id":"https:\/\/www.fcgueugnon.fr\/site\/gambardella-victoire-15-0-de-nos-jeunes-forgerons\/5967#article","isPartOf":{"@id":"https:\/\/www.fcgueugnon.fr\/site\/gambardella-victoire-15-0-de-nos-jeunes-forgerons\/5967"},"author":{"name":"FC Gueugnon","@id":"https:\/\/www.fcgueugnon.fr\/site\/#\/schema\/person\/f6444fbdd35fa731ee974c03508738fb"},"headline":"[Gambardella] Victoire 15-0 de nos jeunes forgerons","datePublished":"2023-08-28T12:04:55+00:00","dateModified":"2023-10-23T07:32:39+00:00","mainEntityOfPage":{"@id":"https:\/\/www.fcgueugnon.fr\/site\/gambardella-victoire-15-0-de-nos-jeunes-forgerons\/5967"},"wordCount":84,"publisher":{"@id":"https:\/\/www.fcgueugnon.fr\/site\/#organization"},"image":{"@id":"https:\/\/www.fcgueugnon.fr\/site\/gambardella-victoire-15-0-de-nos-jeunes-forgerons\/5967#primaryimage"},"thumbnailUrl":"https:\/\/www.fcgueugnon.fr\/site\/wp-content\/uploads\/2023\/08\/gambardella-u18-FC-gueugnon.jpeg","keywords":["Sport E.Leclerc Acad\u00e9mie : Jeunes \/ Formation"],"articleSection":["News","News 2023\/2024"],"inLanguage":"fr-FR"},{"@type":"WebPage","@id":"https:\/\/www.fcgueugnon.fr\/site\/gambardella-victoire-15-0-de-nos-jeunes-forgerons\/5967","url":"https:\/\/www.fcgueugnon.fr\/site\/gambardella-victoire-15-0-de-nos-jeunes-forgerons\/5967","name":"[Gambardella] Victoire 15-0 de nos jeunes forgerons &#8226; FOOTBALL CLUB GUEUGNON","isPartOf":{"@id":"https:\/\/www.fcgueugnon.fr\/site\/#website"},"primaryImageOfPage":{"@id":"https:\/\/www.fcgueugnon.fr\/site\/gambardella-victoire-15-0-de-nos-jeunes-forgerons\/5967#primaryimage"},"image":{"@id":"https:\/\/www.fcgueugnon.fr\/site\/gambardella-victoire-15-0-de-nos-jeunes-forgerons\/5967#primaryimage"},"thumbnailUrl":"https:\/\/www.fcgueugnon.fr\/site\/wp-content\/uploads\/2023\/08\/gambardella-u18-FC-gueugnon.jpeg","datePublished":"2023-08-28T12:04:55+00:00","dateModified":"2023-10-23T07:32:39+00:00","breadcrumb":{"@id":"https:\/\/www.fcgueugnon.fr\/site\/gambardella-victoire-15-0-de-nos-jeunes-forgerons\/5967#breadcrumb"},"inLanguage":"fr-FR","potentialAction":[{"@type":"ReadAction","target":["https:\/\/www.fcgueugnon.fr\/site\/gambardella-victoire-15-0-de-nos-jeunes-forgerons\/5967"]}]},{"@type":"ImageObject","inLanguage":"fr-FR","@id":"https:\/\/www.fcgueugnon.fr\/site\/gambardella-victoire-15-0-de-nos-jeunes-forgerons\/5967#primaryimage","url":"https:\/\/www.fcgueugnon.fr\/site\/wp-content\/uploads\/2023\/08\/gambardella-u18-FC-gueugnon.jpeg","contentUrl":"https:\/\/www.fcgueugnon.fr\/site\/wp-content\/uploads\/2023\/08\/gambardella-u18-FC-gueugnon.jpeg","width":1600,"height":1200},{"@type":"BreadcrumbList","@id":"https:\/\/www.fcgueugnon.fr\/site\/gambardella-victoire-15-0-de-nos-jeunes-forgerons\/5967#breadcrumb","itemListElement":[{"@type":"ListItem","position":1,"name":"Accueil","item":"https:\/\/www.fcgueugnon.fr\/site\/"},{"@type":"ListItem","position":2,"name":"[Gambardella] Victoire 15-0 de nos jeunes forgerons"}]},{"@type":"WebSite","@id":"https:\/\/www.fcgueugnon.fr\/site\/#website","url":"https:\/\/www.fcgueugnon.fr\/site\/","name":"FOOTBALL CLUB GUEUGNON","description":"Le Site Officiel des Forgerons","publisher":{"@id":"https:\/\/www.fcgueugnon.fr\/site\/#organization"},"potentialAction":[{"@type":"SearchAction","target":{"@type":"EntryPoint","urlTemplate":"https:\/\/www.fcgueugnon.fr\/site\/?s={search_term_string}"},"query-input":{"@type":"PropertyValueSpecification","valueRequired":true,"valueName":"search_term_string"}}],"inLanguage":"fr-FR"},{"@type":"Organization","@id":"https:\/\/www.fcgueugnon.fr\/site\/#organization","name":"FC Gueugnon","url":"https:\/\/www.fcgueugnon.fr\/site\/","logo":{"@type":"ImageObject","inLanguage":"fr-FR","@id":"https:\/\/www.fcgueugnon.fr\/site\/#\/schema\/logo\/image\/","url":"https:\/\/www.fcgueugnon.fr\/site\/wp-content\/uploads\/2022\/07\/cropped-Logo-FCGUEUGNON-low-350x350-1.png","contentUrl":"https:\/\/www.fcgueugnon.fr\/site\/wp-content\/uploads\/2022\/07\/cropped-Logo-FCGUEUGNON-low-350x350-1.png","width":350,"height":350,"caption":"FC Gueugnon"},"image":{"@id":"https:\/\/www.fcgueugnon.fr\/site\/#\/schema\/logo\/image\/"},"sameAs":["http:\/\/facebook.com\/FCGueugnon","https:\/\/x.com\/FCGueugnon_off","https:\/\/www.instagram.com\/fcgueugnon\/","https:\/\/www.linkedin.com\/company\/football-club-de-gueugnon\/","https:\/\/www.youtube.com\/user\/FCGueugnonnais","https:\/\/fr.wikipedia.org\/wiki\/Football_Club_de_Gueugnon"]},{"@type":"Person","@id":"https:\/\/www.fcgueugnon.fr\/site\/#\/schema\/person\/f6444fbdd35fa731ee974c03508738fb","name":"FC Gueugnon","sameAs":["https:\/\/www.fcgueugnon.fr\/site"],"url":"https:\/\/www.fcgueugnon.fr\/site\/author\/admin-antho"}]}},"rttpg_featured_image_url":{"full":["https:\/\/www.fcgueugnon.fr\/site\/wp-content\/uploads\/2023\/08\/gambardella-u18-FC-gueugnon.jpeg",1600,1200,false],"landscape":["https:\/\/www.fcgueugnon.fr\/site\/wp-content\/uploads\/2023\/08\/gambardella-u18-FC-gueugnon.jpeg",1600,1200,false],"portraits":["https:\/\/www.fcgueugnon.fr\/site\/wp-content\/uploads\/2023\/08\/gambardella-u18-FC-gueugnon.jpeg",1600,1200,false],"thumbnail":["https:\/\/www.fcgueugnon.fr\/site\/wp-content\/uploads\/2023\/08\/gambardella-u18-FC-gueugnon-150x150.jpeg",150,150,true],"medium":["https:\/\/www.fcgueugnon.fr\/site\/wp-content\/uploads\/2023\/08\/gambardella-u18-FC-gueugnon-400x300.jpeg",400,300,true],"large":["https:\/\/www.fcgueugnon.fr\/site\/wp-content\/uploads\/2023\/08\/gambardella-u18-FC-gueugnon-1024x768.jpeg",1024,768,true],"1536x1536":["https:\/\/www.fcgueugnon.fr\/site\/wp-content\/uploads\/2023\/08\/gambardella-u18-FC-gueugnon-1536x1152.jpeg",1536,1152,true],"2048x2048":["https:\/\/www.fcgueugnon.fr\/site\/wp-content\/uploads\/2023\/08\/gambardella-u18-FC-gueugnon.jpeg",1600,1200,false]},"rttpg_author":{"display_name":"FC Gueugnon","author_link":"https:\/\/www.fcgueugnon.fr\/site\/author\/admin-antho"},"rttpg_comment":0,"rttpg_category":"<a href=\"https:\/\/www.fcgueugnon.fr\/site\/category\/news\" rel=\"category tag\">News<\/a> <a href=\"https:\/\/www.fcgueugnon.fr\/site\/category\/news\/news-2023-2024\" rel=\"category tag\">News 2023\/2024<\/a>","rttpg_excerpt":"Ce dimanche, les forgerons U18 faisaient leur entr\u00e9e en lice en coupe Gambardella avec la r\u00e9ception de Rully-Fontaines. Un grand bravo au groupe de Davis Vasco qui a su \u00eatre efficace et faire parler la poudre en se qualifiant par 15 buts \u00e0 0. A Gueugnon, Vieux-FresneFC Gueugnon 15-0 Rully-FontaineButeurs : Malvin x4, Mathys, Noha,\u2026","_links":{"self":[{"href":"https:\/\/www.fcgueugnon.fr\/site\/wp-json\/wp\/v2\/posts\/5967","targetHints":{"allow":["GET"]}}],"collection":[{"href":"https:\/\/www.fcgueugnon.fr\/site\/wp-json\/wp\/v2\/posts"}],"about":[{"href":"https:\/\/www.fcgueugnon.fr\/site\/wp-json\/wp\/v2\/types\/post"}],"author":[{"embeddable":true,"href":"https:\/\/www.fcgueugnon.fr\/site\/wp-json\/wp\/v2\/users\/1"}],"replies":[{"embeddable":true,"href":"https:\/\/www.fcgueugnon.fr\/site\/wp-json\/wp\/v2\/comments?post=5967"}],"version-history":[{"count":1,"href":"https:\/\/www.fcgueugnon.fr\/site\/wp-json\/wp\/v2\/posts\/5967\/revisions"}],"predecessor-version":[{"id":5969,"href":"https:\/\/www.fcgueugnon.fr\/site\/wp-json\/wp\/v2\/posts\/5967\/revisions\/5969"}],"wp:featuredmedia":[{"embeddable":true,"href":"https:\/\/www.fcgueugnon.fr\/site\/wp-json\/wp\/v2\/media\/5968"}],"wp:attachment":[{"href":"https:\/\/www.fcgueugnon.fr\/site\/wp-json\/wp\/v2\/media?parent=5967"}],"wp:term":[{"taxonomy":"category","embeddable":true,"href":"https:\/\/www.fcgueugnon.fr\/site\/wp-json\/wp\/v2\/categories?post=5967"},{"taxonomy":"post_tag","embeddable":true,"href":"https:\/\/www.fcgueugnon.fr\/site\/wp-json\/wp\/v2\/tags?post=5967"}],"curies":[{"name":"wp","href":"https:\/\/api.w.org\/{rel}","templated":true}]}}