{"id":5943,"date":"2023-08-28T16:37:17","date_gmt":"2023-08-28T14:37:17","guid":{"rendered":"https:\/\/www.fcgueugnon.fr\/site\/?p=5943"},"modified":"2024-02-21T21:43:20","modified_gmt":"2024-02-21T20:43:20","slug":"n3-j01-fc-gueugnon-dijon-fco-b-resultat-reactions-et-resume-video","status":"publish","type":"post","link":"https:\/\/www.fcgueugnon.fr\/site\/n3-j01-fc-gueugnon-dijon-fco-b-resultat-reactions-et-resume-video\/5943","title":{"rendered":"[N3 J01 : FC Gueugnon \u2013 Dijon FCO B] R\u00e9sultat, r\u00e9actions et r\u00e9sum\u00e9 vid\u00e9o"},"content":{"rendered":"\n<h2 class=\"wp-block-heading\"><strong>Nos forgerons ont triomph\u00e9 lors de leur premi\u00e8re rencontre face au Dijon FCO B, marquant ainsi un d\u00e9but de saison prometteur !<\/strong><\/h2>\n\n\n\n<div style=\"height:30px\" aria-hidden=\"true\" class=\"wp-block-spacer\"><\/div>\n\n\n\n<figure class=\"wp-block-gallery has-nested-images columns-2 is-cropped wp-block-gallery-1 is-layout-flex wp-block-gallery-is-layout-flex\">\n<figure class=\"wp-block-image size-large\"><img loading=\"lazy\" decoding=\"async\" width=\"1024\" height=\"683\" data-id=\"5961\" src=\"https:\/\/www.fcgueugnon.fr\/site\/wp-content\/uploads\/2023\/08\/22R7473-1-1024x683.jpg\" alt=\"\" class=\"wp-image-5961\" srcset=\"https:\/\/www.fcgueugnon.fr\/site\/wp-content\/uploads\/2023\/08\/22R7473-1-1024x683.jpg 1024w, https:\/\/www.fcgueugnon.fr\/site\/wp-content\/uploads\/2023\/08\/22R7473-1-400x267.jpg 400w, https:\/\/www.fcgueugnon.fr\/site\/wp-content\/uploads\/2023\/08\/22R7473-1-768x512.jpg 768w, https:\/\/www.fcgueugnon.fr\/site\/wp-content\/uploads\/2023\/08\/22R7473-1-1536x1024.jpg 1536w, https:\/\/www.fcgueugnon.fr\/site\/wp-content\/uploads\/2023\/08\/22R7473-1-2048x1365.jpg 2048w, https:\/\/www.fcgueugnon.fr\/site\/wp-content\/uploads\/2023\/08\/22R7473-1-1320x880.jpg 1320w, https:\/\/www.fcgueugnon.fr\/site\/wp-content\/uploads\/2023\/08\/22R7473-1-600x400.jpg 600w\" sizes=\"auto, (max-width: 1024px) 100vw, 1024px\" \/><\/figure>\n\n\n\n<figure class=\"wp-block-image size-large\"><img loading=\"lazy\" decoding=\"async\" width=\"1024\" height=\"683\" data-id=\"5959\" src=\"https:\/\/www.fcgueugnon.fr\/site\/wp-content\/uploads\/2023\/08\/5-1024x683.jpg\" alt=\"\" class=\"wp-image-5959\" srcset=\"https:\/\/www.fcgueugnon.fr\/site\/wp-content\/uploads\/2023\/08\/5-1024x683.jpg 1024w, https:\/\/www.fcgueugnon.fr\/site\/wp-content\/uploads\/2023\/08\/5-400x267.jpg 400w, https:\/\/www.fcgueugnon.fr\/site\/wp-content\/uploads\/2023\/08\/5-768x512.jpg 768w, https:\/\/www.fcgueugnon.fr\/site\/wp-content\/uploads\/2023\/08\/5-1536x1024.jpg 1536w, https:\/\/www.fcgueugnon.fr\/site\/wp-content\/uploads\/2023\/08\/5-2048x1365.jpg 2048w, https:\/\/www.fcgueugnon.fr\/site\/wp-content\/uploads\/2023\/08\/5-1320x880.jpg 1320w, https:\/\/www.fcgueugnon.fr\/site\/wp-content\/uploads\/2023\/08\/5-600x400.jpg 600w\" sizes=\"auto, (max-width: 1024px) 100vw, 1024px\" \/><\/figure>\n\n\n\n<figure class=\"wp-block-image size-large\"><img loading=\"lazy\" decoding=\"async\" width=\"1024\" height=\"683\" data-id=\"5963\" src=\"https:\/\/www.fcgueugnon.fr\/site\/wp-content\/uploads\/2023\/08\/04I1852-2-1024x683.jpg\" alt=\"\" class=\"wp-image-5963\" srcset=\"https:\/\/www.fcgueugnon.fr\/site\/wp-content\/uploads\/2023\/08\/04I1852-2-1024x683.jpg 1024w, https:\/\/www.fcgueugnon.fr\/site\/wp-content\/uploads\/2023\/08\/04I1852-2-400x267.jpg 400w, https:\/\/www.fcgueugnon.fr\/site\/wp-content\/uploads\/2023\/08\/04I1852-2-768x512.jpg 768w, https:\/\/www.fcgueugnon.fr\/site\/wp-content\/uploads\/2023\/08\/04I1852-2-1536x1024.jpg 1536w, https:\/\/www.fcgueugnon.fr\/site\/wp-content\/uploads\/2023\/08\/04I1852-2-2048x1365.jpg 2048w, https:\/\/www.fcgueugnon.fr\/site\/wp-content\/uploads\/2023\/08\/04I1852-2-1320x880.jpg 1320w, https:\/\/www.fcgueugnon.fr\/site\/wp-content\/uploads\/2023\/08\/04I1852-2-600x400.jpg 600w\" sizes=\"auto, (max-width: 1024px) 100vw, 1024px\" \/><\/figure>\n\n\n\n<figure class=\"wp-block-image size-large\"><img loading=\"lazy\" decoding=\"async\" width=\"1024\" height=\"683\" data-id=\"5960\" src=\"https:\/\/www.fcgueugnon.fr\/site\/wp-content\/uploads\/2023\/08\/04I1817-2-1024x683.jpg\" alt=\"\" class=\"wp-image-5960\" srcset=\"https:\/\/www.fcgueugnon.fr\/site\/wp-content\/uploads\/2023\/08\/04I1817-2-1024x683.jpg 1024w, https:\/\/www.fcgueugnon.fr\/site\/wp-content\/uploads\/2023\/08\/04I1817-2-400x267.jpg 400w, https:\/\/www.fcgueugnon.fr\/site\/wp-content\/uploads\/2023\/08\/04I1817-2-768x512.jpg 768w, https:\/\/www.fcgueugnon.fr\/site\/wp-content\/uploads\/2023\/08\/04I1817-2-1536x1024.jpg 1536w, https:\/\/www.fcgueugnon.fr\/site\/wp-content\/uploads\/2023\/08\/04I1817-2-2048x1365.jpg 2048w, https:\/\/www.fcgueugnon.fr\/site\/wp-content\/uploads\/2023\/08\/04I1817-2-1320x880.jpg 1320w, https:\/\/www.fcgueugnon.fr\/site\/wp-content\/uploads\/2023\/08\/04I1817-2-600x400.jpg 600w\" sizes=\"auto, (max-width: 1024px) 100vw, 1024px\" \/><\/figure>\n\n\n\n<figure class=\"wp-block-image size-large\"><img loading=\"lazy\" decoding=\"async\" width=\"1024\" height=\"683\" data-id=\"5958\" src=\"https:\/\/www.fcgueugnon.fr\/site\/wp-content\/uploads\/2023\/08\/04I1546-2-1024x683.jpg\" alt=\"\" class=\"wp-image-5958\" srcset=\"https:\/\/www.fcgueugnon.fr\/site\/wp-content\/uploads\/2023\/08\/04I1546-2-1024x683.jpg 1024w, https:\/\/www.fcgueugnon.fr\/site\/wp-content\/uploads\/2023\/08\/04I1546-2-400x267.jpg 400w, https:\/\/www.fcgueugnon.fr\/site\/wp-content\/uploads\/2023\/08\/04I1546-2-768x512.jpg 768w, https:\/\/www.fcgueugnon.fr\/site\/wp-content\/uploads\/2023\/08\/04I1546-2-1536x1024.jpg 1536w, https:\/\/www.fcgueugnon.fr\/site\/wp-content\/uploads\/2023\/08\/04I1546-2-2048x1365.jpg 2048w, https:\/\/www.fcgueugnon.fr\/site\/wp-content\/uploads\/2023\/08\/04I1546-2-1320x880.jpg 1320w, https:\/\/www.fcgueugnon.fr\/site\/wp-content\/uploads\/2023\/08\/04I1546-2-600x400.jpg 600w\" sizes=\"auto, (max-width: 1024px) 100vw, 1024px\" \/><\/figure>\n\n\n\n<figure class=\"wp-block-image size-large\"><img loading=\"lazy\" decoding=\"async\" width=\"1024\" height=\"683\" data-id=\"5962\" src=\"https:\/\/www.fcgueugnon.fr\/site\/wp-content\/uploads\/2023\/08\/0U8A1606-2-1024x683.jpg\" alt=\"\" class=\"wp-image-5962\" srcset=\"https:\/\/www.fcgueugnon.fr\/site\/wp-content\/uploads\/2023\/08\/0U8A1606-2-1024x683.jpg 1024w, https:\/\/www.fcgueugnon.fr\/site\/wp-content\/uploads\/2023\/08\/0U8A1606-2-400x267.jpg 400w, https:\/\/www.fcgueugnon.fr\/site\/wp-content\/uploads\/2023\/08\/0U8A1606-2-768x512.jpg 768w, https:\/\/www.fcgueugnon.fr\/site\/wp-content\/uploads\/2023\/08\/0U8A1606-2-1536x1024.jpg 1536w, https:\/\/www.fcgueugnon.fr\/site\/wp-content\/uploads\/2023\/08\/0U8A1606-2-2048x1365.jpg 2048w, https:\/\/www.fcgueugnon.fr\/site\/wp-content\/uploads\/2023\/08\/0U8A1606-2-1320x880.jpg 1320w, https:\/\/www.fcgueugnon.fr\/site\/wp-content\/uploads\/2023\/08\/0U8A1606-2-600x400.jpg 600w\" sizes=\"auto, (max-width: 1024px) 100vw, 1024px\" \/><\/figure>\n<\/figure>\n\n\n\n<p class=\"has-text-align-center\"><\/p>\n\n\n\n<div style=\"height:30px\" aria-hidden=\"true\" class=\"wp-block-spacer\"><\/div>\n\n\n\n<p>Le <strong>FC Gueugnon<\/strong> a fait face \u00e0 un d\u00e9fi de taille en affrontant l&rsquo;\u00e9quipe r\u00e9serviste du <strong>Dijon FCO<\/strong> lors de la premi\u00e8re journ\u00e9e de la saison 2023-2024. Nos forgerons, port\u00e9s par leur public, \u00e9taient d\u00e9termin\u00e9s \u00e0 marquer leur empreinte d\u00e8s le d\u00e9but de ce nouveau championnat.<\/p>\n\n\n\n<p><br>La premi\u00e8re p\u00e9riode du match est intense et pleine d&rsquo;occasions. D\u00e8s les premiers instants, le <strong>DFCO B<\/strong> a montr\u00e9 sa volont\u00e9 de rivaliser en attaque, mais la solide d\u00e9fense forgeronne a tenu bon. Nos jaunes et bleu ont multipli\u00e9 les tentatives pour ouvrir le score, mais le gardien adverse s&rsquo;est montr\u00e9 \u00e0 la hauteur. Malgr\u00e9 les efforts des deux \u00e9quipes, la premi\u00e8re mi-temps s&rsquo;ach\u00e8ve sur un score nul (0-0).<\/p>\n\n\n\n<p><br>La seconde p\u00e9riode a \u00e9t\u00e9 marqu\u00e9e par un changement de dynamique. \u00c0 la 51e minute, <strong>Fraty Miezi Kembolo<\/strong> inscrit un superbe but de la t\u00eate permettant \u00e0 <strong>Gueugnon <\/strong>de prendre l&rsquo;avantage (1-0). Les visiteurs n&rsquo;ont pas abdiqu\u00e9 et ont r\u00e9ussi \u00e0 \u00e9galiser en fin de partie (88e) gr\u00e2ce un but de <strong>Cyril Onana<\/strong> (1-1). &nbsp;Alors que le temps s&rsquo;\u00e9coulait, les deux \u00e9quipes cherchaient \u00e0 d\u00e9crocher la victoire et, \u00e0 la 92e minute, c&rsquo;est bien le <strong>FC Gueugnon <\/strong>qui obtient un penalty indiscutable et crucial apr\u00e8s une faute sur <strong>Amine Ramdane<\/strong>. Celui-ci se charge lui-m\u00eame de la transformation avec une panenka audacieuse, envoyant la balle au fond des filets (90+2&prime; 2-1).<\/p>\n\n\n\n<p><br>Le FC Gueugnon l\u2019emporte sur le score final de 2 \u00e0 1. Les forgerons ont d\u00e9montr\u00e9 leur t\u00e9nacit\u00e9 et leur d\u00e9termination tout au long du match. La prochaine \u00e9ch\u00e9ance pour l&rsquo;\u00e9quipe sera un affrontement contre le <strong>GFA Rumilly Valli\u00e8res,<\/strong> une rencontre qui promet d&rsquo;\u00eatre tout aussi intense et disput\u00e9e. Avec cette victoire en poche, <strong>Gueugnon <\/strong>peut aborder les prochains d\u00e9fis avec confiance.<\/p>\n\n\n\n<div style=\"height:100px\" aria-hidden=\"true\" class=\"wp-block-spacer\"><\/div>\n\n\n\n<h2 class=\"wp-block-heading\">R\u00e9sum\u00e9 Vid\u00e9o<\/h2>\n\n\n\n<figure class=\"wp-block-embed is-type-video is-provider-youtube wp-block-embed-youtube wp-embed-aspect-16-9 wp-has-aspect-ratio\"><div class=\"wp-block-embed__wrapper\">\n<iframe loading=\"lazy\" title=\"FC Gueugnon - Dijon FCO B | Journ\u00e9e 01 | R\u00e9sum\u00e9 Complet\" width=\"1200\" height=\"675\" src=\"https:\/\/www.youtube.com\/embed\/zinnmM8b6OE?feature=oembed\" frameborder=\"0\" allow=\"accelerometer; autoplay; clipboard-write; encrypted-media; gyroscope; picture-in-picture; web-share\" allowfullscreen><\/iframe>\n<\/div><\/figure>\n\n\n\n<div style=\"height:100px\" aria-hidden=\"true\" class=\"wp-block-spacer\"><\/div>\n\n\n\n<h2 class=\"wp-block-heading\">R\u00e9action<\/h2>\n\n\n\n<div class=\"wp-block-media-text has-media-on-the-right is-stacked-on-mobile is-image-fill\"><div class=\"wp-block-media-text__content\">\n<p><strong>Philippe Correia, entra\u00eeneur :<\/strong><\/p>\n\n\n\n<p><em>\u00ab Aujourd&rsquo;hui, c&rsquo;est la victoire d&rsquo;un groupe et d&rsquo;une \u00e9quipe qui s&rsquo;arrache, qui s&rsquo;investit et qui ne l\u00e2che rien et pour cela, je les f\u00e9licite \u00bb<\/em><\/p>\n\n\n\n<div style=\"height:10px\" aria-hidden=\"true\" class=\"wp-block-spacer\"><\/div>\n\n\n\n<p><em><sub>R\u00e9actions compl\u00e8tes \u00e0 retrouver ce mercredi \u00e0 10:15 et \u00e0 18:30 en direct sur Radio Cactus (FM 92.2) et jeudi en podcast sur notre site officiel !<\/sub><\/em><\/p>\n<\/div><figure class=\"wp-block-media-text__media\" style=\"background-image:url(https:\/\/www.fcgueugnon.fr\/site\/wp-content\/uploads\/2023\/05\/Philippe-Correia-1024x659.jpg);background-position:50% 50%\"><img loading=\"lazy\" decoding=\"async\" width=\"1024\" height=\"659\" src=\"https:\/\/www.fcgueugnon.fr\/site\/wp-content\/uploads\/2023\/05\/Philippe-Correia-1024x659.jpg\" alt=\"\" class=\"wp-image-4469 size-full\" srcset=\"https:\/\/www.fcgueugnon.fr\/site\/wp-content\/uploads\/2023\/05\/Philippe-Correia-1024x659.jpg 1024w, https:\/\/www.fcgueugnon.fr\/site\/wp-content\/uploads\/2023\/05\/Philippe-Correia-400x257.jpg 400w, https:\/\/www.fcgueugnon.fr\/site\/wp-content\/uploads\/2023\/05\/Philippe-Correia-768x494.jpg 768w, https:\/\/www.fcgueugnon.fr\/site\/wp-content\/uploads\/2023\/05\/Philippe-Correia-1320x849.jpg 1320w, https:\/\/www.fcgueugnon.fr\/site\/wp-content\/uploads\/2023\/05\/Philippe-Correia-600x386.jpg 600w, https:\/\/www.fcgueugnon.fr\/site\/wp-content\/uploads\/2023\/05\/Philippe-Correia.jpg 1407w\" sizes=\"auto, (max-width: 1024px) 100vw, 1024px\" \/><\/figure><\/div>\n\n\n\n<div style=\"height:40px\" aria-hidden=\"true\" class=\"wp-block-spacer\"><\/div>\n\n\n\n<hr class=\"wp-block-separator has-text-color has-css-opacity has-background\" style=\"background-color:#f7db4a;color:#f7db4a\"\/>\n\n\n\n<h3 class=\"wp-block-heading has-text-align-center\"><strong>\u2139 Prochains matchs : <\/strong><br>&#8211; Samedi 02\/09 \u00e0 17h00 : Rumilly Valli\u00e8res \/ FC Gueugnon<br>&#8211; Samedi 09\/09 \u00e0 17h00 : FC Gueugnon \/ CA Pontarlier <\/h3>\n\n\n\n<hr class=\"wp-block-separator has-text-color has-css-opacity has-background\" style=\"background-color:#f7db4a;color:#f7db4a\"\/>\n\n\n\n<h3 class=\"wp-block-heading\">\u26bd <strong>Score final<\/strong><\/h3>\n\n\n\n<p><strong>Au Stade Jean Laville <\/strong><br>FC Gueugnon 2-1 Dijon FCO B<br>Buts : FC Gueugnon : Fraty Miezi Kembolo  (51&prime;) ; Amine Ramdane (90+2&prime;)  &#8211;  DFCO B : Cyril Onana (88&prime;) <br>Affluence : 501 spectateurs<\/p>\n\n\n\n<p><strong>Officiels<\/strong><br>Arbitre centre : CHAKIB NEGHLIZ<br>Arbitre assistant 1 : MATHIAS DONAT<br>Arbitre assistant 2 : AURELIEN PLAT<br>D\u00e9l\u00e9gu\u00e9 principal : DAVID BERQUIER<\/p>\n\n\n\n<div style=\"height:20px\" aria-hidden=\"true\" class=\"wp-block-spacer\"><\/div>\n\n\n\n<p>\ud83d\udfe1\ud83d\udd35&nbsp;<strong>Composition d\u2019\u00e9quipe<\/strong><\/p>\n\n\n\n<p>Njock \u2013 Mambo, Fahrasmane, Ciss\u00e9, Chauvet \u2013 Luanda (cap.), Mohamed, Clerval (83&prime; Doridot), Gnahore \u2013 Kembolo (68&prime; Ramdane), Bouekou (83&prime; Diomand\u00e9).<\/p>\n\n\n\n<div style=\"height:38px\" aria-hidden=\"true\" class=\"wp-block-spacer\"><\/div>\n\n\n\n<h3 class=\"wp-block-heading\">\ud83d\udd0d <strong>Plus d&rsquo;articles <\/strong><\/h3>\n\n\n\n<blockquote class=\"wp-block-quote is-layout-flow wp-block-quote-is-layout-flow\">\n<p>\u25ba <a href=\"https:\/\/www.fcgueugnon.fr\/site\/n3-j01-fc-gueugnon-dijon-fco-b-merevis-consulting-partenaire-de-la-rencontre\/5899\">Merevis Consulting, partenaire de la rencontre<\/a><\/p>\n\n\n\n<p>\u25ba <a href=\"https:\/\/www.fcgueugnon.fr\/site\/interview-forgeron-mag-1-avec-ibrahim-mohamed\/5904\">Forgeron Mag #1 avec Ibrahim Mohamed<\/a><\/p>\n\n\n\n<p><span style=\"line-height: 1.5;\">\u25ba <\/span><a href=\"https:\/\/www.fcgueugnon.fr\/site\/n3-j01-fc-gueugnon-dijon-fco-b-suivez-le-match-en-live\/5912\"><span style=\"line-height: 1.5;\">Revivre le li<\/span>ve<\/a><\/p>\n<\/blockquote>\n\n\n\n<div style=\"height:38px\" aria-hidden=\"true\" class=\"wp-block-spacer\"><\/div>\n\n\n\n<h3 class=\"wp-block-heading\">\ud83d\uddd3&nbsp;<strong>La 1ere journ\u00e9e de N3<\/strong><\/h3>\n\n\n\n<p>Samedi 26 Ao\u00fbt<br>18:00 : Is-Selongey \u2013 UCS Cosne : 1-5<br>18:00 : Besan\u00e7on Foot \u2013 Jura Dolois : 2-0<br>18:00 : ASPTT Dijon \u2013 Moulins-Yzeure : 0-1<br>18:00 : CA Pontarlier \u2013 GFA Rumilly : 1-0<br>18:00 : FC Gueugnon \u2013 Dijon FCO B : 2-1<br>18:00 : La Chapelle Guinchay \u2013 Louhans-Cuiseaux : 1-4<\/p>\n\n\n\n<p>Dimanche 27 Ao\u00fbt : <br>15:00 : Sochaux-Montb\u00e9liard B \u2013 FC Vesoul : 0-1<\/p>\n\n\n\n<p>\u25ba <a href=\"https:\/\/www.fcgueugnon.fr\/site\/calendrier-seniors-a-national-3-bourgogne-franche-comte\">Calendrier<\/a><\/p>\n\n\n\n<p>\u25ba <a href=\"https:\/\/www.fcgueugnon.fr\/site\/classement-national-3-bourgogne-franche-comte\">Classement<\/a><\/p>\n","protected":false},"excerpt":{"rendered":"<p>Nos forgerons ont triomph\u00e9 lors de leur premi\u00e8re rencontre face au Dijon FCO B, marquant ainsi un d\u00e9but de saison prometteur ! Le FC Gueugnon a fait face \u00e0 un d\u00e9fi de taille en affrontant l&rsquo;\u00e9quipe r\u00e9serviste du Dijon FCO lors de la premi\u00e8re journ\u00e9e de la saison 2023-2024. Nos forgerons, port\u00e9s par leur public, &#8230; <\/p>\n<p class=\"read-more-container\"><a title=\"[N3 J01 : FC Gueugnon \u2013 Dijon FCO B] R\u00e9sultat, r\u00e9actions et r\u00e9sum\u00e9 vid\u00e9o\" class=\"read-more button\" href=\"https:\/\/www.fcgueugnon.fr\/site\/n3-j01-fc-gueugnon-dijon-fco-b-resultat-reactions-et-resume-video\/5943#more-5943\" aria-label=\"Plus sur [N3 J01 : FC Gueugnon \u2013 Dijon FCO B] R\u00e9sultat, r\u00e9actions et r\u00e9sum\u00e9 vid\u00e9o\">Lire la suite<\/a><\/p>\n","protected":false},"author":4,"featured_media":5957,"comment_status":"closed","ping_status":"closed","sticky":true,"template":"","format":"standard","meta":{"footnotes":""},"categories":[4,55],"tags":[27,31],"class_list":["post-5943","post","type-post","status-publish","format-standard","has-post-thumbnail","hentry","category-news","category-news-2023-2024","tag-resultat","tag-video","infinite-scroll-item","generate-columns","tablet-grid-50","mobile-grid-100","grid-parent","grid-25"],"yoast_head":"<!-- This site is optimized with the Yoast SEO plugin v26.6 - https:\/\/yoast.com\/wordpress\/plugins\/seo\/ -->\n<title>[N3 J01 : FC Gueugnon \u2013 Dijon FCO B] R\u00e9sultat, r\u00e9actions et r\u00e9sum\u00e9 vid\u00e9o &#8226; FOOTBALL CLUB GUEUGNON<\/title>\n<meta name=\"robots\" content=\"index, follow, max-snippet:-1, max-image-preview:large, max-video-preview:-1\" \/>\n<link rel=\"canonical\" href=\"https:\/\/www.fcgueugnon.fr\/site\/n3-j01-fc-gueugnon-dijon-fco-b-resultat-reactions-et-resume-video\/5943\" \/>\n<meta property=\"og:locale\" content=\"fr_FR\" \/>\n<meta property=\"og:type\" content=\"article\" \/>\n<meta property=\"og:title\" content=\"[N3 J01 : FC Gueugnon \u2013 Dijon FCO B] R\u00e9sultat, r\u00e9actions et r\u00e9sum\u00e9 vid\u00e9o &#8226; FOOTBALL CLUB GUEUGNON\" \/>\n<meta property=\"og:description\" content=\"Nos forgerons ont triomph\u00e9 lors de leur premi\u00e8re rencontre face au Dijon FCO B, marquant ainsi un d\u00e9but de saison prometteur ! Le FC Gueugnon a fait face \u00e0 un d\u00e9fi de taille en affrontant l&rsquo;\u00e9quipe r\u00e9serviste du Dijon FCO lors de la premi\u00e8re journ\u00e9e de la saison 2023-2024. Nos forgerons, port\u00e9s par leur public, ... Lire la suite\" \/>\n<meta property=\"og:url\" content=\"https:\/\/www.fcgueugnon.fr\/site\/n3-j01-fc-gueugnon-dijon-fco-b-resultat-reactions-et-resume-video\/5943\" \/>\n<meta property=\"og:site_name\" content=\"FOOTBALL CLUB GUEUGNON\" \/>\n<meta property=\"article:publisher\" content=\"http:\/\/facebook.com\/FCGueugnon\" \/>\n<meta property=\"article:published_time\" content=\"2023-08-28T14:37:17+00:00\" \/>\n<meta property=\"article:modified_time\" content=\"2024-02-21T20:43:20+00:00\" \/>\n<meta property=\"og:image\" content=\"https:\/\/www.fcgueugnon.fr\/site\/wp-content\/uploads\/2023\/08\/6-scaled.jpg\" \/>\n\t<meta property=\"og:image:width\" content=\"2560\" \/>\n\t<meta property=\"og:image:height\" content=\"1707\" \/>\n\t<meta property=\"og:image:type\" content=\"image\/jpeg\" \/>\n<meta name=\"author\" content=\"FC Gueugnon\" \/>\n<meta name=\"twitter:card\" content=\"summary_large_image\" \/>\n<meta name=\"twitter:creator\" content=\"@FCGueugnon_off\" \/>\n<meta name=\"twitter:site\" content=\"@FCGueugnon_off\" \/>\n<meta name=\"twitter:label1\" content=\"\u00c9crit par\" \/>\n\t<meta name=\"twitter:data1\" content=\"FC Gueugnon\" \/>\n\t<meta name=\"twitter:label2\" content=\"Dur\u00e9e de lecture estim\u00e9e\" \/>\n\t<meta name=\"twitter:data2\" content=\"5 minutes\" \/>\n<script type=\"application\/ld+json\" class=\"yoast-schema-graph\">{\"@context\":\"https:\/\/schema.org\",\"@graph\":[{\"@type\":\"Article\",\"@id\":\"https:\/\/www.fcgueugnon.fr\/site\/n3-j01-fc-gueugnon-dijon-fco-b-resultat-reactions-et-resume-video\/5943#article\",\"isPartOf\":{\"@id\":\"https:\/\/www.fcgueugnon.fr\/site\/n3-j01-fc-gueugnon-dijon-fco-b-resultat-reactions-et-resume-video\/5943\"},\"author\":{\"name\":\"FC Gueugnon\",\"@id\":\"https:\/\/www.fcgueugnon.fr\/site\/#\/schema\/person\/6b88acb9354d23e86675fc81c54ed359\"},\"headline\":\"[N3 J01 : FC Gueugnon \u2013 Dijon FCO B] R\u00e9sultat, r\u00e9actions et r\u00e9sum\u00e9 vid\u00e9o\",\"datePublished\":\"2023-08-28T14:37:17+00:00\",\"dateModified\":\"2024-02-21T20:43:20+00:00\",\"mainEntityOfPage\":{\"@id\":\"https:\/\/www.fcgueugnon.fr\/site\/n3-j01-fc-gueugnon-dijon-fco-b-resultat-reactions-et-resume-video\/5943\"},\"wordCount\":575,\"publisher\":{\"@id\":\"https:\/\/www.fcgueugnon.fr\/site\/#organization\"},\"image\":{\"@id\":\"https:\/\/www.fcgueugnon.fr\/site\/n3-j01-fc-gueugnon-dijon-fco-b-resultat-reactions-et-resume-video\/5943#primaryimage\"},\"thumbnailUrl\":\"https:\/\/www.fcgueugnon.fr\/site\/wp-content\/uploads\/2023\/08\/6-scaled.jpg\",\"keywords\":[\"R\u00e9sultat\",\"Vid\u00e9o\"],\"articleSection\":[\"News\",\"News 2023\/2024\"],\"inLanguage\":\"fr-FR\"},{\"@type\":\"WebPage\",\"@id\":\"https:\/\/www.fcgueugnon.fr\/site\/n3-j01-fc-gueugnon-dijon-fco-b-resultat-reactions-et-resume-video\/5943\",\"url\":\"https:\/\/www.fcgueugnon.fr\/site\/n3-j01-fc-gueugnon-dijon-fco-b-resultat-reactions-et-resume-video\/5943\",\"name\":\"[N3 J01 : FC Gueugnon \u2013 Dijon FCO B] R\u00e9sultat, r\u00e9actions et r\u00e9sum\u00e9 vid\u00e9o &#8226; FOOTBALL CLUB GUEUGNON\",\"isPartOf\":{\"@id\":\"https:\/\/www.fcgueugnon.fr\/site\/#website\"},\"primaryImageOfPage\":{\"@id\":\"https:\/\/www.fcgueugnon.fr\/site\/n3-j01-fc-gueugnon-dijon-fco-b-resultat-reactions-et-resume-video\/5943#primaryimage\"},\"image\":{\"@id\":\"https:\/\/www.fcgueugnon.fr\/site\/n3-j01-fc-gueugnon-dijon-fco-b-resultat-reactions-et-resume-video\/5943#primaryimage\"},\"thumbnailUrl\":\"https:\/\/www.fcgueugnon.fr\/site\/wp-content\/uploads\/2023\/08\/6-scaled.jpg\",\"datePublished\":\"2023-08-28T14:37:17+00:00\",\"dateModified\":\"2024-02-21T20:43:20+00:00\",\"breadcrumb\":{\"@id\":\"https:\/\/www.fcgueugnon.fr\/site\/n3-j01-fc-gueugnon-dijon-fco-b-resultat-reactions-et-resume-video\/5943#breadcrumb\"},\"inLanguage\":\"fr-FR\",\"potentialAction\":[{\"@type\":\"ReadAction\",\"target\":[\"https:\/\/www.fcgueugnon.fr\/site\/n3-j01-fc-gueugnon-dijon-fco-b-resultat-reactions-et-resume-video\/5943\"]}]},{\"@type\":\"ImageObject\",\"inLanguage\":\"fr-FR\",\"@id\":\"https:\/\/www.fcgueugnon.fr\/site\/n3-j01-fc-gueugnon-dijon-fco-b-resultat-reactions-et-resume-video\/5943#primaryimage\",\"url\":\"https:\/\/www.fcgueugnon.fr\/site\/wp-content\/uploads\/2023\/08\/6-scaled.jpg\",\"contentUrl\":\"https:\/\/www.fcgueugnon.fr\/site\/wp-content\/uploads\/2023\/08\/6-scaled.jpg\",\"width\":2560,\"height\":1707},{\"@type\":\"BreadcrumbList\",\"@id\":\"https:\/\/www.fcgueugnon.fr\/site\/n3-j01-fc-gueugnon-dijon-fco-b-resultat-reactions-et-resume-video\/5943#breadcrumb\",\"itemListElement\":[{\"@type\":\"ListItem\",\"position\":1,\"name\":\"Accueil\",\"item\":\"https:\/\/www.fcgueugnon.fr\/site\/\"},{\"@type\":\"ListItem\",\"position\":2,\"name\":\"[N3 J01 : FC Gueugnon \u2013 Dijon FCO B] R\u00e9sultat, r\u00e9actions et r\u00e9sum\u00e9 vid\u00e9o\"}]},{\"@type\":\"WebSite\",\"@id\":\"https:\/\/www.fcgueugnon.fr\/site\/#website\",\"url\":\"https:\/\/www.fcgueugnon.fr\/site\/\",\"name\":\"FOOTBALL CLUB GUEUGNON\",\"description\":\"Le Site Officiel des Forgerons\",\"publisher\":{\"@id\":\"https:\/\/www.fcgueugnon.fr\/site\/#organization\"},\"potentialAction\":[{\"@type\":\"SearchAction\",\"target\":{\"@type\":\"EntryPoint\",\"urlTemplate\":\"https:\/\/www.fcgueugnon.fr\/site\/?s={search_term_string}\"},\"query-input\":{\"@type\":\"PropertyValueSpecification\",\"valueRequired\":true,\"valueName\":\"search_term_string\"}}],\"inLanguage\":\"fr-FR\"},{\"@type\":\"Organization\",\"@id\":\"https:\/\/www.fcgueugnon.fr\/site\/#organization\",\"name\":\"FC Gueugnon\",\"url\":\"https:\/\/www.fcgueugnon.fr\/site\/\",\"logo\":{\"@type\":\"ImageObject\",\"inLanguage\":\"fr-FR\",\"@id\":\"https:\/\/www.fcgueugnon.fr\/site\/#\/schema\/logo\/image\/\",\"url\":\"https:\/\/www.fcgueugnon.fr\/site\/wp-content\/uploads\/2022\/07\/cropped-Logo-FCGUEUGNON-low-350x350-1.png\",\"contentUrl\":\"https:\/\/www.fcgueugnon.fr\/site\/wp-content\/uploads\/2022\/07\/cropped-Logo-FCGUEUGNON-low-350x350-1.png\",\"width\":350,\"height\":350,\"caption\":\"FC Gueugnon\"},\"image\":{\"@id\":\"https:\/\/www.fcgueugnon.fr\/site\/#\/schema\/logo\/image\/\"},\"sameAs\":[\"http:\/\/facebook.com\/FCGueugnon\",\"https:\/\/x.com\/FCGueugnon_off\",\"https:\/\/www.instagram.com\/fcgueugnon\/\",\"https:\/\/www.linkedin.com\/company\/football-club-de-gueugnon\/\",\"https:\/\/www.youtube.com\/user\/FCGueugnonnais\",\"https:\/\/fr.wikipedia.org\/wiki\/Football_Club_de_Gueugnon\"]},{\"@type\":\"Person\",\"@id\":\"https:\/\/www.fcgueugnon.fr\/site\/#\/schema\/person\/6b88acb9354d23e86675fc81c54ed359\",\"name\":\"FC Gueugnon\",\"url\":\"https:\/\/www.fcgueugnon.fr\/site\/author\/man-antu\"}]}<\/script>\n<!-- \/ Yoast SEO plugin. -->","yoast_head_json":{"title":"[N3 J01 : FC Gueugnon \u2013 Dijon FCO B] R\u00e9sultat, r\u00e9actions et r\u00e9sum\u00e9 vid\u00e9o &#8226; FOOTBALL CLUB GUEUGNON","robots":{"index":"index","follow":"follow","max-snippet":"max-snippet:-1","max-image-preview":"max-image-preview:large","max-video-preview":"max-video-preview:-1"},"canonical":"https:\/\/www.fcgueugnon.fr\/site\/n3-j01-fc-gueugnon-dijon-fco-b-resultat-reactions-et-resume-video\/5943","og_locale":"fr_FR","og_type":"article","og_title":"[N3 J01 : FC Gueugnon \u2013 Dijon FCO B] R\u00e9sultat, r\u00e9actions et r\u00e9sum\u00e9 vid\u00e9o &#8226; FOOTBALL CLUB GUEUGNON","og_description":"Nos forgerons ont triomph\u00e9 lors de leur premi\u00e8re rencontre face au Dijon FCO B, marquant ainsi un d\u00e9but de saison prometteur ! Le FC Gueugnon a fait face \u00e0 un d\u00e9fi de taille en affrontant l&rsquo;\u00e9quipe r\u00e9serviste du Dijon FCO lors de la premi\u00e8re journ\u00e9e de la saison 2023-2024. Nos forgerons, port\u00e9s par leur public, ... Lire la suite","og_url":"https:\/\/www.fcgueugnon.fr\/site\/n3-j01-fc-gueugnon-dijon-fco-b-resultat-reactions-et-resume-video\/5943","og_site_name":"FOOTBALL CLUB GUEUGNON","article_publisher":"http:\/\/facebook.com\/FCGueugnon","article_published_time":"2023-08-28T14:37:17+00:00","article_modified_time":"2024-02-21T20:43:20+00:00","og_image":[{"width":2560,"height":1707,"url":"https:\/\/www.fcgueugnon.fr\/site\/wp-content\/uploads\/2023\/08\/6-scaled.jpg","type":"image\/jpeg"}],"author":"FC Gueugnon","twitter_card":"summary_large_image","twitter_creator":"@FCGueugnon_off","twitter_site":"@FCGueugnon_off","twitter_misc":{"\u00c9crit par":"FC Gueugnon","Dur\u00e9e de lecture estim\u00e9e":"5 minutes"},"schema":{"@context":"https:\/\/schema.org","@graph":[{"@type":"Article","@id":"https:\/\/www.fcgueugnon.fr\/site\/n3-j01-fc-gueugnon-dijon-fco-b-resultat-reactions-et-resume-video\/5943#article","isPartOf":{"@id":"https:\/\/www.fcgueugnon.fr\/site\/n3-j01-fc-gueugnon-dijon-fco-b-resultat-reactions-et-resume-video\/5943"},"author":{"name":"FC Gueugnon","@id":"https:\/\/www.fcgueugnon.fr\/site\/#\/schema\/person\/6b88acb9354d23e86675fc81c54ed359"},"headline":"[N3 J01 : FC Gueugnon \u2013 Dijon FCO B] R\u00e9sultat, r\u00e9actions et r\u00e9sum\u00e9 vid\u00e9o","datePublished":"2023-08-28T14:37:17+00:00","dateModified":"2024-02-21T20:43:20+00:00","mainEntityOfPage":{"@id":"https:\/\/www.fcgueugnon.fr\/site\/n3-j01-fc-gueugnon-dijon-fco-b-resultat-reactions-et-resume-video\/5943"},"wordCount":575,"publisher":{"@id":"https:\/\/www.fcgueugnon.fr\/site\/#organization"},"image":{"@id":"https:\/\/www.fcgueugnon.fr\/site\/n3-j01-fc-gueugnon-dijon-fco-b-resultat-reactions-et-resume-video\/5943#primaryimage"},"thumbnailUrl":"https:\/\/www.fcgueugnon.fr\/site\/wp-content\/uploads\/2023\/08\/6-scaled.jpg","keywords":["R\u00e9sultat","Vid\u00e9o"],"articleSection":["News","News 2023\/2024"],"inLanguage":"fr-FR"},{"@type":"WebPage","@id":"https:\/\/www.fcgueugnon.fr\/site\/n3-j01-fc-gueugnon-dijon-fco-b-resultat-reactions-et-resume-video\/5943","url":"https:\/\/www.fcgueugnon.fr\/site\/n3-j01-fc-gueugnon-dijon-fco-b-resultat-reactions-et-resume-video\/5943","name":"[N3 J01 : FC Gueugnon \u2013 Dijon FCO B] R\u00e9sultat, r\u00e9actions et r\u00e9sum\u00e9 vid\u00e9o &#8226; FOOTBALL CLUB GUEUGNON","isPartOf":{"@id":"https:\/\/www.fcgueugnon.fr\/site\/#website"},"primaryImageOfPage":{"@id":"https:\/\/www.fcgueugnon.fr\/site\/n3-j01-fc-gueugnon-dijon-fco-b-resultat-reactions-et-resume-video\/5943#primaryimage"},"image":{"@id":"https:\/\/www.fcgueugnon.fr\/site\/n3-j01-fc-gueugnon-dijon-fco-b-resultat-reactions-et-resume-video\/5943#primaryimage"},"thumbnailUrl":"https:\/\/www.fcgueugnon.fr\/site\/wp-content\/uploads\/2023\/08\/6-scaled.jpg","datePublished":"2023-08-28T14:37:17+00:00","dateModified":"2024-02-21T20:43:20+00:00","breadcrumb":{"@id":"https:\/\/www.fcgueugnon.fr\/site\/n3-j01-fc-gueugnon-dijon-fco-b-resultat-reactions-et-resume-video\/5943#breadcrumb"},"inLanguage":"fr-FR","potentialAction":[{"@type":"ReadAction","target":["https:\/\/www.fcgueugnon.fr\/site\/n3-j01-fc-gueugnon-dijon-fco-b-resultat-reactions-et-resume-video\/5943"]}]},{"@type":"ImageObject","inLanguage":"fr-FR","@id":"https:\/\/www.fcgueugnon.fr\/site\/n3-j01-fc-gueugnon-dijon-fco-b-resultat-reactions-et-resume-video\/5943#primaryimage","url":"https:\/\/www.fcgueugnon.fr\/site\/wp-content\/uploads\/2023\/08\/6-scaled.jpg","contentUrl":"https:\/\/www.fcgueugnon.fr\/site\/wp-content\/uploads\/2023\/08\/6-scaled.jpg","width":2560,"height":1707},{"@type":"BreadcrumbList","@id":"https:\/\/www.fcgueugnon.fr\/site\/n3-j01-fc-gueugnon-dijon-fco-b-resultat-reactions-et-resume-video\/5943#breadcrumb","itemListElement":[{"@type":"ListItem","position":1,"name":"Accueil","item":"https:\/\/www.fcgueugnon.fr\/site\/"},{"@type":"ListItem","position":2,"name":"[N3 J01 : FC Gueugnon \u2013 Dijon FCO B] R\u00e9sultat, r\u00e9actions et r\u00e9sum\u00e9 vid\u00e9o"}]},{"@type":"WebSite","@id":"https:\/\/www.fcgueugnon.fr\/site\/#website","url":"https:\/\/www.fcgueugnon.fr\/site\/","name":"FOOTBALL CLUB GUEUGNON","description":"Le Site Officiel des Forgerons","publisher":{"@id":"https:\/\/www.fcgueugnon.fr\/site\/#organization"},"potentialAction":[{"@type":"SearchAction","target":{"@type":"EntryPoint","urlTemplate":"https:\/\/www.fcgueugnon.fr\/site\/?s={search_term_string}"},"query-input":{"@type":"PropertyValueSpecification","valueRequired":true,"valueName":"search_term_string"}}],"inLanguage":"fr-FR"},{"@type":"Organization","@id":"https:\/\/www.fcgueugnon.fr\/site\/#organization","name":"FC Gueugnon","url":"https:\/\/www.fcgueugnon.fr\/site\/","logo":{"@type":"ImageObject","inLanguage":"fr-FR","@id":"https:\/\/www.fcgueugnon.fr\/site\/#\/schema\/logo\/image\/","url":"https:\/\/www.fcgueugnon.fr\/site\/wp-content\/uploads\/2022\/07\/cropped-Logo-FCGUEUGNON-low-350x350-1.png","contentUrl":"https:\/\/www.fcgueugnon.fr\/site\/wp-content\/uploads\/2022\/07\/cropped-Logo-FCGUEUGNON-low-350x350-1.png","width":350,"height":350,"caption":"FC Gueugnon"},"image":{"@id":"https:\/\/www.fcgueugnon.fr\/site\/#\/schema\/logo\/image\/"},"sameAs":["http:\/\/facebook.com\/FCGueugnon","https:\/\/x.com\/FCGueugnon_off","https:\/\/www.instagram.com\/fcgueugnon\/","https:\/\/www.linkedin.com\/company\/football-club-de-gueugnon\/","https:\/\/www.youtube.com\/user\/FCGueugnonnais","https:\/\/fr.wikipedia.org\/wiki\/Football_Club_de_Gueugnon"]},{"@type":"Person","@id":"https:\/\/www.fcgueugnon.fr\/site\/#\/schema\/person\/6b88acb9354d23e86675fc81c54ed359","name":"FC Gueugnon","url":"https:\/\/www.fcgueugnon.fr\/site\/author\/man-antu"}]}},"rttpg_featured_image_url":{"full":["https:\/\/www.fcgueugnon.fr\/site\/wp-content\/uploads\/2023\/08\/6-scaled.jpg",2560,1707,false],"landscape":["https:\/\/www.fcgueugnon.fr\/site\/wp-content\/uploads\/2023\/08\/6-scaled.jpg",2560,1707,false],"portraits":["https:\/\/www.fcgueugnon.fr\/site\/wp-content\/uploads\/2023\/08\/6-scaled.jpg",2560,1707,false],"thumbnail":["https:\/\/www.fcgueugnon.fr\/site\/wp-content\/uploads\/2023\/08\/6-150x150.jpg",150,150,true],"medium":["https:\/\/www.fcgueugnon.fr\/site\/wp-content\/uploads\/2023\/08\/6-400x267.jpg",400,267,true],"large":["https:\/\/www.fcgueugnon.fr\/site\/wp-content\/uploads\/2023\/08\/6-1024x683.jpg",1024,683,true],"1536x1536":["https:\/\/www.fcgueugnon.fr\/site\/wp-content\/uploads\/2023\/08\/6-1536x1024.jpg",1536,1024,true],"2048x2048":["https:\/\/www.fcgueugnon.fr\/site\/wp-content\/uploads\/2023\/08\/6-2048x1365.jpg",2048,1365,true]},"rttpg_author":{"display_name":"FC Gueugnon","author_link":"https:\/\/www.fcgueugnon.fr\/site\/author\/man-antu"},"rttpg_comment":0,"rttpg_category":"<a href=\"https:\/\/www.fcgueugnon.fr\/site\/category\/news\" rel=\"category tag\">News<\/a> <a href=\"https:\/\/www.fcgueugnon.fr\/site\/category\/news\/news-2023-2024\" rel=\"category tag\">News 2023\/2024<\/a>","rttpg_excerpt":"Nos forgerons ont triomph\u00e9 lors de leur premi\u00e8re rencontre face au Dijon FCO B, marquant ainsi un d\u00e9but de saison prometteur ! Le FC Gueugnon a fait face \u00e0 un d\u00e9fi de taille en affrontant l&rsquo;\u00e9quipe r\u00e9serviste du Dijon FCO lors de la premi\u00e8re journ\u00e9e de la saison 2023-2024. Nos forgerons, port\u00e9s par leur public,\u2026","_links":{"self":[{"href":"https:\/\/www.fcgueugnon.fr\/site\/wp-json\/wp\/v2\/posts\/5943","targetHints":{"allow":["GET"]}}],"collection":[{"href":"https:\/\/www.fcgueugnon.fr\/site\/wp-json\/wp\/v2\/posts"}],"about":[{"href":"https:\/\/www.fcgueugnon.fr\/site\/wp-json\/wp\/v2\/types\/post"}],"author":[{"embeddable":true,"href":"https:\/\/www.fcgueugnon.fr\/site\/wp-json\/wp\/v2\/users\/4"}],"replies":[{"embeddable":true,"href":"https:\/\/www.fcgueugnon.fr\/site\/wp-json\/wp\/v2\/comments?post=5943"}],"version-history":[{"count":11,"href":"https:\/\/www.fcgueugnon.fr\/site\/wp-json\/wp\/v2\/posts\/5943\/revisions"}],"predecessor-version":[{"id":8613,"href":"https:\/\/www.fcgueugnon.fr\/site\/wp-json\/wp\/v2\/posts\/5943\/revisions\/8613"}],"wp:featuredmedia":[{"embeddable":true,"href":"https:\/\/www.fcgueugnon.fr\/site\/wp-json\/wp\/v2\/media\/5957"}],"wp:attachment":[{"href":"https:\/\/www.fcgueugnon.fr\/site\/wp-json\/wp\/v2\/media?parent=5943"}],"wp:term":[{"taxonomy":"category","embeddable":true,"href":"https:\/\/www.fcgueugnon.fr\/site\/wp-json\/wp\/v2\/categories?post=5943"},{"taxonomy":"post_tag","embeddable":true,"href":"https:\/\/www.fcgueugnon.fr\/site\/wp-json\/wp\/v2\/tags?post=5943"}],"curies":[{"name":"wp","href":"https:\/\/api.w.org\/{rel}","templated":true}]}}