{"id":5904,"date":"2023-08-26T16:55:00","date_gmt":"2023-08-26T14:55:00","guid":{"rendered":"https:\/\/www.fcgueugnon.fr\/site\/?p=5904"},"modified":"2023-08-23T20:10:12","modified_gmt":"2023-08-23T18:10:12","slug":"interview-forgeron-mag-1-avec-ibrahim-mohamed","status":"publish","type":"post","link":"https:\/\/www.fcgueugnon.fr\/site\/interview-forgeron-mag-1-avec-ibrahim-mohamed\/5904","title":{"rendered":"[Interview] Forgeron Mag #1 avec Ibrahim Mohamed"},"content":{"rendered":"\n<h3 class=\"wp-block-heading\">D\u00e9couvrez en int\u00e9gralit\u00e9 l&rsquo;entretien de Ibrahim Mohamed diffus\u00e9 \u00e0 l&rsquo;occasion de cette 1\u00e8re journ\u00e9e de reprise du championnat face \u00e0 la r\u00e9serve du DFCO dans le dernier Forgeron Mag de cette saison.<\/h3>\n\n\n\n<div style=\"height:75px\" aria-hidden=\"true\" class=\"wp-block-spacer\"><\/div>\n\n\n<div class=\"wp-block-image\">\n<figure class=\"aligncenter size-large is-resized\"><img loading=\"lazy\" decoding=\"async\" src=\"https:\/\/www.fcgueugnon.fr\/site\/wp-content\/uploads\/2023\/08\/ibrahim-mohamed-1024x683.jpg\" alt=\"\" class=\"wp-image-5907\" style=\"width:768px;height:512px\" width=\"768\" height=\"512\" srcset=\"https:\/\/www.fcgueugnon.fr\/site\/wp-content\/uploads\/2023\/08\/ibrahim-mohamed-1024x683.jpg 1024w, https:\/\/www.fcgueugnon.fr\/site\/wp-content\/uploads\/2023\/08\/ibrahim-mohamed-400x267.jpg 400w, https:\/\/www.fcgueugnon.fr\/site\/wp-content\/uploads\/2023\/08\/ibrahim-mohamed-768x512.jpg 768w, https:\/\/www.fcgueugnon.fr\/site\/wp-content\/uploads\/2023\/08\/ibrahim-mohamed-1536x1024.jpg 1536w, https:\/\/www.fcgueugnon.fr\/site\/wp-content\/uploads\/2023\/08\/ibrahim-mohamed-2048x1365.jpg 2048w, https:\/\/www.fcgueugnon.fr\/site\/wp-content\/uploads\/2023\/08\/ibrahim-mohamed-1320x880.jpg 1320w, https:\/\/www.fcgueugnon.fr\/site\/wp-content\/uploads\/2023\/08\/ibrahim-mohamed-600x400.jpg 600w\" sizes=\"auto, (max-width: 768px) 100vw, 768px\" \/><\/figure>\n<\/div>\n\n\n<div style=\"height:75px\" aria-hidden=\"true\" class=\"wp-block-spacer\"><\/div>\n\n\n\n<p><strong>Bonjour Ibrahim, raconte-nous ton p\u00e9riple depuis les Comores jusqu\u2019\u00e0 Gueugnon\u00a0:<\/strong> <br>\u00ab Je viens des Comores, ce sont 4 \u00eeles dans l\u2019oc\u00e9an Indien. Je suis originaire comme ma maman de Mayotte et mon p\u00e8re \u00e9tait de Grande Comore. Je suis n\u00e9 \u00e0 Mamoudi, \u00e0 l\u2019\u00e2ge de 2 ans, nous sommes all\u00e9s vivre \u00e0 La R\u00e9union une ann\u00e9e avant de partir en France. Nous sommes rest\u00e9s un an en r\u00e9gion Parisienne avant d\u2019aller \u00e0 Clermont. J\u2019ai commenc\u00e9 le foot tr\u00e8s tard, j\u2019avais 13 ans. J\u2019ai jou\u00e9 \u00e0 l\u2019AS Montferrand jusqu\u2019\u00e0 mes 17 ans, puis j\u2019ai int\u00e9gr\u00e9 le centre de formation de Clermont Foot. J\u2019ai int\u00e9gr\u00e9 la N3 avant de quitter Clermont pour rejoindre Chamali\u00e8res (N2) o\u00f9 j\u2019ai pass\u00e9 3 saisons. J\u2019ai ensuite int\u00e9gr\u00e9 Besan\u00e7on Foot pour une saison avant d\u2019\u00eatre rep\u00e9r\u00e9 et recrut\u00e9 par le FCG.\u00a0\u00bb<\/p>\n\n\n\n<p><strong>Tu as connu beaucoup d\u2019endroits avant d\u2019atterrir dans le Charollais, comment le vis-tu et quels sont tes points d\u2019int\u00e9r\u00eats ici\u00a0?<\/strong> <br>\u00ab Mis \u00e0 part le foot, j\u2019aime bien regarder la t\u00e9l\u00e9, des s\u00e9ries, j\u2019aime les jeux vid\u00e9os. Je m\u2019int\u00e9resse aussi \u00e0 d\u2019autres sports\u00a0: basket, handball, rugby\u2026 M\u00eame si Gueugnon est une plus petite ville que Clermont, mes habitudes restent les m\u00eames.\u00a0\u00bb<\/p>\n\n\n\n<figure class=\"wp-block-pullquote\"><blockquote><p>\u00ab  Gueugnon est un tr\u00e8s bon club avec des infrastructures dignes d\u2019un club pro. \u00bb<\/p><\/blockquote><\/figure>\n\n\n\n<p><strong>Tu es rest\u00e9 fid\u00e8le au FCG cette saison, tu fais partie des cadres d\u00e9sormais\u00a0:<\/strong> <br>\u00ab Apr\u00e8s des discussions avec le staff, j\u2019ai d\u00e9cid\u00e9 de prolonger au club. Je n\u2019avais qu\u2019un an de contrat avec une option d\u2019un an. Gueugnon est un tr\u00e8s bon club avec des infrastructures dignes d\u2019un club pro. Je voulais rester au FCG. L\u2019effectif est plus jeune que l\u2019ann\u00e9e derni\u00e8re, on me fait confiance dans ce r\u00f4le de cadre et cela me plait.\u00a0\u00bb<\/p>\n\n\n\n<p><strong>\u00c0 l\u2019heure de cette interview, vous \u00eates toujours en pr\u00e9paration. Raconte-nous comment cela se passe\u00a0:<\/strong> <br>\u00ab On bosse beaucoup\u00a0dans cette pr\u00e9paration. Des s\u00e9ances doubl\u00e9es, \u00e9norm\u00e9ment d\u2019\u00e9nergie d\u00e9pens\u00e9e, c\u2019est dur mais n\u00e9cessaire avant l\u2019entame de saison. <br>Pour vous expliquer une semaine type\u00a0: le lundi nous avons une s\u00e9ance g\u00e9n\u00e9rale \u00e0 18h. Le mardi une s\u00e9ance athl\u00e9tique avant d\u2019enchainer l\u2019apr\u00e8s-midi avec une 2<sup>e<\/sup> s\u00e9ance. Le mercredi matin idem et l\u2019apr\u00e8s-midi soit un match amical, soit une s\u00e9ance g\u00e9n\u00e9rale. Le jeudi \u00e9tait plus l\u00e9ger en pr\u00e9vision du match du w-e. Vendredi, une bonne r\u00e9cup\u00e9ration avant le w-e. Samedi, une s\u00e9ance le matin avec le match amical et enfin repos dimanche.\u00a0\u00bb<\/p>\n\n\n\n<p><strong>Il y a beaucoup de changements dans l\u2019\u00e9quipe cette saison, comment \u00e7a se passe dans le groupe\u00a0:<\/strong> <br>\u00ab Je suis assez confiant sur le groupe. On est tous \u00e0 l\u2019\u00e9coute, on travaille bien. Dans toutes les \u00e9quipes il y a du changement. L\u2019ambiance est bonne dans le groupe, on a tous le m\u00eame objectif. Je suis entre les \u00ab\u00a0plus vieux\u00a0\u00bb et les\u00a0\u00ab\u00a0plus jeunes\u00a0\u00bb en terme d\u2019\u00e2ge, du coup je fais \u00ab\u00a0passerelle\u00a0\u00bb entre les deux. Sur le terrain la communication est bonne, tout le monde a le droit \u00e0 la parole.\u00a0\u00bb<\/p>\n\n\n\n<figure class=\"wp-block-pullquote\"><blockquote><p>\u00ab  Je suis assez confiant sur le groupe. \u00bb<\/p><\/blockquote><\/figure>\n\n\n\n<p><strong>\u00a0Cette saison la N3 va \u00eatre encore plus relev\u00e9e, comment le sens-tu\u00a0?<\/strong> <br>\u00ab Par rapport \u00e0 l\u2019ann\u00e9e derni\u00e8re, on a une \u00e9quipe plus jeune et plus joueuse. Je suis confiant, le groupe a de tr\u00e8s bonnes qualit\u00e9s. On va tout donner pour tirer le club vers le haut.\u00a0\u00bb<\/p>\n\n\n\n<p><strong>La pr\u00e9paration vient de se terminer, peux-tu nous faire un retour\u00a0?<\/strong> <br>\u00ab La pr\u00e9paration a \u00e9t\u00e9 bonne. Je ne tiens pas compte des r\u00e9sultats car certains \u00e9l\u00e9ments ont jou\u00e9 sur les scores finaux. On a de la confiance sur le terrain, le contenu des matches \u00e9tait bon.\u00a0\u00bb<\/p>\n\n\n\n<figure class=\"wp-block-pullquote\"><blockquote><p>\u00ab Il faudra montrer d\u2019entr\u00e9e de jeu qu\u2019on est chez nous ! \u00bb<\/p><\/blockquote><\/figure>\n\n\n\n<p><strong>Premi\u00e8re de la saison \u00e0 domicile contre Dijon, une \u00e9quipe de premier plan, comment vous allez aborder ce match\u00a0?<\/strong> <br>\u00ab Il faudra montrer d\u2019entr\u00e9e de jeu qu\u2019on est chez nous\u00a0! Il faudra user d\u2019intensit\u00e9 et d\u2019agressivit\u00e9 face \u00e0 cette \u00e9quipe. Nous aussi on a une \u00e9quipe jeune qui sait faire de belles choses avec le ballon. Comme je l\u2019ai dit, je suis confiant pour cette saison.\u00a0\u00bb<\/p>\n\n\n\n<p><strong>Le mot de la fin\u00a0?<\/strong> <br>\u00ab Merci \u00e0 tous les supporters et les Ultras de venir nous encourager\u00a0! On va donner notre maximum pour vous rendre le sourire cette saison\u00a0! <span style=\"font-size:12.0pt;line-height:115%;font-family:\n&quot;Arial&quot;,sans-serif;mso-fareast-font-family:Calibri;mso-fareast-theme-font:minor-latin;\nmso-ansi-language:FR;mso-fareast-language:EN-US;mso-bidi-language:AR-SA;\nmso-bidi-font-weight:bold\">\u00a0\u00bb<\/span> <style>@font-face {font-family:\"Cambria Math\"; panose-1:2 4 5 3 5 4 6 3 2 4; mso-font-charset:0; mso-generic-font-family:roman; mso-font-pitch:variable; mso-font-signature:3 0 0 0 1 0;}@font-face {font-family:Calibri; panose-1:2 15 5 2 2 2 4 3 2 4; mso-font-charset:0; mso-generic-font-family:swiss; mso-font-pitch:variable; mso-font-signature:-469750017 -1073732485 9 0 511 0;}p.MsoNormal, li.MsoNormal, div.MsoNormal {mso-style-unhide:no; mso-style-qformat:yes; mso-style-parent:\"\"; margin-top:0cm; margin-right:0cm; margin-bottom:10.0pt; margin-left:0cm; line-height:115%; mso-pagination:widow-orphan; font-size:11.0pt; font-family:\"Calibri\",sans-serif; mso-ascii-font-family:Calibri; mso-ascii-theme-font:minor-latin; mso-fareast-font-family:Calibri; mso-fareast-theme-font:minor-latin; mso-hansi-font-family:Calibri; mso-hansi-theme-font:minor-latin; mso-bidi-font-family:\"Times New Roman\"; mso-bidi-theme-font:minor-bidi; mso-fareast-language:EN-US;}.MsoChpDefault {mso-style-type:export-only; mso-default-props:yes; font-size:11.0pt; mso-ansi-font-size:11.0pt; mso-bidi-font-size:11.0pt; font-family:\"Calibri\",sans-serif; mso-ascii-font-family:Calibri; mso-ascii-theme-font:minor-latin; mso-fareast-font-family:Calibri; mso-fareast-theme-font:minor-latin; mso-hansi-font-family:Calibri; mso-hansi-theme-font:minor-latin; mso-bidi-font-family:\"Times New Roman\"; mso-bidi-theme-font:minor-bidi; mso-fareast-language:EN-US;}.MsoPapDefault {mso-style-type:export-only; margin-bottom:10.0pt; line-height:115%;}div.WordSection1 {page:WordSection1;}<\/style><\/p>\n\n\n\n<div style=\"height:100px\" aria-hidden=\"true\" class=\"wp-block-spacer\"><\/div>\n\n\n\n<hr class=\"wp-block-separator has-alpha-channel-opacity\"\/>\n\n\n\n<h3 class=\"wp-block-heading\">Retrouvez le Forgeron Mag #01 en int\u00e9gralit\u00e9<\/h3>\n\n\n\n<div class=\"wp-block-pdf-viewer-block-standard\" style=\"text-align:left\"><div class=\"uploaded-pdf\"><a href=\"https:\/\/www.fcgueugnon.fr\/site\/wp-content\/uploads\/2023\/08\/Forgeron-mag-FCG-DFCO-J01-23-24.pdf\" data-width=\"\" data-height=\"\"><\/a><\/div><\/div>\n\n\n\n<div class=\"wp-block-buttons is-layout-flex wp-block-buttons-is-layout-flex\">\n<div class=\"wp-block-button alignright is-style-circular\"><a class=\"wp-block-button__link wp-element-button\" href=\"https:\/\/www.fcgueugnon.fr\/site\/wp-content\/uploads\/2023\/08\/Forgeron-mag-FCG-DFCO-J01-23-24.pdf\">T\u00e9l\u00e9charger<\/a><\/div>\n<\/div>\n","protected":false},"excerpt":{"rendered":"<p>D\u00e9couvrez en int\u00e9gralit\u00e9 l&rsquo;entretien de Ibrahim Mohamed diffus\u00e9 \u00e0 l&rsquo;occasion de cette 1\u00e8re journ\u00e9e de reprise du championnat face \u00e0 la r\u00e9serve du DFCO dans le dernier Forgeron Mag de cette saison. Bonjour Ibrahim, raconte-nous ton p\u00e9riple depuis les Comores jusqu\u2019\u00e0 Gueugnon\u00a0: \u00ab Je viens des Comores, ce sont 4 \u00eeles dans l\u2019oc\u00e9an Indien. Je &#8230; <\/p>\n<p class=\"read-more-container\"><a title=\"[Interview] Forgeron Mag #1 avec Ibrahim Mohamed\" class=\"read-more button\" href=\"https:\/\/www.fcgueugnon.fr\/site\/interview-forgeron-mag-1-avec-ibrahim-mohamed\/5904#more-5904\" aria-label=\"Plus sur [Interview] Forgeron Mag #1 avec Ibrahim Mohamed\">Lire la suite<\/a><\/p>\n","protected":false},"author":2,"featured_media":5907,"comment_status":"closed","ping_status":"closed","sticky":false,"template":"","format":"standard","meta":{"footnotes":""},"categories":[5,4],"tags":[24,11],"class_list":["post-5904","post","type-post","status-publish","format-standard","has-post-thumbnail","hentry","category-news-2022-2023","category-news","tag-forgeron-mag","tag-interview","infinite-scroll-item","generate-columns","tablet-grid-50","mobile-grid-100","grid-parent","grid-25"],"yoast_head":"<!-- This site is optimized with the Yoast SEO plugin v26.6 - https:\/\/yoast.com\/wordpress\/plugins\/seo\/ -->\n<title>[Interview] Forgeron Mag #1 avec Ibrahim Mohamed &#8226; FOOTBALL CLUB GUEUGNON<\/title>\n<meta name=\"robots\" content=\"index, follow, max-snippet:-1, max-image-preview:large, max-video-preview:-1\" \/>\n<link rel=\"canonical\" href=\"https:\/\/www.fcgueugnon.fr\/site\/interview-forgeron-mag-1-avec-ibrahim-mohamed\/5904\" \/>\n<meta property=\"og:locale\" content=\"fr_FR\" \/>\n<meta property=\"og:type\" content=\"article\" \/>\n<meta property=\"og:title\" content=\"[Interview] Forgeron Mag #1 avec Ibrahim Mohamed &#8226; FOOTBALL CLUB GUEUGNON\" \/>\n<meta property=\"og:description\" content=\"D\u00e9couvrez en int\u00e9gralit\u00e9 l&rsquo;entretien de Ibrahim Mohamed diffus\u00e9 \u00e0 l&rsquo;occasion de cette 1\u00e8re journ\u00e9e de reprise du championnat face \u00e0 la r\u00e9serve du DFCO dans le dernier Forgeron Mag de cette saison. Bonjour Ibrahim, raconte-nous ton p\u00e9riple depuis les Comores jusqu\u2019\u00e0 Gueugnon\u00a0: \u00ab Je viens des Comores, ce sont 4 \u00eeles dans l\u2019oc\u00e9an Indien. Je ... Lire la suite\" \/>\n<meta property=\"og:url\" content=\"https:\/\/www.fcgueugnon.fr\/site\/interview-forgeron-mag-1-avec-ibrahim-mohamed\/5904\" \/>\n<meta property=\"og:site_name\" content=\"FOOTBALL CLUB GUEUGNON\" \/>\n<meta property=\"article:publisher\" content=\"http:\/\/facebook.com\/FCGueugnon\" \/>\n<meta property=\"article:published_time\" content=\"2023-08-26T14:55:00+00:00\" \/>\n<meta property=\"og:image\" content=\"https:\/\/www.fcgueugnon.fr\/site\/wp-content\/uploads\/2023\/08\/ibrahim-mohamed-scaled.jpg\" \/>\n\t<meta property=\"og:image:width\" content=\"2560\" \/>\n\t<meta property=\"og:image:height\" content=\"1707\" \/>\n\t<meta property=\"og:image:type\" content=\"image\/jpeg\" \/>\n<meta name=\"author\" content=\"FC Gueugnon\" \/>\n<meta name=\"twitter:card\" content=\"summary_large_image\" \/>\n<meta name=\"twitter:creator\" content=\"@FCGueugnon_off\" \/>\n<meta name=\"twitter:site\" content=\"@FCGueugnon_off\" \/>\n<meta name=\"twitter:label1\" content=\"\u00c9crit par\" \/>\n\t<meta name=\"twitter:data1\" content=\"FC Gueugnon\" \/>\n\t<meta name=\"twitter:label2\" content=\"Dur\u00e9e de lecture estim\u00e9e\" \/>\n\t<meta name=\"twitter:data2\" content=\"4 minutes\" \/>\n<script type=\"application\/ld+json\" class=\"yoast-schema-graph\">{\"@context\":\"https:\/\/schema.org\",\"@graph\":[{\"@type\":\"Article\",\"@id\":\"https:\/\/www.fcgueugnon.fr\/site\/interview-forgeron-mag-1-avec-ibrahim-mohamed\/5904#article\",\"isPartOf\":{\"@id\":\"https:\/\/www.fcgueugnon.fr\/site\/interview-forgeron-mag-1-avec-ibrahim-mohamed\/5904\"},\"author\":{\"name\":\"FC Gueugnon\",\"@id\":\"https:\/\/www.fcgueugnon.fr\/site\/#\/schema\/person\/d342d0c35e8e8f04740b9bdd734eeb20\"},\"headline\":\"[Interview] Forgeron Mag #1 avec Ibrahim Mohamed\",\"datePublished\":\"2023-08-26T14:55:00+00:00\",\"mainEntityOfPage\":{\"@id\":\"https:\/\/www.fcgueugnon.fr\/site\/interview-forgeron-mag-1-avec-ibrahim-mohamed\/5904\"},\"wordCount\":829,\"publisher\":{\"@id\":\"https:\/\/www.fcgueugnon.fr\/site\/#organization\"},\"image\":{\"@id\":\"https:\/\/www.fcgueugnon.fr\/site\/interview-forgeron-mag-1-avec-ibrahim-mohamed\/5904#primaryimage\"},\"thumbnailUrl\":\"https:\/\/www.fcgueugnon.fr\/site\/wp-content\/uploads\/2023\/08\/ibrahim-mohamed-scaled.jpg\",\"keywords\":[\"Forgeron Mag\",\"Interview\"],\"articleSection\":[\"Archives 2022\/2023\",\"News\"],\"inLanguage\":\"fr-FR\"},{\"@type\":\"WebPage\",\"@id\":\"https:\/\/www.fcgueugnon.fr\/site\/interview-forgeron-mag-1-avec-ibrahim-mohamed\/5904\",\"url\":\"https:\/\/www.fcgueugnon.fr\/site\/interview-forgeron-mag-1-avec-ibrahim-mohamed\/5904\",\"name\":\"[Interview] Forgeron Mag #1 avec Ibrahim Mohamed &#8226; FOOTBALL CLUB GUEUGNON\",\"isPartOf\":{\"@id\":\"https:\/\/www.fcgueugnon.fr\/site\/#website\"},\"primaryImageOfPage\":{\"@id\":\"https:\/\/www.fcgueugnon.fr\/site\/interview-forgeron-mag-1-avec-ibrahim-mohamed\/5904#primaryimage\"},\"image\":{\"@id\":\"https:\/\/www.fcgueugnon.fr\/site\/interview-forgeron-mag-1-avec-ibrahim-mohamed\/5904#primaryimage\"},\"thumbnailUrl\":\"https:\/\/www.fcgueugnon.fr\/site\/wp-content\/uploads\/2023\/08\/ibrahim-mohamed-scaled.jpg\",\"datePublished\":\"2023-08-26T14:55:00+00:00\",\"breadcrumb\":{\"@id\":\"https:\/\/www.fcgueugnon.fr\/site\/interview-forgeron-mag-1-avec-ibrahim-mohamed\/5904#breadcrumb\"},\"inLanguage\":\"fr-FR\",\"potentialAction\":[{\"@type\":\"ReadAction\",\"target\":[\"https:\/\/www.fcgueugnon.fr\/site\/interview-forgeron-mag-1-avec-ibrahim-mohamed\/5904\"]}]},{\"@type\":\"ImageObject\",\"inLanguage\":\"fr-FR\",\"@id\":\"https:\/\/www.fcgueugnon.fr\/site\/interview-forgeron-mag-1-avec-ibrahim-mohamed\/5904#primaryimage\",\"url\":\"https:\/\/www.fcgueugnon.fr\/site\/wp-content\/uploads\/2023\/08\/ibrahim-mohamed-scaled.jpg\",\"contentUrl\":\"https:\/\/www.fcgueugnon.fr\/site\/wp-content\/uploads\/2023\/08\/ibrahim-mohamed-scaled.jpg\",\"width\":2560,\"height\":1707},{\"@type\":\"BreadcrumbList\",\"@id\":\"https:\/\/www.fcgueugnon.fr\/site\/interview-forgeron-mag-1-avec-ibrahim-mohamed\/5904#breadcrumb\",\"itemListElement\":[{\"@type\":\"ListItem\",\"position\":1,\"name\":\"Accueil\",\"item\":\"https:\/\/www.fcgueugnon.fr\/site\/\"},{\"@type\":\"ListItem\",\"position\":2,\"name\":\"[Interview] Forgeron Mag #1 avec Ibrahim Mohamed\"}]},{\"@type\":\"WebSite\",\"@id\":\"https:\/\/www.fcgueugnon.fr\/site\/#website\",\"url\":\"https:\/\/www.fcgueugnon.fr\/site\/\",\"name\":\"FOOTBALL CLUB GUEUGNON\",\"description\":\"Le Site Officiel des Forgerons\",\"publisher\":{\"@id\":\"https:\/\/www.fcgueugnon.fr\/site\/#organization\"},\"potentialAction\":[{\"@type\":\"SearchAction\",\"target\":{\"@type\":\"EntryPoint\",\"urlTemplate\":\"https:\/\/www.fcgueugnon.fr\/site\/?s={search_term_string}\"},\"query-input\":{\"@type\":\"PropertyValueSpecification\",\"valueRequired\":true,\"valueName\":\"search_term_string\"}}],\"inLanguage\":\"fr-FR\"},{\"@type\":\"Organization\",\"@id\":\"https:\/\/www.fcgueugnon.fr\/site\/#organization\",\"name\":\"FC Gueugnon\",\"url\":\"https:\/\/www.fcgueugnon.fr\/site\/\",\"logo\":{\"@type\":\"ImageObject\",\"inLanguage\":\"fr-FR\",\"@id\":\"https:\/\/www.fcgueugnon.fr\/site\/#\/schema\/logo\/image\/\",\"url\":\"https:\/\/www.fcgueugnon.fr\/site\/wp-content\/uploads\/2022\/07\/cropped-Logo-FCGUEUGNON-low-350x350-1.png\",\"contentUrl\":\"https:\/\/www.fcgueugnon.fr\/site\/wp-content\/uploads\/2022\/07\/cropped-Logo-FCGUEUGNON-low-350x350-1.png\",\"width\":350,\"height\":350,\"caption\":\"FC Gueugnon\"},\"image\":{\"@id\":\"https:\/\/www.fcgueugnon.fr\/site\/#\/schema\/logo\/image\/\"},\"sameAs\":[\"http:\/\/facebook.com\/FCGueugnon\",\"https:\/\/x.com\/FCGueugnon_off\",\"https:\/\/www.instagram.com\/fcgueugnon\/\",\"https:\/\/www.linkedin.com\/company\/football-club-de-gueugnon\/\",\"https:\/\/www.youtube.com\/user\/FCGueugnonnais\",\"https:\/\/fr.wikipedia.org\/wiki\/Football_Club_de_Gueugnon\"]},{\"@type\":\"Person\",\"@id\":\"https:\/\/www.fcgueugnon.fr\/site\/#\/schema\/person\/d342d0c35e8e8f04740b9bdd734eeb20\",\"name\":\"FC Gueugnon\",\"url\":\"https:\/\/www.fcgueugnon.fr\/site\/author\/s-rod\"}]}<\/script>\n<!-- \/ Yoast SEO plugin. -->","yoast_head_json":{"title":"[Interview] Forgeron Mag #1 avec Ibrahim Mohamed &#8226; FOOTBALL CLUB GUEUGNON","robots":{"index":"index","follow":"follow","max-snippet":"max-snippet:-1","max-image-preview":"max-image-preview:large","max-video-preview":"max-video-preview:-1"},"canonical":"https:\/\/www.fcgueugnon.fr\/site\/interview-forgeron-mag-1-avec-ibrahim-mohamed\/5904","og_locale":"fr_FR","og_type":"article","og_title":"[Interview] Forgeron Mag #1 avec Ibrahim Mohamed &#8226; FOOTBALL CLUB GUEUGNON","og_description":"D\u00e9couvrez en int\u00e9gralit\u00e9 l&rsquo;entretien de Ibrahim Mohamed diffus\u00e9 \u00e0 l&rsquo;occasion de cette 1\u00e8re journ\u00e9e de reprise du championnat face \u00e0 la r\u00e9serve du DFCO dans le dernier Forgeron Mag de cette saison. Bonjour Ibrahim, raconte-nous ton p\u00e9riple depuis les Comores jusqu\u2019\u00e0 Gueugnon\u00a0: \u00ab Je viens des Comores, ce sont 4 \u00eeles dans l\u2019oc\u00e9an Indien. Je ... Lire la suite","og_url":"https:\/\/www.fcgueugnon.fr\/site\/interview-forgeron-mag-1-avec-ibrahim-mohamed\/5904","og_site_name":"FOOTBALL CLUB GUEUGNON","article_publisher":"http:\/\/facebook.com\/FCGueugnon","article_published_time":"2023-08-26T14:55:00+00:00","og_image":[{"width":2560,"height":1707,"url":"https:\/\/www.fcgueugnon.fr\/site\/wp-content\/uploads\/2023\/08\/ibrahim-mohamed-scaled.jpg","type":"image\/jpeg"}],"author":"FC Gueugnon","twitter_card":"summary_large_image","twitter_creator":"@FCGueugnon_off","twitter_site":"@FCGueugnon_off","twitter_misc":{"\u00c9crit par":"FC Gueugnon","Dur\u00e9e de lecture estim\u00e9e":"4 minutes"},"schema":{"@context":"https:\/\/schema.org","@graph":[{"@type":"Article","@id":"https:\/\/www.fcgueugnon.fr\/site\/interview-forgeron-mag-1-avec-ibrahim-mohamed\/5904#article","isPartOf":{"@id":"https:\/\/www.fcgueugnon.fr\/site\/interview-forgeron-mag-1-avec-ibrahim-mohamed\/5904"},"author":{"name":"FC Gueugnon","@id":"https:\/\/www.fcgueugnon.fr\/site\/#\/schema\/person\/d342d0c35e8e8f04740b9bdd734eeb20"},"headline":"[Interview] Forgeron Mag #1 avec Ibrahim Mohamed","datePublished":"2023-08-26T14:55:00+00:00","mainEntityOfPage":{"@id":"https:\/\/www.fcgueugnon.fr\/site\/interview-forgeron-mag-1-avec-ibrahim-mohamed\/5904"},"wordCount":829,"publisher":{"@id":"https:\/\/www.fcgueugnon.fr\/site\/#organization"},"image":{"@id":"https:\/\/www.fcgueugnon.fr\/site\/interview-forgeron-mag-1-avec-ibrahim-mohamed\/5904#primaryimage"},"thumbnailUrl":"https:\/\/www.fcgueugnon.fr\/site\/wp-content\/uploads\/2023\/08\/ibrahim-mohamed-scaled.jpg","keywords":["Forgeron Mag","Interview"],"articleSection":["Archives 2022\/2023","News"],"inLanguage":"fr-FR"},{"@type":"WebPage","@id":"https:\/\/www.fcgueugnon.fr\/site\/interview-forgeron-mag-1-avec-ibrahim-mohamed\/5904","url":"https:\/\/www.fcgueugnon.fr\/site\/interview-forgeron-mag-1-avec-ibrahim-mohamed\/5904","name":"[Interview] Forgeron Mag #1 avec Ibrahim Mohamed &#8226; FOOTBALL CLUB GUEUGNON","isPartOf":{"@id":"https:\/\/www.fcgueugnon.fr\/site\/#website"},"primaryImageOfPage":{"@id":"https:\/\/www.fcgueugnon.fr\/site\/interview-forgeron-mag-1-avec-ibrahim-mohamed\/5904#primaryimage"},"image":{"@id":"https:\/\/www.fcgueugnon.fr\/site\/interview-forgeron-mag-1-avec-ibrahim-mohamed\/5904#primaryimage"},"thumbnailUrl":"https:\/\/www.fcgueugnon.fr\/site\/wp-content\/uploads\/2023\/08\/ibrahim-mohamed-scaled.jpg","datePublished":"2023-08-26T14:55:00+00:00","breadcrumb":{"@id":"https:\/\/www.fcgueugnon.fr\/site\/interview-forgeron-mag-1-avec-ibrahim-mohamed\/5904#breadcrumb"},"inLanguage":"fr-FR","potentialAction":[{"@type":"ReadAction","target":["https:\/\/www.fcgueugnon.fr\/site\/interview-forgeron-mag-1-avec-ibrahim-mohamed\/5904"]}]},{"@type":"ImageObject","inLanguage":"fr-FR","@id":"https:\/\/www.fcgueugnon.fr\/site\/interview-forgeron-mag-1-avec-ibrahim-mohamed\/5904#primaryimage","url":"https:\/\/www.fcgueugnon.fr\/site\/wp-content\/uploads\/2023\/08\/ibrahim-mohamed-scaled.jpg","contentUrl":"https:\/\/www.fcgueugnon.fr\/site\/wp-content\/uploads\/2023\/08\/ibrahim-mohamed-scaled.jpg","width":2560,"height":1707},{"@type":"BreadcrumbList","@id":"https:\/\/www.fcgueugnon.fr\/site\/interview-forgeron-mag-1-avec-ibrahim-mohamed\/5904#breadcrumb","itemListElement":[{"@type":"ListItem","position":1,"name":"Accueil","item":"https:\/\/www.fcgueugnon.fr\/site\/"},{"@type":"ListItem","position":2,"name":"[Interview] Forgeron Mag #1 avec Ibrahim Mohamed"}]},{"@type":"WebSite","@id":"https:\/\/www.fcgueugnon.fr\/site\/#website","url":"https:\/\/www.fcgueugnon.fr\/site\/","name":"FOOTBALL CLUB GUEUGNON","description":"Le Site Officiel des Forgerons","publisher":{"@id":"https:\/\/www.fcgueugnon.fr\/site\/#organization"},"potentialAction":[{"@type":"SearchAction","target":{"@type":"EntryPoint","urlTemplate":"https:\/\/www.fcgueugnon.fr\/site\/?s={search_term_string}"},"query-input":{"@type":"PropertyValueSpecification","valueRequired":true,"valueName":"search_term_string"}}],"inLanguage":"fr-FR"},{"@type":"Organization","@id":"https:\/\/www.fcgueugnon.fr\/site\/#organization","name":"FC Gueugnon","url":"https:\/\/www.fcgueugnon.fr\/site\/","logo":{"@type":"ImageObject","inLanguage":"fr-FR","@id":"https:\/\/www.fcgueugnon.fr\/site\/#\/schema\/logo\/image\/","url":"https:\/\/www.fcgueugnon.fr\/site\/wp-content\/uploads\/2022\/07\/cropped-Logo-FCGUEUGNON-low-350x350-1.png","contentUrl":"https:\/\/www.fcgueugnon.fr\/site\/wp-content\/uploads\/2022\/07\/cropped-Logo-FCGUEUGNON-low-350x350-1.png","width":350,"height":350,"caption":"FC Gueugnon"},"image":{"@id":"https:\/\/www.fcgueugnon.fr\/site\/#\/schema\/logo\/image\/"},"sameAs":["http:\/\/facebook.com\/FCGueugnon","https:\/\/x.com\/FCGueugnon_off","https:\/\/www.instagram.com\/fcgueugnon\/","https:\/\/www.linkedin.com\/company\/football-club-de-gueugnon\/","https:\/\/www.youtube.com\/user\/FCGueugnonnais","https:\/\/fr.wikipedia.org\/wiki\/Football_Club_de_Gueugnon"]},{"@type":"Person","@id":"https:\/\/www.fcgueugnon.fr\/site\/#\/schema\/person\/d342d0c35e8e8f04740b9bdd734eeb20","name":"FC Gueugnon","url":"https:\/\/www.fcgueugnon.fr\/site\/author\/s-rod"}]}},"rttpg_featured_image_url":{"full":["https:\/\/www.fcgueugnon.fr\/site\/wp-content\/uploads\/2023\/08\/ibrahim-mohamed-scaled.jpg",2560,1707,false],"landscape":["https:\/\/www.fcgueugnon.fr\/site\/wp-content\/uploads\/2023\/08\/ibrahim-mohamed-scaled.jpg",2560,1707,false],"portraits":["https:\/\/www.fcgueugnon.fr\/site\/wp-content\/uploads\/2023\/08\/ibrahim-mohamed-scaled.jpg",2560,1707,false],"thumbnail":["https:\/\/www.fcgueugnon.fr\/site\/wp-content\/uploads\/2023\/08\/ibrahim-mohamed-150x150.jpg",150,150,true],"medium":["https:\/\/www.fcgueugnon.fr\/site\/wp-content\/uploads\/2023\/08\/ibrahim-mohamed-400x267.jpg",400,267,true],"large":["https:\/\/www.fcgueugnon.fr\/site\/wp-content\/uploads\/2023\/08\/ibrahim-mohamed-1024x683.jpg",1024,683,true],"1536x1536":["https:\/\/www.fcgueugnon.fr\/site\/wp-content\/uploads\/2023\/08\/ibrahim-mohamed-1536x1024.jpg",1536,1024,true],"2048x2048":["https:\/\/www.fcgueugnon.fr\/site\/wp-content\/uploads\/2023\/08\/ibrahim-mohamed-2048x1365.jpg",2048,1365,true]},"rttpg_author":{"display_name":"FC Gueugnon","author_link":"https:\/\/www.fcgueugnon.fr\/site\/author\/s-rod"},"rttpg_comment":0,"rttpg_category":"<a href=\"https:\/\/www.fcgueugnon.fr\/site\/category\/news\/news-2022-2023\" rel=\"category tag\">Archives 2022\/2023<\/a> <a href=\"https:\/\/www.fcgueugnon.fr\/site\/category\/news\" rel=\"category tag\">News<\/a>","rttpg_excerpt":"D\u00e9couvrez en int\u00e9gralit\u00e9 l&rsquo;entretien de Ibrahim Mohamed diffus\u00e9 \u00e0 l&rsquo;occasion de cette 1\u00e8re journ\u00e9e de reprise du championnat face \u00e0 la r\u00e9serve du DFCO dans le dernier Forgeron Mag de cette saison. Bonjour Ibrahim, raconte-nous ton p\u00e9riple depuis les Comores jusqu\u2019\u00e0 Gueugnon\u00a0: \u00ab Je viens des Comores, ce sont 4 \u00eeles dans l\u2019oc\u00e9an Indien. Je\u2026","_links":{"self":[{"href":"https:\/\/www.fcgueugnon.fr\/site\/wp-json\/wp\/v2\/posts\/5904","targetHints":{"allow":["GET"]}}],"collection":[{"href":"https:\/\/www.fcgueugnon.fr\/site\/wp-json\/wp\/v2\/posts"}],"about":[{"href":"https:\/\/www.fcgueugnon.fr\/site\/wp-json\/wp\/v2\/types\/post"}],"author":[{"embeddable":true,"href":"https:\/\/www.fcgueugnon.fr\/site\/wp-json\/wp\/v2\/users\/2"}],"replies":[{"embeddable":true,"href":"https:\/\/www.fcgueugnon.fr\/site\/wp-json\/wp\/v2\/comments?post=5904"}],"version-history":[{"count":1,"href":"https:\/\/www.fcgueugnon.fr\/site\/wp-json\/wp\/v2\/posts\/5904\/revisions"}],"predecessor-version":[{"id":5909,"href":"https:\/\/www.fcgueugnon.fr\/site\/wp-json\/wp\/v2\/posts\/5904\/revisions\/5909"}],"wp:featuredmedia":[{"embeddable":true,"href":"https:\/\/www.fcgueugnon.fr\/site\/wp-json\/wp\/v2\/media\/5907"}],"wp:attachment":[{"href":"https:\/\/www.fcgueugnon.fr\/site\/wp-json\/wp\/v2\/media?parent=5904"}],"wp:term":[{"taxonomy":"category","embeddable":true,"href":"https:\/\/www.fcgueugnon.fr\/site\/wp-json\/wp\/v2\/categories?post=5904"},{"taxonomy":"post_tag","embeddable":true,"href":"https:\/\/www.fcgueugnon.fr\/site\/wp-json\/wp\/v2\/tags?post=5904"}],"curies":[{"name":"wp","href":"https:\/\/api.w.org\/{rel}","templated":true}]}}