{"id":5892,"date":"2023-08-23T11:59:00","date_gmt":"2023-08-23T09:59:00","guid":{"rendered":"https:\/\/www.fcgueugnon.fr\/site\/?p=5892"},"modified":"2023-10-23T09:32:41","modified_gmt":"2023-10-23T07:32:41","slug":"sport-e-leclerc-academie-09-septembre-toi-aussi-deviens-forgeron","status":"publish","type":"post","link":"https:\/\/www.fcgueugnon.fr\/site\/sport-e-leclerc-academie-09-septembre-toi-aussi-deviens-forgeron\/5892","title":{"rendered":"[Sport E.Leclerc Acad\u00e9mie] 09 Septembre : Toi aussi, deviens forgeron !"},"content":{"rendered":"\n<h3 class=\"wp-block-heading\"><strong>La Sport E.Leclerc Acad\u00e9mie ouvre ses portes pour une journ\u00e9e d\u00e9couverte le samedi 09 septembre sur la plaine du Vieux Fresne\u00a0!<\/strong><\/h3>\n\n\n\n<p>Comme\u00a0chaque saison, le club organise une journ\u00e9e consacr\u00e9e aux jeunes footballeurs des cat\u00e9gories baby-ballon \u00e0 U11 dans un cadre ludique et convivial. Cette journ\u00e9e est ouverte \u00e0 tous (gar\u00e7ons et filles) et a pour but de faire d\u00e9couvrir l\u2019univers de la Forgeron Family.<\/p>\n\n\n\n<p>La journ\u00e9e se conclura par la rencontre de National 3 entre le FCG et le CA Pontarlier. <\/p>\n\n\n\n<p><em><strong>Attention : <span>L&rsquo;inscription est obligatoire pour participer \u00e0 la journ\u00e9e.<\/span><\/strong><\/em><\/p>\n\n\n\n<div style=\"height:15px\" aria-hidden=\"true\" class=\"wp-block-spacer\"><\/div>\n\n\n\n<h4 class=\"wp-block-heading\"><strong>Planning journ\u00e9e \u00e0 titre indicatif :<\/strong><\/h4>\n\n\n\n<p><strong>09h30 &#8211; 12h00 : Baby-ballon \u00e0 U6-U7<\/strong><br>Accueil \/ Brief Journ\u00e9e \/ Jeux ludiques \/ Matchs<br><strong>09h30 &#8211; 17h00 : U8 \u00e0 U11<\/strong><br>Accueil \/ Brief Journ\u00e9e \/ Jeux ludiques \/ Matchs \/ Repas tir\u00e9 du sac.<br><strong>18h00\u00a0: Match de championnat N3\u00a0: FC Gueugnon contre le CA Pontarlier.<\/strong><\/p>\n\n\n\n<div style=\"height:15px\" aria-hidden=\"true\" class=\"wp-block-spacer\"><\/div>\n\n\n\n<p><b>Renseignements :<br><\/b>Geoffray RICHELET \/ 06.08.11.03.22<br>David VASCO \/ 06.63.44.25.13<\/p>\n\n\n\n<div style=\"height:25px\" aria-hidden=\"true\" class=\"wp-block-spacer\"><\/div>\n\n\n\n<p class=\"has-text-align-center\">*** <strong>Inscription <\/strong>***<\/p>\n\n\n\n<center><iframe loading=\"lazy\" src=\"https:\/\/docs.google.com\/forms\/d\/e\/1FAIpQLSdTV2_Ba0d3nhGuzDU07TuCIwY5JgpthHgipkrSX1x15nZL6A\/viewform?embedded=true\" width=\"640\" height=\"2619\" frameborder=\"0\" marginheight=\"0\" marginwidth=\"0\">Chargement\u2026<\/iframe><\/center>\n\n\n\n<p><\/p>\n","protected":false},"excerpt":{"rendered":"<p>La Sport E.Leclerc Acad\u00e9mie ouvre ses portes pour une journ\u00e9e d\u00e9couverte le samedi 09 septembre sur la plaine du Vieux Fresne\u00a0! Comme\u00a0chaque saison, le club organise une journ\u00e9e consacr\u00e9e aux jeunes footballeurs des cat\u00e9gories baby-ballon \u00e0 U11 dans un cadre ludique et convivial. Cette journ\u00e9e est ouverte \u00e0 tous (gar\u00e7ons et filles) et a pour &#8230; <\/p>\n<p class=\"read-more-container\"><a title=\"[Sport E.Leclerc Acad\u00e9mie] 09 Septembre : Toi aussi, deviens forgeron !\" class=\"read-more button\" href=\"https:\/\/www.fcgueugnon.fr\/site\/sport-e-leclerc-academie-09-septembre-toi-aussi-deviens-forgeron\/5892#more-5892\" aria-label=\"Plus sur [Sport E.Leclerc Acad\u00e9mie] 09 Septembre : Toi aussi, deviens forgeron !\">Lire la suite<\/a><\/p>\n","protected":false},"author":3,"featured_media":5893,"comment_status":"closed","ping_status":"closed","sticky":false,"template":"","format":"standard","meta":{"footnotes":""},"categories":[4,55],"tags":[14],"class_list":["post-5892","post","type-post","status-publish","format-standard","has-post-thumbnail","hentry","category-news","category-news-2023-2024","tag-sport-e-leclerc-academie-jeunes-formation","infinite-scroll-item","generate-columns","tablet-grid-50","mobile-grid-100","grid-parent","grid-25","resize-featured-image"],"yoast_head":"<!-- This site is optimized with the Yoast SEO plugin v26.6 - https:\/\/yoast.com\/wordpress\/plugins\/seo\/ -->\n<title>[Sport E.Leclerc Acad\u00e9mie] 09 Septembre : Toi aussi, deviens forgeron ! &#8226; FOOTBALL CLUB GUEUGNON<\/title>\n<meta name=\"robots\" content=\"index, follow, max-snippet:-1, max-image-preview:large, max-video-preview:-1\" \/>\n<link rel=\"canonical\" href=\"https:\/\/www.fcgueugnon.fr\/site\/sport-e-leclerc-academie-09-septembre-toi-aussi-deviens-forgeron\/5892\" \/>\n<meta property=\"og:locale\" content=\"fr_FR\" \/>\n<meta property=\"og:type\" content=\"article\" \/>\n<meta property=\"og:title\" content=\"[Sport E.Leclerc Acad\u00e9mie] 09 Septembre : Toi aussi, deviens forgeron ! &#8226; FOOTBALL CLUB GUEUGNON\" \/>\n<meta property=\"og:description\" content=\"La Sport E.Leclerc Acad\u00e9mie ouvre ses portes pour une journ\u00e9e d\u00e9couverte le samedi 09 septembre sur la plaine du Vieux Fresne\u00a0! Comme\u00a0chaque saison, le club organise une journ\u00e9e consacr\u00e9e aux jeunes footballeurs des cat\u00e9gories baby-ballon \u00e0 U11 dans un cadre ludique et convivial. Cette journ\u00e9e est ouverte \u00e0 tous (gar\u00e7ons et filles) et a pour ... Lire la suite\" \/>\n<meta property=\"og:url\" content=\"https:\/\/www.fcgueugnon.fr\/site\/sport-e-leclerc-academie-09-septembre-toi-aussi-deviens-forgeron\/5892\" \/>\n<meta property=\"og:site_name\" content=\"FOOTBALL CLUB GUEUGNON\" \/>\n<meta property=\"article:publisher\" content=\"http:\/\/facebook.com\/FCGueugnon\" \/>\n<meta property=\"article:published_time\" content=\"2023-08-23T09:59:00+00:00\" \/>\n<meta property=\"article:modified_time\" content=\"2023-10-23T07:32:41+00:00\" \/>\n<meta property=\"og:image\" content=\"https:\/\/www.fcgueugnon.fr\/site\/wp-content\/uploads\/2023\/08\/LA-JOURNEE-DES-FORGERONS-23.24-1024x576.png\" \/>\n\t<meta property=\"og:image:width\" content=\"1024\" \/>\n\t<meta property=\"og:image:height\" content=\"576\" \/>\n\t<meta property=\"og:image:type\" content=\"image\/png\" \/>\n<meta name=\"author\" content=\"FC Gueugnon\" \/>\n<meta name=\"twitter:card\" content=\"summary_large_image\" \/>\n<meta name=\"twitter:creator\" content=\"@FCGueugnon_off\" \/>\n<meta name=\"twitter:site\" content=\"@FCGueugnon_off\" \/>\n<meta name=\"twitter:label1\" content=\"\u00c9crit par\" \/>\n\t<meta name=\"twitter:data1\" content=\"FC Gueugnon\" \/>\n\t<meta name=\"twitter:label2\" content=\"Dur\u00e9e de lecture estim\u00e9e\" \/>\n\t<meta name=\"twitter:data2\" content=\"1 minute\" \/>\n<script type=\"application\/ld+json\" class=\"yoast-schema-graph\">{\"@context\":\"https:\/\/schema.org\",\"@graph\":[{\"@type\":\"Article\",\"@id\":\"https:\/\/www.fcgueugnon.fr\/site\/sport-e-leclerc-academie-09-septembre-toi-aussi-deviens-forgeron\/5892#article\",\"isPartOf\":{\"@id\":\"https:\/\/www.fcgueugnon.fr\/site\/sport-e-leclerc-academie-09-septembre-toi-aussi-deviens-forgeron\/5892\"},\"author\":{\"name\":\"FC Gueugnon\",\"@id\":\"https:\/\/www.fcgueugnon.fr\/site\/#\/schema\/person\/829630bfb5d6f3ebe4d296b75687c01a\"},\"headline\":\"[Sport E.Leclerc Acad\u00e9mie] 09 Septembre : Toi aussi, deviens forgeron !\",\"datePublished\":\"2023-08-23T09:59:00+00:00\",\"dateModified\":\"2023-10-23T07:32:41+00:00\",\"mainEntityOfPage\":{\"@id\":\"https:\/\/www.fcgueugnon.fr\/site\/sport-e-leclerc-academie-09-septembre-toi-aussi-deviens-forgeron\/5892\"},\"wordCount\":162,\"publisher\":{\"@id\":\"https:\/\/www.fcgueugnon.fr\/site\/#organization\"},\"image\":{\"@id\":\"https:\/\/www.fcgueugnon.fr\/site\/sport-e-leclerc-academie-09-septembre-toi-aussi-deviens-forgeron\/5892#primaryimage\"},\"thumbnailUrl\":\"https:\/\/www.fcgueugnon.fr\/site\/wp-content\/uploads\/2023\/08\/LA-JOURNEE-DES-FORGERONS-23.24.png\",\"keywords\":[\"Sport E.Leclerc Acad\u00e9mie : Jeunes \/ Formation\"],\"articleSection\":[\"News\",\"News 2023\/2024\"],\"inLanguage\":\"fr-FR\"},{\"@type\":\"WebPage\",\"@id\":\"https:\/\/www.fcgueugnon.fr\/site\/sport-e-leclerc-academie-09-septembre-toi-aussi-deviens-forgeron\/5892\",\"url\":\"https:\/\/www.fcgueugnon.fr\/site\/sport-e-leclerc-academie-09-septembre-toi-aussi-deviens-forgeron\/5892\",\"name\":\"[Sport E.Leclerc Acad\u00e9mie] 09 Septembre : Toi aussi, deviens forgeron ! &#8226; FOOTBALL CLUB GUEUGNON\",\"isPartOf\":{\"@id\":\"https:\/\/www.fcgueugnon.fr\/site\/#website\"},\"primaryImageOfPage\":{\"@id\":\"https:\/\/www.fcgueugnon.fr\/site\/sport-e-leclerc-academie-09-septembre-toi-aussi-deviens-forgeron\/5892#primaryimage\"},\"image\":{\"@id\":\"https:\/\/www.fcgueugnon.fr\/site\/sport-e-leclerc-academie-09-septembre-toi-aussi-deviens-forgeron\/5892#primaryimage\"},\"thumbnailUrl\":\"https:\/\/www.fcgueugnon.fr\/site\/wp-content\/uploads\/2023\/08\/LA-JOURNEE-DES-FORGERONS-23.24.png\",\"datePublished\":\"2023-08-23T09:59:00+00:00\",\"dateModified\":\"2023-10-23T07:32:41+00:00\",\"breadcrumb\":{\"@id\":\"https:\/\/www.fcgueugnon.fr\/site\/sport-e-leclerc-academie-09-septembre-toi-aussi-deviens-forgeron\/5892#breadcrumb\"},\"inLanguage\":\"fr-FR\",\"potentialAction\":[{\"@type\":\"ReadAction\",\"target\":[\"https:\/\/www.fcgueugnon.fr\/site\/sport-e-leclerc-academie-09-septembre-toi-aussi-deviens-forgeron\/5892\"]}]},{\"@type\":\"ImageObject\",\"inLanguage\":\"fr-FR\",\"@id\":\"https:\/\/www.fcgueugnon.fr\/site\/sport-e-leclerc-academie-09-septembre-toi-aussi-deviens-forgeron\/5892#primaryimage\",\"url\":\"https:\/\/www.fcgueugnon.fr\/site\/wp-content\/uploads\/2023\/08\/LA-JOURNEE-DES-FORGERONS-23.24.png\",\"contentUrl\":\"https:\/\/www.fcgueugnon.fr\/site\/wp-content\/uploads\/2023\/08\/LA-JOURNEE-DES-FORGERONS-23.24.png\",\"width\":1920,\"height\":1080},{\"@type\":\"BreadcrumbList\",\"@id\":\"https:\/\/www.fcgueugnon.fr\/site\/sport-e-leclerc-academie-09-septembre-toi-aussi-deviens-forgeron\/5892#breadcrumb\",\"itemListElement\":[{\"@type\":\"ListItem\",\"position\":1,\"name\":\"Accueil\",\"item\":\"https:\/\/www.fcgueugnon.fr\/site\/\"},{\"@type\":\"ListItem\",\"position\":2,\"name\":\"[Sport E.Leclerc Acad\u00e9mie] 09 Septembre : Toi aussi, deviens forgeron !\"}]},{\"@type\":\"WebSite\",\"@id\":\"https:\/\/www.fcgueugnon.fr\/site\/#website\",\"url\":\"https:\/\/www.fcgueugnon.fr\/site\/\",\"name\":\"FOOTBALL CLUB GUEUGNON\",\"description\":\"Le Site Officiel des Forgerons\",\"publisher\":{\"@id\":\"https:\/\/www.fcgueugnon.fr\/site\/#organization\"},\"potentialAction\":[{\"@type\":\"SearchAction\",\"target\":{\"@type\":\"EntryPoint\",\"urlTemplate\":\"https:\/\/www.fcgueugnon.fr\/site\/?s={search_term_string}\"},\"query-input\":{\"@type\":\"PropertyValueSpecification\",\"valueRequired\":true,\"valueName\":\"search_term_string\"}}],\"inLanguage\":\"fr-FR\"},{\"@type\":\"Organization\",\"@id\":\"https:\/\/www.fcgueugnon.fr\/site\/#organization\",\"name\":\"FC Gueugnon\",\"url\":\"https:\/\/www.fcgueugnon.fr\/site\/\",\"logo\":{\"@type\":\"ImageObject\",\"inLanguage\":\"fr-FR\",\"@id\":\"https:\/\/www.fcgueugnon.fr\/site\/#\/schema\/logo\/image\/\",\"url\":\"https:\/\/www.fcgueugnon.fr\/site\/wp-content\/uploads\/2022\/07\/cropped-Logo-FCGUEUGNON-low-350x350-1.png\",\"contentUrl\":\"https:\/\/www.fcgueugnon.fr\/site\/wp-content\/uploads\/2022\/07\/cropped-Logo-FCGUEUGNON-low-350x350-1.png\",\"width\":350,\"height\":350,\"caption\":\"FC Gueugnon\"},\"image\":{\"@id\":\"https:\/\/www.fcgueugnon.fr\/site\/#\/schema\/logo\/image\/\"},\"sameAs\":[\"http:\/\/facebook.com\/FCGueugnon\",\"https:\/\/x.com\/FCGueugnon_off\",\"https:\/\/www.instagram.com\/fcgueugnon\/\",\"https:\/\/www.linkedin.com\/company\/football-club-de-gueugnon\/\",\"https:\/\/www.youtube.com\/user\/FCGueugnonnais\",\"https:\/\/fr.wikipedia.org\/wiki\/Football_Club_de_Gueugnon\"]},{\"@type\":\"Person\",\"@id\":\"https:\/\/www.fcgueugnon.fr\/site\/#\/schema\/person\/829630bfb5d6f3ebe4d296b75687c01a\",\"name\":\"FC Gueugnon\",\"url\":\"https:\/\/www.fcgueugnon.fr\/site\/author\/g-avin1\"}]}<\/script>\n<!-- \/ Yoast SEO plugin. -->","yoast_head_json":{"title":"[Sport E.Leclerc Acad\u00e9mie] 09 Septembre : Toi aussi, deviens forgeron ! &#8226; FOOTBALL CLUB GUEUGNON","robots":{"index":"index","follow":"follow","max-snippet":"max-snippet:-1","max-image-preview":"max-image-preview:large","max-video-preview":"max-video-preview:-1"},"canonical":"https:\/\/www.fcgueugnon.fr\/site\/sport-e-leclerc-academie-09-septembre-toi-aussi-deviens-forgeron\/5892","og_locale":"fr_FR","og_type":"article","og_title":"[Sport E.Leclerc Acad\u00e9mie] 09 Septembre : Toi aussi, deviens forgeron ! &#8226; FOOTBALL CLUB GUEUGNON","og_description":"La Sport E.Leclerc Acad\u00e9mie ouvre ses portes pour une journ\u00e9e d\u00e9couverte le samedi 09 septembre sur la plaine du Vieux Fresne\u00a0! Comme\u00a0chaque saison, le club organise une journ\u00e9e consacr\u00e9e aux jeunes footballeurs des cat\u00e9gories baby-ballon \u00e0 U11 dans un cadre ludique et convivial. Cette journ\u00e9e est ouverte \u00e0 tous (gar\u00e7ons et filles) et a pour ... Lire la suite","og_url":"https:\/\/www.fcgueugnon.fr\/site\/sport-e-leclerc-academie-09-septembre-toi-aussi-deviens-forgeron\/5892","og_site_name":"FOOTBALL CLUB GUEUGNON","article_publisher":"http:\/\/facebook.com\/FCGueugnon","article_published_time":"2023-08-23T09:59:00+00:00","article_modified_time":"2023-10-23T07:32:41+00:00","og_image":[{"width":1024,"height":576,"url":"https:\/\/www.fcgueugnon.fr\/site\/wp-content\/uploads\/2023\/08\/LA-JOURNEE-DES-FORGERONS-23.24-1024x576.png","type":"image\/png"}],"author":"FC Gueugnon","twitter_card":"summary_large_image","twitter_creator":"@FCGueugnon_off","twitter_site":"@FCGueugnon_off","twitter_misc":{"\u00c9crit par":"FC Gueugnon","Dur\u00e9e de lecture estim\u00e9e":"1 minute"},"schema":{"@context":"https:\/\/schema.org","@graph":[{"@type":"Article","@id":"https:\/\/www.fcgueugnon.fr\/site\/sport-e-leclerc-academie-09-septembre-toi-aussi-deviens-forgeron\/5892#article","isPartOf":{"@id":"https:\/\/www.fcgueugnon.fr\/site\/sport-e-leclerc-academie-09-septembre-toi-aussi-deviens-forgeron\/5892"},"author":{"name":"FC Gueugnon","@id":"https:\/\/www.fcgueugnon.fr\/site\/#\/schema\/person\/829630bfb5d6f3ebe4d296b75687c01a"},"headline":"[Sport E.Leclerc Acad\u00e9mie] 09 Septembre : Toi aussi, deviens forgeron !","datePublished":"2023-08-23T09:59:00+00:00","dateModified":"2023-10-23T07:32:41+00:00","mainEntityOfPage":{"@id":"https:\/\/www.fcgueugnon.fr\/site\/sport-e-leclerc-academie-09-septembre-toi-aussi-deviens-forgeron\/5892"},"wordCount":162,"publisher":{"@id":"https:\/\/www.fcgueugnon.fr\/site\/#organization"},"image":{"@id":"https:\/\/www.fcgueugnon.fr\/site\/sport-e-leclerc-academie-09-septembre-toi-aussi-deviens-forgeron\/5892#primaryimage"},"thumbnailUrl":"https:\/\/www.fcgueugnon.fr\/site\/wp-content\/uploads\/2023\/08\/LA-JOURNEE-DES-FORGERONS-23.24.png","keywords":["Sport E.Leclerc Acad\u00e9mie : Jeunes \/ Formation"],"articleSection":["News","News 2023\/2024"],"inLanguage":"fr-FR"},{"@type":"WebPage","@id":"https:\/\/www.fcgueugnon.fr\/site\/sport-e-leclerc-academie-09-septembre-toi-aussi-deviens-forgeron\/5892","url":"https:\/\/www.fcgueugnon.fr\/site\/sport-e-leclerc-academie-09-septembre-toi-aussi-deviens-forgeron\/5892","name":"[Sport E.Leclerc Acad\u00e9mie] 09 Septembre : Toi aussi, deviens forgeron ! &#8226; FOOTBALL CLUB GUEUGNON","isPartOf":{"@id":"https:\/\/www.fcgueugnon.fr\/site\/#website"},"primaryImageOfPage":{"@id":"https:\/\/www.fcgueugnon.fr\/site\/sport-e-leclerc-academie-09-septembre-toi-aussi-deviens-forgeron\/5892#primaryimage"},"image":{"@id":"https:\/\/www.fcgueugnon.fr\/site\/sport-e-leclerc-academie-09-septembre-toi-aussi-deviens-forgeron\/5892#primaryimage"},"thumbnailUrl":"https:\/\/www.fcgueugnon.fr\/site\/wp-content\/uploads\/2023\/08\/LA-JOURNEE-DES-FORGERONS-23.24.png","datePublished":"2023-08-23T09:59:00+00:00","dateModified":"2023-10-23T07:32:41+00:00","breadcrumb":{"@id":"https:\/\/www.fcgueugnon.fr\/site\/sport-e-leclerc-academie-09-septembre-toi-aussi-deviens-forgeron\/5892#breadcrumb"},"inLanguage":"fr-FR","potentialAction":[{"@type":"ReadAction","target":["https:\/\/www.fcgueugnon.fr\/site\/sport-e-leclerc-academie-09-septembre-toi-aussi-deviens-forgeron\/5892"]}]},{"@type":"ImageObject","inLanguage":"fr-FR","@id":"https:\/\/www.fcgueugnon.fr\/site\/sport-e-leclerc-academie-09-septembre-toi-aussi-deviens-forgeron\/5892#primaryimage","url":"https:\/\/www.fcgueugnon.fr\/site\/wp-content\/uploads\/2023\/08\/LA-JOURNEE-DES-FORGERONS-23.24.png","contentUrl":"https:\/\/www.fcgueugnon.fr\/site\/wp-content\/uploads\/2023\/08\/LA-JOURNEE-DES-FORGERONS-23.24.png","width":1920,"height":1080},{"@type":"BreadcrumbList","@id":"https:\/\/www.fcgueugnon.fr\/site\/sport-e-leclerc-academie-09-septembre-toi-aussi-deviens-forgeron\/5892#breadcrumb","itemListElement":[{"@type":"ListItem","position":1,"name":"Accueil","item":"https:\/\/www.fcgueugnon.fr\/site\/"},{"@type":"ListItem","position":2,"name":"[Sport E.Leclerc Acad\u00e9mie] 09 Septembre : Toi aussi, deviens forgeron !"}]},{"@type":"WebSite","@id":"https:\/\/www.fcgueugnon.fr\/site\/#website","url":"https:\/\/www.fcgueugnon.fr\/site\/","name":"FOOTBALL CLUB GUEUGNON","description":"Le Site Officiel des Forgerons","publisher":{"@id":"https:\/\/www.fcgueugnon.fr\/site\/#organization"},"potentialAction":[{"@type":"SearchAction","target":{"@type":"EntryPoint","urlTemplate":"https:\/\/www.fcgueugnon.fr\/site\/?s={search_term_string}"},"query-input":{"@type":"PropertyValueSpecification","valueRequired":true,"valueName":"search_term_string"}}],"inLanguage":"fr-FR"},{"@type":"Organization","@id":"https:\/\/www.fcgueugnon.fr\/site\/#organization","name":"FC Gueugnon","url":"https:\/\/www.fcgueugnon.fr\/site\/","logo":{"@type":"ImageObject","inLanguage":"fr-FR","@id":"https:\/\/www.fcgueugnon.fr\/site\/#\/schema\/logo\/image\/","url":"https:\/\/www.fcgueugnon.fr\/site\/wp-content\/uploads\/2022\/07\/cropped-Logo-FCGUEUGNON-low-350x350-1.png","contentUrl":"https:\/\/www.fcgueugnon.fr\/site\/wp-content\/uploads\/2022\/07\/cropped-Logo-FCGUEUGNON-low-350x350-1.png","width":350,"height":350,"caption":"FC Gueugnon"},"image":{"@id":"https:\/\/www.fcgueugnon.fr\/site\/#\/schema\/logo\/image\/"},"sameAs":["http:\/\/facebook.com\/FCGueugnon","https:\/\/x.com\/FCGueugnon_off","https:\/\/www.instagram.com\/fcgueugnon\/","https:\/\/www.linkedin.com\/company\/football-club-de-gueugnon\/","https:\/\/www.youtube.com\/user\/FCGueugnonnais","https:\/\/fr.wikipedia.org\/wiki\/Football_Club_de_Gueugnon"]},{"@type":"Person","@id":"https:\/\/www.fcgueugnon.fr\/site\/#\/schema\/person\/829630bfb5d6f3ebe4d296b75687c01a","name":"FC Gueugnon","url":"https:\/\/www.fcgueugnon.fr\/site\/author\/g-avin1"}]}},"rttpg_featured_image_url":{"full":["https:\/\/www.fcgueugnon.fr\/site\/wp-content\/uploads\/2023\/08\/LA-JOURNEE-DES-FORGERONS-23.24.png",1920,1080,false],"landscape":["https:\/\/www.fcgueugnon.fr\/site\/wp-content\/uploads\/2023\/08\/LA-JOURNEE-DES-FORGERONS-23.24.png",1920,1080,false],"portraits":["https:\/\/www.fcgueugnon.fr\/site\/wp-content\/uploads\/2023\/08\/LA-JOURNEE-DES-FORGERONS-23.24.png",1920,1080,false],"thumbnail":["https:\/\/www.fcgueugnon.fr\/site\/wp-content\/uploads\/2023\/08\/LA-JOURNEE-DES-FORGERONS-23.24-150x150.png",150,150,true],"medium":["https:\/\/www.fcgueugnon.fr\/site\/wp-content\/uploads\/2023\/08\/LA-JOURNEE-DES-FORGERONS-23.24-400x225.png",400,225,true],"large":["https:\/\/www.fcgueugnon.fr\/site\/wp-content\/uploads\/2023\/08\/LA-JOURNEE-DES-FORGERONS-23.24-1024x576.png",1024,576,true],"1536x1536":["https:\/\/www.fcgueugnon.fr\/site\/wp-content\/uploads\/2023\/08\/LA-JOURNEE-DES-FORGERONS-23.24-1536x864.png",1536,864,true],"2048x2048":["https:\/\/www.fcgueugnon.fr\/site\/wp-content\/uploads\/2023\/08\/LA-JOURNEE-DES-FORGERONS-23.24.png",1920,1080,false]},"rttpg_author":{"display_name":"FC Gueugnon","author_link":"https:\/\/www.fcgueugnon.fr\/site\/author\/g-avin1"},"rttpg_comment":0,"rttpg_category":"<a href=\"https:\/\/www.fcgueugnon.fr\/site\/category\/news\" rel=\"category tag\">News<\/a> <a href=\"https:\/\/www.fcgueugnon.fr\/site\/category\/news\/news-2023-2024\" rel=\"category tag\">News 2023\/2024<\/a>","rttpg_excerpt":"La Sport E.Leclerc Acad\u00e9mie ouvre ses portes pour une journ\u00e9e d\u00e9couverte le samedi 09 septembre sur la plaine du Vieux Fresne\u00a0! Comme\u00a0chaque saison, le club organise une journ\u00e9e consacr\u00e9e aux jeunes footballeurs des cat\u00e9gories baby-ballon \u00e0 U11 dans un cadre ludique et convivial. Cette journ\u00e9e est ouverte \u00e0 tous (gar\u00e7ons et filles) et a pour\u2026","_links":{"self":[{"href":"https:\/\/www.fcgueugnon.fr\/site\/wp-json\/wp\/v2\/posts\/5892","targetHints":{"allow":["GET"]}}],"collection":[{"href":"https:\/\/www.fcgueugnon.fr\/site\/wp-json\/wp\/v2\/posts"}],"about":[{"href":"https:\/\/www.fcgueugnon.fr\/site\/wp-json\/wp\/v2\/types\/post"}],"author":[{"embeddable":true,"href":"https:\/\/www.fcgueugnon.fr\/site\/wp-json\/wp\/v2\/users\/3"}],"replies":[{"embeddable":true,"href":"https:\/\/www.fcgueugnon.fr\/site\/wp-json\/wp\/v2\/comments?post=5892"}],"version-history":[{"count":3,"href":"https:\/\/www.fcgueugnon.fr\/site\/wp-json\/wp\/v2\/posts\/5892\/revisions"}],"predecessor-version":[{"id":5896,"href":"https:\/\/www.fcgueugnon.fr\/site\/wp-json\/wp\/v2\/posts\/5892\/revisions\/5896"}],"wp:featuredmedia":[{"embeddable":true,"href":"https:\/\/www.fcgueugnon.fr\/site\/wp-json\/wp\/v2\/media\/5893"}],"wp:attachment":[{"href":"https:\/\/www.fcgueugnon.fr\/site\/wp-json\/wp\/v2\/media?parent=5892"}],"wp:term":[{"taxonomy":"category","embeddable":true,"href":"https:\/\/www.fcgueugnon.fr\/site\/wp-json\/wp\/v2\/categories?post=5892"},{"taxonomy":"post_tag","embeddable":true,"href":"https:\/\/www.fcgueugnon.fr\/site\/wp-json\/wp\/v2\/tags?post=5892"}],"curies":[{"name":"wp","href":"https:\/\/api.w.org\/{rel}","templated":true}]}}