{"id":5886,"date":"2023-08-21T11:48:40","date_gmt":"2023-08-21T09:48:40","guid":{"rendered":"https:\/\/www.fcgueugnon.fr\/site\/?p=5886"},"modified":"2023-10-23T09:32:41","modified_gmt":"2023-10-23T07:32:41","slug":"national-3-a-jean-laville-le-fcg-simpose-face-a-las-moulins","status":"publish","type":"post","link":"https:\/\/www.fcgueugnon.fr\/site\/national-3-a-jean-laville-le-fcg-simpose-face-a-las-moulins\/5886","title":{"rendered":"[National 3] \u00c0 Jean Laville, le FCG s&rsquo;impose face \u00e0 l&rsquo;AS Moulins."},"content":{"rendered":"\n<h3 class=\"wp-block-heading\"><strong>Ce samedi, les hommes de Philippe Correia disputaient leur premier match de la saison \u00e0 domicile. Face \u00e0 l&rsquo;AS Moulins, le FCG avait l&rsquo;opportunit\u00e9 de faire le plein de confiance avant d&rsquo;aborder la premi\u00e8re journ\u00e9e de championnat.<\/strong><\/h3>\n\n\n\n<div style=\"height:30px\" aria-hidden=\"true\" class=\"wp-block-spacer\"><\/div>\n\n\n<div class=\"wp-block-image\">\n<figure class=\"aligncenter size-large\"><img loading=\"lazy\" decoding=\"async\" width=\"819\" height=\"1024\" src=\"https:\/\/www.fcgueugnon.fr\/site\/wp-content\/uploads\/2023\/08\/SCORE-FINAL-23.24-AMICAL-1-819x1024.png\" alt=\"\" class=\"wp-image-5887\" srcset=\"https:\/\/www.fcgueugnon.fr\/site\/wp-content\/uploads\/2023\/08\/SCORE-FINAL-23.24-AMICAL-1-819x1024.png 819w, https:\/\/www.fcgueugnon.fr\/site\/wp-content\/uploads\/2023\/08\/SCORE-FINAL-23.24-AMICAL-1-320x400.png 320w, https:\/\/www.fcgueugnon.fr\/site\/wp-content\/uploads\/2023\/08\/SCORE-FINAL-23.24-AMICAL-1-768x960.png 768w, https:\/\/www.fcgueugnon.fr\/site\/wp-content\/uploads\/2023\/08\/SCORE-FINAL-23.24-AMICAL-1-1229x1536.png 1229w, https:\/\/www.fcgueugnon.fr\/site\/wp-content\/uploads\/2023\/08\/SCORE-FINAL-23.24-AMICAL-1-1638x2048.png 1638w, https:\/\/www.fcgueugnon.fr\/site\/wp-content\/uploads\/2023\/08\/SCORE-FINAL-23.24-AMICAL-1-1320x1650.png 1320w, https:\/\/www.fcgueugnon.fr\/site\/wp-content\/uploads\/2023\/08\/SCORE-FINAL-23.24-AMICAL-1-600x750.png 600w, https:\/\/www.fcgueugnon.fr\/site\/wp-content\/uploads\/2023\/08\/SCORE-FINAL-23.24-AMICAL-1.png 2000w\" sizes=\"auto, (max-width: 819px) 100vw, 819px\" \/><\/figure>\n<\/div>\n\n\n<div style=\"height:30px\" aria-hidden=\"true\" class=\"wp-block-spacer\"><\/div>\n\n\n\n<p>La phase de pr\u00e9paration du FC Gueugnon touche \u00e0 sa fin avec cet ultime match amical face \u00e0 l&rsquo;<strong>Acad\u00e9mie Sportive de Moulins<\/strong> (R\u00e9gional 1). Sous un soleil de plomb, les jaunes et bleus se sont montr\u00e9s convaincants malgr\u00e9 le bon d\u00e9but de match des visiteurs.<\/p>\n\n\n\n<p>Dans le premier quart d&rsquo;heure de jeu, les deux \u00e9quipes se cr\u00e9ent quelques situations, sans pour autant mettre grandement en danger les d\u00e9fenseurs adverses. Apr\u00e8s une tentative Moulinoise repouss\u00e9e par <strong>Anthony Njock<\/strong> (17&prime;), ce sont les gueugnonnais qui trouvent l&rsquo;ouverture en premier. <strong>Jason Luanda<\/strong> provoque une main adverse dans la surface et transforme son penalty (1-0 ; 29&prime;). Dans la foul\u00e9e, les forgerons acc\u00e9l\u00e8rent et ne laissent que peu d&rsquo;espaces \u00e0 leurs adversaires. L&rsquo;addition va logiquement se corser suite \u00e0 une belle action collective. <strong>Jason Luanda<\/strong> d\u00e9cale sur <strong>Mathis Clerval<\/strong>. Le milieu de terrain centre en une touche pour <strong>Amine Ramdane<\/strong> qui conclut (2-0 ; 34&prime;). Quatre minutes plus tard, <strong>Amine Ramdane<\/strong> centre pour <strong>Mathis Clerval<\/strong> qui d\u00e9vie de la t\u00eate pour <strong>Oum\u00e9rou Dram\u00e9<\/strong>. L&rsquo;attaquant forgeron marque dans le but vide (3-0 ; 38&prime;).<\/p>\n\n\n\n<p>\u00c0 partir de la soixanti\u00e8me minute, <strong>Philippe Correia<\/strong> donne du temps de jeu \u00e0 l&rsquo;ensemble de son effectif et proc\u00e8de \u00e0 de nombreux changements. Les gueugnonnais poursuivent leurs efforts et <strong>Anthony Chauvet<\/strong> se retrouve \u00e0 la conclusion d\u2019un jeu \u00e0 trois, et porte le score \u00e0 4-0 (64&prime;). En gestion, les co\u00e9quipiers de <strong>Yannick Mambo<\/strong> vont terminer sereinement la rencontre et s&rsquo;imposer sans encaisser de but.<\/p>\n\n\n\n<p>Nous souhaitons une bonne saison \u00e0 l&rsquo;<strong>Acad\u00e9mie Sportive de Moulins <\/strong>et nous vous donnons rendez-vous d\u00e8s samedi prochain \u00e0 Jean Laville (18h) pour la reprise du championnat face au <strong>DFCO B<\/strong>.<\/p>\n\n\n\n<div style=\"height:20px\" aria-hidden=\"true\" class=\"wp-block-spacer\"><\/div>\n\n\n\n<p><strong>\u26bd&nbsp;<strong>Score final<\/strong><\/strong><\/p>\n\n\n\n<p><strong>\u00c0 Gueugnon, stade Jean Laville<\/strong><br>FC Gueugnon 4-0 AS Moulins<br>Buts : Jason Luanda (29&prime;) ; Amine Ramdane (34&prime;) ; Oum\u00e9rou Dram\u00e9 (38&prime;) ; Anthony Chauvet (64&prime;).<\/p>\n\n\n\n<div style=\"height:20px\" aria-hidden=\"true\" class=\"wp-block-spacer\"><\/div>\n\n\n\n<p>\ud83d\udfe1\ud83d\udd35&nbsp;<strong>Composition d\u2019\u00e9quipe<\/strong><\/p>\n\n\n\n<p>Njock (74&prime; Hernandez), Chauvet, Ciss\u00e9 (59&prime; Helal), Fahrasmane (59&prime; Joueur \u00e0 l&rsquo;essai), Mambo, Mohamed (59&prime; Figueira), Clerval (77&prime; Luanda), Gnahor\u00e9 (59&prime; Diallo), Luanda (59&prime; Bouekou), Ramdane (70&prime; Joueur \u00e0 l&rsquo;essai), Dram\u00e9 (59&prime; Miezi Kembolo).<\/p>\n","protected":false},"excerpt":{"rendered":"<p>Ce samedi, les hommes de Philippe Correia disputaient leur premier match de la saison \u00e0 domicile. Face \u00e0 l&rsquo;AS Moulins, le FCG avait l&rsquo;opportunit\u00e9 de faire le plein de confiance avant d&rsquo;aborder la premi\u00e8re journ\u00e9e de championnat. La phase de pr\u00e9paration du FC Gueugnon touche \u00e0 sa fin avec cet ultime match amical face \u00e0 &#8230; <\/p>\n<p class=\"read-more-container\"><a title=\"[National 3] \u00c0 Jean Laville, le FCG s&rsquo;impose face \u00e0 l&rsquo;AS Moulins.\" class=\"read-more button\" href=\"https:\/\/www.fcgueugnon.fr\/site\/national-3-a-jean-laville-le-fcg-simpose-face-a-las-moulins\/5886#more-5886\" aria-label=\"Plus sur [National 3] \u00c0 Jean Laville, le FCG s&rsquo;impose face \u00e0 l&rsquo;AS Moulins.\">Lire la suite<\/a><\/p>\n","protected":false},"author":3,"featured_media":5888,"comment_status":"closed","ping_status":"closed","sticky":false,"template":"","format":"standard","meta":{"footnotes":""},"categories":[4,55],"tags":[10],"class_list":["post-5886","post","type-post","status-publish","format-standard","has-post-thumbnail","hentry","category-news","category-news-2023-2024","tag-preparation-entrainement","infinite-scroll-item","generate-columns","tablet-grid-50","mobile-grid-100","grid-parent","grid-25","resize-featured-image"],"yoast_head":"<!-- This site is optimized with the Yoast SEO plugin v26.6 - https:\/\/yoast.com\/wordpress\/plugins\/seo\/ -->\n<title>[National 3] \u00c0 Jean Laville, le FCG s&#039;impose face \u00e0 l&#039;AS Moulins. &#8226; FOOTBALL CLUB GUEUGNON<\/title>\n<meta name=\"robots\" content=\"index, follow, max-snippet:-1, max-image-preview:large, max-video-preview:-1\" \/>\n<link rel=\"canonical\" href=\"https:\/\/www.fcgueugnon.fr\/site\/national-3-a-jean-laville-le-fcg-simpose-face-a-las-moulins\/5886\" \/>\n<meta property=\"og:locale\" content=\"fr_FR\" \/>\n<meta property=\"og:type\" content=\"article\" \/>\n<meta property=\"og:title\" content=\"[National 3] \u00c0 Jean Laville, le FCG s&#039;impose face \u00e0 l&#039;AS Moulins. &#8226; FOOTBALL CLUB GUEUGNON\" \/>\n<meta property=\"og:description\" content=\"Ce samedi, les hommes de Philippe Correia disputaient leur premier match de la saison \u00e0 domicile. Face \u00e0 l&rsquo;AS Moulins, le FCG avait l&rsquo;opportunit\u00e9 de faire le plein de confiance avant d&rsquo;aborder la premi\u00e8re journ\u00e9e de championnat. La phase de pr\u00e9paration du FC Gueugnon touche \u00e0 sa fin avec cet ultime match amical face \u00e0 ... Lire la suite\" \/>\n<meta property=\"og:url\" content=\"https:\/\/www.fcgueugnon.fr\/site\/national-3-a-jean-laville-le-fcg-simpose-face-a-las-moulins\/5886\" \/>\n<meta property=\"og:site_name\" content=\"FOOTBALL CLUB GUEUGNON\" \/>\n<meta property=\"article:publisher\" content=\"http:\/\/facebook.com\/FCGueugnon\" \/>\n<meta property=\"article:published_time\" content=\"2023-08-21T09:48:40+00:00\" \/>\n<meta property=\"article:modified_time\" content=\"2023-10-23T07:32:41+00:00\" \/>\n<meta property=\"og:image\" content=\"https:\/\/www.fcgueugnon.fr\/site\/wp-content\/uploads\/2023\/08\/FCG-4-0-AS-MOULINS.jpg\" \/>\n\t<meta property=\"og:image:width\" content=\"1440\" \/>\n\t<meta property=\"og:image:height\" content=\"1080\" \/>\n\t<meta property=\"og:image:type\" content=\"image\/jpeg\" \/>\n<meta name=\"author\" content=\"FC Gueugnon\" \/>\n<meta name=\"twitter:card\" content=\"summary_large_image\" \/>\n<meta name=\"twitter:creator\" content=\"@FCGueugnon_off\" \/>\n<meta name=\"twitter:site\" content=\"@FCGueugnon_off\" \/>\n<meta name=\"twitter:label1\" content=\"\u00c9crit par\" \/>\n\t<meta name=\"twitter:data1\" content=\"FC Gueugnon\" \/>\n\t<meta name=\"twitter:label2\" content=\"Dur\u00e9e de lecture estim\u00e9e\" \/>\n\t<meta name=\"twitter:data2\" content=\"3 minutes\" \/>\n<script type=\"application\/ld+json\" class=\"yoast-schema-graph\">{\"@context\":\"https:\/\/schema.org\",\"@graph\":[{\"@type\":\"Article\",\"@id\":\"https:\/\/www.fcgueugnon.fr\/site\/national-3-a-jean-laville-le-fcg-simpose-face-a-las-moulins\/5886#article\",\"isPartOf\":{\"@id\":\"https:\/\/www.fcgueugnon.fr\/site\/national-3-a-jean-laville-le-fcg-simpose-face-a-las-moulins\/5886\"},\"author\":{\"name\":\"FC Gueugnon\",\"@id\":\"https:\/\/www.fcgueugnon.fr\/site\/#\/schema\/person\/829630bfb5d6f3ebe4d296b75687c01a\"},\"headline\":\"[National 3] \u00c0 Jean Laville, le FCG s&rsquo;impose face \u00e0 l&rsquo;AS Moulins.\",\"datePublished\":\"2023-08-21T09:48:40+00:00\",\"dateModified\":\"2023-10-23T07:32:41+00:00\",\"mainEntityOfPage\":{\"@id\":\"https:\/\/www.fcgueugnon.fr\/site\/national-3-a-jean-laville-le-fcg-simpose-face-a-las-moulins\/5886\"},\"wordCount\":387,\"publisher\":{\"@id\":\"https:\/\/www.fcgueugnon.fr\/site\/#organization\"},\"image\":{\"@id\":\"https:\/\/www.fcgueugnon.fr\/site\/national-3-a-jean-laville-le-fcg-simpose-face-a-las-moulins\/5886#primaryimage\"},\"thumbnailUrl\":\"https:\/\/www.fcgueugnon.fr\/site\/wp-content\/uploads\/2023\/08\/FCG-4-0-AS-MOULINS.jpg\",\"keywords\":[\"Pr\u00e9paration - Entrainement\"],\"articleSection\":[\"News\",\"News 2023\/2024\"],\"inLanguage\":\"fr-FR\"},{\"@type\":\"WebPage\",\"@id\":\"https:\/\/www.fcgueugnon.fr\/site\/national-3-a-jean-laville-le-fcg-simpose-face-a-las-moulins\/5886\",\"url\":\"https:\/\/www.fcgueugnon.fr\/site\/national-3-a-jean-laville-le-fcg-simpose-face-a-las-moulins\/5886\",\"name\":\"[National 3] \u00c0 Jean Laville, le FCG s'impose face \u00e0 l'AS Moulins. &#8226; FOOTBALL CLUB GUEUGNON\",\"isPartOf\":{\"@id\":\"https:\/\/www.fcgueugnon.fr\/site\/#website\"},\"primaryImageOfPage\":{\"@id\":\"https:\/\/www.fcgueugnon.fr\/site\/national-3-a-jean-laville-le-fcg-simpose-face-a-las-moulins\/5886#primaryimage\"},\"image\":{\"@id\":\"https:\/\/www.fcgueugnon.fr\/site\/national-3-a-jean-laville-le-fcg-simpose-face-a-las-moulins\/5886#primaryimage\"},\"thumbnailUrl\":\"https:\/\/www.fcgueugnon.fr\/site\/wp-content\/uploads\/2023\/08\/FCG-4-0-AS-MOULINS.jpg\",\"datePublished\":\"2023-08-21T09:48:40+00:00\",\"dateModified\":\"2023-10-23T07:32:41+00:00\",\"breadcrumb\":{\"@id\":\"https:\/\/www.fcgueugnon.fr\/site\/national-3-a-jean-laville-le-fcg-simpose-face-a-las-moulins\/5886#breadcrumb\"},\"inLanguage\":\"fr-FR\",\"potentialAction\":[{\"@type\":\"ReadAction\",\"target\":[\"https:\/\/www.fcgueugnon.fr\/site\/national-3-a-jean-laville-le-fcg-simpose-face-a-las-moulins\/5886\"]}]},{\"@type\":\"ImageObject\",\"inLanguage\":\"fr-FR\",\"@id\":\"https:\/\/www.fcgueugnon.fr\/site\/national-3-a-jean-laville-le-fcg-simpose-face-a-las-moulins\/5886#primaryimage\",\"url\":\"https:\/\/www.fcgueugnon.fr\/site\/wp-content\/uploads\/2023\/08\/FCG-4-0-AS-MOULINS.jpg\",\"contentUrl\":\"https:\/\/www.fcgueugnon.fr\/site\/wp-content\/uploads\/2023\/08\/FCG-4-0-AS-MOULINS.jpg\",\"width\":1440,\"height\":1080},{\"@type\":\"BreadcrumbList\",\"@id\":\"https:\/\/www.fcgueugnon.fr\/site\/national-3-a-jean-laville-le-fcg-simpose-face-a-las-moulins\/5886#breadcrumb\",\"itemListElement\":[{\"@type\":\"ListItem\",\"position\":1,\"name\":\"Accueil\",\"item\":\"https:\/\/www.fcgueugnon.fr\/site\/\"},{\"@type\":\"ListItem\",\"position\":2,\"name\":\"[National 3] \u00c0 Jean Laville, le FCG s&#8217;impose face \u00e0 l&#8217;AS Moulins.\"}]},{\"@type\":\"WebSite\",\"@id\":\"https:\/\/www.fcgueugnon.fr\/site\/#website\",\"url\":\"https:\/\/www.fcgueugnon.fr\/site\/\",\"name\":\"FOOTBALL CLUB GUEUGNON\",\"description\":\"Le Site Officiel des Forgerons\",\"publisher\":{\"@id\":\"https:\/\/www.fcgueugnon.fr\/site\/#organization\"},\"potentialAction\":[{\"@type\":\"SearchAction\",\"target\":{\"@type\":\"EntryPoint\",\"urlTemplate\":\"https:\/\/www.fcgueugnon.fr\/site\/?s={search_term_string}\"},\"query-input\":{\"@type\":\"PropertyValueSpecification\",\"valueRequired\":true,\"valueName\":\"search_term_string\"}}],\"inLanguage\":\"fr-FR\"},{\"@type\":\"Organization\",\"@id\":\"https:\/\/www.fcgueugnon.fr\/site\/#organization\",\"name\":\"FC Gueugnon\",\"url\":\"https:\/\/www.fcgueugnon.fr\/site\/\",\"logo\":{\"@type\":\"ImageObject\",\"inLanguage\":\"fr-FR\",\"@id\":\"https:\/\/www.fcgueugnon.fr\/site\/#\/schema\/logo\/image\/\",\"url\":\"https:\/\/www.fcgueugnon.fr\/site\/wp-content\/uploads\/2022\/07\/cropped-Logo-FCGUEUGNON-low-350x350-1.png\",\"contentUrl\":\"https:\/\/www.fcgueugnon.fr\/site\/wp-content\/uploads\/2022\/07\/cropped-Logo-FCGUEUGNON-low-350x350-1.png\",\"width\":350,\"height\":350,\"caption\":\"FC Gueugnon\"},\"image\":{\"@id\":\"https:\/\/www.fcgueugnon.fr\/site\/#\/schema\/logo\/image\/\"},\"sameAs\":[\"http:\/\/facebook.com\/FCGueugnon\",\"https:\/\/x.com\/FCGueugnon_off\",\"https:\/\/www.instagram.com\/fcgueugnon\/\",\"https:\/\/www.linkedin.com\/company\/football-club-de-gueugnon\/\",\"https:\/\/www.youtube.com\/user\/FCGueugnonnais\",\"https:\/\/fr.wikipedia.org\/wiki\/Football_Club_de_Gueugnon\"]},{\"@type\":\"Person\",\"@id\":\"https:\/\/www.fcgueugnon.fr\/site\/#\/schema\/person\/829630bfb5d6f3ebe4d296b75687c01a\",\"name\":\"FC Gueugnon\",\"url\":\"https:\/\/www.fcgueugnon.fr\/site\/author\/g-avin1\"}]}<\/script>\n<!-- \/ Yoast SEO plugin. -->","yoast_head_json":{"title":"[National 3] \u00c0 Jean Laville, le FCG s'impose face \u00e0 l'AS Moulins. &#8226; FOOTBALL CLUB GUEUGNON","robots":{"index":"index","follow":"follow","max-snippet":"max-snippet:-1","max-image-preview":"max-image-preview:large","max-video-preview":"max-video-preview:-1"},"canonical":"https:\/\/www.fcgueugnon.fr\/site\/national-3-a-jean-laville-le-fcg-simpose-face-a-las-moulins\/5886","og_locale":"fr_FR","og_type":"article","og_title":"[National 3] \u00c0 Jean Laville, le FCG s'impose face \u00e0 l'AS Moulins. &#8226; FOOTBALL CLUB GUEUGNON","og_description":"Ce samedi, les hommes de Philippe Correia disputaient leur premier match de la saison \u00e0 domicile. Face \u00e0 l&rsquo;AS Moulins, le FCG avait l&rsquo;opportunit\u00e9 de faire le plein de confiance avant d&rsquo;aborder la premi\u00e8re journ\u00e9e de championnat. La phase de pr\u00e9paration du FC Gueugnon touche \u00e0 sa fin avec cet ultime match amical face \u00e0 ... Lire la suite","og_url":"https:\/\/www.fcgueugnon.fr\/site\/national-3-a-jean-laville-le-fcg-simpose-face-a-las-moulins\/5886","og_site_name":"FOOTBALL CLUB GUEUGNON","article_publisher":"http:\/\/facebook.com\/FCGueugnon","article_published_time":"2023-08-21T09:48:40+00:00","article_modified_time":"2023-10-23T07:32:41+00:00","og_image":[{"width":1440,"height":1080,"url":"https:\/\/www.fcgueugnon.fr\/site\/wp-content\/uploads\/2023\/08\/FCG-4-0-AS-MOULINS.jpg","type":"image\/jpeg"}],"author":"FC Gueugnon","twitter_card":"summary_large_image","twitter_creator":"@FCGueugnon_off","twitter_site":"@FCGueugnon_off","twitter_misc":{"\u00c9crit par":"FC Gueugnon","Dur\u00e9e de lecture estim\u00e9e":"3 minutes"},"schema":{"@context":"https:\/\/schema.org","@graph":[{"@type":"Article","@id":"https:\/\/www.fcgueugnon.fr\/site\/national-3-a-jean-laville-le-fcg-simpose-face-a-las-moulins\/5886#article","isPartOf":{"@id":"https:\/\/www.fcgueugnon.fr\/site\/national-3-a-jean-laville-le-fcg-simpose-face-a-las-moulins\/5886"},"author":{"name":"FC Gueugnon","@id":"https:\/\/www.fcgueugnon.fr\/site\/#\/schema\/person\/829630bfb5d6f3ebe4d296b75687c01a"},"headline":"[National 3] \u00c0 Jean Laville, le FCG s&rsquo;impose face \u00e0 l&rsquo;AS Moulins.","datePublished":"2023-08-21T09:48:40+00:00","dateModified":"2023-10-23T07:32:41+00:00","mainEntityOfPage":{"@id":"https:\/\/www.fcgueugnon.fr\/site\/national-3-a-jean-laville-le-fcg-simpose-face-a-las-moulins\/5886"},"wordCount":387,"publisher":{"@id":"https:\/\/www.fcgueugnon.fr\/site\/#organization"},"image":{"@id":"https:\/\/www.fcgueugnon.fr\/site\/national-3-a-jean-laville-le-fcg-simpose-face-a-las-moulins\/5886#primaryimage"},"thumbnailUrl":"https:\/\/www.fcgueugnon.fr\/site\/wp-content\/uploads\/2023\/08\/FCG-4-0-AS-MOULINS.jpg","keywords":["Pr\u00e9paration - Entrainement"],"articleSection":["News","News 2023\/2024"],"inLanguage":"fr-FR"},{"@type":"WebPage","@id":"https:\/\/www.fcgueugnon.fr\/site\/national-3-a-jean-laville-le-fcg-simpose-face-a-las-moulins\/5886","url":"https:\/\/www.fcgueugnon.fr\/site\/national-3-a-jean-laville-le-fcg-simpose-face-a-las-moulins\/5886","name":"[National 3] \u00c0 Jean Laville, le FCG s'impose face \u00e0 l'AS Moulins. &#8226; FOOTBALL CLUB GUEUGNON","isPartOf":{"@id":"https:\/\/www.fcgueugnon.fr\/site\/#website"},"primaryImageOfPage":{"@id":"https:\/\/www.fcgueugnon.fr\/site\/national-3-a-jean-laville-le-fcg-simpose-face-a-las-moulins\/5886#primaryimage"},"image":{"@id":"https:\/\/www.fcgueugnon.fr\/site\/national-3-a-jean-laville-le-fcg-simpose-face-a-las-moulins\/5886#primaryimage"},"thumbnailUrl":"https:\/\/www.fcgueugnon.fr\/site\/wp-content\/uploads\/2023\/08\/FCG-4-0-AS-MOULINS.jpg","datePublished":"2023-08-21T09:48:40+00:00","dateModified":"2023-10-23T07:32:41+00:00","breadcrumb":{"@id":"https:\/\/www.fcgueugnon.fr\/site\/national-3-a-jean-laville-le-fcg-simpose-face-a-las-moulins\/5886#breadcrumb"},"inLanguage":"fr-FR","potentialAction":[{"@type":"ReadAction","target":["https:\/\/www.fcgueugnon.fr\/site\/national-3-a-jean-laville-le-fcg-simpose-face-a-las-moulins\/5886"]}]},{"@type":"ImageObject","inLanguage":"fr-FR","@id":"https:\/\/www.fcgueugnon.fr\/site\/national-3-a-jean-laville-le-fcg-simpose-face-a-las-moulins\/5886#primaryimage","url":"https:\/\/www.fcgueugnon.fr\/site\/wp-content\/uploads\/2023\/08\/FCG-4-0-AS-MOULINS.jpg","contentUrl":"https:\/\/www.fcgueugnon.fr\/site\/wp-content\/uploads\/2023\/08\/FCG-4-0-AS-MOULINS.jpg","width":1440,"height":1080},{"@type":"BreadcrumbList","@id":"https:\/\/www.fcgueugnon.fr\/site\/national-3-a-jean-laville-le-fcg-simpose-face-a-las-moulins\/5886#breadcrumb","itemListElement":[{"@type":"ListItem","position":1,"name":"Accueil","item":"https:\/\/www.fcgueugnon.fr\/site\/"},{"@type":"ListItem","position":2,"name":"[National 3] \u00c0 Jean Laville, le FCG s&#8217;impose face \u00e0 l&#8217;AS Moulins."}]},{"@type":"WebSite","@id":"https:\/\/www.fcgueugnon.fr\/site\/#website","url":"https:\/\/www.fcgueugnon.fr\/site\/","name":"FOOTBALL CLUB GUEUGNON","description":"Le Site Officiel des Forgerons","publisher":{"@id":"https:\/\/www.fcgueugnon.fr\/site\/#organization"},"potentialAction":[{"@type":"SearchAction","target":{"@type":"EntryPoint","urlTemplate":"https:\/\/www.fcgueugnon.fr\/site\/?s={search_term_string}"},"query-input":{"@type":"PropertyValueSpecification","valueRequired":true,"valueName":"search_term_string"}}],"inLanguage":"fr-FR"},{"@type":"Organization","@id":"https:\/\/www.fcgueugnon.fr\/site\/#organization","name":"FC Gueugnon","url":"https:\/\/www.fcgueugnon.fr\/site\/","logo":{"@type":"ImageObject","inLanguage":"fr-FR","@id":"https:\/\/www.fcgueugnon.fr\/site\/#\/schema\/logo\/image\/","url":"https:\/\/www.fcgueugnon.fr\/site\/wp-content\/uploads\/2022\/07\/cropped-Logo-FCGUEUGNON-low-350x350-1.png","contentUrl":"https:\/\/www.fcgueugnon.fr\/site\/wp-content\/uploads\/2022\/07\/cropped-Logo-FCGUEUGNON-low-350x350-1.png","width":350,"height":350,"caption":"FC Gueugnon"},"image":{"@id":"https:\/\/www.fcgueugnon.fr\/site\/#\/schema\/logo\/image\/"},"sameAs":["http:\/\/facebook.com\/FCGueugnon","https:\/\/x.com\/FCGueugnon_off","https:\/\/www.instagram.com\/fcgueugnon\/","https:\/\/www.linkedin.com\/company\/football-club-de-gueugnon\/","https:\/\/www.youtube.com\/user\/FCGueugnonnais","https:\/\/fr.wikipedia.org\/wiki\/Football_Club_de_Gueugnon"]},{"@type":"Person","@id":"https:\/\/www.fcgueugnon.fr\/site\/#\/schema\/person\/829630bfb5d6f3ebe4d296b75687c01a","name":"FC Gueugnon","url":"https:\/\/www.fcgueugnon.fr\/site\/author\/g-avin1"}]}},"rttpg_featured_image_url":{"full":["https:\/\/www.fcgueugnon.fr\/site\/wp-content\/uploads\/2023\/08\/FCG-4-0-AS-MOULINS.jpg",1440,1080,false],"landscape":["https:\/\/www.fcgueugnon.fr\/site\/wp-content\/uploads\/2023\/08\/FCG-4-0-AS-MOULINS.jpg",1440,1080,false],"portraits":["https:\/\/www.fcgueugnon.fr\/site\/wp-content\/uploads\/2023\/08\/FCG-4-0-AS-MOULINS.jpg",1440,1080,false],"thumbnail":["https:\/\/www.fcgueugnon.fr\/site\/wp-content\/uploads\/2023\/08\/FCG-4-0-AS-MOULINS-150x150.jpg",150,150,true],"medium":["https:\/\/www.fcgueugnon.fr\/site\/wp-content\/uploads\/2023\/08\/FCG-4-0-AS-MOULINS-400x300.jpg",400,300,true],"large":["https:\/\/www.fcgueugnon.fr\/site\/wp-content\/uploads\/2023\/08\/FCG-4-0-AS-MOULINS-1024x768.jpg",1024,768,true],"1536x1536":["https:\/\/www.fcgueugnon.fr\/site\/wp-content\/uploads\/2023\/08\/FCG-4-0-AS-MOULINS.jpg",1440,1080,false],"2048x2048":["https:\/\/www.fcgueugnon.fr\/site\/wp-content\/uploads\/2023\/08\/FCG-4-0-AS-MOULINS.jpg",1440,1080,false]},"rttpg_author":{"display_name":"FC Gueugnon","author_link":"https:\/\/www.fcgueugnon.fr\/site\/author\/g-avin1"},"rttpg_comment":0,"rttpg_category":"<a href=\"https:\/\/www.fcgueugnon.fr\/site\/category\/news\" rel=\"category tag\">News<\/a> <a href=\"https:\/\/www.fcgueugnon.fr\/site\/category\/news\/news-2023-2024\" rel=\"category tag\">News 2023\/2024<\/a>","rttpg_excerpt":"Ce samedi, les hommes de Philippe Correia disputaient leur premier match de la saison \u00e0 domicile. Face \u00e0 l&rsquo;AS Moulins, le FCG avait l&rsquo;opportunit\u00e9 de faire le plein de confiance avant d&rsquo;aborder la premi\u00e8re journ\u00e9e de championnat. La phase de pr\u00e9paration du FC Gueugnon touche \u00e0 sa fin avec cet ultime match amical face \u00e0\u2026","_links":{"self":[{"href":"https:\/\/www.fcgueugnon.fr\/site\/wp-json\/wp\/v2\/posts\/5886","targetHints":{"allow":["GET"]}}],"collection":[{"href":"https:\/\/www.fcgueugnon.fr\/site\/wp-json\/wp\/v2\/posts"}],"about":[{"href":"https:\/\/www.fcgueugnon.fr\/site\/wp-json\/wp\/v2\/types\/post"}],"author":[{"embeddable":true,"href":"https:\/\/www.fcgueugnon.fr\/site\/wp-json\/wp\/v2\/users\/3"}],"replies":[{"embeddable":true,"href":"https:\/\/www.fcgueugnon.fr\/site\/wp-json\/wp\/v2\/comments?post=5886"}],"version-history":[{"count":2,"href":"https:\/\/www.fcgueugnon.fr\/site\/wp-json\/wp\/v2\/posts\/5886\/revisions"}],"predecessor-version":[{"id":5890,"href":"https:\/\/www.fcgueugnon.fr\/site\/wp-json\/wp\/v2\/posts\/5886\/revisions\/5890"}],"wp:featuredmedia":[{"embeddable":true,"href":"https:\/\/www.fcgueugnon.fr\/site\/wp-json\/wp\/v2\/media\/5888"}],"wp:attachment":[{"href":"https:\/\/www.fcgueugnon.fr\/site\/wp-json\/wp\/v2\/media?parent=5886"}],"wp:term":[{"taxonomy":"category","embeddable":true,"href":"https:\/\/www.fcgueugnon.fr\/site\/wp-json\/wp\/v2\/categories?post=5886"},{"taxonomy":"post_tag","embeddable":true,"href":"https:\/\/www.fcgueugnon.fr\/site\/wp-json\/wp\/v2\/tags?post=5886"}],"curies":[{"name":"wp","href":"https:\/\/api.w.org\/{rel}","templated":true}]}}