{"id":5824,"date":"2023-08-07T14:00:07","date_gmt":"2023-08-07T12:00:07","guid":{"rendered":"https:\/\/www.fcgueugnon.fr\/site\/?p=5824"},"modified":"2023-10-23T09:32:43","modified_gmt":"2023-10-23T07:32:43","slug":"national-3-un-second-match-encourageant-face-au-fc-montceau-bourgogne","status":"publish","type":"post","link":"https:\/\/www.fcgueugnon.fr\/site\/national-3-un-second-match-encourageant-face-au-fc-montceau-bourgogne\/5824","title":{"rendered":"[National 3] Un second match encourageant face au FC Montceau Bourgogne"},"content":{"rendered":"\n<h3 class=\"wp-block-heading\"><strong>Pour son second match de pr\u00e9paration, le FC Gueugnon avait rendez-vous au stade des Alouettes pour affronter le FC Montceau Bourgogne.<\/strong><\/h3>\n\n\n\n<div style=\"height:30px\" aria-hidden=\"true\" class=\"wp-block-spacer\"><\/div>\n\n\n\n<center><iframe loading=\"lazy\" src=\"https:\/\/www.facebook.com\/plugins\/post.php?href=https%3A%2F%2Fwww.facebook.com%2FFCGueugnon%2Fposts%2Fpfbid02e5mEAM21nrDk8eDaZDWz6Bab7RRWLRHDhUk817eui1EEyeih6GtGyt8ucvgiFqWvl&#038;show_text=true&#038;width=500\" width=\"500\" height=\"717\" style=\"border:none;overflow:hidden\" scrolling=\"no\" frameborder=\"0\" allowfullscreen=\"true\" allow=\"autoplay; clipboard-write; encrypted-media; picture-in-picture; web-share\"><\/iframe><\/center>\n\n\n\n<div style=\"height:30px\" aria-hidden=\"true\" class=\"wp-block-spacer\"><\/div>\n\n\n\n<p>Face \u00e0 un FCMB qui \u00e9voluera la saison prochaine en R\u00e9gional 1 Herbelin, les gueugnonnais ont pu proc\u00e9der \u00e0 une seconde revue d&rsquo;effectif.<\/p>\n\n\n\n<p>Comme il est de coutume en d\u00e9but de pr\u00e9paration, le staff gueugnonnais a fait le choix de composer deux \u00e9quipes diff\u00e9rentes pour ce match. En premi\u00e8re mi-temps, c&rsquo;est un groupe rajeuni qui est align\u00e9. Apr\u00e8s une bonne entame de match, les forgerons devront faire face \u00e0 la r\u00e9action de leur adversaire et conc\u00e8deront l&rsquo;ouverture du score. <strong>Loan Hernandez<\/strong>, auteur d&rsquo;une belle prestation, est tromp\u00e9 par une frappe d\u00e9vi\u00e9e de <strong>Morad M\u00e9rabi<\/strong> (17&prime;). Plus exp\u00e9riment\u00e9s, les joueurs de <strong>Lionel Large<\/strong> se cr\u00e9ent d&rsquo;autres situations mais font face \u00e0 une d\u00e9fense forgeronne solidaire.<\/p>\n\n\n\n<p>En seconde p\u00e9riode, c&rsquo;est le sc\u00e9nario inverse qui se produit. <strong>Philippe Correia<\/strong> fait appel \u00e0 des joueurs plus aguerris tandis que son homologue montcellien fait confiance \u00e0 ses jeunes pousses. Tr\u00e8s vite, les forgeons imposent leur rythme et dictent le tempo gr\u00e2ce \u00e0 une meilleure ma\u00eetrise du ballon. Ils seront r\u00e9compens\u00e9s par l&rsquo;\u00e9galisation de <strong>Fraty Miezi Kembolo<\/strong> qui inscrit son premier but sous les couleurs du <strong>FC Gueugnon<\/strong> (58&prime;). Tour \u00e0 tour, les attaquants forgerons posent des difficult\u00e9s \u00e0 leurs adversaires mais ne parviendront pas \u00e0 inscrire le but de la victoire. <\/p>\n\n\n\n<p>Nous remercions le <strong>FC Montceau Bourgogne<\/strong> pour l&rsquo;opposition et pour l&rsquo;organisation de la rencontre. Une semaine charg\u00e9e attends d\u00e9sormais les gueugnonnais avec deux confrontations : tout d&rsquo;abord mercredi face \u00e0 <strong>Moulins Yzeure Foot (N3)<\/strong> puis samedi face au <strong>FBBP 01 (N2)<\/strong>.<\/p>\n\n\n\n<div style=\"height:20px\" aria-hidden=\"true\" class=\"wp-block-spacer\"><\/div>\n\n\n\n<p><strong>\u26bd&nbsp;<strong>Score final<\/strong><\/strong><\/p>\n\n\n\n<p><strong>\u00c0 Montceau-les-Mines<\/strong><br>FC Montceau Bourgogne 1-1 FC Gueugnon<br>Buts : M\u00e9rabi (17&prime;) \/ Miezi Kembolo (58&prime;)<\/p>\n\n\n\n<div style=\"height:20px\" aria-hidden=\"true\" class=\"wp-block-spacer\"><\/div>\n\n\n\n<p>\ud83d\udfe1\ud83d\udd35&nbsp;<strong>Composition d\u2019\u00e9quipe<\/strong><\/p>\n\n\n\n<p><strong>1\u00e8re mi-temps :<\/strong> Hernandez &#8211; Mohamed &#8211; Helal &#8211; Ducarouge &#8211; Saunier &#8211; Gauthier &#8211; Figueira &#8211; Ramdane &#8211; Zahaf &#8211; Diomand\u00e9 &#8211; Soufi.<\/p>\n\n\n\n<p><strong>2\u00e8me mi-temps :<\/strong> Njock &#8211; Mambo &#8211; Fahrasmane &#8211; Ciss\u00e9 &#8211; Chauvet &#8211; Clerval &#8211; Diallo &#8211; Gnahor\u00e9 &#8211; Luanda &#8211; Miezi Kembolo &#8211; Dram\u00e9.<\/p>\n","protected":false},"excerpt":{"rendered":"<p>Pour son second match de pr\u00e9paration, le FC Gueugnon avait rendez-vous au stade des Alouettes pour affronter le FC Montceau Bourgogne. Face \u00e0 un FCMB qui \u00e9voluera la saison prochaine en R\u00e9gional 1 Herbelin, les gueugnonnais ont pu proc\u00e9der \u00e0 une seconde revue d&rsquo;effectif. Comme il est de coutume en d\u00e9but de pr\u00e9paration, le staff &#8230; <\/p>\n<p class=\"read-more-container\"><a title=\"[National 3] Un second match encourageant face au FC Montceau Bourgogne\" class=\"read-more button\" href=\"https:\/\/www.fcgueugnon.fr\/site\/national-3-un-second-match-encourageant-face-au-fc-montceau-bourgogne\/5824#more-5824\" aria-label=\"Plus sur [National 3] Un second match encourageant face au FC Montceau Bourgogne\">Lire la suite<\/a><\/p>\n","protected":false},"author":3,"featured_media":5430,"comment_status":"closed","ping_status":"closed","sticky":false,"template":"","format":"standard","meta":{"footnotes":""},"categories":[4,55],"tags":[10],"class_list":["post-5824","post","type-post","status-publish","format-standard","has-post-thumbnail","hentry","category-news","category-news-2023-2024","tag-preparation-entrainement","infinite-scroll-item","generate-columns","tablet-grid-50","mobile-grid-100","grid-parent","grid-25"],"yoast_head":"<!-- This site is optimized with the Yoast SEO plugin v26.6 - https:\/\/yoast.com\/wordpress\/plugins\/seo\/ -->\n<title>[National 3] Un second match encourageant face au FC Montceau Bourgogne &#8226; FOOTBALL CLUB GUEUGNON<\/title>\n<meta name=\"robots\" content=\"index, follow, max-snippet:-1, max-image-preview:large, max-video-preview:-1\" \/>\n<link rel=\"canonical\" href=\"https:\/\/www.fcgueugnon.fr\/site\/national-3-un-second-match-encourageant-face-au-fc-montceau-bourgogne\/5824\" \/>\n<meta property=\"og:locale\" content=\"fr_FR\" \/>\n<meta property=\"og:type\" content=\"article\" \/>\n<meta property=\"og:title\" content=\"[National 3] Un second match encourageant face au FC Montceau Bourgogne &#8226; FOOTBALL CLUB GUEUGNON\" \/>\n<meta property=\"og:description\" content=\"Pour son second match de pr\u00e9paration, le FC Gueugnon avait rendez-vous au stade des Alouettes pour affronter le FC Montceau Bourgogne. Face \u00e0 un FCMB qui \u00e9voluera la saison prochaine en R\u00e9gional 1 Herbelin, les gueugnonnais ont pu proc\u00e9der \u00e0 une seconde revue d&rsquo;effectif. Comme il est de coutume en d\u00e9but de pr\u00e9paration, le staff ... Lire la suite\" \/>\n<meta property=\"og:url\" content=\"https:\/\/www.fcgueugnon.fr\/site\/national-3-un-second-match-encourageant-face-au-fc-montceau-bourgogne\/5824\" \/>\n<meta property=\"og:site_name\" content=\"FOOTBALL CLUB GUEUGNON\" \/>\n<meta property=\"article:publisher\" content=\"http:\/\/facebook.com\/FCGueugnon\" \/>\n<meta property=\"article:published_time\" content=\"2023-08-07T12:00:07+00:00\" \/>\n<meta property=\"article:modified_time\" content=\"2023-10-23T07:32:43+00:00\" \/>\n<meta property=\"og:image\" content=\"https:\/\/www.fcgueugnon.fr\/site\/wp-content\/uploads\/2023\/07\/REPRISE-7-1024x682.png\" \/>\n\t<meta property=\"og:image:width\" content=\"1024\" \/>\n\t<meta property=\"og:image:height\" content=\"682\" \/>\n\t<meta property=\"og:image:type\" content=\"image\/png\" \/>\n<meta name=\"author\" content=\"FC Gueugnon\" \/>\n<meta name=\"twitter:card\" content=\"summary_large_image\" \/>\n<meta name=\"twitter:creator\" content=\"@FCGueugnon_off\" \/>\n<meta name=\"twitter:site\" content=\"@FCGueugnon_off\" \/>\n<meta name=\"twitter:label1\" content=\"\u00c9crit par\" \/>\n\t<meta name=\"twitter:data1\" content=\"FC Gueugnon\" \/>\n\t<meta name=\"twitter:label2\" content=\"Dur\u00e9e de lecture estim\u00e9e\" \/>\n\t<meta name=\"twitter:data2\" content=\"2 minutes\" \/>\n<script type=\"application\/ld+json\" class=\"yoast-schema-graph\">{\"@context\":\"https:\/\/schema.org\",\"@graph\":[{\"@type\":\"Article\",\"@id\":\"https:\/\/www.fcgueugnon.fr\/site\/national-3-un-second-match-encourageant-face-au-fc-montceau-bourgogne\/5824#article\",\"isPartOf\":{\"@id\":\"https:\/\/www.fcgueugnon.fr\/site\/national-3-un-second-match-encourageant-face-au-fc-montceau-bourgogne\/5824\"},\"author\":{\"name\":\"FC Gueugnon\",\"@id\":\"https:\/\/www.fcgueugnon.fr\/site\/#\/schema\/person\/829630bfb5d6f3ebe4d296b75687c01a\"},\"headline\":\"[National 3] Un second match encourageant face au FC Montceau Bourgogne\",\"datePublished\":\"2023-08-07T12:00:07+00:00\",\"dateModified\":\"2023-10-23T07:32:43+00:00\",\"mainEntityOfPage\":{\"@id\":\"https:\/\/www.fcgueugnon.fr\/site\/national-3-un-second-match-encourageant-face-au-fc-montceau-bourgogne\/5824\"},\"wordCount\":364,\"publisher\":{\"@id\":\"https:\/\/www.fcgueugnon.fr\/site\/#organization\"},\"image\":{\"@id\":\"https:\/\/www.fcgueugnon.fr\/site\/national-3-un-second-match-encourageant-face-au-fc-montceau-bourgogne\/5824#primaryimage\"},\"thumbnailUrl\":\"https:\/\/www.fcgueugnon.fr\/site\/wp-content\/uploads\/2023\/07\/REPRISE-7.png\",\"keywords\":[\"Pr\u00e9paration - Entrainement\"],\"articleSection\":[\"News\",\"News 2023\/2024\"],\"inLanguage\":\"fr-FR\"},{\"@type\":\"WebPage\",\"@id\":\"https:\/\/www.fcgueugnon.fr\/site\/national-3-un-second-match-encourageant-face-au-fc-montceau-bourgogne\/5824\",\"url\":\"https:\/\/www.fcgueugnon.fr\/site\/national-3-un-second-match-encourageant-face-au-fc-montceau-bourgogne\/5824\",\"name\":\"[National 3] Un second match encourageant face au FC Montceau Bourgogne &#8226; FOOTBALL CLUB GUEUGNON\",\"isPartOf\":{\"@id\":\"https:\/\/www.fcgueugnon.fr\/site\/#website\"},\"primaryImageOfPage\":{\"@id\":\"https:\/\/www.fcgueugnon.fr\/site\/national-3-un-second-match-encourageant-face-au-fc-montceau-bourgogne\/5824#primaryimage\"},\"image\":{\"@id\":\"https:\/\/www.fcgueugnon.fr\/site\/national-3-un-second-match-encourageant-face-au-fc-montceau-bourgogne\/5824#primaryimage\"},\"thumbnailUrl\":\"https:\/\/www.fcgueugnon.fr\/site\/wp-content\/uploads\/2023\/07\/REPRISE-7.png\",\"datePublished\":\"2023-08-07T12:00:07+00:00\",\"dateModified\":\"2023-10-23T07:32:43+00:00\",\"breadcrumb\":{\"@id\":\"https:\/\/www.fcgueugnon.fr\/site\/national-3-un-second-match-encourageant-face-au-fc-montceau-bourgogne\/5824#breadcrumb\"},\"inLanguage\":\"fr-FR\",\"potentialAction\":[{\"@type\":\"ReadAction\",\"target\":[\"https:\/\/www.fcgueugnon.fr\/site\/national-3-un-second-match-encourageant-face-au-fc-montceau-bourgogne\/5824\"]}]},{\"@type\":\"ImageObject\",\"inLanguage\":\"fr-FR\",\"@id\":\"https:\/\/www.fcgueugnon.fr\/site\/national-3-un-second-match-encourageant-face-au-fc-montceau-bourgogne\/5824#primaryimage\",\"url\":\"https:\/\/www.fcgueugnon.fr\/site\/wp-content\/uploads\/2023\/07\/REPRISE-7.png\",\"contentUrl\":\"https:\/\/www.fcgueugnon.fr\/site\/wp-content\/uploads\/2023\/07\/REPRISE-7.png\",\"width\":1772,\"height\":1181},{\"@type\":\"BreadcrumbList\",\"@id\":\"https:\/\/www.fcgueugnon.fr\/site\/national-3-un-second-match-encourageant-face-au-fc-montceau-bourgogne\/5824#breadcrumb\",\"itemListElement\":[{\"@type\":\"ListItem\",\"position\":1,\"name\":\"Accueil\",\"item\":\"https:\/\/www.fcgueugnon.fr\/site\/\"},{\"@type\":\"ListItem\",\"position\":2,\"name\":\"[National 3] Un second match encourageant face au FC Montceau Bourgogne\"}]},{\"@type\":\"WebSite\",\"@id\":\"https:\/\/www.fcgueugnon.fr\/site\/#website\",\"url\":\"https:\/\/www.fcgueugnon.fr\/site\/\",\"name\":\"FOOTBALL CLUB GUEUGNON\",\"description\":\"Le Site Officiel des Forgerons\",\"publisher\":{\"@id\":\"https:\/\/www.fcgueugnon.fr\/site\/#organization\"},\"potentialAction\":[{\"@type\":\"SearchAction\",\"target\":{\"@type\":\"EntryPoint\",\"urlTemplate\":\"https:\/\/www.fcgueugnon.fr\/site\/?s={search_term_string}\"},\"query-input\":{\"@type\":\"PropertyValueSpecification\",\"valueRequired\":true,\"valueName\":\"search_term_string\"}}],\"inLanguage\":\"fr-FR\"},{\"@type\":\"Organization\",\"@id\":\"https:\/\/www.fcgueugnon.fr\/site\/#organization\",\"name\":\"FC Gueugnon\",\"url\":\"https:\/\/www.fcgueugnon.fr\/site\/\",\"logo\":{\"@type\":\"ImageObject\",\"inLanguage\":\"fr-FR\",\"@id\":\"https:\/\/www.fcgueugnon.fr\/site\/#\/schema\/logo\/image\/\",\"url\":\"https:\/\/www.fcgueugnon.fr\/site\/wp-content\/uploads\/2022\/07\/cropped-Logo-FCGUEUGNON-low-350x350-1.png\",\"contentUrl\":\"https:\/\/www.fcgueugnon.fr\/site\/wp-content\/uploads\/2022\/07\/cropped-Logo-FCGUEUGNON-low-350x350-1.png\",\"width\":350,\"height\":350,\"caption\":\"FC Gueugnon\"},\"image\":{\"@id\":\"https:\/\/www.fcgueugnon.fr\/site\/#\/schema\/logo\/image\/\"},\"sameAs\":[\"http:\/\/facebook.com\/FCGueugnon\",\"https:\/\/x.com\/FCGueugnon_off\",\"https:\/\/www.instagram.com\/fcgueugnon\/\",\"https:\/\/www.linkedin.com\/company\/football-club-de-gueugnon\/\",\"https:\/\/www.youtube.com\/user\/FCGueugnonnais\",\"https:\/\/fr.wikipedia.org\/wiki\/Football_Club_de_Gueugnon\"]},{\"@type\":\"Person\",\"@id\":\"https:\/\/www.fcgueugnon.fr\/site\/#\/schema\/person\/829630bfb5d6f3ebe4d296b75687c01a\",\"name\":\"FC Gueugnon\",\"url\":\"https:\/\/www.fcgueugnon.fr\/site\/author\/g-avin1\"}]}<\/script>\n<!-- \/ Yoast SEO plugin. -->","yoast_head_json":{"title":"[National 3] Un second match encourageant face au FC Montceau Bourgogne &#8226; FOOTBALL CLUB GUEUGNON","robots":{"index":"index","follow":"follow","max-snippet":"max-snippet:-1","max-image-preview":"max-image-preview:large","max-video-preview":"max-video-preview:-1"},"canonical":"https:\/\/www.fcgueugnon.fr\/site\/national-3-un-second-match-encourageant-face-au-fc-montceau-bourgogne\/5824","og_locale":"fr_FR","og_type":"article","og_title":"[National 3] Un second match encourageant face au FC Montceau Bourgogne &#8226; FOOTBALL CLUB GUEUGNON","og_description":"Pour son second match de pr\u00e9paration, le FC Gueugnon avait rendez-vous au stade des Alouettes pour affronter le FC Montceau Bourgogne. Face \u00e0 un FCMB qui \u00e9voluera la saison prochaine en R\u00e9gional 1 Herbelin, les gueugnonnais ont pu proc\u00e9der \u00e0 une seconde revue d&rsquo;effectif. Comme il est de coutume en d\u00e9but de pr\u00e9paration, le staff ... Lire la suite","og_url":"https:\/\/www.fcgueugnon.fr\/site\/national-3-un-second-match-encourageant-face-au-fc-montceau-bourgogne\/5824","og_site_name":"FOOTBALL CLUB GUEUGNON","article_publisher":"http:\/\/facebook.com\/FCGueugnon","article_published_time":"2023-08-07T12:00:07+00:00","article_modified_time":"2023-10-23T07:32:43+00:00","og_image":[{"width":1024,"height":682,"url":"https:\/\/www.fcgueugnon.fr\/site\/wp-content\/uploads\/2023\/07\/REPRISE-7-1024x682.png","type":"image\/png"}],"author":"FC Gueugnon","twitter_card":"summary_large_image","twitter_creator":"@FCGueugnon_off","twitter_site":"@FCGueugnon_off","twitter_misc":{"\u00c9crit par":"FC Gueugnon","Dur\u00e9e de lecture estim\u00e9e":"2 minutes"},"schema":{"@context":"https:\/\/schema.org","@graph":[{"@type":"Article","@id":"https:\/\/www.fcgueugnon.fr\/site\/national-3-un-second-match-encourageant-face-au-fc-montceau-bourgogne\/5824#article","isPartOf":{"@id":"https:\/\/www.fcgueugnon.fr\/site\/national-3-un-second-match-encourageant-face-au-fc-montceau-bourgogne\/5824"},"author":{"name":"FC Gueugnon","@id":"https:\/\/www.fcgueugnon.fr\/site\/#\/schema\/person\/829630bfb5d6f3ebe4d296b75687c01a"},"headline":"[National 3] Un second match encourageant face au FC Montceau Bourgogne","datePublished":"2023-08-07T12:00:07+00:00","dateModified":"2023-10-23T07:32:43+00:00","mainEntityOfPage":{"@id":"https:\/\/www.fcgueugnon.fr\/site\/national-3-un-second-match-encourageant-face-au-fc-montceau-bourgogne\/5824"},"wordCount":364,"publisher":{"@id":"https:\/\/www.fcgueugnon.fr\/site\/#organization"},"image":{"@id":"https:\/\/www.fcgueugnon.fr\/site\/national-3-un-second-match-encourageant-face-au-fc-montceau-bourgogne\/5824#primaryimage"},"thumbnailUrl":"https:\/\/www.fcgueugnon.fr\/site\/wp-content\/uploads\/2023\/07\/REPRISE-7.png","keywords":["Pr\u00e9paration - Entrainement"],"articleSection":["News","News 2023\/2024"],"inLanguage":"fr-FR"},{"@type":"WebPage","@id":"https:\/\/www.fcgueugnon.fr\/site\/national-3-un-second-match-encourageant-face-au-fc-montceau-bourgogne\/5824","url":"https:\/\/www.fcgueugnon.fr\/site\/national-3-un-second-match-encourageant-face-au-fc-montceau-bourgogne\/5824","name":"[National 3] Un second match encourageant face au FC Montceau Bourgogne &#8226; FOOTBALL CLUB GUEUGNON","isPartOf":{"@id":"https:\/\/www.fcgueugnon.fr\/site\/#website"},"primaryImageOfPage":{"@id":"https:\/\/www.fcgueugnon.fr\/site\/national-3-un-second-match-encourageant-face-au-fc-montceau-bourgogne\/5824#primaryimage"},"image":{"@id":"https:\/\/www.fcgueugnon.fr\/site\/national-3-un-second-match-encourageant-face-au-fc-montceau-bourgogne\/5824#primaryimage"},"thumbnailUrl":"https:\/\/www.fcgueugnon.fr\/site\/wp-content\/uploads\/2023\/07\/REPRISE-7.png","datePublished":"2023-08-07T12:00:07+00:00","dateModified":"2023-10-23T07:32:43+00:00","breadcrumb":{"@id":"https:\/\/www.fcgueugnon.fr\/site\/national-3-un-second-match-encourageant-face-au-fc-montceau-bourgogne\/5824#breadcrumb"},"inLanguage":"fr-FR","potentialAction":[{"@type":"ReadAction","target":["https:\/\/www.fcgueugnon.fr\/site\/national-3-un-second-match-encourageant-face-au-fc-montceau-bourgogne\/5824"]}]},{"@type":"ImageObject","inLanguage":"fr-FR","@id":"https:\/\/www.fcgueugnon.fr\/site\/national-3-un-second-match-encourageant-face-au-fc-montceau-bourgogne\/5824#primaryimage","url":"https:\/\/www.fcgueugnon.fr\/site\/wp-content\/uploads\/2023\/07\/REPRISE-7.png","contentUrl":"https:\/\/www.fcgueugnon.fr\/site\/wp-content\/uploads\/2023\/07\/REPRISE-7.png","width":1772,"height":1181},{"@type":"BreadcrumbList","@id":"https:\/\/www.fcgueugnon.fr\/site\/national-3-un-second-match-encourageant-face-au-fc-montceau-bourgogne\/5824#breadcrumb","itemListElement":[{"@type":"ListItem","position":1,"name":"Accueil","item":"https:\/\/www.fcgueugnon.fr\/site\/"},{"@type":"ListItem","position":2,"name":"[National 3] Un second match encourageant face au FC Montceau Bourgogne"}]},{"@type":"WebSite","@id":"https:\/\/www.fcgueugnon.fr\/site\/#website","url":"https:\/\/www.fcgueugnon.fr\/site\/","name":"FOOTBALL CLUB GUEUGNON","description":"Le Site Officiel des Forgerons","publisher":{"@id":"https:\/\/www.fcgueugnon.fr\/site\/#organization"},"potentialAction":[{"@type":"SearchAction","target":{"@type":"EntryPoint","urlTemplate":"https:\/\/www.fcgueugnon.fr\/site\/?s={search_term_string}"},"query-input":{"@type":"PropertyValueSpecification","valueRequired":true,"valueName":"search_term_string"}}],"inLanguage":"fr-FR"},{"@type":"Organization","@id":"https:\/\/www.fcgueugnon.fr\/site\/#organization","name":"FC Gueugnon","url":"https:\/\/www.fcgueugnon.fr\/site\/","logo":{"@type":"ImageObject","inLanguage":"fr-FR","@id":"https:\/\/www.fcgueugnon.fr\/site\/#\/schema\/logo\/image\/","url":"https:\/\/www.fcgueugnon.fr\/site\/wp-content\/uploads\/2022\/07\/cropped-Logo-FCGUEUGNON-low-350x350-1.png","contentUrl":"https:\/\/www.fcgueugnon.fr\/site\/wp-content\/uploads\/2022\/07\/cropped-Logo-FCGUEUGNON-low-350x350-1.png","width":350,"height":350,"caption":"FC Gueugnon"},"image":{"@id":"https:\/\/www.fcgueugnon.fr\/site\/#\/schema\/logo\/image\/"},"sameAs":["http:\/\/facebook.com\/FCGueugnon","https:\/\/x.com\/FCGueugnon_off","https:\/\/www.instagram.com\/fcgueugnon\/","https:\/\/www.linkedin.com\/company\/football-club-de-gueugnon\/","https:\/\/www.youtube.com\/user\/FCGueugnonnais","https:\/\/fr.wikipedia.org\/wiki\/Football_Club_de_Gueugnon"]},{"@type":"Person","@id":"https:\/\/www.fcgueugnon.fr\/site\/#\/schema\/person\/829630bfb5d6f3ebe4d296b75687c01a","name":"FC Gueugnon","url":"https:\/\/www.fcgueugnon.fr\/site\/author\/g-avin1"}]}},"rttpg_featured_image_url":{"full":["https:\/\/www.fcgueugnon.fr\/site\/wp-content\/uploads\/2023\/07\/REPRISE-7.png",1772,1181,false],"landscape":["https:\/\/www.fcgueugnon.fr\/site\/wp-content\/uploads\/2023\/07\/REPRISE-7.png",1772,1181,false],"portraits":["https:\/\/www.fcgueugnon.fr\/site\/wp-content\/uploads\/2023\/07\/REPRISE-7.png",1772,1181,false],"thumbnail":["https:\/\/www.fcgueugnon.fr\/site\/wp-content\/uploads\/2023\/07\/REPRISE-7-150x150.png",150,150,true],"medium":["https:\/\/www.fcgueugnon.fr\/site\/wp-content\/uploads\/2023\/07\/REPRISE-7-400x267.png",400,267,true],"large":["https:\/\/www.fcgueugnon.fr\/site\/wp-content\/uploads\/2023\/07\/REPRISE-7-1024x682.png",1024,682,true],"1536x1536":["https:\/\/www.fcgueugnon.fr\/site\/wp-content\/uploads\/2023\/07\/REPRISE-7-1536x1024.png",1536,1024,true],"2048x2048":["https:\/\/www.fcgueugnon.fr\/site\/wp-content\/uploads\/2023\/07\/REPRISE-7.png",1772,1181,false]},"rttpg_author":{"display_name":"FC Gueugnon","author_link":"https:\/\/www.fcgueugnon.fr\/site\/author\/g-avin1"},"rttpg_comment":0,"rttpg_category":"<a href=\"https:\/\/www.fcgueugnon.fr\/site\/category\/news\" rel=\"category tag\">News<\/a> <a href=\"https:\/\/www.fcgueugnon.fr\/site\/category\/news\/news-2023-2024\" rel=\"category tag\">News 2023\/2024<\/a>","rttpg_excerpt":"Pour son second match de pr\u00e9paration, le FC Gueugnon avait rendez-vous au stade des Alouettes pour affronter le FC Montceau Bourgogne. Face \u00e0 un FCMB qui \u00e9voluera la saison prochaine en R\u00e9gional 1 Herbelin, les gueugnonnais ont pu proc\u00e9der \u00e0 une seconde revue d&rsquo;effectif. Comme il est de coutume en d\u00e9but de pr\u00e9paration, le staff\u2026","_links":{"self":[{"href":"https:\/\/www.fcgueugnon.fr\/site\/wp-json\/wp\/v2\/posts\/5824","targetHints":{"allow":["GET"]}}],"collection":[{"href":"https:\/\/www.fcgueugnon.fr\/site\/wp-json\/wp\/v2\/posts"}],"about":[{"href":"https:\/\/www.fcgueugnon.fr\/site\/wp-json\/wp\/v2\/types\/post"}],"author":[{"embeddable":true,"href":"https:\/\/www.fcgueugnon.fr\/site\/wp-json\/wp\/v2\/users\/3"}],"replies":[{"embeddable":true,"href":"https:\/\/www.fcgueugnon.fr\/site\/wp-json\/wp\/v2\/comments?post=5824"}],"version-history":[{"count":7,"href":"https:\/\/www.fcgueugnon.fr\/site\/wp-json\/wp\/v2\/posts\/5824\/revisions"}],"predecessor-version":[{"id":5833,"href":"https:\/\/www.fcgueugnon.fr\/site\/wp-json\/wp\/v2\/posts\/5824\/revisions\/5833"}],"wp:featuredmedia":[{"embeddable":true,"href":"https:\/\/www.fcgueugnon.fr\/site\/wp-json\/wp\/v2\/media\/5430"}],"wp:attachment":[{"href":"https:\/\/www.fcgueugnon.fr\/site\/wp-json\/wp\/v2\/media?parent=5824"}],"wp:term":[{"taxonomy":"category","embeddable":true,"href":"https:\/\/www.fcgueugnon.fr\/site\/wp-json\/wp\/v2\/categories?post=5824"},{"taxonomy":"post_tag","embeddable":true,"href":"https:\/\/www.fcgueugnon.fr\/site\/wp-json\/wp\/v2\/tags?post=5824"}],"curies":[{"name":"wp","href":"https:\/\/api.w.org\/{rel}","templated":true}]}}