{"id":5769,"date":"2023-08-03T16:21:45","date_gmt":"2023-08-03T14:21:45","guid":{"rendered":"https:\/\/www.fcgueugnon.fr\/site\/?p=5769"},"modified":"2023-08-03T21:41:48","modified_gmt":"2023-08-03T19:41:48","slug":"national-3-la-preparation-du-fcg-a-debute-ce-mercredi-face-au-fc-chamalieres","status":"publish","type":"post","link":"https:\/\/www.fcgueugnon.fr\/site\/national-3-la-preparation-du-fcg-a-debute-ce-mercredi-face-au-fc-chamalieres\/5769","title":{"rendered":"[National 3] La pr\u00e9paration du FCG a d\u00e9but\u00e9 ce mercredi face au FC Chamali\u00e8res"},"content":{"rendered":"\n<h3 class=\"wp-block-heading\"><strong>Pour sa premi\u00e8re sortie de la saison, le FC Gueugnon s&rsquo;est inclin\u00e9 d&rsquo;un but face au FC Chamali\u00e8res. Tout le groupe a eu l&rsquo;occasion d&rsquo;engranger du temps de jeu et de se jauger face \u00e0 un adversaire qui \u00e9voluera \u00e0 l&rsquo;\u00e9chelon sup\u00e9rieur.<\/strong><\/h3>\n\n\n\n<div style=\"height:30px\" aria-hidden=\"true\" class=\"wp-block-spacer\"><\/div>\n\n\n<div class=\"wp-block-image\">\n<figure class=\"aligncenter size-full is-resized\"><img loading=\"lazy\" decoding=\"async\" src=\"https:\/\/www.fcgueugnon.fr\/site\/wp-content\/uploads\/2023\/08\/SCORE-FINAL-23.24-AMICAL.png\" alt=\"\" class=\"wp-image-5771\" width=\"500\" height=\"625\" srcset=\"https:\/\/www.fcgueugnon.fr\/site\/wp-content\/uploads\/2023\/08\/SCORE-FINAL-23.24-AMICAL.png 2000w, https:\/\/www.fcgueugnon.fr\/site\/wp-content\/uploads\/2023\/08\/SCORE-FINAL-23.24-AMICAL-320x400.png 320w, https:\/\/www.fcgueugnon.fr\/site\/wp-content\/uploads\/2023\/08\/SCORE-FINAL-23.24-AMICAL-819x1024.png 819w, https:\/\/www.fcgueugnon.fr\/site\/wp-content\/uploads\/2023\/08\/SCORE-FINAL-23.24-AMICAL-768x960.png 768w, https:\/\/www.fcgueugnon.fr\/site\/wp-content\/uploads\/2023\/08\/SCORE-FINAL-23.24-AMICAL-1229x1536.png 1229w, https:\/\/www.fcgueugnon.fr\/site\/wp-content\/uploads\/2023\/08\/SCORE-FINAL-23.24-AMICAL-1638x2048.png 1638w, https:\/\/www.fcgueugnon.fr\/site\/wp-content\/uploads\/2023\/08\/SCORE-FINAL-23.24-AMICAL-1320x1650.png 1320w, https:\/\/www.fcgueugnon.fr\/site\/wp-content\/uploads\/2023\/08\/SCORE-FINAL-23.24-AMICAL-600x750.png 600w\" sizes=\"auto, (max-width: 500px) 100vw, 500px\" \/><\/figure>\n<\/div>\n\n\n<div style=\"height:30px\" aria-hidden=\"true\" class=\"wp-block-spacer\"><\/div>\n\n\n\n<p>18 jours apr\u00e8s la reprise de l&rsquo;entra\u00eenement, les forgerons disputaient ce mercredi leur premier match de pr\u00e9paration. Face \u00e0 <strong>Chamali\u00e8res (N2)<\/strong>, l&rsquo;objectif \u00e9tait d&rsquo;engranger du temps de jeu et du rythme. <\/p>\n\n\n\n<p>Contre un adversaire de qualit\u00e9, les forgerons ont livr\u00e9 un match int\u00e9ressant, comme l&rsquo;\u00e9voque <strong>Guy Clopin<\/strong> : \u00ab <em>C&rsquo;\u00e9tait notre premier match avec un renouvellement important de joueurs. Le r\u00e9sultat n\u2019est pas en notre faveur mais on est assez satisfait de la qualit\u00e9 du jeu et de l\u2019engagement. C\u2019est de bon augure pour la suite<\/em>. \u00bb<\/p>\n\n\n\n<p>En premi\u00e8re mi-temps, les gueugnonnais ont su se cr\u00e9er des situations int\u00e9ressantes. Mais c&rsquo;est bien le <strong>FC Chamali\u00e8res<\/strong> qui se montre le plus dangereux en phase offensive. <strong>Anthony Njock<\/strong> repousse un penalty adverse avant qu&rsquo;il ne soit sauv\u00e9 par son poteau. Apr\u00e8s une revue d&rsquo;effectif \u00e0 la mi-temps, les jaunes et bleus conservent la ma\u00eetrise du ballon et montrent de belles phases de jeu. Finalement, c&rsquo;est <strong>Joseph Sery <\/strong>qui ouvre la marque sur une contre-attaque adverse (70&prime;). Nous noterons malheureusement la blessure de <strong>Basile Delclaux<\/strong> \u00e0 la cheville survenue \u00e0 la 14\u00e8me minute seulement &#8230;<\/p>\n\n\n\n<p>Nous souhaitons une excellente saison au <strong>FC Chamali\u00e8res<\/strong> et nous remercions le <strong>S.C.A Cusset Football <\/strong>pour l&rsquo;accueil. Le prochain rendez-vous est fix\u00e9 ce samedi sur le terrain du FC Montceau Bourgogne.<\/p>\n\n\n\n<div style=\"height:20px\" aria-hidden=\"true\" class=\"wp-block-spacer\"><\/div>\n\n\n\n<p><strong>\u26bd&nbsp;<strong>Score final<\/strong><\/strong><\/p>\n\n\n\n<p><strong>\u00c0 Cusset<\/strong><br>FC Chamali\u00e8res 1-0 FC Gueugnon<br>But : Joseph Sery (70&prime;)<\/p>\n\n\n\n<div style=\"height:20px\" aria-hidden=\"true\" class=\"wp-block-spacer\"><\/div>\n\n\n\n<p>\ud83d\udfe1\ud83d\udd35&nbsp;<strong>Composition d\u2019\u00e9quipe<\/strong><\/p>\n\n\n\n<p><strong>1\u00e8re mi-temps :<\/strong> Njock &#8211; Mohamed &#8211; Fahrasmane &#8211; Delclaux (14&prime; Ciss\u00e9) &#8211; Chauvet &#8211; Clerval &#8211; Figueira &#8211; Ramdane &#8211; Bouekou &#8211; Miezi &#8211; Zahaf.<\/p>\n\n\n\n<p><strong>2\u00e8me mi-temps :<\/strong> Hernandez &#8211; Mambo &#8211; Helal &#8211; Ciss\u00e9 &#8211; Chauvet (69&prime; Mohamed) &#8211; Gnahor\u00e9 &#8211; Diallo &#8211; Ramdane (65&prime; Gauthier) &#8211; Miezi (68&prime; Zahaf) &#8211; Dram\u00e9 &#8211; Luanda.<\/p>\n","protected":false},"excerpt":{"rendered":"<p>Pour sa premi\u00e8re sortie de la saison, le FC Gueugnon s&rsquo;est inclin\u00e9 d&rsquo;un but face au FC Chamali\u00e8res. Tout le groupe a eu l&rsquo;occasion d&rsquo;engranger du temps de jeu et de se jauger face \u00e0 un adversaire qui \u00e9voluera \u00e0 l&rsquo;\u00e9chelon sup\u00e9rieur. 18 jours apr\u00e8s la reprise de l&rsquo;entra\u00eenement, les forgerons disputaient ce mercredi leur &#8230; <\/p>\n<p class=\"read-more-container\"><a title=\"[National 3] La pr\u00e9paration du FCG a d\u00e9but\u00e9 ce mercredi face au FC Chamali\u00e8res\" class=\"read-more button\" href=\"https:\/\/www.fcgueugnon.fr\/site\/national-3-la-preparation-du-fcg-a-debute-ce-mercredi-face-au-fc-chamalieres\/5769#more-5769\" aria-label=\"Plus sur [National 3] La pr\u00e9paration du FCG a d\u00e9but\u00e9 ce mercredi face au FC Chamali\u00e8res\">Lire la suite<\/a><\/p>\n","protected":false},"author":3,"featured_media":5770,"comment_status":"closed","ping_status":"closed","sticky":false,"template":"","format":"standard","meta":{"footnotes":""},"categories":[4,55],"tags":[10],"class_list":["post-5769","post","type-post","status-publish","format-standard","has-post-thumbnail","hentry","category-news","category-news-2023-2024","tag-preparation-entrainement","infinite-scroll-item","generate-columns","tablet-grid-50","mobile-grid-100","grid-parent","grid-25","resize-featured-image"],"yoast_head":"<!-- This site is optimized with the Yoast SEO plugin v26.6 - https:\/\/yoast.com\/wordpress\/plugins\/seo\/ -->\n<title>[National 3] La pr\u00e9paration du FCG a d\u00e9but\u00e9 ce mercredi face au FC Chamali\u00e8res &#8226; FOOTBALL CLUB GUEUGNON<\/title>\n<meta name=\"robots\" content=\"index, follow, max-snippet:-1, max-image-preview:large, max-video-preview:-1\" \/>\n<link rel=\"canonical\" href=\"https:\/\/www.fcgueugnon.fr\/site\/national-3-la-preparation-du-fcg-a-debute-ce-mercredi-face-au-fc-chamalieres\/5769\" \/>\n<meta property=\"og:locale\" content=\"fr_FR\" \/>\n<meta property=\"og:type\" content=\"article\" \/>\n<meta property=\"og:title\" content=\"[National 3] La pr\u00e9paration du FCG a d\u00e9but\u00e9 ce mercredi face au FC Chamali\u00e8res &#8226; FOOTBALL CLUB GUEUGNON\" \/>\n<meta property=\"og:description\" content=\"Pour sa premi\u00e8re sortie de la saison, le FC Gueugnon s&rsquo;est inclin\u00e9 d&rsquo;un but face au FC Chamali\u00e8res. Tout le groupe a eu l&rsquo;occasion d&rsquo;engranger du temps de jeu et de se jauger face \u00e0 un adversaire qui \u00e9voluera \u00e0 l&rsquo;\u00e9chelon sup\u00e9rieur. 18 jours apr\u00e8s la reprise de l&rsquo;entra\u00eenement, les forgerons disputaient ce mercredi leur ... Lire la suite\" \/>\n<meta property=\"og:url\" content=\"https:\/\/www.fcgueugnon.fr\/site\/national-3-la-preparation-du-fcg-a-debute-ce-mercredi-face-au-fc-chamalieres\/5769\" \/>\n<meta property=\"og:site_name\" content=\"FOOTBALL CLUB GUEUGNON\" \/>\n<meta property=\"article:publisher\" content=\"http:\/\/facebook.com\/FCGueugnon\" \/>\n<meta property=\"article:published_time\" content=\"2023-08-03T14:21:45+00:00\" \/>\n<meta property=\"article:modified_time\" content=\"2023-08-03T19:41:48+00:00\" \/>\n<meta property=\"og:image\" content=\"https:\/\/www.fcgueugnon.fr\/site\/wp-content\/uploads\/2023\/08\/FC-Chamalieres-FC-Gueugnon.jpg\" \/>\n\t<meta property=\"og:image:width\" content=\"1536\" \/>\n\t<meta property=\"og:image:height\" content=\"2048\" \/>\n\t<meta property=\"og:image:type\" content=\"image\/jpeg\" \/>\n<meta name=\"author\" content=\"FC Gueugnon\" \/>\n<meta name=\"twitter:card\" content=\"summary_large_image\" \/>\n<meta name=\"twitter:creator\" content=\"@FCGueugnon_off\" \/>\n<meta name=\"twitter:site\" content=\"@FCGueugnon_off\" \/>\n<meta name=\"twitter:label1\" content=\"\u00c9crit par\" \/>\n\t<meta name=\"twitter:data1\" content=\"FC Gueugnon\" \/>\n\t<meta name=\"twitter:label2\" content=\"Dur\u00e9e de lecture estim\u00e9e\" \/>\n\t<meta name=\"twitter:data2\" content=\"2 minutes\" \/>\n<script type=\"application\/ld+json\" class=\"yoast-schema-graph\">{\"@context\":\"https:\/\/schema.org\",\"@graph\":[{\"@type\":\"Article\",\"@id\":\"https:\/\/www.fcgueugnon.fr\/site\/national-3-la-preparation-du-fcg-a-debute-ce-mercredi-face-au-fc-chamalieres\/5769#article\",\"isPartOf\":{\"@id\":\"https:\/\/www.fcgueugnon.fr\/site\/national-3-la-preparation-du-fcg-a-debute-ce-mercredi-face-au-fc-chamalieres\/5769\"},\"author\":{\"name\":\"FC Gueugnon\",\"@id\":\"https:\/\/www.fcgueugnon.fr\/site\/#\/schema\/person\/829630bfb5d6f3ebe4d296b75687c01a\"},\"headline\":\"[National 3] La pr\u00e9paration du FCG a d\u00e9but\u00e9 ce mercredi face au FC Chamali\u00e8res\",\"datePublished\":\"2023-08-03T14:21:45+00:00\",\"dateModified\":\"2023-08-03T19:41:48+00:00\",\"mainEntityOfPage\":{\"@id\":\"https:\/\/www.fcgueugnon.fr\/site\/national-3-la-preparation-du-fcg-a-debute-ce-mercredi-face-au-fc-chamalieres\/5769\"},\"wordCount\":361,\"publisher\":{\"@id\":\"https:\/\/www.fcgueugnon.fr\/site\/#organization\"},\"image\":{\"@id\":\"https:\/\/www.fcgueugnon.fr\/site\/national-3-la-preparation-du-fcg-a-debute-ce-mercredi-face-au-fc-chamalieres\/5769#primaryimage\"},\"thumbnailUrl\":\"https:\/\/www.fcgueugnon.fr\/site\/wp-content\/uploads\/2023\/08\/FC-Chamalieres-FC-Gueugnon.jpg\",\"keywords\":[\"Pr\u00e9paration - Entrainement\"],\"articleSection\":[\"News\",\"News 2023\/2024\"],\"inLanguage\":\"fr-FR\"},{\"@type\":\"WebPage\",\"@id\":\"https:\/\/www.fcgueugnon.fr\/site\/national-3-la-preparation-du-fcg-a-debute-ce-mercredi-face-au-fc-chamalieres\/5769\",\"url\":\"https:\/\/www.fcgueugnon.fr\/site\/national-3-la-preparation-du-fcg-a-debute-ce-mercredi-face-au-fc-chamalieres\/5769\",\"name\":\"[National 3] La pr\u00e9paration du FCG a d\u00e9but\u00e9 ce mercredi face au FC Chamali\u00e8res &#8226; FOOTBALL CLUB GUEUGNON\",\"isPartOf\":{\"@id\":\"https:\/\/www.fcgueugnon.fr\/site\/#website\"},\"primaryImageOfPage\":{\"@id\":\"https:\/\/www.fcgueugnon.fr\/site\/national-3-la-preparation-du-fcg-a-debute-ce-mercredi-face-au-fc-chamalieres\/5769#primaryimage\"},\"image\":{\"@id\":\"https:\/\/www.fcgueugnon.fr\/site\/national-3-la-preparation-du-fcg-a-debute-ce-mercredi-face-au-fc-chamalieres\/5769#primaryimage\"},\"thumbnailUrl\":\"https:\/\/www.fcgueugnon.fr\/site\/wp-content\/uploads\/2023\/08\/FC-Chamalieres-FC-Gueugnon.jpg\",\"datePublished\":\"2023-08-03T14:21:45+00:00\",\"dateModified\":\"2023-08-03T19:41:48+00:00\",\"breadcrumb\":{\"@id\":\"https:\/\/www.fcgueugnon.fr\/site\/national-3-la-preparation-du-fcg-a-debute-ce-mercredi-face-au-fc-chamalieres\/5769#breadcrumb\"},\"inLanguage\":\"fr-FR\",\"potentialAction\":[{\"@type\":\"ReadAction\",\"target\":[\"https:\/\/www.fcgueugnon.fr\/site\/national-3-la-preparation-du-fcg-a-debute-ce-mercredi-face-au-fc-chamalieres\/5769\"]}]},{\"@type\":\"ImageObject\",\"inLanguage\":\"fr-FR\",\"@id\":\"https:\/\/www.fcgueugnon.fr\/site\/national-3-la-preparation-du-fcg-a-debute-ce-mercredi-face-au-fc-chamalieres\/5769#primaryimage\",\"url\":\"https:\/\/www.fcgueugnon.fr\/site\/wp-content\/uploads\/2023\/08\/FC-Chamalieres-FC-Gueugnon.jpg\",\"contentUrl\":\"https:\/\/www.fcgueugnon.fr\/site\/wp-content\/uploads\/2023\/08\/FC-Chamalieres-FC-Gueugnon.jpg\",\"width\":1536,\"height\":2048},{\"@type\":\"BreadcrumbList\",\"@id\":\"https:\/\/www.fcgueugnon.fr\/site\/national-3-la-preparation-du-fcg-a-debute-ce-mercredi-face-au-fc-chamalieres\/5769#breadcrumb\",\"itemListElement\":[{\"@type\":\"ListItem\",\"position\":1,\"name\":\"Accueil\",\"item\":\"https:\/\/www.fcgueugnon.fr\/site\/\"},{\"@type\":\"ListItem\",\"position\":2,\"name\":\"[National 3] La pr\u00e9paration du FCG a d\u00e9but\u00e9 ce mercredi face au FC Chamali\u00e8res\"}]},{\"@type\":\"WebSite\",\"@id\":\"https:\/\/www.fcgueugnon.fr\/site\/#website\",\"url\":\"https:\/\/www.fcgueugnon.fr\/site\/\",\"name\":\"FOOTBALL CLUB GUEUGNON\",\"description\":\"Le Site Officiel des Forgerons\",\"publisher\":{\"@id\":\"https:\/\/www.fcgueugnon.fr\/site\/#organization\"},\"potentialAction\":[{\"@type\":\"SearchAction\",\"target\":{\"@type\":\"EntryPoint\",\"urlTemplate\":\"https:\/\/www.fcgueugnon.fr\/site\/?s={search_term_string}\"},\"query-input\":{\"@type\":\"PropertyValueSpecification\",\"valueRequired\":true,\"valueName\":\"search_term_string\"}}],\"inLanguage\":\"fr-FR\"},{\"@type\":\"Organization\",\"@id\":\"https:\/\/www.fcgueugnon.fr\/site\/#organization\",\"name\":\"FC Gueugnon\",\"url\":\"https:\/\/www.fcgueugnon.fr\/site\/\",\"logo\":{\"@type\":\"ImageObject\",\"inLanguage\":\"fr-FR\",\"@id\":\"https:\/\/www.fcgueugnon.fr\/site\/#\/schema\/logo\/image\/\",\"url\":\"https:\/\/www.fcgueugnon.fr\/site\/wp-content\/uploads\/2022\/07\/cropped-Logo-FCGUEUGNON-low-350x350-1.png\",\"contentUrl\":\"https:\/\/www.fcgueugnon.fr\/site\/wp-content\/uploads\/2022\/07\/cropped-Logo-FCGUEUGNON-low-350x350-1.png\",\"width\":350,\"height\":350,\"caption\":\"FC Gueugnon\"},\"image\":{\"@id\":\"https:\/\/www.fcgueugnon.fr\/site\/#\/schema\/logo\/image\/\"},\"sameAs\":[\"http:\/\/facebook.com\/FCGueugnon\",\"https:\/\/x.com\/FCGueugnon_off\",\"https:\/\/www.instagram.com\/fcgueugnon\/\",\"https:\/\/www.linkedin.com\/company\/football-club-de-gueugnon\/\",\"https:\/\/www.youtube.com\/user\/FCGueugnonnais\",\"https:\/\/fr.wikipedia.org\/wiki\/Football_Club_de_Gueugnon\"]},{\"@type\":\"Person\",\"@id\":\"https:\/\/www.fcgueugnon.fr\/site\/#\/schema\/person\/829630bfb5d6f3ebe4d296b75687c01a\",\"name\":\"FC Gueugnon\",\"url\":\"https:\/\/www.fcgueugnon.fr\/site\/author\/g-avin1\"}]}<\/script>\n<!-- \/ Yoast SEO plugin. -->","yoast_head_json":{"title":"[National 3] La pr\u00e9paration du FCG a d\u00e9but\u00e9 ce mercredi face au FC Chamali\u00e8res &#8226; FOOTBALL CLUB GUEUGNON","robots":{"index":"index","follow":"follow","max-snippet":"max-snippet:-1","max-image-preview":"max-image-preview:large","max-video-preview":"max-video-preview:-1"},"canonical":"https:\/\/www.fcgueugnon.fr\/site\/national-3-la-preparation-du-fcg-a-debute-ce-mercredi-face-au-fc-chamalieres\/5769","og_locale":"fr_FR","og_type":"article","og_title":"[National 3] La pr\u00e9paration du FCG a d\u00e9but\u00e9 ce mercredi face au FC Chamali\u00e8res &#8226; FOOTBALL CLUB GUEUGNON","og_description":"Pour sa premi\u00e8re sortie de la saison, le FC Gueugnon s&rsquo;est inclin\u00e9 d&rsquo;un but face au FC Chamali\u00e8res. Tout le groupe a eu l&rsquo;occasion d&rsquo;engranger du temps de jeu et de se jauger face \u00e0 un adversaire qui \u00e9voluera \u00e0 l&rsquo;\u00e9chelon sup\u00e9rieur. 18 jours apr\u00e8s la reprise de l&rsquo;entra\u00eenement, les forgerons disputaient ce mercredi leur ... Lire la suite","og_url":"https:\/\/www.fcgueugnon.fr\/site\/national-3-la-preparation-du-fcg-a-debute-ce-mercredi-face-au-fc-chamalieres\/5769","og_site_name":"FOOTBALL CLUB GUEUGNON","article_publisher":"http:\/\/facebook.com\/FCGueugnon","article_published_time":"2023-08-03T14:21:45+00:00","article_modified_time":"2023-08-03T19:41:48+00:00","og_image":[{"width":1536,"height":2048,"url":"https:\/\/www.fcgueugnon.fr\/site\/wp-content\/uploads\/2023\/08\/FC-Chamalieres-FC-Gueugnon.jpg","type":"image\/jpeg"}],"author":"FC Gueugnon","twitter_card":"summary_large_image","twitter_creator":"@FCGueugnon_off","twitter_site":"@FCGueugnon_off","twitter_misc":{"\u00c9crit par":"FC Gueugnon","Dur\u00e9e de lecture estim\u00e9e":"2 minutes"},"schema":{"@context":"https:\/\/schema.org","@graph":[{"@type":"Article","@id":"https:\/\/www.fcgueugnon.fr\/site\/national-3-la-preparation-du-fcg-a-debute-ce-mercredi-face-au-fc-chamalieres\/5769#article","isPartOf":{"@id":"https:\/\/www.fcgueugnon.fr\/site\/national-3-la-preparation-du-fcg-a-debute-ce-mercredi-face-au-fc-chamalieres\/5769"},"author":{"name":"FC Gueugnon","@id":"https:\/\/www.fcgueugnon.fr\/site\/#\/schema\/person\/829630bfb5d6f3ebe4d296b75687c01a"},"headline":"[National 3] La pr\u00e9paration du FCG a d\u00e9but\u00e9 ce mercredi face au FC Chamali\u00e8res","datePublished":"2023-08-03T14:21:45+00:00","dateModified":"2023-08-03T19:41:48+00:00","mainEntityOfPage":{"@id":"https:\/\/www.fcgueugnon.fr\/site\/national-3-la-preparation-du-fcg-a-debute-ce-mercredi-face-au-fc-chamalieres\/5769"},"wordCount":361,"publisher":{"@id":"https:\/\/www.fcgueugnon.fr\/site\/#organization"},"image":{"@id":"https:\/\/www.fcgueugnon.fr\/site\/national-3-la-preparation-du-fcg-a-debute-ce-mercredi-face-au-fc-chamalieres\/5769#primaryimage"},"thumbnailUrl":"https:\/\/www.fcgueugnon.fr\/site\/wp-content\/uploads\/2023\/08\/FC-Chamalieres-FC-Gueugnon.jpg","keywords":["Pr\u00e9paration - Entrainement"],"articleSection":["News","News 2023\/2024"],"inLanguage":"fr-FR"},{"@type":"WebPage","@id":"https:\/\/www.fcgueugnon.fr\/site\/national-3-la-preparation-du-fcg-a-debute-ce-mercredi-face-au-fc-chamalieres\/5769","url":"https:\/\/www.fcgueugnon.fr\/site\/national-3-la-preparation-du-fcg-a-debute-ce-mercredi-face-au-fc-chamalieres\/5769","name":"[National 3] La pr\u00e9paration du FCG a d\u00e9but\u00e9 ce mercredi face au FC Chamali\u00e8res &#8226; FOOTBALL CLUB GUEUGNON","isPartOf":{"@id":"https:\/\/www.fcgueugnon.fr\/site\/#website"},"primaryImageOfPage":{"@id":"https:\/\/www.fcgueugnon.fr\/site\/national-3-la-preparation-du-fcg-a-debute-ce-mercredi-face-au-fc-chamalieres\/5769#primaryimage"},"image":{"@id":"https:\/\/www.fcgueugnon.fr\/site\/national-3-la-preparation-du-fcg-a-debute-ce-mercredi-face-au-fc-chamalieres\/5769#primaryimage"},"thumbnailUrl":"https:\/\/www.fcgueugnon.fr\/site\/wp-content\/uploads\/2023\/08\/FC-Chamalieres-FC-Gueugnon.jpg","datePublished":"2023-08-03T14:21:45+00:00","dateModified":"2023-08-03T19:41:48+00:00","breadcrumb":{"@id":"https:\/\/www.fcgueugnon.fr\/site\/national-3-la-preparation-du-fcg-a-debute-ce-mercredi-face-au-fc-chamalieres\/5769#breadcrumb"},"inLanguage":"fr-FR","potentialAction":[{"@type":"ReadAction","target":["https:\/\/www.fcgueugnon.fr\/site\/national-3-la-preparation-du-fcg-a-debute-ce-mercredi-face-au-fc-chamalieres\/5769"]}]},{"@type":"ImageObject","inLanguage":"fr-FR","@id":"https:\/\/www.fcgueugnon.fr\/site\/national-3-la-preparation-du-fcg-a-debute-ce-mercredi-face-au-fc-chamalieres\/5769#primaryimage","url":"https:\/\/www.fcgueugnon.fr\/site\/wp-content\/uploads\/2023\/08\/FC-Chamalieres-FC-Gueugnon.jpg","contentUrl":"https:\/\/www.fcgueugnon.fr\/site\/wp-content\/uploads\/2023\/08\/FC-Chamalieres-FC-Gueugnon.jpg","width":1536,"height":2048},{"@type":"BreadcrumbList","@id":"https:\/\/www.fcgueugnon.fr\/site\/national-3-la-preparation-du-fcg-a-debute-ce-mercredi-face-au-fc-chamalieres\/5769#breadcrumb","itemListElement":[{"@type":"ListItem","position":1,"name":"Accueil","item":"https:\/\/www.fcgueugnon.fr\/site\/"},{"@type":"ListItem","position":2,"name":"[National 3] La pr\u00e9paration du FCG a d\u00e9but\u00e9 ce mercredi face au FC Chamali\u00e8res"}]},{"@type":"WebSite","@id":"https:\/\/www.fcgueugnon.fr\/site\/#website","url":"https:\/\/www.fcgueugnon.fr\/site\/","name":"FOOTBALL CLUB GUEUGNON","description":"Le Site Officiel des Forgerons","publisher":{"@id":"https:\/\/www.fcgueugnon.fr\/site\/#organization"},"potentialAction":[{"@type":"SearchAction","target":{"@type":"EntryPoint","urlTemplate":"https:\/\/www.fcgueugnon.fr\/site\/?s={search_term_string}"},"query-input":{"@type":"PropertyValueSpecification","valueRequired":true,"valueName":"search_term_string"}}],"inLanguage":"fr-FR"},{"@type":"Organization","@id":"https:\/\/www.fcgueugnon.fr\/site\/#organization","name":"FC Gueugnon","url":"https:\/\/www.fcgueugnon.fr\/site\/","logo":{"@type":"ImageObject","inLanguage":"fr-FR","@id":"https:\/\/www.fcgueugnon.fr\/site\/#\/schema\/logo\/image\/","url":"https:\/\/www.fcgueugnon.fr\/site\/wp-content\/uploads\/2022\/07\/cropped-Logo-FCGUEUGNON-low-350x350-1.png","contentUrl":"https:\/\/www.fcgueugnon.fr\/site\/wp-content\/uploads\/2022\/07\/cropped-Logo-FCGUEUGNON-low-350x350-1.png","width":350,"height":350,"caption":"FC Gueugnon"},"image":{"@id":"https:\/\/www.fcgueugnon.fr\/site\/#\/schema\/logo\/image\/"},"sameAs":["http:\/\/facebook.com\/FCGueugnon","https:\/\/x.com\/FCGueugnon_off","https:\/\/www.instagram.com\/fcgueugnon\/","https:\/\/www.linkedin.com\/company\/football-club-de-gueugnon\/","https:\/\/www.youtube.com\/user\/FCGueugnonnais","https:\/\/fr.wikipedia.org\/wiki\/Football_Club_de_Gueugnon"]},{"@type":"Person","@id":"https:\/\/www.fcgueugnon.fr\/site\/#\/schema\/person\/829630bfb5d6f3ebe4d296b75687c01a","name":"FC Gueugnon","url":"https:\/\/www.fcgueugnon.fr\/site\/author\/g-avin1"}]}},"rttpg_featured_image_url":{"full":["https:\/\/www.fcgueugnon.fr\/site\/wp-content\/uploads\/2023\/08\/FC-Chamalieres-FC-Gueugnon.jpg",1536,2048,false],"landscape":["https:\/\/www.fcgueugnon.fr\/site\/wp-content\/uploads\/2023\/08\/FC-Chamalieres-FC-Gueugnon.jpg",1536,2048,false],"portraits":["https:\/\/www.fcgueugnon.fr\/site\/wp-content\/uploads\/2023\/08\/FC-Chamalieres-FC-Gueugnon.jpg",1536,2048,false],"thumbnail":["https:\/\/www.fcgueugnon.fr\/site\/wp-content\/uploads\/2023\/08\/FC-Chamalieres-FC-Gueugnon-150x150.jpg",150,150,true],"medium":["https:\/\/www.fcgueugnon.fr\/site\/wp-content\/uploads\/2023\/08\/FC-Chamalieres-FC-Gueugnon-300x400.jpg",300,400,true],"large":["https:\/\/www.fcgueugnon.fr\/site\/wp-content\/uploads\/2023\/08\/FC-Chamalieres-FC-Gueugnon-768x1024.jpg",768,1024,true],"1536x1536":["https:\/\/www.fcgueugnon.fr\/site\/wp-content\/uploads\/2023\/08\/FC-Chamalieres-FC-Gueugnon-1152x1536.jpg",1152,1536,true],"2048x2048":["https:\/\/www.fcgueugnon.fr\/site\/wp-content\/uploads\/2023\/08\/FC-Chamalieres-FC-Gueugnon.jpg",1536,2048,false]},"rttpg_author":{"display_name":"FC Gueugnon","author_link":"https:\/\/www.fcgueugnon.fr\/site\/author\/g-avin1"},"rttpg_comment":0,"rttpg_category":"<a href=\"https:\/\/www.fcgueugnon.fr\/site\/category\/news\" rel=\"category tag\">News<\/a> <a href=\"https:\/\/www.fcgueugnon.fr\/site\/category\/news\/news-2023-2024\" rel=\"category tag\">News 2023\/2024<\/a>","rttpg_excerpt":"Pour sa premi\u00e8re sortie de la saison, le FC Gueugnon s&rsquo;est inclin\u00e9 d&rsquo;un but face au FC Chamali\u00e8res. Tout le groupe a eu l&rsquo;occasion d&rsquo;engranger du temps de jeu et de se jauger face \u00e0 un adversaire qui \u00e9voluera \u00e0 l&rsquo;\u00e9chelon sup\u00e9rieur. 18 jours apr\u00e8s la reprise de l&rsquo;entra\u00eenement, les forgerons disputaient ce mercredi leur\u2026","_links":{"self":[{"href":"https:\/\/www.fcgueugnon.fr\/site\/wp-json\/wp\/v2\/posts\/5769","targetHints":{"allow":["GET"]}}],"collection":[{"href":"https:\/\/www.fcgueugnon.fr\/site\/wp-json\/wp\/v2\/posts"}],"about":[{"href":"https:\/\/www.fcgueugnon.fr\/site\/wp-json\/wp\/v2\/types\/post"}],"author":[{"embeddable":true,"href":"https:\/\/www.fcgueugnon.fr\/site\/wp-json\/wp\/v2\/users\/3"}],"replies":[{"embeddable":true,"href":"https:\/\/www.fcgueugnon.fr\/site\/wp-json\/wp\/v2\/comments?post=5769"}],"version-history":[{"count":4,"href":"https:\/\/www.fcgueugnon.fr\/site\/wp-json\/wp\/v2\/posts\/5769\/revisions"}],"predecessor-version":[{"id":5787,"href":"https:\/\/www.fcgueugnon.fr\/site\/wp-json\/wp\/v2\/posts\/5769\/revisions\/5787"}],"wp:featuredmedia":[{"embeddable":true,"href":"https:\/\/www.fcgueugnon.fr\/site\/wp-json\/wp\/v2\/media\/5770"}],"wp:attachment":[{"href":"https:\/\/www.fcgueugnon.fr\/site\/wp-json\/wp\/v2\/media?parent=5769"}],"wp:term":[{"taxonomy":"category","embeddable":true,"href":"https:\/\/www.fcgueugnon.fr\/site\/wp-json\/wp\/v2\/categories?post=5769"},{"taxonomy":"post_tag","embeddable":true,"href":"https:\/\/www.fcgueugnon.fr\/site\/wp-json\/wp\/v2\/tags?post=5769"}],"curies":[{"name":"wp","href":"https:\/\/api.w.org\/{rel}","templated":true}]}}